{"id":605585,"date":"2025-08-28T09:00:44","date_gmt":"2025-08-28T07:00:44","guid":{"rendered":"https:\/\/dicodusport.fr\/blog\/?p=605585&#038;preview=true&#038;preview_id=605585"},"modified":"2025-08-28T10:02:19","modified_gmt":"2025-08-28T08:02:19","slug":"wwe-clash-in-paris-la-tournee-dadieux-de-john-cena-fait-escale-en-france","status":"publish","type":"post","link":"https:\/\/dicodusport.fr\/blog\/wwe-clash-in-paris-la-tournee-dadieux-de-john-cena-fait-escale-en-france\/","title":{"rendered":"WWE Clash in Paris : La tourn\u00e9e d&rsquo;adieux de John Cena fait escale en France"},"content":{"rendered":"<h4 style=\"text-align: justify;\"><em>CATCH &#8211; La WWE organise ce dimanche Clash in Paris \u00e0 la Paris La D\u00e9fense Arena. John Cena, l\u00e9gende de la f\u00e9d\u00e9ration, sera pr\u00e9sent, quelques semaines avant sa retraite.<\/em><\/h4>\n<ul style=\"text-align: justify;\">\n<li><strong>\u00c0 lire aussi &#8211; <a href=\"https:\/\/dicodusport.fr\/blog\/wwe-clash-in-paris-smackdown-et-raw-liste-des-combats-dates-heure-et-chaine-tv\/\">WWE Clash in Paris, SmackDown et Raw : Liste des combats, Dates, Heure et Cha\u00eene TV<\/a><\/strong><\/li>\n<\/ul>\n<h2 style=\"text-align: justify;\">Idole d&rsquo;une g\u00e9n\u00e9ration<\/h2>\n<p style=\"text-align: justify;\">Catcheur le plus connu chez la g\u00e9n\u00e9ration Z,<strong> John Cena<\/strong> a marqu\u00e9 de nombreux adolescents dans les ann\u00e9es 2000 et 2010 lors des \u00e9missions Catch Attack puis Puissance Catch sur NT1 et AB1. 17 fois champion du monde, <strong>Cena<\/strong> est \u00e9galement connu pour sa carri\u00e8re \u00e0 <strong>Hollywood<\/strong> puisqu&rsquo;il a jou\u00e9 dans de nombreux films, \u00e0 commencer par <em>The Marine<\/em>. \u00c0 48 ans, il quittera l&rsquo;industrie du catch \u00e0 la fin de l&rsquo;ann\u00e9e, 23 ans apr\u00e8s ses d\u00e9buts dans le <em>roster<\/em> principal de la WWE. Pour l&rsquo;occasion, le lutteur a entam\u00e9 une tourn\u00e9e d&rsquo;adieux d\u00e9but f\u00e9vrier. Celle-ci, compos\u00e9e de trente-six dates, fera escale en France \u00e0 l&rsquo;occasion de <strong>WWE SmackDown<\/strong> (vendredi 29 ao\u00fbt \u00e0 Lyon) puis de <strong>WWE Clash in Paris<\/strong> (dimanche 31 ao\u00fbt \u00e0 Paris), le premier <em>Premium Live Event<\/em> de l&rsquo;histoire de la f\u00e9d\u00e9ration dans la capitale.<\/p>\n<p style=\"text-align: justify;\">Au terme de ces deux dates, il ne lui restera que huit apparitions qui s&rsquo;\u00e9tendront entre le mois de septembre et le mois de d\u00e9cembre. Certaines sont d\u00e9j\u00e0 connues puisqu&rsquo;il devrait combattre lors des prochains PLE que sont <strong>Wrestlepalooza, Crown Jewel<\/strong> (en Australie) et<strong> Survivor Series<\/strong>. C&rsquo;est sans doute lors de l&rsquo;un de ces shows qu&rsquo;il affrontera pour la derni\u00e8re fois <strong>Brock Lesnar<\/strong> revenu le mois dernier pour l&rsquo;attaquer alors que leur rivalit\u00e9 avait marqu\u00e9 les ann\u00e9es 2010. \u00c0 Paris cependant, l&rsquo;ancien combattant de l&rsquo;UFC ne sera pas pr\u00e9sent puisque <strong>John Cena<\/strong> croisera la route de <strong>Logan Paul<\/strong>.<\/p>\n<h2 style=\"text-align: justify;\">Un honneur \u00e0 d\u00e9fendre face \u00e0 Logan Paul<\/h2>\n<p style=\"text-align: justify;\">L&rsquo;influenceur cumule plus de 50 millions d&rsquo;abonn\u00e9s sur <strong><a href=\"https:\/\/www.youtube.com\/channel\/UCG8rbF3g2AMX70yOd8vqIZg\">Youtube<\/a><\/strong> et <a href=\"https:\/\/www.instagram.com\/loganpaul\/\"><strong>Instagram<\/strong><\/a>. Apr\u00e8s s&rsquo;\u00eatre fait conna\u00eetre pour ses vid\u00e9os humoristiques avec son fr\u00e8re <strong>Jake<\/strong>, d\u00e9sormais converti \u00e0 la boxe, <strong>Logan<\/strong> a pris la direction des rings lui aussi et a effectu\u00e9 son premier combat en 2022 sur la sc\u00e8ne de<strong> WrestleMania<\/strong>, l&rsquo;\u00e9v\u00e9nement le plus important de l&rsquo;ann\u00e9e. Depuis, il n&rsquo;a cess\u00e9 d&rsquo;impressionner par son travail \u00e0 l&rsquo;entra\u00eenement et s&rsquo;est vu offrir de belles opportunit\u00e9s devenant notamment <strong>Champion des Etats-Unis<\/strong> en 2023.<\/p>\n<p style=\"text-align: justify;\">La rencontre est devenue officielle le 8 ao\u00fbt dernier, lorsque \u00e0 <strong>SmackDown<\/strong>, quelques jours apr\u00e8s avoir \u00e9t\u00e9 attaqu\u00e9 par<strong> Brock Lesnar, Cena<\/strong> expliquait au micro que si <strong>Lesnar<\/strong> voulait se battre, il n&rsquo;avait qu&rsquo;\u00e0 venir le chercher et que quiconque voulait le battre n&rsquo;avait qu&rsquo;\u00e0 se pr\u00e9senter sur le ring. C&rsquo;est alors que la musique d&rsquo;entr\u00e9e de <strong>Paul<\/strong> a r\u00e9sonn\u00e9 et qu&rsquo;apr\u00e8s quelques provocations au micro et quelques coups dans le dos la rencontre est devenue officielle.<\/p>\n<p style=\"text-align: justify;\">En marge de l&rsquo;affrontement de dimanche, <strong>John Cena<\/strong> sera \u00e9galement pr\u00e9sent ce vendredi \u00e0 Lyon pour<strong> SmackDown<\/strong>. L&rsquo;homme aux dix-sept titres majeurs a d&rsquo;ailleurs post\u00e9 une vid\u00e9o sur Instagram en s&rsquo;adressant au public lyonnais qu&rsquo;il qualifie de \u00ab <em>plus grand public de l&rsquo;histoire de la WWE<\/em> \u00bb en r\u00e9f\u00e9rence \u00e0 l&rsquo;ambiance exceptionnelle dans la LDLC Arena lors de <strong>Backlash<\/strong> l&rsquo;an dernier, le premier PLE de l&rsquo;histoire de la WWE en France. Nul doute que le public de Lyon et de Paris saura accueillir <strong>John Cena<\/strong> tout en sachant qu&rsquo;il s&rsquo;agira de la derni\u00e8re fois qu&rsquo;il aura l&rsquo;occasion de le voir combattre dans l&rsquo;Hexagone.<\/p>\n<ul style=\"text-align: justify;\">\n<li><strong>\u00c0 ce sujet : <a class=\"row-title\" href=\"https:\/\/dicodusport.fr\/blog\/tom-la-ruffa-ex-catcheur-de-la-wwe-la-france-est-un-excellent-marche-pour-la-wwe\/\" aria-label=\"\u00ab\u00a0Tom La Ruffa (ex-catcheur de la WWE) : \u00ab\u00a0La France est un excellent march\u00e9 pour la WWE\u00a0\u00bb\u00a0\u00bb (Modifier)\">Tom La Ruffa (ex-catcheur de la WWE) : \u00ab\u00a0La France est un excellent march\u00e9 pour la WWE\u00a0\u00bb<\/a><\/strong><\/li>\n<\/ul>\n<blockquote class=\"instagram-media\" style=\"background: #FFF; border: 0; border-radius: 3px; box-shadow: 0 0 1px 0 rgba(0,0,0,0.5),0 1px 10px 0 rgba(0,0,0,0.15); margin: 1px; max-width: 540px; min-width: 326px; padding: 0; width: calc(100% - 2px);\" data-instgrm-captioned=\"\" data-instgrm-permalink=\"https:\/\/www.instagram.com\/reel\/DNr8twBWEf4\/?utm_source=ig_embed&amp;utm_campaign=loading\" data-instgrm-version=\"14\">\n<div style=\"padding: 16px;\">\n<p>&nbsp;<\/p>\n<div style=\"display: flex; flex-direction: row; align-items: center;\">\n<div style=\"background-color: #f4f4f4; border-radius: 50%; flex-grow: 0; height: 40px; margin-right: 14px; width: 40px;\"><\/div>\n<div style=\"display: flex; flex-direction: column; flex-grow: 1; justify-content: center;\">\n<div style=\"background-color: #f4f4f4; border-radius: 4px; flex-grow: 0; height: 14px; margin-bottom: 6px; width: 100px;\"><\/div>\n<div style=\"background-color: #f4f4f4; border-radius: 4px; flex-grow: 0; height: 14px; width: 60px;\"><\/div>\n<\/div>\n<\/div>\n<div style=\"padding: 19% 0;\"><\/div>\n<div style=\"display: block; height: 50px; margin: 0 auto 12px; width: 50px;\"><\/div>\n<div style=\"padding-top: 8px;\">\n<div style=\"color: #3897f0; font-family: Arial,sans-serif; font-size: 14px; font-style: normal; font-weight: 550; line-height: 18px;\">Voir cette publication sur Instagram<\/div>\n<\/div>\n<div style=\"padding: 12.5% 0;\"><\/div>\n<div style=\"display: flex; flex-direction: row; margin-bottom: 14px; align-items: center;\">\n<div>\n<div style=\"background-color: #f4f4f4; border-radius: 50%; height: 12.5px; width: 12.5px; transform: translateX(0px) translateY(7px);\"><\/div>\n<div style=\"background-color: #f4f4f4; height: 12.5px; transform: rotate(-45deg) translateX(3px) translateY(1px); width: 12.5px; flex-grow: 0; margin-right: 14px; margin-left: 2px;\"><\/div>\n<div style=\"background-color: #f4f4f4; border-radius: 50%; height: 12.5px; width: 12.5px; transform: translateX(9px) translateY(-18px);\"><\/div>\n<\/div>\n<div style=\"margin-left: 8px;\">\n<div style=\"background-color: #f4f4f4; border-radius: 50%; flex-grow: 0; height: 20px; width: 20px;\"><\/div>\n<div style=\"width: 0; height: 0; border-top: 2px solid transparent; border-left: 6px solid #f4f4f4; border-bottom: 2px solid transparent; transform: translateX(16px) translateY(-4px) rotate(30deg);\"><\/div>\n<\/div>\n<div style=\"margin-left: auto;\">\n<div style=\"width: 0px; border-top: 8px solid #F4F4F4; border-right: 8px solid transparent; transform: translateY(16px);\"><\/div>\n<div style=\"background-color: #f4f4f4; flex-grow: 0; height: 12px; width: 16px; transform: translateY(-4px);\"><\/div>\n<div style=\"width: 0; height: 0; border-top: 8px solid #F4F4F4; border-left: 8px solid transparent; transform: translateY(-4px) translateX(8px);\"><\/div>\n<\/div>\n<\/div>\n<div style=\"display: flex; flex-direction: column; flex-grow: 1; justify-content: center; margin-bottom: 24px;\">\n<div style=\"background-color: #f4f4f4; border-radius: 4px; flex-grow: 0; height: 14px; margin-bottom: 6px; width: 224px;\"><\/div>\n<div style=\"background-color: #f4f4f4; border-radius: 4px; flex-grow: 0; height: 14px; width: 144px;\"><\/div>\n<\/div>\n<p>&nbsp;<\/p>\n<p style=\"color: #c9c8cd; font-family: Arial,sans-serif; font-size: 14px; line-height: 17px; margin-bottom: 0; margin-top: 8px; overflow: hidden; padding: 8px 0 7px; text-align: center; text-overflow: ellipsis; white-space: nowrap;\"><a style=\"color: #c9c8cd; font-family: Arial,sans-serif; font-size: 14px; font-style: normal; font-weight: normal; line-height: 17px; text-decoration: none;\" href=\"https:\/\/www.instagram.com\/reel\/DNr8twBWEf4\/?utm_source=ig_embed&amp;utm_campaign=loading\" target=\"_blank\" rel=\"noopener\">Une publication partag\u00e9e par WWE France (@wwefrance)<\/a><\/p>\n<\/div>\n<\/blockquote>\n<p style=\"text-align: justify;\"><script async src=\"\/\/www.instagram.com\/embed.js\"><\/script><\/p>\n<h2 style=\"text-align: justify;\">Voir \u00e9galement : Les meilleurs moments de l&rsquo;ambiance mise par le public \u00e0 Lyon lors de Backlash<\/h2>\n<p style=\"text-align: justify;\"><iframe loading=\"lazy\" title=\"YouTube video player\" src=\"https:\/\/www.youtube.com\/embed\/fbLv_V8hohw?si=HmImktnIuivkYztS\" width=\"560\" height=\"315\" frameborder=\"0\" allowfullscreen=\"allowfullscreen\"><\/iframe><\/p>\n","protected":false},"excerpt":{"rendered":"<p>CATCH &#8211; La WWE est de retour en France ce week-end avec SmackDown \u00e0 Lyon vendredi suivi de Clash in Paris et Raw \u00e0 Paris dimanche et lundi.<\/p>\n","protected":false},"author":91,"featured_media":605751,"comment_status":"open","ping_status":"closed","sticky":false,"template":"","format":"standard","meta":{"_acf_changed":false,"_daextam_enable_autolinks":"1","footnotes":""},"categories":[43973],"tags":[16878,8533,9061],"class_list":["post-605585","post","type-post","status-publish","format-standard","has-post-thumbnail","hentry","category-catch","tag-breve","tag-catch","tag-wwe"],"acf":[],"yoast_head":"<!-- This site is optimized with the Yoast SEO Premium plugin v26.7 (Yoast SEO v26.7) - https:\/\/yoast.com\/wordpress\/plugins\/seo\/ -->\n<title>WWE Clash in Paris : La tourn\u00e9e d&#039;adieux de John Cena fait escale en France<\/title>\n<meta name=\"description\" content=\"CATCH - La WWE est de retour en France \u00e0 partir de vendredi avec SmackDown \u00e0 Lyon suivi de Clash in Paris et Raw \u00e0 Paris.\" \/>\n<meta name=\"robots\" content=\"index, follow, max-snippet:-1, max-image-preview:large, max-video-preview:-1\" \/>\n<link rel=\"canonical\" href=\"https:\/\/dicodusport.fr\/blog\/wwe-clash-in-paris-la-tournee-dadieux-de-john-cena-fait-escale-en-france\/\" \/>\n<meta property=\"og:locale\" content=\"fr_FR\" \/>\n<meta property=\"og:type\" content=\"article\" \/>\n<meta property=\"og:title\" content=\"WWE Clash in Paris : La tourn\u00e9e d&#039;adieux de John Cena fait escale en France\" \/>\n<meta property=\"og:description\" content=\"CATCH - La WWE est de retour en France \u00e0 partir de vendredi avec SmackDown \u00e0 Lyon suivi de Clash in Paris et Raw \u00e0 Paris.\" \/>\n<meta property=\"og:url\" content=\"https:\/\/dicodusport.fr\/blog\/wwe-clash-in-paris-la-tournee-dadieux-de-john-cena-fait-escale-en-france\/\" \/>\n<meta property=\"og:site_name\" content=\"Dicodusport\" \/>\n<meta property=\"article:publisher\" content=\"https:\/\/www.facebook.com\/dicodusport\" \/>\n<meta property=\"article:published_time\" content=\"2025-08-28T07:00:44+00:00\" \/>\n<meta property=\"article:modified_time\" content=\"2025-08-28T08:02:19+00:00\" \/>\n<meta property=\"og:image\" content=\"https:\/\/dicodusport.fr\/blog\/wp-content\/uploads\/2025\/08\/WWE-Clash-in-Paris-La-tournee-dadieux-de-John-Cena-fait-escale-en-France.png\" \/>\n\t<meta property=\"og:image:width\" content=\"1200\" \/>\n\t<meta property=\"og:image:height\" content=\"674\" \/>\n\t<meta property=\"og:image:type\" content=\"image\/png\" \/>\n<meta name=\"author\" content=\"Victor Clot-Amiot\" \/>\n<meta name=\"twitter:card\" content=\"summary_large_image\" \/>\n<meta name=\"twitter:title\" content=\"WWE Clash in Paris : La tourn\u00e9e d&#039;adieux de John Cena fait escale en France\" \/>\n<meta name=\"twitter:creator\" content=\"@https:\/\/x.com\/VictorClotAmiot\" \/>\n<meta name=\"twitter:site\" content=\"@dicodusport\" \/>\n<script type=\"application\/ld+json\" class=\"yoast-schema-graph\">{\"@context\":\"https:\/\/schema.org\",\"@graph\":[{\"@type\":\"NewsArticle\",\"@id\":\"https:\/\/dicodusport.fr\/blog\/wwe-clash-in-paris-la-tournee-dadieux-de-john-cena-fait-escale-en-france\/#article\",\"isPartOf\":{\"@id\":\"https:\/\/dicodusport.fr\/blog\/wwe-clash-in-paris-la-tournee-dadieux-de-john-cena-fait-escale-en-france\/\"},\"author\":{\"name\":\"Victor Clot-Amiot\",\"@id\":\"https:\/\/dicodusport.fr\/blog\/#\/schema\/person\/b623199cba9ba90fe84a3d16e9282360\"},\"headline\":\"WWE Clash in Paris : La tourn\u00e9e d&rsquo;adieux de John Cena fait escale en France\",\"datePublished\":\"2025-08-28T07:00:44+00:00\",\"dateModified\":\"2025-08-28T08:02:19+00:00\",\"mainEntityOfPage\":{\"@id\":\"https:\/\/dicodusport.fr\/blog\/wwe-clash-in-paris-la-tournee-dadieux-de-john-cena-fait-escale-en-france\/\"},\"wordCount\":684,\"commentCount\":0,\"publisher\":{\"@id\":\"https:\/\/dicodusport.fr\/blog\/#organization\"},\"image\":{\"@id\":\"https:\/\/dicodusport.fr\/blog\/wwe-clash-in-paris-la-tournee-dadieux-de-john-cena-fait-escale-en-france\/#primaryimage\"},\"thumbnailUrl\":\"https:\/\/dicodusport.fr\/blog\/wp-content\/uploads\/2025\/08\/WWE-Clash-in-Paris-La-tournee-dadieux-de-John-Cena-fait-escale-en-France.png\",\"keywords\":[\"br\u00e8ve\",\"Catch\",\"WWE\"],\"articleSection\":[\"Catch\"],\"inLanguage\":\"fr-FR\",\"potentialAction\":[{\"@type\":\"CommentAction\",\"name\":\"Comment\",\"target\":[\"https:\/\/dicodusport.fr\/blog\/wwe-clash-in-paris-la-tournee-dadieux-de-john-cena-fait-escale-en-france\/#respond\"]}],\"copyrightYear\":\"2025\",\"copyrightHolder\":{\"@id\":\"https:\/\/dicodusport.fr\/blog\/#organization\"}},{\"@type\":\"WebPage\",\"@id\":\"https:\/\/dicodusport.fr\/blog\/wwe-clash-in-paris-la-tournee-dadieux-de-john-cena-fait-escale-en-france\/\",\"url\":\"https:\/\/dicodusport.fr\/blog\/wwe-clash-in-paris-la-tournee-dadieux-de-john-cena-fait-escale-en-france\/\",\"name\":\"WWE Clash in Paris : La tourn\u00e9e d'adieux de John Cena fait escale en France\",\"isPartOf\":{\"@id\":\"https:\/\/dicodusport.fr\/blog\/#website\"},\"primaryImageOfPage\":{\"@id\":\"https:\/\/dicodusport.fr\/blog\/wwe-clash-in-paris-la-tournee-dadieux-de-john-cena-fait-escale-en-france\/#primaryimage\"},\"image\":{\"@id\":\"https:\/\/dicodusport.fr\/blog\/wwe-clash-in-paris-la-tournee-dadieux-de-john-cena-fait-escale-en-france\/#primaryimage\"},\"thumbnailUrl\":\"https:\/\/dicodusport.fr\/blog\/wp-content\/uploads\/2025\/08\/WWE-Clash-in-Paris-La-tournee-dadieux-de-John-Cena-fait-escale-en-France.png\",\"datePublished\":\"2025-08-28T07:00:44+00:00\",\"dateModified\":\"2025-08-28T08:02:19+00:00\",\"description\":\"CATCH - La WWE est de retour en France \u00e0 partir de vendredi avec SmackDown \u00e0 Lyon suivi de Clash in Paris et Raw \u00e0 Paris.\",\"breadcrumb\":{\"@id\":\"https:\/\/dicodusport.fr\/blog\/wwe-clash-in-paris-la-tournee-dadieux-de-john-cena-fait-escale-en-france\/#breadcrumb\"},\"inLanguage\":\"fr-FR\",\"potentialAction\":[{\"@type\":\"ReadAction\",\"target\":[\"https:\/\/dicodusport.fr\/blog\/wwe-clash-in-paris-la-tournee-dadieux-de-john-cena-fait-escale-en-france\/\"]}]},{\"@type\":\"ImageObject\",\"inLanguage\":\"fr-FR\",\"@id\":\"https:\/\/dicodusport.fr\/blog\/wwe-clash-in-paris-la-tournee-dadieux-de-john-cena-fait-escale-en-france\/#primaryimage\",\"url\":\"https:\/\/dicodusport.fr\/blog\/wp-content\/uploads\/2025\/08\/WWE-Clash-in-Paris-La-tournee-dadieux-de-John-Cena-fait-escale-en-France.png\",\"contentUrl\":\"https:\/\/dicodusport.fr\/blog\/wp-content\/uploads\/2025\/08\/WWE-Clash-in-Paris-La-tournee-dadieux-de-John-Cena-fait-escale-en-France.png\",\"width\":1200,\"height\":674,\"caption\":\"WWE Clash in Paris La tourn\u00e9e d'adieux de John Cena fait escale en France\"},{\"@type\":\"BreadcrumbList\",\"@id\":\"https:\/\/dicodusport.fr\/blog\/wwe-clash-in-paris-la-tournee-dadieux-de-john-cena-fait-escale-en-france\/#breadcrumb\",\"itemListElement\":[{\"@type\":\"ListItem\",\"position\":1,\"name\":\"Accueil\",\"item\":\"https:\/\/dicodusport.fr\/blog\/\"},{\"@type\":\"ListItem\",\"position\":2,\"name\":\"WWE Clash in Paris : La tourn\u00e9e d&rsquo;adieux de John Cena fait escale en France\"}]},{\"@type\":\"WebSite\",\"@id\":\"https:\/\/dicodusport.fr\/blog\/#website\",\"url\":\"https:\/\/dicodusport.fr\/blog\/\",\"name\":\"Dicodusport\",\"description\":\"L&#039;encyclop\u00e9die de l&#039;actualit\u00e9 sportive\",\"publisher\":{\"@id\":\"https:\/\/dicodusport.fr\/blog\/#organization\"},\"potentialAction\":[{\"@type\":\"SearchAction\",\"target\":{\"@type\":\"EntryPoint\",\"urlTemplate\":\"https:\/\/dicodusport.fr\/blog\/?s={search_term_string}\"},\"query-input\":{\"@type\":\"PropertyValueSpecification\",\"valueRequired\":true,\"valueName\":\"search_term_string\"}}],\"inLanguage\":\"fr-FR\"},{\"@type\":\"NewsMediaOrganization\",\"@id\":\"https:\/\/dicodusport.fr\/blog\/#organization\",\"name\":\"Dicodusport\",\"url\":\"https:\/\/dicodusport.fr\/blog\/\",\"logo\":{\"@type\":\"ImageObject\",\"inLanguage\":\"fr-FR\",\"@id\":\"https:\/\/dicodusport.fr\/blog\/#\/schema\/logo\/image\/\",\"url\":\"https:\/\/dicodusport.fr\/blog\/wp-content\/uploads\/2020\/06\/cropped-LOGO-DICODUSPORT-2020-SANS-FOND-SANS-TEXTE.png\",\"contentUrl\":\"https:\/\/dicodusport.fr\/blog\/wp-content\/uploads\/2020\/06\/cropped-LOGO-DICODUSPORT-2020-SANS-FOND-SANS-TEXTE.png\",\"width\":512,\"height\":512,\"caption\":\"Dicodusport\"},\"image\":{\"@id\":\"https:\/\/dicodusport.fr\/blog\/#\/schema\/logo\/image\/\"},\"sameAs\":[\"https:\/\/www.facebook.com\/dicodusport\",\"https:\/\/x.com\/dicodusport\",\"https:\/\/www.instagram.com\/dicodusport\/\",\"https:\/\/www.youtube.com\/channel\/UC7V2KZ5sd3htJivAbA4ZG3w\"],\"description\":\"Dicodusport est l'encyclop\u00e9die de l'actualit\u00e9 sportive.\",\"email\":\"bonjour@dicodusport.fr\",\"legalName\":\"DICODUSPORT\",\"foundingDate\":\"2018-01-14\",\"vatID\":\"FR71834470973\",\"taxID\":\"83447097300043\",\"numberOfEmployees\":{\"@type\":\"QuantitativeValue\",\"minValue\":\"1\",\"maxValue\":\"10\"}},{\"@type\":\"Person\",\"@id\":\"https:\/\/dicodusport.fr\/blog\/#\/schema\/person\/b623199cba9ba90fe84a3d16e9282360\",\"name\":\"Victor Clot-Amiot\",\"image\":{\"@type\":\"ImageObject\",\"inLanguage\":\"fr-FR\",\"@id\":\"https:\/\/dicodusport.fr\/blog\/#\/schema\/person\/image\/\",\"url\":\"https:\/\/dicodusport.fr\/blog\/wp-content\/uploads\/2023\/09\/IMG_20190826_114722-150x150.jpg\",\"contentUrl\":\"https:\/\/dicodusport.fr\/blog\/wp-content\/uploads\/2023\/09\/IMG_20190826_114722-150x150.jpg\",\"caption\":\"Victor Clot-Amiot\"},\"description\":\"Passionn\u00e9 de sport depuis toujours, un jour \u00e0 l'adolescence mes parents m'ont dit : \\\"quitte \u00e0 passer ton temps \u00e0 regarder du sport, au moins va le voir en vrai\\\" ! Depuis, cette remarque ne m'a plus quitt\u00e9 et je passe une grande partie de mon temps libre \u00e0 assister \u00e0 des comp\u00e9titions de tous sports. Je m\u00eale d'ailleurs mes deux passions, le sport et les voyages afin de faire une pierre deux coups ! Outre l'US Open ou l'Euro 2021 par exemple, j'ai assist\u00e9 cet \u00e9t\u00e9 aux Mondiaux d'athl\u00e9tisme \u00e0 Budapest. Mon plus gros coup dur est et restera les JO 2020-2021 pour lesquels j'avais r\u00e9serv\u00e9 17 \u00e9preuves. La suite, vous la connaissez...\",\"sameAs\":[\"https:\/\/x.com\/https:\/\/x.com\/VictorClotAmiot\"],\"url\":\"https:\/\/dicodusport.fr\/blog\/author\/victor-clot-amiot\/\"}]}<\/script>\n<!-- \/ Yoast SEO Premium plugin. -->","yoast_head_json":{"title":"WWE Clash in Paris : La tourn\u00e9e d'adieux de John Cena fait escale en France","description":"CATCH - La WWE est de retour en France \u00e0 partir de vendredi avec SmackDown \u00e0 Lyon suivi de Clash in Paris et Raw \u00e0 Paris.","robots":{"index":"index","follow":"follow","max-snippet":"max-snippet:-1","max-image-preview":"max-image-preview:large","max-video-preview":"max-video-preview:-1"},"canonical":"https:\/\/dicodusport.fr\/blog\/wwe-clash-in-paris-la-tournee-dadieux-de-john-cena-fait-escale-en-france\/","og_locale":"fr_FR","og_type":"article","og_title":"WWE Clash in Paris : La tourn\u00e9e d'adieux de John Cena fait escale en France","og_description":"CATCH - La WWE est de retour en France \u00e0 partir de vendredi avec SmackDown \u00e0 Lyon suivi de Clash in Paris et Raw \u00e0 Paris.","og_url":"https:\/\/dicodusport.fr\/blog\/wwe-clash-in-paris-la-tournee-dadieux-de-john-cena-fait-escale-en-france\/","og_site_name":"Dicodusport","article_publisher":"https:\/\/www.facebook.com\/dicodusport","article_published_time":"2025-08-28T07:00:44+00:00","article_modified_time":"2025-08-28T08:02:19+00:00","og_image":[{"width":1200,"height":674,"url":"https:\/\/dicodusport.fr\/blog\/wp-content\/uploads\/2025\/08\/WWE-Clash-in-Paris-La-tournee-dadieux-de-John-Cena-fait-escale-en-France.png","type":"image\/png"}],"author":"Victor Clot-Amiot","twitter_card":"summary_large_image","twitter_title":"WWE Clash in Paris : La tourn\u00e9e d'adieux de John Cena fait escale en France","twitter_creator":"@https:\/\/x.com\/VictorClotAmiot","twitter_site":"@dicodusport","schema":{"@context":"https:\/\/schema.org","@graph":[{"@type":"NewsArticle","@id":"https:\/\/dicodusport.fr\/blog\/wwe-clash-in-paris-la-tournee-dadieux-de-john-cena-fait-escale-en-france\/#article","isPartOf":{"@id":"https:\/\/dicodusport.fr\/blog\/wwe-clash-in-paris-la-tournee-dadieux-de-john-cena-fait-escale-en-france\/"},"author":{"name":"Victor Clot-Amiot","@id":"https:\/\/dicodusport.fr\/blog\/#\/schema\/person\/b623199cba9ba90fe84a3d16e9282360"},"headline":"WWE Clash in Paris : La tourn\u00e9e d&rsquo;adieux de John Cena fait escale en France","datePublished":"2025-08-28T07:00:44+00:00","dateModified":"2025-08-28T08:02:19+00:00","mainEntityOfPage":{"@id":"https:\/\/dicodusport.fr\/blog\/wwe-clash-in-paris-la-tournee-dadieux-de-john-cena-fait-escale-en-france\/"},"wordCount":684,"commentCount":0,"publisher":{"@id":"https:\/\/dicodusport.fr\/blog\/#organization"},"image":{"@id":"https:\/\/dicodusport.fr\/blog\/wwe-clash-in-paris-la-tournee-dadieux-de-john-cena-fait-escale-en-france\/#primaryimage"},"thumbnailUrl":"https:\/\/dicodusport.fr\/blog\/wp-content\/uploads\/2025\/08\/WWE-Clash-in-Paris-La-tournee-dadieux-de-John-Cena-fait-escale-en-France.png","keywords":["br\u00e8ve","Catch","WWE"],"articleSection":["Catch"],"inLanguage":"fr-FR","potentialAction":[{"@type":"CommentAction","name":"Comment","target":["https:\/\/dicodusport.fr\/blog\/wwe-clash-in-paris-la-tournee-dadieux-de-john-cena-fait-escale-en-france\/#respond"]}],"copyrightYear":"2025","copyrightHolder":{"@id":"https:\/\/dicodusport.fr\/blog\/#organization"}},{"@type":"WebPage","@id":"https:\/\/dicodusport.fr\/blog\/wwe-clash-in-paris-la-tournee-dadieux-de-john-cena-fait-escale-en-france\/","url":"https:\/\/dicodusport.fr\/blog\/wwe-clash-in-paris-la-tournee-dadieux-de-john-cena-fait-escale-en-france\/","name":"WWE Clash in Paris : La tourn\u00e9e d'adieux de John Cena fait escale en France","isPartOf":{"@id":"https:\/\/dicodusport.fr\/blog\/#website"},"primaryImageOfPage":{"@id":"https:\/\/dicodusport.fr\/blog\/wwe-clash-in-paris-la-tournee-dadieux-de-john-cena-fait-escale-en-france\/#primaryimage"},"image":{"@id":"https:\/\/dicodusport.fr\/blog\/wwe-clash-in-paris-la-tournee-dadieux-de-john-cena-fait-escale-en-france\/#primaryimage"},"thumbnailUrl":"https:\/\/dicodusport.fr\/blog\/wp-content\/uploads\/2025\/08\/WWE-Clash-in-Paris-La-tournee-dadieux-de-John-Cena-fait-escale-en-France.png","datePublished":"2025-08-28T07:00:44+00:00","dateModified":"2025-08-28T08:02:19+00:00","description":"CATCH - La WWE est de retour en France \u00e0 partir de vendredi avec SmackDown \u00e0 Lyon suivi de Clash in Paris et Raw \u00e0 Paris.","breadcrumb":{"@id":"https:\/\/dicodusport.fr\/blog\/wwe-clash-in-paris-la-tournee-dadieux-de-john-cena-fait-escale-en-france\/#breadcrumb"},"inLanguage":"fr-FR","potentialAction":[{"@type":"ReadAction","target":["https:\/\/dicodusport.fr\/blog\/wwe-clash-in-paris-la-tournee-dadieux-de-john-cena-fait-escale-en-france\/"]}]},{"@type":"ImageObject","inLanguage":"fr-FR","@id":"https:\/\/dicodusport.fr\/blog\/wwe-clash-in-paris-la-tournee-dadieux-de-john-cena-fait-escale-en-france\/#primaryimage","url":"https:\/\/dicodusport.fr\/blog\/wp-content\/uploads\/2025\/08\/WWE-Clash-in-Paris-La-tournee-dadieux-de-John-Cena-fait-escale-en-France.png","contentUrl":"https:\/\/dicodusport.fr\/blog\/wp-content\/uploads\/2025\/08\/WWE-Clash-in-Paris-La-tournee-dadieux-de-John-Cena-fait-escale-en-France.png","width":1200,"height":674,"caption":"WWE Clash in Paris La tourn\u00e9e d'adieux de John Cena fait escale en France"},{"@type":"BreadcrumbList","@id":"https:\/\/dicodusport.fr\/blog\/wwe-clash-in-paris-la-tournee-dadieux-de-john-cena-fait-escale-en-france\/#breadcrumb","itemListElement":[{"@type":"ListItem","position":1,"name":"Accueil","item":"https:\/\/dicodusport.fr\/blog\/"},{"@type":"ListItem","position":2,"name":"WWE Clash in Paris : La tourn\u00e9e d&rsquo;adieux de John Cena fait escale en France"}]},{"@type":"WebSite","@id":"https:\/\/dicodusport.fr\/blog\/#website","url":"https:\/\/dicodusport.fr\/blog\/","name":"Dicodusport","description":"L&#039;encyclop\u00e9die de l&#039;actualit\u00e9 sportive","publisher":{"@id":"https:\/\/dicodusport.fr\/blog\/#organization"},"potentialAction":[{"@type":"SearchAction","target":{"@type":"EntryPoint","urlTemplate":"https:\/\/dicodusport.fr\/blog\/?s={search_term_string}"},"query-input":{"@type":"PropertyValueSpecification","valueRequired":true,"valueName":"search_term_string"}}],"inLanguage":"fr-FR"},{"@type":"NewsMediaOrganization","@id":"https:\/\/dicodusport.fr\/blog\/#organization","name":"Dicodusport","url":"https:\/\/dicodusport.fr\/blog\/","logo":{"@type":"ImageObject","inLanguage":"fr-FR","@id":"https:\/\/dicodusport.fr\/blog\/#\/schema\/logo\/image\/","url":"https:\/\/dicodusport.fr\/blog\/wp-content\/uploads\/2020\/06\/cropped-LOGO-DICODUSPORT-2020-SANS-FOND-SANS-TEXTE.png","contentUrl":"https:\/\/dicodusport.fr\/blog\/wp-content\/uploads\/2020\/06\/cropped-LOGO-DICODUSPORT-2020-SANS-FOND-SANS-TEXTE.png","width":512,"height":512,"caption":"Dicodusport"},"image":{"@id":"https:\/\/dicodusport.fr\/blog\/#\/schema\/logo\/image\/"},"sameAs":["https:\/\/www.facebook.com\/dicodusport","https:\/\/x.com\/dicodusport","https:\/\/www.instagram.com\/dicodusport\/","https:\/\/www.youtube.com\/channel\/UC7V2KZ5sd3htJivAbA4ZG3w"],"description":"Dicodusport est l'encyclop\u00e9die de l'actualit\u00e9 sportive.","email":"bonjour@dicodusport.fr","legalName":"DICODUSPORT","foundingDate":"2018-01-14","vatID":"FR71834470973","taxID":"83447097300043","numberOfEmployees":{"@type":"QuantitativeValue","minValue":"1","maxValue":"10"}},{"@type":"Person","@id":"https:\/\/dicodusport.fr\/blog\/#\/schema\/person\/b623199cba9ba90fe84a3d16e9282360","name":"Victor Clot-Amiot","image":{"@type":"ImageObject","inLanguage":"fr-FR","@id":"https:\/\/dicodusport.fr\/blog\/#\/schema\/person\/image\/","url":"https:\/\/dicodusport.fr\/blog\/wp-content\/uploads\/2023\/09\/IMG_20190826_114722-150x150.jpg","contentUrl":"https:\/\/dicodusport.fr\/blog\/wp-content\/uploads\/2023\/09\/IMG_20190826_114722-150x150.jpg","caption":"Victor Clot-Amiot"},"description":"Passionn\u00e9 de sport depuis toujours, un jour \u00e0 l'adolescence mes parents m'ont dit : \"quitte \u00e0 passer ton temps \u00e0 regarder du sport, au moins va le voir en vrai\" ! Depuis, cette remarque ne m'a plus quitt\u00e9 et je passe une grande partie de mon temps libre \u00e0 assister \u00e0 des comp\u00e9titions de tous sports. Je m\u00eale d'ailleurs mes deux passions, le sport et les voyages afin de faire une pierre deux coups ! Outre l'US Open ou l'Euro 2021 par exemple, j'ai assist\u00e9 cet \u00e9t\u00e9 aux Mondiaux d'athl\u00e9tisme \u00e0 Budapest. Mon plus gros coup dur est et restera les JO 2020-2021 pour lesquels j'avais r\u00e9serv\u00e9 17 \u00e9preuves. La suite, vous la connaissez...","sameAs":["https:\/\/x.com\/https:\/\/x.com\/VictorClotAmiot"],"url":"https:\/\/dicodusport.fr\/blog\/author\/victor-clot-amiot\/"}]}},"_links":{"self":[{"href":"https:\/\/dicodusport.fr\/blog\/wp-json\/wp\/v2\/posts\/605585","targetHints":{"allow":["GET"]}}],"collection":[{"href":"https:\/\/dicodusport.fr\/blog\/wp-json\/wp\/v2\/posts"}],"about":[{"href":"https:\/\/dicodusport.fr\/blog\/wp-json\/wp\/v2\/types\/post"}],"author":[{"embeddable":true,"href":"https:\/\/dicodusport.fr\/blog\/wp-json\/wp\/v2\/users\/91"}],"replies":[{"embeddable":true,"href":"https:\/\/dicodusport.fr\/blog\/wp-json\/wp\/v2\/comments?post=605585"}],"version-history":[{"count":5,"href":"https:\/\/dicodusport.fr\/blog\/wp-json\/wp\/v2\/posts\/605585\/revisions"}],"predecessor-version":[{"id":606071,"href":"https:\/\/dicodusport.fr\/blog\/wp-json\/wp\/v2\/posts\/605585\/revisions\/606071"}],"wp:featuredmedia":[{"embeddable":true,"href":"https:\/\/dicodusport.fr\/blog\/wp-json\/wp\/v2\/media\/605751"}],"wp:attachment":[{"href":"https:\/\/dicodusport.fr\/blog\/wp-json\/wp\/v2\/media?parent=605585"}],"wp:term":[{"taxonomy":"category","embeddable":true,"href":"https:\/\/dicodusport.fr\/blog\/wp-json\/wp\/v2\/categories?post=605585"},{"taxonomy":"post_tag","embeddable":true,"href":"https:\/\/dicodusport.fr\/blog\/wp-json\/wp\/v2\/tags?post=605585"}],"curies":[{"name":"wp","href":"https:\/\/api.w.org\/{rel}","templated":true}]}}