{"id":605618,"date":"2025-08-26T16:55:38","date_gmt":"2025-08-26T14:55:38","guid":{"rendered":"https:\/\/dicodusport.fr\/blog\/?p=605618&#038;preview=true&#038;preview_id=605618"},"modified":"2025-08-26T17:10:56","modified_gmt":"2025-08-26T15:10:56","slug":"tour-de-lavenir-2025-exploit-de-carl-frederik-bevort-vainqueur-en-solitaire-sur-la-3eme-etape","status":"publish","type":"post","link":"https:\/\/dicodusport.fr\/blog\/tour-de-lavenir-2025-exploit-de-carl-frederik-bevort-vainqueur-en-solitaire-sur-la-3eme-etape\/","title":{"rendered":"Tour de l&rsquo;Avenir 2025 : Exploit de Carl-Frederik B\u00e9vort, vainqueur en solitaire sur la 3\u00e8me \u00e9tape"},"content":{"rendered":"<p style=\"text-align: justify;\"><strong><em>TOUR DE L&rsquo;AVENIR 2025 &#8211; \u00c9chappe d\u00e8s le d\u00e9but d&rsquo;\u00e9tape, Carl-Frederik B\u00e9vort a attaqu\u00e9 une nouvelle fois \u00e0 60 kilom\u00e8tres de l&rsquo;arriv\u00e9e apr\u00e8s avoir \u00e9t\u00e9 repris par le peloton. Le Danois s&rsquo;est ensuite d\u00e9barrass\u00e9 de ses compagnons pour s&rsquo;imposer apr\u00e8s avoir fait les 28 derniers kilom\u00e8tres en solitaire. Maxime Decomble garde le maillot jaune.<\/em><\/strong><\/p>\n<ul style=\"text-align: justify;\">\n<li><strong>\u00c0 ce sujet \u2013\u00a0<a href=\"https:\/\/dicodusport.fr\/blog\/tour-de-lavenir-2025-parcours-detaille-et-profils-des-etapes\/\">Tour de l\u2019Avenir 2025 : Parcours d\u00e9taill\u00e9 et profils des \u00e9tapes<\/a><\/strong><\/li>\n<\/ul>\n<p style=\"text-align: justify;\">Apr\u00e8s avoir \u00e9t\u00e9 surpris par les baroudeurs hier, avec <a href=\"https:\/\/dicodusport.fr\/blog\/tour-de-lavenir-2025-la-2eme-etape-pour-elliot-rowe-le-maillot-jaune-pour-maxime-decomble\/\">la victoire d&rsquo;<strong>Elliot Rowe<\/strong> et le maillot de leader pour <strong>Maxime Decomble<\/strong><\/a>, les sprinteurs avaient \u00e0 c\u0153ur de contr\u00f4ler aujourd&rsquo;hui pour ne pas laisser \u00e9chapper une de leurs rares opportunit\u00e9s de lever les bras avant les \u00e9tapes de montagne de fin de semaine. Avec trois petites c\u00f4tes r\u00e9pertori\u00e9es dans la premi\u00e8re moiti\u00e9 de course, la victoire leur semblait promise \u00e0 l\u2019Hippodrome de Ch\u00e2tillon-sur-Chalaronne malgr\u00e9 les quelques pourcentages dans les derniers hectom\u00e8tres. Pourtant, un homme, <strong>Carl-Frederik B\u00e9vort<\/strong> a fait sensation en d\u00e9jouant les pronostics.<\/p>\n<h2>Les Fran\u00e7ais ont tent\u00e9 un coup de force<\/h2>\n<p style=\"text-align: justify;\">Malgr\u00e9 le sc\u00e9nario pressenti, cinq hommes ont fait le d\u00e9but de la course en t\u00eate. L&rsquo;Am\u00e9ricain <strong>Cole Kessler<\/strong>, qui pointait ce matin \u00e0 2:45 de <strong>Decomble<\/strong> \u00e9tait le mieux plac\u00e9 au g\u00e9n\u00e9ral une seconde devant le Polonais <strong>Patryk Goszczurny<\/strong>. Les deux hommes ouvraient la route en compagnie du Danois<strong> Carl-Frederik B\u00e9vort<\/strong>\u00a0donc, du Colombien <strong>Estiven Garcia<\/strong> et du Su\u00e9dois <strong>Ville Merl\u00f6v<\/strong>. N\u00e9anmoins, l&rsquo;\u00e9quipe de France a dynamit\u00e9 la course \u00e0 75 km de l&rsquo;arriv\u00e9e puisque <strong>Paul Seixas, Antoine L&rsquo;H\u00f4te<\/strong> et <strong>Victor Loulergue<\/strong> se sont retrouv\u00e9s intercal\u00e9s et ont effectu\u00e9 la jonction sur la t\u00eate de course. Si le peloton a pu revenir, la situation a \u00e9volu\u00e9 \u00e0 nouveau puisque <strong>B\u00e9vort<\/strong> et <strong>Kessler<\/strong> ont rattaqu\u00e9 en compagnie de <strong>Robin Donz\u00e9<\/strong> (Suisse) et <strong>Erazem Valjavec<\/strong> (Slov\u00e9nie).<\/p>\n<h2>B\u00e9vort impressionnant<\/h2>\n<ul>\n<li><strong>\u00c0 ce propos &#8211; <a href=\"https:\/\/dicodusport.fr\/blog\/3eme-etape-tour-de-lavenir-2025-classement-et-resultats\/\">3\u00e8me \u00e9tape Tour de l\u2019Avenir 2025 \u2013 Classement et r\u00e9sultats<\/a><\/strong><\/li>\n<\/ul>\n<p style=\"text-align: justify;\">Le Danois s&rsquo;est ensuite isol\u00e9 devant \u00e0 28 km de l&rsquo;arriv\u00e9e alors que le peloton comptait pr\u00e8s de deux minutes de retard. R\u00e9cemment 12\u00e8me du Tour du Danemark, le jeune coureur d&rsquo;Uno-X Mobility a fait grande impression conservant encore une minute 30 d&rsquo;avance en entrant dans les dix derniers kilom\u00e8tres. Derri\u00e8re, le peloton lanc\u00e9 \u00e0 vive allure n&rsquo;abandonnait pas l&rsquo;espoir de revenir sur l&rsquo;homme de t\u00eate et revenait \u00e0 une quarantaine de secondes \u00e0 moins de 5 kilom\u00e8tres. N\u00e9anmoins, l&rsquo;\u00e9cart \u00e9tait r\u00e9dhibitoire. Devant, <strong>B\u00e9vort<\/strong> avait d\u00e9j\u00e0 fait le plus dur et les quelques pourcentages qui menaient vers la ligne n&rsquo;y feront rien. Le Danois s&rsquo;impose et r\u00e9alise un exploit puisque seul <strong>Carlos Rodriguez<\/strong> \u00e9tait avant lui parvenu \u00e0 s&rsquo;imposer en ayant effectu\u00e9 plus de kilom\u00e8tres en solitaire (70 en 2021).<\/p>\n<p style=\"text-align: justify;\">Derri\u00e8re, c&rsquo;est le Britannique <strong>Noah Hobbs<\/strong> qui a r\u00e9gl\u00e9 le sprint du peloton.<em> Statu quo<\/em> au g\u00e9n\u00e9ral puisque <strong>Maxime Decomble<\/strong> reste leader devant le Danois <strong>Simon Dalby<\/strong>. Le Fran\u00e7ais devrait conserver son maillot \u00e0 l&rsquo;issue de l&rsquo;\u00e9tape de demain qui devrait aboutir \u00e0 une explication entre hommes rapides avant que les hostilit\u00e9s ne d\u00e9marrent vraiment jeudi lors de l&rsquo;\u00e9tape de Tignes.<\/p>\n<blockquote class=\"twitter-tweet\">\n<p dir=\"ltr\" lang=\"fr\">Le Danois Carl-Frederik B\u00e9vort (21 ans) l&#8217;emporte sur la 3e \u00e9tape du Tour de l&rsquo;Avenir ! D\u00e9j\u00e0 pro chez Uno-X, B\u00e9vort a sign\u00e9 un num\u00e9ro, \u00e9tant parti \u00e0 59km dans un groupe puis en solo \u00e0 28km.<\/p>\n<p>Le Fran\u00e7ais Maxime Decomble conserve le maillot jaune. <a href=\"https:\/\/twitter.com\/hashtag\/TDAV?src=hash&amp;ref_src=twsrc%5Etfw\">#TDAV<\/a> <a href=\"https:\/\/t.co\/fk6z4tulR3\">pic.twitter.com\/fk6z4tulR3<\/a><\/p>\n<p>\u2014 Le Gruppetto (@LeGruppetto) <a href=\"https:\/\/twitter.com\/LeGruppetto\/status\/1960349808008343981?ref_src=twsrc%5Etfw\">August 26, 2025<\/a><\/p><\/blockquote>\n<p><script src=\"https:\/\/platform.twitter.com\/widgets.js\" async=\"\" charset=\"utf-8\"><\/script><\/p>\n<ul>\n<li><strong>\u00c0 lire aussi \u2013\u00a0<a href=\"https:\/\/dicodusport.fr\/blog\/classement-general-tour-de-lavenir-2025-actualise\/\">Classement g\u00e9n\u00e9ral Tour de l\u2019Avenir 2025 actualis\u00e9<\/a><\/strong><\/li>\n<\/ul>\n","protected":false},"excerpt":{"rendered":"<p>Exploit de Carl-Frederik B\u00e9vort, vainqueur de la troisi\u00e8me \u00e9tape apr\u00e8s avoir pass\u00e9 la journ\u00e9e \u00e0 l&rsquo;avant.<\/p>\n","protected":false},"author":91,"featured_media":605720,"comment_status":"open","ping_status":"closed","sticky":false,"template":"","format":"standard","meta":{"_acf_changed":false,"_daextam_enable_autolinks":"1","footnotes":""},"categories":[46994],"tags":[16878,574,11197,1612],"class_list":["post-605618","post","type-post","status-publish","format-standard","has-post-thumbnail","hentry","category-cyclisme-sur-route","tag-breve","tag-cyclisme","tag-cyclisme-sur-route","tag-tour-de-lavenir"],"acf":[],"yoast_head":"<!-- This site is optimized with the Yoast SEO Premium plugin v26.7 (Yoast SEO v26.7) - https:\/\/yoast.com\/wordpress\/plugins\/seo\/ -->\n<title>Tour de l&#039;Avenir 2025 : Exploit de Carl-Frederik B\u00e9vort, vainqueur en solitaire sur la 3\u00e8me \u00e9tape<\/title>\n<meta name=\"description\" content=\"TOUR DE L&#039;AVENIR 2025 - Exploit de Carl-Frederik B\u00e9vort, vainqueur de la troisi\u00e8me \u00e9tape apr\u00e8s avoir pass\u00e9 la journ\u00e9e \u00e0 l&#039;avant.\" \/>\n<meta name=\"robots\" content=\"index, follow, max-snippet:-1, max-image-preview:large, max-video-preview:-1\" \/>\n<link rel=\"canonical\" href=\"https:\/\/dicodusport.fr\/blog\/tour-de-lavenir-2025-exploit-de-carl-frederik-bevort-vainqueur-en-solitaire-sur-la-3eme-etape\/\" \/>\n<meta property=\"og:locale\" content=\"fr_FR\" \/>\n<meta property=\"og:type\" content=\"article\" \/>\n<meta property=\"og:title\" content=\"Tour de l&#039;Avenir 2025 : Exploit de Carl-Frederik B\u00e9vort, vainqueur en solitaire sur la 3\u00e8me \u00e9tape\" \/>\n<meta property=\"og:description\" content=\"TOUR DE L&#039;AVENIR 2025 - Exploit de Carl-Frederik B\u00e9vort, vainqueur de la troisi\u00e8me \u00e9tape apr\u00e8s avoir pass\u00e9 la journ\u00e9e \u00e0 l&#039;avant.\" \/>\n<meta property=\"og:url\" content=\"https:\/\/dicodusport.fr\/blog\/tour-de-lavenir-2025-exploit-de-carl-frederik-bevort-vainqueur-en-solitaire-sur-la-3eme-etape\/\" \/>\n<meta property=\"og:site_name\" content=\"Dicodusport\" \/>\n<meta property=\"article:publisher\" content=\"https:\/\/www.facebook.com\/dicodusport\" \/>\n<meta property=\"article:published_time\" content=\"2025-08-26T14:55:38+00:00\" \/>\n<meta property=\"article:modified_time\" content=\"2025-08-26T15:10:56+00:00\" \/>\n<meta property=\"og:image\" content=\"https:\/\/dicodusport.fr\/blog\/wp-content\/uploads\/2025\/08\/Tour-de-lAvenir-2025-Exploit-de-Carl-Frederik-Bevort-vainqueur-en-solitaire-sur-la-3eme-etape-1.png\" \/>\n\t<meta property=\"og:image:width\" content=\"1200\" \/>\n\t<meta property=\"og:image:height\" content=\"674\" \/>\n\t<meta property=\"og:image:type\" content=\"image\/png\" \/>\n<meta name=\"author\" content=\"Victor Clot-Amiot\" \/>\n<meta name=\"twitter:card\" content=\"summary_large_image\" \/>\n<meta name=\"twitter:title\" content=\"Tour de l&#039;Avenir 2025 : Exploit de Carl-Frederik B\u00e9vort, vainqueur en solitaire sur la 3\u00e8me \u00e9tape\" \/>\n<meta name=\"twitter:creator\" content=\"@https:\/\/x.com\/VictorClotAmiot\" \/>\n<meta name=\"twitter:site\" content=\"@dicodusport\" \/>\n<script type=\"application\/ld+json\" class=\"yoast-schema-graph\">{\"@context\":\"https:\/\/schema.org\",\"@graph\":[{\"@type\":\"NewsArticle\",\"@id\":\"https:\/\/dicodusport.fr\/blog\/tour-de-lavenir-2025-exploit-de-carl-frederik-bevort-vainqueur-en-solitaire-sur-la-3eme-etape\/#article\",\"isPartOf\":{\"@id\":\"https:\/\/dicodusport.fr\/blog\/tour-de-lavenir-2025-exploit-de-carl-frederik-bevort-vainqueur-en-solitaire-sur-la-3eme-etape\/\"},\"author\":{\"name\":\"Victor Clot-Amiot\",\"@id\":\"https:\/\/dicodusport.fr\/blog\/#\/schema\/person\/b623199cba9ba90fe84a3d16e9282360\"},\"headline\":\"Tour de l&rsquo;Avenir 2025 : Exploit de Carl-Frederik B\u00e9vort, vainqueur en solitaire sur la 3\u00e8me \u00e9tape\",\"datePublished\":\"2025-08-26T14:55:38+00:00\",\"dateModified\":\"2025-08-26T15:10:56+00:00\",\"mainEntityOfPage\":{\"@id\":\"https:\/\/dicodusport.fr\/blog\/tour-de-lavenir-2025-exploit-de-carl-frederik-bevort-vainqueur-en-solitaire-sur-la-3eme-etape\/\"},\"wordCount\":647,\"commentCount\":0,\"publisher\":{\"@id\":\"https:\/\/dicodusport.fr\/blog\/#organization\"},\"image\":{\"@id\":\"https:\/\/dicodusport.fr\/blog\/tour-de-lavenir-2025-exploit-de-carl-frederik-bevort-vainqueur-en-solitaire-sur-la-3eme-etape\/#primaryimage\"},\"thumbnailUrl\":\"https:\/\/dicodusport.fr\/blog\/wp-content\/uploads\/2025\/08\/Tour-de-lAvenir-2025-Exploit-de-Carl-Frederik-Bevort-vainqueur-en-solitaire-sur-la-3eme-etape-1.png\",\"keywords\":[\"br\u00e8ve\",\"Cyclisme\",\"Cyclisme sur route\",\"Tour de l'Avenir\"],\"articleSection\":[\"Cyclisme sur route\"],\"inLanguage\":\"fr-FR\",\"potentialAction\":[{\"@type\":\"CommentAction\",\"name\":\"Comment\",\"target\":[\"https:\/\/dicodusport.fr\/blog\/tour-de-lavenir-2025-exploit-de-carl-frederik-bevort-vainqueur-en-solitaire-sur-la-3eme-etape\/#respond\"]}],\"copyrightYear\":\"2025\",\"copyrightHolder\":{\"@id\":\"https:\/\/dicodusport.fr\/blog\/#organization\"}},{\"@type\":\"WebPage\",\"@id\":\"https:\/\/dicodusport.fr\/blog\/tour-de-lavenir-2025-exploit-de-carl-frederik-bevort-vainqueur-en-solitaire-sur-la-3eme-etape\/\",\"url\":\"https:\/\/dicodusport.fr\/blog\/tour-de-lavenir-2025-exploit-de-carl-frederik-bevort-vainqueur-en-solitaire-sur-la-3eme-etape\/\",\"name\":\"Tour de l'Avenir 2025 : Exploit de Carl-Frederik B\u00e9vort, vainqueur en solitaire sur la 3\u00e8me \u00e9tape\",\"isPartOf\":{\"@id\":\"https:\/\/dicodusport.fr\/blog\/#website\"},\"primaryImageOfPage\":{\"@id\":\"https:\/\/dicodusport.fr\/blog\/tour-de-lavenir-2025-exploit-de-carl-frederik-bevort-vainqueur-en-solitaire-sur-la-3eme-etape\/#primaryimage\"},\"image\":{\"@id\":\"https:\/\/dicodusport.fr\/blog\/tour-de-lavenir-2025-exploit-de-carl-frederik-bevort-vainqueur-en-solitaire-sur-la-3eme-etape\/#primaryimage\"},\"thumbnailUrl\":\"https:\/\/dicodusport.fr\/blog\/wp-content\/uploads\/2025\/08\/Tour-de-lAvenir-2025-Exploit-de-Carl-Frederik-Bevort-vainqueur-en-solitaire-sur-la-3eme-etape-1.png\",\"datePublished\":\"2025-08-26T14:55:38+00:00\",\"dateModified\":\"2025-08-26T15:10:56+00:00\",\"description\":\"TOUR DE L'AVENIR 2025 - Exploit de Carl-Frederik B\u00e9vort, vainqueur de la troisi\u00e8me \u00e9tape apr\u00e8s avoir pass\u00e9 la journ\u00e9e \u00e0 l'avant.\",\"breadcrumb\":{\"@id\":\"https:\/\/dicodusport.fr\/blog\/tour-de-lavenir-2025-exploit-de-carl-frederik-bevort-vainqueur-en-solitaire-sur-la-3eme-etape\/#breadcrumb\"},\"inLanguage\":\"fr-FR\",\"potentialAction\":[{\"@type\":\"ReadAction\",\"target\":[\"https:\/\/dicodusport.fr\/blog\/tour-de-lavenir-2025-exploit-de-carl-frederik-bevort-vainqueur-en-solitaire-sur-la-3eme-etape\/\"]}]},{\"@type\":\"ImageObject\",\"inLanguage\":\"fr-FR\",\"@id\":\"https:\/\/dicodusport.fr\/blog\/tour-de-lavenir-2025-exploit-de-carl-frederik-bevort-vainqueur-en-solitaire-sur-la-3eme-etape\/#primaryimage\",\"url\":\"https:\/\/dicodusport.fr\/blog\/wp-content\/uploads\/2025\/08\/Tour-de-lAvenir-2025-Exploit-de-Carl-Frederik-Bevort-vainqueur-en-solitaire-sur-la-3eme-etape-1.png\",\"contentUrl\":\"https:\/\/dicodusport.fr\/blog\/wp-content\/uploads\/2025\/08\/Tour-de-lAvenir-2025-Exploit-de-Carl-Frederik-Bevort-vainqueur-en-solitaire-sur-la-3eme-etape-1.png\",\"width\":1200,\"height\":674,\"caption\":\"Tour de l'Avenir 2025 Exploit de Carl-Frederik B\u00e9vort, vainqueur en solitaire sur la 3\u00e8me \u00e9tape\"},{\"@type\":\"BreadcrumbList\",\"@id\":\"https:\/\/dicodusport.fr\/blog\/tour-de-lavenir-2025-exploit-de-carl-frederik-bevort-vainqueur-en-solitaire-sur-la-3eme-etape\/#breadcrumb\",\"itemListElement\":[{\"@type\":\"ListItem\",\"position\":1,\"name\":\"Accueil\",\"item\":\"https:\/\/dicodusport.fr\/blog\/\"},{\"@type\":\"ListItem\",\"position\":2,\"name\":\"Tour de l&rsquo;Avenir 2025 : Exploit de Carl-Frederik B\u00e9vort, vainqueur en solitaire sur la 3\u00e8me \u00e9tape\"}]},{\"@type\":\"WebSite\",\"@id\":\"https:\/\/dicodusport.fr\/blog\/#website\",\"url\":\"https:\/\/dicodusport.fr\/blog\/\",\"name\":\"Dicodusport\",\"description\":\"L&#039;encyclop\u00e9die de l&#039;actualit\u00e9 sportive\",\"publisher\":{\"@id\":\"https:\/\/dicodusport.fr\/blog\/#organization\"},\"potentialAction\":[{\"@type\":\"SearchAction\",\"target\":{\"@type\":\"EntryPoint\",\"urlTemplate\":\"https:\/\/dicodusport.fr\/blog\/?s={search_term_string}\"},\"query-input\":{\"@type\":\"PropertyValueSpecification\",\"valueRequired\":true,\"valueName\":\"search_term_string\"}}],\"inLanguage\":\"fr-FR\"},{\"@type\":\"NewsMediaOrganization\",\"@id\":\"https:\/\/dicodusport.fr\/blog\/#organization\",\"name\":\"Dicodusport\",\"url\":\"https:\/\/dicodusport.fr\/blog\/\",\"logo\":{\"@type\":\"ImageObject\",\"inLanguage\":\"fr-FR\",\"@id\":\"https:\/\/dicodusport.fr\/blog\/#\/schema\/logo\/image\/\",\"url\":\"https:\/\/dicodusport.fr\/blog\/wp-content\/uploads\/2020\/06\/cropped-LOGO-DICODUSPORT-2020-SANS-FOND-SANS-TEXTE.png\",\"contentUrl\":\"https:\/\/dicodusport.fr\/blog\/wp-content\/uploads\/2020\/06\/cropped-LOGO-DICODUSPORT-2020-SANS-FOND-SANS-TEXTE.png\",\"width\":512,\"height\":512,\"caption\":\"Dicodusport\"},\"image\":{\"@id\":\"https:\/\/dicodusport.fr\/blog\/#\/schema\/logo\/image\/\"},\"sameAs\":[\"https:\/\/www.facebook.com\/dicodusport\",\"https:\/\/x.com\/dicodusport\",\"https:\/\/www.instagram.com\/dicodusport\/\",\"https:\/\/www.youtube.com\/channel\/UC7V2KZ5sd3htJivAbA4ZG3w\"],\"description\":\"Dicodusport est l'encyclop\u00e9die de l'actualit\u00e9 sportive.\",\"email\":\"bonjour@dicodusport.fr\",\"legalName\":\"DICODUSPORT\",\"foundingDate\":\"2018-01-14\",\"vatID\":\"FR71834470973\",\"taxID\":\"83447097300043\",\"numberOfEmployees\":{\"@type\":\"QuantitativeValue\",\"minValue\":\"1\",\"maxValue\":\"10\"}},{\"@type\":\"Person\",\"@id\":\"https:\/\/dicodusport.fr\/blog\/#\/schema\/person\/b623199cba9ba90fe84a3d16e9282360\",\"name\":\"Victor Clot-Amiot\",\"image\":{\"@type\":\"ImageObject\",\"inLanguage\":\"fr-FR\",\"@id\":\"https:\/\/dicodusport.fr\/blog\/#\/schema\/person\/image\/\",\"url\":\"https:\/\/dicodusport.fr\/blog\/wp-content\/uploads\/2023\/09\/IMG_20190826_114722-150x150.jpg\",\"contentUrl\":\"https:\/\/dicodusport.fr\/blog\/wp-content\/uploads\/2023\/09\/IMG_20190826_114722-150x150.jpg\",\"caption\":\"Victor Clot-Amiot\"},\"description\":\"Passionn\u00e9 de sport depuis toujours, un jour \u00e0 l'adolescence mes parents m'ont dit : \\\"quitte \u00e0 passer ton temps \u00e0 regarder du sport, au moins va le voir en vrai\\\" ! Depuis, cette remarque ne m'a plus quitt\u00e9 et je passe une grande partie de mon temps libre \u00e0 assister \u00e0 des comp\u00e9titions de tous sports. Je m\u00eale d'ailleurs mes deux passions, le sport et les voyages afin de faire une pierre deux coups ! Outre l'US Open ou l'Euro 2021 par exemple, j'ai assist\u00e9 cet \u00e9t\u00e9 aux Mondiaux d'athl\u00e9tisme \u00e0 Budapest. Mon plus gros coup dur est et restera les JO 2020-2021 pour lesquels j'avais r\u00e9serv\u00e9 17 \u00e9preuves. La suite, vous la connaissez...\",\"sameAs\":[\"https:\/\/x.com\/https:\/\/x.com\/VictorClotAmiot\"],\"url\":\"https:\/\/dicodusport.fr\/blog\/author\/victor-clot-amiot\/\"}]}<\/script>\n<!-- \/ Yoast SEO Premium plugin. -->","yoast_head_json":{"title":"Tour de l'Avenir 2025 : Exploit de Carl-Frederik B\u00e9vort, vainqueur en solitaire sur la 3\u00e8me \u00e9tape","description":"TOUR DE L'AVENIR 2025 - Exploit de Carl-Frederik B\u00e9vort, vainqueur de la troisi\u00e8me \u00e9tape apr\u00e8s avoir pass\u00e9 la journ\u00e9e \u00e0 l'avant.","robots":{"index":"index","follow":"follow","max-snippet":"max-snippet:-1","max-image-preview":"max-image-preview:large","max-video-preview":"max-video-preview:-1"},"canonical":"https:\/\/dicodusport.fr\/blog\/tour-de-lavenir-2025-exploit-de-carl-frederik-bevort-vainqueur-en-solitaire-sur-la-3eme-etape\/","og_locale":"fr_FR","og_type":"article","og_title":"Tour de l'Avenir 2025 : Exploit de Carl-Frederik B\u00e9vort, vainqueur en solitaire sur la 3\u00e8me \u00e9tape","og_description":"TOUR DE L'AVENIR 2025 - Exploit de Carl-Frederik B\u00e9vort, vainqueur de la troisi\u00e8me \u00e9tape apr\u00e8s avoir pass\u00e9 la journ\u00e9e \u00e0 l'avant.","og_url":"https:\/\/dicodusport.fr\/blog\/tour-de-lavenir-2025-exploit-de-carl-frederik-bevort-vainqueur-en-solitaire-sur-la-3eme-etape\/","og_site_name":"Dicodusport","article_publisher":"https:\/\/www.facebook.com\/dicodusport","article_published_time":"2025-08-26T14:55:38+00:00","article_modified_time":"2025-08-26T15:10:56+00:00","og_image":[{"width":1200,"height":674,"url":"https:\/\/dicodusport.fr\/blog\/wp-content\/uploads\/2025\/08\/Tour-de-lAvenir-2025-Exploit-de-Carl-Frederik-Bevort-vainqueur-en-solitaire-sur-la-3eme-etape-1.png","type":"image\/png"}],"author":"Victor Clot-Amiot","twitter_card":"summary_large_image","twitter_title":"Tour de l'Avenir 2025 : Exploit de Carl-Frederik B\u00e9vort, vainqueur en solitaire sur la 3\u00e8me \u00e9tape","twitter_creator":"@https:\/\/x.com\/VictorClotAmiot","twitter_site":"@dicodusport","schema":{"@context":"https:\/\/schema.org","@graph":[{"@type":"NewsArticle","@id":"https:\/\/dicodusport.fr\/blog\/tour-de-lavenir-2025-exploit-de-carl-frederik-bevort-vainqueur-en-solitaire-sur-la-3eme-etape\/#article","isPartOf":{"@id":"https:\/\/dicodusport.fr\/blog\/tour-de-lavenir-2025-exploit-de-carl-frederik-bevort-vainqueur-en-solitaire-sur-la-3eme-etape\/"},"author":{"name":"Victor Clot-Amiot","@id":"https:\/\/dicodusport.fr\/blog\/#\/schema\/person\/b623199cba9ba90fe84a3d16e9282360"},"headline":"Tour de l&rsquo;Avenir 2025 : Exploit de Carl-Frederik B\u00e9vort, vainqueur en solitaire sur la 3\u00e8me \u00e9tape","datePublished":"2025-08-26T14:55:38+00:00","dateModified":"2025-08-26T15:10:56+00:00","mainEntityOfPage":{"@id":"https:\/\/dicodusport.fr\/blog\/tour-de-lavenir-2025-exploit-de-carl-frederik-bevort-vainqueur-en-solitaire-sur-la-3eme-etape\/"},"wordCount":647,"commentCount":0,"publisher":{"@id":"https:\/\/dicodusport.fr\/blog\/#organization"},"image":{"@id":"https:\/\/dicodusport.fr\/blog\/tour-de-lavenir-2025-exploit-de-carl-frederik-bevort-vainqueur-en-solitaire-sur-la-3eme-etape\/#primaryimage"},"thumbnailUrl":"https:\/\/dicodusport.fr\/blog\/wp-content\/uploads\/2025\/08\/Tour-de-lAvenir-2025-Exploit-de-Carl-Frederik-Bevort-vainqueur-en-solitaire-sur-la-3eme-etape-1.png","keywords":["br\u00e8ve","Cyclisme","Cyclisme sur route","Tour de l'Avenir"],"articleSection":["Cyclisme sur route"],"inLanguage":"fr-FR","potentialAction":[{"@type":"CommentAction","name":"Comment","target":["https:\/\/dicodusport.fr\/blog\/tour-de-lavenir-2025-exploit-de-carl-frederik-bevort-vainqueur-en-solitaire-sur-la-3eme-etape\/#respond"]}],"copyrightYear":"2025","copyrightHolder":{"@id":"https:\/\/dicodusport.fr\/blog\/#organization"}},{"@type":"WebPage","@id":"https:\/\/dicodusport.fr\/blog\/tour-de-lavenir-2025-exploit-de-carl-frederik-bevort-vainqueur-en-solitaire-sur-la-3eme-etape\/","url":"https:\/\/dicodusport.fr\/blog\/tour-de-lavenir-2025-exploit-de-carl-frederik-bevort-vainqueur-en-solitaire-sur-la-3eme-etape\/","name":"Tour de l'Avenir 2025 : Exploit de Carl-Frederik B\u00e9vort, vainqueur en solitaire sur la 3\u00e8me \u00e9tape","isPartOf":{"@id":"https:\/\/dicodusport.fr\/blog\/#website"},"primaryImageOfPage":{"@id":"https:\/\/dicodusport.fr\/blog\/tour-de-lavenir-2025-exploit-de-carl-frederik-bevort-vainqueur-en-solitaire-sur-la-3eme-etape\/#primaryimage"},"image":{"@id":"https:\/\/dicodusport.fr\/blog\/tour-de-lavenir-2025-exploit-de-carl-frederik-bevort-vainqueur-en-solitaire-sur-la-3eme-etape\/#primaryimage"},"thumbnailUrl":"https:\/\/dicodusport.fr\/blog\/wp-content\/uploads\/2025\/08\/Tour-de-lAvenir-2025-Exploit-de-Carl-Frederik-Bevort-vainqueur-en-solitaire-sur-la-3eme-etape-1.png","datePublished":"2025-08-26T14:55:38+00:00","dateModified":"2025-08-26T15:10:56+00:00","description":"TOUR DE L'AVENIR 2025 - Exploit de Carl-Frederik B\u00e9vort, vainqueur de la troisi\u00e8me \u00e9tape apr\u00e8s avoir pass\u00e9 la journ\u00e9e \u00e0 l'avant.","breadcrumb":{"@id":"https:\/\/dicodusport.fr\/blog\/tour-de-lavenir-2025-exploit-de-carl-frederik-bevort-vainqueur-en-solitaire-sur-la-3eme-etape\/#breadcrumb"},"inLanguage":"fr-FR","potentialAction":[{"@type":"ReadAction","target":["https:\/\/dicodusport.fr\/blog\/tour-de-lavenir-2025-exploit-de-carl-frederik-bevort-vainqueur-en-solitaire-sur-la-3eme-etape\/"]}]},{"@type":"ImageObject","inLanguage":"fr-FR","@id":"https:\/\/dicodusport.fr\/blog\/tour-de-lavenir-2025-exploit-de-carl-frederik-bevort-vainqueur-en-solitaire-sur-la-3eme-etape\/#primaryimage","url":"https:\/\/dicodusport.fr\/blog\/wp-content\/uploads\/2025\/08\/Tour-de-lAvenir-2025-Exploit-de-Carl-Frederik-Bevort-vainqueur-en-solitaire-sur-la-3eme-etape-1.png","contentUrl":"https:\/\/dicodusport.fr\/blog\/wp-content\/uploads\/2025\/08\/Tour-de-lAvenir-2025-Exploit-de-Carl-Frederik-Bevort-vainqueur-en-solitaire-sur-la-3eme-etape-1.png","width":1200,"height":674,"caption":"Tour de l'Avenir 2025 Exploit de Carl-Frederik B\u00e9vort, vainqueur en solitaire sur la 3\u00e8me \u00e9tape"},{"@type":"BreadcrumbList","@id":"https:\/\/dicodusport.fr\/blog\/tour-de-lavenir-2025-exploit-de-carl-frederik-bevort-vainqueur-en-solitaire-sur-la-3eme-etape\/#breadcrumb","itemListElement":[{"@type":"ListItem","position":1,"name":"Accueil","item":"https:\/\/dicodusport.fr\/blog\/"},{"@type":"ListItem","position":2,"name":"Tour de l&rsquo;Avenir 2025 : Exploit de Carl-Frederik B\u00e9vort, vainqueur en solitaire sur la 3\u00e8me \u00e9tape"}]},{"@type":"WebSite","@id":"https:\/\/dicodusport.fr\/blog\/#website","url":"https:\/\/dicodusport.fr\/blog\/","name":"Dicodusport","description":"L&#039;encyclop\u00e9die de l&#039;actualit\u00e9 sportive","publisher":{"@id":"https:\/\/dicodusport.fr\/blog\/#organization"},"potentialAction":[{"@type":"SearchAction","target":{"@type":"EntryPoint","urlTemplate":"https:\/\/dicodusport.fr\/blog\/?s={search_term_string}"},"query-input":{"@type":"PropertyValueSpecification","valueRequired":true,"valueName":"search_term_string"}}],"inLanguage":"fr-FR"},{"@type":"NewsMediaOrganization","@id":"https:\/\/dicodusport.fr\/blog\/#organization","name":"Dicodusport","url":"https:\/\/dicodusport.fr\/blog\/","logo":{"@type":"ImageObject","inLanguage":"fr-FR","@id":"https:\/\/dicodusport.fr\/blog\/#\/schema\/logo\/image\/","url":"https:\/\/dicodusport.fr\/blog\/wp-content\/uploads\/2020\/06\/cropped-LOGO-DICODUSPORT-2020-SANS-FOND-SANS-TEXTE.png","contentUrl":"https:\/\/dicodusport.fr\/blog\/wp-content\/uploads\/2020\/06\/cropped-LOGO-DICODUSPORT-2020-SANS-FOND-SANS-TEXTE.png","width":512,"height":512,"caption":"Dicodusport"},"image":{"@id":"https:\/\/dicodusport.fr\/blog\/#\/schema\/logo\/image\/"},"sameAs":["https:\/\/www.facebook.com\/dicodusport","https:\/\/x.com\/dicodusport","https:\/\/www.instagram.com\/dicodusport\/","https:\/\/www.youtube.com\/channel\/UC7V2KZ5sd3htJivAbA4ZG3w"],"description":"Dicodusport est l'encyclop\u00e9die de l'actualit\u00e9 sportive.","email":"bonjour@dicodusport.fr","legalName":"DICODUSPORT","foundingDate":"2018-01-14","vatID":"FR71834470973","taxID":"83447097300043","numberOfEmployees":{"@type":"QuantitativeValue","minValue":"1","maxValue":"10"}},{"@type":"Person","@id":"https:\/\/dicodusport.fr\/blog\/#\/schema\/person\/b623199cba9ba90fe84a3d16e9282360","name":"Victor Clot-Amiot","image":{"@type":"ImageObject","inLanguage":"fr-FR","@id":"https:\/\/dicodusport.fr\/blog\/#\/schema\/person\/image\/","url":"https:\/\/dicodusport.fr\/blog\/wp-content\/uploads\/2023\/09\/IMG_20190826_114722-150x150.jpg","contentUrl":"https:\/\/dicodusport.fr\/blog\/wp-content\/uploads\/2023\/09\/IMG_20190826_114722-150x150.jpg","caption":"Victor Clot-Amiot"},"description":"Passionn\u00e9 de sport depuis toujours, un jour \u00e0 l'adolescence mes parents m'ont dit : \"quitte \u00e0 passer ton temps \u00e0 regarder du sport, au moins va le voir en vrai\" ! Depuis, cette remarque ne m'a plus quitt\u00e9 et je passe une grande partie de mon temps libre \u00e0 assister \u00e0 des comp\u00e9titions de tous sports. Je m\u00eale d'ailleurs mes deux passions, le sport et les voyages afin de faire une pierre deux coups ! Outre l'US Open ou l'Euro 2021 par exemple, j'ai assist\u00e9 cet \u00e9t\u00e9 aux Mondiaux d'athl\u00e9tisme \u00e0 Budapest. Mon plus gros coup dur est et restera les JO 2020-2021 pour lesquels j'avais r\u00e9serv\u00e9 17 \u00e9preuves. La suite, vous la connaissez...","sameAs":["https:\/\/x.com\/https:\/\/x.com\/VictorClotAmiot"],"url":"https:\/\/dicodusport.fr\/blog\/author\/victor-clot-amiot\/"}]}},"_links":{"self":[{"href":"https:\/\/dicodusport.fr\/blog\/wp-json\/wp\/v2\/posts\/605618","targetHints":{"allow":["GET"]}}],"collection":[{"href":"https:\/\/dicodusport.fr\/blog\/wp-json\/wp\/v2\/posts"}],"about":[{"href":"https:\/\/dicodusport.fr\/blog\/wp-json\/wp\/v2\/types\/post"}],"author":[{"embeddable":true,"href":"https:\/\/dicodusport.fr\/blog\/wp-json\/wp\/v2\/users\/91"}],"replies":[{"embeddable":true,"href":"https:\/\/dicodusport.fr\/blog\/wp-json\/wp\/v2\/comments?post=605618"}],"version-history":[{"count":5,"href":"https:\/\/dicodusport.fr\/blog\/wp-json\/wp\/v2\/posts\/605618\/revisions"}],"predecessor-version":[{"id":605702,"href":"https:\/\/dicodusport.fr\/blog\/wp-json\/wp\/v2\/posts\/605618\/revisions\/605702"}],"wp:featuredmedia":[{"embeddable":true,"href":"https:\/\/dicodusport.fr\/blog\/wp-json\/wp\/v2\/media\/605720"}],"wp:attachment":[{"href":"https:\/\/dicodusport.fr\/blog\/wp-json\/wp\/v2\/media?parent=605618"}],"wp:term":[{"taxonomy":"category","embeddable":true,"href":"https:\/\/dicodusport.fr\/blog\/wp-json\/wp\/v2\/categories?post=605618"},{"taxonomy":"post_tag","embeddable":true,"href":"https:\/\/dicodusport.fr\/blog\/wp-json\/wp\/v2\/tags?post=605618"}],"curies":[{"name":"wp","href":"https:\/\/api.w.org\/{rel}","templated":true}]}}