{"id":605791,"date":"2025-08-27T09:05:02","date_gmt":"2025-08-27T07:05:02","guid":{"rendered":"https:\/\/dicodusport.fr\/blog\/?p=605791&#038;preview=true&#038;preview_id=605791"},"modified":"2025-08-27T09:10:51","modified_gmt":"2025-08-27T07:10:51","slug":"transferts-ol-la-pepite-enzo-molebe-devrait-quitter-lyon-pour-lespagne","status":"publish","type":"post","link":"https:\/\/dicodusport.fr\/blog\/transferts-ol-la-pepite-enzo-molebe-devrait-quitter-lyon-pour-lespagne\/","title":{"rendered":"Transferts OL : La p\u00e9pite Enzo Molebe devrait quitter Lyon pour l&rsquo;Espagne"},"content":{"rendered":"<p style=\"text-align: justify;\"><em><strong>TRANSFERTS OM &#8211; Selon <a href=\"https:\/\/rmcsport.bfmtv.com\/football\/transferts\/direct-mercato-toutes-les-infos-et-rumeurs-de-transfert-du-25-aout-en-live_LN-202508250221.html#article_417070\" target=\"_blank\" rel=\"noopener\">RMC Sport<\/a>, le jeune Enzo Molebe devrait quitter Lyon pour rejoindre S\u00e9ville en Espagne.<br \/>\n<\/strong><\/em><\/p>\n<ul style=\"text-align: justify;\">\n<li><strong>\u00c0 ce sujet &#8211; <a href=\"https:\/\/dicodusport.fr\/blog\/transferts-om-dani-ceballos-veut-signer-a-marseille\/\" target=\"_blank\" rel=\"noopener\">Transferts OM : Dani Ceballos veut signer \u00e0 Marseille<\/a><\/strong><\/li>\n<\/ul>\n<p style=\"text-align: justify;\">L&rsquo;<strong>Olympique Lyonnais<\/strong> a r\u00e9alis\u00e9 un bon mercato, si on prend en consid\u00e9ration les soucis financiers du d\u00e9but de l&rsquo;\u00e9t\u00e9. Les <strong>Gones<\/strong> ont notamment r\u00e9alis\u00e9 le joli coup <strong>Tyler<\/strong> <strong>Morton,<\/strong> qui a \u00e9t\u00e9 \u00e9poustouflant lors de ses deux premi\u00e8res sorties. <strong>Malick<\/strong> <strong>Fofana<\/strong>, annonc\u00e9 partant depuis plusieurs semaines, est pour le moment toujours \u00e0 <strong>Lyon<\/strong>.<\/p>\n<h2 style=\"text-align: justify;\">Enzo Molebe vers S\u00e9ville<\/h2>\n<p style=\"text-align: justify;\">Mais le Belge pourrait quitter le navire pour renflouer les caisses, tout comme <strong>Sa\u00ebl<\/strong> <strong>Kumbedi<\/strong> qui est attendu dans les prochaines heures en Allemagne. Lyon pourrait \u00e9galement c\u00e9der une jeune p\u00e9pite de son centre de formation d&rsquo;ici \u00e0 la fin du mois d&rsquo;ao\u00fbt. <strong>Enzo Molebe<\/strong> n&rsquo;a jamais jou\u00e9 chez les professionnels, mais poss\u00e8de d\u00e9j\u00e0 une belle cote.<\/p>\n<ul style=\"text-align: justify;\">\n<li><strong>\u00c0 ce sujet &#8211; <a href=\"https:\/\/dicodusport.fr\/blog\/transferts-ol-sael-kumbedi-devrait-quitter-lyon-pour-lallemagne\/\">Transferts OL : Sa\u00ebl Kumbedi devrait quitter Lyon pour l\u2019Allemagne<\/a><\/strong><\/li>\n<\/ul>\n<p style=\"text-align: justify;\">Selon nos confr\u00e8res, le <strong>FC<\/strong> <strong>S\u00e9ville<\/strong> est tr\u00e8s int\u00e9ress\u00e9 par le profil de l&rsquo;international U18 fran\u00e7ais. Des discussions sont en cours avec l&rsquo;<strong>Olympique Lyonnais<\/strong> pour un transfert sec, qui pourrait aller jusqu&rsquo;\u00e0 10 millions d&rsquo;euros. <strong>Lyon<\/strong> continue donc de profiter de la qualit\u00e9 de son centre de formation pour engranger du cash et rembourser sa dette.<\/p>\n<div class=\"vlp-link-container vlp-layout-article\"><a href=\"https:\/\/dicodusport.fr\/blog\/mercato-ol-2025-2026-le-tableau-complet-des-transferts-arrivees-et-departs\/\" class=\"vlp-link\" title=\"Mercato OL 2025-2026 : Le tableau complet des transferts, arriv\u00e9es et d\u00e9parts\"><\/a><div class=\"vlp-layout-zone-side\"><div class=\"vlp-block-4 vlp-link-image\"><img loading=\"lazy\" decoding=\"async\" style=\"max-width: 792px;\" width=\"792\" height=\"445\" src=\"https:\/\/dicodusport.fr\/blog\/wp-content\/uploads\/2025\/05\/Mercato-OL-2025-2026-Le-tableau-complet-des-transferts-arrivees-et-departs.png\" class=\"attachment-800x445 size-800x445\" alt=\"Mercato OL 2025-2026 Le tableau complet des transferts, arriv\u00e9es et d\u00e9parts\" srcset=\"https:\/\/dicodusport.fr\/blog\/wp-content\/uploads\/2025\/05\/Mercato-OL-2025-2026-Le-tableau-complet-des-transferts-arrivees-et-departs.png 1200w, https:\/\/dicodusport.fr\/blog\/wp-content\/uploads\/2025\/05\/Mercato-OL-2025-2026-Le-tableau-complet-des-transferts-arrivees-et-departs-300x169.png 300w, https:\/\/dicodusport.fr\/blog\/wp-content\/uploads\/2025\/05\/Mercato-OL-2025-2026-Le-tableau-complet-des-transferts-arrivees-et-departs-1024x575.png 1024w, https:\/\/dicodusport.fr\/blog\/wp-content\/uploads\/2025\/05\/Mercato-OL-2025-2026-Le-tableau-complet-des-transferts-arrivees-et-departs-768x431.png 768w\" sizes=\"auto, (max-width: 792px) 100vw, 792px\" \/><\/div><\/div><div class=\"vlp-layout-zone-main\"><div class=\"vlp-block-0 vlp-link-title\">Mercato OL 2025-2026 : Le tableau complet des transferts, arriv\u00e9es et d\u00e9parts<\/div><div class=\"vlp-block-1 vlp-link-summary\">TRANSFERTS OL - Retrouvez tous les mouvements de l'Olympique Lyonnais pour l'intersaison 2025 en Ligue 1. Arriv\u00e9es, d\u00e9part, pr\u00eats, transferts d\u00e9finitifs, ne ratez rien du mercato estival.\u00a0<\/div><div class=\"vlp-block-2 vlp-link-button\">Lire l'article<\/div><div class=\"vlp-block-3 vlp-link-url\">dicodusport.fr<\/div><\/div><\/div>\n<p style=\"text-align: justify;\">\n","protected":false},"excerpt":{"rendered":"<p>TRANSFERTS OM &#8211; Selon RMC Sport, le jeune Enzo Molebe devrait quitter Lyon pour rejoindre S\u00e9ville en Espagne.<\/p>\n","protected":false},"author":1,"featured_media":605792,"comment_status":"open","ping_status":"closed","sticky":false,"template":"","format":"standard","meta":{"_acf_changed":false,"_daextam_enable_autolinks":"1","footnotes":""},"categories":[2301,47045],"tags":[16878,449,1145],"class_list":["post-605791","post","type-post","status-publish","format-standard","has-post-thumbnail","hentry","category-football","category-ligue-1","tag-breve","tag-lyon","tag-ol"],"acf":[],"yoast_head":"<!-- This site is optimized with the Yoast SEO Premium plugin v26.7 (Yoast SEO v26.7) - https:\/\/yoast.com\/wordpress\/plugins\/seo\/ -->\n<title>Transferts OL : La p\u00e9pite Enzo Molebe devrait quitter Lyon pour l&#039;Espagne<\/title>\n<meta name=\"description\" content=\"TRANSFERTS OM - Selon RMC Sport, le jeune Enzo Molebe devrait quitter Lyon pour rejoindre S\u00e9ville en Espagne.\" \/>\n<meta name=\"robots\" content=\"index, follow, max-snippet:-1, max-image-preview:large, max-video-preview:-1\" \/>\n<link rel=\"canonical\" href=\"https:\/\/dicodusport.fr\/blog\/transferts-ol-la-pepite-enzo-molebe-devrait-quitter-lyon-pour-lespagne\/\" \/>\n<meta property=\"og:locale\" content=\"fr_FR\" \/>\n<meta property=\"og:type\" content=\"article\" \/>\n<meta property=\"og:title\" content=\"Transferts OL : La p\u00e9pite Enzo Molebe devrait quitter Lyon pour l&#039;Espagne\" \/>\n<meta property=\"og:description\" content=\"TRANSFERTS OM - Selon RMC Sport, le jeune Enzo Molebe devrait quitter Lyon pour rejoindre S\u00e9ville en Espagne.\" \/>\n<meta property=\"og:url\" content=\"https:\/\/dicodusport.fr\/blog\/transferts-ol-la-pepite-enzo-molebe-devrait-quitter-lyon-pour-lespagne\/\" \/>\n<meta property=\"og:site_name\" content=\"Dicodusport\" \/>\n<meta property=\"article:publisher\" content=\"https:\/\/www.facebook.com\/dicodusport\" \/>\n<meta property=\"article:author\" content=\"https:\/\/www.facebook.com\/dicodusport\" \/>\n<meta property=\"article:published_time\" content=\"2025-08-27T07:05:02+00:00\" \/>\n<meta property=\"article:modified_time\" content=\"2025-08-27T07:10:51+00:00\" \/>\n<meta property=\"og:image\" content=\"https:\/\/dicodusport.fr\/blog\/wp-content\/uploads\/2025\/08\/Transferts-OL-La-pepite-Enzo-Molebe-devrait-quitter-Lyon-pour-lEspagne.png\" \/>\n\t<meta property=\"og:image:width\" content=\"1200\" \/>\n\t<meta property=\"og:image:height\" content=\"674\" \/>\n\t<meta property=\"og:image:type\" content=\"image\/png\" \/>\n<meta name=\"author\" content=\"Nicolas Jacquemard\" \/>\n<meta name=\"twitter:card\" content=\"summary_large_image\" \/>\n<meta name=\"twitter:title\" content=\"Transferts OL : La p\u00e9pite Enzo Molebe devrait quitter Lyon pour l&#039;Espagne\" \/>\n<meta name=\"twitter:creator\" content=\"@https:\/\/twitter.com\/Nico_Jacquemard\" \/>\n<meta name=\"twitter:site\" content=\"@dicodusport\" \/>\n<script type=\"application\/ld+json\" class=\"yoast-schema-graph\">{\"@context\":\"https:\/\/schema.org\",\"@graph\":[{\"@type\":\"NewsArticle\",\"@id\":\"https:\/\/dicodusport.fr\/blog\/transferts-ol-la-pepite-enzo-molebe-devrait-quitter-lyon-pour-lespagne\/#article\",\"isPartOf\":{\"@id\":\"https:\/\/dicodusport.fr\/blog\/transferts-ol-la-pepite-enzo-molebe-devrait-quitter-lyon-pour-lespagne\/\"},\"author\":{\"name\":\"Nicolas Jacquemard\",\"@id\":\"https:\/\/dicodusport.fr\/blog\/#\/schema\/person\/55dcb50ad410894e431ed812bbb70191\"},\"headline\":\"Transferts OL : La p\u00e9pite Enzo Molebe devrait quitter Lyon pour l&rsquo;Espagne\",\"datePublished\":\"2025-08-27T07:05:02+00:00\",\"dateModified\":\"2025-08-27T07:10:51+00:00\",\"mainEntityOfPage\":{\"@id\":\"https:\/\/dicodusport.fr\/blog\/transferts-ol-la-pepite-enzo-molebe-devrait-quitter-lyon-pour-lespagne\/\"},\"wordCount\":337,\"commentCount\":1,\"publisher\":{\"@id\":\"https:\/\/dicodusport.fr\/blog\/#organization\"},\"image\":{\"@id\":\"https:\/\/dicodusport.fr\/blog\/transferts-ol-la-pepite-enzo-molebe-devrait-quitter-lyon-pour-lespagne\/#primaryimage\"},\"thumbnailUrl\":\"https:\/\/dicodusport.fr\/blog\/wp-content\/uploads\/2025\/08\/Transferts-OL-La-pepite-Enzo-Molebe-devrait-quitter-Lyon-pour-lEspagne.png\",\"keywords\":[\"br\u00e8ve\",\"Lyon\",\"OL\"],\"articleSection\":[\"Football\",\"Ligue 1\"],\"inLanguage\":\"fr-FR\",\"potentialAction\":[{\"@type\":\"CommentAction\",\"name\":\"Comment\",\"target\":[\"https:\/\/dicodusport.fr\/blog\/transferts-ol-la-pepite-enzo-molebe-devrait-quitter-lyon-pour-lespagne\/#respond\"]}],\"copyrightYear\":\"2025\",\"copyrightHolder\":{\"@id\":\"https:\/\/dicodusport.fr\/blog\/#organization\"}},{\"@type\":\"WebPage\",\"@id\":\"https:\/\/dicodusport.fr\/blog\/transferts-ol-la-pepite-enzo-molebe-devrait-quitter-lyon-pour-lespagne\/\",\"url\":\"https:\/\/dicodusport.fr\/blog\/transferts-ol-la-pepite-enzo-molebe-devrait-quitter-lyon-pour-lespagne\/\",\"name\":\"Transferts OL : La p\u00e9pite Enzo Molebe devrait quitter Lyon pour l'Espagne\",\"isPartOf\":{\"@id\":\"https:\/\/dicodusport.fr\/blog\/#website\"},\"primaryImageOfPage\":{\"@id\":\"https:\/\/dicodusport.fr\/blog\/transferts-ol-la-pepite-enzo-molebe-devrait-quitter-lyon-pour-lespagne\/#primaryimage\"},\"image\":{\"@id\":\"https:\/\/dicodusport.fr\/blog\/transferts-ol-la-pepite-enzo-molebe-devrait-quitter-lyon-pour-lespagne\/#primaryimage\"},\"thumbnailUrl\":\"https:\/\/dicodusport.fr\/blog\/wp-content\/uploads\/2025\/08\/Transferts-OL-La-pepite-Enzo-Molebe-devrait-quitter-Lyon-pour-lEspagne.png\",\"datePublished\":\"2025-08-27T07:05:02+00:00\",\"dateModified\":\"2025-08-27T07:10:51+00:00\",\"description\":\"TRANSFERTS OM - Selon RMC Sport, le jeune Enzo Molebe devrait quitter Lyon pour rejoindre S\u00e9ville en Espagne.\",\"breadcrumb\":{\"@id\":\"https:\/\/dicodusport.fr\/blog\/transferts-ol-la-pepite-enzo-molebe-devrait-quitter-lyon-pour-lespagne\/#breadcrumb\"},\"inLanguage\":\"fr-FR\",\"potentialAction\":[{\"@type\":\"ReadAction\",\"target\":[\"https:\/\/dicodusport.fr\/blog\/transferts-ol-la-pepite-enzo-molebe-devrait-quitter-lyon-pour-lespagne\/\"]}]},{\"@type\":\"ImageObject\",\"inLanguage\":\"fr-FR\",\"@id\":\"https:\/\/dicodusport.fr\/blog\/transferts-ol-la-pepite-enzo-molebe-devrait-quitter-lyon-pour-lespagne\/#primaryimage\",\"url\":\"https:\/\/dicodusport.fr\/blog\/wp-content\/uploads\/2025\/08\/Transferts-OL-La-pepite-Enzo-Molebe-devrait-quitter-Lyon-pour-lEspagne.png\",\"contentUrl\":\"https:\/\/dicodusport.fr\/blog\/wp-content\/uploads\/2025\/08\/Transferts-OL-La-pepite-Enzo-Molebe-devrait-quitter-Lyon-pour-lEspagne.png\",\"width\":1200,\"height\":674},{\"@type\":\"BreadcrumbList\",\"@id\":\"https:\/\/dicodusport.fr\/blog\/transferts-ol-la-pepite-enzo-molebe-devrait-quitter-lyon-pour-lespagne\/#breadcrumb\",\"itemListElement\":[{\"@type\":\"ListItem\",\"position\":1,\"name\":\"Accueil\",\"item\":\"https:\/\/dicodusport.fr\/blog\/\"},{\"@type\":\"ListItem\",\"position\":2,\"name\":\"Transferts OL : La p\u00e9pite Enzo Molebe devrait quitter Lyon pour l&rsquo;Espagne\"}]},{\"@type\":\"WebSite\",\"@id\":\"https:\/\/dicodusport.fr\/blog\/#website\",\"url\":\"https:\/\/dicodusport.fr\/blog\/\",\"name\":\"Dicodusport\",\"description\":\"L&#039;encyclop\u00e9die de l&#039;actualit\u00e9 sportive\",\"publisher\":{\"@id\":\"https:\/\/dicodusport.fr\/blog\/#organization\"},\"potentialAction\":[{\"@type\":\"SearchAction\",\"target\":{\"@type\":\"EntryPoint\",\"urlTemplate\":\"https:\/\/dicodusport.fr\/blog\/?s={search_term_string}\"},\"query-input\":{\"@type\":\"PropertyValueSpecification\",\"valueRequired\":true,\"valueName\":\"search_term_string\"}}],\"inLanguage\":\"fr-FR\"},{\"@type\":\"NewsMediaOrganization\",\"@id\":\"https:\/\/dicodusport.fr\/blog\/#organization\",\"name\":\"Dicodusport\",\"url\":\"https:\/\/dicodusport.fr\/blog\/\",\"logo\":{\"@type\":\"ImageObject\",\"inLanguage\":\"fr-FR\",\"@id\":\"https:\/\/dicodusport.fr\/blog\/#\/schema\/logo\/image\/\",\"url\":\"https:\/\/dicodusport.fr\/blog\/wp-content\/uploads\/2020\/06\/cropped-LOGO-DICODUSPORT-2020-SANS-FOND-SANS-TEXTE.png\",\"contentUrl\":\"https:\/\/dicodusport.fr\/blog\/wp-content\/uploads\/2020\/06\/cropped-LOGO-DICODUSPORT-2020-SANS-FOND-SANS-TEXTE.png\",\"width\":512,\"height\":512,\"caption\":\"Dicodusport\"},\"image\":{\"@id\":\"https:\/\/dicodusport.fr\/blog\/#\/schema\/logo\/image\/\"},\"sameAs\":[\"https:\/\/www.facebook.com\/dicodusport\",\"https:\/\/x.com\/dicodusport\",\"https:\/\/www.instagram.com\/dicodusport\/\",\"https:\/\/www.youtube.com\/channel\/UC7V2KZ5sd3htJivAbA4ZG3w\"],\"description\":\"Dicodusport est l'encyclop\u00e9die de l'actualit\u00e9 sportive.\",\"email\":\"bonjour@dicodusport.fr\",\"legalName\":\"DICODUSPORT\",\"foundingDate\":\"2018-01-14\",\"vatID\":\"FR71834470973\",\"taxID\":\"83447097300043\",\"numberOfEmployees\":{\"@type\":\"QuantitativeValue\",\"minValue\":\"1\",\"maxValue\":\"10\"}},{\"@type\":\"Person\",\"@id\":\"https:\/\/dicodusport.fr\/blog\/#\/schema\/person\/55dcb50ad410894e431ed812bbb70191\",\"name\":\"Nicolas Jacquemard\",\"image\":{\"@type\":\"ImageObject\",\"inLanguage\":\"fr-FR\",\"@id\":\"https:\/\/dicodusport.fr\/blog\/#\/schema\/person\/image\/\",\"url\":\"https:\/\/dicodusport.fr\/blog\/wp-content\/uploads\/2021\/05\/Nicolas-Jacquemard-150x150.jpeg\",\"contentUrl\":\"https:\/\/dicodusport.fr\/blog\/wp-content\/uploads\/2021\/05\/Nicolas-Jacquemard-150x150.jpeg\",\"caption\":\"Nicolas Jacquemard\"},\"description\":\"Passionn\u00e9 de sport et entrepreneur depuis mes 18 ans, la cr\u00e9ation de Dicodusport m'a sembl\u00e9 \u00e9vidente pour participer \u00e0 la m\u00e9diatisation d'un plus grand nombre de sports. Le chemin est long mais avec une \u00e9quipe des plus motiv\u00e9es et les Jeux Olympiques de Paris 2024 en point de mire, nous y arriverons ! Journaliste dans le monde du sport depuis plus de 5 ans, je traite aussi bien de football, de rugby, de biathlon que de cyclisme.\",\"sameAs\":[\"https:\/\/www.facebook.com\/dicodusport\",\"https:\/\/x.com\/https:\/\/twitter.com\/Nico_Jacquemard\"],\"url\":\"https:\/\/dicodusport.fr\/blog\/author\/dicodusport\/\"}]}<\/script>\n<!-- \/ Yoast SEO Premium plugin. -->","yoast_head_json":{"title":"Transferts OL : La p\u00e9pite Enzo Molebe devrait quitter Lyon pour l'Espagne","description":"TRANSFERTS OM - Selon RMC Sport, le jeune Enzo Molebe devrait quitter Lyon pour rejoindre S\u00e9ville en Espagne.","robots":{"index":"index","follow":"follow","max-snippet":"max-snippet:-1","max-image-preview":"max-image-preview:large","max-video-preview":"max-video-preview:-1"},"canonical":"https:\/\/dicodusport.fr\/blog\/transferts-ol-la-pepite-enzo-molebe-devrait-quitter-lyon-pour-lespagne\/","og_locale":"fr_FR","og_type":"article","og_title":"Transferts OL : La p\u00e9pite Enzo Molebe devrait quitter Lyon pour l'Espagne","og_description":"TRANSFERTS OM - Selon RMC Sport, le jeune Enzo Molebe devrait quitter Lyon pour rejoindre S\u00e9ville en Espagne.","og_url":"https:\/\/dicodusport.fr\/blog\/transferts-ol-la-pepite-enzo-molebe-devrait-quitter-lyon-pour-lespagne\/","og_site_name":"Dicodusport","article_publisher":"https:\/\/www.facebook.com\/dicodusport","article_author":"https:\/\/www.facebook.com\/dicodusport","article_published_time":"2025-08-27T07:05:02+00:00","article_modified_time":"2025-08-27T07:10:51+00:00","og_image":[{"width":1200,"height":674,"url":"https:\/\/dicodusport.fr\/blog\/wp-content\/uploads\/2025\/08\/Transferts-OL-La-pepite-Enzo-Molebe-devrait-quitter-Lyon-pour-lEspagne.png","type":"image\/png"}],"author":"Nicolas Jacquemard","twitter_card":"summary_large_image","twitter_title":"Transferts OL : La p\u00e9pite Enzo Molebe devrait quitter Lyon pour l'Espagne","twitter_creator":"@https:\/\/twitter.com\/Nico_Jacquemard","twitter_site":"@dicodusport","schema":{"@context":"https:\/\/schema.org","@graph":[{"@type":"NewsArticle","@id":"https:\/\/dicodusport.fr\/blog\/transferts-ol-la-pepite-enzo-molebe-devrait-quitter-lyon-pour-lespagne\/#article","isPartOf":{"@id":"https:\/\/dicodusport.fr\/blog\/transferts-ol-la-pepite-enzo-molebe-devrait-quitter-lyon-pour-lespagne\/"},"author":{"name":"Nicolas Jacquemard","@id":"https:\/\/dicodusport.fr\/blog\/#\/schema\/person\/55dcb50ad410894e431ed812bbb70191"},"headline":"Transferts OL : La p\u00e9pite Enzo Molebe devrait quitter Lyon pour l&rsquo;Espagne","datePublished":"2025-08-27T07:05:02+00:00","dateModified":"2025-08-27T07:10:51+00:00","mainEntityOfPage":{"@id":"https:\/\/dicodusport.fr\/blog\/transferts-ol-la-pepite-enzo-molebe-devrait-quitter-lyon-pour-lespagne\/"},"wordCount":337,"commentCount":1,"publisher":{"@id":"https:\/\/dicodusport.fr\/blog\/#organization"},"image":{"@id":"https:\/\/dicodusport.fr\/blog\/transferts-ol-la-pepite-enzo-molebe-devrait-quitter-lyon-pour-lespagne\/#primaryimage"},"thumbnailUrl":"https:\/\/dicodusport.fr\/blog\/wp-content\/uploads\/2025\/08\/Transferts-OL-La-pepite-Enzo-Molebe-devrait-quitter-Lyon-pour-lEspagne.png","keywords":["br\u00e8ve","Lyon","OL"],"articleSection":["Football","Ligue 1"],"inLanguage":"fr-FR","potentialAction":[{"@type":"CommentAction","name":"Comment","target":["https:\/\/dicodusport.fr\/blog\/transferts-ol-la-pepite-enzo-molebe-devrait-quitter-lyon-pour-lespagne\/#respond"]}],"copyrightYear":"2025","copyrightHolder":{"@id":"https:\/\/dicodusport.fr\/blog\/#organization"}},{"@type":"WebPage","@id":"https:\/\/dicodusport.fr\/blog\/transferts-ol-la-pepite-enzo-molebe-devrait-quitter-lyon-pour-lespagne\/","url":"https:\/\/dicodusport.fr\/blog\/transferts-ol-la-pepite-enzo-molebe-devrait-quitter-lyon-pour-lespagne\/","name":"Transferts OL : La p\u00e9pite Enzo Molebe devrait quitter Lyon pour l'Espagne","isPartOf":{"@id":"https:\/\/dicodusport.fr\/blog\/#website"},"primaryImageOfPage":{"@id":"https:\/\/dicodusport.fr\/blog\/transferts-ol-la-pepite-enzo-molebe-devrait-quitter-lyon-pour-lespagne\/#primaryimage"},"image":{"@id":"https:\/\/dicodusport.fr\/blog\/transferts-ol-la-pepite-enzo-molebe-devrait-quitter-lyon-pour-lespagne\/#primaryimage"},"thumbnailUrl":"https:\/\/dicodusport.fr\/blog\/wp-content\/uploads\/2025\/08\/Transferts-OL-La-pepite-Enzo-Molebe-devrait-quitter-Lyon-pour-lEspagne.png","datePublished":"2025-08-27T07:05:02+00:00","dateModified":"2025-08-27T07:10:51+00:00","description":"TRANSFERTS OM - Selon RMC Sport, le jeune Enzo Molebe devrait quitter Lyon pour rejoindre S\u00e9ville en Espagne.","breadcrumb":{"@id":"https:\/\/dicodusport.fr\/blog\/transferts-ol-la-pepite-enzo-molebe-devrait-quitter-lyon-pour-lespagne\/#breadcrumb"},"inLanguage":"fr-FR","potentialAction":[{"@type":"ReadAction","target":["https:\/\/dicodusport.fr\/blog\/transferts-ol-la-pepite-enzo-molebe-devrait-quitter-lyon-pour-lespagne\/"]}]},{"@type":"ImageObject","inLanguage":"fr-FR","@id":"https:\/\/dicodusport.fr\/blog\/transferts-ol-la-pepite-enzo-molebe-devrait-quitter-lyon-pour-lespagne\/#primaryimage","url":"https:\/\/dicodusport.fr\/blog\/wp-content\/uploads\/2025\/08\/Transferts-OL-La-pepite-Enzo-Molebe-devrait-quitter-Lyon-pour-lEspagne.png","contentUrl":"https:\/\/dicodusport.fr\/blog\/wp-content\/uploads\/2025\/08\/Transferts-OL-La-pepite-Enzo-Molebe-devrait-quitter-Lyon-pour-lEspagne.png","width":1200,"height":674},{"@type":"BreadcrumbList","@id":"https:\/\/dicodusport.fr\/blog\/transferts-ol-la-pepite-enzo-molebe-devrait-quitter-lyon-pour-lespagne\/#breadcrumb","itemListElement":[{"@type":"ListItem","position":1,"name":"Accueil","item":"https:\/\/dicodusport.fr\/blog\/"},{"@type":"ListItem","position":2,"name":"Transferts OL : La p\u00e9pite Enzo Molebe devrait quitter Lyon pour l&rsquo;Espagne"}]},{"@type":"WebSite","@id":"https:\/\/dicodusport.fr\/blog\/#website","url":"https:\/\/dicodusport.fr\/blog\/","name":"Dicodusport","description":"L&#039;encyclop\u00e9die de l&#039;actualit\u00e9 sportive","publisher":{"@id":"https:\/\/dicodusport.fr\/blog\/#organization"},"potentialAction":[{"@type":"SearchAction","target":{"@type":"EntryPoint","urlTemplate":"https:\/\/dicodusport.fr\/blog\/?s={search_term_string}"},"query-input":{"@type":"PropertyValueSpecification","valueRequired":true,"valueName":"search_term_string"}}],"inLanguage":"fr-FR"},{"@type":"NewsMediaOrganization","@id":"https:\/\/dicodusport.fr\/blog\/#organization","name":"Dicodusport","url":"https:\/\/dicodusport.fr\/blog\/","logo":{"@type":"ImageObject","inLanguage":"fr-FR","@id":"https:\/\/dicodusport.fr\/blog\/#\/schema\/logo\/image\/","url":"https:\/\/dicodusport.fr\/blog\/wp-content\/uploads\/2020\/06\/cropped-LOGO-DICODUSPORT-2020-SANS-FOND-SANS-TEXTE.png","contentUrl":"https:\/\/dicodusport.fr\/blog\/wp-content\/uploads\/2020\/06\/cropped-LOGO-DICODUSPORT-2020-SANS-FOND-SANS-TEXTE.png","width":512,"height":512,"caption":"Dicodusport"},"image":{"@id":"https:\/\/dicodusport.fr\/blog\/#\/schema\/logo\/image\/"},"sameAs":["https:\/\/www.facebook.com\/dicodusport","https:\/\/x.com\/dicodusport","https:\/\/www.instagram.com\/dicodusport\/","https:\/\/www.youtube.com\/channel\/UC7V2KZ5sd3htJivAbA4ZG3w"],"description":"Dicodusport est l'encyclop\u00e9die de l'actualit\u00e9 sportive.","email":"bonjour@dicodusport.fr","legalName":"DICODUSPORT","foundingDate":"2018-01-14","vatID":"FR71834470973","taxID":"83447097300043","numberOfEmployees":{"@type":"QuantitativeValue","minValue":"1","maxValue":"10"}},{"@type":"Person","@id":"https:\/\/dicodusport.fr\/blog\/#\/schema\/person\/55dcb50ad410894e431ed812bbb70191","name":"Nicolas Jacquemard","image":{"@type":"ImageObject","inLanguage":"fr-FR","@id":"https:\/\/dicodusport.fr\/blog\/#\/schema\/person\/image\/","url":"https:\/\/dicodusport.fr\/blog\/wp-content\/uploads\/2021\/05\/Nicolas-Jacquemard-150x150.jpeg","contentUrl":"https:\/\/dicodusport.fr\/blog\/wp-content\/uploads\/2021\/05\/Nicolas-Jacquemard-150x150.jpeg","caption":"Nicolas Jacquemard"},"description":"Passionn\u00e9 de sport et entrepreneur depuis mes 18 ans, la cr\u00e9ation de Dicodusport m'a sembl\u00e9 \u00e9vidente pour participer \u00e0 la m\u00e9diatisation d'un plus grand nombre de sports. Le chemin est long mais avec une \u00e9quipe des plus motiv\u00e9es et les Jeux Olympiques de Paris 2024 en point de mire, nous y arriverons ! Journaliste dans le monde du sport depuis plus de 5 ans, je traite aussi bien de football, de rugby, de biathlon que de cyclisme.","sameAs":["https:\/\/www.facebook.com\/dicodusport","https:\/\/x.com\/https:\/\/twitter.com\/Nico_Jacquemard"],"url":"https:\/\/dicodusport.fr\/blog\/author\/dicodusport\/"}]}},"_links":{"self":[{"href":"https:\/\/dicodusport.fr\/blog\/wp-json\/wp\/v2\/posts\/605791","targetHints":{"allow":["GET"]}}],"collection":[{"href":"https:\/\/dicodusport.fr\/blog\/wp-json\/wp\/v2\/posts"}],"about":[{"href":"https:\/\/dicodusport.fr\/blog\/wp-json\/wp\/v2\/types\/post"}],"author":[{"embeddable":true,"href":"https:\/\/dicodusport.fr\/blog\/wp-json\/wp\/v2\/users\/1"}],"replies":[{"embeddable":true,"href":"https:\/\/dicodusport.fr\/blog\/wp-json\/wp\/v2\/comments?post=605791"}],"version-history":[{"count":3,"href":"https:\/\/dicodusport.fr\/blog\/wp-json\/wp\/v2\/posts\/605791\/revisions"}],"predecessor-version":[{"id":605797,"href":"https:\/\/dicodusport.fr\/blog\/wp-json\/wp\/v2\/posts\/605791\/revisions\/605797"}],"wp:featuredmedia":[{"embeddable":true,"href":"https:\/\/dicodusport.fr\/blog\/wp-json\/wp\/v2\/media\/605792"}],"wp:attachment":[{"href":"https:\/\/dicodusport.fr\/blog\/wp-json\/wp\/v2\/media?parent=605791"}],"wp:term":[{"taxonomy":"category","embeddable":true,"href":"https:\/\/dicodusport.fr\/blog\/wp-json\/wp\/v2\/categories?post=605791"},{"taxonomy":"post_tag","embeddable":true,"href":"https:\/\/dicodusport.fr\/blog\/wp-json\/wp\/v2\/tags?post=605791"}],"curies":[{"name":"wp","href":"https:\/\/api.w.org\/{rel}","templated":true}]}}