{"id":605793,"date":"2025-08-27T13:00:31","date_gmt":"2025-08-27T11:00:31","guid":{"rendered":"https:\/\/dicodusport.fr\/blog\/?p=605793&#038;preview=true&#038;preview_id=605793"},"modified":"2025-08-27T09:29:21","modified_gmt":"2025-08-27T07:29:21","slug":"lens-brest-chaine-tv-compositions-heure-et-cotes","status":"publish","type":"post","link":"https:\/\/dicodusport.fr\/blog\/lens-brest-chaine-tv-compositions-heure-et-cotes\/","title":{"rendered":"Lens-Brest : Cha\u00eene TV, Compositions, Heure et Cotes"},"content":{"rendered":"<p style=\"text-align: justify;\"><strong><em>LIGUE 1 2025-2026 &#8211; <\/em><em>\u00c0 quelle heure et sur quelle cha\u00eene TV suivre le match de Ligue 1 entre le RC Lens et le Stade Brestois ? Retrouvez \u00e9galement les compositions des deux \u00e9quipes<\/em><em>.<\/em><\/strong><\/p>\n<p style=\"text-align: justify;\">La rencontre entre le <a href=\"https:\/\/dicodusport.fr\/blog\/mercato-lens-2025-2026-le-tableau-complet-des-transferts-arrivees-et-departs\/\"><strong>RC Lens<\/strong><\/a> et le <a href=\"https:\/\/dicodusport.fr\/blog\/mercato-brest-2025-2026-le-tableau-complet-des-transferts-arrivees-et-departs\/\"><strong>Stade Brestois<\/strong><\/a>, comptant pour la troisi\u00e8me journ\u00e9e de Ligue 1 2025\/2026, aura lieu le vendredi 29 ao\u00fbt \u00e0 20h45, au Stade Bollaert-Delelis de Lens.<\/p>\n<ul style=\"text-align: justify;\">\n<li style=\"text-align: justify;\"><strong>\u00c0 ce sujet &#8211; <a href=\"https:\/\/dicodusport.fr\/blog\/classement-ligue-1-2025-2026\/\">Classement Ligue 1 2025-2026<\/a><\/strong><\/li>\n<\/ul>\n<h2 style=\"text-align: justify;\">Lens pour encha\u00eener, Brest pour d\u00e9coller<\/h2>\n<p style=\"text-align: justify;\">Le <strong>RC Lens<\/strong> avait bien mal commenc\u00e9 sa saison. Alors que les espoirs \u00e9taient grands, notamment de par le fait du retour de <strong>Florian Thauvin<\/strong> en Ligue 1, les Sang et Or se sont inclin\u00e9s d&rsquo;entr\u00e9e \u00e0 domicile contre Lyon. N\u00e9anmoins, ils ont redress\u00e9 la barre imm\u00e9diatement en allant s&rsquo;imposer au forceps au Havre, engrangeant ainsi trois premiers points. Avec un match \u00e0 domicile \u00e0 suivre, l&rsquo;occasion est belle d&rsquo;encha\u00eener pour se positionner dans le peloton de t\u00eate.<\/p>\n<div class=\"vlp-link-container vlp-layout-article\"><a href=\"https:\/\/dicodusport.fr\/blog\/ligue-1-2025-2026-j1-lol-gache-la-premiere-de-florian-thauvin-a-bollaert\/\" class=\"vlp-link\" title=\"Ligue 1 2025\/2026 (J1) : L&#039;OL g\u00e2che la premi\u00e8re de Florian Thauvin \u00e0 Bollaert\"><\/a><div class=\"vlp-layout-zone-side\"><div class=\"vlp-block-4 vlp-link-image\"><img loading=\"lazy\" decoding=\"async\" style=\"max-width: 792px;\" width=\"792\" height=\"445\" src=\"https:\/\/dicodusport.fr\/blog\/wp-content\/uploads\/2025\/08\/Ligue-1-20252026-J1-LOL-gache-la-premiere-de-Florian-Thauvin-a-Bollaert.png\" class=\"attachment-800x445 size-800x445\" alt=\"Ligue 1 2025\/2026 (J1) : L&#039;OL g\u00e2che la premi\u00e8re de Florian Thauvin \u00e0 Bollaert\" srcset=\"https:\/\/dicodusport.fr\/blog\/wp-content\/uploads\/2025\/08\/Ligue-1-20252026-J1-LOL-gache-la-premiere-de-Florian-Thauvin-a-Bollaert.png 1200w, https:\/\/dicodusport.fr\/blog\/wp-content\/uploads\/2025\/08\/Ligue-1-20252026-J1-LOL-gache-la-premiere-de-Florian-Thauvin-a-Bollaert-300x169.png 300w, https:\/\/dicodusport.fr\/blog\/wp-content\/uploads\/2025\/08\/Ligue-1-20252026-J1-LOL-gache-la-premiere-de-Florian-Thauvin-a-Bollaert-1024x575.png 1024w, https:\/\/dicodusport.fr\/blog\/wp-content\/uploads\/2025\/08\/Ligue-1-20252026-J1-LOL-gache-la-premiere-de-Florian-Thauvin-a-Bollaert-768x431.png 768w\" sizes=\"auto, (max-width: 792px) 100vw, 792px\" \/><\/div><\/div><div class=\"vlp-layout-zone-main\"><div class=\"vlp-block-0 vlp-link-title\">Ligue 1 2025\/2026 (J1) : L'OL g\u00e2che la premi\u00e8re de Florian Thauvin \u00e0 Bollaert<\/div><div class=\"vlp-block-1 vlp-link-summary\">LIGUE 1 2025-2026 - L'Olympique Lyonnais s'est impos\u00e9 ce samedi \u00e0 Bollaert face au RC Lens, 1-0. Globalement domin\u00e9s par les locaux, les Gones ont pu compter sur un but de Georges Mikautadze en fin de premi\u00e8re p\u00e9riode, et sur le cruel manque d'efficacit\u00e9 de l'attaque lensoise.<\/div><div class=\"vlp-block-2 vlp-link-button\">Lire l'article<\/div><div class=\"vlp-block-3 vlp-link-url\">dicodusport.fr<\/div><\/div><\/div>\n<p style=\"text-align: justify;\">Pour le <strong>Stade Brestois<\/strong>, il n&rsquo;y a pas encore le feu. Mais cela pourrait venir, si les Bretons attaquent la tr\u00eave internationale avec un point en trois matchs. Tenus en \u00e9chec par Lille lors de la premi\u00e8re journ\u00e9e apr\u00e8s un match fantastique, les Ty&rsquo;Zefs ont chut\u00e9 \u00e0 Toulouse samedi, et sont donc pour l&rsquo;instant en queue de peloton. Un r\u00e9sultat \u00e0 Lens pourrait changer cet \u00e9tat de fait et lancer la saison de Brest, qui vise le maintien, et plus si affinit\u00e9s.<\/p>\n<div class=\"vlp-link-container vlp-layout-article\"><a href=\"https:\/\/dicodusport.fr\/blog\/ligue-1-2025-2026-j1-brest-et-lille-se-neutralisent-a-lissue-dun-match-dingue\/\" class=\"vlp-link\" title=\"Ligue 1 2025\/2026 (J1) : Brest et Lille se neutralisent \u00e0 l&#039;issue d&#039;un match dingue\"><\/a><div class=\"vlp-layout-zone-side\"><div class=\"vlp-block-4 vlp-link-image\"><img loading=\"lazy\" decoding=\"async\" style=\"max-width: 792px;\" width=\"792\" height=\"445\" src=\"https:\/\/dicodusport.fr\/blog\/wp-content\/uploads\/2025\/08\/Ligue-1-20252026-J1-Brest-et-Lille-se-neutralisent-a-lissue-dun-match-dingue.png\" class=\"attachment-800x445 size-800x445\" alt=\"Ligue 1 2025\/2026 (J1) : Brest et Lille se neutralisent \u00e0 l&#039;issue d&#039;un match dingue\" srcset=\"https:\/\/dicodusport.fr\/blog\/wp-content\/uploads\/2025\/08\/Ligue-1-20252026-J1-Brest-et-Lille-se-neutralisent-a-lissue-dun-match-dingue.png 1200w, https:\/\/dicodusport.fr\/blog\/wp-content\/uploads\/2025\/08\/Ligue-1-20252026-J1-Brest-et-Lille-se-neutralisent-a-lissue-dun-match-dingue-300x169.png 300w, https:\/\/dicodusport.fr\/blog\/wp-content\/uploads\/2025\/08\/Ligue-1-20252026-J1-Brest-et-Lille-se-neutralisent-a-lissue-dun-match-dingue-1024x575.png 1024w, https:\/\/dicodusport.fr\/blog\/wp-content\/uploads\/2025\/08\/Ligue-1-20252026-J1-Brest-et-Lille-se-neutralisent-a-lissue-dun-match-dingue-768x431.png 768w\" sizes=\"auto, (max-width: 792px) 100vw, 792px\" \/><\/div><\/div><div class=\"vlp-layout-zone-main\"><div class=\"vlp-block-0 vlp-link-title\">Ligue 1 2025\/2026 (J1) : Brest et Lille se neutralisent \u00e0 l'issue d'un match dingue<\/div><div class=\"vlp-block-1 vlp-link-summary\">LIGUE 1 2025-2026 - Au terme d'un match spectaculaire et \u00e0 rebondissements, Brest et Lille se sont partag\u00e9s les points \u00e0 Francis-le-Bl\u00e9, 3-3. Men\u00e9s 2-0 puis 3-2, les Bretons ont fait preuve de r\u00e9silience pour arracher le nul face aux partenaires d'un Olivier Giroud d\u00e9j\u00e0 buteur.<\/div><div class=\"vlp-block-2 vlp-link-button\">Lire l'article<\/div><div class=\"vlp-block-3 vlp-link-url\">dicodusport.fr<\/div><\/div><\/div>\n<p style=\"text-align: justify;\">La saison pass\u00e9e, Lens a remport\u00e9 les deux confrontations directes, <strong>2-0<\/strong> dans le Nord puis <strong>3-1<\/strong> en Bretagne apr\u00e8s un match houleux. Mieux partis, mieux class\u00e9s, les Sang et Or sont logiquement les favoris de la rencontre chez les bookmakers.<\/p>\n<h2 style=\"text-align: justify;\">Ligue 1 : Le programme TV de Lens &#8211; Brest<\/h2>\n<h3 style=\"text-align: justify;\">Vendredi 29 ao\u00fbt 2025<\/h3>\n<p style=\"text-align: justify;\"><b>Match diffus\u00e9 sur Ligue 1 +<\/b>: D\u00e9but du match \u00e0<strong> 20h45.<\/strong><\/p>\n<h2 style=\"text-align: justify;\">Les compositions probables de Lens &#8211; Brest<\/h2>\n<h3 style=\"text-align: justify;\">La composition de Lens<\/h3>\n<p style=\"text-align: justify;\">\u00c0 venir<\/p>\n<h3 style=\"text-align: justify;\">La composition de Brest<\/h3>\n<p style=\"text-align: justify;\">\u00c0 venir<\/p>\n<h2 style=\"text-align: justify;\">Les cotes de Lens &#8211; Brest<\/h2>\n<table style=\"width: 840px;\">\n<tbody>\n<tr style=\"height: 16px;\">\n<td style=\"background-color: #404040; border-color: #ededed; width: 840px; text-align: left;\" colspan=\"3\"><strong><span style=\"font-size: 12px; color: #ffffff;\"><img loading=\"lazy\" decoding=\"async\" class=\"alignnone wp-image-512842\" src=\"https:\/\/dicodusport.fr\/blog\/wp-content\/uploads\/2024\/08\/Logo-Winamax.png\" alt=\"\" width=\"14\" height=\"13\" srcset=\"https:\/\/dicodusport.fr\/blog\/wp-content\/uploads\/2024\/08\/Logo-Winamax.png 290w, https:\/\/dicodusport.fr\/blog\/wp-content\/uploads\/2024\/08\/Logo-Winamax-150x150.png 150w, https:\/\/dicodusport.fr\/blog\/wp-content\/uploads\/2024\/08\/Logo-Winamax-80x80.png 80w\" sizes=\"auto, (max-width: 14px) 100vw, 14px\" \/> Vendredi 29 ao\u00fbt, 20h45<\/span><\/strong><\/td>\n<\/tr>\n<tr style=\"height: 24px;\">\n<td style=\"background-color: #ffffff; border-color: #ededed; vertical-align: middle; text-align: center; width: 266px;\"><span style=\"font-size: 10px;\"><span style=\"font-size: 14px;\"><strong>Lens<br \/>\n<\/strong><\/span><\/span><span style=\"font-size: 10px;\"><a href=\"https:\/\/www.winamax.fr\/paris-sportifs\/match\/61526010?banid=33423\" class=\"su-button su-button-style-flat su-button-wide\" style=\"color:#fff;background-color:#0860ff;border-color:#074dcc;border-radius:5px\" target=\"_blank\" rel=\"noopener noreferrer\"><span style=\"color:#fff;padding:0px 20px;font-size:16px;line-height:32px;border-color:#5390ff;border-radius:5px;text-shadow:none\"> 1.94<\/span><\/a><\/span><\/td>\n<td style=\"background-color: #ffffff; border-color: #ededed; vertical-align: middle; text-align: center; width: 266px;\"><span style=\"font-size: 10px;\"><span style=\"font-size: 14px;\"><strong>Match nul<\/strong><\/span><br \/>\n<a href=\"https:\/\/www.winamax.fr\/paris-sportifs\/match\/61526010?banid=33423\" class=\"su-button su-button-style-flat su-button-wide\" style=\"color:#fff;background-color:#0860ff;border-color:#074dcc;border-radius:5px\" target=\"_blank\" rel=\"noopener noreferrer\"><span style=\"color:#fff;padding:0px 20px;font-size:16px;line-height:32px;border-color:#5390ff;border-radius:5px;text-shadow:none\"> 3.60<\/span><\/a><\/span><\/td>\n<td style=\"background-color: #ffffff; border-color: #ededed; vertical-align: middle; text-align: center; width: 266px;\"><span style=\"font-size: 10px;\"><span style=\"font-size: 14px;\"><strong>Brest<\/strong><\/span><br \/>\n<a href=\"https:\/\/www.winamax.fr\/paris-sportifs\/match\/61526010?banid=33423\" class=\"su-button su-button-style-flat su-button-wide\" style=\"color:#fff;background-color:#0860ff;border-color:#074dcc;border-radius:5px\" target=\"_blank\" rel=\"noopener noreferrer\"><span style=\"color:#fff;padding:0px 20px;font-size:16px;line-height:32px;border-color:#5390ff;border-radius:5px;text-shadow:none\"> 3.65<\/span><\/a><\/span><\/td>\n<\/tr>\n<\/tbody>\n<\/table>\n<p style=\"text-align: justify;\">Tentez votre chance en profitant de votre <a href=\"https:\/\/www.winamax.fr\/registration\/landing\/affiliation_Bonus100?banid=33423\">1er d\u00e9p\u00f4t doubl\u00e9 jusqu&rsquo;\u00e0 100 \u20ac<\/a> direct en paris gratuits sur Winamax !<\/p>\n","protected":false},"excerpt":{"rendered":"<p>LIGUE 1 2025-2026 &#8211; \u00c0 quelle heure et sur quelle cha\u00eene TV suivre le match de Ligue 1 entre le RC Lens et le Stade Brestois ? Retrouvez \u00e9galement les compositions des deux \u00e9quipes.<\/p>\n","protected":false},"author":59,"featured_media":605794,"comment_status":"open","ping_status":"closed","sticky":false,"template":"","format":"standard","meta":{"_acf_changed":false,"_daextam_enable_autolinks":"1","footnotes":""},"categories":[44295,47045],"tags":[16878,75,1554,8799,3709,5617],"class_list":["post-605793","post","type-post","status-publish","format-standard","has-post-thumbnail","hentry","category-chaine-tv","category-ligue-1","tag-breve","tag-football","tag-ligue-1","tag-programme-tv","tag-rc-lens","tag-stade-brestois"],"acf":[],"yoast_head":"<!-- This site is optimized with the Yoast SEO Premium plugin v26.7 (Yoast SEO v26.7) - https:\/\/yoast.com\/wordpress\/plugins\/seo\/ -->\n<title>Lens-Brest : Cha\u00eene TV, Compositions, Heure et Cotes<\/title>\n<meta name=\"description\" content=\"LIGUE 1 2025-2026 - \u00c0 quelle heure et sur quelle cha\u00eene TV suivre le match de Ligue 1 entre le RC Lens et le Stade Brestois ? Retrouvez \u00e9galement les compositions des deux \u00e9quipes.\" \/>\n<meta name=\"robots\" content=\"index, follow, max-snippet:-1, max-image-preview:large, max-video-preview:-1\" \/>\n<link rel=\"canonical\" href=\"https:\/\/dicodusport.fr\/blog\/lens-brest-chaine-tv-compositions-heure-et-cotes\/\" \/>\n<meta property=\"og:locale\" content=\"fr_FR\" \/>\n<meta property=\"og:type\" content=\"article\" \/>\n<meta property=\"og:title\" content=\"Lens-Brest : Cha\u00eene TV, Compositions, Heure et Cotes\" \/>\n<meta property=\"og:description\" content=\"LIGUE 1 2025-2026 - \u00c0 quelle heure et sur quelle cha\u00eene TV suivre le match de Ligue 1 entre le RC Lens et le Stade Brestois ? Retrouvez \u00e9galement les compositions des deux \u00e9quipes.\" \/>\n<meta property=\"og:url\" content=\"https:\/\/dicodusport.fr\/blog\/lens-brest-chaine-tv-compositions-heure-et-cotes\/\" \/>\n<meta property=\"og:site_name\" content=\"Dicodusport\" \/>\n<meta property=\"article:publisher\" content=\"https:\/\/www.facebook.com\/dicodusport\" \/>\n<meta property=\"article:author\" content=\"https:\/\/www.facebook.com\/sebastien.gente\/\" \/>\n<meta property=\"article:published_time\" content=\"2025-08-27T11:00:31+00:00\" \/>\n<meta property=\"og:image\" content=\"https:\/\/dicodusport.fr\/blog\/wp-content\/uploads\/2025\/08\/Lens-Brest-Chaine-TV-Compositions-Heure-et-Cotes.png\" \/>\n\t<meta property=\"og:image:width\" content=\"1200\" \/>\n\t<meta property=\"og:image:height\" content=\"674\" \/>\n\t<meta property=\"og:image:type\" content=\"image\/png\" \/>\n<meta name=\"author\" content=\"S\u00e9bastien Gente\" \/>\n<meta name=\"twitter:card\" content=\"summary_large_image\" \/>\n<meta name=\"twitter:title\" content=\"Lens-Brest : Cha\u00eene TV, Compositions, Heure et Cotes\" \/>\n<meta name=\"twitter:creator\" content=\"@https:\/\/twitter.com\/globulo24\" \/>\n<meta name=\"twitter:site\" content=\"@dicodusport\" \/>\n<script type=\"application\/ld+json\" class=\"yoast-schema-graph\">{\"@context\":\"https:\/\/schema.org\",\"@graph\":[{\"@type\":\"NewsArticle\",\"@id\":\"https:\/\/dicodusport.fr\/blog\/lens-brest-chaine-tv-compositions-heure-et-cotes\/#article\",\"isPartOf\":{\"@id\":\"https:\/\/dicodusport.fr\/blog\/lens-brest-chaine-tv-compositions-heure-et-cotes\/\"},\"author\":{\"name\":\"S\u00e9bastien Gente\",\"@id\":\"https:\/\/dicodusport.fr\/blog\/#\/schema\/person\/627966a6cde45dbd8c5e36ac85d783da\"},\"headline\":\"Lens-Brest : Cha\u00eene TV, Compositions, Heure et Cotes\",\"datePublished\":\"2025-08-27T11:00:31+00:00\",\"mainEntityOfPage\":{\"@id\":\"https:\/\/dicodusport.fr\/blog\/lens-brest-chaine-tv-compositions-heure-et-cotes\/\"},\"wordCount\":639,\"commentCount\":0,\"publisher\":{\"@id\":\"https:\/\/dicodusport.fr\/blog\/#organization\"},\"image\":{\"@id\":\"https:\/\/dicodusport.fr\/blog\/lens-brest-chaine-tv-compositions-heure-et-cotes\/#primaryimage\"},\"thumbnailUrl\":\"https:\/\/dicodusport.fr\/blog\/wp-content\/uploads\/2025\/08\/Lens-Brest-Chaine-TV-Compositions-Heure-et-Cotes.png\",\"keywords\":[\"br\u00e8ve\",\"Football\",\"Ligue 1\",\"Programme TV\",\"RC Lens\",\"Stade Brestois\"],\"articleSection\":[\"Cha\u00eene TV\",\"Ligue 1\"],\"inLanguage\":\"fr-FR\",\"potentialAction\":[{\"@type\":\"CommentAction\",\"name\":\"Comment\",\"target\":[\"https:\/\/dicodusport.fr\/blog\/lens-brest-chaine-tv-compositions-heure-et-cotes\/#respond\"]}],\"copyrightYear\":\"2025\",\"copyrightHolder\":{\"@id\":\"https:\/\/dicodusport.fr\/blog\/#organization\"}},{\"@type\":\"WebPage\",\"@id\":\"https:\/\/dicodusport.fr\/blog\/lens-brest-chaine-tv-compositions-heure-et-cotes\/\",\"url\":\"https:\/\/dicodusport.fr\/blog\/lens-brest-chaine-tv-compositions-heure-et-cotes\/\",\"name\":\"Lens-Brest : Cha\u00eene TV, Compositions, Heure et Cotes\",\"isPartOf\":{\"@id\":\"https:\/\/dicodusport.fr\/blog\/#website\"},\"primaryImageOfPage\":{\"@id\":\"https:\/\/dicodusport.fr\/blog\/lens-brest-chaine-tv-compositions-heure-et-cotes\/#primaryimage\"},\"image\":{\"@id\":\"https:\/\/dicodusport.fr\/blog\/lens-brest-chaine-tv-compositions-heure-et-cotes\/#primaryimage\"},\"thumbnailUrl\":\"https:\/\/dicodusport.fr\/blog\/wp-content\/uploads\/2025\/08\/Lens-Brest-Chaine-TV-Compositions-Heure-et-Cotes.png\",\"datePublished\":\"2025-08-27T11:00:31+00:00\",\"description\":\"LIGUE 1 2025-2026 - \u00c0 quelle heure et sur quelle cha\u00eene TV suivre le match de Ligue 1 entre le RC Lens et le Stade Brestois ? Retrouvez \u00e9galement les compositions des deux \u00e9quipes.\",\"breadcrumb\":{\"@id\":\"https:\/\/dicodusport.fr\/blog\/lens-brest-chaine-tv-compositions-heure-et-cotes\/#breadcrumb\"},\"inLanguage\":\"fr-FR\",\"potentialAction\":[{\"@type\":\"ReadAction\",\"target\":[\"https:\/\/dicodusport.fr\/blog\/lens-brest-chaine-tv-compositions-heure-et-cotes\/\"]}]},{\"@type\":\"ImageObject\",\"inLanguage\":\"fr-FR\",\"@id\":\"https:\/\/dicodusport.fr\/blog\/lens-brest-chaine-tv-compositions-heure-et-cotes\/#primaryimage\",\"url\":\"https:\/\/dicodusport.fr\/blog\/wp-content\/uploads\/2025\/08\/Lens-Brest-Chaine-TV-Compositions-Heure-et-Cotes.png\",\"contentUrl\":\"https:\/\/dicodusport.fr\/blog\/wp-content\/uploads\/2025\/08\/Lens-Brest-Chaine-TV-Compositions-Heure-et-Cotes.png\",\"width\":1200,\"height\":674,\"caption\":\"Lens-Brest Cha\u00eene TV, Compositions, Heure et Cotes\"},{\"@type\":\"BreadcrumbList\",\"@id\":\"https:\/\/dicodusport.fr\/blog\/lens-brest-chaine-tv-compositions-heure-et-cotes\/#breadcrumb\",\"itemListElement\":[{\"@type\":\"ListItem\",\"position\":1,\"name\":\"Accueil\",\"item\":\"https:\/\/dicodusport.fr\/blog\/\"},{\"@type\":\"ListItem\",\"position\":2,\"name\":\"Lens-Brest : Cha\u00eene TV, Compositions, Heure et Cotes\"}]},{\"@type\":\"WebSite\",\"@id\":\"https:\/\/dicodusport.fr\/blog\/#website\",\"url\":\"https:\/\/dicodusport.fr\/blog\/\",\"name\":\"Dicodusport\",\"description\":\"L&#039;encyclop\u00e9die de l&#039;actualit\u00e9 sportive\",\"publisher\":{\"@id\":\"https:\/\/dicodusport.fr\/blog\/#organization\"},\"potentialAction\":[{\"@type\":\"SearchAction\",\"target\":{\"@type\":\"EntryPoint\",\"urlTemplate\":\"https:\/\/dicodusport.fr\/blog\/?s={search_term_string}\"},\"query-input\":{\"@type\":\"PropertyValueSpecification\",\"valueRequired\":true,\"valueName\":\"search_term_string\"}}],\"inLanguage\":\"fr-FR\"},{\"@type\":\"NewsMediaOrganization\",\"@id\":\"https:\/\/dicodusport.fr\/blog\/#organization\",\"name\":\"Dicodusport\",\"url\":\"https:\/\/dicodusport.fr\/blog\/\",\"logo\":{\"@type\":\"ImageObject\",\"inLanguage\":\"fr-FR\",\"@id\":\"https:\/\/dicodusport.fr\/blog\/#\/schema\/logo\/image\/\",\"url\":\"https:\/\/dicodusport.fr\/blog\/wp-content\/uploads\/2020\/06\/cropped-LOGO-DICODUSPORT-2020-SANS-FOND-SANS-TEXTE.png\",\"contentUrl\":\"https:\/\/dicodusport.fr\/blog\/wp-content\/uploads\/2020\/06\/cropped-LOGO-DICODUSPORT-2020-SANS-FOND-SANS-TEXTE.png\",\"width\":512,\"height\":512,\"caption\":\"Dicodusport\"},\"image\":{\"@id\":\"https:\/\/dicodusport.fr\/blog\/#\/schema\/logo\/image\/\"},\"sameAs\":[\"https:\/\/www.facebook.com\/dicodusport\",\"https:\/\/x.com\/dicodusport\",\"https:\/\/www.instagram.com\/dicodusport\/\",\"https:\/\/www.youtube.com\/channel\/UC7V2KZ5sd3htJivAbA4ZG3w\"],\"description\":\"Dicodusport est l'encyclop\u00e9die de l'actualit\u00e9 sportive.\",\"email\":\"bonjour@dicodusport.fr\",\"legalName\":\"DICODUSPORT\",\"foundingDate\":\"2018-01-14\",\"vatID\":\"FR71834470973\",\"taxID\":\"83447097300043\",\"numberOfEmployees\":{\"@type\":\"QuantitativeValue\",\"minValue\":\"1\",\"maxValue\":\"10\"}},{\"@type\":\"Person\",\"@id\":\"https:\/\/dicodusport.fr\/blog\/#\/schema\/person\/627966a6cde45dbd8c5e36ac85d783da\",\"name\":\"S\u00e9bastien Gente\",\"image\":{\"@type\":\"ImageObject\",\"inLanguage\":\"fr-FR\",\"@id\":\"https:\/\/dicodusport.fr\/blog\/#\/schema\/person\/image\/\",\"url\":\"https:\/\/dicodusport.fr\/blog\/wp-content\/uploads\/2021\/09\/1510990_10205810251400683_4124423575079401707_n-150x150.jpg\",\"contentUrl\":\"https:\/\/dicodusport.fr\/blog\/wp-content\/uploads\/2021\/09\/1510990_10205810251400683_4124423575079401707_n-150x150.jpg\",\"caption\":\"S\u00e9bastien Gente\"},\"description\":\"John Stockton, Gianni Bugno, Zinedine Zidane, Steffi Graf, Frode Andresen, St\u00e9phane Stoecklin, Davis Kamoga, Primoz Peterka, Werner Schlager et Aur\u00e9lien Rougerie. Point commun entre ces sportifs? Ils m'ont fait r\u00eaver et ont berc\u00e9 mon adolescence. Je suis un fondu de sports et j'essaie de retranscrire ma passion \u00e0 travers mes articles. Originaire du P\u00e9rigord, ma passion pour les Girondins, les Jaunards et les Jazzmen transpire dans mes \u00e9crits. \u00c0 Dicodusport depuis 2021, je d\u00e9niche les sports m\u00e9connus dans lesquels la France brille, et il y en a !\",\"sameAs\":[\"https:\/\/www.facebook.com\/sebastien.gente\/\",\"https:\/\/www.instagram.com\/sebgente\/\",\"https:\/\/www.linkedin.com\/in\/sbastien-gente-a29583169\/\",\"https:\/\/x.com\/https:\/\/twitter.com\/globulo24\",\"SebastienGente\"],\"worksFor\":\"S\u00e9bastien GENTE\",\"url\":\"https:\/\/dicodusport.fr\/blog\/author\/sebastiengente\/\"}]}<\/script>\n<!-- \/ Yoast SEO Premium plugin. -->","yoast_head_json":{"title":"Lens-Brest : Cha\u00eene TV, Compositions, Heure et Cotes","description":"LIGUE 1 2025-2026 - \u00c0 quelle heure et sur quelle cha\u00eene TV suivre le match de Ligue 1 entre le RC Lens et le Stade Brestois ? Retrouvez \u00e9galement les compositions des deux \u00e9quipes.","robots":{"index":"index","follow":"follow","max-snippet":"max-snippet:-1","max-image-preview":"max-image-preview:large","max-video-preview":"max-video-preview:-1"},"canonical":"https:\/\/dicodusport.fr\/blog\/lens-brest-chaine-tv-compositions-heure-et-cotes\/","og_locale":"fr_FR","og_type":"article","og_title":"Lens-Brest : Cha\u00eene TV, Compositions, Heure et Cotes","og_description":"LIGUE 1 2025-2026 - \u00c0 quelle heure et sur quelle cha\u00eene TV suivre le match de Ligue 1 entre le RC Lens et le Stade Brestois ? Retrouvez \u00e9galement les compositions des deux \u00e9quipes.","og_url":"https:\/\/dicodusport.fr\/blog\/lens-brest-chaine-tv-compositions-heure-et-cotes\/","og_site_name":"Dicodusport","article_publisher":"https:\/\/www.facebook.com\/dicodusport","article_author":"https:\/\/www.facebook.com\/sebastien.gente\/","article_published_time":"2025-08-27T11:00:31+00:00","og_image":[{"width":1200,"height":674,"url":"https:\/\/dicodusport.fr\/blog\/wp-content\/uploads\/2025\/08\/Lens-Brest-Chaine-TV-Compositions-Heure-et-Cotes.png","type":"image\/png"}],"author":"S\u00e9bastien Gente","twitter_card":"summary_large_image","twitter_title":"Lens-Brest : Cha\u00eene TV, Compositions, Heure et Cotes","twitter_creator":"@https:\/\/twitter.com\/globulo24","twitter_site":"@dicodusport","schema":{"@context":"https:\/\/schema.org","@graph":[{"@type":"NewsArticle","@id":"https:\/\/dicodusport.fr\/blog\/lens-brest-chaine-tv-compositions-heure-et-cotes\/#article","isPartOf":{"@id":"https:\/\/dicodusport.fr\/blog\/lens-brest-chaine-tv-compositions-heure-et-cotes\/"},"author":{"name":"S\u00e9bastien Gente","@id":"https:\/\/dicodusport.fr\/blog\/#\/schema\/person\/627966a6cde45dbd8c5e36ac85d783da"},"headline":"Lens-Brest : Cha\u00eene TV, Compositions, Heure et Cotes","datePublished":"2025-08-27T11:00:31+00:00","mainEntityOfPage":{"@id":"https:\/\/dicodusport.fr\/blog\/lens-brest-chaine-tv-compositions-heure-et-cotes\/"},"wordCount":639,"commentCount":0,"publisher":{"@id":"https:\/\/dicodusport.fr\/blog\/#organization"},"image":{"@id":"https:\/\/dicodusport.fr\/blog\/lens-brest-chaine-tv-compositions-heure-et-cotes\/#primaryimage"},"thumbnailUrl":"https:\/\/dicodusport.fr\/blog\/wp-content\/uploads\/2025\/08\/Lens-Brest-Chaine-TV-Compositions-Heure-et-Cotes.png","keywords":["br\u00e8ve","Football","Ligue 1","Programme TV","RC Lens","Stade Brestois"],"articleSection":["Cha\u00eene TV","Ligue 1"],"inLanguage":"fr-FR","potentialAction":[{"@type":"CommentAction","name":"Comment","target":["https:\/\/dicodusport.fr\/blog\/lens-brest-chaine-tv-compositions-heure-et-cotes\/#respond"]}],"copyrightYear":"2025","copyrightHolder":{"@id":"https:\/\/dicodusport.fr\/blog\/#organization"}},{"@type":"WebPage","@id":"https:\/\/dicodusport.fr\/blog\/lens-brest-chaine-tv-compositions-heure-et-cotes\/","url":"https:\/\/dicodusport.fr\/blog\/lens-brest-chaine-tv-compositions-heure-et-cotes\/","name":"Lens-Brest : Cha\u00eene TV, Compositions, Heure et Cotes","isPartOf":{"@id":"https:\/\/dicodusport.fr\/blog\/#website"},"primaryImageOfPage":{"@id":"https:\/\/dicodusport.fr\/blog\/lens-brest-chaine-tv-compositions-heure-et-cotes\/#primaryimage"},"image":{"@id":"https:\/\/dicodusport.fr\/blog\/lens-brest-chaine-tv-compositions-heure-et-cotes\/#primaryimage"},"thumbnailUrl":"https:\/\/dicodusport.fr\/blog\/wp-content\/uploads\/2025\/08\/Lens-Brest-Chaine-TV-Compositions-Heure-et-Cotes.png","datePublished":"2025-08-27T11:00:31+00:00","description":"LIGUE 1 2025-2026 - \u00c0 quelle heure et sur quelle cha\u00eene TV suivre le match de Ligue 1 entre le RC Lens et le Stade Brestois ? Retrouvez \u00e9galement les compositions des deux \u00e9quipes.","breadcrumb":{"@id":"https:\/\/dicodusport.fr\/blog\/lens-brest-chaine-tv-compositions-heure-et-cotes\/#breadcrumb"},"inLanguage":"fr-FR","potentialAction":[{"@type":"ReadAction","target":["https:\/\/dicodusport.fr\/blog\/lens-brest-chaine-tv-compositions-heure-et-cotes\/"]}]},{"@type":"ImageObject","inLanguage":"fr-FR","@id":"https:\/\/dicodusport.fr\/blog\/lens-brest-chaine-tv-compositions-heure-et-cotes\/#primaryimage","url":"https:\/\/dicodusport.fr\/blog\/wp-content\/uploads\/2025\/08\/Lens-Brest-Chaine-TV-Compositions-Heure-et-Cotes.png","contentUrl":"https:\/\/dicodusport.fr\/blog\/wp-content\/uploads\/2025\/08\/Lens-Brest-Chaine-TV-Compositions-Heure-et-Cotes.png","width":1200,"height":674,"caption":"Lens-Brest Cha\u00eene TV, Compositions, Heure et Cotes"},{"@type":"BreadcrumbList","@id":"https:\/\/dicodusport.fr\/blog\/lens-brest-chaine-tv-compositions-heure-et-cotes\/#breadcrumb","itemListElement":[{"@type":"ListItem","position":1,"name":"Accueil","item":"https:\/\/dicodusport.fr\/blog\/"},{"@type":"ListItem","position":2,"name":"Lens-Brest : Cha\u00eene TV, Compositions, Heure et Cotes"}]},{"@type":"WebSite","@id":"https:\/\/dicodusport.fr\/blog\/#website","url":"https:\/\/dicodusport.fr\/blog\/","name":"Dicodusport","description":"L&#039;encyclop\u00e9die de l&#039;actualit\u00e9 sportive","publisher":{"@id":"https:\/\/dicodusport.fr\/blog\/#organization"},"potentialAction":[{"@type":"SearchAction","target":{"@type":"EntryPoint","urlTemplate":"https:\/\/dicodusport.fr\/blog\/?s={search_term_string}"},"query-input":{"@type":"PropertyValueSpecification","valueRequired":true,"valueName":"search_term_string"}}],"inLanguage":"fr-FR"},{"@type":"NewsMediaOrganization","@id":"https:\/\/dicodusport.fr\/blog\/#organization","name":"Dicodusport","url":"https:\/\/dicodusport.fr\/blog\/","logo":{"@type":"ImageObject","inLanguage":"fr-FR","@id":"https:\/\/dicodusport.fr\/blog\/#\/schema\/logo\/image\/","url":"https:\/\/dicodusport.fr\/blog\/wp-content\/uploads\/2020\/06\/cropped-LOGO-DICODUSPORT-2020-SANS-FOND-SANS-TEXTE.png","contentUrl":"https:\/\/dicodusport.fr\/blog\/wp-content\/uploads\/2020\/06\/cropped-LOGO-DICODUSPORT-2020-SANS-FOND-SANS-TEXTE.png","width":512,"height":512,"caption":"Dicodusport"},"image":{"@id":"https:\/\/dicodusport.fr\/blog\/#\/schema\/logo\/image\/"},"sameAs":["https:\/\/www.facebook.com\/dicodusport","https:\/\/x.com\/dicodusport","https:\/\/www.instagram.com\/dicodusport\/","https:\/\/www.youtube.com\/channel\/UC7V2KZ5sd3htJivAbA4ZG3w"],"description":"Dicodusport est l'encyclop\u00e9die de l'actualit\u00e9 sportive.","email":"bonjour@dicodusport.fr","legalName":"DICODUSPORT","foundingDate":"2018-01-14","vatID":"FR71834470973","taxID":"83447097300043","numberOfEmployees":{"@type":"QuantitativeValue","minValue":"1","maxValue":"10"}},{"@type":"Person","@id":"https:\/\/dicodusport.fr\/blog\/#\/schema\/person\/627966a6cde45dbd8c5e36ac85d783da","name":"S\u00e9bastien Gente","image":{"@type":"ImageObject","inLanguage":"fr-FR","@id":"https:\/\/dicodusport.fr\/blog\/#\/schema\/person\/image\/","url":"https:\/\/dicodusport.fr\/blog\/wp-content\/uploads\/2021\/09\/1510990_10205810251400683_4124423575079401707_n-150x150.jpg","contentUrl":"https:\/\/dicodusport.fr\/blog\/wp-content\/uploads\/2021\/09\/1510990_10205810251400683_4124423575079401707_n-150x150.jpg","caption":"S\u00e9bastien Gente"},"description":"John Stockton, Gianni Bugno, Zinedine Zidane, Steffi Graf, Frode Andresen, St\u00e9phane Stoecklin, Davis Kamoga, Primoz Peterka, Werner Schlager et Aur\u00e9lien Rougerie. Point commun entre ces sportifs? Ils m'ont fait r\u00eaver et ont berc\u00e9 mon adolescence. Je suis un fondu de sports et j'essaie de retranscrire ma passion \u00e0 travers mes articles. Originaire du P\u00e9rigord, ma passion pour les Girondins, les Jaunards et les Jazzmen transpire dans mes \u00e9crits. \u00c0 Dicodusport depuis 2021, je d\u00e9niche les sports m\u00e9connus dans lesquels la France brille, et il y en a !","sameAs":["https:\/\/www.facebook.com\/sebastien.gente\/","https:\/\/www.instagram.com\/sebgente\/","https:\/\/www.linkedin.com\/in\/sbastien-gente-a29583169\/","https:\/\/x.com\/https:\/\/twitter.com\/globulo24","SebastienGente"],"worksFor":"S\u00e9bastien GENTE","url":"https:\/\/dicodusport.fr\/blog\/author\/sebastiengente\/"}]}},"_links":{"self":[{"href":"https:\/\/dicodusport.fr\/blog\/wp-json\/wp\/v2\/posts\/605793","targetHints":{"allow":["GET"]}}],"collection":[{"href":"https:\/\/dicodusport.fr\/blog\/wp-json\/wp\/v2\/posts"}],"about":[{"href":"https:\/\/dicodusport.fr\/blog\/wp-json\/wp\/v2\/types\/post"}],"author":[{"embeddable":true,"href":"https:\/\/dicodusport.fr\/blog\/wp-json\/wp\/v2\/users\/59"}],"replies":[{"embeddable":true,"href":"https:\/\/dicodusport.fr\/blog\/wp-json\/wp\/v2\/comments?post=605793"}],"version-history":[{"count":1,"href":"https:\/\/dicodusport.fr\/blog\/wp-json\/wp\/v2\/posts\/605793\/revisions"}],"predecessor-version":[{"id":605798,"href":"https:\/\/dicodusport.fr\/blog\/wp-json\/wp\/v2\/posts\/605793\/revisions\/605798"}],"wp:featuredmedia":[{"embeddable":true,"href":"https:\/\/dicodusport.fr\/blog\/wp-json\/wp\/v2\/media\/605794"}],"wp:attachment":[{"href":"https:\/\/dicodusport.fr\/blog\/wp-json\/wp\/v2\/media?parent=605793"}],"wp:term":[{"taxonomy":"category","embeddable":true,"href":"https:\/\/dicodusport.fr\/blog\/wp-json\/wp\/v2\/categories?post=605793"},{"taxonomy":"post_tag","embeddable":true,"href":"https:\/\/dicodusport.fr\/blog\/wp-json\/wp\/v2\/tags?post=605793"}],"curies":[{"name":"wp","href":"https:\/\/api.w.org\/{rel}","templated":true}]}}