{"id":605799,"date":"2025-08-28T16:56:31","date_gmt":"2025-08-28T14:56:31","guid":{"rendered":"https:\/\/dicodusport.fr\/blog\/?p=605799&#038;preview=true&#038;preview_id=605799"},"modified":"2025-08-28T16:56:42","modified_gmt":"2025-08-28T14:56:42","slug":"eurobasket-2025-belgique-france-compositions-chaine-tv-heure-et-cotes","status":"publish","type":"post","link":"https:\/\/dicodusport.fr\/blog\/eurobasket-2025-belgique-france-compositions-chaine-tv-heure-et-cotes\/","title":{"rendered":"Belgique-France : Compositions, Cha\u00eene TV, Heure et Cotes, EuroBasket 2025"},"content":{"rendered":"<p style=\"text-align: justify;\"><strong><em>EUROBASKET HOMMES 2025 &#8211; <\/em><em>\u00c0 quelle heure et sur quelle cha\u00eene TV suivre le match de l&rsquo;EuroBasket entre la Belgique et l&rsquo;\u00e9quipe de France ? Retrouvez \u00e9galement les compositions des deux \u00e9quipes<\/em><em>.<\/em><\/strong><\/p>\n<p style=\"text-align: justify;\">Le match entre la <strong>Belgique<\/strong> et <strong>l&rsquo;\u00e9quipe de France<\/strong>, comptant pour la premi\u00e8re journ\u00e9e de la phase de poules de l&rsquo;EuroBasket hommes 2025, aura lieu ce jeudi 28 ao\u00fbt 2025 \u00e0 17h00, \u00e0 la Spodek Arena de Katowice, en Pologne.<\/p>\n<ul style=\"text-align: justify;\">\n<li style=\"text-align: justify;\"><strong>\u00c0 ce sujet &#8211; <a href=\"https:\/\/dicodusport.fr\/blog\/calendrier-et-resultats-eurobasket-2025\/\">Calendrier et r\u00e9sultats EuroBasket 2025<\/a><\/strong><\/li>\n<\/ul>\n<h2 style=\"text-align: justify;\">Entr\u00e9e en douceur pour la France<\/h2>\n<p style=\"text-align: justify;\">La mauvaise nouvelle est tomb\u00e9e en d\u00e9but de semaine pour l&rsquo;\u00e9quipe de France. <strong>Matthew Strazel<\/strong>, touch\u00e9 \u00e0 la cuisse, a d\u00fb d\u00e9clarer forfait pour l&rsquo;ensemble de la comp\u00e9tition, provoquant le retour en gr\u00e2ce de <strong>Nadir Hifi<\/strong>. N\u00e9anmoins, malgr\u00e9 beaucoup d&rsquo;absents, les Bleus ont sign\u00e9 une pr\u00e9paration optimale, remportant leurs cinq matchs, dont deux face \u00e0 l&rsquo;Espagne et le dernier dimanche en Gr\u00e8ce.<\/p>\n<div class=\"vlp-link-container vlp-layout-article\"><a href=\"https:\/\/dicodusport.fr\/blog\/preparation-eurobasket-2025-h-les-bleus-renversent-la-grece-et-terminent-invaincus\/\" class=\"vlp-link\" title=\"Pr\u00e9paration EuroBasket 2025 (H) : Les Bleus renversent la Gr\u00e8ce et terminent invaincus\"><\/a><div class=\"vlp-layout-zone-side\"><div class=\"vlp-block-4 vlp-link-image\"><img loading=\"lazy\" decoding=\"async\" style=\"max-width: 792px;\" width=\"792\" height=\"445\" src=\"https:\/\/dicodusport.fr\/blog\/wp-content\/uploads\/2025\/08\/Preparation-EuroBasket-2025-H-Les-Bleus-renversent-la-Grece-et-terminent-invaincus.png\" class=\"attachment-800x445 size-800x445\" alt=\"Pr\u00e9paration EuroBasket 2025 (H) Les Bleus renversent la Gr\u00e8ce et terminent invaincus\" srcset=\"https:\/\/dicodusport.fr\/blog\/wp-content\/uploads\/2025\/08\/Preparation-EuroBasket-2025-H-Les-Bleus-renversent-la-Grece-et-terminent-invaincus.png 1200w, https:\/\/dicodusport.fr\/blog\/wp-content\/uploads\/2025\/08\/Preparation-EuroBasket-2025-H-Les-Bleus-renversent-la-Grece-et-terminent-invaincus-300x169.png 300w, https:\/\/dicodusport.fr\/blog\/wp-content\/uploads\/2025\/08\/Preparation-EuroBasket-2025-H-Les-Bleus-renversent-la-Grece-et-terminent-invaincus-1024x575.png 1024w, https:\/\/dicodusport.fr\/blog\/wp-content\/uploads\/2025\/08\/Preparation-EuroBasket-2025-H-Les-Bleus-renversent-la-Grece-et-terminent-invaincus-768x431.png 768w\" sizes=\"auto, (max-width: 792px) 100vw, 792px\" \/><\/div><\/div><div class=\"vlp-layout-zone-main\"><div class=\"vlp-block-0 vlp-link-title\">Pr\u00e9paration EuroBasket 2025 (H) : Les Bleus renversent la Gr\u00e8ce et terminent invaincus<\/div><div class=\"vlp-block-1 vlp-link-summary\">PR\u00c9PARATION EUROBASKET 2025 -\u00a0 Apr\u00e8s une premi\u00e8re mi-temps poussive, l\u2019\u00e9quipe de France a trouv\u00e9 son rythme au retour des vestiaires. Port\u00e9s par une d\u00e9fense de fer et une attaque en pleine r\u00e9ussite, les Bleus ont acc\u00e9l\u00e9r\u00e9 dans le troisi\u00e8me quart-temps pour finalement s\u2019imposer avec autorit\u00e9 face \u00e0 la Gr\u00e8ce (92-77).<\/div><div class=\"vlp-block-2 vlp-link-button\">Lire l'article<\/div><div class=\"vlp-block-3 vlp-link-url\">dicodusport.fr<\/div><\/div><\/div>\n<p style=\"text-align: justify;\">Pour leur entr\u00e9e en mati\u00e8re, <a href=\"https:\/\/dicodusport.fr\/blog\/eurobasket-2022-les-bleus-battus-en-finale-par-lespagne\/\">les vice-champions d&rsquo;Europe en titre<\/a> auront un match tr\u00e8s abordable. Si chez les femmes, la Belgique fait partie des cadors, \u00e9tant notamment double championne d&rsquo;Europe en titre, chez les hommes, ce n&rsquo;est pas la m\u00eame musique. Un des joueurs embl\u00e9matiques des Belgian Lions, <strong>Pierre-Antoine Gillet<\/strong>, a pris sa retraite r\u00e9cemment. Quand aux deux Belges qui \u00e9voluent en NBA, <strong>Toumani Camara<\/strong> et <strong>Ajay Mitchell<\/strong>, ils ne seront pas pr\u00e9sents.<\/p>\n<ul style=\"text-align: justify;\">\n<li><strong>\u00c0 lire aussi &#8211; <a href=\"https:\/\/dicodusport.fr\/blog\/eurobasket-2025-h-la-liste-des-12-joueurs-de-lequipe-de-france-pour-la-competition\/\">EuroBasket 2025 (H) : La liste des 12 joueurs de l\u2019\u00e9quipe de France pour la comp\u00e9tition<\/a><\/strong><\/li>\n<\/ul>\n<p style=\"text-align: justify;\">La derni\u00e8re confrontation entre ces deux voisins date d&rsquo;ao\u00fbt 2022, lors d&rsquo;un match de pr\u00e9paration au dernier EuroBasket en date. Les Bleus l&rsquo;avaient emport\u00e9 <a href=\"https:\/\/dicodusport.fr\/blog\/preparation-eurobasket-2022-4-4-pour-les-bleus-en-matchs-amicaux\/\"><strong>90-71<\/strong><\/a>, mais de l&rsquo;effectif de l&rsquo;\u00e9poque, il ne reste plus grand monde. N\u00e9anmoins, l&rsquo;\u00e9quipe de France est en toute logique archi-favorite de ce match chez les bookmakers.<\/p>\n<h2 style=\"text-align: justify;\">EuroBasket 2025 : Le programme TV de Belgique &#8211; France<\/h2>\n<h3 style=\"text-align: justify;\">Jeudi 28 ao\u00fbt 2025<\/h3>\n<p style=\"text-align: justify;\"><b>Match diffus\u00e9 sur TMC, TF1+ et beIN Sports <\/b><b>\u00a0: <\/b>D\u00e9but du match \u00e0<strong> 17h00<\/strong>.<\/p>\n<h2 style=\"text-align: justify;\">Les cinq de d\u00e9part officiels de Belgique &#8211; France<\/h2>\n<h3 style=\"text-align: justify;\">Le cinq de la Belgique<\/h3>\n<p style=\"text-align: justify;\">Emmanuel Lecomte, Lo\u00efc Schwartz, Jean-Marc Mwema, Hans Vanwijn, Isma\u00ebl Bako<\/p>\n<h3 style=\"text-align: justify;\">Le cinq de l&rsquo;\u00e9quipe de France<\/h3>\n<p style=\"text-align: justify;\">Th\u00e9o Maledon, Isa\u00efa Cordinier, Bilal Coulibaly, Guerschon Yabusele, Mouhammadou Jaiteh<\/p>\n<h2 style=\"text-align: justify;\">Les cotes de Belgique &#8211; France<\/h2>\n<table style=\"width: 800px;\">\n<tbody>\n<tr style=\"height: 16px;\">\n<td style=\"background-color: #404040; border-color: #ededed; height: 23px; vertical-align: middle; width: 600px;\"><span style=\"font-size: 12px; color: #ffffff;\">Jeudi 28 ao\u00fbt, 17h00<\/span><\/td>\n<td style=\"background-color: #525252; border-color: #ededed; text-align: center; vertical-align: middle; width: 100px;\"><span style=\"font-size: 12px; color: #ffffff;\">Belgique<\/span><\/td>\n<td style=\"background-color: #525252; border-color: #ededed; text-align: center; vertical-align: middle; width: 100px;\"><span style=\"font-size: 12px; color: #ffffff;\">France<\/span><\/td>\n<\/tr>\n<tr style=\"height: 24px;\">\n<td style=\"background-color: #ffffff; text-align: justify; border-color: #ededed; vertical-align: middle; height: 47px; width: 600px;\"><strong>Belgique &#8211; France<br \/>\n<\/strong><\/td>\n<td style=\"background-color: #ffffff; border-color: #ededed; height: 47px; text-align: center; vertical-align: middle; width: 100px;\"><span style=\"font-size: 10px;\"><a href=\"https:\/\/www.winamax.fr\/paris-sportifs\/match\/59326657?banid=33423\" class=\"su-button su-button-style-flat\" style=\"color:#FFFFFF;background-color:#000fb8;border-color:#000c94;border-radius:5px\" target=\"_blank\" rel=\"noopener noreferrer\"><span style=\"color:#FFFFFF;padding:0px 16px;font-size:13px;line-height:26px;border-color:#4d57ce;border-radius:5px;text-shadow:none\"> 11.50<\/span><\/a><\/span><\/td>\n<td style=\"background-color: #ffffff; border-color: #ededed; height: 47px; text-align: center; vertical-align: middle; width: 100px;\"><span style=\"font-size: 10px;\"><a href=\"https:\/\/www.winamax.fr\/paris-sportifs\/match\/59326657?banid=33423\" class=\"su-button su-button-style-flat\" style=\"color:#FFFFFF;background-color:#000fb8;border-color:#000c94;border-radius:5px\" target=\"_blank\" rel=\"noopener noreferrer\"><span style=\"color:#FFFFFF;padding:0px 16px;font-size:13px;line-height:26px;border-color:#4d57ce;border-radius:5px;text-shadow:none\"> 1.02<\/span><\/a><\/span><\/td>\n<\/tr>\n<\/tbody>\n<\/table>\n<p style=\"text-align: justify;\">Tentez votre chance en profitant de votre <a href=\"https:\/\/www.winamax.fr\/registration\/landing\/affiliation_Bonus100?banid=33423\">1er d\u00e9p\u00f4t doubl\u00e9 jusqu&rsquo;\u00e0 100 \u20ac<\/a> direct en paris gratuits sur Winamax !<\/p>\n","protected":false},"excerpt":{"rendered":"<p>EUROBASKET HOMMES 2025 &#8211; \u00c0 quelle heure et sur quelle cha\u00eene TV suivre le match de l&rsquo;EuroBasket entre la Belgique et l&rsquo;\u00e9quipe de France ? Retrouvez \u00e9galement les compositions des deux \u00e9quipes.<\/p>\n","protected":false},"author":59,"featured_media":605804,"comment_status":"open","ping_status":"closed","sticky":false,"template":"","format":"standard","meta":{"_acf_changed":false,"_daextam_enable_autolinks":"1","footnotes":""},"categories":[44295,47000],"tags":[16878,3231,1782,8799],"class_list":["post-605799","post","type-post","status-publish","format-standard","has-post-thumbnail","hentry","category-chaine-tv","category-eurobasket","tag-breve","tag-equipe-de-france-de-basket","tag-eurobasket","tag-programme-tv"],"acf":[],"yoast_head":"<!-- This site is optimized with the Yoast SEO Premium plugin v26.7 (Yoast SEO v26.7) - https:\/\/yoast.com\/wordpress\/plugins\/seo\/ -->\n<title>Belgique-France : Compositions, Cha\u00eene TV, Heure et Cotes, EuroBasket 2025<\/title>\n<meta name=\"description\" content=\"EUROBASKET HOMMES 2025 - \u00c0 quelle heure et sur quelle cha\u00eene TV suivre le match de l&#039;EuroBasket entre la Belgique et l&#039;\u00e9quipe de France ? Retrouvez \u00e9galement les compositions des deux \u00e9quipes.\" \/>\n<meta name=\"robots\" content=\"index, follow, max-snippet:-1, max-image-preview:large, max-video-preview:-1\" \/>\n<link rel=\"canonical\" href=\"https:\/\/dicodusport.fr\/blog\/eurobasket-2025-belgique-france-compositions-chaine-tv-heure-et-cotes\/\" \/>\n<meta property=\"og:locale\" content=\"fr_FR\" \/>\n<meta property=\"og:type\" content=\"article\" \/>\n<meta property=\"og:title\" content=\"Belgique-France : Compositions, Cha\u00eene TV, Heure et Cotes, EuroBasket 2025\" \/>\n<meta property=\"og:description\" content=\"EUROBASKET HOMMES 2025 - \u00c0 quelle heure et sur quelle cha\u00eene TV suivre le match de l&#039;EuroBasket entre la Belgique et l&#039;\u00e9quipe de France ? Retrouvez \u00e9galement les compositions des deux \u00e9quipes.\" \/>\n<meta property=\"og:url\" content=\"https:\/\/dicodusport.fr\/blog\/eurobasket-2025-belgique-france-compositions-chaine-tv-heure-et-cotes\/\" \/>\n<meta property=\"og:site_name\" content=\"Dicodusport\" \/>\n<meta property=\"article:publisher\" content=\"https:\/\/www.facebook.com\/dicodusport\" \/>\n<meta property=\"article:author\" content=\"https:\/\/www.facebook.com\/sebastien.gente\/\" \/>\n<meta property=\"article:published_time\" content=\"2025-08-28T14:56:31+00:00\" \/>\n<meta property=\"article:modified_time\" content=\"2025-08-28T14:56:42+00:00\" \/>\n<meta property=\"og:image\" content=\"https:\/\/dicodusport.fr\/blog\/wp-content\/uploads\/2025\/08\/EuroBasket-2025-Belgique-France-Compositions-Chaine-TV-Heure-et-Cotes.png\" \/>\n\t<meta property=\"og:image:width\" content=\"1200\" \/>\n\t<meta property=\"og:image:height\" content=\"674\" \/>\n\t<meta property=\"og:image:type\" content=\"image\/png\" \/>\n<meta name=\"author\" content=\"S\u00e9bastien Gente\" \/>\n<meta name=\"twitter:card\" content=\"summary_large_image\" \/>\n<meta name=\"twitter:title\" content=\"Belgique-France : Compositions, Cha\u00eene TV, Heure et Cotes, EuroBasket 2025\" \/>\n<meta name=\"twitter:creator\" content=\"@https:\/\/twitter.com\/globulo24\" \/>\n<meta name=\"twitter:site\" content=\"@dicodusport\" \/>\n<script type=\"application\/ld+json\" class=\"yoast-schema-graph\">{\"@context\":\"https:\/\/schema.org\",\"@graph\":[{\"@type\":\"NewsArticle\",\"@id\":\"https:\/\/dicodusport.fr\/blog\/eurobasket-2025-belgique-france-compositions-chaine-tv-heure-et-cotes\/#article\",\"isPartOf\":{\"@id\":\"https:\/\/dicodusport.fr\/blog\/eurobasket-2025-belgique-france-compositions-chaine-tv-heure-et-cotes\/\"},\"author\":{\"name\":\"S\u00e9bastien Gente\",\"@id\":\"https:\/\/dicodusport.fr\/blog\/#\/schema\/person\/627966a6cde45dbd8c5e36ac85d783da\"},\"headline\":\"Belgique-France : Compositions, Cha\u00eene TV, Heure et Cotes, EuroBasket 2025\",\"datePublished\":\"2025-08-28T14:56:31+00:00\",\"dateModified\":\"2025-08-28T14:56:42+00:00\",\"mainEntityOfPage\":{\"@id\":\"https:\/\/dicodusport.fr\/blog\/eurobasket-2025-belgique-france-compositions-chaine-tv-heure-et-cotes\/\"},\"wordCount\":570,\"commentCount\":0,\"publisher\":{\"@id\":\"https:\/\/dicodusport.fr\/blog\/#organization\"},\"image\":{\"@id\":\"https:\/\/dicodusport.fr\/blog\/eurobasket-2025-belgique-france-compositions-chaine-tv-heure-et-cotes\/#primaryimage\"},\"thumbnailUrl\":\"https:\/\/dicodusport.fr\/blog\/wp-content\/uploads\/2025\/08\/EuroBasket-2025-Belgique-France-Compositions-Chaine-TV-Heure-et-Cotes.png\",\"keywords\":[\"br\u00e8ve\",\"Equipe de France de basket\",\"eurobasket\",\"Programme TV\"],\"articleSection\":[\"Cha\u00eene TV\",\"EuroBasket\"],\"inLanguage\":\"fr-FR\",\"potentialAction\":[{\"@type\":\"CommentAction\",\"name\":\"Comment\",\"target\":[\"https:\/\/dicodusport.fr\/blog\/eurobasket-2025-belgique-france-compositions-chaine-tv-heure-et-cotes\/#respond\"]}],\"copyrightYear\":\"2025\",\"copyrightHolder\":{\"@id\":\"https:\/\/dicodusport.fr\/blog\/#organization\"}},{\"@type\":\"WebPage\",\"@id\":\"https:\/\/dicodusport.fr\/blog\/eurobasket-2025-belgique-france-compositions-chaine-tv-heure-et-cotes\/\",\"url\":\"https:\/\/dicodusport.fr\/blog\/eurobasket-2025-belgique-france-compositions-chaine-tv-heure-et-cotes\/\",\"name\":\"Belgique-France : Compositions, Cha\u00eene TV, Heure et Cotes, EuroBasket 2025\",\"isPartOf\":{\"@id\":\"https:\/\/dicodusport.fr\/blog\/#website\"},\"primaryImageOfPage\":{\"@id\":\"https:\/\/dicodusport.fr\/blog\/eurobasket-2025-belgique-france-compositions-chaine-tv-heure-et-cotes\/#primaryimage\"},\"image\":{\"@id\":\"https:\/\/dicodusport.fr\/blog\/eurobasket-2025-belgique-france-compositions-chaine-tv-heure-et-cotes\/#primaryimage\"},\"thumbnailUrl\":\"https:\/\/dicodusport.fr\/blog\/wp-content\/uploads\/2025\/08\/EuroBasket-2025-Belgique-France-Compositions-Chaine-TV-Heure-et-Cotes.png\",\"datePublished\":\"2025-08-28T14:56:31+00:00\",\"dateModified\":\"2025-08-28T14:56:42+00:00\",\"description\":\"EUROBASKET HOMMES 2025 - \u00c0 quelle heure et sur quelle cha\u00eene TV suivre le match de l'EuroBasket entre la Belgique et l'\u00e9quipe de France ? Retrouvez \u00e9galement les compositions des deux \u00e9quipes.\",\"breadcrumb\":{\"@id\":\"https:\/\/dicodusport.fr\/blog\/eurobasket-2025-belgique-france-compositions-chaine-tv-heure-et-cotes\/#breadcrumb\"},\"inLanguage\":\"fr-FR\",\"potentialAction\":[{\"@type\":\"ReadAction\",\"target\":[\"https:\/\/dicodusport.fr\/blog\/eurobasket-2025-belgique-france-compositions-chaine-tv-heure-et-cotes\/\"]}]},{\"@type\":\"ImageObject\",\"inLanguage\":\"fr-FR\",\"@id\":\"https:\/\/dicodusport.fr\/blog\/eurobasket-2025-belgique-france-compositions-chaine-tv-heure-et-cotes\/#primaryimage\",\"url\":\"https:\/\/dicodusport.fr\/blog\/wp-content\/uploads\/2025\/08\/EuroBasket-2025-Belgique-France-Compositions-Chaine-TV-Heure-et-Cotes.png\",\"contentUrl\":\"https:\/\/dicodusport.fr\/blog\/wp-content\/uploads\/2025\/08\/EuroBasket-2025-Belgique-France-Compositions-Chaine-TV-Heure-et-Cotes.png\",\"width\":1200,\"height\":674,\"caption\":\"EuroBasket 2025, Belgique-France Compositions, Cha\u00eene TV, Heure et Cotes\"},{\"@type\":\"BreadcrumbList\",\"@id\":\"https:\/\/dicodusport.fr\/blog\/eurobasket-2025-belgique-france-compositions-chaine-tv-heure-et-cotes\/#breadcrumb\",\"itemListElement\":[{\"@type\":\"ListItem\",\"position\":1,\"name\":\"Accueil\",\"item\":\"https:\/\/dicodusport.fr\/blog\/\"},{\"@type\":\"ListItem\",\"position\":2,\"name\":\"Belgique-France : Compositions, Cha\u00eene TV, Heure et Cotes, EuroBasket 2025\"}]},{\"@type\":\"WebSite\",\"@id\":\"https:\/\/dicodusport.fr\/blog\/#website\",\"url\":\"https:\/\/dicodusport.fr\/blog\/\",\"name\":\"Dicodusport\",\"description\":\"L&#039;encyclop\u00e9die de l&#039;actualit\u00e9 sportive\",\"publisher\":{\"@id\":\"https:\/\/dicodusport.fr\/blog\/#organization\"},\"potentialAction\":[{\"@type\":\"SearchAction\",\"target\":{\"@type\":\"EntryPoint\",\"urlTemplate\":\"https:\/\/dicodusport.fr\/blog\/?s={search_term_string}\"},\"query-input\":{\"@type\":\"PropertyValueSpecification\",\"valueRequired\":true,\"valueName\":\"search_term_string\"}}],\"inLanguage\":\"fr-FR\"},{\"@type\":\"NewsMediaOrganization\",\"@id\":\"https:\/\/dicodusport.fr\/blog\/#organization\",\"name\":\"Dicodusport\",\"url\":\"https:\/\/dicodusport.fr\/blog\/\",\"logo\":{\"@type\":\"ImageObject\",\"inLanguage\":\"fr-FR\",\"@id\":\"https:\/\/dicodusport.fr\/blog\/#\/schema\/logo\/image\/\",\"url\":\"https:\/\/dicodusport.fr\/blog\/wp-content\/uploads\/2020\/06\/cropped-LOGO-DICODUSPORT-2020-SANS-FOND-SANS-TEXTE.png\",\"contentUrl\":\"https:\/\/dicodusport.fr\/blog\/wp-content\/uploads\/2020\/06\/cropped-LOGO-DICODUSPORT-2020-SANS-FOND-SANS-TEXTE.png\",\"width\":512,\"height\":512,\"caption\":\"Dicodusport\"},\"image\":{\"@id\":\"https:\/\/dicodusport.fr\/blog\/#\/schema\/logo\/image\/\"},\"sameAs\":[\"https:\/\/www.facebook.com\/dicodusport\",\"https:\/\/x.com\/dicodusport\",\"https:\/\/www.instagram.com\/dicodusport\/\",\"https:\/\/www.youtube.com\/channel\/UC7V2KZ5sd3htJivAbA4ZG3w\"],\"description\":\"Dicodusport est l'encyclop\u00e9die de l'actualit\u00e9 sportive.\",\"email\":\"bonjour@dicodusport.fr\",\"legalName\":\"DICODUSPORT\",\"foundingDate\":\"2018-01-14\",\"vatID\":\"FR71834470973\",\"taxID\":\"83447097300043\",\"numberOfEmployees\":{\"@type\":\"QuantitativeValue\",\"minValue\":\"1\",\"maxValue\":\"10\"}},{\"@type\":\"Person\",\"@id\":\"https:\/\/dicodusport.fr\/blog\/#\/schema\/person\/627966a6cde45dbd8c5e36ac85d783da\",\"name\":\"S\u00e9bastien Gente\",\"image\":{\"@type\":\"ImageObject\",\"inLanguage\":\"fr-FR\",\"@id\":\"https:\/\/dicodusport.fr\/blog\/#\/schema\/person\/image\/\",\"url\":\"https:\/\/dicodusport.fr\/blog\/wp-content\/uploads\/2021\/09\/1510990_10205810251400683_4124423575079401707_n-150x150.jpg\",\"contentUrl\":\"https:\/\/dicodusport.fr\/blog\/wp-content\/uploads\/2021\/09\/1510990_10205810251400683_4124423575079401707_n-150x150.jpg\",\"caption\":\"S\u00e9bastien Gente\"},\"description\":\"John Stockton, Gianni Bugno, Zinedine Zidane, Steffi Graf, Frode Andresen, St\u00e9phane Stoecklin, Davis Kamoga, Primoz Peterka, Werner Schlager et Aur\u00e9lien Rougerie. Point commun entre ces sportifs? Ils m'ont fait r\u00eaver et ont berc\u00e9 mon adolescence. Je suis un fondu de sports et j'essaie de retranscrire ma passion \u00e0 travers mes articles. Originaire du P\u00e9rigord, ma passion pour les Girondins, les Jaunards et les Jazzmen transpire dans mes \u00e9crits. \u00c0 Dicodusport depuis 2021, je d\u00e9niche les sports m\u00e9connus dans lesquels la France brille, et il y en a !\",\"sameAs\":[\"https:\/\/www.facebook.com\/sebastien.gente\/\",\"https:\/\/www.instagram.com\/sebgente\/\",\"https:\/\/www.linkedin.com\/in\/sbastien-gente-a29583169\/\",\"https:\/\/x.com\/https:\/\/twitter.com\/globulo24\",\"SebastienGente\"],\"worksFor\":\"S\u00e9bastien GENTE\",\"url\":\"https:\/\/dicodusport.fr\/blog\/author\/sebastiengente\/\"}]}<\/script>\n<!-- \/ Yoast SEO Premium plugin. -->","yoast_head_json":{"title":"Belgique-France : Compositions, Cha\u00eene TV, Heure et Cotes, EuroBasket 2025","description":"EUROBASKET HOMMES 2025 - \u00c0 quelle heure et sur quelle cha\u00eene TV suivre le match de l'EuroBasket entre la Belgique et l'\u00e9quipe de France ? Retrouvez \u00e9galement les compositions des deux \u00e9quipes.","robots":{"index":"index","follow":"follow","max-snippet":"max-snippet:-1","max-image-preview":"max-image-preview:large","max-video-preview":"max-video-preview:-1"},"canonical":"https:\/\/dicodusport.fr\/blog\/eurobasket-2025-belgique-france-compositions-chaine-tv-heure-et-cotes\/","og_locale":"fr_FR","og_type":"article","og_title":"Belgique-France : Compositions, Cha\u00eene TV, Heure et Cotes, EuroBasket 2025","og_description":"EUROBASKET HOMMES 2025 - \u00c0 quelle heure et sur quelle cha\u00eene TV suivre le match de l'EuroBasket entre la Belgique et l'\u00e9quipe de France ? Retrouvez \u00e9galement les compositions des deux \u00e9quipes.","og_url":"https:\/\/dicodusport.fr\/blog\/eurobasket-2025-belgique-france-compositions-chaine-tv-heure-et-cotes\/","og_site_name":"Dicodusport","article_publisher":"https:\/\/www.facebook.com\/dicodusport","article_author":"https:\/\/www.facebook.com\/sebastien.gente\/","article_published_time":"2025-08-28T14:56:31+00:00","article_modified_time":"2025-08-28T14:56:42+00:00","og_image":[{"width":1200,"height":674,"url":"https:\/\/dicodusport.fr\/blog\/wp-content\/uploads\/2025\/08\/EuroBasket-2025-Belgique-France-Compositions-Chaine-TV-Heure-et-Cotes.png","type":"image\/png"}],"author":"S\u00e9bastien Gente","twitter_card":"summary_large_image","twitter_title":"Belgique-France : Compositions, Cha\u00eene TV, Heure et Cotes, EuroBasket 2025","twitter_creator":"@https:\/\/twitter.com\/globulo24","twitter_site":"@dicodusport","schema":{"@context":"https:\/\/schema.org","@graph":[{"@type":"NewsArticle","@id":"https:\/\/dicodusport.fr\/blog\/eurobasket-2025-belgique-france-compositions-chaine-tv-heure-et-cotes\/#article","isPartOf":{"@id":"https:\/\/dicodusport.fr\/blog\/eurobasket-2025-belgique-france-compositions-chaine-tv-heure-et-cotes\/"},"author":{"name":"S\u00e9bastien Gente","@id":"https:\/\/dicodusport.fr\/blog\/#\/schema\/person\/627966a6cde45dbd8c5e36ac85d783da"},"headline":"Belgique-France : Compositions, Cha\u00eene TV, Heure et Cotes, EuroBasket 2025","datePublished":"2025-08-28T14:56:31+00:00","dateModified":"2025-08-28T14:56:42+00:00","mainEntityOfPage":{"@id":"https:\/\/dicodusport.fr\/blog\/eurobasket-2025-belgique-france-compositions-chaine-tv-heure-et-cotes\/"},"wordCount":570,"commentCount":0,"publisher":{"@id":"https:\/\/dicodusport.fr\/blog\/#organization"},"image":{"@id":"https:\/\/dicodusport.fr\/blog\/eurobasket-2025-belgique-france-compositions-chaine-tv-heure-et-cotes\/#primaryimage"},"thumbnailUrl":"https:\/\/dicodusport.fr\/blog\/wp-content\/uploads\/2025\/08\/EuroBasket-2025-Belgique-France-Compositions-Chaine-TV-Heure-et-Cotes.png","keywords":["br\u00e8ve","Equipe de France de basket","eurobasket","Programme TV"],"articleSection":["Cha\u00eene TV","EuroBasket"],"inLanguage":"fr-FR","potentialAction":[{"@type":"CommentAction","name":"Comment","target":["https:\/\/dicodusport.fr\/blog\/eurobasket-2025-belgique-france-compositions-chaine-tv-heure-et-cotes\/#respond"]}],"copyrightYear":"2025","copyrightHolder":{"@id":"https:\/\/dicodusport.fr\/blog\/#organization"}},{"@type":"WebPage","@id":"https:\/\/dicodusport.fr\/blog\/eurobasket-2025-belgique-france-compositions-chaine-tv-heure-et-cotes\/","url":"https:\/\/dicodusport.fr\/blog\/eurobasket-2025-belgique-france-compositions-chaine-tv-heure-et-cotes\/","name":"Belgique-France : Compositions, Cha\u00eene TV, Heure et Cotes, EuroBasket 2025","isPartOf":{"@id":"https:\/\/dicodusport.fr\/blog\/#website"},"primaryImageOfPage":{"@id":"https:\/\/dicodusport.fr\/blog\/eurobasket-2025-belgique-france-compositions-chaine-tv-heure-et-cotes\/#primaryimage"},"image":{"@id":"https:\/\/dicodusport.fr\/blog\/eurobasket-2025-belgique-france-compositions-chaine-tv-heure-et-cotes\/#primaryimage"},"thumbnailUrl":"https:\/\/dicodusport.fr\/blog\/wp-content\/uploads\/2025\/08\/EuroBasket-2025-Belgique-France-Compositions-Chaine-TV-Heure-et-Cotes.png","datePublished":"2025-08-28T14:56:31+00:00","dateModified":"2025-08-28T14:56:42+00:00","description":"EUROBASKET HOMMES 2025 - \u00c0 quelle heure et sur quelle cha\u00eene TV suivre le match de l'EuroBasket entre la Belgique et l'\u00e9quipe de France ? Retrouvez \u00e9galement les compositions des deux \u00e9quipes.","breadcrumb":{"@id":"https:\/\/dicodusport.fr\/blog\/eurobasket-2025-belgique-france-compositions-chaine-tv-heure-et-cotes\/#breadcrumb"},"inLanguage":"fr-FR","potentialAction":[{"@type":"ReadAction","target":["https:\/\/dicodusport.fr\/blog\/eurobasket-2025-belgique-france-compositions-chaine-tv-heure-et-cotes\/"]}]},{"@type":"ImageObject","inLanguage":"fr-FR","@id":"https:\/\/dicodusport.fr\/blog\/eurobasket-2025-belgique-france-compositions-chaine-tv-heure-et-cotes\/#primaryimage","url":"https:\/\/dicodusport.fr\/blog\/wp-content\/uploads\/2025\/08\/EuroBasket-2025-Belgique-France-Compositions-Chaine-TV-Heure-et-Cotes.png","contentUrl":"https:\/\/dicodusport.fr\/blog\/wp-content\/uploads\/2025\/08\/EuroBasket-2025-Belgique-France-Compositions-Chaine-TV-Heure-et-Cotes.png","width":1200,"height":674,"caption":"EuroBasket 2025, Belgique-France Compositions, Cha\u00eene TV, Heure et Cotes"},{"@type":"BreadcrumbList","@id":"https:\/\/dicodusport.fr\/blog\/eurobasket-2025-belgique-france-compositions-chaine-tv-heure-et-cotes\/#breadcrumb","itemListElement":[{"@type":"ListItem","position":1,"name":"Accueil","item":"https:\/\/dicodusport.fr\/blog\/"},{"@type":"ListItem","position":2,"name":"Belgique-France : Compositions, Cha\u00eene TV, Heure et Cotes, EuroBasket 2025"}]},{"@type":"WebSite","@id":"https:\/\/dicodusport.fr\/blog\/#website","url":"https:\/\/dicodusport.fr\/blog\/","name":"Dicodusport","description":"L&#039;encyclop\u00e9die de l&#039;actualit\u00e9 sportive","publisher":{"@id":"https:\/\/dicodusport.fr\/blog\/#organization"},"potentialAction":[{"@type":"SearchAction","target":{"@type":"EntryPoint","urlTemplate":"https:\/\/dicodusport.fr\/blog\/?s={search_term_string}"},"query-input":{"@type":"PropertyValueSpecification","valueRequired":true,"valueName":"search_term_string"}}],"inLanguage":"fr-FR"},{"@type":"NewsMediaOrganization","@id":"https:\/\/dicodusport.fr\/blog\/#organization","name":"Dicodusport","url":"https:\/\/dicodusport.fr\/blog\/","logo":{"@type":"ImageObject","inLanguage":"fr-FR","@id":"https:\/\/dicodusport.fr\/blog\/#\/schema\/logo\/image\/","url":"https:\/\/dicodusport.fr\/blog\/wp-content\/uploads\/2020\/06\/cropped-LOGO-DICODUSPORT-2020-SANS-FOND-SANS-TEXTE.png","contentUrl":"https:\/\/dicodusport.fr\/blog\/wp-content\/uploads\/2020\/06\/cropped-LOGO-DICODUSPORT-2020-SANS-FOND-SANS-TEXTE.png","width":512,"height":512,"caption":"Dicodusport"},"image":{"@id":"https:\/\/dicodusport.fr\/blog\/#\/schema\/logo\/image\/"},"sameAs":["https:\/\/www.facebook.com\/dicodusport","https:\/\/x.com\/dicodusport","https:\/\/www.instagram.com\/dicodusport\/","https:\/\/www.youtube.com\/channel\/UC7V2KZ5sd3htJivAbA4ZG3w"],"description":"Dicodusport est l'encyclop\u00e9die de l'actualit\u00e9 sportive.","email":"bonjour@dicodusport.fr","legalName":"DICODUSPORT","foundingDate":"2018-01-14","vatID":"FR71834470973","taxID":"83447097300043","numberOfEmployees":{"@type":"QuantitativeValue","minValue":"1","maxValue":"10"}},{"@type":"Person","@id":"https:\/\/dicodusport.fr\/blog\/#\/schema\/person\/627966a6cde45dbd8c5e36ac85d783da","name":"S\u00e9bastien Gente","image":{"@type":"ImageObject","inLanguage":"fr-FR","@id":"https:\/\/dicodusport.fr\/blog\/#\/schema\/person\/image\/","url":"https:\/\/dicodusport.fr\/blog\/wp-content\/uploads\/2021\/09\/1510990_10205810251400683_4124423575079401707_n-150x150.jpg","contentUrl":"https:\/\/dicodusport.fr\/blog\/wp-content\/uploads\/2021\/09\/1510990_10205810251400683_4124423575079401707_n-150x150.jpg","caption":"S\u00e9bastien Gente"},"description":"John Stockton, Gianni Bugno, Zinedine Zidane, Steffi Graf, Frode Andresen, St\u00e9phane Stoecklin, Davis Kamoga, Primoz Peterka, Werner Schlager et Aur\u00e9lien Rougerie. Point commun entre ces sportifs? Ils m'ont fait r\u00eaver et ont berc\u00e9 mon adolescence. Je suis un fondu de sports et j'essaie de retranscrire ma passion \u00e0 travers mes articles. Originaire du P\u00e9rigord, ma passion pour les Girondins, les Jaunards et les Jazzmen transpire dans mes \u00e9crits. \u00c0 Dicodusport depuis 2021, je d\u00e9niche les sports m\u00e9connus dans lesquels la France brille, et il y en a !","sameAs":["https:\/\/www.facebook.com\/sebastien.gente\/","https:\/\/www.instagram.com\/sebgente\/","https:\/\/www.linkedin.com\/in\/sbastien-gente-a29583169\/","https:\/\/x.com\/https:\/\/twitter.com\/globulo24","SebastienGente"],"worksFor":"S\u00e9bastien GENTE","url":"https:\/\/dicodusport.fr\/blog\/author\/sebastiengente\/"}]}},"_links":{"self":[{"href":"https:\/\/dicodusport.fr\/blog\/wp-json\/wp\/v2\/posts\/605799","targetHints":{"allow":["GET"]}}],"collection":[{"href":"https:\/\/dicodusport.fr\/blog\/wp-json\/wp\/v2\/posts"}],"about":[{"href":"https:\/\/dicodusport.fr\/blog\/wp-json\/wp\/v2\/types\/post"}],"author":[{"embeddable":true,"href":"https:\/\/dicodusport.fr\/blog\/wp-json\/wp\/v2\/users\/59"}],"replies":[{"embeddable":true,"href":"https:\/\/dicodusport.fr\/blog\/wp-json\/wp\/v2\/comments?post=605799"}],"version-history":[{"count":5,"href":"https:\/\/dicodusport.fr\/blog\/wp-json\/wp\/v2\/posts\/605799\/revisions"}],"predecessor-version":[{"id":606240,"href":"https:\/\/dicodusport.fr\/blog\/wp-json\/wp\/v2\/posts\/605799\/revisions\/606240"}],"wp:featuredmedia":[{"embeddable":true,"href":"https:\/\/dicodusport.fr\/blog\/wp-json\/wp\/v2\/media\/605804"}],"wp:attachment":[{"href":"https:\/\/dicodusport.fr\/blog\/wp-json\/wp\/v2\/media?parent=605799"}],"wp:term":[{"taxonomy":"category","embeddable":true,"href":"https:\/\/dicodusport.fr\/blog\/wp-json\/wp\/v2\/categories?post=605799"},{"taxonomy":"post_tag","embeddable":true,"href":"https:\/\/dicodusport.fr\/blog\/wp-json\/wp\/v2\/tags?post=605799"}],"curies":[{"name":"wp","href":"https:\/\/api.w.org\/{rel}","templated":true}]}}