{"id":605862,"date":"2025-08-27T16:34:19","date_gmt":"2025-08-27T14:34:19","guid":{"rendered":"https:\/\/dicodusport.fr\/blog\/?p=605862&#038;preview=true&#038;preview_id=605862"},"modified":"2025-08-27T16:39:12","modified_gmt":"2025-08-27T14:39:12","slug":"tour-poitou-charentes-2025-dorian-godon-soffre-la-deuxieme-etape","status":"publish","type":"post","link":"https:\/\/dicodusport.fr\/blog\/tour-poitou-charentes-2025-dorian-godon-soffre-la-deuxieme-etape\/","title":{"rendered":"Tour Poitou-Charentes 2025 : Dorian Godon s&rsquo;offre la deuxi\u00e8me \u00e9tape"},"content":{"rendered":"<p style=\"text-align: justify;\"><strong><em>TOUR POITOU-CHARENTES 2025 &#8211; Pour la premi\u00e8re fois, Dorian Godon a lev\u00e9 les bras avec le maillot de champion de France en remportant la deuxi\u00e8me \u00e9tape \u00e0 Gond-Pontouvre. Arnaud D\u00e9mare prend les commandes du g\u00e9n\u00e9ral.<\/em><\/strong><\/p>\n<ul style=\"text-align: justify;\">\n<li><strong>\u00c0 ce sujet &#8211; <a href=\"https:\/\/dicodusport.fr\/blog\/actualites\/cyclisme\/\">L&rsquo;actualit\u00e9 du cyclisme<\/a><\/strong><\/li>\n<\/ul>\n<p style=\"text-align: justify;\">Hier, c&rsquo;est <strong>Jason Tesson<\/strong> (Team TotalEnergies) qui avait pris les commandes du Tour du Poitou-Charentes en raflant de justesse le sprint sur la premi\u00e8re \u00e9tape. La deuxi\u00e8me ne proposait pas de grosses difficult\u00e9s, mais un parcours casse-pattes, notamment dans le final. De quoi voir des puncheurs s&rsquo;illustrer, ou un nouveau sprint massif ?<\/p>\n<div class=\"vlp-link-container vlp-layout-article\"><a href=\"https:\/\/dicodusport.fr\/blog\/tour-poitou-charentes-2025-victoire-au-sprint-de-jason-tesson-sur-la-1ere-etape\/\" class=\"vlp-link\" title=\"Tour Poitou-Charentes 2025 : Victoire au sprint de Jason Tesson sur la 1\u00e8re \u00e9tape\"><\/a><div class=\"vlp-layout-zone-side\"><div class=\"vlp-block-4 vlp-link-image\"><img loading=\"lazy\" decoding=\"async\" style=\"max-width: 792px;\" width=\"792\" height=\"445\" src=\"https:\/\/dicodusport.fr\/blog\/wp-content\/uploads\/2025\/08\/Tour-Poitou-Charentes-2025-Victoire-au-sprint-de-Jason-Tesson-sur-la-1ere-etape.png\" class=\"attachment-800x445 size-800x445\" alt=\"Tour Poitou-Charentes 2025 Victoire au sprint de Jason Tesson sur la 1\u00e8re \u00e9tape\" srcset=\"https:\/\/dicodusport.fr\/blog\/wp-content\/uploads\/2025\/08\/Tour-Poitou-Charentes-2025-Victoire-au-sprint-de-Jason-Tesson-sur-la-1ere-etape.png 1200w, https:\/\/dicodusport.fr\/blog\/wp-content\/uploads\/2025\/08\/Tour-Poitou-Charentes-2025-Victoire-au-sprint-de-Jason-Tesson-sur-la-1ere-etape-300x169.png 300w, https:\/\/dicodusport.fr\/blog\/wp-content\/uploads\/2025\/08\/Tour-Poitou-Charentes-2025-Victoire-au-sprint-de-Jason-Tesson-sur-la-1ere-etape-1024x575.png 1024w, https:\/\/dicodusport.fr\/blog\/wp-content\/uploads\/2025\/08\/Tour-Poitou-Charentes-2025-Victoire-au-sprint-de-Jason-Tesson-sur-la-1ere-etape-768x431.png 768w\" sizes=\"auto, (max-width: 792px) 100vw, 792px\" \/><\/div><\/div><div class=\"vlp-layout-zone-main\"><div class=\"vlp-block-0 vlp-link-title\">Tour Poitou-Charentes 2025 : Victoire au sprint de Jason Tesson sur la 1\u00e8re \u00e9tape<\/div><div class=\"vlp-block-1 vlp-link-summary\">Jason Tesson (Team TotalEnergies), en difficult\u00e9 cette ann\u00e9e, renoue avec la victoire en r\u00e9glant le sprint de la premi\u00e8re \u00e9tape, juste devant Arnaud D\u00e9mare.<\/div><div class=\"vlp-block-2 vlp-link-button\">Lire l'article<\/div><div class=\"vlp-block-3 vlp-link-url\">dicodusport.fr<\/div><\/div><\/div>\n<h2 style=\"text-align: justify;\">Godon le plus fort<\/h2>\n<p style=\"text-align: justify;\">Une \u00e9chapp\u00e9e a rapidement pris forme, mais le quatuor de fuyards avait une composition surprenante. En effet, <strong>Gabriele Raccagni<\/strong> (Team Polti VisitMalta) \u00e9tait accompagn\u00e9 de pas moins de trois membres de la formation Parkhotel Valkenburg : <strong>Nils Sinschek<\/strong>, <strong>Martijn Rasenberg<\/strong> et <strong>Mathis Avondts<\/strong>. Une \u00e9chapp\u00e9e \u00e0 laquelle le peloton a laiss\u00e9 une grande marge de man\u0153uvre.<\/p>\n<ul style=\"text-align: justify;\">\n<li><strong>\u00c0 ce sujet &#8211;\u00a0<a href=\"https:\/\/dicodusport.fr\/blog\/2eme-etape-tour-poitou-charentes-2025-classement-et-resultats\/\">2\u00e8me \u00e9tape Tour Poitou-Charentes 2025 \u2013 Classement et r\u00e9sultats<\/a><\/strong><\/li>\n<\/ul>\n<p style=\"text-align: justify;\">Au maximum, le quatuor avait pr\u00e8s de 5 minutes d&rsquo;avance, et encore autour de trois \u00e0 une trentaine de kilom\u00e8tres de l&rsquo;arriv\u00e9e. Forc\u00e9ment, l&rsquo;\u00e9chapp\u00e9e tirait dans le m\u00eame sens et s&rsquo;annon\u00e7ait difficile \u00e0 aller chercher. Mais les forces commen\u00e7aient \u00e0 quitter les \u00e9chapp\u00e9s, et <strong>Sinschek<\/strong> et <strong>Avondts<\/strong>, apr\u00e8s avoir \u00e9norm\u00e9ment travaill\u00e9, ont l\u00e2ch\u00e9 prise \u00e0 20 km de l&rsquo;arriv\u00e9e. \u00c0 ce moment-l\u00e0, le duo de t\u00eate semblait condamn\u00e9 \u00e0 l&rsquo;\u00e9chec, alors <strong>Martijn Rasenberg<\/strong>, qui pouvait aller chercher le maillot de leader du g\u00e9n\u00e9ral, s&rsquo;en allait seul \u00e0 10 km de l&rsquo;arriv\u00e9e, alors que son avance \u00e9tait alors de 60 secondes.<\/p>\n<ul style=\"text-align: justify;\">\n<li style=\"text-align: justify;\"><strong>\u00c0 ce sujet &#8211; <a href=\"https:\/\/dicodusport.fr\/blog\/classement-general-tour-poitou-charentes-2025-actualise\/\">Classement g\u00e9n\u00e9ral Tour Poitou-Charentes 2025 actualis\u00e9<\/a><\/strong><\/li>\n<\/ul>\n<p style=\"text-align: justify;\">Un contre-la-montre apr\u00e8s une \u00e9chapp\u00e9e, r\u00e9aliste ? L&rsquo;\u00e9cart fondait comme neige au soleil, toutes les \u00e9quipes de favoris se relayaient en t\u00eate de peloton&#8230; pour reprendre le N\u00e9erlandais \u00e0 3 km de l&rsquo;arriv\u00e9e. Qui allait alors dompter le final en bosse de Gond-Pontouvre ? R\u00e9ponse : <strong>Dorian Godon<\/strong> (Decathlon AG2R La Mondiale Team) bien s\u00fbr ! Champion de France en juin, il a enfin lev\u00e9 les bras en bleu-blanc-rouge en haut de la bosse finale. Comme hier, <strong>Arnaud D\u00e9mare<\/strong> (Ark\u00e9a &#8211; B&amp;B Hotels) prend la deuxi\u00e8me place et s&#8217;empare donc du maillot de leader du classement g\u00e9n\u00e9ral.<\/p>\n<blockquote class=\"twitter-tweet\">\n<p dir=\"ltr\" lang=\"fr\"><a href=\"https:\/\/twitter.com\/hashtag\/TPC2025?src=hash&amp;ref_src=twsrc%5Etfw\">#TPC2025<\/a> victoire du champion de France Dorian Godon \u00e0 Gond-Pontouvre en Charente <a href=\"https:\/\/t.co\/ZLz0tUzBEM\">pic.twitter.com\/ZLz0tUzBEM<\/a><\/p>\n<p>\u2014 F3vetault (@F3vetault) <a href=\"https:\/\/twitter.com\/F3vetault\/status\/1960711255859106149?ref_src=twsrc%5Etfw\">August 27, 2025<\/a><\/p><\/blockquote>\n<p style=\"text-align: justify;\"><script async src=\"https:\/\/platform.twitter.com\/widgets.js\" charset=\"utf-8\"><\/script><\/p>\n","protected":false},"excerpt":{"rendered":"<p>TOUR POITOU-CHARENTES 2025 &#8211; Pour la premi\u00e8re fois, Dorian Godon a lev\u00e9 les bras avec le maillot de champion de France en remportant la deuxi\u00e8me \u00e9tape \u00e0 Gond-Pontouvre. Arnaud D\u00e9mare prend les commandes du g\u00e9n\u00e9ral.<\/p>\n","protected":false},"author":59,"featured_media":605922,"comment_status":"open","ping_status":"closed","sticky":false,"template":"","format":"standard","meta":{"_acf_changed":false,"_daextam_enable_autolinks":"1","footnotes":""},"categories":[46994],"tags":[3119,16878,11197,26074],"class_list":["post-605862","post","type-post","status-publish","format-standard","has-post-thumbnail","hentry","category-cyclisme-sur-route","tag-actualite-cyclisme","tag-breve","tag-cyclisme-sur-route","tag-tour-poitou-charentes"],"acf":[],"yoast_head":"<!-- This site is optimized with the Yoast SEO Premium plugin v26.7 (Yoast SEO v26.7) - https:\/\/yoast.com\/wordpress\/plugins\/seo\/ -->\n<title>Tour Poitou-Charentes 2025 : Dorian Godon s&#039;offre la deuxi\u00e8me \u00e9tape<\/title>\n<meta name=\"description\" content=\"TOUR POITOU-CHARENTES 2025 - Pour la premi\u00e8re fois, Dorian Godon a lev\u00e9 les bras avec le maillot de champion de France.\" \/>\n<meta name=\"robots\" content=\"index, follow, max-snippet:-1, max-image-preview:large, max-video-preview:-1\" \/>\n<link rel=\"canonical\" href=\"https:\/\/dicodusport.fr\/blog\/tour-poitou-charentes-2025-dorian-godon-soffre-la-deuxieme-etape\/\" \/>\n<meta property=\"og:locale\" content=\"fr_FR\" \/>\n<meta property=\"og:type\" content=\"article\" \/>\n<meta property=\"og:title\" content=\"Tour Poitou-Charentes 2025 : Dorian Godon s&#039;offre la deuxi\u00e8me \u00e9tape\" \/>\n<meta property=\"og:description\" content=\"TOUR POITOU-CHARENTES 2025 - Pour la premi\u00e8re fois, Dorian Godon a lev\u00e9 les bras avec le maillot de champion de France.\" \/>\n<meta property=\"og:url\" content=\"https:\/\/dicodusport.fr\/blog\/tour-poitou-charentes-2025-dorian-godon-soffre-la-deuxieme-etape\/\" \/>\n<meta property=\"og:site_name\" content=\"Dicodusport\" \/>\n<meta property=\"article:publisher\" content=\"https:\/\/www.facebook.com\/dicodusport\" \/>\n<meta property=\"article:author\" content=\"https:\/\/www.facebook.com\/sebastien.gente\/\" \/>\n<meta property=\"article:published_time\" content=\"2025-08-27T14:34:19+00:00\" \/>\n<meta property=\"article:modified_time\" content=\"2025-08-27T14:39:12+00:00\" \/>\n<meta property=\"og:image\" content=\"https:\/\/dicodusport.fr\/blog\/wp-content\/uploads\/2025\/08\/Tour-Poitou-Charentes-2025-Dorian-Godon-soffre-la-deuxieme-etape.png\" \/>\n\t<meta property=\"og:image:width\" content=\"1200\" \/>\n\t<meta property=\"og:image:height\" content=\"674\" \/>\n\t<meta property=\"og:image:type\" content=\"image\/png\" \/>\n<meta name=\"author\" content=\"S\u00e9bastien Gente\" \/>\n<meta name=\"twitter:card\" content=\"summary_large_image\" \/>\n<meta name=\"twitter:title\" content=\"Tour Poitou-Charentes 2025 : Dorian Godon s&#039;offre la deuxi\u00e8me \u00e9tape\" \/>\n<meta name=\"twitter:creator\" content=\"@https:\/\/twitter.com\/globulo24\" \/>\n<meta name=\"twitter:site\" content=\"@dicodusport\" \/>\n<script type=\"application\/ld+json\" class=\"yoast-schema-graph\">{\"@context\":\"https:\/\/schema.org\",\"@graph\":[{\"@type\":\"NewsArticle\",\"@id\":\"https:\/\/dicodusport.fr\/blog\/tour-poitou-charentes-2025-dorian-godon-soffre-la-deuxieme-etape\/#article\",\"isPartOf\":{\"@id\":\"https:\/\/dicodusport.fr\/blog\/tour-poitou-charentes-2025-dorian-godon-soffre-la-deuxieme-etape\/\"},\"author\":{\"name\":\"S\u00e9bastien Gente\",\"@id\":\"https:\/\/dicodusport.fr\/blog\/#\/schema\/person\/627966a6cde45dbd8c5e36ac85d783da\"},\"headline\":\"Tour Poitou-Charentes 2025 : Dorian Godon s&rsquo;offre la deuxi\u00e8me \u00e9tape\",\"datePublished\":\"2025-08-27T14:34:19+00:00\",\"dateModified\":\"2025-08-27T14:39:12+00:00\",\"mainEntityOfPage\":{\"@id\":\"https:\/\/dicodusport.fr\/blog\/tour-poitou-charentes-2025-dorian-godon-soffre-la-deuxieme-etape\/\"},\"wordCount\":532,\"commentCount\":0,\"publisher\":{\"@id\":\"https:\/\/dicodusport.fr\/blog\/#organization\"},\"image\":{\"@id\":\"https:\/\/dicodusport.fr\/blog\/tour-poitou-charentes-2025-dorian-godon-soffre-la-deuxieme-etape\/#primaryimage\"},\"thumbnailUrl\":\"https:\/\/dicodusport.fr\/blog\/wp-content\/uploads\/2025\/08\/Tour-Poitou-Charentes-2025-Dorian-Godon-soffre-la-deuxieme-etape.png\",\"keywords\":[\"Actualit\u00e9 Cyclisme\",\"br\u00e8ve\",\"Cyclisme sur route\",\"Tour Poitou-Charentes\"],\"articleSection\":[\"Cyclisme sur route\"],\"inLanguage\":\"fr-FR\",\"potentialAction\":[{\"@type\":\"CommentAction\",\"name\":\"Comment\",\"target\":[\"https:\/\/dicodusport.fr\/blog\/tour-poitou-charentes-2025-dorian-godon-soffre-la-deuxieme-etape\/#respond\"]}],\"copyrightYear\":\"2025\",\"copyrightHolder\":{\"@id\":\"https:\/\/dicodusport.fr\/blog\/#organization\"}},{\"@type\":\"WebPage\",\"@id\":\"https:\/\/dicodusport.fr\/blog\/tour-poitou-charentes-2025-dorian-godon-soffre-la-deuxieme-etape\/\",\"url\":\"https:\/\/dicodusport.fr\/blog\/tour-poitou-charentes-2025-dorian-godon-soffre-la-deuxieme-etape\/\",\"name\":\"Tour Poitou-Charentes 2025 : Dorian Godon s'offre la deuxi\u00e8me \u00e9tape\",\"isPartOf\":{\"@id\":\"https:\/\/dicodusport.fr\/blog\/#website\"},\"primaryImageOfPage\":{\"@id\":\"https:\/\/dicodusport.fr\/blog\/tour-poitou-charentes-2025-dorian-godon-soffre-la-deuxieme-etape\/#primaryimage\"},\"image\":{\"@id\":\"https:\/\/dicodusport.fr\/blog\/tour-poitou-charentes-2025-dorian-godon-soffre-la-deuxieme-etape\/#primaryimage\"},\"thumbnailUrl\":\"https:\/\/dicodusport.fr\/blog\/wp-content\/uploads\/2025\/08\/Tour-Poitou-Charentes-2025-Dorian-Godon-soffre-la-deuxieme-etape.png\",\"datePublished\":\"2025-08-27T14:34:19+00:00\",\"dateModified\":\"2025-08-27T14:39:12+00:00\",\"description\":\"TOUR POITOU-CHARENTES 2025 - Pour la premi\u00e8re fois, Dorian Godon a lev\u00e9 les bras avec le maillot de champion de France.\",\"breadcrumb\":{\"@id\":\"https:\/\/dicodusport.fr\/blog\/tour-poitou-charentes-2025-dorian-godon-soffre-la-deuxieme-etape\/#breadcrumb\"},\"inLanguage\":\"fr-FR\",\"potentialAction\":[{\"@type\":\"ReadAction\",\"target\":[\"https:\/\/dicodusport.fr\/blog\/tour-poitou-charentes-2025-dorian-godon-soffre-la-deuxieme-etape\/\"]}]},{\"@type\":\"ImageObject\",\"inLanguage\":\"fr-FR\",\"@id\":\"https:\/\/dicodusport.fr\/blog\/tour-poitou-charentes-2025-dorian-godon-soffre-la-deuxieme-etape\/#primaryimage\",\"url\":\"https:\/\/dicodusport.fr\/blog\/wp-content\/uploads\/2025\/08\/Tour-Poitou-Charentes-2025-Dorian-Godon-soffre-la-deuxieme-etape.png\",\"contentUrl\":\"https:\/\/dicodusport.fr\/blog\/wp-content\/uploads\/2025\/08\/Tour-Poitou-Charentes-2025-Dorian-Godon-soffre-la-deuxieme-etape.png\",\"width\":1200,\"height\":674,\"caption\":\"Tour Poitou-Charentes 2025 Dorian Godon s'offre la deuxi\u00e8me \u00e9tape\"},{\"@type\":\"BreadcrumbList\",\"@id\":\"https:\/\/dicodusport.fr\/blog\/tour-poitou-charentes-2025-dorian-godon-soffre-la-deuxieme-etape\/#breadcrumb\",\"itemListElement\":[{\"@type\":\"ListItem\",\"position\":1,\"name\":\"Accueil\",\"item\":\"https:\/\/dicodusport.fr\/blog\/\"},{\"@type\":\"ListItem\",\"position\":2,\"name\":\"Tour Poitou-Charentes 2025 : Dorian Godon s&rsquo;offre la deuxi\u00e8me \u00e9tape\"}]},{\"@type\":\"WebSite\",\"@id\":\"https:\/\/dicodusport.fr\/blog\/#website\",\"url\":\"https:\/\/dicodusport.fr\/blog\/\",\"name\":\"Dicodusport\",\"description\":\"L&#039;encyclop\u00e9die de l&#039;actualit\u00e9 sportive\",\"publisher\":{\"@id\":\"https:\/\/dicodusport.fr\/blog\/#organization\"},\"potentialAction\":[{\"@type\":\"SearchAction\",\"target\":{\"@type\":\"EntryPoint\",\"urlTemplate\":\"https:\/\/dicodusport.fr\/blog\/?s={search_term_string}\"},\"query-input\":{\"@type\":\"PropertyValueSpecification\",\"valueRequired\":true,\"valueName\":\"search_term_string\"}}],\"inLanguage\":\"fr-FR\"},{\"@type\":\"NewsMediaOrganization\",\"@id\":\"https:\/\/dicodusport.fr\/blog\/#organization\",\"name\":\"Dicodusport\",\"url\":\"https:\/\/dicodusport.fr\/blog\/\",\"logo\":{\"@type\":\"ImageObject\",\"inLanguage\":\"fr-FR\",\"@id\":\"https:\/\/dicodusport.fr\/blog\/#\/schema\/logo\/image\/\",\"url\":\"https:\/\/dicodusport.fr\/blog\/wp-content\/uploads\/2020\/06\/cropped-LOGO-DICODUSPORT-2020-SANS-FOND-SANS-TEXTE.png\",\"contentUrl\":\"https:\/\/dicodusport.fr\/blog\/wp-content\/uploads\/2020\/06\/cropped-LOGO-DICODUSPORT-2020-SANS-FOND-SANS-TEXTE.png\",\"width\":512,\"height\":512,\"caption\":\"Dicodusport\"},\"image\":{\"@id\":\"https:\/\/dicodusport.fr\/blog\/#\/schema\/logo\/image\/\"},\"sameAs\":[\"https:\/\/www.facebook.com\/dicodusport\",\"https:\/\/x.com\/dicodusport\",\"https:\/\/www.instagram.com\/dicodusport\/\",\"https:\/\/www.youtube.com\/channel\/UC7V2KZ5sd3htJivAbA4ZG3w\"],\"description\":\"Dicodusport est l'encyclop\u00e9die de l'actualit\u00e9 sportive.\",\"email\":\"bonjour@dicodusport.fr\",\"legalName\":\"DICODUSPORT\",\"foundingDate\":\"2018-01-14\",\"vatID\":\"FR71834470973\",\"taxID\":\"83447097300043\",\"numberOfEmployees\":{\"@type\":\"QuantitativeValue\",\"minValue\":\"1\",\"maxValue\":\"10\"}},{\"@type\":\"Person\",\"@id\":\"https:\/\/dicodusport.fr\/blog\/#\/schema\/person\/627966a6cde45dbd8c5e36ac85d783da\",\"name\":\"S\u00e9bastien Gente\",\"image\":{\"@type\":\"ImageObject\",\"inLanguage\":\"fr-FR\",\"@id\":\"https:\/\/dicodusport.fr\/blog\/#\/schema\/person\/image\/\",\"url\":\"https:\/\/dicodusport.fr\/blog\/wp-content\/uploads\/2021\/09\/1510990_10205810251400683_4124423575079401707_n-150x150.jpg\",\"contentUrl\":\"https:\/\/dicodusport.fr\/blog\/wp-content\/uploads\/2021\/09\/1510990_10205810251400683_4124423575079401707_n-150x150.jpg\",\"caption\":\"S\u00e9bastien Gente\"},\"description\":\"John Stockton, Gianni Bugno, Zinedine Zidane, Steffi Graf, Frode Andresen, St\u00e9phane Stoecklin, Davis Kamoga, Primoz Peterka, Werner Schlager et Aur\u00e9lien Rougerie. Point commun entre ces sportifs? Ils m'ont fait r\u00eaver et ont berc\u00e9 mon adolescence. Je suis un fondu de sports et j'essaie de retranscrire ma passion \u00e0 travers mes articles. Originaire du P\u00e9rigord, ma passion pour les Girondins, les Jaunards et les Jazzmen transpire dans mes \u00e9crits. \u00c0 Dicodusport depuis 2021, je d\u00e9niche les sports m\u00e9connus dans lesquels la France brille, et il y en a !\",\"sameAs\":[\"https:\/\/www.facebook.com\/sebastien.gente\/\",\"https:\/\/www.instagram.com\/sebgente\/\",\"https:\/\/www.linkedin.com\/in\/sbastien-gente-a29583169\/\",\"https:\/\/x.com\/https:\/\/twitter.com\/globulo24\",\"SebastienGente\"],\"worksFor\":\"S\u00e9bastien GENTE\",\"url\":\"https:\/\/dicodusport.fr\/blog\/author\/sebastiengente\/\"}]}<\/script>\n<!-- \/ Yoast SEO Premium plugin. -->","yoast_head_json":{"title":"Tour Poitou-Charentes 2025 : Dorian Godon s'offre la deuxi\u00e8me \u00e9tape","description":"TOUR POITOU-CHARENTES 2025 - Pour la premi\u00e8re fois, Dorian Godon a lev\u00e9 les bras avec le maillot de champion de France.","robots":{"index":"index","follow":"follow","max-snippet":"max-snippet:-1","max-image-preview":"max-image-preview:large","max-video-preview":"max-video-preview:-1"},"canonical":"https:\/\/dicodusport.fr\/blog\/tour-poitou-charentes-2025-dorian-godon-soffre-la-deuxieme-etape\/","og_locale":"fr_FR","og_type":"article","og_title":"Tour Poitou-Charentes 2025 : Dorian Godon s'offre la deuxi\u00e8me \u00e9tape","og_description":"TOUR POITOU-CHARENTES 2025 - Pour la premi\u00e8re fois, Dorian Godon a lev\u00e9 les bras avec le maillot de champion de France.","og_url":"https:\/\/dicodusport.fr\/blog\/tour-poitou-charentes-2025-dorian-godon-soffre-la-deuxieme-etape\/","og_site_name":"Dicodusport","article_publisher":"https:\/\/www.facebook.com\/dicodusport","article_author":"https:\/\/www.facebook.com\/sebastien.gente\/","article_published_time":"2025-08-27T14:34:19+00:00","article_modified_time":"2025-08-27T14:39:12+00:00","og_image":[{"width":1200,"height":674,"url":"https:\/\/dicodusport.fr\/blog\/wp-content\/uploads\/2025\/08\/Tour-Poitou-Charentes-2025-Dorian-Godon-soffre-la-deuxieme-etape.png","type":"image\/png"}],"author":"S\u00e9bastien Gente","twitter_card":"summary_large_image","twitter_title":"Tour Poitou-Charentes 2025 : Dorian Godon s'offre la deuxi\u00e8me \u00e9tape","twitter_creator":"@https:\/\/twitter.com\/globulo24","twitter_site":"@dicodusport","schema":{"@context":"https:\/\/schema.org","@graph":[{"@type":"NewsArticle","@id":"https:\/\/dicodusport.fr\/blog\/tour-poitou-charentes-2025-dorian-godon-soffre-la-deuxieme-etape\/#article","isPartOf":{"@id":"https:\/\/dicodusport.fr\/blog\/tour-poitou-charentes-2025-dorian-godon-soffre-la-deuxieme-etape\/"},"author":{"name":"S\u00e9bastien Gente","@id":"https:\/\/dicodusport.fr\/blog\/#\/schema\/person\/627966a6cde45dbd8c5e36ac85d783da"},"headline":"Tour Poitou-Charentes 2025 : Dorian Godon s&rsquo;offre la deuxi\u00e8me \u00e9tape","datePublished":"2025-08-27T14:34:19+00:00","dateModified":"2025-08-27T14:39:12+00:00","mainEntityOfPage":{"@id":"https:\/\/dicodusport.fr\/blog\/tour-poitou-charentes-2025-dorian-godon-soffre-la-deuxieme-etape\/"},"wordCount":532,"commentCount":0,"publisher":{"@id":"https:\/\/dicodusport.fr\/blog\/#organization"},"image":{"@id":"https:\/\/dicodusport.fr\/blog\/tour-poitou-charentes-2025-dorian-godon-soffre-la-deuxieme-etape\/#primaryimage"},"thumbnailUrl":"https:\/\/dicodusport.fr\/blog\/wp-content\/uploads\/2025\/08\/Tour-Poitou-Charentes-2025-Dorian-Godon-soffre-la-deuxieme-etape.png","keywords":["Actualit\u00e9 Cyclisme","br\u00e8ve","Cyclisme sur route","Tour Poitou-Charentes"],"articleSection":["Cyclisme sur route"],"inLanguage":"fr-FR","potentialAction":[{"@type":"CommentAction","name":"Comment","target":["https:\/\/dicodusport.fr\/blog\/tour-poitou-charentes-2025-dorian-godon-soffre-la-deuxieme-etape\/#respond"]}],"copyrightYear":"2025","copyrightHolder":{"@id":"https:\/\/dicodusport.fr\/blog\/#organization"}},{"@type":"WebPage","@id":"https:\/\/dicodusport.fr\/blog\/tour-poitou-charentes-2025-dorian-godon-soffre-la-deuxieme-etape\/","url":"https:\/\/dicodusport.fr\/blog\/tour-poitou-charentes-2025-dorian-godon-soffre-la-deuxieme-etape\/","name":"Tour Poitou-Charentes 2025 : Dorian Godon s'offre la deuxi\u00e8me \u00e9tape","isPartOf":{"@id":"https:\/\/dicodusport.fr\/blog\/#website"},"primaryImageOfPage":{"@id":"https:\/\/dicodusport.fr\/blog\/tour-poitou-charentes-2025-dorian-godon-soffre-la-deuxieme-etape\/#primaryimage"},"image":{"@id":"https:\/\/dicodusport.fr\/blog\/tour-poitou-charentes-2025-dorian-godon-soffre-la-deuxieme-etape\/#primaryimage"},"thumbnailUrl":"https:\/\/dicodusport.fr\/blog\/wp-content\/uploads\/2025\/08\/Tour-Poitou-Charentes-2025-Dorian-Godon-soffre-la-deuxieme-etape.png","datePublished":"2025-08-27T14:34:19+00:00","dateModified":"2025-08-27T14:39:12+00:00","description":"TOUR POITOU-CHARENTES 2025 - Pour la premi\u00e8re fois, Dorian Godon a lev\u00e9 les bras avec le maillot de champion de France.","breadcrumb":{"@id":"https:\/\/dicodusport.fr\/blog\/tour-poitou-charentes-2025-dorian-godon-soffre-la-deuxieme-etape\/#breadcrumb"},"inLanguage":"fr-FR","potentialAction":[{"@type":"ReadAction","target":["https:\/\/dicodusport.fr\/blog\/tour-poitou-charentes-2025-dorian-godon-soffre-la-deuxieme-etape\/"]}]},{"@type":"ImageObject","inLanguage":"fr-FR","@id":"https:\/\/dicodusport.fr\/blog\/tour-poitou-charentes-2025-dorian-godon-soffre-la-deuxieme-etape\/#primaryimage","url":"https:\/\/dicodusport.fr\/blog\/wp-content\/uploads\/2025\/08\/Tour-Poitou-Charentes-2025-Dorian-Godon-soffre-la-deuxieme-etape.png","contentUrl":"https:\/\/dicodusport.fr\/blog\/wp-content\/uploads\/2025\/08\/Tour-Poitou-Charentes-2025-Dorian-Godon-soffre-la-deuxieme-etape.png","width":1200,"height":674,"caption":"Tour Poitou-Charentes 2025 Dorian Godon s'offre la deuxi\u00e8me \u00e9tape"},{"@type":"BreadcrumbList","@id":"https:\/\/dicodusport.fr\/blog\/tour-poitou-charentes-2025-dorian-godon-soffre-la-deuxieme-etape\/#breadcrumb","itemListElement":[{"@type":"ListItem","position":1,"name":"Accueil","item":"https:\/\/dicodusport.fr\/blog\/"},{"@type":"ListItem","position":2,"name":"Tour Poitou-Charentes 2025 : Dorian Godon s&rsquo;offre la deuxi\u00e8me \u00e9tape"}]},{"@type":"WebSite","@id":"https:\/\/dicodusport.fr\/blog\/#website","url":"https:\/\/dicodusport.fr\/blog\/","name":"Dicodusport","description":"L&#039;encyclop\u00e9die de l&#039;actualit\u00e9 sportive","publisher":{"@id":"https:\/\/dicodusport.fr\/blog\/#organization"},"potentialAction":[{"@type":"SearchAction","target":{"@type":"EntryPoint","urlTemplate":"https:\/\/dicodusport.fr\/blog\/?s={search_term_string}"},"query-input":{"@type":"PropertyValueSpecification","valueRequired":true,"valueName":"search_term_string"}}],"inLanguage":"fr-FR"},{"@type":"NewsMediaOrganization","@id":"https:\/\/dicodusport.fr\/blog\/#organization","name":"Dicodusport","url":"https:\/\/dicodusport.fr\/blog\/","logo":{"@type":"ImageObject","inLanguage":"fr-FR","@id":"https:\/\/dicodusport.fr\/blog\/#\/schema\/logo\/image\/","url":"https:\/\/dicodusport.fr\/blog\/wp-content\/uploads\/2020\/06\/cropped-LOGO-DICODUSPORT-2020-SANS-FOND-SANS-TEXTE.png","contentUrl":"https:\/\/dicodusport.fr\/blog\/wp-content\/uploads\/2020\/06\/cropped-LOGO-DICODUSPORT-2020-SANS-FOND-SANS-TEXTE.png","width":512,"height":512,"caption":"Dicodusport"},"image":{"@id":"https:\/\/dicodusport.fr\/blog\/#\/schema\/logo\/image\/"},"sameAs":["https:\/\/www.facebook.com\/dicodusport","https:\/\/x.com\/dicodusport","https:\/\/www.instagram.com\/dicodusport\/","https:\/\/www.youtube.com\/channel\/UC7V2KZ5sd3htJivAbA4ZG3w"],"description":"Dicodusport est l'encyclop\u00e9die de l'actualit\u00e9 sportive.","email":"bonjour@dicodusport.fr","legalName":"DICODUSPORT","foundingDate":"2018-01-14","vatID":"FR71834470973","taxID":"83447097300043","numberOfEmployees":{"@type":"QuantitativeValue","minValue":"1","maxValue":"10"}},{"@type":"Person","@id":"https:\/\/dicodusport.fr\/blog\/#\/schema\/person\/627966a6cde45dbd8c5e36ac85d783da","name":"S\u00e9bastien Gente","image":{"@type":"ImageObject","inLanguage":"fr-FR","@id":"https:\/\/dicodusport.fr\/blog\/#\/schema\/person\/image\/","url":"https:\/\/dicodusport.fr\/blog\/wp-content\/uploads\/2021\/09\/1510990_10205810251400683_4124423575079401707_n-150x150.jpg","contentUrl":"https:\/\/dicodusport.fr\/blog\/wp-content\/uploads\/2021\/09\/1510990_10205810251400683_4124423575079401707_n-150x150.jpg","caption":"S\u00e9bastien Gente"},"description":"John Stockton, Gianni Bugno, Zinedine Zidane, Steffi Graf, Frode Andresen, St\u00e9phane Stoecklin, Davis Kamoga, Primoz Peterka, Werner Schlager et Aur\u00e9lien Rougerie. Point commun entre ces sportifs? Ils m'ont fait r\u00eaver et ont berc\u00e9 mon adolescence. Je suis un fondu de sports et j'essaie de retranscrire ma passion \u00e0 travers mes articles. Originaire du P\u00e9rigord, ma passion pour les Girondins, les Jaunards et les Jazzmen transpire dans mes \u00e9crits. \u00c0 Dicodusport depuis 2021, je d\u00e9niche les sports m\u00e9connus dans lesquels la France brille, et il y en a !","sameAs":["https:\/\/www.facebook.com\/sebastien.gente\/","https:\/\/www.instagram.com\/sebgente\/","https:\/\/www.linkedin.com\/in\/sbastien-gente-a29583169\/","https:\/\/x.com\/https:\/\/twitter.com\/globulo24","SebastienGente"],"worksFor":"S\u00e9bastien GENTE","url":"https:\/\/dicodusport.fr\/blog\/author\/sebastiengente\/"}]}},"_links":{"self":[{"href":"https:\/\/dicodusport.fr\/blog\/wp-json\/wp\/v2\/posts\/605862","targetHints":{"allow":["GET"]}}],"collection":[{"href":"https:\/\/dicodusport.fr\/blog\/wp-json\/wp\/v2\/posts"}],"about":[{"href":"https:\/\/dicodusport.fr\/blog\/wp-json\/wp\/v2\/types\/post"}],"author":[{"embeddable":true,"href":"https:\/\/dicodusport.fr\/blog\/wp-json\/wp\/v2\/users\/59"}],"replies":[{"embeddable":true,"href":"https:\/\/dicodusport.fr\/blog\/wp-json\/wp\/v2\/comments?post=605862"}],"version-history":[{"count":3,"href":"https:\/\/dicodusport.fr\/blog\/wp-json\/wp\/v2\/posts\/605862\/revisions"}],"predecessor-version":[{"id":605929,"href":"https:\/\/dicodusport.fr\/blog\/wp-json\/wp\/v2\/posts\/605862\/revisions\/605929"}],"wp:featuredmedia":[{"embeddable":true,"href":"https:\/\/dicodusport.fr\/blog\/wp-json\/wp\/v2\/media\/605922"}],"wp:attachment":[{"href":"https:\/\/dicodusport.fr\/blog\/wp-json\/wp\/v2\/media?parent=605862"}],"wp:term":[{"taxonomy":"category","embeddable":true,"href":"https:\/\/dicodusport.fr\/blog\/wp-json\/wp\/v2\/categories?post=605862"},{"taxonomy":"post_tag","embeddable":true,"href":"https:\/\/dicodusport.fr\/blog\/wp-json\/wp\/v2\/tags?post=605862"}],"curies":[{"name":"wp","href":"https:\/\/api.w.org\/{rel}","templated":true}]}}