{"id":606052,"date":"2025-08-28T09:35:34","date_gmt":"2025-08-28T07:35:34","guid":{"rendered":"https:\/\/dicodusport.fr\/blog\/?p=606052&#038;preview=true&#038;preview_id=606052"},"modified":"2025-08-28T10:03:29","modified_gmt":"2025-08-28T08:03:29","slug":"transferts-angers-esteban-lepaul-signe-a-rennes","status":"publish","type":"post","link":"https:\/\/dicodusport.fr\/blog\/transferts-angers-esteban-lepaul-signe-a-rennes\/","title":{"rendered":"Transferts Angers : Est\u00e9ban Lepaul signe \u00e0 Rennes"},"content":{"rendered":"<p style=\"text-align: justify;\"><strong><em>TRANSFERTS ANGERS &#8211; \u00c0 seulement quelques jours de la fin du mercato, le Stade Rennais va mettre le grappin sur le meilleur buteur du SCO d&rsquo;Angers, Est\u00e9ban Lepaul.<\/em><\/strong><\/p>\n<ul style=\"text-align: justify;\">\n<li><strong>\u00c0 lire aussi &#8211; <a href=\"https:\/\/dicodusport.fr\/blog\/transferts-om-azzedine-ounahi-quitte-enfin-marseille-pour-lespagne\/\">Transferts OM : Azzedine Ounahi quitte enfin Marseille pour l\u2019Espagne<\/a><\/strong><\/li>\n<\/ul>\n<p style=\"text-align: justify;\">Suite \u00e0 la <a href=\"https:\/\/dicodusport.fr\/blog\/transferts-rennes-direction-la-premier-league-pour-arnaud-kalimuendo\/\">vente d&rsquo;<strong>Arnaud Kalimuendo<\/strong> \u00e0 Nottingham Forest<\/a> pour un joli ch\u00e8que (30M\u20ac), le <strong>Stade Rennais<\/strong> s&rsquo;\u00e9tait mis en qu\u00eate d&rsquo;un nouveau buteur. Apr\u00e8s avoir \u00e9tudi\u00e9 plusieurs pistes, dont celle menant \u00e0 <a href=\"https:\/\/dicodusport.fr\/blog\/transferts-rennes-a-trouve-le-successeur-darnaud-kalimuendo\/\"><strong>Conrad Harder<\/strong><\/a>, les dirigeants bretons ont finalement d\u00e9cid\u00e9 de piocher en <strong>Ligue 1<\/strong> en misant sur <strong>Est\u00e9ban Lepaul<\/strong>.<\/p>\n<h2 style=\"text-align: justify;\">La folle ascension d&rsquo;Est\u00e9ban Lepaul va se poursuivre \u00e0 Rennes<\/h2>\n<p style=\"text-align: justify;\">Du haut de ses 25 ans, le natif d&rsquo;Auxerre est l&rsquo;une des belles histoires des derniers mois. Form\u00e9 \u00e0 l&rsquo;Olympique Lyonnais, il a d\u00fb s&rsquo;exporter en Nationale 2 \u00e0 \u00c9pinal afin de lancer sa carri\u00e8re professionnelle, avant de passer deux ans en National du c\u00f4t\u00e9 d&rsquo;Orl\u00e9ans. Puis, il a litt\u00e9ralement explos\u00e9 lors de la premi\u00e8re moiti\u00e9 de la saison 2023-2024 sous les couleurs d&rsquo;<strong>\u00c9pinal<\/strong> en accumulant 12 buts en 16 matchs ! Des performances qui avaient attir\u00e9 l&rsquo;\u0153il d&rsquo;<strong>Angers<\/strong>. Suite \u00e0 une premi\u00e8re demi saison d&rsquo;adaptation en Ligue 2, il avait \u00e9t\u00e9 l&rsquo;une des r\u00e9v\u00e9lations du championnat la saison derni\u00e8re en claquant <strong>9 buts en 27 matchs pour sa premi\u00e8re campagne en Ligue 1<\/strong>.<\/p>\n<p style=\"text-align: justify;\">Indiscutable \u00e0 la pointe de l&rsquo;attaque angevine, il a d\u00e9but\u00e9 les deux premiers matchs de la saison, inscrivant notamment un but lors du succ\u00e8s acquis en ouverture face au Paris FC. S&rsquo;il a prolong\u00e9 son contrat au d\u00e9but de l&rsquo;\u00e9t\u00e9, la pression de ses courtisans a fini par faire c\u00e9der un SCO ayant besoin de liquidit\u00e9, comme tous les clubs fran\u00e7ais. Ainsi, selon <a href=\"https:\/\/www.footmercato.net\/a4497359732062654764-accord-total-entre-le-sco-et-le-stade-rennais-pour-esteban-lepaul\"><em>Foot Mercato,<\/em><\/a> apr\u00e8s avoir longtemps r\u00e9sist\u00e9, les dirigeants angevins ont accept\u00e9 une offre <strong>13,5M\u20ac + 1,5M\u20ac de bonus <\/strong>du Stade Rennais. Le joueur va passer sa visite m\u00e9dicale en Bretagne cet apr\u00e8s-midi, avant de paraphe son contrat.<\/p>\n<p style=\"text-align: justify;\"><strong>Est\u00e9ban Lepaul<\/strong> va ainsi devenir la <strong>4\u00e8me plus grosse vente de l&rsquo;histoire d&rsquo;Angers,<\/strong> derri\u00e8re <strong>Jeff Reine-Ad\u00e9la\u00efde<\/strong> (25M\u20ac), <strong>Nicolas P\u00e9p\u00e9<\/strong> (18M\u20ac) et <strong>Karl Toko-Ekambi<\/strong> (18M\u20ac). D\u00e9barqu\u00e9 du RC Lens en pr\u00eat en d\u00e9but de semaine, <strong>R\u00e9my Labeau-Lascary<\/strong> aura lui la lourde t\u00e2che de le remplacer sur le front de l&rsquo;attaque.<\/p>\n<blockquote class=\"twitter-tweet\">\n<p dir=\"ltr\" lang=\"fr\">\ud83d\udea8<a href=\"https:\/\/twitter.com\/hashtag\/mercatoSRFC?src=hash&amp;ref_src=twsrc%5Etfw\">#mercatoSRFC<\/a> \ud83d\udd34\u26ab\ufe0f<\/p>\n<p>\ud83d\udd10accord total entre Angers et Rennes pour Esteban Lepaul<\/p>\n<p>\ud83d\udcb0montant de l&rsquo;op\u00e9ration : 13,5 M\u20ac + 1,5 M\u20ac de bonus<\/p>\n<p>\ud83e\ude7a Lepaul attendu \u00e0 Rennes cet apr\u00e8s midi pour la visite m\u00e9dicale<\/p>\n<p>\ud83d\udd25caliente <a href=\"https:\/\/t.co\/AmEO65sYoS\">https:\/\/t.co\/AmEO65sYoS<\/a> <a href=\"https:\/\/t.co\/597lBvsn4P\">https:\/\/t.co\/597lBvsn4P<\/a> <a href=\"https:\/\/t.co\/bZgiPFrXHV\">pic.twitter.com\/bZgiPFrXHV<\/a><\/p>\n<p>\u2014 S\u00e9bastien Denis (@sebnonda) <a href=\"https:\/\/twitter.com\/sebnonda\/status\/1960941322992296077?ref_src=twsrc%5Etfw\">August 28, 2025<\/a><\/p><\/blockquote>\n<p style=\"text-align: justify;\"><script async src=\"https:\/\/platform.twitter.com\/widgets.js\" charset=\"utf-8\"><\/script><\/p>\n<h3 style=\"text-align: justify;\">\u00c0 ce sujet<\/h3>\n<div class=\"vlp-link-container vlp-layout-article\"><a href=\"https:\/\/dicodusport.fr\/blog\/mercato-angers-2025-2026-le-tableau-complet-des-transferts-arrivees-et-departs\/\" class=\"vlp-link\" title=\"Mercato Angers 2025-2026 : Le tableau complet des transferts, arriv\u00e9es et d\u00e9parts\"><\/a><div class=\"vlp-layout-zone-side\"><div class=\"vlp-block-4 vlp-link-image\"><img loading=\"lazy\" decoding=\"async\" style=\"max-width: 792px;\" width=\"792\" height=\"445\" src=\"https:\/\/dicodusport.fr\/blog\/wp-content\/uploads\/2025\/05\/Mercato-Angers-2025-2026-Le-tableau-complet-des-transferts-arrivees-et-departs.png\" class=\"attachment-800x445 size-800x445\" alt=\"Mercato Angers 2025-2026 Le tableau complet des transferts, arriv\u00e9es et d\u00e9parts\" srcset=\"https:\/\/dicodusport.fr\/blog\/wp-content\/uploads\/2025\/05\/Mercato-Angers-2025-2026-Le-tableau-complet-des-transferts-arrivees-et-departs.png 1200w, https:\/\/dicodusport.fr\/blog\/wp-content\/uploads\/2025\/05\/Mercato-Angers-2025-2026-Le-tableau-complet-des-transferts-arrivees-et-departs-300x169.png 300w, https:\/\/dicodusport.fr\/blog\/wp-content\/uploads\/2025\/05\/Mercato-Angers-2025-2026-Le-tableau-complet-des-transferts-arrivees-et-departs-1024x575.png 1024w, https:\/\/dicodusport.fr\/blog\/wp-content\/uploads\/2025\/05\/Mercato-Angers-2025-2026-Le-tableau-complet-des-transferts-arrivees-et-departs-768x431.png 768w\" sizes=\"auto, (max-width: 792px) 100vw, 792px\" \/><\/div><\/div><div class=\"vlp-layout-zone-main\"><div class=\"vlp-block-0 vlp-link-title\">Mercato Angers 2025-2026 : Le tableau complet des transferts, arriv\u00e9es et d\u00e9parts<\/div><div class=\"vlp-block-1 vlp-link-summary\">TRANSFERTS SCO ANGERS - Retrouvez tous les mouvements du Sporting Club de l'Ouest Angers pour l'intersaison 2025 en Ligue 1. Arriv\u00e9es, d\u00e9part, pr\u00eats, transferts d\u00e9finitifs, ne ratez rien du mercato estival.\u00a0<\/div><div class=\"vlp-block-2 vlp-link-button\">Lire l'article<\/div><div class=\"vlp-block-3 vlp-link-url\">dicodusport.fr<\/div><\/div><\/div>\n","protected":false},"excerpt":{"rendered":"<p>TRANSFERTS ANGERS &#8211; \u00c0 seulement quelques jours de la fin du mercato, le Stade Rennais va mettre le grappin sur le meilleur buteur du SCO d&rsquo;Angers, Est\u00e9ban Lepaul.<\/p>\n","protected":false},"author":55,"featured_media":606054,"comment_status":"open","ping_status":"closed","sticky":false,"template":"","format":"standard","meta":{"_acf_changed":false,"_daextam_enable_autolinks":"1","footnotes":""},"categories":[47045],"tags":[3214,16878,1554],"class_list":["post-606052","post","type-post","status-publish","format-standard","has-post-thumbnail","hentry","category-ligue-1","tag-angers","tag-breve","tag-ligue-1"],"acf":[],"yoast_head":"<!-- This site is optimized with the Yoast SEO Premium plugin v26.7 (Yoast SEO v26.7) - https:\/\/yoast.com\/wordpress\/plugins\/seo\/ -->\n<title>Transferts Angers : Est\u00e9ban Lepaul signe \u00e0 Rennes<\/title>\n<meta name=\"description\" content=\"TRANSFERTS ANGERS - \u00c0 seulement quelques jours de la fin du mercato, Est\u00e9ban Lepaul va filer au Stade Rennais.\" \/>\n<meta name=\"robots\" content=\"index, follow, max-snippet:-1, max-image-preview:large, max-video-preview:-1\" \/>\n<link rel=\"canonical\" href=\"https:\/\/dicodusport.fr\/blog\/transferts-angers-esteban-lepaul-signe-a-rennes\/\" \/>\n<meta property=\"og:locale\" content=\"fr_FR\" \/>\n<meta property=\"og:type\" content=\"article\" \/>\n<meta property=\"og:title\" content=\"Transferts Angers : Est\u00e9ban Lepaul signe \u00e0 Rennes\" \/>\n<meta property=\"og:description\" content=\"TRANSFERTS ANGERS - \u00c0 seulement quelques jours de la fin du mercato, Est\u00e9ban Lepaul va filer au Stade Rennais.\" \/>\n<meta property=\"og:url\" content=\"https:\/\/dicodusport.fr\/blog\/transferts-angers-esteban-lepaul-signe-a-rennes\/\" \/>\n<meta property=\"og:site_name\" content=\"Dicodusport\" \/>\n<meta property=\"article:publisher\" content=\"https:\/\/www.facebook.com\/dicodusport\" \/>\n<meta property=\"article:published_time\" content=\"2025-08-28T07:35:34+00:00\" \/>\n<meta property=\"article:modified_time\" content=\"2025-08-28T08:03:29+00:00\" \/>\n<meta property=\"og:image\" content=\"https:\/\/dicodusport.fr\/blog\/wp-content\/uploads\/2025\/08\/Transferts-Angers-Esteban-Lepaul-signe-a-Rennes.png\" \/>\n\t<meta property=\"og:image:width\" content=\"1200\" \/>\n\t<meta property=\"og:image:height\" content=\"674\" \/>\n\t<meta property=\"og:image:type\" content=\"image\/png\" \/>\n<meta name=\"author\" content=\"Maxime Cazenave\" \/>\n<meta name=\"twitter:card\" content=\"summary_large_image\" \/>\n<meta name=\"twitter:title\" content=\"Transferts Angers : Est\u00e9ban Lepaul signe \u00e0 Rennes\" \/>\n<meta name=\"twitter:creator\" content=\"@https:\/\/twitter.com\/Maxime_Caze\" \/>\n<meta name=\"twitter:site\" content=\"@dicodusport\" \/>\n<script type=\"application\/ld+json\" class=\"yoast-schema-graph\">{\"@context\":\"https:\/\/schema.org\",\"@graph\":[{\"@type\":\"NewsArticle\",\"@id\":\"https:\/\/dicodusport.fr\/blog\/transferts-angers-esteban-lepaul-signe-a-rennes\/#article\",\"isPartOf\":{\"@id\":\"https:\/\/dicodusport.fr\/blog\/transferts-angers-esteban-lepaul-signe-a-rennes\/\"},\"author\":{\"name\":\"Maxime Cazenave\",\"@id\":\"https:\/\/dicodusport.fr\/blog\/#\/schema\/person\/37def232098a7a5cbab3974a3690abb0\"},\"headline\":\"Transferts Angers : Est\u00e9ban Lepaul signe \u00e0 Rennes\",\"datePublished\":\"2025-08-28T07:35:34+00:00\",\"dateModified\":\"2025-08-28T08:03:29+00:00\",\"mainEntityOfPage\":{\"@id\":\"https:\/\/dicodusport.fr\/blog\/transferts-angers-esteban-lepaul-signe-a-rennes\/\"},\"wordCount\":552,\"commentCount\":0,\"publisher\":{\"@id\":\"https:\/\/dicodusport.fr\/blog\/#organization\"},\"image\":{\"@id\":\"https:\/\/dicodusport.fr\/blog\/transferts-angers-esteban-lepaul-signe-a-rennes\/#primaryimage\"},\"thumbnailUrl\":\"https:\/\/dicodusport.fr\/blog\/wp-content\/uploads\/2025\/08\/Transferts-Angers-Esteban-Lepaul-signe-a-Rennes.png\",\"keywords\":[\"Angers\",\"br\u00e8ve\",\"Ligue 1\"],\"articleSection\":[\"Ligue 1\"],\"inLanguage\":\"fr-FR\",\"potentialAction\":[{\"@type\":\"CommentAction\",\"name\":\"Comment\",\"target\":[\"https:\/\/dicodusport.fr\/blog\/transferts-angers-esteban-lepaul-signe-a-rennes\/#respond\"]}],\"copyrightYear\":\"2025\",\"copyrightHolder\":{\"@id\":\"https:\/\/dicodusport.fr\/blog\/#organization\"}},{\"@type\":\"WebPage\",\"@id\":\"https:\/\/dicodusport.fr\/blog\/transferts-angers-esteban-lepaul-signe-a-rennes\/\",\"url\":\"https:\/\/dicodusport.fr\/blog\/transferts-angers-esteban-lepaul-signe-a-rennes\/\",\"name\":\"Transferts Angers : Est\u00e9ban Lepaul signe \u00e0 Rennes\",\"isPartOf\":{\"@id\":\"https:\/\/dicodusport.fr\/blog\/#website\"},\"primaryImageOfPage\":{\"@id\":\"https:\/\/dicodusport.fr\/blog\/transferts-angers-esteban-lepaul-signe-a-rennes\/#primaryimage\"},\"image\":{\"@id\":\"https:\/\/dicodusport.fr\/blog\/transferts-angers-esteban-lepaul-signe-a-rennes\/#primaryimage\"},\"thumbnailUrl\":\"https:\/\/dicodusport.fr\/blog\/wp-content\/uploads\/2025\/08\/Transferts-Angers-Esteban-Lepaul-signe-a-Rennes.png\",\"datePublished\":\"2025-08-28T07:35:34+00:00\",\"dateModified\":\"2025-08-28T08:03:29+00:00\",\"description\":\"TRANSFERTS ANGERS - \u00c0 seulement quelques jours de la fin du mercato, Est\u00e9ban Lepaul va filer au Stade Rennais.\",\"breadcrumb\":{\"@id\":\"https:\/\/dicodusport.fr\/blog\/transferts-angers-esteban-lepaul-signe-a-rennes\/#breadcrumb\"},\"inLanguage\":\"fr-FR\",\"potentialAction\":[{\"@type\":\"ReadAction\",\"target\":[\"https:\/\/dicodusport.fr\/blog\/transferts-angers-esteban-lepaul-signe-a-rennes\/\"]}]},{\"@type\":\"ImageObject\",\"inLanguage\":\"fr-FR\",\"@id\":\"https:\/\/dicodusport.fr\/blog\/transferts-angers-esteban-lepaul-signe-a-rennes\/#primaryimage\",\"url\":\"https:\/\/dicodusport.fr\/blog\/wp-content\/uploads\/2025\/08\/Transferts-Angers-Esteban-Lepaul-signe-a-Rennes.png\",\"contentUrl\":\"https:\/\/dicodusport.fr\/blog\/wp-content\/uploads\/2025\/08\/Transferts-Angers-Esteban-Lepaul-signe-a-Rennes.png\",\"width\":1200,\"height\":674,\"caption\":\"Transferts Angers : Est\u00e9ban Lepaul signe \u00e0 Rennes\"},{\"@type\":\"BreadcrumbList\",\"@id\":\"https:\/\/dicodusport.fr\/blog\/transferts-angers-esteban-lepaul-signe-a-rennes\/#breadcrumb\",\"itemListElement\":[{\"@type\":\"ListItem\",\"position\":1,\"name\":\"Accueil\",\"item\":\"https:\/\/dicodusport.fr\/blog\/\"},{\"@type\":\"ListItem\",\"position\":2,\"name\":\"Transferts Angers : Est\u00e9ban Lepaul signe \u00e0 Rennes\"}]},{\"@type\":\"WebSite\",\"@id\":\"https:\/\/dicodusport.fr\/blog\/#website\",\"url\":\"https:\/\/dicodusport.fr\/blog\/\",\"name\":\"Dicodusport\",\"description\":\"L&#039;encyclop\u00e9die de l&#039;actualit\u00e9 sportive\",\"publisher\":{\"@id\":\"https:\/\/dicodusport.fr\/blog\/#organization\"},\"potentialAction\":[{\"@type\":\"SearchAction\",\"target\":{\"@type\":\"EntryPoint\",\"urlTemplate\":\"https:\/\/dicodusport.fr\/blog\/?s={search_term_string}\"},\"query-input\":{\"@type\":\"PropertyValueSpecification\",\"valueRequired\":true,\"valueName\":\"search_term_string\"}}],\"inLanguage\":\"fr-FR\"},{\"@type\":\"NewsMediaOrganization\",\"@id\":\"https:\/\/dicodusport.fr\/blog\/#organization\",\"name\":\"Dicodusport\",\"url\":\"https:\/\/dicodusport.fr\/blog\/\",\"logo\":{\"@type\":\"ImageObject\",\"inLanguage\":\"fr-FR\",\"@id\":\"https:\/\/dicodusport.fr\/blog\/#\/schema\/logo\/image\/\",\"url\":\"https:\/\/dicodusport.fr\/blog\/wp-content\/uploads\/2020\/06\/cropped-LOGO-DICODUSPORT-2020-SANS-FOND-SANS-TEXTE.png\",\"contentUrl\":\"https:\/\/dicodusport.fr\/blog\/wp-content\/uploads\/2020\/06\/cropped-LOGO-DICODUSPORT-2020-SANS-FOND-SANS-TEXTE.png\",\"width\":512,\"height\":512,\"caption\":\"Dicodusport\"},\"image\":{\"@id\":\"https:\/\/dicodusport.fr\/blog\/#\/schema\/logo\/image\/\"},\"sameAs\":[\"https:\/\/www.facebook.com\/dicodusport\",\"https:\/\/x.com\/dicodusport\",\"https:\/\/www.instagram.com\/dicodusport\/\",\"https:\/\/www.youtube.com\/channel\/UC7V2KZ5sd3htJivAbA4ZG3w\"],\"description\":\"Dicodusport est l'encyclop\u00e9die de l'actualit\u00e9 sportive.\",\"email\":\"bonjour@dicodusport.fr\",\"legalName\":\"DICODUSPORT\",\"foundingDate\":\"2018-01-14\",\"vatID\":\"FR71834470973\",\"taxID\":\"83447097300043\",\"numberOfEmployees\":{\"@type\":\"QuantitativeValue\",\"minValue\":\"1\",\"maxValue\":\"10\"}},{\"@type\":\"Person\",\"@id\":\"https:\/\/dicodusport.fr\/blog\/#\/schema\/person\/37def232098a7a5cbab3974a3690abb0\",\"name\":\"Maxime Cazenave\",\"image\":{\"@type\":\"ImageObject\",\"inLanguage\":\"fr-FR\",\"@id\":\"https:\/\/dicodusport.fr\/blog\/#\/schema\/person\/image\/\",\"url\":\"https:\/\/dicodusport.fr\/blog\/wp-content\/uploads\/2021\/05\/Maxime-Cazenave-150x150.jpg\",\"contentUrl\":\"https:\/\/dicodusport.fr\/blog\/wp-content\/uploads\/2021\/05\/Maxime-Cazenave-150x150.jpg\",\"caption\":\"Maxime Cazenave\"},\"description\":\"Journaliste\/R\u00e9dacteur depuis 2012 - Berc\u00e9 par l\u2019amour des Girondins de Bordeaux, les \u00e9checs de Christophe Moreau sur le Tour de France sous l'\u00e8re Lance Armstrong et le fade-away l\u00e9tal de Dirk Nowitzki, ma passion d\u00e9vorante pour le sport a toujours \u00e9t\u00e9 un pan incontournable de ma vie. Transmettre ma passion \u00e0 l\u2019\u00e9crit a \u00e9t\u00e9 une transition naturelle. Suiveur assidu de basket et de hockey sur glace, je garde toujours un peu de place pour suivre le cyclisme, le football et le maximum de performances fran\u00e7aises.\",\"sameAs\":[\"https:\/\/x.com\/https:\/\/twitter.com\/Maxime_Caze\"],\"url\":\"https:\/\/dicodusport.fr\/blog\/author\/maximec\/\"}]}<\/script>\n<!-- \/ Yoast SEO Premium plugin. -->","yoast_head_json":{"title":"Transferts Angers : Est\u00e9ban Lepaul signe \u00e0 Rennes","description":"TRANSFERTS ANGERS - \u00c0 seulement quelques jours de la fin du mercato, Est\u00e9ban Lepaul va filer au Stade Rennais.","robots":{"index":"index","follow":"follow","max-snippet":"max-snippet:-1","max-image-preview":"max-image-preview:large","max-video-preview":"max-video-preview:-1"},"canonical":"https:\/\/dicodusport.fr\/blog\/transferts-angers-esteban-lepaul-signe-a-rennes\/","og_locale":"fr_FR","og_type":"article","og_title":"Transferts Angers : Est\u00e9ban Lepaul signe \u00e0 Rennes","og_description":"TRANSFERTS ANGERS - \u00c0 seulement quelques jours de la fin du mercato, Est\u00e9ban Lepaul va filer au Stade Rennais.","og_url":"https:\/\/dicodusport.fr\/blog\/transferts-angers-esteban-lepaul-signe-a-rennes\/","og_site_name":"Dicodusport","article_publisher":"https:\/\/www.facebook.com\/dicodusport","article_published_time":"2025-08-28T07:35:34+00:00","article_modified_time":"2025-08-28T08:03:29+00:00","og_image":[{"width":1200,"height":674,"url":"https:\/\/dicodusport.fr\/blog\/wp-content\/uploads\/2025\/08\/Transferts-Angers-Esteban-Lepaul-signe-a-Rennes.png","type":"image\/png"}],"author":"Maxime Cazenave","twitter_card":"summary_large_image","twitter_title":"Transferts Angers : Est\u00e9ban Lepaul signe \u00e0 Rennes","twitter_creator":"@https:\/\/twitter.com\/Maxime_Caze","twitter_site":"@dicodusport","schema":{"@context":"https:\/\/schema.org","@graph":[{"@type":"NewsArticle","@id":"https:\/\/dicodusport.fr\/blog\/transferts-angers-esteban-lepaul-signe-a-rennes\/#article","isPartOf":{"@id":"https:\/\/dicodusport.fr\/blog\/transferts-angers-esteban-lepaul-signe-a-rennes\/"},"author":{"name":"Maxime Cazenave","@id":"https:\/\/dicodusport.fr\/blog\/#\/schema\/person\/37def232098a7a5cbab3974a3690abb0"},"headline":"Transferts Angers : Est\u00e9ban Lepaul signe \u00e0 Rennes","datePublished":"2025-08-28T07:35:34+00:00","dateModified":"2025-08-28T08:03:29+00:00","mainEntityOfPage":{"@id":"https:\/\/dicodusport.fr\/blog\/transferts-angers-esteban-lepaul-signe-a-rennes\/"},"wordCount":552,"commentCount":0,"publisher":{"@id":"https:\/\/dicodusport.fr\/blog\/#organization"},"image":{"@id":"https:\/\/dicodusport.fr\/blog\/transferts-angers-esteban-lepaul-signe-a-rennes\/#primaryimage"},"thumbnailUrl":"https:\/\/dicodusport.fr\/blog\/wp-content\/uploads\/2025\/08\/Transferts-Angers-Esteban-Lepaul-signe-a-Rennes.png","keywords":["Angers","br\u00e8ve","Ligue 1"],"articleSection":["Ligue 1"],"inLanguage":"fr-FR","potentialAction":[{"@type":"CommentAction","name":"Comment","target":["https:\/\/dicodusport.fr\/blog\/transferts-angers-esteban-lepaul-signe-a-rennes\/#respond"]}],"copyrightYear":"2025","copyrightHolder":{"@id":"https:\/\/dicodusport.fr\/blog\/#organization"}},{"@type":"WebPage","@id":"https:\/\/dicodusport.fr\/blog\/transferts-angers-esteban-lepaul-signe-a-rennes\/","url":"https:\/\/dicodusport.fr\/blog\/transferts-angers-esteban-lepaul-signe-a-rennes\/","name":"Transferts Angers : Est\u00e9ban Lepaul signe \u00e0 Rennes","isPartOf":{"@id":"https:\/\/dicodusport.fr\/blog\/#website"},"primaryImageOfPage":{"@id":"https:\/\/dicodusport.fr\/blog\/transferts-angers-esteban-lepaul-signe-a-rennes\/#primaryimage"},"image":{"@id":"https:\/\/dicodusport.fr\/blog\/transferts-angers-esteban-lepaul-signe-a-rennes\/#primaryimage"},"thumbnailUrl":"https:\/\/dicodusport.fr\/blog\/wp-content\/uploads\/2025\/08\/Transferts-Angers-Esteban-Lepaul-signe-a-Rennes.png","datePublished":"2025-08-28T07:35:34+00:00","dateModified":"2025-08-28T08:03:29+00:00","description":"TRANSFERTS ANGERS - \u00c0 seulement quelques jours de la fin du mercato, Est\u00e9ban Lepaul va filer au Stade Rennais.","breadcrumb":{"@id":"https:\/\/dicodusport.fr\/blog\/transferts-angers-esteban-lepaul-signe-a-rennes\/#breadcrumb"},"inLanguage":"fr-FR","potentialAction":[{"@type":"ReadAction","target":["https:\/\/dicodusport.fr\/blog\/transferts-angers-esteban-lepaul-signe-a-rennes\/"]}]},{"@type":"ImageObject","inLanguage":"fr-FR","@id":"https:\/\/dicodusport.fr\/blog\/transferts-angers-esteban-lepaul-signe-a-rennes\/#primaryimage","url":"https:\/\/dicodusport.fr\/blog\/wp-content\/uploads\/2025\/08\/Transferts-Angers-Esteban-Lepaul-signe-a-Rennes.png","contentUrl":"https:\/\/dicodusport.fr\/blog\/wp-content\/uploads\/2025\/08\/Transferts-Angers-Esteban-Lepaul-signe-a-Rennes.png","width":1200,"height":674,"caption":"Transferts Angers : Est\u00e9ban Lepaul signe \u00e0 Rennes"},{"@type":"BreadcrumbList","@id":"https:\/\/dicodusport.fr\/blog\/transferts-angers-esteban-lepaul-signe-a-rennes\/#breadcrumb","itemListElement":[{"@type":"ListItem","position":1,"name":"Accueil","item":"https:\/\/dicodusport.fr\/blog\/"},{"@type":"ListItem","position":2,"name":"Transferts Angers : Est\u00e9ban Lepaul signe \u00e0 Rennes"}]},{"@type":"WebSite","@id":"https:\/\/dicodusport.fr\/blog\/#website","url":"https:\/\/dicodusport.fr\/blog\/","name":"Dicodusport","description":"L&#039;encyclop\u00e9die de l&#039;actualit\u00e9 sportive","publisher":{"@id":"https:\/\/dicodusport.fr\/blog\/#organization"},"potentialAction":[{"@type":"SearchAction","target":{"@type":"EntryPoint","urlTemplate":"https:\/\/dicodusport.fr\/blog\/?s={search_term_string}"},"query-input":{"@type":"PropertyValueSpecification","valueRequired":true,"valueName":"search_term_string"}}],"inLanguage":"fr-FR"},{"@type":"NewsMediaOrganization","@id":"https:\/\/dicodusport.fr\/blog\/#organization","name":"Dicodusport","url":"https:\/\/dicodusport.fr\/blog\/","logo":{"@type":"ImageObject","inLanguage":"fr-FR","@id":"https:\/\/dicodusport.fr\/blog\/#\/schema\/logo\/image\/","url":"https:\/\/dicodusport.fr\/blog\/wp-content\/uploads\/2020\/06\/cropped-LOGO-DICODUSPORT-2020-SANS-FOND-SANS-TEXTE.png","contentUrl":"https:\/\/dicodusport.fr\/blog\/wp-content\/uploads\/2020\/06\/cropped-LOGO-DICODUSPORT-2020-SANS-FOND-SANS-TEXTE.png","width":512,"height":512,"caption":"Dicodusport"},"image":{"@id":"https:\/\/dicodusport.fr\/blog\/#\/schema\/logo\/image\/"},"sameAs":["https:\/\/www.facebook.com\/dicodusport","https:\/\/x.com\/dicodusport","https:\/\/www.instagram.com\/dicodusport\/","https:\/\/www.youtube.com\/channel\/UC7V2KZ5sd3htJivAbA4ZG3w"],"description":"Dicodusport est l'encyclop\u00e9die de l'actualit\u00e9 sportive.","email":"bonjour@dicodusport.fr","legalName":"DICODUSPORT","foundingDate":"2018-01-14","vatID":"FR71834470973","taxID":"83447097300043","numberOfEmployees":{"@type":"QuantitativeValue","minValue":"1","maxValue":"10"}},{"@type":"Person","@id":"https:\/\/dicodusport.fr\/blog\/#\/schema\/person\/37def232098a7a5cbab3974a3690abb0","name":"Maxime Cazenave","image":{"@type":"ImageObject","inLanguage":"fr-FR","@id":"https:\/\/dicodusport.fr\/blog\/#\/schema\/person\/image\/","url":"https:\/\/dicodusport.fr\/blog\/wp-content\/uploads\/2021\/05\/Maxime-Cazenave-150x150.jpg","contentUrl":"https:\/\/dicodusport.fr\/blog\/wp-content\/uploads\/2021\/05\/Maxime-Cazenave-150x150.jpg","caption":"Maxime Cazenave"},"description":"Journaliste\/R\u00e9dacteur depuis 2012 - Berc\u00e9 par l\u2019amour des Girondins de Bordeaux, les \u00e9checs de Christophe Moreau sur le Tour de France sous l'\u00e8re Lance Armstrong et le fade-away l\u00e9tal de Dirk Nowitzki, ma passion d\u00e9vorante pour le sport a toujours \u00e9t\u00e9 un pan incontournable de ma vie. Transmettre ma passion \u00e0 l\u2019\u00e9crit a \u00e9t\u00e9 une transition naturelle. Suiveur assidu de basket et de hockey sur glace, je garde toujours un peu de place pour suivre le cyclisme, le football et le maximum de performances fran\u00e7aises.","sameAs":["https:\/\/x.com\/https:\/\/twitter.com\/Maxime_Caze"],"url":"https:\/\/dicodusport.fr\/blog\/author\/maximec\/"}]}},"_links":{"self":[{"href":"https:\/\/dicodusport.fr\/blog\/wp-json\/wp\/v2\/posts\/606052","targetHints":{"allow":["GET"]}}],"collection":[{"href":"https:\/\/dicodusport.fr\/blog\/wp-json\/wp\/v2\/posts"}],"about":[{"href":"https:\/\/dicodusport.fr\/blog\/wp-json\/wp\/v2\/types\/post"}],"author":[{"embeddable":true,"href":"https:\/\/dicodusport.fr\/blog\/wp-json\/wp\/v2\/users\/55"}],"replies":[{"embeddable":true,"href":"https:\/\/dicodusport.fr\/blog\/wp-json\/wp\/v2\/comments?post=606052"}],"version-history":[{"count":3,"href":"https:\/\/dicodusport.fr\/blog\/wp-json\/wp\/v2\/posts\/606052\/revisions"}],"predecessor-version":[{"id":606072,"href":"https:\/\/dicodusport.fr\/blog\/wp-json\/wp\/v2\/posts\/606052\/revisions\/606072"}],"wp:featuredmedia":[{"embeddable":true,"href":"https:\/\/dicodusport.fr\/blog\/wp-json\/wp\/v2\/media\/606054"}],"wp:attachment":[{"href":"https:\/\/dicodusport.fr\/blog\/wp-json\/wp\/v2\/media?parent=606052"}],"wp:term":[{"taxonomy":"category","embeddable":true,"href":"https:\/\/dicodusport.fr\/blog\/wp-json\/wp\/v2\/categories?post=606052"},{"taxonomy":"post_tag","embeddable":true,"href":"https:\/\/dicodusport.fr\/blog\/wp-json\/wp\/v2\/tags?post=606052"}],"curies":[{"name":"wp","href":"https:\/\/api.w.org\/{rel}","templated":true}]}}