{"id":606107,"date":"2025-08-28T16:31:25","date_gmt":"2025-08-28T14:31:25","guid":{"rendered":"https:\/\/dicodusport.fr\/blog\/?p=606107&#038;preview=true&#038;preview_id=606107"},"modified":"2025-08-28T16:35:41","modified_gmt":"2025-08-28T14:35:41","slug":"5eme-etape-tour-de-lavenir-2025-classement-et-resultats","status":"publish","type":"post","link":"https:\/\/dicodusport.fr\/blog\/5eme-etape-tour-de-lavenir-2025-classement-et-resultats\/","title":{"rendered":"5\u00e8me \u00e9tape Tour de l&rsquo;Avenir 2025 &#8211; Classement et r\u00e9sultats"},"content":{"rendered":"<p style=\"text-align: justify;\"><strong><em>Retrouvez le classement et les r\u00e9sultats de la 5\u00e8me \u00e9tape du Tour de l&rsquo;Avenir 2025, qui s&rsquo;est d\u00e9roul\u00e9e ce jeudi 28 ao\u00fbt entre Saint-Gervais-Mont-Blanc et Tignes 2100 (121 km).<\/em><\/strong><\/p>\n<ul>\n<li style=\"text-align: justify;\"><strong>\u00c0 ce sujet &#8211; <a href=\"https:\/\/dicodusport.fr\/blog\/classement-general-tour-de-lavenir-2025-actualise\/\">Classement g\u00e9n\u00e9ral Tour de l&rsquo;Avenir 2025 actualis\u00e9<\/a><\/strong><\/li>\n<\/ul>\n<p style=\"text-align: justify;\">Ce <strong>jeudi 28 ao\u00fbt<\/strong>, le peloton du <strong>Tour de l\u2019Avenir<\/strong> s\u2019attaque \u00e0 une \u00e9tape aussi courte qu\u2019explosive entre <strong>Saint-Gervais-Mont-Blanc<\/strong> et <strong>Tignes 2100<\/strong>. Avec <strong>121 kilom\u00e8tres de route<\/strong> et pr\u00e8s de <strong>3 900 m\u00e8tres de d\u00e9nivel\u00e9 positif<\/strong>, cette 5\u1d49 \u00e9tape s\u2019annonce comme l\u2019un des premiers grands juges de paix de l\u2019\u00e9dition 2025.<\/p>\n<h2 style=\"text-align: justify;\">Parcours du jour<\/h2>\n<p style=\"text-align: justify;\">D\u00e8s le d\u00e9part, le ton sera donn\u00e9 : les coureurs devront franchir plusieurs cols alpins redout\u00e9s, dont le <strong>Col des Saisies<\/strong> et le spectaculaire <strong>Cormet de Roselend<\/strong>, avant de se diriger vers la mont\u00e9e finale vers <strong>Tignes<\/strong>. Cette ascension en altitude, exigeante et r\u00e9guli\u00e8re, offrira un terrain id\u00e9al aux grimpeurs les plus solides et pourrait d\u00e9j\u00e0 bouleverser le classement g\u00e9n\u00e9ral.<\/p>\n<p style=\"text-align: justify;\">Le format r\u00e9duit de l\u2019\u00e9tape, compar\u00e9 \u00e0 d\u2019autres rendez-vous de montagne, favorisera une course nerveuse et rythm\u00e9e. Les \u00e9quipes ambitieuses devraient rapidement mettre la pression pour isoler les leaders et tester les jeunes talents promis au plus haut niveau.<\/p>\n<p style=\"text-align: justify;\">Avec une arriv\u00e9e \u00e0 <strong>2 100 m\u00e8tres d\u2019altitude<\/strong>, cette \u00e9tape repr\u00e9sente une v\u00e9ritable opportunit\u00e9 pour les coureurs offensifs de se distinguer. Elle pourrait bien r\u00e9v\u00e9ler les futurs champions de demain, dans l\u2019esprit m\u00eame du <strong>Tour de l\u2019Avenir<\/strong>.<\/p>\n<div class=\"vlp-link-container vlp-layout-article\"><a href=\"https:\/\/dicodusport.fr\/blog\/tour-de-lavenir-2025-parcours-detaille-et-profils-des-etapes\/\" class=\"vlp-link\" title=\"Tour de l&#039;Avenir 2025 : Parcours d\u00e9taill\u00e9 et profils des \u00e9tapes\"><\/a><div class=\"vlp-layout-zone-side\"><div class=\"vlp-block-4 vlp-link-image\"><img loading=\"lazy\" decoding=\"async\" style=\"max-width: 792px;\" width=\"792\" height=\"445\" src=\"https:\/\/dicodusport.fr\/blog\/wp-content\/uploads\/2025\/08\/Tour-de-lAvenir-2025-Parcours-detaille-et-profils-des-etapes.png\" class=\"attachment-800x445 size-800x445\" alt=\"Tour de l&#039;Avenir 2025 Parcours d\u00e9taill\u00e9 et profils des \u00e9tapes\" srcset=\"https:\/\/dicodusport.fr\/blog\/wp-content\/uploads\/2025\/08\/Tour-de-lAvenir-2025-Parcours-detaille-et-profils-des-etapes.png 1200w, https:\/\/dicodusport.fr\/blog\/wp-content\/uploads\/2025\/08\/Tour-de-lAvenir-2025-Parcours-detaille-et-profils-des-etapes-300x169.png 300w, https:\/\/dicodusport.fr\/blog\/wp-content\/uploads\/2025\/08\/Tour-de-lAvenir-2025-Parcours-detaille-et-profils-des-etapes-1024x575.png 1024w, https:\/\/dicodusport.fr\/blog\/wp-content\/uploads\/2025\/08\/Tour-de-lAvenir-2025-Parcours-detaille-et-profils-des-etapes-768x431.png 768w\" sizes=\"auto, (max-width: 792px) 100vw, 792px\" \/><\/div><\/div><div class=\"vlp-layout-zone-main\"><div class=\"vlp-block-0 vlp-link-title\">Tour de l'Avenir 2025 : Parcours d\u00e9taill\u00e9 et profils des \u00e9tapes<\/div><div class=\"vlp-block-1 vlp-link-summary\">Retrouvez le parcours en d\u00e9tail et les profils complets des \u00e9tapes du Tour de l'Avenir 2025, qui se d\u00e9roule du samedi 23 au vendredi 29 ao\u00fbt 2025.<\/div><div class=\"vlp-block-2 vlp-link-button\">Lire l'article<\/div><div class=\"vlp-block-3 vlp-link-url\">dicodusport.fr<\/div><\/div><\/div>\n<p style=\"text-align: justify;\"><strong>Arriv\u00e9e pr\u00e9vue sur les coups de 16h10. Retrouvez les r\u00e9sultats complets et le classement de la 5\u00e8me \u00e9tape du Tour de l&rsquo;Avenir 2025 ci-dessous.<\/strong><\/p>\n<ul>\n<li style=\"text-align: justify;\"><strong>\u00c0 ce sujet &#8211; <a href=\"https:\/\/dicodusport.fr\/blog\/actualites\/cyclisme\/\">L&rsquo;actualit\u00e9 du cyclisme<\/a><\/strong><\/li>\n<\/ul>\n<h2 style=\"text-align: justify;\">Classement 5\u00e8me \u00e9tape &#8211; Tour de l&rsquo;Avenir 2025<\/h2>\n<div class=\"su-table su-table-alternate\">\n<table style=\"width: 800px;border-collapse: collapse\" border=\"1\">\n<tbody>\n<tr style=\"height: 24px\">\n<td style=\"border-color: #ebebeb;height: 24px;text-align: center;width: 80px;vertical-align: middle\">\ud83c\udfc6<\/td>\n<td style=\"border-color: #ebebeb;height: 24px;text-align: center;width: 500px;vertical-align: middle\"><span style=\"font-size: 0.9em\"><strong>COUREURS<\/strong><\/span><\/td>\n<td style=\"border-color: #ebebeb;height: 24px;text-align: center;width: 220px;vertical-align: middle\"><span style=\"font-size: 0.9em\"><strong>TEMPS \/ \u00c9CART<\/strong><\/span><\/td>\n<\/tr>\n<tr style=\"height: 24px\">\n<td style=\"border-color: #ebebeb;height: 24px;text-align: center;width: 80px;vertical-align: middle\"><strong><span class=\"su-label su-label-type-warning\">1.<\/span><\/strong><\/td>\n<td style=\"border-color: #ebebeb;text-align: center;width: 500px;vertical-align: middle\"><span style=\"font-size: 0.9em\"><strong>\ud83c\udde7\ud83c\uddea JARNO WIDAR<\/strong><br \/>\n<span style=\"font-size: 0.8em\">BELGIQUE<\/span><\/span><\/td>\n<td style=\"border-color: #ebebeb;text-align: center;width: 220px;vertical-align: middle\"><span style=\"font-size: 0.9em\"><strong>3h34m48s<\/strong><\/span><\/td>\n<\/tr>\n<tr>\n<td style=\"border-color: #ebebeb;text-align: center;width: 80px;vertical-align: middle\"><span style=\"font-size: 0.9em\">2.<\/span><\/td>\n<td style=\"border-color: #ebebeb;text-align: center;width: 500px;vertical-align: middle\"><span style=\"font-size: 0.9em\"><strong>\ud83c\uddeb\ud83c\uddf7 PAUL SEIXAS<\/strong><br \/>\n<span style=\"font-size: 0.8em\">FRANCE<\/span><\/span><\/td>\n<td style=\"border-color: #ebebeb;text-align: center;width: 220px;vertical-align: middle\"><strong><span style=\"font-size: 0.9em\">\u00e0 5s<\/span><\/strong><\/td>\n<\/tr>\n<tr>\n<td style=\"border-color: #ebebeb;text-align: center;width: 80px;vertical-align: middle\"><span style=\"font-size: 0.9em\">3.<\/span><\/td>\n<td style=\"border-color: #ebebeb;text-align: center;width: 500px;vertical-align: middle\"><span style=\"font-size: 0.9em\"><strong>\ud83c\uddf3\ud83c\uddf4 JORGEN NORDHAGEN<\/strong><br \/>\n<span style=\"font-size: 0.8em\">NORV\u00c8GE<\/span><\/span><\/td>\n<td style=\"border-color: #ebebeb;text-align: center;width: 220px;vertical-align: middle\"><strong><span style=\"font-size: 0.9em\">\u00e0 5s<\/span><\/strong><\/td>\n<\/tr>\n<tr>\n<td style=\"border-color: #ebebeb;text-align: center;width: 80px;vertical-align: middle\"><span style=\"font-size: 0.9em\">4.<\/span><\/td>\n<td style=\"border-color: #ebebeb;text-align: center;width: 500px;vertical-align: middle\"><span style=\"font-size: 0.9em\"><strong>\ud83c\uddea\ud83c\udde8 MATEO RAMIREZ<\/strong><br \/>\n<span style=\"font-size: 0.8em\">\u00c9QUATEUR<\/span><\/span><\/td>\n<td style=\"border-color: #ebebeb;text-align: center;width: 220px;vertical-align: middle\"><strong><span style=\"font-size: 0.9em\">\u00e0 5s<\/span><\/strong><\/td>\n<\/tr>\n<tr>\n<td style=\"border-color: #ebebeb;text-align: center;width: 80px;vertical-align: middle\"><span style=\"font-size: 0.9em\">5.<\/span><\/td>\n<td style=\"border-color: #ebebeb;text-align: center;width: 500px;vertical-align: middle\"><span style=\"font-size: 0.9em\"><strong>\ud83c\uddee\ud83c\uddf9 LORENZO FINN<\/strong><br \/>\n<span style=\"font-size: 0.8em\">ITALIE<\/span><\/span><\/td>\n<td style=\"border-color: #ebebeb;text-align: center;width: 220px;vertical-align: middle\"><strong><span style=\"font-size: 0.9em\">\u00e0 8s<\/span><\/strong><\/td>\n<\/tr>\n<tr>\n<td style=\"border-color: #ebebeb;text-align: center;width: 80px;vertical-align: middle\"><span style=\"font-size: 0.9em\">6.<\/span><\/td>\n<td style=\"border-color: #ebebeb;text-align: center;width: 500px;vertical-align: middle\"><span style=\"font-size: 0.9em\"><strong>\ud83c\uddf8\ud83c\uddee JAKOB OMRZEL<\/strong><br \/>\n<span style=\"font-size: 0.8em\">SLOV\u00c9NIE<\/span><\/span><\/td>\n<td style=\"border-color: #ebebeb;text-align: center;width: 220px;vertical-align: middle\"><strong><span style=\"font-size: 0.9em\">\u00e0 20s<\/span><\/strong><\/td>\n<\/tr>\n<tr>\n<td style=\"border-color: #ebebeb;text-align: center;width: 80px;vertical-align: middle\"><span style=\"font-size: 0.9em\">7.<\/span><\/td>\n<td style=\"border-color: #ebebeb;text-align: center;width: 500px;vertical-align: middle\"><span style=\"font-size: 0.9em\"><strong>\ud83c\udde9\ud83c\uddf0 PETER OXENBERG<\/strong><br \/>\n<span style=\"font-size: 0.8em\">DANEMARK<\/span><\/span><\/td>\n<td style=\"border-color: #ebebeb;text-align: center;width: 220px;vertical-align: middle\"><strong><span style=\"font-size: 0.9em\">\u00e0 25s<\/span><\/strong><\/td>\n<\/tr>\n<tr>\n<td style=\"border-color: #ebebeb;text-align: center;width: 80px;vertical-align: middle\"><span style=\"font-size: 0.9em\">8.<\/span><\/td>\n<td style=\"border-color: #ebebeb;text-align: center;width: 500px;vertical-align: middle\"><strong style=\"font-size: 0.9em\">\ud83c\udde9\ud83c\uddea MAX BOCK<\/strong><br \/>\n<span style=\"font-size: 0.9em\"><span style=\"font-size: 0.8em\">ALLEMAGNE<\/span><\/span><\/td>\n<td style=\"border-color: #ebebeb;text-align: center;width: 220px;vertical-align: middle\"><strong><span style=\"font-size: 0.9em\">\u00e0 48s<\/span><\/strong><\/td>\n<\/tr>\n<tr>\n<td style=\"border-color: #ebebeb;text-align: center;width: 80px;vertical-align: middle\"><span style=\"font-size: 0.9em\">9.<\/span><\/td>\n<td style=\"border-color: #ebebeb;text-align: center;width: 500px;vertical-align: middle\"><span style=\"font-size: 0.9em\"><strong>\ud83c\uddea\ud83c\uddf8 PABLO TORRES<\/strong><br \/>\n<span style=\"font-size: 0.8em\">ESPAGNE<\/span><\/span><\/td>\n<td style=\"border-color: #ebebeb;text-align: center;width: 220px;vertical-align: middle\"><strong><span style=\"font-size: 0.9em\">\u00e0 52s<\/span><\/strong><\/td>\n<\/tr>\n<tr style=\"height: 24px\">\n<td style=\"border-color: #ebebeb;height: 24px;text-align: center;width: 80px;vertical-align: middle\"><span style=\"font-size: 0.9em\">10.<\/span><\/td>\n<td style=\"border-color: #ebebeb;text-align: center;width: 500px;vertical-align: middle\"><strong style=\"font-size: 0.9em\">\ud83c\uddec\ud83c\udde7 CALLUM THORNLEY<\/strong><br \/>\n<span style=\"font-size: 0.9em\"><span style=\"font-size: 0.8em\">GRANDE-BRETAGNE<\/span><\/span><\/td>\n<td style=\"border-color: #ebebeb;text-align: center;width: 220px;vertical-align: middle\"><strong><span style=\"font-size: 0.9em\">\u00e0 54s<\/span><\/strong><\/td>\n<\/tr>\n<\/tbody>\n<\/table>\n<\/div>\n<h3 style=\"text-align: justify;\">\u00c0 lire aussi<\/h3>\n<ul>\n<li style=\"text-align: justify;\"><a href=\"https:\/\/www.procyclingstats.com\/race\/tour-de-l-avenir\/2025\/stage-5\"><strong>Le classement complet de la 5\u00e8me \u00e9tape<\/strong><\/a><\/li>\n<\/ul>\n<div class=\"vlp-link-container vlp-layout-article\"><a href=\"https:\/\/dicodusport.fr\/blog\/cyclisme-mercato-2025-2026-le-tableau-des-transferts\/\" class=\"vlp-link\" title=\"Cyclisme Mercato 2025-2026 - Le tableau des transferts\"><\/a><div class=\"vlp-layout-zone-side\"><div class=\"vlp-block-4 vlp-link-image\"><img loading=\"lazy\" decoding=\"async\" style=\"max-width: 792px;\" width=\"792\" height=\"445\" src=\"https:\/\/dicodusport.fr\/blog\/wp-content\/uploads\/2025\/02\/Cyclisme-Mercato-2025-2026-Le-tableau-des-transferts.png\" class=\"attachment-800x445 size-800x445\" alt=\"Cyclisme Mercato 2025-2026 - Le tableau des transferts\" srcset=\"https:\/\/dicodusport.fr\/blog\/wp-content\/uploads\/2025\/02\/Cyclisme-Mercato-2025-2026-Le-tableau-des-transferts.png 1200w, https:\/\/dicodusport.fr\/blog\/wp-content\/uploads\/2025\/02\/Cyclisme-Mercato-2025-2026-Le-tableau-des-transferts-300x169.png 300w, https:\/\/dicodusport.fr\/blog\/wp-content\/uploads\/2025\/02\/Cyclisme-Mercato-2025-2026-Le-tableau-des-transferts-1024x575.png 1024w, https:\/\/dicodusport.fr\/blog\/wp-content\/uploads\/2025\/02\/Cyclisme-Mercato-2025-2026-Le-tableau-des-transferts-768x431.png 768w\" sizes=\"auto, (max-width: 792px) 100vw, 792px\" \/><\/div><\/div><div class=\"vlp-layout-zone-main\"><div class=\"vlp-block-0 vlp-link-title\">Cyclisme Mercato 2025-2026 - Le tableau des transferts<\/div><div class=\"vlp-block-1 vlp-link-summary\">MERCATO CYCLISME 2025-2026 - D\u00e9couvrez les transferts officiels et les rumeurs du mercato cycliste.<\/div><div class=\"vlp-block-2 vlp-link-button\">Lire l'article<\/div><div class=\"vlp-block-3 vlp-link-url\">dicodusport.fr<\/div><\/div><\/div>\n","protected":false},"excerpt":{"rendered":"<p>Retrouvez le classement et les r\u00e9sultats de la 5\u00e8me \u00e9tape du Tour de l&rsquo;Avenir 2025, qui s&rsquo;est d\u00e9roul\u00e9e ce jeudi 28 ao\u00fbt entre Saint-Gervais-Mont-Blanc et Tignes 2100 (121 km).<\/p>\n","protected":false},"author":4,"featured_media":606109,"comment_status":"open","ping_status":"closed","sticky":false,"template":"","format":"standard","meta":{"_acf_changed":false,"_daextam_enable_autolinks":"1","footnotes":""},"categories":[46994],"tags":[16878,574,11197,1612],"class_list":["post-606107","post","type-post","status-publish","format-standard","has-post-thumbnail","hentry","category-cyclisme-sur-route","tag-breve","tag-cyclisme","tag-cyclisme-sur-route","tag-tour-de-lavenir"],"acf":[],"yoast_head":"<!-- This site is optimized with the Yoast SEO Premium plugin v26.7 (Yoast SEO v26.7) - https:\/\/yoast.com\/wordpress\/plugins\/seo\/ -->\n<title>5\u00e8me \u00e9tape Tour de l&#039;Avenir 2025 - Classement et r\u00e9sultats<\/title>\n<meta name=\"description\" content=\"Retrouvez le classement et les r\u00e9sultats de la 5\u00e8me \u00e9tape du Tour de l&#039;Avenir 2025, qui s&#039;est d\u00e9roul\u00e9e ce jeudi 28 ao\u00fbt entre Saint-Gervais-Mont-Blanc et Tignes 2100 (121 km).\" \/>\n<meta name=\"robots\" content=\"index, follow, max-snippet:-1, max-image-preview:large, max-video-preview:-1\" \/>\n<link rel=\"canonical\" href=\"https:\/\/dicodusport.fr\/blog\/5eme-etape-tour-de-lavenir-2025-classement-et-resultats\/\" \/>\n<meta property=\"og:locale\" content=\"fr_FR\" \/>\n<meta property=\"og:type\" content=\"article\" \/>\n<meta property=\"og:title\" content=\"Tour de l&#039;Avenir 2025 : R\u00e9sultats et classement de la 5\u00e8me \u00e9tape\" \/>\n<meta property=\"og:description\" content=\"Retrouvez le classement et les r\u00e9sultats de la 5\u00e8me \u00e9tape du Tour de l&#039;Avenir 2025, qui s&#039;est d\u00e9roul\u00e9e ce jeudi 28 ao\u00fbt entre Saint-Gervais-Mont-Blanc et Tignes 2100 (121 km).\" \/>\n<meta property=\"og:url\" content=\"https:\/\/dicodusport.fr\/blog\/5eme-etape-tour-de-lavenir-2025-classement-et-resultats\/\" \/>\n<meta property=\"og:site_name\" content=\"Dicodusport\" \/>\n<meta property=\"article:publisher\" content=\"https:\/\/www.facebook.com\/dicodusport\" \/>\n<meta property=\"article:author\" content=\"https:\/\/www.facebook.com\/florent.ostermann\" \/>\n<meta property=\"article:published_time\" content=\"2025-08-28T14:31:25+00:00\" \/>\n<meta property=\"article:modified_time\" content=\"2025-08-28T14:35:41+00:00\" \/>\n<meta property=\"og:image\" content=\"https:\/\/dicodusport.fr\/blog\/wp-content\/uploads\/2025\/08\/5eme-etape-Tour-de-lAvenir-2025-Classement-et-resultats.png\" \/>\n\t<meta property=\"og:image:width\" content=\"1200\" \/>\n\t<meta property=\"og:image:height\" content=\"674\" \/>\n\t<meta property=\"og:image:type\" content=\"image\/png\" \/>\n<meta name=\"author\" content=\"Flo Ostermann\" \/>\n<meta name=\"twitter:card\" content=\"summary_large_image\" \/>\n<meta name=\"twitter:title\" content=\"Tour de l&#039;Avenir 2025 : R\u00e9sultats et classement de la 5\u00e8me \u00e9tape\" \/>\n<meta name=\"twitter:creator\" content=\"@https:\/\/twitter.com\/FlOstermann\" \/>\n<meta name=\"twitter:site\" content=\"@dicodusport\" \/>\n<script type=\"application\/ld+json\" class=\"yoast-schema-graph\">{\"@context\":\"https:\/\/schema.org\",\"@graph\":[{\"@type\":\"NewsArticle\",\"@id\":\"https:\/\/dicodusport.fr\/blog\/5eme-etape-tour-de-lavenir-2025-classement-et-resultats\/#article\",\"isPartOf\":{\"@id\":\"https:\/\/dicodusport.fr\/blog\/5eme-etape-tour-de-lavenir-2025-classement-et-resultats\/\"},\"author\":{\"name\":\"Flo Ostermann\",\"@id\":\"https:\/\/dicodusport.fr\/blog\/#\/schema\/person\/cb02af4c173ce4a653b55e9baf388d4a\"},\"headline\":\"5\u00e8me \u00e9tape Tour de l&rsquo;Avenir 2025 &#8211; Classement et r\u00e9sultats\",\"datePublished\":\"2025-08-28T14:31:25+00:00\",\"dateModified\":\"2025-08-28T14:35:41+00:00\",\"mainEntityOfPage\":{\"@id\":\"https:\/\/dicodusport.fr\/blog\/5eme-etape-tour-de-lavenir-2025-classement-et-resultats\/\"},\"wordCount\":532,\"commentCount\":0,\"publisher\":{\"@id\":\"https:\/\/dicodusport.fr\/blog\/#organization\"},\"image\":{\"@id\":\"https:\/\/dicodusport.fr\/blog\/5eme-etape-tour-de-lavenir-2025-classement-et-resultats\/#primaryimage\"},\"thumbnailUrl\":\"https:\/\/dicodusport.fr\/blog\/wp-content\/uploads\/2025\/08\/5eme-etape-Tour-de-lAvenir-2025-Classement-et-resultats.png\",\"keywords\":[\"br\u00e8ve\",\"Cyclisme\",\"Cyclisme sur route\",\"Tour de l'Avenir\"],\"articleSection\":[\"Cyclisme sur route\"],\"inLanguage\":\"fr-FR\",\"potentialAction\":[{\"@type\":\"CommentAction\",\"name\":\"Comment\",\"target\":[\"https:\/\/dicodusport.fr\/blog\/5eme-etape-tour-de-lavenir-2025-classement-et-resultats\/#respond\"]}],\"copyrightYear\":\"2025\",\"copyrightHolder\":{\"@id\":\"https:\/\/dicodusport.fr\/blog\/#organization\"}},{\"@type\":\"WebPage\",\"@id\":\"https:\/\/dicodusport.fr\/blog\/5eme-etape-tour-de-lavenir-2025-classement-et-resultats\/\",\"url\":\"https:\/\/dicodusport.fr\/blog\/5eme-etape-tour-de-lavenir-2025-classement-et-resultats\/\",\"name\":\"5\u00e8me \u00e9tape Tour de l'Avenir 2025 - Classement et r\u00e9sultats\",\"isPartOf\":{\"@id\":\"https:\/\/dicodusport.fr\/blog\/#website\"},\"primaryImageOfPage\":{\"@id\":\"https:\/\/dicodusport.fr\/blog\/5eme-etape-tour-de-lavenir-2025-classement-et-resultats\/#primaryimage\"},\"image\":{\"@id\":\"https:\/\/dicodusport.fr\/blog\/5eme-etape-tour-de-lavenir-2025-classement-et-resultats\/#primaryimage\"},\"thumbnailUrl\":\"https:\/\/dicodusport.fr\/blog\/wp-content\/uploads\/2025\/08\/5eme-etape-Tour-de-lAvenir-2025-Classement-et-resultats.png\",\"datePublished\":\"2025-08-28T14:31:25+00:00\",\"dateModified\":\"2025-08-28T14:35:41+00:00\",\"description\":\"Retrouvez le classement et les r\u00e9sultats de la 5\u00e8me \u00e9tape du Tour de l'Avenir 2025, qui s'est d\u00e9roul\u00e9e ce jeudi 28 ao\u00fbt entre Saint-Gervais-Mont-Blanc et Tignes 2100 (121 km).\",\"breadcrumb\":{\"@id\":\"https:\/\/dicodusport.fr\/blog\/5eme-etape-tour-de-lavenir-2025-classement-et-resultats\/#breadcrumb\"},\"inLanguage\":\"fr-FR\",\"potentialAction\":[{\"@type\":\"ReadAction\",\"target\":[\"https:\/\/dicodusport.fr\/blog\/5eme-etape-tour-de-lavenir-2025-classement-et-resultats\/\"]}]},{\"@type\":\"ImageObject\",\"inLanguage\":\"fr-FR\",\"@id\":\"https:\/\/dicodusport.fr\/blog\/5eme-etape-tour-de-lavenir-2025-classement-et-resultats\/#primaryimage\",\"url\":\"https:\/\/dicodusport.fr\/blog\/wp-content\/uploads\/2025\/08\/5eme-etape-Tour-de-lAvenir-2025-Classement-et-resultats.png\",\"contentUrl\":\"https:\/\/dicodusport.fr\/blog\/wp-content\/uploads\/2025\/08\/5eme-etape-Tour-de-lAvenir-2025-Classement-et-resultats.png\",\"width\":1200,\"height\":674,\"caption\":\"5\u00e8me \u00e9tape Tour de l'Avenir 2025 - Classement et r\u00e9sultats\"},{\"@type\":\"BreadcrumbList\",\"@id\":\"https:\/\/dicodusport.fr\/blog\/5eme-etape-tour-de-lavenir-2025-classement-et-resultats\/#breadcrumb\",\"itemListElement\":[{\"@type\":\"ListItem\",\"position\":1,\"name\":\"Accueil\",\"item\":\"https:\/\/dicodusport.fr\/blog\/\"},{\"@type\":\"ListItem\",\"position\":2,\"name\":\"5\u00e8me \u00e9tape Tour de l&rsquo;Avenir 2025 &#8211; Classement et r\u00e9sultats\"}]},{\"@type\":\"WebSite\",\"@id\":\"https:\/\/dicodusport.fr\/blog\/#website\",\"url\":\"https:\/\/dicodusport.fr\/blog\/\",\"name\":\"Dicodusport\",\"description\":\"L&#039;encyclop\u00e9die de l&#039;actualit\u00e9 sportive\",\"publisher\":{\"@id\":\"https:\/\/dicodusport.fr\/blog\/#organization\"},\"potentialAction\":[{\"@type\":\"SearchAction\",\"target\":{\"@type\":\"EntryPoint\",\"urlTemplate\":\"https:\/\/dicodusport.fr\/blog\/?s={search_term_string}\"},\"query-input\":{\"@type\":\"PropertyValueSpecification\",\"valueRequired\":true,\"valueName\":\"search_term_string\"}}],\"inLanguage\":\"fr-FR\"},{\"@type\":\"NewsMediaOrganization\",\"@id\":\"https:\/\/dicodusport.fr\/blog\/#organization\",\"name\":\"Dicodusport\",\"url\":\"https:\/\/dicodusport.fr\/blog\/\",\"logo\":{\"@type\":\"ImageObject\",\"inLanguage\":\"fr-FR\",\"@id\":\"https:\/\/dicodusport.fr\/blog\/#\/schema\/logo\/image\/\",\"url\":\"https:\/\/dicodusport.fr\/blog\/wp-content\/uploads\/2020\/06\/cropped-LOGO-DICODUSPORT-2020-SANS-FOND-SANS-TEXTE.png\",\"contentUrl\":\"https:\/\/dicodusport.fr\/blog\/wp-content\/uploads\/2020\/06\/cropped-LOGO-DICODUSPORT-2020-SANS-FOND-SANS-TEXTE.png\",\"width\":512,\"height\":512,\"caption\":\"Dicodusport\"},\"image\":{\"@id\":\"https:\/\/dicodusport.fr\/blog\/#\/schema\/logo\/image\/\"},\"sameAs\":[\"https:\/\/www.facebook.com\/dicodusport\",\"https:\/\/x.com\/dicodusport\",\"https:\/\/www.instagram.com\/dicodusport\/\",\"https:\/\/www.youtube.com\/channel\/UC7V2KZ5sd3htJivAbA4ZG3w\"],\"description\":\"Dicodusport est l'encyclop\u00e9die de l'actualit\u00e9 sportive.\",\"email\":\"bonjour@dicodusport.fr\",\"legalName\":\"DICODUSPORT\",\"foundingDate\":\"2018-01-14\",\"vatID\":\"FR71834470973\",\"taxID\":\"83447097300043\",\"numberOfEmployees\":{\"@type\":\"QuantitativeValue\",\"minValue\":\"1\",\"maxValue\":\"10\"}},{\"@type\":\"Person\",\"@id\":\"https:\/\/dicodusport.fr\/blog\/#\/schema\/person\/cb02af4c173ce4a653b55e9baf388d4a\",\"name\":\"Flo Ostermann\",\"image\":{\"@type\":\"ImageObject\",\"inLanguage\":\"fr-FR\",\"@id\":\"https:\/\/dicodusport.fr\/blog\/#\/schema\/person\/image\/\",\"url\":\"https:\/\/dicodusport.fr\/blog\/wp-content\/uploads\/2021\/05\/Flo-Ostermann-150x150.jpg\",\"contentUrl\":\"https:\/\/dicodusport.fr\/blog\/wp-content\/uploads\/2021\/05\/Flo-Ostermann-150x150.jpg\",\"caption\":\"Flo Ostermann\"},\"description\":\"Journaliste\/R\u00e9dacteur depuis septembre 2015 - Mes premiers souvenirs dans le sport ? Les envol\u00e9es du Stade Toulousain et les duels Villeneuve-Schumacher et H\u00e4kkinen-Schumacher \u00e0 la fin des ann\u00e9es 90, la Coupe du monde de football en 1998, l\u2019exploit du XV de France face aux All Blacks en 1999, mais aussi Richard C\u0153ur de Lion qui vole sur les montagnes du Tour de France. Bien parti pour devenir professeur d\u2019EPS, les \u00e9v\u00e9nements de la vie (et la flemme d\u2019animer des s\u00e9ances de 3x500 m\u00e8tres toute ma vie) m\u2019ont conduit \u00e0 revoir mes plans. Me voil\u00e0 depuis fin 2017 sur Dicodusport, m\u00e9dia gr\u00e2ce (et pour) lequel je partage ma passion : le sport dans tous ses \u00e9tats. Le tout accompagn\u00e9 par les fous furieux et folles furieuses cit\u00e9s sur cette page !\",\"sameAs\":[\"https:\/\/www.facebook.com\/florent.ostermann\",\"https:\/\/x.com\/https:\/\/twitter.com\/FlOstermann\",\"admin\"],\"url\":\"https:\/\/dicodusport.fr\/blog\/author\/flo\/\"}]}<\/script>\n<!-- \/ Yoast SEO Premium plugin. -->","yoast_head_json":{"title":"5\u00e8me \u00e9tape Tour de l'Avenir 2025 - Classement et r\u00e9sultats","description":"Retrouvez le classement et les r\u00e9sultats de la 5\u00e8me \u00e9tape du Tour de l'Avenir 2025, qui s'est d\u00e9roul\u00e9e ce jeudi 28 ao\u00fbt entre Saint-Gervais-Mont-Blanc et Tignes 2100 (121 km).","robots":{"index":"index","follow":"follow","max-snippet":"max-snippet:-1","max-image-preview":"max-image-preview:large","max-video-preview":"max-video-preview:-1"},"canonical":"https:\/\/dicodusport.fr\/blog\/5eme-etape-tour-de-lavenir-2025-classement-et-resultats\/","og_locale":"fr_FR","og_type":"article","og_title":"Tour de l'Avenir 2025 : R\u00e9sultats et classement de la 5\u00e8me \u00e9tape","og_description":"Retrouvez le classement et les r\u00e9sultats de la 5\u00e8me \u00e9tape du Tour de l'Avenir 2025, qui s'est d\u00e9roul\u00e9e ce jeudi 28 ao\u00fbt entre Saint-Gervais-Mont-Blanc et Tignes 2100 (121 km).","og_url":"https:\/\/dicodusport.fr\/blog\/5eme-etape-tour-de-lavenir-2025-classement-et-resultats\/","og_site_name":"Dicodusport","article_publisher":"https:\/\/www.facebook.com\/dicodusport","article_author":"https:\/\/www.facebook.com\/florent.ostermann","article_published_time":"2025-08-28T14:31:25+00:00","article_modified_time":"2025-08-28T14:35:41+00:00","og_image":[{"width":1200,"height":674,"url":"https:\/\/dicodusport.fr\/blog\/wp-content\/uploads\/2025\/08\/5eme-etape-Tour-de-lAvenir-2025-Classement-et-resultats.png","type":"image\/png"}],"author":"Flo Ostermann","twitter_card":"summary_large_image","twitter_title":"Tour de l'Avenir 2025 : R\u00e9sultats et classement de la 5\u00e8me \u00e9tape","twitter_creator":"@https:\/\/twitter.com\/FlOstermann","twitter_site":"@dicodusport","schema":{"@context":"https:\/\/schema.org","@graph":[{"@type":"NewsArticle","@id":"https:\/\/dicodusport.fr\/blog\/5eme-etape-tour-de-lavenir-2025-classement-et-resultats\/#article","isPartOf":{"@id":"https:\/\/dicodusport.fr\/blog\/5eme-etape-tour-de-lavenir-2025-classement-et-resultats\/"},"author":{"name":"Flo Ostermann","@id":"https:\/\/dicodusport.fr\/blog\/#\/schema\/person\/cb02af4c173ce4a653b55e9baf388d4a"},"headline":"5\u00e8me \u00e9tape Tour de l&rsquo;Avenir 2025 &#8211; Classement et r\u00e9sultats","datePublished":"2025-08-28T14:31:25+00:00","dateModified":"2025-08-28T14:35:41+00:00","mainEntityOfPage":{"@id":"https:\/\/dicodusport.fr\/blog\/5eme-etape-tour-de-lavenir-2025-classement-et-resultats\/"},"wordCount":532,"commentCount":0,"publisher":{"@id":"https:\/\/dicodusport.fr\/blog\/#organization"},"image":{"@id":"https:\/\/dicodusport.fr\/blog\/5eme-etape-tour-de-lavenir-2025-classement-et-resultats\/#primaryimage"},"thumbnailUrl":"https:\/\/dicodusport.fr\/blog\/wp-content\/uploads\/2025\/08\/5eme-etape-Tour-de-lAvenir-2025-Classement-et-resultats.png","keywords":["br\u00e8ve","Cyclisme","Cyclisme sur route","Tour de l'Avenir"],"articleSection":["Cyclisme sur route"],"inLanguage":"fr-FR","potentialAction":[{"@type":"CommentAction","name":"Comment","target":["https:\/\/dicodusport.fr\/blog\/5eme-etape-tour-de-lavenir-2025-classement-et-resultats\/#respond"]}],"copyrightYear":"2025","copyrightHolder":{"@id":"https:\/\/dicodusport.fr\/blog\/#organization"}},{"@type":"WebPage","@id":"https:\/\/dicodusport.fr\/blog\/5eme-etape-tour-de-lavenir-2025-classement-et-resultats\/","url":"https:\/\/dicodusport.fr\/blog\/5eme-etape-tour-de-lavenir-2025-classement-et-resultats\/","name":"5\u00e8me \u00e9tape Tour de l'Avenir 2025 - Classement et r\u00e9sultats","isPartOf":{"@id":"https:\/\/dicodusport.fr\/blog\/#website"},"primaryImageOfPage":{"@id":"https:\/\/dicodusport.fr\/blog\/5eme-etape-tour-de-lavenir-2025-classement-et-resultats\/#primaryimage"},"image":{"@id":"https:\/\/dicodusport.fr\/blog\/5eme-etape-tour-de-lavenir-2025-classement-et-resultats\/#primaryimage"},"thumbnailUrl":"https:\/\/dicodusport.fr\/blog\/wp-content\/uploads\/2025\/08\/5eme-etape-Tour-de-lAvenir-2025-Classement-et-resultats.png","datePublished":"2025-08-28T14:31:25+00:00","dateModified":"2025-08-28T14:35:41+00:00","description":"Retrouvez le classement et les r\u00e9sultats de la 5\u00e8me \u00e9tape du Tour de l'Avenir 2025, qui s'est d\u00e9roul\u00e9e ce jeudi 28 ao\u00fbt entre Saint-Gervais-Mont-Blanc et Tignes 2100 (121 km).","breadcrumb":{"@id":"https:\/\/dicodusport.fr\/blog\/5eme-etape-tour-de-lavenir-2025-classement-et-resultats\/#breadcrumb"},"inLanguage":"fr-FR","potentialAction":[{"@type":"ReadAction","target":["https:\/\/dicodusport.fr\/blog\/5eme-etape-tour-de-lavenir-2025-classement-et-resultats\/"]}]},{"@type":"ImageObject","inLanguage":"fr-FR","@id":"https:\/\/dicodusport.fr\/blog\/5eme-etape-tour-de-lavenir-2025-classement-et-resultats\/#primaryimage","url":"https:\/\/dicodusport.fr\/blog\/wp-content\/uploads\/2025\/08\/5eme-etape-Tour-de-lAvenir-2025-Classement-et-resultats.png","contentUrl":"https:\/\/dicodusport.fr\/blog\/wp-content\/uploads\/2025\/08\/5eme-etape-Tour-de-lAvenir-2025-Classement-et-resultats.png","width":1200,"height":674,"caption":"5\u00e8me \u00e9tape Tour de l'Avenir 2025 - Classement et r\u00e9sultats"},{"@type":"BreadcrumbList","@id":"https:\/\/dicodusport.fr\/blog\/5eme-etape-tour-de-lavenir-2025-classement-et-resultats\/#breadcrumb","itemListElement":[{"@type":"ListItem","position":1,"name":"Accueil","item":"https:\/\/dicodusport.fr\/blog\/"},{"@type":"ListItem","position":2,"name":"5\u00e8me \u00e9tape Tour de l&rsquo;Avenir 2025 &#8211; Classement et r\u00e9sultats"}]},{"@type":"WebSite","@id":"https:\/\/dicodusport.fr\/blog\/#website","url":"https:\/\/dicodusport.fr\/blog\/","name":"Dicodusport","description":"L&#039;encyclop\u00e9die de l&#039;actualit\u00e9 sportive","publisher":{"@id":"https:\/\/dicodusport.fr\/blog\/#organization"},"potentialAction":[{"@type":"SearchAction","target":{"@type":"EntryPoint","urlTemplate":"https:\/\/dicodusport.fr\/blog\/?s={search_term_string}"},"query-input":{"@type":"PropertyValueSpecification","valueRequired":true,"valueName":"search_term_string"}}],"inLanguage":"fr-FR"},{"@type":"NewsMediaOrganization","@id":"https:\/\/dicodusport.fr\/blog\/#organization","name":"Dicodusport","url":"https:\/\/dicodusport.fr\/blog\/","logo":{"@type":"ImageObject","inLanguage":"fr-FR","@id":"https:\/\/dicodusport.fr\/blog\/#\/schema\/logo\/image\/","url":"https:\/\/dicodusport.fr\/blog\/wp-content\/uploads\/2020\/06\/cropped-LOGO-DICODUSPORT-2020-SANS-FOND-SANS-TEXTE.png","contentUrl":"https:\/\/dicodusport.fr\/blog\/wp-content\/uploads\/2020\/06\/cropped-LOGO-DICODUSPORT-2020-SANS-FOND-SANS-TEXTE.png","width":512,"height":512,"caption":"Dicodusport"},"image":{"@id":"https:\/\/dicodusport.fr\/blog\/#\/schema\/logo\/image\/"},"sameAs":["https:\/\/www.facebook.com\/dicodusport","https:\/\/x.com\/dicodusport","https:\/\/www.instagram.com\/dicodusport\/","https:\/\/www.youtube.com\/channel\/UC7V2KZ5sd3htJivAbA4ZG3w"],"description":"Dicodusport est l'encyclop\u00e9die de l'actualit\u00e9 sportive.","email":"bonjour@dicodusport.fr","legalName":"DICODUSPORT","foundingDate":"2018-01-14","vatID":"FR71834470973","taxID":"83447097300043","numberOfEmployees":{"@type":"QuantitativeValue","minValue":"1","maxValue":"10"}},{"@type":"Person","@id":"https:\/\/dicodusport.fr\/blog\/#\/schema\/person\/cb02af4c173ce4a653b55e9baf388d4a","name":"Flo Ostermann","image":{"@type":"ImageObject","inLanguage":"fr-FR","@id":"https:\/\/dicodusport.fr\/blog\/#\/schema\/person\/image\/","url":"https:\/\/dicodusport.fr\/blog\/wp-content\/uploads\/2021\/05\/Flo-Ostermann-150x150.jpg","contentUrl":"https:\/\/dicodusport.fr\/blog\/wp-content\/uploads\/2021\/05\/Flo-Ostermann-150x150.jpg","caption":"Flo Ostermann"},"description":"Journaliste\/R\u00e9dacteur depuis septembre 2015 - Mes premiers souvenirs dans le sport ? Les envol\u00e9es du Stade Toulousain et les duels Villeneuve-Schumacher et H\u00e4kkinen-Schumacher \u00e0 la fin des ann\u00e9es 90, la Coupe du monde de football en 1998, l\u2019exploit du XV de France face aux All Blacks en 1999, mais aussi Richard C\u0153ur de Lion qui vole sur les montagnes du Tour de France. Bien parti pour devenir professeur d\u2019EPS, les \u00e9v\u00e9nements de la vie (et la flemme d\u2019animer des s\u00e9ances de 3x500 m\u00e8tres toute ma vie) m\u2019ont conduit \u00e0 revoir mes plans. Me voil\u00e0 depuis fin 2017 sur Dicodusport, m\u00e9dia gr\u00e2ce (et pour) lequel je partage ma passion : le sport dans tous ses \u00e9tats. Le tout accompagn\u00e9 par les fous furieux et folles furieuses cit\u00e9s sur cette page !","sameAs":["https:\/\/www.facebook.com\/florent.ostermann","https:\/\/x.com\/https:\/\/twitter.com\/FlOstermann","admin"],"url":"https:\/\/dicodusport.fr\/blog\/author\/flo\/"}]}},"_links":{"self":[{"href":"https:\/\/dicodusport.fr\/blog\/wp-json\/wp\/v2\/posts\/606107","targetHints":{"allow":["GET"]}}],"collection":[{"href":"https:\/\/dicodusport.fr\/blog\/wp-json\/wp\/v2\/posts"}],"about":[{"href":"https:\/\/dicodusport.fr\/blog\/wp-json\/wp\/v2\/types\/post"}],"author":[{"embeddable":true,"href":"https:\/\/dicodusport.fr\/blog\/wp-json\/wp\/v2\/users\/4"}],"replies":[{"embeddable":true,"href":"https:\/\/dicodusport.fr\/blog\/wp-json\/wp\/v2\/comments?post=606107"}],"version-history":[{"count":6,"href":"https:\/\/dicodusport.fr\/blog\/wp-json\/wp\/v2\/posts\/606107\/revisions"}],"predecessor-version":[{"id":606474,"href":"https:\/\/dicodusport.fr\/blog\/wp-json\/wp\/v2\/posts\/606107\/revisions\/606474"}],"wp:featuredmedia":[{"embeddable":true,"href":"https:\/\/dicodusport.fr\/blog\/wp-json\/wp\/v2\/media\/606109"}],"wp:attachment":[{"href":"https:\/\/dicodusport.fr\/blog\/wp-json\/wp\/v2\/media?parent=606107"}],"wp:term":[{"taxonomy":"category","embeddable":true,"href":"https:\/\/dicodusport.fr\/blog\/wp-json\/wp\/v2\/categories?post=606107"},{"taxonomy":"post_tag","embeddable":true,"href":"https:\/\/dicodusport.fr\/blog\/wp-json\/wp\/v2\/tags?post=606107"}],"curies":[{"name":"wp","href":"https:\/\/api.w.org\/{rel}","templated":true}]}}