{"id":606146,"date":"2025-08-28T14:05:46","date_gmt":"2025-08-28T12:05:46","guid":{"rendered":"https:\/\/dicodusport.fr\/blog\/?p=606146&#038;preview=true&#038;preview_id=606146"},"modified":"2025-09-05T14:17:59","modified_gmt":"2025-09-05T12:17:59","slug":"transferts-monaco-finalise-larrivee-de-stanis-idumbo","status":"publish","type":"post","link":"https:\/\/dicodusport.fr\/blog\/transferts-monaco-finalise-larrivee-de-stanis-idumbo\/","title":{"rendered":"Transferts : Monaco finalise l&rsquo;arriv\u00e9e de Stanis Idumbo"},"content":{"rendered":"<p style=\"text-align: justify;\"><strong><em>TRANSFERTS &#8211; Grand espoir du football belge, le jeune attaquant du FC S\u00e9ville Stanis Idumbo va s&rsquo;engager prochainement avec l&rsquo;AS Monaco.<\/em><\/strong><\/p>\n<ul style=\"text-align: justify;\">\n<li><strong>\u00c0 lire aussi &#8211; <a href=\"https:\/\/dicodusport.fr\/blog\/transferts-angers-esteban-lepaul-signe-a-rennes\/\">Transferts Angers : Est\u00e9ban Lepaul signe \u00e0 Rennes<\/a><\/strong><\/li>\n<\/ul>\n<p style=\"text-align: justify;\">L&rsquo;<strong>AS Monaco<\/strong> n&rsquo;a pas termin\u00e9 son mercato, et s&rsquo;appr\u00eate \u00e0 le prouver. Si le secteur offensif est d\u00e9j\u00e0 bien fourni en qualit\u00e9 comme en quantit\u00e9 (<strong>Balogun, Biereth, Ben Seghir, Ilenikhena<\/strong>), et ce malgr\u00e9 le futur probable d\u00e9part de Breel Embolo, <strong>Adi H\u00fctter<\/strong> va bient\u00f4t pouvoir compter sur un attaquant suppl\u00e9mentaire.<\/p>\n<h2 style=\"text-align: justify;\">Stanis Idumbo, le nouveau pari de l&rsquo;AS Monaco<\/h2>\n<p style=\"text-align: justify;\">En effet, selon <em>Fabrizio Romano,<\/em> le jeune belge <strong>Stanis Idumbo<\/strong> va rejoindre la Principaut\u00e9 cet apr\u00e8s-midi afin d&rsquo;effectuer la traditionnelle visite m\u00e9dicale, avant de parapher son contrat. Le club mon\u00e9gasque s&rsquo;est lui d\u00e9j\u00e0 mis d&rsquo;accord avec le FC S\u00e9ville pour finaliser une transaction dont le montant n&rsquo;a pas encore filtr\u00e9. Du haut de ses 20 ans, l&rsquo;international espoirs belge \u00e9tait encore sous contrat en Andalousie jusqu&rsquo;en 2028. Malgr\u00e9 tout, il s&rsquo;appr\u00eate \u00e0 d\u00e9couvrir la<strong> Ligue 1<\/strong>, ce qui s&rsquo;apparente \u00e0 un retour aux sources pour celui qui est n\u00e9 en Seine-et-Marne, \u00e0 <strong>Melun<\/strong>.<\/p>\n<ul style=\"text-align: justify;\">\n<li><strong>\u00c0 lire aussi &#8211; <a href=\"https:\/\/dicodusport.fr\/blog\/transferts-monaco-va-toucher-le-jackpot-avec-la-vente-de-wilfried-singo\/\">Transferts : Monaco va toucher le jackpot avec la vente de Wilfried Singo<\/a><\/strong><\/li>\n<\/ul>\n<p style=\"text-align: justify;\">Form\u00e9 \u00e0 La Gantoise, il avait rejoint \u00e0 16 ans la prestigieuse acad\u00e9mie de l&rsquo;<strong>Ajax Amsterdam<\/strong> avant d&rsquo;effectuer ses d\u00e9buts avec la r\u00e9serve lors de la saison 2022-2023, en deuxi\u00e8me division n\u00e9erlandaise. Ce passage lui aura servi de tremplin pour ensuite int\u00e9grer les rangs du <strong>FC S\u00e9ville<\/strong> contre une bouch\u00e9e de pain en janvier 2024. Apr\u00e8s plusieurs mois avec la r\u00e9serve, il a point\u00e9 le bout de son nez en \u00e9quipe premi\u00e8re en disputant la bagatelle de 17 rencontres pour 1 but la saison derni\u00e8re. Titularis\u00e9 lors de la 1\u00e8re journ\u00e9e de <strong>Liga<\/strong> sur la pelouse de Bilbao, il avait c\u00e9d\u00e9 sa place \u00e0 la mi-temps avant de devoir d\u00e9clarer forfait pour la 2\u00e8me journ\u00e9e en raison d&rsquo;une l\u00e9g\u00e8re blessure.<\/p>\n<p style=\"text-align: justify;\">Comme \u00e0 son habitude, l&rsquo;ASM mise donc sur un jeune joueur \u00e0 fort potentiel. Reste \u00e0 voir quel sera son r\u00f4le au sein d&rsquo;une attaque d\u00e9j\u00e0 bien garnie.<\/p>\n<blockquote class=\"twitter-tweet\">\n<p dir=\"ltr\" lang=\"en\">\ud83d\udea8\ud83c\uddf2\ud83c\udde8 Stanis Idumbo to AS Monaco, here we go! Permanent deal agreed for the midfielder to join Ligue1 side.<\/p>\n<p>\u2708\ufe0f Travel scheduled this afternoon and medical tests to follow. <a href=\"https:\/\/twitter.com\/MatteMoretto?ref_src=twsrc%5Etfw\">@MatteMoretto<\/a> <a href=\"https:\/\/t.co\/T5NmEQmpRe\">pic.twitter.com\/T5NmEQmpRe<\/a><\/p>\n<p>\u2014 Fabrizio Romano (@FabrizioRomano) <a href=\"https:\/\/twitter.com\/FabrizioRomano\/status\/1961019144364503335?ref_src=twsrc%5Etfw\">August 28, 2025<\/a><\/p><\/blockquote>\n<p style=\"text-align: justify;\"><script async src=\"https:\/\/platform.twitter.com\/widgets.js\" charset=\"utf-8\"><\/script><\/p>\n<h3 style=\"text-align: justify;\">\u00c0 ce sujet<\/h3>\n<div class=\"vlp-link-container vlp-layout-article\"><a href=\"https:\/\/dicodusport.fr\/blog\/mercato-asm-2025-2026-le-tableau-complet-des-transferts-arrivees-et-departs\/\" class=\"vlp-link\" title=\"Mercato Monaco 2025-2026 : Le tableau complet des transferts, arriv\u00e9es et d\u00e9parts\"><\/a><div class=\"vlp-layout-zone-side\"><div class=\"vlp-block-4 vlp-link-image\"><img loading=\"lazy\" decoding=\"async\" style=\"max-width: 792px;\" width=\"792\" height=\"445\" src=\"https:\/\/dicodusport.fr\/blog\/wp-content\/uploads\/2025\/05\/Mercato-ASM-2025-2026-Le-tableau-complet-des-transferts-arrivees-et-departs.png\" class=\"attachment-800x445 size-800x445\" alt=\"Mercato ASM 2025-2026 Le tableau complet des transferts, arriv\u00e9es et d\u00e9parts\" srcset=\"https:\/\/dicodusport.fr\/blog\/wp-content\/uploads\/2025\/05\/Mercato-ASM-2025-2026-Le-tableau-complet-des-transferts-arrivees-et-departs.png 1200w, https:\/\/dicodusport.fr\/blog\/wp-content\/uploads\/2025\/05\/Mercato-ASM-2025-2026-Le-tableau-complet-des-transferts-arrivees-et-departs-300x169.png 300w, https:\/\/dicodusport.fr\/blog\/wp-content\/uploads\/2025\/05\/Mercato-ASM-2025-2026-Le-tableau-complet-des-transferts-arrivees-et-departs-1024x575.png 1024w, https:\/\/dicodusport.fr\/blog\/wp-content\/uploads\/2025\/05\/Mercato-ASM-2025-2026-Le-tableau-complet-des-transferts-arrivees-et-departs-768x431.png 768w\" sizes=\"auto, (max-width: 792px) 100vw, 792px\" \/><\/div><\/div><div class=\"vlp-layout-zone-main\"><div class=\"vlp-block-0 vlp-link-title\">Mercato Monaco 2025-2026 : Le tableau complet des transferts, arriv\u00e9es et d\u00e9parts<\/div><div class=\"vlp-block-1 vlp-link-summary\">TRANSFERTS ASM - Retrouvez tous les mouvements de l'Association Sportive Monaco pour l'intersaison 2025 en Ligue 1. Arriv\u00e9es, d\u00e9part, pr\u00eats, transferts d\u00e9finitifs, ne ratez rien du mercato estival.\u00a0<\/div><div class=\"vlp-block-2 vlp-link-button\">Lire l'article<\/div><div class=\"vlp-block-3 vlp-link-url\">dicodusport.fr<\/div><\/div><\/div>\n","protected":false},"excerpt":{"rendered":"<p>TRANSFERTS &#8211; Grand espoir du football belge, le jeune attaquant du FC S\u00e9ville Stanis Idumbo va s&rsquo;engager prochainement avec l&rsquo;AS Monaco.<\/p>\n","protected":false},"author":55,"featured_media":606147,"comment_status":"open","ping_status":"closed","sticky":false,"template":"","format":"standard","meta":{"_acf_changed":false,"_daextam_enable_autolinks":"1","footnotes":""},"categories":[47045],"tags":[16878,1678,2832],"class_list":["post-606146","post","type-post","status-publish","format-standard","has-post-thumbnail","hentry","category-ligue-1","tag-breve","tag-monaco","tag-transferts"],"acf":[],"yoast_head":"<!-- This site is optimized with the Yoast SEO Premium plugin v26.7 (Yoast SEO v26.7) - https:\/\/yoast.com\/wordpress\/plugins\/seo\/ -->\n<title>Transferts : Monaco finalise l&#039;arriv\u00e9e de Stanis Idumbo<\/title>\n<meta name=\"description\" content=\"TRANSFERTS - Grand espoir du football belge, le jeune attaquant du FC S\u00e9ville Stanis Idumbo va s&#039;engager prochainement avec l&#039;AS Monaco.\" \/>\n<meta name=\"robots\" content=\"index, follow, max-snippet:-1, max-image-preview:large, max-video-preview:-1\" \/>\n<link rel=\"canonical\" href=\"https:\/\/dicodusport.fr\/blog\/transferts-monaco-finalise-larrivee-de-stanis-idumbo\/\" \/>\n<meta property=\"og:locale\" content=\"fr_FR\" \/>\n<meta property=\"og:type\" content=\"article\" \/>\n<meta property=\"og:title\" content=\"Transferts : Monaco finalise l&#039;arriv\u00e9e de Stanis Idumbo\" \/>\n<meta property=\"og:description\" content=\"TRANSFERTS - Grand espoir du football belge, le jeune attaquant du FC S\u00e9ville Stanis Idumbo va s&#039;engager prochainement avec l&#039;AS Monaco.\" \/>\n<meta property=\"og:url\" content=\"https:\/\/dicodusport.fr\/blog\/transferts-monaco-finalise-larrivee-de-stanis-idumbo\/\" \/>\n<meta property=\"og:site_name\" content=\"Dicodusport\" \/>\n<meta property=\"article:publisher\" content=\"https:\/\/www.facebook.com\/dicodusport\" \/>\n<meta property=\"article:published_time\" content=\"2025-08-28T12:05:46+00:00\" \/>\n<meta property=\"article:modified_time\" content=\"2025-09-05T12:17:59+00:00\" \/>\n<meta property=\"og:image\" content=\"https:\/\/dicodusport.fr\/blog\/wp-content\/uploads\/2025\/08\/Transferts-Monaco-finalise-larrivee-de-Stanis-Idumbo.png\" \/>\n\t<meta property=\"og:image:width\" content=\"1200\" \/>\n\t<meta property=\"og:image:height\" content=\"674\" \/>\n\t<meta property=\"og:image:type\" content=\"image\/png\" \/>\n<meta name=\"author\" content=\"Maxime Cazenave\" \/>\n<meta name=\"twitter:card\" content=\"summary_large_image\" \/>\n<meta name=\"twitter:title\" content=\"Transferts : Monaco finalise l&#039;arriv\u00e9e de Stanis Idumbo\" \/>\n<meta name=\"twitter:creator\" content=\"@https:\/\/twitter.com\/Maxime_Caze\" \/>\n<meta name=\"twitter:site\" content=\"@dicodusport\" \/>\n<script type=\"application\/ld+json\" class=\"yoast-schema-graph\">{\"@context\":\"https:\/\/schema.org\",\"@graph\":[{\"@type\":\"NewsArticle\",\"@id\":\"https:\/\/dicodusport.fr\/blog\/transferts-monaco-finalise-larrivee-de-stanis-idumbo\/#article\",\"isPartOf\":{\"@id\":\"https:\/\/dicodusport.fr\/blog\/transferts-monaco-finalise-larrivee-de-stanis-idumbo\/\"},\"author\":{\"name\":\"Maxime Cazenave\",\"@id\":\"https:\/\/dicodusport.fr\/blog\/#\/schema\/person\/37def232098a7a5cbab3974a3690abb0\"},\"headline\":\"Transferts : Monaco finalise l&rsquo;arriv\u00e9e de Stanis Idumbo\",\"datePublished\":\"2025-08-28T12:05:46+00:00\",\"dateModified\":\"2025-09-05T12:17:59+00:00\",\"mainEntityOfPage\":{\"@id\":\"https:\/\/dicodusport.fr\/blog\/transferts-monaco-finalise-larrivee-de-stanis-idumbo\/\"},\"wordCount\":517,\"commentCount\":0,\"publisher\":{\"@id\":\"https:\/\/dicodusport.fr\/blog\/#organization\"},\"image\":{\"@id\":\"https:\/\/dicodusport.fr\/blog\/transferts-monaco-finalise-larrivee-de-stanis-idumbo\/#primaryimage\"},\"thumbnailUrl\":\"https:\/\/dicodusport.fr\/blog\/wp-content\/uploads\/2025\/08\/Transferts-Monaco-finalise-larrivee-de-Stanis-Idumbo.png\",\"keywords\":[\"br\u00e8ve\",\"Monaco\",\"transferts\"],\"articleSection\":[\"Ligue 1\"],\"inLanguage\":\"fr-FR\",\"potentialAction\":[{\"@type\":\"CommentAction\",\"name\":\"Comment\",\"target\":[\"https:\/\/dicodusport.fr\/blog\/transferts-monaco-finalise-larrivee-de-stanis-idumbo\/#respond\"]}],\"copyrightYear\":\"2025\",\"copyrightHolder\":{\"@id\":\"https:\/\/dicodusport.fr\/blog\/#organization\"}},{\"@type\":\"WebPage\",\"@id\":\"https:\/\/dicodusport.fr\/blog\/transferts-monaco-finalise-larrivee-de-stanis-idumbo\/\",\"url\":\"https:\/\/dicodusport.fr\/blog\/transferts-monaco-finalise-larrivee-de-stanis-idumbo\/\",\"name\":\"Transferts : Monaco finalise l'arriv\u00e9e de Stanis Idumbo\",\"isPartOf\":{\"@id\":\"https:\/\/dicodusport.fr\/blog\/#website\"},\"primaryImageOfPage\":{\"@id\":\"https:\/\/dicodusport.fr\/blog\/transferts-monaco-finalise-larrivee-de-stanis-idumbo\/#primaryimage\"},\"image\":{\"@id\":\"https:\/\/dicodusport.fr\/blog\/transferts-monaco-finalise-larrivee-de-stanis-idumbo\/#primaryimage\"},\"thumbnailUrl\":\"https:\/\/dicodusport.fr\/blog\/wp-content\/uploads\/2025\/08\/Transferts-Monaco-finalise-larrivee-de-Stanis-Idumbo.png\",\"datePublished\":\"2025-08-28T12:05:46+00:00\",\"dateModified\":\"2025-09-05T12:17:59+00:00\",\"description\":\"TRANSFERTS - Grand espoir du football belge, le jeune attaquant du FC S\u00e9ville Stanis Idumbo va s'engager prochainement avec l'AS Monaco.\",\"breadcrumb\":{\"@id\":\"https:\/\/dicodusport.fr\/blog\/transferts-monaco-finalise-larrivee-de-stanis-idumbo\/#breadcrumb\"},\"inLanguage\":\"fr-FR\",\"potentialAction\":[{\"@type\":\"ReadAction\",\"target\":[\"https:\/\/dicodusport.fr\/blog\/transferts-monaco-finalise-larrivee-de-stanis-idumbo\/\"]}]},{\"@type\":\"ImageObject\",\"inLanguage\":\"fr-FR\",\"@id\":\"https:\/\/dicodusport.fr\/blog\/transferts-monaco-finalise-larrivee-de-stanis-idumbo\/#primaryimage\",\"url\":\"https:\/\/dicodusport.fr\/blog\/wp-content\/uploads\/2025\/08\/Transferts-Monaco-finalise-larrivee-de-Stanis-Idumbo.png\",\"contentUrl\":\"https:\/\/dicodusport.fr\/blog\/wp-content\/uploads\/2025\/08\/Transferts-Monaco-finalise-larrivee-de-Stanis-Idumbo.png\",\"width\":1200,\"height\":674,\"caption\":\"Transferts : Monaco finalise l'arriv\u00e9e de Stanis Idumbo\"},{\"@type\":\"BreadcrumbList\",\"@id\":\"https:\/\/dicodusport.fr\/blog\/transferts-monaco-finalise-larrivee-de-stanis-idumbo\/#breadcrumb\",\"itemListElement\":[{\"@type\":\"ListItem\",\"position\":1,\"name\":\"Accueil\",\"item\":\"https:\/\/dicodusport.fr\/blog\/\"},{\"@type\":\"ListItem\",\"position\":2,\"name\":\"Transferts : Monaco finalise l&rsquo;arriv\u00e9e de Stanis Idumbo\"}]},{\"@type\":\"WebSite\",\"@id\":\"https:\/\/dicodusport.fr\/blog\/#website\",\"url\":\"https:\/\/dicodusport.fr\/blog\/\",\"name\":\"Dicodusport\",\"description\":\"L&#039;encyclop\u00e9die de l&#039;actualit\u00e9 sportive\",\"publisher\":{\"@id\":\"https:\/\/dicodusport.fr\/blog\/#organization\"},\"potentialAction\":[{\"@type\":\"SearchAction\",\"target\":{\"@type\":\"EntryPoint\",\"urlTemplate\":\"https:\/\/dicodusport.fr\/blog\/?s={search_term_string}\"},\"query-input\":{\"@type\":\"PropertyValueSpecification\",\"valueRequired\":true,\"valueName\":\"search_term_string\"}}],\"inLanguage\":\"fr-FR\"},{\"@type\":\"NewsMediaOrganization\",\"@id\":\"https:\/\/dicodusport.fr\/blog\/#organization\",\"name\":\"Dicodusport\",\"url\":\"https:\/\/dicodusport.fr\/blog\/\",\"logo\":{\"@type\":\"ImageObject\",\"inLanguage\":\"fr-FR\",\"@id\":\"https:\/\/dicodusport.fr\/blog\/#\/schema\/logo\/image\/\",\"url\":\"https:\/\/dicodusport.fr\/blog\/wp-content\/uploads\/2020\/06\/cropped-LOGO-DICODUSPORT-2020-SANS-FOND-SANS-TEXTE.png\",\"contentUrl\":\"https:\/\/dicodusport.fr\/blog\/wp-content\/uploads\/2020\/06\/cropped-LOGO-DICODUSPORT-2020-SANS-FOND-SANS-TEXTE.png\",\"width\":512,\"height\":512,\"caption\":\"Dicodusport\"},\"image\":{\"@id\":\"https:\/\/dicodusport.fr\/blog\/#\/schema\/logo\/image\/\"},\"sameAs\":[\"https:\/\/www.facebook.com\/dicodusport\",\"https:\/\/x.com\/dicodusport\",\"https:\/\/www.instagram.com\/dicodusport\/\",\"https:\/\/www.youtube.com\/channel\/UC7V2KZ5sd3htJivAbA4ZG3w\"],\"description\":\"Dicodusport est l'encyclop\u00e9die de l'actualit\u00e9 sportive.\",\"email\":\"bonjour@dicodusport.fr\",\"legalName\":\"DICODUSPORT\",\"foundingDate\":\"2018-01-14\",\"vatID\":\"FR71834470973\",\"taxID\":\"83447097300043\",\"numberOfEmployees\":{\"@type\":\"QuantitativeValue\",\"minValue\":\"1\",\"maxValue\":\"10\"}},{\"@type\":\"Person\",\"@id\":\"https:\/\/dicodusport.fr\/blog\/#\/schema\/person\/37def232098a7a5cbab3974a3690abb0\",\"name\":\"Maxime Cazenave\",\"image\":{\"@type\":\"ImageObject\",\"inLanguage\":\"fr-FR\",\"@id\":\"https:\/\/dicodusport.fr\/blog\/#\/schema\/person\/image\/\",\"url\":\"https:\/\/dicodusport.fr\/blog\/wp-content\/uploads\/2021\/05\/Maxime-Cazenave-150x150.jpg\",\"contentUrl\":\"https:\/\/dicodusport.fr\/blog\/wp-content\/uploads\/2021\/05\/Maxime-Cazenave-150x150.jpg\",\"caption\":\"Maxime Cazenave\"},\"description\":\"Journaliste\/R\u00e9dacteur depuis 2012 - Berc\u00e9 par l\u2019amour des Girondins de Bordeaux, les \u00e9checs de Christophe Moreau sur le Tour de France sous l'\u00e8re Lance Armstrong et le fade-away l\u00e9tal de Dirk Nowitzki, ma passion d\u00e9vorante pour le sport a toujours \u00e9t\u00e9 un pan incontournable de ma vie. Transmettre ma passion \u00e0 l\u2019\u00e9crit a \u00e9t\u00e9 une transition naturelle. Suiveur assidu de basket et de hockey sur glace, je garde toujours un peu de place pour suivre le cyclisme, le football et le maximum de performances fran\u00e7aises.\",\"sameAs\":[\"https:\/\/x.com\/https:\/\/twitter.com\/Maxime_Caze\"],\"url\":\"https:\/\/dicodusport.fr\/blog\/author\/maximec\/\"}]}<\/script>\n<!-- \/ Yoast SEO Premium plugin. -->","yoast_head_json":{"title":"Transferts : Monaco finalise l'arriv\u00e9e de Stanis Idumbo","description":"TRANSFERTS - Grand espoir du football belge, le jeune attaquant du FC S\u00e9ville Stanis Idumbo va s'engager prochainement avec l'AS Monaco.","robots":{"index":"index","follow":"follow","max-snippet":"max-snippet:-1","max-image-preview":"max-image-preview:large","max-video-preview":"max-video-preview:-1"},"canonical":"https:\/\/dicodusport.fr\/blog\/transferts-monaco-finalise-larrivee-de-stanis-idumbo\/","og_locale":"fr_FR","og_type":"article","og_title":"Transferts : Monaco finalise l'arriv\u00e9e de Stanis Idumbo","og_description":"TRANSFERTS - Grand espoir du football belge, le jeune attaquant du FC S\u00e9ville Stanis Idumbo va s'engager prochainement avec l'AS Monaco.","og_url":"https:\/\/dicodusport.fr\/blog\/transferts-monaco-finalise-larrivee-de-stanis-idumbo\/","og_site_name":"Dicodusport","article_publisher":"https:\/\/www.facebook.com\/dicodusport","article_published_time":"2025-08-28T12:05:46+00:00","article_modified_time":"2025-09-05T12:17:59+00:00","og_image":[{"width":1200,"height":674,"url":"https:\/\/dicodusport.fr\/blog\/wp-content\/uploads\/2025\/08\/Transferts-Monaco-finalise-larrivee-de-Stanis-Idumbo.png","type":"image\/png"}],"author":"Maxime Cazenave","twitter_card":"summary_large_image","twitter_title":"Transferts : Monaco finalise l'arriv\u00e9e de Stanis Idumbo","twitter_creator":"@https:\/\/twitter.com\/Maxime_Caze","twitter_site":"@dicodusport","schema":{"@context":"https:\/\/schema.org","@graph":[{"@type":"NewsArticle","@id":"https:\/\/dicodusport.fr\/blog\/transferts-monaco-finalise-larrivee-de-stanis-idumbo\/#article","isPartOf":{"@id":"https:\/\/dicodusport.fr\/blog\/transferts-monaco-finalise-larrivee-de-stanis-idumbo\/"},"author":{"name":"Maxime Cazenave","@id":"https:\/\/dicodusport.fr\/blog\/#\/schema\/person\/37def232098a7a5cbab3974a3690abb0"},"headline":"Transferts : Monaco finalise l&rsquo;arriv\u00e9e de Stanis Idumbo","datePublished":"2025-08-28T12:05:46+00:00","dateModified":"2025-09-05T12:17:59+00:00","mainEntityOfPage":{"@id":"https:\/\/dicodusport.fr\/blog\/transferts-monaco-finalise-larrivee-de-stanis-idumbo\/"},"wordCount":517,"commentCount":0,"publisher":{"@id":"https:\/\/dicodusport.fr\/blog\/#organization"},"image":{"@id":"https:\/\/dicodusport.fr\/blog\/transferts-monaco-finalise-larrivee-de-stanis-idumbo\/#primaryimage"},"thumbnailUrl":"https:\/\/dicodusport.fr\/blog\/wp-content\/uploads\/2025\/08\/Transferts-Monaco-finalise-larrivee-de-Stanis-Idumbo.png","keywords":["br\u00e8ve","Monaco","transferts"],"articleSection":["Ligue 1"],"inLanguage":"fr-FR","potentialAction":[{"@type":"CommentAction","name":"Comment","target":["https:\/\/dicodusport.fr\/blog\/transferts-monaco-finalise-larrivee-de-stanis-idumbo\/#respond"]}],"copyrightYear":"2025","copyrightHolder":{"@id":"https:\/\/dicodusport.fr\/blog\/#organization"}},{"@type":"WebPage","@id":"https:\/\/dicodusport.fr\/blog\/transferts-monaco-finalise-larrivee-de-stanis-idumbo\/","url":"https:\/\/dicodusport.fr\/blog\/transferts-monaco-finalise-larrivee-de-stanis-idumbo\/","name":"Transferts : Monaco finalise l'arriv\u00e9e de Stanis Idumbo","isPartOf":{"@id":"https:\/\/dicodusport.fr\/blog\/#website"},"primaryImageOfPage":{"@id":"https:\/\/dicodusport.fr\/blog\/transferts-monaco-finalise-larrivee-de-stanis-idumbo\/#primaryimage"},"image":{"@id":"https:\/\/dicodusport.fr\/blog\/transferts-monaco-finalise-larrivee-de-stanis-idumbo\/#primaryimage"},"thumbnailUrl":"https:\/\/dicodusport.fr\/blog\/wp-content\/uploads\/2025\/08\/Transferts-Monaco-finalise-larrivee-de-Stanis-Idumbo.png","datePublished":"2025-08-28T12:05:46+00:00","dateModified":"2025-09-05T12:17:59+00:00","description":"TRANSFERTS - Grand espoir du football belge, le jeune attaquant du FC S\u00e9ville Stanis Idumbo va s'engager prochainement avec l'AS Monaco.","breadcrumb":{"@id":"https:\/\/dicodusport.fr\/blog\/transferts-monaco-finalise-larrivee-de-stanis-idumbo\/#breadcrumb"},"inLanguage":"fr-FR","potentialAction":[{"@type":"ReadAction","target":["https:\/\/dicodusport.fr\/blog\/transferts-monaco-finalise-larrivee-de-stanis-idumbo\/"]}]},{"@type":"ImageObject","inLanguage":"fr-FR","@id":"https:\/\/dicodusport.fr\/blog\/transferts-monaco-finalise-larrivee-de-stanis-idumbo\/#primaryimage","url":"https:\/\/dicodusport.fr\/blog\/wp-content\/uploads\/2025\/08\/Transferts-Monaco-finalise-larrivee-de-Stanis-Idumbo.png","contentUrl":"https:\/\/dicodusport.fr\/blog\/wp-content\/uploads\/2025\/08\/Transferts-Monaco-finalise-larrivee-de-Stanis-Idumbo.png","width":1200,"height":674,"caption":"Transferts : Monaco finalise l'arriv\u00e9e de Stanis Idumbo"},{"@type":"BreadcrumbList","@id":"https:\/\/dicodusport.fr\/blog\/transferts-monaco-finalise-larrivee-de-stanis-idumbo\/#breadcrumb","itemListElement":[{"@type":"ListItem","position":1,"name":"Accueil","item":"https:\/\/dicodusport.fr\/blog\/"},{"@type":"ListItem","position":2,"name":"Transferts : Monaco finalise l&rsquo;arriv\u00e9e de Stanis Idumbo"}]},{"@type":"WebSite","@id":"https:\/\/dicodusport.fr\/blog\/#website","url":"https:\/\/dicodusport.fr\/blog\/","name":"Dicodusport","description":"L&#039;encyclop\u00e9die de l&#039;actualit\u00e9 sportive","publisher":{"@id":"https:\/\/dicodusport.fr\/blog\/#organization"},"potentialAction":[{"@type":"SearchAction","target":{"@type":"EntryPoint","urlTemplate":"https:\/\/dicodusport.fr\/blog\/?s={search_term_string}"},"query-input":{"@type":"PropertyValueSpecification","valueRequired":true,"valueName":"search_term_string"}}],"inLanguage":"fr-FR"},{"@type":"NewsMediaOrganization","@id":"https:\/\/dicodusport.fr\/blog\/#organization","name":"Dicodusport","url":"https:\/\/dicodusport.fr\/blog\/","logo":{"@type":"ImageObject","inLanguage":"fr-FR","@id":"https:\/\/dicodusport.fr\/blog\/#\/schema\/logo\/image\/","url":"https:\/\/dicodusport.fr\/blog\/wp-content\/uploads\/2020\/06\/cropped-LOGO-DICODUSPORT-2020-SANS-FOND-SANS-TEXTE.png","contentUrl":"https:\/\/dicodusport.fr\/blog\/wp-content\/uploads\/2020\/06\/cropped-LOGO-DICODUSPORT-2020-SANS-FOND-SANS-TEXTE.png","width":512,"height":512,"caption":"Dicodusport"},"image":{"@id":"https:\/\/dicodusport.fr\/blog\/#\/schema\/logo\/image\/"},"sameAs":["https:\/\/www.facebook.com\/dicodusport","https:\/\/x.com\/dicodusport","https:\/\/www.instagram.com\/dicodusport\/","https:\/\/www.youtube.com\/channel\/UC7V2KZ5sd3htJivAbA4ZG3w"],"description":"Dicodusport est l'encyclop\u00e9die de l'actualit\u00e9 sportive.","email":"bonjour@dicodusport.fr","legalName":"DICODUSPORT","foundingDate":"2018-01-14","vatID":"FR71834470973","taxID":"83447097300043","numberOfEmployees":{"@type":"QuantitativeValue","minValue":"1","maxValue":"10"}},{"@type":"Person","@id":"https:\/\/dicodusport.fr\/blog\/#\/schema\/person\/37def232098a7a5cbab3974a3690abb0","name":"Maxime Cazenave","image":{"@type":"ImageObject","inLanguage":"fr-FR","@id":"https:\/\/dicodusport.fr\/blog\/#\/schema\/person\/image\/","url":"https:\/\/dicodusport.fr\/blog\/wp-content\/uploads\/2021\/05\/Maxime-Cazenave-150x150.jpg","contentUrl":"https:\/\/dicodusport.fr\/blog\/wp-content\/uploads\/2021\/05\/Maxime-Cazenave-150x150.jpg","caption":"Maxime Cazenave"},"description":"Journaliste\/R\u00e9dacteur depuis 2012 - Berc\u00e9 par l\u2019amour des Girondins de Bordeaux, les \u00e9checs de Christophe Moreau sur le Tour de France sous l'\u00e8re Lance Armstrong et le fade-away l\u00e9tal de Dirk Nowitzki, ma passion d\u00e9vorante pour le sport a toujours \u00e9t\u00e9 un pan incontournable de ma vie. Transmettre ma passion \u00e0 l\u2019\u00e9crit a \u00e9t\u00e9 une transition naturelle. Suiveur assidu de basket et de hockey sur glace, je garde toujours un peu de place pour suivre le cyclisme, le football et le maximum de performances fran\u00e7aises.","sameAs":["https:\/\/x.com\/https:\/\/twitter.com\/Maxime_Caze"],"url":"https:\/\/dicodusport.fr\/blog\/author\/maximec\/"}]}},"_links":{"self":[{"href":"https:\/\/dicodusport.fr\/blog\/wp-json\/wp\/v2\/posts\/606146","targetHints":{"allow":["GET"]}}],"collection":[{"href":"https:\/\/dicodusport.fr\/blog\/wp-json\/wp\/v2\/posts"}],"about":[{"href":"https:\/\/dicodusport.fr\/blog\/wp-json\/wp\/v2\/types\/post"}],"author":[{"embeddable":true,"href":"https:\/\/dicodusport.fr\/blog\/wp-json\/wp\/v2\/users\/55"}],"replies":[{"embeddable":true,"href":"https:\/\/dicodusport.fr\/blog\/wp-json\/wp\/v2\/comments?post=606146"}],"version-history":[{"count":3,"href":"https:\/\/dicodusport.fr\/blog\/wp-json\/wp\/v2\/posts\/606146\/revisions"}],"predecessor-version":[{"id":606165,"href":"https:\/\/dicodusport.fr\/blog\/wp-json\/wp\/v2\/posts\/606146\/revisions\/606165"}],"wp:featuredmedia":[{"embeddable":true,"href":"https:\/\/dicodusport.fr\/blog\/wp-json\/wp\/v2\/media\/606147"}],"wp:attachment":[{"href":"https:\/\/dicodusport.fr\/blog\/wp-json\/wp\/v2\/media?parent=606146"}],"wp:term":[{"taxonomy":"category","embeddable":true,"href":"https:\/\/dicodusport.fr\/blog\/wp-json\/wp\/v2\/categories?post=606146"},{"taxonomy":"post_tag","embeddable":true,"href":"https:\/\/dicodusport.fr\/blog\/wp-json\/wp\/v2\/tags?post=606146"}],"curies":[{"name":"wp","href":"https:\/\/api.w.org\/{rel}","templated":true}]}}