{"id":606319,"date":"2025-08-28T22:01:17","date_gmt":"2025-08-28T20:01:17","guid":{"rendered":"https:\/\/dicodusport.fr\/blog\/?p=606319&#038;preview=true&#038;preview_id=606319"},"modified":"2025-08-28T22:01:17","modified_gmt":"2025-08-28T20:01:17","slug":"ligue-conference-2025-2026-strasbourg-fait-plier-brondby-et-sassure-un-automne-europeen","status":"publish","type":"post","link":"https:\/\/dicodusport.fr\/blog\/ligue-conference-2025-2026-strasbourg-fait-plier-brondby-et-sassure-un-automne-europeen\/","title":{"rendered":"Ligue Conf\u00e9rence 2025-2026 : Strasbourg fait plier Br\u00f8ndby et s&rsquo;assure un automne europ\u00e9en"},"content":{"rendered":"<p style=\"text-align: justify;\"><strong><em>LIGUE CONF\u00c9RENCE 2025-2026 &#8211; Ce jeudi, Strasbourg a d\u00e9croch\u00e9 sa place pour la phase de ligue de la Ligue Conf\u00e9rence en s&rsquo;imposant sur la pelouse de Br\u00f8ndby lors du barrage retour, 3-2. Vingt apr\u00e8s sa derni\u00e8re apparition en Coupe UEFA, le Racing s&rsquo;appr\u00eate \u00e0 retrouver le bonheur des soir\u00e9es europ\u00e9ennes un soir d&rsquo;automne.<\/em><\/strong><\/p>\n<p style=\"text-align: justify;\"><strong>Strasbourg<\/strong> faisait face \u00e0 son destin europ\u00e9en ce jeudi soir. Une semaine apr\u00e8s avoir <a href=\"https:\/\/dicodusport.fr\/blog\/ligue-europa-conference-2025-2026-strasbourg-tenu-en-echec-par-brondby-pour-son-retour-en-europe\/\">conc\u00e9d\u00e9 le match nul (0-0) face \u00e0 <strong>Br\u00f8ndby<\/strong><\/a>, les Alsaciens devaient aller chercher leur qualification en phase de ligue de la <strong>Ligue Conf\u00e9rence<\/strong> sur la pelouse danoise. Afin d&rsquo;\u00e9viter de revivre la m\u00eame d\u00e9sillusion qu&rsquo;en ao\u00fbt 2019, o\u00f9 Francfort leur avait barr\u00e9 la route de la phase de poules de Ligue Europa.<\/p>\n<h2>R\u00e9aliste \u00e0 souhait, Strasbourg l\u00e2che du lest avant la pause<\/h2>\n<p style=\"text-align: justify;\">Pour l&rsquo;occasion, <strong>Liam Rosenior<\/strong> avait effectu\u00e9 quatre changements par rapport au onze align\u00e9 la semaine derni\u00e8re. Encore une fois, les Strasbourgeois ont pos\u00e9 le pied sur le ballon, mais ce sont bien les Danois qui ont \u00e9t\u00e9 les plus percutants en apportant \u00e0 plusieurs reprises du danger dans la surface. L&rsquo;ancien de l&rsquo;ETG <strong>Daniel Wass<\/strong> a m\u00eame \u00e9t\u00e9 \u00e0 deux doigts d&rsquo;ouvrir la marque dans le premier quart d&rsquo;heure en \u00e9tant \u00e0 la retomb\u00e9e d&rsquo;une longue touche. N\u00e9anmoins, c&rsquo;est dans cette configuration que les Tricolores ont d\u00e9bloqu\u00e9 la situation. Repositionn\u00e9 au c\u0153ur du jeu, <strong>Ezequiel Barco<\/strong> a envoy\u00e9 en profondeur la fus\u00e9e <strong>Emanuel Emegha<\/strong>, qui a laiss\u00e9 sur place son vis-\u00e0-vis, avant de piquer son ballon pour tromper <strong>Patrick Pentz<\/strong> (1-0, 16\u00e8me).<\/p>\n<p style=\"text-align: justify;\">Ce but rapide est alors bienvenu tant le Racing a pein\u00e9 \u00e0 se montrer tranchant dans les 30 derniers m\u00e8tres adverses. Pouss\u00e9s par leur public, les Danois se sont eux montr\u00e9s plus dangereux en trouvant des espaces sur les ailes. Toutefois, la charni\u00e8re centrale Sarr-Hogsberg s&rsquo;est montr\u00e9e intraitable pour repousser le danger. Puis, comme dans un r\u00eave, une frappe rasante d&rsquo;<strong>Isma\u00ebl Doukour\u00e9<\/strong> aux abords de la surface a tromp\u00e9 un Pentz loin d&rsquo;\u00eatre irr\u00e9prochable (2-0, 41\u00e8me). Le break est fait, et il aura suffit de deux tirs pour cela ! H\u00e9las, dans la foul\u00e9e, la d\u00e9fense s&rsquo;est rel\u00e2ch\u00e9e, et a \u00e9t\u00e9 surprise par <strong>Daniel Wass<\/strong> sur une phase arr\u00eat\u00e9e (2-1, 45\u00e8me).<\/p>\n<blockquote class=\"twitter-tweet\">\n<p dir=\"ltr\" lang=\"fr\">\u26bd EMEGHA OUVRE LE SCORE POUR STRASBOURG !!! Joli piqu\u00e9 ! <a href=\"https:\/\/t.co\/kuF3SHtCX2\">pic.twitter.com\/kuF3SHtCX2<\/a><\/p>\n<p>\u2014 RMC Sport (@RMCsport) <a href=\"https:\/\/twitter.com\/RMCsport\/status\/1961131951957344592?ref_src=twsrc%5Etfw\">August 28, 2025<\/a><\/p><\/blockquote>\n<p><script async src=\"https:\/\/platform.twitter.com\/widgets.js\" charset=\"utf-8\"><\/script><\/p>\n<h2>Emanuel Emegha montre la voie avec un doubl\u00e9<\/h2>\n<p style=\"text-align: justify;\">Frustr\u00e9s d&rsquo;avoir conc\u00e9d\u00e9 ce but tardif, les Strasbourgeois ont red\u00e9marr\u00e9 tambour battant le deuxi\u00e8me acte. \u00c0 plusieurs reprises, la d\u00e9fense danoise a \u00e9t\u00e9 prise dans son dos. <strong>Diego Moreira<\/strong> a m\u00eame eu le troisi\u00e8me but au bout du pied, mais sa frappe a fui le cadre. En ma\u00eetrise, les Alsaciens ne sont pas r\u00e9ellement bouscul\u00e9s, \u00e0 l&rsquo;exception toujours de ces phases arr\u00eat\u00e9es o\u00f9 la taille danoise fait parcourir constamment un frisson. Toutefois, les attaquants strasbourgeois n&rsquo;avaient pas besoin d&rsquo;avoir beaucoup de cartouches ce soir. Sur un contre rondement men\u00e9 par un <strong>Diego Moreira <\/strong>intenable, <strong>Emanuel Emegha<\/strong> s&rsquo;est offert le doubl\u00e9 en battant \u00e0 nouveau un Pentz f\u00e9brile (3-1, 65\u00e8me).<\/p>\n<p style=\"text-align: justify;\">Cette fois, les hommes de Liam Rosenior n&rsquo;ont pas baiss\u00e9 la garde dans la foul\u00e9e pour pr\u00e9server ce break d&rsquo;avance. Face \u00e0 des Danois d\u00e9sormais contraints de s&rsquo;exposer, la jeune \u00e9quipe strasbourgeoise va continuer \u00e0 repousser les assauts adverses, m\u00eame si une lourde frappe de <strong>Nicolai Vallys<\/strong> a ras\u00e9 la transversale de Penders au moment d&rsquo;entrer dans le dernier quart d&rsquo;heure. Des espaces s&rsquo;\u00e9tant ouverts, le Racing a \u00e9galement eu l&rsquo;occasion de tuer le match \u00e0 l&rsquo;image d&rsquo;une tentative non cadr\u00e9e de <strong>Joaquin Panichelli<\/strong>. Encore servi par l&rsquo;inusable Moreira. Une occasion qui va \u00eatre regrett\u00e9e puisqu&rsquo;un coup franc indirect a men\u00e9 \u00e0 la r\u00e9duction du score sur un boulet de canon envoy\u00e9 \u00e0 bout portant par <strong>Michael Gregoritsch<\/strong> (2-3, 85\u00e8me).<\/p>\n<p>Jusqu&rsquo;au bout, le Racing a trembl\u00e9, mais jusqu&rsquo;au bout le Racing a tenu bon. Avec un<strong> Dilane Bakwa<\/strong> insaisissable pour gagner de pr\u00e9cieuses secondes, et un bloc d\u00e9fensif solidaire, <strong>Strasbourg<\/strong> a pr\u00e9serv\u00e9 le score pour s&rsquo;imposer <strong>3-2<\/strong>. Une victoire synonyme de qualification en phase de ligue, et d&rsquo;un bel automne europ\u00e9en \u00e0 venir \u00e0 la Meinau.<\/p>\n<blockquote class=\"twitter-tweet\">\n<p dir=\"ltr\" lang=\"fr\">\u26a1 EMEGHA REMET DEUX BUTS D&rsquo;AVANCE POUR STRASBOURG sur ce contre \u00e9clair ! Vingt minutes \u00e0 tenir pour les Fran\u00e7ais et se qualifier en Conf\u00e9rence League \u25ba <a href=\"https:\/\/t.co\/GEsKYLZey2\">https:\/\/t.co\/GEsKYLZey2<\/a> <a href=\"https:\/\/t.co\/XnwNPf2oPG\">pic.twitter.com\/XnwNPf2oPG<\/a><\/p>\n<p>\u2014 RMC Sport (@RMCsport) <a href=\"https:\/\/twitter.com\/RMCsport\/status\/1961150666371469597?ref_src=twsrc%5Etfw\">August 28, 2025<\/a><\/p><\/blockquote>\n<p><script async src=\"https:\/\/platform.twitter.com\/widgets.js\" charset=\"utf-8\"><\/script><\/p>\n","protected":false},"excerpt":{"rendered":"<p>LIGUE CONF\u00c9RENCE 2025-2026 &#8211; Ce jeudi, Strasbourg a d\u00e9croch\u00e9 sa place pour la phase de ligue de la Ligue Conf\u00e9rence en s&rsquo;imposant sur la pelouse de Br\u00f8ndby lors du barrage retour, 3-2. Vingt apr\u00e8s sa derni\u00e8re apparition en Coupe UEFA, le Racing s&rsquo;appr\u00eate \u00e0 retrouver le bonheur des soir\u00e9es europ\u00e9ennes un soir d&rsquo;automne. Strasbourg faisait [&hellip;]<\/p>\n","protected":false},"author":55,"featured_media":606368,"comment_status":"open","ping_status":"closed","sticky":false,"template":"","format":"standard","meta":{"_acf_changed":false,"_daextam_enable_autolinks":"1","footnotes":""},"categories":[2301],"tags":[16878,47217,19580,24,1619],"class_list":["post-606319","post","type-post","status-publish","format-standard","has-post-thumbnail","hentry","category-football","tag-breve","tag-brondby","tag-ligue-europa-conference","tag-sport","tag-strasbourg"],"acf":[],"yoast_head":"<!-- This site is optimized with the Yoast SEO Premium plugin v26.7 (Yoast SEO v26.7) - https:\/\/yoast.com\/wordpress\/plugins\/seo\/ -->\n<title>Ligue Conf\u00e9rence 2025-2026 : Strasbourg fait plier Br\u00f8ndby et s&#039;assure un automne europ\u00e9en<\/title>\n<meta name=\"description\" content=\"LIGUE CONF\u00c9RENCE 2025-2026 - Strasbourg s&#039;est qualifi\u00e9e pour la phase de ligue en s&#039;imposant en Barrage retour \u00e0 Br\u00f8ndby, 3-2.\" \/>\n<meta name=\"robots\" content=\"index, follow, max-snippet:-1, max-image-preview:large, max-video-preview:-1\" \/>\n<link rel=\"canonical\" href=\"https:\/\/dicodusport.fr\/blog\/ligue-conference-2025-2026-strasbourg-fait-plier-brondby-et-sassure-un-automne-europeen\/\" \/>\n<meta property=\"og:locale\" content=\"fr_FR\" \/>\n<meta property=\"og:type\" content=\"article\" \/>\n<meta property=\"og:title\" content=\"Ligue Conf\u00e9rence 2025-2026 : Strasbourg fait plier Br\u00f8ndby et s&#039;assure un automne europ\u00e9en\" \/>\n<meta property=\"og:description\" content=\"LIGUE CONF\u00c9RENCE 2025-2026 - Strasbourg s&#039;est qualifi\u00e9e pour la phase de ligue en s&#039;imposant en Barrage retour \u00e0 Br\u00f8ndby, 3-2.\" \/>\n<meta property=\"og:url\" content=\"https:\/\/dicodusport.fr\/blog\/ligue-conference-2025-2026-strasbourg-fait-plier-brondby-et-sassure-un-automne-europeen\/\" \/>\n<meta property=\"og:site_name\" content=\"Dicodusport\" \/>\n<meta property=\"article:publisher\" content=\"https:\/\/www.facebook.com\/dicodusport\" \/>\n<meta property=\"article:published_time\" content=\"2025-08-28T20:01:17+00:00\" \/>\n<meta property=\"og:image\" content=\"https:\/\/dicodusport.fr\/blog\/wp-content\/uploads\/2025\/08\/Ligue-Conference-2025-2026-Strasbourg-fait-plier-Brondby-et-sassure-un-automne-europeen.png\" \/>\n\t<meta property=\"og:image:width\" content=\"1200\" \/>\n\t<meta property=\"og:image:height\" content=\"674\" \/>\n\t<meta property=\"og:image:type\" content=\"image\/png\" \/>\n<meta name=\"author\" content=\"Maxime Cazenave\" \/>\n<meta name=\"twitter:card\" content=\"summary_large_image\" \/>\n<meta name=\"twitter:title\" content=\"Ligue Conf\u00e9rence 2025-2026 : Strasbourg fait plier Br\u00f8ndby et s&#039;assure un automne europ\u00e9en\" \/>\n<meta name=\"twitter:creator\" content=\"@https:\/\/twitter.com\/Maxime_Caze\" \/>\n<meta name=\"twitter:site\" content=\"@dicodusport\" \/>\n<script type=\"application\/ld+json\" class=\"yoast-schema-graph\">{\"@context\":\"https:\/\/schema.org\",\"@graph\":[{\"@type\":\"NewsArticle\",\"@id\":\"https:\/\/dicodusport.fr\/blog\/ligue-conference-2025-2026-strasbourg-fait-plier-brondby-et-sassure-un-automne-europeen\/#article\",\"isPartOf\":{\"@id\":\"https:\/\/dicodusport.fr\/blog\/ligue-conference-2025-2026-strasbourg-fait-plier-brondby-et-sassure-un-automne-europeen\/\"},\"author\":{\"name\":\"Maxime Cazenave\",\"@id\":\"https:\/\/dicodusport.fr\/blog\/#\/schema\/person\/37def232098a7a5cbab3974a3690abb0\"},\"headline\":\"Ligue Conf\u00e9rence 2025-2026 : Strasbourg fait plier Br\u00f8ndby et s&rsquo;assure un automne europ\u00e9en\",\"datePublished\":\"2025-08-28T20:01:17+00:00\",\"mainEntityOfPage\":{\"@id\":\"https:\/\/dicodusport.fr\/blog\/ligue-conference-2025-2026-strasbourg-fait-plier-brondby-et-sassure-un-automne-europeen\/\"},\"wordCount\":808,\"commentCount\":0,\"publisher\":{\"@id\":\"https:\/\/dicodusport.fr\/blog\/#organization\"},\"image\":{\"@id\":\"https:\/\/dicodusport.fr\/blog\/ligue-conference-2025-2026-strasbourg-fait-plier-brondby-et-sassure-un-automne-europeen\/#primaryimage\"},\"thumbnailUrl\":\"https:\/\/dicodusport.fr\/blog\/wp-content\/uploads\/2025\/08\/Ligue-Conference-2025-2026-Strasbourg-fait-plier-Brondby-et-sassure-un-automne-europeen.png\",\"keywords\":[\"br\u00e8ve\",\"Br\u00f8ndby\",\"Ligue Europa Conf\u00e9rence\",\"sport\",\"Strasbourg\"],\"articleSection\":[\"Football\"],\"inLanguage\":\"fr-FR\",\"potentialAction\":[{\"@type\":\"CommentAction\",\"name\":\"Comment\",\"target\":[\"https:\/\/dicodusport.fr\/blog\/ligue-conference-2025-2026-strasbourg-fait-plier-brondby-et-sassure-un-automne-europeen\/#respond\"]}],\"copyrightYear\":\"2025\",\"copyrightHolder\":{\"@id\":\"https:\/\/dicodusport.fr\/blog\/#organization\"}},{\"@type\":\"WebPage\",\"@id\":\"https:\/\/dicodusport.fr\/blog\/ligue-conference-2025-2026-strasbourg-fait-plier-brondby-et-sassure-un-automne-europeen\/\",\"url\":\"https:\/\/dicodusport.fr\/blog\/ligue-conference-2025-2026-strasbourg-fait-plier-brondby-et-sassure-un-automne-europeen\/\",\"name\":\"Ligue Conf\u00e9rence 2025-2026 : Strasbourg fait plier Br\u00f8ndby et s'assure un automne europ\u00e9en\",\"isPartOf\":{\"@id\":\"https:\/\/dicodusport.fr\/blog\/#website\"},\"primaryImageOfPage\":{\"@id\":\"https:\/\/dicodusport.fr\/blog\/ligue-conference-2025-2026-strasbourg-fait-plier-brondby-et-sassure-un-automne-europeen\/#primaryimage\"},\"image\":{\"@id\":\"https:\/\/dicodusport.fr\/blog\/ligue-conference-2025-2026-strasbourg-fait-plier-brondby-et-sassure-un-automne-europeen\/#primaryimage\"},\"thumbnailUrl\":\"https:\/\/dicodusport.fr\/blog\/wp-content\/uploads\/2025\/08\/Ligue-Conference-2025-2026-Strasbourg-fait-plier-Brondby-et-sassure-un-automne-europeen.png\",\"datePublished\":\"2025-08-28T20:01:17+00:00\",\"description\":\"LIGUE CONF\u00c9RENCE 2025-2026 - Strasbourg s'est qualifi\u00e9e pour la phase de ligue en s'imposant en Barrage retour \u00e0 Br\u00f8ndby, 3-2.\",\"breadcrumb\":{\"@id\":\"https:\/\/dicodusport.fr\/blog\/ligue-conference-2025-2026-strasbourg-fait-plier-brondby-et-sassure-un-automne-europeen\/#breadcrumb\"},\"inLanguage\":\"fr-FR\",\"potentialAction\":[{\"@type\":\"ReadAction\",\"target\":[\"https:\/\/dicodusport.fr\/blog\/ligue-conference-2025-2026-strasbourg-fait-plier-brondby-et-sassure-un-automne-europeen\/\"]}]},{\"@type\":\"ImageObject\",\"inLanguage\":\"fr-FR\",\"@id\":\"https:\/\/dicodusport.fr\/blog\/ligue-conference-2025-2026-strasbourg-fait-plier-brondby-et-sassure-un-automne-europeen\/#primaryimage\",\"url\":\"https:\/\/dicodusport.fr\/blog\/wp-content\/uploads\/2025\/08\/Ligue-Conference-2025-2026-Strasbourg-fait-plier-Brondby-et-sassure-un-automne-europeen.png\",\"contentUrl\":\"https:\/\/dicodusport.fr\/blog\/wp-content\/uploads\/2025\/08\/Ligue-Conference-2025-2026-Strasbourg-fait-plier-Brondby-et-sassure-un-automne-europeen.png\",\"width\":1200,\"height\":674,\"caption\":\"Ligue Conf\u00e9rence 2025-2026 : Strasbourg fait plier Br\u00f8ndby et s'assure un automne europ\u00e9en\"},{\"@type\":\"BreadcrumbList\",\"@id\":\"https:\/\/dicodusport.fr\/blog\/ligue-conference-2025-2026-strasbourg-fait-plier-brondby-et-sassure-un-automne-europeen\/#breadcrumb\",\"itemListElement\":[{\"@type\":\"ListItem\",\"position\":1,\"name\":\"Accueil\",\"item\":\"https:\/\/dicodusport.fr\/blog\/\"},{\"@type\":\"ListItem\",\"position\":2,\"name\":\"Ligue Conf\u00e9rence 2025-2026 : Strasbourg fait plier Br\u00f8ndby et s&rsquo;assure un automne europ\u00e9en\"}]},{\"@type\":\"WebSite\",\"@id\":\"https:\/\/dicodusport.fr\/blog\/#website\",\"url\":\"https:\/\/dicodusport.fr\/blog\/\",\"name\":\"Dicodusport\",\"description\":\"L&#039;encyclop\u00e9die de l&#039;actualit\u00e9 sportive\",\"publisher\":{\"@id\":\"https:\/\/dicodusport.fr\/blog\/#organization\"},\"potentialAction\":[{\"@type\":\"SearchAction\",\"target\":{\"@type\":\"EntryPoint\",\"urlTemplate\":\"https:\/\/dicodusport.fr\/blog\/?s={search_term_string}\"},\"query-input\":{\"@type\":\"PropertyValueSpecification\",\"valueRequired\":true,\"valueName\":\"search_term_string\"}}],\"inLanguage\":\"fr-FR\"},{\"@type\":\"NewsMediaOrganization\",\"@id\":\"https:\/\/dicodusport.fr\/blog\/#organization\",\"name\":\"Dicodusport\",\"url\":\"https:\/\/dicodusport.fr\/blog\/\",\"logo\":{\"@type\":\"ImageObject\",\"inLanguage\":\"fr-FR\",\"@id\":\"https:\/\/dicodusport.fr\/blog\/#\/schema\/logo\/image\/\",\"url\":\"https:\/\/dicodusport.fr\/blog\/wp-content\/uploads\/2020\/06\/cropped-LOGO-DICODUSPORT-2020-SANS-FOND-SANS-TEXTE.png\",\"contentUrl\":\"https:\/\/dicodusport.fr\/blog\/wp-content\/uploads\/2020\/06\/cropped-LOGO-DICODUSPORT-2020-SANS-FOND-SANS-TEXTE.png\",\"width\":512,\"height\":512,\"caption\":\"Dicodusport\"},\"image\":{\"@id\":\"https:\/\/dicodusport.fr\/blog\/#\/schema\/logo\/image\/\"},\"sameAs\":[\"https:\/\/www.facebook.com\/dicodusport\",\"https:\/\/x.com\/dicodusport\",\"https:\/\/www.instagram.com\/dicodusport\/\",\"https:\/\/www.youtube.com\/channel\/UC7V2KZ5sd3htJivAbA4ZG3w\"],\"description\":\"Dicodusport est l'encyclop\u00e9die de l'actualit\u00e9 sportive.\",\"email\":\"bonjour@dicodusport.fr\",\"legalName\":\"DICODUSPORT\",\"foundingDate\":\"2018-01-14\",\"vatID\":\"FR71834470973\",\"taxID\":\"83447097300043\",\"numberOfEmployees\":{\"@type\":\"QuantitativeValue\",\"minValue\":\"1\",\"maxValue\":\"10\"}},{\"@type\":\"Person\",\"@id\":\"https:\/\/dicodusport.fr\/blog\/#\/schema\/person\/37def232098a7a5cbab3974a3690abb0\",\"name\":\"Maxime Cazenave\",\"image\":{\"@type\":\"ImageObject\",\"inLanguage\":\"fr-FR\",\"@id\":\"https:\/\/dicodusport.fr\/blog\/#\/schema\/person\/image\/\",\"url\":\"https:\/\/dicodusport.fr\/blog\/wp-content\/uploads\/2021\/05\/Maxime-Cazenave-150x150.jpg\",\"contentUrl\":\"https:\/\/dicodusport.fr\/blog\/wp-content\/uploads\/2021\/05\/Maxime-Cazenave-150x150.jpg\",\"caption\":\"Maxime Cazenave\"},\"description\":\"Journaliste\/R\u00e9dacteur depuis 2012 - Berc\u00e9 par l\u2019amour des Girondins de Bordeaux, les \u00e9checs de Christophe Moreau sur le Tour de France sous l'\u00e8re Lance Armstrong et le fade-away l\u00e9tal de Dirk Nowitzki, ma passion d\u00e9vorante pour le sport a toujours \u00e9t\u00e9 un pan incontournable de ma vie. Transmettre ma passion \u00e0 l\u2019\u00e9crit a \u00e9t\u00e9 une transition naturelle. Suiveur assidu de basket et de hockey sur glace, je garde toujours un peu de place pour suivre le cyclisme, le football et le maximum de performances fran\u00e7aises.\",\"sameAs\":[\"https:\/\/x.com\/https:\/\/twitter.com\/Maxime_Caze\"],\"url\":\"https:\/\/dicodusport.fr\/blog\/author\/maximec\/\"}]}<\/script>\n<!-- \/ Yoast SEO Premium plugin. -->","yoast_head_json":{"title":"Ligue Conf\u00e9rence 2025-2026 : Strasbourg fait plier Br\u00f8ndby et s'assure un automne europ\u00e9en","description":"LIGUE CONF\u00c9RENCE 2025-2026 - Strasbourg s'est qualifi\u00e9e pour la phase de ligue en s'imposant en Barrage retour \u00e0 Br\u00f8ndby, 3-2.","robots":{"index":"index","follow":"follow","max-snippet":"max-snippet:-1","max-image-preview":"max-image-preview:large","max-video-preview":"max-video-preview:-1"},"canonical":"https:\/\/dicodusport.fr\/blog\/ligue-conference-2025-2026-strasbourg-fait-plier-brondby-et-sassure-un-automne-europeen\/","og_locale":"fr_FR","og_type":"article","og_title":"Ligue Conf\u00e9rence 2025-2026 : Strasbourg fait plier Br\u00f8ndby et s'assure un automne europ\u00e9en","og_description":"LIGUE CONF\u00c9RENCE 2025-2026 - Strasbourg s'est qualifi\u00e9e pour la phase de ligue en s'imposant en Barrage retour \u00e0 Br\u00f8ndby, 3-2.","og_url":"https:\/\/dicodusport.fr\/blog\/ligue-conference-2025-2026-strasbourg-fait-plier-brondby-et-sassure-un-automne-europeen\/","og_site_name":"Dicodusport","article_publisher":"https:\/\/www.facebook.com\/dicodusport","article_published_time":"2025-08-28T20:01:17+00:00","og_image":[{"width":1200,"height":674,"url":"https:\/\/dicodusport.fr\/blog\/wp-content\/uploads\/2025\/08\/Ligue-Conference-2025-2026-Strasbourg-fait-plier-Brondby-et-sassure-un-automne-europeen.png","type":"image\/png"}],"author":"Maxime Cazenave","twitter_card":"summary_large_image","twitter_title":"Ligue Conf\u00e9rence 2025-2026 : Strasbourg fait plier Br\u00f8ndby et s'assure un automne europ\u00e9en","twitter_creator":"@https:\/\/twitter.com\/Maxime_Caze","twitter_site":"@dicodusport","schema":{"@context":"https:\/\/schema.org","@graph":[{"@type":"NewsArticle","@id":"https:\/\/dicodusport.fr\/blog\/ligue-conference-2025-2026-strasbourg-fait-plier-brondby-et-sassure-un-automne-europeen\/#article","isPartOf":{"@id":"https:\/\/dicodusport.fr\/blog\/ligue-conference-2025-2026-strasbourg-fait-plier-brondby-et-sassure-un-automne-europeen\/"},"author":{"name":"Maxime Cazenave","@id":"https:\/\/dicodusport.fr\/blog\/#\/schema\/person\/37def232098a7a5cbab3974a3690abb0"},"headline":"Ligue Conf\u00e9rence 2025-2026 : Strasbourg fait plier Br\u00f8ndby et s&rsquo;assure un automne europ\u00e9en","datePublished":"2025-08-28T20:01:17+00:00","mainEntityOfPage":{"@id":"https:\/\/dicodusport.fr\/blog\/ligue-conference-2025-2026-strasbourg-fait-plier-brondby-et-sassure-un-automne-europeen\/"},"wordCount":808,"commentCount":0,"publisher":{"@id":"https:\/\/dicodusport.fr\/blog\/#organization"},"image":{"@id":"https:\/\/dicodusport.fr\/blog\/ligue-conference-2025-2026-strasbourg-fait-plier-brondby-et-sassure-un-automne-europeen\/#primaryimage"},"thumbnailUrl":"https:\/\/dicodusport.fr\/blog\/wp-content\/uploads\/2025\/08\/Ligue-Conference-2025-2026-Strasbourg-fait-plier-Brondby-et-sassure-un-automne-europeen.png","keywords":["br\u00e8ve","Br\u00f8ndby","Ligue Europa Conf\u00e9rence","sport","Strasbourg"],"articleSection":["Football"],"inLanguage":"fr-FR","potentialAction":[{"@type":"CommentAction","name":"Comment","target":["https:\/\/dicodusport.fr\/blog\/ligue-conference-2025-2026-strasbourg-fait-plier-brondby-et-sassure-un-automne-europeen\/#respond"]}],"copyrightYear":"2025","copyrightHolder":{"@id":"https:\/\/dicodusport.fr\/blog\/#organization"}},{"@type":"WebPage","@id":"https:\/\/dicodusport.fr\/blog\/ligue-conference-2025-2026-strasbourg-fait-plier-brondby-et-sassure-un-automne-europeen\/","url":"https:\/\/dicodusport.fr\/blog\/ligue-conference-2025-2026-strasbourg-fait-plier-brondby-et-sassure-un-automne-europeen\/","name":"Ligue Conf\u00e9rence 2025-2026 : Strasbourg fait plier Br\u00f8ndby et s'assure un automne europ\u00e9en","isPartOf":{"@id":"https:\/\/dicodusport.fr\/blog\/#website"},"primaryImageOfPage":{"@id":"https:\/\/dicodusport.fr\/blog\/ligue-conference-2025-2026-strasbourg-fait-plier-brondby-et-sassure-un-automne-europeen\/#primaryimage"},"image":{"@id":"https:\/\/dicodusport.fr\/blog\/ligue-conference-2025-2026-strasbourg-fait-plier-brondby-et-sassure-un-automne-europeen\/#primaryimage"},"thumbnailUrl":"https:\/\/dicodusport.fr\/blog\/wp-content\/uploads\/2025\/08\/Ligue-Conference-2025-2026-Strasbourg-fait-plier-Brondby-et-sassure-un-automne-europeen.png","datePublished":"2025-08-28T20:01:17+00:00","description":"LIGUE CONF\u00c9RENCE 2025-2026 - Strasbourg s'est qualifi\u00e9e pour la phase de ligue en s'imposant en Barrage retour \u00e0 Br\u00f8ndby, 3-2.","breadcrumb":{"@id":"https:\/\/dicodusport.fr\/blog\/ligue-conference-2025-2026-strasbourg-fait-plier-brondby-et-sassure-un-automne-europeen\/#breadcrumb"},"inLanguage":"fr-FR","potentialAction":[{"@type":"ReadAction","target":["https:\/\/dicodusport.fr\/blog\/ligue-conference-2025-2026-strasbourg-fait-plier-brondby-et-sassure-un-automne-europeen\/"]}]},{"@type":"ImageObject","inLanguage":"fr-FR","@id":"https:\/\/dicodusport.fr\/blog\/ligue-conference-2025-2026-strasbourg-fait-plier-brondby-et-sassure-un-automne-europeen\/#primaryimage","url":"https:\/\/dicodusport.fr\/blog\/wp-content\/uploads\/2025\/08\/Ligue-Conference-2025-2026-Strasbourg-fait-plier-Brondby-et-sassure-un-automne-europeen.png","contentUrl":"https:\/\/dicodusport.fr\/blog\/wp-content\/uploads\/2025\/08\/Ligue-Conference-2025-2026-Strasbourg-fait-plier-Brondby-et-sassure-un-automne-europeen.png","width":1200,"height":674,"caption":"Ligue Conf\u00e9rence 2025-2026 : Strasbourg fait plier Br\u00f8ndby et s'assure un automne europ\u00e9en"},{"@type":"BreadcrumbList","@id":"https:\/\/dicodusport.fr\/blog\/ligue-conference-2025-2026-strasbourg-fait-plier-brondby-et-sassure-un-automne-europeen\/#breadcrumb","itemListElement":[{"@type":"ListItem","position":1,"name":"Accueil","item":"https:\/\/dicodusport.fr\/blog\/"},{"@type":"ListItem","position":2,"name":"Ligue Conf\u00e9rence 2025-2026 : Strasbourg fait plier Br\u00f8ndby et s&rsquo;assure un automne europ\u00e9en"}]},{"@type":"WebSite","@id":"https:\/\/dicodusport.fr\/blog\/#website","url":"https:\/\/dicodusport.fr\/blog\/","name":"Dicodusport","description":"L&#039;encyclop\u00e9die de l&#039;actualit\u00e9 sportive","publisher":{"@id":"https:\/\/dicodusport.fr\/blog\/#organization"},"potentialAction":[{"@type":"SearchAction","target":{"@type":"EntryPoint","urlTemplate":"https:\/\/dicodusport.fr\/blog\/?s={search_term_string}"},"query-input":{"@type":"PropertyValueSpecification","valueRequired":true,"valueName":"search_term_string"}}],"inLanguage":"fr-FR"},{"@type":"NewsMediaOrganization","@id":"https:\/\/dicodusport.fr\/blog\/#organization","name":"Dicodusport","url":"https:\/\/dicodusport.fr\/blog\/","logo":{"@type":"ImageObject","inLanguage":"fr-FR","@id":"https:\/\/dicodusport.fr\/blog\/#\/schema\/logo\/image\/","url":"https:\/\/dicodusport.fr\/blog\/wp-content\/uploads\/2020\/06\/cropped-LOGO-DICODUSPORT-2020-SANS-FOND-SANS-TEXTE.png","contentUrl":"https:\/\/dicodusport.fr\/blog\/wp-content\/uploads\/2020\/06\/cropped-LOGO-DICODUSPORT-2020-SANS-FOND-SANS-TEXTE.png","width":512,"height":512,"caption":"Dicodusport"},"image":{"@id":"https:\/\/dicodusport.fr\/blog\/#\/schema\/logo\/image\/"},"sameAs":["https:\/\/www.facebook.com\/dicodusport","https:\/\/x.com\/dicodusport","https:\/\/www.instagram.com\/dicodusport\/","https:\/\/www.youtube.com\/channel\/UC7V2KZ5sd3htJivAbA4ZG3w"],"description":"Dicodusport est l'encyclop\u00e9die de l'actualit\u00e9 sportive.","email":"bonjour@dicodusport.fr","legalName":"DICODUSPORT","foundingDate":"2018-01-14","vatID":"FR71834470973","taxID":"83447097300043","numberOfEmployees":{"@type":"QuantitativeValue","minValue":"1","maxValue":"10"}},{"@type":"Person","@id":"https:\/\/dicodusport.fr\/blog\/#\/schema\/person\/37def232098a7a5cbab3974a3690abb0","name":"Maxime Cazenave","image":{"@type":"ImageObject","inLanguage":"fr-FR","@id":"https:\/\/dicodusport.fr\/blog\/#\/schema\/person\/image\/","url":"https:\/\/dicodusport.fr\/blog\/wp-content\/uploads\/2021\/05\/Maxime-Cazenave-150x150.jpg","contentUrl":"https:\/\/dicodusport.fr\/blog\/wp-content\/uploads\/2021\/05\/Maxime-Cazenave-150x150.jpg","caption":"Maxime Cazenave"},"description":"Journaliste\/R\u00e9dacteur depuis 2012 - Berc\u00e9 par l\u2019amour des Girondins de Bordeaux, les \u00e9checs de Christophe Moreau sur le Tour de France sous l'\u00e8re Lance Armstrong et le fade-away l\u00e9tal de Dirk Nowitzki, ma passion d\u00e9vorante pour le sport a toujours \u00e9t\u00e9 un pan incontournable de ma vie. Transmettre ma passion \u00e0 l\u2019\u00e9crit a \u00e9t\u00e9 une transition naturelle. Suiveur assidu de basket et de hockey sur glace, je garde toujours un peu de place pour suivre le cyclisme, le football et le maximum de performances fran\u00e7aises.","sameAs":["https:\/\/x.com\/https:\/\/twitter.com\/Maxime_Caze"],"url":"https:\/\/dicodusport.fr\/blog\/author\/maximec\/"}]}},"_links":{"self":[{"href":"https:\/\/dicodusport.fr\/blog\/wp-json\/wp\/v2\/posts\/606319","targetHints":{"allow":["GET"]}}],"collection":[{"href":"https:\/\/dicodusport.fr\/blog\/wp-json\/wp\/v2\/posts"}],"about":[{"href":"https:\/\/dicodusport.fr\/blog\/wp-json\/wp\/v2\/types\/post"}],"author":[{"embeddable":true,"href":"https:\/\/dicodusport.fr\/blog\/wp-json\/wp\/v2\/users\/55"}],"replies":[{"embeddable":true,"href":"https:\/\/dicodusport.fr\/blog\/wp-json\/wp\/v2\/comments?post=606319"}],"version-history":[{"count":3,"href":"https:\/\/dicodusport.fr\/blog\/wp-json\/wp\/v2\/posts\/606319\/revisions"}],"predecessor-version":[{"id":606369,"href":"https:\/\/dicodusport.fr\/blog\/wp-json\/wp\/v2\/posts\/606319\/revisions\/606369"}],"wp:featuredmedia":[{"embeddable":true,"href":"https:\/\/dicodusport.fr\/blog\/wp-json\/wp\/v2\/media\/606368"}],"wp:attachment":[{"href":"https:\/\/dicodusport.fr\/blog\/wp-json\/wp\/v2\/media?parent=606319"}],"wp:term":[{"taxonomy":"category","embeddable":true,"href":"https:\/\/dicodusport.fr\/blog\/wp-json\/wp\/v2\/categories?post=606319"},{"taxonomy":"post_tag","embeddable":true,"href":"https:\/\/dicodusport.fr\/blog\/wp-json\/wp\/v2\/tags?post=606319"}],"curies":[{"name":"wp","href":"https:\/\/api.w.org\/{rel}","templated":true}]}}