{"id":606351,"date":"2025-08-29T21:46:19","date_gmt":"2025-08-29T19:46:19","guid":{"rendered":"https:\/\/dicodusport.fr\/blog\/?p=606351&#038;preview=true&#038;preview_id=606351"},"modified":"2025-08-29T21:46:37","modified_gmt":"2025-08-29T19:46:37","slug":"utmb-2025-classement-ccc-en-direct","status":"publish","type":"post","link":"https:\/\/dicodusport.fr\/blog\/utmb-2025-classement-ccc-en-direct\/","title":{"rendered":"UTMB 2025 &#8211; Classement CCC en direct"},"content":{"rendered":"<p style=\"text-align: justify;\"><strong><em>D\u00e9couvrez le classement et les r\u00e9sultats (top 10) de la CCC 2025 de l&rsquo;UTMB, qui d\u00e9bute ce vendredi 29 ao\u00fbt \u00e0 Courmayeur (Italie), \u00e0 9h00.<\/em><\/strong><\/p>\n<ul>\n<li style=\"text-align: justify;\"><strong>\u00c0 ce sujet \u2013\u00a0<a href=\"https:\/\/dicodusport.fr\/blog\/utmb-2025-programme-complet-horaires-et-resultats\/\">UTMB 2025 : Programme complet, Horaires et R\u00e9sultats<\/a><\/strong><\/li>\n<\/ul>\n<p>La <strong>CCC 2025<\/strong> s\u2019\u00e9lancera le <strong>vendredi 29 ao\u00fbt<\/strong> \u00e0 9 heures depuis <strong>Courmayeur<\/strong>, au c\u0153ur de la <strong>Vall\u00e9e d\u2019Aoste.<\/strong> Longue de <strong>101 kilom\u00e8tres<\/strong> pour pr\u00e8s de <strong>6 050 m\u00e8tres de d\u00e9nivel\u00e9 positif<\/strong>, elle s\u2019impose comme l\u2019une des \u00e9preuves les plus embl\u00e9matiques de l\u2019UTMB, \u00e0 la fois exigeante et spectaculaire.<\/p>\n<h2 style=\"text-align: justify;\">Parcours et pr\u00e9sentation de l&rsquo;\u00e9preuve<\/h2>\n<p style=\"text-align: justify;\">Consid\u00e9r\u00e9e \u00e0 ses d\u00e9buts comme la petite s\u0153ur de l\u2019UTMB, la <strong>CCC<\/strong> est aujourd\u2019hui devenue une course de prestige \u00e0 part enti\u00e8re, devant la <a href=\"https:\/\/dicodusport.fr\/blog\/utmb-2025-classement-tds-en-direct\/\">TDS<\/a> ou l\u2019<a href=\"https:\/\/dicodusport.fr\/blog\/utmb-2025-classement-occ-en-direct\/\">OCC<\/a>. Elle attire chaque ann\u00e9e plusieurs milliers de coureurs venus du monde entier, d\u00e9sireux de se confronter \u00e0 un parcours technique qui traverse trois pays \u2013 l\u2019<strong>Italie<\/strong>, la <strong>Suisse<\/strong> et la <strong>France<\/strong> \u2013 avant une arriv\u00e9e grandiose au centre de Chamonix.<\/p>\n<p style=\"text-align: justify;\">D\u00e8s les premiers kilom\u00e8tres, les participants sont plong\u00e9s dans le vif du sujet : la mont\u00e9e initiale vers les balcons du <strong>Val Ferret<\/strong> impose un d\u00e9nivel\u00e9 de plus de 1 400 m\u00e8tres en une douzaine de kilom\u00e8tres. Le passage du <strong>Grand Col Ferret<\/strong> (2 537 m) marque ensuite l\u2019entr\u00e9e en Suisse, offrant une vue saisissante sur les Alpes. Apr\u00e8s une descente vers <strong>La Fouly<\/strong>, l\u2019itin\u00e9raire rejoint le <strong>Champex-Lac<\/strong>, v\u00e9ritable carrefour de la course, puis franchit successivement <strong>Trient<\/strong> et <strong>Vallorcine<\/strong>, avec des mont\u00e9es et descentes souvent raides qui mettent les organismes \u00e0 rude \u00e9preuve. Enfin, la travers\u00e9e du <strong>Vallon des Ch\u00e9serys<\/strong> et la mont\u00e9e vers <strong>la Fl\u00e9g\u00e8r<\/strong>e constituent les ultimes difficult\u00e9s avant la plong\u00e9e finale vers <strong>Chamonix<\/strong>, o\u00f9 l\u2019accueil du public reste un moment inoubliable.<\/p>\n<div class=\"vlp-link-container vlp-layout-article\"><a href=\"https:\/\/dicodusport.fr\/blog\/utmb-2025-lultra-trail-du-mont-blanc-est-il-toujours-le-plus-grand-au-monde\/\" class=\"vlp-link\" title=\"UTMB 2025 : L\u2019Ultra-Trail du Mont-Blanc est-il toujours le plus grand au monde ?\"><\/a><div class=\"vlp-layout-zone-side\"><div class=\"vlp-block-4 vlp-link-image\"><img loading=\"lazy\" decoding=\"async\" style=\"max-width: 792px;\" width=\"792\" height=\"445\" src=\"https:\/\/dicodusport.fr\/blog\/wp-content\/uploads\/2025\/08\/UTMB-2025-LUltra-Trail-du-Mont-Blanc-est-il-toujours-le-plus-grand-au-monde.png\" class=\"attachment-800x445 size-800x445\" alt=\"UTMB 2025 L\u2019Ultra-Trail du Mont-Blanc est-il toujours le plus grand au monde\" srcset=\"https:\/\/dicodusport.fr\/blog\/wp-content\/uploads\/2025\/08\/UTMB-2025-LUltra-Trail-du-Mont-Blanc-est-il-toujours-le-plus-grand-au-monde.png 1200w, https:\/\/dicodusport.fr\/blog\/wp-content\/uploads\/2025\/08\/UTMB-2025-LUltra-Trail-du-Mont-Blanc-est-il-toujours-le-plus-grand-au-monde-300x169.png 300w, https:\/\/dicodusport.fr\/blog\/wp-content\/uploads\/2025\/08\/UTMB-2025-LUltra-Trail-du-Mont-Blanc-est-il-toujours-le-plus-grand-au-monde-1024x575.png 1024w, https:\/\/dicodusport.fr\/blog\/wp-content\/uploads\/2025\/08\/UTMB-2025-LUltra-Trail-du-Mont-Blanc-est-il-toujours-le-plus-grand-au-monde-768x431.png 768w\" sizes=\"auto, (max-width: 792px) 100vw, 792px\" \/><\/div><\/div><div class=\"vlp-layout-zone-main\"><div class=\"vlp-block-0 vlp-link-title\">UTMB 2025 : L\u2019Ultra-Trail du Mont-Blanc est-il toujours le plus grand au monde ?<\/div><div class=\"vlp-block-1 vlp-link-summary\">A l'heure o\u00f9 l'\u00e9preuve alpestre continue de faire r\u00eaver la plupart des traileurs, elle est dans le m\u00eame temps de plus en plus remise en cause. De quoi s'interroger sur son statut de plus grand ultra-trail du monde ?<\/div><div class=\"vlp-block-2 vlp-link-button\">Lire l'article<\/div><div class=\"vlp-block-3 vlp-link-url\">dicodusport.fr<\/div><\/div><\/div>\n<p style=\"text-align: justify;\">La <strong>CCC<\/strong> n\u2019est pas seulement un d\u00e9fi physique. C\u2019est une v\u00e9ritable aventure int\u00e9rieure, qui exige gestion, patience et d\u00e9termination. Chaque \u00e9tape du parcours peut pi\u00e9ger les coureurs : les ascensions initiales trop rapides, les descentes techniques \u00e0 n\u00e9gocier avec prudence, ou encore la gestion de l\u2019\u00e9nergie pour ne pas arriver \u00e9puis\u00e9 \u00e0 <strong>Champex<\/strong>. L\u2019\u00e9preuve, bien que moins longue que l\u2019<strong>UTMB<\/strong>, reste un v\u00e9ritable ultra-trail qui demande pr\u00e9paration et endurance, tout en offrant des panoramas exceptionnels sur le massif du Mont-Blanc.<\/p>\n<p style=\"text-align: justify;\">En 2025, la <strong>CCC<\/strong> s\u2019annonce une nouvelle fois comme un rendez-vous majeur pour la communaut\u00e9 du trail. \u00c0 la fois tremplin vers l\u2019UTMB et exp\u00e9rience unique en soi, elle continue de s\u00e9duire par son m\u00e9lange de difficult\u00e9, de beaut\u00e9 et d\u2019\u00e9motion.<\/p>\n<ul>\n<li style=\"text-align: justify;\"><strong>\u00c0 ce sujet \u2013 <a href=\"https:\/\/dicodusport.fr\/blog\/utmb-2024-classement-ccc-en-direct\/\">UTMB 2024 \u2013 Le classement de la CCC<\/a><\/strong><\/li>\n<\/ul>\n<h2 style=\"text-align: justify;\">Classement CCC 2025 &#8211; Course hommes<\/h2>\n<p style=\"text-align: justify;\"><span style=\"font-size: 14px;\"><strong><em>Classement final.<\/em><\/strong><\/span><\/p>\n<div class=\"su-table su-table-alternate\">\n<table style=\"width: 800px;border-collapse: collapse\" border=\"1\">\n<tbody>\n<tr style=\"height: 24px\">\n<td style=\"border-color: #ebebeb;height: 24px;text-align: center;width: 80px;vertical-align: middle\">\ud83c\udfc6<\/td>\n<td style=\"border-color: #ebebeb;height: 24px;text-align: center;width: 500px;vertical-align: middle\"><span style=\"font-size: 0.9em\"><strong>ATHL\u00c8TES<\/strong><\/span><\/td>\n<td style=\"border-color: #ebebeb;height: 24px;text-align: center;width: 220px;vertical-align: middle\"><span style=\"font-size: 0.9em\"><strong>TEMPS<\/strong><\/span><\/td>\n<\/tr>\n<tr style=\"height: 24px\">\n<td style=\"border-color: #ebebeb;height: 24px;text-align: center;width: 80px;vertical-align: middle\"><strong><span class=\"su-label su-label-type-warning\">1.<\/span><\/strong><\/td>\n<td style=\"border-color: #ebebeb;height: 24px;text-align: center;width: 500px;vertical-align: middle\"><span style=\"font-size: 0.9em\"><strong>\ud83c\uddee\ud83c\uddf9 FRANCESCO PUPPI<\/strong><\/span><\/td>\n<td style=\"border-color: #ebebeb;text-align: center;width: 220px;vertical-align: middle\"><span style=\"font-size: 0.9em\"><strong>10h06m02s<\/strong><\/span><\/td>\n<\/tr>\n<tr>\n<td style=\"border-color: #ebebeb;text-align: center;width: 80px;vertical-align: middle\"><strong><span class=\"su-label su-label-type-default\">2.<\/span><\/strong><\/td>\n<td style=\"border-color: #ebebeb;height: 24px;text-align: center;width: 500px;vertical-align: middle\"><span style=\"font-size: 0.9em\"><strong>\ud83c\uddfa\ud83c\uddf8 DAVID SINCLAIR<\/strong><\/span><\/td>\n<td style=\"border-color: #ebebeb;text-align: center;width: 220px;vertical-align: middle\"><span style=\"font-size: 0.9em\"><strong>\u00e0 7m40s<\/strong><\/span><\/td>\n<\/tr>\n<tr>\n<td style=\"border-color: #ebebeb;text-align: center;width: 80px;vertical-align: middle\"><strong><span class=\"su-label su-label-type-important\">3.<\/span><\/strong><\/td>\n<td style=\"border-color: #ebebeb;height: 24px;text-align: center;width: 500px;vertical-align: middle\"><span style=\"font-size: 0.9em\"><strong>\ud83c\uddfa\ud83c\uddf8 DREW HOLMEN<\/strong><\/span><\/td>\n<td style=\"border-color: #ebebeb;text-align: center;width: 220px;vertical-align: middle\"><span style=\"font-size: 0.9em\"><strong>\u00e0 10m13s<\/strong><\/span><\/td>\n<\/tr>\n<tr>\n<td style=\"border-color: #ebebeb;text-align: center;width: 80px;vertical-align: middle\"><span style=\"font-size: 0.9em\">4.<\/span><\/td>\n<td style=\"border-color: #ebebeb;height: 24px;text-align: center;width: 500px;vertical-align: middle\"><span style=\"font-size: 0.9em\"><strong>\ud83c\uddeb\ud83c\uddf7 ARNAUD BONIN<\/strong><\/span><\/td>\n<td style=\"border-color: #ebebeb;text-align: center;width: 220px;vertical-align: middle\"><span style=\"font-size: 0.9em\"><strong>\u00e0 20m01s<\/strong><\/span><\/td>\n<\/tr>\n<tr>\n<td style=\"border-color: #ebebeb;text-align: center;width: 80px;vertical-align: middle\"><span style=\"font-size: 0.9em\">5.<\/span><\/td>\n<td style=\"border-color: #ebebeb;height: 24px;text-align: center;width: 500px;vertical-align: middle\"><span style=\"font-size: 0.9em\"><strong>\ud83c\uddfa\ud83c\uddf8 JESHURUN SMALL<\/strong><\/span><\/td>\n<td style=\"border-color: #ebebeb;text-align: center;width: 220px;vertical-align: middle\"><span style=\"font-size: 0.9em\"><strong>\u00e0 22m55s<\/strong><\/span><\/td>\n<\/tr>\n<tr>\n<td style=\"border-color: #ebebeb;text-align: center;width: 80px;vertical-align: middle\"><span style=\"font-size: 0.9em\">6.<\/span><\/td>\n<td style=\"border-color: #ebebeb;height: 24px;text-align: center;width: 500px;vertical-align: middle\"><span style=\"font-size: 0.9em\"><strong>\ud83c\udde8\ud83c\uddf3 GUANGFU MENG<\/strong><\/span><\/td>\n<td style=\"border-color: #ebebeb;text-align: center;width: 220px;vertical-align: middle\"><span style=\"font-size: 0.9em\"><strong>\u00e0 25m34s<\/strong><\/span><\/td>\n<\/tr>\n<tr>\n<td style=\"border-color: #ebebeb;text-align: center;width: 80px;vertical-align: middle\"><span style=\"font-size: 0.9em\">7.<\/span><\/td>\n<td style=\"border-color: #ebebeb;height: 24px;text-align: center;width: 500px;vertical-align: middle\"><span style=\"font-size: 0.9em\"><strong>\ud83c\uddfa\ud83c\uddf8 ELI HEMMING<\/strong><\/span><\/td>\n<td style=\"border-color: #ebebeb;text-align: center;width: 220px;vertical-align: middle\"><span style=\"font-size: 0.9em\"><strong>\u00e0 28m34s<\/strong><\/span><\/td>\n<\/tr>\n<tr>\n<td style=\"border-color: #ebebeb;text-align: center;width: 80px;vertical-align: middle\"><span style=\"font-size: 0.9em\">8.<\/span><\/td>\n<td style=\"border-color: #ebebeb;height: 24px;text-align: center;width: 500px;vertical-align: middle\"><span style=\"font-size: 0.9em\"><strong>\ud83c\uddeb\ud83c\uddf7 LO\u00cfC ROLLAND<\/strong><\/span><\/td>\n<td style=\"border-color: #ebebeb;text-align: center;width: 220px;vertical-align: middle\"><span style=\"font-size: 0.9em\"><strong>\u00e0 30m39s<\/strong><\/span><\/td>\n<\/tr>\n<tr>\n<td style=\"border-color: #ebebeb;text-align: center;width: 80px;vertical-align: middle\"><span style=\"font-size: 0.9em\">9.<\/span><\/td>\n<td style=\"border-color: #ebebeb;height: 24px;text-align: center;width: 500px;vertical-align: middle\"><span style=\"font-size: 0.9em\"><strong>\ud83c\uddea\ud83c\uddf8 MARIO OLMEDO SANCHA<\/strong><\/span><\/td>\n<td style=\"border-color: #ebebeb;text-align: center;width: 220px;vertical-align: middle\"><span style=\"font-size: 0.9em\"><strong>\u00e0 34m17s<\/strong><\/span><\/td>\n<\/tr>\n<tr style=\"height: 24px\">\n<td style=\"border-color: #ebebeb;height: 24px;text-align: center;width: 80px;vertical-align: middle\"><span style=\"font-size: 0.9em\">10.<\/span><\/td>\n<td style=\"border-color: #ebebeb;height: 24px;text-align: center;width: 500px;vertical-align: middle\"><span style=\"font-size: 0.9em\"><strong>\ud83c\udde8\ud83c\uddf3 GUIDU QIN<\/strong><\/span><\/td>\n<td style=\"border-color: #ebebeb;text-align: center;width: 220px;vertical-align: middle\"><span style=\"font-size: 0.9em\"><strong>\u00e0 37m22s<\/strong><\/span><\/td>\n<\/tr>\n<\/tbody>\n<\/table>\n<\/div>\n<ul>\n<li style=\"text-align: justify;\"><strong><a href=\"https:\/\/live.utmb.world\/fr\/utmb\/2025\/ccc\">Le classement complet<\/a><br \/>\n<\/strong><\/li>\n<\/ul>\n<hr \/>\n<h2 style=\"text-align: justify;\">Classement CCC 2025 &#8211; Course femmes<\/h2>\n<p style=\"text-align: justify;\"><span style=\"font-size: 14px;\"><strong><em>Classement final.<\/em><\/strong><\/span><\/p>\n<div class=\"su-table su-table-alternate\">\n<table style=\"width: 800px;border-collapse: collapse\" border=\"1\">\n<tbody>\n<tr style=\"height: 24px\">\n<td style=\"border-color: #ebebeb;height: 24px;text-align: center;width: 80px;vertical-align: middle\">\ud83c\udfc6<\/td>\n<td style=\"border-color: #ebebeb;height: 24px;text-align: center;width: 500px;vertical-align: middle\"><span style=\"font-size: 0.9em\"><strong>ATHL\u00c8TES<\/strong><\/span><\/td>\n<td style=\"border-color: #ebebeb;height: 24px;text-align: center;width: 220px;vertical-align: middle\"><span style=\"font-size: 0.9em\"><strong>TEMPS<\/strong><\/span><\/td>\n<\/tr>\n<tr style=\"height: 24px\">\n<td style=\"border-color: #ebebeb;height: 24px;text-align: center;width: 80px;vertical-align: middle\"><strong><span class=\"su-label su-label-type-warning\">1.<\/span><\/strong><\/td>\n<td style=\"border-color: #ebebeb;height: 24px;text-align: center;width: 500px;vertical-align: middle\"><span style=\"font-size: 0.9em\"><strong>\ud83c\uddf5\ud83c\uddf1 MARTYNA MLYNARCZYK<\/strong><\/span><\/td>\n<td style=\"border-color: #ebebeb;text-align: center;width: 220px;vertical-align: middle\"><span style=\"font-size: 0.9em\"><strong>11h41m55s<\/strong><\/span><\/td>\n<\/tr>\n<tr>\n<td style=\"border-color: #ebebeb;text-align: center;width: 80px;vertical-align: middle\"><strong><span class=\"su-label su-label-type-default\">2.<\/span><\/strong><\/td>\n<td style=\"border-color: #ebebeb;height: 24px;text-align: center;width: 500px;vertical-align: middle\"><span style=\"font-size: 0.9em\"><strong>\ud83c\uddf3\ud83c\uddf4 SYLVIA NORDSKAR<\/strong><\/span><\/td>\n<td style=\"border-color: #ebebeb;text-align: center;width: 220px;vertical-align: middle\"><span style=\"font-size: 0.9em\"><strong>\u00e0 18s<\/strong><\/span><\/td>\n<\/tr>\n<tr>\n<td style=\"border-color: #ebebeb;text-align: center;width: 80px;vertical-align: middle\"><strong><span class=\"su-label su-label-type-important\">3.<\/span><\/strong><\/td>\n<td style=\"border-color: #ebebeb;height: 24px;text-align: center;width: 500px;vertical-align: middle\"><span style=\"font-size: 0.9em\"><strong>\ud83c\uddea\ud83c\uddf8 ANNA TARASOVA<\/strong><\/span><\/td>\n<td style=\"border-color: #ebebeb;text-align: center;width: 220px;vertical-align: middle\"><span style=\"font-size: 0.9em\"><strong>\u00e0 2m23s<\/strong><\/span><\/td>\n<\/tr>\n<tr>\n<td style=\"border-color: #ebebeb;text-align: center;width: 80px;vertical-align: middle\"><span style=\"font-size: 0.9em\">4.<\/span><\/td>\n<td style=\"border-color: #ebebeb;height: 24px;text-align: center;width: 500px;vertical-align: middle\"><span style=\"font-size: 0.9em\"><strong>\ud83c\uddeb\ud83c\uddf7 BLANDINE L&rsquo;HIRONDEL<\/strong><\/span><\/td>\n<td style=\"border-color: #ebebeb;text-align: center;width: 220px;vertical-align: middle\"><span style=\"font-size: 0.9em\"><strong>\u00e0 11m36s<\/strong><\/span><\/td>\n<\/tr>\n<tr>\n<td style=\"border-color: #ebebeb;text-align: center;width: 80px;vertical-align: middle\"><span style=\"font-size: 0.9em\">5.<\/span><\/td>\n<td style=\"border-color: #ebebeb;height: 24px;text-align: center;width: 500px;vertical-align: middle\"><span style=\"font-size: 0.9em\"><strong>\ud83c\uddf8\ud83c\uddf0 VERONIKA LENG<\/strong><\/span><\/td>\n<td style=\"border-color: #ebebeb;text-align: center;width: 220px;vertical-align: middle\"><span style=\"font-size: 0.9em\"><strong>\u00e0 18m32s<\/strong><\/span><\/td>\n<\/tr>\n<tr>\n<td style=\"border-color: #ebebeb;text-align: center;width: 80px;vertical-align: middle\"><span style=\"font-size: 0.9em\">6.<\/span><\/td>\n<td style=\"border-color: #ebebeb;height: 24px;text-align: center;width: 500px;vertical-align: middle\"><span style=\"font-size: 0.9em\"><strong>\ud83c\uddfa\ud83c\uddf8 LOTTI BRINKS<\/strong><\/span><\/td>\n<td style=\"border-color: #ebebeb;text-align: center;width: 220px;vertical-align: middle\"><span style=\"font-size: 0.9em\"><strong>\u00e0 20m28s<\/strong><\/span><\/td>\n<\/tr>\n<tr>\n<td style=\"border-color: #ebebeb;text-align: center;width: 80px;vertical-align: middle\"><span style=\"font-size: 0.9em\">7.<\/span><\/td>\n<td style=\"border-color: #ebebeb;height: 24px;text-align: center;width: 500px;vertical-align: middle\"><span style=\"font-size: 0.9em\"><strong>\ud83c\uddfa\ud83c\uddf8 ROBYN LESH<\/strong><\/span><\/td>\n<td style=\"border-color: #ebebeb;text-align: center;width: 220px;vertical-align: middle\"><span style=\"font-size: 0.9em\"><strong>\u00e0 34m15s<\/strong><\/span><\/td>\n<\/tr>\n<tr>\n<td style=\"border-color: #ebebeb;text-align: center;width: 80px;vertical-align: middle\"><span style=\"font-size: 0.9em\">8.<\/span><\/td>\n<td style=\"border-color: #ebebeb;height: 24px;text-align: center;width: 500px;vertical-align: middle\"><span style=\"font-size: 0.9em\"><strong>\ud83c\uddeb\ud83c\uddf7 JULIE ROUX<\/strong><\/span><\/td>\n<td style=\"border-color: #ebebeb;text-align: center;width: 220px;vertical-align: middle\"><span style=\"font-size: 0.9em\"><strong>\u00e0 42m23s<\/strong><\/span><\/td>\n<\/tr>\n<tr>\n<td style=\"border-color: #ebebeb;text-align: center;width: 80px;vertical-align: middle\"><span style=\"font-size: 0.9em\">9.<\/span><\/td>\n<td style=\"border-color: #ebebeb;height: 24px;text-align: center;width: 500px;vertical-align: middle\"><span style=\"font-size: 0.9em\"><strong>\ud83c\udde8\ud83c\uddf3 JINGYAN TANG<\/strong><\/span><\/td>\n<td style=\"border-color: #ebebeb;text-align: center;width: 220px;vertical-align: middle\"><span style=\"font-size: 0.9em\"><strong>\u00e0 1h00m59s<\/strong><\/span><\/td>\n<\/tr>\n<tr style=\"height: 24px\">\n<td style=\"border-color: #ebebeb;height: 24px;text-align: center;width: 80px;vertical-align: middle\"><span style=\"font-size: 0.9em\">10.<\/span><\/td>\n<td style=\"border-color: #ebebeb;height: 24px;text-align: center;width: 500px;vertical-align: middle\"><span style=\"font-size: 0.9em\"><strong>\ud83c\uddfa\ud83c\uddf8 ALLISON BACA<\/strong><\/span><\/td>\n<td style=\"border-color: #ebebeb;text-align: center;width: 220px;vertical-align: middle\"><span style=\"font-size: 0.9em\"><strong>\u00e0 1h02m10s<\/strong><\/span><\/td>\n<\/tr>\n<\/tbody>\n<\/table>\n<\/div>\n<ul>\n<li style=\"text-align: justify;\"><a href=\"https:\/\/live.utmb.world\/fr\/utmb\/2025\/ccc\"><strong>Le classement complet<\/strong><\/a><\/li>\n<\/ul>\n","protected":false},"excerpt":{"rendered":"<p>D\u00e9couvrez le classement et les r\u00e9sultats (top 10) de la CCC 2025 de l&rsquo;UTMB, qui d\u00e9bute ce vendredi 29 ao\u00fbt \u00e0 Courmayeur (Italie), \u00e0 9h00.<\/p>\n","protected":false},"author":4,"featured_media":606356,"comment_status":"open","ping_status":"closed","sticky":false,"template":"","format":"standard","meta":{"_acf_changed":false,"_daextam_enable_autolinks":"1","footnotes":""},"categories":[8673],"tags":[16878,862,5836,3388],"class_list":["post-606351","post","type-post","status-publish","format-standard","has-post-thumbnail","hentry","category-trail","tag-breve","tag-trail","tag-ultra-trail","tag-utmb"],"acf":[],"yoast_head":"<!-- This site is optimized with the Yoast SEO Premium plugin v26.7 (Yoast SEO v26.7) - https:\/\/yoast.com\/wordpress\/plugins\/seo\/ -->\n<title>UTMB 2025 - Classement CCC en direct<\/title>\n<meta name=\"description\" content=\"D\u00e9couvrez le classement et les r\u00e9sultats (top 10) de la CCC 2025 de l&#039;UTMB, qui d\u00e9bute ce vendredi 29 ao\u00fbt \u00e0 Courmayeur (Italie), \u00e0 9h00.\" \/>\n<meta name=\"robots\" content=\"index, follow, max-snippet:-1, max-image-preview:large, max-video-preview:-1\" \/>\n<link rel=\"canonical\" href=\"https:\/\/dicodusport.fr\/blog\/utmb-2025-classement-ccc-en-direct\/\" \/>\n<meta property=\"og:locale\" content=\"fr_FR\" \/>\n<meta property=\"og:type\" content=\"article\" \/>\n<meta property=\"og:title\" content=\"UTMB 2025 - Classement CCC en direct\" \/>\n<meta property=\"og:description\" content=\"D\u00e9couvrez le classement et les r\u00e9sultats (top 10) de la CCC 2025 de l&#039;UTMB, qui d\u00e9bute ce vendredi 29 ao\u00fbt \u00e0 Courmayeur (Italie), \u00e0 9h00.\" \/>\n<meta property=\"og:url\" content=\"https:\/\/dicodusport.fr\/blog\/utmb-2025-classement-ccc-en-direct\/\" \/>\n<meta property=\"og:site_name\" content=\"Dicodusport\" \/>\n<meta property=\"article:publisher\" content=\"https:\/\/www.facebook.com\/dicodusport\" \/>\n<meta property=\"article:author\" content=\"https:\/\/www.facebook.com\/florent.ostermann\" \/>\n<meta property=\"article:published_time\" content=\"2025-08-29T19:46:19+00:00\" \/>\n<meta property=\"article:modified_time\" content=\"2025-08-29T19:46:37+00:00\" \/>\n<meta property=\"og:image\" content=\"https:\/\/dicodusport.fr\/blog\/wp-content\/uploads\/2025\/08\/UTMB-2025-Classement-CCC-en-direct.png\" \/>\n\t<meta property=\"og:image:width\" content=\"1200\" \/>\n\t<meta property=\"og:image:height\" content=\"674\" \/>\n\t<meta property=\"og:image:type\" content=\"image\/png\" \/>\n<meta name=\"author\" content=\"Flo Ostermann\" \/>\n<meta name=\"twitter:card\" content=\"summary_large_image\" \/>\n<meta name=\"twitter:title\" content=\"UTMB 2025 - Classement CCC en direct\" \/>\n<meta name=\"twitter:creator\" content=\"@https:\/\/twitter.com\/FlOstermann\" \/>\n<meta name=\"twitter:site\" content=\"@dicodusport\" \/>\n<script type=\"application\/ld+json\" class=\"yoast-schema-graph\">{\"@context\":\"https:\/\/schema.org\",\"@graph\":[{\"@type\":\"NewsArticle\",\"@id\":\"https:\/\/dicodusport.fr\/blog\/utmb-2025-classement-ccc-en-direct\/#article\",\"isPartOf\":{\"@id\":\"https:\/\/dicodusport.fr\/blog\/utmb-2025-classement-ccc-en-direct\/\"},\"author\":{\"name\":\"Flo Ostermann\",\"@id\":\"https:\/\/dicodusport.fr\/blog\/#\/schema\/person\/cb02af4c173ce4a653b55e9baf388d4a\"},\"headline\":\"UTMB 2025 &#8211; Classement CCC en direct\",\"datePublished\":\"2025-08-29T19:46:19+00:00\",\"dateModified\":\"2025-08-29T19:46:37+00:00\",\"mainEntityOfPage\":{\"@id\":\"https:\/\/dicodusport.fr\/blog\/utmb-2025-classement-ccc-en-direct\/\"},\"wordCount\":709,\"commentCount\":2,\"publisher\":{\"@id\":\"https:\/\/dicodusport.fr\/blog\/#organization\"},\"image\":{\"@id\":\"https:\/\/dicodusport.fr\/blog\/utmb-2025-classement-ccc-en-direct\/#primaryimage\"},\"thumbnailUrl\":\"https:\/\/dicodusport.fr\/blog\/wp-content\/uploads\/2025\/08\/UTMB-2025-Classement-CCC-en-direct.png\",\"keywords\":[\"br\u00e8ve\",\"trail\",\"Ultra-Trail\",\"UTMB\"],\"articleSection\":[\"Trail\"],\"inLanguage\":\"fr-FR\",\"potentialAction\":[{\"@type\":\"CommentAction\",\"name\":\"Comment\",\"target\":[\"https:\/\/dicodusport.fr\/blog\/utmb-2025-classement-ccc-en-direct\/#respond\"]}],\"copyrightYear\":\"2025\",\"copyrightHolder\":{\"@id\":\"https:\/\/dicodusport.fr\/blog\/#organization\"}},{\"@type\":\"WebPage\",\"@id\":\"https:\/\/dicodusport.fr\/blog\/utmb-2025-classement-ccc-en-direct\/\",\"url\":\"https:\/\/dicodusport.fr\/blog\/utmb-2025-classement-ccc-en-direct\/\",\"name\":\"UTMB 2025 - Classement CCC en direct\",\"isPartOf\":{\"@id\":\"https:\/\/dicodusport.fr\/blog\/#website\"},\"primaryImageOfPage\":{\"@id\":\"https:\/\/dicodusport.fr\/blog\/utmb-2025-classement-ccc-en-direct\/#primaryimage\"},\"image\":{\"@id\":\"https:\/\/dicodusport.fr\/blog\/utmb-2025-classement-ccc-en-direct\/#primaryimage\"},\"thumbnailUrl\":\"https:\/\/dicodusport.fr\/blog\/wp-content\/uploads\/2025\/08\/UTMB-2025-Classement-CCC-en-direct.png\",\"datePublished\":\"2025-08-29T19:46:19+00:00\",\"dateModified\":\"2025-08-29T19:46:37+00:00\",\"description\":\"D\u00e9couvrez le classement et les r\u00e9sultats (top 10) de la CCC 2025 de l'UTMB, qui d\u00e9bute ce vendredi 29 ao\u00fbt \u00e0 Courmayeur (Italie), \u00e0 9h00.\",\"breadcrumb\":{\"@id\":\"https:\/\/dicodusport.fr\/blog\/utmb-2025-classement-ccc-en-direct\/#breadcrumb\"},\"inLanguage\":\"fr-FR\",\"potentialAction\":[{\"@type\":\"ReadAction\",\"target\":[\"https:\/\/dicodusport.fr\/blog\/utmb-2025-classement-ccc-en-direct\/\"]}]},{\"@type\":\"ImageObject\",\"inLanguage\":\"fr-FR\",\"@id\":\"https:\/\/dicodusport.fr\/blog\/utmb-2025-classement-ccc-en-direct\/#primaryimage\",\"url\":\"https:\/\/dicodusport.fr\/blog\/wp-content\/uploads\/2025\/08\/UTMB-2025-Classement-CCC-en-direct.png\",\"contentUrl\":\"https:\/\/dicodusport.fr\/blog\/wp-content\/uploads\/2025\/08\/UTMB-2025-Classement-CCC-en-direct.png\",\"width\":1200,\"height\":674,\"caption\":\"UTMB 2025 - Classement CCC en direct\"},{\"@type\":\"BreadcrumbList\",\"@id\":\"https:\/\/dicodusport.fr\/blog\/utmb-2025-classement-ccc-en-direct\/#breadcrumb\",\"itemListElement\":[{\"@type\":\"ListItem\",\"position\":1,\"name\":\"Accueil\",\"item\":\"https:\/\/dicodusport.fr\/blog\/\"},{\"@type\":\"ListItem\",\"position\":2,\"name\":\"UTMB 2025 &#8211; Classement CCC en direct\"}]},{\"@type\":\"WebSite\",\"@id\":\"https:\/\/dicodusport.fr\/blog\/#website\",\"url\":\"https:\/\/dicodusport.fr\/blog\/\",\"name\":\"Dicodusport\",\"description\":\"L&#039;encyclop\u00e9die de l&#039;actualit\u00e9 sportive\",\"publisher\":{\"@id\":\"https:\/\/dicodusport.fr\/blog\/#organization\"},\"potentialAction\":[{\"@type\":\"SearchAction\",\"target\":{\"@type\":\"EntryPoint\",\"urlTemplate\":\"https:\/\/dicodusport.fr\/blog\/?s={search_term_string}\"},\"query-input\":{\"@type\":\"PropertyValueSpecification\",\"valueRequired\":true,\"valueName\":\"search_term_string\"}}],\"inLanguage\":\"fr-FR\"},{\"@type\":\"NewsMediaOrganization\",\"@id\":\"https:\/\/dicodusport.fr\/blog\/#organization\",\"name\":\"Dicodusport\",\"url\":\"https:\/\/dicodusport.fr\/blog\/\",\"logo\":{\"@type\":\"ImageObject\",\"inLanguage\":\"fr-FR\",\"@id\":\"https:\/\/dicodusport.fr\/blog\/#\/schema\/logo\/image\/\",\"url\":\"https:\/\/dicodusport.fr\/blog\/wp-content\/uploads\/2020\/06\/cropped-LOGO-DICODUSPORT-2020-SANS-FOND-SANS-TEXTE.png\",\"contentUrl\":\"https:\/\/dicodusport.fr\/blog\/wp-content\/uploads\/2020\/06\/cropped-LOGO-DICODUSPORT-2020-SANS-FOND-SANS-TEXTE.png\",\"width\":512,\"height\":512,\"caption\":\"Dicodusport\"},\"image\":{\"@id\":\"https:\/\/dicodusport.fr\/blog\/#\/schema\/logo\/image\/\"},\"sameAs\":[\"https:\/\/www.facebook.com\/dicodusport\",\"https:\/\/x.com\/dicodusport\",\"https:\/\/www.instagram.com\/dicodusport\/\",\"https:\/\/www.youtube.com\/channel\/UC7V2KZ5sd3htJivAbA4ZG3w\"],\"description\":\"Dicodusport est l'encyclop\u00e9die de l'actualit\u00e9 sportive.\",\"email\":\"bonjour@dicodusport.fr\",\"legalName\":\"DICODUSPORT\",\"foundingDate\":\"2018-01-14\",\"vatID\":\"FR71834470973\",\"taxID\":\"83447097300043\",\"numberOfEmployees\":{\"@type\":\"QuantitativeValue\",\"minValue\":\"1\",\"maxValue\":\"10\"}},{\"@type\":\"Person\",\"@id\":\"https:\/\/dicodusport.fr\/blog\/#\/schema\/person\/cb02af4c173ce4a653b55e9baf388d4a\",\"name\":\"Flo Ostermann\",\"image\":{\"@type\":\"ImageObject\",\"inLanguage\":\"fr-FR\",\"@id\":\"https:\/\/dicodusport.fr\/blog\/#\/schema\/person\/image\/\",\"url\":\"https:\/\/dicodusport.fr\/blog\/wp-content\/uploads\/2021\/05\/Flo-Ostermann-150x150.jpg\",\"contentUrl\":\"https:\/\/dicodusport.fr\/blog\/wp-content\/uploads\/2021\/05\/Flo-Ostermann-150x150.jpg\",\"caption\":\"Flo Ostermann\"},\"description\":\"Journaliste\/R\u00e9dacteur depuis septembre 2015 - Mes premiers souvenirs dans le sport ? Les envol\u00e9es du Stade Toulousain et les duels Villeneuve-Schumacher et H\u00e4kkinen-Schumacher \u00e0 la fin des ann\u00e9es 90, la Coupe du monde de football en 1998, l\u2019exploit du XV de France face aux All Blacks en 1999, mais aussi Richard C\u0153ur de Lion qui vole sur les montagnes du Tour de France. Bien parti pour devenir professeur d\u2019EPS, les \u00e9v\u00e9nements de la vie (et la flemme d\u2019animer des s\u00e9ances de 3x500 m\u00e8tres toute ma vie) m\u2019ont conduit \u00e0 revoir mes plans. Me voil\u00e0 depuis fin 2017 sur Dicodusport, m\u00e9dia gr\u00e2ce (et pour) lequel je partage ma passion : le sport dans tous ses \u00e9tats. Le tout accompagn\u00e9 par les fous furieux et folles furieuses cit\u00e9s sur cette page !\",\"sameAs\":[\"https:\/\/www.facebook.com\/florent.ostermann\",\"https:\/\/x.com\/https:\/\/twitter.com\/FlOstermann\",\"admin\"],\"url\":\"https:\/\/dicodusport.fr\/blog\/author\/flo\/\"}]}<\/script>\n<!-- \/ Yoast SEO Premium plugin. -->","yoast_head_json":{"title":"UTMB 2025 - Classement CCC en direct","description":"D\u00e9couvrez le classement et les r\u00e9sultats (top 10) de la CCC 2025 de l'UTMB, qui d\u00e9bute ce vendredi 29 ao\u00fbt \u00e0 Courmayeur (Italie), \u00e0 9h00.","robots":{"index":"index","follow":"follow","max-snippet":"max-snippet:-1","max-image-preview":"max-image-preview:large","max-video-preview":"max-video-preview:-1"},"canonical":"https:\/\/dicodusport.fr\/blog\/utmb-2025-classement-ccc-en-direct\/","og_locale":"fr_FR","og_type":"article","og_title":"UTMB 2025 - Classement CCC en direct","og_description":"D\u00e9couvrez le classement et les r\u00e9sultats (top 10) de la CCC 2025 de l'UTMB, qui d\u00e9bute ce vendredi 29 ao\u00fbt \u00e0 Courmayeur (Italie), \u00e0 9h00.","og_url":"https:\/\/dicodusport.fr\/blog\/utmb-2025-classement-ccc-en-direct\/","og_site_name":"Dicodusport","article_publisher":"https:\/\/www.facebook.com\/dicodusport","article_author":"https:\/\/www.facebook.com\/florent.ostermann","article_published_time":"2025-08-29T19:46:19+00:00","article_modified_time":"2025-08-29T19:46:37+00:00","og_image":[{"width":1200,"height":674,"url":"https:\/\/dicodusport.fr\/blog\/wp-content\/uploads\/2025\/08\/UTMB-2025-Classement-CCC-en-direct.png","type":"image\/png"}],"author":"Flo Ostermann","twitter_card":"summary_large_image","twitter_title":"UTMB 2025 - Classement CCC en direct","twitter_creator":"@https:\/\/twitter.com\/FlOstermann","twitter_site":"@dicodusport","schema":{"@context":"https:\/\/schema.org","@graph":[{"@type":"NewsArticle","@id":"https:\/\/dicodusport.fr\/blog\/utmb-2025-classement-ccc-en-direct\/#article","isPartOf":{"@id":"https:\/\/dicodusport.fr\/blog\/utmb-2025-classement-ccc-en-direct\/"},"author":{"name":"Flo Ostermann","@id":"https:\/\/dicodusport.fr\/blog\/#\/schema\/person\/cb02af4c173ce4a653b55e9baf388d4a"},"headline":"UTMB 2025 &#8211; Classement CCC en direct","datePublished":"2025-08-29T19:46:19+00:00","dateModified":"2025-08-29T19:46:37+00:00","mainEntityOfPage":{"@id":"https:\/\/dicodusport.fr\/blog\/utmb-2025-classement-ccc-en-direct\/"},"wordCount":709,"commentCount":2,"publisher":{"@id":"https:\/\/dicodusport.fr\/blog\/#organization"},"image":{"@id":"https:\/\/dicodusport.fr\/blog\/utmb-2025-classement-ccc-en-direct\/#primaryimage"},"thumbnailUrl":"https:\/\/dicodusport.fr\/blog\/wp-content\/uploads\/2025\/08\/UTMB-2025-Classement-CCC-en-direct.png","keywords":["br\u00e8ve","trail","Ultra-Trail","UTMB"],"articleSection":["Trail"],"inLanguage":"fr-FR","potentialAction":[{"@type":"CommentAction","name":"Comment","target":["https:\/\/dicodusport.fr\/blog\/utmb-2025-classement-ccc-en-direct\/#respond"]}],"copyrightYear":"2025","copyrightHolder":{"@id":"https:\/\/dicodusport.fr\/blog\/#organization"}},{"@type":"WebPage","@id":"https:\/\/dicodusport.fr\/blog\/utmb-2025-classement-ccc-en-direct\/","url":"https:\/\/dicodusport.fr\/blog\/utmb-2025-classement-ccc-en-direct\/","name":"UTMB 2025 - Classement CCC en direct","isPartOf":{"@id":"https:\/\/dicodusport.fr\/blog\/#website"},"primaryImageOfPage":{"@id":"https:\/\/dicodusport.fr\/blog\/utmb-2025-classement-ccc-en-direct\/#primaryimage"},"image":{"@id":"https:\/\/dicodusport.fr\/blog\/utmb-2025-classement-ccc-en-direct\/#primaryimage"},"thumbnailUrl":"https:\/\/dicodusport.fr\/blog\/wp-content\/uploads\/2025\/08\/UTMB-2025-Classement-CCC-en-direct.png","datePublished":"2025-08-29T19:46:19+00:00","dateModified":"2025-08-29T19:46:37+00:00","description":"D\u00e9couvrez le classement et les r\u00e9sultats (top 10) de la CCC 2025 de l'UTMB, qui d\u00e9bute ce vendredi 29 ao\u00fbt \u00e0 Courmayeur (Italie), \u00e0 9h00.","breadcrumb":{"@id":"https:\/\/dicodusport.fr\/blog\/utmb-2025-classement-ccc-en-direct\/#breadcrumb"},"inLanguage":"fr-FR","potentialAction":[{"@type":"ReadAction","target":["https:\/\/dicodusport.fr\/blog\/utmb-2025-classement-ccc-en-direct\/"]}]},{"@type":"ImageObject","inLanguage":"fr-FR","@id":"https:\/\/dicodusport.fr\/blog\/utmb-2025-classement-ccc-en-direct\/#primaryimage","url":"https:\/\/dicodusport.fr\/blog\/wp-content\/uploads\/2025\/08\/UTMB-2025-Classement-CCC-en-direct.png","contentUrl":"https:\/\/dicodusport.fr\/blog\/wp-content\/uploads\/2025\/08\/UTMB-2025-Classement-CCC-en-direct.png","width":1200,"height":674,"caption":"UTMB 2025 - Classement CCC en direct"},{"@type":"BreadcrumbList","@id":"https:\/\/dicodusport.fr\/blog\/utmb-2025-classement-ccc-en-direct\/#breadcrumb","itemListElement":[{"@type":"ListItem","position":1,"name":"Accueil","item":"https:\/\/dicodusport.fr\/blog\/"},{"@type":"ListItem","position":2,"name":"UTMB 2025 &#8211; Classement CCC en direct"}]},{"@type":"WebSite","@id":"https:\/\/dicodusport.fr\/blog\/#website","url":"https:\/\/dicodusport.fr\/blog\/","name":"Dicodusport","description":"L&#039;encyclop\u00e9die de l&#039;actualit\u00e9 sportive","publisher":{"@id":"https:\/\/dicodusport.fr\/blog\/#organization"},"potentialAction":[{"@type":"SearchAction","target":{"@type":"EntryPoint","urlTemplate":"https:\/\/dicodusport.fr\/blog\/?s={search_term_string}"},"query-input":{"@type":"PropertyValueSpecification","valueRequired":true,"valueName":"search_term_string"}}],"inLanguage":"fr-FR"},{"@type":"NewsMediaOrganization","@id":"https:\/\/dicodusport.fr\/blog\/#organization","name":"Dicodusport","url":"https:\/\/dicodusport.fr\/blog\/","logo":{"@type":"ImageObject","inLanguage":"fr-FR","@id":"https:\/\/dicodusport.fr\/blog\/#\/schema\/logo\/image\/","url":"https:\/\/dicodusport.fr\/blog\/wp-content\/uploads\/2020\/06\/cropped-LOGO-DICODUSPORT-2020-SANS-FOND-SANS-TEXTE.png","contentUrl":"https:\/\/dicodusport.fr\/blog\/wp-content\/uploads\/2020\/06\/cropped-LOGO-DICODUSPORT-2020-SANS-FOND-SANS-TEXTE.png","width":512,"height":512,"caption":"Dicodusport"},"image":{"@id":"https:\/\/dicodusport.fr\/blog\/#\/schema\/logo\/image\/"},"sameAs":["https:\/\/www.facebook.com\/dicodusport","https:\/\/x.com\/dicodusport","https:\/\/www.instagram.com\/dicodusport\/","https:\/\/www.youtube.com\/channel\/UC7V2KZ5sd3htJivAbA4ZG3w"],"description":"Dicodusport est l'encyclop\u00e9die de l'actualit\u00e9 sportive.","email":"bonjour@dicodusport.fr","legalName":"DICODUSPORT","foundingDate":"2018-01-14","vatID":"FR71834470973","taxID":"83447097300043","numberOfEmployees":{"@type":"QuantitativeValue","minValue":"1","maxValue":"10"}},{"@type":"Person","@id":"https:\/\/dicodusport.fr\/blog\/#\/schema\/person\/cb02af4c173ce4a653b55e9baf388d4a","name":"Flo Ostermann","image":{"@type":"ImageObject","inLanguage":"fr-FR","@id":"https:\/\/dicodusport.fr\/blog\/#\/schema\/person\/image\/","url":"https:\/\/dicodusport.fr\/blog\/wp-content\/uploads\/2021\/05\/Flo-Ostermann-150x150.jpg","contentUrl":"https:\/\/dicodusport.fr\/blog\/wp-content\/uploads\/2021\/05\/Flo-Ostermann-150x150.jpg","caption":"Flo Ostermann"},"description":"Journaliste\/R\u00e9dacteur depuis septembre 2015 - Mes premiers souvenirs dans le sport ? Les envol\u00e9es du Stade Toulousain et les duels Villeneuve-Schumacher et H\u00e4kkinen-Schumacher \u00e0 la fin des ann\u00e9es 90, la Coupe du monde de football en 1998, l\u2019exploit du XV de France face aux All Blacks en 1999, mais aussi Richard C\u0153ur de Lion qui vole sur les montagnes du Tour de France. Bien parti pour devenir professeur d\u2019EPS, les \u00e9v\u00e9nements de la vie (et la flemme d\u2019animer des s\u00e9ances de 3x500 m\u00e8tres toute ma vie) m\u2019ont conduit \u00e0 revoir mes plans. Me voil\u00e0 depuis fin 2017 sur Dicodusport, m\u00e9dia gr\u00e2ce (et pour) lequel je partage ma passion : le sport dans tous ses \u00e9tats. Le tout accompagn\u00e9 par les fous furieux et folles furieuses cit\u00e9s sur cette page !","sameAs":["https:\/\/www.facebook.com\/florent.ostermann","https:\/\/x.com\/https:\/\/twitter.com\/FlOstermann","admin"],"url":"https:\/\/dicodusport.fr\/blog\/author\/flo\/"}]}},"_links":{"self":[{"href":"https:\/\/dicodusport.fr\/blog\/wp-json\/wp\/v2\/posts\/606351","targetHints":{"allow":["GET"]}}],"collection":[{"href":"https:\/\/dicodusport.fr\/blog\/wp-json\/wp\/v2\/posts"}],"about":[{"href":"https:\/\/dicodusport.fr\/blog\/wp-json\/wp\/v2\/types\/post"}],"author":[{"embeddable":true,"href":"https:\/\/dicodusport.fr\/blog\/wp-json\/wp\/v2\/users\/4"}],"replies":[{"embeddable":true,"href":"https:\/\/dicodusport.fr\/blog\/wp-json\/wp\/v2\/comments?post=606351"}],"version-history":[{"count":6,"href":"https:\/\/dicodusport.fr\/blog\/wp-json\/wp\/v2\/posts\/606351\/revisions"}],"predecessor-version":[{"id":606774,"href":"https:\/\/dicodusport.fr\/blog\/wp-json\/wp\/v2\/posts\/606351\/revisions\/606774"}],"wp:featuredmedia":[{"embeddable":true,"href":"https:\/\/dicodusport.fr\/blog\/wp-json\/wp\/v2\/media\/606356"}],"wp:attachment":[{"href":"https:\/\/dicodusport.fr\/blog\/wp-json\/wp\/v2\/media?parent=606351"}],"wp:term":[{"taxonomy":"category","embeddable":true,"href":"https:\/\/dicodusport.fr\/blog\/wp-json\/wp\/v2\/categories?post=606351"},{"taxonomy":"post_tag","embeddable":true,"href":"https:\/\/dicodusport.fr\/blog\/wp-json\/wp\/v2\/tags?post=606351"}],"curies":[{"name":"wp","href":"https:\/\/api.w.org\/{rel}","templated":true}]}}