{"id":606396,"date":"2025-08-31T10:10:34","date_gmt":"2025-08-31T08:10:34","guid":{"rendered":"https:\/\/dicodusport.fr\/blog\/?p=606396&#038;preview=true&#038;preview_id=606396"},"modified":"2025-08-31T10:38:51","modified_gmt":"2025-08-31T08:38:51","slug":"bretagne-classic-2025-parcours-complet-profil-et-favoris","status":"publish","type":"post","link":"https:\/\/dicodusport.fr\/blog\/bretagne-classic-2025-parcours-complet-profil-et-favoris\/","title":{"rendered":"Bretagne Classic 2025 : Parcours, Profil et Favoris"},"content":{"rendered":"<p style=\"text-align: justify;\"><em><strong>Retrouvez le parcours d\u00e9taill\u00e9, le profil et les favoris de la Bretagne Classic, ex-Grand Prix de Plouay, qui se d\u00e9roule ce dimanche 31 ao\u00fbt 2025.<\/strong><\/em><\/p>\n<ul>\n<li style=\"text-align: justify;\"><strong>\u00c0 lire aussi &#8211; <a href=\"https:\/\/dicodusport.fr\/blog\/actualites\/cyclisme\/\">L&rsquo;actualit\u00e9 du cyclisme<\/a><\/strong><\/li>\n<\/ul>\n<p style=\"text-align: justify;\">La <strong>89\u00e8me \u00e9dition de la<\/strong> <strong>Bretagne Classic<\/strong> se d\u00e9roulera ce <strong>dimanche 31 ao\u00fbt 2025<\/strong>, avec un parcours modifi\u00e9 par rapport \u00e0 l&rsquo;an dernier. <strong>Un d\u00e9nivel\u00e9 positif de plus de 4 300 m\u00e8tres<\/strong> est au programme avec un d\u00e9part et une arriv\u00e9e \u00e0 Plouay, pour une distance totale de <strong>262 km<\/strong>. Parcours, profil et favoris de l&rsquo;\u00e9preuve bretonne, qui fait partie du calendrier WorldTour.<\/p>\n<ul>\n<li style=\"text-align: justify;\"><strong>\u00c0 lire aussi &#8211; <a href=\"https:\/\/dicodusport.fr\/blog\/bretagne-classic-2025-engages-chaine-tv-et-heure\/\">Bretagne Classic 2025 : Engag\u00e9s, Cha\u00eene TV et Heure<\/a><\/strong><\/li>\n<\/ul>\n<h2 style=\"text-align: justify;\">Parcours de la Bretagne Classic 2025<\/h2>\n<p style=\"text-align: justify;\">Le parcours affiche une distance totale d\u2019environ <strong>262 kilom\u00e8tres<\/strong>, pour <strong>un d\u00e9nivel\u00e9 positif de 4 300 m\u00e8tres<\/strong>. Un relief comparable \u00e0 celui des classiques ardennaises, mais avec un encha\u00eenement incessant de c\u00f4tes courtes et raides qui, au fil des kilom\u00e8tres, \u00e9rodent les forces du peloton.<\/p>\n<p style=\"text-align: justify;\">Apr\u00e8s le d\u00e9part \u00e0 <strong>Plouay<\/strong>, les coureurs s\u2019\u00e9lanceront vers le nord du Morbihan en direction de <strong>Langonnet<\/strong> et <strong>Priziac<\/strong>, avant de basculer dans le Finist\u00e8re. La route les m\u00e8nera notamment vers <strong>Ch\u00e2teauneuf-du-Faou<\/strong>, <strong>Gou\u00e9zec<\/strong> et <strong>Saint-Goazec<\/strong>, avant de revenir par <strong>Gourin<\/strong> vers la ligne d\u2019arriv\u00e9e.<\/p>\n<div class=\"vlp-link-container vlp-layout-article\"><a href=\"https:\/\/dicodusport.fr\/blog\/bretagne-classic-2024-marc-hirschi-lemporte-en-solitaire\/\" class=\"vlp-link\" title=\"Bretagne Classic 2024 : Marc Hirschi l&#039;emporte en solitaire\"><\/a><div class=\"vlp-layout-zone-side\"><div class=\"vlp-block-4 vlp-link-image\"><img loading=\"lazy\" decoding=\"async\" style=\"max-width: 792px;\" width=\"792\" height=\"445\" src=\"https:\/\/dicodusport.fr\/blog\/wp-content\/uploads\/2024\/08\/Bretagne-Classic-2024-Marc-Hirschi-lemporte-en-solitaire-1.png\" class=\"attachment-800x445 size-800x445\" alt=\"Bretagne Classic 2024 Marc Hirschi l&#039;emporte en solitaire (1)\" srcset=\"https:\/\/dicodusport.fr\/blog\/wp-content\/uploads\/2024\/08\/Bretagne-Classic-2024-Marc-Hirschi-lemporte-en-solitaire-1.png 1200w, https:\/\/dicodusport.fr\/blog\/wp-content\/uploads\/2024\/08\/Bretagne-Classic-2024-Marc-Hirschi-lemporte-en-solitaire-1-300x169.png 300w, https:\/\/dicodusport.fr\/blog\/wp-content\/uploads\/2024\/08\/Bretagne-Classic-2024-Marc-Hirschi-lemporte-en-solitaire-1-1024x575.png 1024w, https:\/\/dicodusport.fr\/blog\/wp-content\/uploads\/2024\/08\/Bretagne-Classic-2024-Marc-Hirschi-lemporte-en-solitaire-1-768x431.png 768w\" sizes=\"auto, (max-width: 792px) 100vw, 792px\" \/><\/div><\/div><div class=\"vlp-layout-zone-main\"><div class=\"vlp-block-0 vlp-link-title\">Bretagne Classic 2024 : Marc Hirschi l'emporte en solitaire<\/div><div class=\"vlp-block-1 vlp-link-summary\">Marc Hirschi l'emporte en solitaire<\/div><div class=\"vlp-block-2 vlp-link-button\">Lire l'article<\/div><div class=\"vlp-block-3 vlp-link-url\">dicodusport.fr<\/div><\/div><\/div>\n<h3 style=\"text-align: justify;\">Un final ind\u00e9cis : sprinteurs ou puncheurs \u00e0 la f\u00eate ?<\/h3>\n<p style=\"text-align: justify;\">Une fois celle-ci franchie une premi\u00e8re fois, le peloton s\u2019attaquera au circuit local de <strong>Plouay<\/strong>, long de 11,7 km et \u00e0 parcourir deux fois. C\u2019est sur cette boucle finale que se concentreront les attaques d\u00e9cisives, gr\u00e2ce \u00e0 une succession de c\u00f4tes courtes, mais explosives, o\u00f9 les puncheurs pourront faire la diff\u00e9rence.<\/p>\n<p style=\"text-align: justify;\">Parmi les principales difficult\u00e9s du jour, on retrouve notamment le <strong>Col de Toullaeron<\/strong>, <strong>Ty Coz<\/strong>, <strong>Kergoat<\/strong> ou encore Marta, avant les ascensions finales de <strong>Rostervel<\/strong> (1,4 km \u00e0 4,2 %), plac\u00e9e \u00e0 9 km de l\u2019arriv\u00e9e, et du <strong>Lezot<\/strong> (0,9 km \u00e0 5,1 %), derni\u00e8re rampe \u00e0 seulement 4 km du but. Ces deux bosses constituent souvent les juges de paix de la course, capables de d\u00e9cider entre une arriv\u00e9e group\u00e9e ou un petit comit\u00e9 de costauds.<\/p>\n<p style=\"text-align: justify;\">En r\u00e9sum\u00e9, l\u2019\u00e9dition 2025 de la <strong>Bretagne Classic<\/strong> propose un parcours s\u00e9lectif et usant, taill\u00e9 pour les coureurs endurants capables d\u2019encha\u00eener les efforts explosifs. Les sprinteurs r\u00e9sistants, s\u2019ils parviennent \u00e0 survivre aux multiples ascensions, pourront esp\u00e9rer un sprint r\u00e9duit \u00e0 <strong>Plouay<\/strong>. Mais les puncheurs et attaquants, eux, trouveront dans ce trac\u00e9 un terrain id\u00e9al pour dynamiter la course dans le final.<\/p>\n<h2 style=\"text-align: justify;\">Le profil de la Bretagne Classic 2025<\/h2>\n<div id=\"attachment_606848\" style=\"width: 1610px\" class=\"wp-caption aligncenter\"><a href=\"https:\/\/dicodusport.fr\/blog\/wp-content\/uploads\/2025\/08\/Profil-de-la-Bretagne-Classic-2025-autour-de-Plouay.webp\"><img loading=\"lazy\" decoding=\"async\" aria-describedby=\"caption-attachment-606848\" class=\"size-full wp-image-606848\" src=\"https:\/\/dicodusport.fr\/blog\/wp-content\/uploads\/2025\/08\/Profil-de-la-Bretagne-Classic-2025-autour-de-Plouay.webp\" alt=\"Profil de la Bretagne Classic 2025 autour de Plouay\" width=\"1600\" height=\"672\" srcset=\"https:\/\/dicodusport.fr\/blog\/wp-content\/uploads\/2025\/08\/Profil-de-la-Bretagne-Classic-2025-autour-de-Plouay.webp 1600w, https:\/\/dicodusport.fr\/blog\/wp-content\/uploads\/2025\/08\/Profil-de-la-Bretagne-Classic-2025-autour-de-Plouay-300x126.webp 300w, https:\/\/dicodusport.fr\/blog\/wp-content\/uploads\/2025\/08\/Profil-de-la-Bretagne-Classic-2025-autour-de-Plouay-1024x430.webp 1024w, https:\/\/dicodusport.fr\/blog\/wp-content\/uploads\/2025\/08\/Profil-de-la-Bretagne-Classic-2025-autour-de-Plouay-768x323.webp 768w, https:\/\/dicodusport.fr\/blog\/wp-content\/uploads\/2025\/08\/Profil-de-la-Bretagne-Classic-2025-autour-de-Plouay-1536x645.webp 1536w\" sizes=\"auto, (max-width: 1600px) 100vw, 1600px\" \/><\/a><p id=\"caption-attachment-606848\" class=\"wp-caption-text\">Profil de la Bretagne Classic 2025 autour de Plouay<\/p><\/div>\n<h2>Les favoris de la Bretagne Classic 2025<\/h2>\n<p style=\"text-align: justify;\"><a href=\"https:\/\/dicodusport.fr\/blog\/circuit-de-getxo-2025-isaac-del-toro-simpose-avec-autorite\/\">DEL TORO Isaac<\/a> (UAE Team Emirates XRG)<\/p>\n<p style=\"text-align: justify;\">HIRSCHI Marc (Tudor Pro Cycling)<\/p>\n<p style=\"text-align: justify;\">GIRMAY Biniam (Intermarch\u00e9 &#8211; Wanty)<\/p>\n<p style=\"text-align: justify;\"><a href=\"https:\/\/dicodusport.fr\/blog\/tag\/paul-magnier\/\">MAGNIER Paul<\/a> (Soudal Quick-Step)<\/p>\n<p style=\"text-align: justify;\"><a href=\"https:\/\/dicodusport.fr\/blog\/cyclisme-y-a-t-il-un-malaise-arnaud-de-lie-chez-lotto\/\">DE LIE Arnaud<\/a> (Lotto)<\/p>\n<p style=\"text-align: justify;\">GR\u00c9GOIRE Romain (Groupama-FDJ)<\/p>\n<p style=\"text-align: justify;\">KOOIJ Olav (Visma Lease a Bike)<\/p>\n<h2 style=\"text-align: justify;\">Palmar\u00e8s r\u00e9cent de la Bretagne Classic<\/h2>\n<p style=\"text-align: justify;\"><strong>2024<\/strong> &#8211; HIRSCHI Marc &#8211; <a href=\"https:\/\/dicodusport.fr\/blog\/classement-bretagne-classic-2024\/\"><em>Classement<\/em><\/a><\/p>\n<p style=\"text-align: justify;\"><strong>2023<\/strong> &#8211; MADOUAS Valentin &#8211; <a href=\"https:\/\/dicodusport.fr\/blog\/classement-bretagne-classic-2023\/\"><em>Classement<\/em><\/a><\/p>\n<p style=\"text-align: justify;\"><strong>2022<\/strong> &#8211; VAN AERT Wout &#8211; <a href=\"https:\/\/dicodusport.fr\/blog\/classement-bretagne-classic-2022\/\"><em>Classement<\/em><\/a><\/p>\n<p style=\"text-align: justify;\"><strong>2021<\/strong> &#8211; COSNEFROY Beno\u00eet &#8211; <a href=\"https:\/\/dicodusport.fr\/blog\/bretagne-classic-2021-le-classement\/\"><em>Classement<\/em><\/a><\/p>\n<p style=\"text-align: justify;\"><strong>2020<\/strong> &#8211; MATTHEWS Michael<\/p>\n<p style=\"text-align: justify;\"><strong>2019<\/strong> &#8211; VANMARCKE Sep<\/p>\n<p style=\"text-align: justify;\"><strong>2018<\/strong> &#8211; NAESEN Oliver<\/p>\n<p style=\"text-align: justify;\"><strong>2017<\/strong> &#8211; VIVIANI Elia<\/p>\n<p style=\"text-align: justify;\"><strong>2016<\/strong> &#8211; NAESEN Oliver<\/p>\n<p style=\"text-align: justify;\"><strong>2015<\/strong> &#8211; KRISTOFF Alexander<\/p>\n","protected":false},"excerpt":{"rendered":"<p>Retrouvez le parcours d\u00e9taill\u00e9, le profil et les favoris de la Bretagne Classic, ex-Grand Prix de Plouay, qui se d\u00e9roule ce dimanche 31 ao\u00fbt 2025.<\/p>\n","protected":false},"author":48,"featured_media":606860,"comment_status":"open","ping_status":"closed","sticky":false,"template":"","format":"standard","meta":{"_acf_changed":false,"_daextam_enable_autolinks":"1","footnotes":""},"categories":[46994],"tags":[32415,8662,16878,574,11197],"class_list":["post-606396","post","type-post","status-publish","format-standard","has-post-thumbnail","hentry","category-cyclisme-sur-route","tag-actu","tag-bretagne-classic","tag-breve","tag-cyclisme","tag-cyclisme-sur-route"],"acf":[],"yoast_head":"<!-- This site is optimized with the Yoast SEO Premium plugin v26.7 (Yoast SEO v26.7) - https:\/\/yoast.com\/wordpress\/plugins\/seo\/ -->\n<title>Bretagne Classic 2025 : Parcours, Profil et Favoris<\/title>\n<meta name=\"description\" content=\"Retrouvez le parcours d\u00e9taill\u00e9, le profil et les favoris de la Bretagne Classic, ex-Grand Prix de Plouay, qui se d\u00e9roule ce dimanche 31 ao\u00fbt 2025.\" \/>\n<meta name=\"robots\" content=\"index, follow, max-snippet:-1, max-image-preview:large, max-video-preview:-1\" \/>\n<link rel=\"canonical\" href=\"https:\/\/dicodusport.fr\/blog\/bretagne-classic-2025-parcours-complet-profil-et-favoris\/\" \/>\n<meta property=\"og:locale\" content=\"fr_FR\" \/>\n<meta property=\"og:type\" content=\"article\" \/>\n<meta property=\"og:title\" content=\"Bretagne Classic 2025 : Parcours, Profil et Favoris\" \/>\n<meta property=\"og:description\" content=\"Retrouvez le parcours d\u00e9taill\u00e9, le profil et les favoris de la Bretagne Classic, ex-Grand Prix de Plouay, qui se d\u00e9roule ce dimanche 31 ao\u00fbt 2025.\" \/>\n<meta property=\"og:url\" content=\"https:\/\/dicodusport.fr\/blog\/bretagne-classic-2025-parcours-complet-profil-et-favoris\/\" \/>\n<meta property=\"og:site_name\" content=\"Dicodusport\" \/>\n<meta property=\"article:publisher\" content=\"https:\/\/www.facebook.com\/dicodusport\" \/>\n<meta property=\"article:author\" content=\"https:\/\/www.facebook.com\/groups\/LesRoisDuPeloton\" \/>\n<meta property=\"article:published_time\" content=\"2025-08-31T08:10:34+00:00\" \/>\n<meta property=\"article:modified_time\" content=\"2025-08-31T08:38:51+00:00\" \/>\n<meta property=\"og:image\" content=\"https:\/\/dicodusport.fr\/blog\/wp-content\/uploads\/2025\/08\/Bretagne-Classic-2025-Parcours-complet-profil-et-favoris.png\" \/>\n\t<meta property=\"og:image:width\" content=\"1200\" \/>\n\t<meta property=\"og:image:height\" content=\"674\" \/>\n\t<meta property=\"og:image:type\" content=\"image\/png\" \/>\n<meta name=\"author\" content=\"Emilien Descampiaux\" \/>\n<meta name=\"twitter:card\" content=\"summary_large_image\" \/>\n<meta name=\"twitter:title\" content=\"Bretagne Classic 2025 : Parcours, Profil et Favoris\" \/>\n<meta name=\"twitter:creator\" content=\"@https:\/\/twitter.com\/LRoisDuPeloton\" \/>\n<meta name=\"twitter:site\" content=\"@dicodusport\" \/>\n<script type=\"application\/ld+json\" class=\"yoast-schema-graph\">{\"@context\":\"https:\/\/schema.org\",\"@graph\":[{\"@type\":\"NewsArticle\",\"@id\":\"https:\/\/dicodusport.fr\/blog\/bretagne-classic-2025-parcours-complet-profil-et-favoris\/#article\",\"isPartOf\":{\"@id\":\"https:\/\/dicodusport.fr\/blog\/bretagne-classic-2025-parcours-complet-profil-et-favoris\/\"},\"author\":{\"name\":\"Emilien Descampiaux\",\"@id\":\"https:\/\/dicodusport.fr\/blog\/#\/schema\/person\/6db4bae06b171592211be385b32876a7\"},\"headline\":\"Bretagne Classic 2025 : Parcours, Profil et Favoris\",\"datePublished\":\"2025-08-31T08:10:34+00:00\",\"dateModified\":\"2025-08-31T08:38:51+00:00\",\"mainEntityOfPage\":{\"@id\":\"https:\/\/dicodusport.fr\/blog\/bretagne-classic-2025-parcours-complet-profil-et-favoris\/\"},\"wordCount\":592,\"commentCount\":0,\"publisher\":{\"@id\":\"https:\/\/dicodusport.fr\/blog\/#organization\"},\"image\":{\"@id\":\"https:\/\/dicodusport.fr\/blog\/bretagne-classic-2025-parcours-complet-profil-et-favoris\/#primaryimage\"},\"thumbnailUrl\":\"https:\/\/dicodusport.fr\/blog\/wp-content\/uploads\/2025\/08\/Bretagne-Classic-2025-Parcours-complet-profil-et-favoris.png\",\"keywords\":[\"actu\",\"Bretagne Classic\",\"br\u00e8ve\",\"Cyclisme\",\"Cyclisme sur route\"],\"articleSection\":[\"Cyclisme sur route\"],\"inLanguage\":\"fr-FR\",\"potentialAction\":[{\"@type\":\"CommentAction\",\"name\":\"Comment\",\"target\":[\"https:\/\/dicodusport.fr\/blog\/bretagne-classic-2025-parcours-complet-profil-et-favoris\/#respond\"]}],\"copyrightYear\":\"2025\",\"copyrightHolder\":{\"@id\":\"https:\/\/dicodusport.fr\/blog\/#organization\"}},{\"@type\":\"WebPage\",\"@id\":\"https:\/\/dicodusport.fr\/blog\/bretagne-classic-2025-parcours-complet-profil-et-favoris\/\",\"url\":\"https:\/\/dicodusport.fr\/blog\/bretagne-classic-2025-parcours-complet-profil-et-favoris\/\",\"name\":\"Bretagne Classic 2025 : Parcours, Profil et Favoris\",\"isPartOf\":{\"@id\":\"https:\/\/dicodusport.fr\/blog\/#website\"},\"primaryImageOfPage\":{\"@id\":\"https:\/\/dicodusport.fr\/blog\/bretagne-classic-2025-parcours-complet-profil-et-favoris\/#primaryimage\"},\"image\":{\"@id\":\"https:\/\/dicodusport.fr\/blog\/bretagne-classic-2025-parcours-complet-profil-et-favoris\/#primaryimage\"},\"thumbnailUrl\":\"https:\/\/dicodusport.fr\/blog\/wp-content\/uploads\/2025\/08\/Bretagne-Classic-2025-Parcours-complet-profil-et-favoris.png\",\"datePublished\":\"2025-08-31T08:10:34+00:00\",\"dateModified\":\"2025-08-31T08:38:51+00:00\",\"description\":\"Retrouvez le parcours d\u00e9taill\u00e9, le profil et les favoris de la Bretagne Classic, ex-Grand Prix de Plouay, qui se d\u00e9roule ce dimanche 31 ao\u00fbt 2025.\",\"breadcrumb\":{\"@id\":\"https:\/\/dicodusport.fr\/blog\/bretagne-classic-2025-parcours-complet-profil-et-favoris\/#breadcrumb\"},\"inLanguage\":\"fr-FR\",\"potentialAction\":[{\"@type\":\"ReadAction\",\"target\":[\"https:\/\/dicodusport.fr\/blog\/bretagne-classic-2025-parcours-complet-profil-et-favoris\/\"]}]},{\"@type\":\"ImageObject\",\"inLanguage\":\"fr-FR\",\"@id\":\"https:\/\/dicodusport.fr\/blog\/bretagne-classic-2025-parcours-complet-profil-et-favoris\/#primaryimage\",\"url\":\"https:\/\/dicodusport.fr\/blog\/wp-content\/uploads\/2025\/08\/Bretagne-Classic-2025-Parcours-complet-profil-et-favoris.png\",\"contentUrl\":\"https:\/\/dicodusport.fr\/blog\/wp-content\/uploads\/2025\/08\/Bretagne-Classic-2025-Parcours-complet-profil-et-favoris.png\",\"width\":1200,\"height\":674,\"caption\":\"Bretagne Classic 2025 Parcours complet, profil et favoris\"},{\"@type\":\"BreadcrumbList\",\"@id\":\"https:\/\/dicodusport.fr\/blog\/bretagne-classic-2025-parcours-complet-profil-et-favoris\/#breadcrumb\",\"itemListElement\":[{\"@type\":\"ListItem\",\"position\":1,\"name\":\"Accueil\",\"item\":\"https:\/\/dicodusport.fr\/blog\/\"},{\"@type\":\"ListItem\",\"position\":2,\"name\":\"Bretagne Classic 2025 : Parcours, Profil et Favoris\"}]},{\"@type\":\"WebSite\",\"@id\":\"https:\/\/dicodusport.fr\/blog\/#website\",\"url\":\"https:\/\/dicodusport.fr\/blog\/\",\"name\":\"Dicodusport\",\"description\":\"L&#039;encyclop\u00e9die de l&#039;actualit\u00e9 sportive\",\"publisher\":{\"@id\":\"https:\/\/dicodusport.fr\/blog\/#organization\"},\"potentialAction\":[{\"@type\":\"SearchAction\",\"target\":{\"@type\":\"EntryPoint\",\"urlTemplate\":\"https:\/\/dicodusport.fr\/blog\/?s={search_term_string}\"},\"query-input\":{\"@type\":\"PropertyValueSpecification\",\"valueRequired\":true,\"valueName\":\"search_term_string\"}}],\"inLanguage\":\"fr-FR\"},{\"@type\":\"NewsMediaOrganization\",\"@id\":\"https:\/\/dicodusport.fr\/blog\/#organization\",\"name\":\"Dicodusport\",\"url\":\"https:\/\/dicodusport.fr\/blog\/\",\"logo\":{\"@type\":\"ImageObject\",\"inLanguage\":\"fr-FR\",\"@id\":\"https:\/\/dicodusport.fr\/blog\/#\/schema\/logo\/image\/\",\"url\":\"https:\/\/dicodusport.fr\/blog\/wp-content\/uploads\/2020\/06\/cropped-LOGO-DICODUSPORT-2020-SANS-FOND-SANS-TEXTE.png\",\"contentUrl\":\"https:\/\/dicodusport.fr\/blog\/wp-content\/uploads\/2020\/06\/cropped-LOGO-DICODUSPORT-2020-SANS-FOND-SANS-TEXTE.png\",\"width\":512,\"height\":512,\"caption\":\"Dicodusport\"},\"image\":{\"@id\":\"https:\/\/dicodusport.fr\/blog\/#\/schema\/logo\/image\/\"},\"sameAs\":[\"https:\/\/www.facebook.com\/dicodusport\",\"https:\/\/x.com\/dicodusport\",\"https:\/\/www.instagram.com\/dicodusport\/\",\"https:\/\/www.youtube.com\/channel\/UC7V2KZ5sd3htJivAbA4ZG3w\"],\"description\":\"Dicodusport est l'encyclop\u00e9die de l'actualit\u00e9 sportive.\",\"email\":\"bonjour@dicodusport.fr\",\"legalName\":\"DICODUSPORT\",\"foundingDate\":\"2018-01-14\",\"vatID\":\"FR71834470973\",\"taxID\":\"83447097300043\",\"numberOfEmployees\":{\"@type\":\"QuantitativeValue\",\"minValue\":\"1\",\"maxValue\":\"10\"}},{\"@type\":\"Person\",\"@id\":\"https:\/\/dicodusport.fr\/blog\/#\/schema\/person\/6db4bae06b171592211be385b32876a7\",\"name\":\"Emilien Descampiaux\",\"image\":{\"@type\":\"ImageObject\",\"inLanguage\":\"fr-FR\",\"@id\":\"https:\/\/dicodusport.fr\/blog\/#\/schema\/person\/image\/\",\"url\":\"https:\/\/dicodusport.fr\/blog\/wp-content\/uploads\/2021\/05\/Emilien-Descampiaux-150x150.jpg\",\"contentUrl\":\"https:\/\/dicodusport.fr\/blog\/wp-content\/uploads\/2021\/05\/Emilien-Descampiaux-150x150.jpg\",\"caption\":\"Emilien Descampiaux\"},\"description\":\"Journaliste\/r\u00e9dacteur depuis 2014 - Fan de la classe de Frank Vandenbroucke, je vis cyclisme (et de ses paysages) depuis plus de 20 ans. Je suis tr\u00e8s impliqu\u00e9 sur mes diff\u00e9rents r\u00e9seaux sociaux pour partager ma passion sur le monde et l'Histoire de la bicyclette avec ma voix sur les images en noir et blanc du succ\u00e8s de Rik Van Steenbergen lors du Ronde sur le V\u00e9lodrome de Gand.\",\"sameAs\":[\"https:\/\/www.facebook.com\/groups\/LesRoisDuPeloton\",\"https:\/\/x.com\/https:\/\/twitter.com\/LRoisDuPeloton\"],\"url\":\"https:\/\/dicodusport.fr\/blog\/author\/emiliend\/\"}]}<\/script>\n<!-- \/ Yoast SEO Premium plugin. -->","yoast_head_json":{"title":"Bretagne Classic 2025 : Parcours, Profil et Favoris","description":"Retrouvez le parcours d\u00e9taill\u00e9, le profil et les favoris de la Bretagne Classic, ex-Grand Prix de Plouay, qui se d\u00e9roule ce dimanche 31 ao\u00fbt 2025.","robots":{"index":"index","follow":"follow","max-snippet":"max-snippet:-1","max-image-preview":"max-image-preview:large","max-video-preview":"max-video-preview:-1"},"canonical":"https:\/\/dicodusport.fr\/blog\/bretagne-classic-2025-parcours-complet-profil-et-favoris\/","og_locale":"fr_FR","og_type":"article","og_title":"Bretagne Classic 2025 : Parcours, Profil et Favoris","og_description":"Retrouvez le parcours d\u00e9taill\u00e9, le profil et les favoris de la Bretagne Classic, ex-Grand Prix de Plouay, qui se d\u00e9roule ce dimanche 31 ao\u00fbt 2025.","og_url":"https:\/\/dicodusport.fr\/blog\/bretagne-classic-2025-parcours-complet-profil-et-favoris\/","og_site_name":"Dicodusport","article_publisher":"https:\/\/www.facebook.com\/dicodusport","article_author":"https:\/\/www.facebook.com\/groups\/LesRoisDuPeloton","article_published_time":"2025-08-31T08:10:34+00:00","article_modified_time":"2025-08-31T08:38:51+00:00","og_image":[{"width":1200,"height":674,"url":"https:\/\/dicodusport.fr\/blog\/wp-content\/uploads\/2025\/08\/Bretagne-Classic-2025-Parcours-complet-profil-et-favoris.png","type":"image\/png"}],"author":"Emilien Descampiaux","twitter_card":"summary_large_image","twitter_title":"Bretagne Classic 2025 : Parcours, Profil et Favoris","twitter_creator":"@https:\/\/twitter.com\/LRoisDuPeloton","twitter_site":"@dicodusport","schema":{"@context":"https:\/\/schema.org","@graph":[{"@type":"NewsArticle","@id":"https:\/\/dicodusport.fr\/blog\/bretagne-classic-2025-parcours-complet-profil-et-favoris\/#article","isPartOf":{"@id":"https:\/\/dicodusport.fr\/blog\/bretagne-classic-2025-parcours-complet-profil-et-favoris\/"},"author":{"name":"Emilien Descampiaux","@id":"https:\/\/dicodusport.fr\/blog\/#\/schema\/person\/6db4bae06b171592211be385b32876a7"},"headline":"Bretagne Classic 2025 : Parcours, Profil et Favoris","datePublished":"2025-08-31T08:10:34+00:00","dateModified":"2025-08-31T08:38:51+00:00","mainEntityOfPage":{"@id":"https:\/\/dicodusport.fr\/blog\/bretagne-classic-2025-parcours-complet-profil-et-favoris\/"},"wordCount":592,"commentCount":0,"publisher":{"@id":"https:\/\/dicodusport.fr\/blog\/#organization"},"image":{"@id":"https:\/\/dicodusport.fr\/blog\/bretagne-classic-2025-parcours-complet-profil-et-favoris\/#primaryimage"},"thumbnailUrl":"https:\/\/dicodusport.fr\/blog\/wp-content\/uploads\/2025\/08\/Bretagne-Classic-2025-Parcours-complet-profil-et-favoris.png","keywords":["actu","Bretagne Classic","br\u00e8ve","Cyclisme","Cyclisme sur route"],"articleSection":["Cyclisme sur route"],"inLanguage":"fr-FR","potentialAction":[{"@type":"CommentAction","name":"Comment","target":["https:\/\/dicodusport.fr\/blog\/bretagne-classic-2025-parcours-complet-profil-et-favoris\/#respond"]}],"copyrightYear":"2025","copyrightHolder":{"@id":"https:\/\/dicodusport.fr\/blog\/#organization"}},{"@type":"WebPage","@id":"https:\/\/dicodusport.fr\/blog\/bretagne-classic-2025-parcours-complet-profil-et-favoris\/","url":"https:\/\/dicodusport.fr\/blog\/bretagne-classic-2025-parcours-complet-profil-et-favoris\/","name":"Bretagne Classic 2025 : Parcours, Profil et Favoris","isPartOf":{"@id":"https:\/\/dicodusport.fr\/blog\/#website"},"primaryImageOfPage":{"@id":"https:\/\/dicodusport.fr\/blog\/bretagne-classic-2025-parcours-complet-profil-et-favoris\/#primaryimage"},"image":{"@id":"https:\/\/dicodusport.fr\/blog\/bretagne-classic-2025-parcours-complet-profil-et-favoris\/#primaryimage"},"thumbnailUrl":"https:\/\/dicodusport.fr\/blog\/wp-content\/uploads\/2025\/08\/Bretagne-Classic-2025-Parcours-complet-profil-et-favoris.png","datePublished":"2025-08-31T08:10:34+00:00","dateModified":"2025-08-31T08:38:51+00:00","description":"Retrouvez le parcours d\u00e9taill\u00e9, le profil et les favoris de la Bretagne Classic, ex-Grand Prix de Plouay, qui se d\u00e9roule ce dimanche 31 ao\u00fbt 2025.","breadcrumb":{"@id":"https:\/\/dicodusport.fr\/blog\/bretagne-classic-2025-parcours-complet-profil-et-favoris\/#breadcrumb"},"inLanguage":"fr-FR","potentialAction":[{"@type":"ReadAction","target":["https:\/\/dicodusport.fr\/blog\/bretagne-classic-2025-parcours-complet-profil-et-favoris\/"]}]},{"@type":"ImageObject","inLanguage":"fr-FR","@id":"https:\/\/dicodusport.fr\/blog\/bretagne-classic-2025-parcours-complet-profil-et-favoris\/#primaryimage","url":"https:\/\/dicodusport.fr\/blog\/wp-content\/uploads\/2025\/08\/Bretagne-Classic-2025-Parcours-complet-profil-et-favoris.png","contentUrl":"https:\/\/dicodusport.fr\/blog\/wp-content\/uploads\/2025\/08\/Bretagne-Classic-2025-Parcours-complet-profil-et-favoris.png","width":1200,"height":674,"caption":"Bretagne Classic 2025 Parcours complet, profil et favoris"},{"@type":"BreadcrumbList","@id":"https:\/\/dicodusport.fr\/blog\/bretagne-classic-2025-parcours-complet-profil-et-favoris\/#breadcrumb","itemListElement":[{"@type":"ListItem","position":1,"name":"Accueil","item":"https:\/\/dicodusport.fr\/blog\/"},{"@type":"ListItem","position":2,"name":"Bretagne Classic 2025 : Parcours, Profil et Favoris"}]},{"@type":"WebSite","@id":"https:\/\/dicodusport.fr\/blog\/#website","url":"https:\/\/dicodusport.fr\/blog\/","name":"Dicodusport","description":"L&#039;encyclop\u00e9die de l&#039;actualit\u00e9 sportive","publisher":{"@id":"https:\/\/dicodusport.fr\/blog\/#organization"},"potentialAction":[{"@type":"SearchAction","target":{"@type":"EntryPoint","urlTemplate":"https:\/\/dicodusport.fr\/blog\/?s={search_term_string}"},"query-input":{"@type":"PropertyValueSpecification","valueRequired":true,"valueName":"search_term_string"}}],"inLanguage":"fr-FR"},{"@type":"NewsMediaOrganization","@id":"https:\/\/dicodusport.fr\/blog\/#organization","name":"Dicodusport","url":"https:\/\/dicodusport.fr\/blog\/","logo":{"@type":"ImageObject","inLanguage":"fr-FR","@id":"https:\/\/dicodusport.fr\/blog\/#\/schema\/logo\/image\/","url":"https:\/\/dicodusport.fr\/blog\/wp-content\/uploads\/2020\/06\/cropped-LOGO-DICODUSPORT-2020-SANS-FOND-SANS-TEXTE.png","contentUrl":"https:\/\/dicodusport.fr\/blog\/wp-content\/uploads\/2020\/06\/cropped-LOGO-DICODUSPORT-2020-SANS-FOND-SANS-TEXTE.png","width":512,"height":512,"caption":"Dicodusport"},"image":{"@id":"https:\/\/dicodusport.fr\/blog\/#\/schema\/logo\/image\/"},"sameAs":["https:\/\/www.facebook.com\/dicodusport","https:\/\/x.com\/dicodusport","https:\/\/www.instagram.com\/dicodusport\/","https:\/\/www.youtube.com\/channel\/UC7V2KZ5sd3htJivAbA4ZG3w"],"description":"Dicodusport est l'encyclop\u00e9die de l'actualit\u00e9 sportive.","email":"bonjour@dicodusport.fr","legalName":"DICODUSPORT","foundingDate":"2018-01-14","vatID":"FR71834470973","taxID":"83447097300043","numberOfEmployees":{"@type":"QuantitativeValue","minValue":"1","maxValue":"10"}},{"@type":"Person","@id":"https:\/\/dicodusport.fr\/blog\/#\/schema\/person\/6db4bae06b171592211be385b32876a7","name":"Emilien Descampiaux","image":{"@type":"ImageObject","inLanguage":"fr-FR","@id":"https:\/\/dicodusport.fr\/blog\/#\/schema\/person\/image\/","url":"https:\/\/dicodusport.fr\/blog\/wp-content\/uploads\/2021\/05\/Emilien-Descampiaux-150x150.jpg","contentUrl":"https:\/\/dicodusport.fr\/blog\/wp-content\/uploads\/2021\/05\/Emilien-Descampiaux-150x150.jpg","caption":"Emilien Descampiaux"},"description":"Journaliste\/r\u00e9dacteur depuis 2014 - Fan de la classe de Frank Vandenbroucke, je vis cyclisme (et de ses paysages) depuis plus de 20 ans. Je suis tr\u00e8s impliqu\u00e9 sur mes diff\u00e9rents r\u00e9seaux sociaux pour partager ma passion sur le monde et l'Histoire de la bicyclette avec ma voix sur les images en noir et blanc du succ\u00e8s de Rik Van Steenbergen lors du Ronde sur le V\u00e9lodrome de Gand.","sameAs":["https:\/\/www.facebook.com\/groups\/LesRoisDuPeloton","https:\/\/x.com\/https:\/\/twitter.com\/LRoisDuPeloton"],"url":"https:\/\/dicodusport.fr\/blog\/author\/emiliend\/"}]}},"_links":{"self":[{"href":"https:\/\/dicodusport.fr\/blog\/wp-json\/wp\/v2\/posts\/606396","targetHints":{"allow":["GET"]}}],"collection":[{"href":"https:\/\/dicodusport.fr\/blog\/wp-json\/wp\/v2\/posts"}],"about":[{"href":"https:\/\/dicodusport.fr\/blog\/wp-json\/wp\/v2\/types\/post"}],"author":[{"embeddable":true,"href":"https:\/\/dicodusport.fr\/blog\/wp-json\/wp\/v2\/users\/48"}],"replies":[{"embeddable":true,"href":"https:\/\/dicodusport.fr\/blog\/wp-json\/wp\/v2\/comments?post=606396"}],"version-history":[{"count":6,"href":"https:\/\/dicodusport.fr\/blog\/wp-json\/wp\/v2\/posts\/606396\/revisions"}],"predecessor-version":[{"id":607238,"href":"https:\/\/dicodusport.fr\/blog\/wp-json\/wp\/v2\/posts\/606396\/revisions\/607238"}],"wp:featuredmedia":[{"embeddable":true,"href":"https:\/\/dicodusport.fr\/blog\/wp-json\/wp\/v2\/media\/606860"}],"wp:attachment":[{"href":"https:\/\/dicodusport.fr\/blog\/wp-json\/wp\/v2\/media?parent=606396"}],"wp:term":[{"taxonomy":"category","embeddable":true,"href":"https:\/\/dicodusport.fr\/blog\/wp-json\/wp\/v2\/categories?post=606396"},{"taxonomy":"post_tag","embeddable":true,"href":"https:\/\/dicodusport.fr\/blog\/wp-json\/wp\/v2\/tags?post=606396"}],"curies":[{"name":"wp","href":"https:\/\/api.w.org\/{rel}","templated":true}]}}