{"id":606442,"date":"2025-08-29T09:58:37","date_gmt":"2025-08-29T07:58:37","guid":{"rendered":"https:\/\/dicodusport.fr\/blog\/?p=606442&#038;preview=true&#038;preview_id=606442"},"modified":"2025-08-29T09:58:37","modified_gmt":"2025-08-29T07:58:37","slug":"transferts-om-marseille-fonce-sur-nayef-aguerd","status":"publish","type":"post","link":"https:\/\/dicodusport.fr\/blog\/transferts-om-marseille-fonce-sur-nayef-aguerd\/","title":{"rendered":"Transferts OM : Marseille fonce sur Nayef Aguerd"},"content":{"rendered":"<p style=\"text-align: justify;\"><b><i>TRANSFERTS MARSEILLE &#8211; D\u00e9j\u00e0 cibl\u00e9 depuis de nombreux mois par l&rsquo;OM, Nayef Aguerd est toujours dans la ligne de mire du club phoc\u00e9en. Le Marocain est emball\u00e9 et un accord semble tout proche d&rsquo;\u00eatre trouv\u00e9.<\/i><\/b><\/p>\n<ul style=\"text-align: justify;\">\n<li><strong>\u00c0 lire aussi &#8211; <a href=\"https:\/\/dicodusport.fr\/blog\/transferts-om-accord-imminent-entre-edon-zhegrova-et-marseille\/\">Transferts OM : Accord imminent entre Edon Zhegrova et Marseille<\/a><\/strong><\/li>\n<\/ul>\n<p style=\"text-align: justify;\">Si la derni\u00e8re journ\u00e9e de mercato approche \u00e0 grands pas (1er septembre), <strong>l&rsquo;OM<\/strong> n&rsquo;en a pas encore fini de son recrutement estival. Et pour cause, alors qu&rsquo;<strong>Hamed Junior Traor\u00e9<\/strong> vient tout juste de d\u00e9barquer sur la c\u00f4te d&rsquo;Azur et qu&rsquo;il attend de passer sa visite m\u00e9dicale pour officialiser son transfert, on attend encore 3 \u00e0 4 joueurs suppl\u00e9mentaires chez les <strong>Marseillais<\/strong>. Du renfort en d\u00e9fense et un joueur au milieu de terrain sont encore dans les dossiers chauds de <strong>Medhi Benatia<\/strong> et de sa cellule de recrutement.<\/p>\n<div class=\"vlp-link-container vlp-layout-article\"><a href=\"https:\/\/dicodusport.fr\/blog\/transferts-om-hamed-junior-traore-signe-a-marseille\/\" class=\"vlp-link\" title=\"Transferts OM : Hamed Junior Traor\u00e9 signe \u00e0 Marseille\"><\/a><div class=\"vlp-layout-zone-side\"><div class=\"vlp-block-4 vlp-link-image\"><img loading=\"lazy\" decoding=\"async\" style=\"max-width: 792px;\" width=\"792\" height=\"445\" src=\"https:\/\/dicodusport.fr\/blog\/wp-content\/uploads\/2025\/08\/Transferts-OM-Hamed-Junior-Traore-signe-a-Marseille.png\" class=\"attachment-800x445 size-800x445\" alt=\"\" srcset=\"https:\/\/dicodusport.fr\/blog\/wp-content\/uploads\/2025\/08\/Transferts-OM-Hamed-Junior-Traore-signe-a-Marseille.png 1200w, https:\/\/dicodusport.fr\/blog\/wp-content\/uploads\/2025\/08\/Transferts-OM-Hamed-Junior-Traore-signe-a-Marseille-300x169.png 300w, https:\/\/dicodusport.fr\/blog\/wp-content\/uploads\/2025\/08\/Transferts-OM-Hamed-Junior-Traore-signe-a-Marseille-1024x575.png 1024w, https:\/\/dicodusport.fr\/blog\/wp-content\/uploads\/2025\/08\/Transferts-OM-Hamed-Junior-Traore-signe-a-Marseille-768x431.png 768w\" sizes=\"auto, (max-width: 792px) 100vw, 792px\" \/><\/div><\/div><div class=\"vlp-layout-zone-main\"><div class=\"vlp-block-0 vlp-link-title\">Transferts OM : Hamed Junior Traor\u00e9 signe \u00e0 Marseille<\/div><div class=\"vlp-block-1 vlp-link-summary\">TRANSFERTS - Selon Fabrizio Romano, Hamed Junior Traor\u00e9 va s'engager avec l'Olympique de Marseille dans les heures \u00e0 venir.<\/div><div class=\"vlp-block-2 vlp-link-button\">Lire l'article<\/div><div class=\"vlp-block-3 vlp-link-url\">dicodusport.fr<\/div><\/div><\/div>\n<h2 style=\"text-align: justify;\">Aguerd et plusieurs piliers<\/h2>\n<p style=\"text-align: justify;\">Orphelins d&rsquo;<strong>Adrien Rabiot<\/strong> et de <strong>Jonathan Rowe<\/strong> depuis les houleux \u00e9v\u00e8nements de la fin du match face \u00e0 <strong>Rennes<\/strong> (J1), <strong>l&rsquo;OM<\/strong> a enclench\u00e9 la seconde sur le march\u00e9 des transferts pour tenter d&rsquo;aligner l&rsquo;\u00e9quipe la plus comp\u00e9titive possible. Avec la campagne de <b>Ligue des champions<\/b>\u00a0comme ligne de mire \u00e0 l&rsquo;horizon, l&rsquo;objectif est clair pour <strong>Roberto De Zerbi<\/strong> et ses dirigeants : ne plus faire figuration.<\/p>\n<ul style=\"text-align: justify;\">\n<li><strong>\u00c0 ce sujet &#8211; <a href=\"https:\/\/dicodusport.fr\/blog\/ligue-des-champions-2025-2026-tirage-au-sort-et-adversaires-de-marseille\/\">Ligue des champions\u00a02025-2026 : Tirage au sort et adversaires de Marseille<\/a><\/strong><\/li>\n<\/ul>\n<p style=\"text-align: justify;\">Alors dans la cit\u00e9 phoc\u00e9enne, on a cern\u00e9 quelques noms pour se renforcer en vue de ce retour en <strong>C1<\/strong>. Annonc\u00e9 depuis de nombreuses semaines, <strong>Joel Ord\u00f3\u00f1ez\u00a0<\/strong>se rapproche encore un peu plus de <strong>l&rsquo;OM<\/strong>. Le joueur est d\u00e9termin\u00e9 \u00e0 rejoindre la <strong>Canebi\u00e8re<\/strong> et les discussions avancent entre les deux parties. Mais en parall\u00e8le, <strong>Marseille<\/strong> avance sur d&rsquo;autres dossiers, sans pour autant rel\u00e9guer <strong>Ord\u00f3\u00f1ez<\/strong>\u00a0en bas de la pile, joueur qui reste la priorit\u00e9 pour <strong>l&rsquo;OM<\/strong>. Ainsi, c&rsquo;est vers la <strong>Premier League<\/strong> que les <strong>Phoc\u00e9ens<\/strong> se sont tourn\u00e9s pour renforcer leur d\u00e9fense.<\/p>\n<h2 style=\"text-align: justify;\">L&rsquo;OM attaque \u00e0 nouveau<\/h2>\n<p style=\"text-align: justify;\">Si le nom ne dit peut-\u00eatre rien aux plus jeunes, il r\u00e9sonne surement dans les souvenirs des puristes de la Ligue 1. Connaisseur du <strong>championnat de France<\/strong> puisqu&rsquo;il y a disput\u00e9 une centaine de matches avec <strong>Rennes<\/strong> (91 matches, 9 buts), <strong>Nayef Aguerd<\/strong> pourrait profiter de l&rsquo;opportunit\u00e9 offerte par <strong>l&rsquo;OM<\/strong> pour signer son retour dans l&rsquo;hexagone. Ultra actif cette saison alors que <strong>West Ham<\/strong> l&rsquo;a pr\u00eat\u00e9 en <strong>Liga<\/strong>, chez les <strong>Basques<\/strong> de la <strong>Real Sociedad<\/strong>, le d\u00e9fenseur central marocain s&rsquo;est illustr\u00e9 en disputant 36 matches TCC.<\/p>\n<blockquote class=\"twitter-tweet\">\n<p dir=\"ltr\" lang=\"fr\">\ud83d\udea8EXCL <a href=\"https:\/\/twitter.com\/hashtag\/mercatOM?src=hash&amp;ref_src=twsrc%5Etfw\">#mercatOM<\/a> \ud83d\udd35\u26aa\ufe0f<\/p>\n<p>\ud83d\udca3L&rsquo;OM acc\u00e9l\u00e9re fort sur Nayef Aguerd \ud83c\uddf2\ud83c\udde6<\/p>\n<p>\ud83d\udde3\ufe0f Discussions en cours avec West Ham \ud83c\udff4\udb40\udc67\udb40\udc62\udb40\udc65\udb40\udc6e\udb40\udc67\udb40\udc7f<\/p>\n<p>\u2705\ufe0f recrutement ind\u00e9pendant de celui de Jo\u00ebl Ordo\u00f1ez que l&rsquo;OM veut toujours faire<\/p>\n<p>\ud83d\udcb0 Sunderland a fait une offre \u00e0 West Ham pour le marocain<\/p>\n<p>\ud83d\udd25Caliente\u2026 <a href=\"https:\/\/t.co\/BDao1gvrIL\">pic.twitter.com\/BDao1gvrIL<\/a><\/p>\n<p>\u2014 S\u00e9bastien Denis (@sebnonda) <a href=\"https:\/\/twitter.com\/sebnonda\/status\/1961320437431800265?ref_src=twsrc%5Etfw\">August 29, 2025<\/a><\/p><\/blockquote>\n<p style=\"text-align: justify;\"><script async src=\"https:\/\/platform.twitter.com\/widgets.js\" charset=\"utf-8\"><\/script><\/p>\n<p style=\"text-align: justify;\">Si d&rsquo;autres clubs en <strong>Europe<\/strong> ont \u00e9prouv\u00e9 de l&rsquo;int\u00e9r\u00eat pour le joueur de 29 ans comme le promu anglais <strong>Sunderland<\/strong>, <strong>l&rsquo;OM<\/strong> est en tr\u00e8s bonne posture pour s&rsquo;attirer les services de l&rsquo;international marocain. Apr\u00e8s une premi\u00e8re approche concluante fin juin de <strong>Medhi Benatia<\/strong> et de sa bande, <strong>l&rsquo;OM<\/strong> passe \u00e0 l&rsquo;attaque \u00e0 nouveau et acc\u00e9l\u00e8re sur le dossier <strong>Aguerd<\/strong>. Si tout se d\u00e9roule correctement et au vu de l&rsquo;int\u00e9r\u00eat assum\u00e9 du joueur pour le club de la cit\u00e9 phoc\u00e9enne, les <strong>Marseillais<\/strong> pourrait attraper dans leur filet un sacr\u00e9 \u00e9l\u00e9ment. V\u00e9ritable roc en d\u00e9fense, joueur exp\u00e9riment\u00e9, leader de vestiaire et poison sur coup de pied arr\u00eat\u00e9, <strong>l&rsquo;OM<\/strong> est en passe de r\u00e9ussir un gros coup dans la derni\u00e8re ligne droite de ce mercato estival.<\/p>\n<h3 style=\"text-align: justify;\">\u00c0 lire aussi<\/h3>\n<div class=\"vlp-link-container vlp-layout-article\"><a href=\"https:\/\/dicodusport.fr\/blog\/mercato-om-2025-2026-le-tableau-complet-des-transferts-arrivees-et-departs\/\" class=\"vlp-link\" title=\"Mercato OM 2025-2026 : Le tableau complet des transferts, arriv\u00e9es et d\u00e9parts\"><\/a><div class=\"vlp-layout-zone-side\"><div class=\"vlp-block-4 vlp-link-image\"><img loading=\"lazy\" decoding=\"async\" style=\"max-width: 792px;\" width=\"792\" height=\"445\" src=\"https:\/\/dicodusport.fr\/blog\/wp-content\/uploads\/2025\/05\/Mercato-OM-2025-2026-Le-tableau-complet-des-transferts-arrivees-et-departs.png\" class=\"attachment-800x445 size-800x445\" alt=\"Mercato OM 2025-2026 Le tableau complet des transferts, arriv\u00e9es et d\u00e9parts\" srcset=\"https:\/\/dicodusport.fr\/blog\/wp-content\/uploads\/2025\/05\/Mercato-OM-2025-2026-Le-tableau-complet-des-transferts-arrivees-et-departs.png 1200w, https:\/\/dicodusport.fr\/blog\/wp-content\/uploads\/2025\/05\/Mercato-OM-2025-2026-Le-tableau-complet-des-transferts-arrivees-et-departs-300x169.png 300w, https:\/\/dicodusport.fr\/blog\/wp-content\/uploads\/2025\/05\/Mercato-OM-2025-2026-Le-tableau-complet-des-transferts-arrivees-et-departs-1024x575.png 1024w, https:\/\/dicodusport.fr\/blog\/wp-content\/uploads\/2025\/05\/Mercato-OM-2025-2026-Le-tableau-complet-des-transferts-arrivees-et-departs-768x431.png 768w\" sizes=\"auto, (max-width: 792px) 100vw, 792px\" \/><\/div><\/div><div class=\"vlp-layout-zone-main\"><div class=\"vlp-block-0 vlp-link-title\">Mercato OM 2025-2026 : Le tableau complet des transferts, arriv\u00e9es et d\u00e9parts<\/div><div class=\"vlp-block-1 vlp-link-summary\">TRANSFERTS OM - Retrouvez tous les mouvements de l'Olympique de Marseille pour l'intersaison 2025 en Ligue 1. Arriv\u00e9es, d\u00e9part, pr\u00eats, transferts d\u00e9finitifs, ne ratez rien du mercato estival.\u00a0<\/div><div class=\"vlp-block-2 vlp-link-button\">Lire l'article<\/div><div class=\"vlp-block-3 vlp-link-url\">dicodusport.fr<\/div><\/div><\/div>\n","protected":false},"excerpt":{"rendered":"<p>TRANSFERTS MARSEILLE &#8211; D\u00e9j\u00e0 cibl\u00e9 depuis de nombreux mois par l&rsquo;OM, Nayef Aguerd est toujours dans la ligne de mire du club phoc\u00e9en. Le Marocain est emball\u00e9 et un accord semble tout proche d&rsquo;\u00eatre trouv\u00e9.<\/p>\n","protected":false},"author":119,"featured_media":606452,"comment_status":"open","ping_status":"closed","sticky":false,"template":"","format":"standard","meta":{"_acf_changed":false,"_daextam_enable_autolinks":"1","footnotes":""},"categories":[2301,47045],"tags":[16878,1554,5867,39821],"class_list":["post-606442","post","type-post","status-publish","format-standard","has-post-thumbnail","hentry","category-football","category-ligue-1","tag-breve","tag-ligue-1","tag-mercato-ligue-1","tag-transferts-om"],"acf":[],"yoast_head":"<!-- This site is optimized with the Yoast SEO Premium plugin v26.7 (Yoast SEO v26.7) - https:\/\/yoast.com\/wordpress\/plugins\/seo\/ -->\n<title>Transferts OM : Marseille fonce sur Nayef Aguerd<\/title>\n<meta name=\"description\" content=\"TRANSFERTS MARSEILLE - D\u00e9j\u00e0 cibl\u00e9 depuis de nombreux mois par l&#039;OM, Nayef Aguerd est toujours dans la ligne de mire du club phoc\u00e9en.\" \/>\n<meta name=\"robots\" content=\"index, follow, max-snippet:-1, max-image-preview:large, max-video-preview:-1\" \/>\n<link rel=\"canonical\" href=\"https:\/\/dicodusport.fr\/blog\/transferts-om-marseille-fonce-sur-nayef-aguerd\/\" \/>\n<meta property=\"og:locale\" content=\"fr_FR\" \/>\n<meta property=\"og:type\" content=\"article\" \/>\n<meta property=\"og:title\" content=\"Transferts OM : Marseille fonce sur Nayef Aguerd\" \/>\n<meta property=\"og:description\" content=\"TRANSFERTS MARSEILLE - D\u00e9j\u00e0 cibl\u00e9 depuis de nombreux mois par l&#039;OM, Nayef Aguerd est toujours dans la ligne de mire du club phoc\u00e9en.\" \/>\n<meta property=\"og:url\" content=\"https:\/\/dicodusport.fr\/blog\/transferts-om-marseille-fonce-sur-nayef-aguerd\/\" \/>\n<meta property=\"og:site_name\" content=\"Dicodusport\" \/>\n<meta property=\"article:publisher\" content=\"https:\/\/www.facebook.com\/dicodusport\" \/>\n<meta property=\"article:published_time\" content=\"2025-08-29T07:58:37+00:00\" \/>\n<meta property=\"og:image\" content=\"https:\/\/dicodusport.fr\/blog\/wp-content\/uploads\/2025\/08\/Transferts-OM-Marseille-fonce-sur-Nayef-Aguerd.png\" \/>\n\t<meta property=\"og:image:width\" content=\"1200\" \/>\n\t<meta property=\"og:image:height\" content=\"674\" \/>\n\t<meta property=\"og:image:type\" content=\"image\/png\" \/>\n<meta name=\"author\" content=\"Aur\u00e9lien Torreilles\" \/>\n<meta name=\"twitter:card\" content=\"summary_large_image\" \/>\n<meta name=\"twitter:title\" content=\"Transferts OM : Marseille fonce sur Nayef Aguerd\" \/>\n<meta name=\"twitter:creator\" content=\"@dicodusport\" \/>\n<meta name=\"twitter:site\" content=\"@dicodusport\" \/>\n<script type=\"application\/ld+json\" class=\"yoast-schema-graph\">{\"@context\":\"https:\/\/schema.org\",\"@graph\":[{\"@type\":\"NewsArticle\",\"@id\":\"https:\/\/dicodusport.fr\/blog\/transferts-om-marseille-fonce-sur-nayef-aguerd\/#article\",\"isPartOf\":{\"@id\":\"https:\/\/dicodusport.fr\/blog\/transferts-om-marseille-fonce-sur-nayef-aguerd\/\"},\"author\":{\"name\":\"Aur\u00e9lien Torreilles\",\"@id\":\"https:\/\/dicodusport.fr\/blog\/#\/schema\/person\/d42c64fd3f03197157c71106ec84f28a\"},\"headline\":\"Transferts OM : Marseille fonce sur Nayef Aguerd\",\"datePublished\":\"2025-08-29T07:58:37+00:00\",\"mainEntityOfPage\":{\"@id\":\"https:\/\/dicodusport.fr\/blog\/transferts-om-marseille-fonce-sur-nayef-aguerd\/\"},\"wordCount\":807,\"commentCount\":0,\"publisher\":{\"@id\":\"https:\/\/dicodusport.fr\/blog\/#organization\"},\"image\":{\"@id\":\"https:\/\/dicodusport.fr\/blog\/transferts-om-marseille-fonce-sur-nayef-aguerd\/#primaryimage\"},\"thumbnailUrl\":\"https:\/\/dicodusport.fr\/blog\/wp-content\/uploads\/2025\/08\/Transferts-OM-Marseille-fonce-sur-Nayef-Aguerd.png\",\"keywords\":[\"br\u00e8ve\",\"Ligue 1\",\"Mercato Ligue 1\",\"Transferts OM\"],\"articleSection\":[\"Football\",\"Ligue 1\"],\"inLanguage\":\"fr-FR\",\"potentialAction\":[{\"@type\":\"CommentAction\",\"name\":\"Comment\",\"target\":[\"https:\/\/dicodusport.fr\/blog\/transferts-om-marseille-fonce-sur-nayef-aguerd\/#respond\"]}],\"copyrightYear\":\"2025\",\"copyrightHolder\":{\"@id\":\"https:\/\/dicodusport.fr\/blog\/#organization\"}},{\"@type\":\"WebPage\",\"@id\":\"https:\/\/dicodusport.fr\/blog\/transferts-om-marseille-fonce-sur-nayef-aguerd\/\",\"url\":\"https:\/\/dicodusport.fr\/blog\/transferts-om-marseille-fonce-sur-nayef-aguerd\/\",\"name\":\"Transferts OM : Marseille fonce sur Nayef Aguerd\",\"isPartOf\":{\"@id\":\"https:\/\/dicodusport.fr\/blog\/#website\"},\"primaryImageOfPage\":{\"@id\":\"https:\/\/dicodusport.fr\/blog\/transferts-om-marseille-fonce-sur-nayef-aguerd\/#primaryimage\"},\"image\":{\"@id\":\"https:\/\/dicodusport.fr\/blog\/transferts-om-marseille-fonce-sur-nayef-aguerd\/#primaryimage\"},\"thumbnailUrl\":\"https:\/\/dicodusport.fr\/blog\/wp-content\/uploads\/2025\/08\/Transferts-OM-Marseille-fonce-sur-Nayef-Aguerd.png\",\"datePublished\":\"2025-08-29T07:58:37+00:00\",\"description\":\"TRANSFERTS MARSEILLE - D\u00e9j\u00e0 cibl\u00e9 depuis de nombreux mois par l'OM, Nayef Aguerd est toujours dans la ligne de mire du club phoc\u00e9en.\",\"breadcrumb\":{\"@id\":\"https:\/\/dicodusport.fr\/blog\/transferts-om-marseille-fonce-sur-nayef-aguerd\/#breadcrumb\"},\"inLanguage\":\"fr-FR\",\"potentialAction\":[{\"@type\":\"ReadAction\",\"target\":[\"https:\/\/dicodusport.fr\/blog\/transferts-om-marseille-fonce-sur-nayef-aguerd\/\"]}]},{\"@type\":\"ImageObject\",\"inLanguage\":\"fr-FR\",\"@id\":\"https:\/\/dicodusport.fr\/blog\/transferts-om-marseille-fonce-sur-nayef-aguerd\/#primaryimage\",\"url\":\"https:\/\/dicodusport.fr\/blog\/wp-content\/uploads\/2025\/08\/Transferts-OM-Marseille-fonce-sur-Nayef-Aguerd.png\",\"contentUrl\":\"https:\/\/dicodusport.fr\/blog\/wp-content\/uploads\/2025\/08\/Transferts-OM-Marseille-fonce-sur-Nayef-Aguerd.png\",\"width\":1200,\"height\":674,\"caption\":\"Transferts OM Marseille fonce sur Nayef Aguerd\"},{\"@type\":\"BreadcrumbList\",\"@id\":\"https:\/\/dicodusport.fr\/blog\/transferts-om-marseille-fonce-sur-nayef-aguerd\/#breadcrumb\",\"itemListElement\":[{\"@type\":\"ListItem\",\"position\":1,\"name\":\"Accueil\",\"item\":\"https:\/\/dicodusport.fr\/blog\/\"},{\"@type\":\"ListItem\",\"position\":2,\"name\":\"Transferts OM : Marseille fonce sur Nayef Aguerd\"}]},{\"@type\":\"WebSite\",\"@id\":\"https:\/\/dicodusport.fr\/blog\/#website\",\"url\":\"https:\/\/dicodusport.fr\/blog\/\",\"name\":\"Dicodusport\",\"description\":\"L&#039;encyclop\u00e9die de l&#039;actualit\u00e9 sportive\",\"publisher\":{\"@id\":\"https:\/\/dicodusport.fr\/blog\/#organization\"},\"potentialAction\":[{\"@type\":\"SearchAction\",\"target\":{\"@type\":\"EntryPoint\",\"urlTemplate\":\"https:\/\/dicodusport.fr\/blog\/?s={search_term_string}\"},\"query-input\":{\"@type\":\"PropertyValueSpecification\",\"valueRequired\":true,\"valueName\":\"search_term_string\"}}],\"inLanguage\":\"fr-FR\"},{\"@type\":\"NewsMediaOrganization\",\"@id\":\"https:\/\/dicodusport.fr\/blog\/#organization\",\"name\":\"Dicodusport\",\"url\":\"https:\/\/dicodusport.fr\/blog\/\",\"logo\":{\"@type\":\"ImageObject\",\"inLanguage\":\"fr-FR\",\"@id\":\"https:\/\/dicodusport.fr\/blog\/#\/schema\/logo\/image\/\",\"url\":\"https:\/\/dicodusport.fr\/blog\/wp-content\/uploads\/2020\/06\/cropped-LOGO-DICODUSPORT-2020-SANS-FOND-SANS-TEXTE.png\",\"contentUrl\":\"https:\/\/dicodusport.fr\/blog\/wp-content\/uploads\/2020\/06\/cropped-LOGO-DICODUSPORT-2020-SANS-FOND-SANS-TEXTE.png\",\"width\":512,\"height\":512,\"caption\":\"Dicodusport\"},\"image\":{\"@id\":\"https:\/\/dicodusport.fr\/blog\/#\/schema\/logo\/image\/\"},\"sameAs\":[\"https:\/\/www.facebook.com\/dicodusport\",\"https:\/\/x.com\/dicodusport\",\"https:\/\/www.instagram.com\/dicodusport\/\",\"https:\/\/www.youtube.com\/channel\/UC7V2KZ5sd3htJivAbA4ZG3w\"],\"description\":\"Dicodusport est l'encyclop\u00e9die de l'actualit\u00e9 sportive.\",\"email\":\"bonjour@dicodusport.fr\",\"legalName\":\"DICODUSPORT\",\"foundingDate\":\"2018-01-14\",\"vatID\":\"FR71834470973\",\"taxID\":\"83447097300043\",\"numberOfEmployees\":{\"@type\":\"QuantitativeValue\",\"minValue\":\"1\",\"maxValue\":\"10\"}},{\"@type\":\"Person\",\"@id\":\"https:\/\/dicodusport.fr\/blog\/#\/schema\/person\/d42c64fd3f03197157c71106ec84f28a\",\"name\":\"Aur\u00e9lien Torreilles\",\"image\":{\"@type\":\"ImageObject\",\"inLanguage\":\"fr-FR\",\"@id\":\"https:\/\/dicodusport.fr\/blog\/#\/schema\/person\/image\/\",\"url\":\"https:\/\/dicodusport.fr\/blog\/wp-content\/uploads\/2025\/06\/Aurelien-Torreilles-150x150.jpg\",\"contentUrl\":\"https:\/\/dicodusport.fr\/blog\/wp-content\/uploads\/2025\/06\/Aurelien-Torreilles-150x150.jpg\",\"caption\":\"Aur\u00e9lien Torreilles\"},\"description\":\"Encore apprenti journaliste, je d\u00e9couvre d\u00e8s mon plus jeune \u00e2ge les joies, les \u00e9motions et les frissons du monde du sport. Tr\u00e8s vite, j'en suis convaincu, je parlerai de sport toute ma vie, et promis pas que de rugby. Apr\u00e8s 3 ann\u00e9es de droit franco-espagnol, j'ai vite bifurqu\u00e9 vers l'\u00e9cole de journalisme de Toulouse pour en apprendre encore plus quant \u00e0 ce monde qui me passionne et parfaire mes tr\u00e8s jeunes et modestes connaissances. Je rejoins Dicodusport en juin 2025 apr\u00e8s 3 ann\u00e9es pass\u00e9es sur Treize Mondial. Faire vivre l'actualit\u00e9, transmettre l'information et transmettre des \u00e9motions sont mes seuls objectifs. Bien \u00e9videmment, tout \u00e7a dans la bonne humeur transpirante de l'\u00e9quipe de Dicodusport !\",\"url\":\"https:\/\/dicodusport.fr\/blog\/author\/aurelien\/\"}]}<\/script>\n<!-- \/ Yoast SEO Premium plugin. -->","yoast_head_json":{"title":"Transferts OM : Marseille fonce sur Nayef Aguerd","description":"TRANSFERTS MARSEILLE - D\u00e9j\u00e0 cibl\u00e9 depuis de nombreux mois par l'OM, Nayef Aguerd est toujours dans la ligne de mire du club phoc\u00e9en.","robots":{"index":"index","follow":"follow","max-snippet":"max-snippet:-1","max-image-preview":"max-image-preview:large","max-video-preview":"max-video-preview:-1"},"canonical":"https:\/\/dicodusport.fr\/blog\/transferts-om-marseille-fonce-sur-nayef-aguerd\/","og_locale":"fr_FR","og_type":"article","og_title":"Transferts OM : Marseille fonce sur Nayef Aguerd","og_description":"TRANSFERTS MARSEILLE - D\u00e9j\u00e0 cibl\u00e9 depuis de nombreux mois par l'OM, Nayef Aguerd est toujours dans la ligne de mire du club phoc\u00e9en.","og_url":"https:\/\/dicodusport.fr\/blog\/transferts-om-marseille-fonce-sur-nayef-aguerd\/","og_site_name":"Dicodusport","article_publisher":"https:\/\/www.facebook.com\/dicodusport","article_published_time":"2025-08-29T07:58:37+00:00","og_image":[{"width":1200,"height":674,"url":"https:\/\/dicodusport.fr\/blog\/wp-content\/uploads\/2025\/08\/Transferts-OM-Marseille-fonce-sur-Nayef-Aguerd.png","type":"image\/png"}],"author":"Aur\u00e9lien Torreilles","twitter_card":"summary_large_image","twitter_title":"Transferts OM : Marseille fonce sur Nayef Aguerd","twitter_creator":"@dicodusport","twitter_site":"@dicodusport","schema":{"@context":"https:\/\/schema.org","@graph":[{"@type":"NewsArticle","@id":"https:\/\/dicodusport.fr\/blog\/transferts-om-marseille-fonce-sur-nayef-aguerd\/#article","isPartOf":{"@id":"https:\/\/dicodusport.fr\/blog\/transferts-om-marseille-fonce-sur-nayef-aguerd\/"},"author":{"name":"Aur\u00e9lien Torreilles","@id":"https:\/\/dicodusport.fr\/blog\/#\/schema\/person\/d42c64fd3f03197157c71106ec84f28a"},"headline":"Transferts OM : Marseille fonce sur Nayef Aguerd","datePublished":"2025-08-29T07:58:37+00:00","mainEntityOfPage":{"@id":"https:\/\/dicodusport.fr\/blog\/transferts-om-marseille-fonce-sur-nayef-aguerd\/"},"wordCount":807,"commentCount":0,"publisher":{"@id":"https:\/\/dicodusport.fr\/blog\/#organization"},"image":{"@id":"https:\/\/dicodusport.fr\/blog\/transferts-om-marseille-fonce-sur-nayef-aguerd\/#primaryimage"},"thumbnailUrl":"https:\/\/dicodusport.fr\/blog\/wp-content\/uploads\/2025\/08\/Transferts-OM-Marseille-fonce-sur-Nayef-Aguerd.png","keywords":["br\u00e8ve","Ligue 1","Mercato Ligue 1","Transferts OM"],"articleSection":["Football","Ligue 1"],"inLanguage":"fr-FR","potentialAction":[{"@type":"CommentAction","name":"Comment","target":["https:\/\/dicodusport.fr\/blog\/transferts-om-marseille-fonce-sur-nayef-aguerd\/#respond"]}],"copyrightYear":"2025","copyrightHolder":{"@id":"https:\/\/dicodusport.fr\/blog\/#organization"}},{"@type":"WebPage","@id":"https:\/\/dicodusport.fr\/blog\/transferts-om-marseille-fonce-sur-nayef-aguerd\/","url":"https:\/\/dicodusport.fr\/blog\/transferts-om-marseille-fonce-sur-nayef-aguerd\/","name":"Transferts OM : Marseille fonce sur Nayef Aguerd","isPartOf":{"@id":"https:\/\/dicodusport.fr\/blog\/#website"},"primaryImageOfPage":{"@id":"https:\/\/dicodusport.fr\/blog\/transferts-om-marseille-fonce-sur-nayef-aguerd\/#primaryimage"},"image":{"@id":"https:\/\/dicodusport.fr\/blog\/transferts-om-marseille-fonce-sur-nayef-aguerd\/#primaryimage"},"thumbnailUrl":"https:\/\/dicodusport.fr\/blog\/wp-content\/uploads\/2025\/08\/Transferts-OM-Marseille-fonce-sur-Nayef-Aguerd.png","datePublished":"2025-08-29T07:58:37+00:00","description":"TRANSFERTS MARSEILLE - D\u00e9j\u00e0 cibl\u00e9 depuis de nombreux mois par l'OM, Nayef Aguerd est toujours dans la ligne de mire du club phoc\u00e9en.","breadcrumb":{"@id":"https:\/\/dicodusport.fr\/blog\/transferts-om-marseille-fonce-sur-nayef-aguerd\/#breadcrumb"},"inLanguage":"fr-FR","potentialAction":[{"@type":"ReadAction","target":["https:\/\/dicodusport.fr\/blog\/transferts-om-marseille-fonce-sur-nayef-aguerd\/"]}]},{"@type":"ImageObject","inLanguage":"fr-FR","@id":"https:\/\/dicodusport.fr\/blog\/transferts-om-marseille-fonce-sur-nayef-aguerd\/#primaryimage","url":"https:\/\/dicodusport.fr\/blog\/wp-content\/uploads\/2025\/08\/Transferts-OM-Marseille-fonce-sur-Nayef-Aguerd.png","contentUrl":"https:\/\/dicodusport.fr\/blog\/wp-content\/uploads\/2025\/08\/Transferts-OM-Marseille-fonce-sur-Nayef-Aguerd.png","width":1200,"height":674,"caption":"Transferts OM Marseille fonce sur Nayef Aguerd"},{"@type":"BreadcrumbList","@id":"https:\/\/dicodusport.fr\/blog\/transferts-om-marseille-fonce-sur-nayef-aguerd\/#breadcrumb","itemListElement":[{"@type":"ListItem","position":1,"name":"Accueil","item":"https:\/\/dicodusport.fr\/blog\/"},{"@type":"ListItem","position":2,"name":"Transferts OM : Marseille fonce sur Nayef Aguerd"}]},{"@type":"WebSite","@id":"https:\/\/dicodusport.fr\/blog\/#website","url":"https:\/\/dicodusport.fr\/blog\/","name":"Dicodusport","description":"L&#039;encyclop\u00e9die de l&#039;actualit\u00e9 sportive","publisher":{"@id":"https:\/\/dicodusport.fr\/blog\/#organization"},"potentialAction":[{"@type":"SearchAction","target":{"@type":"EntryPoint","urlTemplate":"https:\/\/dicodusport.fr\/blog\/?s={search_term_string}"},"query-input":{"@type":"PropertyValueSpecification","valueRequired":true,"valueName":"search_term_string"}}],"inLanguage":"fr-FR"},{"@type":"NewsMediaOrganization","@id":"https:\/\/dicodusport.fr\/blog\/#organization","name":"Dicodusport","url":"https:\/\/dicodusport.fr\/blog\/","logo":{"@type":"ImageObject","inLanguage":"fr-FR","@id":"https:\/\/dicodusport.fr\/blog\/#\/schema\/logo\/image\/","url":"https:\/\/dicodusport.fr\/blog\/wp-content\/uploads\/2020\/06\/cropped-LOGO-DICODUSPORT-2020-SANS-FOND-SANS-TEXTE.png","contentUrl":"https:\/\/dicodusport.fr\/blog\/wp-content\/uploads\/2020\/06\/cropped-LOGO-DICODUSPORT-2020-SANS-FOND-SANS-TEXTE.png","width":512,"height":512,"caption":"Dicodusport"},"image":{"@id":"https:\/\/dicodusport.fr\/blog\/#\/schema\/logo\/image\/"},"sameAs":["https:\/\/www.facebook.com\/dicodusport","https:\/\/x.com\/dicodusport","https:\/\/www.instagram.com\/dicodusport\/","https:\/\/www.youtube.com\/channel\/UC7V2KZ5sd3htJivAbA4ZG3w"],"description":"Dicodusport est l'encyclop\u00e9die de l'actualit\u00e9 sportive.","email":"bonjour@dicodusport.fr","legalName":"DICODUSPORT","foundingDate":"2018-01-14","vatID":"FR71834470973","taxID":"83447097300043","numberOfEmployees":{"@type":"QuantitativeValue","minValue":"1","maxValue":"10"}},{"@type":"Person","@id":"https:\/\/dicodusport.fr\/blog\/#\/schema\/person\/d42c64fd3f03197157c71106ec84f28a","name":"Aur\u00e9lien Torreilles","image":{"@type":"ImageObject","inLanguage":"fr-FR","@id":"https:\/\/dicodusport.fr\/blog\/#\/schema\/person\/image\/","url":"https:\/\/dicodusport.fr\/blog\/wp-content\/uploads\/2025\/06\/Aurelien-Torreilles-150x150.jpg","contentUrl":"https:\/\/dicodusport.fr\/blog\/wp-content\/uploads\/2025\/06\/Aurelien-Torreilles-150x150.jpg","caption":"Aur\u00e9lien Torreilles"},"description":"Encore apprenti journaliste, je d\u00e9couvre d\u00e8s mon plus jeune \u00e2ge les joies, les \u00e9motions et les frissons du monde du sport. Tr\u00e8s vite, j'en suis convaincu, je parlerai de sport toute ma vie, et promis pas que de rugby. Apr\u00e8s 3 ann\u00e9es de droit franco-espagnol, j'ai vite bifurqu\u00e9 vers l'\u00e9cole de journalisme de Toulouse pour en apprendre encore plus quant \u00e0 ce monde qui me passionne et parfaire mes tr\u00e8s jeunes et modestes connaissances. Je rejoins Dicodusport en juin 2025 apr\u00e8s 3 ann\u00e9es pass\u00e9es sur Treize Mondial. Faire vivre l'actualit\u00e9, transmettre l'information et transmettre des \u00e9motions sont mes seuls objectifs. Bien \u00e9videmment, tout \u00e7a dans la bonne humeur transpirante de l'\u00e9quipe de Dicodusport !","url":"https:\/\/dicodusport.fr\/blog\/author\/aurelien\/"}]}},"_links":{"self":[{"href":"https:\/\/dicodusport.fr\/blog\/wp-json\/wp\/v2\/posts\/606442","targetHints":{"allow":["GET"]}}],"collection":[{"href":"https:\/\/dicodusport.fr\/blog\/wp-json\/wp\/v2\/posts"}],"about":[{"href":"https:\/\/dicodusport.fr\/blog\/wp-json\/wp\/v2\/types\/post"}],"author":[{"embeddable":true,"href":"https:\/\/dicodusport.fr\/blog\/wp-json\/wp\/v2\/users\/119"}],"replies":[{"embeddable":true,"href":"https:\/\/dicodusport.fr\/blog\/wp-json\/wp\/v2\/comments?post=606442"}],"version-history":[{"count":3,"href":"https:\/\/dicodusport.fr\/blog\/wp-json\/wp\/v2\/posts\/606442\/revisions"}],"predecessor-version":[{"id":606454,"href":"https:\/\/dicodusport.fr\/blog\/wp-json\/wp\/v2\/posts\/606442\/revisions\/606454"}],"wp:featuredmedia":[{"embeddable":true,"href":"https:\/\/dicodusport.fr\/blog\/wp-json\/wp\/v2\/media\/606452"}],"wp:attachment":[{"href":"https:\/\/dicodusport.fr\/blog\/wp-json\/wp\/v2\/media?parent=606442"}],"wp:term":[{"taxonomy":"category","embeddable":true,"href":"https:\/\/dicodusport.fr\/blog\/wp-json\/wp\/v2\/categories?post=606442"},{"taxonomy":"post_tag","embeddable":true,"href":"https:\/\/dicodusport.fr\/blog\/wp-json\/wp\/v2\/tags?post=606442"}],"curies":[{"name":"wp","href":"https:\/\/api.w.org\/{rel}","templated":true}]}}