{"id":606469,"date":"2025-08-29T10:54:55","date_gmt":"2025-08-29T08:54:55","guid":{"rendered":"https:\/\/dicodusport.fr\/blog\/?p=606469&#038;preview=true&#038;preview_id=606469"},"modified":"2025-08-29T11:27:04","modified_gmt":"2025-08-29T09:27:04","slug":"tour-de-lavenir-2025-jarno-widar-bisse-sur-la-6eme-etape-a","status":"publish","type":"post","link":"https:\/\/dicodusport.fr\/blog\/tour-de-lavenir-2025-jarno-widar-bisse-sur-la-6eme-etape-a\/","title":{"rendered":"Tour de l\u2019Avenir 2025 : Jarno Widar bisse sur la 6\u00e8me \u00e9tape A"},"content":{"rendered":"<p style=\"text-align: justify;\"><strong><em>TOUR DE L\u2019AVENIR 2025 &#8211; Jarno Widar (Belgique) remporte son deuxi\u00e8me succ\u00e8s de rang, sur la 6\u00e8me \u00e9tape A. Une demi-\u00e9tape anim\u00e9e de bout en bout. Le Belge devance encore le Fran\u00e7ais Paul Seixas, tandis que Lorenzo Finn (Italie), compl\u00e8te le podium.<\/em><\/strong><\/p>\n<ul style=\"text-align: justify;\">\n<li><strong>\u00c0 ce sujet \u2013 <a href=\"https:\/\/dicodusport.fr\/blog\/6eme-etape-a-tour-de-lavenir-2025-classement-et-resultats\/\">6\u00e8me \u00e9tape A Tour de l\u2019Avenir 2025 \u2013 Classement et r\u00e9sultats<\/a><\/strong><\/li>\n<\/ul>\n<p style=\"text-align: justify;\"><strong>Jarno Widar<\/strong> est en immense force et se promet comme un futur grand puncheur grimpeur. Le Belge s&rsquo;amuse en cette fin de semaine et l\u00e8ve les bras une deuxi\u00e8me fois cons\u00e9cutive ce vendredi matin. Il remporte le premier round d&rsquo;un d\u00e9but du long marathon tout ce vendredi, sur les routes du Tour de l&rsquo;Avenir. Une \u00e9tape 6A course, mais avec trois ascensions au programme. Dont le tr\u00e8s difficile Colle San Carlo et ses 10,3 km \u00e0 10 %, escalad\u00e9 d\u00e8s le kilom\u00e8tre 0. Un hors d&rsquo;\u0153uvre bien copieux avant le contre-la-montre de l&rsquo;apr\u00e8s-midi. Les protagonistes de ce Tour de l&rsquo;Avenir le savaient. Un r\u00e9veil rat\u00e9 et cela en \u00e9tait fini des ambitions, avant m\u00eame l&rsquo;effort solitaire.<\/p>\n<blockquote class=\"twitter-tweet\">\n<p dir=\"ltr\" lang=\"fr\">D\u00e9j\u00e0 vainqueur hier, le Belge Jarno Widar (19 ans) remporte ce matin l&rsquo;\u00e9tape 6a (de 41,6km) du Tour de l&rsquo;Avenir ! Il devance Paul Seixas de 5&Prime;.<\/p>\n<p>Le Fran\u00e7ais Maxime Decomble reste leader. Rendez-vous cet apr\u00e8s-midi pour le chrono final, en mont\u00e9e (10,3km). <a href=\"https:\/\/twitter.com\/hashtag\/TDAV?src=hash&amp;ref_src=twsrc%5Etfw\">#TDAV<\/a> <a href=\"https:\/\/t.co\/yWYnuJ80za\">pic.twitter.com\/yWYnuJ80za<\/a><\/p>\n<p>\u2014 Le Gruppetto (@LeGruppetto) <a href=\"https:\/\/twitter.com\/LeGruppetto\/status\/1961351760636776679?ref_src=twsrc%5Etfw\">August 29, 2025<\/a><\/p><\/blockquote>\n<p style=\"text-align: justify;\"><script async src=\"https:\/\/platform.twitter.com\/widgets.js\" charset=\"utf-8\"><\/script><\/p>\n<h2 style=\"text-align: justify;\">Pablo Torres d\u00e9clenche les hostilit\u00e9s, le peloton maillot jaune explose<\/h2>\n<p style=\"text-align: justify;\">Un qui n&rsquo;a pas rat\u00e9 son r\u00e9veil, mais qui, globalement, n&rsquo;est pas tr\u00e8s tranchant sur ce Tour de l&rsquo;Avenir, c&rsquo;est <strong>Pablo Torres<\/strong> (Espagne). Le vainqueur sortant est le premier \u00e0 mettre le feu aux poudres, d\u00e8s les premiers hectom\u00e8tres de cette mont\u00e9e. Rejoint rapidement par <strong>Mateo Ramirez<\/strong> (Equateur). Deux coureurs qui appartiennent \u00e0 la formation UAE Team Emirates-XRG, mais dans l&rsquo;\u00e9quipe d\u00e9veloppement, pour le dernier cit\u00e9. Derri\u00e8re, c&rsquo;est d\u00e9j\u00e0 la d\u00e9bandade !<\/p>\n<p style=\"text-align: justify;\">En douze minutes de mont\u00e9e, seuls 14 coureurs s&rsquo;accrochent dans le groupe maillot jaune. Un groupe de favori, avec <strong>Callum Thornley<\/strong> (Grande-Bretagne), <strong>Otto van Zanden<\/strong> (Pays-Bas), <strong>Paul Seixas<\/strong> et le leader <strong>Maxime Decomble<\/strong> (France), <strong>Lorenzo Finn<\/strong> (Italie), (Colombie),<strong> Jan Huber<\/strong> (Suisse),<strong> Jarno Widar<\/strong> (Belgique), <strong>Jakob Omrzel<\/strong> (Slov\u00e9nie), <strong>Max Bock<\/strong> (Allemagne), <strong>Jorgen Nordhagen, Eivind Fougner<\/strong> (Norv\u00e8ge) et<strong> Liam O&rsquo;Brien<\/strong> (Irlande). <strong>Jan Huber, Callum Thornley, Juan Felipe Rodriguez, Jakob Omrzel, Eivind Fougner, Liam O&rsquo;Brien et Otto van Zanden<\/strong> sont vite distanc\u00e9s, tandis que le duo \u00e0 l&rsquo;avant devra rapidement renoncer. \u00c0 ce moment de la course, avec <strong>Paul Seixas<\/strong> et <strong>Maxime Decomble<\/strong>, c&rsquo;est bien la France qui a les cartes en main.<\/p>\n<ul style=\"text-align: justify;\">\n<li><strong>\u00c0 ce sujet \u2013\u00a0<a href=\"https:\/\/dicodusport.fr\/blog\/classement-general-tour-de-lavenir-2025-actualise\/\">Classement g\u00e9n\u00e9ral Tour de l\u2019Avenir 2025 actualis\u00e9<\/a><\/strong><\/li>\n<\/ul>\n<h2 style=\"text-align: justify;\">Pablo Torres intenable, Maxime Decomble craque<\/h2>\n<p style=\"text-align: justify;\"><strong>Lorenzo Finn<\/strong> tente sa chance \u00e0 1 km du sommet, <strong>Jarno Widar<\/strong> attaque \u00e9galement. Mais c&rsquo;est<strong> Pablo Torres<\/strong> qui franchit le sommet en t\u00eate. Une situation qui n&rsquo;a pas convenu \u00e0 <strong>Paul Seixas<\/strong>, qui est parti rejoindre seul l&rsquo;Espagnol, dans la descente tr\u00e8s technique. Le duo va aborder le Col du Petit Saint-Bernard (13,2 km \u00e0 5.6 %) avec une marge de dix secondes sur le groupe maillot jaune. Mais la jonction se fera apr\u00e8s quelques kilom\u00e8tres. Cela n&rsquo;a pas d\u00e9courag\u00e9 l&rsquo;Espagnol, d\u00e9cid\u00e9 de peser sur la course. Il multiplie les attaques. <strong>Maxime Decomble<\/strong>, leader de la course, doit c\u00e9der. Au courage, le Fran\u00e7ais est revenu dans la descente, avant de caler dans le final. Il sauvera encore son maillot jaune. L&rsquo;ascension aura \u00e9t\u00e9 explosive, mais aucun favori ne s&rsquo;est d\u00e9tach\u00e9.<\/p>\n<p style=\"text-align: justify;\">Ils sont huit \u00e0 se jouer la victoire, dans la derni\u00e8re mont\u00e9e (2 km, 6%), sur la Rosi\u00e8re. Le premier \u00e0 attaquer est <strong>Jarno Widar<\/strong>&#8230; Et emm\u00e8ne <strong>Paul Seixas<\/strong> dans sa roue. Encore une fois, ils ne feront pas la diff\u00e9rence. C&rsquo;est group\u00e9 que les favoris vont se jouer la victoire. Une victoire au punch ! C&rsquo;est encore pour <strong>Jarno Widar<\/strong>, r\u00e9compens\u00e9 de ses offensives et qui remporte sa deuxi\u00e8me \u00e9tape cons\u00e9cutive. Et reprend neuf secondes (bonifications comprises) sur <strong>Paul Seixas<\/strong>, qui conc\u00e8de encore du temps. Le Fran\u00e7ais devra r\u00e9pondre sur le contre-la-montre. Car il est bouscul\u00e9 sur les premi\u00e8res \u00e9tapes cl\u00e9s de ce Tour de l&rsquo;Avenir. Mais va retrouver un exercice o\u00f9 il est sans doute le meilleur U23 au monde.<\/p>\n<p style=\"text-align: justify;\">\n","protected":false},"excerpt":{"rendered":"<p>TOUR DE L\u2019AVENIR 2025 &#8211; Jarno Widar (Belgique) remporte son deuxi\u00e8me succ\u00e8s de rang, sur la 6\u00e8me \u00e9tape A. Une demi-\u00e9tape anim\u00e9e de bout en bout. Le Belge devance encore le Fran\u00e7ais Paul Seixas, tandis que Lorenzo Finn (Italie), compl\u00e8te le podium.<\/p>\n","protected":false},"author":83,"featured_media":606497,"comment_status":"open","ping_status":"closed","sticky":false,"template":"","format":"standard","meta":{"_acf_changed":false,"_daextam_enable_autolinks":"1","footnotes":""},"categories":[46994],"tags":[16878,1612],"class_list":["post-606469","post","type-post","status-publish","format-standard","has-post-thumbnail","hentry","category-cyclisme-sur-route","tag-breve","tag-tour-de-lavenir"],"acf":[],"yoast_head":"<!-- This site is optimized with the Yoast SEO Premium plugin v26.7 (Yoast SEO v26.7) - https:\/\/yoast.com\/wordpress\/plugins\/seo\/ -->\n<title>Tour de l\u2019Avenir 2025 : Jarno Widar bisse sur la 6\u00e8me \u00e9tape A<\/title>\n<meta name=\"description\" content=\"TOUR DE L\u2019AVENIR 2025 - Jarno Widar (Belgique) remporte son deuxi\u00e8me succ\u00e8s de rang sur la 6\u00e8me \u00e9tape A devant Paul Seixas.\" \/>\n<meta name=\"robots\" content=\"index, follow, max-snippet:-1, max-image-preview:large, max-video-preview:-1\" \/>\n<link rel=\"canonical\" href=\"https:\/\/dicodusport.fr\/blog\/tour-de-lavenir-2025-jarno-widar-bisse-sur-la-6eme-etape-a\/\" \/>\n<meta property=\"og:locale\" content=\"fr_FR\" \/>\n<meta property=\"og:type\" content=\"article\" \/>\n<meta property=\"og:title\" content=\"Tour de l\u2019Avenir 2025 : Jarno Widar bisse sur la 6\u00e8me \u00e9tape A\" \/>\n<meta property=\"og:description\" content=\"TOUR DE L\u2019AVENIR 2025 - Jarno Widar (Belgique) remporte son deuxi\u00e8me succ\u00e8s de rang sur la 6\u00e8me \u00e9tape A devant Paul Seixas.\" \/>\n<meta property=\"og:url\" content=\"https:\/\/dicodusport.fr\/blog\/tour-de-lavenir-2025-jarno-widar-bisse-sur-la-6eme-etape-a\/\" \/>\n<meta property=\"og:site_name\" content=\"Dicodusport\" \/>\n<meta property=\"article:publisher\" content=\"https:\/\/www.facebook.com\/dicodusport\" \/>\n<meta property=\"article:published_time\" content=\"2025-08-29T08:54:55+00:00\" \/>\n<meta property=\"article:modified_time\" content=\"2025-08-29T09:27:04+00:00\" \/>\n<meta property=\"og:image\" content=\"https:\/\/dicodusport.fr\/blog\/wp-content\/uploads\/2025\/08\/Tour-de-lAvenir-2025-Jarno-Widar-bisse-sur-la-6eme-etape-A.png\" \/>\n\t<meta property=\"og:image:width\" content=\"1200\" \/>\n\t<meta property=\"og:image:height\" content=\"674\" \/>\n\t<meta property=\"og:image:type\" content=\"image\/png\" \/>\n<meta name=\"author\" content=\"Etienne Goursaud\" \/>\n<meta name=\"twitter:card\" content=\"summary_large_image\" \/>\n<meta name=\"twitter:title\" content=\"Tour de l\u2019Avenir 2025 : Jarno Widar bisse sur la 6\u00e8me \u00e9tape A\" \/>\n<meta name=\"twitter:creator\" content=\"@dicodusport\" \/>\n<meta name=\"twitter:site\" content=\"@dicodusport\" \/>\n<script type=\"application\/ld+json\" class=\"yoast-schema-graph\">{\"@context\":\"https:\/\/schema.org\",\"@graph\":[{\"@type\":\"NewsArticle\",\"@id\":\"https:\/\/dicodusport.fr\/blog\/tour-de-lavenir-2025-jarno-widar-bisse-sur-la-6eme-etape-a\/#article\",\"isPartOf\":{\"@id\":\"https:\/\/dicodusport.fr\/blog\/tour-de-lavenir-2025-jarno-widar-bisse-sur-la-6eme-etape-a\/\"},\"author\":{\"name\":\"Etienne Goursaud\",\"@id\":\"https:\/\/dicodusport.fr\/blog\/#\/schema\/person\/d603dd7da31fb2b46c82b9835a77ec13\"},\"headline\":\"Tour de l\u2019Avenir 2025 : Jarno Widar bisse sur la 6\u00e8me \u00e9tape A\",\"datePublished\":\"2025-08-29T08:54:55+00:00\",\"dateModified\":\"2025-08-29T09:27:04+00:00\",\"mainEntityOfPage\":{\"@id\":\"https:\/\/dicodusport.fr\/blog\/tour-de-lavenir-2025-jarno-widar-bisse-sur-la-6eme-etape-a\/\"},\"wordCount\":759,\"commentCount\":0,\"publisher\":{\"@id\":\"https:\/\/dicodusport.fr\/blog\/#organization\"},\"image\":{\"@id\":\"https:\/\/dicodusport.fr\/blog\/tour-de-lavenir-2025-jarno-widar-bisse-sur-la-6eme-etape-a\/#primaryimage\"},\"thumbnailUrl\":\"https:\/\/dicodusport.fr\/blog\/wp-content\/uploads\/2025\/08\/Tour-de-lAvenir-2025-Jarno-Widar-bisse-sur-la-6eme-etape-A.png\",\"keywords\":[\"br\u00e8ve\",\"Tour de l'Avenir\"],\"articleSection\":[\"Cyclisme sur route\"],\"inLanguage\":\"fr-FR\",\"potentialAction\":[{\"@type\":\"CommentAction\",\"name\":\"Comment\",\"target\":[\"https:\/\/dicodusport.fr\/blog\/tour-de-lavenir-2025-jarno-widar-bisse-sur-la-6eme-etape-a\/#respond\"]}],\"copyrightYear\":\"2025\",\"copyrightHolder\":{\"@id\":\"https:\/\/dicodusport.fr\/blog\/#organization\"}},{\"@type\":\"WebPage\",\"@id\":\"https:\/\/dicodusport.fr\/blog\/tour-de-lavenir-2025-jarno-widar-bisse-sur-la-6eme-etape-a\/\",\"url\":\"https:\/\/dicodusport.fr\/blog\/tour-de-lavenir-2025-jarno-widar-bisse-sur-la-6eme-etape-a\/\",\"name\":\"Tour de l\u2019Avenir 2025 : Jarno Widar bisse sur la 6\u00e8me \u00e9tape A\",\"isPartOf\":{\"@id\":\"https:\/\/dicodusport.fr\/blog\/#website\"},\"primaryImageOfPage\":{\"@id\":\"https:\/\/dicodusport.fr\/blog\/tour-de-lavenir-2025-jarno-widar-bisse-sur-la-6eme-etape-a\/#primaryimage\"},\"image\":{\"@id\":\"https:\/\/dicodusport.fr\/blog\/tour-de-lavenir-2025-jarno-widar-bisse-sur-la-6eme-etape-a\/#primaryimage\"},\"thumbnailUrl\":\"https:\/\/dicodusport.fr\/blog\/wp-content\/uploads\/2025\/08\/Tour-de-lAvenir-2025-Jarno-Widar-bisse-sur-la-6eme-etape-A.png\",\"datePublished\":\"2025-08-29T08:54:55+00:00\",\"dateModified\":\"2025-08-29T09:27:04+00:00\",\"description\":\"TOUR DE L\u2019AVENIR 2025 - Jarno Widar (Belgique) remporte son deuxi\u00e8me succ\u00e8s de rang sur la 6\u00e8me \u00e9tape A devant Paul Seixas.\",\"breadcrumb\":{\"@id\":\"https:\/\/dicodusport.fr\/blog\/tour-de-lavenir-2025-jarno-widar-bisse-sur-la-6eme-etape-a\/#breadcrumb\"},\"inLanguage\":\"fr-FR\",\"potentialAction\":[{\"@type\":\"ReadAction\",\"target\":[\"https:\/\/dicodusport.fr\/blog\/tour-de-lavenir-2025-jarno-widar-bisse-sur-la-6eme-etape-a\/\"]}]},{\"@type\":\"ImageObject\",\"inLanguage\":\"fr-FR\",\"@id\":\"https:\/\/dicodusport.fr\/blog\/tour-de-lavenir-2025-jarno-widar-bisse-sur-la-6eme-etape-a\/#primaryimage\",\"url\":\"https:\/\/dicodusport.fr\/blog\/wp-content\/uploads\/2025\/08\/Tour-de-lAvenir-2025-Jarno-Widar-bisse-sur-la-6eme-etape-A.png\",\"contentUrl\":\"https:\/\/dicodusport.fr\/blog\/wp-content\/uploads\/2025\/08\/Tour-de-lAvenir-2025-Jarno-Widar-bisse-sur-la-6eme-etape-A.png\",\"width\":1200,\"height\":674,\"caption\":\"Tour de l\u2019Avenir 2025 Jarno Widar bisse sur la 6\u00e8me \u00e9tape A\"},{\"@type\":\"BreadcrumbList\",\"@id\":\"https:\/\/dicodusport.fr\/blog\/tour-de-lavenir-2025-jarno-widar-bisse-sur-la-6eme-etape-a\/#breadcrumb\",\"itemListElement\":[{\"@type\":\"ListItem\",\"position\":1,\"name\":\"Accueil\",\"item\":\"https:\/\/dicodusport.fr\/blog\/\"},{\"@type\":\"ListItem\",\"position\":2,\"name\":\"Tour de l\u2019Avenir 2025 : Jarno Widar bisse sur la 6\u00e8me \u00e9tape A\"}]},{\"@type\":\"WebSite\",\"@id\":\"https:\/\/dicodusport.fr\/blog\/#website\",\"url\":\"https:\/\/dicodusport.fr\/blog\/\",\"name\":\"Dicodusport\",\"description\":\"L&#039;encyclop\u00e9die de l&#039;actualit\u00e9 sportive\",\"publisher\":{\"@id\":\"https:\/\/dicodusport.fr\/blog\/#organization\"},\"potentialAction\":[{\"@type\":\"SearchAction\",\"target\":{\"@type\":\"EntryPoint\",\"urlTemplate\":\"https:\/\/dicodusport.fr\/blog\/?s={search_term_string}\"},\"query-input\":{\"@type\":\"PropertyValueSpecification\",\"valueRequired\":true,\"valueName\":\"search_term_string\"}}],\"inLanguage\":\"fr-FR\"},{\"@type\":\"NewsMediaOrganization\",\"@id\":\"https:\/\/dicodusport.fr\/blog\/#organization\",\"name\":\"Dicodusport\",\"url\":\"https:\/\/dicodusport.fr\/blog\/\",\"logo\":{\"@type\":\"ImageObject\",\"inLanguage\":\"fr-FR\",\"@id\":\"https:\/\/dicodusport.fr\/blog\/#\/schema\/logo\/image\/\",\"url\":\"https:\/\/dicodusport.fr\/blog\/wp-content\/uploads\/2020\/06\/cropped-LOGO-DICODUSPORT-2020-SANS-FOND-SANS-TEXTE.png\",\"contentUrl\":\"https:\/\/dicodusport.fr\/blog\/wp-content\/uploads\/2020\/06\/cropped-LOGO-DICODUSPORT-2020-SANS-FOND-SANS-TEXTE.png\",\"width\":512,\"height\":512,\"caption\":\"Dicodusport\"},\"image\":{\"@id\":\"https:\/\/dicodusport.fr\/blog\/#\/schema\/logo\/image\/\"},\"sameAs\":[\"https:\/\/www.facebook.com\/dicodusport\",\"https:\/\/x.com\/dicodusport\",\"https:\/\/www.instagram.com\/dicodusport\/\",\"https:\/\/www.youtube.com\/channel\/UC7V2KZ5sd3htJivAbA4ZG3w\"],\"description\":\"Dicodusport est l'encyclop\u00e9die de l'actualit\u00e9 sportive.\",\"email\":\"bonjour@dicodusport.fr\",\"legalName\":\"DICODUSPORT\",\"foundingDate\":\"2018-01-14\",\"vatID\":\"FR71834470973\",\"taxID\":\"83447097300043\",\"numberOfEmployees\":{\"@type\":\"QuantitativeValue\",\"minValue\":\"1\",\"maxValue\":\"10\"}},{\"@type\":\"Person\",\"@id\":\"https:\/\/dicodusport.fr\/blog\/#\/schema\/person\/d603dd7da31fb2b46c82b9835a77ec13\",\"name\":\"Etienne Goursaud\",\"image\":{\"@type\":\"ImageObject\",\"inLanguage\":\"fr-FR\",\"@id\":\"https:\/\/dicodusport.fr\/blog\/#\/schema\/person\/image\/\",\"url\":\"https:\/\/dicodusport.fr\/blog\/wp-content\/uploads\/2023\/12\/410122264_10231602061736049_5565839791558026645_n-150x150.jpg\",\"contentUrl\":\"https:\/\/dicodusport.fr\/blog\/wp-content\/uploads\/2023\/12\/410122264_10231602061736049_5565839791558026645_n-150x150.jpg\",\"caption\":\"Etienne Goursaud\"},\"description\":\"Journaliste et amoureux de sport. Ancien footballeur reconverti athl\u00e8te quand ses muscles le laissent tranquille. \u00c9lev\u00e9 \u00e0 la sauce des exploits de Thomas Voeckler en 2004, du dernier essai de l\u00e9gende de Eunice Barber \u00e0 la longueur lors des championnats du monde d'athl\u00e9tisme de 2003 mais aussi Zidane, Omeyer et Titou Lamaison.\",\"url\":\"https:\/\/dicodusport.fr\/blog\/author\/etienne-goursaud\/\"}]}<\/script>\n<!-- \/ Yoast SEO Premium plugin. -->","yoast_head_json":{"title":"Tour de l\u2019Avenir 2025 : Jarno Widar bisse sur la 6\u00e8me \u00e9tape A","description":"TOUR DE L\u2019AVENIR 2025 - Jarno Widar (Belgique) remporte son deuxi\u00e8me succ\u00e8s de rang sur la 6\u00e8me \u00e9tape A devant Paul Seixas.","robots":{"index":"index","follow":"follow","max-snippet":"max-snippet:-1","max-image-preview":"max-image-preview:large","max-video-preview":"max-video-preview:-1"},"canonical":"https:\/\/dicodusport.fr\/blog\/tour-de-lavenir-2025-jarno-widar-bisse-sur-la-6eme-etape-a\/","og_locale":"fr_FR","og_type":"article","og_title":"Tour de l\u2019Avenir 2025 : Jarno Widar bisse sur la 6\u00e8me \u00e9tape A","og_description":"TOUR DE L\u2019AVENIR 2025 - Jarno Widar (Belgique) remporte son deuxi\u00e8me succ\u00e8s de rang sur la 6\u00e8me \u00e9tape A devant Paul Seixas.","og_url":"https:\/\/dicodusport.fr\/blog\/tour-de-lavenir-2025-jarno-widar-bisse-sur-la-6eme-etape-a\/","og_site_name":"Dicodusport","article_publisher":"https:\/\/www.facebook.com\/dicodusport","article_published_time":"2025-08-29T08:54:55+00:00","article_modified_time":"2025-08-29T09:27:04+00:00","og_image":[{"width":1200,"height":674,"url":"https:\/\/dicodusport.fr\/blog\/wp-content\/uploads\/2025\/08\/Tour-de-lAvenir-2025-Jarno-Widar-bisse-sur-la-6eme-etape-A.png","type":"image\/png"}],"author":"Etienne Goursaud","twitter_card":"summary_large_image","twitter_title":"Tour de l\u2019Avenir 2025 : Jarno Widar bisse sur la 6\u00e8me \u00e9tape A","twitter_creator":"@dicodusport","twitter_site":"@dicodusport","schema":{"@context":"https:\/\/schema.org","@graph":[{"@type":"NewsArticle","@id":"https:\/\/dicodusport.fr\/blog\/tour-de-lavenir-2025-jarno-widar-bisse-sur-la-6eme-etape-a\/#article","isPartOf":{"@id":"https:\/\/dicodusport.fr\/blog\/tour-de-lavenir-2025-jarno-widar-bisse-sur-la-6eme-etape-a\/"},"author":{"name":"Etienne Goursaud","@id":"https:\/\/dicodusport.fr\/blog\/#\/schema\/person\/d603dd7da31fb2b46c82b9835a77ec13"},"headline":"Tour de l\u2019Avenir 2025 : Jarno Widar bisse sur la 6\u00e8me \u00e9tape A","datePublished":"2025-08-29T08:54:55+00:00","dateModified":"2025-08-29T09:27:04+00:00","mainEntityOfPage":{"@id":"https:\/\/dicodusport.fr\/blog\/tour-de-lavenir-2025-jarno-widar-bisse-sur-la-6eme-etape-a\/"},"wordCount":759,"commentCount":0,"publisher":{"@id":"https:\/\/dicodusport.fr\/blog\/#organization"},"image":{"@id":"https:\/\/dicodusport.fr\/blog\/tour-de-lavenir-2025-jarno-widar-bisse-sur-la-6eme-etape-a\/#primaryimage"},"thumbnailUrl":"https:\/\/dicodusport.fr\/blog\/wp-content\/uploads\/2025\/08\/Tour-de-lAvenir-2025-Jarno-Widar-bisse-sur-la-6eme-etape-A.png","keywords":["br\u00e8ve","Tour de l'Avenir"],"articleSection":["Cyclisme sur route"],"inLanguage":"fr-FR","potentialAction":[{"@type":"CommentAction","name":"Comment","target":["https:\/\/dicodusport.fr\/blog\/tour-de-lavenir-2025-jarno-widar-bisse-sur-la-6eme-etape-a\/#respond"]}],"copyrightYear":"2025","copyrightHolder":{"@id":"https:\/\/dicodusport.fr\/blog\/#organization"}},{"@type":"WebPage","@id":"https:\/\/dicodusport.fr\/blog\/tour-de-lavenir-2025-jarno-widar-bisse-sur-la-6eme-etape-a\/","url":"https:\/\/dicodusport.fr\/blog\/tour-de-lavenir-2025-jarno-widar-bisse-sur-la-6eme-etape-a\/","name":"Tour de l\u2019Avenir 2025 : Jarno Widar bisse sur la 6\u00e8me \u00e9tape A","isPartOf":{"@id":"https:\/\/dicodusport.fr\/blog\/#website"},"primaryImageOfPage":{"@id":"https:\/\/dicodusport.fr\/blog\/tour-de-lavenir-2025-jarno-widar-bisse-sur-la-6eme-etape-a\/#primaryimage"},"image":{"@id":"https:\/\/dicodusport.fr\/blog\/tour-de-lavenir-2025-jarno-widar-bisse-sur-la-6eme-etape-a\/#primaryimage"},"thumbnailUrl":"https:\/\/dicodusport.fr\/blog\/wp-content\/uploads\/2025\/08\/Tour-de-lAvenir-2025-Jarno-Widar-bisse-sur-la-6eme-etape-A.png","datePublished":"2025-08-29T08:54:55+00:00","dateModified":"2025-08-29T09:27:04+00:00","description":"TOUR DE L\u2019AVENIR 2025 - Jarno Widar (Belgique) remporte son deuxi\u00e8me succ\u00e8s de rang sur la 6\u00e8me \u00e9tape A devant Paul Seixas.","breadcrumb":{"@id":"https:\/\/dicodusport.fr\/blog\/tour-de-lavenir-2025-jarno-widar-bisse-sur-la-6eme-etape-a\/#breadcrumb"},"inLanguage":"fr-FR","potentialAction":[{"@type":"ReadAction","target":["https:\/\/dicodusport.fr\/blog\/tour-de-lavenir-2025-jarno-widar-bisse-sur-la-6eme-etape-a\/"]}]},{"@type":"ImageObject","inLanguage":"fr-FR","@id":"https:\/\/dicodusport.fr\/blog\/tour-de-lavenir-2025-jarno-widar-bisse-sur-la-6eme-etape-a\/#primaryimage","url":"https:\/\/dicodusport.fr\/blog\/wp-content\/uploads\/2025\/08\/Tour-de-lAvenir-2025-Jarno-Widar-bisse-sur-la-6eme-etape-A.png","contentUrl":"https:\/\/dicodusport.fr\/blog\/wp-content\/uploads\/2025\/08\/Tour-de-lAvenir-2025-Jarno-Widar-bisse-sur-la-6eme-etape-A.png","width":1200,"height":674,"caption":"Tour de l\u2019Avenir 2025 Jarno Widar bisse sur la 6\u00e8me \u00e9tape A"},{"@type":"BreadcrumbList","@id":"https:\/\/dicodusport.fr\/blog\/tour-de-lavenir-2025-jarno-widar-bisse-sur-la-6eme-etape-a\/#breadcrumb","itemListElement":[{"@type":"ListItem","position":1,"name":"Accueil","item":"https:\/\/dicodusport.fr\/blog\/"},{"@type":"ListItem","position":2,"name":"Tour de l\u2019Avenir 2025 : Jarno Widar bisse sur la 6\u00e8me \u00e9tape A"}]},{"@type":"WebSite","@id":"https:\/\/dicodusport.fr\/blog\/#website","url":"https:\/\/dicodusport.fr\/blog\/","name":"Dicodusport","description":"L&#039;encyclop\u00e9die de l&#039;actualit\u00e9 sportive","publisher":{"@id":"https:\/\/dicodusport.fr\/blog\/#organization"},"potentialAction":[{"@type":"SearchAction","target":{"@type":"EntryPoint","urlTemplate":"https:\/\/dicodusport.fr\/blog\/?s={search_term_string}"},"query-input":{"@type":"PropertyValueSpecification","valueRequired":true,"valueName":"search_term_string"}}],"inLanguage":"fr-FR"},{"@type":"NewsMediaOrganization","@id":"https:\/\/dicodusport.fr\/blog\/#organization","name":"Dicodusport","url":"https:\/\/dicodusport.fr\/blog\/","logo":{"@type":"ImageObject","inLanguage":"fr-FR","@id":"https:\/\/dicodusport.fr\/blog\/#\/schema\/logo\/image\/","url":"https:\/\/dicodusport.fr\/blog\/wp-content\/uploads\/2020\/06\/cropped-LOGO-DICODUSPORT-2020-SANS-FOND-SANS-TEXTE.png","contentUrl":"https:\/\/dicodusport.fr\/blog\/wp-content\/uploads\/2020\/06\/cropped-LOGO-DICODUSPORT-2020-SANS-FOND-SANS-TEXTE.png","width":512,"height":512,"caption":"Dicodusport"},"image":{"@id":"https:\/\/dicodusport.fr\/blog\/#\/schema\/logo\/image\/"},"sameAs":["https:\/\/www.facebook.com\/dicodusport","https:\/\/x.com\/dicodusport","https:\/\/www.instagram.com\/dicodusport\/","https:\/\/www.youtube.com\/channel\/UC7V2KZ5sd3htJivAbA4ZG3w"],"description":"Dicodusport est l'encyclop\u00e9die de l'actualit\u00e9 sportive.","email":"bonjour@dicodusport.fr","legalName":"DICODUSPORT","foundingDate":"2018-01-14","vatID":"FR71834470973","taxID":"83447097300043","numberOfEmployees":{"@type":"QuantitativeValue","minValue":"1","maxValue":"10"}},{"@type":"Person","@id":"https:\/\/dicodusport.fr\/blog\/#\/schema\/person\/d603dd7da31fb2b46c82b9835a77ec13","name":"Etienne Goursaud","image":{"@type":"ImageObject","inLanguage":"fr-FR","@id":"https:\/\/dicodusport.fr\/blog\/#\/schema\/person\/image\/","url":"https:\/\/dicodusport.fr\/blog\/wp-content\/uploads\/2023\/12\/410122264_10231602061736049_5565839791558026645_n-150x150.jpg","contentUrl":"https:\/\/dicodusport.fr\/blog\/wp-content\/uploads\/2023\/12\/410122264_10231602061736049_5565839791558026645_n-150x150.jpg","caption":"Etienne Goursaud"},"description":"Journaliste et amoureux de sport. Ancien footballeur reconverti athl\u00e8te quand ses muscles le laissent tranquille. \u00c9lev\u00e9 \u00e0 la sauce des exploits de Thomas Voeckler en 2004, du dernier essai de l\u00e9gende de Eunice Barber \u00e0 la longueur lors des championnats du monde d'athl\u00e9tisme de 2003 mais aussi Zidane, Omeyer et Titou Lamaison.","url":"https:\/\/dicodusport.fr\/blog\/author\/etienne-goursaud\/"}]}},"_links":{"self":[{"href":"https:\/\/dicodusport.fr\/blog\/wp-json\/wp\/v2\/posts\/606469","targetHints":{"allow":["GET"]}}],"collection":[{"href":"https:\/\/dicodusport.fr\/blog\/wp-json\/wp\/v2\/posts"}],"about":[{"href":"https:\/\/dicodusport.fr\/blog\/wp-json\/wp\/v2\/types\/post"}],"author":[{"embeddable":true,"href":"https:\/\/dicodusport.fr\/blog\/wp-json\/wp\/v2\/users\/83"}],"replies":[{"embeddable":true,"href":"https:\/\/dicodusport.fr\/blog\/wp-json\/wp\/v2\/comments?post=606469"}],"version-history":[{"count":4,"href":"https:\/\/dicodusport.fr\/blog\/wp-json\/wp\/v2\/posts\/606469\/revisions"}],"predecessor-version":[{"id":606487,"href":"https:\/\/dicodusport.fr\/blog\/wp-json\/wp\/v2\/posts\/606469\/revisions\/606487"}],"wp:featuredmedia":[{"embeddable":true,"href":"https:\/\/dicodusport.fr\/blog\/wp-json\/wp\/v2\/media\/606497"}],"wp:attachment":[{"href":"https:\/\/dicodusport.fr\/blog\/wp-json\/wp\/v2\/media?parent=606469"}],"wp:term":[{"taxonomy":"category","embeddable":true,"href":"https:\/\/dicodusport.fr\/blog\/wp-json\/wp\/v2\/categories?post=606469"},{"taxonomy":"post_tag","embeddable":true,"href":"https:\/\/dicodusport.fr\/blog\/wp-json\/wp\/v2\/tags?post=606469"}],"curies":[{"name":"wp","href":"https:\/\/api.w.org\/{rel}","templated":true}]}}