{"id":606573,"date":"2025-08-30T19:37:45","date_gmt":"2025-08-30T17:37:45","guid":{"rendered":"https:\/\/dicodusport.fr\/blog\/?p=606573&#038;preview=true&#038;preview_id=606573"},"modified":"2025-08-30T19:37:07","modified_gmt":"2025-08-30T17:37:07","slug":"classement-en-direct-utmb-mont-blanc-2025","status":"publish","type":"post","link":"https:\/\/dicodusport.fr\/blog\/classement-en-direct-utmb-mont-blanc-2025\/","title":{"rendered":"Classement en direct UTMB Mont-Blanc 2025"},"content":{"rendered":"<p style=\"text-align: justify;\"><strong><em>D\u00e9couvrez le classement et les r\u00e9sultats (top 10) de l&rsquo;UTMB Ultra-Trail du Mont-Blanc 2025, qui d\u00e9bute ce vendredi 29 ao\u00fbt \u00e0 Chamonix (Italie), \u00e0 17h45.<\/em><\/strong><\/p>\n<ul>\n<li style=\"text-align: justify;\"><strong>\u00c0 ce sujet \u2013\u00a0<a href=\"https:\/\/dicodusport.fr\/blog\/utmb-2025-programme-complet-horaires-et-resultats\/\">UTMB 2025 : Programme complet, Horaires et R\u00e9sultats<\/a><\/strong><\/li>\n<\/ul>\n<p style=\"text-align: justify;\">Apr\u00e8s la <a href=\"https:\/\/dicodusport.fr\/blog\/utmb-2025-classement-tds-en-direct\/\">TDS<\/a>, l\u2019<a href=\"https:\/\/dicodusport.fr\/blog\/utmb-2025-classement-occ-en-direct\/\">OCC<\/a> ou encore la <a href=\"https:\/\/dicodusport.fr\/blog\/utmb-2025-classement-ccc-en-direct\/\">CCC<\/a>, place \u00e0 l&rsquo;<strong>UTMB Mont-Blanc<\/strong> ! L\u2019<strong>Ultra-Trail du Mont-Blanc (UTMB)<\/strong>, \u00e9preuve embl\u00e9matique du trail mondial, se d\u00e9rouler du <strong>29 au 31 ao\u00fbt 2025<\/strong> autour du massif du Mont-Blanc. Le d\u00e9part sera donn\u00e9 le <strong>vendredi 29 ao\u00fbt<\/strong> \u00e0 <strong>17h45<\/strong> depuis <strong>Chamonix<\/strong>, avec un parcours de <strong>174 kilom\u00e8tres<\/strong> et pr\u00e8s de <strong>9 900 m\u00e8tres de d\u00e9nivel\u00e9 positif<\/strong>, traversant la France, l\u2019Italie et la Suisse.<\/p>\n<h2 style=\"text-align: justify;\">Parcours et favoris de l&rsquo;UTMB 2025<\/h2>\n<p style=\"text-align: justify;\">Cette \u00e9dition 2025 int\u00e8gre une l\u00e9g\u00e8re modification du trac\u00e9 entre <strong>Chamonix<\/strong> et <strong>Les Houches<\/strong>, rendue n\u00e9cessaire par des chutes de pierres r\u00e9centes, tout en conservant l\u2019esprit originel et la technicit\u00e9 du parcours. L\u2019\u00e9preuve constitue \u00e9galement la finale du UTMB World Series et attire les meilleurs sp\u00e9cialistes de la discipline.<\/p>\n<p style=\"text-align: justify;\">Chez les hommes, l\u2019<strong>\u00e9dition 2025 de l\u2019UTMB<\/strong> verra <strong>Fran\u00e7ois D\u2019Haene<\/strong> comme l\u2019un des grands favoris. Quadruple vainqueur de l\u2019\u00e9preuve, le Fran\u00e7ais reste l\u2019un des traileurs les plus r\u00e9guliers et exp\u00e9riment\u00e9s sur les longues distances et en montagne. Il devra cependant composer avec d\u2019autres pr\u00e9tendants solides, dont le Britannique <strong>Jonathan Albon<\/strong> ou le Fran\u00e7ais <strong>Ludovic Pommeret<\/strong>, pour pr\u00e9tendre \u00e0 un sacre sur le parcours exigeant du Mont-Blanc.<\/p>\n<p>L\u2019<strong>UTMB 2025<\/strong> promet donc un d\u00e9fi extr\u00eame o\u00f9 performance physique, strat\u00e9gie et r\u00e9silience mentale seront mises \u00e0 rude \u00e9preuve, confirmant son statut d\u2019\u00e9preuve reine du trail mondial.<\/p>\n<div class=\"vlp-link-container vlp-layout-article\"><a href=\"https:\/\/dicodusport.fr\/blog\/utmb-2025-lultra-trail-du-mont-blanc-est-il-toujours-le-plus-grand-au-monde\/\" class=\"vlp-link\" title=\"UTMB 2025 : L\u2019Ultra-Trail du Mont-Blanc est-il toujours le plus grand au monde ?\"><\/a><div class=\"vlp-layout-zone-side\"><div class=\"vlp-block-4 vlp-link-image\"><img loading=\"lazy\" decoding=\"async\" style=\"max-width: 792px;\" width=\"792\" height=\"445\" src=\"https:\/\/dicodusport.fr\/blog\/wp-content\/uploads\/2025\/08\/UTMB-2025-LUltra-Trail-du-Mont-Blanc-est-il-toujours-le-plus-grand-au-monde.png\" class=\"attachment-800x445 size-800x445\" alt=\"UTMB 2025 L\u2019Ultra-Trail du Mont-Blanc est-il toujours le plus grand au monde\" srcset=\"https:\/\/dicodusport.fr\/blog\/wp-content\/uploads\/2025\/08\/UTMB-2025-LUltra-Trail-du-Mont-Blanc-est-il-toujours-le-plus-grand-au-monde.png 1200w, https:\/\/dicodusport.fr\/blog\/wp-content\/uploads\/2025\/08\/UTMB-2025-LUltra-Trail-du-Mont-Blanc-est-il-toujours-le-plus-grand-au-monde-300x169.png 300w, https:\/\/dicodusport.fr\/blog\/wp-content\/uploads\/2025\/08\/UTMB-2025-LUltra-Trail-du-Mont-Blanc-est-il-toujours-le-plus-grand-au-monde-1024x575.png 1024w, https:\/\/dicodusport.fr\/blog\/wp-content\/uploads\/2025\/08\/UTMB-2025-LUltra-Trail-du-Mont-Blanc-est-il-toujours-le-plus-grand-au-monde-768x431.png 768w\" sizes=\"auto, (max-width: 792px) 100vw, 792px\" \/><\/div><\/div><div class=\"vlp-layout-zone-main\"><div class=\"vlp-block-0 vlp-link-title\">UTMB 2025 : L\u2019Ultra-Trail du Mont-Blanc est-il toujours le plus grand au monde ?<\/div><div class=\"vlp-block-1 vlp-link-summary\">A l'heure o\u00f9 l'\u00e9preuve alpestre continue de faire r\u00eaver la plupart des traileurs, elle est dans le m\u00eame temps de plus en plus remise en cause. De quoi s'interroger sur son statut de plus grand ultra-trail du monde ?<\/div><div class=\"vlp-block-2 vlp-link-button\">Lire l'article<\/div><div class=\"vlp-block-3 vlp-link-url\">dicodusport.fr<\/div><\/div><\/div>\n<ul>\n<li style=\"text-align: justify;\"><strong>\u00c0 ce sujet \u2013 <a href=\"https:\/\/dicodusport.fr\/blog\/classement-en-direct-utmb-mont-blanc-2024\/\">Classement en direct UTMB Mont-Blanc 2024<\/a><\/strong><\/li>\n<\/ul>\n<h2 style=\"text-align: justify;\">Classement UTMB Ultra-Trail du Mont-Blanc 2025 &#8211; Course hommes<\/h2>\n<p style=\"text-align: justify;\"><span style=\"font-size: 14px;\"><strong><em>Classement final.<\/em><\/strong><\/span><\/p>\n<div class=\"su-table su-table-alternate\">\n<table style=\"width: 800px;border-collapse: collapse\" border=\"1\">\n<tbody>\n<tr style=\"height: 24px\">\n<td style=\"border-color: #ebebeb;height: 24px;text-align: center;width: 80px;vertical-align: middle\">\ud83c\udfc6<\/td>\n<td style=\"border-color: #ebebeb;height: 24px;text-align: center;width: 500px;vertical-align: middle\"><span style=\"font-size: 0.9em\"><strong>ATHL\u00c8TES<\/strong><\/span><\/td>\n<td style=\"border-color: #ebebeb;height: 24px;text-align: center;width: 220px;vertical-align: middle\"><span style=\"font-size: 0.9em\"><strong>TEMPS<\/strong><\/span><\/td>\n<\/tr>\n<tr style=\"height: 24px\">\n<td style=\"border-color: #ebebeb;height: 24px;text-align: center;width: 80px;vertical-align: middle\"><strong><span class=\"su-label su-label-type-warning\">1.<\/span><\/strong><\/td>\n<td style=\"border-color: #ebebeb;height: 24px;text-align: center;width: 500px;vertical-align: middle\"><span style=\"font-size: 0.9em\"><strong><strong style=\"font-size: 14.4px\">\ud83c\uddec\ud83c\udde7<\/strong> TOM EVANS<\/strong><\/span><\/td>\n<td style=\"border-color: #ebebeb;text-align: center;width: 220px;vertical-align: middle\"><span style=\"font-size: 0.9em\"><strong>19h18m58s<\/strong><\/span><\/td>\n<\/tr>\n<tr>\n<td style=\"border-color: #ebebeb;text-align: center;width: 80px;vertical-align: middle\"><strong><span class=\"su-label su-label-type-default\">2.<\/span><\/strong><\/td>\n<td style=\"border-color: #ebebeb;height: 24px;text-align: center;width: 500px;vertical-align: middle\"><span style=\"font-size: 0.9em\"><strong>\ud83c\uddfa\ud83c\uddf8 BEN DHIMAN<\/strong><\/span><\/td>\n<td style=\"border-color: #ebebeb;text-align: center;width: 220px;vertical-align: middle\"><span style=\"font-size: 0.9em\"><strong>\u00e0 32m39s<\/strong><\/span><\/td>\n<\/tr>\n<tr>\n<td style=\"border-color: #ebebeb;text-align: center;width: 80px;vertical-align: middle\"><strong><span class=\"su-label su-label-type-important\">3.<\/span><\/strong><\/td>\n<td style=\"border-color: #ebebeb;height: 24px;text-align: center;width: 500px;vertical-align: middle\"><span style=\"font-size: 0.9em\"><strong><strong style=\"font-size: 14.4px\">\ud83c\uddec\ud83c\udde7<\/strong> JOSH WADE<\/strong><\/span><\/td>\n<td style=\"border-color: #ebebeb;text-align: center;width: 220px;vertical-align: middle\"><span style=\"font-size: 0.9em\"><strong>\u00e0 46m08s<\/strong><\/span><\/td>\n<\/tr>\n<tr>\n<td style=\"border-color: #ebebeb;text-align: center;width: 80px;vertical-align: middle\"><span style=\"font-size: 0.9em\">4.<\/span><\/td>\n<td style=\"border-color: #ebebeb;height: 24px;text-align: center;width: 500px;vertical-align: middle\"><span style=\"font-size: 0.9em\"><strong>\ud83c\udde8\ud83c\uddf3 JI DUO<\/strong><\/span><\/td>\n<td style=\"border-color: #ebebeb;text-align: center;width: 220px;vertical-align: middle\"><span style=\"font-size: 0.9em\"><strong>\u00e0 56m07s<\/strong><\/span><\/td>\n<\/tr>\n<tr>\n<td style=\"border-color: #ebebeb;text-align: center;width: 80px;vertical-align: middle\"><span style=\"font-size: 0.9em\">5.<\/span><\/td>\n<td style=\"border-color: #ebebeb;height: 24px;text-align: center;width: 500px;vertical-align: middle\"><span style=\"font-size: 0.9em\"><strong>\ud83c\uddeb\ud83c\uddf7 THIBAUT GARRIVIER<\/strong><\/span><\/td>\n<td style=\"border-color: #ebebeb;text-align: center;width: 220px;vertical-align: middle\"><span style=\"font-size: 0.9em\"><strong>\u00e0 1h01m27s<\/strong><\/span><\/td>\n<\/tr>\n<tr>\n<td style=\"border-color: #ebebeb;text-align: center;width: 80px;vertical-align: middle\"><span style=\"font-size: 0.9em\">6.<\/span><\/td>\n<td style=\"border-color: #ebebeb;height: 24px;text-align: center;width: 500px;vertical-align: middle\"><span style=\"font-size: 0.9em\"><strong>\ud83c\uddeb\ud83c\uddf7 LUDOVIC POMMERET<\/strong><\/span><\/td>\n<td style=\"border-color: #ebebeb;text-align: center;width: 220px;vertical-align: middle\"><span style=\"font-size: 0.9em\"><strong>\u00e0 1h21m36s<\/strong><\/span><\/td>\n<\/tr>\n<tr>\n<td style=\"border-color: #ebebeb;text-align: center;width: 80px;vertical-align: middle\"><span style=\"font-size: 0.9em\">7.<\/span><\/td>\n<td style=\"border-color: #ebebeb;height: 24px;text-align: center;width: 500px;vertical-align: middle\"><span style=\"font-size: 0.9em\"><strong>\ud83c\uddeb\ud83c\uddf7 YANNICK NO\u00cbL<\/strong><\/span><\/td>\n<td style=\"border-color: #ebebeb;text-align: center;width: 220px;vertical-align: middle\"><span style=\"font-size: 0.9em\"><strong>\u00e0 1h44m43s<\/strong><\/span><\/td>\n<\/tr>\n<tr>\n<td style=\"border-color: #ebebeb;text-align: center;width: 80px;vertical-align: middle\"><span style=\"font-size: 0.9em\">8.<\/span><\/td>\n<td style=\"border-color: #ebebeb;height: 24px;text-align: center;width: 500px;vertical-align: middle\"><span style=\"font-size: 0.9em\"><strong>\ud83c\udde8\ud83c\uddf3 JIASHENG SHEN<\/strong><\/span><\/td>\n<td style=\"border-color: #ebebeb;text-align: center;width: 220px;vertical-align: middle\"><span style=\"font-size: 0.9em\"><strong>\u00e0 1h53m01s<\/strong><\/span><\/td>\n<\/tr>\n<tr>\n<td style=\"border-color: #ebebeb;text-align: center;width: 80px;vertical-align: middle\"><span style=\"font-size: 0.9em\">9.<\/span><\/td>\n<td style=\"border-color: #ebebeb;height: 24px;text-align: center;width: 500px;vertical-align: middle\"><span style=\"font-size: 0.9em\"><strong>\ud83c\uddfa\ud83c\uddf8 ROD FARVARD<\/strong><\/span><\/td>\n<td style=\"border-color: #ebebeb;text-align: center;width: 220px;vertical-align: middle\"><span style=\"font-size: 0.9em\"><strong>\u00e0 1h59m26s<\/strong><\/span><\/td>\n<\/tr>\n<tr style=\"height: 24px\">\n<td style=\"border-color: #ebebeb;height: 24px;text-align: center;width: 80px;vertical-align: middle\"><span style=\"font-size: 0.9em\">10.<\/span><\/td>\n<td style=\"border-color: #ebebeb;height: 24px;text-align: center;width: 500px;vertical-align: middle\"><span style=\"font-size: 0.9em\"><strong>\ud83c\udde8\ud83c\uddf3 JIAJU ZHAO<\/strong><\/span><\/td>\n<td style=\"border-color: #ebebeb;text-align: center;width: 220px;vertical-align: middle\"><span style=\"font-size: 0.9em\"><strong>\u00e0 2h00m49s<\/strong><\/span><\/td>\n<\/tr>\n<\/tbody>\n<\/table>\n<\/div>\n<ul>\n<li style=\"text-align: justify;\"><strong><a href=\"https:\/\/live.utmb.world\/fr\/utmb\/2025\/utmb\">Le classement complet<\/a><br \/>\n<\/strong><\/li>\n<\/ul>\n<hr \/>\n<h2 style=\"text-align: justify;\">Classement UTMB Ultra-Trail du Mont-Blanc 2025 &#8211; Course femmes<\/h2>\n<p style=\"text-align: justify;\"><span style=\"font-size: 14px;\"><strong><em>Classement final.<\/em><\/strong><\/span><\/p>\n<div class=\"su-table su-table-alternate\">\n<table style=\"width: 800px;border-collapse: collapse\" border=\"1\">\n<tbody>\n<tr style=\"height: 24px\">\n<td style=\"border-color: #ebebeb;height: 24px;text-align: center;width: 80px;vertical-align: middle\">\ud83c\udfc6<\/td>\n<td style=\"border-color: #ebebeb;height: 24px;text-align: center;width: 500px;vertical-align: middle\"><span style=\"font-size: 0.9em\"><strong>ATHL\u00c8TES<\/strong><\/span><\/td>\n<td style=\"border-color: #ebebeb;height: 24px;text-align: center;width: 220px;vertical-align: middle\"><span style=\"font-size: 0.9em\"><strong>TEMPS<\/strong><\/span><\/td>\n<\/tr>\n<tr style=\"height: 24px\">\n<td style=\"border-color: #ebebeb;height: 24px;text-align: center;width: 80px;vertical-align: middle\"><strong><span class=\"su-label su-label-type-warning\">1.<\/span><\/strong><\/td>\n<td style=\"border-color: #ebebeb;height: 24px;text-align: center;width: 500px;vertical-align: middle\"><span style=\"font-size: 0.9em\"><strong>\ud83c\uddf3\ud83c\uddff RUTH CROFT<\/strong><\/span><\/td>\n<td style=\"border-color: #ebebeb;text-align: center;width: 220px;vertical-align: middle\"><span style=\"font-size: 0.9em\"><strong>22h56m23s<\/strong><\/span><\/td>\n<\/tr>\n<tr>\n<td style=\"border-color: #ebebeb;text-align: center;width: 80px;vertical-align: middle\"><strong><span class=\"su-label su-label-type-default\">2.<\/span><\/strong><\/td>\n<td style=\"border-color: #ebebeb;height: 24px;text-align: center;width: 500px;vertical-align: middle\"><span style=\"font-size: 0.9em\"><strong>\ud83c\uddeb\ud83c\uddf7 CAMILLE BRUYAS<\/strong><\/span><\/td>\n<td style=\"border-color: #ebebeb;text-align: center;width: 220px;vertical-align: middle\"><span style=\"font-size: 0.9em\"><strong>\u00e0 32m25s<\/strong><\/span><\/td>\n<\/tr>\n<tr>\n<td style=\"border-color: #ebebeb;text-align: center;width: 80px;vertical-align: middle\"><strong><span class=\"su-label su-label-type-important\">3.<\/span><\/strong><\/td>\n<td style=\"border-color: #ebebeb;height: 24px;text-align: center;width: 500px;vertical-align: middle\"><span style=\"font-size: 0.9em\"><strong>\ud83c\udde9\ud83c\uddea KATHARINA HARTMUTH<\/strong><\/span><\/td>\n<td style=\"border-color: #ebebeb;text-align: center;width: 220px;vertical-align: middle\"><span style=\"font-size: 0.9em\"><strong>\u00e0 1h20m16s<\/strong><\/span><\/td>\n<\/tr>\n<tr>\n<td style=\"border-color: #ebebeb;text-align: center;width: 80px;vertical-align: middle\"><span style=\"font-size: 0.9em\">4.<\/span><\/td>\n<td style=\"border-color: #ebebeb;height: 24px;text-align: center;width: 500px;vertical-align: middle\"><span style=\"font-size: 0.9em\"><strong>\ud83c\uddf8\ud83c\uddea ANNA CARLSSON<\/strong><\/span><\/td>\n<td style=\"border-color: #ebebeb;text-align: center;width: 220px;vertical-align: middle\"><span style=\"font-size: 0.9em\"><strong>\u00e0 1h43m19s<\/strong><\/span><\/td>\n<\/tr>\n<tr>\n<td style=\"border-color: #ebebeb;text-align: center;width: 80px;vertical-align: middle\"><span style=\"font-size: 0.9em\">5.<\/span><\/td>\n<td style=\"border-color: #ebebeb;height: 24px;text-align: center;width: 500px;vertical-align: middle\"><span style=\"font-size: 0.9em\"><strong>\ud83c\uddeb\ud83c\uddf7 MA\u00cbLLE DERUAZ<\/strong><\/span><\/td>\n<td style=\"border-color: #ebebeb;text-align: center;width: 220px;vertical-align: middle\"><span style=\"font-size: 0.9em\"><strong>\u00e0 1h46m39s<\/strong><\/span><\/td>\n<\/tr>\n<tr>\n<td style=\"border-color: #ebebeb;text-align: center;width: 80px;vertical-align: middle\"><span style=\"font-size: 0.9em\">6.<\/span><\/td>\n<td style=\"border-color: #ebebeb;height: 24px;text-align: center;width: 500px;vertical-align: middle\"><span style=\"font-size: 0.9em\"><strong>\ud83c\uddeb\ud83c\uddf7 MAGALI MELLON<\/strong><\/span><\/td>\n<td style=\"border-color: #ebebeb;text-align: center;width: 220px;vertical-align: middle\"><span style=\"font-size: 0.9em\"><strong>\u00e0 1h51m49s<\/strong><\/span><\/td>\n<\/tr>\n<tr>\n<td style=\"border-color: #ebebeb;text-align: center;width: 80px;vertical-align: middle\"><span style=\"font-size: 0.9em\">7.<\/span><\/td>\n<td style=\"border-color: #ebebeb;height: 24px;text-align: center;width: 500px;vertical-align: middle\"><span style=\"font-size: 0.9em\"><strong>\ud83c\udde6\ud83c\uddfa LUCY BARTHOLOMEW<\/strong><\/span><\/td>\n<td style=\"border-color: #ebebeb;text-align: center;width: 220px;vertical-align: middle\"><span style=\"font-size: 0.9em\"><strong>\u00e0 1h55m09s<\/strong><\/span><\/td>\n<\/tr>\n<tr>\n<td style=\"border-color: #ebebeb;text-align: center;width: 80px;vertical-align: middle\"><span style=\"font-size: 0.9em\">8.<\/span><\/td>\n<td style=\"border-color: #ebebeb;height: 24px;text-align: center;width: 500px;vertical-align: middle\"><span style=\"font-size: 0.9em\"><strong>\ud83c\uddfa\ud83c\uddf8 LAUREN PURETZ<\/strong><\/span><\/td>\n<td style=\"border-color: #ebebeb;text-align: center;width: 220px;vertical-align: middle\"><span style=\"font-size: 0.9em\"><strong>\u00e0 1h58m34s<\/strong><\/span><\/td>\n<\/tr>\n<tr>\n<td style=\"border-color: #ebebeb;text-align: center;width: 80px;vertical-align: middle\"><span style=\"font-size: 0.9em\">9.<\/span><\/td>\n<td style=\"border-color: #ebebeb;height: 24px;text-align: center;width: 500px;vertical-align: middle\"><span style=\"font-size: 0.9em\"><strong>\ud83c\uddea\ud83c\uddf8 CLAUDIA TREMPS<\/strong><\/span><\/td>\n<td style=\"border-color: #ebebeb;text-align: center;width: 220px;vertical-align: middle\"><span style=\"font-size: 0.9em\"><strong>\u00e0 2h08m44s<\/strong><\/span><\/td>\n<\/tr>\n<tr style=\"height: 24px\">\n<td style=\"border-color: #ebebeb;height: 24px;text-align: center;width: 80px;vertical-align: middle\"><span style=\"font-size: 0.9em\">10.<\/span><\/td>\n<td style=\"border-color: #ebebeb;height: 24px;text-align: center;width: 500px;vertical-align: middle\"><span style=\"font-size: 0.9em\"><strong>\ud83c\uddfa\ud83c\uddf8 COURTNEY DAUWALTER<\/strong><\/span><\/td>\n<td style=\"border-color: #ebebeb;text-align: center;width: 220px;vertical-align: middle\"><span style=\"font-size: 0.9em\"><strong>\u00e0 2h54m15s<\/strong><\/span><\/td>\n<\/tr>\n<\/tbody>\n<\/table>\n<\/div>\n<ul>\n<li style=\"text-align: justify;\"><a href=\"https:\/\/live.utmb.world\/fr\/utmb\/2025\/utmb\"><strong>Le classement complet<\/strong><\/a><\/li>\n<\/ul>\n","protected":false},"excerpt":{"rendered":"<p>D\u00e9couvrez le classement et les r\u00e9sultats (top 10) de l&rsquo;UTMB Ultra-Trail du Mont-Blanc 2025, qui d\u00e9bute ce vendredi 29 ao\u00fbt \u00e0 Chamonix (Italie), \u00e0 17h45.<\/p>\n","protected":false},"author":4,"featured_media":606580,"comment_status":"open","ping_status":"closed","sticky":false,"template":"","format":"standard","meta":{"_acf_changed":false,"_daextam_enable_autolinks":"1","footnotes":""},"categories":[8673],"tags":[16878,862,5836,3388],"class_list":["post-606573","post","type-post","status-publish","format-standard","has-post-thumbnail","hentry","category-trail","tag-breve","tag-trail","tag-ultra-trail","tag-utmb"],"acf":[],"yoast_head":"<!-- This site is optimized with the Yoast SEO Premium plugin v26.7 (Yoast SEO v26.7) - https:\/\/yoast.com\/wordpress\/plugins\/seo\/ -->\n<title>Classement en direct UTMB Mont-Blanc 2025<\/title>\n<meta name=\"description\" content=\"D\u00e9couvrez le classement et les r\u00e9sultats (top 10) de l&#039;UTMB Ultra-Trail du Mont-Blanc 2025, qui d\u00e9bute ce vendredi 29 ao\u00fbt \u00e0 Chamonix (Italie), \u00e0 17h45.\" \/>\n<meta name=\"robots\" content=\"index, follow, max-snippet:-1, max-image-preview:large, max-video-preview:-1\" \/>\n<link rel=\"canonical\" href=\"https:\/\/dicodusport.fr\/blog\/classement-en-direct-utmb-mont-blanc-2025\/\" \/>\n<meta property=\"og:locale\" content=\"fr_FR\" \/>\n<meta property=\"og:type\" content=\"article\" \/>\n<meta property=\"og:title\" content=\"Classement en direct UTMB Mont-Blanc 2025\" \/>\n<meta property=\"og:description\" content=\"D\u00e9couvrez le classement et les r\u00e9sultats (top 10) de l&#039;UTMB Ultra-Trail du Mont-Blanc 2025, qui d\u00e9bute ce vendredi 29 ao\u00fbt \u00e0 Chamonix (Italie), \u00e0 17h45.\" \/>\n<meta property=\"og:url\" content=\"https:\/\/dicodusport.fr\/blog\/classement-en-direct-utmb-mont-blanc-2025\/\" \/>\n<meta property=\"og:site_name\" content=\"Dicodusport\" \/>\n<meta property=\"article:publisher\" content=\"https:\/\/www.facebook.com\/dicodusport\" \/>\n<meta property=\"article:author\" content=\"https:\/\/www.facebook.com\/florent.ostermann\" \/>\n<meta property=\"article:published_time\" content=\"2025-08-30T17:37:45+00:00\" \/>\n<meta property=\"og:image\" content=\"https:\/\/dicodusport.fr\/blog\/wp-content\/uploads\/2025\/08\/Classement-en-direct-UTMB-Mont-Blanc-2025.png\" \/>\n\t<meta property=\"og:image:width\" content=\"1200\" \/>\n\t<meta property=\"og:image:height\" content=\"674\" \/>\n\t<meta property=\"og:image:type\" content=\"image\/png\" \/>\n<meta name=\"author\" content=\"Flo Ostermann\" \/>\n<meta name=\"twitter:card\" content=\"summary_large_image\" \/>\n<meta name=\"twitter:title\" content=\"Classement en direct UTMB Mont-Blanc 2025\" \/>\n<meta name=\"twitter:creator\" content=\"@https:\/\/twitter.com\/FlOstermann\" \/>\n<meta name=\"twitter:site\" content=\"@dicodusport\" \/>\n<script type=\"application\/ld+json\" class=\"yoast-schema-graph\">{\"@context\":\"https:\/\/schema.org\",\"@graph\":[{\"@type\":\"NewsArticle\",\"@id\":\"https:\/\/dicodusport.fr\/blog\/classement-en-direct-utmb-mont-blanc-2025\/#article\",\"isPartOf\":{\"@id\":\"https:\/\/dicodusport.fr\/blog\/classement-en-direct-utmb-mont-blanc-2025\/\"},\"author\":{\"name\":\"Flo Ostermann\",\"@id\":\"https:\/\/dicodusport.fr\/blog\/#\/schema\/person\/cb02af4c173ce4a653b55e9baf388d4a\"},\"headline\":\"Classement en direct UTMB Mont-Blanc 2025\",\"datePublished\":\"2025-08-30T17:37:45+00:00\",\"mainEntityOfPage\":{\"@id\":\"https:\/\/dicodusport.fr\/blog\/classement-en-direct-utmb-mont-blanc-2025\/\"},\"wordCount\":560,\"commentCount\":0,\"publisher\":{\"@id\":\"https:\/\/dicodusport.fr\/blog\/#organization\"},\"image\":{\"@id\":\"https:\/\/dicodusport.fr\/blog\/classement-en-direct-utmb-mont-blanc-2025\/#primaryimage\"},\"thumbnailUrl\":\"https:\/\/dicodusport.fr\/blog\/wp-content\/uploads\/2025\/08\/Classement-en-direct-UTMB-Mont-Blanc-2025.png\",\"keywords\":[\"br\u00e8ve\",\"trail\",\"Ultra-Trail\",\"UTMB\"],\"articleSection\":[\"Trail\"],\"inLanguage\":\"fr-FR\",\"potentialAction\":[{\"@type\":\"CommentAction\",\"name\":\"Comment\",\"target\":[\"https:\/\/dicodusport.fr\/blog\/classement-en-direct-utmb-mont-blanc-2025\/#respond\"]}],\"copyrightYear\":\"2025\",\"copyrightHolder\":{\"@id\":\"https:\/\/dicodusport.fr\/blog\/#organization\"}},{\"@type\":\"WebPage\",\"@id\":\"https:\/\/dicodusport.fr\/blog\/classement-en-direct-utmb-mont-blanc-2025\/\",\"url\":\"https:\/\/dicodusport.fr\/blog\/classement-en-direct-utmb-mont-blanc-2025\/\",\"name\":\"Classement en direct UTMB Mont-Blanc 2025\",\"isPartOf\":{\"@id\":\"https:\/\/dicodusport.fr\/blog\/#website\"},\"primaryImageOfPage\":{\"@id\":\"https:\/\/dicodusport.fr\/blog\/classement-en-direct-utmb-mont-blanc-2025\/#primaryimage\"},\"image\":{\"@id\":\"https:\/\/dicodusport.fr\/blog\/classement-en-direct-utmb-mont-blanc-2025\/#primaryimage\"},\"thumbnailUrl\":\"https:\/\/dicodusport.fr\/blog\/wp-content\/uploads\/2025\/08\/Classement-en-direct-UTMB-Mont-Blanc-2025.png\",\"datePublished\":\"2025-08-30T17:37:45+00:00\",\"description\":\"D\u00e9couvrez le classement et les r\u00e9sultats (top 10) de l'UTMB Ultra-Trail du Mont-Blanc 2025, qui d\u00e9bute ce vendredi 29 ao\u00fbt \u00e0 Chamonix (Italie), \u00e0 17h45.\",\"breadcrumb\":{\"@id\":\"https:\/\/dicodusport.fr\/blog\/classement-en-direct-utmb-mont-blanc-2025\/#breadcrumb\"},\"inLanguage\":\"fr-FR\",\"potentialAction\":[{\"@type\":\"ReadAction\",\"target\":[\"https:\/\/dicodusport.fr\/blog\/classement-en-direct-utmb-mont-blanc-2025\/\"]}]},{\"@type\":\"ImageObject\",\"inLanguage\":\"fr-FR\",\"@id\":\"https:\/\/dicodusport.fr\/blog\/classement-en-direct-utmb-mont-blanc-2025\/#primaryimage\",\"url\":\"https:\/\/dicodusport.fr\/blog\/wp-content\/uploads\/2025\/08\/Classement-en-direct-UTMB-Mont-Blanc-2025.png\",\"contentUrl\":\"https:\/\/dicodusport.fr\/blog\/wp-content\/uploads\/2025\/08\/Classement-en-direct-UTMB-Mont-Blanc-2025.png\",\"width\":1200,\"height\":674,\"caption\":\"Classement en direct UTMB Mont-Blanc 2025\"},{\"@type\":\"BreadcrumbList\",\"@id\":\"https:\/\/dicodusport.fr\/blog\/classement-en-direct-utmb-mont-blanc-2025\/#breadcrumb\",\"itemListElement\":[{\"@type\":\"ListItem\",\"position\":1,\"name\":\"Accueil\",\"item\":\"https:\/\/dicodusport.fr\/blog\/\"},{\"@type\":\"ListItem\",\"position\":2,\"name\":\"Classement en direct UTMB Mont-Blanc 2025\"}]},{\"@type\":\"WebSite\",\"@id\":\"https:\/\/dicodusport.fr\/blog\/#website\",\"url\":\"https:\/\/dicodusport.fr\/blog\/\",\"name\":\"Dicodusport\",\"description\":\"L&#039;encyclop\u00e9die de l&#039;actualit\u00e9 sportive\",\"publisher\":{\"@id\":\"https:\/\/dicodusport.fr\/blog\/#organization\"},\"potentialAction\":[{\"@type\":\"SearchAction\",\"target\":{\"@type\":\"EntryPoint\",\"urlTemplate\":\"https:\/\/dicodusport.fr\/blog\/?s={search_term_string}\"},\"query-input\":{\"@type\":\"PropertyValueSpecification\",\"valueRequired\":true,\"valueName\":\"search_term_string\"}}],\"inLanguage\":\"fr-FR\"},{\"@type\":\"NewsMediaOrganization\",\"@id\":\"https:\/\/dicodusport.fr\/blog\/#organization\",\"name\":\"Dicodusport\",\"url\":\"https:\/\/dicodusport.fr\/blog\/\",\"logo\":{\"@type\":\"ImageObject\",\"inLanguage\":\"fr-FR\",\"@id\":\"https:\/\/dicodusport.fr\/blog\/#\/schema\/logo\/image\/\",\"url\":\"https:\/\/dicodusport.fr\/blog\/wp-content\/uploads\/2020\/06\/cropped-LOGO-DICODUSPORT-2020-SANS-FOND-SANS-TEXTE.png\",\"contentUrl\":\"https:\/\/dicodusport.fr\/blog\/wp-content\/uploads\/2020\/06\/cropped-LOGO-DICODUSPORT-2020-SANS-FOND-SANS-TEXTE.png\",\"width\":512,\"height\":512,\"caption\":\"Dicodusport\"},\"image\":{\"@id\":\"https:\/\/dicodusport.fr\/blog\/#\/schema\/logo\/image\/\"},\"sameAs\":[\"https:\/\/www.facebook.com\/dicodusport\",\"https:\/\/x.com\/dicodusport\",\"https:\/\/www.instagram.com\/dicodusport\/\",\"https:\/\/www.youtube.com\/channel\/UC7V2KZ5sd3htJivAbA4ZG3w\"],\"description\":\"Dicodusport est l'encyclop\u00e9die de l'actualit\u00e9 sportive.\",\"email\":\"bonjour@dicodusport.fr\",\"legalName\":\"DICODUSPORT\",\"foundingDate\":\"2018-01-14\",\"vatID\":\"FR71834470973\",\"taxID\":\"83447097300043\",\"numberOfEmployees\":{\"@type\":\"QuantitativeValue\",\"minValue\":\"1\",\"maxValue\":\"10\"}},{\"@type\":\"Person\",\"@id\":\"https:\/\/dicodusport.fr\/blog\/#\/schema\/person\/cb02af4c173ce4a653b55e9baf388d4a\",\"name\":\"Flo Ostermann\",\"image\":{\"@type\":\"ImageObject\",\"inLanguage\":\"fr-FR\",\"@id\":\"https:\/\/dicodusport.fr\/blog\/#\/schema\/person\/image\/\",\"url\":\"https:\/\/dicodusport.fr\/blog\/wp-content\/uploads\/2021\/05\/Flo-Ostermann-150x150.jpg\",\"contentUrl\":\"https:\/\/dicodusport.fr\/blog\/wp-content\/uploads\/2021\/05\/Flo-Ostermann-150x150.jpg\",\"caption\":\"Flo Ostermann\"},\"description\":\"Journaliste\/R\u00e9dacteur depuis septembre 2015 - Mes premiers souvenirs dans le sport ? Les envol\u00e9es du Stade Toulousain et les duels Villeneuve-Schumacher et H\u00e4kkinen-Schumacher \u00e0 la fin des ann\u00e9es 90, la Coupe du monde de football en 1998, l\u2019exploit du XV de France face aux All Blacks en 1999, mais aussi Richard C\u0153ur de Lion qui vole sur les montagnes du Tour de France. Bien parti pour devenir professeur d\u2019EPS, les \u00e9v\u00e9nements de la vie (et la flemme d\u2019animer des s\u00e9ances de 3x500 m\u00e8tres toute ma vie) m\u2019ont conduit \u00e0 revoir mes plans. Me voil\u00e0 depuis fin 2017 sur Dicodusport, m\u00e9dia gr\u00e2ce (et pour) lequel je partage ma passion : le sport dans tous ses \u00e9tats. Le tout accompagn\u00e9 par les fous furieux et folles furieuses cit\u00e9s sur cette page !\",\"sameAs\":[\"https:\/\/www.facebook.com\/florent.ostermann\",\"https:\/\/x.com\/https:\/\/twitter.com\/FlOstermann\",\"admin\"],\"url\":\"https:\/\/dicodusport.fr\/blog\/author\/flo\/\"}]}<\/script>\n<!-- \/ Yoast SEO Premium plugin. -->","yoast_head_json":{"title":"Classement en direct UTMB Mont-Blanc 2025","description":"D\u00e9couvrez le classement et les r\u00e9sultats (top 10) de l'UTMB Ultra-Trail du Mont-Blanc 2025, qui d\u00e9bute ce vendredi 29 ao\u00fbt \u00e0 Chamonix (Italie), \u00e0 17h45.","robots":{"index":"index","follow":"follow","max-snippet":"max-snippet:-1","max-image-preview":"max-image-preview:large","max-video-preview":"max-video-preview:-1"},"canonical":"https:\/\/dicodusport.fr\/blog\/classement-en-direct-utmb-mont-blanc-2025\/","og_locale":"fr_FR","og_type":"article","og_title":"Classement en direct UTMB Mont-Blanc 2025","og_description":"D\u00e9couvrez le classement et les r\u00e9sultats (top 10) de l'UTMB Ultra-Trail du Mont-Blanc 2025, qui d\u00e9bute ce vendredi 29 ao\u00fbt \u00e0 Chamonix (Italie), \u00e0 17h45.","og_url":"https:\/\/dicodusport.fr\/blog\/classement-en-direct-utmb-mont-blanc-2025\/","og_site_name":"Dicodusport","article_publisher":"https:\/\/www.facebook.com\/dicodusport","article_author":"https:\/\/www.facebook.com\/florent.ostermann","article_published_time":"2025-08-30T17:37:45+00:00","og_image":[{"width":1200,"height":674,"url":"https:\/\/dicodusport.fr\/blog\/wp-content\/uploads\/2025\/08\/Classement-en-direct-UTMB-Mont-Blanc-2025.png","type":"image\/png"}],"author":"Flo Ostermann","twitter_card":"summary_large_image","twitter_title":"Classement en direct UTMB Mont-Blanc 2025","twitter_creator":"@https:\/\/twitter.com\/FlOstermann","twitter_site":"@dicodusport","schema":{"@context":"https:\/\/schema.org","@graph":[{"@type":"NewsArticle","@id":"https:\/\/dicodusport.fr\/blog\/classement-en-direct-utmb-mont-blanc-2025\/#article","isPartOf":{"@id":"https:\/\/dicodusport.fr\/blog\/classement-en-direct-utmb-mont-blanc-2025\/"},"author":{"name":"Flo Ostermann","@id":"https:\/\/dicodusport.fr\/blog\/#\/schema\/person\/cb02af4c173ce4a653b55e9baf388d4a"},"headline":"Classement en direct UTMB Mont-Blanc 2025","datePublished":"2025-08-30T17:37:45+00:00","mainEntityOfPage":{"@id":"https:\/\/dicodusport.fr\/blog\/classement-en-direct-utmb-mont-blanc-2025\/"},"wordCount":560,"commentCount":0,"publisher":{"@id":"https:\/\/dicodusport.fr\/blog\/#organization"},"image":{"@id":"https:\/\/dicodusport.fr\/blog\/classement-en-direct-utmb-mont-blanc-2025\/#primaryimage"},"thumbnailUrl":"https:\/\/dicodusport.fr\/blog\/wp-content\/uploads\/2025\/08\/Classement-en-direct-UTMB-Mont-Blanc-2025.png","keywords":["br\u00e8ve","trail","Ultra-Trail","UTMB"],"articleSection":["Trail"],"inLanguage":"fr-FR","potentialAction":[{"@type":"CommentAction","name":"Comment","target":["https:\/\/dicodusport.fr\/blog\/classement-en-direct-utmb-mont-blanc-2025\/#respond"]}],"copyrightYear":"2025","copyrightHolder":{"@id":"https:\/\/dicodusport.fr\/blog\/#organization"}},{"@type":"WebPage","@id":"https:\/\/dicodusport.fr\/blog\/classement-en-direct-utmb-mont-blanc-2025\/","url":"https:\/\/dicodusport.fr\/blog\/classement-en-direct-utmb-mont-blanc-2025\/","name":"Classement en direct UTMB Mont-Blanc 2025","isPartOf":{"@id":"https:\/\/dicodusport.fr\/blog\/#website"},"primaryImageOfPage":{"@id":"https:\/\/dicodusport.fr\/blog\/classement-en-direct-utmb-mont-blanc-2025\/#primaryimage"},"image":{"@id":"https:\/\/dicodusport.fr\/blog\/classement-en-direct-utmb-mont-blanc-2025\/#primaryimage"},"thumbnailUrl":"https:\/\/dicodusport.fr\/blog\/wp-content\/uploads\/2025\/08\/Classement-en-direct-UTMB-Mont-Blanc-2025.png","datePublished":"2025-08-30T17:37:45+00:00","description":"D\u00e9couvrez le classement et les r\u00e9sultats (top 10) de l'UTMB Ultra-Trail du Mont-Blanc 2025, qui d\u00e9bute ce vendredi 29 ao\u00fbt \u00e0 Chamonix (Italie), \u00e0 17h45.","breadcrumb":{"@id":"https:\/\/dicodusport.fr\/blog\/classement-en-direct-utmb-mont-blanc-2025\/#breadcrumb"},"inLanguage":"fr-FR","potentialAction":[{"@type":"ReadAction","target":["https:\/\/dicodusport.fr\/blog\/classement-en-direct-utmb-mont-blanc-2025\/"]}]},{"@type":"ImageObject","inLanguage":"fr-FR","@id":"https:\/\/dicodusport.fr\/blog\/classement-en-direct-utmb-mont-blanc-2025\/#primaryimage","url":"https:\/\/dicodusport.fr\/blog\/wp-content\/uploads\/2025\/08\/Classement-en-direct-UTMB-Mont-Blanc-2025.png","contentUrl":"https:\/\/dicodusport.fr\/blog\/wp-content\/uploads\/2025\/08\/Classement-en-direct-UTMB-Mont-Blanc-2025.png","width":1200,"height":674,"caption":"Classement en direct UTMB Mont-Blanc 2025"},{"@type":"BreadcrumbList","@id":"https:\/\/dicodusport.fr\/blog\/classement-en-direct-utmb-mont-blanc-2025\/#breadcrumb","itemListElement":[{"@type":"ListItem","position":1,"name":"Accueil","item":"https:\/\/dicodusport.fr\/blog\/"},{"@type":"ListItem","position":2,"name":"Classement en direct UTMB Mont-Blanc 2025"}]},{"@type":"WebSite","@id":"https:\/\/dicodusport.fr\/blog\/#website","url":"https:\/\/dicodusport.fr\/blog\/","name":"Dicodusport","description":"L&#039;encyclop\u00e9die de l&#039;actualit\u00e9 sportive","publisher":{"@id":"https:\/\/dicodusport.fr\/blog\/#organization"},"potentialAction":[{"@type":"SearchAction","target":{"@type":"EntryPoint","urlTemplate":"https:\/\/dicodusport.fr\/blog\/?s={search_term_string}"},"query-input":{"@type":"PropertyValueSpecification","valueRequired":true,"valueName":"search_term_string"}}],"inLanguage":"fr-FR"},{"@type":"NewsMediaOrganization","@id":"https:\/\/dicodusport.fr\/blog\/#organization","name":"Dicodusport","url":"https:\/\/dicodusport.fr\/blog\/","logo":{"@type":"ImageObject","inLanguage":"fr-FR","@id":"https:\/\/dicodusport.fr\/blog\/#\/schema\/logo\/image\/","url":"https:\/\/dicodusport.fr\/blog\/wp-content\/uploads\/2020\/06\/cropped-LOGO-DICODUSPORT-2020-SANS-FOND-SANS-TEXTE.png","contentUrl":"https:\/\/dicodusport.fr\/blog\/wp-content\/uploads\/2020\/06\/cropped-LOGO-DICODUSPORT-2020-SANS-FOND-SANS-TEXTE.png","width":512,"height":512,"caption":"Dicodusport"},"image":{"@id":"https:\/\/dicodusport.fr\/blog\/#\/schema\/logo\/image\/"},"sameAs":["https:\/\/www.facebook.com\/dicodusport","https:\/\/x.com\/dicodusport","https:\/\/www.instagram.com\/dicodusport\/","https:\/\/www.youtube.com\/channel\/UC7V2KZ5sd3htJivAbA4ZG3w"],"description":"Dicodusport est l'encyclop\u00e9die de l'actualit\u00e9 sportive.","email":"bonjour@dicodusport.fr","legalName":"DICODUSPORT","foundingDate":"2018-01-14","vatID":"FR71834470973","taxID":"83447097300043","numberOfEmployees":{"@type":"QuantitativeValue","minValue":"1","maxValue":"10"}},{"@type":"Person","@id":"https:\/\/dicodusport.fr\/blog\/#\/schema\/person\/cb02af4c173ce4a653b55e9baf388d4a","name":"Flo Ostermann","image":{"@type":"ImageObject","inLanguage":"fr-FR","@id":"https:\/\/dicodusport.fr\/blog\/#\/schema\/person\/image\/","url":"https:\/\/dicodusport.fr\/blog\/wp-content\/uploads\/2021\/05\/Flo-Ostermann-150x150.jpg","contentUrl":"https:\/\/dicodusport.fr\/blog\/wp-content\/uploads\/2021\/05\/Flo-Ostermann-150x150.jpg","caption":"Flo Ostermann"},"description":"Journaliste\/R\u00e9dacteur depuis septembre 2015 - Mes premiers souvenirs dans le sport ? Les envol\u00e9es du Stade Toulousain et les duels Villeneuve-Schumacher et H\u00e4kkinen-Schumacher \u00e0 la fin des ann\u00e9es 90, la Coupe du monde de football en 1998, l\u2019exploit du XV de France face aux All Blacks en 1999, mais aussi Richard C\u0153ur de Lion qui vole sur les montagnes du Tour de France. Bien parti pour devenir professeur d\u2019EPS, les \u00e9v\u00e9nements de la vie (et la flemme d\u2019animer des s\u00e9ances de 3x500 m\u00e8tres toute ma vie) m\u2019ont conduit \u00e0 revoir mes plans. Me voil\u00e0 depuis fin 2017 sur Dicodusport, m\u00e9dia gr\u00e2ce (et pour) lequel je partage ma passion : le sport dans tous ses \u00e9tats. Le tout accompagn\u00e9 par les fous furieux et folles furieuses cit\u00e9s sur cette page !","sameAs":["https:\/\/www.facebook.com\/florent.ostermann","https:\/\/x.com\/https:\/\/twitter.com\/FlOstermann","admin"],"url":"https:\/\/dicodusport.fr\/blog\/author\/flo\/"}]}},"_links":{"self":[{"href":"https:\/\/dicodusport.fr\/blog\/wp-json\/wp\/v2\/posts\/606573","targetHints":{"allow":["GET"]}}],"collection":[{"href":"https:\/\/dicodusport.fr\/blog\/wp-json\/wp\/v2\/posts"}],"about":[{"href":"https:\/\/dicodusport.fr\/blog\/wp-json\/wp\/v2\/types\/post"}],"author":[{"embeddable":true,"href":"https:\/\/dicodusport.fr\/blog\/wp-json\/wp\/v2\/users\/4"}],"replies":[{"embeddable":true,"href":"https:\/\/dicodusport.fr\/blog\/wp-json\/wp\/v2\/comments?post=606573"}],"version-history":[{"count":6,"href":"https:\/\/dicodusport.fr\/blog\/wp-json\/wp\/v2\/posts\/606573\/revisions"}],"predecessor-version":[{"id":607096,"href":"https:\/\/dicodusport.fr\/blog\/wp-json\/wp\/v2\/posts\/606573\/revisions\/607096"}],"wp:featuredmedia":[{"embeddable":true,"href":"https:\/\/dicodusport.fr\/blog\/wp-json\/wp\/v2\/media\/606580"}],"wp:attachment":[{"href":"https:\/\/dicodusport.fr\/blog\/wp-json\/wp\/v2\/media?parent=606573"}],"wp:term":[{"taxonomy":"category","embeddable":true,"href":"https:\/\/dicodusport.fr\/blog\/wp-json\/wp\/v2\/categories?post=606573"},{"taxonomy":"post_tag","embeddable":true,"href":"https:\/\/dicodusport.fr\/blog\/wp-json\/wp\/v2\/tags?post=606573"}],"curies":[{"name":"wp","href":"https:\/\/api.w.org\/{rel}","templated":true}]}}