{"id":606625,"date":"2025-08-29T17:16:24","date_gmt":"2025-08-29T15:16:24","guid":{"rendered":"https:\/\/dicodusport.fr\/blog\/?p=606625&#038;preview=true&#038;preview_id=606625"},"modified":"2025-08-29T20:02:59","modified_gmt":"2025-08-29T18:02:59","slug":"tour-despagne-2025-juan-ayuso-prend-sa-revanche-sur-la-7eme-etape","status":"publish","type":"post","link":"https:\/\/dicodusport.fr\/blog\/tour-despagne-2025-juan-ayuso-prend-sa-revanche-sur-la-7eme-etape\/","title":{"rendered":"Tour d&rsquo;Espagne 2025 : Juan Ayuso prend sa revanche sur la 7\u00e8me \u00e9tape"},"content":{"rendered":"<p style=\"text-align: justify;\"><strong><em>TOUR D&rsquo;ESPAGNE 2025 &#8211; L\u00e2ch\u00e9 dans la derni\u00e8re ascension hier, l&rsquo;Espagnol Juan Ayuso (UAE Team Emirates &#8211; XRG) d\u00e9croche la victoire d&rsquo;\u00e9tape en se glissant dans l&rsquo;\u00e9chapp\u00e9e matinale. Torstein Tr\u00e6en reste en rouge.<\/em><\/strong><\/p>\n<p style=\"text-align: justify;\"><strong>Juan Ayuso<\/strong>, symbole de pugnacit\u00e9 et de hargne, n&rsquo;a peut-\u00eatre pas support\u00e9 son d\u00e9crochage pr\u00e9matur\u00e9 du groupe des favoris sur la route d&rsquo;Andorre hier. Le voil\u00e0 aujourd&rsquo;hui avec des jambes retrouv\u00e9es, pour enlever sa septi\u00e8me victoire de la saison et apporter un troisi\u00e8me succ\u00e8s cons\u00e9cutif \u00e0 sa formation UAE Team Emirates sur cette Vuelta.<\/p>\n<blockquote class=\"twitter-tweet\">\n<p dir=\"ltr\" lang=\"fr\">Victoire en solitaire de Juan Ayuso \ud83c\uddea\ud83c\uddf8 sur la 7e \u00e9tape de la Vuelta au sommet de Cerler ! <a href=\"https:\/\/twitter.com\/hashtag\/LaVuelta25?src=hash&amp;ref_src=twsrc%5Etfw\">#LaVuelta25<\/a> <a href=\"https:\/\/twitter.com\/hashtag\/LesRP?src=hash&amp;ref_src=twsrc%5Etfw\">#LesRP<\/a> <a href=\"https:\/\/t.co\/q64W99thqS\">pic.twitter.com\/q64W99thqS<\/a><\/p>\n<p>\u2014 Eurosport France (@Eurosport_FR) <a href=\"https:\/\/twitter.com\/Eurosport_FR\/status\/1961447817567748418?ref_src=twsrc%5Etfw\">August 29, 2025<\/a><\/p><\/blockquote>\n<p style=\"text-align: justify;\"><script async src=\"https:\/\/platform.twitter.com\/widgets.js\" charset=\"utf-8\"><\/script><\/p>\n<ul style=\"text-align: justify;\">\n<li><strong>\u00c0 ce sujet \u2013 <a href=\"https:\/\/dicodusport.fr\/blog\/7eme-etape-tour-despagne-2025-classement-et-resultats\/\">7\u00e8me \u00e9tape Tour d\u2019Espagne 2025 \u2013 Classement et r\u00e9sultats<\/a><\/strong><\/li>\n<\/ul>\n<h2 style=\"text-align: justify;\">Une \u00e9chapp\u00e9e longue \u00e0 se former<\/h2>\n<p style=\"text-align: justify;\">Tout d&rsquo;abord, l&rsquo;\u00e9chapp\u00e9e a mis pas mal de temps \u00e0 se dessiner avec pas mal de coureurs int\u00e9ress\u00e9s pour la prendre. Le Port del Canto (25 km \u00e0 4,4%) a dessin\u00e9 les contours de celle-ci avec finalement pas moins de 13 coureurs qui se sont port\u00e9s \u00e0 l&rsquo;avant, \u00e0 la p\u00e9dale. On retrouvait en t\u00eate d&rsquo;affiche le vainqueur d&rsquo;hier et maillot bleu de la montagne Jay Vine, accompagn\u00e9 de Juan Ayuso donc. Pour les accompagner, la locomotive <strong>Mads Pedersen<\/strong> (Lidl-Trek), <strong>Sean Quinn<\/strong> et <strong>Jardi Christiaan van der Lee<\/strong> (EF Education &#8211; EasyPost), <strong>Damien Howson<\/strong> (Q36.5 Pro Cycling Team), <strong>Harold Tejada<\/strong> (XDS Astana Team), <strong>Brieuc Rolland<\/strong> (Groupama FDJ), <strong>Joel Nicolau<\/strong> (Caja Rural &#8211; Seguros RGA), <strong>Ra\u00fal Garc\u00eda Pierna<\/strong>\u00a0(Ark\u00e9a &#8211; B&amp;B H\u00f4tels), <strong>Kevin Vermaerke<\/strong> (Team Picnic PostNL), <strong>Eduardo Sep\u00falveda<\/strong>\u00a0(Lotto) et <strong>Marco Frigo<\/strong> (Israel Premier Tech) \u00e9taient de la partie.<\/p>\n<p style=\"text-align: justify;\">Tr\u00e8s vite, on a compris que la Bahrain &#8211; Victorious du maillot rouge <strong>Torstein Tr\u00e6en<\/strong> se contenterait de contr\u00f4ler l&rsquo;\u00e9cart pour garder la pr\u00e9cieuse tunique, sans chercher \u00e0 rouler sur l&rsquo;\u00e9chapp\u00e9e. Cela a permis celle-ci de constituer un \u00e9cart suffisant pour permettre \u00e0 l&rsquo;un d&rsquo;eux de l&#8217;emporter en haut de La Magia, derni\u00e8re difficult\u00e9 du jour.<\/p>\n<h2 style=\"text-align: justify;\">Vine, Pedersen, Ayuso : les grands gagnants du jour<\/h2>\n<p style=\"text-align: justify;\">Si <strong>van der Lee<\/strong> a rapidement c\u00e9d\u00e9, ne pouvant tenir le rythme du groupe, <strong>Jay Vine<\/strong> a lui pris 10 points essentiels pour conserver son maillot de la montagne. <strong>Mads Pedersen<\/strong> s&rsquo;est lui charg\u00e9 de remporter le sprint interm\u00e9diaire pour conforter sa position au classement par points. Puis, <strong>Vine<\/strong> a roul\u00e9 au pied de l&rsquo;ultime mont\u00e9e, sacrifiant ses chances de doubl\u00e9 au profit de <strong>Juan Ayuso<\/strong>. Ce dernier a port\u00e9 une premi\u00e8re attaque \u00e0 11 km de l&rsquo;arriv\u00e9e, avec le seul <strong>Marco Frigo<\/strong> dans sa roue, puis a remis \u00e7a un kilom\u00e8tre plus loin pour creuser d\u00e9finitivement l&rsquo;\u00e9cart, l&rsquo;Italien prenant une belle deuxi\u00e8me place.<\/p>\n<h2 style=\"text-align: justify;\">Petite bataille entre favoris<\/h2>\n<p style=\"text-align: justify;\">Derri\u00e8re, \u00e0 l&rsquo;instar d&rsquo;hier, on a lanc\u00e9 les hostilit\u00e9s \u00e0 5 km de l&rsquo;arriv\u00e9e sous l&rsquo;impulsion d&rsquo;un autre UAE, <strong>Joao Almeida<\/strong>. Mais, \u00e9galement comme hier, les favoris se sont finalement neutralis\u00e9s en d\u00e9pit d&rsquo;une autre acc\u00e9l\u00e9ration de <strong>Giulio Ciccone<\/strong> (Lidl-Trek), la faute \u00e0 un sommet plus roulant globalement. Cela a permis aussi \u00e0 <strong>Torstein Tr\u00e6en<\/strong> de ne pas s&rsquo;inqui\u00e9ter pour sa tunique rouge, lui qui a bien r\u00e9sist\u00e9 dans le final. Le Norv\u00e9gien ne devrait pas \u00eatre inqui\u00e9t\u00e9 non plus demain sur la route de Saragosse.<\/p>\n<ul style=\"text-align: justify;\">\n<li><strong>\u00c0 ce sujet \u2013\u00a0<a href=\"https:\/\/dicodusport.fr\/blog\/vuelta-classement-general-tour-despagne-2025-mis-a-jour\/\">Vuelta : Classement g\u00e9n\u00e9ral Tour d\u2019Espagne 2025 mis \u00e0 jour<\/a><\/strong><\/li>\n<\/ul>\n<p style=\"text-align: justify;\">\n","protected":false},"excerpt":{"rendered":"<p>TOUR D&rsquo;ESPAGNE 2025 &#8211; L\u00e2ch\u00e9 dans la derni\u00e8re ascension hier, l&rsquo;Espagnol Juan Ayuso (UAE Team Emirates &#8211; XRG) d\u00e9croche la victoire d&rsquo;\u00e9tape en se glissant dans l&rsquo;\u00e9chapp\u00e9e matinale. Torstein Tr\u00e6en reste en rouge.<\/p>\n","protected":false},"author":92,"featured_media":606748,"comment_status":"open","ping_status":"closed","sticky":false,"template":"","format":"standard","meta":{"_acf_changed":false,"_daextam_enable_autolinks":"1","footnotes":""},"categories":[47042],"tags":[16878,574,11197,1671,1670],"class_list":["post-606625","post","type-post","status-publish","format-standard","has-post-thumbnail","hentry","category-tour-d-espagne","tag-breve","tag-cyclisme","tag-cyclisme-sur-route","tag-tour-despagne","tag-vuelta"],"acf":[],"yoast_head":"<!-- This site is optimized with the Yoast SEO Premium plugin v26.7 (Yoast SEO v26.7) - https:\/\/yoast.com\/wordpress\/plugins\/seo\/ -->\n<title>Tour d&#039;Espagne 2025 : Juan Ayuso prend sa revanche sur la 7\u00e8me \u00e9tape<\/title>\n<meta name=\"description\" content=\"TOUR D&#039;ESPAGNE 2025 - Juan Ayuso (UAE Team Emirates - XRG) gagne la 7\u00e8me \u00e9tape en se glissant dans l&#039;\u00e9chapp\u00e9e. Torstein Tr\u00e6en reste en rouge\" \/>\n<meta name=\"robots\" content=\"index, follow, max-snippet:-1, max-image-preview:large, max-video-preview:-1\" \/>\n<link rel=\"canonical\" href=\"https:\/\/dicodusport.fr\/blog\/tour-despagne-2025-juan-ayuso-prend-sa-revanche-sur-la-7eme-etape\/\" \/>\n<meta property=\"og:locale\" content=\"fr_FR\" \/>\n<meta property=\"og:type\" content=\"article\" \/>\n<meta property=\"og:title\" content=\"Tour d&#039;Espagne 2025 : Juan Ayuso prend sa revanche sur la 7\u00e8me \u00e9tape\" \/>\n<meta property=\"og:description\" content=\"TOUR D&#039;ESPAGNE 2025 - Juan Ayuso (UAE Team Emirates - XRG) gagne la 7\u00e8me \u00e9tape en se glissant dans l&#039;\u00e9chapp\u00e9e. Torstein Tr\u00e6en reste en rouge\" \/>\n<meta property=\"og:url\" content=\"https:\/\/dicodusport.fr\/blog\/tour-despagne-2025-juan-ayuso-prend-sa-revanche-sur-la-7eme-etape\/\" \/>\n<meta property=\"og:site_name\" content=\"Dicodusport\" \/>\n<meta property=\"article:publisher\" content=\"https:\/\/www.facebook.com\/dicodusport\" \/>\n<meta property=\"article:published_time\" content=\"2025-08-29T15:16:24+00:00\" \/>\n<meta property=\"article:modified_time\" content=\"2025-08-29T18:02:59+00:00\" \/>\n<meta property=\"og:image\" content=\"https:\/\/dicodusport.fr\/blog\/wp-content\/uploads\/2025\/08\/Tour-dEspagne-2025-Juan-Ayuso-prend-sa-revanche-sur-la-7eme-etape-1.png\" \/>\n\t<meta property=\"og:image:width\" content=\"1200\" \/>\n\t<meta property=\"og:image:height\" content=\"674\" \/>\n\t<meta property=\"og:image:type\" content=\"image\/png\" \/>\n<meta name=\"author\" content=\"Olivier Dobiezynski\" \/>\n<meta name=\"twitter:card\" content=\"summary_large_image\" \/>\n<meta name=\"twitter:title\" content=\"Tour d&#039;Espagne 2025 : Juan Ayuso prend sa revanche sur la 7\u00e8me \u00e9tape\" \/>\n<meta name=\"twitter:creator\" content=\"@https:\/\/x.com\/Olivier_Matros\" \/>\n<meta name=\"twitter:site\" content=\"@dicodusport\" \/>\n<script type=\"application\/ld+json\" class=\"yoast-schema-graph\">{\"@context\":\"https:\/\/schema.org\",\"@graph\":[{\"@type\":\"NewsArticle\",\"@id\":\"https:\/\/dicodusport.fr\/blog\/tour-despagne-2025-juan-ayuso-prend-sa-revanche-sur-la-7eme-etape\/#article\",\"isPartOf\":{\"@id\":\"https:\/\/dicodusport.fr\/blog\/tour-despagne-2025-juan-ayuso-prend-sa-revanche-sur-la-7eme-etape\/\"},\"author\":{\"name\":\"Olivier Dobiezynski\",\"@id\":\"https:\/\/dicodusport.fr\/blog\/#\/schema\/person\/fe500246414ca17ddf0c0312d7a792cc\"},\"headline\":\"Tour d&rsquo;Espagne 2025 : Juan Ayuso prend sa revanche sur la 7\u00e8me \u00e9tape\",\"datePublished\":\"2025-08-29T15:16:24+00:00\",\"dateModified\":\"2025-08-29T18:02:59+00:00\",\"mainEntityOfPage\":{\"@id\":\"https:\/\/dicodusport.fr\/blog\/tour-despagne-2025-juan-ayuso-prend-sa-revanche-sur-la-7eme-etape\/\"},\"wordCount\":617,\"commentCount\":0,\"publisher\":{\"@id\":\"https:\/\/dicodusport.fr\/blog\/#organization\"},\"image\":{\"@id\":\"https:\/\/dicodusport.fr\/blog\/tour-despagne-2025-juan-ayuso-prend-sa-revanche-sur-la-7eme-etape\/#primaryimage\"},\"thumbnailUrl\":\"https:\/\/dicodusport.fr\/blog\/wp-content\/uploads\/2025\/08\/Tour-dEspagne-2025-Juan-Ayuso-prend-sa-revanche-sur-la-7eme-etape-1.png\",\"keywords\":[\"br\u00e8ve\",\"Cyclisme\",\"Cyclisme sur route\",\"Tour d'Espagne\",\"Vuelta\"],\"articleSection\":[\"Tour d'Espagne\"],\"inLanguage\":\"fr-FR\",\"potentialAction\":[{\"@type\":\"CommentAction\",\"name\":\"Comment\",\"target\":[\"https:\/\/dicodusport.fr\/blog\/tour-despagne-2025-juan-ayuso-prend-sa-revanche-sur-la-7eme-etape\/#respond\"]}],\"copyrightYear\":\"2025\",\"copyrightHolder\":{\"@id\":\"https:\/\/dicodusport.fr\/blog\/#organization\"}},{\"@type\":\"WebPage\",\"@id\":\"https:\/\/dicodusport.fr\/blog\/tour-despagne-2025-juan-ayuso-prend-sa-revanche-sur-la-7eme-etape\/\",\"url\":\"https:\/\/dicodusport.fr\/blog\/tour-despagne-2025-juan-ayuso-prend-sa-revanche-sur-la-7eme-etape\/\",\"name\":\"Tour d'Espagne 2025 : Juan Ayuso prend sa revanche sur la 7\u00e8me \u00e9tape\",\"isPartOf\":{\"@id\":\"https:\/\/dicodusport.fr\/blog\/#website\"},\"primaryImageOfPage\":{\"@id\":\"https:\/\/dicodusport.fr\/blog\/tour-despagne-2025-juan-ayuso-prend-sa-revanche-sur-la-7eme-etape\/#primaryimage\"},\"image\":{\"@id\":\"https:\/\/dicodusport.fr\/blog\/tour-despagne-2025-juan-ayuso-prend-sa-revanche-sur-la-7eme-etape\/#primaryimage\"},\"thumbnailUrl\":\"https:\/\/dicodusport.fr\/blog\/wp-content\/uploads\/2025\/08\/Tour-dEspagne-2025-Juan-Ayuso-prend-sa-revanche-sur-la-7eme-etape-1.png\",\"datePublished\":\"2025-08-29T15:16:24+00:00\",\"dateModified\":\"2025-08-29T18:02:59+00:00\",\"description\":\"TOUR D'ESPAGNE 2025 - Juan Ayuso (UAE Team Emirates - XRG) gagne la 7\u00e8me \u00e9tape en se glissant dans l'\u00e9chapp\u00e9e. Torstein Tr\u00e6en reste en rouge\",\"breadcrumb\":{\"@id\":\"https:\/\/dicodusport.fr\/blog\/tour-despagne-2025-juan-ayuso-prend-sa-revanche-sur-la-7eme-etape\/#breadcrumb\"},\"inLanguage\":\"fr-FR\",\"potentialAction\":[{\"@type\":\"ReadAction\",\"target\":[\"https:\/\/dicodusport.fr\/blog\/tour-despagne-2025-juan-ayuso-prend-sa-revanche-sur-la-7eme-etape\/\"]}]},{\"@type\":\"ImageObject\",\"inLanguage\":\"fr-FR\",\"@id\":\"https:\/\/dicodusport.fr\/blog\/tour-despagne-2025-juan-ayuso-prend-sa-revanche-sur-la-7eme-etape\/#primaryimage\",\"url\":\"https:\/\/dicodusport.fr\/blog\/wp-content\/uploads\/2025\/08\/Tour-dEspagne-2025-Juan-Ayuso-prend-sa-revanche-sur-la-7eme-etape-1.png\",\"contentUrl\":\"https:\/\/dicodusport.fr\/blog\/wp-content\/uploads\/2025\/08\/Tour-dEspagne-2025-Juan-Ayuso-prend-sa-revanche-sur-la-7eme-etape-1.png\",\"width\":1200,\"height\":674,\"caption\":\"Tour d'Espagne 2025 Juan Ayuso prend sa revanche sur la 7\u00e8me \u00e9tape\"},{\"@type\":\"BreadcrumbList\",\"@id\":\"https:\/\/dicodusport.fr\/blog\/tour-despagne-2025-juan-ayuso-prend-sa-revanche-sur-la-7eme-etape\/#breadcrumb\",\"itemListElement\":[{\"@type\":\"ListItem\",\"position\":1,\"name\":\"Accueil\",\"item\":\"https:\/\/dicodusport.fr\/blog\/\"},{\"@type\":\"ListItem\",\"position\":2,\"name\":\"Tour d&rsquo;Espagne 2025 : Juan Ayuso prend sa revanche sur la 7\u00e8me \u00e9tape\"}]},{\"@type\":\"WebSite\",\"@id\":\"https:\/\/dicodusport.fr\/blog\/#website\",\"url\":\"https:\/\/dicodusport.fr\/blog\/\",\"name\":\"Dicodusport\",\"description\":\"L&#039;encyclop\u00e9die de l&#039;actualit\u00e9 sportive\",\"publisher\":{\"@id\":\"https:\/\/dicodusport.fr\/blog\/#organization\"},\"potentialAction\":[{\"@type\":\"SearchAction\",\"target\":{\"@type\":\"EntryPoint\",\"urlTemplate\":\"https:\/\/dicodusport.fr\/blog\/?s={search_term_string}\"},\"query-input\":{\"@type\":\"PropertyValueSpecification\",\"valueRequired\":true,\"valueName\":\"search_term_string\"}}],\"inLanguage\":\"fr-FR\"},{\"@type\":\"NewsMediaOrganization\",\"@id\":\"https:\/\/dicodusport.fr\/blog\/#organization\",\"name\":\"Dicodusport\",\"url\":\"https:\/\/dicodusport.fr\/blog\/\",\"logo\":{\"@type\":\"ImageObject\",\"inLanguage\":\"fr-FR\",\"@id\":\"https:\/\/dicodusport.fr\/blog\/#\/schema\/logo\/image\/\",\"url\":\"https:\/\/dicodusport.fr\/blog\/wp-content\/uploads\/2020\/06\/cropped-LOGO-DICODUSPORT-2020-SANS-FOND-SANS-TEXTE.png\",\"contentUrl\":\"https:\/\/dicodusport.fr\/blog\/wp-content\/uploads\/2020\/06\/cropped-LOGO-DICODUSPORT-2020-SANS-FOND-SANS-TEXTE.png\",\"width\":512,\"height\":512,\"caption\":\"Dicodusport\"},\"image\":{\"@id\":\"https:\/\/dicodusport.fr\/blog\/#\/schema\/logo\/image\/\"},\"sameAs\":[\"https:\/\/www.facebook.com\/dicodusport\",\"https:\/\/x.com\/dicodusport\",\"https:\/\/www.instagram.com\/dicodusport\/\",\"https:\/\/www.youtube.com\/channel\/UC7V2KZ5sd3htJivAbA4ZG3w\"],\"description\":\"Dicodusport est l'encyclop\u00e9die de l'actualit\u00e9 sportive.\",\"email\":\"bonjour@dicodusport.fr\",\"legalName\":\"DICODUSPORT\",\"foundingDate\":\"2018-01-14\",\"vatID\":\"FR71834470973\",\"taxID\":\"83447097300043\",\"numberOfEmployees\":{\"@type\":\"QuantitativeValue\",\"minValue\":\"1\",\"maxValue\":\"10\"}},{\"@type\":\"Person\",\"@id\":\"https:\/\/dicodusport.fr\/blog\/#\/schema\/person\/fe500246414ca17ddf0c0312d7a792cc\",\"name\":\"Olivier Dobiezynski\",\"image\":{\"@type\":\"ImageObject\",\"inLanguage\":\"fr-FR\",\"@id\":\"https:\/\/dicodusport.fr\/blog\/#\/schema\/person\/image\/\",\"url\":\"https:\/\/dicodusport.fr\/blog\/wp-content\/uploads\/2024\/09\/5be8fe8d-9962-4f1e-ad06-d6f9dee30e6d-150x150.jpg\",\"contentUrl\":\"https:\/\/dicodusport.fr\/blog\/wp-content\/uploads\/2024\/09\/5be8fe8d-9962-4f1e-ad06-d6f9dee30e6d-150x150.jpg\",\"caption\":\"Olivier Dobiezynski\"},\"description\":\"Depuis le milieu des ann\u00e9es 90, la passion du cyclisme m'anime. Mes h\u00e9ros s'appellent Luc Leblanc, Piotr Ugrumov, Paolo Savoldelli, Peter Sagan et bien \u00e9videmment Romain Bardet. R\u00e9dacteur depuis 2023, je suis ici pour partager cet amour de la Petite Reine. Vous pourrez me lire \u00e9galement sur du trail, du ski de fond et tout autre sujet susceptible d'\u00e9veiller ma curiosit\u00e9 sportive.\",\"sameAs\":[\"https:\/\/x.com\/https:\/\/x.com\/Olivier_Matros\"],\"url\":\"https:\/\/dicodusport.fr\/blog\/author\/olivier-gh\/\"}]}<\/script>\n<!-- \/ Yoast SEO Premium plugin. -->","yoast_head_json":{"title":"Tour d'Espagne 2025 : Juan Ayuso prend sa revanche sur la 7\u00e8me \u00e9tape","description":"TOUR D'ESPAGNE 2025 - Juan Ayuso (UAE Team Emirates - XRG) gagne la 7\u00e8me \u00e9tape en se glissant dans l'\u00e9chapp\u00e9e. Torstein Tr\u00e6en reste en rouge","robots":{"index":"index","follow":"follow","max-snippet":"max-snippet:-1","max-image-preview":"max-image-preview:large","max-video-preview":"max-video-preview:-1"},"canonical":"https:\/\/dicodusport.fr\/blog\/tour-despagne-2025-juan-ayuso-prend-sa-revanche-sur-la-7eme-etape\/","og_locale":"fr_FR","og_type":"article","og_title":"Tour d'Espagne 2025 : Juan Ayuso prend sa revanche sur la 7\u00e8me \u00e9tape","og_description":"TOUR D'ESPAGNE 2025 - Juan Ayuso (UAE Team Emirates - XRG) gagne la 7\u00e8me \u00e9tape en se glissant dans l'\u00e9chapp\u00e9e. Torstein Tr\u00e6en reste en rouge","og_url":"https:\/\/dicodusport.fr\/blog\/tour-despagne-2025-juan-ayuso-prend-sa-revanche-sur-la-7eme-etape\/","og_site_name":"Dicodusport","article_publisher":"https:\/\/www.facebook.com\/dicodusport","article_published_time":"2025-08-29T15:16:24+00:00","article_modified_time":"2025-08-29T18:02:59+00:00","og_image":[{"width":1200,"height":674,"url":"https:\/\/dicodusport.fr\/blog\/wp-content\/uploads\/2025\/08\/Tour-dEspagne-2025-Juan-Ayuso-prend-sa-revanche-sur-la-7eme-etape-1.png","type":"image\/png"}],"author":"Olivier Dobiezynski","twitter_card":"summary_large_image","twitter_title":"Tour d'Espagne 2025 : Juan Ayuso prend sa revanche sur la 7\u00e8me \u00e9tape","twitter_creator":"@https:\/\/x.com\/Olivier_Matros","twitter_site":"@dicodusport","schema":{"@context":"https:\/\/schema.org","@graph":[{"@type":"NewsArticle","@id":"https:\/\/dicodusport.fr\/blog\/tour-despagne-2025-juan-ayuso-prend-sa-revanche-sur-la-7eme-etape\/#article","isPartOf":{"@id":"https:\/\/dicodusport.fr\/blog\/tour-despagne-2025-juan-ayuso-prend-sa-revanche-sur-la-7eme-etape\/"},"author":{"name":"Olivier Dobiezynski","@id":"https:\/\/dicodusport.fr\/blog\/#\/schema\/person\/fe500246414ca17ddf0c0312d7a792cc"},"headline":"Tour d&rsquo;Espagne 2025 : Juan Ayuso prend sa revanche sur la 7\u00e8me \u00e9tape","datePublished":"2025-08-29T15:16:24+00:00","dateModified":"2025-08-29T18:02:59+00:00","mainEntityOfPage":{"@id":"https:\/\/dicodusport.fr\/blog\/tour-despagne-2025-juan-ayuso-prend-sa-revanche-sur-la-7eme-etape\/"},"wordCount":617,"commentCount":0,"publisher":{"@id":"https:\/\/dicodusport.fr\/blog\/#organization"},"image":{"@id":"https:\/\/dicodusport.fr\/blog\/tour-despagne-2025-juan-ayuso-prend-sa-revanche-sur-la-7eme-etape\/#primaryimage"},"thumbnailUrl":"https:\/\/dicodusport.fr\/blog\/wp-content\/uploads\/2025\/08\/Tour-dEspagne-2025-Juan-Ayuso-prend-sa-revanche-sur-la-7eme-etape-1.png","keywords":["br\u00e8ve","Cyclisme","Cyclisme sur route","Tour d'Espagne","Vuelta"],"articleSection":["Tour d'Espagne"],"inLanguage":"fr-FR","potentialAction":[{"@type":"CommentAction","name":"Comment","target":["https:\/\/dicodusport.fr\/blog\/tour-despagne-2025-juan-ayuso-prend-sa-revanche-sur-la-7eme-etape\/#respond"]}],"copyrightYear":"2025","copyrightHolder":{"@id":"https:\/\/dicodusport.fr\/blog\/#organization"}},{"@type":"WebPage","@id":"https:\/\/dicodusport.fr\/blog\/tour-despagne-2025-juan-ayuso-prend-sa-revanche-sur-la-7eme-etape\/","url":"https:\/\/dicodusport.fr\/blog\/tour-despagne-2025-juan-ayuso-prend-sa-revanche-sur-la-7eme-etape\/","name":"Tour d'Espagne 2025 : Juan Ayuso prend sa revanche sur la 7\u00e8me \u00e9tape","isPartOf":{"@id":"https:\/\/dicodusport.fr\/blog\/#website"},"primaryImageOfPage":{"@id":"https:\/\/dicodusport.fr\/blog\/tour-despagne-2025-juan-ayuso-prend-sa-revanche-sur-la-7eme-etape\/#primaryimage"},"image":{"@id":"https:\/\/dicodusport.fr\/blog\/tour-despagne-2025-juan-ayuso-prend-sa-revanche-sur-la-7eme-etape\/#primaryimage"},"thumbnailUrl":"https:\/\/dicodusport.fr\/blog\/wp-content\/uploads\/2025\/08\/Tour-dEspagne-2025-Juan-Ayuso-prend-sa-revanche-sur-la-7eme-etape-1.png","datePublished":"2025-08-29T15:16:24+00:00","dateModified":"2025-08-29T18:02:59+00:00","description":"TOUR D'ESPAGNE 2025 - Juan Ayuso (UAE Team Emirates - XRG) gagne la 7\u00e8me \u00e9tape en se glissant dans l'\u00e9chapp\u00e9e. Torstein Tr\u00e6en reste en rouge","breadcrumb":{"@id":"https:\/\/dicodusport.fr\/blog\/tour-despagne-2025-juan-ayuso-prend-sa-revanche-sur-la-7eme-etape\/#breadcrumb"},"inLanguage":"fr-FR","potentialAction":[{"@type":"ReadAction","target":["https:\/\/dicodusport.fr\/blog\/tour-despagne-2025-juan-ayuso-prend-sa-revanche-sur-la-7eme-etape\/"]}]},{"@type":"ImageObject","inLanguage":"fr-FR","@id":"https:\/\/dicodusport.fr\/blog\/tour-despagne-2025-juan-ayuso-prend-sa-revanche-sur-la-7eme-etape\/#primaryimage","url":"https:\/\/dicodusport.fr\/blog\/wp-content\/uploads\/2025\/08\/Tour-dEspagne-2025-Juan-Ayuso-prend-sa-revanche-sur-la-7eme-etape-1.png","contentUrl":"https:\/\/dicodusport.fr\/blog\/wp-content\/uploads\/2025\/08\/Tour-dEspagne-2025-Juan-Ayuso-prend-sa-revanche-sur-la-7eme-etape-1.png","width":1200,"height":674,"caption":"Tour d'Espagne 2025 Juan Ayuso prend sa revanche sur la 7\u00e8me \u00e9tape"},{"@type":"BreadcrumbList","@id":"https:\/\/dicodusport.fr\/blog\/tour-despagne-2025-juan-ayuso-prend-sa-revanche-sur-la-7eme-etape\/#breadcrumb","itemListElement":[{"@type":"ListItem","position":1,"name":"Accueil","item":"https:\/\/dicodusport.fr\/blog\/"},{"@type":"ListItem","position":2,"name":"Tour d&rsquo;Espagne 2025 : Juan Ayuso prend sa revanche sur la 7\u00e8me \u00e9tape"}]},{"@type":"WebSite","@id":"https:\/\/dicodusport.fr\/blog\/#website","url":"https:\/\/dicodusport.fr\/blog\/","name":"Dicodusport","description":"L&#039;encyclop\u00e9die de l&#039;actualit\u00e9 sportive","publisher":{"@id":"https:\/\/dicodusport.fr\/blog\/#organization"},"potentialAction":[{"@type":"SearchAction","target":{"@type":"EntryPoint","urlTemplate":"https:\/\/dicodusport.fr\/blog\/?s={search_term_string}"},"query-input":{"@type":"PropertyValueSpecification","valueRequired":true,"valueName":"search_term_string"}}],"inLanguage":"fr-FR"},{"@type":"NewsMediaOrganization","@id":"https:\/\/dicodusport.fr\/blog\/#organization","name":"Dicodusport","url":"https:\/\/dicodusport.fr\/blog\/","logo":{"@type":"ImageObject","inLanguage":"fr-FR","@id":"https:\/\/dicodusport.fr\/blog\/#\/schema\/logo\/image\/","url":"https:\/\/dicodusport.fr\/blog\/wp-content\/uploads\/2020\/06\/cropped-LOGO-DICODUSPORT-2020-SANS-FOND-SANS-TEXTE.png","contentUrl":"https:\/\/dicodusport.fr\/blog\/wp-content\/uploads\/2020\/06\/cropped-LOGO-DICODUSPORT-2020-SANS-FOND-SANS-TEXTE.png","width":512,"height":512,"caption":"Dicodusport"},"image":{"@id":"https:\/\/dicodusport.fr\/blog\/#\/schema\/logo\/image\/"},"sameAs":["https:\/\/www.facebook.com\/dicodusport","https:\/\/x.com\/dicodusport","https:\/\/www.instagram.com\/dicodusport\/","https:\/\/www.youtube.com\/channel\/UC7V2KZ5sd3htJivAbA4ZG3w"],"description":"Dicodusport est l'encyclop\u00e9die de l'actualit\u00e9 sportive.","email":"bonjour@dicodusport.fr","legalName":"DICODUSPORT","foundingDate":"2018-01-14","vatID":"FR71834470973","taxID":"83447097300043","numberOfEmployees":{"@type":"QuantitativeValue","minValue":"1","maxValue":"10"}},{"@type":"Person","@id":"https:\/\/dicodusport.fr\/blog\/#\/schema\/person\/fe500246414ca17ddf0c0312d7a792cc","name":"Olivier Dobiezynski","image":{"@type":"ImageObject","inLanguage":"fr-FR","@id":"https:\/\/dicodusport.fr\/blog\/#\/schema\/person\/image\/","url":"https:\/\/dicodusport.fr\/blog\/wp-content\/uploads\/2024\/09\/5be8fe8d-9962-4f1e-ad06-d6f9dee30e6d-150x150.jpg","contentUrl":"https:\/\/dicodusport.fr\/blog\/wp-content\/uploads\/2024\/09\/5be8fe8d-9962-4f1e-ad06-d6f9dee30e6d-150x150.jpg","caption":"Olivier Dobiezynski"},"description":"Depuis le milieu des ann\u00e9es 90, la passion du cyclisme m'anime. Mes h\u00e9ros s'appellent Luc Leblanc, Piotr Ugrumov, Paolo Savoldelli, Peter Sagan et bien \u00e9videmment Romain Bardet. R\u00e9dacteur depuis 2023, je suis ici pour partager cet amour de la Petite Reine. Vous pourrez me lire \u00e9galement sur du trail, du ski de fond et tout autre sujet susceptible d'\u00e9veiller ma curiosit\u00e9 sportive.","sameAs":["https:\/\/x.com\/https:\/\/x.com\/Olivier_Matros"],"url":"https:\/\/dicodusport.fr\/blog\/author\/olivier-gh\/"}]}},"_links":{"self":[{"href":"https:\/\/dicodusport.fr\/blog\/wp-json\/wp\/v2\/posts\/606625","targetHints":{"allow":["GET"]}}],"collection":[{"href":"https:\/\/dicodusport.fr\/blog\/wp-json\/wp\/v2\/posts"}],"about":[{"href":"https:\/\/dicodusport.fr\/blog\/wp-json\/wp\/v2\/types\/post"}],"author":[{"embeddable":true,"href":"https:\/\/dicodusport.fr\/blog\/wp-json\/wp\/v2\/users\/92"}],"replies":[{"embeddable":true,"href":"https:\/\/dicodusport.fr\/blog\/wp-json\/wp\/v2\/comments?post=606625"}],"version-history":[{"count":5,"href":"https:\/\/dicodusport.fr\/blog\/wp-json\/wp\/v2\/posts\/606625\/revisions"}],"predecessor-version":[{"id":606690,"href":"https:\/\/dicodusport.fr\/blog\/wp-json\/wp\/v2\/posts\/606625\/revisions\/606690"}],"wp:featuredmedia":[{"embeddable":true,"href":"https:\/\/dicodusport.fr\/blog\/wp-json\/wp\/v2\/media\/606748"}],"wp:attachment":[{"href":"https:\/\/dicodusport.fr\/blog\/wp-json\/wp\/v2\/media?parent=606625"}],"wp:term":[{"taxonomy":"category","embeddable":true,"href":"https:\/\/dicodusport.fr\/blog\/wp-json\/wp\/v2\/categories?post=606625"},{"taxonomy":"post_tag","embeddable":true,"href":"https:\/\/dicodusport.fr\/blog\/wp-json\/wp\/v2\/tags?post=606625"}],"curies":[{"name":"wp","href":"https:\/\/api.w.org\/{rel}","templated":true}]}}