{"id":606666,"date":"2025-08-29T18:27:36","date_gmt":"2025-08-29T16:27:36","guid":{"rendered":"https:\/\/dicodusport.fr\/blog\/?p=606666&#038;preview=true&#038;preview_id=606666"},"modified":"2025-08-29T23:06:30","modified_gmt":"2025-08-29T21:06:30","slug":"vtt-les-gets-2025-jenny-rissveds-remporte-en-solitaire-le-xcc","status":"publish","type":"post","link":"https:\/\/dicodusport.fr\/blog\/vtt-les-gets-2025-jenny-rissveds-remporte-en-solitaire-le-xcc\/","title":{"rendered":"VTT Les Gets 2025 : Jenny Rissveds remporte en solitaire le XCC"},"content":{"rendered":"<p style=\"text-align: justify;\"><strong><em>COUPE DU MONDE DE VTT 2025 &#8211; Jenny Rissveds est la grande gagnante du short-track des Gets, en Haute-Savoie. Alessandra Keller et Samara Maxwell montent sur le podium.<\/em><\/strong><\/p>\n<ul style=\"text-align: justify;\">\n<li><strong>\u00c0 ce sujet \u2013\u00a0<a href=\"https:\/\/dicodusport.fr\/blog\/coupe-du-monde-vtt-cross-country-2025-calendrier-et-resultats-a-jour\/\">Coupe du monde VTT Cross-Country 2025 : Calendrier et R\u00e9sultats \u00e0 Jour<\/a><\/strong><\/li>\n<\/ul>\n<p style=\"text-align: justify;\"><span style=\"font-weight: 400;\">C&rsquo;est le grand retour du VTT en France ! Terre historique de la discipline, la station des Gets accueille cette nouvelle \u00e9tape, \u00e0 seulement quelques semaines des Mondiaux \u00e0 Crans-Montana. Une derni\u00e8re r\u00e9p\u00e9tition, pour apercevoir le niveau de forme des uns et des autres. Les dames lan\u00e7aient le week-end avec le XCC. En Haute-Savoie, la Su\u00e9doise <\/span><b>Jenny Rissveds <\/b><span style=\"font-weight: 400;\">survole la course et s\u2019impose seule. Elle peut lever les bras, puisqu\u2019elle bat ce vendredi <\/span><b>Alessandra Keller <\/b><span style=\"font-weight: 400;\">et <\/span><b>Samara Maxwell <\/b><span style=\"font-weight: 400;\">dans les derniers tours. Ce sera une troisi\u00e8me ligne pour <\/span><b>Loana Lecomte<\/b><span style=\"font-weight: 400;\">, 17\u00e8me, dans son d\u00e9partement de naissance.<\/span><\/p>\n<blockquote class=\"instagram-media\" style=\"background: #FFF; border: 0; border-radius: 3px; box-shadow: 0 0 1px 0 rgba(0,0,0,0.5),0 1px 10px 0 rgba(0,0,0,0.15); margin: 1px; max-width: 540px; min-width: 326px; padding: 0; width: calc(100% - 2px);\" data-instgrm-captioned=\"\" data-instgrm-permalink=\"https:\/\/www.instagram.com\/p\/DN8g4QdjLyk\/?utm_source=ig_embed&amp;utm_campaign=loading\" data-instgrm-version=\"14\">\n<div style=\"padding: 16px;\">\n<p>&nbsp;<\/p>\n<div style=\"display: flex; flex-direction: row; align-items: center;\">\n<div style=\"background-color: #f4f4f4; border-radius: 50%; flex-grow: 0; height: 40px; margin-right: 14px; width: 40px;\"><\/div>\n<div style=\"display: flex; flex-direction: column; flex-grow: 1; justify-content: center;\">\n<div style=\"background-color: #f4f4f4; border-radius: 4px; flex-grow: 0; height: 14px; margin-bottom: 6px; width: 100px;\"><\/div>\n<div style=\"background-color: #f4f4f4; border-radius: 4px; flex-grow: 0; height: 14px; width: 60px;\"><\/div>\n<\/div>\n<\/div>\n<div style=\"padding: 19% 0;\"><\/div>\n<div style=\"display: block; height: 50px; margin: 0 auto 12px; width: 50px;\"><\/div>\n<div style=\"padding-top: 8px;\">\n<div style=\"color: #3897f0; font-family: Arial,sans-serif; font-size: 14px; font-style: normal; font-weight: 550; line-height: 18px;\">Voir cette publication sur Instagram<\/div>\n<\/div>\n<div style=\"padding: 12.5% 0;\"><\/div>\n<div style=\"display: flex; flex-direction: row; margin-bottom: 14px; align-items: center;\">\n<div>\n<div style=\"background-color: #f4f4f4; border-radius: 50%; height: 12.5px; width: 12.5px; transform: translateX(0px) translateY(7px);\"><\/div>\n<div style=\"background-color: #f4f4f4; height: 12.5px; transform: rotate(-45deg) translateX(3px) translateY(1px); width: 12.5px; flex-grow: 0; margin-right: 14px; margin-left: 2px;\"><\/div>\n<div style=\"background-color: #f4f4f4; border-radius: 50%; height: 12.5px; width: 12.5px; transform: translateX(9px) translateY(-18px);\"><\/div>\n<\/div>\n<div style=\"margin-left: 8px;\">\n<div style=\"background-color: #f4f4f4; border-radius: 50%; flex-grow: 0; height: 20px; width: 20px;\"><\/div>\n<div style=\"width: 0; height: 0; border-top: 2px solid transparent; border-left: 6px solid #f4f4f4; border-bottom: 2px solid transparent; transform: translateX(16px) translateY(-4px) rotate(30deg);\"><\/div>\n<\/div>\n<div style=\"margin-left: auto;\">\n<div style=\"width: 0px; border-top: 8px solid #F4F4F4; border-right: 8px solid transparent; transform: translateY(16px);\"><\/div>\n<div style=\"background-color: #f4f4f4; flex-grow: 0; height: 12px; width: 16px; transform: translateY(-4px);\"><\/div>\n<div style=\"width: 0; height: 0; border-top: 8px solid #F4F4F4; border-left: 8px solid transparent; transform: translateY(-4px) translateX(8px);\"><\/div>\n<\/div>\n<\/div>\n<div style=\"display: flex; flex-direction: column; flex-grow: 1; justify-content: center; margin-bottom: 24px;\">\n<div style=\"background-color: #f4f4f4; border-radius: 4px; flex-grow: 0; height: 14px; margin-bottom: 6px; width: 224px;\"><\/div>\n<div style=\"background-color: #f4f4f4; border-radius: 4px; flex-grow: 0; height: 14px; width: 144px;\"><\/div>\n<\/div>\n<p>&nbsp;<\/p>\n<p style=\"color: #c9c8cd; font-family: Arial,sans-serif; font-size: 14px; line-height: 17px; margin-bottom: 0; margin-top: 8px; overflow: hidden; padding: 8px 0 7px; text-align: center; text-overflow: ellipsis; white-space: nowrap;\"><a style=\"color: #c9c8cd; font-family: Arial,sans-serif; font-size: 14px; font-style: normal; font-weight: normal; line-height: 17px; text-decoration: none;\" href=\"https:\/\/www.instagram.com\/p\/DN8g4QdjLyk\/?utm_source=ig_embed&amp;utm_campaign=loading\" target=\"_blank\" rel=\"noopener\">Une publication partag\u00e9e par WHOOP UCI Mountain Bike World Series (@uci_mtbworldseries)<\/a><\/p>\n<\/div>\n<\/blockquote>\n<p style=\"text-align: justify;\"><script async src=\"\/\/www.instagram.com\/embed.js\"><\/script><\/p>\n<h2 style=\"text-align: justify;\">La championne d&rsquo;Europe en patronne<\/h2>\n<p style=\"text-align: justify;\"><span style=\"font-weight: 400;\">Toutes les meilleures v\u00e9t\u00e9tistes du monde \u00e9taient pr\u00e9sentes sur la ligne de d\u00e9part, dont <\/span><b>Evie Richards <\/b><span style=\"font-weight: 400;\">et <\/span><b>Jenny Rissveds<\/b><span style=\"font-weight: 400;\">. Les championnes du monde et d&rsquo;Europe se placent en t\u00eate gr\u00e2ce \u00e0 un bon envol. <\/span><b>Alessandra Keller <\/b><span style=\"font-weight: 400;\">les a vite rejoints, car un premier \u00e9cart se cr\u00e9ait. L&rsquo;absence, aux avant-postes, \u00e0 noter est celle de <\/span><b>Puck Pieterse<\/b><span style=\"font-weight: 400;\">. Pr\u00e9sente sur le Tour de France r\u00e9cemment, la N\u00e9erlandaise a rapidement disparu des radars dans cette course. \u00c0 mi-parcours, elles \u00e9taient six en t\u00eate mais la leader du classement g\u00e9n\u00e9ral <\/span><b>Samara Maxwell <\/b><span style=\"font-weight: 400;\">applique un rythme plus \u00e9lev\u00e9 d\u00e9sormais.<\/span><\/p>\n<ul style=\"text-align: justify;\">\n<li><strong>\u00c0 ce sujet \u2013 <a href=\"https:\/\/dicodusport.fr\/blog\/vtt-xcc-les-gets-2025-classement-course-femmes\/\">VTT XCC Les Gets 2025 : Classement Course femmes<\/a><\/strong><\/li>\n<\/ul>\n<p style=\"text-align: justify;\"><span style=\"font-weight: 400;\">Dans les trois derniers tours, les leaders essaient de s&rsquo;attaquer plus durement, notamment en mettant les watts dans la premi\u00e8re mont\u00e9e. <\/span><b>Jenny Rissveds <\/b><span style=\"font-weight: 400;\">est celle qui est la plus tranchante. La Su\u00e9doise a pris de la marge, <\/span><b>Keller <\/b><span style=\"font-weight: 400;\">a tent\u00e9 de suivre, <\/span><b>Maxwell <\/b><span style=\"font-weight: 400;\">partait de trop loin malgr\u00e9 des efforts importants pour recoller. C\u2019est la 2\u00e8me victoire en Coupe du monde sur ce format pour <\/span><b>Rissveds<\/b><span style=\"font-weight: 400;\">, la 10\u00e8me au total. Cette derni\u00e8re donne rendez-vous dimanche pour le XCO haut-savoyard.<\/span><\/p>\n<ul style=\"text-align: justify;\">\n<li style=\"text-align: justify;\"><strong>\u00c0 ce sujet \u2013\u00a0<\/strong><a href=\"https:\/\/dicodusport.fr\/blog\/coupe-du-monde-vtt-2025-classement-general-feminin-en-cross-country\/\"><strong>Coupe du monde VTT 2025 : Classement G\u00e9n\u00e9ral F\u00e9minin en Cross-country<\/strong><\/a><\/li>\n<\/ul>\n","protected":false},"excerpt":{"rendered":"<p>COUPE DU MONDE DE VTT 2025 &#8211; Jenny Rissveds est la grande gagnante du short-track des Gets, en Haute-Savoie. Alessandra Keller et Samara Maxwell montent sur le podium.\u00a0<\/p>\n","protected":false},"author":61,"featured_media":606806,"comment_status":"open","ping_status":"closed","sticky":false,"template":"","format":"standard","meta":{"_acf_changed":false,"_daextam_enable_autolinks":"1","footnotes":""},"categories":[10279],"tags":[16878,11873,692,34212],"class_list":["post-606666","post","type-post","status-publish","format-standard","has-post-thumbnail","hentry","category-vtt","tag-breve","tag-coupe-du-monde-de-vtt","tag-vtt","tag-vtt-xcc-les-gets"],"acf":[],"yoast_head":"<!-- This site is optimized with the Yoast SEO Premium plugin v26.7 (Yoast SEO v26.7) - https:\/\/yoast.com\/wordpress\/plugins\/seo\/ -->\n<title>VTT Les Gets 2025 : Jenny Rissveds remporte en solitaire le XCC<\/title>\n<meta name=\"description\" content=\"COUPE DU MONDE DE VTT 2025 - Jenny Rissveds est la grande gagnante du short-track des Gets, en Haute-Savoie.\" \/>\n<meta name=\"robots\" content=\"index, follow, max-snippet:-1, max-image-preview:large, max-video-preview:-1\" \/>\n<link rel=\"canonical\" href=\"https:\/\/dicodusport.fr\/blog\/vtt-les-gets-2025-jenny-rissveds-remporte-en-solitaire-le-xcc\/\" \/>\n<meta property=\"og:locale\" content=\"fr_FR\" \/>\n<meta property=\"og:type\" content=\"article\" \/>\n<meta property=\"og:title\" content=\"VTT Les Gets 2025 : Jenny Rissveds remporte en solitaire le XCC\" \/>\n<meta property=\"og:description\" content=\"COUPE DU MONDE DE VTT 2025 - Jenny Rissveds est la grande gagnante du short-track des Gets, en Haute-Savoie.\" \/>\n<meta property=\"og:url\" content=\"https:\/\/dicodusport.fr\/blog\/vtt-les-gets-2025-jenny-rissveds-remporte-en-solitaire-le-xcc\/\" \/>\n<meta property=\"og:site_name\" content=\"Dicodusport\" \/>\n<meta property=\"article:publisher\" content=\"https:\/\/www.facebook.com\/dicodusport\" \/>\n<meta property=\"article:published_time\" content=\"2025-08-29T16:27:36+00:00\" \/>\n<meta property=\"article:modified_time\" content=\"2025-08-29T21:06:30+00:00\" \/>\n<meta property=\"og:image\" content=\"https:\/\/dicodusport.fr\/blog\/wp-content\/uploads\/2025\/08\/VTT-Les-Gets-2025-Jenny-Rissveds-remporte-en-solitaire-le-XCC.png\" \/>\n\t<meta property=\"og:image:width\" content=\"1200\" \/>\n\t<meta property=\"og:image:height\" content=\"674\" \/>\n\t<meta property=\"og:image:type\" content=\"image\/png\" \/>\n<meta name=\"author\" content=\"Pierre Gorce\" \/>\n<meta name=\"twitter:card\" content=\"summary_large_image\" \/>\n<meta name=\"twitter:title\" content=\"VTT Les Gets 2025 : Jenny Rissveds remporte en solitaire le XCC\" \/>\n<meta name=\"twitter:creator\" content=\"@https:\/\/twitter.com\/pierregorce12\" \/>\n<meta name=\"twitter:site\" content=\"@dicodusport\" \/>\n<script type=\"application\/ld+json\" class=\"yoast-schema-graph\">{\"@context\":\"https:\/\/schema.org\",\"@graph\":[{\"@type\":\"NewsArticle\",\"@id\":\"https:\/\/dicodusport.fr\/blog\/vtt-les-gets-2025-jenny-rissveds-remporte-en-solitaire-le-xcc\/#article\",\"isPartOf\":{\"@id\":\"https:\/\/dicodusport.fr\/blog\/vtt-les-gets-2025-jenny-rissveds-remporte-en-solitaire-le-xcc\/\"},\"author\":{\"name\":\"Pierre Gorce\",\"@id\":\"https:\/\/dicodusport.fr\/blog\/#\/schema\/person\/0eaf70b33d703a1a66b1155ac1bda018\"},\"headline\":\"VTT Les Gets 2025 : Jenny Rissveds remporte en solitaire le XCC\",\"datePublished\":\"2025-08-29T16:27:36+00:00\",\"dateModified\":\"2025-08-29T21:06:30+00:00\",\"mainEntityOfPage\":{\"@id\":\"https:\/\/dicodusport.fr\/blog\/vtt-les-gets-2025-jenny-rissveds-remporte-en-solitaire-le-xcc\/\"},\"wordCount\":393,\"commentCount\":0,\"publisher\":{\"@id\":\"https:\/\/dicodusport.fr\/blog\/#organization\"},\"image\":{\"@id\":\"https:\/\/dicodusport.fr\/blog\/vtt-les-gets-2025-jenny-rissveds-remporte-en-solitaire-le-xcc\/#primaryimage\"},\"thumbnailUrl\":\"https:\/\/dicodusport.fr\/blog\/wp-content\/uploads\/2025\/08\/VTT-Les-Gets-2025-Jenny-Rissveds-remporte-en-solitaire-le-XCC.png\",\"keywords\":[\"br\u00e8ve\",\"Coupe du monde de VTT\",\"VTT\",\"VTT XCC Les Gets\"],\"articleSection\":[\"VTT\"],\"inLanguage\":\"fr-FR\",\"potentialAction\":[{\"@type\":\"CommentAction\",\"name\":\"Comment\",\"target\":[\"https:\/\/dicodusport.fr\/blog\/vtt-les-gets-2025-jenny-rissveds-remporte-en-solitaire-le-xcc\/#respond\"]}],\"copyrightYear\":\"2025\",\"copyrightHolder\":{\"@id\":\"https:\/\/dicodusport.fr\/blog\/#organization\"}},{\"@type\":\"WebPage\",\"@id\":\"https:\/\/dicodusport.fr\/blog\/vtt-les-gets-2025-jenny-rissveds-remporte-en-solitaire-le-xcc\/\",\"url\":\"https:\/\/dicodusport.fr\/blog\/vtt-les-gets-2025-jenny-rissveds-remporte-en-solitaire-le-xcc\/\",\"name\":\"VTT Les Gets 2025 : Jenny Rissveds remporte en solitaire le XCC\",\"isPartOf\":{\"@id\":\"https:\/\/dicodusport.fr\/blog\/#website\"},\"primaryImageOfPage\":{\"@id\":\"https:\/\/dicodusport.fr\/blog\/vtt-les-gets-2025-jenny-rissveds-remporte-en-solitaire-le-xcc\/#primaryimage\"},\"image\":{\"@id\":\"https:\/\/dicodusport.fr\/blog\/vtt-les-gets-2025-jenny-rissveds-remporte-en-solitaire-le-xcc\/#primaryimage\"},\"thumbnailUrl\":\"https:\/\/dicodusport.fr\/blog\/wp-content\/uploads\/2025\/08\/VTT-Les-Gets-2025-Jenny-Rissveds-remporte-en-solitaire-le-XCC.png\",\"datePublished\":\"2025-08-29T16:27:36+00:00\",\"dateModified\":\"2025-08-29T21:06:30+00:00\",\"description\":\"COUPE DU MONDE DE VTT 2025 - Jenny Rissveds est la grande gagnante du short-track des Gets, en Haute-Savoie.\",\"breadcrumb\":{\"@id\":\"https:\/\/dicodusport.fr\/blog\/vtt-les-gets-2025-jenny-rissveds-remporte-en-solitaire-le-xcc\/#breadcrumb\"},\"inLanguage\":\"fr-FR\",\"potentialAction\":[{\"@type\":\"ReadAction\",\"target\":[\"https:\/\/dicodusport.fr\/blog\/vtt-les-gets-2025-jenny-rissveds-remporte-en-solitaire-le-xcc\/\"]}]},{\"@type\":\"ImageObject\",\"inLanguage\":\"fr-FR\",\"@id\":\"https:\/\/dicodusport.fr\/blog\/vtt-les-gets-2025-jenny-rissveds-remporte-en-solitaire-le-xcc\/#primaryimage\",\"url\":\"https:\/\/dicodusport.fr\/blog\/wp-content\/uploads\/2025\/08\/VTT-Les-Gets-2025-Jenny-Rissveds-remporte-en-solitaire-le-XCC.png\",\"contentUrl\":\"https:\/\/dicodusport.fr\/blog\/wp-content\/uploads\/2025\/08\/VTT-Les-Gets-2025-Jenny-Rissveds-remporte-en-solitaire-le-XCC.png\",\"width\":1200,\"height\":674,\"caption\":\"VTT Les Gets 2025 Jenny Rissveds remporte en solitaire le XCC\"},{\"@type\":\"BreadcrumbList\",\"@id\":\"https:\/\/dicodusport.fr\/blog\/vtt-les-gets-2025-jenny-rissveds-remporte-en-solitaire-le-xcc\/#breadcrumb\",\"itemListElement\":[{\"@type\":\"ListItem\",\"position\":1,\"name\":\"Accueil\",\"item\":\"https:\/\/dicodusport.fr\/blog\/\"},{\"@type\":\"ListItem\",\"position\":2,\"name\":\"VTT Les Gets 2025 : Jenny Rissveds remporte en solitaire le XCC\"}]},{\"@type\":\"WebSite\",\"@id\":\"https:\/\/dicodusport.fr\/blog\/#website\",\"url\":\"https:\/\/dicodusport.fr\/blog\/\",\"name\":\"Dicodusport\",\"description\":\"L&#039;encyclop\u00e9die de l&#039;actualit\u00e9 sportive\",\"publisher\":{\"@id\":\"https:\/\/dicodusport.fr\/blog\/#organization\"},\"potentialAction\":[{\"@type\":\"SearchAction\",\"target\":{\"@type\":\"EntryPoint\",\"urlTemplate\":\"https:\/\/dicodusport.fr\/blog\/?s={search_term_string}\"},\"query-input\":{\"@type\":\"PropertyValueSpecification\",\"valueRequired\":true,\"valueName\":\"search_term_string\"}}],\"inLanguage\":\"fr-FR\"},{\"@type\":\"NewsMediaOrganization\",\"@id\":\"https:\/\/dicodusport.fr\/blog\/#organization\",\"name\":\"Dicodusport\",\"url\":\"https:\/\/dicodusport.fr\/blog\/\",\"logo\":{\"@type\":\"ImageObject\",\"inLanguage\":\"fr-FR\",\"@id\":\"https:\/\/dicodusport.fr\/blog\/#\/schema\/logo\/image\/\",\"url\":\"https:\/\/dicodusport.fr\/blog\/wp-content\/uploads\/2020\/06\/cropped-LOGO-DICODUSPORT-2020-SANS-FOND-SANS-TEXTE.png\",\"contentUrl\":\"https:\/\/dicodusport.fr\/blog\/wp-content\/uploads\/2020\/06\/cropped-LOGO-DICODUSPORT-2020-SANS-FOND-SANS-TEXTE.png\",\"width\":512,\"height\":512,\"caption\":\"Dicodusport\"},\"image\":{\"@id\":\"https:\/\/dicodusport.fr\/blog\/#\/schema\/logo\/image\/\"},\"sameAs\":[\"https:\/\/www.facebook.com\/dicodusport\",\"https:\/\/x.com\/dicodusport\",\"https:\/\/www.instagram.com\/dicodusport\/\",\"https:\/\/www.youtube.com\/channel\/UC7V2KZ5sd3htJivAbA4ZG3w\"],\"description\":\"Dicodusport est l'encyclop\u00e9die de l'actualit\u00e9 sportive.\",\"email\":\"bonjour@dicodusport.fr\",\"legalName\":\"DICODUSPORT\",\"foundingDate\":\"2018-01-14\",\"vatID\":\"FR71834470973\",\"taxID\":\"83447097300043\",\"numberOfEmployees\":{\"@type\":\"QuantitativeValue\",\"minValue\":\"1\",\"maxValue\":\"10\"}},{\"@type\":\"Person\",\"@id\":\"https:\/\/dicodusport.fr\/blog\/#\/schema\/person\/0eaf70b33d703a1a66b1155ac1bda018\",\"name\":\"Pierre Gorce\",\"image\":{\"@type\":\"ImageObject\",\"inLanguage\":\"fr-FR\",\"@id\":\"https:\/\/dicodusport.fr\/blog\/#\/schema\/person\/image\/\",\"url\":\"https:\/\/dicodusport.fr\/blog\/wp-content\/uploads\/2022\/03\/IMG_20211214_233053_722-150x150.jpg\",\"contentUrl\":\"https:\/\/dicodusport.fr\/blog\/wp-content\/uploads\/2022\/03\/IMG_20211214_233053_722-150x150.jpg\",\"caption\":\"Pierre Gorce\"},\"description\":\"Couteau suisse venant tout droit de Haute-Savoie. Habitu\u00e9 \u00e0 regarder du sport depuis petit, j'en ai maintenant fait mon m\u00e9tier. Des sports d'hiver au surf, en passant par le tennis, la F1, le handball et l'athl\u00e9tisme, j'essaie d'avoir mes yeux sur l'enti\u00e8ret\u00e9 de l'actualit\u00e9. Jeune homme berc\u00e9 par les exploits de Jean-Baptiste Grange, Sebastian Vettel et des Experts. Membre de la g\u00e9n\u00e9ration 1999 comme Luka Doncic, Sydney McLaughlin, Lando Norris et Loana Lecomte, mais avec beaucoup moins de talent qu'eux.\",\"sameAs\":[\"https:\/\/x.com\/https:\/\/twitter.com\/pierregorce12\"],\"birthDate\":\"1999-08-29\",\"url\":\"https:\/\/dicodusport.fr\/blog\/author\/pierreg\/\"}]}<\/script>\n<!-- \/ Yoast SEO Premium plugin. -->","yoast_head_json":{"title":"VTT Les Gets 2025 : Jenny Rissveds remporte en solitaire le XCC","description":"COUPE DU MONDE DE VTT 2025 - Jenny Rissveds est la grande gagnante du short-track des Gets, en Haute-Savoie.","robots":{"index":"index","follow":"follow","max-snippet":"max-snippet:-1","max-image-preview":"max-image-preview:large","max-video-preview":"max-video-preview:-1"},"canonical":"https:\/\/dicodusport.fr\/blog\/vtt-les-gets-2025-jenny-rissveds-remporte-en-solitaire-le-xcc\/","og_locale":"fr_FR","og_type":"article","og_title":"VTT Les Gets 2025 : Jenny Rissveds remporte en solitaire le XCC","og_description":"COUPE DU MONDE DE VTT 2025 - Jenny Rissveds est la grande gagnante du short-track des Gets, en Haute-Savoie.","og_url":"https:\/\/dicodusport.fr\/blog\/vtt-les-gets-2025-jenny-rissveds-remporte-en-solitaire-le-xcc\/","og_site_name":"Dicodusport","article_publisher":"https:\/\/www.facebook.com\/dicodusport","article_published_time":"2025-08-29T16:27:36+00:00","article_modified_time":"2025-08-29T21:06:30+00:00","og_image":[{"width":1200,"height":674,"url":"https:\/\/dicodusport.fr\/blog\/wp-content\/uploads\/2025\/08\/VTT-Les-Gets-2025-Jenny-Rissveds-remporte-en-solitaire-le-XCC.png","type":"image\/png"}],"author":"Pierre Gorce","twitter_card":"summary_large_image","twitter_title":"VTT Les Gets 2025 : Jenny Rissveds remporte en solitaire le XCC","twitter_creator":"@https:\/\/twitter.com\/pierregorce12","twitter_site":"@dicodusport","schema":{"@context":"https:\/\/schema.org","@graph":[{"@type":"NewsArticle","@id":"https:\/\/dicodusport.fr\/blog\/vtt-les-gets-2025-jenny-rissveds-remporte-en-solitaire-le-xcc\/#article","isPartOf":{"@id":"https:\/\/dicodusport.fr\/blog\/vtt-les-gets-2025-jenny-rissveds-remporte-en-solitaire-le-xcc\/"},"author":{"name":"Pierre Gorce","@id":"https:\/\/dicodusport.fr\/blog\/#\/schema\/person\/0eaf70b33d703a1a66b1155ac1bda018"},"headline":"VTT Les Gets 2025 : Jenny Rissveds remporte en solitaire le XCC","datePublished":"2025-08-29T16:27:36+00:00","dateModified":"2025-08-29T21:06:30+00:00","mainEntityOfPage":{"@id":"https:\/\/dicodusport.fr\/blog\/vtt-les-gets-2025-jenny-rissveds-remporte-en-solitaire-le-xcc\/"},"wordCount":393,"commentCount":0,"publisher":{"@id":"https:\/\/dicodusport.fr\/blog\/#organization"},"image":{"@id":"https:\/\/dicodusport.fr\/blog\/vtt-les-gets-2025-jenny-rissveds-remporte-en-solitaire-le-xcc\/#primaryimage"},"thumbnailUrl":"https:\/\/dicodusport.fr\/blog\/wp-content\/uploads\/2025\/08\/VTT-Les-Gets-2025-Jenny-Rissveds-remporte-en-solitaire-le-XCC.png","keywords":["br\u00e8ve","Coupe du monde de VTT","VTT","VTT XCC Les Gets"],"articleSection":["VTT"],"inLanguage":"fr-FR","potentialAction":[{"@type":"CommentAction","name":"Comment","target":["https:\/\/dicodusport.fr\/blog\/vtt-les-gets-2025-jenny-rissveds-remporte-en-solitaire-le-xcc\/#respond"]}],"copyrightYear":"2025","copyrightHolder":{"@id":"https:\/\/dicodusport.fr\/blog\/#organization"}},{"@type":"WebPage","@id":"https:\/\/dicodusport.fr\/blog\/vtt-les-gets-2025-jenny-rissveds-remporte-en-solitaire-le-xcc\/","url":"https:\/\/dicodusport.fr\/blog\/vtt-les-gets-2025-jenny-rissveds-remporte-en-solitaire-le-xcc\/","name":"VTT Les Gets 2025 : Jenny Rissveds remporte en solitaire le XCC","isPartOf":{"@id":"https:\/\/dicodusport.fr\/blog\/#website"},"primaryImageOfPage":{"@id":"https:\/\/dicodusport.fr\/blog\/vtt-les-gets-2025-jenny-rissveds-remporte-en-solitaire-le-xcc\/#primaryimage"},"image":{"@id":"https:\/\/dicodusport.fr\/blog\/vtt-les-gets-2025-jenny-rissveds-remporte-en-solitaire-le-xcc\/#primaryimage"},"thumbnailUrl":"https:\/\/dicodusport.fr\/blog\/wp-content\/uploads\/2025\/08\/VTT-Les-Gets-2025-Jenny-Rissveds-remporte-en-solitaire-le-XCC.png","datePublished":"2025-08-29T16:27:36+00:00","dateModified":"2025-08-29T21:06:30+00:00","description":"COUPE DU MONDE DE VTT 2025 - Jenny Rissveds est la grande gagnante du short-track des Gets, en Haute-Savoie.","breadcrumb":{"@id":"https:\/\/dicodusport.fr\/blog\/vtt-les-gets-2025-jenny-rissveds-remporte-en-solitaire-le-xcc\/#breadcrumb"},"inLanguage":"fr-FR","potentialAction":[{"@type":"ReadAction","target":["https:\/\/dicodusport.fr\/blog\/vtt-les-gets-2025-jenny-rissveds-remporte-en-solitaire-le-xcc\/"]}]},{"@type":"ImageObject","inLanguage":"fr-FR","@id":"https:\/\/dicodusport.fr\/blog\/vtt-les-gets-2025-jenny-rissveds-remporte-en-solitaire-le-xcc\/#primaryimage","url":"https:\/\/dicodusport.fr\/blog\/wp-content\/uploads\/2025\/08\/VTT-Les-Gets-2025-Jenny-Rissveds-remporte-en-solitaire-le-XCC.png","contentUrl":"https:\/\/dicodusport.fr\/blog\/wp-content\/uploads\/2025\/08\/VTT-Les-Gets-2025-Jenny-Rissveds-remporte-en-solitaire-le-XCC.png","width":1200,"height":674,"caption":"VTT Les Gets 2025 Jenny Rissveds remporte en solitaire le XCC"},{"@type":"BreadcrumbList","@id":"https:\/\/dicodusport.fr\/blog\/vtt-les-gets-2025-jenny-rissveds-remporte-en-solitaire-le-xcc\/#breadcrumb","itemListElement":[{"@type":"ListItem","position":1,"name":"Accueil","item":"https:\/\/dicodusport.fr\/blog\/"},{"@type":"ListItem","position":2,"name":"VTT Les Gets 2025 : Jenny Rissveds remporte en solitaire le XCC"}]},{"@type":"WebSite","@id":"https:\/\/dicodusport.fr\/blog\/#website","url":"https:\/\/dicodusport.fr\/blog\/","name":"Dicodusport","description":"L&#039;encyclop\u00e9die de l&#039;actualit\u00e9 sportive","publisher":{"@id":"https:\/\/dicodusport.fr\/blog\/#organization"},"potentialAction":[{"@type":"SearchAction","target":{"@type":"EntryPoint","urlTemplate":"https:\/\/dicodusport.fr\/blog\/?s={search_term_string}"},"query-input":{"@type":"PropertyValueSpecification","valueRequired":true,"valueName":"search_term_string"}}],"inLanguage":"fr-FR"},{"@type":"NewsMediaOrganization","@id":"https:\/\/dicodusport.fr\/blog\/#organization","name":"Dicodusport","url":"https:\/\/dicodusport.fr\/blog\/","logo":{"@type":"ImageObject","inLanguage":"fr-FR","@id":"https:\/\/dicodusport.fr\/blog\/#\/schema\/logo\/image\/","url":"https:\/\/dicodusport.fr\/blog\/wp-content\/uploads\/2020\/06\/cropped-LOGO-DICODUSPORT-2020-SANS-FOND-SANS-TEXTE.png","contentUrl":"https:\/\/dicodusport.fr\/blog\/wp-content\/uploads\/2020\/06\/cropped-LOGO-DICODUSPORT-2020-SANS-FOND-SANS-TEXTE.png","width":512,"height":512,"caption":"Dicodusport"},"image":{"@id":"https:\/\/dicodusport.fr\/blog\/#\/schema\/logo\/image\/"},"sameAs":["https:\/\/www.facebook.com\/dicodusport","https:\/\/x.com\/dicodusport","https:\/\/www.instagram.com\/dicodusport\/","https:\/\/www.youtube.com\/channel\/UC7V2KZ5sd3htJivAbA4ZG3w"],"description":"Dicodusport est l'encyclop\u00e9die de l'actualit\u00e9 sportive.","email":"bonjour@dicodusport.fr","legalName":"DICODUSPORT","foundingDate":"2018-01-14","vatID":"FR71834470973","taxID":"83447097300043","numberOfEmployees":{"@type":"QuantitativeValue","minValue":"1","maxValue":"10"}},{"@type":"Person","@id":"https:\/\/dicodusport.fr\/blog\/#\/schema\/person\/0eaf70b33d703a1a66b1155ac1bda018","name":"Pierre Gorce","image":{"@type":"ImageObject","inLanguage":"fr-FR","@id":"https:\/\/dicodusport.fr\/blog\/#\/schema\/person\/image\/","url":"https:\/\/dicodusport.fr\/blog\/wp-content\/uploads\/2022\/03\/IMG_20211214_233053_722-150x150.jpg","contentUrl":"https:\/\/dicodusport.fr\/blog\/wp-content\/uploads\/2022\/03\/IMG_20211214_233053_722-150x150.jpg","caption":"Pierre Gorce"},"description":"Couteau suisse venant tout droit de Haute-Savoie. Habitu\u00e9 \u00e0 regarder du sport depuis petit, j'en ai maintenant fait mon m\u00e9tier. Des sports d'hiver au surf, en passant par le tennis, la F1, le handball et l'athl\u00e9tisme, j'essaie d'avoir mes yeux sur l'enti\u00e8ret\u00e9 de l'actualit\u00e9. Jeune homme berc\u00e9 par les exploits de Jean-Baptiste Grange, Sebastian Vettel et des Experts. Membre de la g\u00e9n\u00e9ration 1999 comme Luka Doncic, Sydney McLaughlin, Lando Norris et Loana Lecomte, mais avec beaucoup moins de talent qu'eux.","sameAs":["https:\/\/x.com\/https:\/\/twitter.com\/pierregorce12"],"birthDate":"1999-08-29","url":"https:\/\/dicodusport.fr\/blog\/author\/pierreg\/"}]}},"_links":{"self":[{"href":"https:\/\/dicodusport.fr\/blog\/wp-json\/wp\/v2\/posts\/606666","targetHints":{"allow":["GET"]}}],"collection":[{"href":"https:\/\/dicodusport.fr\/blog\/wp-json\/wp\/v2\/posts"}],"about":[{"href":"https:\/\/dicodusport.fr\/blog\/wp-json\/wp\/v2\/types\/post"}],"author":[{"embeddable":true,"href":"https:\/\/dicodusport.fr\/blog\/wp-json\/wp\/v2\/users\/61"}],"replies":[{"embeddable":true,"href":"https:\/\/dicodusport.fr\/blog\/wp-json\/wp\/v2\/comments?post=606666"}],"version-history":[{"count":5,"href":"https:\/\/dicodusport.fr\/blog\/wp-json\/wp\/v2\/posts\/606666\/revisions"}],"predecessor-version":[{"id":606713,"href":"https:\/\/dicodusport.fr\/blog\/wp-json\/wp\/v2\/posts\/606666\/revisions\/606713"}],"wp:featuredmedia":[{"embeddable":true,"href":"https:\/\/dicodusport.fr\/blog\/wp-json\/wp\/v2\/media\/606806"}],"wp:attachment":[{"href":"https:\/\/dicodusport.fr\/blog\/wp-json\/wp\/v2\/media?parent=606666"}],"wp:term":[{"taxonomy":"category","embeddable":true,"href":"https:\/\/dicodusport.fr\/blog\/wp-json\/wp\/v2\/categories?post=606666"},{"taxonomy":"post_tag","embeddable":true,"href":"https:\/\/dicodusport.fr\/blog\/wp-json\/wp\/v2\/tags?post=606666"}],"curies":[{"name":"wp","href":"https:\/\/api.w.org\/{rel}","templated":true}]}}