{"id":607255,"date":"2025-08-31T15:41:46","date_gmt":"2025-08-31T13:41:46","guid":{"rendered":"https:\/\/dicodusport.fr\/blog\/?p=607255&#038;preview=true&#038;preview_id=607255"},"modified":"2025-09-01T13:30:06","modified_gmt":"2025-09-01T11:30:06","slug":"triathlon-wtcs-saint-raphael-matthew-hauser-simpose-a-nouveau-dorian-coninx-4eme","status":"publish","type":"post","link":"https:\/\/dicodusport.fr\/blog\/triathlon-wtcs-saint-raphael-matthew-hauser-simpose-a-nouveau-dorian-coninx-4eme\/","title":{"rendered":"Triathlon WTCS Saint-Rapha\u00ebl : Matthew Hauser s&rsquo;impose \u00e0 nouveau, Dorian Coninx 4\u00e8me"},"content":{"rendered":"<p style=\"text-align: justify;\"><strong><em>TRIATHLON WTCS 2025 &#8211; Aux avant-postes du d\u00e9but \u00e0 la fin, l&rsquo;Australien Matthew Hauser s&rsquo;offre une 2\u00e8me victoire cons\u00e9cutive. Il devance le Portugais Vasco Vilaca et le Br\u00e9silien Miguel Hidalgo, tandis que le Fran\u00e7ais Dorian Coninx termine au pied du podium.\u00a0<\/em><\/strong><\/p>\n<p style=\"text-align: justify;\">5\u00e8me \u00e9tape des World Triathlon Championship Series, en France cette fois, du c\u00f4t\u00e9 de Saint-Rapha\u00ebl, et ce sont les hommes qui ont ouvert le bal.<\/p>\n<h2 style=\"text-align: justify;\">Hauser devant du d\u00e9but \u00e0 la fin<\/h2>\n<p style=\"text-align: justify;\">C\u2019est l\u2019Australien <strong>Matthew Hauser<\/strong> qui a pris le meilleur d\u00e9part, puisqu\u2019il est sorti en t\u00eate de la natation. Un groupe de 10 athl\u00e8tes s\u2019est tout de suite form\u00e9 \u00e0 v\u00e9lo, dans lequel on retrouvait deux Tricolores, <strong>Dorian Coninx<\/strong> et <strong>Tom Richard<\/strong>, comptant une vingtaine de secondes sur les poursuivants emmen\u00e9s par un autre Fran\u00e7ais, <strong>Yanis Seguin<\/strong>. De retour en WTCS, le champion olympique <strong>Alex Yee<\/strong> n\u2019est pas parvenu \u00e0 se hisser dans le groupe de t\u00eate.<\/p>\n<p style=\"text-align: justify;\">Avec une bonne entente, le groupe de leaders va accentuer l\u2019\u00e9cart sur les poursuivants, le portant \u00e0 plus de 50s lors de la derni\u00e8re transition.<\/p>\n<p style=\"text-align: justify;\">Aussit\u00f4t, Hauser vainqueur de la derni\u00e8re \u00e9tape \u00e0 Hambourg (Allemagne) va prendre les commandes de la course \u00e0 pied. Il est tout de suite suivi par <strong>Vilaca<\/strong>, <strong>Hidalgo<\/strong>, <strong>Coninx<\/strong>, <strong>Richard<\/strong> et <strong>Paquet<\/strong>.<br \/>\nMalheureusement, les deux tricolores ne vont pas pouvoir suivre longtemps et vont craquer, accompagn\u00e9s par le Canadien <strong>Paquet<\/strong>. Devant, un trio s\u2019envole pour se disputer le podium.<\/p>\n<p style=\"text-align: justify;\">C\u2019est le Br\u00e9silien <strong>Hidalgo<\/strong> qui va l\u00e2cher le premier et perdre ses chances de victoire. Derri\u00e8re lui, les Fran\u00e7ais tentent de recoller. Dans le finish, c\u2019est <strong>Hauser<\/strong> qui va prendre le dessus sur Vilaca et s\u2019offrir une 2\u00e8me victoire de rang. <strong>Hidalgo<\/strong> a r\u00e9sist\u00e9 et s\u2019offre la 3\u00e8me place, alors que les Fran\u00e7ais<strong> Dorian Coninx<\/strong> et <strong>Tom Richard<\/strong> terminent respectivement 4\u00e8me et 5\u00e8me. <strong>Yanis Seguin<\/strong> finit 24\u00e8me, et <strong>Pierre Le Corre<\/strong> 27\u00e8me.<\/p>\n<blockquote class=\"twitter-tweet\">\n<p dir=\"ltr\" lang=\"en\">MATTHEW HAUSER TAKES THE TAPE! \ud83c\udfc6<\/p>\n<p>The World No.1 shows his class with a commanding victory at <a href=\"https:\/\/twitter.com\/hashtag\/WTCSFrenchRiviera?src=hash&amp;ref_src=twsrc%5Etfw\">#WTCSFrenchRiviera<\/a> \ud83c\uddeb\ud83c\uddf7<\/p>\n<p>What an effort from Vasco Vilaca \ud83c\uddf5\ud83c\uddf9 in 2nd! \ud83d\udc4f<a href=\"https:\/\/twitter.com\/hashtag\/Triathlon?src=hash&amp;ref_src=twsrc%5Etfw\">#Triathlon<\/a> <a href=\"https:\/\/twitter.com\/hashtag\/TheFutureIsNow?src=hash&amp;ref_src=twsrc%5Etfw\">#TheFutureIsNow<\/a> <a href=\"https:\/\/twitter.com\/hashtag\/BeYourExtraordinary?src=hash&amp;ref_src=twsrc%5Etfw\">#BeYourExtraordinary<\/a> <a href=\"https:\/\/t.co\/im6SNXwrkb\">pic.twitter.com\/im6SNXwrkb<\/a><\/p>\n<p>\u2014 World Triathlon (@worldtriathlon) <a href=\"https:\/\/twitter.com\/worldtriathlon\/status\/1962152371380748494?ref_src=twsrc%5Etfw\">August 31, 2025<\/a><\/p><\/blockquote>\n<p style=\"text-align: justify;\"><script async src=\"https:\/\/platform.twitter.com\/widgets.js\" charset=\"utf-8\"><\/script><\/p>\n","protected":false},"excerpt":{"rendered":"<p>Aux avant-postes du d\u00e9but \u00e0 la fin, l&rsquo;Australien Matthew Hauser s&rsquo;offre une 2\u00e8me victoire cons\u00e9cutive.<\/p>\n","protected":false},"author":89,"featured_media":607577,"comment_status":"open","ping_status":"closed","sticky":false,"template":"","format":"standard","meta":{"_acf_changed":false,"_daextam_enable_autolinks":"1","footnotes":""},"categories":[8303],"tags":[16878,4683,3620,589,18738],"class_list":["post-607255","post","type-post","status-publish","format-standard","has-post-thumbnail","hentry","category-triathlon","tag-breve","tag-dorian-coninx","tag-pierre-le-corre","tag-triathlon","tag-wtcs"],"acf":[],"yoast_head":"<!-- This site is optimized with the Yoast SEO Premium plugin v26.7 (Yoast SEO v26.7) - https:\/\/yoast.com\/wordpress\/plugins\/seo\/ -->\n<title>Triathlon WTCS Saint-Rapha\u00ebl : Matthew Hauser s&#039;impose \u00e0 nouveau, Dorian Coninx 4\u00e8me<\/title>\n<meta name=\"description\" content=\"TRIATHLON WTCS 2025 - Aux avant-postes du d\u00e9but \u00e0 la fin, l&#039;Australien Matthew Hauser s&#039;offre une 2\u00e8me victoire cons\u00e9cutive.\" \/>\n<meta name=\"robots\" content=\"index, follow, max-snippet:-1, max-image-preview:large, max-video-preview:-1\" \/>\n<link rel=\"canonical\" href=\"https:\/\/dicodusport.fr\/blog\/triathlon-wtcs-saint-raphael-matthew-hauser-simpose-a-nouveau-dorian-coninx-4eme\/\" \/>\n<meta property=\"og:locale\" content=\"fr_FR\" \/>\n<meta property=\"og:type\" content=\"article\" \/>\n<meta property=\"og:title\" content=\"Triathlon WTCS Saint-Rapha\u00ebl : Matthew Hauser s&#039;impose \u00e0 nouveau, Dorian Coninx 4\u00e8me\" \/>\n<meta property=\"og:description\" content=\"TRIATHLON WTCS 2025 - Aux avant-postes du d\u00e9but \u00e0 la fin, l&#039;Australien Matthew Hauser s&#039;offre une 2\u00e8me victoire cons\u00e9cutive.\" \/>\n<meta property=\"og:url\" content=\"https:\/\/dicodusport.fr\/blog\/triathlon-wtcs-saint-raphael-matthew-hauser-simpose-a-nouveau-dorian-coninx-4eme\/\" \/>\n<meta property=\"og:site_name\" content=\"Dicodusport\" \/>\n<meta property=\"article:publisher\" content=\"https:\/\/www.facebook.com\/dicodusport\" \/>\n<meta property=\"article:published_time\" content=\"2025-08-31T13:41:46+00:00\" \/>\n<meta property=\"article:modified_time\" content=\"2025-09-01T11:30:06+00:00\" \/>\n<meta property=\"og:image\" content=\"https:\/\/dicodusport.fr\/blog\/wp-content\/uploads\/2025\/08\/Triathlon-WTCS-Saint-Raphael-Matthew-Hauser-simpose-a-nouveau-Dorian-Coninx-4eme-2.png\" \/>\n\t<meta property=\"og:image:width\" content=\"1200\" \/>\n\t<meta property=\"og:image:height\" content=\"674\" \/>\n\t<meta property=\"og:image:type\" content=\"image\/png\" \/>\n<meta name=\"author\" content=\"Louka Lesueur\" \/>\n<meta name=\"twitter:card\" content=\"summary_large_image\" \/>\n<meta name=\"twitter:title\" content=\"Triathlon WTCS Saint-Rapha\u00ebl : Matthew Hauser s&#039;impose \u00e0 nouveau, Dorian Coninx 4\u00e8me\" \/>\n<meta name=\"twitter:creator\" content=\"@https:\/\/twitter.com\/LNewsSF\" \/>\n<meta name=\"twitter:site\" content=\"@dicodusport\" \/>\n<script type=\"application\/ld+json\" class=\"yoast-schema-graph\">{\"@context\":\"https:\/\/schema.org\",\"@graph\":[{\"@type\":\"NewsArticle\",\"@id\":\"https:\/\/dicodusport.fr\/blog\/triathlon-wtcs-saint-raphael-matthew-hauser-simpose-a-nouveau-dorian-coninx-4eme\/#article\",\"isPartOf\":{\"@id\":\"https:\/\/dicodusport.fr\/blog\/triathlon-wtcs-saint-raphael-matthew-hauser-simpose-a-nouveau-dorian-coninx-4eme\/\"},\"author\":{\"name\":\"Louka Lesueur\",\"@id\":\"https:\/\/dicodusport.fr\/blog\/#\/schema\/person\/54b6cdccebdfcd5a1036c594aecffc2a\"},\"headline\":\"Triathlon WTCS Saint-Rapha\u00ebl : Matthew Hauser s&rsquo;impose \u00e0 nouveau, Dorian Coninx 4\u00e8me\",\"datePublished\":\"2025-08-31T13:41:46+00:00\",\"dateModified\":\"2025-09-01T11:30:06+00:00\",\"mainEntityOfPage\":{\"@id\":\"https:\/\/dicodusport.fr\/blog\/triathlon-wtcs-saint-raphael-matthew-hauser-simpose-a-nouveau-dorian-coninx-4eme\/\"},\"wordCount\":382,\"commentCount\":0,\"publisher\":{\"@id\":\"https:\/\/dicodusport.fr\/blog\/#organization\"},\"image\":{\"@id\":\"https:\/\/dicodusport.fr\/blog\/triathlon-wtcs-saint-raphael-matthew-hauser-simpose-a-nouveau-dorian-coninx-4eme\/#primaryimage\"},\"thumbnailUrl\":\"https:\/\/dicodusport.fr\/blog\/wp-content\/uploads\/2025\/08\/Triathlon-WTCS-Saint-Raphael-Matthew-Hauser-simpose-a-nouveau-Dorian-Coninx-4eme-2.png\",\"keywords\":[\"br\u00e8ve\",\"Dorian Coninx\",\"Pierre Le Corre\",\"triathlon\",\"WTCS\"],\"articleSection\":[\"Triathlon\"],\"inLanguage\":\"fr-FR\",\"potentialAction\":[{\"@type\":\"CommentAction\",\"name\":\"Comment\",\"target\":[\"https:\/\/dicodusport.fr\/blog\/triathlon-wtcs-saint-raphael-matthew-hauser-simpose-a-nouveau-dorian-coninx-4eme\/#respond\"]}],\"copyrightYear\":\"2025\",\"copyrightHolder\":{\"@id\":\"https:\/\/dicodusport.fr\/blog\/#organization\"}},{\"@type\":\"WebPage\",\"@id\":\"https:\/\/dicodusport.fr\/blog\/triathlon-wtcs-saint-raphael-matthew-hauser-simpose-a-nouveau-dorian-coninx-4eme\/\",\"url\":\"https:\/\/dicodusport.fr\/blog\/triathlon-wtcs-saint-raphael-matthew-hauser-simpose-a-nouveau-dorian-coninx-4eme\/\",\"name\":\"Triathlon WTCS Saint-Rapha\u00ebl : Matthew Hauser s'impose \u00e0 nouveau, Dorian Coninx 4\u00e8me\",\"isPartOf\":{\"@id\":\"https:\/\/dicodusport.fr\/blog\/#website\"},\"primaryImageOfPage\":{\"@id\":\"https:\/\/dicodusport.fr\/blog\/triathlon-wtcs-saint-raphael-matthew-hauser-simpose-a-nouveau-dorian-coninx-4eme\/#primaryimage\"},\"image\":{\"@id\":\"https:\/\/dicodusport.fr\/blog\/triathlon-wtcs-saint-raphael-matthew-hauser-simpose-a-nouveau-dorian-coninx-4eme\/#primaryimage\"},\"thumbnailUrl\":\"https:\/\/dicodusport.fr\/blog\/wp-content\/uploads\/2025\/08\/Triathlon-WTCS-Saint-Raphael-Matthew-Hauser-simpose-a-nouveau-Dorian-Coninx-4eme-2.png\",\"datePublished\":\"2025-08-31T13:41:46+00:00\",\"dateModified\":\"2025-09-01T11:30:06+00:00\",\"description\":\"TRIATHLON WTCS 2025 - Aux avant-postes du d\u00e9but \u00e0 la fin, l'Australien Matthew Hauser s'offre une 2\u00e8me victoire cons\u00e9cutive.\",\"breadcrumb\":{\"@id\":\"https:\/\/dicodusport.fr\/blog\/triathlon-wtcs-saint-raphael-matthew-hauser-simpose-a-nouveau-dorian-coninx-4eme\/#breadcrumb\"},\"inLanguage\":\"fr-FR\",\"potentialAction\":[{\"@type\":\"ReadAction\",\"target\":[\"https:\/\/dicodusport.fr\/blog\/triathlon-wtcs-saint-raphael-matthew-hauser-simpose-a-nouveau-dorian-coninx-4eme\/\"]}]},{\"@type\":\"ImageObject\",\"inLanguage\":\"fr-FR\",\"@id\":\"https:\/\/dicodusport.fr\/blog\/triathlon-wtcs-saint-raphael-matthew-hauser-simpose-a-nouveau-dorian-coninx-4eme\/#primaryimage\",\"url\":\"https:\/\/dicodusport.fr\/blog\/wp-content\/uploads\/2025\/08\/Triathlon-WTCS-Saint-Raphael-Matthew-Hauser-simpose-a-nouveau-Dorian-Coninx-4eme-2.png\",\"contentUrl\":\"https:\/\/dicodusport.fr\/blog\/wp-content\/uploads\/2025\/08\/Triathlon-WTCS-Saint-Raphael-Matthew-Hauser-simpose-a-nouveau-Dorian-Coninx-4eme-2.png\",\"width\":1200,\"height\":674,\"caption\":\"Triathlon WTCS Saint-Rapha\u00ebl Matthew Hauser s'impose \u00e0 nouveau, Dorian Coninx 4\u00e8me\"},{\"@type\":\"BreadcrumbList\",\"@id\":\"https:\/\/dicodusport.fr\/blog\/triathlon-wtcs-saint-raphael-matthew-hauser-simpose-a-nouveau-dorian-coninx-4eme\/#breadcrumb\",\"itemListElement\":[{\"@type\":\"ListItem\",\"position\":1,\"name\":\"Accueil\",\"item\":\"https:\/\/dicodusport.fr\/blog\/\"},{\"@type\":\"ListItem\",\"position\":2,\"name\":\"Triathlon WTCS Saint-Rapha\u00ebl : Matthew Hauser s&rsquo;impose \u00e0 nouveau, Dorian Coninx 4\u00e8me\"}]},{\"@type\":\"WebSite\",\"@id\":\"https:\/\/dicodusport.fr\/blog\/#website\",\"url\":\"https:\/\/dicodusport.fr\/blog\/\",\"name\":\"Dicodusport\",\"description\":\"L&#039;encyclop\u00e9die de l&#039;actualit\u00e9 sportive\",\"publisher\":{\"@id\":\"https:\/\/dicodusport.fr\/blog\/#organization\"},\"potentialAction\":[{\"@type\":\"SearchAction\",\"target\":{\"@type\":\"EntryPoint\",\"urlTemplate\":\"https:\/\/dicodusport.fr\/blog\/?s={search_term_string}\"},\"query-input\":{\"@type\":\"PropertyValueSpecification\",\"valueRequired\":true,\"valueName\":\"search_term_string\"}}],\"inLanguage\":\"fr-FR\"},{\"@type\":\"NewsMediaOrganization\",\"@id\":\"https:\/\/dicodusport.fr\/blog\/#organization\",\"name\":\"Dicodusport\",\"url\":\"https:\/\/dicodusport.fr\/blog\/\",\"logo\":{\"@type\":\"ImageObject\",\"inLanguage\":\"fr-FR\",\"@id\":\"https:\/\/dicodusport.fr\/blog\/#\/schema\/logo\/image\/\",\"url\":\"https:\/\/dicodusport.fr\/blog\/wp-content\/uploads\/2020\/06\/cropped-LOGO-DICODUSPORT-2020-SANS-FOND-SANS-TEXTE.png\",\"contentUrl\":\"https:\/\/dicodusport.fr\/blog\/wp-content\/uploads\/2020\/06\/cropped-LOGO-DICODUSPORT-2020-SANS-FOND-SANS-TEXTE.png\",\"width\":512,\"height\":512,\"caption\":\"Dicodusport\"},\"image\":{\"@id\":\"https:\/\/dicodusport.fr\/blog\/#\/schema\/logo\/image\/\"},\"sameAs\":[\"https:\/\/www.facebook.com\/dicodusport\",\"https:\/\/x.com\/dicodusport\",\"https:\/\/www.instagram.com\/dicodusport\/\",\"https:\/\/www.youtube.com\/channel\/UC7V2KZ5sd3htJivAbA4ZG3w\"],\"description\":\"Dicodusport est l'encyclop\u00e9die de l'actualit\u00e9 sportive.\",\"email\":\"bonjour@dicodusport.fr\",\"legalName\":\"DICODUSPORT\",\"foundingDate\":\"2018-01-14\",\"vatID\":\"FR71834470973\",\"taxID\":\"83447097300043\",\"numberOfEmployees\":{\"@type\":\"QuantitativeValue\",\"minValue\":\"1\",\"maxValue\":\"10\"}},{\"@type\":\"Person\",\"@id\":\"https:\/\/dicodusport.fr\/blog\/#\/schema\/person\/54b6cdccebdfcd5a1036c594aecffc2a\",\"name\":\"Louka Lesueur\",\"image\":{\"@type\":\"ImageObject\",\"inLanguage\":\"fr-FR\",\"@id\":\"https:\/\/dicodusport.fr\/blog\/#\/schema\/person\/image\/\",\"url\":\"https:\/\/dicodusport.fr\/blog\/wp-content\/uploads\/2023\/09\/IMG_2783-150x150.jpeg\",\"contentUrl\":\"https:\/\/dicodusport.fr\/blog\/wp-content\/uploads\/2023\/09\/IMG_2783-150x150.jpeg\",\"caption\":\"Louka Lesueur\"},\"description\":\"Passionn\u00e9 depuis tout petit par les exploits de Bolt, Fourcade, Riner, Lavillenie, Wilkinson, Hirscher. Les \u00e9motions provoqu\u00e9es par le sport ont berc\u00e9 mon enfance et continuent de le faire aujourd'hui. C'est ainsi qu'il m'est arriv\u00e9 de pleurer devant la d\u00e9faite des Bleus face aux Blacks en 2011, ou encore devant le titre olympique de Florent Manaudou \u00e0 Londres. Bien loin de ce milieu professionnel, j'ai os\u00e9 tenter ma chance pour rejoindre l'\u00e9quipe de r\u00e9daction de Dicodusport, et depuis septembre 2023, je tente de retransmettre au mieux les exploits des athl\u00e8tes, tous sports confondus. Grand chauvin, c'est bel et bien sur les sportifs tricolores que je pr\u00e9f\u00e8re \u00e9crire.\",\"sameAs\":[\"https:\/\/x.com\/https:\/\/twitter.com\/LNewsSF\"],\"gender\":\"Homme\",\"worksFor\":\"Louka LESUEUR\",\"url\":\"https:\/\/dicodusport.fr\/blog\/author\/louka-lesueur\/\"}]}<\/script>\n<!-- \/ Yoast SEO Premium plugin. -->","yoast_head_json":{"title":"Triathlon WTCS Saint-Rapha\u00ebl : Matthew Hauser s'impose \u00e0 nouveau, Dorian Coninx 4\u00e8me","description":"TRIATHLON WTCS 2025 - Aux avant-postes du d\u00e9but \u00e0 la fin, l'Australien Matthew Hauser s'offre une 2\u00e8me victoire cons\u00e9cutive.","robots":{"index":"index","follow":"follow","max-snippet":"max-snippet:-1","max-image-preview":"max-image-preview:large","max-video-preview":"max-video-preview:-1"},"canonical":"https:\/\/dicodusport.fr\/blog\/triathlon-wtcs-saint-raphael-matthew-hauser-simpose-a-nouveau-dorian-coninx-4eme\/","og_locale":"fr_FR","og_type":"article","og_title":"Triathlon WTCS Saint-Rapha\u00ebl : Matthew Hauser s'impose \u00e0 nouveau, Dorian Coninx 4\u00e8me","og_description":"TRIATHLON WTCS 2025 - Aux avant-postes du d\u00e9but \u00e0 la fin, l'Australien Matthew Hauser s'offre une 2\u00e8me victoire cons\u00e9cutive.","og_url":"https:\/\/dicodusport.fr\/blog\/triathlon-wtcs-saint-raphael-matthew-hauser-simpose-a-nouveau-dorian-coninx-4eme\/","og_site_name":"Dicodusport","article_publisher":"https:\/\/www.facebook.com\/dicodusport","article_published_time":"2025-08-31T13:41:46+00:00","article_modified_time":"2025-09-01T11:30:06+00:00","og_image":[{"width":1200,"height":674,"url":"https:\/\/dicodusport.fr\/blog\/wp-content\/uploads\/2025\/08\/Triathlon-WTCS-Saint-Raphael-Matthew-Hauser-simpose-a-nouveau-Dorian-Coninx-4eme-2.png","type":"image\/png"}],"author":"Louka Lesueur","twitter_card":"summary_large_image","twitter_title":"Triathlon WTCS Saint-Rapha\u00ebl : Matthew Hauser s'impose \u00e0 nouveau, Dorian Coninx 4\u00e8me","twitter_creator":"@https:\/\/twitter.com\/LNewsSF","twitter_site":"@dicodusport","schema":{"@context":"https:\/\/schema.org","@graph":[{"@type":"NewsArticle","@id":"https:\/\/dicodusport.fr\/blog\/triathlon-wtcs-saint-raphael-matthew-hauser-simpose-a-nouveau-dorian-coninx-4eme\/#article","isPartOf":{"@id":"https:\/\/dicodusport.fr\/blog\/triathlon-wtcs-saint-raphael-matthew-hauser-simpose-a-nouveau-dorian-coninx-4eme\/"},"author":{"name":"Louka Lesueur","@id":"https:\/\/dicodusport.fr\/blog\/#\/schema\/person\/54b6cdccebdfcd5a1036c594aecffc2a"},"headline":"Triathlon WTCS Saint-Rapha\u00ebl : Matthew Hauser s&rsquo;impose \u00e0 nouveau, Dorian Coninx 4\u00e8me","datePublished":"2025-08-31T13:41:46+00:00","dateModified":"2025-09-01T11:30:06+00:00","mainEntityOfPage":{"@id":"https:\/\/dicodusport.fr\/blog\/triathlon-wtcs-saint-raphael-matthew-hauser-simpose-a-nouveau-dorian-coninx-4eme\/"},"wordCount":382,"commentCount":0,"publisher":{"@id":"https:\/\/dicodusport.fr\/blog\/#organization"},"image":{"@id":"https:\/\/dicodusport.fr\/blog\/triathlon-wtcs-saint-raphael-matthew-hauser-simpose-a-nouveau-dorian-coninx-4eme\/#primaryimage"},"thumbnailUrl":"https:\/\/dicodusport.fr\/blog\/wp-content\/uploads\/2025\/08\/Triathlon-WTCS-Saint-Raphael-Matthew-Hauser-simpose-a-nouveau-Dorian-Coninx-4eme-2.png","keywords":["br\u00e8ve","Dorian Coninx","Pierre Le Corre","triathlon","WTCS"],"articleSection":["Triathlon"],"inLanguage":"fr-FR","potentialAction":[{"@type":"CommentAction","name":"Comment","target":["https:\/\/dicodusport.fr\/blog\/triathlon-wtcs-saint-raphael-matthew-hauser-simpose-a-nouveau-dorian-coninx-4eme\/#respond"]}],"copyrightYear":"2025","copyrightHolder":{"@id":"https:\/\/dicodusport.fr\/blog\/#organization"}},{"@type":"WebPage","@id":"https:\/\/dicodusport.fr\/blog\/triathlon-wtcs-saint-raphael-matthew-hauser-simpose-a-nouveau-dorian-coninx-4eme\/","url":"https:\/\/dicodusport.fr\/blog\/triathlon-wtcs-saint-raphael-matthew-hauser-simpose-a-nouveau-dorian-coninx-4eme\/","name":"Triathlon WTCS Saint-Rapha\u00ebl : Matthew Hauser s'impose \u00e0 nouveau, Dorian Coninx 4\u00e8me","isPartOf":{"@id":"https:\/\/dicodusport.fr\/blog\/#website"},"primaryImageOfPage":{"@id":"https:\/\/dicodusport.fr\/blog\/triathlon-wtcs-saint-raphael-matthew-hauser-simpose-a-nouveau-dorian-coninx-4eme\/#primaryimage"},"image":{"@id":"https:\/\/dicodusport.fr\/blog\/triathlon-wtcs-saint-raphael-matthew-hauser-simpose-a-nouveau-dorian-coninx-4eme\/#primaryimage"},"thumbnailUrl":"https:\/\/dicodusport.fr\/blog\/wp-content\/uploads\/2025\/08\/Triathlon-WTCS-Saint-Raphael-Matthew-Hauser-simpose-a-nouveau-Dorian-Coninx-4eme-2.png","datePublished":"2025-08-31T13:41:46+00:00","dateModified":"2025-09-01T11:30:06+00:00","description":"TRIATHLON WTCS 2025 - Aux avant-postes du d\u00e9but \u00e0 la fin, l'Australien Matthew Hauser s'offre une 2\u00e8me victoire cons\u00e9cutive.","breadcrumb":{"@id":"https:\/\/dicodusport.fr\/blog\/triathlon-wtcs-saint-raphael-matthew-hauser-simpose-a-nouveau-dorian-coninx-4eme\/#breadcrumb"},"inLanguage":"fr-FR","potentialAction":[{"@type":"ReadAction","target":["https:\/\/dicodusport.fr\/blog\/triathlon-wtcs-saint-raphael-matthew-hauser-simpose-a-nouveau-dorian-coninx-4eme\/"]}]},{"@type":"ImageObject","inLanguage":"fr-FR","@id":"https:\/\/dicodusport.fr\/blog\/triathlon-wtcs-saint-raphael-matthew-hauser-simpose-a-nouveau-dorian-coninx-4eme\/#primaryimage","url":"https:\/\/dicodusport.fr\/blog\/wp-content\/uploads\/2025\/08\/Triathlon-WTCS-Saint-Raphael-Matthew-Hauser-simpose-a-nouveau-Dorian-Coninx-4eme-2.png","contentUrl":"https:\/\/dicodusport.fr\/blog\/wp-content\/uploads\/2025\/08\/Triathlon-WTCS-Saint-Raphael-Matthew-Hauser-simpose-a-nouveau-Dorian-Coninx-4eme-2.png","width":1200,"height":674,"caption":"Triathlon WTCS Saint-Rapha\u00ebl Matthew Hauser s'impose \u00e0 nouveau, Dorian Coninx 4\u00e8me"},{"@type":"BreadcrumbList","@id":"https:\/\/dicodusport.fr\/blog\/triathlon-wtcs-saint-raphael-matthew-hauser-simpose-a-nouveau-dorian-coninx-4eme\/#breadcrumb","itemListElement":[{"@type":"ListItem","position":1,"name":"Accueil","item":"https:\/\/dicodusport.fr\/blog\/"},{"@type":"ListItem","position":2,"name":"Triathlon WTCS Saint-Rapha\u00ebl : Matthew Hauser s&rsquo;impose \u00e0 nouveau, Dorian Coninx 4\u00e8me"}]},{"@type":"WebSite","@id":"https:\/\/dicodusport.fr\/blog\/#website","url":"https:\/\/dicodusport.fr\/blog\/","name":"Dicodusport","description":"L&#039;encyclop\u00e9die de l&#039;actualit\u00e9 sportive","publisher":{"@id":"https:\/\/dicodusport.fr\/blog\/#organization"},"potentialAction":[{"@type":"SearchAction","target":{"@type":"EntryPoint","urlTemplate":"https:\/\/dicodusport.fr\/blog\/?s={search_term_string}"},"query-input":{"@type":"PropertyValueSpecification","valueRequired":true,"valueName":"search_term_string"}}],"inLanguage":"fr-FR"},{"@type":"NewsMediaOrganization","@id":"https:\/\/dicodusport.fr\/blog\/#organization","name":"Dicodusport","url":"https:\/\/dicodusport.fr\/blog\/","logo":{"@type":"ImageObject","inLanguage":"fr-FR","@id":"https:\/\/dicodusport.fr\/blog\/#\/schema\/logo\/image\/","url":"https:\/\/dicodusport.fr\/blog\/wp-content\/uploads\/2020\/06\/cropped-LOGO-DICODUSPORT-2020-SANS-FOND-SANS-TEXTE.png","contentUrl":"https:\/\/dicodusport.fr\/blog\/wp-content\/uploads\/2020\/06\/cropped-LOGO-DICODUSPORT-2020-SANS-FOND-SANS-TEXTE.png","width":512,"height":512,"caption":"Dicodusport"},"image":{"@id":"https:\/\/dicodusport.fr\/blog\/#\/schema\/logo\/image\/"},"sameAs":["https:\/\/www.facebook.com\/dicodusport","https:\/\/x.com\/dicodusport","https:\/\/www.instagram.com\/dicodusport\/","https:\/\/www.youtube.com\/channel\/UC7V2KZ5sd3htJivAbA4ZG3w"],"description":"Dicodusport est l'encyclop\u00e9die de l'actualit\u00e9 sportive.","email":"bonjour@dicodusport.fr","legalName":"DICODUSPORT","foundingDate":"2018-01-14","vatID":"FR71834470973","taxID":"83447097300043","numberOfEmployees":{"@type":"QuantitativeValue","minValue":"1","maxValue":"10"}},{"@type":"Person","@id":"https:\/\/dicodusport.fr\/blog\/#\/schema\/person\/54b6cdccebdfcd5a1036c594aecffc2a","name":"Louka Lesueur","image":{"@type":"ImageObject","inLanguage":"fr-FR","@id":"https:\/\/dicodusport.fr\/blog\/#\/schema\/person\/image\/","url":"https:\/\/dicodusport.fr\/blog\/wp-content\/uploads\/2023\/09\/IMG_2783-150x150.jpeg","contentUrl":"https:\/\/dicodusport.fr\/blog\/wp-content\/uploads\/2023\/09\/IMG_2783-150x150.jpeg","caption":"Louka Lesueur"},"description":"Passionn\u00e9 depuis tout petit par les exploits de Bolt, Fourcade, Riner, Lavillenie, Wilkinson, Hirscher. Les \u00e9motions provoqu\u00e9es par le sport ont berc\u00e9 mon enfance et continuent de le faire aujourd'hui. C'est ainsi qu'il m'est arriv\u00e9 de pleurer devant la d\u00e9faite des Bleus face aux Blacks en 2011, ou encore devant le titre olympique de Florent Manaudou \u00e0 Londres. Bien loin de ce milieu professionnel, j'ai os\u00e9 tenter ma chance pour rejoindre l'\u00e9quipe de r\u00e9daction de Dicodusport, et depuis septembre 2023, je tente de retransmettre au mieux les exploits des athl\u00e8tes, tous sports confondus. Grand chauvin, c'est bel et bien sur les sportifs tricolores que je pr\u00e9f\u00e8re \u00e9crire.","sameAs":["https:\/\/x.com\/https:\/\/twitter.com\/LNewsSF"],"gender":"Homme","worksFor":"Louka LESUEUR","url":"https:\/\/dicodusport.fr\/blog\/author\/louka-lesueur\/"}]}},"_links":{"self":[{"href":"https:\/\/dicodusport.fr\/blog\/wp-json\/wp\/v2\/posts\/607255","targetHints":{"allow":["GET"]}}],"collection":[{"href":"https:\/\/dicodusport.fr\/blog\/wp-json\/wp\/v2\/posts"}],"about":[{"href":"https:\/\/dicodusport.fr\/blog\/wp-json\/wp\/v2\/types\/post"}],"author":[{"embeddable":true,"href":"https:\/\/dicodusport.fr\/blog\/wp-json\/wp\/v2\/users\/89"}],"replies":[{"embeddable":true,"href":"https:\/\/dicodusport.fr\/blog\/wp-json\/wp\/v2\/comments?post=607255"}],"version-history":[{"count":5,"href":"https:\/\/dicodusport.fr\/blog\/wp-json\/wp\/v2\/posts\/607255\/revisions"}],"predecessor-version":[{"id":607578,"href":"https:\/\/dicodusport.fr\/blog\/wp-json\/wp\/v2\/posts\/607255\/revisions\/607578"}],"wp:featuredmedia":[{"embeddable":true,"href":"https:\/\/dicodusport.fr\/blog\/wp-json\/wp\/v2\/media\/607577"}],"wp:attachment":[{"href":"https:\/\/dicodusport.fr\/blog\/wp-json\/wp\/v2\/media?parent=607255"}],"wp:term":[{"taxonomy":"category","embeddable":true,"href":"https:\/\/dicodusport.fr\/blog\/wp-json\/wp\/v2\/categories?post=607255"},{"taxonomy":"post_tag","embeddable":true,"href":"https:\/\/dicodusport.fr\/blog\/wp-json\/wp\/v2\/tags?post=607255"}],"curies":[{"name":"wp","href":"https:\/\/api.w.org\/{rel}","templated":true}]}}