{"id":60735,"date":"2020-02-20T20:12:44","date_gmt":"2020-02-20T19:12:44","guid":{"rendered":"http:\/\/dicodusport.fr\/blog\/?p=60735&#038;preview=true&#038;preview_id=60735"},"modified":"2020-02-20T21:28:03","modified_gmt":"2020-02-20T20:28:03","slug":"tour-alpes-maritimes-var-2020-profil-des-etapes","status":"publish","type":"post","link":"https:\/\/dicodusport.fr\/blog\/tour-alpes-maritimes-var-2020-profil-des-etapes\/","title":{"rendered":"Tour des Alpes-Maritimes et du Var 2020 : le profil des \u00e9tapes"},"content":{"rendered":"<p style=\"text-align: justify;\"><b><i>Le <a href=\"https:\/\/www.procyclingstats.com\/race\/tour-du-haut-var\/2020\/stage-3\/overview\" target=\"_blank\" rel=\"noopener noreferrer\">Tour des Alpes-Maritimes et du Var<\/a> d\u00e9marre ce vendredi au Cannet. D\u00e9couvrez le profil des trois \u00e9tapes.<\/i><\/b><\/p>\n<h2 style=\"text-align: justify;\">1\u00e8re \u00e9tape : Le Cannet &#8211; Grasse (Vendredi 21 f\u00e9vrier)<\/h2>\n<div id=\"attachment_60746\" style=\"width: 1460px\" class=\"wp-caption aligncenter\"><a href=\"http:\/\/dicodusport.fr\/blog\/wp-content\/uploads\/2020\/02\/Profil-1\u00e8re-\u00e9tape-\u00c9toile-de-Bess\u00e8ges-2020.jpg\"><img loading=\"lazy\" decoding=\"async\" aria-describedby=\"caption-attachment-60746\" class=\"wp-image-60746 size-full\" src=\"http:\/\/dicodusport.fr\/blog\/wp-content\/uploads\/2020\/02\/Profil-1\u00e8re-du-Tour-des-Alpes-Maritimes-et-du-Var-2020.jpg\" alt=\"\" width=\"1450\" height=\"625\" srcset=\"https:\/\/dicodusport.fr\/blog\/wp-content\/uploads\/2020\/02\/Profil-1\u00e8re-du-Tour-des-Alpes-Maritimes-et-du-Var-2020.jpg 1450w, https:\/\/dicodusport.fr\/blog\/wp-content\/uploads\/2020\/02\/Profil-1\u00e8re-du-Tour-des-Alpes-Maritimes-et-du-Var-2020-300x129.jpg 300w, https:\/\/dicodusport.fr\/blog\/wp-content\/uploads\/2020\/02\/Profil-1\u00e8re-du-Tour-des-Alpes-Maritimes-et-du-Var-2020-1024x441.jpg 1024w, https:\/\/dicodusport.fr\/blog\/wp-content\/uploads\/2020\/02\/Profil-1\u00e8re-du-Tour-des-Alpes-Maritimes-et-du-Var-2020-768x331.jpg 768w\" sizes=\"auto, (max-width: 1450px) 100vw, 1450px\" \/><\/a><p id=\"caption-attachment-60746\" class=\"wp-caption-text\">Profil 1\u00e8re du Tour des Alpes-Maritimes et du Var 2020<\/p><\/div>\n<p style=\"text-align: center;\"><a href=\"http:\/\/dicodusport.fr\/blog\/tour-alpes-maritimes-var-2020-profil-des-etapes\/2\/#deux\" class=\"su-button su-button-style-flat\" style=\"color:#FFFFFF;background-color:#005f9b;border-color:#004c7c;border-radius:4px\" target=\"_self\"><span style=\"color:#FFFFFF;padding:0px 20px;font-size:16px;line-height:32px;border-color:#4d8fb9;border-radius:4px;text-shadow:none\"> Deuxi\u00e8me \u00e9tape<\/span><\/a><!--nextpage--><\/p>\n<h2 style=\"text-align: justify;\"><a id=\"deux\"><\/a>2\u00e8me \u00e9tape : P\u00e9gomas &#8211; Col d\u2019Eze (175,7 km) (Samedi 22 f\u00e9vrier)<\/h2>\n<div id=\"attachment_60747\" style=\"width: 1460px\" class=\"wp-caption aligncenter\"><a href=\"http:\/\/dicodusport.fr\/blog\/wp-content\/uploads\/2020\/02\/Profil-2\u00e8me-\u00e9tape-\u00c9toile-de-Bess\u00e8ges-2020.jpg\"><img loading=\"lazy\" decoding=\"async\" aria-describedby=\"caption-attachment-60747\" class=\"wp-image-60747 size-full\" src=\"http:\/\/dicodusport.fr\/blog\/wp-content\/uploads\/2020\/02\/Profil-2\u00e8me-du-Tour-des-Alpes-Maritimes-et-du-Var-2020.jpg\" alt=\"\" width=\"1450\" height=\"625\" srcset=\"https:\/\/dicodusport.fr\/blog\/wp-content\/uploads\/2020\/02\/Profil-2\u00e8me-du-Tour-des-Alpes-Maritimes-et-du-Var-2020.jpg 1450w, https:\/\/dicodusport.fr\/blog\/wp-content\/uploads\/2020\/02\/Profil-2\u00e8me-du-Tour-des-Alpes-Maritimes-et-du-Var-2020-300x129.jpg 300w, https:\/\/dicodusport.fr\/blog\/wp-content\/uploads\/2020\/02\/Profil-2\u00e8me-du-Tour-des-Alpes-Maritimes-et-du-Var-2020-1024x441.jpg 1024w, https:\/\/dicodusport.fr\/blog\/wp-content\/uploads\/2020\/02\/Profil-2\u00e8me-du-Tour-des-Alpes-Maritimes-et-du-Var-2020-768x331.jpg 768w\" sizes=\"auto, (max-width: 1450px) 100vw, 1450px\" \/><\/a><p id=\"caption-attachment-60747\" class=\"wp-caption-text\">Profil 2\u00e8me du Tour des Alpes-Maritimes et du Var 2020<\/p><\/div>\n<p style=\"text-align: center;\"><a href=\"http:\/\/dicodusport.fr\/blog\/tour-alpes-maritimes-var-2020-profil-des-etapes\/3\/#trois\" class=\"su-button su-button-style-flat\" style=\"color:#FFFFFF;background-color:#005f9b;border-color:#004c7c;border-radius:4px\" target=\"_self\"><span style=\"color:#FFFFFF;padding:0px 20px;font-size:16px;line-height:32px;border-color:#4d8fb9;border-radius:4px;text-shadow:none\"> Troisi\u00e8me \u00e9tape<\/span><\/a>\n<p><!--nextpage--><\/p>\n<h2 style=\"text-align: justify;\"><a id=\"trois\"><\/a>3\u00e8me \u00e9tape : La Londe-des-Maures &#8211; Toulon Mont Faron (Dimanche 23 f\u00e9vrier)<\/h2>\n<div id=\"attachment_60748\" style=\"width: 1460px\" class=\"wp-caption aligncenter\"><a href=\"http:\/\/dicodusport.fr\/blog\/wp-content\/uploads\/2020\/02\/Profil-3\u00e8me-\u00e9tape-\u00c9toile-de-Bess\u00e8ges-2020.jpg\"><img loading=\"lazy\" decoding=\"async\" aria-describedby=\"caption-attachment-60748\" class=\"wp-image-60748 size-full\" src=\"http:\/\/dicodusport.fr\/blog\/wp-content\/uploads\/2020\/02\/Profil-3\u00e8me-du-Tour-des-Alpes-Maritimes-et-du-Var-2020.jpg\" alt=\"\" width=\"1450\" height=\"625\" srcset=\"https:\/\/dicodusport.fr\/blog\/wp-content\/uploads\/2020\/02\/Profil-3\u00e8me-du-Tour-des-Alpes-Maritimes-et-du-Var-2020.jpg 1450w, https:\/\/dicodusport.fr\/blog\/wp-content\/uploads\/2020\/02\/Profil-3\u00e8me-du-Tour-des-Alpes-Maritimes-et-du-Var-2020-300x129.jpg 300w, https:\/\/dicodusport.fr\/blog\/wp-content\/uploads\/2020\/02\/Profil-3\u00e8me-du-Tour-des-Alpes-Maritimes-et-du-Var-2020-1024x441.jpg 1024w, https:\/\/dicodusport.fr\/blog\/wp-content\/uploads\/2020\/02\/Profil-3\u00e8me-du-Tour-des-Alpes-Maritimes-et-du-Var-2020-768x331.jpg 768w\" sizes=\"auto, (max-width: 1450px) 100vw, 1450px\" \/><\/a><p id=\"caption-attachment-60748\" class=\"wp-caption-text\">Profil 3\u00e8me du Tour des Alpes-Maritimes et du Var 2020<\/p><\/div>\n<p style=\"text-align: center;\"><a href=\"http:\/\/dicodusport.fr\/blog\/tour-alpes-maritimes-var-2020-profil-des-etapes\/4\/#quatre\" class=\"su-button su-button-style-flat\" style=\"color:#FFFFFF;background-color:#005f9b;border-color:#004c7c;border-radius:4px\" target=\"_self\"><span style=\"color:#FFFFFF;padding:0px 20px;font-size:16px;line-height:32px;border-color:#4d8fb9;border-radius:4px;text-shadow:none\"> Revenir au d\u00e9but<\/span><\/a>\n<p><strong><em>Dicodusport<br \/>\n<a href=\"https:\/\/www.facebook.com\/dicodusport\/\" target=\"_blank\" rel=\"noopener noreferrer\"><img loading=\"lazy\" decoding=\"async\" class=\"alignnone wp-image-2909\" src=\"http:\/\/dicodusport.fr\/blog\/wp-content\/uploads\/2017\/07\/logo-facebook-150x150.png\" alt=\"\" width=\"40\" height=\"40\" \/><\/a><a href=\"https:\/\/twitter.com\/dicodusport\" target=\"_blank\" rel=\"noopener noreferrer\"><img loading=\"lazy\" decoding=\"async\" class=\"alignnone wp-image-2908\" src=\"http:\/\/dicodusport.fr\/blog\/wp-content\/uploads\/2017\/07\/logo-twitter-150x150.png\" alt=\"\" width=\"39\" height=\"39\" \/><\/a><\/em><\/strong><\/p>\n<p>&nbsp;<\/p>\n<p style=\"text-align: center;\">\n","protected":false},"excerpt":{"rendered":"<p>Le Tour des Alpes-Maritimes et du Var d\u00e9marre ce vendredi au Cannet. D\u00e9couvrez le profil des trois \u00e9tapes.<\/p>\n","protected":false},"author":1,"featured_media":60749,"comment_status":"open","ping_status":"closed","sticky":false,"template":"","format":"standard","meta":{"_acf_changed":false,"_daextam_enable_autolinks":"","footnotes":""},"categories":[2307],"tags":[574,9982],"class_list":["post-60735","post","type-post","status-publish","format-standard","has-post-thumbnail","hentry","category-cyclisme","tag-cyclisme","tag-tour-des-alpes-maritimes-et-du-var"],"acf":[],"yoast_head":"<!-- This site is optimized with the Yoast SEO Premium plugin v26.7 (Yoast SEO v26.7) - https:\/\/yoast.com\/wordpress\/plugins\/seo\/ -->\n<title>Tour des Alpes-Maritimes et du Var 2020 : le profil des \u00e9tapes<\/title>\n<meta name=\"description\" content=\"Le Tour des Alpes-Maritimes et du Var 2020 d\u00e9marre ce vendredi au Cannet. D\u00e9couvrez le profil des trois \u00e9tapes au programme.\" \/>\n<meta name=\"robots\" content=\"index, follow, max-snippet:-1, max-image-preview:large, max-video-preview:-1\" \/>\n<link rel=\"canonical\" href=\"https:\/\/dicodusport.fr\/blog\/tour-alpes-maritimes-var-2020-profil-des-etapes\/\" \/>\n<link rel=\"next\" href=\"https:\/\/dicodusport.fr\/blog\/tour-alpes-maritimes-var-2020-profil-des-etapes\/2\/\" \/>\n<meta property=\"og:locale\" content=\"fr_FR\" \/>\n<meta property=\"og:type\" content=\"article\" \/>\n<meta property=\"og:title\" content=\"Tour des Alpes-Maritimes et du Var 2020 : le profil des \u00e9tapes\" \/>\n<meta property=\"og:description\" content=\"Le Tour des Alpes-Maritimes et du Var 2020 d\u00e9marre ce vendredi au Cannet. D\u00e9couvrez le profil des trois \u00e9tapes au programme.\" \/>\n<meta property=\"og:url\" content=\"https:\/\/dicodusport.fr\/blog\/tour-alpes-maritimes-var-2020-profil-des-etapes\/\" \/>\n<meta property=\"og:site_name\" content=\"Dicodusport\" \/>\n<meta property=\"article:publisher\" content=\"https:\/\/www.facebook.com\/dicodusport\" \/>\n<meta property=\"article:author\" content=\"https:\/\/www.facebook.com\/dicodusport\" \/>\n<meta property=\"article:published_time\" content=\"2020-02-20T19:12:44+00:00\" \/>\n<meta property=\"article:modified_time\" content=\"2020-02-20T20:28:03+00:00\" \/>\n<meta property=\"og:image\" content=\"https:\/\/dicodusport.fr\/blog\/wp-content\/uploads\/2020\/02\/Tour-des-Alpes-Maritimes-et-du-Var-2020-Le-profil-des-\u00e9tapes-.png\" \/>\n\t<meta property=\"og:image:width\" content=\"800\" \/>\n\t<meta property=\"og:image:height\" content=\"445\" \/>\n\t<meta property=\"og:image:type\" content=\"image\/png\" \/>\n<meta name=\"author\" content=\"Nicolas Jacquemard\" \/>\n<meta name=\"twitter:card\" content=\"summary_large_image\" \/>\n<meta name=\"twitter:title\" content=\"Tour des Alpes-Maritimes et du Var 2020 : le profil des \u00e9tapes\" \/>\n<meta name=\"twitter:creator\" content=\"@https:\/\/twitter.com\/Nico_Jacquemard\" \/>\n<meta name=\"twitter:site\" content=\"@dicodusport\" \/>\n<script type=\"application\/ld+json\" class=\"yoast-schema-graph\">{\"@context\":\"https:\/\/schema.org\",\"@graph\":[{\"@type\":\"NewsArticle\",\"@id\":\"https:\/\/dicodusport.fr\/blog\/tour-alpes-maritimes-var-2020-profil-des-etapes\/#article\",\"isPartOf\":{\"@id\":\"https:\/\/dicodusport.fr\/blog\/tour-alpes-maritimes-var-2020-profil-des-etapes\/\"},\"author\":{\"name\":\"Nicolas Jacquemard\",\"@id\":\"https:\/\/dicodusport.fr\/blog\/#\/schema\/person\/55dcb50ad410894e431ed812bbb70191\"},\"headline\":\"Tour des Alpes-Maritimes et du Var 2020 : le profil des \u00e9tapes\",\"datePublished\":\"2020-02-20T19:12:44+00:00\",\"dateModified\":\"2020-02-20T20:28:03+00:00\",\"mainEntityOfPage\":{\"@id\":\"https:\/\/dicodusport.fr\/blog\/tour-alpes-maritimes-var-2020-profil-des-etapes\/\"},\"wordCount\":179,\"commentCount\":0,\"publisher\":{\"@id\":\"https:\/\/dicodusport.fr\/blog\/#organization\"},\"image\":{\"@id\":\"https:\/\/dicodusport.fr\/blog\/tour-alpes-maritimes-var-2020-profil-des-etapes\/#primaryimage\"},\"thumbnailUrl\":\"https:\/\/dicodusport.fr\/blog\/wp-content\/uploads\/2020\/02\/Tour-des-Alpes-Maritimes-et-du-Var-2020-Le-profil-des-\u00e9tapes-.png\",\"keywords\":[\"Cyclisme\",\"Tour des Alpes-Maritimes et du Var\"],\"articleSection\":[\"Cyclisme\"],\"inLanguage\":\"fr-FR\",\"potentialAction\":[{\"@type\":\"CommentAction\",\"name\":\"Comment\",\"target\":[\"https:\/\/dicodusport.fr\/blog\/tour-alpes-maritimes-var-2020-profil-des-etapes\/#respond\"]}],\"copyrightYear\":\"2020\",\"copyrightHolder\":{\"@id\":\"https:\/\/dicodusport.fr\/blog\/#organization\"}},{\"@type\":\"WebPage\",\"@id\":\"https:\/\/dicodusport.fr\/blog\/tour-alpes-maritimes-var-2020-profil-des-etapes\/\",\"url\":\"https:\/\/dicodusport.fr\/blog\/tour-alpes-maritimes-var-2020-profil-des-etapes\/\",\"name\":\"Tour des Alpes-Maritimes et du Var 2020 : le profil des \u00e9tapes\",\"isPartOf\":{\"@id\":\"https:\/\/dicodusport.fr\/blog\/#website\"},\"primaryImageOfPage\":{\"@id\":\"https:\/\/dicodusport.fr\/blog\/tour-alpes-maritimes-var-2020-profil-des-etapes\/#primaryimage\"},\"image\":{\"@id\":\"https:\/\/dicodusport.fr\/blog\/tour-alpes-maritimes-var-2020-profil-des-etapes\/#primaryimage\"},\"thumbnailUrl\":\"https:\/\/dicodusport.fr\/blog\/wp-content\/uploads\/2020\/02\/Tour-des-Alpes-Maritimes-et-du-Var-2020-Le-profil-des-\u00e9tapes-.png\",\"datePublished\":\"2020-02-20T19:12:44+00:00\",\"dateModified\":\"2020-02-20T20:28:03+00:00\",\"description\":\"Le Tour des Alpes-Maritimes et du Var 2020 d\u00e9marre ce vendredi au Cannet. D\u00e9couvrez le profil des trois \u00e9tapes au programme.\",\"inLanguage\":\"fr-FR\",\"potentialAction\":[{\"@type\":\"ReadAction\",\"target\":[\"https:\/\/dicodusport.fr\/blog\/tour-alpes-maritimes-var-2020-profil-des-etapes\/\"]}]},{\"@type\":\"ImageObject\",\"inLanguage\":\"fr-FR\",\"@id\":\"https:\/\/dicodusport.fr\/blog\/tour-alpes-maritimes-var-2020-profil-des-etapes\/#primaryimage\",\"url\":\"https:\/\/dicodusport.fr\/blog\/wp-content\/uploads\/2020\/02\/Tour-des-Alpes-Maritimes-et-du-Var-2020-Le-profil-des-\u00e9tapes-.png\",\"contentUrl\":\"https:\/\/dicodusport.fr\/blog\/wp-content\/uploads\/2020\/02\/Tour-des-Alpes-Maritimes-et-du-Var-2020-Le-profil-des-\u00e9tapes-.png\",\"width\":800,\"height\":445,\"caption\":\"Tour des Alpes-Maritimes et du Var 2020 - Le profil des \u00e9tapes\"},{\"@type\":\"WebSite\",\"@id\":\"https:\/\/dicodusport.fr\/blog\/#website\",\"url\":\"https:\/\/dicodusport.fr\/blog\/\",\"name\":\"Dicodusport\",\"description\":\"L&#039;encyclop\u00e9die de l&#039;actualit\u00e9 sportive\",\"publisher\":{\"@id\":\"https:\/\/dicodusport.fr\/blog\/#organization\"},\"potentialAction\":[{\"@type\":\"SearchAction\",\"target\":{\"@type\":\"EntryPoint\",\"urlTemplate\":\"https:\/\/dicodusport.fr\/blog\/?s={search_term_string}\"},\"query-input\":{\"@type\":\"PropertyValueSpecification\",\"valueRequired\":true,\"valueName\":\"search_term_string\"}}],\"inLanguage\":\"fr-FR\"},{\"@type\":\"NewsMediaOrganization\",\"@id\":\"https:\/\/dicodusport.fr\/blog\/#organization\",\"name\":\"Dicodusport\",\"url\":\"https:\/\/dicodusport.fr\/blog\/\",\"logo\":{\"@type\":\"ImageObject\",\"inLanguage\":\"fr-FR\",\"@id\":\"https:\/\/dicodusport.fr\/blog\/#\/schema\/logo\/image\/\",\"url\":\"https:\/\/dicodusport.fr\/blog\/wp-content\/uploads\/2020\/06\/cropped-LOGO-DICODUSPORT-2020-SANS-FOND-SANS-TEXTE.png\",\"contentUrl\":\"https:\/\/dicodusport.fr\/blog\/wp-content\/uploads\/2020\/06\/cropped-LOGO-DICODUSPORT-2020-SANS-FOND-SANS-TEXTE.png\",\"width\":512,\"height\":512,\"caption\":\"Dicodusport\"},\"image\":{\"@id\":\"https:\/\/dicodusport.fr\/blog\/#\/schema\/logo\/image\/\"},\"sameAs\":[\"https:\/\/www.facebook.com\/dicodusport\",\"https:\/\/x.com\/dicodusport\",\"https:\/\/www.instagram.com\/dicodusport\/\",\"https:\/\/www.youtube.com\/channel\/UC7V2KZ5sd3htJivAbA4ZG3w\"],\"description\":\"Dicodusport est l'encyclop\u00e9die de l'actualit\u00e9 sportive.\",\"email\":\"bonjour@dicodusport.fr\",\"legalName\":\"DICODUSPORT\",\"foundingDate\":\"2018-01-14\",\"vatID\":\"FR71834470973\",\"taxID\":\"83447097300043\",\"numberOfEmployees\":{\"@type\":\"QuantitativeValue\",\"minValue\":\"1\",\"maxValue\":\"10\"}},{\"@type\":\"Person\",\"@id\":\"https:\/\/dicodusport.fr\/blog\/#\/schema\/person\/55dcb50ad410894e431ed812bbb70191\",\"name\":\"Nicolas Jacquemard\",\"image\":{\"@type\":\"ImageObject\",\"inLanguage\":\"fr-FR\",\"@id\":\"https:\/\/dicodusport.fr\/blog\/#\/schema\/person\/image\/\",\"url\":\"https:\/\/dicodusport.fr\/blog\/wp-content\/uploads\/2021\/05\/Nicolas-Jacquemard-150x150.jpeg\",\"contentUrl\":\"https:\/\/dicodusport.fr\/blog\/wp-content\/uploads\/2021\/05\/Nicolas-Jacquemard-150x150.jpeg\",\"caption\":\"Nicolas Jacquemard\"},\"description\":\"Passionn\u00e9 de sport et entrepreneur depuis mes 18 ans, la cr\u00e9ation de Dicodusport m'a sembl\u00e9 \u00e9vidente pour participer \u00e0 la m\u00e9diatisation d'un plus grand nombre de sports. Le chemin est long mais avec une \u00e9quipe des plus motiv\u00e9es et les Jeux Olympiques de Paris 2024 en point de mire, nous y arriverons ! Journaliste dans le monde du sport depuis plus de 5 ans, je traite aussi bien de football, de rugby, de biathlon que de cyclisme.\",\"sameAs\":[\"https:\/\/www.facebook.com\/dicodusport\",\"https:\/\/x.com\/https:\/\/twitter.com\/Nico_Jacquemard\"],\"url\":\"https:\/\/dicodusport.fr\/blog\/author\/dicodusport\/\"}]}<\/script>\n<!-- \/ Yoast SEO Premium plugin. -->","yoast_head_json":{"title":"Tour des Alpes-Maritimes et du Var 2020 : le profil des \u00e9tapes","description":"Le Tour des Alpes-Maritimes et du Var 2020 d\u00e9marre ce vendredi au Cannet. D\u00e9couvrez le profil des trois \u00e9tapes au programme.","robots":{"index":"index","follow":"follow","max-snippet":"max-snippet:-1","max-image-preview":"max-image-preview:large","max-video-preview":"max-video-preview:-1"},"canonical":"https:\/\/dicodusport.fr\/blog\/tour-alpes-maritimes-var-2020-profil-des-etapes\/","next":"https:\/\/dicodusport.fr\/blog\/tour-alpes-maritimes-var-2020-profil-des-etapes\/2\/","og_locale":"fr_FR","og_type":"article","og_title":"Tour des Alpes-Maritimes et du Var 2020 : le profil des \u00e9tapes","og_description":"Le Tour des Alpes-Maritimes et du Var 2020 d\u00e9marre ce vendredi au Cannet. D\u00e9couvrez le profil des trois \u00e9tapes au programme.","og_url":"https:\/\/dicodusport.fr\/blog\/tour-alpes-maritimes-var-2020-profil-des-etapes\/","og_site_name":"Dicodusport","article_publisher":"https:\/\/www.facebook.com\/dicodusport","article_author":"https:\/\/www.facebook.com\/dicodusport","article_published_time":"2020-02-20T19:12:44+00:00","article_modified_time":"2020-02-20T20:28:03+00:00","og_image":[{"width":800,"height":445,"url":"https:\/\/dicodusport.fr\/blog\/wp-content\/uploads\/2020\/02\/Tour-des-Alpes-Maritimes-et-du-Var-2020-Le-profil-des-\u00e9tapes-.png","type":"image\/png"}],"author":"Nicolas Jacquemard","twitter_card":"summary_large_image","twitter_title":"Tour des Alpes-Maritimes et du Var 2020 : le profil des \u00e9tapes","twitter_creator":"@https:\/\/twitter.com\/Nico_Jacquemard","twitter_site":"@dicodusport","schema":{"@context":"https:\/\/schema.org","@graph":[{"@type":"NewsArticle","@id":"https:\/\/dicodusport.fr\/blog\/tour-alpes-maritimes-var-2020-profil-des-etapes\/#article","isPartOf":{"@id":"https:\/\/dicodusport.fr\/blog\/tour-alpes-maritimes-var-2020-profil-des-etapes\/"},"author":{"name":"Nicolas Jacquemard","@id":"https:\/\/dicodusport.fr\/blog\/#\/schema\/person\/55dcb50ad410894e431ed812bbb70191"},"headline":"Tour des Alpes-Maritimes et du Var 2020 : le profil des \u00e9tapes","datePublished":"2020-02-20T19:12:44+00:00","dateModified":"2020-02-20T20:28:03+00:00","mainEntityOfPage":{"@id":"https:\/\/dicodusport.fr\/blog\/tour-alpes-maritimes-var-2020-profil-des-etapes\/"},"wordCount":179,"commentCount":0,"publisher":{"@id":"https:\/\/dicodusport.fr\/blog\/#organization"},"image":{"@id":"https:\/\/dicodusport.fr\/blog\/tour-alpes-maritimes-var-2020-profil-des-etapes\/#primaryimage"},"thumbnailUrl":"https:\/\/dicodusport.fr\/blog\/wp-content\/uploads\/2020\/02\/Tour-des-Alpes-Maritimes-et-du-Var-2020-Le-profil-des-\u00e9tapes-.png","keywords":["Cyclisme","Tour des Alpes-Maritimes et du Var"],"articleSection":["Cyclisme"],"inLanguage":"fr-FR","potentialAction":[{"@type":"CommentAction","name":"Comment","target":["https:\/\/dicodusport.fr\/blog\/tour-alpes-maritimes-var-2020-profil-des-etapes\/#respond"]}],"copyrightYear":"2020","copyrightHolder":{"@id":"https:\/\/dicodusport.fr\/blog\/#organization"}},{"@type":"WebPage","@id":"https:\/\/dicodusport.fr\/blog\/tour-alpes-maritimes-var-2020-profil-des-etapes\/","url":"https:\/\/dicodusport.fr\/blog\/tour-alpes-maritimes-var-2020-profil-des-etapes\/","name":"Tour des Alpes-Maritimes et du Var 2020 : le profil des \u00e9tapes","isPartOf":{"@id":"https:\/\/dicodusport.fr\/blog\/#website"},"primaryImageOfPage":{"@id":"https:\/\/dicodusport.fr\/blog\/tour-alpes-maritimes-var-2020-profil-des-etapes\/#primaryimage"},"image":{"@id":"https:\/\/dicodusport.fr\/blog\/tour-alpes-maritimes-var-2020-profil-des-etapes\/#primaryimage"},"thumbnailUrl":"https:\/\/dicodusport.fr\/blog\/wp-content\/uploads\/2020\/02\/Tour-des-Alpes-Maritimes-et-du-Var-2020-Le-profil-des-\u00e9tapes-.png","datePublished":"2020-02-20T19:12:44+00:00","dateModified":"2020-02-20T20:28:03+00:00","description":"Le Tour des Alpes-Maritimes et du Var 2020 d\u00e9marre ce vendredi au Cannet. D\u00e9couvrez le profil des trois \u00e9tapes au programme.","inLanguage":"fr-FR","potentialAction":[{"@type":"ReadAction","target":["https:\/\/dicodusport.fr\/blog\/tour-alpes-maritimes-var-2020-profil-des-etapes\/"]}]},{"@type":"ImageObject","inLanguage":"fr-FR","@id":"https:\/\/dicodusport.fr\/blog\/tour-alpes-maritimes-var-2020-profil-des-etapes\/#primaryimage","url":"https:\/\/dicodusport.fr\/blog\/wp-content\/uploads\/2020\/02\/Tour-des-Alpes-Maritimes-et-du-Var-2020-Le-profil-des-\u00e9tapes-.png","contentUrl":"https:\/\/dicodusport.fr\/blog\/wp-content\/uploads\/2020\/02\/Tour-des-Alpes-Maritimes-et-du-Var-2020-Le-profil-des-\u00e9tapes-.png","width":800,"height":445,"caption":"Tour des Alpes-Maritimes et du Var 2020 - Le profil des \u00e9tapes"},{"@type":"WebSite","@id":"https:\/\/dicodusport.fr\/blog\/#website","url":"https:\/\/dicodusport.fr\/blog\/","name":"Dicodusport","description":"L&#039;encyclop\u00e9die de l&#039;actualit\u00e9 sportive","publisher":{"@id":"https:\/\/dicodusport.fr\/blog\/#organization"},"potentialAction":[{"@type":"SearchAction","target":{"@type":"EntryPoint","urlTemplate":"https:\/\/dicodusport.fr\/blog\/?s={search_term_string}"},"query-input":{"@type":"PropertyValueSpecification","valueRequired":true,"valueName":"search_term_string"}}],"inLanguage":"fr-FR"},{"@type":"NewsMediaOrganization","@id":"https:\/\/dicodusport.fr\/blog\/#organization","name":"Dicodusport","url":"https:\/\/dicodusport.fr\/blog\/","logo":{"@type":"ImageObject","inLanguage":"fr-FR","@id":"https:\/\/dicodusport.fr\/blog\/#\/schema\/logo\/image\/","url":"https:\/\/dicodusport.fr\/blog\/wp-content\/uploads\/2020\/06\/cropped-LOGO-DICODUSPORT-2020-SANS-FOND-SANS-TEXTE.png","contentUrl":"https:\/\/dicodusport.fr\/blog\/wp-content\/uploads\/2020\/06\/cropped-LOGO-DICODUSPORT-2020-SANS-FOND-SANS-TEXTE.png","width":512,"height":512,"caption":"Dicodusport"},"image":{"@id":"https:\/\/dicodusport.fr\/blog\/#\/schema\/logo\/image\/"},"sameAs":["https:\/\/www.facebook.com\/dicodusport","https:\/\/x.com\/dicodusport","https:\/\/www.instagram.com\/dicodusport\/","https:\/\/www.youtube.com\/channel\/UC7V2KZ5sd3htJivAbA4ZG3w"],"description":"Dicodusport est l'encyclop\u00e9die de l'actualit\u00e9 sportive.","email":"bonjour@dicodusport.fr","legalName":"DICODUSPORT","foundingDate":"2018-01-14","vatID":"FR71834470973","taxID":"83447097300043","numberOfEmployees":{"@type":"QuantitativeValue","minValue":"1","maxValue":"10"}},{"@type":"Person","@id":"https:\/\/dicodusport.fr\/blog\/#\/schema\/person\/55dcb50ad410894e431ed812bbb70191","name":"Nicolas Jacquemard","image":{"@type":"ImageObject","inLanguage":"fr-FR","@id":"https:\/\/dicodusport.fr\/blog\/#\/schema\/person\/image\/","url":"https:\/\/dicodusport.fr\/blog\/wp-content\/uploads\/2021\/05\/Nicolas-Jacquemard-150x150.jpeg","contentUrl":"https:\/\/dicodusport.fr\/blog\/wp-content\/uploads\/2021\/05\/Nicolas-Jacquemard-150x150.jpeg","caption":"Nicolas Jacquemard"},"description":"Passionn\u00e9 de sport et entrepreneur depuis mes 18 ans, la cr\u00e9ation de Dicodusport m'a sembl\u00e9 \u00e9vidente pour participer \u00e0 la m\u00e9diatisation d'un plus grand nombre de sports. Le chemin est long mais avec une \u00e9quipe des plus motiv\u00e9es et les Jeux Olympiques de Paris 2024 en point de mire, nous y arriverons ! Journaliste dans le monde du sport depuis plus de 5 ans, je traite aussi bien de football, de rugby, de biathlon que de cyclisme.","sameAs":["https:\/\/www.facebook.com\/dicodusport","https:\/\/x.com\/https:\/\/twitter.com\/Nico_Jacquemard"],"url":"https:\/\/dicodusport.fr\/blog\/author\/dicodusport\/"}]}},"_links":{"self":[{"href":"https:\/\/dicodusport.fr\/blog\/wp-json\/wp\/v2\/posts\/60735","targetHints":{"allow":["GET"]}}],"collection":[{"href":"https:\/\/dicodusport.fr\/blog\/wp-json\/wp\/v2\/posts"}],"about":[{"href":"https:\/\/dicodusport.fr\/blog\/wp-json\/wp\/v2\/types\/post"}],"author":[{"embeddable":true,"href":"https:\/\/dicodusport.fr\/blog\/wp-json\/wp\/v2\/users\/1"}],"replies":[{"embeddable":true,"href":"https:\/\/dicodusport.fr\/blog\/wp-json\/wp\/v2\/comments?post=60735"}],"version-history":[{"count":0,"href":"https:\/\/dicodusport.fr\/blog\/wp-json\/wp\/v2\/posts\/60735\/revisions"}],"wp:featuredmedia":[{"embeddable":true,"href":"https:\/\/dicodusport.fr\/blog\/wp-json\/wp\/v2\/media\/60749"}],"wp:attachment":[{"href":"https:\/\/dicodusport.fr\/blog\/wp-json\/wp\/v2\/media?parent=60735"}],"wp:term":[{"taxonomy":"category","embeddable":true,"href":"https:\/\/dicodusport.fr\/blog\/wp-json\/wp\/v2\/categories?post=60735"},{"taxonomy":"post_tag","embeddable":true,"href":"https:\/\/dicodusport.fr\/blog\/wp-json\/wp\/v2\/tags?post=60735"}],"curies":[{"name":"wp","href":"https:\/\/api.w.org\/{rel}","templated":true}]}}