{"id":607549,"date":"2025-09-01T09:40:09","date_gmt":"2025-09-01T07:40:09","guid":{"rendered":"https:\/\/dicodusport.fr\/blog\/?p=607549&#038;preview=true&#038;preview_id=607549"},"modified":"2025-09-01T09:40:09","modified_gmt":"2025-09-01T07:40:09","slug":"transferts-om-chancel-mbemba-va-rebondir-en-ligue-1","status":"publish","type":"post","link":"https:\/\/dicodusport.fr\/blog\/transferts-om-chancel-mbemba-va-rebondir-en-ligue-1\/","title":{"rendered":"Transferts OM : Chancel Mbemba va rebondir en Ligue 1"},"content":{"rendered":"<p style=\"text-align: justify;\"><strong><em>TRANSFERTS FOOTBALL &#8211; Selon Le Petit Lillois, Le LOSC devrait boucler la venue de Chancel Mbemba (ex-OM) dans les derni\u00e8res heures du mercato.<\/em><\/strong><\/p>\n<ul style=\"text-align: justify;\">\n<li><strong>\u00c0 ce sujet \u2013\u00a0<a href=\"https:\/\/dicodusport.fr\/blog\/transferts-om-adrien-rabiot-quitte-marseille-pour-le-milan-ac\/\" target=\"_blank\" rel=\"noopener\">Transferts OM : Adrien Rabiot quitte Marseille pour le Milan AC<\/a><\/strong><\/li>\n<\/ul>\n<p style=\"text-align: justify;\">Enfin un point de sortie pour<strong> Chancel Mbemba<\/strong> ? Mis au ban de l&rsquo;OM &#8211; avec qui il n&rsquo;est plus sous contrat depuis mai &#8211; depuis la saison derni\u00e8re, le d\u00e9fenseur congolais, pourtant pi\u00e8ce ma\u00eetresse des Olympiens lors de la saison 2023-2024, pourrait enfin trouver un point de chute. Selon les informations de l&rsquo;insider \u00ab\u00a0Suiveur Lillois\u00a0\u00bb et confirm\u00e9e par d&rsquo;autres m\u00e9dias, c&rsquo;est le LOSC qui esp\u00e8re le faire venir, alors qu&rsquo;on approche des derni\u00e8res heures de mercato.<\/p>\n<div class=\"vlp-link-container vlp-layout-article\"><a href=\"https:\/\/dicodusport.fr\/blog\/transferts-chancel-mbemba-toujours-sans-club-malgre-une-offre-en-ligue-1\/\" class=\"vlp-link\" title=\"Transferts : Chancel Mbemba toujours sans club malgr\u00e9 une offre en Ligue 1\"><\/a><div class=\"vlp-layout-zone-side\"><div class=\"vlp-block-4 vlp-link-image\"><img loading=\"lazy\" decoding=\"async\" style=\"max-width: 792px;\" width=\"792\" height=\"445\" src=\"https:\/\/dicodusport.fr\/blog\/wp-content\/uploads\/2025\/07\/Transferts-Chancel-Mbemba-toujours-sans-club-malgre-une-offre-en-Ligue-1.png\" class=\"attachment-800x445 size-800x445\" alt=\"\" srcset=\"https:\/\/dicodusport.fr\/blog\/wp-content\/uploads\/2025\/07\/Transferts-Chancel-Mbemba-toujours-sans-club-malgre-une-offre-en-Ligue-1.png 1200w, https:\/\/dicodusport.fr\/blog\/wp-content\/uploads\/2025\/07\/Transferts-Chancel-Mbemba-toujours-sans-club-malgre-une-offre-en-Ligue-1-300x169.png 300w, https:\/\/dicodusport.fr\/blog\/wp-content\/uploads\/2025\/07\/Transferts-Chancel-Mbemba-toujours-sans-club-malgre-une-offre-en-Ligue-1-1024x575.png 1024w, https:\/\/dicodusport.fr\/blog\/wp-content\/uploads\/2025\/07\/Transferts-Chancel-Mbemba-toujours-sans-club-malgre-une-offre-en-Ligue-1-768x431.png 768w\" sizes=\"auto, (max-width: 792px) 100vw, 792px\" \/><\/div><\/div><div class=\"vlp-layout-zone-main\"><div class=\"vlp-block-0 vlp-link-title\">Transferts : Chancel Mbemba toujours sans club malgr\u00e9 une offre en Ligue 1<\/div><div class=\"vlp-block-1 vlp-link-summary\">TRANSFERTS - Selon Foot Mercato, Chancel Mbemba n\u2019a toujours pas de club malgr\u00e9 des propositions int\u00e9ressantes.<\/div><div class=\"vlp-block-2 vlp-link-button\">Lire l'article<\/div><div class=\"vlp-block-3 vlp-link-url\">dicodusport.fr<\/div><\/div><\/div>\n<h2 style=\"text-align: justify;\">Un joueur d&rsquo;exp\u00e9rience pour Lille ?<\/h2>\n<p style=\"text-align: justify;\">Toujours selon les m\u00eames informations, il pourrait arriver \u00e0 Lille ce lundi, afin d&rsquo;y effectuer sa visite m\u00e9dicale. Un renfort de choix pour les Lillois, auteurs d&rsquo;un bon d\u00e9but de saison (7 points en trois matchs) et qui peuvent faire venir un joueur qui a disput\u00e9 la demi-finale de Ligue Europa avec l&rsquo;OM, lors de la saison 2023-2024.<\/p>\n<ul style=\"text-align: justify;\">\n<li><strong>\u00c0 ce sujet &#8211; <a href=\"https:\/\/dicodusport.fr\/blog\/transferts-om-nayef-aguerd-signe-a-marseille\/\">Transferts OM : Nayef Aguerd signe \u00e0 Marseille<\/a><\/strong><\/li>\n<\/ul>\n<p style=\"text-align: justify;\">Le joueur qui a f\u00eat\u00e9 ses 31 ans le 8 ao\u00fbt dernier, ne rentrait pas dans les plans de l&rsquo;entra\u00eeneur <strong>Roberto De Zerbi,<\/strong> arriv\u00e9 en 2024 \u00e0 la Canebi\u00e8re.\u00a0Pass\u00e9 par des clubs comme Anderlecht et Porto, il poss\u00e8de une solide exp\u00e9rience europ\u00e9enne et peut devenir un bel atout pour les hommes de <strong>Bruno Genesio<\/strong>.<\/p>\n<blockquote class=\"twitter-tweet\">\n<p dir=\"ltr\" lang=\"fr\">\ud83d\udd1c Comme r\u00e9v\u00e9l\u00e9 par Suiveur Lillois, le LOSC est tr\u00e8s int\u00e9ress\u00e9 par Chancel Mbemba. L&rsquo;international congolais, libre depuis son d\u00e9part de l&rsquo;OM, est m\u00eame esp\u00e9r\u00e9 ce lundi pour passer sa visite m\u00e9dicale et s&rsquo;engager avec le LOSC d&rsquo;apr\u00e8s nos informations. <a href=\"https:\/\/t.co\/Z9SddxFUBn\">pic.twitter.com\/Z9SddxFUBn<\/a><\/p>\n<p>\u2014 Le Petit Lillois \u269c\ufe0f (@LePetitLillois) <a href=\"https:\/\/twitter.com\/LePetitLillois\/status\/1962251196086804628?ref_src=twsrc%5Etfw\">August 31, 2025<\/a><\/p><\/blockquote>\n<p style=\"text-align: justify;\"><script async src=\"https:\/\/platform.twitter.com\/widgets.js\" charset=\"utf-8\"><\/script><\/p>\n","protected":false},"excerpt":{"rendered":"<p>TRANSFERTS FOOTBALL &#8211; Selon Le Petit Lillois, Le LOSC devrait boucler la venue de Chancel Mbemba (ex-OM) dans les derni\u00e8res heures du mercato.<\/p>\n","protected":false},"author":83,"featured_media":607550,"comment_status":"open","ping_status":"closed","sticky":false,"template":"","format":"standard","meta":{"_acf_changed":false,"_daextam_enable_autolinks":"1","footnotes":""},"categories":[47045],"tags":[16878,75,39821],"class_list":["post-607549","post","type-post","status-publish","format-standard","has-post-thumbnail","hentry","category-ligue-1","tag-breve","tag-football","tag-transferts-om"],"acf":[],"yoast_head":"<!-- This site is optimized with the Yoast SEO Premium plugin v26.7 (Yoast SEO v26.7) - https:\/\/yoast.com\/wordpress\/plugins\/seo\/ -->\n<title>Transferts OM : Chancel Mbemba va rebondir en Ligue 1<\/title>\n<meta name=\"description\" content=\"TRANSFERTS FOOTBALL - Selon Le Petit Lillois, Le LOSC devrait boucler la venue de Chancel Mbemba (ex-OM) dans les derni\u00e8res heures du mercato.\" \/>\n<meta name=\"robots\" content=\"index, follow, max-snippet:-1, max-image-preview:large, max-video-preview:-1\" \/>\n<link rel=\"canonical\" href=\"https:\/\/dicodusport.fr\/blog\/transferts-om-chancel-mbemba-va-rebondir-en-ligue-1\/\" \/>\n<meta property=\"og:locale\" content=\"fr_FR\" \/>\n<meta property=\"og:type\" content=\"article\" \/>\n<meta property=\"og:title\" content=\"Transferts OM : Chancel Mbemba va rebondir en Ligue 1\" \/>\n<meta property=\"og:description\" content=\"TRANSFERTS FOOTBALL - Selon Le Petit Lillois, Le LOSC devrait boucler la venue de Chancel Mbemba (ex-OM) dans les derni\u00e8res heures du mercato.\" \/>\n<meta property=\"og:url\" content=\"https:\/\/dicodusport.fr\/blog\/transferts-om-chancel-mbemba-va-rebondir-en-ligue-1\/\" \/>\n<meta property=\"og:site_name\" content=\"Dicodusport\" \/>\n<meta property=\"article:publisher\" content=\"https:\/\/www.facebook.com\/dicodusport\" \/>\n<meta property=\"article:published_time\" content=\"2025-09-01T07:40:09+00:00\" \/>\n<meta property=\"og:image\" content=\"https:\/\/dicodusport.fr\/blog\/wp-content\/uploads\/2025\/09\/Transferts-OM-Chancel-Mbemba-va-rebondir-en-Ligue-1.png\" \/>\n\t<meta property=\"og:image:width\" content=\"1200\" \/>\n\t<meta property=\"og:image:height\" content=\"674\" \/>\n\t<meta property=\"og:image:type\" content=\"image\/png\" \/>\n<meta name=\"author\" content=\"Etienne Goursaud\" \/>\n<meta name=\"twitter:card\" content=\"summary_large_image\" \/>\n<meta name=\"twitter:title\" content=\"Transferts OM : Chancel Mbemba va rebondir en Ligue 1\" \/>\n<meta name=\"twitter:creator\" content=\"@dicodusport\" \/>\n<meta name=\"twitter:site\" content=\"@dicodusport\" \/>\n<script type=\"application\/ld+json\" class=\"yoast-schema-graph\">{\"@context\":\"https:\/\/schema.org\",\"@graph\":[{\"@type\":\"NewsArticle\",\"@id\":\"https:\/\/dicodusport.fr\/blog\/transferts-om-chancel-mbemba-va-rebondir-en-ligue-1\/#article\",\"isPartOf\":{\"@id\":\"https:\/\/dicodusport.fr\/blog\/transferts-om-chancel-mbemba-va-rebondir-en-ligue-1\/\"},\"author\":{\"name\":\"Etienne Goursaud\",\"@id\":\"https:\/\/dicodusport.fr\/blog\/#\/schema\/person\/d603dd7da31fb2b46c82b9835a77ec13\"},\"headline\":\"Transferts OM : Chancel Mbemba va rebondir en Ligue 1\",\"datePublished\":\"2025-09-01T07:40:09+00:00\",\"mainEntityOfPage\":{\"@id\":\"https:\/\/dicodusport.fr\/blog\/transferts-om-chancel-mbemba-va-rebondir-en-ligue-1\/\"},\"wordCount\":413,\"commentCount\":0,\"publisher\":{\"@id\":\"https:\/\/dicodusport.fr\/blog\/#organization\"},\"image\":{\"@id\":\"https:\/\/dicodusport.fr\/blog\/transferts-om-chancel-mbemba-va-rebondir-en-ligue-1\/#primaryimage\"},\"thumbnailUrl\":\"https:\/\/dicodusport.fr\/blog\/wp-content\/uploads\/2025\/09\/Transferts-OM-Chancel-Mbemba-va-rebondir-en-Ligue-1.png\",\"keywords\":[\"br\u00e8ve\",\"Football\",\"Transferts OM\"],\"articleSection\":[\"Ligue 1\"],\"inLanguage\":\"fr-FR\",\"potentialAction\":[{\"@type\":\"CommentAction\",\"name\":\"Comment\",\"target\":[\"https:\/\/dicodusport.fr\/blog\/transferts-om-chancel-mbemba-va-rebondir-en-ligue-1\/#respond\"]}],\"copyrightYear\":\"2025\",\"copyrightHolder\":{\"@id\":\"https:\/\/dicodusport.fr\/blog\/#organization\"}},{\"@type\":\"WebPage\",\"@id\":\"https:\/\/dicodusport.fr\/blog\/transferts-om-chancel-mbemba-va-rebondir-en-ligue-1\/\",\"url\":\"https:\/\/dicodusport.fr\/blog\/transferts-om-chancel-mbemba-va-rebondir-en-ligue-1\/\",\"name\":\"Transferts OM : Chancel Mbemba va rebondir en Ligue 1\",\"isPartOf\":{\"@id\":\"https:\/\/dicodusport.fr\/blog\/#website\"},\"primaryImageOfPage\":{\"@id\":\"https:\/\/dicodusport.fr\/blog\/transferts-om-chancel-mbemba-va-rebondir-en-ligue-1\/#primaryimage\"},\"image\":{\"@id\":\"https:\/\/dicodusport.fr\/blog\/transferts-om-chancel-mbemba-va-rebondir-en-ligue-1\/#primaryimage\"},\"thumbnailUrl\":\"https:\/\/dicodusport.fr\/blog\/wp-content\/uploads\/2025\/09\/Transferts-OM-Chancel-Mbemba-va-rebondir-en-Ligue-1.png\",\"datePublished\":\"2025-09-01T07:40:09+00:00\",\"description\":\"TRANSFERTS FOOTBALL - Selon Le Petit Lillois, Le LOSC devrait boucler la venue de Chancel Mbemba (ex-OM) dans les derni\u00e8res heures du mercato.\",\"breadcrumb\":{\"@id\":\"https:\/\/dicodusport.fr\/blog\/transferts-om-chancel-mbemba-va-rebondir-en-ligue-1\/#breadcrumb\"},\"inLanguage\":\"fr-FR\",\"potentialAction\":[{\"@type\":\"ReadAction\",\"target\":[\"https:\/\/dicodusport.fr\/blog\/transferts-om-chancel-mbemba-va-rebondir-en-ligue-1\/\"]}]},{\"@type\":\"ImageObject\",\"inLanguage\":\"fr-FR\",\"@id\":\"https:\/\/dicodusport.fr\/blog\/transferts-om-chancel-mbemba-va-rebondir-en-ligue-1\/#primaryimage\",\"url\":\"https:\/\/dicodusport.fr\/blog\/wp-content\/uploads\/2025\/09\/Transferts-OM-Chancel-Mbemba-va-rebondir-en-Ligue-1.png\",\"contentUrl\":\"https:\/\/dicodusport.fr\/blog\/wp-content\/uploads\/2025\/09\/Transferts-OM-Chancel-Mbemba-va-rebondir-en-Ligue-1.png\",\"width\":1200,\"height\":674,\"caption\":\"Transferts OM : Chancel Mbemba va rebondir en Ligue 1\"},{\"@type\":\"BreadcrumbList\",\"@id\":\"https:\/\/dicodusport.fr\/blog\/transferts-om-chancel-mbemba-va-rebondir-en-ligue-1\/#breadcrumb\",\"itemListElement\":[{\"@type\":\"ListItem\",\"position\":1,\"name\":\"Accueil\",\"item\":\"https:\/\/dicodusport.fr\/blog\/\"},{\"@type\":\"ListItem\",\"position\":2,\"name\":\"Transferts OM : Chancel Mbemba va rebondir en Ligue 1\"}]},{\"@type\":\"WebSite\",\"@id\":\"https:\/\/dicodusport.fr\/blog\/#website\",\"url\":\"https:\/\/dicodusport.fr\/blog\/\",\"name\":\"Dicodusport\",\"description\":\"L&#039;encyclop\u00e9die de l&#039;actualit\u00e9 sportive\",\"publisher\":{\"@id\":\"https:\/\/dicodusport.fr\/blog\/#organization\"},\"potentialAction\":[{\"@type\":\"SearchAction\",\"target\":{\"@type\":\"EntryPoint\",\"urlTemplate\":\"https:\/\/dicodusport.fr\/blog\/?s={search_term_string}\"},\"query-input\":{\"@type\":\"PropertyValueSpecification\",\"valueRequired\":true,\"valueName\":\"search_term_string\"}}],\"inLanguage\":\"fr-FR\"},{\"@type\":\"NewsMediaOrganization\",\"@id\":\"https:\/\/dicodusport.fr\/blog\/#organization\",\"name\":\"Dicodusport\",\"url\":\"https:\/\/dicodusport.fr\/blog\/\",\"logo\":{\"@type\":\"ImageObject\",\"inLanguage\":\"fr-FR\",\"@id\":\"https:\/\/dicodusport.fr\/blog\/#\/schema\/logo\/image\/\",\"url\":\"https:\/\/dicodusport.fr\/blog\/wp-content\/uploads\/2020\/06\/cropped-LOGO-DICODUSPORT-2020-SANS-FOND-SANS-TEXTE.png\",\"contentUrl\":\"https:\/\/dicodusport.fr\/blog\/wp-content\/uploads\/2020\/06\/cropped-LOGO-DICODUSPORT-2020-SANS-FOND-SANS-TEXTE.png\",\"width\":512,\"height\":512,\"caption\":\"Dicodusport\"},\"image\":{\"@id\":\"https:\/\/dicodusport.fr\/blog\/#\/schema\/logo\/image\/\"},\"sameAs\":[\"https:\/\/www.facebook.com\/dicodusport\",\"https:\/\/x.com\/dicodusport\",\"https:\/\/www.instagram.com\/dicodusport\/\",\"https:\/\/www.youtube.com\/channel\/UC7V2KZ5sd3htJivAbA4ZG3w\"],\"description\":\"Dicodusport est l'encyclop\u00e9die de l'actualit\u00e9 sportive.\",\"email\":\"bonjour@dicodusport.fr\",\"legalName\":\"DICODUSPORT\",\"foundingDate\":\"2018-01-14\",\"vatID\":\"FR71834470973\",\"taxID\":\"83447097300043\",\"numberOfEmployees\":{\"@type\":\"QuantitativeValue\",\"minValue\":\"1\",\"maxValue\":\"10\"}},{\"@type\":\"Person\",\"@id\":\"https:\/\/dicodusport.fr\/blog\/#\/schema\/person\/d603dd7da31fb2b46c82b9835a77ec13\",\"name\":\"Etienne Goursaud\",\"image\":{\"@type\":\"ImageObject\",\"inLanguage\":\"fr-FR\",\"@id\":\"https:\/\/dicodusport.fr\/blog\/#\/schema\/person\/image\/\",\"url\":\"https:\/\/dicodusport.fr\/blog\/wp-content\/uploads\/2023\/12\/410122264_10231602061736049_5565839791558026645_n-150x150.jpg\",\"contentUrl\":\"https:\/\/dicodusport.fr\/blog\/wp-content\/uploads\/2023\/12\/410122264_10231602061736049_5565839791558026645_n-150x150.jpg\",\"caption\":\"Etienne Goursaud\"},\"description\":\"Journaliste et amoureux de sport. Ancien footballeur reconverti athl\u00e8te quand ses muscles le laissent tranquille. \u00c9lev\u00e9 \u00e0 la sauce des exploits de Thomas Voeckler en 2004, du dernier essai de l\u00e9gende de Eunice Barber \u00e0 la longueur lors des championnats du monde d'athl\u00e9tisme de 2003 mais aussi Zidane, Omeyer et Titou Lamaison.\",\"url\":\"https:\/\/dicodusport.fr\/blog\/author\/etienne-goursaud\/\"}]}<\/script>\n<!-- \/ Yoast SEO Premium plugin. -->","yoast_head_json":{"title":"Transferts OM : Chancel Mbemba va rebondir en Ligue 1","description":"TRANSFERTS FOOTBALL - Selon Le Petit Lillois, Le LOSC devrait boucler la venue de Chancel Mbemba (ex-OM) dans les derni\u00e8res heures du mercato.","robots":{"index":"index","follow":"follow","max-snippet":"max-snippet:-1","max-image-preview":"max-image-preview:large","max-video-preview":"max-video-preview:-1"},"canonical":"https:\/\/dicodusport.fr\/blog\/transferts-om-chancel-mbemba-va-rebondir-en-ligue-1\/","og_locale":"fr_FR","og_type":"article","og_title":"Transferts OM : Chancel Mbemba va rebondir en Ligue 1","og_description":"TRANSFERTS FOOTBALL - Selon Le Petit Lillois, Le LOSC devrait boucler la venue de Chancel Mbemba (ex-OM) dans les derni\u00e8res heures du mercato.","og_url":"https:\/\/dicodusport.fr\/blog\/transferts-om-chancel-mbemba-va-rebondir-en-ligue-1\/","og_site_name":"Dicodusport","article_publisher":"https:\/\/www.facebook.com\/dicodusport","article_published_time":"2025-09-01T07:40:09+00:00","og_image":[{"width":1200,"height":674,"url":"https:\/\/dicodusport.fr\/blog\/wp-content\/uploads\/2025\/09\/Transferts-OM-Chancel-Mbemba-va-rebondir-en-Ligue-1.png","type":"image\/png"}],"author":"Etienne Goursaud","twitter_card":"summary_large_image","twitter_title":"Transferts OM : Chancel Mbemba va rebondir en Ligue 1","twitter_creator":"@dicodusport","twitter_site":"@dicodusport","schema":{"@context":"https:\/\/schema.org","@graph":[{"@type":"NewsArticle","@id":"https:\/\/dicodusport.fr\/blog\/transferts-om-chancel-mbemba-va-rebondir-en-ligue-1\/#article","isPartOf":{"@id":"https:\/\/dicodusport.fr\/blog\/transferts-om-chancel-mbemba-va-rebondir-en-ligue-1\/"},"author":{"name":"Etienne Goursaud","@id":"https:\/\/dicodusport.fr\/blog\/#\/schema\/person\/d603dd7da31fb2b46c82b9835a77ec13"},"headline":"Transferts OM : Chancel Mbemba va rebondir en Ligue 1","datePublished":"2025-09-01T07:40:09+00:00","mainEntityOfPage":{"@id":"https:\/\/dicodusport.fr\/blog\/transferts-om-chancel-mbemba-va-rebondir-en-ligue-1\/"},"wordCount":413,"commentCount":0,"publisher":{"@id":"https:\/\/dicodusport.fr\/blog\/#organization"},"image":{"@id":"https:\/\/dicodusport.fr\/blog\/transferts-om-chancel-mbemba-va-rebondir-en-ligue-1\/#primaryimage"},"thumbnailUrl":"https:\/\/dicodusport.fr\/blog\/wp-content\/uploads\/2025\/09\/Transferts-OM-Chancel-Mbemba-va-rebondir-en-Ligue-1.png","keywords":["br\u00e8ve","Football","Transferts OM"],"articleSection":["Ligue 1"],"inLanguage":"fr-FR","potentialAction":[{"@type":"CommentAction","name":"Comment","target":["https:\/\/dicodusport.fr\/blog\/transferts-om-chancel-mbemba-va-rebondir-en-ligue-1\/#respond"]}],"copyrightYear":"2025","copyrightHolder":{"@id":"https:\/\/dicodusport.fr\/blog\/#organization"}},{"@type":"WebPage","@id":"https:\/\/dicodusport.fr\/blog\/transferts-om-chancel-mbemba-va-rebondir-en-ligue-1\/","url":"https:\/\/dicodusport.fr\/blog\/transferts-om-chancel-mbemba-va-rebondir-en-ligue-1\/","name":"Transferts OM : Chancel Mbemba va rebondir en Ligue 1","isPartOf":{"@id":"https:\/\/dicodusport.fr\/blog\/#website"},"primaryImageOfPage":{"@id":"https:\/\/dicodusport.fr\/blog\/transferts-om-chancel-mbemba-va-rebondir-en-ligue-1\/#primaryimage"},"image":{"@id":"https:\/\/dicodusport.fr\/blog\/transferts-om-chancel-mbemba-va-rebondir-en-ligue-1\/#primaryimage"},"thumbnailUrl":"https:\/\/dicodusport.fr\/blog\/wp-content\/uploads\/2025\/09\/Transferts-OM-Chancel-Mbemba-va-rebondir-en-Ligue-1.png","datePublished":"2025-09-01T07:40:09+00:00","description":"TRANSFERTS FOOTBALL - Selon Le Petit Lillois, Le LOSC devrait boucler la venue de Chancel Mbemba (ex-OM) dans les derni\u00e8res heures du mercato.","breadcrumb":{"@id":"https:\/\/dicodusport.fr\/blog\/transferts-om-chancel-mbemba-va-rebondir-en-ligue-1\/#breadcrumb"},"inLanguage":"fr-FR","potentialAction":[{"@type":"ReadAction","target":["https:\/\/dicodusport.fr\/blog\/transferts-om-chancel-mbemba-va-rebondir-en-ligue-1\/"]}]},{"@type":"ImageObject","inLanguage":"fr-FR","@id":"https:\/\/dicodusport.fr\/blog\/transferts-om-chancel-mbemba-va-rebondir-en-ligue-1\/#primaryimage","url":"https:\/\/dicodusport.fr\/blog\/wp-content\/uploads\/2025\/09\/Transferts-OM-Chancel-Mbemba-va-rebondir-en-Ligue-1.png","contentUrl":"https:\/\/dicodusport.fr\/blog\/wp-content\/uploads\/2025\/09\/Transferts-OM-Chancel-Mbemba-va-rebondir-en-Ligue-1.png","width":1200,"height":674,"caption":"Transferts OM : Chancel Mbemba va rebondir en Ligue 1"},{"@type":"BreadcrumbList","@id":"https:\/\/dicodusport.fr\/blog\/transferts-om-chancel-mbemba-va-rebondir-en-ligue-1\/#breadcrumb","itemListElement":[{"@type":"ListItem","position":1,"name":"Accueil","item":"https:\/\/dicodusport.fr\/blog\/"},{"@type":"ListItem","position":2,"name":"Transferts OM : Chancel Mbemba va rebondir en Ligue 1"}]},{"@type":"WebSite","@id":"https:\/\/dicodusport.fr\/blog\/#website","url":"https:\/\/dicodusport.fr\/blog\/","name":"Dicodusport","description":"L&#039;encyclop\u00e9die de l&#039;actualit\u00e9 sportive","publisher":{"@id":"https:\/\/dicodusport.fr\/blog\/#organization"},"potentialAction":[{"@type":"SearchAction","target":{"@type":"EntryPoint","urlTemplate":"https:\/\/dicodusport.fr\/blog\/?s={search_term_string}"},"query-input":{"@type":"PropertyValueSpecification","valueRequired":true,"valueName":"search_term_string"}}],"inLanguage":"fr-FR"},{"@type":"NewsMediaOrganization","@id":"https:\/\/dicodusport.fr\/blog\/#organization","name":"Dicodusport","url":"https:\/\/dicodusport.fr\/blog\/","logo":{"@type":"ImageObject","inLanguage":"fr-FR","@id":"https:\/\/dicodusport.fr\/blog\/#\/schema\/logo\/image\/","url":"https:\/\/dicodusport.fr\/blog\/wp-content\/uploads\/2020\/06\/cropped-LOGO-DICODUSPORT-2020-SANS-FOND-SANS-TEXTE.png","contentUrl":"https:\/\/dicodusport.fr\/blog\/wp-content\/uploads\/2020\/06\/cropped-LOGO-DICODUSPORT-2020-SANS-FOND-SANS-TEXTE.png","width":512,"height":512,"caption":"Dicodusport"},"image":{"@id":"https:\/\/dicodusport.fr\/blog\/#\/schema\/logo\/image\/"},"sameAs":["https:\/\/www.facebook.com\/dicodusport","https:\/\/x.com\/dicodusport","https:\/\/www.instagram.com\/dicodusport\/","https:\/\/www.youtube.com\/channel\/UC7V2KZ5sd3htJivAbA4ZG3w"],"description":"Dicodusport est l'encyclop\u00e9die de l'actualit\u00e9 sportive.","email":"bonjour@dicodusport.fr","legalName":"DICODUSPORT","foundingDate":"2018-01-14","vatID":"FR71834470973","taxID":"83447097300043","numberOfEmployees":{"@type":"QuantitativeValue","minValue":"1","maxValue":"10"}},{"@type":"Person","@id":"https:\/\/dicodusport.fr\/blog\/#\/schema\/person\/d603dd7da31fb2b46c82b9835a77ec13","name":"Etienne Goursaud","image":{"@type":"ImageObject","inLanguage":"fr-FR","@id":"https:\/\/dicodusport.fr\/blog\/#\/schema\/person\/image\/","url":"https:\/\/dicodusport.fr\/blog\/wp-content\/uploads\/2023\/12\/410122264_10231602061736049_5565839791558026645_n-150x150.jpg","contentUrl":"https:\/\/dicodusport.fr\/blog\/wp-content\/uploads\/2023\/12\/410122264_10231602061736049_5565839791558026645_n-150x150.jpg","caption":"Etienne Goursaud"},"description":"Journaliste et amoureux de sport. Ancien footballeur reconverti athl\u00e8te quand ses muscles le laissent tranquille. \u00c9lev\u00e9 \u00e0 la sauce des exploits de Thomas Voeckler en 2004, du dernier essai de l\u00e9gende de Eunice Barber \u00e0 la longueur lors des championnats du monde d'athl\u00e9tisme de 2003 mais aussi Zidane, Omeyer et Titou Lamaison.","url":"https:\/\/dicodusport.fr\/blog\/author\/etienne-goursaud\/"}]}},"_links":{"self":[{"href":"https:\/\/dicodusport.fr\/blog\/wp-json\/wp\/v2\/posts\/607549","targetHints":{"allow":["GET"]}}],"collection":[{"href":"https:\/\/dicodusport.fr\/blog\/wp-json\/wp\/v2\/posts"}],"about":[{"href":"https:\/\/dicodusport.fr\/blog\/wp-json\/wp\/v2\/types\/post"}],"author":[{"embeddable":true,"href":"https:\/\/dicodusport.fr\/blog\/wp-json\/wp\/v2\/users\/83"}],"replies":[{"embeddable":true,"href":"https:\/\/dicodusport.fr\/blog\/wp-json\/wp\/v2\/comments?post=607549"}],"version-history":[{"count":2,"href":"https:\/\/dicodusport.fr\/blog\/wp-json\/wp\/v2\/posts\/607549\/revisions"}],"predecessor-version":[{"id":607552,"href":"https:\/\/dicodusport.fr\/blog\/wp-json\/wp\/v2\/posts\/607549\/revisions\/607552"}],"wp:featuredmedia":[{"embeddable":true,"href":"https:\/\/dicodusport.fr\/blog\/wp-json\/wp\/v2\/media\/607550"}],"wp:attachment":[{"href":"https:\/\/dicodusport.fr\/blog\/wp-json\/wp\/v2\/media?parent=607549"}],"wp:term":[{"taxonomy":"category","embeddable":true,"href":"https:\/\/dicodusport.fr\/blog\/wp-json\/wp\/v2\/categories?post=607549"},{"taxonomy":"post_tag","embeddable":true,"href":"https:\/\/dicodusport.fr\/blog\/wp-json\/wp\/v2\/tags?post=607549"}],"curies":[{"name":"wp","href":"https:\/\/api.w.org\/{rel}","templated":true}]}}