{"id":607554,"date":"2025-09-01T10:25:51","date_gmt":"2025-09-01T08:25:51","guid":{"rendered":"https:\/\/dicodusport.fr\/blog\/?p=607554&#038;preview=true&#038;preview_id=607554"},"modified":"2025-09-01T10:34:12","modified_gmt":"2025-09-01T08:34:12","slug":"transferts-lens-soffre-odsonne-edouard","status":"publish","type":"post","link":"https:\/\/dicodusport.fr\/blog\/transferts-lens-soffre-odsonne-edouard\/","title":{"rendered":"Transferts : Lens s&rsquo;offre Odsonne \u00c9douard"},"content":{"rendered":"<p style=\"text-align: justify;\"><em><strong>TRANSFERTS &#8211; Selon <a href=\"https:\/\/rmcsport.bfmtv.com\/football\/transferts\/direct-mercato-suivez-le-bouillant-dernier-jour-du-marche-des-transferts-estival-en-live-avec-toutes-les-infos-et-rumeurs_LN-202508310399.html#article_419322\" target=\"_blank\" rel=\"noopener\">RMC Sport<\/a>, Lens a boucl\u00e9 l&rsquo;arriv\u00e9e d&rsquo;Odsonne \u00c9douard pour renforcer son secteur offensif<\/strong>.<\/em><strong><em><br \/>\n<\/em><\/strong><\/p>\n<ul style=\"text-align: justify;\">\n<li style=\"text-align: justify;\"><strong>\u00c0 ce sujet &#8211; <a href=\"https:\/\/dicodusport.fr\/blog\/transferts-om-adrien-rabiot-quitte-marseille-pour-le-milan-ac\/\" target=\"_blank\" rel=\"noopener\">Transferts OM : Adrien Rabiot quitte Marseille pour le Milan AC<\/a><\/strong><\/li>\n<\/ul>\n<p style=\"text-align: justify;\">D\u00e9sireux de renforcer son secteur offensif cet \u00e9t\u00e9 apr\u00e8s plusieurs d\u00e9parts, le <strong>RC<\/strong> <strong>Lens<\/strong> a d\u00e9j\u00e0 recrut\u00e9 plusieurs joueurs. <strong>Florian<\/strong> <strong>Thauvin<\/strong> a pos\u00e9 ses valises il y a plusieurs semaines alors qu&rsquo;<strong>Abdallah Sima<\/strong> s&rsquo;est engag\u00e9 la semaine pass\u00e9e avec les <strong>Sang<\/strong> <strong>et<\/strong> <strong>Or<\/strong>. Apr\u00e8s le recrutement de deux milieux offensifs, les <strong>Lensois<\/strong> \u00e9taient toujours en qu\u00eate d&rsquo;un num\u00e9ro 9.<\/p>\n<h2 style=\"text-align: justify;\">Odsonne \u00c9douard \u00e0 Lens<\/h2>\n<p style=\"text-align: justify;\">Si plusieurs pistes ont \u00e9t\u00e9 explor\u00e9es au cours du mois d&rsquo;ao\u00fbt, les <strong>Sang et Or<\/strong> ont finalement d\u00e9cid\u00e9 de miser sur <strong>Odsonne<\/strong> <strong>\u00c9douard<\/strong>. Form\u00e9 au <strong>Paris Saint-Germain<\/strong>, l&rsquo;attaquant fran\u00e7ais a fait ses d\u00e9buts en <strong>Ligue<\/strong> <strong>1<\/strong> avec <strong>Toulouse,<\/strong> avant de s&rsquo;exiler au <strong>Celtic<\/strong>. Pass\u00e9 ensuite par Crystal Palace, il sort d&rsquo;une bonne saison en pr\u00eat avec <strong>Leicester<\/strong>.<\/p>\n<ul style=\"text-align: justify;\">\n<li style=\"text-align: justify;\"><strong>\u00c0 lire aussi &#8211; <a href=\"https:\/\/dicodusport.fr\/blog\/transferts-om-chancel-mbemba-va-rebondir-en-ligue-1\/\" target=\"_blank\" rel=\"noopener\">Transferts OM : Chancel Mbemba va rebondir en Ligue 1<\/a><\/strong><\/li>\n<\/ul>\n<p style=\"text-align: justify;\">Selon nos confr\u00e8res, le <strong>RC<\/strong> <strong>Lens<\/strong> va d\u00e9bourser 5 millions d&rsquo;euros, bonus compris, pour s&rsquo;offrir les services d&rsquo;<strong>Odsonne \u00c9douard<\/strong>. Il est attendu dans la journ\u00e9e pour passer sa visite m\u00e9dicale, et parapher son contrat.\u00a0 Il fera ses d\u00e9buts avec <strong>Lens<\/strong> apr\u00e8s la tr\u00eave internationale.<\/p>\n<div class=\"vlp-link-container vlp-layout-article\"><a href=\"https:\/\/dicodusport.fr\/blog\/mercato-lens-2025-2026-le-tableau-complet-des-transferts-arrivees-et-departs\/\" class=\"vlp-link\" title=\"Mercato Lens 2025-2026 : Le tableau complet des transferts, arriv\u00e9es et d\u00e9parts\"><\/a><div class=\"vlp-layout-zone-side\"><div class=\"vlp-block-4 vlp-link-image\"><img loading=\"lazy\" decoding=\"async\" style=\"max-width: 792px;\" width=\"792\" height=\"445\" src=\"https:\/\/dicodusport.fr\/blog\/wp-content\/uploads\/2025\/05\/Mercato-Lens-2025-2026-Le-tableau-complet-des-transferts-arrivees-et-departs.png\" class=\"attachment-800x445 size-800x445\" alt=\"Mercato Lens 2025-2026 Le tableau complet des transferts, arriv\u00e9es et d\u00e9parts\" srcset=\"https:\/\/dicodusport.fr\/blog\/wp-content\/uploads\/2025\/05\/Mercato-Lens-2025-2026-Le-tableau-complet-des-transferts-arrivees-et-departs.png 1200w, https:\/\/dicodusport.fr\/blog\/wp-content\/uploads\/2025\/05\/Mercato-Lens-2025-2026-Le-tableau-complet-des-transferts-arrivees-et-departs-300x169.png 300w, https:\/\/dicodusport.fr\/blog\/wp-content\/uploads\/2025\/05\/Mercato-Lens-2025-2026-Le-tableau-complet-des-transferts-arrivees-et-departs-1024x575.png 1024w, https:\/\/dicodusport.fr\/blog\/wp-content\/uploads\/2025\/05\/Mercato-Lens-2025-2026-Le-tableau-complet-des-transferts-arrivees-et-departs-768x431.png 768w\" sizes=\"auto, (max-width: 792px) 100vw, 792px\" \/><\/div><\/div><div class=\"vlp-layout-zone-main\"><div class=\"vlp-block-0 vlp-link-title\">Mercato Lens 2025-2026 : Le tableau complet des transferts, arriv\u00e9es et d\u00e9parts<\/div><div class=\"vlp-block-1 vlp-link-summary\">TRANSFERTS LENS - Retrouvez tous les mouvements du Racing Club de Lens pour l'intersaison 2025 en Ligue 1. Arriv\u00e9es, d\u00e9part, pr\u00eats, transferts d\u00e9finitifs, ne ratez rien du mercato estival.\u00a0<\/div><div class=\"vlp-block-2 vlp-link-button\">Lire l'article<\/div><div class=\"vlp-block-3 vlp-link-url\">dicodusport.fr<\/div><\/div><\/div>\n","protected":false},"excerpt":{"rendered":"<p>TRANSFERTS &#8211; Selon RMC Sport, Lens a boucl\u00e9 l&rsquo;arriv\u00e9e d&rsquo;Odsonne \u00c9douard pour renforcer son secteur offensif.<\/p>\n","protected":false},"author":1,"featured_media":607557,"comment_status":"open","ping_status":"closed","sticky":false,"template":"","format":"standard","meta":{"_acf_changed":false,"_daextam_enable_autolinks":"1","footnotes":""},"categories":[47045],"tags":[16878,465],"class_list":["post-607554","post","type-post","status-publish","format-standard","has-post-thumbnail","hentry","category-ligue-1","tag-breve","tag-lens"],"acf":[],"yoast_head":"<!-- This site is optimized with the Yoast SEO Premium plugin v26.7 (Yoast SEO v26.7) - https:\/\/yoast.com\/wordpress\/plugins\/seo\/ -->\n<title>Transferts : Lens s&#039;offre Odsonne \u00c9douard<\/title>\n<meta name=\"description\" content=\"TRANSFERTS - Selon RMC Sport, Lens a boucl\u00e9 l&#039;arriv\u00e9e d&#039;Odsonne \u00c9douard pour renforcer son secteur offensif.\" \/>\n<meta name=\"robots\" content=\"index, follow, max-snippet:-1, max-image-preview:large, max-video-preview:-1\" \/>\n<link rel=\"canonical\" href=\"https:\/\/dicodusport.fr\/blog\/transferts-lens-soffre-odsonne-edouard\/\" \/>\n<meta property=\"og:locale\" content=\"fr_FR\" \/>\n<meta property=\"og:type\" content=\"article\" \/>\n<meta property=\"og:title\" content=\"Transferts : Lens s&#039;offre Odsonne \u00c9douard\" \/>\n<meta property=\"og:description\" content=\"TRANSFERTS - Selon RMC Sport, Lens a boucl\u00e9 l&#039;arriv\u00e9e d&#039;Odsonne \u00c9douard pour renforcer son secteur offensif.\" \/>\n<meta property=\"og:url\" content=\"https:\/\/dicodusport.fr\/blog\/transferts-lens-soffre-odsonne-edouard\/\" \/>\n<meta property=\"og:site_name\" content=\"Dicodusport\" \/>\n<meta property=\"article:publisher\" content=\"https:\/\/www.facebook.com\/dicodusport\" \/>\n<meta property=\"article:author\" content=\"https:\/\/www.facebook.com\/dicodusport\" \/>\n<meta property=\"article:published_time\" content=\"2025-09-01T08:25:51+00:00\" \/>\n<meta property=\"article:modified_time\" content=\"2025-09-01T08:34:12+00:00\" \/>\n<meta property=\"og:image\" content=\"https:\/\/dicodusport.fr\/blog\/wp-content\/uploads\/2025\/09\/Transferts-Lens-soffre-Odsonne-Edouard.png\" \/>\n\t<meta property=\"og:image:width\" content=\"1200\" \/>\n\t<meta property=\"og:image:height\" content=\"674\" \/>\n\t<meta property=\"og:image:type\" content=\"image\/png\" \/>\n<meta name=\"author\" content=\"Nicolas Jacquemard\" \/>\n<meta name=\"twitter:card\" content=\"summary_large_image\" \/>\n<meta name=\"twitter:title\" content=\"Transferts : Lens s&#039;offre Odsonne \u00c9douard\" \/>\n<meta name=\"twitter:creator\" content=\"@https:\/\/twitter.com\/Nico_Jacquemard\" \/>\n<meta name=\"twitter:site\" content=\"@dicodusport\" \/>\n<script type=\"application\/ld+json\" class=\"yoast-schema-graph\">{\"@context\":\"https:\/\/schema.org\",\"@graph\":[{\"@type\":\"NewsArticle\",\"@id\":\"https:\/\/dicodusport.fr\/blog\/transferts-lens-soffre-odsonne-edouard\/#article\",\"isPartOf\":{\"@id\":\"https:\/\/dicodusport.fr\/blog\/transferts-lens-soffre-odsonne-edouard\/\"},\"author\":{\"name\":\"Nicolas Jacquemard\",\"@id\":\"https:\/\/dicodusport.fr\/blog\/#\/schema\/person\/55dcb50ad410894e431ed812bbb70191\"},\"headline\":\"Transferts : Lens s&rsquo;offre Odsonne \u00c9douard\",\"datePublished\":\"2025-09-01T08:25:51+00:00\",\"dateModified\":\"2025-09-01T08:34:12+00:00\",\"mainEntityOfPage\":{\"@id\":\"https:\/\/dicodusport.fr\/blog\/transferts-lens-soffre-odsonne-edouard\/\"},\"wordCount\":327,\"commentCount\":0,\"publisher\":{\"@id\":\"https:\/\/dicodusport.fr\/blog\/#organization\"},\"image\":{\"@id\":\"https:\/\/dicodusport.fr\/blog\/transferts-lens-soffre-odsonne-edouard\/#primaryimage\"},\"thumbnailUrl\":\"https:\/\/dicodusport.fr\/blog\/wp-content\/uploads\/2025\/09\/Transferts-Lens-soffre-Odsonne-Edouard.png\",\"keywords\":[\"br\u00e8ve\",\"Lens\"],\"articleSection\":[\"Ligue 1\"],\"inLanguage\":\"fr-FR\",\"potentialAction\":[{\"@type\":\"CommentAction\",\"name\":\"Comment\",\"target\":[\"https:\/\/dicodusport.fr\/blog\/transferts-lens-soffre-odsonne-edouard\/#respond\"]}],\"copyrightYear\":\"2025\",\"copyrightHolder\":{\"@id\":\"https:\/\/dicodusport.fr\/blog\/#organization\"}},{\"@type\":\"WebPage\",\"@id\":\"https:\/\/dicodusport.fr\/blog\/transferts-lens-soffre-odsonne-edouard\/\",\"url\":\"https:\/\/dicodusport.fr\/blog\/transferts-lens-soffre-odsonne-edouard\/\",\"name\":\"Transferts : Lens s'offre Odsonne \u00c9douard\",\"isPartOf\":{\"@id\":\"https:\/\/dicodusport.fr\/blog\/#website\"},\"primaryImageOfPage\":{\"@id\":\"https:\/\/dicodusport.fr\/blog\/transferts-lens-soffre-odsonne-edouard\/#primaryimage\"},\"image\":{\"@id\":\"https:\/\/dicodusport.fr\/blog\/transferts-lens-soffre-odsonne-edouard\/#primaryimage\"},\"thumbnailUrl\":\"https:\/\/dicodusport.fr\/blog\/wp-content\/uploads\/2025\/09\/Transferts-Lens-soffre-Odsonne-Edouard.png\",\"datePublished\":\"2025-09-01T08:25:51+00:00\",\"dateModified\":\"2025-09-01T08:34:12+00:00\",\"description\":\"TRANSFERTS - Selon RMC Sport, Lens a boucl\u00e9 l'arriv\u00e9e d'Odsonne \u00c9douard pour renforcer son secteur offensif.\",\"breadcrumb\":{\"@id\":\"https:\/\/dicodusport.fr\/blog\/transferts-lens-soffre-odsonne-edouard\/#breadcrumb\"},\"inLanguage\":\"fr-FR\",\"potentialAction\":[{\"@type\":\"ReadAction\",\"target\":[\"https:\/\/dicodusport.fr\/blog\/transferts-lens-soffre-odsonne-edouard\/\"]}]},{\"@type\":\"ImageObject\",\"inLanguage\":\"fr-FR\",\"@id\":\"https:\/\/dicodusport.fr\/blog\/transferts-lens-soffre-odsonne-edouard\/#primaryimage\",\"url\":\"https:\/\/dicodusport.fr\/blog\/wp-content\/uploads\/2025\/09\/Transferts-Lens-soffre-Odsonne-Edouard.png\",\"contentUrl\":\"https:\/\/dicodusport.fr\/blog\/wp-content\/uploads\/2025\/09\/Transferts-Lens-soffre-Odsonne-Edouard.png\",\"width\":1200,\"height\":674},{\"@type\":\"BreadcrumbList\",\"@id\":\"https:\/\/dicodusport.fr\/blog\/transferts-lens-soffre-odsonne-edouard\/#breadcrumb\",\"itemListElement\":[{\"@type\":\"ListItem\",\"position\":1,\"name\":\"Accueil\",\"item\":\"https:\/\/dicodusport.fr\/blog\/\"},{\"@type\":\"ListItem\",\"position\":2,\"name\":\"Transferts : Lens s&rsquo;offre Odsonne \u00c9douard\"}]},{\"@type\":\"WebSite\",\"@id\":\"https:\/\/dicodusport.fr\/blog\/#website\",\"url\":\"https:\/\/dicodusport.fr\/blog\/\",\"name\":\"Dicodusport\",\"description\":\"L&#039;encyclop\u00e9die de l&#039;actualit\u00e9 sportive\",\"publisher\":{\"@id\":\"https:\/\/dicodusport.fr\/blog\/#organization\"},\"potentialAction\":[{\"@type\":\"SearchAction\",\"target\":{\"@type\":\"EntryPoint\",\"urlTemplate\":\"https:\/\/dicodusport.fr\/blog\/?s={search_term_string}\"},\"query-input\":{\"@type\":\"PropertyValueSpecification\",\"valueRequired\":true,\"valueName\":\"search_term_string\"}}],\"inLanguage\":\"fr-FR\"},{\"@type\":\"NewsMediaOrganization\",\"@id\":\"https:\/\/dicodusport.fr\/blog\/#organization\",\"name\":\"Dicodusport\",\"url\":\"https:\/\/dicodusport.fr\/blog\/\",\"logo\":{\"@type\":\"ImageObject\",\"inLanguage\":\"fr-FR\",\"@id\":\"https:\/\/dicodusport.fr\/blog\/#\/schema\/logo\/image\/\",\"url\":\"https:\/\/dicodusport.fr\/blog\/wp-content\/uploads\/2020\/06\/cropped-LOGO-DICODUSPORT-2020-SANS-FOND-SANS-TEXTE.png\",\"contentUrl\":\"https:\/\/dicodusport.fr\/blog\/wp-content\/uploads\/2020\/06\/cropped-LOGO-DICODUSPORT-2020-SANS-FOND-SANS-TEXTE.png\",\"width\":512,\"height\":512,\"caption\":\"Dicodusport\"},\"image\":{\"@id\":\"https:\/\/dicodusport.fr\/blog\/#\/schema\/logo\/image\/\"},\"sameAs\":[\"https:\/\/www.facebook.com\/dicodusport\",\"https:\/\/x.com\/dicodusport\",\"https:\/\/www.instagram.com\/dicodusport\/\",\"https:\/\/www.youtube.com\/channel\/UC7V2KZ5sd3htJivAbA4ZG3w\"],\"description\":\"Dicodusport est l'encyclop\u00e9die de l'actualit\u00e9 sportive.\",\"email\":\"bonjour@dicodusport.fr\",\"legalName\":\"DICODUSPORT\",\"foundingDate\":\"2018-01-14\",\"vatID\":\"FR71834470973\",\"taxID\":\"83447097300043\",\"numberOfEmployees\":{\"@type\":\"QuantitativeValue\",\"minValue\":\"1\",\"maxValue\":\"10\"}},{\"@type\":\"Person\",\"@id\":\"https:\/\/dicodusport.fr\/blog\/#\/schema\/person\/55dcb50ad410894e431ed812bbb70191\",\"name\":\"Nicolas Jacquemard\",\"image\":{\"@type\":\"ImageObject\",\"inLanguage\":\"fr-FR\",\"@id\":\"https:\/\/dicodusport.fr\/blog\/#\/schema\/person\/image\/\",\"url\":\"https:\/\/dicodusport.fr\/blog\/wp-content\/uploads\/2021\/05\/Nicolas-Jacquemard-150x150.jpeg\",\"contentUrl\":\"https:\/\/dicodusport.fr\/blog\/wp-content\/uploads\/2021\/05\/Nicolas-Jacquemard-150x150.jpeg\",\"caption\":\"Nicolas Jacquemard\"},\"description\":\"Passionn\u00e9 de sport et entrepreneur depuis mes 18 ans, la cr\u00e9ation de Dicodusport m'a sembl\u00e9 \u00e9vidente pour participer \u00e0 la m\u00e9diatisation d'un plus grand nombre de sports. Le chemin est long mais avec une \u00e9quipe des plus motiv\u00e9es et les Jeux Olympiques de Paris 2024 en point de mire, nous y arriverons ! Journaliste dans le monde du sport depuis plus de 5 ans, je traite aussi bien de football, de rugby, de biathlon que de cyclisme.\",\"sameAs\":[\"https:\/\/www.facebook.com\/dicodusport\",\"https:\/\/x.com\/https:\/\/twitter.com\/Nico_Jacquemard\"],\"url\":\"https:\/\/dicodusport.fr\/blog\/author\/dicodusport\/\"}]}<\/script>\n<!-- \/ Yoast SEO Premium plugin. -->","yoast_head_json":{"title":"Transferts : Lens s'offre Odsonne \u00c9douard","description":"TRANSFERTS - Selon RMC Sport, Lens a boucl\u00e9 l'arriv\u00e9e d'Odsonne \u00c9douard pour renforcer son secteur offensif.","robots":{"index":"index","follow":"follow","max-snippet":"max-snippet:-1","max-image-preview":"max-image-preview:large","max-video-preview":"max-video-preview:-1"},"canonical":"https:\/\/dicodusport.fr\/blog\/transferts-lens-soffre-odsonne-edouard\/","og_locale":"fr_FR","og_type":"article","og_title":"Transferts : Lens s'offre Odsonne \u00c9douard","og_description":"TRANSFERTS - Selon RMC Sport, Lens a boucl\u00e9 l'arriv\u00e9e d'Odsonne \u00c9douard pour renforcer son secteur offensif.","og_url":"https:\/\/dicodusport.fr\/blog\/transferts-lens-soffre-odsonne-edouard\/","og_site_name":"Dicodusport","article_publisher":"https:\/\/www.facebook.com\/dicodusport","article_author":"https:\/\/www.facebook.com\/dicodusport","article_published_time":"2025-09-01T08:25:51+00:00","article_modified_time":"2025-09-01T08:34:12+00:00","og_image":[{"width":1200,"height":674,"url":"https:\/\/dicodusport.fr\/blog\/wp-content\/uploads\/2025\/09\/Transferts-Lens-soffre-Odsonne-Edouard.png","type":"image\/png"}],"author":"Nicolas Jacquemard","twitter_card":"summary_large_image","twitter_title":"Transferts : Lens s'offre Odsonne \u00c9douard","twitter_creator":"@https:\/\/twitter.com\/Nico_Jacquemard","twitter_site":"@dicodusport","schema":{"@context":"https:\/\/schema.org","@graph":[{"@type":"NewsArticle","@id":"https:\/\/dicodusport.fr\/blog\/transferts-lens-soffre-odsonne-edouard\/#article","isPartOf":{"@id":"https:\/\/dicodusport.fr\/blog\/transferts-lens-soffre-odsonne-edouard\/"},"author":{"name":"Nicolas Jacquemard","@id":"https:\/\/dicodusport.fr\/blog\/#\/schema\/person\/55dcb50ad410894e431ed812bbb70191"},"headline":"Transferts : Lens s&rsquo;offre Odsonne \u00c9douard","datePublished":"2025-09-01T08:25:51+00:00","dateModified":"2025-09-01T08:34:12+00:00","mainEntityOfPage":{"@id":"https:\/\/dicodusport.fr\/blog\/transferts-lens-soffre-odsonne-edouard\/"},"wordCount":327,"commentCount":0,"publisher":{"@id":"https:\/\/dicodusport.fr\/blog\/#organization"},"image":{"@id":"https:\/\/dicodusport.fr\/blog\/transferts-lens-soffre-odsonne-edouard\/#primaryimage"},"thumbnailUrl":"https:\/\/dicodusport.fr\/blog\/wp-content\/uploads\/2025\/09\/Transferts-Lens-soffre-Odsonne-Edouard.png","keywords":["br\u00e8ve","Lens"],"articleSection":["Ligue 1"],"inLanguage":"fr-FR","potentialAction":[{"@type":"CommentAction","name":"Comment","target":["https:\/\/dicodusport.fr\/blog\/transferts-lens-soffre-odsonne-edouard\/#respond"]}],"copyrightYear":"2025","copyrightHolder":{"@id":"https:\/\/dicodusport.fr\/blog\/#organization"}},{"@type":"WebPage","@id":"https:\/\/dicodusport.fr\/blog\/transferts-lens-soffre-odsonne-edouard\/","url":"https:\/\/dicodusport.fr\/blog\/transferts-lens-soffre-odsonne-edouard\/","name":"Transferts : Lens s'offre Odsonne \u00c9douard","isPartOf":{"@id":"https:\/\/dicodusport.fr\/blog\/#website"},"primaryImageOfPage":{"@id":"https:\/\/dicodusport.fr\/blog\/transferts-lens-soffre-odsonne-edouard\/#primaryimage"},"image":{"@id":"https:\/\/dicodusport.fr\/blog\/transferts-lens-soffre-odsonne-edouard\/#primaryimage"},"thumbnailUrl":"https:\/\/dicodusport.fr\/blog\/wp-content\/uploads\/2025\/09\/Transferts-Lens-soffre-Odsonne-Edouard.png","datePublished":"2025-09-01T08:25:51+00:00","dateModified":"2025-09-01T08:34:12+00:00","description":"TRANSFERTS - Selon RMC Sport, Lens a boucl\u00e9 l'arriv\u00e9e d'Odsonne \u00c9douard pour renforcer son secteur offensif.","breadcrumb":{"@id":"https:\/\/dicodusport.fr\/blog\/transferts-lens-soffre-odsonne-edouard\/#breadcrumb"},"inLanguage":"fr-FR","potentialAction":[{"@type":"ReadAction","target":["https:\/\/dicodusport.fr\/blog\/transferts-lens-soffre-odsonne-edouard\/"]}]},{"@type":"ImageObject","inLanguage":"fr-FR","@id":"https:\/\/dicodusport.fr\/blog\/transferts-lens-soffre-odsonne-edouard\/#primaryimage","url":"https:\/\/dicodusport.fr\/blog\/wp-content\/uploads\/2025\/09\/Transferts-Lens-soffre-Odsonne-Edouard.png","contentUrl":"https:\/\/dicodusport.fr\/blog\/wp-content\/uploads\/2025\/09\/Transferts-Lens-soffre-Odsonne-Edouard.png","width":1200,"height":674},{"@type":"BreadcrumbList","@id":"https:\/\/dicodusport.fr\/blog\/transferts-lens-soffre-odsonne-edouard\/#breadcrumb","itemListElement":[{"@type":"ListItem","position":1,"name":"Accueil","item":"https:\/\/dicodusport.fr\/blog\/"},{"@type":"ListItem","position":2,"name":"Transferts : Lens s&rsquo;offre Odsonne \u00c9douard"}]},{"@type":"WebSite","@id":"https:\/\/dicodusport.fr\/blog\/#website","url":"https:\/\/dicodusport.fr\/blog\/","name":"Dicodusport","description":"L&#039;encyclop\u00e9die de l&#039;actualit\u00e9 sportive","publisher":{"@id":"https:\/\/dicodusport.fr\/blog\/#organization"},"potentialAction":[{"@type":"SearchAction","target":{"@type":"EntryPoint","urlTemplate":"https:\/\/dicodusport.fr\/blog\/?s={search_term_string}"},"query-input":{"@type":"PropertyValueSpecification","valueRequired":true,"valueName":"search_term_string"}}],"inLanguage":"fr-FR"},{"@type":"NewsMediaOrganization","@id":"https:\/\/dicodusport.fr\/blog\/#organization","name":"Dicodusport","url":"https:\/\/dicodusport.fr\/blog\/","logo":{"@type":"ImageObject","inLanguage":"fr-FR","@id":"https:\/\/dicodusport.fr\/blog\/#\/schema\/logo\/image\/","url":"https:\/\/dicodusport.fr\/blog\/wp-content\/uploads\/2020\/06\/cropped-LOGO-DICODUSPORT-2020-SANS-FOND-SANS-TEXTE.png","contentUrl":"https:\/\/dicodusport.fr\/blog\/wp-content\/uploads\/2020\/06\/cropped-LOGO-DICODUSPORT-2020-SANS-FOND-SANS-TEXTE.png","width":512,"height":512,"caption":"Dicodusport"},"image":{"@id":"https:\/\/dicodusport.fr\/blog\/#\/schema\/logo\/image\/"},"sameAs":["https:\/\/www.facebook.com\/dicodusport","https:\/\/x.com\/dicodusport","https:\/\/www.instagram.com\/dicodusport\/","https:\/\/www.youtube.com\/channel\/UC7V2KZ5sd3htJivAbA4ZG3w"],"description":"Dicodusport est l'encyclop\u00e9die de l'actualit\u00e9 sportive.","email":"bonjour@dicodusport.fr","legalName":"DICODUSPORT","foundingDate":"2018-01-14","vatID":"FR71834470973","taxID":"83447097300043","numberOfEmployees":{"@type":"QuantitativeValue","minValue":"1","maxValue":"10"}},{"@type":"Person","@id":"https:\/\/dicodusport.fr\/blog\/#\/schema\/person\/55dcb50ad410894e431ed812bbb70191","name":"Nicolas Jacquemard","image":{"@type":"ImageObject","inLanguage":"fr-FR","@id":"https:\/\/dicodusport.fr\/blog\/#\/schema\/person\/image\/","url":"https:\/\/dicodusport.fr\/blog\/wp-content\/uploads\/2021\/05\/Nicolas-Jacquemard-150x150.jpeg","contentUrl":"https:\/\/dicodusport.fr\/blog\/wp-content\/uploads\/2021\/05\/Nicolas-Jacquemard-150x150.jpeg","caption":"Nicolas Jacquemard"},"description":"Passionn\u00e9 de sport et entrepreneur depuis mes 18 ans, la cr\u00e9ation de Dicodusport m'a sembl\u00e9 \u00e9vidente pour participer \u00e0 la m\u00e9diatisation d'un plus grand nombre de sports. Le chemin est long mais avec une \u00e9quipe des plus motiv\u00e9es et les Jeux Olympiques de Paris 2024 en point de mire, nous y arriverons ! Journaliste dans le monde du sport depuis plus de 5 ans, je traite aussi bien de football, de rugby, de biathlon que de cyclisme.","sameAs":["https:\/\/www.facebook.com\/dicodusport","https:\/\/x.com\/https:\/\/twitter.com\/Nico_Jacquemard"],"url":"https:\/\/dicodusport.fr\/blog\/author\/dicodusport\/"}]}},"_links":{"self":[{"href":"https:\/\/dicodusport.fr\/blog\/wp-json\/wp\/v2\/posts\/607554","targetHints":{"allow":["GET"]}}],"collection":[{"href":"https:\/\/dicodusport.fr\/blog\/wp-json\/wp\/v2\/posts"}],"about":[{"href":"https:\/\/dicodusport.fr\/blog\/wp-json\/wp\/v2\/types\/post"}],"author":[{"embeddable":true,"href":"https:\/\/dicodusport.fr\/blog\/wp-json\/wp\/v2\/users\/1"}],"replies":[{"embeddable":true,"href":"https:\/\/dicodusport.fr\/blog\/wp-json\/wp\/v2\/comments?post=607554"}],"version-history":[{"count":2,"href":"https:\/\/dicodusport.fr\/blog\/wp-json\/wp\/v2\/posts\/607554\/revisions"}],"predecessor-version":[{"id":607566,"href":"https:\/\/dicodusport.fr\/blog\/wp-json\/wp\/v2\/posts\/607554\/revisions\/607566"}],"wp:featuredmedia":[{"embeddable":true,"href":"https:\/\/dicodusport.fr\/blog\/wp-json\/wp\/v2\/media\/607557"}],"wp:attachment":[{"href":"https:\/\/dicodusport.fr\/blog\/wp-json\/wp\/v2\/media?parent=607554"}],"wp:term":[{"taxonomy":"category","embeddable":true,"href":"https:\/\/dicodusport.fr\/blog\/wp-json\/wp\/v2\/categories?post=607554"},{"taxonomy":"post_tag","embeddable":true,"href":"https:\/\/dicodusport.fr\/blog\/wp-json\/wp\/v2\/tags?post=607554"}],"curies":[{"name":"wp","href":"https:\/\/api.w.org\/{rel}","templated":true}]}}