{"id":607615,"date":"2025-09-01T14:42:23","date_gmt":"2025-09-01T12:42:23","guid":{"rendered":"https:\/\/dicodusport.fr\/blog\/?p=607615&#038;preview=true&#038;preview_id=607615"},"modified":"2025-09-01T14:51:54","modified_gmt":"2025-09-01T12:51:54","slug":"vtt-cross-country-la-selection-francaise-pour-les-championnats-du-monde-2025","status":"publish","type":"post","link":"https:\/\/dicodusport.fr\/blog\/vtt-cross-country-la-selection-francaise-pour-les-championnats-du-monde-2025\/","title":{"rendered":"VTT Cross-country : La s\u00e9lection fran\u00e7aise pour les championnats du monde 2025"},"content":{"rendered":"<p style=\"text-align: justify;\"><strong><em>VTT CROSS-COUNTRY &#8211; Ce lundi, la FFC a d\u00e9voil\u00e9 la liste des athl\u00e8tes tricolores qui d\u00e9fendront les couleurs tricolores lors des championnats du monde de cross-country dans le Valais (Suisse).<\/em><\/strong><\/p>\n<ul style=\"text-align: justify;\">\n<li style=\"text-align: justify;\"><strong>\u00c0 lire aussi &#8211; <a href=\"https:\/\/dicodusport.fr\/blog\/mondiaux-de-vtt-2025-programme-horaires-et-resultats\/\">VTT Championnats du monde 2025 : Programme, Horaires et R\u00e9sultats<\/a><\/strong><\/li>\n<\/ul>\n<p style=\"text-align: justify;\">Ce dimanche, le coup d&rsquo;envoi des <strong>championnats du monde 2025 de VTT<\/strong> dans le Valais a \u00e9t\u00e9 donn\u00e9. Jour apr\u00e8s jour, les diff\u00e9rentes disciplines vont se succ\u00e9der, avec en apoth\u00e9ose les \u00e9preuves de cross-country qui rythmeront la deuxi\u00e8me semaine, du 8 au 14 septembre.<\/p>\n<h2 style=\"text-align: justify;\">Une \u00e9quipe f\u00e9minine r\u00e9duite, un collectif masculin dense<\/h2>\n<p style=\"text-align: justify;\">\u00c0 l&rsquo;approche de l&rsquo;\u00e9v\u00e8nement, la FFC a d\u00e9cid\u00e9 de communiquer ce lundi la liste des diff\u00e9rents \u00e9l\u00e9ments engag\u00e9s dans les six cat\u00e9gories (\u00c9lites, U23 et U19 Hommes et Femmes). Comme toujours, les Bleus pr\u00e9senteront des \u00e9quipes denses sur les \u00e9preuves masculines avec notamment le champion du monde 2024 en short-track, <strong>Victor Koretzky<\/strong>, ou encore <strong>Adrien Boichis<\/strong> pour mener les U23. <a href=\"https:\/\/dicodusport.fr\/blog\/mondiaux-vtt-2024-luca-martin-sacre-champion-du-monde-xco-chez-les-espoirs\/\">Sacr\u00e9 en XCO Espoirs l&rsquo;ann\u00e9e derni\u00e8re<\/a> et <a href=\"https:\/\/dicodusport.fr\/blog\/vtt-les-gets-2025-premiere-victoire-en-xco-pour-le-champion-de-france-luca-martin\/\">laur\u00e9at de son premier succ\u00e8s en Coupe du monde aux Gets ce week-end<\/a>, <strong>Luca Martin<\/strong> effectuera lui le grand saut en \u00e9tant cette fois engag\u00e9 sur la course \u00c9lite.<\/p>\n<p style=\"text-align: justify;\">Les Bleues seront en revanche seulement cinq \u00e0 \u00eatre au d\u00e9part dans les trois cat\u00e9gories, avec notamment une <strong>Loana Leconte<\/strong> qui vit une ann\u00e9e compliqu\u00e9e. En l&rsquo;absence de Pauline Ferrand-Pr\u00e9vot, qui avait \u00e9t\u00e9 la seule m\u00e9daill\u00e9e tricolore sur la sp\u00e9cialit\u00e9 en 2024, la pression sera grande sur les \u00e9paules des Gerault, Onesti, Revol et Deprez pour \u00e9viter le z\u00e9ro point\u00e9.<\/p>\n<h3 style=\"text-align: justify;\">La s\u00e9lection fran\u00e7aise de VTT Cross-country<\/h3>\n<p style=\"text-align: justify;\"><em><strong>\u00c9lites H :<\/strong><\/em> Mathias AZZARO, Joshua DUBAU, Mathis GUAY, Victor KORETZKY, Luca MARTIN,\u00a0 Jordan SARRAU.<\/p>\n<p style=\"text-align: justify;\"><em><strong>\u00c9lites H :<\/strong><\/em> L\u00e9na GERAULT, Loana LECOMTE.<\/p>\n<p style=\"text-align: justify;\"><strong><em>U23 H :<\/em><\/strong> Alix ANDRE GALLIS, Adrien BOICHIS, Nathan CORNILLON, Na\u00ebl ROUFFIAC.<\/p>\n<p style=\"text-align: justify;\"><strong><em>U23F :<\/em> <\/strong>Olivia ONESTI.<\/p>\n<p style=\"text-align: justify;\"><strong><em>U19H :<\/em><\/strong> Noa Filippi, Mathieu GHIBODEAU, Noa TESSIER, Lucas TESTE.<\/p>\n<p style=\"text-align: justify;\"><strong><em>U19F :<\/em><\/strong> Lise REVOL, Lison DEPREZ.<\/p>\n<p>&nbsp;<\/p>\n<blockquote class=\"instagram-media\" style=\"background: #FFF; border: 0; border-radius: 3px; box-shadow: 0 0 1px 0 rgba(0,0,0,0.5),0 1px 10px 0 rgba(0,0,0,0.15); margin: 1px; max-width: 540px; min-width: 326px; padding: 0; width: calc(100% - 2px);\" data-instgrm-permalink=\"https:\/\/www.instagram.com\/p\/DODxF7diIbq\/?utm_source=ig_embed&amp;utm_campaign=loading\" data-instgrm-version=\"14\">\n<div style=\"padding: 16px;\">\n<p>&nbsp;<\/p>\n<div style=\"display: flex; flex-direction: row; align-items: center;\">\n<div style=\"background-color: #f4f4f4; border-radius: 50%; flex-grow: 0; height: 40px; margin-right: 14px; width: 40px;\"><\/div>\n<div style=\"display: flex; flex-direction: column; flex-grow: 1; justify-content: center;\">\n<div style=\"background-color: #f4f4f4; border-radius: 4px; flex-grow: 0; height: 14px; margin-bottom: 6px; width: 100px;\"><\/div>\n<div style=\"background-color: #f4f4f4; border-radius: 4px; flex-grow: 0; height: 14px; width: 60px;\"><\/div>\n<\/div>\n<\/div>\n<div style=\"padding: 19% 0;\"><\/div>\n<div style=\"display: block; height: 50px; margin: 0 auto 12px; width: 50px;\"><\/div>\n<div style=\"padding-top: 8px;\">\n<div style=\"color: #3897f0; font-family: Arial,sans-serif; font-size: 14px; font-style: normal; font-weight: 550; line-height: 18px;\">Voir cette publication sur Instagram<\/div>\n<\/div>\n<div style=\"padding: 12.5% 0;\"><\/div>\n<div style=\"display: flex; flex-direction: row; margin-bottom: 14px; align-items: center;\">\n<div>\n<div style=\"background-color: #f4f4f4; border-radius: 50%; height: 12.5px; width: 12.5px; transform: translateX(0px) translateY(7px);\"><\/div>\n<div style=\"background-color: #f4f4f4; height: 12.5px; transform: rotate(-45deg) translateX(3px) translateY(1px); width: 12.5px; flex-grow: 0; margin-right: 14px; margin-left: 2px;\"><\/div>\n<div style=\"background-color: #f4f4f4; border-radius: 50%; height: 12.5px; width: 12.5px; transform: translateX(9px) translateY(-18px);\"><\/div>\n<\/div>\n<div style=\"margin-left: 8px;\">\n<div style=\"background-color: #f4f4f4; border-radius: 50%; flex-grow: 0; height: 20px; width: 20px;\"><\/div>\n<div style=\"width: 0; height: 0; border-top: 2px solid transparent; border-left: 6px solid #f4f4f4; border-bottom: 2px solid transparent; transform: translateX(16px) translateY(-4px) rotate(30deg);\"><\/div>\n<\/div>\n<div style=\"margin-left: auto;\">\n<div style=\"width: 0px; border-top: 8px solid #F4F4F4; border-right: 8px solid transparent; transform: translateY(16px);\"><\/div>\n<div style=\"background-color: #f4f4f4; flex-grow: 0; height: 12px; width: 16px; transform: translateY(-4px);\"><\/div>\n<div style=\"width: 0; height: 0; border-top: 8px solid #F4F4F4; border-left: 8px solid transparent; transform: translateY(-4px) translateX(8px);\"><\/div>\n<\/div>\n<\/div>\n<div style=\"display: flex; flex-direction: column; flex-grow: 1; justify-content: center; margin-bottom: 24px;\">\n<div style=\"background-color: #f4f4f4; border-radius: 4px; flex-grow: 0; height: 14px; margin-bottom: 6px; width: 224px;\"><\/div>\n<div style=\"background-color: #f4f4f4; border-radius: 4px; flex-grow: 0; height: 14px; width: 144px;\"><\/div>\n<\/div>\n<p>&nbsp;<\/p>\n<p style=\"color: #c9c8cd; font-family: Arial,sans-serif; font-size: 14px; line-height: 17px; margin-bottom: 0; margin-top: 8px; overflow: hidden; padding: 8px 0 7px; text-align: center; text-overflow: ellipsis; white-space: nowrap;\"><a style=\"color: #c9c8cd; font-family: Arial,sans-serif; font-size: 14px; font-style: normal; font-weight: normal; line-height: 17px; text-decoration: none;\" href=\"https:\/\/www.instagram.com\/p\/DODxF7diIbq\/?utm_source=ig_embed&amp;utm_campaign=loading\" target=\"_blank\" rel=\"noopener\">Une publication partag\u00e9e par F\u00e9d\u00e9ration \ud83c\uddeb\ud83c\uddf7 de Cyclisme (@ffcyclisme)<\/a><\/p>\n<\/div>\n<\/blockquote>\n<p><script async src=\"\/\/www.instagram.com\/embed.js\"><\/script><\/p>\n","protected":false},"excerpt":{"rendered":"<p>VTT CROSS-COUNTRY &#8211; Ce lundi, la FFC a d\u00e9voil\u00e9 la liste des athl\u00e8tes tricolores qui d\u00e9fendront les couleurs tricolores lors des championnats du monde de cross-country dans le Valais (Suisse).<\/p>\n","protected":false},"author":55,"featured_media":607626,"comment_status":"open","ping_status":"closed","sticky":false,"template":"","format":"standard","meta":{"_acf_changed":false,"_daextam_enable_autolinks":"1","footnotes":""},"categories":[10279],"tags":[16878,692,4111],"class_list":["post-607615","post","type-post","status-publish","format-standard","has-post-thumbnail","hentry","category-vtt","tag-breve","tag-vtt","tag-vtt-cross-country"],"acf":[],"yoast_head":"<!-- This site is optimized with the Yoast SEO Premium plugin v26.7 (Yoast SEO v26.7) - https:\/\/yoast.com\/wordpress\/plugins\/seo\/ -->\n<title>VTT Cross-country : La s\u00e9lection fran\u00e7aise pour les championnats du monde 2025<\/title>\n<meta name=\"description\" content=\"VTT CROSS-COUNTRY - La FFC a d\u00e9voil\u00e9 la liste des athl\u00e8tes tricolores s\u00e9lectionn\u00e9s pour les championnats du monde de cross-country.\" \/>\n<meta name=\"robots\" content=\"index, follow, max-snippet:-1, max-image-preview:large, max-video-preview:-1\" \/>\n<link rel=\"canonical\" href=\"https:\/\/dicodusport.fr\/blog\/vtt-cross-country-la-selection-francaise-pour-les-championnats-du-monde-2025\/\" \/>\n<meta property=\"og:locale\" content=\"fr_FR\" \/>\n<meta property=\"og:type\" content=\"article\" \/>\n<meta property=\"og:title\" content=\"VTT Cross-country : La s\u00e9lection fran\u00e7aise pour les championnats du monde 2025\" \/>\n<meta property=\"og:description\" content=\"VTT CROSS-COUNTRY - La FFC a d\u00e9voil\u00e9 la liste des athl\u00e8tes tricolores s\u00e9lectionn\u00e9s pour les championnats du monde de cross-country.\" \/>\n<meta property=\"og:url\" content=\"https:\/\/dicodusport.fr\/blog\/vtt-cross-country-la-selection-francaise-pour-les-championnats-du-monde-2025\/\" \/>\n<meta property=\"og:site_name\" content=\"Dicodusport\" \/>\n<meta property=\"article:publisher\" content=\"https:\/\/www.facebook.com\/dicodusport\" \/>\n<meta property=\"article:published_time\" content=\"2025-09-01T12:42:23+00:00\" \/>\n<meta property=\"article:modified_time\" content=\"2025-09-01T12:51:54+00:00\" \/>\n<meta property=\"og:image\" content=\"https:\/\/dicodusport.fr\/blog\/wp-content\/uploads\/2025\/09\/VTT-Cross-country-La-selection-francaise-pour-les-championnats-du-monde-2025.png\" \/>\n\t<meta property=\"og:image:width\" content=\"1200\" \/>\n\t<meta property=\"og:image:height\" content=\"674\" \/>\n\t<meta property=\"og:image:type\" content=\"image\/png\" \/>\n<meta name=\"author\" content=\"Maxime Cazenave\" \/>\n<meta name=\"twitter:card\" content=\"summary_large_image\" \/>\n<meta name=\"twitter:title\" content=\"VTT Cross-country : La s\u00e9lection fran\u00e7aise pour les championnats du monde 2025\" \/>\n<meta name=\"twitter:creator\" content=\"@https:\/\/twitter.com\/Maxime_Caze\" \/>\n<meta name=\"twitter:site\" content=\"@dicodusport\" \/>\n<script type=\"application\/ld+json\" class=\"yoast-schema-graph\">{\"@context\":\"https:\/\/schema.org\",\"@graph\":[{\"@type\":\"NewsArticle\",\"@id\":\"https:\/\/dicodusport.fr\/blog\/vtt-cross-country-la-selection-francaise-pour-les-championnats-du-monde-2025\/#article\",\"isPartOf\":{\"@id\":\"https:\/\/dicodusport.fr\/blog\/vtt-cross-country-la-selection-francaise-pour-les-championnats-du-monde-2025\/\"},\"author\":{\"name\":\"Maxime Cazenave\",\"@id\":\"https:\/\/dicodusport.fr\/blog\/#\/schema\/person\/37def232098a7a5cbab3974a3690abb0\"},\"headline\":\"VTT Cross-country : La s\u00e9lection fran\u00e7aise pour les championnats du monde 2025\",\"datePublished\":\"2025-09-01T12:42:23+00:00\",\"dateModified\":\"2025-09-01T12:51:54+00:00\",\"mainEntityOfPage\":{\"@id\":\"https:\/\/dicodusport.fr\/blog\/vtt-cross-country-la-selection-francaise-pour-les-championnats-du-monde-2025\/\"},\"wordCount\":370,\"commentCount\":0,\"publisher\":{\"@id\":\"https:\/\/dicodusport.fr\/blog\/#organization\"},\"image\":{\"@id\":\"https:\/\/dicodusport.fr\/blog\/vtt-cross-country-la-selection-francaise-pour-les-championnats-du-monde-2025\/#primaryimage\"},\"thumbnailUrl\":\"https:\/\/dicodusport.fr\/blog\/wp-content\/uploads\/2025\/09\/VTT-Cross-country-La-selection-francaise-pour-les-championnats-du-monde-2025.png\",\"keywords\":[\"br\u00e8ve\",\"VTT\",\"VTT cross country\"],\"articleSection\":[\"VTT\"],\"inLanguage\":\"fr-FR\",\"potentialAction\":[{\"@type\":\"CommentAction\",\"name\":\"Comment\",\"target\":[\"https:\/\/dicodusport.fr\/blog\/vtt-cross-country-la-selection-francaise-pour-les-championnats-du-monde-2025\/#respond\"]}],\"copyrightYear\":\"2025\",\"copyrightHolder\":{\"@id\":\"https:\/\/dicodusport.fr\/blog\/#organization\"}},{\"@type\":\"WebPage\",\"@id\":\"https:\/\/dicodusport.fr\/blog\/vtt-cross-country-la-selection-francaise-pour-les-championnats-du-monde-2025\/\",\"url\":\"https:\/\/dicodusport.fr\/blog\/vtt-cross-country-la-selection-francaise-pour-les-championnats-du-monde-2025\/\",\"name\":\"VTT Cross-country : La s\u00e9lection fran\u00e7aise pour les championnats du monde 2025\",\"isPartOf\":{\"@id\":\"https:\/\/dicodusport.fr\/blog\/#website\"},\"primaryImageOfPage\":{\"@id\":\"https:\/\/dicodusport.fr\/blog\/vtt-cross-country-la-selection-francaise-pour-les-championnats-du-monde-2025\/#primaryimage\"},\"image\":{\"@id\":\"https:\/\/dicodusport.fr\/blog\/vtt-cross-country-la-selection-francaise-pour-les-championnats-du-monde-2025\/#primaryimage\"},\"thumbnailUrl\":\"https:\/\/dicodusport.fr\/blog\/wp-content\/uploads\/2025\/09\/VTT-Cross-country-La-selection-francaise-pour-les-championnats-du-monde-2025.png\",\"datePublished\":\"2025-09-01T12:42:23+00:00\",\"dateModified\":\"2025-09-01T12:51:54+00:00\",\"description\":\"VTT CROSS-COUNTRY - La FFC a d\u00e9voil\u00e9 la liste des athl\u00e8tes tricolores s\u00e9lectionn\u00e9s pour les championnats du monde de cross-country.\",\"breadcrumb\":{\"@id\":\"https:\/\/dicodusport.fr\/blog\/vtt-cross-country-la-selection-francaise-pour-les-championnats-du-monde-2025\/#breadcrumb\"},\"inLanguage\":\"fr-FR\",\"potentialAction\":[{\"@type\":\"ReadAction\",\"target\":[\"https:\/\/dicodusport.fr\/blog\/vtt-cross-country-la-selection-francaise-pour-les-championnats-du-monde-2025\/\"]}]},{\"@type\":\"ImageObject\",\"inLanguage\":\"fr-FR\",\"@id\":\"https:\/\/dicodusport.fr\/blog\/vtt-cross-country-la-selection-francaise-pour-les-championnats-du-monde-2025\/#primaryimage\",\"url\":\"https:\/\/dicodusport.fr\/blog\/wp-content\/uploads\/2025\/09\/VTT-Cross-country-La-selection-francaise-pour-les-championnats-du-monde-2025.png\",\"contentUrl\":\"https:\/\/dicodusport.fr\/blog\/wp-content\/uploads\/2025\/09\/VTT-Cross-country-La-selection-francaise-pour-les-championnats-du-monde-2025.png\",\"width\":1200,\"height\":674,\"caption\":\"VTT Cross-country : La s\u00e9lection fran\u00e7aise pour les championnats du monde 2025\"},{\"@type\":\"BreadcrumbList\",\"@id\":\"https:\/\/dicodusport.fr\/blog\/vtt-cross-country-la-selection-francaise-pour-les-championnats-du-monde-2025\/#breadcrumb\",\"itemListElement\":[{\"@type\":\"ListItem\",\"position\":1,\"name\":\"Accueil\",\"item\":\"https:\/\/dicodusport.fr\/blog\/\"},{\"@type\":\"ListItem\",\"position\":2,\"name\":\"VTT Cross-country : La s\u00e9lection fran\u00e7aise pour les championnats du monde 2025\"}]},{\"@type\":\"WebSite\",\"@id\":\"https:\/\/dicodusport.fr\/blog\/#website\",\"url\":\"https:\/\/dicodusport.fr\/blog\/\",\"name\":\"Dicodusport\",\"description\":\"L&#039;encyclop\u00e9die de l&#039;actualit\u00e9 sportive\",\"publisher\":{\"@id\":\"https:\/\/dicodusport.fr\/blog\/#organization\"},\"potentialAction\":[{\"@type\":\"SearchAction\",\"target\":{\"@type\":\"EntryPoint\",\"urlTemplate\":\"https:\/\/dicodusport.fr\/blog\/?s={search_term_string}\"},\"query-input\":{\"@type\":\"PropertyValueSpecification\",\"valueRequired\":true,\"valueName\":\"search_term_string\"}}],\"inLanguage\":\"fr-FR\"},{\"@type\":\"NewsMediaOrganization\",\"@id\":\"https:\/\/dicodusport.fr\/blog\/#organization\",\"name\":\"Dicodusport\",\"url\":\"https:\/\/dicodusport.fr\/blog\/\",\"logo\":{\"@type\":\"ImageObject\",\"inLanguage\":\"fr-FR\",\"@id\":\"https:\/\/dicodusport.fr\/blog\/#\/schema\/logo\/image\/\",\"url\":\"https:\/\/dicodusport.fr\/blog\/wp-content\/uploads\/2020\/06\/cropped-LOGO-DICODUSPORT-2020-SANS-FOND-SANS-TEXTE.png\",\"contentUrl\":\"https:\/\/dicodusport.fr\/blog\/wp-content\/uploads\/2020\/06\/cropped-LOGO-DICODUSPORT-2020-SANS-FOND-SANS-TEXTE.png\",\"width\":512,\"height\":512,\"caption\":\"Dicodusport\"},\"image\":{\"@id\":\"https:\/\/dicodusport.fr\/blog\/#\/schema\/logo\/image\/\"},\"sameAs\":[\"https:\/\/www.facebook.com\/dicodusport\",\"https:\/\/x.com\/dicodusport\",\"https:\/\/www.instagram.com\/dicodusport\/\",\"https:\/\/www.youtube.com\/channel\/UC7V2KZ5sd3htJivAbA4ZG3w\"],\"description\":\"Dicodusport est l'encyclop\u00e9die de l'actualit\u00e9 sportive.\",\"email\":\"bonjour@dicodusport.fr\",\"legalName\":\"DICODUSPORT\",\"foundingDate\":\"2018-01-14\",\"vatID\":\"FR71834470973\",\"taxID\":\"83447097300043\",\"numberOfEmployees\":{\"@type\":\"QuantitativeValue\",\"minValue\":\"1\",\"maxValue\":\"10\"}},{\"@type\":\"Person\",\"@id\":\"https:\/\/dicodusport.fr\/blog\/#\/schema\/person\/37def232098a7a5cbab3974a3690abb0\",\"name\":\"Maxime Cazenave\",\"image\":{\"@type\":\"ImageObject\",\"inLanguage\":\"fr-FR\",\"@id\":\"https:\/\/dicodusport.fr\/blog\/#\/schema\/person\/image\/\",\"url\":\"https:\/\/dicodusport.fr\/blog\/wp-content\/uploads\/2021\/05\/Maxime-Cazenave-150x150.jpg\",\"contentUrl\":\"https:\/\/dicodusport.fr\/blog\/wp-content\/uploads\/2021\/05\/Maxime-Cazenave-150x150.jpg\",\"caption\":\"Maxime Cazenave\"},\"description\":\"Journaliste\/R\u00e9dacteur depuis 2012 - Berc\u00e9 par l\u2019amour des Girondins de Bordeaux, les \u00e9checs de Christophe Moreau sur le Tour de France sous l'\u00e8re Lance Armstrong et le fade-away l\u00e9tal de Dirk Nowitzki, ma passion d\u00e9vorante pour le sport a toujours \u00e9t\u00e9 un pan incontournable de ma vie. Transmettre ma passion \u00e0 l\u2019\u00e9crit a \u00e9t\u00e9 une transition naturelle. Suiveur assidu de basket et de hockey sur glace, je garde toujours un peu de place pour suivre le cyclisme, le football et le maximum de performances fran\u00e7aises.\",\"sameAs\":[\"https:\/\/x.com\/https:\/\/twitter.com\/Maxime_Caze\"],\"url\":\"https:\/\/dicodusport.fr\/blog\/author\/maximec\/\"}]}<\/script>\n<!-- \/ Yoast SEO Premium plugin. -->","yoast_head_json":{"title":"VTT Cross-country : La s\u00e9lection fran\u00e7aise pour les championnats du monde 2025","description":"VTT CROSS-COUNTRY - La FFC a d\u00e9voil\u00e9 la liste des athl\u00e8tes tricolores s\u00e9lectionn\u00e9s pour les championnats du monde de cross-country.","robots":{"index":"index","follow":"follow","max-snippet":"max-snippet:-1","max-image-preview":"max-image-preview:large","max-video-preview":"max-video-preview:-1"},"canonical":"https:\/\/dicodusport.fr\/blog\/vtt-cross-country-la-selection-francaise-pour-les-championnats-du-monde-2025\/","og_locale":"fr_FR","og_type":"article","og_title":"VTT Cross-country : La s\u00e9lection fran\u00e7aise pour les championnats du monde 2025","og_description":"VTT CROSS-COUNTRY - La FFC a d\u00e9voil\u00e9 la liste des athl\u00e8tes tricolores s\u00e9lectionn\u00e9s pour les championnats du monde de cross-country.","og_url":"https:\/\/dicodusport.fr\/blog\/vtt-cross-country-la-selection-francaise-pour-les-championnats-du-monde-2025\/","og_site_name":"Dicodusport","article_publisher":"https:\/\/www.facebook.com\/dicodusport","article_published_time":"2025-09-01T12:42:23+00:00","article_modified_time":"2025-09-01T12:51:54+00:00","og_image":[{"width":1200,"height":674,"url":"https:\/\/dicodusport.fr\/blog\/wp-content\/uploads\/2025\/09\/VTT-Cross-country-La-selection-francaise-pour-les-championnats-du-monde-2025.png","type":"image\/png"}],"author":"Maxime Cazenave","twitter_card":"summary_large_image","twitter_title":"VTT Cross-country : La s\u00e9lection fran\u00e7aise pour les championnats du monde 2025","twitter_creator":"@https:\/\/twitter.com\/Maxime_Caze","twitter_site":"@dicodusport","schema":{"@context":"https:\/\/schema.org","@graph":[{"@type":"NewsArticle","@id":"https:\/\/dicodusport.fr\/blog\/vtt-cross-country-la-selection-francaise-pour-les-championnats-du-monde-2025\/#article","isPartOf":{"@id":"https:\/\/dicodusport.fr\/blog\/vtt-cross-country-la-selection-francaise-pour-les-championnats-du-monde-2025\/"},"author":{"name":"Maxime Cazenave","@id":"https:\/\/dicodusport.fr\/blog\/#\/schema\/person\/37def232098a7a5cbab3974a3690abb0"},"headline":"VTT Cross-country : La s\u00e9lection fran\u00e7aise pour les championnats du monde 2025","datePublished":"2025-09-01T12:42:23+00:00","dateModified":"2025-09-01T12:51:54+00:00","mainEntityOfPage":{"@id":"https:\/\/dicodusport.fr\/blog\/vtt-cross-country-la-selection-francaise-pour-les-championnats-du-monde-2025\/"},"wordCount":370,"commentCount":0,"publisher":{"@id":"https:\/\/dicodusport.fr\/blog\/#organization"},"image":{"@id":"https:\/\/dicodusport.fr\/blog\/vtt-cross-country-la-selection-francaise-pour-les-championnats-du-monde-2025\/#primaryimage"},"thumbnailUrl":"https:\/\/dicodusport.fr\/blog\/wp-content\/uploads\/2025\/09\/VTT-Cross-country-La-selection-francaise-pour-les-championnats-du-monde-2025.png","keywords":["br\u00e8ve","VTT","VTT cross country"],"articleSection":["VTT"],"inLanguage":"fr-FR","potentialAction":[{"@type":"CommentAction","name":"Comment","target":["https:\/\/dicodusport.fr\/blog\/vtt-cross-country-la-selection-francaise-pour-les-championnats-du-monde-2025\/#respond"]}],"copyrightYear":"2025","copyrightHolder":{"@id":"https:\/\/dicodusport.fr\/blog\/#organization"}},{"@type":"WebPage","@id":"https:\/\/dicodusport.fr\/blog\/vtt-cross-country-la-selection-francaise-pour-les-championnats-du-monde-2025\/","url":"https:\/\/dicodusport.fr\/blog\/vtt-cross-country-la-selection-francaise-pour-les-championnats-du-monde-2025\/","name":"VTT Cross-country : La s\u00e9lection fran\u00e7aise pour les championnats du monde 2025","isPartOf":{"@id":"https:\/\/dicodusport.fr\/blog\/#website"},"primaryImageOfPage":{"@id":"https:\/\/dicodusport.fr\/blog\/vtt-cross-country-la-selection-francaise-pour-les-championnats-du-monde-2025\/#primaryimage"},"image":{"@id":"https:\/\/dicodusport.fr\/blog\/vtt-cross-country-la-selection-francaise-pour-les-championnats-du-monde-2025\/#primaryimage"},"thumbnailUrl":"https:\/\/dicodusport.fr\/blog\/wp-content\/uploads\/2025\/09\/VTT-Cross-country-La-selection-francaise-pour-les-championnats-du-monde-2025.png","datePublished":"2025-09-01T12:42:23+00:00","dateModified":"2025-09-01T12:51:54+00:00","description":"VTT CROSS-COUNTRY - La FFC a d\u00e9voil\u00e9 la liste des athl\u00e8tes tricolores s\u00e9lectionn\u00e9s pour les championnats du monde de cross-country.","breadcrumb":{"@id":"https:\/\/dicodusport.fr\/blog\/vtt-cross-country-la-selection-francaise-pour-les-championnats-du-monde-2025\/#breadcrumb"},"inLanguage":"fr-FR","potentialAction":[{"@type":"ReadAction","target":["https:\/\/dicodusport.fr\/blog\/vtt-cross-country-la-selection-francaise-pour-les-championnats-du-monde-2025\/"]}]},{"@type":"ImageObject","inLanguage":"fr-FR","@id":"https:\/\/dicodusport.fr\/blog\/vtt-cross-country-la-selection-francaise-pour-les-championnats-du-monde-2025\/#primaryimage","url":"https:\/\/dicodusport.fr\/blog\/wp-content\/uploads\/2025\/09\/VTT-Cross-country-La-selection-francaise-pour-les-championnats-du-monde-2025.png","contentUrl":"https:\/\/dicodusport.fr\/blog\/wp-content\/uploads\/2025\/09\/VTT-Cross-country-La-selection-francaise-pour-les-championnats-du-monde-2025.png","width":1200,"height":674,"caption":"VTT Cross-country : La s\u00e9lection fran\u00e7aise pour les championnats du monde 2025"},{"@type":"BreadcrumbList","@id":"https:\/\/dicodusport.fr\/blog\/vtt-cross-country-la-selection-francaise-pour-les-championnats-du-monde-2025\/#breadcrumb","itemListElement":[{"@type":"ListItem","position":1,"name":"Accueil","item":"https:\/\/dicodusport.fr\/blog\/"},{"@type":"ListItem","position":2,"name":"VTT Cross-country : La s\u00e9lection fran\u00e7aise pour les championnats du monde 2025"}]},{"@type":"WebSite","@id":"https:\/\/dicodusport.fr\/blog\/#website","url":"https:\/\/dicodusport.fr\/blog\/","name":"Dicodusport","description":"L&#039;encyclop\u00e9die de l&#039;actualit\u00e9 sportive","publisher":{"@id":"https:\/\/dicodusport.fr\/blog\/#organization"},"potentialAction":[{"@type":"SearchAction","target":{"@type":"EntryPoint","urlTemplate":"https:\/\/dicodusport.fr\/blog\/?s={search_term_string}"},"query-input":{"@type":"PropertyValueSpecification","valueRequired":true,"valueName":"search_term_string"}}],"inLanguage":"fr-FR"},{"@type":"NewsMediaOrganization","@id":"https:\/\/dicodusport.fr\/blog\/#organization","name":"Dicodusport","url":"https:\/\/dicodusport.fr\/blog\/","logo":{"@type":"ImageObject","inLanguage":"fr-FR","@id":"https:\/\/dicodusport.fr\/blog\/#\/schema\/logo\/image\/","url":"https:\/\/dicodusport.fr\/blog\/wp-content\/uploads\/2020\/06\/cropped-LOGO-DICODUSPORT-2020-SANS-FOND-SANS-TEXTE.png","contentUrl":"https:\/\/dicodusport.fr\/blog\/wp-content\/uploads\/2020\/06\/cropped-LOGO-DICODUSPORT-2020-SANS-FOND-SANS-TEXTE.png","width":512,"height":512,"caption":"Dicodusport"},"image":{"@id":"https:\/\/dicodusport.fr\/blog\/#\/schema\/logo\/image\/"},"sameAs":["https:\/\/www.facebook.com\/dicodusport","https:\/\/x.com\/dicodusport","https:\/\/www.instagram.com\/dicodusport\/","https:\/\/www.youtube.com\/channel\/UC7V2KZ5sd3htJivAbA4ZG3w"],"description":"Dicodusport est l'encyclop\u00e9die de l'actualit\u00e9 sportive.","email":"bonjour@dicodusport.fr","legalName":"DICODUSPORT","foundingDate":"2018-01-14","vatID":"FR71834470973","taxID":"83447097300043","numberOfEmployees":{"@type":"QuantitativeValue","minValue":"1","maxValue":"10"}},{"@type":"Person","@id":"https:\/\/dicodusport.fr\/blog\/#\/schema\/person\/37def232098a7a5cbab3974a3690abb0","name":"Maxime Cazenave","image":{"@type":"ImageObject","inLanguage":"fr-FR","@id":"https:\/\/dicodusport.fr\/blog\/#\/schema\/person\/image\/","url":"https:\/\/dicodusport.fr\/blog\/wp-content\/uploads\/2021\/05\/Maxime-Cazenave-150x150.jpg","contentUrl":"https:\/\/dicodusport.fr\/blog\/wp-content\/uploads\/2021\/05\/Maxime-Cazenave-150x150.jpg","caption":"Maxime Cazenave"},"description":"Journaliste\/R\u00e9dacteur depuis 2012 - Berc\u00e9 par l\u2019amour des Girondins de Bordeaux, les \u00e9checs de Christophe Moreau sur le Tour de France sous l'\u00e8re Lance Armstrong et le fade-away l\u00e9tal de Dirk Nowitzki, ma passion d\u00e9vorante pour le sport a toujours \u00e9t\u00e9 un pan incontournable de ma vie. Transmettre ma passion \u00e0 l\u2019\u00e9crit a \u00e9t\u00e9 une transition naturelle. Suiveur assidu de basket et de hockey sur glace, je garde toujours un peu de place pour suivre le cyclisme, le football et le maximum de performances fran\u00e7aises.","sameAs":["https:\/\/x.com\/https:\/\/twitter.com\/Maxime_Caze"],"url":"https:\/\/dicodusport.fr\/blog\/author\/maximec\/"}]}},"_links":{"self":[{"href":"https:\/\/dicodusport.fr\/blog\/wp-json\/wp\/v2\/posts\/607615","targetHints":{"allow":["GET"]}}],"collection":[{"href":"https:\/\/dicodusport.fr\/blog\/wp-json\/wp\/v2\/posts"}],"about":[{"href":"https:\/\/dicodusport.fr\/blog\/wp-json\/wp\/v2\/types\/post"}],"author":[{"embeddable":true,"href":"https:\/\/dicodusport.fr\/blog\/wp-json\/wp\/v2\/users\/55"}],"replies":[{"embeddable":true,"href":"https:\/\/dicodusport.fr\/blog\/wp-json\/wp\/v2\/comments?post=607615"}],"version-history":[{"count":4,"href":"https:\/\/dicodusport.fr\/blog\/wp-json\/wp\/v2\/posts\/607615\/revisions"}],"predecessor-version":[{"id":607631,"href":"https:\/\/dicodusport.fr\/blog\/wp-json\/wp\/v2\/posts\/607615\/revisions\/607631"}],"wp:featuredmedia":[{"embeddable":true,"href":"https:\/\/dicodusport.fr\/blog\/wp-json\/wp\/v2\/media\/607626"}],"wp:attachment":[{"href":"https:\/\/dicodusport.fr\/blog\/wp-json\/wp\/v2\/media?parent=607615"}],"wp:term":[{"taxonomy":"category","embeddable":true,"href":"https:\/\/dicodusport.fr\/blog\/wp-json\/wp\/v2\/categories?post=607615"},{"taxonomy":"post_tag","embeddable":true,"href":"https:\/\/dicodusport.fr\/blog\/wp-json\/wp\/v2\/tags?post=607615"}],"curies":[{"name":"wp","href":"https:\/\/api.w.org\/{rel}","templated":true}]}}