{"id":607685,"date":"2025-09-08T12:00:36","date_gmt":"2025-09-08T10:00:36","guid":{"rendered":"https:\/\/dicodusport.fr\/blog\/?p=607685&#038;preview=true&#038;preview_id=607685"},"modified":"2025-11-26T21:53:12","modified_gmt":"2025-11-26T20:53:12","slug":"quentin-bigot-marteau-il-y-avait-un-vrai-risque-pour-ma-sante","status":"publish","type":"post","link":"https:\/\/dicodusport.fr\/blog\/quentin-bigot-marteau-il-y-avait-un-vrai-risque-pour-ma-sante\/","title":{"rendered":"Quentin Bigot (marteau) : \u00ab\u00a0Il y avait un vrai risque pour ma sant\u00e9\u00a0\u00bb"},"content":{"rendered":"<p style=\"text-align: justify;\"><strong><em>ATHL\u00c9TISME &#8211; Entretien avec Quentin Bigot, d\u00e9sormais retrait\u00e9 apr\u00e8s une longue carri\u00e8re en lancer de marteau et une m\u00e9daille d&rsquo;argent mondiale. Le Messin se confie et \u00e9voque sa retraite, pr\u00e9cipit\u00e9e par une blessure au dos qui aurait pu avoir de tr\u00e8s lourdes cons\u00e9quences. Il revient sur sa carri\u00e8re, la m\u00e9daille d&rsquo;argent mondiale, ses concours \u00e0 Tokyo et Eugene en 2021 et 2022. Il revient \u00e9galement sur son contr\u00f4le positif en 2014. Et \u00e9voque aussi la suite d\u00e9sormais. Un long entretien avec Quentin Bigot.<\/em><\/strong><\/p>\n<h2 style=\"text-align: justify;\">Quentin Bigot : \u00ab\u00a0Ma d\u00e9cision de prendre ma retraite a \u00e9t\u00e9 travail\u00e9e pendant plusieurs mois\u00a0\u00bb<\/h2>\n<h3 style=\"text-align: justify;\">On est \u00e0 moins de trois semaines des Mondiaux de Tokyo. Cela ne t&rsquo;a pas fait bizarre de ne pas \u00eatre dans un cycle de pr\u00e9paration pour ?<\/h3>\n<p style=\"text-align: justify;\"><strong>Quentin Bigot<\/strong> : \u00ab\u00a0Non, cela ne m&rsquo;a pas fait bizarre. Ma d\u00e9cision a \u00e9t\u00e9 travaill\u00e9e pendant plusieurs mois, apr\u00e8s mon \u00e9chec d&rsquo;aller aux JO de Paris. Cela m&rsquo;a mis un petit coup psychologique. Je suis reparti en pr\u00e9pa jusqu&rsquo;en 2025. Pr\u00e9paration entam\u00e9e en septembre 2024. Le probl\u00e8me, c&rsquo;est que j&rsquo;ai vite vu que j&rsquo;avais des difficult\u00e9s, par rapport \u00e0 ma hernie discale, avec des douleurs au dos qui sont revenues. Mes m\u00e9decins m&rsquo;ont dit que si je for\u00e7ais, il y avait un vrai risque pour moi.<\/p>\n<p style=\"text-align: justify;\">En sachant qu&rsquo;il y a les \u00e9lections municipales qui vont arriver (NDLR : il se pr\u00e9sente \u00e0 Gandrange) et que je voulais me lancer. Est-ce que cela valait le coup de prendre le risque de se blesser plus fort. Je me suis dit que non. J&rsquo;avais aussi envie de continuer \u00e0 lancer le marteau en loisir. Si cela p\u00e9tait, il y avait le risque de ne plus jamais pouvoir lancer. C&rsquo;\u00e9tait un choix en toute conscience. M\u00eame si cela ne fut pas simple. Mais les mois un peu compliqu\u00e9s ont aid\u00e9 ma d\u00e9cision. Cela ne m&rsquo;est pas tomb\u00e9 dans le coin de la t\u00eate comme cela.<\/p>\n<h3 style=\"text-align: justify;\">La premi\u00e8re fois qu&rsquo;on s&rsquo;est crois\u00e9, tu m&rsquo;avais dit que tu mourrais un marteau dans la main. Finalement, c&rsquo;est le marteau qui a un peu eu raison de toi&#8230;<\/h3>\n<p style=\"text-align: justify;\">Oui (rires). Mais je peux encore lancer, mais \u00e0 des intensit\u00e9s beaucoup plus faibles. Cela permet de me faire plaisir et c&rsquo;est tout ce qui m&rsquo;importe aujourd&rsquo;hui.<\/p>\n<h2 style=\"text-align: justify;\">Quentin Bigot : \u00ab\u00a0Quand je me blesse, je ne me dis pas que c&rsquo;est grave\u00a0\u00bb.<\/h2>\n<h3 style=\"text-align: justify;\">Tu vas pouvoir red\u00e9couvrir ton sport d&rsquo;une autre mani\u00e8re<\/h3>\n<p style=\"text-align: justify;\">Et bien oui et cela me plait. Je vais y aller pour me faire plaisir et chercher de la sensation. Sans rien d&rsquo;impos\u00e9, sans programme. Cela fait longtemps que je n&rsquo;ai pas v\u00e9cu le sport de cette mani\u00e8re-l\u00e0, en faisant du loisir. M\u00eame si j&rsquo;ai encore l&rsquo;esprit de comp\u00e9tition. Quand il y a des jeunes \u00e0 l&rsquo;entra\u00eenement que je peux encore battre, je ne m&rsquo;en prive pas. Mais je red\u00e9couvre un peu ma discipline.<\/p>\n<h3 style=\"text-align: justify;\">Cette blessure au dos intervient \u00e0 Munich en 2022, est-ce que tu sens que c&rsquo;est grave ? Ou tu penses que \u00e7a va juste planter ta finale des Europe ?<\/h3>\n<p style=\"text-align: justify;\">Franchement, la deuxi\u00e8me option. J&rsquo;avais d\u00e9j\u00e0 eu des petits pets au dos, des pincements de nerfs. Une chose qui arrive \u00e0 tous les athl\u00e8tes. Je me dis que cela arrive le mauvais jour et au mauvais moment. En sachant que j&rsquo;\u00e9tais plus en forme qu&rsquo;\u00e0 Eugene (NDLR : aux mondiaux de la m\u00eame ann\u00e9e). Les indicateurs \u00e0 l&rsquo;entra\u00eenement \u00e9taient m\u00eame meilleurs qu&rsquo;aux USA, o\u00f9 je fais un super concours. Je pense que je pouvais battre mon record le jour de Munich. Avec Pierre-Jean (NDLR : Pierre-Jean Vazel, son entra\u00eeneur), on voit que, les jours avant, c&rsquo;est super solide. La m\u00e9daille se joue \u00e0 79 m, c&rsquo;est totalement jouable. Sans parler de titre.<\/p>\n<blockquote class=\"instagram-media\" style=\"background: #FFF; border: 0; border-radius: 3px; box-shadow: 0 0 1px 0 rgba(0,0,0,0.5),0 1px 10px 0 rgba(0,0,0,0.15); margin: 1px; max-width: 540px; min-width: 326px; padding: 0; width: calc(100% - 2px);\" data-instgrm-captioned=\"\" data-instgrm-permalink=\"https:\/\/www.instagram.com\/p\/DLGCEHiI5uP\/?utm_source=ig_embed&amp;utm_campaign=loading\" data-instgrm-version=\"14\">\n<div style=\"padding: 16px;\">\n<p>&nbsp;<\/p>\n<div style=\"display: flex; flex-direction: row; align-items: center;\">\n<div style=\"background-color: #f4f4f4; border-radius: 50%; flex-grow: 0; height: 40px; margin-right: 14px; width: 40px;\"><\/div>\n<div style=\"display: flex; flex-direction: column; flex-grow: 1; justify-content: center;\">\n<div style=\"background-color: #f4f4f4; border-radius: 4px; flex-grow: 0; height: 14px; margin-bottom: 6px; width: 100px;\"><\/div>\n<div style=\"background-color: #f4f4f4; border-radius: 4px; flex-grow: 0; height: 14px; width: 60px;\"><\/div>\n<\/div>\n<\/div>\n<div style=\"padding: 19% 0;\"><\/div>\n<div style=\"display: block; height: 50px; margin: 0 auto 12px; width: 50px;\"><\/div>\n<div style=\"padding-top: 8px;\">\n<div style=\"color: #3897f0; font-family: Arial,sans-serif; font-size: 14px; font-style: normal; font-weight: 550; line-height: 18px;\">Voir cette publication sur Instagram<\/div>\n<\/div>\n<div style=\"padding: 12.5% 0;\"><\/div>\n<div style=\"display: flex; flex-direction: row; margin-bottom: 14px; align-items: center;\">\n<div>\n<div style=\"background-color: #f4f4f4; border-radius: 50%; height: 12.5px; width: 12.5px; transform: translateX(0px) translateY(7px);\"><\/div>\n<div style=\"background-color: #f4f4f4; height: 12.5px; transform: rotate(-45deg) translateX(3px) translateY(1px); width: 12.5px; flex-grow: 0; margin-right: 14px; margin-left: 2px;\"><\/div>\n<div style=\"background-color: #f4f4f4; border-radius: 50%; height: 12.5px; width: 12.5px; transform: translateX(9px) translateY(-18px);\"><\/div>\n<\/div>\n<div style=\"margin-left: 8px;\">\n<div style=\"background-color: #f4f4f4; border-radius: 50%; flex-grow: 0; height: 20px; width: 20px;\"><\/div>\n<div style=\"width: 0; height: 0; border-top: 2px solid transparent; border-left: 6px solid #f4f4f4; border-bottom: 2px solid transparent; transform: translateX(16px) translateY(-4px) rotate(30deg);\"><\/div>\n<\/div>\n<div style=\"margin-left: auto;\">\n<div style=\"width: 0px; border-top: 8px solid #F4F4F4; border-right: 8px solid transparent; transform: translateY(16px);\"><\/div>\n<div style=\"background-color: #f4f4f4; flex-grow: 0; height: 12px; width: 16px; transform: translateY(-4px);\"><\/div>\n<div style=\"width: 0; height: 0; border-top: 8px solid #F4F4F4; border-left: 8px solid transparent; transform: translateY(-4px) translateX(8px);\"><\/div>\n<\/div>\n<\/div>\n<div style=\"display: flex; flex-direction: column; flex-grow: 1; justify-content: center; margin-bottom: 24px;\">\n<div style=\"background-color: #f4f4f4; border-radius: 4px; flex-grow: 0; height: 14px; margin-bottom: 6px; width: 224px;\"><\/div>\n<div style=\"background-color: #f4f4f4; border-radius: 4px; flex-grow: 0; height: 14px; width: 144px;\"><\/div>\n<\/div>\n<p>&nbsp;<\/p>\n<p style=\"color: #c9c8cd; font-family: Arial,sans-serif; font-size: 14px; line-height: 17px; margin-bottom: 0; margin-top: 8px; overflow: hidden; padding: 8px 0 7px; text-align: center; text-overflow: ellipsis; white-space: nowrap;\"><a style=\"color: #c9c8cd; font-family: Arial,sans-serif; font-size: 14px; font-style: normal; font-weight: normal; line-height: 17px; text-decoration: none;\" href=\"https:\/\/www.instagram.com\/p\/DLGCEHiI5uP\/?utm_source=ig_embed&amp;utm_campaign=loading\" target=\"_blank\" rel=\"noopener\">Une publication partag\u00e9e par Quentin Bigot | Olympian (@quentinbigotofficiel)<\/a><\/p>\n<\/div>\n<\/blockquote>\n<p><script async src=\"\/\/www.instagram.com\/embed.js\"><\/script><\/p>\n<h2 style=\"text-align: justify;\">Quentin Bigot : \u00ab\u00a0Des douleurs \u00e0 en pleurer en 2023\u00a0\u00bb<\/h2>\n<p style=\"text-align: justify;\">Je me blesse, mais je me dis que j&rsquo;ai pass\u00e9 une super saison, en faisant plusieurs fois 80 m, dont le jour J \u00e0 Eugene. C&rsquo;est la saison de ma vie. Je me dis : <em>\u00ab<\/em> <em>Ce ne sont que des Europe et il y a Paris dans deux ans \u00bb<\/em>. Je ne pouvais pas me dire que tout allait mal. Et je fais une IRM en septembre 2022. Ils voient une hernie. On prend un peu de repos, du kin\u00e9 et cela va se r\u00e9sorber. Je fais quand m\u00eame une infiltration.<\/p>\n<p style=\"text-align: justify;\">Au moins de novembre, je peux m&rsquo;entra\u00eener \u00e0 nouveau normalement. Au d\u00e9but du mois de janvier, je pars en stage en Afrique du Sud. En remontant une barre de squat, je sens le dos qui re-vrille. Mais un peu plus costaud qu&rsquo;\u00e0 Munich. Tout est tr\u00e8s contract\u00e9. Je fais huit jours un peu dans le vent, je me fais soigner par les kin\u00e9s sur place, mais cela ne passe pas.<\/p>\n<p style=\"text-align: justify;\">En rentrant, dans l&rsquo;avion, en me levant du si\u00e8ge, je sens une douleur qui va du dos jusqu&rsquo;\u00e0 mon orteil. Je sentais que c&rsquo;\u00e9tait une douleur nerveuse. L\u00e0, je me dis que le nerf est super touch\u00e9. La douleur a \u00e9t\u00e9 crescendo, mais vraiment crescendo. Je me suis mis \u00e0 boiter puis je ne pouvais plus marcher. J&rsquo;\u00e9tais allong\u00e9 dans mon lit, avec des douleurs atroces de chez atroces. Rien ne me soulageait. C&rsquo;\u00e9tait \u00e0 en pleurer. Je vais voir un m\u00e9decin qui me dit : <em>\u00ab <\/em><em>Monsieur Bigot, que vous soyez sportif ou non, il faut op\u00e9rer. Vous avez un d\u00e9ficit de force \u00bb<\/em>. Je ne pouvais plus me lever sur mon mollet. Je me fais op\u00e9rer tr\u00e8s vite en f\u00e9vrier. Et je commence ma r\u00e9\u00e9ducation pour lancer de nouveau. En sachant que le chirurgien me fait comprendre que ce n&rsquo;est pas s\u00fbr que je puisse retrouver un bon niveau.<\/p>\n<h2 style=\"text-align: justify;\">Quentin Bigot : \u00ab\u00a0Je n&rsquo;avais plus de connexion nerveuse dans le mollet droit\u00a0\u00bb.<\/h2>\n<p style=\"text-align: justify;\">Le nerf avait \u00e9t\u00e9 tellement touch\u00e9 que personne ne savait comment j&rsquo;allais r\u00e9cup\u00e9rer. Il est vrai qu&rsquo;aujourd&rsquo;hui, j&rsquo;ai encore des crampes horribles et que sur la jambe droite. J&rsquo;ai un gros d\u00e9ficit de force sur le mollet. Je me souviens que, quand j&rsquo;ai repris le marteau, je posais mon pied droit. Avant, j&rsquo;arrivais \u00e0 l&rsquo;activer, comme quand on \u00e9crase une cigarette sur le sol. L\u00e0, je n&rsquo;arrivais plus \u00e0 le faire, car je n&rsquo;avais plus de connexion nerveuse. Ce qui est le pire ! Les docteurs me disaient qu&rsquo;il y avait un risque que cela ne revienne pas. On a tout fait avec Pierre-Jean, pour aller aux Jeux. Et c&rsquo;est pour cela que je n&rsquo;ai pas de regrets par rapport \u00e0 l&rsquo;\u00e9chec. Je savais d&rsquo;o\u00f9 je partais. J&rsquo;arrive \u00e0 lancer \u00e0 77 m\u00e8tres \u00e0 l&rsquo;entra\u00eenement. Cela ne s&rsquo;est jamais concr\u00e9tis\u00e9 en comp\u00e9tition, car on a eu des conditions pourries en comp\u00e9tition.<\/p>\n<p style=\"text-align: justify;\">Mon niveau n&rsquo;est pas d\u00e9gueulasse. Pierre-Jean me disait : <em>\u00ab <\/em><em>Tu te rends compte, tu fais 77 m\u00e8tres avec une jambe de bois \u00bb<\/em>. Je n&rsquo;ai jamais \u00e9t\u00e9 aussi fort physiquement en musculation. Des indicateurs qui valaient 82, voire 83 m\u00e8tres. Mais j&rsquo;\u00e9tais handicap\u00e9 sur la technique et sur le physique. Car je suis un petit lanceur, par rapport aux autres. Je ne pouvais pas jouer sur mes grands bras ou autre. J&rsquo;\u00e9tais oblig\u00e9 de lancer tr\u00e8s bien. Et l\u00e0, j&rsquo;\u00e9tais bloqu\u00e9 par ce probl\u00e8me r\u00e9siduel. Qui me poursuit aujourd&rsquo;hui. Les m\u00e9decins m&rsquo;ont clairement dit que si je prenais des risques, cela pouvait devenir chaud pour moi. Tu te dis que tu as d\u00e9j\u00e0 le mollet en vrac. Il fallait arr\u00eater les frais.<\/p>\n<p style=\"text-align: justify;\">J&rsquo;ai le sentiment du devoir accompli. J&rsquo;ai franchi la barre des 80 m\u00e8tres, qui \u00e9tait le r\u00eave de ma vie. Et le faire le jour d&rsquo;un grand championnat. Aucun fran\u00e7ais ne l&rsquo;avait fait auparavant. M\u00eame si je suis 4\u00e8me, mais je retiens que je fais un concours de malade et que j&rsquo;\u00e9tais \u00e0 la bagarre avec les meilleurs mondiaux. Je suis m\u00e9daill\u00e9 mondial en 2019 et 5\u00e8me aux JO en 2021, dans le concours le plus relev\u00e9 de l&rsquo;histoire. Avec ma perf de Tokyo, je suis sur le podium \u00e0 Paris. Le grand public ne retient que les m\u00e9dailles, mais les passionn\u00e9s d&rsquo;athl\u00e9tisme savent ce que vaut mon concours. Je suis en paix avec moi-m\u00eame. Je n&rsquo;ai pas de regrets sur ma carri\u00e8re et je suis content de l&rsquo;avoir men\u00e9e. Avec les hauts et les bas. Je suis heureux d&rsquo;arr\u00eater l\u00e0-dessus.<\/p>\n<blockquote class=\"instagram-media\" style=\"background: #FFF; border: 0; border-radius: 3px; box-shadow: 0 0 1px 0 rgba(0,0,0,0.5),0 1px 10px 0 rgba(0,0,0,0.15); margin: 1px; max-width: 540px; min-width: 326px; padding: 0; width: calc(100% - 2px);\" data-instgrm-captioned=\"\" data-instgrm-permalink=\"https:\/\/www.instagram.com\/p\/DEPP0Wvoq3-\/?utm_source=ig_embed&amp;utm_campaign=loading\" data-instgrm-version=\"14\">\n<div style=\"padding: 16px;\">\n<p>&nbsp;<\/p>\n<div style=\"display: flex; flex-direction: row; align-items: center;\">\n<div style=\"background-color: #f4f4f4; border-radius: 50%; flex-grow: 0; height: 40px; margin-right: 14px; width: 40px;\"><\/div>\n<div style=\"display: flex; flex-direction: column; flex-grow: 1; justify-content: center;\">\n<div style=\"background-color: #f4f4f4; border-radius: 4px; flex-grow: 0; height: 14px; margin-bottom: 6px; width: 100px;\"><\/div>\n<div style=\"background-color: #f4f4f4; border-radius: 4px; flex-grow: 0; height: 14px; width: 60px;\"><\/div>\n<\/div>\n<\/div>\n<div style=\"padding: 19% 0;\"><\/div>\n<div style=\"display: block; height: 50px; margin: 0 auto 12px; width: 50px;\"><\/div>\n<div style=\"padding-top: 8px;\">\n<div style=\"color: #3897f0; font-family: Arial,sans-serif; font-size: 14px; font-style: normal; font-weight: 550; line-height: 18px;\">Voir cette publication sur Instagram<\/div>\n<\/div>\n<div style=\"padding: 12.5% 0;\"><\/div>\n<div style=\"display: flex; flex-direction: row; margin-bottom: 14px; align-items: center;\">\n<div>\n<div style=\"background-color: #f4f4f4; border-radius: 50%; height: 12.5px; width: 12.5px; transform: translateX(0px) translateY(7px);\"><\/div>\n<div style=\"background-color: #f4f4f4; height: 12.5px; transform: rotate(-45deg) translateX(3px) translateY(1px); width: 12.5px; flex-grow: 0; margin-right: 14px; margin-left: 2px;\"><\/div>\n<div style=\"background-color: #f4f4f4; border-radius: 50%; height: 12.5px; width: 12.5px; transform: translateX(9px) translateY(-18px);\"><\/div>\n<\/div>\n<div style=\"margin-left: 8px;\">\n<div style=\"background-color: #f4f4f4; border-radius: 50%; flex-grow: 0; height: 20px; width: 20px;\"><\/div>\n<div style=\"width: 0; height: 0; border-top: 2px solid transparent; border-left: 6px solid #f4f4f4; border-bottom: 2px solid transparent; transform: translateX(16px) translateY(-4px) rotate(30deg);\"><\/div>\n<\/div>\n<div style=\"margin-left: auto;\">\n<div style=\"width: 0px; border-top: 8px solid #F4F4F4; border-right: 8px solid transparent; transform: translateY(16px);\"><\/div>\n<div style=\"background-color: #f4f4f4; flex-grow: 0; height: 12px; width: 16px; transform: translateY(-4px);\"><\/div>\n<div style=\"width: 0; height: 0; border-top: 8px solid #F4F4F4; border-left: 8px solid transparent; transform: translateY(-4px) translateX(8px);\"><\/div>\n<\/div>\n<\/div>\n<div style=\"display: flex; flex-direction: column; flex-grow: 1; justify-content: center; margin-bottom: 24px;\">\n<div style=\"background-color: #f4f4f4; border-radius: 4px; flex-grow: 0; height: 14px; margin-bottom: 6px; width: 224px;\"><\/div>\n<div style=\"background-color: #f4f4f4; border-radius: 4px; flex-grow: 0; height: 14px; width: 144px;\"><\/div>\n<\/div>\n<p>&nbsp;<\/p>\n<p style=\"color: #c9c8cd; font-family: Arial,sans-serif; font-size: 14px; line-height: 17px; margin-bottom: 0; margin-top: 8px; overflow: hidden; padding: 8px 0 7px; text-align: center; text-overflow: ellipsis; white-space: nowrap;\"><a style=\"color: #c9c8cd; font-family: Arial,sans-serif; font-size: 14px; font-style: normal; font-weight: normal; line-height: 17px; text-decoration: none;\" href=\"https:\/\/www.instagram.com\/p\/DEPP0Wvoq3-\/?utm_source=ig_embed&amp;utm_campaign=loading\" target=\"_blank\" rel=\"noopener\">Une publication partag\u00e9e par Quentin Bigot | Olympian (@quentinbigotofficiel)<\/a><\/p>\n<\/div>\n<\/blockquote>\n<p><script async src=\"\/\/www.instagram.com\/embed.js\"><\/script><\/p>\n<h2 style=\"text-align: justify;\">Quentin Bigot : \u00ab\u00a0Une m\u00e9daille olympique, cela aurait \u00e9t\u00e9 l&rsquo;\u00e9norme cerise sur le g\u00e2teau\u00a0\u00bb<\/h2>\n<h3 style=\"text-align: justify;\">On parle beaucoup des crois\u00e9s ou des fractures, mais quand on voit Arthur Fils ou Thibaut Pinot, cela donne l&rsquo;impression que le dos, c&rsquo;est pire que tout.<\/h3>\n<p style=\"text-align: justify;\">Comme on dit, la colonne vert\u00e9brale reste la colonne vert\u00e9brale (rires). Je n&rsquo;ai jamais eu de probl\u00e8me ailleurs. Ni \u00e0 l&rsquo;\u00e9paule, ni au genou. Je n&rsquo;ai que cela.<\/p>\n<h3 style=\"text-align: justify;\">Tu \u00e9voques Tokyo et Eugene, deux gros concours de ta part. Cela ne bascule pas. Tu parles de fiert\u00e9 d&rsquo;avoir \u00e9t\u00e9 bon le jour J. Tu n&rsquo;as aucun regret, notamment \u00e0 Tokyo ?<\/h3>\n<p style=\"text-align: justify;\">Forc\u00e9ment, quand on voit le niveau des autres Jeux Olympiques, forc\u00e9ment, on se dit que cela aurait pu le faire. Mais le sport de haut niveau, ce n&rsquo;est pas du m\u00e9rite. Tu peux \u00eatre un enfoir\u00e9 de premi\u00e8re, le plus roublard de tous et quand m\u00eame prendre une m\u00e9daille olympique. Et passer devant un mec qui l&rsquo;a m\u00e9rit\u00e9. Et il y en a plein, dans l&rsquo;histoire de l&rsquo;athl\u00e9tisme, qui m\u00e9ritaient une m\u00e9daille olympique et qui ne l&rsquo;ont jamais eue. Des mecs plusieurs fois champion du monde et qui n&rsquo;ont jamais \u00e9t\u00e9 m\u00e9daill\u00e9s olympique. Une m\u00e9daille olympique, cela aurait \u00e9t\u00e9 l&rsquo;\u00e9norme cerise sur le g\u00e2teau. Une m\u00e9daille mondiale, cela cause. Mais quand tu dis que tu es m\u00e9daill\u00e9 olympique, c&rsquo;est encore autre chose.<\/p>\n<p style=\"text-align: justify;\">Mais quand je fais le compte-rendu de l&rsquo;ann\u00e9e 2021, j&rsquo;ai le Covid en mai, trois mois avant les JO. Je me blesse au dos en stage \u00e0 Kobe, avant les Jeux. La meilleure performance que je fais en stage, c&rsquo;est 76 m\u00e8tres. Pierre-Jean me disait : <em>\u00ab<\/em> <em>Ne t&rsquo;inqui\u00e8te pas, confiance, confiance \u00bb<\/em>. On a \u00e9t\u00e9 jusqu&rsquo;au bout et je sors 79 m\u00e8tres le jour de la finale. Les gens ne connaissent pas les coulisses, ne savent pas les doutes que j&rsquo;avais, deux semaines avant les Jeux. Quand je sors avec la perf et la 5\u00e8me place, j&rsquo;\u00e9tais le roi du p\u00e9trole. J&rsquo;ai men\u00e9 \u00e7a parfaitement. Et quand on remet les choses dans le contexte, c&rsquo;est une \u00e9norme r\u00e9ussite.<\/p>\n<h2 style=\"text-align: justify;\">Quentin Bigot : \u00ab\u00a0Une fiert\u00e9 d&rsquo;avoir \u00e9t\u00e9 m\u00e9daill\u00e9 mondial\u00a0\u00bb<\/h2>\n<h3 style=\"text-align: justify;\">Le niveau mondial a consid\u00e9rablement augment\u00e9.<\/h3>\n<p style=\"text-align: justify;\">Clairement. Le niveau mondial a explos\u00e9 apr\u00e8s le Covid. C&rsquo;est devenu fou. Les jeunes sont arriv\u00e9s, certains anciens ont commenc\u00e9 \u00e0 arr\u00eater. J&rsquo;ai r\u00e9ussi \u00e0 suivre la dynamique, en \u00e9tant parmi les 5-6 meilleurs mondiaux, pendant 4-5 ans. On s&rsquo;est tous un peu cuits. Certains ont des pr\u00e9dispositions un peu plus avantageuses que moi. J&rsquo;ai regard\u00e9 les statistiques. Sur 130 hommes qui ont lanc\u00e9 \u00e0 plus de 80 m\u00e8tres, seuls 4 faisaient moins de 1.80 m. Dont moi. Je ne suis pas aid\u00e9 (rires). Quelque part, j&rsquo;en suis d&rsquo;autant plus fier d&rsquo;avoir su tirer mon \u00e9pingle du jeu, avec le physique que j&rsquo;avais. Et une fiert\u00e9 de battre des grands costauds qui faisaient pr\u00e8s de deux m\u00e8tres. Cela me plaisait bien.<\/p>\n<h3 style=\"text-align: justify;\">Il faut se plaindre aupr\u00e8s de tes parents alors.<\/h3>\n<p style=\"text-align: justify;\">C&rsquo;est d\u00e9j\u00e0 fait (rires). Eux sont tous les deux plus petits que moi et ils m&rsquo;ont d\u00e9j\u00e0 dit que je n&rsquo;avais pas \u00e0 me plaindre, car j&rsquo;\u00e9tais le plus grand de la famille (rires).<\/p>\n<h3 style=\"text-align: justify;\">Tu es un des rares fran\u00e7ais m\u00e9daill\u00e9s au niveau mondial. C&rsquo;est une fiert\u00e9 ?<\/h3>\n<p style=\"text-align: justify;\">Oui, compl\u00e8tement. Le concours de Doha \u00e9tait particulier, avec la chaleur. On \u00e9tait tous dans un mouchoir de poche. Je suis vice-champion du monde pour 1 cm. J&rsquo;aurais pu \u00eatre 3\u00e8me. Les huit premiers se tiennent en 50 cm. Je suis fier d&rsquo;avoir r\u00e9ussi \u00e0 tirer mon \u00e9pingle du jeu, avoir gard\u00e9 mon sang-froid. Des m\u00e9daill\u00e9s mondiaux, il n&rsquo;y en a pas 100 000 et je suis le seul chez les hommes en lancers. J&rsquo;ai bon espoir pour Yann Chaussinand. Avec les performances qu&rsquo;il fait, s&rsquo;il n&rsquo;est pas m\u00e9daill\u00e9 un jour, je ne comprends rien. Mais tant que cela n&rsquo;est pas fait&#8230; Entre vouloir, pouvoir et le faire le jour J, ce sont des choses diff\u00e9rentes. Dans l&rsquo;histoire du marteau fran\u00e7ais, on en a eu plein, des mecs favoris pour \u00eatre m\u00e9daill\u00e9s, mais qui n&rsquo;ont jamais rien fait en championnat.<\/p>\n<h2 style=\"text-align: justify;\">Quentin Bigot : \u00ab\u00a0La F\u00e9d\u00e9 se met en quatre pour nous\u00a0\u00bb.<\/h2>\n<h3 style=\"text-align: justify;\">Le risque, c&rsquo;est qu&rsquo;il soit 4\u00e8me, avec 81.50 m.<\/h3>\n<p style=\"text-align: justify;\">Totalement. Le niveau du marteau cette ann\u00e9e, c&rsquo;est compl\u00e8tement dingue. Avec trois mecs \u00e0 83 m\u00e8tres. Mais Yann est l\u00e0, avec presque 82 m\u00e8tres. Tokyo sera un championnat particulier, avec le d\u00e9calage horaire. Sa r\u00e9ussite va d\u00e9pendre des d\u00e9cisions qu&rsquo;il va prendre dans les semaines pr\u00e9c\u00e9dentes. Tout le monde sera dans sa meilleure forme le jour J, tout le monde sait se pr\u00e9parer. Mais il faut prendre les bonnes d\u00e9cisions, pour g\u00e9rer le d\u00e9calage horaire, l&rsquo;hydratation, c&rsquo;est ce qui fera la performance, le jour J. Pierre-Jean \u00e9tait tr\u00e8s l\u00e0-dessus et cela nous a aid\u00e9 \u00e0 Tokyo, comme \u00e0 Eugene, avec aussi le d\u00e9calage et la chaleur. Il faut tout prendre en compte. Ce n&rsquo;est pas que soulever des barres et lancer des marteaux. Comme, pour les autres athl\u00e8tes, courir vite ou passer des haies.<\/p>\n<p style=\"text-align: justify;\">Mais il faut dire que la F\u00e9d\u00e9ration a fait beaucoup ces derni\u00e8res ann\u00e9es. On n&rsquo;avait pas \u00e7a pour Doha, avec la chaleur. La cellule de la haute-performance a beaucoup, beaucoup (il insiste) aid\u00e9 en 2022-23-24. Beaucoup de choses ont \u00e9t\u00e9 faites pour les athl\u00e8tes. J&rsquo;ai fait crisser des pneus, quand je le disais, mais la F\u00e9d\u00e9 se met en quatre pour nous. Pour les potentiels finalistes et m\u00e9daillables et s\u00e9lectionnables, on est dans une petite bulle. Mais il faut que l&rsquo;athl\u00e8te soit pleinement engag\u00e9 dans son projet. Je peux le dire maintenant, je m&rsquo;en fiche (rires). Le premier acteur de la performance, c&rsquo;est l&rsquo;athl\u00e8te. Il ne faut pas se tromper de combat.<\/p>\n<h2 style=\"text-align: justify;\">Quentin Bigot : \u00ab\u00a0Quand j&rsquo;\u00e9tais jeune, j&rsquo;aurais tu\u00e9 p\u00e8re et m\u00e8re pour la performance\u00a0\u00bb.<\/h2>\n<h3 style=\"text-align: justify;\">Tu as connu le tr\u00e8s haut et le tr\u00e8s bas, avec l&rsquo;athl\u00e9tisme. Maintenant que tu as du recul, comment juges-tu ta carri\u00e8re ?<\/h3>\n<p style=\"text-align: justify;\">(Il rigole). Je suis tr\u00e8s content de ce que j&rsquo;ai fait. Fier de mon parcours. On va venir \u00e0 cet \u00e9pisode du dopage en 2014. Quand j&rsquo;\u00e9tais jeune, j&rsquo;\u00e9tais quelqu&rsquo;un qui aurait tu\u00e9 p\u00e8re et m\u00e8re pour lancer loin le marteau. Et quand tu es pr\u00eat \u00e0 faire cela, tu es pr\u00eat \u00e0 te doper. J&rsquo;ai franchi le pas, largement aid\u00e9 par mon entourage en 2012. Je me fais contr\u00f4ler positif et cela a \u00e9t\u00e9 une chance pour moi. J&rsquo;\u00e9tais jeune, 20 ans \u00e0 peine. Les bonnes personnes ont pu m&rsquo;accompagner apr\u00e8s ce contr\u00f4le antidopage. Ils m&rsquo;ont remis sur les rails, ils m&rsquo;ont fait progresser. J&rsquo;ai eu la chance de rencontrer Pierre-Jean Vazel. Cela m&rsquo;a fait devenir conducteur de train, mon r\u00eave d&rsquo;enfant que j&rsquo;avais abandonn\u00e9 pour le marteau. Pendant ma suspension, je suis parti en formation et je suis donc devenu conducteur de train.<\/p>\n<p style=\"text-align: justify;\">Le fait d&rsquo;\u00eatre conducteur de train m&rsquo;a fait rencontrer ma femme, avec qui on a deux beaux enfants aujourd&rsquo;hui. C&rsquo;est une succession de choses qui sont li\u00e9es \u00e0 ce contr\u00f4le positif, qui a chang\u00e9 ma vie radicalement et dans le bon sens. Oui, je ne peux pas le cacher, parfois, c&rsquo;est un fardeau, c&rsquo;est difficile de le porter. Il y a encore des gens durs avec moi. Mais le temps fait son effet, car les gens finissent par oublier. Surtout, je n&rsquo;ai jamais cherch\u00e9 \u00e0 cacher ce qu&rsquo;il s&rsquo;\u00e9tait pass\u00e9. J&rsquo;ai toujours fait le maximum pour en parler. Aujourd&rsquo;hui, depuis quelques ann\u00e9es, pour essayer d&rsquo;endiguer le dopage. Je ne suis pas pour la r\u00e9pression.<\/p>\n<h2 style=\"text-align: justify;\">Quentin Bigot : \u00ab\u00a0Cela fait un an que je sollicite l&rsquo;AFLD autour de projets\u00a0\u00bb.<\/h2>\n<p style=\"text-align: justify;\">La r\u00e9pression, ce sont les contr\u00f4les, le r\u00f4le des instances anti-dopage. Je pense que le meilleur levier qu&rsquo;on peut avoir, c&rsquo;est l&rsquo;\u00e9ducation. Si j&rsquo;ai faut\u00e9, quand j&rsquo;avais 19 ans, c&rsquo;est parce que j&rsquo;\u00e9tais matrix\u00e9 par des personnes autour de moi. On ne nait pas futur dop\u00e9, on le devient par l&rsquo;entourage et l&rsquo;\u00e9ducation. Je trouve qu&rsquo;il n&rsquo;y a pas assez d&rsquo;\u00e9ducation et je peux le dire. Cela fait un an et demi que je sollicite l&rsquo;AFLD autour de projets. Pour l&rsquo;instant, cela ne prend pas.<\/p>\n<p style=\"text-align: justify;\">Il y a peut-\u00eatre un manque de moyens ou d&rsquo;envie, je n&rsquo;en sais rien. Mais je suis demandeur et rien ne se passe. Il y a vraiment une lutte antidopage \u00e0 deux vitesses. Je ne veux pas rentrer dans le complotisme. Je crois quand m\u00eame qu&rsquo;on va globalement dans le bon sens. On est pass\u00e9 des ann\u00e9es 80 \u00e0 l\u00e0 avec de moins en moins de dopage.<\/p>\n<p style=\"text-align: justify;\">M\u00eame s&rsquo;il ne faut pas se leurrer. Il faut aussi se dire qu&rsquo;il y aura toujours du dopage et qu&rsquo;il faut en avoir conscience. C&rsquo;est dans la nature des hommes de tricher sur plein d&rsquo;autres domaines. Tu vas faire tes courses, tu veux rouler plus vite et on ne respecte pas le Code de la route. D&rsquo;autres trichent sur leurs imp\u00f4ts et ne respectent pas la fiscalit\u00e9. Il y a aussi le code antidopage que des gens ne respectent pas. Cela fait partie de la nature humaine de franchir les limites.<\/p>\n<p style=\"text-align: justify;\">Mais on doit limiter, comme on a limit\u00e9 le nombre de morts sur les routes et comme on a limit\u00e9 la fraude fiscale. La lutte limite de plus en plus le dopage. Mais c&rsquo;est difficile d&rsquo;imaginer qu&rsquo;on arrivera \u00e0 0. Ou alors, cela peut-\u00eatre au prix de certaines libert\u00e9s individuelles. Mais je ne suis pas s\u00fbr que ce soit la meilleure solution.<\/p>\n<h2 style=\"text-align: justify;\">Quentin Bigot : \u00ab\u00a0En reprenant le marteau, je savais que je repartais d&rsquo;une page blanche\u00a0\u00bb.<\/h2>\n<h3 style=\"text-align: justify;\">Tu en as parl\u00e9, mais ta rencontre avec Pierre-Jean Vazel est d\u00e9terminante pour toi et je pense pas que d&rsquo;un point de vue sportif.<\/h3>\n<p style=\"text-align: justify;\">En tant qu&rsquo;homme aussi. En tant qu&rsquo;athl\u00e8te, ce que j&rsquo;avais fait, mon potentiel, n&rsquo;\u00e9tait pas li\u00e9 qu&rsquo;au dopage. Il m&rsquo;a r\u00e9cup\u00e9r\u00e9 \u00e0 la petite cuill\u00e8re, dans un \u00e9tat pitoyable.<\/p>\n<h3 style=\"text-align: justify;\">Tu ne lan\u00e7ais m\u00eame plus \u00e0 50 m, c&rsquo;est \u00e7a ?<\/h3>\n<p style=\"text-align: justify;\">J&rsquo;ai repris le marteau avant de le conna\u00eetre. Mais quand il m&rsquo;a r\u00e9cup\u00e9r\u00e9, je ne lan\u00e7ais pas tr\u00e8s loin. On ne savait pas si je pouvais lancer \u00e0 plus de 70 m\u00e8tres. C&rsquo;\u00e9tait aussi le c\u00f4t\u00e9 beau du d\u00e9fi. Combien Quentin pouvait faire proprement ? Il a fallu faire face au d\u00e9bat sur la m\u00e9moire musculaire, apr\u00e8s le dopage. Pierre-Jean est assez pointu l\u00e0-dessus et m&rsquo;en a parl\u00e9. Je voulais savoir si cela avait eu un impact sur ma carri\u00e8re d&rsquo;apr\u00e8s. Il aurait fallu, d&rsquo;apr\u00e8s ce que j&rsquo;ai compris, que je ne m&rsquo;arr\u00eate pas plusieurs mois, comme je l&rsquo;ai fait, pour b\u00e9n\u00e9ficier des effets. Et maintenir mon niveau. Quand je me fais contr\u00f4ler positif, j&rsquo;arr\u00eate le sport, mais globalement. Je ne fais plus rien pendant six mois, je suis en d\u00e9pression et je perds presque 20 kilos. La masse musculaire est partie.<\/p>\n<p style=\"text-align: justify;\">En reprenant le marteau, je savais que je repartais d&rsquo;une page blanche. Mon gros point fort, qui \u00e9tait la technique, \u00e9tait l\u00e0. Et on n&rsquo;apprend pas \u00e0 lancer mieux techniquement, quand on est dop\u00e9. Cela am\u00e8ne la force et la qualit\u00e9 physique, mais pas la finesse technique. On a donc jou\u00e9 l\u00e0-dessus. Renforcer cet atout en comblant les d\u00e9fauts. Pierre-Jean m&rsquo;a redonn\u00e9 confiance et a fait de moi un autre homme. Il m&rsquo;a aid\u00e9 \u00e0 d\u00e9couvrir plein de choses que je ne connaissais pas en athl\u00e9tisme. Il m&rsquo;a ouvert les yeux sur beaucoup de choses. M\u00eame s&rsquo;il n&rsquo;est plus \u00e0 Metz et qu&rsquo;il est \u00e0 Monaco, o\u00f9 il a toute sa place, je pense, pour World Athletics, on reste vachement en contact. On s&rsquo;\u00e9crit au moins une fois par semaine. Pierre-Jean est plus qu&rsquo;un coach pour moi.<\/p>\n<h2 style=\"text-align: justify;\">Quentin Bigot : \u00ab\u00a0Pierre-Jean m&rsquo;a aid\u00e9 \u00e0 m&rsquo;ouvrir et m&rsquo;\u00e9panouir sur le reste de l&rsquo;athl\u00e9tisme\u00a0\u00bb<\/h2>\n<h3 style=\"text-align: justify;\">C&rsquo;\u00e9tait un sacr\u00e9 pari, car il \u00e9tait ancien entra\u00eeneur de sprint. Toi, tu ne savais pas o\u00f9 tu en \u00e9tais.<\/h3>\n<p style=\"text-align: justify;\">C&rsquo;\u00e9tait un pari, mais Pierre-Jean s&rsquo;en fout des codes. Un mec qui revient de suspension, quelque part il s&rsquo;en fout. Il m&rsquo;a vu en tant que personne. Ce n&rsquo;\u00e9tait pas simple, pour lui, publiquement, d&rsquo;avoir quelqu&rsquo;un comme moi. Mais il a donn\u00e9 beaucoup de cr\u00e9dit \u00e0 mon retour en comp\u00e9tition. Bon, je ne suis pas venu le chercher pour cela, je m&rsquo;en foutais. Avec le recul aujourd&rsquo;hui, je sais qu&rsquo;il m&rsquo;a beaucoup aid\u00e9 aupr\u00e8s des gens et des entra\u00eeneurs.<\/p>\n<h3 style=\"text-align: justify;\">Du coup, te vois-tu entra\u00eener des sprinteurs un jour ?<\/h3>\n<p style=\"text-align: justify;\">Pas du tout (rires). Pierre-Jean est comme il est, il est capable d&rsquo;entra\u00eener du cyclisme sur piste dans 10 ans, chose que je lui ai dit quand il est parti. Je lui ai dit qu&rsquo;on se reverra, mais dans un autre sport. Autant moi, je suis tr\u00e8s marteau. Chose qui lui a plu \u00e9galement. Il m&rsquo;a ouvert \u00e0 toutes les disciplines de l&rsquo;athl\u00e9tisme. Quand je l&rsquo;ai connu, je ne connaissais rien, \u00e0 part dire que 10 secondes au 100 m, c&rsquo;\u00e9tait pas mal. En revanche, j&rsquo;\u00e9tais pointu sur le marteau. Il m&rsquo;a aid\u00e9 \u00e0 m&rsquo;ouvrir et m&rsquo;\u00e9panouir sur le reste de l&rsquo;athl\u00e9tisme et suivre les performances des autres athl\u00e8tes.<\/p>\n<h2 style=\"text-align: justify;\">Quentin Bigot : \u00ab\u00a0Paul Crezevault est un gros potentiel au marteau\u00a0\u00bb<\/h2>\n<h3 style=\"text-align: justify;\">Plus s\u00e9rieusement, tu t&rsquo;es occup\u00e9 de Paul Creuzevault cette ann\u00e9e. Coacher des lanceurs, cela peut devenir une vocation ?<\/h3>\n<p style=\"text-align: justify;\">Je pense. Il y a beaucoup d&rsquo;anciens athl\u00e8tes qui finissent par entra\u00eener, \u00e0 leur mani\u00e8re. Je ne me vois plus comme un accompagnant actuellement. Avec Paul, on a une histoire un peu diff\u00e9rente. C&rsquo;\u00e9tait mon partenaire d&rsquo;entra\u00eenement. Devenir, du jour au lendemain, son entra\u00eeneur, cela ne se fait pas comme cela. Je continue de lancer sur les s\u00e9ances avec lui. Son coach oui, mais je reste son partenaire d&rsquo;entra\u00eenement. On a un peu invers\u00e9 les r\u00f4les.<\/p>\n<h3 style=\"text-align: justify;\">Il fait partie des jeunes prometteurs de la discipline.<\/h3>\n<p style=\"text-align: justify;\">Un gros potentiel qui a encore beaucoup de travail \u00e0 faire sur la technique. Cela tombe bien, car c&rsquo;est mon dada. Je n&rsquo;ai rien \u00e0 lui apprendre sur la force, il est d\u00e9j\u00e0 tr\u00e8s fort, avec un bon physique. C&rsquo;est quelqu&rsquo;un qui a lanc\u00e9 \u00e0 73.50 m, ce qui est d\u00e9j\u00e0 une performance internationale. M\u00eame si ce n&rsquo;est pas 80 m\u00e8tres. Tout le monde ne fait pas 73.50 m. Je pense que, sur du moyen terme, qui peut aller aux JO 2028 ? Un gars qui peut lancer \u00e0 77-78 m.<\/p>\n<p style=\"text-align: justify;\">Et si, le jour J, il performe, rentrer en finale olympique. C&rsquo;est quelqu&rsquo;un que j&rsquo;ai envie d&rsquo;accompagner. En revanche, pour l&rsquo;heure, prendre des jeunes et les amener, cela ne m&rsquo;int\u00e9resse pas trop. Je vais quand m\u00eame le faire, parce que c&rsquo;est important de transmettre ce que j&rsquo;ai appris. J&rsquo;ai appris \u00e0 le faire occasionnellement. Mais pas au point de former un groupe d&rsquo;entra\u00eenement. J&rsquo;ai d&rsquo;autres objectifs en t\u00eate et je ne veux pas m&rsquo;\u00e9parpiller.<\/p>\n<h2 style=\"text-align: justify;\">Quentin Bigot : \u00ab\u00a0Une image des lancers et des lanceurs \u00e0 changer\u00a0\u00bb<\/h2>\n<h3 style=\"text-align: justify;\">On avait \u00e9voqu\u00e9 ensemble la place du marteau en France, quatre ans apr\u00e8s, tu vois de l&rsquo;am\u00e9lioration ?<\/h3>\n<p style=\"text-align: justify;\">Oui, oui (il le dit deux fois). Parce qu&rsquo;on a eu des r\u00e9sultats, avec Alexandra Taverrnier et M\u00e9lina Robert-Michon. On ram\u00e8ne tous des m\u00e9dailles. Cela a d\u00e9complex\u00e9 les lanceurs. Notre image a jou\u00e9 aussi, avec des personnalit\u00e9s. J&rsquo;essaie d&rsquo;\u00eatre naturel avec les gens, mais de ne pas dire de conneries sur les plateaux t\u00e9l\u00e9s. J&rsquo;essaie de montrer le bon c\u00f4t\u00e9 de notre sport. Et d&rsquo;enlever cette image du lanceur bourru, qui ne r\u00e9flechit pas et qui a des muscles \u00e0 la place du cerveau. Mais les lancers, cela n&rsquo;a jamais \u00e9t\u00e9 \u00e7a.<\/p>\n<h3 style=\"text-align: justify;\">C&rsquo;\u00e9tait soit \u00e7a, soit le gros nounours&#8230;<\/h3>\n<p style=\"text-align: justify;\">On peut \u00eatre un gros nounours et en avoir dans le cerveau (rires). Cela continue, avec la rel\u00e8ve de Rose Loga et de Yann Chaussinand. Ce sont de nouvelles g\u00e9n\u00e9rations et j&rsquo;esp\u00e8re qu&rsquo;ils sauront transmettre ce qu&rsquo;on a transmis \u00e0 l&rsquo;\u00e9poque. Je pense qu&rsquo;on a eu une meilleure consid\u00e9ration des athl\u00e8tes de l&rsquo;\u00e9quipe de France, quand on a commenc\u00e9 \u00e0 ramener des m\u00e9dailles. Quand je rentre de Doha, ce n&rsquo;\u00e9tait plus pareil. J&rsquo;ai senti que mon statut avait chang\u00e9 en \u00e9quipe de France. J&rsquo;\u00e9tais m\u00e9daill\u00e9 des championnats du monde, en m\u00eame temps que Pascal Martinot-Lagarde. Cela a permis d&rsquo;\u00e9changer avec plein d&rsquo;athl\u00e8tes et casser notre image. Il faut briser nous-m\u00eames la glace. Je suis parfois g\u00ean\u00e9 avec certaines personnes et certains entra\u00eeneurs qui se lapident eux-m\u00eames en disant : \u00ab\u00a0On ne parle pas de nous, on est les parents pauvres\u00a0\u00bb. Je d\u00e9teste cette expression.<\/p>\n<p style=\"text-align: justify;\">Qu&rsquo;est-ce qu&rsquo;ils font, pour ne pas \u00eatre les parents pauvres de l&rsquo;athl\u00e9tisme fran\u00e7ais. Il faut savoir communiquer et se mettre en avant. Les lanceurs ont tr\u00e8s mal g\u00e9r\u00e9 leur communication, pendant des ann\u00e9es. Alors que les sprinters \u00e9taient tr\u00e8s bon. Oui, on n&rsquo;a pas les m\u00eames moyens, les retomb\u00e9es ne sont pas les m\u00eames financi\u00e8rement. Je pense que se lapider ne fait pas avancer les choses. Il faut sortir de cette bulle-l\u00e0. Je vois encore des commentaires comme cela. Pourquoi ne pas cr\u00e9er des \u00e9v\u00e8nements autour du lancer, qui rassemblent. Je n&rsquo;ai jamais entendu une personne, qui a vu du marteau \u00e0 la t\u00e9l\u00e9, dire que c&rsquo;\u00e9tait nul. Ils me disent que c&rsquo;est impressionnant et incroyable. Et qu&rsquo;\u00e0 c\u00f4t\u00e9, mettre du 10000 m, c&rsquo;\u00e9tait long. Il y a tout un travail de communication \u00e0 faire.<\/p>\n<p style=\"text-align: justify;\">Et se d\u00e9complexer. Oui, dans la pens\u00e9e des gens, il vaut mieux ressembler \u00e0 une R\u00e9nelle Lamote qu&rsquo;\u00e0 une Alexandra Tavernier (NDLR : <a href=\"https:\/\/sans-filtre.fr\/alexandra-tavernier-le-manque-de-mediatisation-des-lancers-cest-tres-francais\/\">elle le dit elle-m\u00eame dans plusieurs interviews<\/a>). Mais le constat aujourd&rsquo;hui, c&rsquo;est que les gens ressemblent plus \u00e0 Alexandra Tavernier qu&rsquo;\u00e0 R\u00e9nelle Lamote. Il y a toute une image de la soci\u00e9t\u00e9 \u00e0 changer. L&rsquo;envie des gens est peut-\u00eatre de ressembler \u00e0 un mec gain\u00e9 et bal\u00e8ze. Mais la r\u00e9alit\u00e9, ce n&rsquo;est pas \u00e7a (rires).<\/p>\n","protected":false},"excerpt":{"rendered":"<p>Entretien avec Quentin Bigot, d\u00e9sormais retrait\u00e9 apr\u00e8s une longue carri\u00e8re en lancer de marteau et une m\u00e9daille d&rsquo;argent mondiale.<\/p>\n","protected":false},"author":83,"featured_media":608178,"comment_status":"open","ping_status":"closed","sticky":false,"template":"","format":"standard","meta":{"_acf_changed":false,"_daextam_enable_autolinks":"1","footnotes":""},"categories":[2308],"tags":[143,16878,24],"class_list":["post-607685","post","type-post","status-publish","format-standard","has-post-thumbnail","hentry","category-athletisme","tag-athletisme","tag-breve","tag-sport"],"acf":[],"yoast_head":"<!-- This site is optimized with the Yoast SEO Premium plugin v26.7 (Yoast SEO v26.7) - https:\/\/yoast.com\/wordpress\/plugins\/seo\/ -->\n<title>Quentin Bigot (marteau) : &quot;Il y avait un vrai risque pour ma sant\u00e9&quot;<\/title>\n<meta name=\"description\" content=\"ATHLETISME - Entretien avec Quentin Bigot, d\u00e9sormais retrait\u00e9 apr\u00e8s une longue carri\u00e8re en lancer de marteau et une m\u00e9daille d&#039;argent mondiale.\" \/>\n<meta name=\"robots\" content=\"index, follow, max-snippet:-1, max-image-preview:large, max-video-preview:-1\" \/>\n<link rel=\"canonical\" href=\"https:\/\/dicodusport.fr\/blog\/quentin-bigot-marteau-il-y-avait-un-vrai-risque-pour-ma-sante\/\" \/>\n<meta property=\"og:locale\" content=\"fr_FR\" \/>\n<meta property=\"og:type\" content=\"article\" \/>\n<meta property=\"og:title\" content=\"Quentin Bigot (marteau) : &quot;Il y avait un vrai risque pour ma sant\u00e9&quot;\" \/>\n<meta property=\"og:description\" content=\"ATHLETISME - Entretien avec Quentin Bigot, d\u00e9sormais retrait\u00e9 apr\u00e8s une longue carri\u00e8re en lancer de marteau et une m\u00e9daille d&#039;argent mondiale.\" \/>\n<meta property=\"og:url\" content=\"https:\/\/dicodusport.fr\/blog\/quentin-bigot-marteau-il-y-avait-un-vrai-risque-pour-ma-sante\/\" \/>\n<meta property=\"og:site_name\" content=\"Dicodusport\" \/>\n<meta property=\"article:publisher\" content=\"https:\/\/www.facebook.com\/dicodusport\" \/>\n<meta property=\"article:published_time\" content=\"2025-09-08T10:00:36+00:00\" \/>\n<meta property=\"article:modified_time\" content=\"2025-11-26T20:53:12+00:00\" \/>\n<meta property=\"og:image\" content=\"https:\/\/dicodusport.fr\/blog\/wp-content\/uploads\/2025\/09\/Quentin-Bigot-marteau-Il-y-avait-un-vrai-risque-pour-ma-sante.png\" \/>\n\t<meta property=\"og:image:width\" content=\"1200\" \/>\n\t<meta property=\"og:image:height\" content=\"674\" \/>\n\t<meta property=\"og:image:type\" content=\"image\/png\" \/>\n<meta name=\"author\" content=\"Etienne Goursaud\" \/>\n<meta name=\"twitter:card\" content=\"summary_large_image\" \/>\n<meta name=\"twitter:title\" content=\"Quentin Bigot (marteau) : &quot;Il y avait un vrai risque pour ma sant\u00e9&quot;\" \/>\n<meta name=\"twitter:creator\" content=\"@dicodusport\" \/>\n<meta name=\"twitter:site\" content=\"@dicodusport\" \/>\n<script type=\"application\/ld+json\" class=\"yoast-schema-graph\">{\"@context\":\"https:\/\/schema.org\",\"@graph\":[{\"@type\":\"NewsArticle\",\"@id\":\"https:\/\/dicodusport.fr\/blog\/quentin-bigot-marteau-il-y-avait-un-vrai-risque-pour-ma-sante\/#article\",\"isPartOf\":{\"@id\":\"https:\/\/dicodusport.fr\/blog\/quentin-bigot-marteau-il-y-avait-un-vrai-risque-pour-ma-sante\/\"},\"author\":{\"name\":\"Etienne Goursaud\",\"@id\":\"https:\/\/dicodusport.fr\/blog\/#\/schema\/person\/d603dd7da31fb2b46c82b9835a77ec13\"},\"headline\":\"Quentin Bigot (marteau) : \u00ab\u00a0Il y avait un vrai risque pour ma sant\u00e9\u00a0\u00bb\",\"datePublished\":\"2025-09-08T10:00:36+00:00\",\"dateModified\":\"2025-11-26T20:53:12+00:00\",\"mainEntityOfPage\":{\"@id\":\"https:\/\/dicodusport.fr\/blog\/quentin-bigot-marteau-il-y-avait-un-vrai-risque-pour-ma-sante\/\"},\"wordCount\":4792,\"commentCount\":0,\"publisher\":{\"@id\":\"https:\/\/dicodusport.fr\/blog\/#organization\"},\"image\":{\"@id\":\"https:\/\/dicodusport.fr\/blog\/quentin-bigot-marteau-il-y-avait-un-vrai-risque-pour-ma-sante\/#primaryimage\"},\"thumbnailUrl\":\"https:\/\/dicodusport.fr\/blog\/wp-content\/uploads\/2025\/09\/Quentin-Bigot-marteau-Il-y-avait-un-vrai-risque-pour-ma-sante.png\",\"keywords\":[\"Athl\u00e9tisme\",\"br\u00e8ve\",\"sport\"],\"articleSection\":[\"Athl\u00e9tisme\"],\"inLanguage\":\"fr-FR\",\"potentialAction\":[{\"@type\":\"CommentAction\",\"name\":\"Comment\",\"target\":[\"https:\/\/dicodusport.fr\/blog\/quentin-bigot-marteau-il-y-avait-un-vrai-risque-pour-ma-sante\/#respond\"]}],\"copyrightYear\":\"2025\",\"copyrightHolder\":{\"@id\":\"https:\/\/dicodusport.fr\/blog\/#organization\"}},{\"@type\":\"WebPage\",\"@id\":\"https:\/\/dicodusport.fr\/blog\/quentin-bigot-marteau-il-y-avait-un-vrai-risque-pour-ma-sante\/\",\"url\":\"https:\/\/dicodusport.fr\/blog\/quentin-bigot-marteau-il-y-avait-un-vrai-risque-pour-ma-sante\/\",\"name\":\"Quentin Bigot (marteau) : \\\"Il y avait un vrai risque pour ma sant\u00e9\\\"\",\"isPartOf\":{\"@id\":\"https:\/\/dicodusport.fr\/blog\/#website\"},\"primaryImageOfPage\":{\"@id\":\"https:\/\/dicodusport.fr\/blog\/quentin-bigot-marteau-il-y-avait-un-vrai-risque-pour-ma-sante\/#primaryimage\"},\"image\":{\"@id\":\"https:\/\/dicodusport.fr\/blog\/quentin-bigot-marteau-il-y-avait-un-vrai-risque-pour-ma-sante\/#primaryimage\"},\"thumbnailUrl\":\"https:\/\/dicodusport.fr\/blog\/wp-content\/uploads\/2025\/09\/Quentin-Bigot-marteau-Il-y-avait-un-vrai-risque-pour-ma-sante.png\",\"datePublished\":\"2025-09-08T10:00:36+00:00\",\"dateModified\":\"2025-11-26T20:53:12+00:00\",\"description\":\"ATHLETISME - Entretien avec Quentin Bigot, d\u00e9sormais retrait\u00e9 apr\u00e8s une longue carri\u00e8re en lancer de marteau et une m\u00e9daille d'argent mondiale.\",\"breadcrumb\":{\"@id\":\"https:\/\/dicodusport.fr\/blog\/quentin-bigot-marteau-il-y-avait-un-vrai-risque-pour-ma-sante\/#breadcrumb\"},\"inLanguage\":\"fr-FR\",\"potentialAction\":[{\"@type\":\"ReadAction\",\"target\":[\"https:\/\/dicodusport.fr\/blog\/quentin-bigot-marteau-il-y-avait-un-vrai-risque-pour-ma-sante\/\"]}]},{\"@type\":\"ImageObject\",\"inLanguage\":\"fr-FR\",\"@id\":\"https:\/\/dicodusport.fr\/blog\/quentin-bigot-marteau-il-y-avait-un-vrai-risque-pour-ma-sante\/#primaryimage\",\"url\":\"https:\/\/dicodusport.fr\/blog\/wp-content\/uploads\/2025\/09\/Quentin-Bigot-marteau-Il-y-avait-un-vrai-risque-pour-ma-sante.png\",\"contentUrl\":\"https:\/\/dicodusport.fr\/blog\/wp-content\/uploads\/2025\/09\/Quentin-Bigot-marteau-Il-y-avait-un-vrai-risque-pour-ma-sante.png\",\"width\":1200,\"height\":674,\"caption\":\"Quentin Bigot (marteau) : \\\"Il y avait un vrai risque pour ma sant\u00e9\\\"\"},{\"@type\":\"BreadcrumbList\",\"@id\":\"https:\/\/dicodusport.fr\/blog\/quentin-bigot-marteau-il-y-avait-un-vrai-risque-pour-ma-sante\/#breadcrumb\",\"itemListElement\":[{\"@type\":\"ListItem\",\"position\":1,\"name\":\"Accueil\",\"item\":\"https:\/\/dicodusport.fr\/blog\/\"},{\"@type\":\"ListItem\",\"position\":2,\"name\":\"Quentin Bigot (marteau) : \u00ab\u00a0Il y avait un vrai risque pour ma sant\u00e9\u00a0\u00bb\"}]},{\"@type\":\"WebSite\",\"@id\":\"https:\/\/dicodusport.fr\/blog\/#website\",\"url\":\"https:\/\/dicodusport.fr\/blog\/\",\"name\":\"Dicodusport\",\"description\":\"L&#039;encyclop\u00e9die de l&#039;actualit\u00e9 sportive\",\"publisher\":{\"@id\":\"https:\/\/dicodusport.fr\/blog\/#organization\"},\"potentialAction\":[{\"@type\":\"SearchAction\",\"target\":{\"@type\":\"EntryPoint\",\"urlTemplate\":\"https:\/\/dicodusport.fr\/blog\/?s={search_term_string}\"},\"query-input\":{\"@type\":\"PropertyValueSpecification\",\"valueRequired\":true,\"valueName\":\"search_term_string\"}}],\"inLanguage\":\"fr-FR\"},{\"@type\":\"NewsMediaOrganization\",\"@id\":\"https:\/\/dicodusport.fr\/blog\/#organization\",\"name\":\"Dicodusport\",\"url\":\"https:\/\/dicodusport.fr\/blog\/\",\"logo\":{\"@type\":\"ImageObject\",\"inLanguage\":\"fr-FR\",\"@id\":\"https:\/\/dicodusport.fr\/blog\/#\/schema\/logo\/image\/\",\"url\":\"https:\/\/dicodusport.fr\/blog\/wp-content\/uploads\/2020\/06\/cropped-LOGO-DICODUSPORT-2020-SANS-FOND-SANS-TEXTE.png\",\"contentUrl\":\"https:\/\/dicodusport.fr\/blog\/wp-content\/uploads\/2020\/06\/cropped-LOGO-DICODUSPORT-2020-SANS-FOND-SANS-TEXTE.png\",\"width\":512,\"height\":512,\"caption\":\"Dicodusport\"},\"image\":{\"@id\":\"https:\/\/dicodusport.fr\/blog\/#\/schema\/logo\/image\/\"},\"sameAs\":[\"https:\/\/www.facebook.com\/dicodusport\",\"https:\/\/x.com\/dicodusport\",\"https:\/\/www.instagram.com\/dicodusport\/\",\"https:\/\/www.youtube.com\/channel\/UC7V2KZ5sd3htJivAbA4ZG3w\"],\"description\":\"Dicodusport est l'encyclop\u00e9die de l'actualit\u00e9 sportive.\",\"email\":\"bonjour@dicodusport.fr\",\"legalName\":\"DICODUSPORT\",\"foundingDate\":\"2018-01-14\",\"vatID\":\"FR71834470973\",\"taxID\":\"83447097300043\",\"numberOfEmployees\":{\"@type\":\"QuantitativeValue\",\"minValue\":\"1\",\"maxValue\":\"10\"}},{\"@type\":\"Person\",\"@id\":\"https:\/\/dicodusport.fr\/blog\/#\/schema\/person\/d603dd7da31fb2b46c82b9835a77ec13\",\"name\":\"Etienne Goursaud\",\"image\":{\"@type\":\"ImageObject\",\"inLanguage\":\"fr-FR\",\"@id\":\"https:\/\/dicodusport.fr\/blog\/#\/schema\/person\/image\/\",\"url\":\"https:\/\/dicodusport.fr\/blog\/wp-content\/uploads\/2023\/12\/410122264_10231602061736049_5565839791558026645_n-150x150.jpg\",\"contentUrl\":\"https:\/\/dicodusport.fr\/blog\/wp-content\/uploads\/2023\/12\/410122264_10231602061736049_5565839791558026645_n-150x150.jpg\",\"caption\":\"Etienne Goursaud\"},\"description\":\"Journaliste et amoureux de sport. Ancien footballeur reconverti athl\u00e8te quand ses muscles le laissent tranquille. \u00c9lev\u00e9 \u00e0 la sauce des exploits de Thomas Voeckler en 2004, du dernier essai de l\u00e9gende de Eunice Barber \u00e0 la longueur lors des championnats du monde d'athl\u00e9tisme de 2003 mais aussi Zidane, Omeyer et Titou Lamaison.\",\"url\":\"https:\/\/dicodusport.fr\/blog\/author\/etienne-goursaud\/\"}]}<\/script>\n<!-- \/ Yoast SEO Premium plugin. -->","yoast_head_json":{"title":"Quentin Bigot (marteau) : \"Il y avait un vrai risque pour ma sant\u00e9\"","description":"ATHLETISME - Entretien avec Quentin Bigot, d\u00e9sormais retrait\u00e9 apr\u00e8s une longue carri\u00e8re en lancer de marteau et une m\u00e9daille d'argent mondiale.","robots":{"index":"index","follow":"follow","max-snippet":"max-snippet:-1","max-image-preview":"max-image-preview:large","max-video-preview":"max-video-preview:-1"},"canonical":"https:\/\/dicodusport.fr\/blog\/quentin-bigot-marteau-il-y-avait-un-vrai-risque-pour-ma-sante\/","og_locale":"fr_FR","og_type":"article","og_title":"Quentin Bigot (marteau) : \"Il y avait un vrai risque pour ma sant\u00e9\"","og_description":"ATHLETISME - Entretien avec Quentin Bigot, d\u00e9sormais retrait\u00e9 apr\u00e8s une longue carri\u00e8re en lancer de marteau et une m\u00e9daille d'argent mondiale.","og_url":"https:\/\/dicodusport.fr\/blog\/quentin-bigot-marteau-il-y-avait-un-vrai-risque-pour-ma-sante\/","og_site_name":"Dicodusport","article_publisher":"https:\/\/www.facebook.com\/dicodusport","article_published_time":"2025-09-08T10:00:36+00:00","article_modified_time":"2025-11-26T20:53:12+00:00","og_image":[{"width":1200,"height":674,"url":"https:\/\/dicodusport.fr\/blog\/wp-content\/uploads\/2025\/09\/Quentin-Bigot-marteau-Il-y-avait-un-vrai-risque-pour-ma-sante.png","type":"image\/png"}],"author":"Etienne Goursaud","twitter_card":"summary_large_image","twitter_title":"Quentin Bigot (marteau) : \"Il y avait un vrai risque pour ma sant\u00e9\"","twitter_creator":"@dicodusport","twitter_site":"@dicodusport","schema":{"@context":"https:\/\/schema.org","@graph":[{"@type":"NewsArticle","@id":"https:\/\/dicodusport.fr\/blog\/quentin-bigot-marteau-il-y-avait-un-vrai-risque-pour-ma-sante\/#article","isPartOf":{"@id":"https:\/\/dicodusport.fr\/blog\/quentin-bigot-marteau-il-y-avait-un-vrai-risque-pour-ma-sante\/"},"author":{"name":"Etienne Goursaud","@id":"https:\/\/dicodusport.fr\/blog\/#\/schema\/person\/d603dd7da31fb2b46c82b9835a77ec13"},"headline":"Quentin Bigot (marteau) : \u00ab\u00a0Il y avait un vrai risque pour ma sant\u00e9\u00a0\u00bb","datePublished":"2025-09-08T10:00:36+00:00","dateModified":"2025-11-26T20:53:12+00:00","mainEntityOfPage":{"@id":"https:\/\/dicodusport.fr\/blog\/quentin-bigot-marteau-il-y-avait-un-vrai-risque-pour-ma-sante\/"},"wordCount":4792,"commentCount":0,"publisher":{"@id":"https:\/\/dicodusport.fr\/blog\/#organization"},"image":{"@id":"https:\/\/dicodusport.fr\/blog\/quentin-bigot-marteau-il-y-avait-un-vrai-risque-pour-ma-sante\/#primaryimage"},"thumbnailUrl":"https:\/\/dicodusport.fr\/blog\/wp-content\/uploads\/2025\/09\/Quentin-Bigot-marteau-Il-y-avait-un-vrai-risque-pour-ma-sante.png","keywords":["Athl\u00e9tisme","br\u00e8ve","sport"],"articleSection":["Athl\u00e9tisme"],"inLanguage":"fr-FR","potentialAction":[{"@type":"CommentAction","name":"Comment","target":["https:\/\/dicodusport.fr\/blog\/quentin-bigot-marteau-il-y-avait-un-vrai-risque-pour-ma-sante\/#respond"]}],"copyrightYear":"2025","copyrightHolder":{"@id":"https:\/\/dicodusport.fr\/blog\/#organization"}},{"@type":"WebPage","@id":"https:\/\/dicodusport.fr\/blog\/quentin-bigot-marteau-il-y-avait-un-vrai-risque-pour-ma-sante\/","url":"https:\/\/dicodusport.fr\/blog\/quentin-bigot-marteau-il-y-avait-un-vrai-risque-pour-ma-sante\/","name":"Quentin Bigot (marteau) : \"Il y avait un vrai risque pour ma sant\u00e9\"","isPartOf":{"@id":"https:\/\/dicodusport.fr\/blog\/#website"},"primaryImageOfPage":{"@id":"https:\/\/dicodusport.fr\/blog\/quentin-bigot-marteau-il-y-avait-un-vrai-risque-pour-ma-sante\/#primaryimage"},"image":{"@id":"https:\/\/dicodusport.fr\/blog\/quentin-bigot-marteau-il-y-avait-un-vrai-risque-pour-ma-sante\/#primaryimage"},"thumbnailUrl":"https:\/\/dicodusport.fr\/blog\/wp-content\/uploads\/2025\/09\/Quentin-Bigot-marteau-Il-y-avait-un-vrai-risque-pour-ma-sante.png","datePublished":"2025-09-08T10:00:36+00:00","dateModified":"2025-11-26T20:53:12+00:00","description":"ATHLETISME - Entretien avec Quentin Bigot, d\u00e9sormais retrait\u00e9 apr\u00e8s une longue carri\u00e8re en lancer de marteau et une m\u00e9daille d'argent mondiale.","breadcrumb":{"@id":"https:\/\/dicodusport.fr\/blog\/quentin-bigot-marteau-il-y-avait-un-vrai-risque-pour-ma-sante\/#breadcrumb"},"inLanguage":"fr-FR","potentialAction":[{"@type":"ReadAction","target":["https:\/\/dicodusport.fr\/blog\/quentin-bigot-marteau-il-y-avait-un-vrai-risque-pour-ma-sante\/"]}]},{"@type":"ImageObject","inLanguage":"fr-FR","@id":"https:\/\/dicodusport.fr\/blog\/quentin-bigot-marteau-il-y-avait-un-vrai-risque-pour-ma-sante\/#primaryimage","url":"https:\/\/dicodusport.fr\/blog\/wp-content\/uploads\/2025\/09\/Quentin-Bigot-marteau-Il-y-avait-un-vrai-risque-pour-ma-sante.png","contentUrl":"https:\/\/dicodusport.fr\/blog\/wp-content\/uploads\/2025\/09\/Quentin-Bigot-marteau-Il-y-avait-un-vrai-risque-pour-ma-sante.png","width":1200,"height":674,"caption":"Quentin Bigot (marteau) : \"Il y avait un vrai risque pour ma sant\u00e9\""},{"@type":"BreadcrumbList","@id":"https:\/\/dicodusport.fr\/blog\/quentin-bigot-marteau-il-y-avait-un-vrai-risque-pour-ma-sante\/#breadcrumb","itemListElement":[{"@type":"ListItem","position":1,"name":"Accueil","item":"https:\/\/dicodusport.fr\/blog\/"},{"@type":"ListItem","position":2,"name":"Quentin Bigot (marteau) : \u00ab\u00a0Il y avait un vrai risque pour ma sant\u00e9\u00a0\u00bb"}]},{"@type":"WebSite","@id":"https:\/\/dicodusport.fr\/blog\/#website","url":"https:\/\/dicodusport.fr\/blog\/","name":"Dicodusport","description":"L&#039;encyclop\u00e9die de l&#039;actualit\u00e9 sportive","publisher":{"@id":"https:\/\/dicodusport.fr\/blog\/#organization"},"potentialAction":[{"@type":"SearchAction","target":{"@type":"EntryPoint","urlTemplate":"https:\/\/dicodusport.fr\/blog\/?s={search_term_string}"},"query-input":{"@type":"PropertyValueSpecification","valueRequired":true,"valueName":"search_term_string"}}],"inLanguage":"fr-FR"},{"@type":"NewsMediaOrganization","@id":"https:\/\/dicodusport.fr\/blog\/#organization","name":"Dicodusport","url":"https:\/\/dicodusport.fr\/blog\/","logo":{"@type":"ImageObject","inLanguage":"fr-FR","@id":"https:\/\/dicodusport.fr\/blog\/#\/schema\/logo\/image\/","url":"https:\/\/dicodusport.fr\/blog\/wp-content\/uploads\/2020\/06\/cropped-LOGO-DICODUSPORT-2020-SANS-FOND-SANS-TEXTE.png","contentUrl":"https:\/\/dicodusport.fr\/blog\/wp-content\/uploads\/2020\/06\/cropped-LOGO-DICODUSPORT-2020-SANS-FOND-SANS-TEXTE.png","width":512,"height":512,"caption":"Dicodusport"},"image":{"@id":"https:\/\/dicodusport.fr\/blog\/#\/schema\/logo\/image\/"},"sameAs":["https:\/\/www.facebook.com\/dicodusport","https:\/\/x.com\/dicodusport","https:\/\/www.instagram.com\/dicodusport\/","https:\/\/www.youtube.com\/channel\/UC7V2KZ5sd3htJivAbA4ZG3w"],"description":"Dicodusport est l'encyclop\u00e9die de l'actualit\u00e9 sportive.","email":"bonjour@dicodusport.fr","legalName":"DICODUSPORT","foundingDate":"2018-01-14","vatID":"FR71834470973","taxID":"83447097300043","numberOfEmployees":{"@type":"QuantitativeValue","minValue":"1","maxValue":"10"}},{"@type":"Person","@id":"https:\/\/dicodusport.fr\/blog\/#\/schema\/person\/d603dd7da31fb2b46c82b9835a77ec13","name":"Etienne Goursaud","image":{"@type":"ImageObject","inLanguage":"fr-FR","@id":"https:\/\/dicodusport.fr\/blog\/#\/schema\/person\/image\/","url":"https:\/\/dicodusport.fr\/blog\/wp-content\/uploads\/2023\/12\/410122264_10231602061736049_5565839791558026645_n-150x150.jpg","contentUrl":"https:\/\/dicodusport.fr\/blog\/wp-content\/uploads\/2023\/12\/410122264_10231602061736049_5565839791558026645_n-150x150.jpg","caption":"Etienne Goursaud"},"description":"Journaliste et amoureux de sport. Ancien footballeur reconverti athl\u00e8te quand ses muscles le laissent tranquille. \u00c9lev\u00e9 \u00e0 la sauce des exploits de Thomas Voeckler en 2004, du dernier essai de l\u00e9gende de Eunice Barber \u00e0 la longueur lors des championnats du monde d'athl\u00e9tisme de 2003 mais aussi Zidane, Omeyer et Titou Lamaison.","url":"https:\/\/dicodusport.fr\/blog\/author\/etienne-goursaud\/"}]}},"_links":{"self":[{"href":"https:\/\/dicodusport.fr\/blog\/wp-json\/wp\/v2\/posts\/607685","targetHints":{"allow":["GET"]}}],"collection":[{"href":"https:\/\/dicodusport.fr\/blog\/wp-json\/wp\/v2\/posts"}],"about":[{"href":"https:\/\/dicodusport.fr\/blog\/wp-json\/wp\/v2\/types\/post"}],"author":[{"embeddable":true,"href":"https:\/\/dicodusport.fr\/blog\/wp-json\/wp\/v2\/users\/83"}],"replies":[{"embeddable":true,"href":"https:\/\/dicodusport.fr\/blog\/wp-json\/wp\/v2\/comments?post=607685"}],"version-history":[{"count":5,"href":"https:\/\/dicodusport.fr\/blog\/wp-json\/wp\/v2\/posts\/607685\/revisions"}],"predecessor-version":[{"id":628114,"href":"https:\/\/dicodusport.fr\/blog\/wp-json\/wp\/v2\/posts\/607685\/revisions\/628114"}],"wp:featuredmedia":[{"embeddable":true,"href":"https:\/\/dicodusport.fr\/blog\/wp-json\/wp\/v2\/media\/608178"}],"wp:attachment":[{"href":"https:\/\/dicodusport.fr\/blog\/wp-json\/wp\/v2\/media?parent=607685"}],"wp:term":[{"taxonomy":"category","embeddable":true,"href":"https:\/\/dicodusport.fr\/blog\/wp-json\/wp\/v2\/categories?post=607685"},{"taxonomy":"post_tag","embeddable":true,"href":"https:\/\/dicodusport.fr\/blog\/wp-json\/wp\/v2\/tags?post=607685"}],"curies":[{"name":"wp","href":"https:\/\/api.w.org\/{rel}","templated":true}]}}