{"id":607975,"date":"2025-09-05T10:16:49","date_gmt":"2025-09-05T08:16:49","guid":{"rendered":"https:\/\/dicodusport.fr\/blog\/?p=607975&#038;preview=true&#038;preview_id=607975"},"modified":"2025-09-05T10:16:49","modified_gmt":"2025-09-05T08:16:49","slug":"un-ufc-numerote-en-france-cest-pour-quand","status":"publish","type":"post","link":"https:\/\/dicodusport.fr\/blog\/un-ufc-numerote-en-france-cest-pour-quand\/","title":{"rendered":"Un UFC num\u00e9rot\u00e9 en France, c&rsquo;est pour quand ?"},"content":{"rendered":"<p style=\"text-align: justify;\"><strong><em>UFC &#8211;<\/em> <\/strong><strong><em>Si l\u2019organisation reine du MMA va se d\u00e9localiser en France pour la quatri\u00e8me fois de son histoire, aucun \u00e9v\u00e9nement \u00e0 Paris n\u2019a encore fait partie des fameux UFC num\u00e9rot\u00e9s. Peut-on esp\u00e9rer voir cela arriver dans les prochaines ann\u00e9es\u00a0?<\/em> <\/strong><\/p>\n<ul>\n<li style=\"text-align: justify;\"><strong>\u00c0 ce sujet \u2013\u00a0<a href=\"https:\/\/dicodusport.fr\/blog\/ufc-paris-4-liste-des-combats-cartes-principale-et-preliminaire\/\">UFC Paris 4 : Liste des combats Cartes principale et pr\u00e9liminaire<\/a><\/strong><\/li>\n<\/ul>\n<h2 style=\"text-align: justify;\">Une ceinture\u00a0: la condition <em>sine qua non<\/em>\u00a0!<\/h2>\n<p style=\"text-align: justify;\">Pour esp\u00e9rer voir un UFC num\u00e9rot\u00e9 \u00e0 Paris, il faudra imp\u00e9rativement qu\u2019un combattant de la carte y dispute un combat de championnat. Et en toute logique, un combattant fran\u00e7ais. Si cette circonstance n\u2019est historiquement pas indispensable, la quasi-totalit\u00e9 des UFC num\u00e9rot\u00e9s de la derni\u00e8re d\u00e9cennie ont eu une ceinture en jeu dans leur programme. On peut relever quelques rares exceptions, \u00e0 l\u2019image de l\u2019UFC 202, o\u00f9 le <em>superfight <\/em>entre <strong>Conor McGregor <\/strong>et <strong>Nate Diaz <\/strong>suffisait \u00e0 justifier l\u2019\u00e9v\u00e9nement \u00e0 lui seul. Aussi, aucun titre n\u2019avait \u00e9t\u00e9 disput\u00e9 lors de l\u2019UFC 234, puisque le <em>title-fight <\/em>pr\u00e9vu entre <strong>Whittaker<\/strong> et <strong>Gastelum<\/strong> avait finalement \u00e9t\u00e9 annul\u00e9 le jour m\u00eame du gala.<\/p>\n<ul>\n<li style=\"text-align: justify;\"><strong>\u00c0 ce sujet \u2013\u00a0<a href=\"https:\/\/dicodusport.fr\/blog\/ufc-paris-4-a-quelle-heure-et-sur-quelle-chaine-tv\/\">UFC Paris 4 : \u00c0 quelle heure et sur quelle cha\u00eene TV<\/a><\/strong><\/li>\n<\/ul>\n<p style=\"text-align: justify;\">Parenth\u00e8se ferm\u00e9e, m\u00eame un Fran\u00e7ais qui combattrait pour le titre ne le ferait pas imp\u00e9rativement \u00e0 l\u2019UFC Paris. R\u00e9cemment, <strong>Ciryl Gane <\/strong>(plusieurs fois) et <strong>Manon Fiorot <\/strong>sont tous deux rentr\u00e9s dans l\u2019octogone pour la ceinture, mais en Am\u00e9rique. Pour qu\u2019un Tricolore pousse <strong>Dana White <\/strong>\u00e0 organiser une soir\u00e9e num\u00e9rot\u00e9e dans la capitale, il faudrait que ce combattant soit dans une position de champion (plus l\u00e9gitime \u00e0 combattre \u00e0 domicile), qu&rsquo;il jouisse d\u2019une \u00e9norme cote de popularit\u00e9 aupr\u00e8s du public am\u00e9ricain, et que cette cote soit si possible sup\u00e9rieure \u00e0 celle de son adversaire. Pour l\u2019heure, aucun Fran\u00e7ais ne r\u00e9pond au premier crit\u00e8re, ni ne semble faire l&rsquo;unanimit\u00e9 outre-Atlantique. Comme on a pu le voir avec <strong>Nassourdine Imavov<\/strong>, r\u00e9cemment oubli\u00e9 pour le titre (au profit d&rsquo;un <strong>Chimaev <\/strong>plus <em>bankable<\/em>) malgr\u00e9 sa position de num\u00e9ro 1 au classement <em>middleweight<\/em>.<\/p>\n<blockquote class=\"twitter-tweet\">\n<p dir=\"ltr\" lang=\"fr\">\ud83d\udea8 NASSOURDINE IMAVOV \ud835\udde3\ud835\udde5\ud835\uddd8\ud835\udde0\ud835\udddc\ud835\uddd8\ud835\udde5 DU CLASSEMENT MIDDLEWEIGHT ! \ud83e\udd2f<\/p>\n<p>Sean Strickland perd une place suite \u00e0 sa d\u00e9faite face au champion Dricus Du Plessis, ce qui profite au Fran\u00e7ais. \ud83d\udcc8\ud83c\uddeb\ud83c\uddf7 <a href=\"https:\/\/t.co\/j5MAt1MP1A\">pic.twitter.com\/j5MAt1MP1A<\/a><\/p>\n<p>\u2014 La Sueur (@LaSueur_off) <a href=\"https:\/\/twitter.com\/LaSueur_off\/status\/1889234933551419823?ref_src=twsrc%5Etfw\">February 11, 2025<\/a><\/p><\/blockquote>\n<p><script async src=\"https:\/\/platform.twitter.com\/widgets.js\" charset=\"utf-8\"><\/script><\/p>\n<h2 style=\"text-align: justify;\">Paris, le meilleur public du monde !<\/h2>\n<p style=\"text-align: justify;\">La France a tout de m\u00eame des espoirs de voir un jour un UFC num\u00e9rot\u00e9 dans l\u2019Hexagone. En 2023, <strong>Dana White <\/strong>avait d\u00e9clar\u00e9 que Paris m\u00e9ritait un \u00e9v\u00e9nement de cette ampleur. Et la ville-lumi\u00e8re a effectivement un argument de taille \u00e0 faire valoir\u00a0: la ferveur de son public. Reconnue par les personnalit\u00e9s les plus influentes du MMA. <strong>Michael Bisping<\/strong>, ancien champion et commentateur de l\u2019UFC aux USA, avait admis apr\u00e8s le second opus que le public fran\u00e7ais \u00e9tait le meilleur du monde. Cette effervescence permet \u00e0 l\u2019Accor Arena d\u2019afficher complet ces derni\u00e8res ann\u00e9es, attirant pr\u00e8s de 16 000 spectateurs \u00e0 chaque rendez-vous.<\/p>\n<blockquote class=\"twitter-tweet\">\n<p dir=\"ltr\" lang=\"fr\">Le public fran\u00e7ais a CHOQU\u00c9 la l\u00e9gende Michael Bisping \ud83c\uddeb\ud83c\uddf7\ud83d\udd25 <a href=\"https:\/\/t.co\/a7yPDoqnrR\">pic.twitter.com\/a7yPDoqnrR<\/a><\/p>\n<p>\u2014 ARENA (@MMArena_) <a href=\"https:\/\/twitter.com\/MMArena_\/status\/1698351858719371282?ref_src=twsrc%5Etfw\">September 3, 2023<\/a><\/p><\/blockquote>\n<p><script async src=\"https:\/\/platform.twitter.com\/widgets.js\" charset=\"utf-8\"><\/script><\/p>\n<p style=\"text-align: justify;\">Mais, si un UFC num\u00e9rot\u00e9 venait \u00e0 poser ses valises en France, le principal risque est que le patron de l\u2019organisation choisisse de le fixer aux horaires am\u00e9ricains, comme cela a \u00e9t\u00e9 le cas <a href=\"https:\/\/dicodusport.fr\/blog\/ufc-304-muhammad-prend-la-ceinture-a-edwards-aspinall-deroule-tous-les-resultats-du-gala\/\">lors de l\u2019UFC 304 \u00e0 Manchester<\/a>. Avec une carte principale d\u00e9butant en plein milieu de la nuit, les Anglais avaient perdu l\u2019un des avantages les plus pr\u00e9cieux d\u2019un rendez-vous \u00e0 domicile. <strong>Paddy Pimblett <\/strong>et <strong>Leon Edwards <\/strong>avaient publiquement d\u00e9nonc\u00e9 que ce type de programmation influait n\u00e9gativement sur les performances des locaux, au b\u00e9n\u00e9fice des Am\u00e9ricains. Heureusement, un UFC num\u00e9rot\u00e9 ne signifie pas imp\u00e9rativement des horaires US. Quelques galas exceptionnels comme l\u2019UFC 308 (Abu Dhabi) ou l\u2019UFC 286 (Londres) vont dans ce sens.<\/p>\n<blockquote class=\"twitter-tweet\">\n<p dir=\"ltr\" lang=\"fr\">Paddy Pimblett est contrari\u00e9 \u00e0 propos des horaires de l&rsquo;<a href=\"https:\/\/twitter.com\/hashtag\/UFC304?src=hash&amp;ref_src=twsrc%5Etfw\">#UFC304<\/a> qui d\u00e9savantagent les combattants locaux. \ud83d\ude20<\/p>\n<p>Pour rappel, la carte principale d\u00e9butera \u00e0 3h du matin, heure locale. \ud83d\udca4\ud83c\udff4\udb40\udc67\udb40\udc62\udb40\udc65\udb40\udc6e\udb40\udc67\udb40\udc7f <a href=\"https:\/\/t.co\/BGEBkSEXOu\">pic.twitter.com\/BGEBkSEXOu<\/a><\/p>\n<p>\u2014 La Sueur (@LaSueur_off) <a href=\"https:\/\/twitter.com\/LaSueur_off\/status\/1793638757846982934?ref_src=twsrc%5Etfw\">May 23, 2024<\/a><\/p><\/blockquote>\n<p><script async src=\"https:\/\/platform.twitter.com\/widgets.js\" charset=\"utf-8\"><\/script><\/p>\n<p style=\"text-align: justify;\">En conclusion, la tenue d\u2019un UFC num\u00e9rot\u00e9 \u00e0 Paris dans les prochaines ann\u00e9es reste clairement envisageable, mais demeure complexe. Des conditions doivent \u00eatre r\u00e9unies : la pr\u00e9sence d\u2019un Fran\u00e7ais pr\u00eat \u00e0 combattre pour le titre lors du mois de septembre (p\u00e9riode des UFC Paris) et lors d\u2019un <em>main-event<\/em> suffisamment \u00ab modeste \u00bb pour que l\u2019organisation n\u2019opte pas pour une autre destination plus lucrative, comme cela sera le cas pour le prochain <a href=\"https:\/\/dicodusport.fr\/blog\/ufc-ciryl-gane-va-affronter-tom-aspinall-pour-le-titre-poids-lourds\/\"><strong>Gane<\/strong> vs <strong>Aspinall <\/strong>\u00e0 l\u2019UFC 321 \u00e0 Abu Dhabi<\/a>.<\/p>\n<ul>\n<li style=\"text-align: justify;\"><strong>\u00c0 ce sujet &#8211; <a href=\"https:\/\/dicodusport.fr\/blog\/quel-combattant-francais-a-le-plus-a-perdre-lors-de-lufc-paris-4\/\">Quel combattant fran\u00e7ais a le plus \u00e0 perdre lors de l\u2019UFC Paris 4 ?<\/a><\/strong><\/li>\n<\/ul>\n","protected":false},"excerpt":{"rendered":"<p>Si l\u2019organisation reine du MMA va se d\u00e9localiser en France pour la quatri\u00e8me fois de son histoire, aucun \u00e9v\u00e9nement \u00e0 Paris n\u2019a encore fait partie des fameux UFC num\u00e9rot\u00e9s. Peut-on esp\u00e9rer voir cela arriver dans les prochaines ann\u00e9es\u00a0?<\/p>\n","protected":false},"author":86,"featured_media":608394,"comment_status":"open","ping_status":"closed","sticky":false,"template":"","format":"standard","meta":{"_acf_changed":false,"_daextam_enable_autolinks":"1","footnotes":""},"categories":[10666],"tags":[32415,1222,1224,26177,47126],"class_list":["post-607975","post","type-post","status-publish","format-standard","has-post-thumbnail","hentry","category-mma","tag-actu","tag-mma","tag-ufc","tag-ufc-paris","tag-ufc-paris-4"],"acf":[],"yoast_head":"<!-- This site is optimized with the Yoast SEO Premium plugin v26.7 (Yoast SEO v26.7) - https:\/\/yoast.com\/wordpress\/plugins\/seo\/ -->\n<title>Un UFC num\u00e9rot\u00e9 en France, c&#039;est pour quand ?<\/title>\n<meta name=\"description\" content=\"Aucun des quatre \u00e9v\u00e9nement organis\u00e9s \u00e0 Paris n\u2019a encore fait partie des UFC num\u00e9rot\u00e9s. Peut-on esp\u00e9rer voir cela arriver dans les prochaines ann\u00e9es\u00a0?\" \/>\n<meta name=\"robots\" content=\"index, follow, max-snippet:-1, max-image-preview:large, max-video-preview:-1\" \/>\n<link rel=\"canonical\" href=\"https:\/\/dicodusport.fr\/blog\/un-ufc-numerote-en-france-cest-pour-quand\/\" \/>\n<meta property=\"og:locale\" content=\"fr_FR\" \/>\n<meta property=\"og:type\" content=\"article\" \/>\n<meta property=\"og:title\" content=\"Un UFC num\u00e9rot\u00e9 en France, c&#039;est pour quand ?\" \/>\n<meta property=\"og:description\" content=\"Aucun des quatre \u00e9v\u00e9nement organis\u00e9s \u00e0 Paris n\u2019a encore fait partie des UFC num\u00e9rot\u00e9s. Peut-on esp\u00e9rer voir cela arriver dans les prochaines ann\u00e9es\u00a0?\" \/>\n<meta property=\"og:url\" content=\"https:\/\/dicodusport.fr\/blog\/un-ufc-numerote-en-france-cest-pour-quand\/\" \/>\n<meta property=\"og:site_name\" content=\"Dicodusport\" \/>\n<meta property=\"article:publisher\" content=\"https:\/\/www.facebook.com\/dicodusport\" \/>\n<meta property=\"article:published_time\" content=\"2025-09-05T08:16:49+00:00\" \/>\n<meta property=\"og:image\" content=\"https:\/\/dicodusport.fr\/blog\/wp-content\/uploads\/2025\/09\/Un-UFC-numerote-en-France-cest-pour-quand-.png\" \/>\n\t<meta property=\"og:image:width\" content=\"1200\" \/>\n\t<meta property=\"og:image:height\" content=\"674\" \/>\n\t<meta property=\"og:image:type\" content=\"image\/png\" \/>\n<meta name=\"author\" content=\"Nicolas Parant\" \/>\n<meta name=\"twitter:card\" content=\"summary_large_image\" \/>\n<meta name=\"twitter:title\" content=\"Un UFC num\u00e9rot\u00e9 en France, c&#039;est pour quand ?\" \/>\n<meta name=\"twitter:creator\" content=\"@dicodusport\" \/>\n<meta name=\"twitter:site\" content=\"@dicodusport\" \/>\n<script type=\"application\/ld+json\" class=\"yoast-schema-graph\">{\"@context\":\"https:\/\/schema.org\",\"@graph\":[{\"@type\":\"NewsArticle\",\"@id\":\"https:\/\/dicodusport.fr\/blog\/un-ufc-numerote-en-france-cest-pour-quand\/#article\",\"isPartOf\":{\"@id\":\"https:\/\/dicodusport.fr\/blog\/un-ufc-numerote-en-france-cest-pour-quand\/\"},\"author\":{\"name\":\"Nicolas Parant\",\"@id\":\"https:\/\/dicodusport.fr\/blog\/#\/schema\/person\/816f1c1bae6e11b6ef5b39687639be63\"},\"headline\":\"Un UFC num\u00e9rot\u00e9 en France, c&rsquo;est pour quand ?\",\"datePublished\":\"2025-09-05T08:16:49+00:00\",\"mainEntityOfPage\":{\"@id\":\"https:\/\/dicodusport.fr\/blog\/un-ufc-numerote-en-france-cest-pour-quand\/\"},\"wordCount\":808,\"commentCount\":0,\"publisher\":{\"@id\":\"https:\/\/dicodusport.fr\/blog\/#organization\"},\"image\":{\"@id\":\"https:\/\/dicodusport.fr\/blog\/un-ufc-numerote-en-france-cest-pour-quand\/#primaryimage\"},\"thumbnailUrl\":\"https:\/\/dicodusport.fr\/blog\/wp-content\/uploads\/2025\/09\/Un-UFC-numerote-en-France-cest-pour-quand-.png\",\"keywords\":[\"actu\",\"MMA\",\"UFC\",\"UFC Paris\",\"UFC Paris 4\"],\"articleSection\":[\"MMA\"],\"inLanguage\":\"fr-FR\",\"potentialAction\":[{\"@type\":\"CommentAction\",\"name\":\"Comment\",\"target\":[\"https:\/\/dicodusport.fr\/blog\/un-ufc-numerote-en-france-cest-pour-quand\/#respond\"]}],\"copyrightYear\":\"2025\",\"copyrightHolder\":{\"@id\":\"https:\/\/dicodusport.fr\/blog\/#organization\"}},{\"@type\":\"WebPage\",\"@id\":\"https:\/\/dicodusport.fr\/blog\/un-ufc-numerote-en-france-cest-pour-quand\/\",\"url\":\"https:\/\/dicodusport.fr\/blog\/un-ufc-numerote-en-france-cest-pour-quand\/\",\"name\":\"Un UFC num\u00e9rot\u00e9 en France, c'est pour quand ?\",\"isPartOf\":{\"@id\":\"https:\/\/dicodusport.fr\/blog\/#website\"},\"primaryImageOfPage\":{\"@id\":\"https:\/\/dicodusport.fr\/blog\/un-ufc-numerote-en-france-cest-pour-quand\/#primaryimage\"},\"image\":{\"@id\":\"https:\/\/dicodusport.fr\/blog\/un-ufc-numerote-en-france-cest-pour-quand\/#primaryimage\"},\"thumbnailUrl\":\"https:\/\/dicodusport.fr\/blog\/wp-content\/uploads\/2025\/09\/Un-UFC-numerote-en-France-cest-pour-quand-.png\",\"datePublished\":\"2025-09-05T08:16:49+00:00\",\"description\":\"Aucun des quatre \u00e9v\u00e9nement organis\u00e9s \u00e0 Paris n\u2019a encore fait partie des UFC num\u00e9rot\u00e9s. Peut-on esp\u00e9rer voir cela arriver dans les prochaines ann\u00e9es\u00a0?\",\"breadcrumb\":{\"@id\":\"https:\/\/dicodusport.fr\/blog\/un-ufc-numerote-en-france-cest-pour-quand\/#breadcrumb\"},\"inLanguage\":\"fr-FR\",\"potentialAction\":[{\"@type\":\"ReadAction\",\"target\":[\"https:\/\/dicodusport.fr\/blog\/un-ufc-numerote-en-france-cest-pour-quand\/\"]}]},{\"@type\":\"ImageObject\",\"inLanguage\":\"fr-FR\",\"@id\":\"https:\/\/dicodusport.fr\/blog\/un-ufc-numerote-en-france-cest-pour-quand\/#primaryimage\",\"url\":\"https:\/\/dicodusport.fr\/blog\/wp-content\/uploads\/2025\/09\/Un-UFC-numerote-en-France-cest-pour-quand-.png\",\"contentUrl\":\"https:\/\/dicodusport.fr\/blog\/wp-content\/uploads\/2025\/09\/Un-UFC-numerote-en-France-cest-pour-quand-.png\",\"width\":1200,\"height\":674,\"caption\":\"Un UFC num\u00e9rot\u00e9 en France, c'est pour quand\"},{\"@type\":\"BreadcrumbList\",\"@id\":\"https:\/\/dicodusport.fr\/blog\/un-ufc-numerote-en-france-cest-pour-quand\/#breadcrumb\",\"itemListElement\":[{\"@type\":\"ListItem\",\"position\":1,\"name\":\"Accueil\",\"item\":\"https:\/\/dicodusport.fr\/blog\/\"},{\"@type\":\"ListItem\",\"position\":2,\"name\":\"Un UFC num\u00e9rot\u00e9 en France, c&rsquo;est pour quand ?\"}]},{\"@type\":\"WebSite\",\"@id\":\"https:\/\/dicodusport.fr\/blog\/#website\",\"url\":\"https:\/\/dicodusport.fr\/blog\/\",\"name\":\"Dicodusport\",\"description\":\"L&#039;encyclop\u00e9die de l&#039;actualit\u00e9 sportive\",\"publisher\":{\"@id\":\"https:\/\/dicodusport.fr\/blog\/#organization\"},\"potentialAction\":[{\"@type\":\"SearchAction\",\"target\":{\"@type\":\"EntryPoint\",\"urlTemplate\":\"https:\/\/dicodusport.fr\/blog\/?s={search_term_string}\"},\"query-input\":{\"@type\":\"PropertyValueSpecification\",\"valueRequired\":true,\"valueName\":\"search_term_string\"}}],\"inLanguage\":\"fr-FR\"},{\"@type\":\"NewsMediaOrganization\",\"@id\":\"https:\/\/dicodusport.fr\/blog\/#organization\",\"name\":\"Dicodusport\",\"url\":\"https:\/\/dicodusport.fr\/blog\/\",\"logo\":{\"@type\":\"ImageObject\",\"inLanguage\":\"fr-FR\",\"@id\":\"https:\/\/dicodusport.fr\/blog\/#\/schema\/logo\/image\/\",\"url\":\"https:\/\/dicodusport.fr\/blog\/wp-content\/uploads\/2020\/06\/cropped-LOGO-DICODUSPORT-2020-SANS-FOND-SANS-TEXTE.png\",\"contentUrl\":\"https:\/\/dicodusport.fr\/blog\/wp-content\/uploads\/2020\/06\/cropped-LOGO-DICODUSPORT-2020-SANS-FOND-SANS-TEXTE.png\",\"width\":512,\"height\":512,\"caption\":\"Dicodusport\"},\"image\":{\"@id\":\"https:\/\/dicodusport.fr\/blog\/#\/schema\/logo\/image\/\"},\"sameAs\":[\"https:\/\/www.facebook.com\/dicodusport\",\"https:\/\/x.com\/dicodusport\",\"https:\/\/www.instagram.com\/dicodusport\/\",\"https:\/\/www.youtube.com\/channel\/UC7V2KZ5sd3htJivAbA4ZG3w\"],\"description\":\"Dicodusport est l'encyclop\u00e9die de l'actualit\u00e9 sportive.\",\"email\":\"bonjour@dicodusport.fr\",\"legalName\":\"DICODUSPORT\",\"foundingDate\":\"2018-01-14\",\"vatID\":\"FR71834470973\",\"taxID\":\"83447097300043\",\"numberOfEmployees\":{\"@type\":\"QuantitativeValue\",\"minValue\":\"1\",\"maxValue\":\"10\"}},{\"@type\":\"Person\",\"@id\":\"https:\/\/dicodusport.fr\/blog\/#\/schema\/person\/816f1c1bae6e11b6ef5b39687639be63\",\"name\":\"Nicolas Parant\",\"image\":{\"@type\":\"ImageObject\",\"inLanguage\":\"fr-FR\",\"@id\":\"https:\/\/dicodusport.fr\/blog\/#\/schema\/person\/image\/\",\"url\":\"https:\/\/dicodusport.fr\/blog\/wp-content\/uploads\/2023\/04\/1B6E3319-7CA3-49A2-A3FB-D53C46115743-150x150.jpeg\",\"contentUrl\":\"https:\/\/dicodusport.fr\/blog\/wp-content\/uploads\/2023\/04\/1B6E3319-7CA3-49A2-A3FB-D53C46115743-150x150.jpeg\",\"caption\":\"Nicolas Parant\"},\"description\":\"Passionn\u00e9 de sport et d\u2019\u00e9criture, r\u00e9diger des articles a \u00e9t\u00e9 une v\u00e9ritable r\u00e9v\u00e9lation quand j\u2019ai pris la plume num\u00e9rique pour la premi\u00e8re fois en 2021. Admiratif des exploits de Nadal \u00e0 Roland Garros et du charisme de Zlatan Ibrahimovi\u0107 \u00e0 son arriv\u00e9e dans la capitale, je m\u2019efforce de transmettre au mieux les \u00e9motions des athl\u00e8tes de la nouvelle g\u00e9n\u00e9ration. \u00c0 Dicodusport depuis 2023, je commente principalement les batailles qui se d\u00e9roulent dans l\u2019octogone de l\u2019UFC ou sur les pelouses de football et de rugby.\",\"url\":\"https:\/\/dicodusport.fr\/blog\/author\/nicolas-parant\/\"}]}<\/script>\n<!-- \/ Yoast SEO Premium plugin. -->","yoast_head_json":{"title":"Un UFC num\u00e9rot\u00e9 en France, c'est pour quand ?","description":"Aucun des quatre \u00e9v\u00e9nement organis\u00e9s \u00e0 Paris n\u2019a encore fait partie des UFC num\u00e9rot\u00e9s. Peut-on esp\u00e9rer voir cela arriver dans les prochaines ann\u00e9es\u00a0?","robots":{"index":"index","follow":"follow","max-snippet":"max-snippet:-1","max-image-preview":"max-image-preview:large","max-video-preview":"max-video-preview:-1"},"canonical":"https:\/\/dicodusport.fr\/blog\/un-ufc-numerote-en-france-cest-pour-quand\/","og_locale":"fr_FR","og_type":"article","og_title":"Un UFC num\u00e9rot\u00e9 en France, c'est pour quand ?","og_description":"Aucun des quatre \u00e9v\u00e9nement organis\u00e9s \u00e0 Paris n\u2019a encore fait partie des UFC num\u00e9rot\u00e9s. Peut-on esp\u00e9rer voir cela arriver dans les prochaines ann\u00e9es\u00a0?","og_url":"https:\/\/dicodusport.fr\/blog\/un-ufc-numerote-en-france-cest-pour-quand\/","og_site_name":"Dicodusport","article_publisher":"https:\/\/www.facebook.com\/dicodusport","article_published_time":"2025-09-05T08:16:49+00:00","og_image":[{"width":1200,"height":674,"url":"https:\/\/dicodusport.fr\/blog\/wp-content\/uploads\/2025\/09\/Un-UFC-numerote-en-France-cest-pour-quand-.png","type":"image\/png"}],"author":"Nicolas Parant","twitter_card":"summary_large_image","twitter_title":"Un UFC num\u00e9rot\u00e9 en France, c'est pour quand ?","twitter_creator":"@dicodusport","twitter_site":"@dicodusport","schema":{"@context":"https:\/\/schema.org","@graph":[{"@type":"NewsArticle","@id":"https:\/\/dicodusport.fr\/blog\/un-ufc-numerote-en-france-cest-pour-quand\/#article","isPartOf":{"@id":"https:\/\/dicodusport.fr\/blog\/un-ufc-numerote-en-france-cest-pour-quand\/"},"author":{"name":"Nicolas Parant","@id":"https:\/\/dicodusport.fr\/blog\/#\/schema\/person\/816f1c1bae6e11b6ef5b39687639be63"},"headline":"Un UFC num\u00e9rot\u00e9 en France, c&rsquo;est pour quand ?","datePublished":"2025-09-05T08:16:49+00:00","mainEntityOfPage":{"@id":"https:\/\/dicodusport.fr\/blog\/un-ufc-numerote-en-france-cest-pour-quand\/"},"wordCount":808,"commentCount":0,"publisher":{"@id":"https:\/\/dicodusport.fr\/blog\/#organization"},"image":{"@id":"https:\/\/dicodusport.fr\/blog\/un-ufc-numerote-en-france-cest-pour-quand\/#primaryimage"},"thumbnailUrl":"https:\/\/dicodusport.fr\/blog\/wp-content\/uploads\/2025\/09\/Un-UFC-numerote-en-France-cest-pour-quand-.png","keywords":["actu","MMA","UFC","UFC Paris","UFC Paris 4"],"articleSection":["MMA"],"inLanguage":"fr-FR","potentialAction":[{"@type":"CommentAction","name":"Comment","target":["https:\/\/dicodusport.fr\/blog\/un-ufc-numerote-en-france-cest-pour-quand\/#respond"]}],"copyrightYear":"2025","copyrightHolder":{"@id":"https:\/\/dicodusport.fr\/blog\/#organization"}},{"@type":"WebPage","@id":"https:\/\/dicodusport.fr\/blog\/un-ufc-numerote-en-france-cest-pour-quand\/","url":"https:\/\/dicodusport.fr\/blog\/un-ufc-numerote-en-france-cest-pour-quand\/","name":"Un UFC num\u00e9rot\u00e9 en France, c'est pour quand ?","isPartOf":{"@id":"https:\/\/dicodusport.fr\/blog\/#website"},"primaryImageOfPage":{"@id":"https:\/\/dicodusport.fr\/blog\/un-ufc-numerote-en-france-cest-pour-quand\/#primaryimage"},"image":{"@id":"https:\/\/dicodusport.fr\/blog\/un-ufc-numerote-en-france-cest-pour-quand\/#primaryimage"},"thumbnailUrl":"https:\/\/dicodusport.fr\/blog\/wp-content\/uploads\/2025\/09\/Un-UFC-numerote-en-France-cest-pour-quand-.png","datePublished":"2025-09-05T08:16:49+00:00","description":"Aucun des quatre \u00e9v\u00e9nement organis\u00e9s \u00e0 Paris n\u2019a encore fait partie des UFC num\u00e9rot\u00e9s. Peut-on esp\u00e9rer voir cela arriver dans les prochaines ann\u00e9es\u00a0?","breadcrumb":{"@id":"https:\/\/dicodusport.fr\/blog\/un-ufc-numerote-en-france-cest-pour-quand\/#breadcrumb"},"inLanguage":"fr-FR","potentialAction":[{"@type":"ReadAction","target":["https:\/\/dicodusport.fr\/blog\/un-ufc-numerote-en-france-cest-pour-quand\/"]}]},{"@type":"ImageObject","inLanguage":"fr-FR","@id":"https:\/\/dicodusport.fr\/blog\/un-ufc-numerote-en-france-cest-pour-quand\/#primaryimage","url":"https:\/\/dicodusport.fr\/blog\/wp-content\/uploads\/2025\/09\/Un-UFC-numerote-en-France-cest-pour-quand-.png","contentUrl":"https:\/\/dicodusport.fr\/blog\/wp-content\/uploads\/2025\/09\/Un-UFC-numerote-en-France-cest-pour-quand-.png","width":1200,"height":674,"caption":"Un UFC num\u00e9rot\u00e9 en France, c'est pour quand"},{"@type":"BreadcrumbList","@id":"https:\/\/dicodusport.fr\/blog\/un-ufc-numerote-en-france-cest-pour-quand\/#breadcrumb","itemListElement":[{"@type":"ListItem","position":1,"name":"Accueil","item":"https:\/\/dicodusport.fr\/blog\/"},{"@type":"ListItem","position":2,"name":"Un UFC num\u00e9rot\u00e9 en France, c&rsquo;est pour quand ?"}]},{"@type":"WebSite","@id":"https:\/\/dicodusport.fr\/blog\/#website","url":"https:\/\/dicodusport.fr\/blog\/","name":"Dicodusport","description":"L&#039;encyclop\u00e9die de l&#039;actualit\u00e9 sportive","publisher":{"@id":"https:\/\/dicodusport.fr\/blog\/#organization"},"potentialAction":[{"@type":"SearchAction","target":{"@type":"EntryPoint","urlTemplate":"https:\/\/dicodusport.fr\/blog\/?s={search_term_string}"},"query-input":{"@type":"PropertyValueSpecification","valueRequired":true,"valueName":"search_term_string"}}],"inLanguage":"fr-FR"},{"@type":"NewsMediaOrganization","@id":"https:\/\/dicodusport.fr\/blog\/#organization","name":"Dicodusport","url":"https:\/\/dicodusport.fr\/blog\/","logo":{"@type":"ImageObject","inLanguage":"fr-FR","@id":"https:\/\/dicodusport.fr\/blog\/#\/schema\/logo\/image\/","url":"https:\/\/dicodusport.fr\/blog\/wp-content\/uploads\/2020\/06\/cropped-LOGO-DICODUSPORT-2020-SANS-FOND-SANS-TEXTE.png","contentUrl":"https:\/\/dicodusport.fr\/blog\/wp-content\/uploads\/2020\/06\/cropped-LOGO-DICODUSPORT-2020-SANS-FOND-SANS-TEXTE.png","width":512,"height":512,"caption":"Dicodusport"},"image":{"@id":"https:\/\/dicodusport.fr\/blog\/#\/schema\/logo\/image\/"},"sameAs":["https:\/\/www.facebook.com\/dicodusport","https:\/\/x.com\/dicodusport","https:\/\/www.instagram.com\/dicodusport\/","https:\/\/www.youtube.com\/channel\/UC7V2KZ5sd3htJivAbA4ZG3w"],"description":"Dicodusport est l'encyclop\u00e9die de l'actualit\u00e9 sportive.","email":"bonjour@dicodusport.fr","legalName":"DICODUSPORT","foundingDate":"2018-01-14","vatID":"FR71834470973","taxID":"83447097300043","numberOfEmployees":{"@type":"QuantitativeValue","minValue":"1","maxValue":"10"}},{"@type":"Person","@id":"https:\/\/dicodusport.fr\/blog\/#\/schema\/person\/816f1c1bae6e11b6ef5b39687639be63","name":"Nicolas Parant","image":{"@type":"ImageObject","inLanguage":"fr-FR","@id":"https:\/\/dicodusport.fr\/blog\/#\/schema\/person\/image\/","url":"https:\/\/dicodusport.fr\/blog\/wp-content\/uploads\/2023\/04\/1B6E3319-7CA3-49A2-A3FB-D53C46115743-150x150.jpeg","contentUrl":"https:\/\/dicodusport.fr\/blog\/wp-content\/uploads\/2023\/04\/1B6E3319-7CA3-49A2-A3FB-D53C46115743-150x150.jpeg","caption":"Nicolas Parant"},"description":"Passionn\u00e9 de sport et d\u2019\u00e9criture, r\u00e9diger des articles a \u00e9t\u00e9 une v\u00e9ritable r\u00e9v\u00e9lation quand j\u2019ai pris la plume num\u00e9rique pour la premi\u00e8re fois en 2021. Admiratif des exploits de Nadal \u00e0 Roland Garros et du charisme de Zlatan Ibrahimovi\u0107 \u00e0 son arriv\u00e9e dans la capitale, je m\u2019efforce de transmettre au mieux les \u00e9motions des athl\u00e8tes de la nouvelle g\u00e9n\u00e9ration. \u00c0 Dicodusport depuis 2023, je commente principalement les batailles qui se d\u00e9roulent dans l\u2019octogone de l\u2019UFC ou sur les pelouses de football et de rugby.","url":"https:\/\/dicodusport.fr\/blog\/author\/nicolas-parant\/"}]}},"_links":{"self":[{"href":"https:\/\/dicodusport.fr\/blog\/wp-json\/wp\/v2\/posts\/607975","targetHints":{"allow":["GET"]}}],"collection":[{"href":"https:\/\/dicodusport.fr\/blog\/wp-json\/wp\/v2\/posts"}],"about":[{"href":"https:\/\/dicodusport.fr\/blog\/wp-json\/wp\/v2\/types\/post"}],"author":[{"embeddable":true,"href":"https:\/\/dicodusport.fr\/blog\/wp-json\/wp\/v2\/users\/86"}],"replies":[{"embeddable":true,"href":"https:\/\/dicodusport.fr\/blog\/wp-json\/wp\/v2\/comments?post=607975"}],"version-history":[{"count":4,"href":"https:\/\/dicodusport.fr\/blog\/wp-json\/wp\/v2\/posts\/607975\/revisions"}],"predecessor-version":[{"id":608396,"href":"https:\/\/dicodusport.fr\/blog\/wp-json\/wp\/v2\/posts\/607975\/revisions\/608396"}],"wp:featuredmedia":[{"embeddable":true,"href":"https:\/\/dicodusport.fr\/blog\/wp-json\/wp\/v2\/media\/608394"}],"wp:attachment":[{"href":"https:\/\/dicodusport.fr\/blog\/wp-json\/wp\/v2\/media?parent=607975"}],"wp:term":[{"taxonomy":"category","embeddable":true,"href":"https:\/\/dicodusport.fr\/blog\/wp-json\/wp\/v2\/categories?post=607975"},{"taxonomy":"post_tag","embeddable":true,"href":"https:\/\/dicodusport.fr\/blog\/wp-json\/wp\/v2\/tags?post=607975"}],"curies":[{"name":"wp","href":"https:\/\/api.w.org\/{rel}","templated":true}]}}