{"id":607990,"date":"2025-09-03T16:00:17","date_gmt":"2025-09-03T14:00:17","guid":{"rendered":"https:\/\/dicodusport.fr\/blog\/?p=607990&#038;preview=true&#038;preview_id=607990"},"modified":"2026-01-30T15:05:50","modified_gmt":"2026-01-30T14:05:50","slug":"transferts-ces-grands-noms-toujours-sans-club-a-la-fin-du-mercato","status":"publish","type":"post","link":"https:\/\/dicodusport.fr\/blog\/transferts-ces-grands-noms-toujours-sans-club-a-la-fin-du-mercato\/","title":{"rendered":"Transferts : Ces grands noms toujours sans club \u00e0 la fin du mercato"},"content":{"rendered":"<p style=\"text-align: justify;\"><strong><em>TRANSFERTS \u2013 Alors que le mercato estival a ferm\u00e9 ses portes en d\u00e9but de semaine, de tr\u00e8s nombreux joueurs n\u2019ont toujours pas trouv\u00e9 de club, et restent disponibles. De Hakim Ziyech \u00e0 Dimitri Payet en passant par Christian Eriksen, rarement le march\u00e9 des agents libres a \u00e9t\u00e9 autant fourni d\u00e9but septembre.<\/em><\/strong><\/p>\n<ul>\n<li style=\"text-align: justify;\"><strong>\u00c0 lire aussi &#8211; <a href=\"https:\/\/dicodusport.fr\/blog\/mercato-om-12-recrues-a-marseille-coup-de-folie-ou-de-genie\/\">Mercato OM : 12 recrues \u00e0 Marseille, coup de folie ou de g\u00e9nie ?<\/a><\/strong><\/li>\n<\/ul>\n<p style=\"text-align: justify;\">Suite \u00e0 plusieurs semaines de tractations et de rebondissements, le mercato estival a officiellement ferm\u00e9 ses portes en France lundi soir. S\u2019il reste ouvert \u00e0 diff\u00e9rents endroits du monde, les opportunit\u00e9s sont d\u00e9sormais limit\u00e9es pour la quantit\u00e9 de joueurs libres encore disponibles sur le march\u00e9.<\/p>\n<h2 style=\"text-align: justify;\">Des anciens internationaux fran\u00e7ais \u00e0 la pelle<\/h2>\n<p style=\"text-align: justify;\">Malgr\u00e9 tout, les clubs peuvent encore d\u00e9baucher des agents libres, et ce ne sont pas les noms ronflants qui manquent. C\u00f4t\u00e9 Fran\u00e7ais, plusieurs internationaux sont toujours sur le carreau. C\u2019est le cas de <strong>Steve Mandanda<\/strong> (40 ans), qui n\u2019a toujours pas trouv\u00e9 de nouveau challenge depuis son d\u00e9part de Rennes. Mais aussi de <strong>Wissam Ben Yedder<\/strong> (35 ans) et <strong>Dimiti Payet<\/strong> (38 ans), qui sortent tous deux d\u2019exp\u00e9riences exotiques en Iran et au Mexique. \u00c0 la relance respectivement \u00e0 Lorient et \u00e0 Boavista la saison derni\u00e8re, <strong>Benjamin Mendy<\/strong> (31 ans) et <strong>Layvin Kurzawa<\/strong> (32 ans) n\u2019ont \u00e9galement pas trouv\u00e9 preneur, tout comme <strong>Ti\u00e9mou\u00e9 Bakayoko<\/strong> (31 ans)\u00a0et <strong>L\u00e9o Dubois<\/strong> (30 ans).<\/p>\n<p style=\"text-align: justify;\">De son c\u00f4t\u00e9, <strong>Kurt Zouma<\/strong> (30 ans) va donner une direction surprenante \u00e0 sa carri\u00e8re en s&rsquo;engageant prochainement avec le club roumain de Cluj. Enfin, <strong>Samuel Umtiti<\/strong> (31 ans) sort d\u2019une nouvelle saison blanche et ses blessures \u00e0 r\u00e9p\u00e9tition compromettent s\u00e9rieusement la suite de sa carri\u00e8re.<\/p>\n<blockquote class=\"twitter-tweet\">\n<p dir=\"ltr\" lang=\"en\">\ud83d\udea8| Kurt Zouma has completed his medical and will sign with CFR Cluj <a href=\"https:\/\/t.co\/GtxcDGL8Ld\">pic.twitter.com\/GtxcDGL8Ld<\/a><\/p>\n<p>\u2014 EuroFooty (@EurofootyYT) <a href=\"https:\/\/twitter.com\/EurofootyYT\/status\/1962642802300350523?ref_src=twsrc%5Etfw\">September 1, 2025<\/a><\/p><\/blockquote>\n<p><script async src=\"https:\/\/platform.twitter.com\/widgets.js\" charset=\"utf-8\"><\/script><\/p>\n<h2 style=\"text-align: justify;\">Des baroudeurs de L1 sur le carreau<\/h2>\n<p style=\"text-align: justify;\">Avoir jou\u00e9 en Ligue 1 la saison derni\u00e8re n\u2019est par ailleurs pas un gage d\u2019assurance pour retrouver un contrat puisque des joueurs \u00e9tablis de notre championnat sont encore disponibles \u00e0 l\u2019instar de <strong>Jordan Amavi<\/strong> (31 ans),<strong> Marcus Coco<\/strong> (29 ans),<strong> Florent Mollet<\/strong> (33 ans),<strong> Jonas Martin<\/strong> (35 ans) ou <strong>Flavien Tait <\/strong>(32 ans). Tous \u00e9taient sous contrat l\u2019an dernier, et aucun n\u2019a r\u00e9ussi \u00e0 trouver preneur avant le 1er septembre. Une situation encore inconcevable il y a encore une dizaine d\u2019ann\u00e9es, mais devenue r\u00e9alit\u00e9 en raison des difficult\u00e9s financi\u00e8res des clubs. Et qui concerne \u00e9galement des expatri\u00e9s ayant r\u00e9ussi dans de grands championnats, \u00e0 l&rsquo;instar de <strong>J\u00e9r\u00f4me Roussillon<\/strong>, figure respect\u00e9e de Bundesliga.<\/p>\n<p style=\"text-align: justify;\">Cela ne concerne pas uniquement le contingent fran\u00e7ais puisque de nombreux gar\u00e7ons qui ont d\u00e9j\u00e0 eu l\u2019occasion de briller dans l\u2019hexagone, et sont encore dans la force de l\u2019\u00e2ge, sont aussi rest\u00e9s sur la touche. C\u2019est le cas du lat\u00e9ral <strong>Fod\u00e9 Ballo-Tour\u00e9<\/strong> (28 ans), de l\u2019ancien marseillais <strong>Bouna Sarr<\/strong> (31 ans) ou encore des anciens Bordelais <strong>Fran\u00e7ois Kamano<\/strong> (29 ans), et <strong>Adam Ounas<\/strong> (28 ans).<\/p>\n<h2 style=\"text-align: justify;\">Ziyech, Eriksen, Alcacer&#8230; des grands noms en pagaille<\/h2>\n<p style=\"text-align: justify;\">Par ailleurs, le march\u00e9 international rec\u00e8le de noms qui ont connu de grandes heures sur les plus grandes sc\u00e8nes mondiales. Tous deux r\u00e9v\u00e9l\u00e9s \u00e0 l&rsquo;Ajax avant de s&rsquo;\u00e9tablir en Premier League, <strong>Christian Eriksen<\/strong> (33 ans) et <strong>Hakim Ziyech<\/strong> (32 ans) sont sans aucun doute les deux noms les plus ronflants, aux c\u00f4t\u00e9s de l&rsquo;ancien napolitain <strong>Lorenzo Insigne<\/strong> (34 ans), dans une liste interminable comprenant \u00e9galement les internationaux espagnols <strong>Paco Alcacer<\/strong> (31 ans), <strong>Gerard Deulofeu<\/strong> (31 ans),<strong> Sergio Reguilon<\/strong> (28 ans) et <strong>Javi Manquillo<\/strong> (31 ans). Mais aussi les anciens grands espoirs de Premier League qu&rsquo;\u00e9taient <strong>Dele Alli<\/strong> (29 ans), <strong>Alex Oxlade-Chamberlain<\/strong> (32 ans), <strong>Keleni Iheanacho<\/strong> (28 ans) et <strong>Patrick Bamford<\/strong> (31 ans), ou les anciens parisiens <strong>Juan Bernat<\/strong> (32 ans) et <strong>Rafinha<\/strong> (32 ans).<\/p>\n<blockquote class=\"twitter-tweet\">\n<p dir=\"ltr\" lang=\"fr\">En tant qu\u2019agent libre, Hakim Ziyech peut rejoindre n\u2019importe quel club \u00e0 tout moment, m\u00eame hors mercato. \ud83c\uddf2\ud83c\udde6\ud83d\udc40 <a href=\"https:\/\/t.co\/O834siYS68\">pic.twitter.com\/O834siYS68<\/a><\/p>\n<p>\u2014 FRMF Xtra (@FRMFXtra) <a href=\"https:\/\/twitter.com\/FRMFXtra\/status\/1962571748106264685?ref_src=twsrc%5Etfw\">September 1, 2025<\/a><\/p><\/blockquote>\n<p><script async src=\"https:\/\/platform.twitter.com\/widgets.js\" charset=\"utf-8\"><\/script><\/p>\n<p style=\"text-align: justify;\">Du haut de ses 26 ans, <strong>Takehiro Tomiyasu<\/strong> constitue lui un beau pari m\u00eame si son genou, qui a entra\u00een\u00e9 la rupture de son contrat \u00e0 Arsenal, semble avoir refroidi les recruteurs. Quoi qu&rsquo;il en soit, il y a encore de gros poissions \u00e0 aller ferrer pour des clubs int\u00e9ress\u00e9s par un renfort suppl\u00e9mentaires !<\/p>\n<p style=\"text-align: justify;\"><strong><em>Ils sont aussi libres :<\/em><\/strong> Vincent Aboubakar (33 ans), Mario Balotelli (35 ans), Jason Denayer (30 ans), Munir El Haddadi (29 ans), Rick Karsdorp (30 ans), Miralem Pjanic (35 ans), Karl Toko Ekambi (32 ans)&#8230;<\/p>\n","protected":false},"excerpt":{"rendered":"<p>TRANSFERTS \u2013 Alors que le mercato estival a ferm\u00e9 ses portes en d\u00e9but de semaine, de tr\u00e8s nombreux joueurs n\u2019ont toujours pas trouv\u00e9 de club, et restent disponibles. De Hakim Ziyech \u00e0 Dimitri Payet en passant par Christian Eriksen, rarement le march\u00e9 des agents libres a \u00e9t\u00e9 autant fourni d\u00e9but septembre.<\/p>\n","protected":false},"author":55,"featured_media":608001,"comment_status":"open","ping_status":"closed","sticky":false,"template":"","format":"standard","meta":{"_acf_changed":false,"_daextam_enable_autolinks":"1","footnotes":""},"categories":[2301],"tags":[32415,16878,75,1555,14093,2832],"class_list":["post-607990","post","type-post","status-publish","format-standard","has-post-thumbnail","hentry","category-football","tag-actu","tag-breve","tag-football","tag-mercato","tag-mercato-football","tag-transferts"],"acf":[],"yoast_head":"<!-- This site is optimized with the Yoast SEO Premium plugin v26.7 (Yoast SEO v26.7) - https:\/\/yoast.com\/wordpress\/plugins\/seo\/ -->\n<title>Transferts : Ces grands noms toujours sans club \u00e0 la fin du mercato<\/title>\n<meta name=\"description\" content=\"TRANSFERTS \u2013 Alors que le mercato estival a ferm\u00e9 ses portes en d\u00e9but de semaine, de nombreux grands joueurs n&#039;ont pas trouv\u00e9 preneur.\" \/>\n<meta name=\"robots\" content=\"index, follow, max-snippet:-1, max-image-preview:large, max-video-preview:-1\" \/>\n<link rel=\"canonical\" href=\"https:\/\/dicodusport.fr\/blog\/transferts-ces-grands-noms-toujours-sans-club-a-la-fin-du-mercato\/\" \/>\n<meta property=\"og:locale\" content=\"fr_FR\" \/>\n<meta property=\"og:type\" content=\"article\" \/>\n<meta property=\"og:title\" content=\"Transferts : Ces grands noms toujours sans club \u00e0 la fin du mercato\" \/>\n<meta property=\"og:description\" content=\"TRANSFERTS \u2013 Alors que le mercato estival a ferm\u00e9 ses portes en d\u00e9but de semaine, de nombreux grands joueurs n&#039;ont pas trouv\u00e9 preneur.\" \/>\n<meta property=\"og:url\" content=\"https:\/\/dicodusport.fr\/blog\/transferts-ces-grands-noms-toujours-sans-club-a-la-fin-du-mercato\/\" \/>\n<meta property=\"og:site_name\" content=\"Dicodusport\" \/>\n<meta property=\"article:publisher\" content=\"https:\/\/www.facebook.com\/dicodusport\" \/>\n<meta property=\"article:published_time\" content=\"2025-09-03T14:00:17+00:00\" \/>\n<meta property=\"article:modified_time\" content=\"2026-01-30T14:05:50+00:00\" \/>\n<meta property=\"og:image\" content=\"https:\/\/dicodusport.fr\/blog\/wp-content\/uploads\/2025\/09\/Transferts-Ces-grands-noms-toujours-sans-club-a-la-fin-du-mercato.png\" \/>\n\t<meta property=\"og:image:width\" content=\"1200\" \/>\n\t<meta property=\"og:image:height\" content=\"674\" \/>\n\t<meta property=\"og:image:type\" content=\"image\/png\" \/>\n<meta name=\"author\" content=\"Maxime Cazenave\" \/>\n<meta name=\"twitter:card\" content=\"summary_large_image\" \/>\n<meta name=\"twitter:title\" content=\"Transferts : Ces grands noms toujours sans club \u00e0 la fin du mercato\" \/>\n<meta name=\"twitter:creator\" content=\"@https:\/\/twitter.com\/Maxime_Caze\" \/>\n<meta name=\"twitter:site\" content=\"@dicodusport\" \/>\n<script type=\"application\/ld+json\" class=\"yoast-schema-graph\">{\"@context\":\"https:\/\/schema.org\",\"@graph\":[{\"@type\":\"NewsArticle\",\"@id\":\"https:\/\/dicodusport.fr\/blog\/transferts-ces-grands-noms-toujours-sans-club-a-la-fin-du-mercato\/#article\",\"isPartOf\":{\"@id\":\"https:\/\/dicodusport.fr\/blog\/transferts-ces-grands-noms-toujours-sans-club-a-la-fin-du-mercato\/\"},\"author\":{\"name\":\"Maxime Cazenave\",\"@id\":\"https:\/\/dicodusport.fr\/blog\/#\/schema\/person\/37def232098a7a5cbab3974a3690abb0\"},\"headline\":\"Transferts : Ces grands noms toujours sans club \u00e0 la fin du mercato\",\"datePublished\":\"2025-09-03T14:00:17+00:00\",\"dateModified\":\"2026-01-30T14:05:50+00:00\",\"mainEntityOfPage\":{\"@id\":\"https:\/\/dicodusport.fr\/blog\/transferts-ces-grands-noms-toujours-sans-club-a-la-fin-du-mercato\/\"},\"wordCount\":757,\"commentCount\":0,\"publisher\":{\"@id\":\"https:\/\/dicodusport.fr\/blog\/#organization\"},\"image\":{\"@id\":\"https:\/\/dicodusport.fr\/blog\/transferts-ces-grands-noms-toujours-sans-club-a-la-fin-du-mercato\/#primaryimage\"},\"thumbnailUrl\":\"https:\/\/dicodusport.fr\/blog\/wp-content\/uploads\/2025\/09\/Transferts-Ces-grands-noms-toujours-sans-club-a-la-fin-du-mercato.png\",\"keywords\":[\"actu\",\"br\u00e8ve\",\"Football\",\"Mercato\",\"Mercato football\",\"transferts\"],\"articleSection\":[\"Football\"],\"inLanguage\":\"fr-FR\",\"potentialAction\":[{\"@type\":\"CommentAction\",\"name\":\"Comment\",\"target\":[\"https:\/\/dicodusport.fr\/blog\/transferts-ces-grands-noms-toujours-sans-club-a-la-fin-du-mercato\/#respond\"]}],\"copyrightYear\":\"2025\",\"copyrightHolder\":{\"@id\":\"https:\/\/dicodusport.fr\/blog\/#organization\"}},{\"@type\":\"WebPage\",\"@id\":\"https:\/\/dicodusport.fr\/blog\/transferts-ces-grands-noms-toujours-sans-club-a-la-fin-du-mercato\/\",\"url\":\"https:\/\/dicodusport.fr\/blog\/transferts-ces-grands-noms-toujours-sans-club-a-la-fin-du-mercato\/\",\"name\":\"Transferts : Ces grands noms toujours sans club \u00e0 la fin du mercato\",\"isPartOf\":{\"@id\":\"https:\/\/dicodusport.fr\/blog\/#website\"},\"primaryImageOfPage\":{\"@id\":\"https:\/\/dicodusport.fr\/blog\/transferts-ces-grands-noms-toujours-sans-club-a-la-fin-du-mercato\/#primaryimage\"},\"image\":{\"@id\":\"https:\/\/dicodusport.fr\/blog\/transferts-ces-grands-noms-toujours-sans-club-a-la-fin-du-mercato\/#primaryimage\"},\"thumbnailUrl\":\"https:\/\/dicodusport.fr\/blog\/wp-content\/uploads\/2025\/09\/Transferts-Ces-grands-noms-toujours-sans-club-a-la-fin-du-mercato.png\",\"datePublished\":\"2025-09-03T14:00:17+00:00\",\"dateModified\":\"2026-01-30T14:05:50+00:00\",\"description\":\"TRANSFERTS \u2013 Alors que le mercato estival a ferm\u00e9 ses portes en d\u00e9but de semaine, de nombreux grands joueurs n'ont pas trouv\u00e9 preneur.\",\"breadcrumb\":{\"@id\":\"https:\/\/dicodusport.fr\/blog\/transferts-ces-grands-noms-toujours-sans-club-a-la-fin-du-mercato\/#breadcrumb\"},\"inLanguage\":\"fr-FR\",\"potentialAction\":[{\"@type\":\"ReadAction\",\"target\":[\"https:\/\/dicodusport.fr\/blog\/transferts-ces-grands-noms-toujours-sans-club-a-la-fin-du-mercato\/\"]}]},{\"@type\":\"ImageObject\",\"inLanguage\":\"fr-FR\",\"@id\":\"https:\/\/dicodusport.fr\/blog\/transferts-ces-grands-noms-toujours-sans-club-a-la-fin-du-mercato\/#primaryimage\",\"url\":\"https:\/\/dicodusport.fr\/blog\/wp-content\/uploads\/2025\/09\/Transferts-Ces-grands-noms-toujours-sans-club-a-la-fin-du-mercato.png\",\"contentUrl\":\"https:\/\/dicodusport.fr\/blog\/wp-content\/uploads\/2025\/09\/Transferts-Ces-grands-noms-toujours-sans-club-a-la-fin-du-mercato.png\",\"width\":1200,\"height\":674,\"caption\":\"Transferts : Ces grands noms toujours sans club \u00e0 la fin du mercato\"},{\"@type\":\"BreadcrumbList\",\"@id\":\"https:\/\/dicodusport.fr\/blog\/transferts-ces-grands-noms-toujours-sans-club-a-la-fin-du-mercato\/#breadcrumb\",\"itemListElement\":[{\"@type\":\"ListItem\",\"position\":1,\"name\":\"Accueil\",\"item\":\"https:\/\/dicodusport.fr\/blog\/\"},{\"@type\":\"ListItem\",\"position\":2,\"name\":\"Transferts : Ces grands noms toujours sans club \u00e0 la fin du mercato\"}]},{\"@type\":\"WebSite\",\"@id\":\"https:\/\/dicodusport.fr\/blog\/#website\",\"url\":\"https:\/\/dicodusport.fr\/blog\/\",\"name\":\"Dicodusport\",\"description\":\"L&#039;encyclop\u00e9die de l&#039;actualit\u00e9 sportive\",\"publisher\":{\"@id\":\"https:\/\/dicodusport.fr\/blog\/#organization\"},\"potentialAction\":[{\"@type\":\"SearchAction\",\"target\":{\"@type\":\"EntryPoint\",\"urlTemplate\":\"https:\/\/dicodusport.fr\/blog\/?s={search_term_string}\"},\"query-input\":{\"@type\":\"PropertyValueSpecification\",\"valueRequired\":true,\"valueName\":\"search_term_string\"}}],\"inLanguage\":\"fr-FR\"},{\"@type\":\"NewsMediaOrganization\",\"@id\":\"https:\/\/dicodusport.fr\/blog\/#organization\",\"name\":\"Dicodusport\",\"url\":\"https:\/\/dicodusport.fr\/blog\/\",\"logo\":{\"@type\":\"ImageObject\",\"inLanguage\":\"fr-FR\",\"@id\":\"https:\/\/dicodusport.fr\/blog\/#\/schema\/logo\/image\/\",\"url\":\"https:\/\/dicodusport.fr\/blog\/wp-content\/uploads\/2020\/06\/cropped-LOGO-DICODUSPORT-2020-SANS-FOND-SANS-TEXTE.png\",\"contentUrl\":\"https:\/\/dicodusport.fr\/blog\/wp-content\/uploads\/2020\/06\/cropped-LOGO-DICODUSPORT-2020-SANS-FOND-SANS-TEXTE.png\",\"width\":512,\"height\":512,\"caption\":\"Dicodusport\"},\"image\":{\"@id\":\"https:\/\/dicodusport.fr\/blog\/#\/schema\/logo\/image\/\"},\"sameAs\":[\"https:\/\/www.facebook.com\/dicodusport\",\"https:\/\/x.com\/dicodusport\",\"https:\/\/www.instagram.com\/dicodusport\/\",\"https:\/\/www.youtube.com\/channel\/UC7V2KZ5sd3htJivAbA4ZG3w\"],\"description\":\"Dicodusport est l'encyclop\u00e9die de l'actualit\u00e9 sportive.\",\"email\":\"bonjour@dicodusport.fr\",\"legalName\":\"DICODUSPORT\",\"foundingDate\":\"2018-01-14\",\"vatID\":\"FR71834470973\",\"taxID\":\"83447097300043\",\"numberOfEmployees\":{\"@type\":\"QuantitativeValue\",\"minValue\":\"1\",\"maxValue\":\"10\"}},{\"@type\":\"Person\",\"@id\":\"https:\/\/dicodusport.fr\/blog\/#\/schema\/person\/37def232098a7a5cbab3974a3690abb0\",\"name\":\"Maxime Cazenave\",\"image\":{\"@type\":\"ImageObject\",\"inLanguage\":\"fr-FR\",\"@id\":\"https:\/\/dicodusport.fr\/blog\/#\/schema\/person\/image\/\",\"url\":\"https:\/\/dicodusport.fr\/blog\/wp-content\/uploads\/2021\/05\/Maxime-Cazenave-150x150.jpg\",\"contentUrl\":\"https:\/\/dicodusport.fr\/blog\/wp-content\/uploads\/2021\/05\/Maxime-Cazenave-150x150.jpg\",\"caption\":\"Maxime Cazenave\"},\"description\":\"Journaliste\/R\u00e9dacteur depuis 2012 - Berc\u00e9 par l\u2019amour des Girondins de Bordeaux, les \u00e9checs de Christophe Moreau sur le Tour de France sous l'\u00e8re Lance Armstrong et le fade-away l\u00e9tal de Dirk Nowitzki, ma passion d\u00e9vorante pour le sport a toujours \u00e9t\u00e9 un pan incontournable de ma vie. Transmettre ma passion \u00e0 l\u2019\u00e9crit a \u00e9t\u00e9 une transition naturelle. Suiveur assidu de basket et de hockey sur glace, je garde toujours un peu de place pour suivre le cyclisme, le football et le maximum de performances fran\u00e7aises.\",\"sameAs\":[\"https:\/\/x.com\/https:\/\/twitter.com\/Maxime_Caze\"],\"url\":\"https:\/\/dicodusport.fr\/blog\/author\/maximec\/\"}]}<\/script>\n<!-- \/ Yoast SEO Premium plugin. -->","yoast_head_json":{"title":"Transferts : Ces grands noms toujours sans club \u00e0 la fin du mercato","description":"TRANSFERTS \u2013 Alors que le mercato estival a ferm\u00e9 ses portes en d\u00e9but de semaine, de nombreux grands joueurs n'ont pas trouv\u00e9 preneur.","robots":{"index":"index","follow":"follow","max-snippet":"max-snippet:-1","max-image-preview":"max-image-preview:large","max-video-preview":"max-video-preview:-1"},"canonical":"https:\/\/dicodusport.fr\/blog\/transferts-ces-grands-noms-toujours-sans-club-a-la-fin-du-mercato\/","og_locale":"fr_FR","og_type":"article","og_title":"Transferts : Ces grands noms toujours sans club \u00e0 la fin du mercato","og_description":"TRANSFERTS \u2013 Alors que le mercato estival a ferm\u00e9 ses portes en d\u00e9but de semaine, de nombreux grands joueurs n'ont pas trouv\u00e9 preneur.","og_url":"https:\/\/dicodusport.fr\/blog\/transferts-ces-grands-noms-toujours-sans-club-a-la-fin-du-mercato\/","og_site_name":"Dicodusport","article_publisher":"https:\/\/www.facebook.com\/dicodusport","article_published_time":"2025-09-03T14:00:17+00:00","article_modified_time":"2026-01-30T14:05:50+00:00","og_image":[{"width":1200,"height":674,"url":"https:\/\/dicodusport.fr\/blog\/wp-content\/uploads\/2025\/09\/Transferts-Ces-grands-noms-toujours-sans-club-a-la-fin-du-mercato.png","type":"image\/png"}],"author":"Maxime Cazenave","twitter_card":"summary_large_image","twitter_title":"Transferts : Ces grands noms toujours sans club \u00e0 la fin du mercato","twitter_creator":"@https:\/\/twitter.com\/Maxime_Caze","twitter_site":"@dicodusport","schema":{"@context":"https:\/\/schema.org","@graph":[{"@type":"NewsArticle","@id":"https:\/\/dicodusport.fr\/blog\/transferts-ces-grands-noms-toujours-sans-club-a-la-fin-du-mercato\/#article","isPartOf":{"@id":"https:\/\/dicodusport.fr\/blog\/transferts-ces-grands-noms-toujours-sans-club-a-la-fin-du-mercato\/"},"author":{"name":"Maxime Cazenave","@id":"https:\/\/dicodusport.fr\/blog\/#\/schema\/person\/37def232098a7a5cbab3974a3690abb0"},"headline":"Transferts : Ces grands noms toujours sans club \u00e0 la fin du mercato","datePublished":"2025-09-03T14:00:17+00:00","dateModified":"2026-01-30T14:05:50+00:00","mainEntityOfPage":{"@id":"https:\/\/dicodusport.fr\/blog\/transferts-ces-grands-noms-toujours-sans-club-a-la-fin-du-mercato\/"},"wordCount":757,"commentCount":0,"publisher":{"@id":"https:\/\/dicodusport.fr\/blog\/#organization"},"image":{"@id":"https:\/\/dicodusport.fr\/blog\/transferts-ces-grands-noms-toujours-sans-club-a-la-fin-du-mercato\/#primaryimage"},"thumbnailUrl":"https:\/\/dicodusport.fr\/blog\/wp-content\/uploads\/2025\/09\/Transferts-Ces-grands-noms-toujours-sans-club-a-la-fin-du-mercato.png","keywords":["actu","br\u00e8ve","Football","Mercato","Mercato football","transferts"],"articleSection":["Football"],"inLanguage":"fr-FR","potentialAction":[{"@type":"CommentAction","name":"Comment","target":["https:\/\/dicodusport.fr\/blog\/transferts-ces-grands-noms-toujours-sans-club-a-la-fin-du-mercato\/#respond"]}],"copyrightYear":"2025","copyrightHolder":{"@id":"https:\/\/dicodusport.fr\/blog\/#organization"}},{"@type":"WebPage","@id":"https:\/\/dicodusport.fr\/blog\/transferts-ces-grands-noms-toujours-sans-club-a-la-fin-du-mercato\/","url":"https:\/\/dicodusport.fr\/blog\/transferts-ces-grands-noms-toujours-sans-club-a-la-fin-du-mercato\/","name":"Transferts : Ces grands noms toujours sans club \u00e0 la fin du mercato","isPartOf":{"@id":"https:\/\/dicodusport.fr\/blog\/#website"},"primaryImageOfPage":{"@id":"https:\/\/dicodusport.fr\/blog\/transferts-ces-grands-noms-toujours-sans-club-a-la-fin-du-mercato\/#primaryimage"},"image":{"@id":"https:\/\/dicodusport.fr\/blog\/transferts-ces-grands-noms-toujours-sans-club-a-la-fin-du-mercato\/#primaryimage"},"thumbnailUrl":"https:\/\/dicodusport.fr\/blog\/wp-content\/uploads\/2025\/09\/Transferts-Ces-grands-noms-toujours-sans-club-a-la-fin-du-mercato.png","datePublished":"2025-09-03T14:00:17+00:00","dateModified":"2026-01-30T14:05:50+00:00","description":"TRANSFERTS \u2013 Alors que le mercato estival a ferm\u00e9 ses portes en d\u00e9but de semaine, de nombreux grands joueurs n'ont pas trouv\u00e9 preneur.","breadcrumb":{"@id":"https:\/\/dicodusport.fr\/blog\/transferts-ces-grands-noms-toujours-sans-club-a-la-fin-du-mercato\/#breadcrumb"},"inLanguage":"fr-FR","potentialAction":[{"@type":"ReadAction","target":["https:\/\/dicodusport.fr\/blog\/transferts-ces-grands-noms-toujours-sans-club-a-la-fin-du-mercato\/"]}]},{"@type":"ImageObject","inLanguage":"fr-FR","@id":"https:\/\/dicodusport.fr\/blog\/transferts-ces-grands-noms-toujours-sans-club-a-la-fin-du-mercato\/#primaryimage","url":"https:\/\/dicodusport.fr\/blog\/wp-content\/uploads\/2025\/09\/Transferts-Ces-grands-noms-toujours-sans-club-a-la-fin-du-mercato.png","contentUrl":"https:\/\/dicodusport.fr\/blog\/wp-content\/uploads\/2025\/09\/Transferts-Ces-grands-noms-toujours-sans-club-a-la-fin-du-mercato.png","width":1200,"height":674,"caption":"Transferts : Ces grands noms toujours sans club \u00e0 la fin du mercato"},{"@type":"BreadcrumbList","@id":"https:\/\/dicodusport.fr\/blog\/transferts-ces-grands-noms-toujours-sans-club-a-la-fin-du-mercato\/#breadcrumb","itemListElement":[{"@type":"ListItem","position":1,"name":"Accueil","item":"https:\/\/dicodusport.fr\/blog\/"},{"@type":"ListItem","position":2,"name":"Transferts : Ces grands noms toujours sans club \u00e0 la fin du mercato"}]},{"@type":"WebSite","@id":"https:\/\/dicodusport.fr\/blog\/#website","url":"https:\/\/dicodusport.fr\/blog\/","name":"Dicodusport","description":"L&#039;encyclop\u00e9die de l&#039;actualit\u00e9 sportive","publisher":{"@id":"https:\/\/dicodusport.fr\/blog\/#organization"},"potentialAction":[{"@type":"SearchAction","target":{"@type":"EntryPoint","urlTemplate":"https:\/\/dicodusport.fr\/blog\/?s={search_term_string}"},"query-input":{"@type":"PropertyValueSpecification","valueRequired":true,"valueName":"search_term_string"}}],"inLanguage":"fr-FR"},{"@type":"NewsMediaOrganization","@id":"https:\/\/dicodusport.fr\/blog\/#organization","name":"Dicodusport","url":"https:\/\/dicodusport.fr\/blog\/","logo":{"@type":"ImageObject","inLanguage":"fr-FR","@id":"https:\/\/dicodusport.fr\/blog\/#\/schema\/logo\/image\/","url":"https:\/\/dicodusport.fr\/blog\/wp-content\/uploads\/2020\/06\/cropped-LOGO-DICODUSPORT-2020-SANS-FOND-SANS-TEXTE.png","contentUrl":"https:\/\/dicodusport.fr\/blog\/wp-content\/uploads\/2020\/06\/cropped-LOGO-DICODUSPORT-2020-SANS-FOND-SANS-TEXTE.png","width":512,"height":512,"caption":"Dicodusport"},"image":{"@id":"https:\/\/dicodusport.fr\/blog\/#\/schema\/logo\/image\/"},"sameAs":["https:\/\/www.facebook.com\/dicodusport","https:\/\/x.com\/dicodusport","https:\/\/www.instagram.com\/dicodusport\/","https:\/\/www.youtube.com\/channel\/UC7V2KZ5sd3htJivAbA4ZG3w"],"description":"Dicodusport est l'encyclop\u00e9die de l'actualit\u00e9 sportive.","email":"bonjour@dicodusport.fr","legalName":"DICODUSPORT","foundingDate":"2018-01-14","vatID":"FR71834470973","taxID":"83447097300043","numberOfEmployees":{"@type":"QuantitativeValue","minValue":"1","maxValue":"10"}},{"@type":"Person","@id":"https:\/\/dicodusport.fr\/blog\/#\/schema\/person\/37def232098a7a5cbab3974a3690abb0","name":"Maxime Cazenave","image":{"@type":"ImageObject","inLanguage":"fr-FR","@id":"https:\/\/dicodusport.fr\/blog\/#\/schema\/person\/image\/","url":"https:\/\/dicodusport.fr\/blog\/wp-content\/uploads\/2021\/05\/Maxime-Cazenave-150x150.jpg","contentUrl":"https:\/\/dicodusport.fr\/blog\/wp-content\/uploads\/2021\/05\/Maxime-Cazenave-150x150.jpg","caption":"Maxime Cazenave"},"description":"Journaliste\/R\u00e9dacteur depuis 2012 - Berc\u00e9 par l\u2019amour des Girondins de Bordeaux, les \u00e9checs de Christophe Moreau sur le Tour de France sous l'\u00e8re Lance Armstrong et le fade-away l\u00e9tal de Dirk Nowitzki, ma passion d\u00e9vorante pour le sport a toujours \u00e9t\u00e9 un pan incontournable de ma vie. Transmettre ma passion \u00e0 l\u2019\u00e9crit a \u00e9t\u00e9 une transition naturelle. Suiveur assidu de basket et de hockey sur glace, je garde toujours un peu de place pour suivre le cyclisme, le football et le maximum de performances fran\u00e7aises.","sameAs":["https:\/\/x.com\/https:\/\/twitter.com\/Maxime_Caze"],"url":"https:\/\/dicodusport.fr\/blog\/author\/maximec\/"}]}},"_links":{"self":[{"href":"https:\/\/dicodusport.fr\/blog\/wp-json\/wp\/v2\/posts\/607990","targetHints":{"allow":["GET"]}}],"collection":[{"href":"https:\/\/dicodusport.fr\/blog\/wp-json\/wp\/v2\/posts"}],"about":[{"href":"https:\/\/dicodusport.fr\/blog\/wp-json\/wp\/v2\/types\/post"}],"author":[{"embeddable":true,"href":"https:\/\/dicodusport.fr\/blog\/wp-json\/wp\/v2\/users\/55"}],"replies":[{"embeddable":true,"href":"https:\/\/dicodusport.fr\/blog\/wp-json\/wp\/v2\/comments?post=607990"}],"version-history":[{"count":3,"href":"https:\/\/dicodusport.fr\/blog\/wp-json\/wp\/v2\/posts\/607990\/revisions"}],"predecessor-version":[{"id":608019,"href":"https:\/\/dicodusport.fr\/blog\/wp-json\/wp\/v2\/posts\/607990\/revisions\/608019"}],"wp:featuredmedia":[{"embeddable":true,"href":"https:\/\/dicodusport.fr\/blog\/wp-json\/wp\/v2\/media\/608001"}],"wp:attachment":[{"href":"https:\/\/dicodusport.fr\/blog\/wp-json\/wp\/v2\/media?parent=607990"}],"wp:term":[{"taxonomy":"category","embeddable":true,"href":"https:\/\/dicodusport.fr\/blog\/wp-json\/wp\/v2\/categories?post=607990"},{"taxonomy":"post_tag","embeddable":true,"href":"https:\/\/dicodusport.fr\/blog\/wp-json\/wp\/v2\/tags?post=607990"}],"curies":[{"name":"wp","href":"https:\/\/api.w.org\/{rel}","templated":true}]}}