{"id":608011,"date":"2025-09-03T17:32:22","date_gmt":"2025-09-03T15:32:22","guid":{"rendered":"https:\/\/dicodusport.fr\/blog\/?p=608011&#038;preview=true&#038;preview_id=608011"},"modified":"2025-09-04T09:08:01","modified_gmt":"2025-09-04T07:08:01","slug":"tour-despagne-2025-pas-de-vainqueur-sur-la-11eme-etape-perturbee-par-des-manifestants","status":"publish","type":"post","link":"https:\/\/dicodusport.fr\/blog\/tour-despagne-2025-pas-de-vainqueur-sur-la-11eme-etape-perturbee-par-des-manifestants\/","title":{"rendered":"Tour d&rsquo;Espagne 2025 : Pas de vainqueur sur la 11\u00e8me \u00e9tape, perturb\u00e9e par des manifestants"},"content":{"rendered":"<p style=\"text-align: justify;\"><strong><em>TOUR D&rsquo;ESPAGNE 2025 &#8211; Perturb\u00e9e par des manifestants, la 11\u00e8me \u00e9tape de la Vuelta n&rsquo;a pas d\u00e9livr\u00e9 de vainqueur ce mercredi, \u00e0 Bilbao. Les temps ont ainsi \u00e9t\u00e9 gel\u00e9s \u00e0 3 km de l&rsquo;arriv\u00e9e.\u00a0<\/em><\/strong><\/p>\n<ul style=\"text-align: justify;\">\n<li><strong>\u00c0 ce sujet \u2013 <a href=\"https:\/\/dicodusport.fr\/blog\/11eme-etape-tour-despagne-2025-classement-et-resultats\/\">11\u00e8me \u00e9tape Tour d\u2019Espagne 2025 \u2013 Classement et r\u00e9sultats<\/a><\/strong><\/li>\n<\/ul>\n<p style=\"text-align: justify;\">La <strong>11\u00e8me \u00e9tape du Tour d\u2019Espagne 2025<\/strong>, disput\u00e9e ce <strong>mercredi 3 septembre<\/strong>, proposait une boucle exigeante de <strong>157 kilom\u00e8tres<\/strong> autour de <strong>Bilbao<\/strong>. Comme souvent au Pays Basque, le relief n&rsquo;allait laisser aucun r\u00e9pit : pas moins de sept ascensions r\u00e9pertori\u00e9es figuraient au programme, avec des routes \u00e9troites, des pentes raides et un encha\u00eenement constant de mont\u00e9es et de descentes.<\/p>\n<p style=\"text-align: justify;\">D\u00e8s le d\u00e9part, le peloton \u00e9tait mis \u00e0 l\u2019\u00e9preuve avec l\u2019<strong>Alto de Laukiz<\/strong>, avant d\u2019encha\u00eener rapidement avec le <strong>Sollube<\/strong>, le <strong>Balc\u00f3n de Bizkaia<\/strong> et l\u2019<strong>Alto de Morga<\/strong>. Mais c\u2019est surtout dans la seconde moiti\u00e9 d\u2019\u00e9tape que les choses devaient s\u2019animer. Le peloton devait en effet franchir \u00e0 deux reprises l\u2019<strong>Alto del Vivero<\/strong>, une mont\u00e9e courte, mais s\u00e9v\u00e8re (environ 4 km \u00e0 8 %), qui a d\u00e9j\u00e0 servi de juge de paix sur d\u2019autres classiques basques.<\/p>\n<p style=\"text-align: justify;\">L\u2019explication finale devait se jouer dans la terrible ascension de l\u2019<strong>Alto de Pike<\/strong>, plac\u00e9e \u00e0 moins de 8 kilom\u00e8tres de l\u2019arriv\u00e9e. Ses pentes \u00e0 pr\u00e8s de 9 % de moyenne constituaient un tremplin id\u00e9al pour les attaquants ou les favoris du classement g\u00e9n\u00e9ral d\u00e9sireux de pi\u00e9ger leurs adversaires. La courte descente qui suivait ramener ensuite les coureurs vers le centre de <strong>Bilbao<\/strong>. Sur ce type de parcours, le spectacle \u00e9tait attendu. Malheureusement, cela a tourn\u00e9 court.<\/p>\n<div class=\"vlp-link-container vlp-layout-article\"><a href=\"https:\/\/dicodusport.fr\/blog\/11eme-etape-tour-despagne-2025-parcours-detaille-et-profil\/\" class=\"vlp-link\" title=\"11\u00e8me \u00e9tape Tour d&#039;Espagne 2025 : Parcours d\u00e9taill\u00e9 et profil\"><\/a><div class=\"vlp-layout-zone-side\"><div class=\"vlp-block-4 vlp-link-image\"><img loading=\"lazy\" decoding=\"async\" style=\"max-width: 792px;\" width=\"792\" height=\"445\" src=\"https:\/\/dicodusport.fr\/blog\/wp-content\/uploads\/2025\/08\/11eme-etape-Tour-dEspagne-2025-Parcours-detaille-et-profil.png\" class=\"attachment-800x445 size-800x445\" alt=\"11\u00e8me \u00e9tape Tour d&#039;Espagne 2025 Parcours d\u00e9taill\u00e9 et profil\" srcset=\"https:\/\/dicodusport.fr\/blog\/wp-content\/uploads\/2025\/08\/11eme-etape-Tour-dEspagne-2025-Parcours-detaille-et-profil.png 1200w, https:\/\/dicodusport.fr\/blog\/wp-content\/uploads\/2025\/08\/11eme-etape-Tour-dEspagne-2025-Parcours-detaille-et-profil-300x169.png 300w, https:\/\/dicodusport.fr\/blog\/wp-content\/uploads\/2025\/08\/11eme-etape-Tour-dEspagne-2025-Parcours-detaille-et-profil-1024x575.png 1024w, https:\/\/dicodusport.fr\/blog\/wp-content\/uploads\/2025\/08\/11eme-etape-Tour-dEspagne-2025-Parcours-detaille-et-profil-768x431.png 768w\" sizes=\"auto, (max-width: 792px) 100vw, 792px\" \/><\/div><\/div><div class=\"vlp-layout-zone-main\"><div class=\"vlp-block-0 vlp-link-title\">11\u00e8me \u00e9tape Tour d'Espagne 2025 : Parcours d\u00e9taill\u00e9 et profil<\/div><div class=\"vlp-block-1 vlp-link-summary\">Retrouvez le parcours en d\u00e9tail et le profil complet de la 11\u00e8me \u00e9tape du Tour d'Espagne 2025, qui se d\u00e9roule ce mercredi 3 septembre autour de Bilbao (167 km).<\/div><div class=\"vlp-block-2 vlp-link-button\">Lire l'article<\/div><div class=\"vlp-block-3 vlp-link-url\">dicodusport.fr<\/div><\/div><\/div>\n<h2 style=\"text-align: justify;\">Un d\u00e9but d&rsquo;\u00e9tape anim\u00e9, des attaques \u00e0 gogo<\/h2>\n<p style=\"text-align: justify;\">On s&rsquo;en doutait, on n&rsquo;a pas \u00e9t\u00e9 d\u00e9\u00e7us. Le parcours en montagnes russes, d\u00e8s le d\u00e9but de journ\u00e9e, avait tout pour rendre la course nerveuse et ind\u00e9cise. Et il a fallu attendu quasiment 30 kilom\u00e8tres et des attaques permanentes, pour voir un trio s&rsquo;extirper du peloton. Le maillot vert de leader du classement par points, <strong>Mads Pedersen<\/strong> (Lidl-Trek), apr\u00e8s une \u00e9ni\u00e8me tentative, est alors accompagn\u00e9 de <strong>Orluis Aular<\/strong> (Movistar), et surtout <strong>Marc Soler<\/strong> (UAE Team Emirates XRG). L&rsquo;Espagnol pointait ce matin, au d\u00e9part de cette 11\u00e8me \u00e9tape, \u00e0 3:30 du leader <strong>Vingegaard<\/strong> au g\u00e9n\u00e9ral.<\/p>\n<p style=\"text-align: justify;\">R\u00e9sultat, la <strong>Visma Lease a Bike<\/strong> ne laissait pas partir le coup. <strong>Pedersen<\/strong> et <strong>Aular<\/strong> se relevaient, alors que <strong>Soler<\/strong> faisait de la r\u00e9sistance, avant d&rsquo;\u00eatre repris au pied de la premi\u00e8re des deux ascensions de l&rsquo;<strong>Alto del Vivero<\/strong>, \u00e0 moins de 60 km de l&rsquo;arriv\u00e9e. Tout restait \u00e0 faire au Pays Basque.<\/p>\n<ul>\n<li style=\"text-align: justify;\"><strong>\u00c0 ce sujet \u2013\u00a0<a href=\"https:\/\/dicodusport.fr\/blog\/vuelta-classement-general-tour-despagne-2025-mis-a-jour\/\">Vuelta : Classement g\u00e9n\u00e9ral Tour d\u2019Espagne 2025 mis \u00e0 jour<\/a><\/strong><\/li>\n<\/ul>\n<h2 style=\"text-align: justify;\">Pas de vainqueur d&rsquo;\u00e9tape et temps arr\u00eat\u00e9s \u00e0 3 km de l&rsquo;arriv\u00e9e : la tension monte sur la Vuelta<\/h2>\n<p style=\"text-align: justify;\">Tout restait \u00e0 faire, et pourtant. Apr\u00e8s des relances tent\u00e9es, entre autres, par <strong>Mikel Landa<\/strong> (Soudal Quick-Step) et <strong>Santiago Buitrago<\/strong> (Bahrain Victorious), l&rsquo;\u00e9lan a finalement \u00e9t\u00e9 coup\u00e9 pour les coureurs d\u00e9sireux de jouer les premiers r\u00f4les dans le final de cette <strong>11\u00e8me \u00e9tape<\/strong>. En raison de manifestations pro-Palestine dans le dernier kilom\u00e8tre, les organisateurs de la <strong>Vuelta<\/strong> d\u00e9cidaient de geler les temps \u00e0 trois kilom\u00e8tres de l&rsquo;arriv\u00e9e \u00e0 <strong>Bilbao<\/strong>. Pas de ligne d&rsquo;arriv\u00e9e donc, et pas de vainqueur d&rsquo;\u00e9tape non plus.<\/p>\n<p style=\"text-align: justify;\">Toutefois, il restait un enjeu sportif dans le final de cette journ\u00e9e rocambolesque. L\u2019<strong>Alto de Pike\u00a0<\/strong>donnait, \u00e0 son sommet, quelques secondes de bonifications. Et dans les pentes les plus brutales, c&rsquo;est <strong>Tom Pidcock<\/strong> (Q36.5) qui faisait la diff\u00e9rence, l\u00e2chant m\u00eame <strong>Jonas Vingegaard<\/strong> (Visma Lease a Bike), et surtout <strong>Jo\u00e3o Almeida<\/strong> (UAE Team Emirates XRG). Dans la descente, et jusqu&rsquo;\u00e0 la banderole des trois kilom\u00e8tres, <strong>Pidcock<\/strong>, et <strong>Vingegaard<\/strong>, revenu sur le Britannique, s&rsquo;entendaient, reprenant une dizaine de secondes sur Almeida and co. Tout \u00e7a pour \u00e7a.<\/p>\n<blockquote class=\"twitter-tweet\">\n<p dir=\"ltr\" lang=\"fr\">PAS DE VAINQUEUR SUR LA 11E \u00c9TAPE DE LA VUELTA ! Si les temps seront gel\u00e9s \u00e0 3km de la ligne d&rsquo;arriv\u00e9e, les coureurs n&rsquo;iront donc pas sur la ligne, s&rsquo;arr\u00eatant avant. Cette situation s&rsquo;explique par les incidents avec les manifestants pro-Palestine. <a href=\"https:\/\/twitter.com\/hashtag\/LaVuelta25?src=hash&amp;ref_src=twsrc%5Etfw\">#LaVuelta25<\/a><br \/>\n\ud83d\udcf7<a href=\"https:\/\/twitter.com\/friebos?ref_src=twsrc%5Etfw\">@friebos<\/a> <a href=\"https:\/\/t.co\/9LuPWKm7hB\">pic.twitter.com\/9LuPWKm7hB<\/a><\/p>\n<p>\u2014 Le Gruppetto (@LeGruppetto) <a href=\"https:\/\/twitter.com\/LeGruppetto\/status\/1963259538225738020?ref_src=twsrc%5Etfw\">September 3, 2025<\/a><\/p><\/blockquote>\n<p><script async src=\"https:\/\/platform.twitter.com\/widgets.js\" charset=\"utf-8\"><\/script><\/p>\n<p style=\"text-align: justify;\">L&rsquo;organisation ne pouvant pas garantir la s\u00e9curit\u00e9 des coureurs dans ce final, la d\u00e9cision d&rsquo;arr\u00eater les temps aura \u00e9t\u00e9 la bonne. Mais quid de la suite de l&rsquo;\u00e9preuve espagnole ? Les discussions entre coureurs, organisateurs et autres acteurs impliqu\u00e9s dans cette <strong>Vuelta<\/strong>, n&rsquo;ont pas fini d&rsquo;animer les prochaines heures. Surtout, la tension s&rsquo;accentue au-dessus de la formation <strong>Israel-Premier Tech<\/strong>, vis\u00e9e par ses manifestations en raison de la situation g\u00e9opolitique au Moyen-Orient. Affaire \u00e0 suivre.<\/p>\n","protected":false},"excerpt":{"rendered":"<p>Perturb\u00e9e par des manifestants, la 11\u00e8me \u00e9tape de la Vuelta n&rsquo;a pas d\u00e9livr\u00e9 de vainqueur ce mardi, \u00e0 Bilbao. Les temps ont ainsi \u00e9t\u00e9 gel\u00e9s \u00e0 3 km de l&rsquo;arriv\u00e9e.\u00a0<\/p>\n","protected":false},"author":4,"featured_media":608074,"comment_status":"open","ping_status":"closed","sticky":false,"template":"","format":"standard","meta":{"_acf_changed":false,"_daextam_enable_autolinks":"1","footnotes":""},"categories":[47042],"tags":[16878,574,11197,24,1671],"class_list":["post-608011","post","type-post","status-publish","format-standard","has-post-thumbnail","hentry","category-tour-d-espagne","tag-breve","tag-cyclisme","tag-cyclisme-sur-route","tag-sport","tag-tour-despagne"],"acf":[],"yoast_head":"<!-- This site is optimized with the Yoast SEO Premium plugin v26.7 (Yoast SEO v26.7) - https:\/\/yoast.com\/wordpress\/plugins\/seo\/ -->\n<title>Tour d&#039;Espagne 2025 : Pas de vainqueur sur la 11\u00e8me \u00e9tape, perturb\u00e9e par des manifestants<\/title>\n<meta name=\"description\" content=\"Perturb\u00e9e par des manifestants, la 11\u00e8me \u00e9tape de la Vuelta n&#039;a pas d\u00e9livr\u00e9 de vainqueur ce mardi, \u00e0 Bilbao. Les temps ont ainsi \u00e9t\u00e9 gel\u00e9s \u00e0 3 km de l&#039;arriv\u00e9e.\u00a0\" \/>\n<meta name=\"robots\" content=\"index, follow, max-snippet:-1, max-image-preview:large, max-video-preview:-1\" \/>\n<link rel=\"canonical\" href=\"https:\/\/dicodusport.fr\/blog\/tour-despagne-2025-pas-de-vainqueur-sur-la-11eme-etape-perturbee-par-des-manifestants\/\" \/>\n<meta property=\"og:locale\" content=\"fr_FR\" \/>\n<meta property=\"og:type\" content=\"article\" \/>\n<meta property=\"og:title\" content=\"Tour d&#039;Espagne 2025 : Pas de vainqueur sur la 11\u00e8me \u00e9tape, perturb\u00e9e par des manifestants\" \/>\n<meta property=\"og:description\" content=\"Perturb\u00e9e par des manifestants, la 11\u00e8me \u00e9tape de la Vuelta n&#039;a pas d\u00e9livr\u00e9 de vainqueur ce mardi, \u00e0 Bilbao. Les temps ont ainsi \u00e9t\u00e9 gel\u00e9s \u00e0 3 km de l&#039;arriv\u00e9e.\u00a0\" \/>\n<meta property=\"og:url\" content=\"https:\/\/dicodusport.fr\/blog\/tour-despagne-2025-pas-de-vainqueur-sur-la-11eme-etape-perturbee-par-des-manifestants\/\" \/>\n<meta property=\"og:site_name\" content=\"Dicodusport\" \/>\n<meta property=\"article:publisher\" content=\"https:\/\/www.facebook.com\/dicodusport\" \/>\n<meta property=\"article:author\" content=\"https:\/\/www.facebook.com\/florent.ostermann\" \/>\n<meta property=\"article:published_time\" content=\"2025-09-03T15:32:22+00:00\" \/>\n<meta property=\"article:modified_time\" content=\"2025-09-04T07:08:01+00:00\" \/>\n<meta property=\"og:image\" content=\"https:\/\/dicodusport.fr\/blog\/wp-content\/uploads\/2025\/09\/Tour-dEspagne-2025-Pas-de-vainqueur-sur-la-11eme-etape-perturbee-par-des-manifestants.png\" \/>\n\t<meta property=\"og:image:width\" content=\"1200\" \/>\n\t<meta property=\"og:image:height\" content=\"674\" \/>\n\t<meta property=\"og:image:type\" content=\"image\/png\" \/>\n<meta name=\"author\" content=\"Flo Ostermann\" \/>\n<meta name=\"twitter:card\" content=\"summary_large_image\" \/>\n<meta name=\"twitter:title\" content=\"Tour d&#039;Espagne 2025 : Pas de vainqueur sur la 11\u00e8me \u00e9tape, perturb\u00e9e par des manifestants\" \/>\n<meta name=\"twitter:creator\" content=\"@https:\/\/twitter.com\/FlOstermann\" \/>\n<meta name=\"twitter:site\" content=\"@dicodusport\" \/>\n<script type=\"application\/ld+json\" class=\"yoast-schema-graph\">{\"@context\":\"https:\/\/schema.org\",\"@graph\":[{\"@type\":\"NewsArticle\",\"@id\":\"https:\/\/dicodusport.fr\/blog\/tour-despagne-2025-pas-de-vainqueur-sur-la-11eme-etape-perturbee-par-des-manifestants\/#article\",\"isPartOf\":{\"@id\":\"https:\/\/dicodusport.fr\/blog\/tour-despagne-2025-pas-de-vainqueur-sur-la-11eme-etape-perturbee-par-des-manifestants\/\"},\"author\":{\"name\":\"Flo Ostermann\",\"@id\":\"https:\/\/dicodusport.fr\/blog\/#\/schema\/person\/cb02af4c173ce4a653b55e9baf388d4a\"},\"headline\":\"Tour d&rsquo;Espagne 2025 : Pas de vainqueur sur la 11\u00e8me \u00e9tape, perturb\u00e9e par des manifestants\",\"datePublished\":\"2025-09-03T15:32:22+00:00\",\"dateModified\":\"2025-09-04T07:08:01+00:00\",\"mainEntityOfPage\":{\"@id\":\"https:\/\/dicodusport.fr\/blog\/tour-despagne-2025-pas-de-vainqueur-sur-la-11eme-etape-perturbee-par-des-manifestants\/\"},\"wordCount\":902,\"commentCount\":1,\"publisher\":{\"@id\":\"https:\/\/dicodusport.fr\/blog\/#organization\"},\"image\":{\"@id\":\"https:\/\/dicodusport.fr\/blog\/tour-despagne-2025-pas-de-vainqueur-sur-la-11eme-etape-perturbee-par-des-manifestants\/#primaryimage\"},\"thumbnailUrl\":\"https:\/\/dicodusport.fr\/blog\/wp-content\/uploads\/2025\/09\/Tour-dEspagne-2025-Pas-de-vainqueur-sur-la-11eme-etape-perturbee-par-des-manifestants.png\",\"keywords\":[\"br\u00e8ve\",\"Cyclisme\",\"Cyclisme sur route\",\"sport\",\"Tour d'Espagne\"],\"articleSection\":[\"Tour d'Espagne\"],\"inLanguage\":\"fr-FR\",\"potentialAction\":[{\"@type\":\"CommentAction\",\"name\":\"Comment\",\"target\":[\"https:\/\/dicodusport.fr\/blog\/tour-despagne-2025-pas-de-vainqueur-sur-la-11eme-etape-perturbee-par-des-manifestants\/#respond\"]}],\"copyrightYear\":\"2025\",\"copyrightHolder\":{\"@id\":\"https:\/\/dicodusport.fr\/blog\/#organization\"}},{\"@type\":\"WebPage\",\"@id\":\"https:\/\/dicodusport.fr\/blog\/tour-despagne-2025-pas-de-vainqueur-sur-la-11eme-etape-perturbee-par-des-manifestants\/\",\"url\":\"https:\/\/dicodusport.fr\/blog\/tour-despagne-2025-pas-de-vainqueur-sur-la-11eme-etape-perturbee-par-des-manifestants\/\",\"name\":\"Tour d'Espagne 2025 : Pas de vainqueur sur la 11\u00e8me \u00e9tape, perturb\u00e9e par des manifestants\",\"isPartOf\":{\"@id\":\"https:\/\/dicodusport.fr\/blog\/#website\"},\"primaryImageOfPage\":{\"@id\":\"https:\/\/dicodusport.fr\/blog\/tour-despagne-2025-pas-de-vainqueur-sur-la-11eme-etape-perturbee-par-des-manifestants\/#primaryimage\"},\"image\":{\"@id\":\"https:\/\/dicodusport.fr\/blog\/tour-despagne-2025-pas-de-vainqueur-sur-la-11eme-etape-perturbee-par-des-manifestants\/#primaryimage\"},\"thumbnailUrl\":\"https:\/\/dicodusport.fr\/blog\/wp-content\/uploads\/2025\/09\/Tour-dEspagne-2025-Pas-de-vainqueur-sur-la-11eme-etape-perturbee-par-des-manifestants.png\",\"datePublished\":\"2025-09-03T15:32:22+00:00\",\"dateModified\":\"2025-09-04T07:08:01+00:00\",\"description\":\"Perturb\u00e9e par des manifestants, la 11\u00e8me \u00e9tape de la Vuelta n'a pas d\u00e9livr\u00e9 de vainqueur ce mardi, \u00e0 Bilbao. Les temps ont ainsi \u00e9t\u00e9 gel\u00e9s \u00e0 3 km de l'arriv\u00e9e.\u00a0\",\"breadcrumb\":{\"@id\":\"https:\/\/dicodusport.fr\/blog\/tour-despagne-2025-pas-de-vainqueur-sur-la-11eme-etape-perturbee-par-des-manifestants\/#breadcrumb\"},\"inLanguage\":\"fr-FR\",\"potentialAction\":[{\"@type\":\"ReadAction\",\"target\":[\"https:\/\/dicodusport.fr\/blog\/tour-despagne-2025-pas-de-vainqueur-sur-la-11eme-etape-perturbee-par-des-manifestants\/\"]}]},{\"@type\":\"ImageObject\",\"inLanguage\":\"fr-FR\",\"@id\":\"https:\/\/dicodusport.fr\/blog\/tour-despagne-2025-pas-de-vainqueur-sur-la-11eme-etape-perturbee-par-des-manifestants\/#primaryimage\",\"url\":\"https:\/\/dicodusport.fr\/blog\/wp-content\/uploads\/2025\/09\/Tour-dEspagne-2025-Pas-de-vainqueur-sur-la-11eme-etape-perturbee-par-des-manifestants.png\",\"contentUrl\":\"https:\/\/dicodusport.fr\/blog\/wp-content\/uploads\/2025\/09\/Tour-dEspagne-2025-Pas-de-vainqueur-sur-la-11eme-etape-perturbee-par-des-manifestants.png\",\"width\":1200,\"height\":674,\"caption\":\"Tour d'Espagne 2025 Pas de vainqueur sur la 11\u00e8me \u00e9tape, perturb\u00e9e par des manifestants\"},{\"@type\":\"BreadcrumbList\",\"@id\":\"https:\/\/dicodusport.fr\/blog\/tour-despagne-2025-pas-de-vainqueur-sur-la-11eme-etape-perturbee-par-des-manifestants\/#breadcrumb\",\"itemListElement\":[{\"@type\":\"ListItem\",\"position\":1,\"name\":\"Accueil\",\"item\":\"https:\/\/dicodusport.fr\/blog\/\"},{\"@type\":\"ListItem\",\"position\":2,\"name\":\"Tour d&rsquo;Espagne 2025 : Pas de vainqueur sur la 11\u00e8me \u00e9tape, perturb\u00e9e par des manifestants\"}]},{\"@type\":\"WebSite\",\"@id\":\"https:\/\/dicodusport.fr\/blog\/#website\",\"url\":\"https:\/\/dicodusport.fr\/blog\/\",\"name\":\"Dicodusport\",\"description\":\"L&#039;encyclop\u00e9die de l&#039;actualit\u00e9 sportive\",\"publisher\":{\"@id\":\"https:\/\/dicodusport.fr\/blog\/#organization\"},\"potentialAction\":[{\"@type\":\"SearchAction\",\"target\":{\"@type\":\"EntryPoint\",\"urlTemplate\":\"https:\/\/dicodusport.fr\/blog\/?s={search_term_string}\"},\"query-input\":{\"@type\":\"PropertyValueSpecification\",\"valueRequired\":true,\"valueName\":\"search_term_string\"}}],\"inLanguage\":\"fr-FR\"},{\"@type\":\"NewsMediaOrganization\",\"@id\":\"https:\/\/dicodusport.fr\/blog\/#organization\",\"name\":\"Dicodusport\",\"url\":\"https:\/\/dicodusport.fr\/blog\/\",\"logo\":{\"@type\":\"ImageObject\",\"inLanguage\":\"fr-FR\",\"@id\":\"https:\/\/dicodusport.fr\/blog\/#\/schema\/logo\/image\/\",\"url\":\"https:\/\/dicodusport.fr\/blog\/wp-content\/uploads\/2020\/06\/cropped-LOGO-DICODUSPORT-2020-SANS-FOND-SANS-TEXTE.png\",\"contentUrl\":\"https:\/\/dicodusport.fr\/blog\/wp-content\/uploads\/2020\/06\/cropped-LOGO-DICODUSPORT-2020-SANS-FOND-SANS-TEXTE.png\",\"width\":512,\"height\":512,\"caption\":\"Dicodusport\"},\"image\":{\"@id\":\"https:\/\/dicodusport.fr\/blog\/#\/schema\/logo\/image\/\"},\"sameAs\":[\"https:\/\/www.facebook.com\/dicodusport\",\"https:\/\/x.com\/dicodusport\",\"https:\/\/www.instagram.com\/dicodusport\/\",\"https:\/\/www.youtube.com\/channel\/UC7V2KZ5sd3htJivAbA4ZG3w\"],\"description\":\"Dicodusport est l'encyclop\u00e9die de l'actualit\u00e9 sportive.\",\"email\":\"bonjour@dicodusport.fr\",\"legalName\":\"DICODUSPORT\",\"foundingDate\":\"2018-01-14\",\"vatID\":\"FR71834470973\",\"taxID\":\"83447097300043\",\"numberOfEmployees\":{\"@type\":\"QuantitativeValue\",\"minValue\":\"1\",\"maxValue\":\"10\"}},{\"@type\":\"Person\",\"@id\":\"https:\/\/dicodusport.fr\/blog\/#\/schema\/person\/cb02af4c173ce4a653b55e9baf388d4a\",\"name\":\"Flo Ostermann\",\"image\":{\"@type\":\"ImageObject\",\"inLanguage\":\"fr-FR\",\"@id\":\"https:\/\/dicodusport.fr\/blog\/#\/schema\/person\/image\/\",\"url\":\"https:\/\/dicodusport.fr\/blog\/wp-content\/uploads\/2021\/05\/Flo-Ostermann-150x150.jpg\",\"contentUrl\":\"https:\/\/dicodusport.fr\/blog\/wp-content\/uploads\/2021\/05\/Flo-Ostermann-150x150.jpg\",\"caption\":\"Flo Ostermann\"},\"description\":\"Journaliste\/R\u00e9dacteur depuis septembre 2015 - Mes premiers souvenirs dans le sport ? Les envol\u00e9es du Stade Toulousain et les duels Villeneuve-Schumacher et H\u00e4kkinen-Schumacher \u00e0 la fin des ann\u00e9es 90, la Coupe du monde de football en 1998, l\u2019exploit du XV de France face aux All Blacks en 1999, mais aussi Richard C\u0153ur de Lion qui vole sur les montagnes du Tour de France. Bien parti pour devenir professeur d\u2019EPS, les \u00e9v\u00e9nements de la vie (et la flemme d\u2019animer des s\u00e9ances de 3x500 m\u00e8tres toute ma vie) m\u2019ont conduit \u00e0 revoir mes plans. Me voil\u00e0 depuis fin 2017 sur Dicodusport, m\u00e9dia gr\u00e2ce (et pour) lequel je partage ma passion : le sport dans tous ses \u00e9tats. Le tout accompagn\u00e9 par les fous furieux et folles furieuses cit\u00e9s sur cette page !\",\"sameAs\":[\"https:\/\/www.facebook.com\/florent.ostermann\",\"https:\/\/x.com\/https:\/\/twitter.com\/FlOstermann\",\"admin\"],\"url\":\"https:\/\/dicodusport.fr\/blog\/author\/flo\/\"}]}<\/script>\n<!-- \/ Yoast SEO Premium plugin. -->","yoast_head_json":{"title":"Tour d'Espagne 2025 : Pas de vainqueur sur la 11\u00e8me \u00e9tape, perturb\u00e9e par des manifestants","description":"Perturb\u00e9e par des manifestants, la 11\u00e8me \u00e9tape de la Vuelta n'a pas d\u00e9livr\u00e9 de vainqueur ce mardi, \u00e0 Bilbao. Les temps ont ainsi \u00e9t\u00e9 gel\u00e9s \u00e0 3 km de l'arriv\u00e9e.\u00a0","robots":{"index":"index","follow":"follow","max-snippet":"max-snippet:-1","max-image-preview":"max-image-preview:large","max-video-preview":"max-video-preview:-1"},"canonical":"https:\/\/dicodusport.fr\/blog\/tour-despagne-2025-pas-de-vainqueur-sur-la-11eme-etape-perturbee-par-des-manifestants\/","og_locale":"fr_FR","og_type":"article","og_title":"Tour d'Espagne 2025 : Pas de vainqueur sur la 11\u00e8me \u00e9tape, perturb\u00e9e par des manifestants","og_description":"Perturb\u00e9e par des manifestants, la 11\u00e8me \u00e9tape de la Vuelta n'a pas d\u00e9livr\u00e9 de vainqueur ce mardi, \u00e0 Bilbao. Les temps ont ainsi \u00e9t\u00e9 gel\u00e9s \u00e0 3 km de l'arriv\u00e9e.\u00a0","og_url":"https:\/\/dicodusport.fr\/blog\/tour-despagne-2025-pas-de-vainqueur-sur-la-11eme-etape-perturbee-par-des-manifestants\/","og_site_name":"Dicodusport","article_publisher":"https:\/\/www.facebook.com\/dicodusport","article_author":"https:\/\/www.facebook.com\/florent.ostermann","article_published_time":"2025-09-03T15:32:22+00:00","article_modified_time":"2025-09-04T07:08:01+00:00","og_image":[{"width":1200,"height":674,"url":"https:\/\/dicodusport.fr\/blog\/wp-content\/uploads\/2025\/09\/Tour-dEspagne-2025-Pas-de-vainqueur-sur-la-11eme-etape-perturbee-par-des-manifestants.png","type":"image\/png"}],"author":"Flo Ostermann","twitter_card":"summary_large_image","twitter_title":"Tour d'Espagne 2025 : Pas de vainqueur sur la 11\u00e8me \u00e9tape, perturb\u00e9e par des manifestants","twitter_creator":"@https:\/\/twitter.com\/FlOstermann","twitter_site":"@dicodusport","schema":{"@context":"https:\/\/schema.org","@graph":[{"@type":"NewsArticle","@id":"https:\/\/dicodusport.fr\/blog\/tour-despagne-2025-pas-de-vainqueur-sur-la-11eme-etape-perturbee-par-des-manifestants\/#article","isPartOf":{"@id":"https:\/\/dicodusport.fr\/blog\/tour-despagne-2025-pas-de-vainqueur-sur-la-11eme-etape-perturbee-par-des-manifestants\/"},"author":{"name":"Flo Ostermann","@id":"https:\/\/dicodusport.fr\/blog\/#\/schema\/person\/cb02af4c173ce4a653b55e9baf388d4a"},"headline":"Tour d&rsquo;Espagne 2025 : Pas de vainqueur sur la 11\u00e8me \u00e9tape, perturb\u00e9e par des manifestants","datePublished":"2025-09-03T15:32:22+00:00","dateModified":"2025-09-04T07:08:01+00:00","mainEntityOfPage":{"@id":"https:\/\/dicodusport.fr\/blog\/tour-despagne-2025-pas-de-vainqueur-sur-la-11eme-etape-perturbee-par-des-manifestants\/"},"wordCount":902,"commentCount":1,"publisher":{"@id":"https:\/\/dicodusport.fr\/blog\/#organization"},"image":{"@id":"https:\/\/dicodusport.fr\/blog\/tour-despagne-2025-pas-de-vainqueur-sur-la-11eme-etape-perturbee-par-des-manifestants\/#primaryimage"},"thumbnailUrl":"https:\/\/dicodusport.fr\/blog\/wp-content\/uploads\/2025\/09\/Tour-dEspagne-2025-Pas-de-vainqueur-sur-la-11eme-etape-perturbee-par-des-manifestants.png","keywords":["br\u00e8ve","Cyclisme","Cyclisme sur route","sport","Tour d'Espagne"],"articleSection":["Tour d'Espagne"],"inLanguage":"fr-FR","potentialAction":[{"@type":"CommentAction","name":"Comment","target":["https:\/\/dicodusport.fr\/blog\/tour-despagne-2025-pas-de-vainqueur-sur-la-11eme-etape-perturbee-par-des-manifestants\/#respond"]}],"copyrightYear":"2025","copyrightHolder":{"@id":"https:\/\/dicodusport.fr\/blog\/#organization"}},{"@type":"WebPage","@id":"https:\/\/dicodusport.fr\/blog\/tour-despagne-2025-pas-de-vainqueur-sur-la-11eme-etape-perturbee-par-des-manifestants\/","url":"https:\/\/dicodusport.fr\/blog\/tour-despagne-2025-pas-de-vainqueur-sur-la-11eme-etape-perturbee-par-des-manifestants\/","name":"Tour d'Espagne 2025 : Pas de vainqueur sur la 11\u00e8me \u00e9tape, perturb\u00e9e par des manifestants","isPartOf":{"@id":"https:\/\/dicodusport.fr\/blog\/#website"},"primaryImageOfPage":{"@id":"https:\/\/dicodusport.fr\/blog\/tour-despagne-2025-pas-de-vainqueur-sur-la-11eme-etape-perturbee-par-des-manifestants\/#primaryimage"},"image":{"@id":"https:\/\/dicodusport.fr\/blog\/tour-despagne-2025-pas-de-vainqueur-sur-la-11eme-etape-perturbee-par-des-manifestants\/#primaryimage"},"thumbnailUrl":"https:\/\/dicodusport.fr\/blog\/wp-content\/uploads\/2025\/09\/Tour-dEspagne-2025-Pas-de-vainqueur-sur-la-11eme-etape-perturbee-par-des-manifestants.png","datePublished":"2025-09-03T15:32:22+00:00","dateModified":"2025-09-04T07:08:01+00:00","description":"Perturb\u00e9e par des manifestants, la 11\u00e8me \u00e9tape de la Vuelta n'a pas d\u00e9livr\u00e9 de vainqueur ce mardi, \u00e0 Bilbao. Les temps ont ainsi \u00e9t\u00e9 gel\u00e9s \u00e0 3 km de l'arriv\u00e9e.\u00a0","breadcrumb":{"@id":"https:\/\/dicodusport.fr\/blog\/tour-despagne-2025-pas-de-vainqueur-sur-la-11eme-etape-perturbee-par-des-manifestants\/#breadcrumb"},"inLanguage":"fr-FR","potentialAction":[{"@type":"ReadAction","target":["https:\/\/dicodusport.fr\/blog\/tour-despagne-2025-pas-de-vainqueur-sur-la-11eme-etape-perturbee-par-des-manifestants\/"]}]},{"@type":"ImageObject","inLanguage":"fr-FR","@id":"https:\/\/dicodusport.fr\/blog\/tour-despagne-2025-pas-de-vainqueur-sur-la-11eme-etape-perturbee-par-des-manifestants\/#primaryimage","url":"https:\/\/dicodusport.fr\/blog\/wp-content\/uploads\/2025\/09\/Tour-dEspagne-2025-Pas-de-vainqueur-sur-la-11eme-etape-perturbee-par-des-manifestants.png","contentUrl":"https:\/\/dicodusport.fr\/blog\/wp-content\/uploads\/2025\/09\/Tour-dEspagne-2025-Pas-de-vainqueur-sur-la-11eme-etape-perturbee-par-des-manifestants.png","width":1200,"height":674,"caption":"Tour d'Espagne 2025 Pas de vainqueur sur la 11\u00e8me \u00e9tape, perturb\u00e9e par des manifestants"},{"@type":"BreadcrumbList","@id":"https:\/\/dicodusport.fr\/blog\/tour-despagne-2025-pas-de-vainqueur-sur-la-11eme-etape-perturbee-par-des-manifestants\/#breadcrumb","itemListElement":[{"@type":"ListItem","position":1,"name":"Accueil","item":"https:\/\/dicodusport.fr\/blog\/"},{"@type":"ListItem","position":2,"name":"Tour d&rsquo;Espagne 2025 : Pas de vainqueur sur la 11\u00e8me \u00e9tape, perturb\u00e9e par des manifestants"}]},{"@type":"WebSite","@id":"https:\/\/dicodusport.fr\/blog\/#website","url":"https:\/\/dicodusport.fr\/blog\/","name":"Dicodusport","description":"L&#039;encyclop\u00e9die de l&#039;actualit\u00e9 sportive","publisher":{"@id":"https:\/\/dicodusport.fr\/blog\/#organization"},"potentialAction":[{"@type":"SearchAction","target":{"@type":"EntryPoint","urlTemplate":"https:\/\/dicodusport.fr\/blog\/?s={search_term_string}"},"query-input":{"@type":"PropertyValueSpecification","valueRequired":true,"valueName":"search_term_string"}}],"inLanguage":"fr-FR"},{"@type":"NewsMediaOrganization","@id":"https:\/\/dicodusport.fr\/blog\/#organization","name":"Dicodusport","url":"https:\/\/dicodusport.fr\/blog\/","logo":{"@type":"ImageObject","inLanguage":"fr-FR","@id":"https:\/\/dicodusport.fr\/blog\/#\/schema\/logo\/image\/","url":"https:\/\/dicodusport.fr\/blog\/wp-content\/uploads\/2020\/06\/cropped-LOGO-DICODUSPORT-2020-SANS-FOND-SANS-TEXTE.png","contentUrl":"https:\/\/dicodusport.fr\/blog\/wp-content\/uploads\/2020\/06\/cropped-LOGO-DICODUSPORT-2020-SANS-FOND-SANS-TEXTE.png","width":512,"height":512,"caption":"Dicodusport"},"image":{"@id":"https:\/\/dicodusport.fr\/blog\/#\/schema\/logo\/image\/"},"sameAs":["https:\/\/www.facebook.com\/dicodusport","https:\/\/x.com\/dicodusport","https:\/\/www.instagram.com\/dicodusport\/","https:\/\/www.youtube.com\/channel\/UC7V2KZ5sd3htJivAbA4ZG3w"],"description":"Dicodusport est l'encyclop\u00e9die de l'actualit\u00e9 sportive.","email":"bonjour@dicodusport.fr","legalName":"DICODUSPORT","foundingDate":"2018-01-14","vatID":"FR71834470973","taxID":"83447097300043","numberOfEmployees":{"@type":"QuantitativeValue","minValue":"1","maxValue":"10"}},{"@type":"Person","@id":"https:\/\/dicodusport.fr\/blog\/#\/schema\/person\/cb02af4c173ce4a653b55e9baf388d4a","name":"Flo Ostermann","image":{"@type":"ImageObject","inLanguage":"fr-FR","@id":"https:\/\/dicodusport.fr\/blog\/#\/schema\/person\/image\/","url":"https:\/\/dicodusport.fr\/blog\/wp-content\/uploads\/2021\/05\/Flo-Ostermann-150x150.jpg","contentUrl":"https:\/\/dicodusport.fr\/blog\/wp-content\/uploads\/2021\/05\/Flo-Ostermann-150x150.jpg","caption":"Flo Ostermann"},"description":"Journaliste\/R\u00e9dacteur depuis septembre 2015 - Mes premiers souvenirs dans le sport ? Les envol\u00e9es du Stade Toulousain et les duels Villeneuve-Schumacher et H\u00e4kkinen-Schumacher \u00e0 la fin des ann\u00e9es 90, la Coupe du monde de football en 1998, l\u2019exploit du XV de France face aux All Blacks en 1999, mais aussi Richard C\u0153ur de Lion qui vole sur les montagnes du Tour de France. Bien parti pour devenir professeur d\u2019EPS, les \u00e9v\u00e9nements de la vie (et la flemme d\u2019animer des s\u00e9ances de 3x500 m\u00e8tres toute ma vie) m\u2019ont conduit \u00e0 revoir mes plans. Me voil\u00e0 depuis fin 2017 sur Dicodusport, m\u00e9dia gr\u00e2ce (et pour) lequel je partage ma passion : le sport dans tous ses \u00e9tats. Le tout accompagn\u00e9 par les fous furieux et folles furieuses cit\u00e9s sur cette page !","sameAs":["https:\/\/www.facebook.com\/florent.ostermann","https:\/\/x.com\/https:\/\/twitter.com\/FlOstermann","admin"],"url":"https:\/\/dicodusport.fr\/blog\/author\/flo\/"}]}},"_links":{"self":[{"href":"https:\/\/dicodusport.fr\/blog\/wp-json\/wp\/v2\/posts\/608011","targetHints":{"allow":["GET"]}}],"collection":[{"href":"https:\/\/dicodusport.fr\/blog\/wp-json\/wp\/v2\/posts"}],"about":[{"href":"https:\/\/dicodusport.fr\/blog\/wp-json\/wp\/v2\/types\/post"}],"author":[{"embeddable":true,"href":"https:\/\/dicodusport.fr\/blog\/wp-json\/wp\/v2\/users\/4"}],"replies":[{"embeddable":true,"href":"https:\/\/dicodusport.fr\/blog\/wp-json\/wp\/v2\/comments?post=608011"}],"version-history":[{"count":5,"href":"https:\/\/dicodusport.fr\/blog\/wp-json\/wp\/v2\/posts\/608011\/revisions"}],"predecessor-version":[{"id":608107,"href":"https:\/\/dicodusport.fr\/blog\/wp-json\/wp\/v2\/posts\/608011\/revisions\/608107"}],"wp:featuredmedia":[{"embeddable":true,"href":"https:\/\/dicodusport.fr\/blog\/wp-json\/wp\/v2\/media\/608074"}],"wp:attachment":[{"href":"https:\/\/dicodusport.fr\/blog\/wp-json\/wp\/v2\/media?parent=608011"}],"wp:term":[{"taxonomy":"category","embeddable":true,"href":"https:\/\/dicodusport.fr\/blog\/wp-json\/wp\/v2\/categories?post=608011"},{"taxonomy":"post_tag","embeddable":true,"href":"https:\/\/dicodusport.fr\/blog\/wp-json\/wp\/v2\/tags?post=608011"}],"curies":[{"name":"wp","href":"https:\/\/api.w.org\/{rel}","templated":true}]}}