{"id":608119,"date":"2025-09-04T10:42:58","date_gmt":"2025-09-04T08:42:58","guid":{"rendered":"https:\/\/dicodusport.fr\/blog\/?p=608119&#038;preview=true&#038;preview_id=608119"},"modified":"2025-09-04T10:48:33","modified_gmt":"2025-09-04T08:48:33","slug":"transferts-cyclisme-benoit-cosnefroy-toujours-dans-lincertitude-quant-a-son-avenir","status":"publish","type":"post","link":"https:\/\/dicodusport.fr\/blog\/transferts-cyclisme-benoit-cosnefroy-toujours-dans-lincertitude-quant-a-son-avenir\/","title":{"rendered":"Transferts Cyclisme : Beno\u00eet Cosnefroy toujours dans l&rsquo;incertitude quant \u00e0 son avenir"},"content":{"rendered":"<p style=\"text-align: justify;\"><strong><em>TRANSFERTS CYCLISME &#8211; Annonc\u00e9 dans diverses \u00e9quipes depuis plusieurs mois, Beno\u00eet Cosnefroy n&rsquo;a toujours pas trouv\u00e9 (officiellement) de formation pour la saison \u00e0 venir. Une situation qui tra\u00eene en longueur.<\/em><\/strong><\/p>\n<ul>\n<li style=\"text-align: justify;\"><strong>\u00c0 lire aussi &#8211; <a href=\"https:\/\/dicodusport.fr\/blog\/cyclisme-mercato-2025-2026-le-tableau-des-transferts\/\">Cyclisme Mercato 2025-2026 \u2013 Le tableau des transferts<\/a><\/strong><\/li>\n<\/ul>\n<p style=\"text-align: justify;\">Dire que la saison 2025 de <strong>Beno\u00eet Cosnefroy<\/strong> s&rsquo;est r\u00e9v\u00e9l\u00e9e d\u00e9licate rel\u00e8ve de l&rsquo;euph\u00e9misme. Alors qu&rsquo;il sortait d&rsquo;une ann\u00e9e 2024 prolifique o\u00f9 il avait accumul\u00e9 la bagatelle de 7 victoires, le puncheur fran\u00e7ais avait d\u00fb se faire op\u00e9rer du genou une fois son dernier dossard port\u00e9 lors du Renewi Tour, en ao\u00fbt 2024.<\/p>\n<h2>Une ann\u00e9e 2025 \u00e0 oublier, quid de 2026 pour Cosnefroy<\/h2>\n<p style=\"text-align: justify;\">Suite \u00e0 8 longs mois de r\u00e9\u00e9ducation, il avait effectu\u00e9 son retour dans le peloton sur le Tour de Romandie fin avril, avant de revenir \u00e0 l&rsquo;infirmerie en \u00e9tant impliqu\u00e9 dans une chute sur le<strong> Tour de Suisse<\/strong> au mois de juin. Souffrant d&rsquo;une contusion au genou gauche, il n&rsquo;a ainsi pas pu se pr\u00e9senter aux championnats de France, ni au d\u00e9part du Tour.<\/p>\n<p style=\"text-align: justify;\">Pire, selon <a href=\"https:\/\/actu.fr\/sports\/cyclisme\/que-devient-benoit-cosnefroy-plus-de-deux-mois-apres-sa-chute-au-tour-de-suisse_63107513.html\"><em>Actu<\/em><\/a>, cette blessure a \u00e9t\u00e9 plus s\u00e9rieuse que pr\u00e9vu, entra\u00eenant notamment une nouvelle intervention chirurgicale au mois de juillet. Cela explique donc le fait que le Normand ne soit toujours pas revenu dans le peloton, et \u00e0 un peu plus d&rsquo;un mois de la fin de la saison, il semble d\u00e9sormais compliqu\u00e9 de le revoir porter le maillot de la formation <strong>Decathlon AG2R La Mondiale<\/strong>.<\/p>\n<p style=\"text-align: justify;\">Pass\u00e9 par Chamb\u00e9ry avant de disputer 9 saisons en World Tour, Cosnefroy n&rsquo;a pas \u00e9t\u00e9 prolong\u00e9, et il \u00e9voluera donc dans une autre \u00e9quipe ne 2026. Mais laquelle ? En d\u00e9but d&rsquo;ann\u00e9e, les rumeurs se sont accumul\u00e9es et le Normand a ainsi \u00e9t\u00e9 <a href=\"https:\/\/dicodusport.fr\/blog\/transferts-cyclisme-benoit-cosnefroy-tout-proche-dune-formation-francaise\/\">en discussions avec la <strong>Cofidis<\/strong><\/a>, la <strong>Picnic-PostNL<\/strong> ou encore <a href=\"https:\/\/dicodusport.fr\/blog\/transferts-cyclisme-benoit-cosnefroy-vers-une-equipe-etrangere\/\"><strong>les INEOS Grenadiers<\/strong><\/a>. Et ce ne sont pas les seules \u00e9quipes \u00e0 s&rsquo;\u00eatre int\u00e9ress\u00e9es \u00e0 un gar\u00e7on qui a prouv\u00e9 sa capacit\u00e9 \u00e0 gagner, et m\u00eame \u00e0 d\u00e9crocher de belles places d&rsquo;honneur sur des courses de tr\u00e8s haut niveau. En d\u00e9pit de ses p\u00e9pins physiques, il devrait tout m\u00eame trouver un contrat int\u00e9ressant dans les prochaines semaines.<\/p>\n<blockquote class=\"twitter-tweet\">\n<p dir=\"ltr\" lang=\"en\">\ud83d\udea8Beno\u00eet Cosnefroy &#8211; there&rsquo;s a growing chance he moves on from Decathlon. Picnic PostNL are one of the teams in the mix. \ud83c\uddeb\ud83c\uddf7\ud83c\uddf3\ud83c\uddf1<\/p>\n<p>\u2014 Dnlbenson (@dnlbenson) <a href=\"https:\/\/twitter.com\/dnlbenson\/status\/1933455098459664672?ref_src=twsrc%5Etfw\">June 13, 2025<\/a><\/p><\/blockquote>\n<p><script async src=\"https:\/\/platform.twitter.com\/widgets.js\" charset=\"utf-8\"><\/script><\/p>\n","protected":false},"excerpt":{"rendered":"<p>TRANSFERTS CYCLISME &#8211; Annonc\u00e9 dans diverses \u00e9quipes depuis plusieurs mois, Beno\u00eet Cosnefroy n&rsquo;a toujours pas trouv\u00e9 de formation pour la saison \u00e0 venir. Une situation qui tra\u00eene en longueur.<\/p>\n","protected":false},"author":55,"featured_media":608125,"comment_status":"open","ping_status":"closed","sticky":false,"template":"","format":"standard","meta":{"_acf_changed":false,"_daextam_enable_autolinks":"1","footnotes":""},"categories":[46994],"tags":[8140,16878,574,11197],"class_list":["post-608119","post","type-post","status-publish","format-standard","has-post-thumbnail","hentry","category-cyclisme-sur-route","tag-benoit-cosnefroy","tag-breve","tag-cyclisme","tag-cyclisme-sur-route"],"acf":[],"yoast_head":"<!-- This site is optimized with the Yoast SEO Premium plugin v26.7 (Yoast SEO v26.7) - https:\/\/yoast.com\/wordpress\/plugins\/seo\/ -->\n<title>Transferts Cyclisme : Beno\u00eet Cosnefroy toujours dans l&#039;incertitude quant \u00e0 son avenir<\/title>\n<meta name=\"description\" content=\"TRANSFERTS CYCLISME - Annonc\u00e9 dans diverses \u00e9quipes depuis plusieurs mois, Beno\u00eet Cosnefroy n&#039;a toujours pas trouv\u00e9 de formation pour la saison \u00e0 venir.\" \/>\n<meta name=\"robots\" content=\"index, follow, max-snippet:-1, max-image-preview:large, max-video-preview:-1\" \/>\n<link rel=\"canonical\" href=\"https:\/\/dicodusport.fr\/blog\/transferts-cyclisme-benoit-cosnefroy-toujours-dans-lincertitude-quant-a-son-avenir\/\" \/>\n<meta property=\"og:locale\" content=\"fr_FR\" \/>\n<meta property=\"og:type\" content=\"article\" \/>\n<meta property=\"og:title\" content=\"Transferts Cyclisme : Beno\u00eet Cosnefroy toujours dans l&#039;incertitude quant \u00e0 son avenir\" \/>\n<meta property=\"og:description\" content=\"TRANSFERTS CYCLISME - Annonc\u00e9 dans diverses \u00e9quipes depuis plusieurs mois, Beno\u00eet Cosnefroy n&#039;a toujours pas trouv\u00e9 de formation pour la saison \u00e0 venir.\" \/>\n<meta property=\"og:url\" content=\"https:\/\/dicodusport.fr\/blog\/transferts-cyclisme-benoit-cosnefroy-toujours-dans-lincertitude-quant-a-son-avenir\/\" \/>\n<meta property=\"og:site_name\" content=\"Dicodusport\" \/>\n<meta property=\"article:publisher\" content=\"https:\/\/www.facebook.com\/dicodusport\" \/>\n<meta property=\"article:published_time\" content=\"2025-09-04T08:42:58+00:00\" \/>\n<meta property=\"article:modified_time\" content=\"2025-09-04T08:48:33+00:00\" \/>\n<meta property=\"og:image\" content=\"https:\/\/dicodusport.fr\/blog\/wp-content\/uploads\/2025\/09\/Transferts-Cyclisme-Benoit-Cosnefroy-toujours-dans-lincertitude-quant-a-son-avenir.png\" \/>\n\t<meta property=\"og:image:width\" content=\"1200\" \/>\n\t<meta property=\"og:image:height\" content=\"674\" \/>\n\t<meta property=\"og:image:type\" content=\"image\/png\" \/>\n<meta name=\"author\" content=\"Maxime Cazenave\" \/>\n<meta name=\"twitter:card\" content=\"summary_large_image\" \/>\n<meta name=\"twitter:title\" content=\"Transferts Cyclisme : Beno\u00eet Cosnefroy toujours dans l&#039;incertitude quant \u00e0 son avenir\" \/>\n<meta name=\"twitter:creator\" content=\"@https:\/\/twitter.com\/Maxime_Caze\" \/>\n<meta name=\"twitter:site\" content=\"@dicodusport\" \/>\n<script type=\"application\/ld+json\" class=\"yoast-schema-graph\">{\"@context\":\"https:\/\/schema.org\",\"@graph\":[{\"@type\":\"NewsArticle\",\"@id\":\"https:\/\/dicodusport.fr\/blog\/transferts-cyclisme-benoit-cosnefroy-toujours-dans-lincertitude-quant-a-son-avenir\/#article\",\"isPartOf\":{\"@id\":\"https:\/\/dicodusport.fr\/blog\/transferts-cyclisme-benoit-cosnefroy-toujours-dans-lincertitude-quant-a-son-avenir\/\"},\"author\":{\"name\":\"Maxime Cazenave\",\"@id\":\"https:\/\/dicodusport.fr\/blog\/#\/schema\/person\/37def232098a7a5cbab3974a3690abb0\"},\"headline\":\"Transferts Cyclisme : Beno\u00eet Cosnefroy toujours dans l&rsquo;incertitude quant \u00e0 son avenir\",\"datePublished\":\"2025-09-04T08:42:58+00:00\",\"dateModified\":\"2025-09-04T08:48:33+00:00\",\"mainEntityOfPage\":{\"@id\":\"https:\/\/dicodusport.fr\/blog\/transferts-cyclisme-benoit-cosnefroy-toujours-dans-lincertitude-quant-a-son-avenir\/\"},\"wordCount\":412,\"commentCount\":0,\"publisher\":{\"@id\":\"https:\/\/dicodusport.fr\/blog\/#organization\"},\"image\":{\"@id\":\"https:\/\/dicodusport.fr\/blog\/transferts-cyclisme-benoit-cosnefroy-toujours-dans-lincertitude-quant-a-son-avenir\/#primaryimage\"},\"thumbnailUrl\":\"https:\/\/dicodusport.fr\/blog\/wp-content\/uploads\/2025\/09\/Transferts-Cyclisme-Benoit-Cosnefroy-toujours-dans-lincertitude-quant-a-son-avenir.png\",\"keywords\":[\"Beno\u00eet Cosnefroy\",\"br\u00e8ve\",\"Cyclisme\",\"Cyclisme sur route\"],\"articleSection\":[\"Cyclisme sur route\"],\"inLanguage\":\"fr-FR\",\"potentialAction\":[{\"@type\":\"CommentAction\",\"name\":\"Comment\",\"target\":[\"https:\/\/dicodusport.fr\/blog\/transferts-cyclisme-benoit-cosnefroy-toujours-dans-lincertitude-quant-a-son-avenir\/#respond\"]}],\"copyrightYear\":\"2025\",\"copyrightHolder\":{\"@id\":\"https:\/\/dicodusport.fr\/blog\/#organization\"}},{\"@type\":\"WebPage\",\"@id\":\"https:\/\/dicodusport.fr\/blog\/transferts-cyclisme-benoit-cosnefroy-toujours-dans-lincertitude-quant-a-son-avenir\/\",\"url\":\"https:\/\/dicodusport.fr\/blog\/transferts-cyclisme-benoit-cosnefroy-toujours-dans-lincertitude-quant-a-son-avenir\/\",\"name\":\"Transferts Cyclisme : Beno\u00eet Cosnefroy toujours dans l'incertitude quant \u00e0 son avenir\",\"isPartOf\":{\"@id\":\"https:\/\/dicodusport.fr\/blog\/#website\"},\"primaryImageOfPage\":{\"@id\":\"https:\/\/dicodusport.fr\/blog\/transferts-cyclisme-benoit-cosnefroy-toujours-dans-lincertitude-quant-a-son-avenir\/#primaryimage\"},\"image\":{\"@id\":\"https:\/\/dicodusport.fr\/blog\/transferts-cyclisme-benoit-cosnefroy-toujours-dans-lincertitude-quant-a-son-avenir\/#primaryimage\"},\"thumbnailUrl\":\"https:\/\/dicodusport.fr\/blog\/wp-content\/uploads\/2025\/09\/Transferts-Cyclisme-Benoit-Cosnefroy-toujours-dans-lincertitude-quant-a-son-avenir.png\",\"datePublished\":\"2025-09-04T08:42:58+00:00\",\"dateModified\":\"2025-09-04T08:48:33+00:00\",\"description\":\"TRANSFERTS CYCLISME - Annonc\u00e9 dans diverses \u00e9quipes depuis plusieurs mois, Beno\u00eet Cosnefroy n'a toujours pas trouv\u00e9 de formation pour la saison \u00e0 venir.\",\"breadcrumb\":{\"@id\":\"https:\/\/dicodusport.fr\/blog\/transferts-cyclisme-benoit-cosnefroy-toujours-dans-lincertitude-quant-a-son-avenir\/#breadcrumb\"},\"inLanguage\":\"fr-FR\",\"potentialAction\":[{\"@type\":\"ReadAction\",\"target\":[\"https:\/\/dicodusport.fr\/blog\/transferts-cyclisme-benoit-cosnefroy-toujours-dans-lincertitude-quant-a-son-avenir\/\"]}]},{\"@type\":\"ImageObject\",\"inLanguage\":\"fr-FR\",\"@id\":\"https:\/\/dicodusport.fr\/blog\/transferts-cyclisme-benoit-cosnefroy-toujours-dans-lincertitude-quant-a-son-avenir\/#primaryimage\",\"url\":\"https:\/\/dicodusport.fr\/blog\/wp-content\/uploads\/2025\/09\/Transferts-Cyclisme-Benoit-Cosnefroy-toujours-dans-lincertitude-quant-a-son-avenir.png\",\"contentUrl\":\"https:\/\/dicodusport.fr\/blog\/wp-content\/uploads\/2025\/09\/Transferts-Cyclisme-Benoit-Cosnefroy-toujours-dans-lincertitude-quant-a-son-avenir.png\",\"width\":1200,\"height\":674,\"caption\":\"Transferts Cyclisme : Beno\u00eet Cosnefroy toujours dans l'incertitude quant \u00e0 son avenir\"},{\"@type\":\"BreadcrumbList\",\"@id\":\"https:\/\/dicodusport.fr\/blog\/transferts-cyclisme-benoit-cosnefroy-toujours-dans-lincertitude-quant-a-son-avenir\/#breadcrumb\",\"itemListElement\":[{\"@type\":\"ListItem\",\"position\":1,\"name\":\"Accueil\",\"item\":\"https:\/\/dicodusport.fr\/blog\/\"},{\"@type\":\"ListItem\",\"position\":2,\"name\":\"Transferts Cyclisme : Beno\u00eet Cosnefroy toujours dans l&rsquo;incertitude quant \u00e0 son avenir\"}]},{\"@type\":\"WebSite\",\"@id\":\"https:\/\/dicodusport.fr\/blog\/#website\",\"url\":\"https:\/\/dicodusport.fr\/blog\/\",\"name\":\"Dicodusport\",\"description\":\"L&#039;encyclop\u00e9die de l&#039;actualit\u00e9 sportive\",\"publisher\":{\"@id\":\"https:\/\/dicodusport.fr\/blog\/#organization\"},\"potentialAction\":[{\"@type\":\"SearchAction\",\"target\":{\"@type\":\"EntryPoint\",\"urlTemplate\":\"https:\/\/dicodusport.fr\/blog\/?s={search_term_string}\"},\"query-input\":{\"@type\":\"PropertyValueSpecification\",\"valueRequired\":true,\"valueName\":\"search_term_string\"}}],\"inLanguage\":\"fr-FR\"},{\"@type\":\"NewsMediaOrganization\",\"@id\":\"https:\/\/dicodusport.fr\/blog\/#organization\",\"name\":\"Dicodusport\",\"url\":\"https:\/\/dicodusport.fr\/blog\/\",\"logo\":{\"@type\":\"ImageObject\",\"inLanguage\":\"fr-FR\",\"@id\":\"https:\/\/dicodusport.fr\/blog\/#\/schema\/logo\/image\/\",\"url\":\"https:\/\/dicodusport.fr\/blog\/wp-content\/uploads\/2020\/06\/cropped-LOGO-DICODUSPORT-2020-SANS-FOND-SANS-TEXTE.png\",\"contentUrl\":\"https:\/\/dicodusport.fr\/blog\/wp-content\/uploads\/2020\/06\/cropped-LOGO-DICODUSPORT-2020-SANS-FOND-SANS-TEXTE.png\",\"width\":512,\"height\":512,\"caption\":\"Dicodusport\"},\"image\":{\"@id\":\"https:\/\/dicodusport.fr\/blog\/#\/schema\/logo\/image\/\"},\"sameAs\":[\"https:\/\/www.facebook.com\/dicodusport\",\"https:\/\/x.com\/dicodusport\",\"https:\/\/www.instagram.com\/dicodusport\/\",\"https:\/\/www.youtube.com\/channel\/UC7V2KZ5sd3htJivAbA4ZG3w\"],\"description\":\"Dicodusport est l'encyclop\u00e9die de l'actualit\u00e9 sportive.\",\"email\":\"bonjour@dicodusport.fr\",\"legalName\":\"DICODUSPORT\",\"foundingDate\":\"2018-01-14\",\"vatID\":\"FR71834470973\",\"taxID\":\"83447097300043\",\"numberOfEmployees\":{\"@type\":\"QuantitativeValue\",\"minValue\":\"1\",\"maxValue\":\"10\"}},{\"@type\":\"Person\",\"@id\":\"https:\/\/dicodusport.fr\/blog\/#\/schema\/person\/37def232098a7a5cbab3974a3690abb0\",\"name\":\"Maxime Cazenave\",\"image\":{\"@type\":\"ImageObject\",\"inLanguage\":\"fr-FR\",\"@id\":\"https:\/\/dicodusport.fr\/blog\/#\/schema\/person\/image\/\",\"url\":\"https:\/\/dicodusport.fr\/blog\/wp-content\/uploads\/2021\/05\/Maxime-Cazenave-150x150.jpg\",\"contentUrl\":\"https:\/\/dicodusport.fr\/blog\/wp-content\/uploads\/2021\/05\/Maxime-Cazenave-150x150.jpg\",\"caption\":\"Maxime Cazenave\"},\"description\":\"Journaliste\/R\u00e9dacteur depuis 2012 - Berc\u00e9 par l\u2019amour des Girondins de Bordeaux, les \u00e9checs de Christophe Moreau sur le Tour de France sous l'\u00e8re Lance Armstrong et le fade-away l\u00e9tal de Dirk Nowitzki, ma passion d\u00e9vorante pour le sport a toujours \u00e9t\u00e9 un pan incontournable de ma vie. Transmettre ma passion \u00e0 l\u2019\u00e9crit a \u00e9t\u00e9 une transition naturelle. Suiveur assidu de basket et de hockey sur glace, je garde toujours un peu de place pour suivre le cyclisme, le football et le maximum de performances fran\u00e7aises.\",\"sameAs\":[\"https:\/\/x.com\/https:\/\/twitter.com\/Maxime_Caze\"],\"url\":\"https:\/\/dicodusport.fr\/blog\/author\/maximec\/\"}]}<\/script>\n<!-- \/ Yoast SEO Premium plugin. -->","yoast_head_json":{"title":"Transferts Cyclisme : Beno\u00eet Cosnefroy toujours dans l'incertitude quant \u00e0 son avenir","description":"TRANSFERTS CYCLISME - Annonc\u00e9 dans diverses \u00e9quipes depuis plusieurs mois, Beno\u00eet Cosnefroy n'a toujours pas trouv\u00e9 de formation pour la saison \u00e0 venir.","robots":{"index":"index","follow":"follow","max-snippet":"max-snippet:-1","max-image-preview":"max-image-preview:large","max-video-preview":"max-video-preview:-1"},"canonical":"https:\/\/dicodusport.fr\/blog\/transferts-cyclisme-benoit-cosnefroy-toujours-dans-lincertitude-quant-a-son-avenir\/","og_locale":"fr_FR","og_type":"article","og_title":"Transferts Cyclisme : Beno\u00eet Cosnefroy toujours dans l'incertitude quant \u00e0 son avenir","og_description":"TRANSFERTS CYCLISME - Annonc\u00e9 dans diverses \u00e9quipes depuis plusieurs mois, Beno\u00eet Cosnefroy n'a toujours pas trouv\u00e9 de formation pour la saison \u00e0 venir.","og_url":"https:\/\/dicodusport.fr\/blog\/transferts-cyclisme-benoit-cosnefroy-toujours-dans-lincertitude-quant-a-son-avenir\/","og_site_name":"Dicodusport","article_publisher":"https:\/\/www.facebook.com\/dicodusport","article_published_time":"2025-09-04T08:42:58+00:00","article_modified_time":"2025-09-04T08:48:33+00:00","og_image":[{"width":1200,"height":674,"url":"https:\/\/dicodusport.fr\/blog\/wp-content\/uploads\/2025\/09\/Transferts-Cyclisme-Benoit-Cosnefroy-toujours-dans-lincertitude-quant-a-son-avenir.png","type":"image\/png"}],"author":"Maxime Cazenave","twitter_card":"summary_large_image","twitter_title":"Transferts Cyclisme : Beno\u00eet Cosnefroy toujours dans l'incertitude quant \u00e0 son avenir","twitter_creator":"@https:\/\/twitter.com\/Maxime_Caze","twitter_site":"@dicodusport","schema":{"@context":"https:\/\/schema.org","@graph":[{"@type":"NewsArticle","@id":"https:\/\/dicodusport.fr\/blog\/transferts-cyclisme-benoit-cosnefroy-toujours-dans-lincertitude-quant-a-son-avenir\/#article","isPartOf":{"@id":"https:\/\/dicodusport.fr\/blog\/transferts-cyclisme-benoit-cosnefroy-toujours-dans-lincertitude-quant-a-son-avenir\/"},"author":{"name":"Maxime Cazenave","@id":"https:\/\/dicodusport.fr\/blog\/#\/schema\/person\/37def232098a7a5cbab3974a3690abb0"},"headline":"Transferts Cyclisme : Beno\u00eet Cosnefroy toujours dans l&rsquo;incertitude quant \u00e0 son avenir","datePublished":"2025-09-04T08:42:58+00:00","dateModified":"2025-09-04T08:48:33+00:00","mainEntityOfPage":{"@id":"https:\/\/dicodusport.fr\/blog\/transferts-cyclisme-benoit-cosnefroy-toujours-dans-lincertitude-quant-a-son-avenir\/"},"wordCount":412,"commentCount":0,"publisher":{"@id":"https:\/\/dicodusport.fr\/blog\/#organization"},"image":{"@id":"https:\/\/dicodusport.fr\/blog\/transferts-cyclisme-benoit-cosnefroy-toujours-dans-lincertitude-quant-a-son-avenir\/#primaryimage"},"thumbnailUrl":"https:\/\/dicodusport.fr\/blog\/wp-content\/uploads\/2025\/09\/Transferts-Cyclisme-Benoit-Cosnefroy-toujours-dans-lincertitude-quant-a-son-avenir.png","keywords":["Beno\u00eet Cosnefroy","br\u00e8ve","Cyclisme","Cyclisme sur route"],"articleSection":["Cyclisme sur route"],"inLanguage":"fr-FR","potentialAction":[{"@type":"CommentAction","name":"Comment","target":["https:\/\/dicodusport.fr\/blog\/transferts-cyclisme-benoit-cosnefroy-toujours-dans-lincertitude-quant-a-son-avenir\/#respond"]}],"copyrightYear":"2025","copyrightHolder":{"@id":"https:\/\/dicodusport.fr\/blog\/#organization"}},{"@type":"WebPage","@id":"https:\/\/dicodusport.fr\/blog\/transferts-cyclisme-benoit-cosnefroy-toujours-dans-lincertitude-quant-a-son-avenir\/","url":"https:\/\/dicodusport.fr\/blog\/transferts-cyclisme-benoit-cosnefroy-toujours-dans-lincertitude-quant-a-son-avenir\/","name":"Transferts Cyclisme : Beno\u00eet Cosnefroy toujours dans l'incertitude quant \u00e0 son avenir","isPartOf":{"@id":"https:\/\/dicodusport.fr\/blog\/#website"},"primaryImageOfPage":{"@id":"https:\/\/dicodusport.fr\/blog\/transferts-cyclisme-benoit-cosnefroy-toujours-dans-lincertitude-quant-a-son-avenir\/#primaryimage"},"image":{"@id":"https:\/\/dicodusport.fr\/blog\/transferts-cyclisme-benoit-cosnefroy-toujours-dans-lincertitude-quant-a-son-avenir\/#primaryimage"},"thumbnailUrl":"https:\/\/dicodusport.fr\/blog\/wp-content\/uploads\/2025\/09\/Transferts-Cyclisme-Benoit-Cosnefroy-toujours-dans-lincertitude-quant-a-son-avenir.png","datePublished":"2025-09-04T08:42:58+00:00","dateModified":"2025-09-04T08:48:33+00:00","description":"TRANSFERTS CYCLISME - Annonc\u00e9 dans diverses \u00e9quipes depuis plusieurs mois, Beno\u00eet Cosnefroy n'a toujours pas trouv\u00e9 de formation pour la saison \u00e0 venir.","breadcrumb":{"@id":"https:\/\/dicodusport.fr\/blog\/transferts-cyclisme-benoit-cosnefroy-toujours-dans-lincertitude-quant-a-son-avenir\/#breadcrumb"},"inLanguage":"fr-FR","potentialAction":[{"@type":"ReadAction","target":["https:\/\/dicodusport.fr\/blog\/transferts-cyclisme-benoit-cosnefroy-toujours-dans-lincertitude-quant-a-son-avenir\/"]}]},{"@type":"ImageObject","inLanguage":"fr-FR","@id":"https:\/\/dicodusport.fr\/blog\/transferts-cyclisme-benoit-cosnefroy-toujours-dans-lincertitude-quant-a-son-avenir\/#primaryimage","url":"https:\/\/dicodusport.fr\/blog\/wp-content\/uploads\/2025\/09\/Transferts-Cyclisme-Benoit-Cosnefroy-toujours-dans-lincertitude-quant-a-son-avenir.png","contentUrl":"https:\/\/dicodusport.fr\/blog\/wp-content\/uploads\/2025\/09\/Transferts-Cyclisme-Benoit-Cosnefroy-toujours-dans-lincertitude-quant-a-son-avenir.png","width":1200,"height":674,"caption":"Transferts Cyclisme : Beno\u00eet Cosnefroy toujours dans l'incertitude quant \u00e0 son avenir"},{"@type":"BreadcrumbList","@id":"https:\/\/dicodusport.fr\/blog\/transferts-cyclisme-benoit-cosnefroy-toujours-dans-lincertitude-quant-a-son-avenir\/#breadcrumb","itemListElement":[{"@type":"ListItem","position":1,"name":"Accueil","item":"https:\/\/dicodusport.fr\/blog\/"},{"@type":"ListItem","position":2,"name":"Transferts Cyclisme : Beno\u00eet Cosnefroy toujours dans l&rsquo;incertitude quant \u00e0 son avenir"}]},{"@type":"WebSite","@id":"https:\/\/dicodusport.fr\/blog\/#website","url":"https:\/\/dicodusport.fr\/blog\/","name":"Dicodusport","description":"L&#039;encyclop\u00e9die de l&#039;actualit\u00e9 sportive","publisher":{"@id":"https:\/\/dicodusport.fr\/blog\/#organization"},"potentialAction":[{"@type":"SearchAction","target":{"@type":"EntryPoint","urlTemplate":"https:\/\/dicodusport.fr\/blog\/?s={search_term_string}"},"query-input":{"@type":"PropertyValueSpecification","valueRequired":true,"valueName":"search_term_string"}}],"inLanguage":"fr-FR"},{"@type":"NewsMediaOrganization","@id":"https:\/\/dicodusport.fr\/blog\/#organization","name":"Dicodusport","url":"https:\/\/dicodusport.fr\/blog\/","logo":{"@type":"ImageObject","inLanguage":"fr-FR","@id":"https:\/\/dicodusport.fr\/blog\/#\/schema\/logo\/image\/","url":"https:\/\/dicodusport.fr\/blog\/wp-content\/uploads\/2020\/06\/cropped-LOGO-DICODUSPORT-2020-SANS-FOND-SANS-TEXTE.png","contentUrl":"https:\/\/dicodusport.fr\/blog\/wp-content\/uploads\/2020\/06\/cropped-LOGO-DICODUSPORT-2020-SANS-FOND-SANS-TEXTE.png","width":512,"height":512,"caption":"Dicodusport"},"image":{"@id":"https:\/\/dicodusport.fr\/blog\/#\/schema\/logo\/image\/"},"sameAs":["https:\/\/www.facebook.com\/dicodusport","https:\/\/x.com\/dicodusport","https:\/\/www.instagram.com\/dicodusport\/","https:\/\/www.youtube.com\/channel\/UC7V2KZ5sd3htJivAbA4ZG3w"],"description":"Dicodusport est l'encyclop\u00e9die de l'actualit\u00e9 sportive.","email":"bonjour@dicodusport.fr","legalName":"DICODUSPORT","foundingDate":"2018-01-14","vatID":"FR71834470973","taxID":"83447097300043","numberOfEmployees":{"@type":"QuantitativeValue","minValue":"1","maxValue":"10"}},{"@type":"Person","@id":"https:\/\/dicodusport.fr\/blog\/#\/schema\/person\/37def232098a7a5cbab3974a3690abb0","name":"Maxime Cazenave","image":{"@type":"ImageObject","inLanguage":"fr-FR","@id":"https:\/\/dicodusport.fr\/blog\/#\/schema\/person\/image\/","url":"https:\/\/dicodusport.fr\/blog\/wp-content\/uploads\/2021\/05\/Maxime-Cazenave-150x150.jpg","contentUrl":"https:\/\/dicodusport.fr\/blog\/wp-content\/uploads\/2021\/05\/Maxime-Cazenave-150x150.jpg","caption":"Maxime Cazenave"},"description":"Journaliste\/R\u00e9dacteur depuis 2012 - Berc\u00e9 par l\u2019amour des Girondins de Bordeaux, les \u00e9checs de Christophe Moreau sur le Tour de France sous l'\u00e8re Lance Armstrong et le fade-away l\u00e9tal de Dirk Nowitzki, ma passion d\u00e9vorante pour le sport a toujours \u00e9t\u00e9 un pan incontournable de ma vie. Transmettre ma passion \u00e0 l\u2019\u00e9crit a \u00e9t\u00e9 une transition naturelle. Suiveur assidu de basket et de hockey sur glace, je garde toujours un peu de place pour suivre le cyclisme, le football et le maximum de performances fran\u00e7aises.","sameAs":["https:\/\/x.com\/https:\/\/twitter.com\/Maxime_Caze"],"url":"https:\/\/dicodusport.fr\/blog\/author\/maximec\/"}]}},"_links":{"self":[{"href":"https:\/\/dicodusport.fr\/blog\/wp-json\/wp\/v2\/posts\/608119","targetHints":{"allow":["GET"]}}],"collection":[{"href":"https:\/\/dicodusport.fr\/blog\/wp-json\/wp\/v2\/posts"}],"about":[{"href":"https:\/\/dicodusport.fr\/blog\/wp-json\/wp\/v2\/types\/post"}],"author":[{"embeddable":true,"href":"https:\/\/dicodusport.fr\/blog\/wp-json\/wp\/v2\/users\/55"}],"replies":[{"embeddable":true,"href":"https:\/\/dicodusport.fr\/blog\/wp-json\/wp\/v2\/comments?post=608119"}],"version-history":[{"count":2,"href":"https:\/\/dicodusport.fr\/blog\/wp-json\/wp\/v2\/posts\/608119\/revisions"}],"predecessor-version":[{"id":608133,"href":"https:\/\/dicodusport.fr\/blog\/wp-json\/wp\/v2\/posts\/608119\/revisions\/608133"}],"wp:featuredmedia":[{"embeddable":true,"href":"https:\/\/dicodusport.fr\/blog\/wp-json\/wp\/v2\/media\/608125"}],"wp:attachment":[{"href":"https:\/\/dicodusport.fr\/blog\/wp-json\/wp\/v2\/media?parent=608119"}],"wp:term":[{"taxonomy":"category","embeddable":true,"href":"https:\/\/dicodusport.fr\/blog\/wp-json\/wp\/v2\/categories?post=608119"},{"taxonomy":"post_tag","embeddable":true,"href":"https:\/\/dicodusport.fr\/blog\/wp-json\/wp\/v2\/tags?post=608119"}],"curies":[{"name":"wp","href":"https:\/\/api.w.org\/{rel}","templated":true}]}}