{"id":608183,"date":"2025-09-04T13:40:59","date_gmt":"2025-09-04T11:40:59","guid":{"rendered":"https:\/\/dicodusport.fr\/blog\/?p=608183&#038;preview=true&#038;preview_id=608183"},"modified":"2025-09-04T13:46:40","modified_gmt":"2025-09-04T11:46:40","slug":"transferts-cyclisme-matthew-riccitello-signe-dans-une-equipe-francaise","status":"publish","type":"post","link":"https:\/\/dicodusport.fr\/blog\/transferts-cyclisme-matthew-riccitello-signe-dans-une-equipe-francaise\/","title":{"rendered":"Transferts Cyclisme : Matthew Riccitello signe dans une \u00e9quipe fran\u00e7aise"},"content":{"rendered":"<p style=\"text-align: justify;\"><strong><em>TRANSFERTS CYCLISME &#8211; Selon les informations de <a href=\"https:\/\/www.wielerflits.nl\/nieuws\/matthew-riccitello-kiest-ook-voor-het-grote-geld-bij-decathlon-cma-cmg\/#google_vignette\">Wielerflits,<\/a> Matthew Riccitello va rejoindre la formation Decathlon-CGA CGM.<\/em><\/strong><\/p>\n<ul>\n<li style=\"text-align: justify;\"><strong>\u00c0 lire aussi \u2013\u00a0<a href=\"https:\/\/dicodusport.fr\/blog\/cyclisme-mercato-2025-2026-le-tableau-des-transferts\/\">Cyclisme Mercato 2025-2026 \u2013 Le tableau des transferts<\/a><\/strong><\/li>\n<\/ul>\n<p style=\"text-align: justify;\">Encore un renfort de poids pour la future Decathlon-CGA CGM (actuelle Decathlon-AG2R La Mondiale). Selon les informations de nos confr\u00e8res n\u00e9erlandais de <em>Wielerflits<\/em>, <strong>Matthew Riccitello<\/strong> va signer au sein de la structure fran\u00e7aise. Le jeune grimpeur am\u00e9ricain de 23 ans, pensionnaire de la formation Israel-Premier Tech, devrait toucher un salaire cons\u00e9quent, au sein de la formation savoyarde, qui continue de signer de tr\u00e8s gros poissons, apr\u00e8s <strong>Tiesj Benoot<\/strong> ou encore le sprinteur <strong>Olav Kooij<\/strong>.<\/p>\n<ul>\n<li style=\"text-align: justify;\"><strong>\u00c0 lire aussi \u2013\u00a0<a href=\"https:\/\/dicodusport.fr\/blog\/transferts-cyclisme-benoit-cosnefroy-toujours-dans-lincertitude-quant-a-son-avenir\/\" rel=\"\">Transferts Cyclisme : Beno\u00eet Cosnefroy toujours dans l\u2019incertitude quant \u00e0 son avenir<\/a><\/strong><\/li>\n<\/ul>\n<h2>Un renfort important en montagne<\/h2>\n<p style=\"text-align: justify;\">Celui qui bataille actuellement sur les routes de la Vuelta (<a href=\"https:\/\/dicodusport.fr\/blog\/vuelta-classement-general-tour-despagne-2025-mis-a-jour\/\">10\u00e8me du classement g\u00e9n\u00e9ral<\/a> avant le d\u00e9part de la 12\u00e8me \u00e9tape ce jeudi) va renforcer le p\u00f4le montagne de Decathlon. Qui s&rsquo;est donn\u00e9 pour ambition de gagner le Tour de France \u00e0 partir de 2018. Un renfort de choix, pour accompagner <strong>Paul Seixas<\/strong>, <a href=\"https:\/\/dicodusport.fr\/blog\/tour-de-lavenir-2025-paul-seixas-ecrase-letape-6b-et-rafle-la-victoire-finale\/\">le r\u00e9cent vainqueur du Tour de l&rsquo;Avenir<\/a> et qui semble \u00eatre promis au r\u00f4le de leader sur les routes de la Grande Boucle.<\/p>\n<p style=\"text-align: justify;\">Vainqueur du <strong>Sibiu Tour<\/strong>, longtemps dans le coup dans le <strong>Tour de Suisse<\/strong> avant d&rsquo;abandonner, le poids plume am\u00e9ricain sera clairement une vraie arme pour sa future formation. En attendant, il est en lice pour d\u00e9crocher son premier Top 10 en Grand Tour. M\u00eame si la route est encore longue pour lui, lors de ce Tour d&rsquo;Espagne.<\/p>\n<blockquote class=\"twitter-tweet\">\n<p dir=\"ltr\" lang=\"nl\">Matthew Riccitello kiest ook voor het grote geld bij Decathlon CMA CMG<a href=\"https:\/\/t.co\/tX0dfiUrOG\">https:\/\/t.co\/tX0dfiUrOG<\/a><\/p>\n<p>\ud83c\uddeb\ud83c\uddf7\ud83c\uddfa\ud83c\uddf8<a href=\"https:\/\/twitter.com\/hashtag\/wielrennen?src=hash&amp;ref_src=twsrc%5Etfw\">#wielrennen<\/a> <a href=\"https:\/\/twitter.com\/hashtag\/koers?src=hash&amp;ref_src=twsrc%5Etfw\">#koers<\/a> <a href=\"https:\/\/twitter.com\/hashtag\/cycling?src=hash&amp;ref_src=twsrc%5Etfw\">#cycling<\/a> <a href=\"https:\/\/twitter.com\/hashtag\/cyclisme?src=hash&amp;ref_src=twsrc%5Etfw\">#cyclisme<\/a> <a href=\"https:\/\/t.co\/CYGvjizi2d\">pic.twitter.com\/CYGvjizi2d<\/a><\/p>\n<p>\u2014 WielerFlits.nl (@WielerFlits) <a href=\"https:\/\/twitter.com\/WielerFlits\/status\/1963542858637398321?ref_src=twsrc%5Etfw\">September 4, 2025<\/a><\/p><\/blockquote>\n<p><script async src=\"https:\/\/platform.twitter.com\/widgets.js\" charset=\"utf-8\"><\/script><\/p>\n","protected":false},"excerpt":{"rendered":"<p>TRANSFERTS CYCLISME &#8211; Selon les informations de Wielerflits, Matthew Riccitello va rejoindre la formation Decathlon-CGA CGM.<\/p>\n","protected":false},"author":83,"featured_media":608189,"comment_status":"open","ping_status":"closed","sticky":false,"template":"","format":"standard","meta":{"_acf_changed":false,"_daextam_enable_autolinks":"1","footnotes":""},"categories":[46994],"tags":[16878,574,11197,8386],"class_list":["post-608183","post","type-post","status-publish","format-standard","has-post-thumbnail","hentry","category-cyclisme-sur-route","tag-breve","tag-cyclisme","tag-cyclisme-sur-route","tag-mercato-cyclisme"],"acf":[],"yoast_head":"<!-- This site is optimized with the Yoast SEO Premium plugin v26.7 (Yoast SEO v26.7) - https:\/\/yoast.com\/wordpress\/plugins\/seo\/ -->\n<title>Transferts Cyclisme : Matthew Riccitello signe dans une \u00e9quipe fran\u00e7aise<\/title>\n<meta name=\"description\" content=\"TRANSFERTS CYCLISME - Selon les informations de Wielerflits, Matthew Riccitello va rejoindre la formation Decathlon-CGA CGM.\" \/>\n<meta name=\"robots\" content=\"index, follow, max-snippet:-1, max-image-preview:large, max-video-preview:-1\" \/>\n<link rel=\"canonical\" href=\"https:\/\/dicodusport.fr\/blog\/transferts-cyclisme-matthew-riccitello-signe-dans-une-equipe-francaise\/\" \/>\n<meta property=\"og:locale\" content=\"fr_FR\" \/>\n<meta property=\"og:type\" content=\"article\" \/>\n<meta property=\"og:title\" content=\"Transferts Cyclisme : Matthew Riccitello signe dans une \u00e9quipe fran\u00e7aise\" \/>\n<meta property=\"og:description\" content=\"TRANSFERTS CYCLISME - Selon les informations de Wielerflits, Matthew Riccitello va rejoindre la formation Decathlon-CGA CGM.\" \/>\n<meta property=\"og:url\" content=\"https:\/\/dicodusport.fr\/blog\/transferts-cyclisme-matthew-riccitello-signe-dans-une-equipe-francaise\/\" \/>\n<meta property=\"og:site_name\" content=\"Dicodusport\" \/>\n<meta property=\"article:publisher\" content=\"https:\/\/www.facebook.com\/dicodusport\" \/>\n<meta property=\"article:published_time\" content=\"2025-09-04T11:40:59+00:00\" \/>\n<meta property=\"article:modified_time\" content=\"2025-09-04T11:46:40+00:00\" \/>\n<meta property=\"og:image\" content=\"https:\/\/dicodusport.fr\/blog\/wp-content\/uploads\/2025\/09\/Transferts-Cyclisme-Matthew-Riccitello-signe-dans-une-equipe-francaise.png\" \/>\n\t<meta property=\"og:image:width\" content=\"1200\" \/>\n\t<meta property=\"og:image:height\" content=\"674\" \/>\n\t<meta property=\"og:image:type\" content=\"image\/png\" \/>\n<meta name=\"author\" content=\"Etienne Goursaud\" \/>\n<meta name=\"twitter:card\" content=\"summary_large_image\" \/>\n<meta name=\"twitter:title\" content=\"Transferts Cyclisme : Matthew Riccitello signe dans une \u00e9quipe fran\u00e7aise\" \/>\n<meta name=\"twitter:creator\" content=\"@dicodusport\" \/>\n<meta name=\"twitter:site\" content=\"@dicodusport\" \/>\n<script type=\"application\/ld+json\" class=\"yoast-schema-graph\">{\"@context\":\"https:\/\/schema.org\",\"@graph\":[{\"@type\":\"NewsArticle\",\"@id\":\"https:\/\/dicodusport.fr\/blog\/transferts-cyclisme-matthew-riccitello-signe-dans-une-equipe-francaise\/#article\",\"isPartOf\":{\"@id\":\"https:\/\/dicodusport.fr\/blog\/transferts-cyclisme-matthew-riccitello-signe-dans-une-equipe-francaise\/\"},\"author\":{\"name\":\"Etienne Goursaud\",\"@id\":\"https:\/\/dicodusport.fr\/blog\/#\/schema\/person\/d603dd7da31fb2b46c82b9835a77ec13\"},\"headline\":\"Transferts Cyclisme : Matthew Riccitello signe dans une \u00e9quipe fran\u00e7aise\",\"datePublished\":\"2025-09-04T11:40:59+00:00\",\"dateModified\":\"2025-09-04T11:46:40+00:00\",\"mainEntityOfPage\":{\"@id\":\"https:\/\/dicodusport.fr\/blog\/transferts-cyclisme-matthew-riccitello-signe-dans-une-equipe-francaise\/\"},\"wordCount\":307,\"commentCount\":0,\"publisher\":{\"@id\":\"https:\/\/dicodusport.fr\/blog\/#organization\"},\"image\":{\"@id\":\"https:\/\/dicodusport.fr\/blog\/transferts-cyclisme-matthew-riccitello-signe-dans-une-equipe-francaise\/#primaryimage\"},\"thumbnailUrl\":\"https:\/\/dicodusport.fr\/blog\/wp-content\/uploads\/2025\/09\/Transferts-Cyclisme-Matthew-Riccitello-signe-dans-une-equipe-francaise.png\",\"keywords\":[\"br\u00e8ve\",\"Cyclisme\",\"Cyclisme sur route\",\"Mercato Cyclisme\"],\"articleSection\":[\"Cyclisme sur route\"],\"inLanguage\":\"fr-FR\",\"potentialAction\":[{\"@type\":\"CommentAction\",\"name\":\"Comment\",\"target\":[\"https:\/\/dicodusport.fr\/blog\/transferts-cyclisme-matthew-riccitello-signe-dans-une-equipe-francaise\/#respond\"]}],\"copyrightYear\":\"2025\",\"copyrightHolder\":{\"@id\":\"https:\/\/dicodusport.fr\/blog\/#organization\"}},{\"@type\":\"WebPage\",\"@id\":\"https:\/\/dicodusport.fr\/blog\/transferts-cyclisme-matthew-riccitello-signe-dans-une-equipe-francaise\/\",\"url\":\"https:\/\/dicodusport.fr\/blog\/transferts-cyclisme-matthew-riccitello-signe-dans-une-equipe-francaise\/\",\"name\":\"Transferts Cyclisme : Matthew Riccitello signe dans une \u00e9quipe fran\u00e7aise\",\"isPartOf\":{\"@id\":\"https:\/\/dicodusport.fr\/blog\/#website\"},\"primaryImageOfPage\":{\"@id\":\"https:\/\/dicodusport.fr\/blog\/transferts-cyclisme-matthew-riccitello-signe-dans-une-equipe-francaise\/#primaryimage\"},\"image\":{\"@id\":\"https:\/\/dicodusport.fr\/blog\/transferts-cyclisme-matthew-riccitello-signe-dans-une-equipe-francaise\/#primaryimage\"},\"thumbnailUrl\":\"https:\/\/dicodusport.fr\/blog\/wp-content\/uploads\/2025\/09\/Transferts-Cyclisme-Matthew-Riccitello-signe-dans-une-equipe-francaise.png\",\"datePublished\":\"2025-09-04T11:40:59+00:00\",\"dateModified\":\"2025-09-04T11:46:40+00:00\",\"description\":\"TRANSFERTS CYCLISME - Selon les informations de Wielerflits, Matthew Riccitello va rejoindre la formation Decathlon-CGA CGM.\",\"breadcrumb\":{\"@id\":\"https:\/\/dicodusport.fr\/blog\/transferts-cyclisme-matthew-riccitello-signe-dans-une-equipe-francaise\/#breadcrumb\"},\"inLanguage\":\"fr-FR\",\"potentialAction\":[{\"@type\":\"ReadAction\",\"target\":[\"https:\/\/dicodusport.fr\/blog\/transferts-cyclisme-matthew-riccitello-signe-dans-une-equipe-francaise\/\"]}]},{\"@type\":\"ImageObject\",\"inLanguage\":\"fr-FR\",\"@id\":\"https:\/\/dicodusport.fr\/blog\/transferts-cyclisme-matthew-riccitello-signe-dans-une-equipe-francaise\/#primaryimage\",\"url\":\"https:\/\/dicodusport.fr\/blog\/wp-content\/uploads\/2025\/09\/Transferts-Cyclisme-Matthew-Riccitello-signe-dans-une-equipe-francaise.png\",\"contentUrl\":\"https:\/\/dicodusport.fr\/blog\/wp-content\/uploads\/2025\/09\/Transferts-Cyclisme-Matthew-Riccitello-signe-dans-une-equipe-francaise.png\",\"width\":1200,\"height\":674,\"caption\":\"Transferts Cyclisme : Matthew Riccitello signe dans une \u00e9quipe fran\u00e7aise\"},{\"@type\":\"BreadcrumbList\",\"@id\":\"https:\/\/dicodusport.fr\/blog\/transferts-cyclisme-matthew-riccitello-signe-dans-une-equipe-francaise\/#breadcrumb\",\"itemListElement\":[{\"@type\":\"ListItem\",\"position\":1,\"name\":\"Accueil\",\"item\":\"https:\/\/dicodusport.fr\/blog\/\"},{\"@type\":\"ListItem\",\"position\":2,\"name\":\"Transferts Cyclisme : Matthew Riccitello signe dans une \u00e9quipe fran\u00e7aise\"}]},{\"@type\":\"WebSite\",\"@id\":\"https:\/\/dicodusport.fr\/blog\/#website\",\"url\":\"https:\/\/dicodusport.fr\/blog\/\",\"name\":\"Dicodusport\",\"description\":\"L&#039;encyclop\u00e9die de l&#039;actualit\u00e9 sportive\",\"publisher\":{\"@id\":\"https:\/\/dicodusport.fr\/blog\/#organization\"},\"potentialAction\":[{\"@type\":\"SearchAction\",\"target\":{\"@type\":\"EntryPoint\",\"urlTemplate\":\"https:\/\/dicodusport.fr\/blog\/?s={search_term_string}\"},\"query-input\":{\"@type\":\"PropertyValueSpecification\",\"valueRequired\":true,\"valueName\":\"search_term_string\"}}],\"inLanguage\":\"fr-FR\"},{\"@type\":\"NewsMediaOrganization\",\"@id\":\"https:\/\/dicodusport.fr\/blog\/#organization\",\"name\":\"Dicodusport\",\"url\":\"https:\/\/dicodusport.fr\/blog\/\",\"logo\":{\"@type\":\"ImageObject\",\"inLanguage\":\"fr-FR\",\"@id\":\"https:\/\/dicodusport.fr\/blog\/#\/schema\/logo\/image\/\",\"url\":\"https:\/\/dicodusport.fr\/blog\/wp-content\/uploads\/2020\/06\/cropped-LOGO-DICODUSPORT-2020-SANS-FOND-SANS-TEXTE.png\",\"contentUrl\":\"https:\/\/dicodusport.fr\/blog\/wp-content\/uploads\/2020\/06\/cropped-LOGO-DICODUSPORT-2020-SANS-FOND-SANS-TEXTE.png\",\"width\":512,\"height\":512,\"caption\":\"Dicodusport\"},\"image\":{\"@id\":\"https:\/\/dicodusport.fr\/blog\/#\/schema\/logo\/image\/\"},\"sameAs\":[\"https:\/\/www.facebook.com\/dicodusport\",\"https:\/\/x.com\/dicodusport\",\"https:\/\/www.instagram.com\/dicodusport\/\",\"https:\/\/www.youtube.com\/channel\/UC7V2KZ5sd3htJivAbA4ZG3w\"],\"description\":\"Dicodusport est l'encyclop\u00e9die de l'actualit\u00e9 sportive.\",\"email\":\"bonjour@dicodusport.fr\",\"legalName\":\"DICODUSPORT\",\"foundingDate\":\"2018-01-14\",\"vatID\":\"FR71834470973\",\"taxID\":\"83447097300043\",\"numberOfEmployees\":{\"@type\":\"QuantitativeValue\",\"minValue\":\"1\",\"maxValue\":\"10\"}},{\"@type\":\"Person\",\"@id\":\"https:\/\/dicodusport.fr\/blog\/#\/schema\/person\/d603dd7da31fb2b46c82b9835a77ec13\",\"name\":\"Etienne Goursaud\",\"image\":{\"@type\":\"ImageObject\",\"inLanguage\":\"fr-FR\",\"@id\":\"https:\/\/dicodusport.fr\/blog\/#\/schema\/person\/image\/\",\"url\":\"https:\/\/dicodusport.fr\/blog\/wp-content\/uploads\/2023\/12\/410122264_10231602061736049_5565839791558026645_n-150x150.jpg\",\"contentUrl\":\"https:\/\/dicodusport.fr\/blog\/wp-content\/uploads\/2023\/12\/410122264_10231602061736049_5565839791558026645_n-150x150.jpg\",\"caption\":\"Etienne Goursaud\"},\"description\":\"Journaliste et amoureux de sport. Ancien footballeur reconverti athl\u00e8te quand ses muscles le laissent tranquille. \u00c9lev\u00e9 \u00e0 la sauce des exploits de Thomas Voeckler en 2004, du dernier essai de l\u00e9gende de Eunice Barber \u00e0 la longueur lors des championnats du monde d'athl\u00e9tisme de 2003 mais aussi Zidane, Omeyer et Titou Lamaison.\",\"url\":\"https:\/\/dicodusport.fr\/blog\/author\/etienne-goursaud\/\"}]}<\/script>\n<!-- \/ Yoast SEO Premium plugin. -->","yoast_head_json":{"title":"Transferts Cyclisme : Matthew Riccitello signe dans une \u00e9quipe fran\u00e7aise","description":"TRANSFERTS CYCLISME - Selon les informations de Wielerflits, Matthew Riccitello va rejoindre la formation Decathlon-CGA CGM.","robots":{"index":"index","follow":"follow","max-snippet":"max-snippet:-1","max-image-preview":"max-image-preview:large","max-video-preview":"max-video-preview:-1"},"canonical":"https:\/\/dicodusport.fr\/blog\/transferts-cyclisme-matthew-riccitello-signe-dans-une-equipe-francaise\/","og_locale":"fr_FR","og_type":"article","og_title":"Transferts Cyclisme : Matthew Riccitello signe dans une \u00e9quipe fran\u00e7aise","og_description":"TRANSFERTS CYCLISME - Selon les informations de Wielerflits, Matthew Riccitello va rejoindre la formation Decathlon-CGA CGM.","og_url":"https:\/\/dicodusport.fr\/blog\/transferts-cyclisme-matthew-riccitello-signe-dans-une-equipe-francaise\/","og_site_name":"Dicodusport","article_publisher":"https:\/\/www.facebook.com\/dicodusport","article_published_time":"2025-09-04T11:40:59+00:00","article_modified_time":"2025-09-04T11:46:40+00:00","og_image":[{"width":1200,"height":674,"url":"https:\/\/dicodusport.fr\/blog\/wp-content\/uploads\/2025\/09\/Transferts-Cyclisme-Matthew-Riccitello-signe-dans-une-equipe-francaise.png","type":"image\/png"}],"author":"Etienne Goursaud","twitter_card":"summary_large_image","twitter_title":"Transferts Cyclisme : Matthew Riccitello signe dans une \u00e9quipe fran\u00e7aise","twitter_creator":"@dicodusport","twitter_site":"@dicodusport","schema":{"@context":"https:\/\/schema.org","@graph":[{"@type":"NewsArticle","@id":"https:\/\/dicodusport.fr\/blog\/transferts-cyclisme-matthew-riccitello-signe-dans-une-equipe-francaise\/#article","isPartOf":{"@id":"https:\/\/dicodusport.fr\/blog\/transferts-cyclisme-matthew-riccitello-signe-dans-une-equipe-francaise\/"},"author":{"name":"Etienne Goursaud","@id":"https:\/\/dicodusport.fr\/blog\/#\/schema\/person\/d603dd7da31fb2b46c82b9835a77ec13"},"headline":"Transferts Cyclisme : Matthew Riccitello signe dans une \u00e9quipe fran\u00e7aise","datePublished":"2025-09-04T11:40:59+00:00","dateModified":"2025-09-04T11:46:40+00:00","mainEntityOfPage":{"@id":"https:\/\/dicodusport.fr\/blog\/transferts-cyclisme-matthew-riccitello-signe-dans-une-equipe-francaise\/"},"wordCount":307,"commentCount":0,"publisher":{"@id":"https:\/\/dicodusport.fr\/blog\/#organization"},"image":{"@id":"https:\/\/dicodusport.fr\/blog\/transferts-cyclisme-matthew-riccitello-signe-dans-une-equipe-francaise\/#primaryimage"},"thumbnailUrl":"https:\/\/dicodusport.fr\/blog\/wp-content\/uploads\/2025\/09\/Transferts-Cyclisme-Matthew-Riccitello-signe-dans-une-equipe-francaise.png","keywords":["br\u00e8ve","Cyclisme","Cyclisme sur route","Mercato Cyclisme"],"articleSection":["Cyclisme sur route"],"inLanguage":"fr-FR","potentialAction":[{"@type":"CommentAction","name":"Comment","target":["https:\/\/dicodusport.fr\/blog\/transferts-cyclisme-matthew-riccitello-signe-dans-une-equipe-francaise\/#respond"]}],"copyrightYear":"2025","copyrightHolder":{"@id":"https:\/\/dicodusport.fr\/blog\/#organization"}},{"@type":"WebPage","@id":"https:\/\/dicodusport.fr\/blog\/transferts-cyclisme-matthew-riccitello-signe-dans-une-equipe-francaise\/","url":"https:\/\/dicodusport.fr\/blog\/transferts-cyclisme-matthew-riccitello-signe-dans-une-equipe-francaise\/","name":"Transferts Cyclisme : Matthew Riccitello signe dans une \u00e9quipe fran\u00e7aise","isPartOf":{"@id":"https:\/\/dicodusport.fr\/blog\/#website"},"primaryImageOfPage":{"@id":"https:\/\/dicodusport.fr\/blog\/transferts-cyclisme-matthew-riccitello-signe-dans-une-equipe-francaise\/#primaryimage"},"image":{"@id":"https:\/\/dicodusport.fr\/blog\/transferts-cyclisme-matthew-riccitello-signe-dans-une-equipe-francaise\/#primaryimage"},"thumbnailUrl":"https:\/\/dicodusport.fr\/blog\/wp-content\/uploads\/2025\/09\/Transferts-Cyclisme-Matthew-Riccitello-signe-dans-une-equipe-francaise.png","datePublished":"2025-09-04T11:40:59+00:00","dateModified":"2025-09-04T11:46:40+00:00","description":"TRANSFERTS CYCLISME - Selon les informations de Wielerflits, Matthew Riccitello va rejoindre la formation Decathlon-CGA CGM.","breadcrumb":{"@id":"https:\/\/dicodusport.fr\/blog\/transferts-cyclisme-matthew-riccitello-signe-dans-une-equipe-francaise\/#breadcrumb"},"inLanguage":"fr-FR","potentialAction":[{"@type":"ReadAction","target":["https:\/\/dicodusport.fr\/blog\/transferts-cyclisme-matthew-riccitello-signe-dans-une-equipe-francaise\/"]}]},{"@type":"ImageObject","inLanguage":"fr-FR","@id":"https:\/\/dicodusport.fr\/blog\/transferts-cyclisme-matthew-riccitello-signe-dans-une-equipe-francaise\/#primaryimage","url":"https:\/\/dicodusport.fr\/blog\/wp-content\/uploads\/2025\/09\/Transferts-Cyclisme-Matthew-Riccitello-signe-dans-une-equipe-francaise.png","contentUrl":"https:\/\/dicodusport.fr\/blog\/wp-content\/uploads\/2025\/09\/Transferts-Cyclisme-Matthew-Riccitello-signe-dans-une-equipe-francaise.png","width":1200,"height":674,"caption":"Transferts Cyclisme : Matthew Riccitello signe dans une \u00e9quipe fran\u00e7aise"},{"@type":"BreadcrumbList","@id":"https:\/\/dicodusport.fr\/blog\/transferts-cyclisme-matthew-riccitello-signe-dans-une-equipe-francaise\/#breadcrumb","itemListElement":[{"@type":"ListItem","position":1,"name":"Accueil","item":"https:\/\/dicodusport.fr\/blog\/"},{"@type":"ListItem","position":2,"name":"Transferts Cyclisme : Matthew Riccitello signe dans une \u00e9quipe fran\u00e7aise"}]},{"@type":"WebSite","@id":"https:\/\/dicodusport.fr\/blog\/#website","url":"https:\/\/dicodusport.fr\/blog\/","name":"Dicodusport","description":"L&#039;encyclop\u00e9die de l&#039;actualit\u00e9 sportive","publisher":{"@id":"https:\/\/dicodusport.fr\/blog\/#organization"},"potentialAction":[{"@type":"SearchAction","target":{"@type":"EntryPoint","urlTemplate":"https:\/\/dicodusport.fr\/blog\/?s={search_term_string}"},"query-input":{"@type":"PropertyValueSpecification","valueRequired":true,"valueName":"search_term_string"}}],"inLanguage":"fr-FR"},{"@type":"NewsMediaOrganization","@id":"https:\/\/dicodusport.fr\/blog\/#organization","name":"Dicodusport","url":"https:\/\/dicodusport.fr\/blog\/","logo":{"@type":"ImageObject","inLanguage":"fr-FR","@id":"https:\/\/dicodusport.fr\/blog\/#\/schema\/logo\/image\/","url":"https:\/\/dicodusport.fr\/blog\/wp-content\/uploads\/2020\/06\/cropped-LOGO-DICODUSPORT-2020-SANS-FOND-SANS-TEXTE.png","contentUrl":"https:\/\/dicodusport.fr\/blog\/wp-content\/uploads\/2020\/06\/cropped-LOGO-DICODUSPORT-2020-SANS-FOND-SANS-TEXTE.png","width":512,"height":512,"caption":"Dicodusport"},"image":{"@id":"https:\/\/dicodusport.fr\/blog\/#\/schema\/logo\/image\/"},"sameAs":["https:\/\/www.facebook.com\/dicodusport","https:\/\/x.com\/dicodusport","https:\/\/www.instagram.com\/dicodusport\/","https:\/\/www.youtube.com\/channel\/UC7V2KZ5sd3htJivAbA4ZG3w"],"description":"Dicodusport est l'encyclop\u00e9die de l'actualit\u00e9 sportive.","email":"bonjour@dicodusport.fr","legalName":"DICODUSPORT","foundingDate":"2018-01-14","vatID":"FR71834470973","taxID":"83447097300043","numberOfEmployees":{"@type":"QuantitativeValue","minValue":"1","maxValue":"10"}},{"@type":"Person","@id":"https:\/\/dicodusport.fr\/blog\/#\/schema\/person\/d603dd7da31fb2b46c82b9835a77ec13","name":"Etienne Goursaud","image":{"@type":"ImageObject","inLanguage":"fr-FR","@id":"https:\/\/dicodusport.fr\/blog\/#\/schema\/person\/image\/","url":"https:\/\/dicodusport.fr\/blog\/wp-content\/uploads\/2023\/12\/410122264_10231602061736049_5565839791558026645_n-150x150.jpg","contentUrl":"https:\/\/dicodusport.fr\/blog\/wp-content\/uploads\/2023\/12\/410122264_10231602061736049_5565839791558026645_n-150x150.jpg","caption":"Etienne Goursaud"},"description":"Journaliste et amoureux de sport. Ancien footballeur reconverti athl\u00e8te quand ses muscles le laissent tranquille. \u00c9lev\u00e9 \u00e0 la sauce des exploits de Thomas Voeckler en 2004, du dernier essai de l\u00e9gende de Eunice Barber \u00e0 la longueur lors des championnats du monde d'athl\u00e9tisme de 2003 mais aussi Zidane, Omeyer et Titou Lamaison.","url":"https:\/\/dicodusport.fr\/blog\/author\/etienne-goursaud\/"}]}},"_links":{"self":[{"href":"https:\/\/dicodusport.fr\/blog\/wp-json\/wp\/v2\/posts\/608183","targetHints":{"allow":["GET"]}}],"collection":[{"href":"https:\/\/dicodusport.fr\/blog\/wp-json\/wp\/v2\/posts"}],"about":[{"href":"https:\/\/dicodusport.fr\/blog\/wp-json\/wp\/v2\/types\/post"}],"author":[{"embeddable":true,"href":"https:\/\/dicodusport.fr\/blog\/wp-json\/wp\/v2\/users\/83"}],"replies":[{"embeddable":true,"href":"https:\/\/dicodusport.fr\/blog\/wp-json\/wp\/v2\/comments?post=608183"}],"version-history":[{"count":4,"href":"https:\/\/dicodusport.fr\/blog\/wp-json\/wp\/v2\/posts\/608183\/revisions"}],"predecessor-version":[{"id":608197,"href":"https:\/\/dicodusport.fr\/blog\/wp-json\/wp\/v2\/posts\/608183\/revisions\/608197"}],"wp:featuredmedia":[{"embeddable":true,"href":"https:\/\/dicodusport.fr\/blog\/wp-json\/wp\/v2\/media\/608189"}],"wp:attachment":[{"href":"https:\/\/dicodusport.fr\/blog\/wp-json\/wp\/v2\/media?parent=608183"}],"wp:term":[{"taxonomy":"category","embeddable":true,"href":"https:\/\/dicodusport.fr\/blog\/wp-json\/wp\/v2\/categories?post=608183"},{"taxonomy":"post_tag","embeddable":true,"href":"https:\/\/dicodusport.fr\/blog\/wp-json\/wp\/v2\/tags?post=608183"}],"curies":[{"name":"wp","href":"https:\/\/api.w.org\/{rel}","templated":true}]}}