{"id":608247,"date":"2025-09-04T16:31:44","date_gmt":"2025-09-04T14:31:44","guid":{"rendered":"https:\/\/dicodusport.fr\/blog\/?p=608247&#038;preview=true&#038;preview_id=608247"},"modified":"2025-09-04T17:52:17","modified_gmt":"2025-09-04T15:52:17","slug":"vtt-championnats-du-monde-2025-jerome-gilloux-rafle-son-4eme-titre-en-cross-country-a-assistance-electrique","status":"publish","type":"post","link":"https:\/\/dicodusport.fr\/blog\/vtt-championnats-du-monde-2025-jerome-gilloux-rafle-son-4eme-titre-en-cross-country-a-assistance-electrique\/","title":{"rendered":"VTT Championnats du monde 2025 : J\u00e9r\u00f4me Gilloux rafle son 4\u00e8me titre en cross-country \u00e0 assistance \u00e9lectrique"},"content":{"rendered":"<p style=\"text-align: justify;\"><strong><em>VTT CHAMPIONNATS DU MONDE 2025 &#8211; Ce jeudi, J\u00e9r\u00f4me Gilloux a apport\u00e9 une 3\u00e8me m\u00e9daille d&rsquo;or \u00e0 la France en d\u00e9crochant son 4\u00e8me titre mondial sur le cross-country \u00e0 assistance \u00e9lectrique. 3\u00e8me de l&rsquo;\u00e9preuve, Hugo Pigeon ajoute du bronze au palmar\u00e8s du jour.\u00a0<\/em><\/strong><\/p>\n<ul>\n<li style=\"text-align: justify;\"><strong>\u00c0 ce sujet \u2013\u00a0<a href=\"https:\/\/dicodusport.fr\/blog\/mondiaux-de-vtt-2025-programme-horaires-et-resultats\/\">VTT Championnats du monde 2025 : Programme, Horaires et R\u00e9sultats<\/a><\/strong><\/li>\n<\/ul>\n<p style=\"text-align: justify;\">Suite \u00e0 un d\u00e9but de semaine prolifique gr\u00e2ce \u00e0 l&rsquo;enduro, o\u00f9 <strong>Adrien Dailly<\/strong> et <strong>Melvin Almueis<\/strong> ont notamment d\u00e9croch\u00e9 l&rsquo;or, l&rsquo;\u00e9quipe de France a de nouveau scor\u00e9 ce vendredi lors des <strong>championnats du monde de VTT<\/strong> dans le <strong>Valais<\/strong> (Suisse).<\/p>\n<div class=\"vlp-link-container vlp-layout-article\"><a href=\"https:\/\/dicodusport.fr\/blog\/vtt-championnats-du-monde-2025-deja-deux-titres-pour-les-bleus-sur-les-epreuves-denduro\/\" class=\"vlp-link\" title=\"VTT Championnats du monde 2025 : D\u00e9j\u00e0 deux titres pour les Bleus sur les \u00e9preuves d&#039;enduro !\"><\/a><div class=\"vlp-layout-zone-side\"><div class=\"vlp-block-4 vlp-link-image\"><img loading=\"lazy\" decoding=\"async\" style=\"max-width: 792px;\" width=\"792\" height=\"445\" src=\"https:\/\/dicodusport.fr\/blog\/wp-content\/uploads\/2025\/09\/VTT-Championnats-du-monde-2025-Deja-deux-titres-pour-les-Bleus-sur-les-epreuves-denduro-1-1.png\" class=\"attachment-800x445 size-800x445\" alt=\"VTT Championnats du monde 2025 D\u00e9j\u00e0 deux titres pour les Bleus sur les \u00e9preuves d&#039;enduro !\" srcset=\"https:\/\/dicodusport.fr\/blog\/wp-content\/uploads\/2025\/09\/VTT-Championnats-du-monde-2025-Deja-deux-titres-pour-les-Bleus-sur-les-epreuves-denduro-1-1.png 1200w, https:\/\/dicodusport.fr\/blog\/wp-content\/uploads\/2025\/09\/VTT-Championnats-du-monde-2025-Deja-deux-titres-pour-les-Bleus-sur-les-epreuves-denduro-1-1-300x169.png 300w, https:\/\/dicodusport.fr\/blog\/wp-content\/uploads\/2025\/09\/VTT-Championnats-du-monde-2025-Deja-deux-titres-pour-les-Bleus-sur-les-epreuves-denduro-1-1-1024x575.png 1024w, https:\/\/dicodusport.fr\/blog\/wp-content\/uploads\/2025\/09\/VTT-Championnats-du-monde-2025-Deja-deux-titres-pour-les-Bleus-sur-les-epreuves-denduro-1-1-768x431.png 768w\" sizes=\"auto, (max-width: 792px) 100vw, 792px\" \/><\/div><\/div><div class=\"vlp-layout-zone-main\"><div class=\"vlp-block-0 vlp-link-title\">VTT Championnats du monde 2025 : D\u00e9j\u00e0 deux titres pour les Bleus sur les \u00e9preuves d'enduro !<\/div><div class=\"vlp-block-1 vlp-link-summary\">VTT CHAMPIONNATS DU MONDE 2025 - Melvin Almueis, chez les juniors, et Adrien Dailly, en version \u00e9lectrique, ont rafl\u00e9 l'arc-en-ciel pour les premi\u00e8res finales de la comp\u00e9tition.\u00a0<\/div><div class=\"vlp-block-2 vlp-link-button\">Lire l'article<\/div><div class=\"vlp-block-3 vlp-link-url\">dicodusport.fr<\/div><\/div><\/div>\n<h2 style=\"text-align: justify;\">J\u00e9r\u00f4me Gilloux dompte Joris Ryf, Hugo Pigeon en bronze<\/h2>\n<p style=\"text-align: justify;\">L&rsquo;\u00e9preuve de cross-country \u00e0 assistance \u00e9lectrique \u00e9tait au rendez-vous, et a offert la lutte attendue entre les trois cadors de la discipline : les Fran\u00e7ais <strong>J\u00e9r\u00f4me Gilloux<\/strong> et <strong>Hugo Pigeon<\/strong>, ainsi que le Suisse <strong>Joris Ryf<\/strong>. Les trois hommes s&rsquo;\u00e9taient d\u00e9j\u00e0 partag\u00e9s les trois places sur le podium lors des deux derni\u00e8res \u00e9ditions, avec une victoire pour le Suisse en 2023, puis une autre pour <strong><a href=\"https:\/\/dicodusport.fr\/blog\/mondiaux-vtt-2024-jerome-gilloux-decroche-un-3eme-titre-mondial-en-vttae\/\">J\u00e9r\u00f4me Gilloux <\/a><\/strong><a href=\"https:\/\/dicodusport.fr\/blog\/mondiaux-vtt-2024-jerome-gilloux-decroche-un-3eme-titre-mondial-en-vttae\/\">en 2024<\/a>. D\u00e9j\u00e0 triple champion du monde, mais \u00e9galement quadruple tenant en titre du classement g\u00e9n\u00e9ral de la Coupe du monde, ce dernier faisait donc office de favori aujourd&rsquo;hui. Un statut qu&rsquo;il est parvenu \u00e0 assumer avec brio.<\/p>\n<p style=\"text-align: justify;\">Sans surprise, les trois hommes se sont rapidement d\u00e9tach\u00e9s du reste de la concurrence avant de se tirer la bourre dans le dernier tour. Plus fort,<strong> J\u00e9r\u00f4me Gilloux<\/strong> l&rsquo;a emport\u00e9 avec sept secondes d&rsquo;avance sur <strong>Joris Ryf<\/strong> pour d\u00e9crocher son 4\u00e8me titre mondial en cinq ans. <strong>Hugo Pigeon<\/strong> compl\u00e8te le podium et rafle le bronze, trois jours apr\u00e8s s&rsquo;\u00eatre d\u00e9j\u00e0 empar\u00e9 de l&rsquo;argent en enduro.<\/p>\n<blockquote class=\"twitter-tweet\">\n<p dir=\"ltr\" lang=\"fi\">\ud83c\uddeb\ud83c\uddf7\ud83c\udf08 J\u00c9R\u00d4ME GILLOUX \ud83c\udf08\ud83c\uddeb\ud83c\uddf7<\/p>\n<p>The Frenchman retains his UCI Men Elite E-MTB World Champion title at <a href=\"https:\/\/twitter.com\/hashtag\/Valais2025?src=hash&amp;ref_src=twsrc%5Etfw\">#Valais2025<\/a>. \ud83d\udcaa<a href=\"https:\/\/twitter.com\/hashtag\/Bellwald?src=hash&amp;ref_src=twsrc%5Etfw\">#Bellwald<\/a> <a href=\"https:\/\/t.co\/6qGnDs4Dyp\">pic.twitter.com\/6qGnDs4Dyp<\/a><\/p>\n<p>\u2014 UCI MTB (@UCI_MTB) <a href=\"https:\/\/twitter.com\/UCI_MTB\/status\/1963609095916712039?ref_src=twsrc%5Etfw\">September 4, 2025<\/a><\/p><\/blockquote>\n<p><script async src=\"https:\/\/platform.twitter.com\/widgets.js\" charset=\"utf-8\"><\/script><\/p>\n<p style=\"text-align: justify;\">Sur l&rsquo;\u00e9preuve f\u00e9minine, la seule fran\u00e7aise en lice n&rsquo;a pas connu la m\u00eame r\u00e9ussite. Dans une course domin\u00e9e de bout en bout par l&rsquo;Autrichienne <strong>Anna Spielmann<\/strong>, <strong>Laura Charles<\/strong> est rest\u00e9e accroch\u00e9e au wagon pour le podium durant un peu plus de deux tours avant de voir ses rivales s&rsquo;envoler. Finalement, elle s&#8217;empare de la <strong>5\u00e8me place<\/strong> tandis que la Suissesse <strong>Kathrin Stirnemann<\/strong> et l&rsquo;Allemande <strong>Sofia Lena Wiedenroth<\/strong> se sont empar\u00e9es des deux autres places sur la bo\u00eete.<\/p>\n<p>&nbsp;<\/p>\n","protected":false},"excerpt":{"rendered":"<p>VTT CHAMPIONNATS DU MONDE 2025 &#8211; Ce jeudi, J\u00e9r\u00f4me Gilloux a apport\u00e9 une 3\u00e8me m\u00e9daille d&rsquo;or \u00e0 la France en d\u00e9crochant son 4\u00e8me titre mondial sur le cross-country \u00e0 assistance \u00e9lectrique. 3\u00e8me de l&rsquo;\u00e9preuve, Hugo Pigeon ajoute du bronze au palmar\u00e8s du jour.\u00a0<\/p>\n","protected":false},"author":55,"featured_media":608298,"comment_status":"open","ping_status":"closed","sticky":false,"template":"","format":"standard","meta":{"_acf_changed":false,"_daextam_enable_autolinks":"1","footnotes":""},"categories":[10279],"tags":[16878,18758,692],"class_list":["post-608247","post","type-post","status-publish","format-standard","has-post-thumbnail","hentry","category-vtt","tag-breve","tag-championnats-du-monde-de-vtt","tag-vtt"],"acf":[],"yoast_head":"<!-- This site is optimized with the Yoast SEO Premium plugin v26.7 (Yoast SEO v26.7) - https:\/\/yoast.com\/wordpress\/plugins\/seo\/ -->\n<title>VTT Championnats du monde 2025 : J\u00e9r\u00f4me Gilloux rafle son 4\u00e8me titre en cross-country \u00e0 assistance \u00e9lectrique<\/title>\n<meta name=\"description\" content=\"VTT CHAMPIONNATS DU MONDE 2025 - Ce jeudi, J\u00e9r\u00f4me Gilloux a d\u00e9croch\u00e9 l&#039;or sur le cross-country \u00e0 assistance \u00e9lectrique.\" \/>\n<meta name=\"robots\" content=\"index, follow, max-snippet:-1, max-image-preview:large, max-video-preview:-1\" \/>\n<link rel=\"canonical\" href=\"https:\/\/dicodusport.fr\/blog\/vtt-championnats-du-monde-2025-jerome-gilloux-rafle-son-4eme-titre-en-cross-country-a-assistance-electrique\/\" \/>\n<meta property=\"og:locale\" content=\"fr_FR\" \/>\n<meta property=\"og:type\" content=\"article\" \/>\n<meta property=\"og:title\" content=\"VTT Championnats du monde 2025 : J\u00e9r\u00f4me Gilloux rafle son 4\u00e8me titre en cross-country \u00e0 assistance \u00e9lectrique\" \/>\n<meta property=\"og:description\" content=\"VTT CHAMPIONNATS DU MONDE 2025 - Ce jeudi, J\u00e9r\u00f4me Gilloux a d\u00e9croch\u00e9 l&#039;or sur le cross-country \u00e0 assistance \u00e9lectrique.\" \/>\n<meta property=\"og:url\" content=\"https:\/\/dicodusport.fr\/blog\/vtt-championnats-du-monde-2025-jerome-gilloux-rafle-son-4eme-titre-en-cross-country-a-assistance-electrique\/\" \/>\n<meta property=\"og:site_name\" content=\"Dicodusport\" \/>\n<meta property=\"article:publisher\" content=\"https:\/\/www.facebook.com\/dicodusport\" \/>\n<meta property=\"article:published_time\" content=\"2025-09-04T14:31:44+00:00\" \/>\n<meta property=\"article:modified_time\" content=\"2025-09-04T15:52:17+00:00\" \/>\n<meta property=\"og:image\" content=\"https:\/\/dicodusport.fr\/blog\/wp-content\/uploads\/2025\/09\/VTT-Championnats-du-monde-2025-Jerome-Gilloux-rafle-son-4eme-titre-en-cross-country-a-assistance-electrique-1.png\" \/>\n\t<meta property=\"og:image:width\" content=\"1200\" \/>\n\t<meta property=\"og:image:height\" content=\"674\" \/>\n\t<meta property=\"og:image:type\" content=\"image\/png\" \/>\n<meta name=\"author\" content=\"Maxime Cazenave\" \/>\n<meta name=\"twitter:card\" content=\"summary_large_image\" \/>\n<meta name=\"twitter:title\" content=\"VTT Championnats du monde 2025 : J\u00e9r\u00f4me Gilloux rafle son 4\u00e8me titre en cross-country \u00e0 assistance \u00e9lectrique\" \/>\n<meta name=\"twitter:creator\" content=\"@https:\/\/twitter.com\/Maxime_Caze\" \/>\n<meta name=\"twitter:site\" content=\"@dicodusport\" \/>\n<script type=\"application\/ld+json\" class=\"yoast-schema-graph\">{\"@context\":\"https:\/\/schema.org\",\"@graph\":[{\"@type\":\"NewsArticle\",\"@id\":\"https:\/\/dicodusport.fr\/blog\/vtt-championnats-du-monde-2025-jerome-gilloux-rafle-son-4eme-titre-en-cross-country-a-assistance-electrique\/#article\",\"isPartOf\":{\"@id\":\"https:\/\/dicodusport.fr\/blog\/vtt-championnats-du-monde-2025-jerome-gilloux-rafle-son-4eme-titre-en-cross-country-a-assistance-electrique\/\"},\"author\":{\"name\":\"Maxime Cazenave\",\"@id\":\"https:\/\/dicodusport.fr\/blog\/#\/schema\/person\/37def232098a7a5cbab3974a3690abb0\"},\"headline\":\"VTT Championnats du monde 2025 : J\u00e9r\u00f4me Gilloux rafle son 4\u00e8me titre en cross-country \u00e0 assistance \u00e9lectrique\",\"datePublished\":\"2025-09-04T14:31:44+00:00\",\"dateModified\":\"2025-09-04T15:52:17+00:00\",\"mainEntityOfPage\":{\"@id\":\"https:\/\/dicodusport.fr\/blog\/vtt-championnats-du-monde-2025-jerome-gilloux-rafle-son-4eme-titre-en-cross-country-a-assistance-electrique\/\"},\"wordCount\":537,\"commentCount\":0,\"publisher\":{\"@id\":\"https:\/\/dicodusport.fr\/blog\/#organization\"},\"image\":{\"@id\":\"https:\/\/dicodusport.fr\/blog\/vtt-championnats-du-monde-2025-jerome-gilloux-rafle-son-4eme-titre-en-cross-country-a-assistance-electrique\/#primaryimage\"},\"thumbnailUrl\":\"https:\/\/dicodusport.fr\/blog\/wp-content\/uploads\/2025\/09\/VTT-Championnats-du-monde-2025-Jerome-Gilloux-rafle-son-4eme-titre-en-cross-country-a-assistance-electrique-1.png\",\"keywords\":[\"br\u00e8ve\",\"Championnats du monde de VTT\",\"VTT\"],\"articleSection\":[\"VTT\"],\"inLanguage\":\"fr-FR\",\"potentialAction\":[{\"@type\":\"CommentAction\",\"name\":\"Comment\",\"target\":[\"https:\/\/dicodusport.fr\/blog\/vtt-championnats-du-monde-2025-jerome-gilloux-rafle-son-4eme-titre-en-cross-country-a-assistance-electrique\/#respond\"]}],\"copyrightYear\":\"2025\",\"copyrightHolder\":{\"@id\":\"https:\/\/dicodusport.fr\/blog\/#organization\"}},{\"@type\":\"WebPage\",\"@id\":\"https:\/\/dicodusport.fr\/blog\/vtt-championnats-du-monde-2025-jerome-gilloux-rafle-son-4eme-titre-en-cross-country-a-assistance-electrique\/\",\"url\":\"https:\/\/dicodusport.fr\/blog\/vtt-championnats-du-monde-2025-jerome-gilloux-rafle-son-4eme-titre-en-cross-country-a-assistance-electrique\/\",\"name\":\"VTT Championnats du monde 2025 : J\u00e9r\u00f4me Gilloux rafle son 4\u00e8me titre en cross-country \u00e0 assistance \u00e9lectrique\",\"isPartOf\":{\"@id\":\"https:\/\/dicodusport.fr\/blog\/#website\"},\"primaryImageOfPage\":{\"@id\":\"https:\/\/dicodusport.fr\/blog\/vtt-championnats-du-monde-2025-jerome-gilloux-rafle-son-4eme-titre-en-cross-country-a-assistance-electrique\/#primaryimage\"},\"image\":{\"@id\":\"https:\/\/dicodusport.fr\/blog\/vtt-championnats-du-monde-2025-jerome-gilloux-rafle-son-4eme-titre-en-cross-country-a-assistance-electrique\/#primaryimage\"},\"thumbnailUrl\":\"https:\/\/dicodusport.fr\/blog\/wp-content\/uploads\/2025\/09\/VTT-Championnats-du-monde-2025-Jerome-Gilloux-rafle-son-4eme-titre-en-cross-country-a-assistance-electrique-1.png\",\"datePublished\":\"2025-09-04T14:31:44+00:00\",\"dateModified\":\"2025-09-04T15:52:17+00:00\",\"description\":\"VTT CHAMPIONNATS DU MONDE 2025 - Ce jeudi, J\u00e9r\u00f4me Gilloux a d\u00e9croch\u00e9 l'or sur le cross-country \u00e0 assistance \u00e9lectrique.\",\"breadcrumb\":{\"@id\":\"https:\/\/dicodusport.fr\/blog\/vtt-championnats-du-monde-2025-jerome-gilloux-rafle-son-4eme-titre-en-cross-country-a-assistance-electrique\/#breadcrumb\"},\"inLanguage\":\"fr-FR\",\"potentialAction\":[{\"@type\":\"ReadAction\",\"target\":[\"https:\/\/dicodusport.fr\/blog\/vtt-championnats-du-monde-2025-jerome-gilloux-rafle-son-4eme-titre-en-cross-country-a-assistance-electrique\/\"]}]},{\"@type\":\"ImageObject\",\"inLanguage\":\"fr-FR\",\"@id\":\"https:\/\/dicodusport.fr\/blog\/vtt-championnats-du-monde-2025-jerome-gilloux-rafle-son-4eme-titre-en-cross-country-a-assistance-electrique\/#primaryimage\",\"url\":\"https:\/\/dicodusport.fr\/blog\/wp-content\/uploads\/2025\/09\/VTT-Championnats-du-monde-2025-Jerome-Gilloux-rafle-son-4eme-titre-en-cross-country-a-assistance-electrique-1.png\",\"contentUrl\":\"https:\/\/dicodusport.fr\/blog\/wp-content\/uploads\/2025\/09\/VTT-Championnats-du-monde-2025-Jerome-Gilloux-rafle-son-4eme-titre-en-cross-country-a-assistance-electrique-1.png\",\"width\":1200,\"height\":674,\"caption\":\"VTT Championnats du monde 2025 J\u00e9r\u00f4me Gilloux rafle son 4\u00e8me titre en cross-country \u00e0 assistance \u00e9lectrique\"},{\"@type\":\"BreadcrumbList\",\"@id\":\"https:\/\/dicodusport.fr\/blog\/vtt-championnats-du-monde-2025-jerome-gilloux-rafle-son-4eme-titre-en-cross-country-a-assistance-electrique\/#breadcrumb\",\"itemListElement\":[{\"@type\":\"ListItem\",\"position\":1,\"name\":\"Accueil\",\"item\":\"https:\/\/dicodusport.fr\/blog\/\"},{\"@type\":\"ListItem\",\"position\":2,\"name\":\"VTT Championnats du monde 2025 : J\u00e9r\u00f4me Gilloux rafle son 4\u00e8me titre en cross-country \u00e0 assistance \u00e9lectrique\"}]},{\"@type\":\"WebSite\",\"@id\":\"https:\/\/dicodusport.fr\/blog\/#website\",\"url\":\"https:\/\/dicodusport.fr\/blog\/\",\"name\":\"Dicodusport\",\"description\":\"L&#039;encyclop\u00e9die de l&#039;actualit\u00e9 sportive\",\"publisher\":{\"@id\":\"https:\/\/dicodusport.fr\/blog\/#organization\"},\"potentialAction\":[{\"@type\":\"SearchAction\",\"target\":{\"@type\":\"EntryPoint\",\"urlTemplate\":\"https:\/\/dicodusport.fr\/blog\/?s={search_term_string}\"},\"query-input\":{\"@type\":\"PropertyValueSpecification\",\"valueRequired\":true,\"valueName\":\"search_term_string\"}}],\"inLanguage\":\"fr-FR\"},{\"@type\":\"NewsMediaOrganization\",\"@id\":\"https:\/\/dicodusport.fr\/blog\/#organization\",\"name\":\"Dicodusport\",\"url\":\"https:\/\/dicodusport.fr\/blog\/\",\"logo\":{\"@type\":\"ImageObject\",\"inLanguage\":\"fr-FR\",\"@id\":\"https:\/\/dicodusport.fr\/blog\/#\/schema\/logo\/image\/\",\"url\":\"https:\/\/dicodusport.fr\/blog\/wp-content\/uploads\/2020\/06\/cropped-LOGO-DICODUSPORT-2020-SANS-FOND-SANS-TEXTE.png\",\"contentUrl\":\"https:\/\/dicodusport.fr\/blog\/wp-content\/uploads\/2020\/06\/cropped-LOGO-DICODUSPORT-2020-SANS-FOND-SANS-TEXTE.png\",\"width\":512,\"height\":512,\"caption\":\"Dicodusport\"},\"image\":{\"@id\":\"https:\/\/dicodusport.fr\/blog\/#\/schema\/logo\/image\/\"},\"sameAs\":[\"https:\/\/www.facebook.com\/dicodusport\",\"https:\/\/x.com\/dicodusport\",\"https:\/\/www.instagram.com\/dicodusport\/\",\"https:\/\/www.youtube.com\/channel\/UC7V2KZ5sd3htJivAbA4ZG3w\"],\"description\":\"Dicodusport est l'encyclop\u00e9die de l'actualit\u00e9 sportive.\",\"email\":\"bonjour@dicodusport.fr\",\"legalName\":\"DICODUSPORT\",\"foundingDate\":\"2018-01-14\",\"vatID\":\"FR71834470973\",\"taxID\":\"83447097300043\",\"numberOfEmployees\":{\"@type\":\"QuantitativeValue\",\"minValue\":\"1\",\"maxValue\":\"10\"}},{\"@type\":\"Person\",\"@id\":\"https:\/\/dicodusport.fr\/blog\/#\/schema\/person\/37def232098a7a5cbab3974a3690abb0\",\"name\":\"Maxime Cazenave\",\"image\":{\"@type\":\"ImageObject\",\"inLanguage\":\"fr-FR\",\"@id\":\"https:\/\/dicodusport.fr\/blog\/#\/schema\/person\/image\/\",\"url\":\"https:\/\/dicodusport.fr\/blog\/wp-content\/uploads\/2021\/05\/Maxime-Cazenave-150x150.jpg\",\"contentUrl\":\"https:\/\/dicodusport.fr\/blog\/wp-content\/uploads\/2021\/05\/Maxime-Cazenave-150x150.jpg\",\"caption\":\"Maxime Cazenave\"},\"description\":\"Journaliste\/R\u00e9dacteur depuis 2012 - Berc\u00e9 par l\u2019amour des Girondins de Bordeaux, les \u00e9checs de Christophe Moreau sur le Tour de France sous l'\u00e8re Lance Armstrong et le fade-away l\u00e9tal de Dirk Nowitzki, ma passion d\u00e9vorante pour le sport a toujours \u00e9t\u00e9 un pan incontournable de ma vie. Transmettre ma passion \u00e0 l\u2019\u00e9crit a \u00e9t\u00e9 une transition naturelle. Suiveur assidu de basket et de hockey sur glace, je garde toujours un peu de place pour suivre le cyclisme, le football et le maximum de performances fran\u00e7aises.\",\"sameAs\":[\"https:\/\/x.com\/https:\/\/twitter.com\/Maxime_Caze\"],\"url\":\"https:\/\/dicodusport.fr\/blog\/author\/maximec\/\"}]}<\/script>\n<!-- \/ Yoast SEO Premium plugin. -->","yoast_head_json":{"title":"VTT Championnats du monde 2025 : J\u00e9r\u00f4me Gilloux rafle son 4\u00e8me titre en cross-country \u00e0 assistance \u00e9lectrique","description":"VTT CHAMPIONNATS DU MONDE 2025 - Ce jeudi, J\u00e9r\u00f4me Gilloux a d\u00e9croch\u00e9 l'or sur le cross-country \u00e0 assistance \u00e9lectrique.","robots":{"index":"index","follow":"follow","max-snippet":"max-snippet:-1","max-image-preview":"max-image-preview:large","max-video-preview":"max-video-preview:-1"},"canonical":"https:\/\/dicodusport.fr\/blog\/vtt-championnats-du-monde-2025-jerome-gilloux-rafle-son-4eme-titre-en-cross-country-a-assistance-electrique\/","og_locale":"fr_FR","og_type":"article","og_title":"VTT Championnats du monde 2025 : J\u00e9r\u00f4me Gilloux rafle son 4\u00e8me titre en cross-country \u00e0 assistance \u00e9lectrique","og_description":"VTT CHAMPIONNATS DU MONDE 2025 - Ce jeudi, J\u00e9r\u00f4me Gilloux a d\u00e9croch\u00e9 l'or sur le cross-country \u00e0 assistance \u00e9lectrique.","og_url":"https:\/\/dicodusport.fr\/blog\/vtt-championnats-du-monde-2025-jerome-gilloux-rafle-son-4eme-titre-en-cross-country-a-assistance-electrique\/","og_site_name":"Dicodusport","article_publisher":"https:\/\/www.facebook.com\/dicodusport","article_published_time":"2025-09-04T14:31:44+00:00","article_modified_time":"2025-09-04T15:52:17+00:00","og_image":[{"width":1200,"height":674,"url":"https:\/\/dicodusport.fr\/blog\/wp-content\/uploads\/2025\/09\/VTT-Championnats-du-monde-2025-Jerome-Gilloux-rafle-son-4eme-titre-en-cross-country-a-assistance-electrique-1.png","type":"image\/png"}],"author":"Maxime Cazenave","twitter_card":"summary_large_image","twitter_title":"VTT Championnats du monde 2025 : J\u00e9r\u00f4me Gilloux rafle son 4\u00e8me titre en cross-country \u00e0 assistance \u00e9lectrique","twitter_creator":"@https:\/\/twitter.com\/Maxime_Caze","twitter_site":"@dicodusport","schema":{"@context":"https:\/\/schema.org","@graph":[{"@type":"NewsArticle","@id":"https:\/\/dicodusport.fr\/blog\/vtt-championnats-du-monde-2025-jerome-gilloux-rafle-son-4eme-titre-en-cross-country-a-assistance-electrique\/#article","isPartOf":{"@id":"https:\/\/dicodusport.fr\/blog\/vtt-championnats-du-monde-2025-jerome-gilloux-rafle-son-4eme-titre-en-cross-country-a-assistance-electrique\/"},"author":{"name":"Maxime Cazenave","@id":"https:\/\/dicodusport.fr\/blog\/#\/schema\/person\/37def232098a7a5cbab3974a3690abb0"},"headline":"VTT Championnats du monde 2025 : J\u00e9r\u00f4me Gilloux rafle son 4\u00e8me titre en cross-country \u00e0 assistance \u00e9lectrique","datePublished":"2025-09-04T14:31:44+00:00","dateModified":"2025-09-04T15:52:17+00:00","mainEntityOfPage":{"@id":"https:\/\/dicodusport.fr\/blog\/vtt-championnats-du-monde-2025-jerome-gilloux-rafle-son-4eme-titre-en-cross-country-a-assistance-electrique\/"},"wordCount":537,"commentCount":0,"publisher":{"@id":"https:\/\/dicodusport.fr\/blog\/#organization"},"image":{"@id":"https:\/\/dicodusport.fr\/blog\/vtt-championnats-du-monde-2025-jerome-gilloux-rafle-son-4eme-titre-en-cross-country-a-assistance-electrique\/#primaryimage"},"thumbnailUrl":"https:\/\/dicodusport.fr\/blog\/wp-content\/uploads\/2025\/09\/VTT-Championnats-du-monde-2025-Jerome-Gilloux-rafle-son-4eme-titre-en-cross-country-a-assistance-electrique-1.png","keywords":["br\u00e8ve","Championnats du monde de VTT","VTT"],"articleSection":["VTT"],"inLanguage":"fr-FR","potentialAction":[{"@type":"CommentAction","name":"Comment","target":["https:\/\/dicodusport.fr\/blog\/vtt-championnats-du-monde-2025-jerome-gilloux-rafle-son-4eme-titre-en-cross-country-a-assistance-electrique\/#respond"]}],"copyrightYear":"2025","copyrightHolder":{"@id":"https:\/\/dicodusport.fr\/blog\/#organization"}},{"@type":"WebPage","@id":"https:\/\/dicodusport.fr\/blog\/vtt-championnats-du-monde-2025-jerome-gilloux-rafle-son-4eme-titre-en-cross-country-a-assistance-electrique\/","url":"https:\/\/dicodusport.fr\/blog\/vtt-championnats-du-monde-2025-jerome-gilloux-rafle-son-4eme-titre-en-cross-country-a-assistance-electrique\/","name":"VTT Championnats du monde 2025 : J\u00e9r\u00f4me Gilloux rafle son 4\u00e8me titre en cross-country \u00e0 assistance \u00e9lectrique","isPartOf":{"@id":"https:\/\/dicodusport.fr\/blog\/#website"},"primaryImageOfPage":{"@id":"https:\/\/dicodusport.fr\/blog\/vtt-championnats-du-monde-2025-jerome-gilloux-rafle-son-4eme-titre-en-cross-country-a-assistance-electrique\/#primaryimage"},"image":{"@id":"https:\/\/dicodusport.fr\/blog\/vtt-championnats-du-monde-2025-jerome-gilloux-rafle-son-4eme-titre-en-cross-country-a-assistance-electrique\/#primaryimage"},"thumbnailUrl":"https:\/\/dicodusport.fr\/blog\/wp-content\/uploads\/2025\/09\/VTT-Championnats-du-monde-2025-Jerome-Gilloux-rafle-son-4eme-titre-en-cross-country-a-assistance-electrique-1.png","datePublished":"2025-09-04T14:31:44+00:00","dateModified":"2025-09-04T15:52:17+00:00","description":"VTT CHAMPIONNATS DU MONDE 2025 - Ce jeudi, J\u00e9r\u00f4me Gilloux a d\u00e9croch\u00e9 l'or sur le cross-country \u00e0 assistance \u00e9lectrique.","breadcrumb":{"@id":"https:\/\/dicodusport.fr\/blog\/vtt-championnats-du-monde-2025-jerome-gilloux-rafle-son-4eme-titre-en-cross-country-a-assistance-electrique\/#breadcrumb"},"inLanguage":"fr-FR","potentialAction":[{"@type":"ReadAction","target":["https:\/\/dicodusport.fr\/blog\/vtt-championnats-du-monde-2025-jerome-gilloux-rafle-son-4eme-titre-en-cross-country-a-assistance-electrique\/"]}]},{"@type":"ImageObject","inLanguage":"fr-FR","@id":"https:\/\/dicodusport.fr\/blog\/vtt-championnats-du-monde-2025-jerome-gilloux-rafle-son-4eme-titre-en-cross-country-a-assistance-electrique\/#primaryimage","url":"https:\/\/dicodusport.fr\/blog\/wp-content\/uploads\/2025\/09\/VTT-Championnats-du-monde-2025-Jerome-Gilloux-rafle-son-4eme-titre-en-cross-country-a-assistance-electrique-1.png","contentUrl":"https:\/\/dicodusport.fr\/blog\/wp-content\/uploads\/2025\/09\/VTT-Championnats-du-monde-2025-Jerome-Gilloux-rafle-son-4eme-titre-en-cross-country-a-assistance-electrique-1.png","width":1200,"height":674,"caption":"VTT Championnats du monde 2025 J\u00e9r\u00f4me Gilloux rafle son 4\u00e8me titre en cross-country \u00e0 assistance \u00e9lectrique"},{"@type":"BreadcrumbList","@id":"https:\/\/dicodusport.fr\/blog\/vtt-championnats-du-monde-2025-jerome-gilloux-rafle-son-4eme-titre-en-cross-country-a-assistance-electrique\/#breadcrumb","itemListElement":[{"@type":"ListItem","position":1,"name":"Accueil","item":"https:\/\/dicodusport.fr\/blog\/"},{"@type":"ListItem","position":2,"name":"VTT Championnats du monde 2025 : J\u00e9r\u00f4me Gilloux rafle son 4\u00e8me titre en cross-country \u00e0 assistance \u00e9lectrique"}]},{"@type":"WebSite","@id":"https:\/\/dicodusport.fr\/blog\/#website","url":"https:\/\/dicodusport.fr\/blog\/","name":"Dicodusport","description":"L&#039;encyclop\u00e9die de l&#039;actualit\u00e9 sportive","publisher":{"@id":"https:\/\/dicodusport.fr\/blog\/#organization"},"potentialAction":[{"@type":"SearchAction","target":{"@type":"EntryPoint","urlTemplate":"https:\/\/dicodusport.fr\/blog\/?s={search_term_string}"},"query-input":{"@type":"PropertyValueSpecification","valueRequired":true,"valueName":"search_term_string"}}],"inLanguage":"fr-FR"},{"@type":"NewsMediaOrganization","@id":"https:\/\/dicodusport.fr\/blog\/#organization","name":"Dicodusport","url":"https:\/\/dicodusport.fr\/blog\/","logo":{"@type":"ImageObject","inLanguage":"fr-FR","@id":"https:\/\/dicodusport.fr\/blog\/#\/schema\/logo\/image\/","url":"https:\/\/dicodusport.fr\/blog\/wp-content\/uploads\/2020\/06\/cropped-LOGO-DICODUSPORT-2020-SANS-FOND-SANS-TEXTE.png","contentUrl":"https:\/\/dicodusport.fr\/blog\/wp-content\/uploads\/2020\/06\/cropped-LOGO-DICODUSPORT-2020-SANS-FOND-SANS-TEXTE.png","width":512,"height":512,"caption":"Dicodusport"},"image":{"@id":"https:\/\/dicodusport.fr\/blog\/#\/schema\/logo\/image\/"},"sameAs":["https:\/\/www.facebook.com\/dicodusport","https:\/\/x.com\/dicodusport","https:\/\/www.instagram.com\/dicodusport\/","https:\/\/www.youtube.com\/channel\/UC7V2KZ5sd3htJivAbA4ZG3w"],"description":"Dicodusport est l'encyclop\u00e9die de l'actualit\u00e9 sportive.","email":"bonjour@dicodusport.fr","legalName":"DICODUSPORT","foundingDate":"2018-01-14","vatID":"FR71834470973","taxID":"83447097300043","numberOfEmployees":{"@type":"QuantitativeValue","minValue":"1","maxValue":"10"}},{"@type":"Person","@id":"https:\/\/dicodusport.fr\/blog\/#\/schema\/person\/37def232098a7a5cbab3974a3690abb0","name":"Maxime Cazenave","image":{"@type":"ImageObject","inLanguage":"fr-FR","@id":"https:\/\/dicodusport.fr\/blog\/#\/schema\/person\/image\/","url":"https:\/\/dicodusport.fr\/blog\/wp-content\/uploads\/2021\/05\/Maxime-Cazenave-150x150.jpg","contentUrl":"https:\/\/dicodusport.fr\/blog\/wp-content\/uploads\/2021\/05\/Maxime-Cazenave-150x150.jpg","caption":"Maxime Cazenave"},"description":"Journaliste\/R\u00e9dacteur depuis 2012 - Berc\u00e9 par l\u2019amour des Girondins de Bordeaux, les \u00e9checs de Christophe Moreau sur le Tour de France sous l'\u00e8re Lance Armstrong et le fade-away l\u00e9tal de Dirk Nowitzki, ma passion d\u00e9vorante pour le sport a toujours \u00e9t\u00e9 un pan incontournable de ma vie. Transmettre ma passion \u00e0 l\u2019\u00e9crit a \u00e9t\u00e9 une transition naturelle. Suiveur assidu de basket et de hockey sur glace, je garde toujours un peu de place pour suivre le cyclisme, le football et le maximum de performances fran\u00e7aises.","sameAs":["https:\/\/x.com\/https:\/\/twitter.com\/Maxime_Caze"],"url":"https:\/\/dicodusport.fr\/blog\/author\/maximec\/"}]}},"_links":{"self":[{"href":"https:\/\/dicodusport.fr\/blog\/wp-json\/wp\/v2\/posts\/608247","targetHints":{"allow":["GET"]}}],"collection":[{"href":"https:\/\/dicodusport.fr\/blog\/wp-json\/wp\/v2\/posts"}],"about":[{"href":"https:\/\/dicodusport.fr\/blog\/wp-json\/wp\/v2\/types\/post"}],"author":[{"embeddable":true,"href":"https:\/\/dicodusport.fr\/blog\/wp-json\/wp\/v2\/users\/55"}],"replies":[{"embeddable":true,"href":"https:\/\/dicodusport.fr\/blog\/wp-json\/wp\/v2\/comments?post=608247"}],"version-history":[{"count":5,"href":"https:\/\/dicodusport.fr\/blog\/wp-json\/wp\/v2\/posts\/608247\/revisions"}],"predecessor-version":[{"id":608281,"href":"https:\/\/dicodusport.fr\/blog\/wp-json\/wp\/v2\/posts\/608247\/revisions\/608281"}],"wp:featuredmedia":[{"embeddable":true,"href":"https:\/\/dicodusport.fr\/blog\/wp-json\/wp\/v2\/media\/608298"}],"wp:attachment":[{"href":"https:\/\/dicodusport.fr\/blog\/wp-json\/wp\/v2\/media?parent=608247"}],"wp:term":[{"taxonomy":"category","embeddable":true,"href":"https:\/\/dicodusport.fr\/blog\/wp-json\/wp\/v2\/categories?post=608247"},{"taxonomy":"post_tag","embeddable":true,"href":"https:\/\/dicodusport.fr\/blog\/wp-json\/wp\/v2\/tags?post=608247"}],"curies":[{"name":"wp","href":"https:\/\/api.w.org\/{rel}","templated":true}]}}