{"id":608370,"date":"2025-09-05T07:53:20","date_gmt":"2025-09-05T05:53:20","guid":{"rendered":"https:\/\/dicodusport.fr\/blog\/?p=608370&#038;preview=true&#038;preview_id=608370"},"modified":"2025-09-05T08:06:19","modified_gmt":"2025-09-05T06:06:19","slug":"transferts-courtise-par-marseille-ismael-bennacer-a-trouve-un-nouveau-club","status":"publish","type":"post","link":"https:\/\/dicodusport.fr\/blog\/transferts-courtise-par-marseille-ismael-bennacer-a-trouve-un-nouveau-club\/","title":{"rendered":"Transferts : Courtis\u00e9 par Marseille, Isma\u00ebl Bennacer a trouv\u00e9 un nouveau club"},"content":{"rendered":"<p style=\"text-align: justify;\"><strong><em>TRANSFERTS OM &#8211; Selon Fabrizio Romano, Isma\u00ebl Bennacer (Milan AC) a finalement d\u00e9cid\u00e9 de rejoindre le Dinamo Zagreb.\u00a0<\/em><\/strong><\/p>\n<ul style=\"text-align: justify;\">\n<li style=\"text-align: justify;\"><strong>\u00c0 lire aussi &#8211; <a href=\"https:\/\/dicodusport.fr\/blog\/transferts-om-leonardo-balerdi-a-demande-a-quitter-marseille-pendant-le-mercato\/\" target=\"_blank\" rel=\"noopener\">Transferts OM : Leonardo Balerdi a demand\u00e9 \u00e0 quitter Marseille pendant le mercato<\/a><\/strong><\/li>\n<\/ul>\n<div class=\"QpPSMb\" style=\"text-align: justify;\">\n<div class=\"DoxwDb\">\n<div class=\"PZPZlf ssJ7i B5dxMb\" role=\"heading\" aria-level=\"2\" data-attrid=\"title\">Avec 12 recrues pendant le mercato estival, l&rsquo;<strong>Olympique de Marseille<\/strong> fait partie des clubs de <strong>Ligue<\/strong> <strong>1<\/strong> les plus actifs sur le march\u00e9 des transferts. <strong>Pablo<\/strong> <strong>Longoria<\/strong> et <strong>Medhi<\/strong> <strong>Benatia<\/strong> ont activ\u00e9 de nombreuses pistes pour arriver \u00e0 ce r\u00e9sultat, et plusieurs joueurs courtis\u00e9s n&rsquo;ont donc pas rejoint le club cet \u00e9t\u00e9.<\/div>\n<div class=\"vlp-link-container vlp-layout-article\"><a href=\"https:\/\/dicodusport.fr\/blog\/transferts-om-adrien-rabiot-a-fait-une-fleur-a-marseille-au-moment-de-son-depart\/\" class=\"vlp-link\" title=\"Transferts OM : Adrien Rabiot a fait une fleur \u00e0 Marseille au moment de son d\u00e9part\"><\/a><div class=\"vlp-layout-zone-side\"><div class=\"vlp-block-4 vlp-link-image\"><img loading=\"lazy\" decoding=\"async\" style=\"max-width: 792px;\" width=\"792\" height=\"445\" src=\"https:\/\/dicodusport.fr\/blog\/wp-content\/uploads\/2025\/09\/Transferts-OM-Adrien-Rabiot-a-fait-une-fleur-a-Marseille-au-moment-de-son-depart.png\" class=\"attachment-800x445 size-800x445\" alt=\"\" srcset=\"https:\/\/dicodusport.fr\/blog\/wp-content\/uploads\/2025\/09\/Transferts-OM-Adrien-Rabiot-a-fait-une-fleur-a-Marseille-au-moment-de-son-depart.png 1200w, https:\/\/dicodusport.fr\/blog\/wp-content\/uploads\/2025\/09\/Transferts-OM-Adrien-Rabiot-a-fait-une-fleur-a-Marseille-au-moment-de-son-depart-300x169.png 300w, https:\/\/dicodusport.fr\/blog\/wp-content\/uploads\/2025\/09\/Transferts-OM-Adrien-Rabiot-a-fait-une-fleur-a-Marseille-au-moment-de-son-depart-1024x575.png 1024w, https:\/\/dicodusport.fr\/blog\/wp-content\/uploads\/2025\/09\/Transferts-OM-Adrien-Rabiot-a-fait-une-fleur-a-Marseille-au-moment-de-son-depart-768x431.png 768w\" sizes=\"auto, (max-width: 792px) 100vw, 792px\" \/><\/div><\/div><div class=\"vlp-layout-zone-main\"><div class=\"vlp-block-0 vlp-link-title\">Transferts OM : Adrien Rabiot a fait une fleur \u00e0 Marseille au moment de son d\u00e9part<\/div><div class=\"vlp-block-1 vlp-link-summary\">TRANSFERTS OM - Selon la Gazzetta dello Sport, Adrien Rabiot a accept\u00e9 de baisser sa commission sur le transfert pour faciliter son d\u00e9part \u00e0 Milan.\u00a0<\/div><div class=\"vlp-block-2 vlp-link-button\">Lire l'article<\/div><div class=\"vlp-block-3 vlp-link-url\">dicodusport.fr<\/div><\/div><\/div>\n<\/div>\n<\/div>\n<h2 style=\"text-align: justify;\">Isma\u00ebl Bennacer en Croatie<\/h2>\n<p style=\"text-align: justify;\">Apr\u00e8s une bonne deuxi\u00e8me partie de saison \u00e0 l&rsquo;Olympique de Marseille, <strong>Isma\u00ebl Bennacer<\/strong> avait convaincu<strong> Roberto De Zerbi<\/strong> de le conserver. Mais <strong>Marseille<\/strong> ne voulait pas lever son option d&rsquo;achat, jug\u00e9e trop \u00e9lev\u00e9e, et a tent\u00e9 d&rsquo;obtenir un nouveau pr\u00eat du milieu alg\u00e9rien. Les deux clubs ne sont jamais parvenus \u00e0 un accord.<\/p>\n<p style=\"text-align: justify;\">L&rsquo;<strong>OM<\/strong> a donc activ\u00e9 d&rsquo;autres pistes alors qu&rsquo;<strong>Isma\u00ebl<\/strong> <strong>Bennacer<\/strong> \u00e9tait toujours au Milan AC \u00e0 la fin du mercato des grands championnats. Le club italien, qui voulait un transfert sec dans un premier temps, s&rsquo;est finalement r\u00e9solu \u00e0 pr\u00eater l&rsquo;international alg\u00e9rien \u00e0 nouveau. <strong>Isma\u00ebl<\/strong> <strong>Bennacer<\/strong> rejoint le <strong>Dinamo<\/strong> <strong>Zagreb<\/strong> en pr\u00eat, avec option d&rsquo;achat, non obligatoire.<\/p>\n<h3 style=\"text-align: justify;\">\u00c0 ce sujet<\/h3>\n<div class=\"vlp-link-container vlp-layout-article\"><a href=\"https:\/\/dicodusport.fr\/blog\/mercato-om-2025-2026-le-tableau-complet-des-transferts-arrivees-et-departs\/\" class=\"vlp-link\" title=\"Mercato OM 2025-2026 : Le tableau complet des transferts, arriv\u00e9es et d\u00e9parts\"><\/a><div class=\"vlp-layout-zone-side\"><div class=\"vlp-block-4 vlp-link-image\"><img loading=\"lazy\" decoding=\"async\" style=\"max-width: 792px;\" width=\"792\" height=\"445\" src=\"https:\/\/dicodusport.fr\/blog\/wp-content\/uploads\/2025\/05\/Mercato-OM-2025-2026-Le-tableau-complet-des-transferts-arrivees-et-departs.png\" class=\"attachment-800x445 size-800x445\" alt=\"Mercato OM 2025-2026 Le tableau complet des transferts, arriv\u00e9es et d\u00e9parts\" srcset=\"https:\/\/dicodusport.fr\/blog\/wp-content\/uploads\/2025\/05\/Mercato-OM-2025-2026-Le-tableau-complet-des-transferts-arrivees-et-departs.png 1200w, https:\/\/dicodusport.fr\/blog\/wp-content\/uploads\/2025\/05\/Mercato-OM-2025-2026-Le-tableau-complet-des-transferts-arrivees-et-departs-300x169.png 300w, https:\/\/dicodusport.fr\/blog\/wp-content\/uploads\/2025\/05\/Mercato-OM-2025-2026-Le-tableau-complet-des-transferts-arrivees-et-departs-1024x575.png 1024w, https:\/\/dicodusport.fr\/blog\/wp-content\/uploads\/2025\/05\/Mercato-OM-2025-2026-Le-tableau-complet-des-transferts-arrivees-et-departs-768x431.png 768w\" sizes=\"auto, (max-width: 792px) 100vw, 792px\" \/><\/div><\/div><div class=\"vlp-layout-zone-main\"><div class=\"vlp-block-0 vlp-link-title\">Mercato OM 2025-2026 : Le tableau complet des transferts, arriv\u00e9es et d\u00e9parts<\/div><div class=\"vlp-block-1 vlp-link-summary\">TRANSFERTS OM - Retrouvez tous les mouvements de l'Olympique de Marseille pour l'intersaison 2025 en Ligue 1. Arriv\u00e9es, d\u00e9part, pr\u00eats, transferts d\u00e9finitifs, ne ratez rien du mercato estival.\u00a0<\/div><div class=\"vlp-block-2 vlp-link-button\">Lire l'article<\/div><div class=\"vlp-block-3 vlp-link-url\">dicodusport.fr<\/div><\/div><\/div>\n","protected":false},"excerpt":{"rendered":"<p>TRANSFERTS OM &#8211; Selon Fabrizio Romano, Isma\u00ebl Bennacer (Milan AC) a finalement d\u00e9cid\u00e9 de rejoindre le Dinamo Zagreb.\u00a0<\/p>\n","protected":false},"author":1,"featured_media":608371,"comment_status":"open","ping_status":"closed","sticky":false,"template":"","format":"standard","meta":{"_acf_changed":false,"_daextam_enable_autolinks":"1","footnotes":""},"categories":[47045],"tags":[16878,1554,39821],"class_list":["post-608370","post","type-post","status-publish","format-standard","has-post-thumbnail","hentry","category-ligue-1","tag-breve","tag-ligue-1","tag-transferts-om"],"acf":[],"yoast_head":"<!-- This site is optimized with the Yoast SEO Premium plugin v26.7 (Yoast SEO v26.7) - https:\/\/yoast.com\/wordpress\/plugins\/seo\/ -->\n<title>Transferts : Courtis\u00e9 par Marseille, Isma\u00ebl Bennacer a trouv\u00e9 un nouveau club<\/title>\n<meta name=\"description\" content=\"TRANSFERTS OM - Selon Fabrizio Romano, Isma\u00ebl Bennacer (Milan AC) a finalement d\u00e9cid\u00e9 de rejoindre le Dinamo Zagreb.\u00a0\" \/>\n<meta name=\"robots\" content=\"index, follow, max-snippet:-1, max-image-preview:large, max-video-preview:-1\" \/>\n<link rel=\"canonical\" href=\"https:\/\/dicodusport.fr\/blog\/transferts-courtise-par-marseille-ismael-bennacer-a-trouve-un-nouveau-club\/\" \/>\n<meta property=\"og:locale\" content=\"fr_FR\" \/>\n<meta property=\"og:type\" content=\"article\" \/>\n<meta property=\"og:title\" content=\"Transferts : Courtis\u00e9 par Marseille, Isma\u00ebl Bennacer a trouv\u00e9 un nouveau club\" \/>\n<meta property=\"og:description\" content=\"TRANSFERTS OM - Selon Fabrizio Romano, Isma\u00ebl Bennacer (Milan AC) a finalement d\u00e9cid\u00e9 de rejoindre le Dinamo Zagreb.\u00a0\" \/>\n<meta property=\"og:url\" content=\"https:\/\/dicodusport.fr\/blog\/transferts-courtise-par-marseille-ismael-bennacer-a-trouve-un-nouveau-club\/\" \/>\n<meta property=\"og:site_name\" content=\"Dicodusport\" \/>\n<meta property=\"article:publisher\" content=\"https:\/\/www.facebook.com\/dicodusport\" \/>\n<meta property=\"article:author\" content=\"https:\/\/www.facebook.com\/dicodusport\" \/>\n<meta property=\"article:published_time\" content=\"2025-09-05T05:53:20+00:00\" \/>\n<meta property=\"article:modified_time\" content=\"2025-09-05T06:06:19+00:00\" \/>\n<meta property=\"og:image\" content=\"https:\/\/dicodusport.fr\/blog\/wp-content\/uploads\/2025\/09\/Transferts-Courtise-par-Marseille-Ismael-Bennacer-a-trouve-un-nouveau-club.png\" \/>\n\t<meta property=\"og:image:width\" content=\"1200\" \/>\n\t<meta property=\"og:image:height\" content=\"674\" \/>\n\t<meta property=\"og:image:type\" content=\"image\/png\" \/>\n<meta name=\"author\" content=\"Nicolas Jacquemard\" \/>\n<meta name=\"twitter:card\" content=\"summary_large_image\" \/>\n<meta name=\"twitter:title\" content=\"Transferts : Courtis\u00e9 par Marseille, Isma\u00ebl Bennacer a trouv\u00e9 un nouveau club\" \/>\n<meta name=\"twitter:creator\" content=\"@https:\/\/twitter.com\/Nico_Jacquemard\" \/>\n<meta name=\"twitter:site\" content=\"@dicodusport\" \/>\n<script type=\"application\/ld+json\" class=\"yoast-schema-graph\">{\"@context\":\"https:\/\/schema.org\",\"@graph\":[{\"@type\":\"NewsArticle\",\"@id\":\"https:\/\/dicodusport.fr\/blog\/transferts-courtise-par-marseille-ismael-bennacer-a-trouve-un-nouveau-club\/#article\",\"isPartOf\":{\"@id\":\"https:\/\/dicodusport.fr\/blog\/transferts-courtise-par-marseille-ismael-bennacer-a-trouve-un-nouveau-club\/\"},\"author\":{\"name\":\"Nicolas Jacquemard\",\"@id\":\"https:\/\/dicodusport.fr\/blog\/#\/schema\/person\/55dcb50ad410894e431ed812bbb70191\"},\"headline\":\"Transferts : Courtis\u00e9 par Marseille, Isma\u00ebl Bennacer a trouv\u00e9 un nouveau club\",\"datePublished\":\"2025-09-05T05:53:20+00:00\",\"dateModified\":\"2025-09-05T06:06:19+00:00\",\"mainEntityOfPage\":{\"@id\":\"https:\/\/dicodusport.fr\/blog\/transferts-courtise-par-marseille-ismael-bennacer-a-trouve-un-nouveau-club\/\"},\"wordCount\":414,\"commentCount\":0,\"publisher\":{\"@id\":\"https:\/\/dicodusport.fr\/blog\/#organization\"},\"image\":{\"@id\":\"https:\/\/dicodusport.fr\/blog\/transferts-courtise-par-marseille-ismael-bennacer-a-trouve-un-nouveau-club\/#primaryimage\"},\"thumbnailUrl\":\"https:\/\/dicodusport.fr\/blog\/wp-content\/uploads\/2025\/09\/Transferts-Courtise-par-Marseille-Ismael-Bennacer-a-trouve-un-nouveau-club.png\",\"keywords\":[\"br\u00e8ve\",\"Ligue 1\",\"Transferts OM\"],\"articleSection\":[\"Ligue 1\"],\"inLanguage\":\"fr-FR\",\"potentialAction\":[{\"@type\":\"CommentAction\",\"name\":\"Comment\",\"target\":[\"https:\/\/dicodusport.fr\/blog\/transferts-courtise-par-marseille-ismael-bennacer-a-trouve-un-nouveau-club\/#respond\"]}],\"copyrightYear\":\"2025\",\"copyrightHolder\":{\"@id\":\"https:\/\/dicodusport.fr\/blog\/#organization\"}},{\"@type\":\"WebPage\",\"@id\":\"https:\/\/dicodusport.fr\/blog\/transferts-courtise-par-marseille-ismael-bennacer-a-trouve-un-nouveau-club\/\",\"url\":\"https:\/\/dicodusport.fr\/blog\/transferts-courtise-par-marseille-ismael-bennacer-a-trouve-un-nouveau-club\/\",\"name\":\"Transferts : Courtis\u00e9 par Marseille, Isma\u00ebl Bennacer a trouv\u00e9 un nouveau club\",\"isPartOf\":{\"@id\":\"https:\/\/dicodusport.fr\/blog\/#website\"},\"primaryImageOfPage\":{\"@id\":\"https:\/\/dicodusport.fr\/blog\/transferts-courtise-par-marseille-ismael-bennacer-a-trouve-un-nouveau-club\/#primaryimage\"},\"image\":{\"@id\":\"https:\/\/dicodusport.fr\/blog\/transferts-courtise-par-marseille-ismael-bennacer-a-trouve-un-nouveau-club\/#primaryimage\"},\"thumbnailUrl\":\"https:\/\/dicodusport.fr\/blog\/wp-content\/uploads\/2025\/09\/Transferts-Courtise-par-Marseille-Ismael-Bennacer-a-trouve-un-nouveau-club.png\",\"datePublished\":\"2025-09-05T05:53:20+00:00\",\"dateModified\":\"2025-09-05T06:06:19+00:00\",\"description\":\"TRANSFERTS OM - Selon Fabrizio Romano, Isma\u00ebl Bennacer (Milan AC) a finalement d\u00e9cid\u00e9 de rejoindre le Dinamo Zagreb.\u00a0\",\"breadcrumb\":{\"@id\":\"https:\/\/dicodusport.fr\/blog\/transferts-courtise-par-marseille-ismael-bennacer-a-trouve-un-nouveau-club\/#breadcrumb\"},\"inLanguage\":\"fr-FR\",\"potentialAction\":[{\"@type\":\"ReadAction\",\"target\":[\"https:\/\/dicodusport.fr\/blog\/transferts-courtise-par-marseille-ismael-bennacer-a-trouve-un-nouveau-club\/\"]}]},{\"@type\":\"ImageObject\",\"inLanguage\":\"fr-FR\",\"@id\":\"https:\/\/dicodusport.fr\/blog\/transferts-courtise-par-marseille-ismael-bennacer-a-trouve-un-nouveau-club\/#primaryimage\",\"url\":\"https:\/\/dicodusport.fr\/blog\/wp-content\/uploads\/2025\/09\/Transferts-Courtise-par-Marseille-Ismael-Bennacer-a-trouve-un-nouveau-club.png\",\"contentUrl\":\"https:\/\/dicodusport.fr\/blog\/wp-content\/uploads\/2025\/09\/Transferts-Courtise-par-Marseille-Ismael-Bennacer-a-trouve-un-nouveau-club.png\",\"width\":1200,\"height\":674},{\"@type\":\"BreadcrumbList\",\"@id\":\"https:\/\/dicodusport.fr\/blog\/transferts-courtise-par-marseille-ismael-bennacer-a-trouve-un-nouveau-club\/#breadcrumb\",\"itemListElement\":[{\"@type\":\"ListItem\",\"position\":1,\"name\":\"Accueil\",\"item\":\"https:\/\/dicodusport.fr\/blog\/\"},{\"@type\":\"ListItem\",\"position\":2,\"name\":\"Transferts : Courtis\u00e9 par Marseille, Isma\u00ebl Bennacer a trouv\u00e9 un nouveau club\"}]},{\"@type\":\"WebSite\",\"@id\":\"https:\/\/dicodusport.fr\/blog\/#website\",\"url\":\"https:\/\/dicodusport.fr\/blog\/\",\"name\":\"Dicodusport\",\"description\":\"L&#039;encyclop\u00e9die de l&#039;actualit\u00e9 sportive\",\"publisher\":{\"@id\":\"https:\/\/dicodusport.fr\/blog\/#organization\"},\"potentialAction\":[{\"@type\":\"SearchAction\",\"target\":{\"@type\":\"EntryPoint\",\"urlTemplate\":\"https:\/\/dicodusport.fr\/blog\/?s={search_term_string}\"},\"query-input\":{\"@type\":\"PropertyValueSpecification\",\"valueRequired\":true,\"valueName\":\"search_term_string\"}}],\"inLanguage\":\"fr-FR\"},{\"@type\":\"NewsMediaOrganization\",\"@id\":\"https:\/\/dicodusport.fr\/blog\/#organization\",\"name\":\"Dicodusport\",\"url\":\"https:\/\/dicodusport.fr\/blog\/\",\"logo\":{\"@type\":\"ImageObject\",\"inLanguage\":\"fr-FR\",\"@id\":\"https:\/\/dicodusport.fr\/blog\/#\/schema\/logo\/image\/\",\"url\":\"https:\/\/dicodusport.fr\/blog\/wp-content\/uploads\/2020\/06\/cropped-LOGO-DICODUSPORT-2020-SANS-FOND-SANS-TEXTE.png\",\"contentUrl\":\"https:\/\/dicodusport.fr\/blog\/wp-content\/uploads\/2020\/06\/cropped-LOGO-DICODUSPORT-2020-SANS-FOND-SANS-TEXTE.png\",\"width\":512,\"height\":512,\"caption\":\"Dicodusport\"},\"image\":{\"@id\":\"https:\/\/dicodusport.fr\/blog\/#\/schema\/logo\/image\/\"},\"sameAs\":[\"https:\/\/www.facebook.com\/dicodusport\",\"https:\/\/x.com\/dicodusport\",\"https:\/\/www.instagram.com\/dicodusport\/\",\"https:\/\/www.youtube.com\/channel\/UC7V2KZ5sd3htJivAbA4ZG3w\"],\"description\":\"Dicodusport est l'encyclop\u00e9die de l'actualit\u00e9 sportive.\",\"email\":\"bonjour@dicodusport.fr\",\"legalName\":\"DICODUSPORT\",\"foundingDate\":\"2018-01-14\",\"vatID\":\"FR71834470973\",\"taxID\":\"83447097300043\",\"numberOfEmployees\":{\"@type\":\"QuantitativeValue\",\"minValue\":\"1\",\"maxValue\":\"10\"}},{\"@type\":\"Person\",\"@id\":\"https:\/\/dicodusport.fr\/blog\/#\/schema\/person\/55dcb50ad410894e431ed812bbb70191\",\"name\":\"Nicolas Jacquemard\",\"image\":{\"@type\":\"ImageObject\",\"inLanguage\":\"fr-FR\",\"@id\":\"https:\/\/dicodusport.fr\/blog\/#\/schema\/person\/image\/\",\"url\":\"https:\/\/dicodusport.fr\/blog\/wp-content\/uploads\/2021\/05\/Nicolas-Jacquemard-150x150.jpeg\",\"contentUrl\":\"https:\/\/dicodusport.fr\/blog\/wp-content\/uploads\/2021\/05\/Nicolas-Jacquemard-150x150.jpeg\",\"caption\":\"Nicolas Jacquemard\"},\"description\":\"Passionn\u00e9 de sport et entrepreneur depuis mes 18 ans, la cr\u00e9ation de Dicodusport m'a sembl\u00e9 \u00e9vidente pour participer \u00e0 la m\u00e9diatisation d'un plus grand nombre de sports. Le chemin est long mais avec une \u00e9quipe des plus motiv\u00e9es et les Jeux Olympiques de Paris 2024 en point de mire, nous y arriverons ! Journaliste dans le monde du sport depuis plus de 5 ans, je traite aussi bien de football, de rugby, de biathlon que de cyclisme.\",\"sameAs\":[\"https:\/\/www.facebook.com\/dicodusport\",\"https:\/\/x.com\/https:\/\/twitter.com\/Nico_Jacquemard\"],\"url\":\"https:\/\/dicodusport.fr\/blog\/author\/dicodusport\/\"}]}<\/script>\n<!-- \/ Yoast SEO Premium plugin. -->","yoast_head_json":{"title":"Transferts : Courtis\u00e9 par Marseille, Isma\u00ebl Bennacer a trouv\u00e9 un nouveau club","description":"TRANSFERTS OM - Selon Fabrizio Romano, Isma\u00ebl Bennacer (Milan AC) a finalement d\u00e9cid\u00e9 de rejoindre le Dinamo Zagreb.\u00a0","robots":{"index":"index","follow":"follow","max-snippet":"max-snippet:-1","max-image-preview":"max-image-preview:large","max-video-preview":"max-video-preview:-1"},"canonical":"https:\/\/dicodusport.fr\/blog\/transferts-courtise-par-marseille-ismael-bennacer-a-trouve-un-nouveau-club\/","og_locale":"fr_FR","og_type":"article","og_title":"Transferts : Courtis\u00e9 par Marseille, Isma\u00ebl Bennacer a trouv\u00e9 un nouveau club","og_description":"TRANSFERTS OM - Selon Fabrizio Romano, Isma\u00ebl Bennacer (Milan AC) a finalement d\u00e9cid\u00e9 de rejoindre le Dinamo Zagreb.\u00a0","og_url":"https:\/\/dicodusport.fr\/blog\/transferts-courtise-par-marseille-ismael-bennacer-a-trouve-un-nouveau-club\/","og_site_name":"Dicodusport","article_publisher":"https:\/\/www.facebook.com\/dicodusport","article_author":"https:\/\/www.facebook.com\/dicodusport","article_published_time":"2025-09-05T05:53:20+00:00","article_modified_time":"2025-09-05T06:06:19+00:00","og_image":[{"width":1200,"height":674,"url":"https:\/\/dicodusport.fr\/blog\/wp-content\/uploads\/2025\/09\/Transferts-Courtise-par-Marseille-Ismael-Bennacer-a-trouve-un-nouveau-club.png","type":"image\/png"}],"author":"Nicolas Jacquemard","twitter_card":"summary_large_image","twitter_title":"Transferts : Courtis\u00e9 par Marseille, Isma\u00ebl Bennacer a trouv\u00e9 un nouveau club","twitter_creator":"@https:\/\/twitter.com\/Nico_Jacquemard","twitter_site":"@dicodusport","schema":{"@context":"https:\/\/schema.org","@graph":[{"@type":"NewsArticle","@id":"https:\/\/dicodusport.fr\/blog\/transferts-courtise-par-marseille-ismael-bennacer-a-trouve-un-nouveau-club\/#article","isPartOf":{"@id":"https:\/\/dicodusport.fr\/blog\/transferts-courtise-par-marseille-ismael-bennacer-a-trouve-un-nouveau-club\/"},"author":{"name":"Nicolas Jacquemard","@id":"https:\/\/dicodusport.fr\/blog\/#\/schema\/person\/55dcb50ad410894e431ed812bbb70191"},"headline":"Transferts : Courtis\u00e9 par Marseille, Isma\u00ebl Bennacer a trouv\u00e9 un nouveau club","datePublished":"2025-09-05T05:53:20+00:00","dateModified":"2025-09-05T06:06:19+00:00","mainEntityOfPage":{"@id":"https:\/\/dicodusport.fr\/blog\/transferts-courtise-par-marseille-ismael-bennacer-a-trouve-un-nouveau-club\/"},"wordCount":414,"commentCount":0,"publisher":{"@id":"https:\/\/dicodusport.fr\/blog\/#organization"},"image":{"@id":"https:\/\/dicodusport.fr\/blog\/transferts-courtise-par-marseille-ismael-bennacer-a-trouve-un-nouveau-club\/#primaryimage"},"thumbnailUrl":"https:\/\/dicodusport.fr\/blog\/wp-content\/uploads\/2025\/09\/Transferts-Courtise-par-Marseille-Ismael-Bennacer-a-trouve-un-nouveau-club.png","keywords":["br\u00e8ve","Ligue 1","Transferts OM"],"articleSection":["Ligue 1"],"inLanguage":"fr-FR","potentialAction":[{"@type":"CommentAction","name":"Comment","target":["https:\/\/dicodusport.fr\/blog\/transferts-courtise-par-marseille-ismael-bennacer-a-trouve-un-nouveau-club\/#respond"]}],"copyrightYear":"2025","copyrightHolder":{"@id":"https:\/\/dicodusport.fr\/blog\/#organization"}},{"@type":"WebPage","@id":"https:\/\/dicodusport.fr\/blog\/transferts-courtise-par-marseille-ismael-bennacer-a-trouve-un-nouveau-club\/","url":"https:\/\/dicodusport.fr\/blog\/transferts-courtise-par-marseille-ismael-bennacer-a-trouve-un-nouveau-club\/","name":"Transferts : Courtis\u00e9 par Marseille, Isma\u00ebl Bennacer a trouv\u00e9 un nouveau club","isPartOf":{"@id":"https:\/\/dicodusport.fr\/blog\/#website"},"primaryImageOfPage":{"@id":"https:\/\/dicodusport.fr\/blog\/transferts-courtise-par-marseille-ismael-bennacer-a-trouve-un-nouveau-club\/#primaryimage"},"image":{"@id":"https:\/\/dicodusport.fr\/blog\/transferts-courtise-par-marseille-ismael-bennacer-a-trouve-un-nouveau-club\/#primaryimage"},"thumbnailUrl":"https:\/\/dicodusport.fr\/blog\/wp-content\/uploads\/2025\/09\/Transferts-Courtise-par-Marseille-Ismael-Bennacer-a-trouve-un-nouveau-club.png","datePublished":"2025-09-05T05:53:20+00:00","dateModified":"2025-09-05T06:06:19+00:00","description":"TRANSFERTS OM - Selon Fabrizio Romano, Isma\u00ebl Bennacer (Milan AC) a finalement d\u00e9cid\u00e9 de rejoindre le Dinamo Zagreb.\u00a0","breadcrumb":{"@id":"https:\/\/dicodusport.fr\/blog\/transferts-courtise-par-marseille-ismael-bennacer-a-trouve-un-nouveau-club\/#breadcrumb"},"inLanguage":"fr-FR","potentialAction":[{"@type":"ReadAction","target":["https:\/\/dicodusport.fr\/blog\/transferts-courtise-par-marseille-ismael-bennacer-a-trouve-un-nouveau-club\/"]}]},{"@type":"ImageObject","inLanguage":"fr-FR","@id":"https:\/\/dicodusport.fr\/blog\/transferts-courtise-par-marseille-ismael-bennacer-a-trouve-un-nouveau-club\/#primaryimage","url":"https:\/\/dicodusport.fr\/blog\/wp-content\/uploads\/2025\/09\/Transferts-Courtise-par-Marseille-Ismael-Bennacer-a-trouve-un-nouveau-club.png","contentUrl":"https:\/\/dicodusport.fr\/blog\/wp-content\/uploads\/2025\/09\/Transferts-Courtise-par-Marseille-Ismael-Bennacer-a-trouve-un-nouveau-club.png","width":1200,"height":674},{"@type":"BreadcrumbList","@id":"https:\/\/dicodusport.fr\/blog\/transferts-courtise-par-marseille-ismael-bennacer-a-trouve-un-nouveau-club\/#breadcrumb","itemListElement":[{"@type":"ListItem","position":1,"name":"Accueil","item":"https:\/\/dicodusport.fr\/blog\/"},{"@type":"ListItem","position":2,"name":"Transferts : Courtis\u00e9 par Marseille, Isma\u00ebl Bennacer a trouv\u00e9 un nouveau club"}]},{"@type":"WebSite","@id":"https:\/\/dicodusport.fr\/blog\/#website","url":"https:\/\/dicodusport.fr\/blog\/","name":"Dicodusport","description":"L&#039;encyclop\u00e9die de l&#039;actualit\u00e9 sportive","publisher":{"@id":"https:\/\/dicodusport.fr\/blog\/#organization"},"potentialAction":[{"@type":"SearchAction","target":{"@type":"EntryPoint","urlTemplate":"https:\/\/dicodusport.fr\/blog\/?s={search_term_string}"},"query-input":{"@type":"PropertyValueSpecification","valueRequired":true,"valueName":"search_term_string"}}],"inLanguage":"fr-FR"},{"@type":"NewsMediaOrganization","@id":"https:\/\/dicodusport.fr\/blog\/#organization","name":"Dicodusport","url":"https:\/\/dicodusport.fr\/blog\/","logo":{"@type":"ImageObject","inLanguage":"fr-FR","@id":"https:\/\/dicodusport.fr\/blog\/#\/schema\/logo\/image\/","url":"https:\/\/dicodusport.fr\/blog\/wp-content\/uploads\/2020\/06\/cropped-LOGO-DICODUSPORT-2020-SANS-FOND-SANS-TEXTE.png","contentUrl":"https:\/\/dicodusport.fr\/blog\/wp-content\/uploads\/2020\/06\/cropped-LOGO-DICODUSPORT-2020-SANS-FOND-SANS-TEXTE.png","width":512,"height":512,"caption":"Dicodusport"},"image":{"@id":"https:\/\/dicodusport.fr\/blog\/#\/schema\/logo\/image\/"},"sameAs":["https:\/\/www.facebook.com\/dicodusport","https:\/\/x.com\/dicodusport","https:\/\/www.instagram.com\/dicodusport\/","https:\/\/www.youtube.com\/channel\/UC7V2KZ5sd3htJivAbA4ZG3w"],"description":"Dicodusport est l'encyclop\u00e9die de l'actualit\u00e9 sportive.","email":"bonjour@dicodusport.fr","legalName":"DICODUSPORT","foundingDate":"2018-01-14","vatID":"FR71834470973","taxID":"83447097300043","numberOfEmployees":{"@type":"QuantitativeValue","minValue":"1","maxValue":"10"}},{"@type":"Person","@id":"https:\/\/dicodusport.fr\/blog\/#\/schema\/person\/55dcb50ad410894e431ed812bbb70191","name":"Nicolas Jacquemard","image":{"@type":"ImageObject","inLanguage":"fr-FR","@id":"https:\/\/dicodusport.fr\/blog\/#\/schema\/person\/image\/","url":"https:\/\/dicodusport.fr\/blog\/wp-content\/uploads\/2021\/05\/Nicolas-Jacquemard-150x150.jpeg","contentUrl":"https:\/\/dicodusport.fr\/blog\/wp-content\/uploads\/2021\/05\/Nicolas-Jacquemard-150x150.jpeg","caption":"Nicolas Jacquemard"},"description":"Passionn\u00e9 de sport et entrepreneur depuis mes 18 ans, la cr\u00e9ation de Dicodusport m'a sembl\u00e9 \u00e9vidente pour participer \u00e0 la m\u00e9diatisation d'un plus grand nombre de sports. Le chemin est long mais avec une \u00e9quipe des plus motiv\u00e9es et les Jeux Olympiques de Paris 2024 en point de mire, nous y arriverons ! Journaliste dans le monde du sport depuis plus de 5 ans, je traite aussi bien de football, de rugby, de biathlon que de cyclisme.","sameAs":["https:\/\/www.facebook.com\/dicodusport","https:\/\/x.com\/https:\/\/twitter.com\/Nico_Jacquemard"],"url":"https:\/\/dicodusport.fr\/blog\/author\/dicodusport\/"}]}},"_links":{"self":[{"href":"https:\/\/dicodusport.fr\/blog\/wp-json\/wp\/v2\/posts\/608370","targetHints":{"allow":["GET"]}}],"collection":[{"href":"https:\/\/dicodusport.fr\/blog\/wp-json\/wp\/v2\/posts"}],"about":[{"href":"https:\/\/dicodusport.fr\/blog\/wp-json\/wp\/v2\/types\/post"}],"author":[{"embeddable":true,"href":"https:\/\/dicodusport.fr\/blog\/wp-json\/wp\/v2\/users\/1"}],"replies":[{"embeddable":true,"href":"https:\/\/dicodusport.fr\/blog\/wp-json\/wp\/v2\/comments?post=608370"}],"version-history":[{"count":2,"href":"https:\/\/dicodusport.fr\/blog\/wp-json\/wp\/v2\/posts\/608370\/revisions"}],"predecessor-version":[{"id":608376,"href":"https:\/\/dicodusport.fr\/blog\/wp-json\/wp\/v2\/posts\/608370\/revisions\/608376"}],"wp:featuredmedia":[{"embeddable":true,"href":"https:\/\/dicodusport.fr\/blog\/wp-json\/wp\/v2\/media\/608371"}],"wp:attachment":[{"href":"https:\/\/dicodusport.fr\/blog\/wp-json\/wp\/v2\/media?parent=608370"}],"wp:term":[{"taxonomy":"category","embeddable":true,"href":"https:\/\/dicodusport.fr\/blog\/wp-json\/wp\/v2\/categories?post=608370"},{"taxonomy":"post_tag","embeddable":true,"href":"https:\/\/dicodusport.fr\/blog\/wp-json\/wp\/v2\/tags?post=608370"}],"curies":[{"name":"wp","href":"https:\/\/api.w.org\/{rel}","templated":true}]}}