{"id":608505,"date":"2025-09-05T17:11:35","date_gmt":"2025-09-05T15:11:35","guid":{"rendered":"https:\/\/dicodusport.fr\/blog\/?p=608505&#038;preview=true&#038;preview_id=608505"},"modified":"2025-09-05T20:21:47","modified_gmt":"2025-09-05T18:21:47","slug":"13eme-etape-tour-despagne-2025-joao-almeida-devance-jonas-vingegaard-au-sommet-de-langliru","status":"publish","type":"post","link":"https:\/\/dicodusport.fr\/blog\/13eme-etape-tour-despagne-2025-joao-almeida-devance-jonas-vingegaard-au-sommet-de-langliru\/","title":{"rendered":"13\u00e8me \u00e9tape Tour d&rsquo;Espagne 2025 : Jo\u00e3o Almeida devance Jonas Vingegaard au sommet de l&rsquo;Angliru"},"content":{"rendered":"<p style=\"text-align: justify;\"><strong><em>TOUR DE L&rsquo;ESPAGNE 2025 &#8211; Jo\u00e3o Almeida (UAE Team Emirates XRG) s&rsquo;est impos\u00e9 au sommet de l&rsquo;Angliru sur la treizi\u00e8me \u00e9tape, vendredi, devant Jonas Vingegaard (Visma Lease a Bike) qui conserve le maillot rouge de leader du g\u00e9n\u00e9ral.<\/em><\/strong><\/p>\n<p style=\"text-align: justify;\">La <strong>13\u00e8me \u00e9tape<\/strong> \u00e9tait une des plus longues de La Vuelta 2025, avec <strong>202 kilom\u00e8tres<\/strong> au programme, avec l&rsquo;arriv\u00e9e la plus raide de cette \u00e9dition \u00e0 l&rsquo;<strong>Angliru<\/strong> et pas moins de <strong>4 000 m\u00e8tres de d\u00e9nivel\u00e9 positif<\/strong>.<\/p>\n<ul style=\"text-align: justify;\">\n<li><strong>\u00c0 ce sujet \u2013\u00a0<a href=\"https:\/\/dicodusport.fr\/blog\/13eme-etape-tour-despagne-2025-classement-et-resultats\/\">Vuelta : Classement de la 13\u00e8me \u00e9tape Tour d\u2019Espagne 2025<\/a><\/strong><\/li>\n<\/ul>\n<p style=\"text-align: justify;\">D&rsquo;abord, la course est partie \u00e0 vive allure avec 51,6 km\/h de moyenne apr\u00e8s la premi\u00e8re heure de course pour permettre \u00e0 26 coureurs de former l&rsquo;\u00e9chapp\u00e9e matinale : <strong>Mads Pedersen<\/strong> (Lidl-Trek), <strong>Jefferson Cepeda, Marcel Hessmann<\/strong> (Movistar), <strong>Tim Van Dijke<\/strong> (Red Bull-Bora-Hansgrohe), <strong>Gianmarco Garofoli<\/strong> (Soudal Quick-Step), <strong>Bob Jungels<\/strong> (INEOS Grenadiers), <strong>Edward Planckaert<\/strong> (Alpecin-Deceuninck), <strong>Antonio Tiberi, Roman Ermakov<\/strong> (Bahrain Victorious), <strong>Nickolas Zukowsky, David Gonzalez<\/strong> (Q36.5 Pro Cycling), <strong>Nicolas Vinokurov<\/strong> (XDS Astana), <strong>Braz Afonso, R\u00e9mi Cavagna<\/strong> (Groupama FDJ), <strong>Thomas Silva, Joel Nicolau<\/strong> (Caja Rural-Seguros RGA), <strong>Anders Foldager<\/strong> (Jayco AlUla), <strong>L\u00e9andre Lozouet, Pierre Thierry<\/strong> (Ark\u00e9a-B&amp;B Hotels), <strong>Huub Artz, Kamiel Bonneu<\/strong> (Intermarch\u00e9-Wanty),<strong> Jonas Gregaard<\/strong> (Lotto), <strong>Jos\u00e9 Luis Faura<\/strong> (Burgos Burpellet BH), <strong>Ethan Vernon<\/strong> (Israel Premier Tech), <strong>Christopher Hamilton<\/strong> (Team Picnic PostNL) et <strong>Ivo Oliveira<\/strong> (UAE Team Emirates XRG).<\/p>\n<p style=\"text-align: justify;\">Ensuite, la Visma Lease a Bike a contr\u00f4l\u00e9 l&rsquo;\u00e9cart autour des 3 minutes 30. Puis, <strong>Bob Jungels, Antonio Tiberi, Nicolas Vinokourov, Jefferson Cepeda<\/strong> et <strong>Gianmarco Garofoli<\/strong> ont fait exploser l&rsquo;\u00e9chapp\u00e9e dans l&rsquo;Alto de La Mozqueta. Le maillot vert <strong>Mads Pedersen<\/strong> a recoll\u00e9 au groupe de t\u00eate dans la descente alors qu&rsquo;<strong>Antonio Tiberi<\/strong> a \u00e9t\u00e9 victime d&rsquo;une crevaison. <strong>Mads Pedersen<\/strong> est pass\u00e9 en t\u00eate au sprint interm\u00e9diaire de La Vega avant de se relever.<\/p>\n<h2 style=\"text-align: justify;\">Duel au sommet<\/h2>\n<p style=\"text-align: justify;\">Par la suite, l&rsquo;\u00e9quipe UAE Team Emirates a impos\u00e9 un gros tempo au sein du peloton dans l&rsquo;Alto del Cordal. L&rsquo;\u00e9cart n&rsquo;\u00e9tait de moins de 2 minutes au moment d&rsquo;attaquer la mont\u00e9e finale. <strong>Bob Jungels<\/strong> a distanc\u00e9 <strong>Jefferson Cepeda<\/strong> et <strong>Nicolas Vinokourov<\/strong>. Au sein du peloton, le rythme impos\u00e9 par l&rsquo;\u00e9quipe UAE Team Emirates a mis en difficult\u00e9 de nombreux coureurs comme <strong>Egan Bernal<\/strong> (INEOS Grenadiers). Le Colombien a c\u00e9d\u00e9 au final plus de 4 minutes.<\/p>\n<ul>\n<li><strong>\u00c0 ce sujet \u2013\u00a0<a href=\"https:\/\/dicodusport.fr\/blog\/vuelta-classement-general-tour-despagne-2025-mis-a-jour\/\" rel=\"\">Vuelta : Classement g\u00e9n\u00e9ral Tour d\u2019Espagne 2025 mis \u00e0 jour<\/a><\/strong><\/li>\n<\/ul>\n<p style=\"text-align: justify;\">Puis, <strong>Jo\u00e3o Almeida<\/strong> (UAE Team Emirates XRG) a impos\u00e9 son train pour d\u00e9passer <strong>Bob Jungels<\/strong>, \u00e0 5 kilom\u00e8tres de l&rsquo;arriv\u00e9e. Le coureur portugais est accompagn\u00e9 de <strong>Jai Hindley<\/strong> (Red Bull-Bora-Hansgrohe), <strong>Sepp Kuss<\/strong> et <strong>Jonas Vingegaard<\/strong> (Visma Lease a Bike).L&rsquo;Australien et l&rsquo;Am\u00e9ricain n&rsquo;ont pas pu suivre, \u00e0 4 kilom\u00e8tres du terme. Dans les plus forts pourcentages, <strong>Felix Gall<\/strong> (Decathlon AG2r La Mondiale) s&rsquo;est retrouv\u00e9 seul \u00e0 un troisi\u00e8me \u00e9chelon de la course alors que<strong> Jonas Vingegaard<\/strong> est rest\u00e9 dans le sillage de <strong>Jo\u00e3o Almeida<\/strong>, tout au long de l&rsquo;ascension.<\/p>\n<blockquote class=\"twitter-tweet\">\n<p dir=\"ltr\" lang=\"fr\">Jo\u00e3o Almeida vainqueur devant Jonas Vingegaard \u00e0 l&rsquo;Angliru ! Le Danois reste maillot rouge de <a href=\"https:\/\/twitter.com\/hashtag\/LaVuelta25?src=hash&amp;ref_src=twsrc%5Etfw\">#LaVuelta25<\/a> avec 46 secondes d&rsquo;avance sur le Portugais <a href=\"https:\/\/twitter.com\/hashtag\/LesRP?src=hash&amp;ref_src=twsrc%5Etfw\">#LesRP<\/a> <a href=\"https:\/\/t.co\/rRyJFs1bVi\">pic.twitter.com\/rRyJFs1bVi<\/a><\/p>\n<p>\u2014 Eurosport France (@Eurosport_FR) <a href=\"https:\/\/twitter.com\/Eurosport_FR\/status\/1963983955532599383?ref_src=twsrc%5Etfw\">September 5, 2025<\/a><\/p><\/blockquote>\n<p style=\"text-align: justify;\"><script async src=\"https:\/\/platform.twitter.com\/widgets.js\" charset=\"utf-8\"><\/script><\/p>\n<p style=\"text-align: justify;\">Finalement, <strong>Jo\u00e3o Almeida<\/strong> s&rsquo;est impos\u00e9 devant <strong>Jonas Vingegaard<\/strong> pour signer le sixi\u00e8me succ\u00e8s de son \u00e9quipe sur ce 80\u00e8me Tour d&rsquo;Espagne. <strong>Jai Hindley<\/strong> a pris la troisi\u00e8me place \u00e0 28 secondes devant <strong>Sepp Kuss<\/strong>. Auteur d&rsquo;une solide fin de mont\u00e9e, <strong>Felix Gall<\/strong> a termin\u00e9 5e \u00e0 52 secondes. Dans la bataille pour le maillot blanc,<strong> Giulio Pellizzari<\/strong> (Red Bull Bora Hansgrohe) a pris 5 secondes \u00e0 <strong>Matthew Riccitello<\/strong> (Israel &#8211; Premier Tech). Incapable de suivre le rythme des meilleurs, <strong>Tom Pidcock<\/strong> (Q36.5 Pro Cycling) a limit\u00e9 la casse pour terminer \u00e0 1 minute 16.<\/p>\n<p style=\"text-align: justify;\">Au classement g\u00e9n\u00e9ral, <strong>Jonas Vingegaard<\/strong> compte 46 secondes d&rsquo;avance sur <strong>Jo\u00e3o Almeida<\/strong>. <strong>Tom Pidcock<\/strong> garde sa troisi\u00e8me place \u00e0 2 minutes 18. <strong>Jai Hindley<\/strong> a fait la bonne op\u00e9ration du jour en remontant \u00e0 la quatri\u00e8me place \u00e0 3 minutes devant <strong>Felix Gall<\/strong>, cinqui\u00e8me \u00e0 3 minutes 15.<\/p>\n<div class=\"flex items-center gap-4 py-0.5 border-b last:border-none border-gray\" style=\"text-align: justify;\">\n<hr \/>\n<\/div>\n<ul style=\"text-align: justify;\">\n<li style=\"text-align: justify;\"><strong>\u00c0 ce sujet \u2013\u00a0<a href=\"https:\/\/dicodusport.fr\/blog\/actualites\/cyclisme\/cyclisme-sur-route-2024\/\">L\u2019actualit\u00e9 du cyclisme<\/a><\/strong><\/li>\n<\/ul>\n<div class=\"vlp-link-container vlp-layout-article\"><a href=\"https:\/\/dicodusport.fr\/blog\/cyclisme-mercato-2025-2026-le-tableau-des-transferts\/\" class=\"vlp-link\" title=\"Cyclisme Mercato 2025-2026 - Le tableau des transferts\"><\/a><div class=\"vlp-layout-zone-side\"><div class=\"vlp-block-4 vlp-link-image\"><img loading=\"lazy\" decoding=\"async\" style=\"max-width: 792px;\" width=\"792\" height=\"445\" src=\"https:\/\/dicodusport.fr\/blog\/wp-content\/uploads\/2025\/02\/Cyclisme-Mercato-2025-2026-Le-tableau-des-transferts.png\" class=\"attachment-800x445 size-800x445\" alt=\"Cyclisme Mercato 2025-2026 - Le tableau des transferts\" srcset=\"https:\/\/dicodusport.fr\/blog\/wp-content\/uploads\/2025\/02\/Cyclisme-Mercato-2025-2026-Le-tableau-des-transferts.png 1200w, https:\/\/dicodusport.fr\/blog\/wp-content\/uploads\/2025\/02\/Cyclisme-Mercato-2025-2026-Le-tableau-des-transferts-300x169.png 300w, https:\/\/dicodusport.fr\/blog\/wp-content\/uploads\/2025\/02\/Cyclisme-Mercato-2025-2026-Le-tableau-des-transferts-1024x575.png 1024w, https:\/\/dicodusport.fr\/blog\/wp-content\/uploads\/2025\/02\/Cyclisme-Mercato-2025-2026-Le-tableau-des-transferts-768x431.png 768w\" sizes=\"auto, (max-width: 792px) 100vw, 792px\" \/><\/div><\/div><div class=\"vlp-layout-zone-main\"><div class=\"vlp-block-0 vlp-link-title\">Cyclisme Mercato 2025-2026 - Le tableau des transferts<\/div><div class=\"vlp-block-1 vlp-link-summary\">MERCATO CYCLISME 2025-2026 - D\u00e9couvrez les transferts officiels et les rumeurs du mercato cycliste.<\/div><div class=\"vlp-block-2 vlp-link-button\">Lire l'article<\/div><div class=\"vlp-block-3 vlp-link-url\">dicodusport.fr<\/div><\/div><\/div>\n","protected":false},"excerpt":{"rendered":"<p>TOUR DE L&rsquo;ESPAGNE 2025 &#8211; Jo\u00e3o Almeida (UAE Team Emirates XRG) s&rsquo;est impos\u00e9 au sommet de l&rsquo;Angliru sur la treizi\u00e8me \u00e9tape, vendredi, devant Jonas Vingegaard (Visma Lease a Bike) qui conserve le maillot rouge de leader du g\u00e9n\u00e9ral.<\/p>\n","protected":false},"author":48,"featured_media":608621,"comment_status":"open","ping_status":"closed","sticky":false,"template":"","format":"standard","meta":{"_acf_changed":false,"_daextam_enable_autolinks":"1","footnotes":""},"categories":[47042],"tags":[16878,574,11197,24,1671,1670],"class_list":["post-608505","post","type-post","status-publish","format-standard","has-post-thumbnail","hentry","category-tour-d-espagne","tag-breve","tag-cyclisme","tag-cyclisme-sur-route","tag-sport","tag-tour-despagne","tag-vuelta"],"acf":[],"yoast_head":"<!-- This site is optimized with the Yoast SEO Premium plugin v26.7 (Yoast SEO v26.7) - https:\/\/yoast.com\/wordpress\/plugins\/seo\/ -->\n<title>13\u00e8me \u00e9tape Tour d&#039;Espagne 2025 : Jo\u00e3o Almeida devance Jonas Vingegaard au sommet de l&#039;Angliru<\/title>\n<meta name=\"description\" content=\"TOUR DE L&#039;ESPAGNE 2025 - Jo\u00e3o Almeida s&#039;est impos\u00e9 au sommet de l&#039;Angliru devant Jonas Vingegaard, qui conserve le maillot rouge.\" \/>\n<meta name=\"robots\" content=\"index, follow, max-snippet:-1, max-image-preview:large, max-video-preview:-1\" \/>\n<link rel=\"canonical\" href=\"https:\/\/dicodusport.fr\/blog\/13eme-etape-tour-despagne-2025-joao-almeida-devance-jonas-vingegaard-au-sommet-de-langliru\/\" \/>\n<meta property=\"og:locale\" content=\"fr_FR\" \/>\n<meta property=\"og:type\" content=\"article\" \/>\n<meta property=\"og:title\" content=\"13\u00e8me \u00e9tape Tour d&#039;Espagne 2025 : Jo\u00e3o Almeida devance Jonas Vingegaard au sommet de l&#039;Angliru\" \/>\n<meta property=\"og:description\" content=\"TOUR DE L&#039;ESPAGNE 2025 - Jo\u00e3o Almeida s&#039;est impos\u00e9 au sommet de l&#039;Angliru devant Jonas Vingegaard, qui conserve le maillot rouge.\" \/>\n<meta property=\"og:url\" content=\"https:\/\/dicodusport.fr\/blog\/13eme-etape-tour-despagne-2025-joao-almeida-devance-jonas-vingegaard-au-sommet-de-langliru\/\" \/>\n<meta property=\"og:site_name\" content=\"Dicodusport\" \/>\n<meta property=\"article:publisher\" content=\"https:\/\/www.facebook.com\/dicodusport\" \/>\n<meta property=\"article:author\" content=\"https:\/\/www.facebook.com\/groups\/LesRoisDuPeloton\" \/>\n<meta property=\"article:published_time\" content=\"2025-09-05T15:11:35+00:00\" \/>\n<meta property=\"article:modified_time\" content=\"2025-09-05T18:21:47+00:00\" \/>\n<meta property=\"og:image\" content=\"https:\/\/dicodusport.fr\/blog\/wp-content\/uploads\/2025\/09\/13eme-etape-Tour-dEspagne-2025-Joao-Almeida-devance-Jonas-Vingegaard-au-sommet-de-lAngliru-1.png\" \/>\n\t<meta property=\"og:image:width\" content=\"1200\" \/>\n\t<meta property=\"og:image:height\" content=\"674\" \/>\n\t<meta property=\"og:image:type\" content=\"image\/png\" \/>\n<meta name=\"author\" content=\"Emilien Descampiaux\" \/>\n<meta name=\"twitter:card\" content=\"summary_large_image\" \/>\n<meta name=\"twitter:creator\" content=\"@https:\/\/twitter.com\/LRoisDuPeloton\" \/>\n<meta name=\"twitter:site\" content=\"@dicodusport\" \/>\n<script type=\"application\/ld+json\" class=\"yoast-schema-graph\">{\"@context\":\"https:\/\/schema.org\",\"@graph\":[{\"@type\":\"NewsArticle\",\"@id\":\"https:\/\/dicodusport.fr\/blog\/13eme-etape-tour-despagne-2025-joao-almeida-devance-jonas-vingegaard-au-sommet-de-langliru\/#article\",\"isPartOf\":{\"@id\":\"https:\/\/dicodusport.fr\/blog\/13eme-etape-tour-despagne-2025-joao-almeida-devance-jonas-vingegaard-au-sommet-de-langliru\/\"},\"author\":{\"name\":\"Emilien Descampiaux\",\"@id\":\"https:\/\/dicodusport.fr\/blog\/#\/schema\/person\/6db4bae06b171592211be385b32876a7\"},\"headline\":\"13\u00e8me \u00e9tape Tour d&rsquo;Espagne 2025 : Jo\u00e3o Almeida devance Jonas Vingegaard au sommet de l&rsquo;Angliru\",\"datePublished\":\"2025-09-05T15:11:35+00:00\",\"dateModified\":\"2025-09-05T18:21:47+00:00\",\"mainEntityOfPage\":{\"@id\":\"https:\/\/dicodusport.fr\/blog\/13eme-etape-tour-despagne-2025-joao-almeida-devance-jonas-vingegaard-au-sommet-de-langliru\/\"},\"wordCount\":778,\"commentCount\":0,\"publisher\":{\"@id\":\"https:\/\/dicodusport.fr\/blog\/#organization\"},\"image\":{\"@id\":\"https:\/\/dicodusport.fr\/blog\/13eme-etape-tour-despagne-2025-joao-almeida-devance-jonas-vingegaard-au-sommet-de-langliru\/#primaryimage\"},\"thumbnailUrl\":\"https:\/\/dicodusport.fr\/blog\/wp-content\/uploads\/2025\/09\/13eme-etape-Tour-dEspagne-2025-Joao-Almeida-devance-Jonas-Vingegaard-au-sommet-de-lAngliru-1.png\",\"keywords\":[\"br\u00e8ve\",\"Cyclisme\",\"Cyclisme sur route\",\"sport\",\"Tour d'Espagne\",\"Vuelta\"],\"articleSection\":[\"Tour d'Espagne\"],\"inLanguage\":\"fr-FR\",\"potentialAction\":[{\"@type\":\"CommentAction\",\"name\":\"Comment\",\"target\":[\"https:\/\/dicodusport.fr\/blog\/13eme-etape-tour-despagne-2025-joao-almeida-devance-jonas-vingegaard-au-sommet-de-langliru\/#respond\"]}],\"copyrightYear\":\"2025\",\"copyrightHolder\":{\"@id\":\"https:\/\/dicodusport.fr\/blog\/#organization\"}},{\"@type\":\"WebPage\",\"@id\":\"https:\/\/dicodusport.fr\/blog\/13eme-etape-tour-despagne-2025-joao-almeida-devance-jonas-vingegaard-au-sommet-de-langliru\/\",\"url\":\"https:\/\/dicodusport.fr\/blog\/13eme-etape-tour-despagne-2025-joao-almeida-devance-jonas-vingegaard-au-sommet-de-langliru\/\",\"name\":\"13\u00e8me \u00e9tape Tour d'Espagne 2025 : Jo\u00e3o Almeida devance Jonas Vingegaard au sommet de l'Angliru\",\"isPartOf\":{\"@id\":\"https:\/\/dicodusport.fr\/blog\/#website\"},\"primaryImageOfPage\":{\"@id\":\"https:\/\/dicodusport.fr\/blog\/13eme-etape-tour-despagne-2025-joao-almeida-devance-jonas-vingegaard-au-sommet-de-langliru\/#primaryimage\"},\"image\":{\"@id\":\"https:\/\/dicodusport.fr\/blog\/13eme-etape-tour-despagne-2025-joao-almeida-devance-jonas-vingegaard-au-sommet-de-langliru\/#primaryimage\"},\"thumbnailUrl\":\"https:\/\/dicodusport.fr\/blog\/wp-content\/uploads\/2025\/09\/13eme-etape-Tour-dEspagne-2025-Joao-Almeida-devance-Jonas-Vingegaard-au-sommet-de-lAngliru-1.png\",\"datePublished\":\"2025-09-05T15:11:35+00:00\",\"dateModified\":\"2025-09-05T18:21:47+00:00\",\"description\":\"TOUR DE L'ESPAGNE 2025 - Jo\u00e3o Almeida s'est impos\u00e9 au sommet de l'Angliru devant Jonas Vingegaard, qui conserve le maillot rouge.\",\"breadcrumb\":{\"@id\":\"https:\/\/dicodusport.fr\/blog\/13eme-etape-tour-despagne-2025-joao-almeida-devance-jonas-vingegaard-au-sommet-de-langliru\/#breadcrumb\"},\"inLanguage\":\"fr-FR\",\"potentialAction\":[{\"@type\":\"ReadAction\",\"target\":[\"https:\/\/dicodusport.fr\/blog\/13eme-etape-tour-despagne-2025-joao-almeida-devance-jonas-vingegaard-au-sommet-de-langliru\/\"]}]},{\"@type\":\"ImageObject\",\"inLanguage\":\"fr-FR\",\"@id\":\"https:\/\/dicodusport.fr\/blog\/13eme-etape-tour-despagne-2025-joao-almeida-devance-jonas-vingegaard-au-sommet-de-langliru\/#primaryimage\",\"url\":\"https:\/\/dicodusport.fr\/blog\/wp-content\/uploads\/2025\/09\/13eme-etape-Tour-dEspagne-2025-Joao-Almeida-devance-Jonas-Vingegaard-au-sommet-de-lAngliru-1.png\",\"contentUrl\":\"https:\/\/dicodusport.fr\/blog\/wp-content\/uploads\/2025\/09\/13eme-etape-Tour-dEspagne-2025-Joao-Almeida-devance-Jonas-Vingegaard-au-sommet-de-lAngliru-1.png\",\"width\":1200,\"height\":674,\"caption\":\"13\u00e8me \u00e9tape Tour d'Espagne 2025 Joao Almeida devance Jonas Vingegaard au sommet de l'Angliru\"},{\"@type\":\"BreadcrumbList\",\"@id\":\"https:\/\/dicodusport.fr\/blog\/13eme-etape-tour-despagne-2025-joao-almeida-devance-jonas-vingegaard-au-sommet-de-langliru\/#breadcrumb\",\"itemListElement\":[{\"@type\":\"ListItem\",\"position\":1,\"name\":\"Accueil\",\"item\":\"https:\/\/dicodusport.fr\/blog\/\"},{\"@type\":\"ListItem\",\"position\":2,\"name\":\"13\u00e8me \u00e9tape Tour d&rsquo;Espagne 2025 : Jo\u00e3o Almeida devance Jonas Vingegaard au sommet de l&rsquo;Angliru\"}]},{\"@type\":\"WebSite\",\"@id\":\"https:\/\/dicodusport.fr\/blog\/#website\",\"url\":\"https:\/\/dicodusport.fr\/blog\/\",\"name\":\"Dicodusport\",\"description\":\"L&#039;encyclop\u00e9die de l&#039;actualit\u00e9 sportive\",\"publisher\":{\"@id\":\"https:\/\/dicodusport.fr\/blog\/#organization\"},\"potentialAction\":[{\"@type\":\"SearchAction\",\"target\":{\"@type\":\"EntryPoint\",\"urlTemplate\":\"https:\/\/dicodusport.fr\/blog\/?s={search_term_string}\"},\"query-input\":{\"@type\":\"PropertyValueSpecification\",\"valueRequired\":true,\"valueName\":\"search_term_string\"}}],\"inLanguage\":\"fr-FR\"},{\"@type\":\"NewsMediaOrganization\",\"@id\":\"https:\/\/dicodusport.fr\/blog\/#organization\",\"name\":\"Dicodusport\",\"url\":\"https:\/\/dicodusport.fr\/blog\/\",\"logo\":{\"@type\":\"ImageObject\",\"inLanguage\":\"fr-FR\",\"@id\":\"https:\/\/dicodusport.fr\/blog\/#\/schema\/logo\/image\/\",\"url\":\"https:\/\/dicodusport.fr\/blog\/wp-content\/uploads\/2020\/06\/cropped-LOGO-DICODUSPORT-2020-SANS-FOND-SANS-TEXTE.png\",\"contentUrl\":\"https:\/\/dicodusport.fr\/blog\/wp-content\/uploads\/2020\/06\/cropped-LOGO-DICODUSPORT-2020-SANS-FOND-SANS-TEXTE.png\",\"width\":512,\"height\":512,\"caption\":\"Dicodusport\"},\"image\":{\"@id\":\"https:\/\/dicodusport.fr\/blog\/#\/schema\/logo\/image\/\"},\"sameAs\":[\"https:\/\/www.facebook.com\/dicodusport\",\"https:\/\/x.com\/dicodusport\",\"https:\/\/www.instagram.com\/dicodusport\/\",\"https:\/\/www.youtube.com\/channel\/UC7V2KZ5sd3htJivAbA4ZG3w\"],\"description\":\"Dicodusport est l'encyclop\u00e9die de l'actualit\u00e9 sportive.\",\"email\":\"bonjour@dicodusport.fr\",\"legalName\":\"DICODUSPORT\",\"foundingDate\":\"2018-01-14\",\"vatID\":\"FR71834470973\",\"taxID\":\"83447097300043\",\"numberOfEmployees\":{\"@type\":\"QuantitativeValue\",\"minValue\":\"1\",\"maxValue\":\"10\"}},{\"@type\":\"Person\",\"@id\":\"https:\/\/dicodusport.fr\/blog\/#\/schema\/person\/6db4bae06b171592211be385b32876a7\",\"name\":\"Emilien Descampiaux\",\"image\":{\"@type\":\"ImageObject\",\"inLanguage\":\"fr-FR\",\"@id\":\"https:\/\/dicodusport.fr\/blog\/#\/schema\/person\/image\/\",\"url\":\"https:\/\/dicodusport.fr\/blog\/wp-content\/uploads\/2021\/05\/Emilien-Descampiaux-150x150.jpg\",\"contentUrl\":\"https:\/\/dicodusport.fr\/blog\/wp-content\/uploads\/2021\/05\/Emilien-Descampiaux-150x150.jpg\",\"caption\":\"Emilien Descampiaux\"},\"description\":\"Journaliste\/r\u00e9dacteur depuis 2014 - Fan de la classe de Frank Vandenbroucke, je vis cyclisme (et de ses paysages) depuis plus de 20 ans. Je suis tr\u00e8s impliqu\u00e9 sur mes diff\u00e9rents r\u00e9seaux sociaux pour partager ma passion sur le monde et l'Histoire de la bicyclette avec ma voix sur les images en noir et blanc du succ\u00e8s de Rik Van Steenbergen lors du Ronde sur le V\u00e9lodrome de Gand.\",\"sameAs\":[\"https:\/\/www.facebook.com\/groups\/LesRoisDuPeloton\",\"https:\/\/x.com\/https:\/\/twitter.com\/LRoisDuPeloton\"],\"url\":\"https:\/\/dicodusport.fr\/blog\/author\/emiliend\/\"}]}<\/script>\n<!-- \/ Yoast SEO Premium plugin. -->","yoast_head_json":{"title":"13\u00e8me \u00e9tape Tour d'Espagne 2025 : Jo\u00e3o Almeida devance Jonas Vingegaard au sommet de l'Angliru","description":"TOUR DE L'ESPAGNE 2025 - Jo\u00e3o Almeida s'est impos\u00e9 au sommet de l'Angliru devant Jonas Vingegaard, qui conserve le maillot rouge.","robots":{"index":"index","follow":"follow","max-snippet":"max-snippet:-1","max-image-preview":"max-image-preview:large","max-video-preview":"max-video-preview:-1"},"canonical":"https:\/\/dicodusport.fr\/blog\/13eme-etape-tour-despagne-2025-joao-almeida-devance-jonas-vingegaard-au-sommet-de-langliru\/","og_locale":"fr_FR","og_type":"article","og_title":"13\u00e8me \u00e9tape Tour d'Espagne 2025 : Jo\u00e3o Almeida devance Jonas Vingegaard au sommet de l'Angliru","og_description":"TOUR DE L'ESPAGNE 2025 - Jo\u00e3o Almeida s'est impos\u00e9 au sommet de l'Angliru devant Jonas Vingegaard, qui conserve le maillot rouge.","og_url":"https:\/\/dicodusport.fr\/blog\/13eme-etape-tour-despagne-2025-joao-almeida-devance-jonas-vingegaard-au-sommet-de-langliru\/","og_site_name":"Dicodusport","article_publisher":"https:\/\/www.facebook.com\/dicodusport","article_author":"https:\/\/www.facebook.com\/groups\/LesRoisDuPeloton","article_published_time":"2025-09-05T15:11:35+00:00","article_modified_time":"2025-09-05T18:21:47+00:00","og_image":[{"width":1200,"height":674,"url":"https:\/\/dicodusport.fr\/blog\/wp-content\/uploads\/2025\/09\/13eme-etape-Tour-dEspagne-2025-Joao-Almeida-devance-Jonas-Vingegaard-au-sommet-de-lAngliru-1.png","type":"image\/png"}],"author":"Emilien Descampiaux","twitter_card":"summary_large_image","twitter_creator":"@https:\/\/twitter.com\/LRoisDuPeloton","twitter_site":"@dicodusport","schema":{"@context":"https:\/\/schema.org","@graph":[{"@type":"NewsArticle","@id":"https:\/\/dicodusport.fr\/blog\/13eme-etape-tour-despagne-2025-joao-almeida-devance-jonas-vingegaard-au-sommet-de-langliru\/#article","isPartOf":{"@id":"https:\/\/dicodusport.fr\/blog\/13eme-etape-tour-despagne-2025-joao-almeida-devance-jonas-vingegaard-au-sommet-de-langliru\/"},"author":{"name":"Emilien Descampiaux","@id":"https:\/\/dicodusport.fr\/blog\/#\/schema\/person\/6db4bae06b171592211be385b32876a7"},"headline":"13\u00e8me \u00e9tape Tour d&rsquo;Espagne 2025 : Jo\u00e3o Almeida devance Jonas Vingegaard au sommet de l&rsquo;Angliru","datePublished":"2025-09-05T15:11:35+00:00","dateModified":"2025-09-05T18:21:47+00:00","mainEntityOfPage":{"@id":"https:\/\/dicodusport.fr\/blog\/13eme-etape-tour-despagne-2025-joao-almeida-devance-jonas-vingegaard-au-sommet-de-langliru\/"},"wordCount":778,"commentCount":0,"publisher":{"@id":"https:\/\/dicodusport.fr\/blog\/#organization"},"image":{"@id":"https:\/\/dicodusport.fr\/blog\/13eme-etape-tour-despagne-2025-joao-almeida-devance-jonas-vingegaard-au-sommet-de-langliru\/#primaryimage"},"thumbnailUrl":"https:\/\/dicodusport.fr\/blog\/wp-content\/uploads\/2025\/09\/13eme-etape-Tour-dEspagne-2025-Joao-Almeida-devance-Jonas-Vingegaard-au-sommet-de-lAngliru-1.png","keywords":["br\u00e8ve","Cyclisme","Cyclisme sur route","sport","Tour d'Espagne","Vuelta"],"articleSection":["Tour d'Espagne"],"inLanguage":"fr-FR","potentialAction":[{"@type":"CommentAction","name":"Comment","target":["https:\/\/dicodusport.fr\/blog\/13eme-etape-tour-despagne-2025-joao-almeida-devance-jonas-vingegaard-au-sommet-de-langliru\/#respond"]}],"copyrightYear":"2025","copyrightHolder":{"@id":"https:\/\/dicodusport.fr\/blog\/#organization"}},{"@type":"WebPage","@id":"https:\/\/dicodusport.fr\/blog\/13eme-etape-tour-despagne-2025-joao-almeida-devance-jonas-vingegaard-au-sommet-de-langliru\/","url":"https:\/\/dicodusport.fr\/blog\/13eme-etape-tour-despagne-2025-joao-almeida-devance-jonas-vingegaard-au-sommet-de-langliru\/","name":"13\u00e8me \u00e9tape Tour d'Espagne 2025 : Jo\u00e3o Almeida devance Jonas Vingegaard au sommet de l'Angliru","isPartOf":{"@id":"https:\/\/dicodusport.fr\/blog\/#website"},"primaryImageOfPage":{"@id":"https:\/\/dicodusport.fr\/blog\/13eme-etape-tour-despagne-2025-joao-almeida-devance-jonas-vingegaard-au-sommet-de-langliru\/#primaryimage"},"image":{"@id":"https:\/\/dicodusport.fr\/blog\/13eme-etape-tour-despagne-2025-joao-almeida-devance-jonas-vingegaard-au-sommet-de-langliru\/#primaryimage"},"thumbnailUrl":"https:\/\/dicodusport.fr\/blog\/wp-content\/uploads\/2025\/09\/13eme-etape-Tour-dEspagne-2025-Joao-Almeida-devance-Jonas-Vingegaard-au-sommet-de-lAngliru-1.png","datePublished":"2025-09-05T15:11:35+00:00","dateModified":"2025-09-05T18:21:47+00:00","description":"TOUR DE L'ESPAGNE 2025 - Jo\u00e3o Almeida s'est impos\u00e9 au sommet de l'Angliru devant Jonas Vingegaard, qui conserve le maillot rouge.","breadcrumb":{"@id":"https:\/\/dicodusport.fr\/blog\/13eme-etape-tour-despagne-2025-joao-almeida-devance-jonas-vingegaard-au-sommet-de-langliru\/#breadcrumb"},"inLanguage":"fr-FR","potentialAction":[{"@type":"ReadAction","target":["https:\/\/dicodusport.fr\/blog\/13eme-etape-tour-despagne-2025-joao-almeida-devance-jonas-vingegaard-au-sommet-de-langliru\/"]}]},{"@type":"ImageObject","inLanguage":"fr-FR","@id":"https:\/\/dicodusport.fr\/blog\/13eme-etape-tour-despagne-2025-joao-almeida-devance-jonas-vingegaard-au-sommet-de-langliru\/#primaryimage","url":"https:\/\/dicodusport.fr\/blog\/wp-content\/uploads\/2025\/09\/13eme-etape-Tour-dEspagne-2025-Joao-Almeida-devance-Jonas-Vingegaard-au-sommet-de-lAngliru-1.png","contentUrl":"https:\/\/dicodusport.fr\/blog\/wp-content\/uploads\/2025\/09\/13eme-etape-Tour-dEspagne-2025-Joao-Almeida-devance-Jonas-Vingegaard-au-sommet-de-lAngliru-1.png","width":1200,"height":674,"caption":"13\u00e8me \u00e9tape Tour d'Espagne 2025 Joao Almeida devance Jonas Vingegaard au sommet de l'Angliru"},{"@type":"BreadcrumbList","@id":"https:\/\/dicodusport.fr\/blog\/13eme-etape-tour-despagne-2025-joao-almeida-devance-jonas-vingegaard-au-sommet-de-langliru\/#breadcrumb","itemListElement":[{"@type":"ListItem","position":1,"name":"Accueil","item":"https:\/\/dicodusport.fr\/blog\/"},{"@type":"ListItem","position":2,"name":"13\u00e8me \u00e9tape Tour d&rsquo;Espagne 2025 : Jo\u00e3o Almeida devance Jonas Vingegaard au sommet de l&rsquo;Angliru"}]},{"@type":"WebSite","@id":"https:\/\/dicodusport.fr\/blog\/#website","url":"https:\/\/dicodusport.fr\/blog\/","name":"Dicodusport","description":"L&#039;encyclop\u00e9die de l&#039;actualit\u00e9 sportive","publisher":{"@id":"https:\/\/dicodusport.fr\/blog\/#organization"},"potentialAction":[{"@type":"SearchAction","target":{"@type":"EntryPoint","urlTemplate":"https:\/\/dicodusport.fr\/blog\/?s={search_term_string}"},"query-input":{"@type":"PropertyValueSpecification","valueRequired":true,"valueName":"search_term_string"}}],"inLanguage":"fr-FR"},{"@type":"NewsMediaOrganization","@id":"https:\/\/dicodusport.fr\/blog\/#organization","name":"Dicodusport","url":"https:\/\/dicodusport.fr\/blog\/","logo":{"@type":"ImageObject","inLanguage":"fr-FR","@id":"https:\/\/dicodusport.fr\/blog\/#\/schema\/logo\/image\/","url":"https:\/\/dicodusport.fr\/blog\/wp-content\/uploads\/2020\/06\/cropped-LOGO-DICODUSPORT-2020-SANS-FOND-SANS-TEXTE.png","contentUrl":"https:\/\/dicodusport.fr\/blog\/wp-content\/uploads\/2020\/06\/cropped-LOGO-DICODUSPORT-2020-SANS-FOND-SANS-TEXTE.png","width":512,"height":512,"caption":"Dicodusport"},"image":{"@id":"https:\/\/dicodusport.fr\/blog\/#\/schema\/logo\/image\/"},"sameAs":["https:\/\/www.facebook.com\/dicodusport","https:\/\/x.com\/dicodusport","https:\/\/www.instagram.com\/dicodusport\/","https:\/\/www.youtube.com\/channel\/UC7V2KZ5sd3htJivAbA4ZG3w"],"description":"Dicodusport est l'encyclop\u00e9die de l'actualit\u00e9 sportive.","email":"bonjour@dicodusport.fr","legalName":"DICODUSPORT","foundingDate":"2018-01-14","vatID":"FR71834470973","taxID":"83447097300043","numberOfEmployees":{"@type":"QuantitativeValue","minValue":"1","maxValue":"10"}},{"@type":"Person","@id":"https:\/\/dicodusport.fr\/blog\/#\/schema\/person\/6db4bae06b171592211be385b32876a7","name":"Emilien Descampiaux","image":{"@type":"ImageObject","inLanguage":"fr-FR","@id":"https:\/\/dicodusport.fr\/blog\/#\/schema\/person\/image\/","url":"https:\/\/dicodusport.fr\/blog\/wp-content\/uploads\/2021\/05\/Emilien-Descampiaux-150x150.jpg","contentUrl":"https:\/\/dicodusport.fr\/blog\/wp-content\/uploads\/2021\/05\/Emilien-Descampiaux-150x150.jpg","caption":"Emilien Descampiaux"},"description":"Journaliste\/r\u00e9dacteur depuis 2014 - Fan de la classe de Frank Vandenbroucke, je vis cyclisme (et de ses paysages) depuis plus de 20 ans. Je suis tr\u00e8s impliqu\u00e9 sur mes diff\u00e9rents r\u00e9seaux sociaux pour partager ma passion sur le monde et l'Histoire de la bicyclette avec ma voix sur les images en noir et blanc du succ\u00e8s de Rik Van Steenbergen lors du Ronde sur le V\u00e9lodrome de Gand.","sameAs":["https:\/\/www.facebook.com\/groups\/LesRoisDuPeloton","https:\/\/x.com\/https:\/\/twitter.com\/LRoisDuPeloton"],"url":"https:\/\/dicodusport.fr\/blog\/author\/emiliend\/"}]}},"_links":{"self":[{"href":"https:\/\/dicodusport.fr\/blog\/wp-json\/wp\/v2\/posts\/608505","targetHints":{"allow":["GET"]}}],"collection":[{"href":"https:\/\/dicodusport.fr\/blog\/wp-json\/wp\/v2\/posts"}],"about":[{"href":"https:\/\/dicodusport.fr\/blog\/wp-json\/wp\/v2\/types\/post"}],"author":[{"embeddable":true,"href":"https:\/\/dicodusport.fr\/blog\/wp-json\/wp\/v2\/users\/48"}],"replies":[{"embeddable":true,"href":"https:\/\/dicodusport.fr\/blog\/wp-json\/wp\/v2\/comments?post=608505"}],"version-history":[{"count":5,"href":"https:\/\/dicodusport.fr\/blog\/wp-json\/wp\/v2\/posts\/608505\/revisions"}],"predecessor-version":[{"id":608545,"href":"https:\/\/dicodusport.fr\/blog\/wp-json\/wp\/v2\/posts\/608505\/revisions\/608545"}],"wp:featuredmedia":[{"embeddable":true,"href":"https:\/\/dicodusport.fr\/blog\/wp-json\/wp\/v2\/media\/608621"}],"wp:attachment":[{"href":"https:\/\/dicodusport.fr\/blog\/wp-json\/wp\/v2\/media?parent=608505"}],"wp:term":[{"taxonomy":"category","embeddable":true,"href":"https:\/\/dicodusport.fr\/blog\/wp-json\/wp\/v2\/categories?post=608505"},{"taxonomy":"post_tag","embeddable":true,"href":"https:\/\/dicodusport.fr\/blog\/wp-json\/wp\/v2\/tags?post=608505"}],"curies":[{"name":"wp","href":"https:\/\/api.w.org\/{rel}","templated":true}]}}