{"id":608715,"date":"2025-09-06T13:58:25","date_gmt":"2025-09-06T11:58:25","guid":{"rendered":"https:\/\/dicodusport.fr\/blog\/?p=608715&#038;preview=true&#038;preview_id=608715"},"modified":"2025-09-06T13:58:25","modified_gmt":"2025-09-06T11:58:25","slug":"vtt-championnats-du-monde-2025-double-americain-pour-kate-courtney-et-keegan-swenson-en-vtt-marathon","status":"publish","type":"post","link":"https:\/\/dicodusport.fr\/blog\/vtt-championnats-du-monde-2025-double-americain-pour-kate-courtney-et-keegan-swenson-en-vtt-marathon\/","title":{"rendered":"VTT Championnats du monde 2025 : Doubl\u00e9 am\u00e9ricain pour Kate Courtney et Keegan Swenson en VTT Marathon"},"content":{"rendered":"<p style=\"text-align: justify;\"><strong><em>VTT CHAMPIONNATS DU MONDE 2025 &#8211; Kate Courtney et Keegan Swenson sont all\u00e9s au bout de l&rsquo;effort, et raflent la m\u00e9daille d&rsquo;or en VTT Marathon, une double premi\u00e8re historique pour les \u00c9tats-Unis.\u00a0<\/em><\/strong><\/p>\n<ul style=\"text-align: justify;\">\n<li><strong>\u00c0 ce sujet &#8211; <a href=\"https:\/\/dicodusport.fr\/blog\/mondiaux-de-vtt-2025-programme-horaires-et-resultats\/\">VTT Championnats du monde 2025 : Programme, Horaires et R\u00e9sultats<\/a><\/strong><\/li>\n<\/ul>\n<p style=\"text-align: justify;\">Sur les dix derni\u00e8res \u00e9preuves de marathon aux Championnats du monde de VTT, hommes et femmes confondus, la France n&rsquo;avait remport\u00e9 \u00ab\u00a0que\u00a0\u00bb deux titres : les deux via une certaine <strong>Pauline Ferrand-Pr\u00e9vot<\/strong>, sacr\u00e9e en <a href=\"https:\/\/dicodusport.fr\/blog\/pauline-ferrand-prevot-sacree-championne-du-monde-en-vtt-marathon\/\"><strong>2019<\/strong><\/a> et 2022. Les Bleus \u00e9taient six au d\u00e9part (4 hommes et 2 femmes), mais n&rsquo;\u00e9taient clairement pas les favoris pour monter sur la bo\u00eete.<\/p>\n<div class=\"vlp-link-container vlp-layout-article\"><a href=\"https:\/\/dicodusport.fr\/blog\/vtt-mondiaux-marathon-2022-pauline-ferrand-prevot-championne-du-monde\/\" class=\"vlp-link\" title=\"VTT Mondiaux Marathon 2022 : Pauline Ferrand-Pr\u00e9vot championne du monde !\"><\/a><div class=\"vlp-layout-zone-side\"><div class=\"vlp-block-4 vlp-link-image\"><img loading=\"lazy\" decoding=\"async\" style=\"max-width: 800px;\" width=\"800\" height=\"445\" src=\"https:\/\/dicodusport.fr\/blog\/wp-content\/uploads\/2022\/09\/VTT-Mondiaux-Marathon-2022-Pauline-Ferrand-Prevot-championne-du-monde-1.png\" class=\"attachment-800x445 size-800x445\" alt=\"VTT Mondiaux Marathon 2022 Pauline Ferrand-Pr\u00e9vot championne du monde ! (1)\" srcset=\"https:\/\/dicodusport.fr\/blog\/wp-content\/uploads\/2022\/09\/VTT-Mondiaux-Marathon-2022-Pauline-Ferrand-Prevot-championne-du-monde-1.png 800w, https:\/\/dicodusport.fr\/blog\/wp-content\/uploads\/2022\/09\/VTT-Mondiaux-Marathon-2022-Pauline-Ferrand-Prevot-championne-du-monde-1-300x167.png 300w, https:\/\/dicodusport.fr\/blog\/wp-content\/uploads\/2022\/09\/VTT-Mondiaux-Marathon-2022-Pauline-Ferrand-Prevot-championne-du-monde-1-768x427.png 768w\" sizes=\"auto, (max-width: 800px) 100vw, 800px\" \/><\/div><\/div><div class=\"vlp-layout-zone-main\"><div class=\"vlp-block-0 vlp-link-title\">VTT Mondiaux Marathon 2022 : Pauline Ferrand-Pr\u00e9vot championne du monde !<\/div><div class=\"vlp-block-1 vlp-link-summary\">VTT - Ce samedi, la Fran\u00e7aise Pauline Ferrand-Pr\u00e9vot est devenue championne du monde de VTT Marathon \u00e0 Haderslev (Danemark). <\/div><div class=\"vlp-block-2 vlp-link-button\">Lire l'article<\/div><div class=\"vlp-block-3 vlp-link-url\">dicodusport.fr<\/div><\/div><\/div>\n<h2 style=\"text-align: justify;\">Les \u00c9tats-Unis raflent tout<\/h2>\n<p style=\"text-align: justify;\">Rapidement, les Bleus (<strong>Pierre Billaud<\/strong>, <strong>Axel Roudil Cortinat<\/strong>, <strong>Robin Challamel<\/strong> et <strong>R\u00e9mi Groslambert<\/strong>) n&rsquo;ont pu accrocher le bon wagon et lutter pour la victoire. En t\u00eate pendant la majeure partie du parcours, <strong>Keegan Swenson<\/strong> a fait la diff\u00e9rence apr\u00e8s la mi-course, r\u00e9ussissant \u00e0 s&rsquo;isoler en t\u00eate pour finalement l&#8217;emporter avec 25 secondes d&rsquo;avances sur <strong>Samuele Porro<\/strong>. C&rsquo;est tout simplement le premier titre am\u00e9ricain de l&rsquo;histoire, hommes et femmes confondus, aux Mondiaux de VTT Marathon !<\/p>\n<blockquote class=\"twitter-tweet\">\n<p dir=\"ltr\" lang=\"en\">\ud83c\udf08\ud83c\uddfa\ud83c\uddf8 KEEGAN SWENSON \ud83c\uddfa\ud83c\uddf8\ud83c\udf08<\/p>\n<p>Crushed the 125km of the 2025 UCI Cross-country Marathon World Championships course and claims the rainbow stripes. \ud83d\udc4f<a href=\"https:\/\/twitter.com\/hashtag\/Valais2025?src=hash&amp;ref_src=twsrc%5Etfw\">#Valais2025<\/a> <a href=\"https:\/\/t.co\/tXFtD8kbzT\">pic.twitter.com\/tXFtD8kbzT<\/a><\/p>\n<p>\u2014 UCI MTB (@UCI_MTB) <a href=\"https:\/\/twitter.com\/UCI_MTB\/status\/1964279261964956140?ref_src=twsrc%5Etfw\">September 6, 2025<\/a><\/p><\/blockquote>\n<p style=\"text-align: justify;\"><script async src=\"https:\/\/platform.twitter.com\/widgets.js\" charset=\"utf-8\"><\/script><br \/>\nChez les femmes, m\u00eame physionomie : <strong>Margot Moschetti<\/strong> et <strong>Tatiana Tournut<\/strong> \u00e9taient trop justes pour suivre les favorites. L\u00e0 encore, c&rsquo;est une Am\u00e9ricaine qui a rafl\u00e9 la mise apr\u00e8s plus de 7 heures de course : <strong>Kate Courtney<\/strong> a fait la diff\u00e9rence en fin de parcours pour prendre la mesure d&rsquo;<strong>Anna Weinbeer<\/strong> et de la double tenante du titre, <strong>Mona Mitterwallner<\/strong>. C&rsquo;\u00e9tait m\u00eame la toute premi\u00e8re m\u00e9daille am\u00e9ricaine chez les femmes, et elle est en or ! Une domination totale du Pays de l&rsquo;Oncle Sam, qui a donc tout rafl\u00e9 sur les \u00e9preuves de VTT Marathon.<\/p>\n","protected":false},"excerpt":{"rendered":"<p>VTT CHAMPIONNATS DU MONDE 2025 &#8211; Kate Courtney et Keegan Swenson sont all\u00e9s au bout de l&rsquo;effort, et raflent la m\u00e9daille d&rsquo;or en VTT Marathon, une double premi\u00e8re historique pour les \u00c9tats-Unis.\u00a0<\/p>\n","protected":false},"author":59,"featured_media":608800,"comment_status":"open","ping_status":"closed","sticky":false,"template":"","format":"standard","meta":{"_acf_changed":false,"_daextam_enable_autolinks":"1","footnotes":""},"categories":[10279],"tags":[16878,18758,692],"class_list":["post-608715","post","type-post","status-publish","format-standard","has-post-thumbnail","hentry","category-vtt","tag-breve","tag-championnats-du-monde-de-vtt","tag-vtt"],"acf":[],"yoast_head":"<!-- This site is optimized with the Yoast SEO Premium plugin v26.7 (Yoast SEO v26.7) - https:\/\/yoast.com\/wordpress\/plugins\/seo\/ -->\n<title>VTT Championnats du monde 2025 : Doubl\u00e9 am\u00e9ricain pour Kate Courtney et Keegan Swenson en VTT Marathon<\/title>\n<meta name=\"description\" content=\"VTT CHAMPIONNATS DU MONDE 2025 - Kate Courtney et Keegan Swenson sont all\u00e9s au bout de l&#039;effort, et raflent la m\u00e9daille d&#039;or en VTT Marathon.\" \/>\n<meta name=\"robots\" content=\"index, follow, max-snippet:-1, max-image-preview:large, max-video-preview:-1\" \/>\n<link rel=\"canonical\" href=\"https:\/\/dicodusport.fr\/blog\/vtt-championnats-du-monde-2025-double-americain-pour-kate-courtney-et-keegan-swenson-en-vtt-marathon\/\" \/>\n<meta property=\"og:locale\" content=\"fr_FR\" \/>\n<meta property=\"og:type\" content=\"article\" \/>\n<meta property=\"og:title\" content=\"VTT Championnats du monde 2025 : Doubl\u00e9 am\u00e9ricain pour Kate Courtney et Keegan Swenson en VTT Marathon\" \/>\n<meta property=\"og:description\" content=\"VTT CHAMPIONNATS DU MONDE 2025 - Kate Courtney et Keegan Swenson sont all\u00e9s au bout de l&#039;effort, et raflent la m\u00e9daille d&#039;or en VTT Marathon.\" \/>\n<meta property=\"og:url\" content=\"https:\/\/dicodusport.fr\/blog\/vtt-championnats-du-monde-2025-double-americain-pour-kate-courtney-et-keegan-swenson-en-vtt-marathon\/\" \/>\n<meta property=\"og:site_name\" content=\"Dicodusport\" \/>\n<meta property=\"article:publisher\" content=\"https:\/\/www.facebook.com\/dicodusport\" \/>\n<meta property=\"article:author\" content=\"https:\/\/www.facebook.com\/sebastien.gente\/\" \/>\n<meta property=\"article:published_time\" content=\"2025-09-06T11:58:25+00:00\" \/>\n<meta property=\"og:image\" content=\"https:\/\/dicodusport.fr\/blog\/wp-content\/uploads\/2025\/09\/VTT-Championnats-du-monde-2025-Double-americain-pour-Kate-Courtney-et-Keegan-Swenson-en-VTT-Marathon.png\" \/>\n\t<meta property=\"og:image:width\" content=\"1200\" \/>\n\t<meta property=\"og:image:height\" content=\"674\" \/>\n\t<meta property=\"og:image:type\" content=\"image\/png\" \/>\n<meta name=\"author\" content=\"S\u00e9bastien Gente\" \/>\n<meta name=\"twitter:card\" content=\"summary_large_image\" \/>\n<meta name=\"twitter:title\" content=\"VTT Championnats du monde 2025 : Doubl\u00e9 am\u00e9ricain pour Kate Courtney et Keegan Swenson en VTT Marathon\" \/>\n<meta name=\"twitter:creator\" content=\"@https:\/\/twitter.com\/globulo24\" \/>\n<meta name=\"twitter:site\" content=\"@dicodusport\" \/>\n<script type=\"application\/ld+json\" class=\"yoast-schema-graph\">{\"@context\":\"https:\/\/schema.org\",\"@graph\":[{\"@type\":\"NewsArticle\",\"@id\":\"https:\/\/dicodusport.fr\/blog\/vtt-championnats-du-monde-2025-double-americain-pour-kate-courtney-et-keegan-swenson-en-vtt-marathon\/#article\",\"isPartOf\":{\"@id\":\"https:\/\/dicodusport.fr\/blog\/vtt-championnats-du-monde-2025-double-americain-pour-kate-courtney-et-keegan-swenson-en-vtt-marathon\/\"},\"author\":{\"name\":\"S\u00e9bastien Gente\",\"@id\":\"https:\/\/dicodusport.fr\/blog\/#\/schema\/person\/627966a6cde45dbd8c5e36ac85d783da\"},\"headline\":\"VTT Championnats du monde 2025 : Doubl\u00e9 am\u00e9ricain pour Kate Courtney et Keegan Swenson en VTT Marathon\",\"datePublished\":\"2025-09-06T11:58:25+00:00\",\"mainEntityOfPage\":{\"@id\":\"https:\/\/dicodusport.fr\/blog\/vtt-championnats-du-monde-2025-double-americain-pour-kate-courtney-et-keegan-swenson-en-vtt-marathon\/\"},\"wordCount\":436,\"commentCount\":0,\"publisher\":{\"@id\":\"https:\/\/dicodusport.fr\/blog\/#organization\"},\"image\":{\"@id\":\"https:\/\/dicodusport.fr\/blog\/vtt-championnats-du-monde-2025-double-americain-pour-kate-courtney-et-keegan-swenson-en-vtt-marathon\/#primaryimage\"},\"thumbnailUrl\":\"https:\/\/dicodusport.fr\/blog\/wp-content\/uploads\/2025\/09\/VTT-Championnats-du-monde-2025-Double-americain-pour-Kate-Courtney-et-Keegan-Swenson-en-VTT-Marathon.png\",\"keywords\":[\"br\u00e8ve\",\"Championnats du monde de VTT\",\"VTT\"],\"articleSection\":[\"VTT\"],\"inLanguage\":\"fr-FR\",\"potentialAction\":[{\"@type\":\"CommentAction\",\"name\":\"Comment\",\"target\":[\"https:\/\/dicodusport.fr\/blog\/vtt-championnats-du-monde-2025-double-americain-pour-kate-courtney-et-keegan-swenson-en-vtt-marathon\/#respond\"]}],\"copyrightYear\":\"2025\",\"copyrightHolder\":{\"@id\":\"https:\/\/dicodusport.fr\/blog\/#organization\"}},{\"@type\":\"WebPage\",\"@id\":\"https:\/\/dicodusport.fr\/blog\/vtt-championnats-du-monde-2025-double-americain-pour-kate-courtney-et-keegan-swenson-en-vtt-marathon\/\",\"url\":\"https:\/\/dicodusport.fr\/blog\/vtt-championnats-du-monde-2025-double-americain-pour-kate-courtney-et-keegan-swenson-en-vtt-marathon\/\",\"name\":\"VTT Championnats du monde 2025 : Doubl\u00e9 am\u00e9ricain pour Kate Courtney et Keegan Swenson en VTT Marathon\",\"isPartOf\":{\"@id\":\"https:\/\/dicodusport.fr\/blog\/#website\"},\"primaryImageOfPage\":{\"@id\":\"https:\/\/dicodusport.fr\/blog\/vtt-championnats-du-monde-2025-double-americain-pour-kate-courtney-et-keegan-swenson-en-vtt-marathon\/#primaryimage\"},\"image\":{\"@id\":\"https:\/\/dicodusport.fr\/blog\/vtt-championnats-du-monde-2025-double-americain-pour-kate-courtney-et-keegan-swenson-en-vtt-marathon\/#primaryimage\"},\"thumbnailUrl\":\"https:\/\/dicodusport.fr\/blog\/wp-content\/uploads\/2025\/09\/VTT-Championnats-du-monde-2025-Double-americain-pour-Kate-Courtney-et-Keegan-Swenson-en-VTT-Marathon.png\",\"datePublished\":\"2025-09-06T11:58:25+00:00\",\"description\":\"VTT CHAMPIONNATS DU MONDE 2025 - Kate Courtney et Keegan Swenson sont all\u00e9s au bout de l'effort, et raflent la m\u00e9daille d'or en VTT Marathon.\",\"breadcrumb\":{\"@id\":\"https:\/\/dicodusport.fr\/blog\/vtt-championnats-du-monde-2025-double-americain-pour-kate-courtney-et-keegan-swenson-en-vtt-marathon\/#breadcrumb\"},\"inLanguage\":\"fr-FR\",\"potentialAction\":[{\"@type\":\"ReadAction\",\"target\":[\"https:\/\/dicodusport.fr\/blog\/vtt-championnats-du-monde-2025-double-americain-pour-kate-courtney-et-keegan-swenson-en-vtt-marathon\/\"]}]},{\"@type\":\"ImageObject\",\"inLanguage\":\"fr-FR\",\"@id\":\"https:\/\/dicodusport.fr\/blog\/vtt-championnats-du-monde-2025-double-americain-pour-kate-courtney-et-keegan-swenson-en-vtt-marathon\/#primaryimage\",\"url\":\"https:\/\/dicodusport.fr\/blog\/wp-content\/uploads\/2025\/09\/VTT-Championnats-du-monde-2025-Double-americain-pour-Kate-Courtney-et-Keegan-Swenson-en-VTT-Marathon.png\",\"contentUrl\":\"https:\/\/dicodusport.fr\/blog\/wp-content\/uploads\/2025\/09\/VTT-Championnats-du-monde-2025-Double-americain-pour-Kate-Courtney-et-Keegan-Swenson-en-VTT-Marathon.png\",\"width\":1200,\"height\":674,\"caption\":\"VTT Championnats du monde 2025 Doubl\u00e9 am\u00e9ricain pour Kate Courtney et Keegan Swenson en VTT Marathon\"},{\"@type\":\"BreadcrumbList\",\"@id\":\"https:\/\/dicodusport.fr\/blog\/vtt-championnats-du-monde-2025-double-americain-pour-kate-courtney-et-keegan-swenson-en-vtt-marathon\/#breadcrumb\",\"itemListElement\":[{\"@type\":\"ListItem\",\"position\":1,\"name\":\"Accueil\",\"item\":\"https:\/\/dicodusport.fr\/blog\/\"},{\"@type\":\"ListItem\",\"position\":2,\"name\":\"VTT Championnats du monde 2025 : Doubl\u00e9 am\u00e9ricain pour Kate Courtney et Keegan Swenson en VTT Marathon\"}]},{\"@type\":\"WebSite\",\"@id\":\"https:\/\/dicodusport.fr\/blog\/#website\",\"url\":\"https:\/\/dicodusport.fr\/blog\/\",\"name\":\"Dicodusport\",\"description\":\"L&#039;encyclop\u00e9die de l&#039;actualit\u00e9 sportive\",\"publisher\":{\"@id\":\"https:\/\/dicodusport.fr\/blog\/#organization\"},\"potentialAction\":[{\"@type\":\"SearchAction\",\"target\":{\"@type\":\"EntryPoint\",\"urlTemplate\":\"https:\/\/dicodusport.fr\/blog\/?s={search_term_string}\"},\"query-input\":{\"@type\":\"PropertyValueSpecification\",\"valueRequired\":true,\"valueName\":\"search_term_string\"}}],\"inLanguage\":\"fr-FR\"},{\"@type\":\"NewsMediaOrganization\",\"@id\":\"https:\/\/dicodusport.fr\/blog\/#organization\",\"name\":\"Dicodusport\",\"url\":\"https:\/\/dicodusport.fr\/blog\/\",\"logo\":{\"@type\":\"ImageObject\",\"inLanguage\":\"fr-FR\",\"@id\":\"https:\/\/dicodusport.fr\/blog\/#\/schema\/logo\/image\/\",\"url\":\"https:\/\/dicodusport.fr\/blog\/wp-content\/uploads\/2020\/06\/cropped-LOGO-DICODUSPORT-2020-SANS-FOND-SANS-TEXTE.png\",\"contentUrl\":\"https:\/\/dicodusport.fr\/blog\/wp-content\/uploads\/2020\/06\/cropped-LOGO-DICODUSPORT-2020-SANS-FOND-SANS-TEXTE.png\",\"width\":512,\"height\":512,\"caption\":\"Dicodusport\"},\"image\":{\"@id\":\"https:\/\/dicodusport.fr\/blog\/#\/schema\/logo\/image\/\"},\"sameAs\":[\"https:\/\/www.facebook.com\/dicodusport\",\"https:\/\/x.com\/dicodusport\",\"https:\/\/www.instagram.com\/dicodusport\/\",\"https:\/\/www.youtube.com\/channel\/UC7V2KZ5sd3htJivAbA4ZG3w\"],\"description\":\"Dicodusport est l'encyclop\u00e9die de l'actualit\u00e9 sportive.\",\"email\":\"bonjour@dicodusport.fr\",\"legalName\":\"DICODUSPORT\",\"foundingDate\":\"2018-01-14\",\"vatID\":\"FR71834470973\",\"taxID\":\"83447097300043\",\"numberOfEmployees\":{\"@type\":\"QuantitativeValue\",\"minValue\":\"1\",\"maxValue\":\"10\"}},{\"@type\":\"Person\",\"@id\":\"https:\/\/dicodusport.fr\/blog\/#\/schema\/person\/627966a6cde45dbd8c5e36ac85d783da\",\"name\":\"S\u00e9bastien Gente\",\"image\":{\"@type\":\"ImageObject\",\"inLanguage\":\"fr-FR\",\"@id\":\"https:\/\/dicodusport.fr\/blog\/#\/schema\/person\/image\/\",\"url\":\"https:\/\/dicodusport.fr\/blog\/wp-content\/uploads\/2021\/09\/1510990_10205810251400683_4124423575079401707_n-150x150.jpg\",\"contentUrl\":\"https:\/\/dicodusport.fr\/blog\/wp-content\/uploads\/2021\/09\/1510990_10205810251400683_4124423575079401707_n-150x150.jpg\",\"caption\":\"S\u00e9bastien Gente\"},\"description\":\"John Stockton, Gianni Bugno, Zinedine Zidane, Steffi Graf, Frode Andresen, St\u00e9phane Stoecklin, Davis Kamoga, Primoz Peterka, Werner Schlager et Aur\u00e9lien Rougerie. Point commun entre ces sportifs? Ils m'ont fait r\u00eaver et ont berc\u00e9 mon adolescence. Je suis un fondu de sports et j'essaie de retranscrire ma passion \u00e0 travers mes articles. Originaire du P\u00e9rigord, ma passion pour les Girondins, les Jaunards et les Jazzmen transpire dans mes \u00e9crits. \u00c0 Dicodusport depuis 2021, je d\u00e9niche les sports m\u00e9connus dans lesquels la France brille, et il y en a !\",\"sameAs\":[\"https:\/\/www.facebook.com\/sebastien.gente\/\",\"https:\/\/www.instagram.com\/sebgente\/\",\"https:\/\/www.linkedin.com\/in\/sbastien-gente-a29583169\/\",\"https:\/\/x.com\/https:\/\/twitter.com\/globulo24\",\"SebastienGente\"],\"worksFor\":\"S\u00e9bastien GENTE\",\"url\":\"https:\/\/dicodusport.fr\/blog\/author\/sebastiengente\/\"}]}<\/script>\n<!-- \/ Yoast SEO Premium plugin. -->","yoast_head_json":{"title":"VTT Championnats du monde 2025 : Doubl\u00e9 am\u00e9ricain pour Kate Courtney et Keegan Swenson en VTT Marathon","description":"VTT CHAMPIONNATS DU MONDE 2025 - Kate Courtney et Keegan Swenson sont all\u00e9s au bout de l'effort, et raflent la m\u00e9daille d'or en VTT Marathon.","robots":{"index":"index","follow":"follow","max-snippet":"max-snippet:-1","max-image-preview":"max-image-preview:large","max-video-preview":"max-video-preview:-1"},"canonical":"https:\/\/dicodusport.fr\/blog\/vtt-championnats-du-monde-2025-double-americain-pour-kate-courtney-et-keegan-swenson-en-vtt-marathon\/","og_locale":"fr_FR","og_type":"article","og_title":"VTT Championnats du monde 2025 : Doubl\u00e9 am\u00e9ricain pour Kate Courtney et Keegan Swenson en VTT Marathon","og_description":"VTT CHAMPIONNATS DU MONDE 2025 - Kate Courtney et Keegan Swenson sont all\u00e9s au bout de l'effort, et raflent la m\u00e9daille d'or en VTT Marathon.","og_url":"https:\/\/dicodusport.fr\/blog\/vtt-championnats-du-monde-2025-double-americain-pour-kate-courtney-et-keegan-swenson-en-vtt-marathon\/","og_site_name":"Dicodusport","article_publisher":"https:\/\/www.facebook.com\/dicodusport","article_author":"https:\/\/www.facebook.com\/sebastien.gente\/","article_published_time":"2025-09-06T11:58:25+00:00","og_image":[{"width":1200,"height":674,"url":"https:\/\/dicodusport.fr\/blog\/wp-content\/uploads\/2025\/09\/VTT-Championnats-du-monde-2025-Double-americain-pour-Kate-Courtney-et-Keegan-Swenson-en-VTT-Marathon.png","type":"image\/png"}],"author":"S\u00e9bastien Gente","twitter_card":"summary_large_image","twitter_title":"VTT Championnats du monde 2025 : Doubl\u00e9 am\u00e9ricain pour Kate Courtney et Keegan Swenson en VTT Marathon","twitter_creator":"@https:\/\/twitter.com\/globulo24","twitter_site":"@dicodusport","schema":{"@context":"https:\/\/schema.org","@graph":[{"@type":"NewsArticle","@id":"https:\/\/dicodusport.fr\/blog\/vtt-championnats-du-monde-2025-double-americain-pour-kate-courtney-et-keegan-swenson-en-vtt-marathon\/#article","isPartOf":{"@id":"https:\/\/dicodusport.fr\/blog\/vtt-championnats-du-monde-2025-double-americain-pour-kate-courtney-et-keegan-swenson-en-vtt-marathon\/"},"author":{"name":"S\u00e9bastien Gente","@id":"https:\/\/dicodusport.fr\/blog\/#\/schema\/person\/627966a6cde45dbd8c5e36ac85d783da"},"headline":"VTT Championnats du monde 2025 : Doubl\u00e9 am\u00e9ricain pour Kate Courtney et Keegan Swenson en VTT Marathon","datePublished":"2025-09-06T11:58:25+00:00","mainEntityOfPage":{"@id":"https:\/\/dicodusport.fr\/blog\/vtt-championnats-du-monde-2025-double-americain-pour-kate-courtney-et-keegan-swenson-en-vtt-marathon\/"},"wordCount":436,"commentCount":0,"publisher":{"@id":"https:\/\/dicodusport.fr\/blog\/#organization"},"image":{"@id":"https:\/\/dicodusport.fr\/blog\/vtt-championnats-du-monde-2025-double-americain-pour-kate-courtney-et-keegan-swenson-en-vtt-marathon\/#primaryimage"},"thumbnailUrl":"https:\/\/dicodusport.fr\/blog\/wp-content\/uploads\/2025\/09\/VTT-Championnats-du-monde-2025-Double-americain-pour-Kate-Courtney-et-Keegan-Swenson-en-VTT-Marathon.png","keywords":["br\u00e8ve","Championnats du monde de VTT","VTT"],"articleSection":["VTT"],"inLanguage":"fr-FR","potentialAction":[{"@type":"CommentAction","name":"Comment","target":["https:\/\/dicodusport.fr\/blog\/vtt-championnats-du-monde-2025-double-americain-pour-kate-courtney-et-keegan-swenson-en-vtt-marathon\/#respond"]}],"copyrightYear":"2025","copyrightHolder":{"@id":"https:\/\/dicodusport.fr\/blog\/#organization"}},{"@type":"WebPage","@id":"https:\/\/dicodusport.fr\/blog\/vtt-championnats-du-monde-2025-double-americain-pour-kate-courtney-et-keegan-swenson-en-vtt-marathon\/","url":"https:\/\/dicodusport.fr\/blog\/vtt-championnats-du-monde-2025-double-americain-pour-kate-courtney-et-keegan-swenson-en-vtt-marathon\/","name":"VTT Championnats du monde 2025 : Doubl\u00e9 am\u00e9ricain pour Kate Courtney et Keegan Swenson en VTT Marathon","isPartOf":{"@id":"https:\/\/dicodusport.fr\/blog\/#website"},"primaryImageOfPage":{"@id":"https:\/\/dicodusport.fr\/blog\/vtt-championnats-du-monde-2025-double-americain-pour-kate-courtney-et-keegan-swenson-en-vtt-marathon\/#primaryimage"},"image":{"@id":"https:\/\/dicodusport.fr\/blog\/vtt-championnats-du-monde-2025-double-americain-pour-kate-courtney-et-keegan-swenson-en-vtt-marathon\/#primaryimage"},"thumbnailUrl":"https:\/\/dicodusport.fr\/blog\/wp-content\/uploads\/2025\/09\/VTT-Championnats-du-monde-2025-Double-americain-pour-Kate-Courtney-et-Keegan-Swenson-en-VTT-Marathon.png","datePublished":"2025-09-06T11:58:25+00:00","description":"VTT CHAMPIONNATS DU MONDE 2025 - Kate Courtney et Keegan Swenson sont all\u00e9s au bout de l'effort, et raflent la m\u00e9daille d'or en VTT Marathon.","breadcrumb":{"@id":"https:\/\/dicodusport.fr\/blog\/vtt-championnats-du-monde-2025-double-americain-pour-kate-courtney-et-keegan-swenson-en-vtt-marathon\/#breadcrumb"},"inLanguage":"fr-FR","potentialAction":[{"@type":"ReadAction","target":["https:\/\/dicodusport.fr\/blog\/vtt-championnats-du-monde-2025-double-americain-pour-kate-courtney-et-keegan-swenson-en-vtt-marathon\/"]}]},{"@type":"ImageObject","inLanguage":"fr-FR","@id":"https:\/\/dicodusport.fr\/blog\/vtt-championnats-du-monde-2025-double-americain-pour-kate-courtney-et-keegan-swenson-en-vtt-marathon\/#primaryimage","url":"https:\/\/dicodusport.fr\/blog\/wp-content\/uploads\/2025\/09\/VTT-Championnats-du-monde-2025-Double-americain-pour-Kate-Courtney-et-Keegan-Swenson-en-VTT-Marathon.png","contentUrl":"https:\/\/dicodusport.fr\/blog\/wp-content\/uploads\/2025\/09\/VTT-Championnats-du-monde-2025-Double-americain-pour-Kate-Courtney-et-Keegan-Swenson-en-VTT-Marathon.png","width":1200,"height":674,"caption":"VTT Championnats du monde 2025 Doubl\u00e9 am\u00e9ricain pour Kate Courtney et Keegan Swenson en VTT Marathon"},{"@type":"BreadcrumbList","@id":"https:\/\/dicodusport.fr\/blog\/vtt-championnats-du-monde-2025-double-americain-pour-kate-courtney-et-keegan-swenson-en-vtt-marathon\/#breadcrumb","itemListElement":[{"@type":"ListItem","position":1,"name":"Accueil","item":"https:\/\/dicodusport.fr\/blog\/"},{"@type":"ListItem","position":2,"name":"VTT Championnats du monde 2025 : Doubl\u00e9 am\u00e9ricain pour Kate Courtney et Keegan Swenson en VTT Marathon"}]},{"@type":"WebSite","@id":"https:\/\/dicodusport.fr\/blog\/#website","url":"https:\/\/dicodusport.fr\/blog\/","name":"Dicodusport","description":"L&#039;encyclop\u00e9die de l&#039;actualit\u00e9 sportive","publisher":{"@id":"https:\/\/dicodusport.fr\/blog\/#organization"},"potentialAction":[{"@type":"SearchAction","target":{"@type":"EntryPoint","urlTemplate":"https:\/\/dicodusport.fr\/blog\/?s={search_term_string}"},"query-input":{"@type":"PropertyValueSpecification","valueRequired":true,"valueName":"search_term_string"}}],"inLanguage":"fr-FR"},{"@type":"NewsMediaOrganization","@id":"https:\/\/dicodusport.fr\/blog\/#organization","name":"Dicodusport","url":"https:\/\/dicodusport.fr\/blog\/","logo":{"@type":"ImageObject","inLanguage":"fr-FR","@id":"https:\/\/dicodusport.fr\/blog\/#\/schema\/logo\/image\/","url":"https:\/\/dicodusport.fr\/blog\/wp-content\/uploads\/2020\/06\/cropped-LOGO-DICODUSPORT-2020-SANS-FOND-SANS-TEXTE.png","contentUrl":"https:\/\/dicodusport.fr\/blog\/wp-content\/uploads\/2020\/06\/cropped-LOGO-DICODUSPORT-2020-SANS-FOND-SANS-TEXTE.png","width":512,"height":512,"caption":"Dicodusport"},"image":{"@id":"https:\/\/dicodusport.fr\/blog\/#\/schema\/logo\/image\/"},"sameAs":["https:\/\/www.facebook.com\/dicodusport","https:\/\/x.com\/dicodusport","https:\/\/www.instagram.com\/dicodusport\/","https:\/\/www.youtube.com\/channel\/UC7V2KZ5sd3htJivAbA4ZG3w"],"description":"Dicodusport est l'encyclop\u00e9die de l'actualit\u00e9 sportive.","email":"bonjour@dicodusport.fr","legalName":"DICODUSPORT","foundingDate":"2018-01-14","vatID":"FR71834470973","taxID":"83447097300043","numberOfEmployees":{"@type":"QuantitativeValue","minValue":"1","maxValue":"10"}},{"@type":"Person","@id":"https:\/\/dicodusport.fr\/blog\/#\/schema\/person\/627966a6cde45dbd8c5e36ac85d783da","name":"S\u00e9bastien Gente","image":{"@type":"ImageObject","inLanguage":"fr-FR","@id":"https:\/\/dicodusport.fr\/blog\/#\/schema\/person\/image\/","url":"https:\/\/dicodusport.fr\/blog\/wp-content\/uploads\/2021\/09\/1510990_10205810251400683_4124423575079401707_n-150x150.jpg","contentUrl":"https:\/\/dicodusport.fr\/blog\/wp-content\/uploads\/2021\/09\/1510990_10205810251400683_4124423575079401707_n-150x150.jpg","caption":"S\u00e9bastien Gente"},"description":"John Stockton, Gianni Bugno, Zinedine Zidane, Steffi Graf, Frode Andresen, St\u00e9phane Stoecklin, Davis Kamoga, Primoz Peterka, Werner Schlager et Aur\u00e9lien Rougerie. Point commun entre ces sportifs? Ils m'ont fait r\u00eaver et ont berc\u00e9 mon adolescence. Je suis un fondu de sports et j'essaie de retranscrire ma passion \u00e0 travers mes articles. Originaire du P\u00e9rigord, ma passion pour les Girondins, les Jaunards et les Jazzmen transpire dans mes \u00e9crits. \u00c0 Dicodusport depuis 2021, je d\u00e9niche les sports m\u00e9connus dans lesquels la France brille, et il y en a !","sameAs":["https:\/\/www.facebook.com\/sebastien.gente\/","https:\/\/www.instagram.com\/sebgente\/","https:\/\/www.linkedin.com\/in\/sbastien-gente-a29583169\/","https:\/\/x.com\/https:\/\/twitter.com\/globulo24","SebastienGente"],"worksFor":"S\u00e9bastien GENTE","url":"https:\/\/dicodusport.fr\/blog\/author\/sebastiengente\/"}]}},"_links":{"self":[{"href":"https:\/\/dicodusport.fr\/blog\/wp-json\/wp\/v2\/posts\/608715","targetHints":{"allow":["GET"]}}],"collection":[{"href":"https:\/\/dicodusport.fr\/blog\/wp-json\/wp\/v2\/posts"}],"about":[{"href":"https:\/\/dicodusport.fr\/blog\/wp-json\/wp\/v2\/types\/post"}],"author":[{"embeddable":true,"href":"https:\/\/dicodusport.fr\/blog\/wp-json\/wp\/v2\/users\/59"}],"replies":[{"embeddable":true,"href":"https:\/\/dicodusport.fr\/blog\/wp-json\/wp\/v2\/comments?post=608715"}],"version-history":[{"count":1,"href":"https:\/\/dicodusport.fr\/blog\/wp-json\/wp\/v2\/posts\/608715\/revisions"}],"predecessor-version":[{"id":608801,"href":"https:\/\/dicodusport.fr\/blog\/wp-json\/wp\/v2\/posts\/608715\/revisions\/608801"}],"wp:featuredmedia":[{"embeddable":true,"href":"https:\/\/dicodusport.fr\/blog\/wp-json\/wp\/v2\/media\/608800"}],"wp:attachment":[{"href":"https:\/\/dicodusport.fr\/blog\/wp-json\/wp\/v2\/media?parent=608715"}],"wp:term":[{"taxonomy":"category","embeddable":true,"href":"https:\/\/dicodusport.fr\/blog\/wp-json\/wp\/v2\/categories?post=608715"},{"taxonomy":"post_tag","embeddable":true,"href":"https:\/\/dicodusport.fr\/blog\/wp-json\/wp\/v2\/tags?post=608715"}],"curies":[{"name":"wp","href":"https:\/\/api.w.org\/{rel}","templated":true}]}}