{"id":608719,"date":"2025-09-06T11:38:04","date_gmt":"2025-09-06T09:38:04","guid":{"rendered":"https:\/\/dicodusport.fr\/blog\/?p=608719&#038;preview=true&#038;preview_id=608719"},"modified":"2025-09-06T12:15:05","modified_gmt":"2025-09-06T10:15:05","slug":"motogp-catalogne-2025-alex-marquez-en-pole-position-devant-fabio-quartararo","status":"publish","type":"post","link":"https:\/\/dicodusport.fr\/blog\/motogp-catalogne-2025-alex-marquez-en-pole-position-devant-fabio-quartararo\/","title":{"rendered":"MotoGP Catalogne 2025 : Alex Marquez en pole position devant Fabio Quartararo"},"content":{"rendered":"<p style=\"text-align: justify;\"><strong><em>MOTOGP &#8211; GRAND PRIX DE CATALOGNE 2025<\/em>\u00a0<em>&#8211; L&rsquo;Espagnol Alex Marquez (Gresini) s&rsquo;est empar\u00e9 de la pole position sur le circuit de Barcelona-Catalunya, \u00e0 domicile. C&rsquo;est la 2\u00e8me de sa carri\u00e8re<\/em><em>. Il devance le Fran\u00e7ais Fabio Quartararo (Yamaha), en forme, et son fr\u00e8re Marc Marquez (Ducati) qui compl\u00e8te la premi\u00e8re ligne. L&rsquo;autre tricolore<\/em><em> Johann Zarco (LCR Honda) termine 7\u00e8me pour une belle troisi\u00e8me ligne sur la grille.\u00a0<\/em><\/strong><\/p>\n<ul style=\"text-align: justify;\">\n<li style=\"text-align: justify;\"><strong>\u00c0 lire aussi &#8211;\u00a0<a href=\"https:\/\/dicodusport.fr\/blog\/motogp-catalogne-2025-horaires-programme-tv-et-resultats-en-direct\/\">MotoGP Catalogne 2025 : Programme TV, Horaires et R\u00e9sultats<\/a><\/strong><\/li>\n<\/ul>\n<p style=\"text-align: justify;\">Sous un ciel ensoleill\u00e9 et sur la piste du circuit de Bracelona Catalunya, les pilotes concern\u00e9s ont pris part \u00e0 la premi\u00e8re partie des qualifications de la quinzi\u00e8me manche de la saison. Parmi eux, nous retrouvions notamment la Ducati de <strong>Francesco Bagnaia<\/strong> ainsi que beaucoup de protagonistes habitu\u00e9s \u00e0 se qualifier directement en Q2. Finalement, c\u2019est le Fran\u00e7ais <strong>Fabio Quartararo<\/strong> (Yamaha) qui a r\u00e9alis\u00e9 le meilleur temps de la s\u00e9ance. Il sera accompagn\u00e9 en Q2 par <strong>Fabio Di Giannantonio<\/strong> (VR46). C\u2019est la catastrophe pour <strong>Francesco Bagnaia <\/strong>qui s\u2019\u00e9lancera seulement 21<sup>\u00e8me<\/sup> sur la grille de d\u00e9part. Le rookie <strong>Fermin Aldeguer (<\/strong>Gresini) partira 13<sup>\u00e8me<\/sup> et n\u2019est pas pass\u00e9 loin de la qualification en Q2.<\/p>\n<h2 style=\"text-align: justify;\">Alex Marquez au dessus du lot, Fabio Quartararo en forme<\/h2>\n<p style=\"text-align: justify;\">Dix des onze \u00e9quipes pr\u00e9sentaient au moins un pilote dans la s\u00e9ance finale aujourd\u2019hui. D\u00e8s les premiers tours, l\u2019Espagnol <strong>Alex Marquez<\/strong> (Gresini) s\u2019est install\u00e9 en t\u00eate du classement des temps. Malgr\u00e9 des bons temps des pilotes, le fr\u00e8re de celui en t\u00eate du classement g\u00e9n\u00e9ral a su garder les devants. Il r\u00e9alise sa deuxi\u00e8me pole position en carri\u00e8re. Sur la m\u00eame ligne de la grille, le Fran\u00e7ais <strong>Fabio Quartararo <\/strong>(Yamaha) a bien perform\u00e9 et se retrouve deuxi\u00e8me. Le leader du classement g\u00e9n\u00e9ral, <strong>Marc Marquez<\/strong> (Ducati), compl\u00e8te la premi\u00e8re ligne.<\/p>\n<blockquote class=\"twitter-tweet\">\n<p dir=\"ltr\" lang=\"ro\">NOUVEAU RECORD DE LA PISTE \ud83e\udd2f<\/p>\n<p>Un tour de pole position pour \u00c1lex M\u00e1rquez ! \ud83c\uddea\ud83c\uddf8<a href=\"https:\/\/twitter.com\/hashtag\/CatalanGP?src=hash&amp;ref_src=twsrc%5Etfw\">#CatalanGP<\/a> | <a href=\"https:\/\/twitter.com\/hashtag\/MotoGP?src=hash&amp;ref_src=twsrc%5Etfw\">#MotoGP<\/a> <a href=\"https:\/\/t.co\/eMNDhBzyxv\">pic.twitter.com\/eMNDhBzyxv<\/a><\/p>\n<p>\u2014 CANAL+ MotoGP\u2122 (@CanalplusMotoGP) <a href=\"https:\/\/twitter.com\/CanalplusMotoGP\/status\/1964260707735666824?ref_src=twsrc%5Etfw\">September 6, 2025<\/a><\/p><\/blockquote>\n<p style=\"text-align: justify;\"><script async src=\"https:\/\/platform.twitter.com\/widgets.js\" charset=\"utf-8\"><\/script><\/p>\n<ul style=\"text-align: justify;\">\n<li><strong>\u00c0 lire aussi &#8211;\u00a0<\/strong><a href=\"https:\/\/dicodusport.fr\/blog\/motogp-la-grille-de-depart-du-grand-prix-de-catalogne-2025\/\"><strong>La grille de d\u00e9part du Grand Prix de Catalogne 2025<\/strong><\/a><\/li>\n<\/ul>\n<p style=\"text-align: justify;\"><strong>Franco Morbidelli<\/strong> (VR46) a pris la 4<sup>\u00e8me<\/sup> place devant <strong>Pedro Acosta<\/strong> (KTM) et son co\u00e9quipier <strong>Fabio Di Giannantonio<\/strong> (VR46). L\u2019autre Fran\u00e7ais <strong>Johann Zarco<\/strong> (LCR Honda) a pris une belle 7<sup>\u00e8me<\/sup> place et compose la troisi\u00e8me ligne avec <strong>Ai Ogura<\/strong> (Trackhouse) et <strong>Enea Bastianini <\/strong>(KTM Tech3). <strong>Luca Marini<\/strong> (Honda) compl\u00e8te le Top 10. Rendez-vous cet apr\u00e8s-midi \u00e0 15h pour la course sprint sur <em>Canal+ Sport 360<\/em> ainsi que demain \u00e0 14h sur <em>Canal+<\/em> pour le <strong>Grand Prix de Catalogne 2025 <\/strong>de MotoGP.<\/p>\n<ul>\n<li style=\"text-align: justify;\"><strong>\u00c0 lire aussi &#8211; <a href=\"https:\/\/dicodusport.fr\/blog\/motogp-2025-le-calendrier-complet\/\" rel=\"\">Calendrier MotoGP 2025 : Dates et horaires des Grands Prix<\/a><\/strong><\/li>\n<\/ul>\n","protected":false},"excerpt":{"rendered":"<p>MOTOGP &#8211; GRAND PRIX DE CATALOGNE 2025\u00a0&#8211; L&rsquo;Espagnol Alex Marquez (Gresini) s&rsquo;est empar\u00e9 de la pole position sur le circuit de Barcelona-Catalunya, \u00e0 domicile. C&rsquo;est la 2\u00e8me de sa carri\u00e8re. Il devance le Fran\u00e7ais Fabio Quartararo (Yamaha), en forme, et son fr\u00e8re Marc Marquez (Ducati) qui compl\u00e8te la premi\u00e8re ligne. L&rsquo;autre tricolore Johann Zarco (LCR Honda) termine 7\u00e8me pour une belle troisi\u00e8me ligne sur la grille.\u00a0<\/p>\n","protected":false},"author":54,"featured_media":608730,"comment_status":"open","ping_status":"closed","sticky":false,"template":"","format":"standard","meta":{"_acf_changed":false,"_daextam_enable_autolinks":"1","footnotes":""},"categories":[47087],"tags":[32415,16878,11776,17098,23961],"class_list":["post-608719","post","type-post","status-publish","format-standard","has-post-thumbnail","hentry","category-motogp","tag-actu","tag-breve","tag-grand-prix-de-catalogne","tag-grand-prix-de-catalogne-motogp","tag-motogp-barcelone"],"acf":[],"yoast_head":"<!-- This site is optimized with the Yoast SEO Premium plugin v26.7 (Yoast SEO v26.7) - https:\/\/yoast.com\/wordpress\/plugins\/seo\/ -->\n<title>MotoGP Catalogne 2025 : Alex Marquez en pole position devant Fabio Quartararo<\/title>\n<meta name=\"description\" content=\"MOTOGP - GRAND PRIX DE CATALOGNE 2025 - L&#039;Espagnol Alex Marquez (Gresini) s&#039;est empar\u00e9 de la pole position sur le circuit de Barcelone.\" \/>\n<meta name=\"robots\" content=\"index, follow, max-snippet:-1, max-image-preview:large, max-video-preview:-1\" \/>\n<link rel=\"canonical\" href=\"https:\/\/dicodusport.fr\/blog\/motogp-catalogne-2025-alex-marquez-en-pole-position-devant-fabio-quartararo\/\" \/>\n<meta property=\"og:locale\" content=\"fr_FR\" \/>\n<meta property=\"og:type\" content=\"article\" \/>\n<meta property=\"og:title\" content=\"MotoGP Catalogne 2025 : Alex Marquez en pole position devant Fabio Quartararo\" \/>\n<meta property=\"og:description\" content=\"MOTOGP - GRAND PRIX DE CATALOGNE 2025 - L&#039;Espagnol Alex Marquez (Gresini) s&#039;est empar\u00e9 de la pole position sur le circuit de Barcelone.\" \/>\n<meta property=\"og:url\" content=\"https:\/\/dicodusport.fr\/blog\/motogp-catalogne-2025-alex-marquez-en-pole-position-devant-fabio-quartararo\/\" \/>\n<meta property=\"og:site_name\" content=\"Dicodusport\" \/>\n<meta property=\"article:publisher\" content=\"https:\/\/www.facebook.com\/dicodusport\" \/>\n<meta property=\"article:author\" content=\"https:\/\/www.facebook.com\/roxane.lecacher\" \/>\n<meta property=\"article:published_time\" content=\"2025-09-06T09:38:04+00:00\" \/>\n<meta property=\"article:modified_time\" content=\"2025-09-06T10:15:05+00:00\" \/>\n<meta property=\"og:image\" content=\"https:\/\/dicodusport.fr\/blog\/wp-content\/uploads\/2025\/09\/MotoGP-Catalogne-2025-Alex-Marquez-en-pole-position-devant-Fabio-Quartararo.png\" \/>\n\t<meta property=\"og:image:width\" content=\"1200\" \/>\n\t<meta property=\"og:image:height\" content=\"674\" \/>\n\t<meta property=\"og:image:type\" content=\"image\/png\" \/>\n<meta name=\"author\" content=\"Roxane Lecacher\" \/>\n<meta name=\"twitter:card\" content=\"summary_large_image\" \/>\n<meta name=\"twitter:title\" content=\"MotoGP Catalogne 2025 : Alex Marquez en pole position devant Fabio Quartararo\" \/>\n<meta name=\"twitter:creator\" content=\"@dicodusport\" \/>\n<meta name=\"twitter:site\" content=\"@dicodusport\" \/>\n<script type=\"application\/ld+json\" class=\"yoast-schema-graph\">{\"@context\":\"https:\/\/schema.org\",\"@graph\":[{\"@type\":\"NewsArticle\",\"@id\":\"https:\/\/dicodusport.fr\/blog\/motogp-catalogne-2025-alex-marquez-en-pole-position-devant-fabio-quartararo\/#article\",\"isPartOf\":{\"@id\":\"https:\/\/dicodusport.fr\/blog\/motogp-catalogne-2025-alex-marquez-en-pole-position-devant-fabio-quartararo\/\"},\"author\":{\"name\":\"Roxane Lecacher\",\"@id\":\"https:\/\/dicodusport.fr\/blog\/#\/schema\/person\/819fb2545dd2715bd7c0580d6d4b411a\"},\"headline\":\"MotoGP Catalogne 2025 : Alex Marquez en pole position devant Fabio Quartararo\",\"datePublished\":\"2025-09-06T09:38:04+00:00\",\"dateModified\":\"2025-09-06T10:15:05+00:00\",\"mainEntityOfPage\":{\"@id\":\"https:\/\/dicodusport.fr\/blog\/motogp-catalogne-2025-alex-marquez-en-pole-position-devant-fabio-quartararo\/\"},\"wordCount\":468,\"commentCount\":0,\"publisher\":{\"@id\":\"https:\/\/dicodusport.fr\/blog\/#organization\"},\"image\":{\"@id\":\"https:\/\/dicodusport.fr\/blog\/motogp-catalogne-2025-alex-marquez-en-pole-position-devant-fabio-quartararo\/#primaryimage\"},\"thumbnailUrl\":\"https:\/\/dicodusport.fr\/blog\/wp-content\/uploads\/2025\/09\/MotoGP-Catalogne-2025-Alex-Marquez-en-pole-position-devant-Fabio-Quartararo.png\",\"keywords\":[\"actu\",\"br\u00e8ve\",\"Grand Prix de Catalogne\",\"Grand Prix de Catalogne MotoGP\",\"MotoGP Barcelone\"],\"articleSection\":[\"MotoGP\"],\"inLanguage\":\"fr-FR\",\"potentialAction\":[{\"@type\":\"CommentAction\",\"name\":\"Comment\",\"target\":[\"https:\/\/dicodusport.fr\/blog\/motogp-catalogne-2025-alex-marquez-en-pole-position-devant-fabio-quartararo\/#respond\"]}],\"copyrightYear\":\"2025\",\"copyrightHolder\":{\"@id\":\"https:\/\/dicodusport.fr\/blog\/#organization\"}},{\"@type\":\"WebPage\",\"@id\":\"https:\/\/dicodusport.fr\/blog\/motogp-catalogne-2025-alex-marquez-en-pole-position-devant-fabio-quartararo\/\",\"url\":\"https:\/\/dicodusport.fr\/blog\/motogp-catalogne-2025-alex-marquez-en-pole-position-devant-fabio-quartararo\/\",\"name\":\"MotoGP Catalogne 2025 : Alex Marquez en pole position devant Fabio Quartararo\",\"isPartOf\":{\"@id\":\"https:\/\/dicodusport.fr\/blog\/#website\"},\"primaryImageOfPage\":{\"@id\":\"https:\/\/dicodusport.fr\/blog\/motogp-catalogne-2025-alex-marquez-en-pole-position-devant-fabio-quartararo\/#primaryimage\"},\"image\":{\"@id\":\"https:\/\/dicodusport.fr\/blog\/motogp-catalogne-2025-alex-marquez-en-pole-position-devant-fabio-quartararo\/#primaryimage\"},\"thumbnailUrl\":\"https:\/\/dicodusport.fr\/blog\/wp-content\/uploads\/2025\/09\/MotoGP-Catalogne-2025-Alex-Marquez-en-pole-position-devant-Fabio-Quartararo.png\",\"datePublished\":\"2025-09-06T09:38:04+00:00\",\"dateModified\":\"2025-09-06T10:15:05+00:00\",\"description\":\"MOTOGP - GRAND PRIX DE CATALOGNE 2025 - L'Espagnol Alex Marquez (Gresini) s'est empar\u00e9 de la pole position sur le circuit de Barcelone.\",\"breadcrumb\":{\"@id\":\"https:\/\/dicodusport.fr\/blog\/motogp-catalogne-2025-alex-marquez-en-pole-position-devant-fabio-quartararo\/#breadcrumb\"},\"inLanguage\":\"fr-FR\",\"potentialAction\":[{\"@type\":\"ReadAction\",\"target\":[\"https:\/\/dicodusport.fr\/blog\/motogp-catalogne-2025-alex-marquez-en-pole-position-devant-fabio-quartararo\/\"]}]},{\"@type\":\"ImageObject\",\"inLanguage\":\"fr-FR\",\"@id\":\"https:\/\/dicodusport.fr\/blog\/motogp-catalogne-2025-alex-marquez-en-pole-position-devant-fabio-quartararo\/#primaryimage\",\"url\":\"https:\/\/dicodusport.fr\/blog\/wp-content\/uploads\/2025\/09\/MotoGP-Catalogne-2025-Alex-Marquez-en-pole-position-devant-Fabio-Quartararo.png\",\"contentUrl\":\"https:\/\/dicodusport.fr\/blog\/wp-content\/uploads\/2025\/09\/MotoGP-Catalogne-2025-Alex-Marquez-en-pole-position-devant-Fabio-Quartararo.png\",\"width\":1200,\"height\":674,\"caption\":\"MotoGP Catalogne 2025 Alex Marquez en pole position devant Fabio Quartararo\"},{\"@type\":\"BreadcrumbList\",\"@id\":\"https:\/\/dicodusport.fr\/blog\/motogp-catalogne-2025-alex-marquez-en-pole-position-devant-fabio-quartararo\/#breadcrumb\",\"itemListElement\":[{\"@type\":\"ListItem\",\"position\":1,\"name\":\"Accueil\",\"item\":\"https:\/\/dicodusport.fr\/blog\/\"},{\"@type\":\"ListItem\",\"position\":2,\"name\":\"MotoGP Catalogne 2025 : Alex Marquez en pole position devant Fabio Quartararo\"}]},{\"@type\":\"WebSite\",\"@id\":\"https:\/\/dicodusport.fr\/blog\/#website\",\"url\":\"https:\/\/dicodusport.fr\/blog\/\",\"name\":\"Dicodusport\",\"description\":\"L&#039;encyclop\u00e9die de l&#039;actualit\u00e9 sportive\",\"publisher\":{\"@id\":\"https:\/\/dicodusport.fr\/blog\/#organization\"},\"potentialAction\":[{\"@type\":\"SearchAction\",\"target\":{\"@type\":\"EntryPoint\",\"urlTemplate\":\"https:\/\/dicodusport.fr\/blog\/?s={search_term_string}\"},\"query-input\":{\"@type\":\"PropertyValueSpecification\",\"valueRequired\":true,\"valueName\":\"search_term_string\"}}],\"inLanguage\":\"fr-FR\"},{\"@type\":\"NewsMediaOrganization\",\"@id\":\"https:\/\/dicodusport.fr\/blog\/#organization\",\"name\":\"Dicodusport\",\"url\":\"https:\/\/dicodusport.fr\/blog\/\",\"logo\":{\"@type\":\"ImageObject\",\"inLanguage\":\"fr-FR\",\"@id\":\"https:\/\/dicodusport.fr\/blog\/#\/schema\/logo\/image\/\",\"url\":\"https:\/\/dicodusport.fr\/blog\/wp-content\/uploads\/2020\/06\/cropped-LOGO-DICODUSPORT-2020-SANS-FOND-SANS-TEXTE.png\",\"contentUrl\":\"https:\/\/dicodusport.fr\/blog\/wp-content\/uploads\/2020\/06\/cropped-LOGO-DICODUSPORT-2020-SANS-FOND-SANS-TEXTE.png\",\"width\":512,\"height\":512,\"caption\":\"Dicodusport\"},\"image\":{\"@id\":\"https:\/\/dicodusport.fr\/blog\/#\/schema\/logo\/image\/\"},\"sameAs\":[\"https:\/\/www.facebook.com\/dicodusport\",\"https:\/\/x.com\/dicodusport\",\"https:\/\/www.instagram.com\/dicodusport\/\",\"https:\/\/www.youtube.com\/channel\/UC7V2KZ5sd3htJivAbA4ZG3w\"],\"description\":\"Dicodusport est l'encyclop\u00e9die de l'actualit\u00e9 sportive.\",\"email\":\"bonjour@dicodusport.fr\",\"legalName\":\"DICODUSPORT\",\"foundingDate\":\"2018-01-14\",\"vatID\":\"FR71834470973\",\"taxID\":\"83447097300043\",\"numberOfEmployees\":{\"@type\":\"QuantitativeValue\",\"minValue\":\"1\",\"maxValue\":\"10\"}},{\"@type\":\"Person\",\"@id\":\"https:\/\/dicodusport.fr\/blog\/#\/schema\/person\/819fb2545dd2715bd7c0580d6d4b411a\",\"name\":\"Roxane Lecacher\",\"image\":{\"@type\":\"ImageObject\",\"inLanguage\":\"fr-FR\",\"@id\":\"https:\/\/dicodusport.fr\/blog\/#\/schema\/person\/image\/\",\"url\":\"https:\/\/dicodusport.fr\/blog\/wp-content\/uploads\/2021\/05\/Roxane-Lecacher-150x150.jpg\",\"contentUrl\":\"https:\/\/dicodusport.fr\/blog\/wp-content\/uploads\/2021\/05\/Roxane-Lecacher-150x150.jpg\",\"caption\":\"Roxane Lecacher\"},\"description\":\"Journaliste\/r\u00e9dactrice depuis janvier 2021 - N\u00e9e quelques jours avant la premi\u00e8re \u00e9toile des Bleus, je baigne dans une famille tr\u00e8s sportive. Je n\u2019ai eu d\u2019autres choix que de me passionner pour le sujet. Pratiquante de l\u2019athl\u00e9tisme depuis toute petite, j\u2019ai aussi un attrait tout particulier pour la Formule 1, le biathlon et le foot. Pendant les grands \u00e9v\u00e9nements, il est impossible de d\u00e9crocher de ma t\u00e9l\u00e9. C\u2019est \u00e0 travers Dicodusport que j\u2019aime d\u00e9sormais vous transmettre mes \u00e9motions et ma passion.\",\"sameAs\":[\"https:\/\/www.facebook.com\/roxane.lecacher\",\"https:\/\/fr.linkedin.com\/in\/roxane-lecacher-23368313b\"],\"url\":\"https:\/\/dicodusport.fr\/blog\/author\/roxanel\/\"}]}<\/script>\n<!-- \/ Yoast SEO Premium plugin. -->","yoast_head_json":{"title":"MotoGP Catalogne 2025 : Alex Marquez en pole position devant Fabio Quartararo","description":"MOTOGP - GRAND PRIX DE CATALOGNE 2025 - L'Espagnol Alex Marquez (Gresini) s'est empar\u00e9 de la pole position sur le circuit de Barcelone.","robots":{"index":"index","follow":"follow","max-snippet":"max-snippet:-1","max-image-preview":"max-image-preview:large","max-video-preview":"max-video-preview:-1"},"canonical":"https:\/\/dicodusport.fr\/blog\/motogp-catalogne-2025-alex-marquez-en-pole-position-devant-fabio-quartararo\/","og_locale":"fr_FR","og_type":"article","og_title":"MotoGP Catalogne 2025 : Alex Marquez en pole position devant Fabio Quartararo","og_description":"MOTOGP - GRAND PRIX DE CATALOGNE 2025 - L'Espagnol Alex Marquez (Gresini) s'est empar\u00e9 de la pole position sur le circuit de Barcelone.","og_url":"https:\/\/dicodusport.fr\/blog\/motogp-catalogne-2025-alex-marquez-en-pole-position-devant-fabio-quartararo\/","og_site_name":"Dicodusport","article_publisher":"https:\/\/www.facebook.com\/dicodusport","article_author":"https:\/\/www.facebook.com\/roxane.lecacher","article_published_time":"2025-09-06T09:38:04+00:00","article_modified_time":"2025-09-06T10:15:05+00:00","og_image":[{"width":1200,"height":674,"url":"https:\/\/dicodusport.fr\/blog\/wp-content\/uploads\/2025\/09\/MotoGP-Catalogne-2025-Alex-Marquez-en-pole-position-devant-Fabio-Quartararo.png","type":"image\/png"}],"author":"Roxane Lecacher","twitter_card":"summary_large_image","twitter_title":"MotoGP Catalogne 2025 : Alex Marquez en pole position devant Fabio Quartararo","twitter_creator":"@dicodusport","twitter_site":"@dicodusport","schema":{"@context":"https:\/\/schema.org","@graph":[{"@type":"NewsArticle","@id":"https:\/\/dicodusport.fr\/blog\/motogp-catalogne-2025-alex-marquez-en-pole-position-devant-fabio-quartararo\/#article","isPartOf":{"@id":"https:\/\/dicodusport.fr\/blog\/motogp-catalogne-2025-alex-marquez-en-pole-position-devant-fabio-quartararo\/"},"author":{"name":"Roxane Lecacher","@id":"https:\/\/dicodusport.fr\/blog\/#\/schema\/person\/819fb2545dd2715bd7c0580d6d4b411a"},"headline":"MotoGP Catalogne 2025 : Alex Marquez en pole position devant Fabio Quartararo","datePublished":"2025-09-06T09:38:04+00:00","dateModified":"2025-09-06T10:15:05+00:00","mainEntityOfPage":{"@id":"https:\/\/dicodusport.fr\/blog\/motogp-catalogne-2025-alex-marquez-en-pole-position-devant-fabio-quartararo\/"},"wordCount":468,"commentCount":0,"publisher":{"@id":"https:\/\/dicodusport.fr\/blog\/#organization"},"image":{"@id":"https:\/\/dicodusport.fr\/blog\/motogp-catalogne-2025-alex-marquez-en-pole-position-devant-fabio-quartararo\/#primaryimage"},"thumbnailUrl":"https:\/\/dicodusport.fr\/blog\/wp-content\/uploads\/2025\/09\/MotoGP-Catalogne-2025-Alex-Marquez-en-pole-position-devant-Fabio-Quartararo.png","keywords":["actu","br\u00e8ve","Grand Prix de Catalogne","Grand Prix de Catalogne MotoGP","MotoGP Barcelone"],"articleSection":["MotoGP"],"inLanguage":"fr-FR","potentialAction":[{"@type":"CommentAction","name":"Comment","target":["https:\/\/dicodusport.fr\/blog\/motogp-catalogne-2025-alex-marquez-en-pole-position-devant-fabio-quartararo\/#respond"]}],"copyrightYear":"2025","copyrightHolder":{"@id":"https:\/\/dicodusport.fr\/blog\/#organization"}},{"@type":"WebPage","@id":"https:\/\/dicodusport.fr\/blog\/motogp-catalogne-2025-alex-marquez-en-pole-position-devant-fabio-quartararo\/","url":"https:\/\/dicodusport.fr\/blog\/motogp-catalogne-2025-alex-marquez-en-pole-position-devant-fabio-quartararo\/","name":"MotoGP Catalogne 2025 : Alex Marquez en pole position devant Fabio Quartararo","isPartOf":{"@id":"https:\/\/dicodusport.fr\/blog\/#website"},"primaryImageOfPage":{"@id":"https:\/\/dicodusport.fr\/blog\/motogp-catalogne-2025-alex-marquez-en-pole-position-devant-fabio-quartararo\/#primaryimage"},"image":{"@id":"https:\/\/dicodusport.fr\/blog\/motogp-catalogne-2025-alex-marquez-en-pole-position-devant-fabio-quartararo\/#primaryimage"},"thumbnailUrl":"https:\/\/dicodusport.fr\/blog\/wp-content\/uploads\/2025\/09\/MotoGP-Catalogne-2025-Alex-Marquez-en-pole-position-devant-Fabio-Quartararo.png","datePublished":"2025-09-06T09:38:04+00:00","dateModified":"2025-09-06T10:15:05+00:00","description":"MOTOGP - GRAND PRIX DE CATALOGNE 2025 - L'Espagnol Alex Marquez (Gresini) s'est empar\u00e9 de la pole position sur le circuit de Barcelone.","breadcrumb":{"@id":"https:\/\/dicodusport.fr\/blog\/motogp-catalogne-2025-alex-marquez-en-pole-position-devant-fabio-quartararo\/#breadcrumb"},"inLanguage":"fr-FR","potentialAction":[{"@type":"ReadAction","target":["https:\/\/dicodusport.fr\/blog\/motogp-catalogne-2025-alex-marquez-en-pole-position-devant-fabio-quartararo\/"]}]},{"@type":"ImageObject","inLanguage":"fr-FR","@id":"https:\/\/dicodusport.fr\/blog\/motogp-catalogne-2025-alex-marquez-en-pole-position-devant-fabio-quartararo\/#primaryimage","url":"https:\/\/dicodusport.fr\/blog\/wp-content\/uploads\/2025\/09\/MotoGP-Catalogne-2025-Alex-Marquez-en-pole-position-devant-Fabio-Quartararo.png","contentUrl":"https:\/\/dicodusport.fr\/blog\/wp-content\/uploads\/2025\/09\/MotoGP-Catalogne-2025-Alex-Marquez-en-pole-position-devant-Fabio-Quartararo.png","width":1200,"height":674,"caption":"MotoGP Catalogne 2025 Alex Marquez en pole position devant Fabio Quartararo"},{"@type":"BreadcrumbList","@id":"https:\/\/dicodusport.fr\/blog\/motogp-catalogne-2025-alex-marquez-en-pole-position-devant-fabio-quartararo\/#breadcrumb","itemListElement":[{"@type":"ListItem","position":1,"name":"Accueil","item":"https:\/\/dicodusport.fr\/blog\/"},{"@type":"ListItem","position":2,"name":"MotoGP Catalogne 2025 : Alex Marquez en pole position devant Fabio Quartararo"}]},{"@type":"WebSite","@id":"https:\/\/dicodusport.fr\/blog\/#website","url":"https:\/\/dicodusport.fr\/blog\/","name":"Dicodusport","description":"L&#039;encyclop\u00e9die de l&#039;actualit\u00e9 sportive","publisher":{"@id":"https:\/\/dicodusport.fr\/blog\/#organization"},"potentialAction":[{"@type":"SearchAction","target":{"@type":"EntryPoint","urlTemplate":"https:\/\/dicodusport.fr\/blog\/?s={search_term_string}"},"query-input":{"@type":"PropertyValueSpecification","valueRequired":true,"valueName":"search_term_string"}}],"inLanguage":"fr-FR"},{"@type":"NewsMediaOrganization","@id":"https:\/\/dicodusport.fr\/blog\/#organization","name":"Dicodusport","url":"https:\/\/dicodusport.fr\/blog\/","logo":{"@type":"ImageObject","inLanguage":"fr-FR","@id":"https:\/\/dicodusport.fr\/blog\/#\/schema\/logo\/image\/","url":"https:\/\/dicodusport.fr\/blog\/wp-content\/uploads\/2020\/06\/cropped-LOGO-DICODUSPORT-2020-SANS-FOND-SANS-TEXTE.png","contentUrl":"https:\/\/dicodusport.fr\/blog\/wp-content\/uploads\/2020\/06\/cropped-LOGO-DICODUSPORT-2020-SANS-FOND-SANS-TEXTE.png","width":512,"height":512,"caption":"Dicodusport"},"image":{"@id":"https:\/\/dicodusport.fr\/blog\/#\/schema\/logo\/image\/"},"sameAs":["https:\/\/www.facebook.com\/dicodusport","https:\/\/x.com\/dicodusport","https:\/\/www.instagram.com\/dicodusport\/","https:\/\/www.youtube.com\/channel\/UC7V2KZ5sd3htJivAbA4ZG3w"],"description":"Dicodusport est l'encyclop\u00e9die de l'actualit\u00e9 sportive.","email":"bonjour@dicodusport.fr","legalName":"DICODUSPORT","foundingDate":"2018-01-14","vatID":"FR71834470973","taxID":"83447097300043","numberOfEmployees":{"@type":"QuantitativeValue","minValue":"1","maxValue":"10"}},{"@type":"Person","@id":"https:\/\/dicodusport.fr\/blog\/#\/schema\/person\/819fb2545dd2715bd7c0580d6d4b411a","name":"Roxane Lecacher","image":{"@type":"ImageObject","inLanguage":"fr-FR","@id":"https:\/\/dicodusport.fr\/blog\/#\/schema\/person\/image\/","url":"https:\/\/dicodusport.fr\/blog\/wp-content\/uploads\/2021\/05\/Roxane-Lecacher-150x150.jpg","contentUrl":"https:\/\/dicodusport.fr\/blog\/wp-content\/uploads\/2021\/05\/Roxane-Lecacher-150x150.jpg","caption":"Roxane Lecacher"},"description":"Journaliste\/r\u00e9dactrice depuis janvier 2021 - N\u00e9e quelques jours avant la premi\u00e8re \u00e9toile des Bleus, je baigne dans une famille tr\u00e8s sportive. Je n\u2019ai eu d\u2019autres choix que de me passionner pour le sujet. Pratiquante de l\u2019athl\u00e9tisme depuis toute petite, j\u2019ai aussi un attrait tout particulier pour la Formule 1, le biathlon et le foot. Pendant les grands \u00e9v\u00e9nements, il est impossible de d\u00e9crocher de ma t\u00e9l\u00e9. C\u2019est \u00e0 travers Dicodusport que j\u2019aime d\u00e9sormais vous transmettre mes \u00e9motions et ma passion.","sameAs":["https:\/\/www.facebook.com\/roxane.lecacher","https:\/\/fr.linkedin.com\/in\/roxane-lecacher-23368313b"],"url":"https:\/\/dicodusport.fr\/blog\/author\/roxanel\/"}]}},"_links":{"self":[{"href":"https:\/\/dicodusport.fr\/blog\/wp-json\/wp\/v2\/posts\/608719","targetHints":{"allow":["GET"]}}],"collection":[{"href":"https:\/\/dicodusport.fr\/blog\/wp-json\/wp\/v2\/posts"}],"about":[{"href":"https:\/\/dicodusport.fr\/blog\/wp-json\/wp\/v2\/types\/post"}],"author":[{"embeddable":true,"href":"https:\/\/dicodusport.fr\/blog\/wp-json\/wp\/v2\/users\/54"}],"replies":[{"embeddable":true,"href":"https:\/\/dicodusport.fr\/blog\/wp-json\/wp\/v2\/comments?post=608719"}],"version-history":[{"count":5,"href":"https:\/\/dicodusport.fr\/blog\/wp-json\/wp\/v2\/posts\/608719\/revisions"}],"predecessor-version":[{"id":608760,"href":"https:\/\/dicodusport.fr\/blog\/wp-json\/wp\/v2\/posts\/608719\/revisions\/608760"}],"wp:featuredmedia":[{"embeddable":true,"href":"https:\/\/dicodusport.fr\/blog\/wp-json\/wp\/v2\/media\/608730"}],"wp:attachment":[{"href":"https:\/\/dicodusport.fr\/blog\/wp-json\/wp\/v2\/media?parent=608719"}],"wp:term":[{"taxonomy":"category","embeddable":true,"href":"https:\/\/dicodusport.fr\/blog\/wp-json\/wp\/v2\/categories?post=608719"},{"taxonomy":"post_tag","embeddable":true,"href":"https:\/\/dicodusport.fr\/blog\/wp-json\/wp\/v2\/tags?post=608719"}],"curies":[{"name":"wp","href":"https:\/\/api.w.org\/{rel}","templated":true}]}}