{"id":608873,"date":"2025-09-06T17:51:56","date_gmt":"2025-09-06T15:51:56","guid":{"rendered":"https:\/\/dicodusport.fr\/blog\/?p=608873&#038;preview=true&#038;preview_id=608873"},"modified":"2025-09-06T18:00:11","modified_gmt":"2025-09-06T16:00:11","slug":"14eme-etape-tour-despagne-2025-marc-soler-simpose-a-lalto-de-la-farrapona","status":"publish","type":"post","link":"https:\/\/dicodusport.fr\/blog\/14eme-etape-tour-despagne-2025-marc-soler-simpose-a-lalto-de-la-farrapona\/","title":{"rendered":"14\u00e8me \u00e9tape Tour d&rsquo;Espagne 2025 : Marc Soler s&rsquo;impose \u00e0 l&rsquo;Alto de La Farrapona"},"content":{"rendered":"<p style=\"text-align: justify;\"><strong><em>TOUR D&rsquo;ESPAGNE 2025 &#8211; Marc Soler (UAE Team Emirates XRG) a remport\u00e9 la 14\u00e8me \u00e9tape au sommet de l&rsquo;Alto de La Farrapona. C&rsquo;est la septi\u00e8me victoire d&rsquo;\u00e9tape de l&rsquo;\u00e9quipe \u00e9miratie sur cette \u00e9dition. Jonas Vingegaard (Visma Lease a Bike) garde le maillot rouge.\u00a0<\/em><\/strong><\/p>\n<p style=\"text-align: justify;\">La <strong>14\u00e8me \u00e9tape de La Vuelta<\/strong> a termin\u00e9 une parenth\u00e8se \u00e9prouvante de deux jours dans les montagnes escarp\u00e9es des Asturies avec 135 kilom\u00e8tres au programme entre <strong>Avil\u00e9s<\/strong> et l&rsquo;<strong>Alto de la Farrapona<\/strong>. Les coureurs avaient \u00e0 gravir l&rsquo;<strong>Alto Tenebreo<\/strong> &#8211; 5,8 km \u00e0 6,5 %, le <strong>Puerto de San Lorenzo <\/strong>&#8211; 10 kilom\u00e8tres avec une pente moyenne de 8,6 % et l&rsquo;<strong>Alto de la Farrapona <\/strong>&#8211; 16,5 kilom\u00e8tres avec une pente moyenne de 6,2 % avec 5 derniers kilom\u00e8tres \u00e9prouvants, entre 8 et 12 %.<\/p>\n<ul style=\"text-align: justify;\">\n<li style=\"text-align: justify;\"><strong>\u00c0 ce sujet \u2013\u00a0<a href=\"https:\/\/dicodusport.fr\/blog\/14eme-etape-tour-despagne-2025-classement-et-resultats\/\">Vuelta : le classement de la 14\u00e8me \u00e9tape du Tour d&rsquo;Espagne 2025<\/a><\/strong><\/li>\n<li><strong>\u00c0 ce sujet \u2013\u00a0<a href=\"https:\/\/dicodusport.fr\/blog\/vuelta-classement-general-tour-despagne-2025-mis-a-jour\/\" rel=\"\">Vuelta : Classement g\u00e9n\u00e9ral Tour d\u2019Espagne 2025 mis \u00e0 jour<\/a><\/strong><\/li>\n<\/ul>\n<p style=\"text-align: justify;\">D&rsquo;abord, comme la veille, une \u00e9chapp\u00e9e importante s&rsquo;est form\u00e9e dans la longue portion de plaine en d\u00e9but d&rsquo;\u00e9tape avec 24 coureurs : <strong>Mikkel Bjerg, Marc Soler<\/strong> (UAE Team Emirates XRG), <strong>Victor Campenaerts<\/strong> (Visma-Lease a Bike), <strong>Andrea Bagioli, Carlos Verona<\/strong> (Lidl-Trek), <strong>Jefferson Cepeda<\/strong> (Movistar), <strong>Nico Denz, Tim Van Dijke<\/strong> (Red Bull-Bora-Hansgrohe), <strong>Gianmarco Garofoli<\/strong> (Soudal Quick-Step), <strong>James Shaw<\/strong> (EF Education-EasyPost), <strong>Bruno Armirail, Jordan Labrosse, L\u00e9o Bisiaux, Johannes Staune-Mittet<\/strong> (Decathlon AG2R La Mondiale), <strong>Finlay Pickering<\/strong> (Bahrain-Victorious), <strong>Fausto Masnada<\/strong> (XDS Astana), <strong>Pierre Thierry<\/strong> (Ark\u00e9a-B&amp;B Hotels), <strong>Sergio Samitier, Jesus Herrada<\/strong> (Cofidis), <strong>Dion Smith<\/strong> (Intermarch\u00e9-Wanty), <strong>Xabier Mikel Azparren<\/strong> (Q36.5 Pro Cycling), <strong>Kevin Vermaerke, Gijs Leemreize<\/strong> (Picnic PostNL) et <strong>Jan Hirt<\/strong> (Israel-Premier Tech). Leur avance est mont\u00e9e jusqu&rsquo;\u00e0 6 minutes sur un peloton emmen\u00e9 par l&rsquo;\u00e9quipe Visma Lease a Bike.<\/p>\n<p style=\"text-align: justify;\">Ensuite, <strong>Marc Soler<\/strong> a franchi en premi\u00e8re position au sommet de l&rsquo;Alto Tenebreo tandis que <strong>Dion Smith<\/strong> a remport\u00e9 le sprint interm\u00e9diaire d&rsquo;Entragu. Malheureusement pour l&rsquo;\u00e9chapp\u00e9e, l&rsquo;\u00e9quipe UAE Team Emirates XRG a pris les commandes du peloton dans le Puertu de San Llaurienzu. Des coureurs plac\u00e9s au g\u00e9n\u00e9ral n&rsquo;ont pas pu s&rsquo;accrocher au peloton principal tels que <strong>Santiago Buitrago<\/strong> (Bahrain Victorious), <strong>Junior Lecerf<\/strong> (Soudal Quick-Step), <strong>Giulio Ciccone<\/strong> (Lidl-Trek) et <strong>Egan Bernal<\/strong> (INEOS Grenadiers) alors qu&rsquo;ils n&rsquo;\u00e9taient plus que 12 coureurs \u00e0 l&rsquo;avant de la course avec 3 minutes et 20 secondes d&rsquo;avance.<\/p>\n<p style=\"text-align: justify;\">Apr\u00e8s avoir franchi en t\u00eate l&rsquo;avant-derni\u00e8re ascension du jour, <strong>James Shaw<\/strong> s&rsquo;est isol\u00e9 dans la descente. Mais, le coureur britannique a \u00e9t\u00e9 repris en bas de la descente par le groupe de chasse compos\u00e9 de <strong>Bruno Armirail, L\u00e9o Bisiaux, Johannes Staune-Mittet, Carlos Verona, Marc Soler, Finlay Pickering, Sergio Samitier, Jan Hirt, Gianmarco Garofoli<\/strong> et <strong>Kevin Vermaerke<\/strong>.<\/p>\n<p style=\"text-align: justify;\">D\u00e8s le pied de la mont\u00e9e finale, <strong>Marc Soler<\/strong> s&rsquo;est isol\u00e9 \u00e0 l&rsquo;avant de la course en faisant notamment exploser Johannes Staune-Mittet. Au sein du groupe maillot rouge,<strong> Jay Vine<\/strong> et <strong>Felix Grosschartner<\/strong> ont provoqu\u00e9 une s\u00e9lection avec neuf coureurs, tous issus du top 10, \u00e0 l&rsquo;exception de <strong>Giulio Ciccone<\/strong>. Apr\u00e8s un relai de <strong>Giulio Pellizarri<\/strong> et apr\u00e8s avoir repris <strong>Finlay Pickering<\/strong>, <strong>Jai Hindley<\/strong> (Red Bull-Bora Hansgrohe) a lanc\u00e9 une offensive pour prendre du temps \u00e0 <strong>Tom Pidcock<\/strong> (Q36.5 Pro Cycling) dans la lutte pour le podium du g\u00e9n\u00e9ral.<\/p>\n<p style=\"text-align: justify;\">Finalement,<strong> Marc Soler<\/strong> s&rsquo;est impos\u00e9 pour la quatri\u00e8me fois en carri\u00e8re sur son Tour national apr\u00e8s un effort en solitaire tout au long de la mont\u00e9e malgr\u00e9 le vent de face. <strong>Jonas Vingegaard<\/strong> (Visma Lease a Bike) a pris la deuxi\u00e8me place ainsi que les bonifications, devant <strong>Jo\u00e3o Almeida<\/strong> (UAE Team Emirates XRG). Quatri\u00e8me de l&rsquo;\u00e9tape \u00e0 43 secondes, <strong>Jai Hindley<\/strong> a r\u00e9cup\u00e9r\u00e9 10 secondes sur <strong>Tom Pidcock<\/strong>.<\/p>\n<p style=\"text-align: justify;\">Au classement g\u00e9n\u00e9ral, <strong>Jonas Vingegaard<\/strong> compte 48 secondes d&rsquo;avance sur <strong>Jo\u00e3o Almeida<\/strong> et 2 minutes 38 sur <strong>Tom Pidcock<\/strong>. <strong>Jai Hindley<\/strong> est quatri\u00e8me \u00e0 3 minutes 10 devant <strong>Felix Gall<\/strong>, cinqui\u00e8me \u00e0 3 minutes 30.<\/p>\n<div class=\"flex items-center gap-4 py-0.5 border-b last:border-none border-gray\" style=\"text-align: justify;\">\n<hr \/>\n<\/div>\n<ul style=\"text-align: justify;\">\n<li style=\"text-align: justify;\"><strong>\u00c0 ce sujet \u2013\u00a0<a href=\"https:\/\/dicodusport.fr\/blog\/actualites\/cyclisme\/cyclisme-sur-route-2024\/\">L\u2019actualit\u00e9 du cyclisme<\/a><\/strong><\/li>\n<\/ul>\n<div class=\"vlp-link-container vlp-layout-article\"><a href=\"https:\/\/dicodusport.fr\/blog\/cyclisme-mercato-2025-2026-le-tableau-des-transferts\/\" class=\"vlp-link\" title=\"Cyclisme Mercato 2025-2026 - Le tableau des transferts\"><\/a><div class=\"vlp-layout-zone-side\"><div class=\"vlp-block-4 vlp-link-image\"><img loading=\"lazy\" decoding=\"async\" style=\"max-width: 792px;\" width=\"792\" height=\"445\" src=\"https:\/\/dicodusport.fr\/blog\/wp-content\/uploads\/2025\/02\/Cyclisme-Mercato-2025-2026-Le-tableau-des-transferts.png\" class=\"attachment-800x445 size-800x445\" alt=\"Cyclisme Mercato 2025-2026 - Le tableau des transferts\" srcset=\"https:\/\/dicodusport.fr\/blog\/wp-content\/uploads\/2025\/02\/Cyclisme-Mercato-2025-2026-Le-tableau-des-transferts.png 1200w, https:\/\/dicodusport.fr\/blog\/wp-content\/uploads\/2025\/02\/Cyclisme-Mercato-2025-2026-Le-tableau-des-transferts-300x169.png 300w, https:\/\/dicodusport.fr\/blog\/wp-content\/uploads\/2025\/02\/Cyclisme-Mercato-2025-2026-Le-tableau-des-transferts-1024x575.png 1024w, https:\/\/dicodusport.fr\/blog\/wp-content\/uploads\/2025\/02\/Cyclisme-Mercato-2025-2026-Le-tableau-des-transferts-768x431.png 768w\" sizes=\"auto, (max-width: 792px) 100vw, 792px\" \/><\/div><\/div><div class=\"vlp-layout-zone-main\"><div class=\"vlp-block-0 vlp-link-title\">Cyclisme Mercato 2025-2026 - Le tableau des transferts<\/div><div class=\"vlp-block-1 vlp-link-summary\">MERCATO CYCLISME 2025-2026 - D\u00e9couvrez les transferts officiels et les rumeurs du mercato cycliste.<\/div><div class=\"vlp-block-2 vlp-link-button\">Lire l'article<\/div><div class=\"vlp-block-3 vlp-link-url\">dicodusport.fr<\/div><\/div><\/div>\n","protected":false},"excerpt":{"rendered":"<p>TOUR D&rsquo;ESPAGNE 2025 &#8211; Marc Soler (UAE Team Emirates XRG) a remport\u00e9 la 14\u00e8me \u00e9tape au sommet de l&rsquo;Alto de La Farrapona. C&rsquo;est la septi\u00e8me victoire d&rsquo;\u00e9tape de l&rsquo;\u00e9quipe \u00e9miratie sur cette \u00e9dition. Jonas Vingegaard (Visma Lease a Bike) garde le maillot rouge.\u00a0<\/p>\n","protected":false},"author":48,"featured_media":608915,"comment_status":"open","ping_status":"closed","sticky":false,"template":"","format":"standard","meta":{"_acf_changed":false,"_daextam_enable_autolinks":"1","footnotes":""},"categories":[47042],"tags":[16878,574,11197,1671,1670],"class_list":["post-608873","post","type-post","status-publish","format-standard","has-post-thumbnail","hentry","category-tour-d-espagne","tag-breve","tag-cyclisme","tag-cyclisme-sur-route","tag-tour-despagne","tag-vuelta"],"acf":[],"yoast_head":"<!-- This site is optimized with the Yoast SEO Premium plugin v26.7 (Yoast SEO v26.7) - https:\/\/yoast.com\/wordpress\/plugins\/seo\/ -->\n<title>14\u00e8me \u00e9tape Tour d&#039;Espagne 2025 : Marc Soler s&#039;impose \u00e0 l&#039;Alto de La Farrapona<\/title>\n<meta name=\"description\" content=\"TOUR D&#039;ESPAGNE 2025 - Marc Soler (UAE Team Emirates XRG) a remport\u00e9 la 14\u00e8me \u00e9tape au sommet de l&#039;Alto de La Farrapona.\" \/>\n<meta name=\"robots\" content=\"index, follow, max-snippet:-1, max-image-preview:large, max-video-preview:-1\" \/>\n<link rel=\"canonical\" href=\"https:\/\/dicodusport.fr\/blog\/14eme-etape-tour-despagne-2025-marc-soler-simpose-a-lalto-de-la-farrapona\/\" \/>\n<meta property=\"og:locale\" content=\"fr_FR\" \/>\n<meta property=\"og:type\" content=\"article\" \/>\n<meta property=\"og:title\" content=\"14\u00e8me \u00e9tape Tour d&#039;Espagne 2025 : Marc Soler s&#039;impose \u00e0 l&#039;Alto de La Farrapona\" \/>\n<meta property=\"og:description\" content=\"TOUR D&#039;ESPAGNE 2025 - Marc Soler (UAE Team Emirates XRG) a remport\u00e9 la 14\u00e8me \u00e9tape au sommet de l&#039;Alto de La Farrapona.\" \/>\n<meta property=\"og:url\" content=\"https:\/\/dicodusport.fr\/blog\/14eme-etape-tour-despagne-2025-marc-soler-simpose-a-lalto-de-la-farrapona\/\" \/>\n<meta property=\"og:site_name\" content=\"Dicodusport\" \/>\n<meta property=\"article:publisher\" content=\"https:\/\/www.facebook.com\/dicodusport\" \/>\n<meta property=\"article:author\" content=\"https:\/\/www.facebook.com\/groups\/LesRoisDuPeloton\" \/>\n<meta property=\"article:published_time\" content=\"2025-09-06T15:51:56+00:00\" \/>\n<meta property=\"article:modified_time\" content=\"2025-09-06T16:00:11+00:00\" \/>\n<meta property=\"og:image\" content=\"https:\/\/dicodusport.fr\/blog\/wp-content\/uploads\/2025\/09\/14eme-etape-Tour-dEspagne-2025-Marc-Soler-simpose-a-lAlto-de-La-Farrapona.png\" \/>\n\t<meta property=\"og:image:width\" content=\"1200\" \/>\n\t<meta property=\"og:image:height\" content=\"674\" \/>\n\t<meta property=\"og:image:type\" content=\"image\/png\" \/>\n<meta name=\"author\" content=\"Emilien Descampiaux\" \/>\n<meta name=\"twitter:card\" content=\"summary_large_image\" \/>\n<meta name=\"twitter:creator\" content=\"@https:\/\/twitter.com\/LRoisDuPeloton\" \/>\n<meta name=\"twitter:site\" content=\"@dicodusport\" \/>\n<script type=\"application\/ld+json\" class=\"yoast-schema-graph\">{\"@context\":\"https:\/\/schema.org\",\"@graph\":[{\"@type\":\"NewsArticle\",\"@id\":\"https:\/\/dicodusport.fr\/blog\/14eme-etape-tour-despagne-2025-marc-soler-simpose-a-lalto-de-la-farrapona\/#article\",\"isPartOf\":{\"@id\":\"https:\/\/dicodusport.fr\/blog\/14eme-etape-tour-despagne-2025-marc-soler-simpose-a-lalto-de-la-farrapona\/\"},\"author\":{\"name\":\"Emilien Descampiaux\",\"@id\":\"https:\/\/dicodusport.fr\/blog\/#\/schema\/person\/6db4bae06b171592211be385b32876a7\"},\"headline\":\"14\u00e8me \u00e9tape Tour d&rsquo;Espagne 2025 : Marc Soler s&rsquo;impose \u00e0 l&rsquo;Alto de La Farrapona\",\"datePublished\":\"2025-09-06T15:51:56+00:00\",\"dateModified\":\"2025-09-06T16:00:11+00:00\",\"mainEntityOfPage\":{\"@id\":\"https:\/\/dicodusport.fr\/blog\/14eme-etape-tour-despagne-2025-marc-soler-simpose-a-lalto-de-la-farrapona\/\"},\"wordCount\":757,\"commentCount\":0,\"publisher\":{\"@id\":\"https:\/\/dicodusport.fr\/blog\/#organization\"},\"image\":{\"@id\":\"https:\/\/dicodusport.fr\/blog\/14eme-etape-tour-despagne-2025-marc-soler-simpose-a-lalto-de-la-farrapona\/#primaryimage\"},\"thumbnailUrl\":\"https:\/\/dicodusport.fr\/blog\/wp-content\/uploads\/2025\/09\/14eme-etape-Tour-dEspagne-2025-Marc-Soler-simpose-a-lAlto-de-La-Farrapona.png\",\"keywords\":[\"br\u00e8ve\",\"Cyclisme\",\"Cyclisme sur route\",\"Tour d'Espagne\",\"Vuelta\"],\"articleSection\":[\"Tour d'Espagne\"],\"inLanguage\":\"fr-FR\",\"potentialAction\":[{\"@type\":\"CommentAction\",\"name\":\"Comment\",\"target\":[\"https:\/\/dicodusport.fr\/blog\/14eme-etape-tour-despagne-2025-marc-soler-simpose-a-lalto-de-la-farrapona\/#respond\"]}],\"copyrightYear\":\"2025\",\"copyrightHolder\":{\"@id\":\"https:\/\/dicodusport.fr\/blog\/#organization\"}},{\"@type\":\"WebPage\",\"@id\":\"https:\/\/dicodusport.fr\/blog\/14eme-etape-tour-despagne-2025-marc-soler-simpose-a-lalto-de-la-farrapona\/\",\"url\":\"https:\/\/dicodusport.fr\/blog\/14eme-etape-tour-despagne-2025-marc-soler-simpose-a-lalto-de-la-farrapona\/\",\"name\":\"14\u00e8me \u00e9tape Tour d'Espagne 2025 : Marc Soler s'impose \u00e0 l'Alto de La Farrapona\",\"isPartOf\":{\"@id\":\"https:\/\/dicodusport.fr\/blog\/#website\"},\"primaryImageOfPage\":{\"@id\":\"https:\/\/dicodusport.fr\/blog\/14eme-etape-tour-despagne-2025-marc-soler-simpose-a-lalto-de-la-farrapona\/#primaryimage\"},\"image\":{\"@id\":\"https:\/\/dicodusport.fr\/blog\/14eme-etape-tour-despagne-2025-marc-soler-simpose-a-lalto-de-la-farrapona\/#primaryimage\"},\"thumbnailUrl\":\"https:\/\/dicodusport.fr\/blog\/wp-content\/uploads\/2025\/09\/14eme-etape-Tour-dEspagne-2025-Marc-Soler-simpose-a-lAlto-de-La-Farrapona.png\",\"datePublished\":\"2025-09-06T15:51:56+00:00\",\"dateModified\":\"2025-09-06T16:00:11+00:00\",\"description\":\"TOUR D'ESPAGNE 2025 - Marc Soler (UAE Team Emirates XRG) a remport\u00e9 la 14\u00e8me \u00e9tape au sommet de l'Alto de La Farrapona.\",\"breadcrumb\":{\"@id\":\"https:\/\/dicodusport.fr\/blog\/14eme-etape-tour-despagne-2025-marc-soler-simpose-a-lalto-de-la-farrapona\/#breadcrumb\"},\"inLanguage\":\"fr-FR\",\"potentialAction\":[{\"@type\":\"ReadAction\",\"target\":[\"https:\/\/dicodusport.fr\/blog\/14eme-etape-tour-despagne-2025-marc-soler-simpose-a-lalto-de-la-farrapona\/\"]}]},{\"@type\":\"ImageObject\",\"inLanguage\":\"fr-FR\",\"@id\":\"https:\/\/dicodusport.fr\/blog\/14eme-etape-tour-despagne-2025-marc-soler-simpose-a-lalto-de-la-farrapona\/#primaryimage\",\"url\":\"https:\/\/dicodusport.fr\/blog\/wp-content\/uploads\/2025\/09\/14eme-etape-Tour-dEspagne-2025-Marc-Soler-simpose-a-lAlto-de-La-Farrapona.png\",\"contentUrl\":\"https:\/\/dicodusport.fr\/blog\/wp-content\/uploads\/2025\/09\/14eme-etape-Tour-dEspagne-2025-Marc-Soler-simpose-a-lAlto-de-La-Farrapona.png\",\"width\":1200,\"height\":674,\"caption\":\"14\u00e8me \u00e9tape Tour d'Espagne 2025 Marc Soler s'impose \u00e0 l'Alto de La Farrapona\"},{\"@type\":\"BreadcrumbList\",\"@id\":\"https:\/\/dicodusport.fr\/blog\/14eme-etape-tour-despagne-2025-marc-soler-simpose-a-lalto-de-la-farrapona\/#breadcrumb\",\"itemListElement\":[{\"@type\":\"ListItem\",\"position\":1,\"name\":\"Accueil\",\"item\":\"https:\/\/dicodusport.fr\/blog\/\"},{\"@type\":\"ListItem\",\"position\":2,\"name\":\"14\u00e8me \u00e9tape Tour d&rsquo;Espagne 2025 : Marc Soler s&rsquo;impose \u00e0 l&rsquo;Alto de La Farrapona\"}]},{\"@type\":\"WebSite\",\"@id\":\"https:\/\/dicodusport.fr\/blog\/#website\",\"url\":\"https:\/\/dicodusport.fr\/blog\/\",\"name\":\"Dicodusport\",\"description\":\"L&#039;encyclop\u00e9die de l&#039;actualit\u00e9 sportive\",\"publisher\":{\"@id\":\"https:\/\/dicodusport.fr\/blog\/#organization\"},\"potentialAction\":[{\"@type\":\"SearchAction\",\"target\":{\"@type\":\"EntryPoint\",\"urlTemplate\":\"https:\/\/dicodusport.fr\/blog\/?s={search_term_string}\"},\"query-input\":{\"@type\":\"PropertyValueSpecification\",\"valueRequired\":true,\"valueName\":\"search_term_string\"}}],\"inLanguage\":\"fr-FR\"},{\"@type\":\"NewsMediaOrganization\",\"@id\":\"https:\/\/dicodusport.fr\/blog\/#organization\",\"name\":\"Dicodusport\",\"url\":\"https:\/\/dicodusport.fr\/blog\/\",\"logo\":{\"@type\":\"ImageObject\",\"inLanguage\":\"fr-FR\",\"@id\":\"https:\/\/dicodusport.fr\/blog\/#\/schema\/logo\/image\/\",\"url\":\"https:\/\/dicodusport.fr\/blog\/wp-content\/uploads\/2020\/06\/cropped-LOGO-DICODUSPORT-2020-SANS-FOND-SANS-TEXTE.png\",\"contentUrl\":\"https:\/\/dicodusport.fr\/blog\/wp-content\/uploads\/2020\/06\/cropped-LOGO-DICODUSPORT-2020-SANS-FOND-SANS-TEXTE.png\",\"width\":512,\"height\":512,\"caption\":\"Dicodusport\"},\"image\":{\"@id\":\"https:\/\/dicodusport.fr\/blog\/#\/schema\/logo\/image\/\"},\"sameAs\":[\"https:\/\/www.facebook.com\/dicodusport\",\"https:\/\/x.com\/dicodusport\",\"https:\/\/www.instagram.com\/dicodusport\/\",\"https:\/\/www.youtube.com\/channel\/UC7V2KZ5sd3htJivAbA4ZG3w\"],\"description\":\"Dicodusport est l'encyclop\u00e9die de l'actualit\u00e9 sportive.\",\"email\":\"bonjour@dicodusport.fr\",\"legalName\":\"DICODUSPORT\",\"foundingDate\":\"2018-01-14\",\"vatID\":\"FR71834470973\",\"taxID\":\"83447097300043\",\"numberOfEmployees\":{\"@type\":\"QuantitativeValue\",\"minValue\":\"1\",\"maxValue\":\"10\"}},{\"@type\":\"Person\",\"@id\":\"https:\/\/dicodusport.fr\/blog\/#\/schema\/person\/6db4bae06b171592211be385b32876a7\",\"name\":\"Emilien Descampiaux\",\"image\":{\"@type\":\"ImageObject\",\"inLanguage\":\"fr-FR\",\"@id\":\"https:\/\/dicodusport.fr\/blog\/#\/schema\/person\/image\/\",\"url\":\"https:\/\/dicodusport.fr\/blog\/wp-content\/uploads\/2021\/05\/Emilien-Descampiaux-150x150.jpg\",\"contentUrl\":\"https:\/\/dicodusport.fr\/blog\/wp-content\/uploads\/2021\/05\/Emilien-Descampiaux-150x150.jpg\",\"caption\":\"Emilien Descampiaux\"},\"description\":\"Journaliste\/r\u00e9dacteur depuis 2014 - Fan de la classe de Frank Vandenbroucke, je vis cyclisme (et de ses paysages) depuis plus de 20 ans. Je suis tr\u00e8s impliqu\u00e9 sur mes diff\u00e9rents r\u00e9seaux sociaux pour partager ma passion sur le monde et l'Histoire de la bicyclette avec ma voix sur les images en noir et blanc du succ\u00e8s de Rik Van Steenbergen lors du Ronde sur le V\u00e9lodrome de Gand.\",\"sameAs\":[\"https:\/\/www.facebook.com\/groups\/LesRoisDuPeloton\",\"https:\/\/x.com\/https:\/\/twitter.com\/LRoisDuPeloton\"],\"url\":\"https:\/\/dicodusport.fr\/blog\/author\/emiliend\/\"}]}<\/script>\n<!-- \/ Yoast SEO Premium plugin. -->","yoast_head_json":{"title":"14\u00e8me \u00e9tape Tour d'Espagne 2025 : Marc Soler s'impose \u00e0 l'Alto de La Farrapona","description":"TOUR D'ESPAGNE 2025 - Marc Soler (UAE Team Emirates XRG) a remport\u00e9 la 14\u00e8me \u00e9tape au sommet de l'Alto de La Farrapona.","robots":{"index":"index","follow":"follow","max-snippet":"max-snippet:-1","max-image-preview":"max-image-preview:large","max-video-preview":"max-video-preview:-1"},"canonical":"https:\/\/dicodusport.fr\/blog\/14eme-etape-tour-despagne-2025-marc-soler-simpose-a-lalto-de-la-farrapona\/","og_locale":"fr_FR","og_type":"article","og_title":"14\u00e8me \u00e9tape Tour d'Espagne 2025 : Marc Soler s'impose \u00e0 l'Alto de La Farrapona","og_description":"TOUR D'ESPAGNE 2025 - Marc Soler (UAE Team Emirates XRG) a remport\u00e9 la 14\u00e8me \u00e9tape au sommet de l'Alto de La Farrapona.","og_url":"https:\/\/dicodusport.fr\/blog\/14eme-etape-tour-despagne-2025-marc-soler-simpose-a-lalto-de-la-farrapona\/","og_site_name":"Dicodusport","article_publisher":"https:\/\/www.facebook.com\/dicodusport","article_author":"https:\/\/www.facebook.com\/groups\/LesRoisDuPeloton","article_published_time":"2025-09-06T15:51:56+00:00","article_modified_time":"2025-09-06T16:00:11+00:00","og_image":[{"width":1200,"height":674,"url":"https:\/\/dicodusport.fr\/blog\/wp-content\/uploads\/2025\/09\/14eme-etape-Tour-dEspagne-2025-Marc-Soler-simpose-a-lAlto-de-La-Farrapona.png","type":"image\/png"}],"author":"Emilien Descampiaux","twitter_card":"summary_large_image","twitter_creator":"@https:\/\/twitter.com\/LRoisDuPeloton","twitter_site":"@dicodusport","schema":{"@context":"https:\/\/schema.org","@graph":[{"@type":"NewsArticle","@id":"https:\/\/dicodusport.fr\/blog\/14eme-etape-tour-despagne-2025-marc-soler-simpose-a-lalto-de-la-farrapona\/#article","isPartOf":{"@id":"https:\/\/dicodusport.fr\/blog\/14eme-etape-tour-despagne-2025-marc-soler-simpose-a-lalto-de-la-farrapona\/"},"author":{"name":"Emilien Descampiaux","@id":"https:\/\/dicodusport.fr\/blog\/#\/schema\/person\/6db4bae06b171592211be385b32876a7"},"headline":"14\u00e8me \u00e9tape Tour d&rsquo;Espagne 2025 : Marc Soler s&rsquo;impose \u00e0 l&rsquo;Alto de La Farrapona","datePublished":"2025-09-06T15:51:56+00:00","dateModified":"2025-09-06T16:00:11+00:00","mainEntityOfPage":{"@id":"https:\/\/dicodusport.fr\/blog\/14eme-etape-tour-despagne-2025-marc-soler-simpose-a-lalto-de-la-farrapona\/"},"wordCount":757,"commentCount":0,"publisher":{"@id":"https:\/\/dicodusport.fr\/blog\/#organization"},"image":{"@id":"https:\/\/dicodusport.fr\/blog\/14eme-etape-tour-despagne-2025-marc-soler-simpose-a-lalto-de-la-farrapona\/#primaryimage"},"thumbnailUrl":"https:\/\/dicodusport.fr\/blog\/wp-content\/uploads\/2025\/09\/14eme-etape-Tour-dEspagne-2025-Marc-Soler-simpose-a-lAlto-de-La-Farrapona.png","keywords":["br\u00e8ve","Cyclisme","Cyclisme sur route","Tour d'Espagne","Vuelta"],"articleSection":["Tour d'Espagne"],"inLanguage":"fr-FR","potentialAction":[{"@type":"CommentAction","name":"Comment","target":["https:\/\/dicodusport.fr\/blog\/14eme-etape-tour-despagne-2025-marc-soler-simpose-a-lalto-de-la-farrapona\/#respond"]}],"copyrightYear":"2025","copyrightHolder":{"@id":"https:\/\/dicodusport.fr\/blog\/#organization"}},{"@type":"WebPage","@id":"https:\/\/dicodusport.fr\/blog\/14eme-etape-tour-despagne-2025-marc-soler-simpose-a-lalto-de-la-farrapona\/","url":"https:\/\/dicodusport.fr\/blog\/14eme-etape-tour-despagne-2025-marc-soler-simpose-a-lalto-de-la-farrapona\/","name":"14\u00e8me \u00e9tape Tour d'Espagne 2025 : Marc Soler s'impose \u00e0 l'Alto de La Farrapona","isPartOf":{"@id":"https:\/\/dicodusport.fr\/blog\/#website"},"primaryImageOfPage":{"@id":"https:\/\/dicodusport.fr\/blog\/14eme-etape-tour-despagne-2025-marc-soler-simpose-a-lalto-de-la-farrapona\/#primaryimage"},"image":{"@id":"https:\/\/dicodusport.fr\/blog\/14eme-etape-tour-despagne-2025-marc-soler-simpose-a-lalto-de-la-farrapona\/#primaryimage"},"thumbnailUrl":"https:\/\/dicodusport.fr\/blog\/wp-content\/uploads\/2025\/09\/14eme-etape-Tour-dEspagne-2025-Marc-Soler-simpose-a-lAlto-de-La-Farrapona.png","datePublished":"2025-09-06T15:51:56+00:00","dateModified":"2025-09-06T16:00:11+00:00","description":"TOUR D'ESPAGNE 2025 - Marc Soler (UAE Team Emirates XRG) a remport\u00e9 la 14\u00e8me \u00e9tape au sommet de l'Alto de La Farrapona.","breadcrumb":{"@id":"https:\/\/dicodusport.fr\/blog\/14eme-etape-tour-despagne-2025-marc-soler-simpose-a-lalto-de-la-farrapona\/#breadcrumb"},"inLanguage":"fr-FR","potentialAction":[{"@type":"ReadAction","target":["https:\/\/dicodusport.fr\/blog\/14eme-etape-tour-despagne-2025-marc-soler-simpose-a-lalto-de-la-farrapona\/"]}]},{"@type":"ImageObject","inLanguage":"fr-FR","@id":"https:\/\/dicodusport.fr\/blog\/14eme-etape-tour-despagne-2025-marc-soler-simpose-a-lalto-de-la-farrapona\/#primaryimage","url":"https:\/\/dicodusport.fr\/blog\/wp-content\/uploads\/2025\/09\/14eme-etape-Tour-dEspagne-2025-Marc-Soler-simpose-a-lAlto-de-La-Farrapona.png","contentUrl":"https:\/\/dicodusport.fr\/blog\/wp-content\/uploads\/2025\/09\/14eme-etape-Tour-dEspagne-2025-Marc-Soler-simpose-a-lAlto-de-La-Farrapona.png","width":1200,"height":674,"caption":"14\u00e8me \u00e9tape Tour d'Espagne 2025 Marc Soler s'impose \u00e0 l'Alto de La Farrapona"},{"@type":"BreadcrumbList","@id":"https:\/\/dicodusport.fr\/blog\/14eme-etape-tour-despagne-2025-marc-soler-simpose-a-lalto-de-la-farrapona\/#breadcrumb","itemListElement":[{"@type":"ListItem","position":1,"name":"Accueil","item":"https:\/\/dicodusport.fr\/blog\/"},{"@type":"ListItem","position":2,"name":"14\u00e8me \u00e9tape Tour d&rsquo;Espagne 2025 : Marc Soler s&rsquo;impose \u00e0 l&rsquo;Alto de La Farrapona"}]},{"@type":"WebSite","@id":"https:\/\/dicodusport.fr\/blog\/#website","url":"https:\/\/dicodusport.fr\/blog\/","name":"Dicodusport","description":"L&#039;encyclop\u00e9die de l&#039;actualit\u00e9 sportive","publisher":{"@id":"https:\/\/dicodusport.fr\/blog\/#organization"},"potentialAction":[{"@type":"SearchAction","target":{"@type":"EntryPoint","urlTemplate":"https:\/\/dicodusport.fr\/blog\/?s={search_term_string}"},"query-input":{"@type":"PropertyValueSpecification","valueRequired":true,"valueName":"search_term_string"}}],"inLanguage":"fr-FR"},{"@type":"NewsMediaOrganization","@id":"https:\/\/dicodusport.fr\/blog\/#organization","name":"Dicodusport","url":"https:\/\/dicodusport.fr\/blog\/","logo":{"@type":"ImageObject","inLanguage":"fr-FR","@id":"https:\/\/dicodusport.fr\/blog\/#\/schema\/logo\/image\/","url":"https:\/\/dicodusport.fr\/blog\/wp-content\/uploads\/2020\/06\/cropped-LOGO-DICODUSPORT-2020-SANS-FOND-SANS-TEXTE.png","contentUrl":"https:\/\/dicodusport.fr\/blog\/wp-content\/uploads\/2020\/06\/cropped-LOGO-DICODUSPORT-2020-SANS-FOND-SANS-TEXTE.png","width":512,"height":512,"caption":"Dicodusport"},"image":{"@id":"https:\/\/dicodusport.fr\/blog\/#\/schema\/logo\/image\/"},"sameAs":["https:\/\/www.facebook.com\/dicodusport","https:\/\/x.com\/dicodusport","https:\/\/www.instagram.com\/dicodusport\/","https:\/\/www.youtube.com\/channel\/UC7V2KZ5sd3htJivAbA4ZG3w"],"description":"Dicodusport est l'encyclop\u00e9die de l'actualit\u00e9 sportive.","email":"bonjour@dicodusport.fr","legalName":"DICODUSPORT","foundingDate":"2018-01-14","vatID":"FR71834470973","taxID":"83447097300043","numberOfEmployees":{"@type":"QuantitativeValue","minValue":"1","maxValue":"10"}},{"@type":"Person","@id":"https:\/\/dicodusport.fr\/blog\/#\/schema\/person\/6db4bae06b171592211be385b32876a7","name":"Emilien Descampiaux","image":{"@type":"ImageObject","inLanguage":"fr-FR","@id":"https:\/\/dicodusport.fr\/blog\/#\/schema\/person\/image\/","url":"https:\/\/dicodusport.fr\/blog\/wp-content\/uploads\/2021\/05\/Emilien-Descampiaux-150x150.jpg","contentUrl":"https:\/\/dicodusport.fr\/blog\/wp-content\/uploads\/2021\/05\/Emilien-Descampiaux-150x150.jpg","caption":"Emilien Descampiaux"},"description":"Journaliste\/r\u00e9dacteur depuis 2014 - Fan de la classe de Frank Vandenbroucke, je vis cyclisme (et de ses paysages) depuis plus de 20 ans. Je suis tr\u00e8s impliqu\u00e9 sur mes diff\u00e9rents r\u00e9seaux sociaux pour partager ma passion sur le monde et l'Histoire de la bicyclette avec ma voix sur les images en noir et blanc du succ\u00e8s de Rik Van Steenbergen lors du Ronde sur le V\u00e9lodrome de Gand.","sameAs":["https:\/\/www.facebook.com\/groups\/LesRoisDuPeloton","https:\/\/x.com\/https:\/\/twitter.com\/LRoisDuPeloton"],"url":"https:\/\/dicodusport.fr\/blog\/author\/emiliend\/"}]}},"_links":{"self":[{"href":"https:\/\/dicodusport.fr\/blog\/wp-json\/wp\/v2\/posts\/608873","targetHints":{"allow":["GET"]}}],"collection":[{"href":"https:\/\/dicodusport.fr\/blog\/wp-json\/wp\/v2\/posts"}],"about":[{"href":"https:\/\/dicodusport.fr\/blog\/wp-json\/wp\/v2\/types\/post"}],"author":[{"embeddable":true,"href":"https:\/\/dicodusport.fr\/blog\/wp-json\/wp\/v2\/users\/48"}],"replies":[{"embeddable":true,"href":"https:\/\/dicodusport.fr\/blog\/wp-json\/wp\/v2\/comments?post=608873"}],"version-history":[{"count":6,"href":"https:\/\/dicodusport.fr\/blog\/wp-json\/wp\/v2\/posts\/608873\/revisions"}],"predecessor-version":[{"id":608922,"href":"https:\/\/dicodusport.fr\/blog\/wp-json\/wp\/v2\/posts\/608873\/revisions\/608922"}],"wp:featuredmedia":[{"embeddable":true,"href":"https:\/\/dicodusport.fr\/blog\/wp-json\/wp\/v2\/media\/608915"}],"wp:attachment":[{"href":"https:\/\/dicodusport.fr\/blog\/wp-json\/wp\/v2\/media?parent=608873"}],"wp:term":[{"taxonomy":"category","embeddable":true,"href":"https:\/\/dicodusport.fr\/blog\/wp-json\/wp\/v2\/categories?post=608873"},{"taxonomy":"post_tag","embeddable":true,"href":"https:\/\/dicodusport.fr\/blog\/wp-json\/wp\/v2\/tags?post=608873"}],"curies":[{"name":"wp","href":"https:\/\/api.w.org\/{rel}","templated":true}]}}