{"id":609138,"date":"2025-09-07T14:52:24","date_gmt":"2025-09-07T12:52:24","guid":{"rendered":"https:\/\/dicodusport.fr\/blog\/?p=609138&#038;preview=true&#038;preview_id=609138"},"modified":"2025-09-07T15:21:50","modified_gmt":"2025-09-07T13:21:50","slug":"motogp-catalogne-2025-alex-marquez-resiste-a-son-frere-et-remporte-le-grand-prix","status":"publish","type":"post","link":"https:\/\/dicodusport.fr\/blog\/motogp-catalogne-2025-alex-marquez-resiste-a-son-frere-et-remporte-le-grand-prix\/","title":{"rendered":"MotoGP Catalogne 2025 : Alex Marquez r\u00e9siste \u00e0 son fr\u00e8re et remporte le Grand Prix"},"content":{"rendered":"<p style=\"text-align: justify;\"><strong><em>MOTO GP &#8211; GRAND PRIX DE CATALOGNE 2025 &#8211; Dans un Grand Prix domin\u00e9 depuis le 4\u00e8me tour, Alex Marquez a battu pour la premi\u00e8re fois son ain\u00e9 \u00e0 la r\u00e9guli\u00e8re. Pour sa deuxi\u00e8me victoire en carri\u00e8re en MotoGP, le pilote Gresini a su r\u00e9sister \u00e0 la pression de son fr\u00e8re pendant plus de 20 tours. Deuxi\u00e8me, Marc Marquez aura une premi\u00e8re occasion de valider le titre de championnat du monde pilote, le week-end prochain \u00e0 Saint-Marin. Parti 2\u00e8me, Fabio Quartararo termine 5\u00e8me tandis que Johann Zarco a chut\u00e9 au 12\u00e8me tour et n&rsquo;a pas fini la course.<\/em><\/strong><\/p>\n<ul>\n<li style=\"text-align: justify;\"><strong>\u00c0 ce sujet \u2013\u00a0<a href=\"https:\/\/dicodusport.fr\/blog\/motogp-catalogne-2025-horaires-programme-tv-et-resultats-en-direct\/\">MotoGP Catalogne 2025 : Les r\u00e9sultats complets<\/a><\/strong><\/li>\n<\/ul>\n<p style=\"text-align: justify;\">Apr\u00e8s la victoire de <strong>Marc Marquez<\/strong> en course sprint, son fr\u00e8re <strong>Alex<\/strong>, dominant sur une majeure partie de la course, a pour objectif clair de prendre sa revanche sur son fr\u00e8re. En partant en pole position devant <strong>Quartararo<\/strong> et son fr\u00e8re, il partait avec un avantage non-n\u00e9gligeable surtout au vu de son tr\u00e8s bon d\u00e9part hier apr\u00e8s-midi.<\/p>\n<p style=\"text-align: justify;\">Mais le d\u00e9part ne se passe pas comme pr\u00e9vu, car d\u00e8s le deuxi\u00e8me virage, <strong>Marc<\/strong> Marquez a pris la t\u00eate de la course. Contrairement \u00e0 hier apr\u00e8s-midi, le pilote <strong>Gresini<\/strong> n\u2019a pas pu b\u00e9n\u00e9ficier d\u2019un bon d\u00e9part de <strong>Quartararo<\/strong> et <strong>Acosta<\/strong> pour perturber les premiers tours de son grand fr\u00e8re. Mais ce n&rsquo;est pas pour autant que le fr\u00e8re cadet a l\u00e2ch\u00e9 l\u2019affaire.<\/p>\n<ul>\n<li style=\"text-align: justify;\"><strong>\u00c0 ce sujet &#8211; <a href=\"https:\/\/dicodusport.fr\/blog\/motogp-classement-et-resultats-du-grand-prix-de-catalogne-2025\/\">MotoGP \u2013 Classement et r\u00e9sultats du Grand Prix de Catalogne 2025<\/a><\/strong><\/li>\n<\/ul>\n<h2 style=\"text-align: justify;\">Apr\u00e8s un d\u00e9part manqu\u00e9, Alex Marquez reprend le contr\u00f4le<\/h2>\n<p style=\"text-align: justify;\">Au d\u00e9but du 4\u00e8me tour, <strong>Alex<\/strong> r\u00e9ussit \u00e0 prendre la t\u00eate en d\u00e9passant <strong>Marc<\/strong> <strong>Marquez<\/strong> dans la ligne droite des stands. Un groupe de t\u00eate \u00e9galement compos\u00e9 des pilotes <strong>KTM<\/strong>, <strong>Pedro<\/strong> <strong>Acosta<\/strong>, <strong>KTM<\/strong> <strong>Officiel<\/strong>, et <strong>Enea<\/strong> <strong>Bastianini<\/strong>, pilote <strong>KTM Tech<\/strong> <strong>3<\/strong>. Le pilote italien partit 9\u00e8me, est rapidement remont\u00e9 jusqu\u2019au d\u00e9passement sur <strong>Quartararo<\/strong> au 3\u00e8me tour pour le gain de la 4\u00e8me position. Plus de 10 tours apr\u00e8s, c\u2019est au tour de <strong>Pedro<\/strong> <strong>Acosta<\/strong> de c\u00e9der sa place sur le podium. Dans le peloton, on a \u00e9galement suivi la remont\u00e9e fantastique de <strong>Francesco<\/strong> <strong>Bagnaia<\/strong>. Parti 21\u00e8me, le champion du monde 2023 a b\u00e9n\u00e9fici\u00e9 d\u2019un tr\u00e8s bon d\u00e9part, le pla\u00e7ant 9\u00e8me d\u00e8s le 3\u00e8me tour.<\/p>\n<blockquote class=\"twitter-tweet\">\n<p dir=\"ltr\" lang=\"en\">Brothers side by side \u2694\ufe0f<\/p>\n<p>And <a href=\"https:\/\/twitter.com\/alexmarquez73?ref_src=twsrc%5Etfw\">@alexmarquez73<\/a> hits the front \ud83d\udea8\ud83d\udea8\ud83d\udea8<a href=\"https:\/\/twitter.com\/hashtag\/CatalanGP?src=hash&amp;ref_src=twsrc%5Etfw\">#CatalanGP<\/a> \ud83c\udfc1 <a href=\"https:\/\/t.co\/2VVjrFrXq1\">pic.twitter.com\/2VVjrFrXq1<\/a><\/p>\n<p>\u2014 MotoGP\u2122\ud83c\udfc1 (@MotoGP) <a href=\"https:\/\/twitter.com\/MotoGP\/status\/1964662287551123498?ref_src=twsrc%5Etfw\">September 7, 2025<\/a><\/p><\/blockquote>\n<p><script async src=\"https:\/\/platform.twitter.com\/widgets.js\" charset=\"utf-8\"><\/script><\/p>\n<p style=\"text-align: justify;\">Derri\u00e8re eux, beaucoup d\u2019actions importantes, notamment li\u00e9es aux difficult\u00e9s de <strong>Quartararo<\/strong> \u00e0 conserver sa position. Le pilote <strong>Yamaha<\/strong> a notamment perdu sa position face \u00e0 <strong>Zarco<\/strong> pour la 5\u00e8me position, avant que le pilote <strong>Honda<\/strong> chute au 12\u00e8me tour. Chute d\u00e9cevante pour le pilote fran\u00e7ais qui aurait pu r\u00e9compenser un week-end int\u00e9ressant de son c\u00f4t\u00e9.<\/p>\n<blockquote class=\"twitter-tweet\">\n<p dir=\"ltr\" lang=\"fr\">Chute de Johann Zarco ! \ud83d\ude22\ud83c\uddeb\ud83c\uddf7<a href=\"https:\/\/twitter.com\/hashtag\/CatalanGP?src=hash&amp;ref_src=twsrc%5Etfw\">#CatalanGP<\/a> | <a href=\"https:\/\/twitter.com\/hashtag\/MotoGP?src=hash&amp;ref_src=twsrc%5Etfw\">#MotoGP<\/a> <a href=\"https:\/\/t.co\/p0PMylwmqh\">pic.twitter.com\/p0PMylwmqh<\/a><\/p>\n<p>\u2014 CANAL+ MotoGP\u2122 (@CanalplusMotoGP) <a href=\"https:\/\/twitter.com\/CanalplusMotoGP\/status\/1964665716293935352?ref_src=twsrc%5Etfw\">September 7, 2025<\/a><\/p><\/blockquote>\n<p style=\"text-align: justify;\"><script async src=\"https:\/\/platform.twitter.com\/widgets.js\" charset=\"utf-8\"><\/script><br \/>\nEn t\u00eate de course, <strong>Alex<\/strong> <strong>Marquez<\/strong> est tr\u00e8s solide et conserve sa 1\u00e8re position jusqu\u2019\u00e0 la fin de la course malgr\u00e9 la pression de son fr\u00e8re derri\u00e8re. <strong>Enea<\/strong> <strong>Bastianini<\/strong> compl\u00e8te le podium devant <strong>Pedro<\/strong> <strong>Acosta<\/strong>. Derri\u00e8re, la d\u00e9gringolade de <strong>Marini<\/strong> change beaucoup de choses dans le dernier tour. Le pilote italien de chez <strong>Honda<\/strong> chute de trois places, laissant <strong>Quartararo<\/strong>, <strong>Ogura<\/strong> et <strong>Bagnaia<\/strong> passer devant lui et prendre les 5\u00e8me, 6\u00e8me et 7\u00e8me positions.<\/p>\n<ul>\n<li><strong>\u00c0 ce sujet \u2013\u00a0<a href=\"https:\/\/dicodusport.fr\/blog\/motogp-2025-le-calendrier-complet\/\" rel=\"\">Calendrier MotoGP 2025 : Dates et horaires des Grands Prix<\/a><\/strong><\/li>\n<\/ul>\n","protected":false},"excerpt":{"rendered":"<p>Dans un Grand Prix domin\u00e9 depuis le 4\u00e8me tour, Alex Marquez a battu pour la premi\u00e8re fois son ain\u00e9 \u00e0 la r\u00e9guli\u00e8re.<\/p>\n","protected":false},"author":110,"featured_media":609207,"comment_status":"open","ping_status":"closed","sticky":false,"template":"","format":"standard","meta":{"_acf_changed":false,"_daextam_enable_autolinks":"1","footnotes":""},"categories":[47087],"tags":[32415,16878,17098,24],"class_list":["post-609138","post","type-post","status-publish","format-standard","has-post-thumbnail","hentry","category-motogp","tag-actu","tag-breve","tag-grand-prix-de-catalogne-motogp","tag-sport"],"acf":[],"yoast_head":"<!-- This site is optimized with the Yoast SEO Premium plugin v26.7 (Yoast SEO v26.7) - https:\/\/yoast.com\/wordpress\/plugins\/seo\/ -->\n<title>MotoGP Catalogne 2025 : Alex Marquez r\u00e9siste \u00e0 son fr\u00e8re et remporte le Grand Prix<\/title>\n<meta name=\"description\" content=\"MOTO GP - GRAND PRIX DE CATALOGNE 2025 - Dans un Grand Prix domin\u00e9 depuis le 4\u00e8me tour, Alex Marquez a battu pour la premi\u00e8re fois son ain\u00e9 \u00e0 la r\u00e9guli\u00e8re.\" \/>\n<meta name=\"robots\" content=\"index, follow, max-snippet:-1, max-image-preview:large, max-video-preview:-1\" \/>\n<link rel=\"canonical\" href=\"https:\/\/dicodusport.fr\/blog\/motogp-catalogne-2025-alex-marquez-resiste-a-son-frere-et-remporte-le-grand-prix\/\" \/>\n<meta property=\"og:locale\" content=\"fr_FR\" \/>\n<meta property=\"og:type\" content=\"article\" \/>\n<meta property=\"og:title\" content=\"MotoGP Catalogne 2025 : Alex Marquez r\u00e9siste \u00e0 son fr\u00e8re et remporte le Grand Prix\" \/>\n<meta property=\"og:description\" content=\"MOTO GP - GRAND PRIX DE CATALOGNE 2025 - Dans un Grand Prix domin\u00e9 depuis le 4\u00e8me tour, Alex Marquez a battu pour la premi\u00e8re fois son ain\u00e9 \u00e0 la r\u00e9guli\u00e8re.\" \/>\n<meta property=\"og:url\" content=\"https:\/\/dicodusport.fr\/blog\/motogp-catalogne-2025-alex-marquez-resiste-a-son-frere-et-remporte-le-grand-prix\/\" \/>\n<meta property=\"og:site_name\" content=\"Dicodusport\" \/>\n<meta property=\"article:publisher\" content=\"https:\/\/www.facebook.com\/dicodusport\" \/>\n<meta property=\"article:published_time\" content=\"2025-09-07T12:52:24+00:00\" \/>\n<meta property=\"article:modified_time\" content=\"2025-09-07T13:21:50+00:00\" \/>\n<meta property=\"og:image\" content=\"https:\/\/dicodusport.fr\/blog\/wp-content\/uploads\/2025\/09\/MotoGP-Catalogne-2025-Alex-Marquez-resiste-a-son-frere-et-remporte-le-Grand-Prix-1.png\" \/>\n\t<meta property=\"og:image:width\" content=\"1200\" \/>\n\t<meta property=\"og:image:height\" content=\"674\" \/>\n\t<meta property=\"og:image:type\" content=\"image\/png\" \/>\n<meta name=\"author\" content=\"Malo Clement\" \/>\n<meta name=\"twitter:card\" content=\"summary_large_image\" \/>\n<meta name=\"twitter:title\" content=\"MotoGP Catalogne 2025 : Alex Marquez r\u00e9siste \u00e0 son fr\u00e8re et remporte le Grand Prix\" \/>\n<meta name=\"twitter:creator\" content=\"@dicodusport\" \/>\n<meta name=\"twitter:site\" content=\"@dicodusport\" \/>\n<script type=\"application\/ld+json\" class=\"yoast-schema-graph\">{\"@context\":\"https:\/\/schema.org\",\"@graph\":[{\"@type\":\"NewsArticle\",\"@id\":\"https:\/\/dicodusport.fr\/blog\/motogp-catalogne-2025-alex-marquez-resiste-a-son-frere-et-remporte-le-grand-prix\/#article\",\"isPartOf\":{\"@id\":\"https:\/\/dicodusport.fr\/blog\/motogp-catalogne-2025-alex-marquez-resiste-a-son-frere-et-remporte-le-grand-prix\/\"},\"author\":{\"name\":\"Malo Clement\",\"@id\":\"https:\/\/dicodusport.fr\/blog\/#\/schema\/person\/c28883329a45cc92814310316945b3ce\"},\"headline\":\"MotoGP Catalogne 2025 : Alex Marquez r\u00e9siste \u00e0 son fr\u00e8re et remporte le Grand Prix\",\"datePublished\":\"2025-09-07T12:52:24+00:00\",\"dateModified\":\"2025-09-07T13:21:50+00:00\",\"mainEntityOfPage\":{\"@id\":\"https:\/\/dicodusport.fr\/blog\/motogp-catalogne-2025-alex-marquez-resiste-a-son-frere-et-remporte-le-grand-prix\/\"},\"wordCount\":606,\"commentCount\":0,\"publisher\":{\"@id\":\"https:\/\/dicodusport.fr\/blog\/#organization\"},\"image\":{\"@id\":\"https:\/\/dicodusport.fr\/blog\/motogp-catalogne-2025-alex-marquez-resiste-a-son-frere-et-remporte-le-grand-prix\/#primaryimage\"},\"thumbnailUrl\":\"https:\/\/dicodusport.fr\/blog\/wp-content\/uploads\/2025\/09\/MotoGP-Catalogne-2025-Alex-Marquez-resiste-a-son-frere-et-remporte-le-Grand-Prix-1.png\",\"keywords\":[\"actu\",\"br\u00e8ve\",\"Grand Prix de Catalogne MotoGP\",\"sport\"],\"articleSection\":[\"MotoGP\"],\"inLanguage\":\"fr-FR\",\"potentialAction\":[{\"@type\":\"CommentAction\",\"name\":\"Comment\",\"target\":[\"https:\/\/dicodusport.fr\/blog\/motogp-catalogne-2025-alex-marquez-resiste-a-son-frere-et-remporte-le-grand-prix\/#respond\"]}],\"copyrightYear\":\"2025\",\"copyrightHolder\":{\"@id\":\"https:\/\/dicodusport.fr\/blog\/#organization\"}},{\"@type\":\"WebPage\",\"@id\":\"https:\/\/dicodusport.fr\/blog\/motogp-catalogne-2025-alex-marquez-resiste-a-son-frere-et-remporte-le-grand-prix\/\",\"url\":\"https:\/\/dicodusport.fr\/blog\/motogp-catalogne-2025-alex-marquez-resiste-a-son-frere-et-remporte-le-grand-prix\/\",\"name\":\"MotoGP Catalogne 2025 : Alex Marquez r\u00e9siste \u00e0 son fr\u00e8re et remporte le Grand Prix\",\"isPartOf\":{\"@id\":\"https:\/\/dicodusport.fr\/blog\/#website\"},\"primaryImageOfPage\":{\"@id\":\"https:\/\/dicodusport.fr\/blog\/motogp-catalogne-2025-alex-marquez-resiste-a-son-frere-et-remporte-le-grand-prix\/#primaryimage\"},\"image\":{\"@id\":\"https:\/\/dicodusport.fr\/blog\/motogp-catalogne-2025-alex-marquez-resiste-a-son-frere-et-remporte-le-grand-prix\/#primaryimage\"},\"thumbnailUrl\":\"https:\/\/dicodusport.fr\/blog\/wp-content\/uploads\/2025\/09\/MotoGP-Catalogne-2025-Alex-Marquez-resiste-a-son-frere-et-remporte-le-Grand-Prix-1.png\",\"datePublished\":\"2025-09-07T12:52:24+00:00\",\"dateModified\":\"2025-09-07T13:21:50+00:00\",\"description\":\"MOTO GP - GRAND PRIX DE CATALOGNE 2025 - Dans un Grand Prix domin\u00e9 depuis le 4\u00e8me tour, Alex Marquez a battu pour la premi\u00e8re fois son ain\u00e9 \u00e0 la r\u00e9guli\u00e8re.\",\"breadcrumb\":{\"@id\":\"https:\/\/dicodusport.fr\/blog\/motogp-catalogne-2025-alex-marquez-resiste-a-son-frere-et-remporte-le-grand-prix\/#breadcrumb\"},\"inLanguage\":\"fr-FR\",\"potentialAction\":[{\"@type\":\"ReadAction\",\"target\":[\"https:\/\/dicodusport.fr\/blog\/motogp-catalogne-2025-alex-marquez-resiste-a-son-frere-et-remporte-le-grand-prix\/\"]}]},{\"@type\":\"ImageObject\",\"inLanguage\":\"fr-FR\",\"@id\":\"https:\/\/dicodusport.fr\/blog\/motogp-catalogne-2025-alex-marquez-resiste-a-son-frere-et-remporte-le-grand-prix\/#primaryimage\",\"url\":\"https:\/\/dicodusport.fr\/blog\/wp-content\/uploads\/2025\/09\/MotoGP-Catalogne-2025-Alex-Marquez-resiste-a-son-frere-et-remporte-le-Grand-Prix-1.png\",\"contentUrl\":\"https:\/\/dicodusport.fr\/blog\/wp-content\/uploads\/2025\/09\/MotoGP-Catalogne-2025-Alex-Marquez-resiste-a-son-frere-et-remporte-le-Grand-Prix-1.png\",\"width\":1200,\"height\":674,\"caption\":\"MotoGP Catalogne 2025 Alex Marquez r\u00e9siste \u00e0 son fr\u00e8re et remporte le Grand Prix (1)\"},{\"@type\":\"BreadcrumbList\",\"@id\":\"https:\/\/dicodusport.fr\/blog\/motogp-catalogne-2025-alex-marquez-resiste-a-son-frere-et-remporte-le-grand-prix\/#breadcrumb\",\"itemListElement\":[{\"@type\":\"ListItem\",\"position\":1,\"name\":\"Accueil\",\"item\":\"https:\/\/dicodusport.fr\/blog\/\"},{\"@type\":\"ListItem\",\"position\":2,\"name\":\"MotoGP Catalogne 2025 : Alex Marquez r\u00e9siste \u00e0 son fr\u00e8re et remporte le Grand Prix\"}]},{\"@type\":\"WebSite\",\"@id\":\"https:\/\/dicodusport.fr\/blog\/#website\",\"url\":\"https:\/\/dicodusport.fr\/blog\/\",\"name\":\"Dicodusport\",\"description\":\"L&#039;encyclop\u00e9die de l&#039;actualit\u00e9 sportive\",\"publisher\":{\"@id\":\"https:\/\/dicodusport.fr\/blog\/#organization\"},\"potentialAction\":[{\"@type\":\"SearchAction\",\"target\":{\"@type\":\"EntryPoint\",\"urlTemplate\":\"https:\/\/dicodusport.fr\/blog\/?s={search_term_string}\"},\"query-input\":{\"@type\":\"PropertyValueSpecification\",\"valueRequired\":true,\"valueName\":\"search_term_string\"}}],\"inLanguage\":\"fr-FR\"},{\"@type\":\"NewsMediaOrganization\",\"@id\":\"https:\/\/dicodusport.fr\/blog\/#organization\",\"name\":\"Dicodusport\",\"url\":\"https:\/\/dicodusport.fr\/blog\/\",\"logo\":{\"@type\":\"ImageObject\",\"inLanguage\":\"fr-FR\",\"@id\":\"https:\/\/dicodusport.fr\/blog\/#\/schema\/logo\/image\/\",\"url\":\"https:\/\/dicodusport.fr\/blog\/wp-content\/uploads\/2020\/06\/cropped-LOGO-DICODUSPORT-2020-SANS-FOND-SANS-TEXTE.png\",\"contentUrl\":\"https:\/\/dicodusport.fr\/blog\/wp-content\/uploads\/2020\/06\/cropped-LOGO-DICODUSPORT-2020-SANS-FOND-SANS-TEXTE.png\",\"width\":512,\"height\":512,\"caption\":\"Dicodusport\"},\"image\":{\"@id\":\"https:\/\/dicodusport.fr\/blog\/#\/schema\/logo\/image\/\"},\"sameAs\":[\"https:\/\/www.facebook.com\/dicodusport\",\"https:\/\/x.com\/dicodusport\",\"https:\/\/www.instagram.com\/dicodusport\/\",\"https:\/\/www.youtube.com\/channel\/UC7V2KZ5sd3htJivAbA4ZG3w\"],\"description\":\"Dicodusport est l'encyclop\u00e9die de l'actualit\u00e9 sportive.\",\"email\":\"bonjour@dicodusport.fr\",\"legalName\":\"DICODUSPORT\",\"foundingDate\":\"2018-01-14\",\"vatID\":\"FR71834470973\",\"taxID\":\"83447097300043\",\"numberOfEmployees\":{\"@type\":\"QuantitativeValue\",\"minValue\":\"1\",\"maxValue\":\"10\"}},{\"@type\":\"Person\",\"@id\":\"https:\/\/dicodusport.fr\/blog\/#\/schema\/person\/c28883329a45cc92814310316945b3ce\",\"name\":\"Malo Clement\",\"image\":{\"@type\":\"ImageObject\",\"inLanguage\":\"fr-FR\",\"@id\":\"https:\/\/dicodusport.fr\/blog\/#\/schema\/person\/image\/\",\"url\":\"https:\/\/dicodusport.fr\/blog\/wp-content\/uploads\/2025\/02\/Maillot-Dicodusport-Malo-150x150.png\",\"contentUrl\":\"https:\/\/dicodusport.fr\/blog\/wp-content\/uploads\/2025\/02\/Maillot-Dicodusport-Malo-150x150.png\",\"caption\":\"Malo Clement\"},\"description\":\"Fan de sport depuis mes 10 ans, mes premiers souvenirs de stade sont le Racing M\u00e9tro 92 \u00e0 Yves du Manoir, le XV de France et le PSG de Nen\u00ea. Celui d\u2019Ibra, Lucas, Cavani et Verratti m\u2019ont d\u00e9finitivement emport\u00e9 dans le football, au d\u00e9sarroi de ma famille. Entre les finales perdues de Champions Cup et les m\u00e9saventures en Ligue des Champions, j\u2019ai eu le nez fin. Au-del\u00e0 de mes clubs franciliens, je m\u2019int\u00e9resse au sport en g\u00e9n\u00e9ral et principalement \u00e0 la d\u00e9couverte de jeunes sportifs. Cela a commenc\u00e9 par Football Manager et j'ai repris \u00e7a avec les sports automobiles. Depuis 2020, mes dimanches apr\u00e8s-midi sont occup\u00e9s par Julien F\u00e9breau et la Formule 1. L\u2019endurance, la F2, la F3 et les autres championnats compl\u00e8tent mes week-ends. J\u2019ai rejoint Dicodusport en novembre 2024 et je suis ravi d\u2019\u00eatre le cadet de la r\u00e9daction.\",\"url\":\"https:\/\/dicodusport.fr\/blog\/author\/clement-malo\/\"}]}<\/script>\n<!-- \/ Yoast SEO Premium plugin. -->","yoast_head_json":{"title":"MotoGP Catalogne 2025 : Alex Marquez r\u00e9siste \u00e0 son fr\u00e8re et remporte le Grand Prix","description":"MOTO GP - GRAND PRIX DE CATALOGNE 2025 - Dans un Grand Prix domin\u00e9 depuis le 4\u00e8me tour, Alex Marquez a battu pour la premi\u00e8re fois son ain\u00e9 \u00e0 la r\u00e9guli\u00e8re.","robots":{"index":"index","follow":"follow","max-snippet":"max-snippet:-1","max-image-preview":"max-image-preview:large","max-video-preview":"max-video-preview:-1"},"canonical":"https:\/\/dicodusport.fr\/blog\/motogp-catalogne-2025-alex-marquez-resiste-a-son-frere-et-remporte-le-grand-prix\/","og_locale":"fr_FR","og_type":"article","og_title":"MotoGP Catalogne 2025 : Alex Marquez r\u00e9siste \u00e0 son fr\u00e8re et remporte le Grand Prix","og_description":"MOTO GP - GRAND PRIX DE CATALOGNE 2025 - Dans un Grand Prix domin\u00e9 depuis le 4\u00e8me tour, Alex Marquez a battu pour la premi\u00e8re fois son ain\u00e9 \u00e0 la r\u00e9guli\u00e8re.","og_url":"https:\/\/dicodusport.fr\/blog\/motogp-catalogne-2025-alex-marquez-resiste-a-son-frere-et-remporte-le-grand-prix\/","og_site_name":"Dicodusport","article_publisher":"https:\/\/www.facebook.com\/dicodusport","article_published_time":"2025-09-07T12:52:24+00:00","article_modified_time":"2025-09-07T13:21:50+00:00","og_image":[{"width":1200,"height":674,"url":"https:\/\/dicodusport.fr\/blog\/wp-content\/uploads\/2025\/09\/MotoGP-Catalogne-2025-Alex-Marquez-resiste-a-son-frere-et-remporte-le-Grand-Prix-1.png","type":"image\/png"}],"author":"Malo Clement","twitter_card":"summary_large_image","twitter_title":"MotoGP Catalogne 2025 : Alex Marquez r\u00e9siste \u00e0 son fr\u00e8re et remporte le Grand Prix","twitter_creator":"@dicodusport","twitter_site":"@dicodusport","schema":{"@context":"https:\/\/schema.org","@graph":[{"@type":"NewsArticle","@id":"https:\/\/dicodusport.fr\/blog\/motogp-catalogne-2025-alex-marquez-resiste-a-son-frere-et-remporte-le-grand-prix\/#article","isPartOf":{"@id":"https:\/\/dicodusport.fr\/blog\/motogp-catalogne-2025-alex-marquez-resiste-a-son-frere-et-remporte-le-grand-prix\/"},"author":{"name":"Malo Clement","@id":"https:\/\/dicodusport.fr\/blog\/#\/schema\/person\/c28883329a45cc92814310316945b3ce"},"headline":"MotoGP Catalogne 2025 : Alex Marquez r\u00e9siste \u00e0 son fr\u00e8re et remporte le Grand Prix","datePublished":"2025-09-07T12:52:24+00:00","dateModified":"2025-09-07T13:21:50+00:00","mainEntityOfPage":{"@id":"https:\/\/dicodusport.fr\/blog\/motogp-catalogne-2025-alex-marquez-resiste-a-son-frere-et-remporte-le-grand-prix\/"},"wordCount":606,"commentCount":0,"publisher":{"@id":"https:\/\/dicodusport.fr\/blog\/#organization"},"image":{"@id":"https:\/\/dicodusport.fr\/blog\/motogp-catalogne-2025-alex-marquez-resiste-a-son-frere-et-remporte-le-grand-prix\/#primaryimage"},"thumbnailUrl":"https:\/\/dicodusport.fr\/blog\/wp-content\/uploads\/2025\/09\/MotoGP-Catalogne-2025-Alex-Marquez-resiste-a-son-frere-et-remporte-le-Grand-Prix-1.png","keywords":["actu","br\u00e8ve","Grand Prix de Catalogne MotoGP","sport"],"articleSection":["MotoGP"],"inLanguage":"fr-FR","potentialAction":[{"@type":"CommentAction","name":"Comment","target":["https:\/\/dicodusport.fr\/blog\/motogp-catalogne-2025-alex-marquez-resiste-a-son-frere-et-remporte-le-grand-prix\/#respond"]}],"copyrightYear":"2025","copyrightHolder":{"@id":"https:\/\/dicodusport.fr\/blog\/#organization"}},{"@type":"WebPage","@id":"https:\/\/dicodusport.fr\/blog\/motogp-catalogne-2025-alex-marquez-resiste-a-son-frere-et-remporte-le-grand-prix\/","url":"https:\/\/dicodusport.fr\/blog\/motogp-catalogne-2025-alex-marquez-resiste-a-son-frere-et-remporte-le-grand-prix\/","name":"MotoGP Catalogne 2025 : Alex Marquez r\u00e9siste \u00e0 son fr\u00e8re et remporte le Grand Prix","isPartOf":{"@id":"https:\/\/dicodusport.fr\/blog\/#website"},"primaryImageOfPage":{"@id":"https:\/\/dicodusport.fr\/blog\/motogp-catalogne-2025-alex-marquez-resiste-a-son-frere-et-remporte-le-grand-prix\/#primaryimage"},"image":{"@id":"https:\/\/dicodusport.fr\/blog\/motogp-catalogne-2025-alex-marquez-resiste-a-son-frere-et-remporte-le-grand-prix\/#primaryimage"},"thumbnailUrl":"https:\/\/dicodusport.fr\/blog\/wp-content\/uploads\/2025\/09\/MotoGP-Catalogne-2025-Alex-Marquez-resiste-a-son-frere-et-remporte-le-Grand-Prix-1.png","datePublished":"2025-09-07T12:52:24+00:00","dateModified":"2025-09-07T13:21:50+00:00","description":"MOTO GP - GRAND PRIX DE CATALOGNE 2025 - Dans un Grand Prix domin\u00e9 depuis le 4\u00e8me tour, Alex Marquez a battu pour la premi\u00e8re fois son ain\u00e9 \u00e0 la r\u00e9guli\u00e8re.","breadcrumb":{"@id":"https:\/\/dicodusport.fr\/blog\/motogp-catalogne-2025-alex-marquez-resiste-a-son-frere-et-remporte-le-grand-prix\/#breadcrumb"},"inLanguage":"fr-FR","potentialAction":[{"@type":"ReadAction","target":["https:\/\/dicodusport.fr\/blog\/motogp-catalogne-2025-alex-marquez-resiste-a-son-frere-et-remporte-le-grand-prix\/"]}]},{"@type":"ImageObject","inLanguage":"fr-FR","@id":"https:\/\/dicodusport.fr\/blog\/motogp-catalogne-2025-alex-marquez-resiste-a-son-frere-et-remporte-le-grand-prix\/#primaryimage","url":"https:\/\/dicodusport.fr\/blog\/wp-content\/uploads\/2025\/09\/MotoGP-Catalogne-2025-Alex-Marquez-resiste-a-son-frere-et-remporte-le-Grand-Prix-1.png","contentUrl":"https:\/\/dicodusport.fr\/blog\/wp-content\/uploads\/2025\/09\/MotoGP-Catalogne-2025-Alex-Marquez-resiste-a-son-frere-et-remporte-le-Grand-Prix-1.png","width":1200,"height":674,"caption":"MotoGP Catalogne 2025 Alex Marquez r\u00e9siste \u00e0 son fr\u00e8re et remporte le Grand Prix (1)"},{"@type":"BreadcrumbList","@id":"https:\/\/dicodusport.fr\/blog\/motogp-catalogne-2025-alex-marquez-resiste-a-son-frere-et-remporte-le-grand-prix\/#breadcrumb","itemListElement":[{"@type":"ListItem","position":1,"name":"Accueil","item":"https:\/\/dicodusport.fr\/blog\/"},{"@type":"ListItem","position":2,"name":"MotoGP Catalogne 2025 : Alex Marquez r\u00e9siste \u00e0 son fr\u00e8re et remporte le Grand Prix"}]},{"@type":"WebSite","@id":"https:\/\/dicodusport.fr\/blog\/#website","url":"https:\/\/dicodusport.fr\/blog\/","name":"Dicodusport","description":"L&#039;encyclop\u00e9die de l&#039;actualit\u00e9 sportive","publisher":{"@id":"https:\/\/dicodusport.fr\/blog\/#organization"},"potentialAction":[{"@type":"SearchAction","target":{"@type":"EntryPoint","urlTemplate":"https:\/\/dicodusport.fr\/blog\/?s={search_term_string}"},"query-input":{"@type":"PropertyValueSpecification","valueRequired":true,"valueName":"search_term_string"}}],"inLanguage":"fr-FR"},{"@type":"NewsMediaOrganization","@id":"https:\/\/dicodusport.fr\/blog\/#organization","name":"Dicodusport","url":"https:\/\/dicodusport.fr\/blog\/","logo":{"@type":"ImageObject","inLanguage":"fr-FR","@id":"https:\/\/dicodusport.fr\/blog\/#\/schema\/logo\/image\/","url":"https:\/\/dicodusport.fr\/blog\/wp-content\/uploads\/2020\/06\/cropped-LOGO-DICODUSPORT-2020-SANS-FOND-SANS-TEXTE.png","contentUrl":"https:\/\/dicodusport.fr\/blog\/wp-content\/uploads\/2020\/06\/cropped-LOGO-DICODUSPORT-2020-SANS-FOND-SANS-TEXTE.png","width":512,"height":512,"caption":"Dicodusport"},"image":{"@id":"https:\/\/dicodusport.fr\/blog\/#\/schema\/logo\/image\/"},"sameAs":["https:\/\/www.facebook.com\/dicodusport","https:\/\/x.com\/dicodusport","https:\/\/www.instagram.com\/dicodusport\/","https:\/\/www.youtube.com\/channel\/UC7V2KZ5sd3htJivAbA4ZG3w"],"description":"Dicodusport est l'encyclop\u00e9die de l'actualit\u00e9 sportive.","email":"bonjour@dicodusport.fr","legalName":"DICODUSPORT","foundingDate":"2018-01-14","vatID":"FR71834470973","taxID":"83447097300043","numberOfEmployees":{"@type":"QuantitativeValue","minValue":"1","maxValue":"10"}},{"@type":"Person","@id":"https:\/\/dicodusport.fr\/blog\/#\/schema\/person\/c28883329a45cc92814310316945b3ce","name":"Malo Clement","image":{"@type":"ImageObject","inLanguage":"fr-FR","@id":"https:\/\/dicodusport.fr\/blog\/#\/schema\/person\/image\/","url":"https:\/\/dicodusport.fr\/blog\/wp-content\/uploads\/2025\/02\/Maillot-Dicodusport-Malo-150x150.png","contentUrl":"https:\/\/dicodusport.fr\/blog\/wp-content\/uploads\/2025\/02\/Maillot-Dicodusport-Malo-150x150.png","caption":"Malo Clement"},"description":"Fan de sport depuis mes 10 ans, mes premiers souvenirs de stade sont le Racing M\u00e9tro 92 \u00e0 Yves du Manoir, le XV de France et le PSG de Nen\u00ea. Celui d\u2019Ibra, Lucas, Cavani et Verratti m\u2019ont d\u00e9finitivement emport\u00e9 dans le football, au d\u00e9sarroi de ma famille. Entre les finales perdues de Champions Cup et les m\u00e9saventures en Ligue des Champions, j\u2019ai eu le nez fin. Au-del\u00e0 de mes clubs franciliens, je m\u2019int\u00e9resse au sport en g\u00e9n\u00e9ral et principalement \u00e0 la d\u00e9couverte de jeunes sportifs. Cela a commenc\u00e9 par Football Manager et j'ai repris \u00e7a avec les sports automobiles. Depuis 2020, mes dimanches apr\u00e8s-midi sont occup\u00e9s par Julien F\u00e9breau et la Formule 1. L\u2019endurance, la F2, la F3 et les autres championnats compl\u00e8tent mes week-ends. J\u2019ai rejoint Dicodusport en novembre 2024 et je suis ravi d\u2019\u00eatre le cadet de la r\u00e9daction.","url":"https:\/\/dicodusport.fr\/blog\/author\/clement-malo\/"}]}},"_links":{"self":[{"href":"https:\/\/dicodusport.fr\/blog\/wp-json\/wp\/v2\/posts\/609138","targetHints":{"allow":["GET"]}}],"collection":[{"href":"https:\/\/dicodusport.fr\/blog\/wp-json\/wp\/v2\/posts"}],"about":[{"href":"https:\/\/dicodusport.fr\/blog\/wp-json\/wp\/v2\/types\/post"}],"author":[{"embeddable":true,"href":"https:\/\/dicodusport.fr\/blog\/wp-json\/wp\/v2\/users\/110"}],"replies":[{"embeddable":true,"href":"https:\/\/dicodusport.fr\/blog\/wp-json\/wp\/v2\/comments?post=609138"}],"version-history":[{"count":5,"href":"https:\/\/dicodusport.fr\/blog\/wp-json\/wp\/v2\/posts\/609138\/revisions"}],"predecessor-version":[{"id":609201,"href":"https:\/\/dicodusport.fr\/blog\/wp-json\/wp\/v2\/posts\/609138\/revisions\/609201"}],"wp:featuredmedia":[{"embeddable":true,"href":"https:\/\/dicodusport.fr\/blog\/wp-json\/wp\/v2\/media\/609207"}],"wp:attachment":[{"href":"https:\/\/dicodusport.fr\/blog\/wp-json\/wp\/v2\/media?parent=609138"}],"wp:term":[{"taxonomy":"category","embeddable":true,"href":"https:\/\/dicodusport.fr\/blog\/wp-json\/wp\/v2\/categories?post=609138"},{"taxonomy":"post_tag","embeddable":true,"href":"https:\/\/dicodusport.fr\/blog\/wp-json\/wp\/v2\/tags?post=609138"}],"curies":[{"name":"wp","href":"https:\/\/api.w.org\/{rel}","templated":true}]}}