{"id":609143,"date":"2025-09-07T15:48:24","date_gmt":"2025-09-07T13:48:24","guid":{"rendered":"https:\/\/dicodusport.fr\/blog\/?p=609143&#038;preview=true&#038;preview_id=609143"},"modified":"2025-09-07T17:37:15","modified_gmt":"2025-09-07T15:37:15","slug":"vtt-championnats-du-monde-2025-jackson-goldstone-sacre-en-descente-zero-pointe-pour-les-bleus","status":"publish","type":"post","link":"https:\/\/dicodusport.fr\/blog\/vtt-championnats-du-monde-2025-jackson-goldstone-sacre-en-descente-zero-pointe-pour-les-bleus\/","title":{"rendered":"VTT Championnats du monde 2025 : Jackson Goldstone sacr\u00e9 en descente, z\u00e9ro point\u00e9 pour les Bleus"},"content":{"rendered":"<p style=\"text-align: justify;\"><strong><em>VTT CHAMPIONNATS DU MONDE 2025 &#8211; Malgr\u00e9 8 Bleus au d\u00e9part, la France rentre bredouille d&rsquo;une descente hommes domin\u00e9e par Jackson Goldstone.\u00a0<\/em><\/strong><\/p>\n<ul style=\"text-align: justify;\">\n<li><strong>\u00c0 ce sujet &#8211;\u00a0<a href=\"https:\/\/dicodusport.fr\/blog\/mondiaux-de-vtt-2025-programme-horaires-et-resultats\/\">VTT Championnats du monde 2025 : Programme, Horaires et R\u00e9sultats<\/a><\/strong><\/li>\n<\/ul>\n<p style=\"text-align: justify;\">Ils \u00e9taient huit Bleus au d\u00e9part de la descente hommes des Championnats du monde de VTT, apr\u00e8s le forfait de <strong>Thibault Daprela<\/strong>. <strong>Lo\u00efc Bruni<\/strong>, sacr\u00e9 en 2015, 2017, 2018, 2019 et <a href=\"https:\/\/dicodusport.fr\/blog\/mondiaux-vtt-descente-2022-loic-bruni-champion-du-monde-triple-francais-aux-gets\/\"><strong>2022<\/strong><\/a> \u00e9tait encore une fois parmi les grands favoris, tout comme <strong>Loris Vergier<\/strong>, soit le tenant du titre, <strong>Beno\u00eet Coulanges<\/strong>, son dauphin l&rsquo;an dernier, et <strong>Amaury Pierron<\/strong>. Mais le candidat n\u00b01 \u00e9tait fatalement le Canadien <strong>Jackson Goldstone<\/strong>, quatre fois vainqueur d&rsquo;affil\u00e9e en Coupe du monde cette saison.<\/p>\n<div class=\"vlp-link-container vlp-layout-article\"><a href=\"https:\/\/dicodusport.fr\/blog\/mondiaux-vtt-2024-loris-vergier-champion-du-monde-en-descente-devant-benoit-coulanges\/\" class=\"vlp-link\" title=\"Mondiaux VTT 2024 : Loris Vergier champion du monde en Descente devant Beno\u00eet Coulanges\"><\/a><div class=\"vlp-layout-zone-side\"><div class=\"vlp-block-4 vlp-link-image\"><img loading=\"lazy\" decoding=\"async\" style=\"max-width: 792px;\" width=\"792\" height=\"445\" src=\"https:\/\/dicodusport.fr\/blog\/wp-content\/uploads\/2024\/08\/Mondiaux-VTT-2024-Loris-Vergier-champion-du-monde-en-Descente-devant-Benoit-Coulanges-1.png\" class=\"attachment-800x445 size-800x445\" alt=\"Mondiaux VTT 2024 Loris Vergier champion du monde en Descente devant Beno\u00eet Coulanges (1)\" srcset=\"https:\/\/dicodusport.fr\/blog\/wp-content\/uploads\/2024\/08\/Mondiaux-VTT-2024-Loris-Vergier-champion-du-monde-en-Descente-devant-Benoit-Coulanges-1.png 1200w, https:\/\/dicodusport.fr\/blog\/wp-content\/uploads\/2024\/08\/Mondiaux-VTT-2024-Loris-Vergier-champion-du-monde-en-Descente-devant-Benoit-Coulanges-1-300x169.png 300w, https:\/\/dicodusport.fr\/blog\/wp-content\/uploads\/2024\/08\/Mondiaux-VTT-2024-Loris-Vergier-champion-du-monde-en-Descente-devant-Benoit-Coulanges-1-1024x575.png 1024w, https:\/\/dicodusport.fr\/blog\/wp-content\/uploads\/2024\/08\/Mondiaux-VTT-2024-Loris-Vergier-champion-du-monde-en-Descente-devant-Benoit-Coulanges-1-768x431.png 768w\" sizes=\"auto, (max-width: 792px) 100vw, 792px\" \/><\/div><\/div><div class=\"vlp-layout-zone-main\"><div class=\"vlp-block-0 vlp-link-title\">Mondiaux VTT 2024 : Loris Vergier champion du monde en Descente devant Beno\u00eet Coulanges<\/div><div class=\"vlp-block-1 vlp-link-summary\">Loris Vergier champion du monde en Descente devant Beno\u00eet Coulanges<\/div><div class=\"vlp-block-2 vlp-link-button\">Lire l'article<\/div><div class=\"vlp-block-3 vlp-link-url\">dicodusport.fr<\/div><\/div><\/div>\n<h2 style=\"text-align: justify;\">Quel \u00e9chec des Bleus<\/h2>\n<p style=\"text-align: justify;\">De belles conditions m\u00e9t\u00e9orologiques, mais une course interrompue plus d&rsquo;une demi-heure pour une \u00e9vacuation par h\u00e9licopt\u00e8re. L&rsquo;Am\u00e9ricain <strong>Dylan Maples<\/strong> \u00e9tait le premier \u00e0 briser la barri\u00e8re des trois minutes, mais c&rsquo;est l&rsquo;Allemand <strong>Henri Kiefer<\/strong> qui \u00e9tait en t\u00eate au moment o\u00f9 le premier Bleu, <strong>Simon Chapelet<\/strong>, s&rsquo;\u00e9lan\u00e7ait. Le <a href=\"https:\/\/dicodusport.fr\/blog\/vtt-descente-simon-chapelet-sacre-champion-deurope\/\">champion d&rsquo;Europe<\/a> ne parvenait n\u00e9anmoins pas \u00e0 s&rsquo;exprimer correctement sur la piste suisse, pas plus qu&rsquo;<strong>Antoine Pierron<\/strong> ou<strong> Nathan Pontvianne. <\/strong><\/p>\n<p style=\"text-align: justify;\">Parti comme une balle,<strong> R\u00e9mi Thirion<\/strong> ne parvenait pas non plus \u00e0 dompter la piste de Valais. Mais il restait encore les meilleures cartouches, avec quatre Fran\u00e7ais dans les dix derniers \u00e0 s&rsquo;\u00e9lancer. <strong>Beno\u00eet Coulanges<\/strong> d&rsquo;abord, qui passait totalement \u00e0 c\u00f4t\u00e9, coupant la ligne \u00e0 plus de six secondes. <strong>Amaury Pierron<\/strong> ensuite, qui partait fort, mais qui perdait le fil en milieu de parcours et crevait de surcroit. Les chances fran\u00e7aises s&rsquo;amenuisaient fortement.<\/p>\n<p style=\"text-align: justify;\">Les deux restants fermaient le portillon, et \u00e0 ce moment-l\u00e0,<strong> Jackson Goldstone<\/strong> venait de signer le meilleur chrono avec un parcours de tr\u00e8s haut niveau, dans la lign\u00e9e de sa saison. <strong>Loris Vergier<\/strong> partait prudemment, trop prudemment, et ratait totalement son coup, n&rsquo;accrochant m\u00eame pas le podium. Restait <strong>Lo\u00efc Bruni<\/strong>&#8230; qui chutait apr\u00e8s 25 secondes de course. Victoire de <strong>Jackson Goldstone<\/strong> devant <strong>Henri Kiefer<\/strong> et <strong>Ronan Dunne<\/strong>, et une sacr\u00e9e contre-performance pour les Bleus&#8230;<\/p>\n<blockquote class=\"twitter-tweet\">\n<p dir=\"ltr\" lang=\"en\">\ud83c\udde8\ud83c\udde6 JACKSON GOLDSTONE \ud83c\udde8\ud83c\udde6<\/p>\n<p>Stood up to the pressure and delivered \ud83c\udf08 <a href=\"https:\/\/twitter.com\/hashtag\/Valais2025?src=hash&amp;ref_src=twsrc%5Etfw\">#Valais2025<\/a> <a href=\"https:\/\/twitter.com\/hashtag\/Champery?src=hash&amp;ref_src=twsrc%5Etfw\">#Champery<\/a> <a href=\"https:\/\/t.co\/IYXSm6RPoX\">pic.twitter.com\/IYXSm6RPoX<\/a><\/p>\n<p>\u2014 UCI MTB (@UCI_MTB) <a href=\"https:\/\/twitter.com\/UCI_MTB\/status\/1964686456275992790?ref_src=twsrc%5Etfw\">September 7, 2025<\/a><\/p><\/blockquote>\n<p style=\"text-align: justify;\"><script async src=\"https:\/\/platform.twitter.com\/widgets.js\" charset=\"utf-8\"><\/script><\/p>\n","protected":false},"excerpt":{"rendered":"<p>VTT CHAMPIONNATS DU MONDE 2025 &#8211; Malgr\u00e9 8 Bleus au d\u00e9part, la France rentre bredouille d&rsquo;une descente hommes domin\u00e9e par Jackson Goldstone.\u00a0<\/p>\n","protected":false},"author":59,"featured_media":609317,"comment_status":"open","ping_status":"closed","sticky":false,"template":"","format":"standard","meta":{"_acf_changed":false,"_daextam_enable_autolinks":"1","footnotes":""},"categories":[10279],"tags":[16878,18758,692],"class_list":["post-609143","post","type-post","status-publish","format-standard","has-post-thumbnail","hentry","category-vtt","tag-breve","tag-championnats-du-monde-de-vtt","tag-vtt"],"acf":[],"yoast_head":"<!-- This site is optimized with the Yoast SEO Premium plugin v26.7 (Yoast SEO v26.7) - https:\/\/yoast.com\/wordpress\/plugins\/seo\/ -->\n<title>VTT Championnats du monde 2025 : Jackson Goldstone sacr\u00e9 en descente, z\u00e9ro point\u00e9 pour les Bleus<\/title>\n<meta name=\"description\" content=\"VTT CHAMPIONNATS DU MONDE 2025 - Malgr\u00e9 8 Bleus au d\u00e9part, la France rentre bredouille d&#039;une descente hommes domin\u00e9e par Jackson Goldstone.\u00a0\" \/>\n<meta name=\"robots\" content=\"index, follow, max-snippet:-1, max-image-preview:large, max-video-preview:-1\" \/>\n<link rel=\"canonical\" href=\"https:\/\/dicodusport.fr\/blog\/vtt-championnats-du-monde-2025-jackson-goldstone-sacre-en-descente-zero-pointe-pour-les-bleus\/\" \/>\n<meta property=\"og:locale\" content=\"fr_FR\" \/>\n<meta property=\"og:type\" content=\"article\" \/>\n<meta property=\"og:title\" content=\"VTT Championnats du monde 2025 : Jackson Goldstone sacr\u00e9 en descente, z\u00e9ro point\u00e9 pour les Bleus\" \/>\n<meta property=\"og:description\" content=\"VTT CHAMPIONNATS DU MONDE 2025 - Malgr\u00e9 8 Bleus au d\u00e9part, la France rentre bredouille d&#039;une descente hommes domin\u00e9e par Jackson Goldstone.\u00a0\" \/>\n<meta property=\"og:url\" content=\"https:\/\/dicodusport.fr\/blog\/vtt-championnats-du-monde-2025-jackson-goldstone-sacre-en-descente-zero-pointe-pour-les-bleus\/\" \/>\n<meta property=\"og:site_name\" content=\"Dicodusport\" \/>\n<meta property=\"article:publisher\" content=\"https:\/\/www.facebook.com\/dicodusport\" \/>\n<meta property=\"article:author\" content=\"https:\/\/www.facebook.com\/sebastien.gente\/\" \/>\n<meta property=\"article:published_time\" content=\"2025-09-07T13:48:24+00:00\" \/>\n<meta property=\"article:modified_time\" content=\"2025-09-07T15:37:15+00:00\" \/>\n<meta property=\"og:image\" content=\"https:\/\/dicodusport.fr\/blog\/wp-content\/uploads\/2025\/09\/VTT-Championnats-du-monde-2025-Jackson-Goldstone-sacre-en-descente-zero-pointe-pour-les-Bleus-1.png\" \/>\n\t<meta property=\"og:image:width\" content=\"1200\" \/>\n\t<meta property=\"og:image:height\" content=\"674\" \/>\n\t<meta property=\"og:image:type\" content=\"image\/png\" \/>\n<meta name=\"author\" content=\"S\u00e9bastien Gente\" \/>\n<meta name=\"twitter:card\" content=\"summary_large_image\" \/>\n<meta name=\"twitter:title\" content=\"VTT Championnats du monde 2025 : Jackson Goldstone sacr\u00e9 en descente, z\u00e9ro point\u00e9 pour les Bleus\" \/>\n<meta name=\"twitter:creator\" content=\"@https:\/\/twitter.com\/globulo24\" \/>\n<meta name=\"twitter:site\" content=\"@dicodusport\" \/>\n<script type=\"application\/ld+json\" class=\"yoast-schema-graph\">{\"@context\":\"https:\/\/schema.org\",\"@graph\":[{\"@type\":\"NewsArticle\",\"@id\":\"https:\/\/dicodusport.fr\/blog\/vtt-championnats-du-monde-2025-jackson-goldstone-sacre-en-descente-zero-pointe-pour-les-bleus\/#article\",\"isPartOf\":{\"@id\":\"https:\/\/dicodusport.fr\/blog\/vtt-championnats-du-monde-2025-jackson-goldstone-sacre-en-descente-zero-pointe-pour-les-bleus\/\"},\"author\":{\"name\":\"S\u00e9bastien Gente\",\"@id\":\"https:\/\/dicodusport.fr\/blog\/#\/schema\/person\/627966a6cde45dbd8c5e36ac85d783da\"},\"headline\":\"VTT Championnats du monde 2025 : Jackson Goldstone sacr\u00e9 en descente, z\u00e9ro point\u00e9 pour les Bleus\",\"datePublished\":\"2025-09-07T13:48:24+00:00\",\"dateModified\":\"2025-09-07T15:37:15+00:00\",\"mainEntityOfPage\":{\"@id\":\"https:\/\/dicodusport.fr\/blog\/vtt-championnats-du-monde-2025-jackson-goldstone-sacre-en-descente-zero-pointe-pour-les-bleus\/\"},\"wordCount\":469,\"commentCount\":0,\"publisher\":{\"@id\":\"https:\/\/dicodusport.fr\/blog\/#organization\"},\"image\":{\"@id\":\"https:\/\/dicodusport.fr\/blog\/vtt-championnats-du-monde-2025-jackson-goldstone-sacre-en-descente-zero-pointe-pour-les-bleus\/#primaryimage\"},\"thumbnailUrl\":\"https:\/\/dicodusport.fr\/blog\/wp-content\/uploads\/2025\/09\/VTT-Championnats-du-monde-2025-Jackson-Goldstone-sacre-en-descente-zero-pointe-pour-les-Bleus-1.png\",\"keywords\":[\"br\u00e8ve\",\"Championnats du monde de VTT\",\"VTT\"],\"articleSection\":[\"VTT\"],\"inLanguage\":\"fr-FR\",\"potentialAction\":[{\"@type\":\"CommentAction\",\"name\":\"Comment\",\"target\":[\"https:\/\/dicodusport.fr\/blog\/vtt-championnats-du-monde-2025-jackson-goldstone-sacre-en-descente-zero-pointe-pour-les-bleus\/#respond\"]}],\"copyrightYear\":\"2025\",\"copyrightHolder\":{\"@id\":\"https:\/\/dicodusport.fr\/blog\/#organization\"}},{\"@type\":\"WebPage\",\"@id\":\"https:\/\/dicodusport.fr\/blog\/vtt-championnats-du-monde-2025-jackson-goldstone-sacre-en-descente-zero-pointe-pour-les-bleus\/\",\"url\":\"https:\/\/dicodusport.fr\/blog\/vtt-championnats-du-monde-2025-jackson-goldstone-sacre-en-descente-zero-pointe-pour-les-bleus\/\",\"name\":\"VTT Championnats du monde 2025 : Jackson Goldstone sacr\u00e9 en descente, z\u00e9ro point\u00e9 pour les Bleus\",\"isPartOf\":{\"@id\":\"https:\/\/dicodusport.fr\/blog\/#website\"},\"primaryImageOfPage\":{\"@id\":\"https:\/\/dicodusport.fr\/blog\/vtt-championnats-du-monde-2025-jackson-goldstone-sacre-en-descente-zero-pointe-pour-les-bleus\/#primaryimage\"},\"image\":{\"@id\":\"https:\/\/dicodusport.fr\/blog\/vtt-championnats-du-monde-2025-jackson-goldstone-sacre-en-descente-zero-pointe-pour-les-bleus\/#primaryimage\"},\"thumbnailUrl\":\"https:\/\/dicodusport.fr\/blog\/wp-content\/uploads\/2025\/09\/VTT-Championnats-du-monde-2025-Jackson-Goldstone-sacre-en-descente-zero-pointe-pour-les-Bleus-1.png\",\"datePublished\":\"2025-09-07T13:48:24+00:00\",\"dateModified\":\"2025-09-07T15:37:15+00:00\",\"description\":\"VTT CHAMPIONNATS DU MONDE 2025 - Malgr\u00e9 8 Bleus au d\u00e9part, la France rentre bredouille d'une descente hommes domin\u00e9e par Jackson Goldstone.\u00a0\",\"breadcrumb\":{\"@id\":\"https:\/\/dicodusport.fr\/blog\/vtt-championnats-du-monde-2025-jackson-goldstone-sacre-en-descente-zero-pointe-pour-les-bleus\/#breadcrumb\"},\"inLanguage\":\"fr-FR\",\"potentialAction\":[{\"@type\":\"ReadAction\",\"target\":[\"https:\/\/dicodusport.fr\/blog\/vtt-championnats-du-monde-2025-jackson-goldstone-sacre-en-descente-zero-pointe-pour-les-bleus\/\"]}]},{\"@type\":\"ImageObject\",\"inLanguage\":\"fr-FR\",\"@id\":\"https:\/\/dicodusport.fr\/blog\/vtt-championnats-du-monde-2025-jackson-goldstone-sacre-en-descente-zero-pointe-pour-les-bleus\/#primaryimage\",\"url\":\"https:\/\/dicodusport.fr\/blog\/wp-content\/uploads\/2025\/09\/VTT-Championnats-du-monde-2025-Jackson-Goldstone-sacre-en-descente-zero-pointe-pour-les-Bleus-1.png\",\"contentUrl\":\"https:\/\/dicodusport.fr\/blog\/wp-content\/uploads\/2025\/09\/VTT-Championnats-du-monde-2025-Jackson-Goldstone-sacre-en-descente-zero-pointe-pour-les-Bleus-1.png\",\"width\":1200,\"height\":674,\"caption\":\"VTT Championnats du monde 2025 Jackson Goldstone sacr\u00e9 en descente, z\u00e9ro point\u00e9 pour les Bleus\"},{\"@type\":\"BreadcrumbList\",\"@id\":\"https:\/\/dicodusport.fr\/blog\/vtt-championnats-du-monde-2025-jackson-goldstone-sacre-en-descente-zero-pointe-pour-les-bleus\/#breadcrumb\",\"itemListElement\":[{\"@type\":\"ListItem\",\"position\":1,\"name\":\"Accueil\",\"item\":\"https:\/\/dicodusport.fr\/blog\/\"},{\"@type\":\"ListItem\",\"position\":2,\"name\":\"VTT Championnats du monde 2025 : Jackson Goldstone sacr\u00e9 en descente, z\u00e9ro point\u00e9 pour les Bleus\"}]},{\"@type\":\"WebSite\",\"@id\":\"https:\/\/dicodusport.fr\/blog\/#website\",\"url\":\"https:\/\/dicodusport.fr\/blog\/\",\"name\":\"Dicodusport\",\"description\":\"L&#039;encyclop\u00e9die de l&#039;actualit\u00e9 sportive\",\"publisher\":{\"@id\":\"https:\/\/dicodusport.fr\/blog\/#organization\"},\"potentialAction\":[{\"@type\":\"SearchAction\",\"target\":{\"@type\":\"EntryPoint\",\"urlTemplate\":\"https:\/\/dicodusport.fr\/blog\/?s={search_term_string}\"},\"query-input\":{\"@type\":\"PropertyValueSpecification\",\"valueRequired\":true,\"valueName\":\"search_term_string\"}}],\"inLanguage\":\"fr-FR\"},{\"@type\":\"NewsMediaOrganization\",\"@id\":\"https:\/\/dicodusport.fr\/blog\/#organization\",\"name\":\"Dicodusport\",\"url\":\"https:\/\/dicodusport.fr\/blog\/\",\"logo\":{\"@type\":\"ImageObject\",\"inLanguage\":\"fr-FR\",\"@id\":\"https:\/\/dicodusport.fr\/blog\/#\/schema\/logo\/image\/\",\"url\":\"https:\/\/dicodusport.fr\/blog\/wp-content\/uploads\/2020\/06\/cropped-LOGO-DICODUSPORT-2020-SANS-FOND-SANS-TEXTE.png\",\"contentUrl\":\"https:\/\/dicodusport.fr\/blog\/wp-content\/uploads\/2020\/06\/cropped-LOGO-DICODUSPORT-2020-SANS-FOND-SANS-TEXTE.png\",\"width\":512,\"height\":512,\"caption\":\"Dicodusport\"},\"image\":{\"@id\":\"https:\/\/dicodusport.fr\/blog\/#\/schema\/logo\/image\/\"},\"sameAs\":[\"https:\/\/www.facebook.com\/dicodusport\",\"https:\/\/x.com\/dicodusport\",\"https:\/\/www.instagram.com\/dicodusport\/\",\"https:\/\/www.youtube.com\/channel\/UC7V2KZ5sd3htJivAbA4ZG3w\"],\"description\":\"Dicodusport est l'encyclop\u00e9die de l'actualit\u00e9 sportive.\",\"email\":\"bonjour@dicodusport.fr\",\"legalName\":\"DICODUSPORT\",\"foundingDate\":\"2018-01-14\",\"vatID\":\"FR71834470973\",\"taxID\":\"83447097300043\",\"numberOfEmployees\":{\"@type\":\"QuantitativeValue\",\"minValue\":\"1\",\"maxValue\":\"10\"}},{\"@type\":\"Person\",\"@id\":\"https:\/\/dicodusport.fr\/blog\/#\/schema\/person\/627966a6cde45dbd8c5e36ac85d783da\",\"name\":\"S\u00e9bastien Gente\",\"image\":{\"@type\":\"ImageObject\",\"inLanguage\":\"fr-FR\",\"@id\":\"https:\/\/dicodusport.fr\/blog\/#\/schema\/person\/image\/\",\"url\":\"https:\/\/dicodusport.fr\/blog\/wp-content\/uploads\/2021\/09\/1510990_10205810251400683_4124423575079401707_n-150x150.jpg\",\"contentUrl\":\"https:\/\/dicodusport.fr\/blog\/wp-content\/uploads\/2021\/09\/1510990_10205810251400683_4124423575079401707_n-150x150.jpg\",\"caption\":\"S\u00e9bastien Gente\"},\"description\":\"John Stockton, Gianni Bugno, Zinedine Zidane, Steffi Graf, Frode Andresen, St\u00e9phane Stoecklin, Davis Kamoga, Primoz Peterka, Werner Schlager et Aur\u00e9lien Rougerie. Point commun entre ces sportifs? Ils m'ont fait r\u00eaver et ont berc\u00e9 mon adolescence. Je suis un fondu de sports et j'essaie de retranscrire ma passion \u00e0 travers mes articles. Originaire du P\u00e9rigord, ma passion pour les Girondins, les Jaunards et les Jazzmen transpire dans mes \u00e9crits. \u00c0 Dicodusport depuis 2021, je d\u00e9niche les sports m\u00e9connus dans lesquels la France brille, et il y en a !\",\"sameAs\":[\"https:\/\/www.facebook.com\/sebastien.gente\/\",\"https:\/\/www.instagram.com\/sebgente\/\",\"https:\/\/www.linkedin.com\/in\/sbastien-gente-a29583169\/\",\"https:\/\/x.com\/https:\/\/twitter.com\/globulo24\",\"SebastienGente\"],\"worksFor\":\"S\u00e9bastien GENTE\",\"url\":\"https:\/\/dicodusport.fr\/blog\/author\/sebastiengente\/\"}]}<\/script>\n<!-- \/ Yoast SEO Premium plugin. -->","yoast_head_json":{"title":"VTT Championnats du monde 2025 : Jackson Goldstone sacr\u00e9 en descente, z\u00e9ro point\u00e9 pour les Bleus","description":"VTT CHAMPIONNATS DU MONDE 2025 - Malgr\u00e9 8 Bleus au d\u00e9part, la France rentre bredouille d'une descente hommes domin\u00e9e par Jackson Goldstone.\u00a0","robots":{"index":"index","follow":"follow","max-snippet":"max-snippet:-1","max-image-preview":"max-image-preview:large","max-video-preview":"max-video-preview:-1"},"canonical":"https:\/\/dicodusport.fr\/blog\/vtt-championnats-du-monde-2025-jackson-goldstone-sacre-en-descente-zero-pointe-pour-les-bleus\/","og_locale":"fr_FR","og_type":"article","og_title":"VTT Championnats du monde 2025 : Jackson Goldstone sacr\u00e9 en descente, z\u00e9ro point\u00e9 pour les Bleus","og_description":"VTT CHAMPIONNATS DU MONDE 2025 - Malgr\u00e9 8 Bleus au d\u00e9part, la France rentre bredouille d'une descente hommes domin\u00e9e par Jackson Goldstone.\u00a0","og_url":"https:\/\/dicodusport.fr\/blog\/vtt-championnats-du-monde-2025-jackson-goldstone-sacre-en-descente-zero-pointe-pour-les-bleus\/","og_site_name":"Dicodusport","article_publisher":"https:\/\/www.facebook.com\/dicodusport","article_author":"https:\/\/www.facebook.com\/sebastien.gente\/","article_published_time":"2025-09-07T13:48:24+00:00","article_modified_time":"2025-09-07T15:37:15+00:00","og_image":[{"width":1200,"height":674,"url":"https:\/\/dicodusport.fr\/blog\/wp-content\/uploads\/2025\/09\/VTT-Championnats-du-monde-2025-Jackson-Goldstone-sacre-en-descente-zero-pointe-pour-les-Bleus-1.png","type":"image\/png"}],"author":"S\u00e9bastien Gente","twitter_card":"summary_large_image","twitter_title":"VTT Championnats du monde 2025 : Jackson Goldstone sacr\u00e9 en descente, z\u00e9ro point\u00e9 pour les Bleus","twitter_creator":"@https:\/\/twitter.com\/globulo24","twitter_site":"@dicodusport","schema":{"@context":"https:\/\/schema.org","@graph":[{"@type":"NewsArticle","@id":"https:\/\/dicodusport.fr\/blog\/vtt-championnats-du-monde-2025-jackson-goldstone-sacre-en-descente-zero-pointe-pour-les-bleus\/#article","isPartOf":{"@id":"https:\/\/dicodusport.fr\/blog\/vtt-championnats-du-monde-2025-jackson-goldstone-sacre-en-descente-zero-pointe-pour-les-bleus\/"},"author":{"name":"S\u00e9bastien Gente","@id":"https:\/\/dicodusport.fr\/blog\/#\/schema\/person\/627966a6cde45dbd8c5e36ac85d783da"},"headline":"VTT Championnats du monde 2025 : Jackson Goldstone sacr\u00e9 en descente, z\u00e9ro point\u00e9 pour les Bleus","datePublished":"2025-09-07T13:48:24+00:00","dateModified":"2025-09-07T15:37:15+00:00","mainEntityOfPage":{"@id":"https:\/\/dicodusport.fr\/blog\/vtt-championnats-du-monde-2025-jackson-goldstone-sacre-en-descente-zero-pointe-pour-les-bleus\/"},"wordCount":469,"commentCount":0,"publisher":{"@id":"https:\/\/dicodusport.fr\/blog\/#organization"},"image":{"@id":"https:\/\/dicodusport.fr\/blog\/vtt-championnats-du-monde-2025-jackson-goldstone-sacre-en-descente-zero-pointe-pour-les-bleus\/#primaryimage"},"thumbnailUrl":"https:\/\/dicodusport.fr\/blog\/wp-content\/uploads\/2025\/09\/VTT-Championnats-du-monde-2025-Jackson-Goldstone-sacre-en-descente-zero-pointe-pour-les-Bleus-1.png","keywords":["br\u00e8ve","Championnats du monde de VTT","VTT"],"articleSection":["VTT"],"inLanguage":"fr-FR","potentialAction":[{"@type":"CommentAction","name":"Comment","target":["https:\/\/dicodusport.fr\/blog\/vtt-championnats-du-monde-2025-jackson-goldstone-sacre-en-descente-zero-pointe-pour-les-bleus\/#respond"]}],"copyrightYear":"2025","copyrightHolder":{"@id":"https:\/\/dicodusport.fr\/blog\/#organization"}},{"@type":"WebPage","@id":"https:\/\/dicodusport.fr\/blog\/vtt-championnats-du-monde-2025-jackson-goldstone-sacre-en-descente-zero-pointe-pour-les-bleus\/","url":"https:\/\/dicodusport.fr\/blog\/vtt-championnats-du-monde-2025-jackson-goldstone-sacre-en-descente-zero-pointe-pour-les-bleus\/","name":"VTT Championnats du monde 2025 : Jackson Goldstone sacr\u00e9 en descente, z\u00e9ro point\u00e9 pour les Bleus","isPartOf":{"@id":"https:\/\/dicodusport.fr\/blog\/#website"},"primaryImageOfPage":{"@id":"https:\/\/dicodusport.fr\/blog\/vtt-championnats-du-monde-2025-jackson-goldstone-sacre-en-descente-zero-pointe-pour-les-bleus\/#primaryimage"},"image":{"@id":"https:\/\/dicodusport.fr\/blog\/vtt-championnats-du-monde-2025-jackson-goldstone-sacre-en-descente-zero-pointe-pour-les-bleus\/#primaryimage"},"thumbnailUrl":"https:\/\/dicodusport.fr\/blog\/wp-content\/uploads\/2025\/09\/VTT-Championnats-du-monde-2025-Jackson-Goldstone-sacre-en-descente-zero-pointe-pour-les-Bleus-1.png","datePublished":"2025-09-07T13:48:24+00:00","dateModified":"2025-09-07T15:37:15+00:00","description":"VTT CHAMPIONNATS DU MONDE 2025 - Malgr\u00e9 8 Bleus au d\u00e9part, la France rentre bredouille d'une descente hommes domin\u00e9e par Jackson Goldstone.\u00a0","breadcrumb":{"@id":"https:\/\/dicodusport.fr\/blog\/vtt-championnats-du-monde-2025-jackson-goldstone-sacre-en-descente-zero-pointe-pour-les-bleus\/#breadcrumb"},"inLanguage":"fr-FR","potentialAction":[{"@type":"ReadAction","target":["https:\/\/dicodusport.fr\/blog\/vtt-championnats-du-monde-2025-jackson-goldstone-sacre-en-descente-zero-pointe-pour-les-bleus\/"]}]},{"@type":"ImageObject","inLanguage":"fr-FR","@id":"https:\/\/dicodusport.fr\/blog\/vtt-championnats-du-monde-2025-jackson-goldstone-sacre-en-descente-zero-pointe-pour-les-bleus\/#primaryimage","url":"https:\/\/dicodusport.fr\/blog\/wp-content\/uploads\/2025\/09\/VTT-Championnats-du-monde-2025-Jackson-Goldstone-sacre-en-descente-zero-pointe-pour-les-Bleus-1.png","contentUrl":"https:\/\/dicodusport.fr\/blog\/wp-content\/uploads\/2025\/09\/VTT-Championnats-du-monde-2025-Jackson-Goldstone-sacre-en-descente-zero-pointe-pour-les-Bleus-1.png","width":1200,"height":674,"caption":"VTT Championnats du monde 2025 Jackson Goldstone sacr\u00e9 en descente, z\u00e9ro point\u00e9 pour les Bleus"},{"@type":"BreadcrumbList","@id":"https:\/\/dicodusport.fr\/blog\/vtt-championnats-du-monde-2025-jackson-goldstone-sacre-en-descente-zero-pointe-pour-les-bleus\/#breadcrumb","itemListElement":[{"@type":"ListItem","position":1,"name":"Accueil","item":"https:\/\/dicodusport.fr\/blog\/"},{"@type":"ListItem","position":2,"name":"VTT Championnats du monde 2025 : Jackson Goldstone sacr\u00e9 en descente, z\u00e9ro point\u00e9 pour les Bleus"}]},{"@type":"WebSite","@id":"https:\/\/dicodusport.fr\/blog\/#website","url":"https:\/\/dicodusport.fr\/blog\/","name":"Dicodusport","description":"L&#039;encyclop\u00e9die de l&#039;actualit\u00e9 sportive","publisher":{"@id":"https:\/\/dicodusport.fr\/blog\/#organization"},"potentialAction":[{"@type":"SearchAction","target":{"@type":"EntryPoint","urlTemplate":"https:\/\/dicodusport.fr\/blog\/?s={search_term_string}"},"query-input":{"@type":"PropertyValueSpecification","valueRequired":true,"valueName":"search_term_string"}}],"inLanguage":"fr-FR"},{"@type":"NewsMediaOrganization","@id":"https:\/\/dicodusport.fr\/blog\/#organization","name":"Dicodusport","url":"https:\/\/dicodusport.fr\/blog\/","logo":{"@type":"ImageObject","inLanguage":"fr-FR","@id":"https:\/\/dicodusport.fr\/blog\/#\/schema\/logo\/image\/","url":"https:\/\/dicodusport.fr\/blog\/wp-content\/uploads\/2020\/06\/cropped-LOGO-DICODUSPORT-2020-SANS-FOND-SANS-TEXTE.png","contentUrl":"https:\/\/dicodusport.fr\/blog\/wp-content\/uploads\/2020\/06\/cropped-LOGO-DICODUSPORT-2020-SANS-FOND-SANS-TEXTE.png","width":512,"height":512,"caption":"Dicodusport"},"image":{"@id":"https:\/\/dicodusport.fr\/blog\/#\/schema\/logo\/image\/"},"sameAs":["https:\/\/www.facebook.com\/dicodusport","https:\/\/x.com\/dicodusport","https:\/\/www.instagram.com\/dicodusport\/","https:\/\/www.youtube.com\/channel\/UC7V2KZ5sd3htJivAbA4ZG3w"],"description":"Dicodusport est l'encyclop\u00e9die de l'actualit\u00e9 sportive.","email":"bonjour@dicodusport.fr","legalName":"DICODUSPORT","foundingDate":"2018-01-14","vatID":"FR71834470973","taxID":"83447097300043","numberOfEmployees":{"@type":"QuantitativeValue","minValue":"1","maxValue":"10"}},{"@type":"Person","@id":"https:\/\/dicodusport.fr\/blog\/#\/schema\/person\/627966a6cde45dbd8c5e36ac85d783da","name":"S\u00e9bastien Gente","image":{"@type":"ImageObject","inLanguage":"fr-FR","@id":"https:\/\/dicodusport.fr\/blog\/#\/schema\/person\/image\/","url":"https:\/\/dicodusport.fr\/blog\/wp-content\/uploads\/2021\/09\/1510990_10205810251400683_4124423575079401707_n-150x150.jpg","contentUrl":"https:\/\/dicodusport.fr\/blog\/wp-content\/uploads\/2021\/09\/1510990_10205810251400683_4124423575079401707_n-150x150.jpg","caption":"S\u00e9bastien Gente"},"description":"John Stockton, Gianni Bugno, Zinedine Zidane, Steffi Graf, Frode Andresen, St\u00e9phane Stoecklin, Davis Kamoga, Primoz Peterka, Werner Schlager et Aur\u00e9lien Rougerie. Point commun entre ces sportifs? Ils m'ont fait r\u00eaver et ont berc\u00e9 mon adolescence. Je suis un fondu de sports et j'essaie de retranscrire ma passion \u00e0 travers mes articles. Originaire du P\u00e9rigord, ma passion pour les Girondins, les Jaunards et les Jazzmen transpire dans mes \u00e9crits. \u00c0 Dicodusport depuis 2021, je d\u00e9niche les sports m\u00e9connus dans lesquels la France brille, et il y en a !","sameAs":["https:\/\/www.facebook.com\/sebastien.gente\/","https:\/\/www.instagram.com\/sebgente\/","https:\/\/www.linkedin.com\/in\/sbastien-gente-a29583169\/","https:\/\/x.com\/https:\/\/twitter.com\/globulo24","SebastienGente"],"worksFor":"S\u00e9bastien GENTE","url":"https:\/\/dicodusport.fr\/blog\/author\/sebastiengente\/"}]}},"_links":{"self":[{"href":"https:\/\/dicodusport.fr\/blog\/wp-json\/wp\/v2\/posts\/609143","targetHints":{"allow":["GET"]}}],"collection":[{"href":"https:\/\/dicodusport.fr\/blog\/wp-json\/wp\/v2\/posts"}],"about":[{"href":"https:\/\/dicodusport.fr\/blog\/wp-json\/wp\/v2\/types\/post"}],"author":[{"embeddable":true,"href":"https:\/\/dicodusport.fr\/blog\/wp-json\/wp\/v2\/users\/59"}],"replies":[{"embeddable":true,"href":"https:\/\/dicodusport.fr\/blog\/wp-json\/wp\/v2\/comments?post=609143"}],"version-history":[{"count":2,"href":"https:\/\/dicodusport.fr\/blog\/wp-json\/wp\/v2\/posts\/609143\/revisions"}],"predecessor-version":[{"id":609318,"href":"https:\/\/dicodusport.fr\/blog\/wp-json\/wp\/v2\/posts\/609143\/revisions\/609318"}],"wp:featuredmedia":[{"embeddable":true,"href":"https:\/\/dicodusport.fr\/blog\/wp-json\/wp\/v2\/media\/609317"}],"wp:attachment":[{"href":"https:\/\/dicodusport.fr\/blog\/wp-json\/wp\/v2\/media?parent=609143"}],"wp:term":[{"taxonomy":"category","embeddable":true,"href":"https:\/\/dicodusport.fr\/blog\/wp-json\/wp\/v2\/categories?post=609143"},{"taxonomy":"post_tag","embeddable":true,"href":"https:\/\/dicodusport.fr\/blog\/wp-json\/wp\/v2\/tags?post=609143"}],"curies":[{"name":"wp","href":"https:\/\/api.w.org\/{rel}","templated":true}]}}