{"id":609155,"date":"2025-09-07T17:14:31","date_gmt":"2025-09-07T15:14:31","guid":{"rendered":"https:\/\/dicodusport.fr\/blog\/?p=609155&#038;preview=true&#038;preview_id=609155"},"modified":"2025-09-07T17:20:49","modified_gmt":"2025-09-07T15:20:49","slug":"15eme-etape-tour-despagne-2025-mads-pedersen-leve-enfin-les-bras-a-monforte-de-lemos","status":"publish","type":"post","link":"https:\/\/dicodusport.fr\/blog\/15eme-etape-tour-despagne-2025-mads-pedersen-leve-enfin-les-bras-a-monforte-de-lemos\/","title":{"rendered":"15\u00e8me \u00e9tape Tour d&rsquo;Espagne 2025 : Mads Pedersen l\u00e8ve enfin les bras \u00e0 Monforte de Lemos"},"content":{"rendered":"<p style=\"text-align: justify;\"><strong><em>TOUR D&rsquo;ESPAGNE 2025 &#8211; Souvent \u00e0 l&rsquo;avant, Mads Pedersen a enfin lev\u00e9 les bras sur cette Vuelta, contr\u00f4lant l&rsquo;\u00e9chapp\u00e9e avant de finir le travail au sprint.<\/em><\/strong><\/p>\n<ul style=\"text-align: justify;\">\n<li><strong>\u00c0 ce sujet &#8211; <a href=\"https:\/\/dicodusport.fr\/blog\/15eme-etape-tour-despagne-2025-parcours-detaille-et-profil\/\">15\u00e8me \u00e9tape Tour d\u2019Espagne 2025 : Parcours d\u00e9taill\u00e9 et profil<\/a><\/strong><\/li>\n<\/ul>\n<p style=\"text-align: justify;\">Derni\u00e8re \u00e9tape avant la deuxi\u00e8me journ\u00e9e de repos sur le Tour d&rsquo;Espagne. Apr\u00e8s les explications entre favoris, on s&rsquo;attendait \u00e0 ce qu&rsquo;une \u00e9chapp\u00e9e soit r\u00e9compens\u00e9e aujourd&rsquo;hui. Puisque les deux ascensions r\u00e9pertori\u00e9es \u00e9taient pr\u00e9vues dans les 60 premiers kilom\u00e8tres, elles devaient normalement servir \u00e0 former un groupe de fuyards.<\/p>\n<h2 style=\"text-align: justify;\">Le plus fort, c&rsquo;est Pedersen<\/h2>\n<p style=\"text-align: justify;\">Les premiers \u00e0 s&rsquo;isoler en t\u00eate ont \u00e9t\u00e9 <strong>Jakub Otruba<\/strong> (Caja Rural &#8211; Seguros RGA) et l&rsquo;in\u00e9vitable <strong>Jay Vine<\/strong> (UAE Team Emirates &#8211; XRG). Au final, c&rsquo;est une nouvelle large \u00e9chapp\u00e9e de 47 coureurs qui se formait, avec notamment <strong>Giulio Ciccone<\/strong> et l&rsquo;infatigable maillot vers <strong>Mads Pedersen<\/strong> (Lidl-Trek), <strong>Orluis Aular<\/strong> (Movistar), <strong>Junior Lecerf<\/strong> (Soudal &#8211; QuickStep), <strong>Magnus Sheffield<\/strong> (Ineos Grenadiers), et c\u00f4t\u00e9 fran\u00e7ais,<strong> Julien Bernard<\/strong> (Lidl-Trek), <strong>L\u00e9o Bisiaux <\/strong>(Decathlon AG2R La Mondiale Team), ainsi que <strong>Cl\u00e9ment Braz Afonso<\/strong> et <strong>Thibaud Gruel<\/strong> (Groupama &#8211; FDJ),<\/p>\n<ul style=\"text-align: justify;\">\n<li style=\"text-align: justify;\"><strong>\u00c0 ce sujet \u2013\u00a0<a href=\"https:\/\/dicodusport.fr\/blog\/15eme-etape-tour-despagne-2025-classement-et-resultats\/\">Vuelta : le classement de la 15\u00e8me \u00e9tape du Tour d&rsquo;Espagne 2025<\/a><\/strong><\/li>\n<\/ul>\n<p style=\"text-align: justify;\">Le peloton laissait rapidement filer, puisque personne n&rsquo;\u00e9tait \u00e0 moins de 25 minutes au g\u00e9n\u00e9ral. Tr\u00e8s vite, <strong>Jay Vine<\/strong> s&rsquo;en allait, emmenant dans sa roue <strong>Louis Vervaeke<\/strong> (Soudal Quick-Step). Le duo prenait rapidement une belle avance, qui montait \u00e0 pr\u00e8s de trois minutes, avant que l&rsquo;\u00e9chapp\u00e9e ne se d\u00e9cide \u00e0 contre-attaquer. L&rsquo;\u00e9cart s&rsquo;amenuisait, mais l&rsquo;arriv\u00e9e se rapprochait, et <strong>Mads Pedersen<\/strong> partait donc \u00e0 l&rsquo;aventure avec <strong>Egan Bernal<\/strong> (INEOS Grenadiers) et <strong>Santiago Buitrago<\/strong> (Bahrain &#8211; Victorious),<\/p>\n<ul style=\"text-align: justify;\">\n<li><strong>\u00c0 ce sujet \u2013\u00a0<a href=\"https:\/\/dicodusport.fr\/blog\/vuelta-classement-general-tour-despagne-2025-mis-a-jour\/\" rel=\"\">Vuelta : Classement g\u00e9n\u00e9ral Tour d\u2019Espagne 2025 mis \u00e0 jour<\/a><\/strong><\/li>\n<\/ul>\n<p style=\"text-align: justify;\">Cela d\u00e9sagr\u00e9geait totalement le reste de l&rsquo;\u00e9chapp\u00e9e, et plusieurs coureurs venaient reprendre le trio, en l&rsquo;esp\u00e8ce <strong>Aular<\/strong>, <strong>Sheffield<\/strong>, <strong>Eddie Dunbar<\/strong> (Team Jayco AlUla) et <strong>Marco Frigo<\/strong> (Israel &#8211; Premier Tech). Ce groupe peinait n\u00e9anmoins \u00e0 boucher un \u00e9cart qui stagnait autour des 20 secondes sur le duo de t\u00eate. Il fallait une longue lutte pour que le regroupement se forme \u00e0 7 km de l&rsquo;arriv\u00e9e. Sprint en petit comit\u00e9 ? Id\u00e9al pour <strong>Mads Pedersen<\/strong>, qui allait contr\u00f4ler toutes les attaques et finalement dominer l&#8217;emballage sans trembler, assumant tous les efforts fournis pendant la journ\u00e9e. De quoi faire un pas de plus vers la victoire finale au maillot vert.<\/p>\n<blockquote class=\"twitter-tweet\">\n<p dir=\"ltr\" lang=\"fr\">Enfin une victoire pour Mads Pedersen sur cette Vuelta ! Pr\u00e9sent dans l&rsquo;\u00e9chapp\u00e9e du jour, le maillot vert s&rsquo;impose au sprint devant Orluis Aular et Marco Frigo \ud83d\ude80<a href=\"https:\/\/twitter.com\/hashtag\/LesRP?src=hash&amp;ref_src=twsrc%5Etfw\">#LesRP<\/a> <a href=\"https:\/\/t.co\/HCZaHxqwNY\">pic.twitter.com\/HCZaHxqwNY<\/a><\/p>\n<p>\u2014 Eurosport France (@Eurosport_FR) <a href=\"https:\/\/twitter.com\/Eurosport_FR\/status\/1964710067598475669?ref_src=twsrc%5Etfw\">September 7, 2025<\/a><\/p><\/blockquote>\n<p><script async src=\"https:\/\/platform.twitter.com\/widgets.js\" charset=\"utf-8\"><\/script><\/p>\n<div class=\"flex items-center gap-4 py-0.5 border-b last:border-none border-gray\" style=\"text-align: justify;\">\n<hr \/>\n<\/div>\n<ul style=\"text-align: justify;\">\n<li style=\"text-align: justify;\"><strong>\u00c0 ce sujet \u2013\u00a0<a href=\"https:\/\/dicodusport.fr\/blog\/actualites\/cyclisme\/cyclisme-sur-route-2024\/\">L\u2019actualit\u00e9 du cyclisme<\/a><\/strong><\/li>\n<\/ul>\n<div class=\"vlp-link-container vlp-layout-article\"><a href=\"https:\/\/dicodusport.fr\/blog\/cyclisme-mercato-2025-2026-le-tableau-des-transferts\/\" class=\"vlp-link\" title=\"Cyclisme Mercato 2025-2026 - Le tableau des transferts\"><\/a><div class=\"vlp-layout-zone-side\"><div class=\"vlp-block-4 vlp-link-image\"><img loading=\"lazy\" decoding=\"async\" style=\"max-width: 792px;\" width=\"792\" height=\"445\" src=\"https:\/\/dicodusport.fr\/blog\/wp-content\/uploads\/2025\/02\/Cyclisme-Mercato-2025-2026-Le-tableau-des-transferts.png\" class=\"attachment-800x445 size-800x445\" alt=\"Cyclisme Mercato 2025-2026 - Le tableau des transferts\" srcset=\"https:\/\/dicodusport.fr\/blog\/wp-content\/uploads\/2025\/02\/Cyclisme-Mercato-2025-2026-Le-tableau-des-transferts.png 1200w, https:\/\/dicodusport.fr\/blog\/wp-content\/uploads\/2025\/02\/Cyclisme-Mercato-2025-2026-Le-tableau-des-transferts-300x169.png 300w, https:\/\/dicodusport.fr\/blog\/wp-content\/uploads\/2025\/02\/Cyclisme-Mercato-2025-2026-Le-tableau-des-transferts-1024x575.png 1024w, https:\/\/dicodusport.fr\/blog\/wp-content\/uploads\/2025\/02\/Cyclisme-Mercato-2025-2026-Le-tableau-des-transferts-768x431.png 768w\" sizes=\"auto, (max-width: 792px) 100vw, 792px\" \/><\/div><\/div><div class=\"vlp-layout-zone-main\"><div class=\"vlp-block-0 vlp-link-title\">Cyclisme Mercato 2025-2026 - Le tableau des transferts<\/div><div class=\"vlp-block-1 vlp-link-summary\">MERCATO CYCLISME 2025-2026 - D\u00e9couvrez les transferts officiels et les rumeurs du mercato cycliste.<\/div><div class=\"vlp-block-2 vlp-link-button\">Lire l'article<\/div><div class=\"vlp-block-3 vlp-link-url\">dicodusport.fr<\/div><\/div><\/div>\n","protected":false},"excerpt":{"rendered":"<p>TOUR D&rsquo;ESPAGNE 2025 &#8211; Souvent \u00e0 l&rsquo;avant, Mads Pedersen a enfin lev\u00e9 les bras sur cette Vuelta, contr\u00f4lant l&rsquo;\u00e9chapp\u00e9e avant de finir le travail au sprint.<\/p>\n","protected":false},"author":59,"featured_media":609301,"comment_status":"open","ping_status":"closed","sticky":false,"template":"","format":"standard","meta":{"_acf_changed":false,"_daextam_enable_autolinks":"1","footnotes":""},"categories":[47042],"tags":[16878,574,11197,1671,1670],"class_list":["post-609155","post","type-post","status-publish","format-standard","has-post-thumbnail","hentry","category-tour-d-espagne","tag-breve","tag-cyclisme","tag-cyclisme-sur-route","tag-tour-despagne","tag-vuelta"],"acf":[],"yoast_head":"<!-- This site is optimized with the Yoast SEO Premium plugin v26.7 (Yoast SEO v26.7) - https:\/\/yoast.com\/wordpress\/plugins\/seo\/ -->\n<title>15\u00e8me \u00e9tape Tour d&#039;Espagne 2025 : Mads Pedersen l\u00e8ve enfin les bras \u00e0 Monforte de Lemos<\/title>\n<meta name=\"description\" content=\"TOUR D&#039;ESPAGNE 2025 - Souvent \u00e0 l&#039;avant, Mads Pedersen a enfin lev\u00e9 les bras sur cette Vuelta, contr\u00f4lant l&#039;\u00e9chapp\u00e9e avant de finir le travail au sprint.\" \/>\n<meta name=\"robots\" content=\"index, follow, max-snippet:-1, max-image-preview:large, max-video-preview:-1\" \/>\n<link rel=\"canonical\" href=\"https:\/\/dicodusport.fr\/blog\/15eme-etape-tour-despagne-2025-mads-pedersen-leve-enfin-les-bras-a-monforte-de-lemos\/\" \/>\n<meta property=\"og:locale\" content=\"fr_FR\" \/>\n<meta property=\"og:type\" content=\"article\" \/>\n<meta property=\"og:title\" content=\"15\u00e8me \u00e9tape Tour d&#039;Espagne 2025 : Mads Pedersen l\u00e8ve enfin les bras \u00e0 Monforte de Lemos\" \/>\n<meta property=\"og:description\" content=\"TOUR D&#039;ESPAGNE 2025 - Souvent \u00e0 l&#039;avant, Mads Pedersen a enfin lev\u00e9 les bras sur cette Vuelta, contr\u00f4lant l&#039;\u00e9chapp\u00e9e avant de finir le travail au sprint.\" \/>\n<meta property=\"og:url\" content=\"https:\/\/dicodusport.fr\/blog\/15eme-etape-tour-despagne-2025-mads-pedersen-leve-enfin-les-bras-a-monforte-de-lemos\/\" \/>\n<meta property=\"og:site_name\" content=\"Dicodusport\" \/>\n<meta property=\"article:publisher\" content=\"https:\/\/www.facebook.com\/dicodusport\" \/>\n<meta property=\"article:author\" content=\"https:\/\/www.facebook.com\/sebastien.gente\/\" \/>\n<meta property=\"article:published_time\" content=\"2025-09-07T15:14:31+00:00\" \/>\n<meta property=\"article:modified_time\" content=\"2025-09-07T15:20:49+00:00\" \/>\n<meta property=\"og:image\" content=\"https:\/\/dicodusport.fr\/blog\/wp-content\/uploads\/2025\/09\/15eme-etape-Tour-dEspagne-2025-Mads-Pedersen-leve-enfin-les-bras-a-Monforte-de-Lemos.png\" \/>\n\t<meta property=\"og:image:width\" content=\"1200\" \/>\n\t<meta property=\"og:image:height\" content=\"674\" \/>\n\t<meta property=\"og:image:type\" content=\"image\/png\" \/>\n<meta name=\"author\" content=\"S\u00e9bastien Gente\" \/>\n<meta name=\"twitter:card\" content=\"summary_large_image\" \/>\n<meta name=\"twitter:creator\" content=\"@https:\/\/twitter.com\/globulo24\" \/>\n<meta name=\"twitter:site\" content=\"@dicodusport\" \/>\n<script type=\"application\/ld+json\" class=\"yoast-schema-graph\">{\"@context\":\"https:\/\/schema.org\",\"@graph\":[{\"@type\":\"NewsArticle\",\"@id\":\"https:\/\/dicodusport.fr\/blog\/15eme-etape-tour-despagne-2025-mads-pedersen-leve-enfin-les-bras-a-monforte-de-lemos\/#article\",\"isPartOf\":{\"@id\":\"https:\/\/dicodusport.fr\/blog\/15eme-etape-tour-despagne-2025-mads-pedersen-leve-enfin-les-bras-a-monforte-de-lemos\/\"},\"author\":{\"name\":\"S\u00e9bastien Gente\",\"@id\":\"https:\/\/dicodusport.fr\/blog\/#\/schema\/person\/627966a6cde45dbd8c5e36ac85d783da\"},\"headline\":\"15\u00e8me \u00e9tape Tour d&rsquo;Espagne 2025 : Mads Pedersen l\u00e8ve enfin les bras \u00e0 Monforte de Lemos\",\"datePublished\":\"2025-09-07T15:14:31+00:00\",\"dateModified\":\"2025-09-07T15:20:49+00:00\",\"mainEntityOfPage\":{\"@id\":\"https:\/\/dicodusport.fr\/blog\/15eme-etape-tour-despagne-2025-mads-pedersen-leve-enfin-les-bras-a-monforte-de-lemos\/\"},\"wordCount\":571,\"commentCount\":0,\"publisher\":{\"@id\":\"https:\/\/dicodusport.fr\/blog\/#organization\"},\"image\":{\"@id\":\"https:\/\/dicodusport.fr\/blog\/15eme-etape-tour-despagne-2025-mads-pedersen-leve-enfin-les-bras-a-monforte-de-lemos\/#primaryimage\"},\"thumbnailUrl\":\"https:\/\/dicodusport.fr\/blog\/wp-content\/uploads\/2025\/09\/15eme-etape-Tour-dEspagne-2025-Mads-Pedersen-leve-enfin-les-bras-a-Monforte-de-Lemos.png\",\"keywords\":[\"br\u00e8ve\",\"Cyclisme\",\"Cyclisme sur route\",\"Tour d'Espagne\",\"Vuelta\"],\"articleSection\":[\"Tour d'Espagne\"],\"inLanguage\":\"fr-FR\",\"potentialAction\":[{\"@type\":\"CommentAction\",\"name\":\"Comment\",\"target\":[\"https:\/\/dicodusport.fr\/blog\/15eme-etape-tour-despagne-2025-mads-pedersen-leve-enfin-les-bras-a-monforte-de-lemos\/#respond\"]}],\"copyrightYear\":\"2025\",\"copyrightHolder\":{\"@id\":\"https:\/\/dicodusport.fr\/blog\/#organization\"}},{\"@type\":\"WebPage\",\"@id\":\"https:\/\/dicodusport.fr\/blog\/15eme-etape-tour-despagne-2025-mads-pedersen-leve-enfin-les-bras-a-monforte-de-lemos\/\",\"url\":\"https:\/\/dicodusport.fr\/blog\/15eme-etape-tour-despagne-2025-mads-pedersen-leve-enfin-les-bras-a-monforte-de-lemos\/\",\"name\":\"15\u00e8me \u00e9tape Tour d'Espagne 2025 : Mads Pedersen l\u00e8ve enfin les bras \u00e0 Monforte de Lemos\",\"isPartOf\":{\"@id\":\"https:\/\/dicodusport.fr\/blog\/#website\"},\"primaryImageOfPage\":{\"@id\":\"https:\/\/dicodusport.fr\/blog\/15eme-etape-tour-despagne-2025-mads-pedersen-leve-enfin-les-bras-a-monforte-de-lemos\/#primaryimage\"},\"image\":{\"@id\":\"https:\/\/dicodusport.fr\/blog\/15eme-etape-tour-despagne-2025-mads-pedersen-leve-enfin-les-bras-a-monforte-de-lemos\/#primaryimage\"},\"thumbnailUrl\":\"https:\/\/dicodusport.fr\/blog\/wp-content\/uploads\/2025\/09\/15eme-etape-Tour-dEspagne-2025-Mads-Pedersen-leve-enfin-les-bras-a-Monforte-de-Lemos.png\",\"datePublished\":\"2025-09-07T15:14:31+00:00\",\"dateModified\":\"2025-09-07T15:20:49+00:00\",\"description\":\"TOUR D'ESPAGNE 2025 - Souvent \u00e0 l'avant, Mads Pedersen a enfin lev\u00e9 les bras sur cette Vuelta, contr\u00f4lant l'\u00e9chapp\u00e9e avant de finir le travail au sprint.\",\"breadcrumb\":{\"@id\":\"https:\/\/dicodusport.fr\/blog\/15eme-etape-tour-despagne-2025-mads-pedersen-leve-enfin-les-bras-a-monforte-de-lemos\/#breadcrumb\"},\"inLanguage\":\"fr-FR\",\"potentialAction\":[{\"@type\":\"ReadAction\",\"target\":[\"https:\/\/dicodusport.fr\/blog\/15eme-etape-tour-despagne-2025-mads-pedersen-leve-enfin-les-bras-a-monforte-de-lemos\/\"]}]},{\"@type\":\"ImageObject\",\"inLanguage\":\"fr-FR\",\"@id\":\"https:\/\/dicodusport.fr\/blog\/15eme-etape-tour-despagne-2025-mads-pedersen-leve-enfin-les-bras-a-monforte-de-lemos\/#primaryimage\",\"url\":\"https:\/\/dicodusport.fr\/blog\/wp-content\/uploads\/2025\/09\/15eme-etape-Tour-dEspagne-2025-Mads-Pedersen-leve-enfin-les-bras-a-Monforte-de-Lemos.png\",\"contentUrl\":\"https:\/\/dicodusport.fr\/blog\/wp-content\/uploads\/2025\/09\/15eme-etape-Tour-dEspagne-2025-Mads-Pedersen-leve-enfin-les-bras-a-Monforte-de-Lemos.png\",\"width\":1200,\"height\":674,\"caption\":\"15\u00e8me \u00e9tape Tour d'Espagne 2025 Mads Pedersen l\u00e8ve enfin les bras \u00e0 Monforte de Lemos\"},{\"@type\":\"BreadcrumbList\",\"@id\":\"https:\/\/dicodusport.fr\/blog\/15eme-etape-tour-despagne-2025-mads-pedersen-leve-enfin-les-bras-a-monforte-de-lemos\/#breadcrumb\",\"itemListElement\":[{\"@type\":\"ListItem\",\"position\":1,\"name\":\"Accueil\",\"item\":\"https:\/\/dicodusport.fr\/blog\/\"},{\"@type\":\"ListItem\",\"position\":2,\"name\":\"15\u00e8me \u00e9tape Tour d&rsquo;Espagne 2025 : Mads Pedersen l\u00e8ve enfin les bras \u00e0 Monforte de Lemos\"}]},{\"@type\":\"WebSite\",\"@id\":\"https:\/\/dicodusport.fr\/blog\/#website\",\"url\":\"https:\/\/dicodusport.fr\/blog\/\",\"name\":\"Dicodusport\",\"description\":\"L&#039;encyclop\u00e9die de l&#039;actualit\u00e9 sportive\",\"publisher\":{\"@id\":\"https:\/\/dicodusport.fr\/blog\/#organization\"},\"potentialAction\":[{\"@type\":\"SearchAction\",\"target\":{\"@type\":\"EntryPoint\",\"urlTemplate\":\"https:\/\/dicodusport.fr\/blog\/?s={search_term_string}\"},\"query-input\":{\"@type\":\"PropertyValueSpecification\",\"valueRequired\":true,\"valueName\":\"search_term_string\"}}],\"inLanguage\":\"fr-FR\"},{\"@type\":\"NewsMediaOrganization\",\"@id\":\"https:\/\/dicodusport.fr\/blog\/#organization\",\"name\":\"Dicodusport\",\"url\":\"https:\/\/dicodusport.fr\/blog\/\",\"logo\":{\"@type\":\"ImageObject\",\"inLanguage\":\"fr-FR\",\"@id\":\"https:\/\/dicodusport.fr\/blog\/#\/schema\/logo\/image\/\",\"url\":\"https:\/\/dicodusport.fr\/blog\/wp-content\/uploads\/2020\/06\/cropped-LOGO-DICODUSPORT-2020-SANS-FOND-SANS-TEXTE.png\",\"contentUrl\":\"https:\/\/dicodusport.fr\/blog\/wp-content\/uploads\/2020\/06\/cropped-LOGO-DICODUSPORT-2020-SANS-FOND-SANS-TEXTE.png\",\"width\":512,\"height\":512,\"caption\":\"Dicodusport\"},\"image\":{\"@id\":\"https:\/\/dicodusport.fr\/blog\/#\/schema\/logo\/image\/\"},\"sameAs\":[\"https:\/\/www.facebook.com\/dicodusport\",\"https:\/\/x.com\/dicodusport\",\"https:\/\/www.instagram.com\/dicodusport\/\",\"https:\/\/www.youtube.com\/channel\/UC7V2KZ5sd3htJivAbA4ZG3w\"],\"description\":\"Dicodusport est l'encyclop\u00e9die de l'actualit\u00e9 sportive.\",\"email\":\"bonjour@dicodusport.fr\",\"legalName\":\"DICODUSPORT\",\"foundingDate\":\"2018-01-14\",\"vatID\":\"FR71834470973\",\"taxID\":\"83447097300043\",\"numberOfEmployees\":{\"@type\":\"QuantitativeValue\",\"minValue\":\"1\",\"maxValue\":\"10\"}},{\"@type\":\"Person\",\"@id\":\"https:\/\/dicodusport.fr\/blog\/#\/schema\/person\/627966a6cde45dbd8c5e36ac85d783da\",\"name\":\"S\u00e9bastien Gente\",\"image\":{\"@type\":\"ImageObject\",\"inLanguage\":\"fr-FR\",\"@id\":\"https:\/\/dicodusport.fr\/blog\/#\/schema\/person\/image\/\",\"url\":\"https:\/\/dicodusport.fr\/blog\/wp-content\/uploads\/2021\/09\/1510990_10205810251400683_4124423575079401707_n-150x150.jpg\",\"contentUrl\":\"https:\/\/dicodusport.fr\/blog\/wp-content\/uploads\/2021\/09\/1510990_10205810251400683_4124423575079401707_n-150x150.jpg\",\"caption\":\"S\u00e9bastien Gente\"},\"description\":\"John Stockton, Gianni Bugno, Zinedine Zidane, Steffi Graf, Frode Andresen, St\u00e9phane Stoecklin, Davis Kamoga, Primoz Peterka, Werner Schlager et Aur\u00e9lien Rougerie. Point commun entre ces sportifs? Ils m'ont fait r\u00eaver et ont berc\u00e9 mon adolescence. Je suis un fondu de sports et j'essaie de retranscrire ma passion \u00e0 travers mes articles. Originaire du P\u00e9rigord, ma passion pour les Girondins, les Jaunards et les Jazzmen transpire dans mes \u00e9crits. \u00c0 Dicodusport depuis 2021, je d\u00e9niche les sports m\u00e9connus dans lesquels la France brille, et il y en a !\",\"sameAs\":[\"https:\/\/www.facebook.com\/sebastien.gente\/\",\"https:\/\/www.instagram.com\/sebgente\/\",\"https:\/\/www.linkedin.com\/in\/sbastien-gente-a29583169\/\",\"https:\/\/x.com\/https:\/\/twitter.com\/globulo24\",\"SebastienGente\"],\"worksFor\":\"S\u00e9bastien GENTE\",\"url\":\"https:\/\/dicodusport.fr\/blog\/author\/sebastiengente\/\"}]}<\/script>\n<!-- \/ Yoast SEO Premium plugin. -->","yoast_head_json":{"title":"15\u00e8me \u00e9tape Tour d'Espagne 2025 : Mads Pedersen l\u00e8ve enfin les bras \u00e0 Monforte de Lemos","description":"TOUR D'ESPAGNE 2025 - Souvent \u00e0 l'avant, Mads Pedersen a enfin lev\u00e9 les bras sur cette Vuelta, contr\u00f4lant l'\u00e9chapp\u00e9e avant de finir le travail au sprint.","robots":{"index":"index","follow":"follow","max-snippet":"max-snippet:-1","max-image-preview":"max-image-preview:large","max-video-preview":"max-video-preview:-1"},"canonical":"https:\/\/dicodusport.fr\/blog\/15eme-etape-tour-despagne-2025-mads-pedersen-leve-enfin-les-bras-a-monforte-de-lemos\/","og_locale":"fr_FR","og_type":"article","og_title":"15\u00e8me \u00e9tape Tour d'Espagne 2025 : Mads Pedersen l\u00e8ve enfin les bras \u00e0 Monforte de Lemos","og_description":"TOUR D'ESPAGNE 2025 - Souvent \u00e0 l'avant, Mads Pedersen a enfin lev\u00e9 les bras sur cette Vuelta, contr\u00f4lant l'\u00e9chapp\u00e9e avant de finir le travail au sprint.","og_url":"https:\/\/dicodusport.fr\/blog\/15eme-etape-tour-despagne-2025-mads-pedersen-leve-enfin-les-bras-a-monforte-de-lemos\/","og_site_name":"Dicodusport","article_publisher":"https:\/\/www.facebook.com\/dicodusport","article_author":"https:\/\/www.facebook.com\/sebastien.gente\/","article_published_time":"2025-09-07T15:14:31+00:00","article_modified_time":"2025-09-07T15:20:49+00:00","og_image":[{"width":1200,"height":674,"url":"https:\/\/dicodusport.fr\/blog\/wp-content\/uploads\/2025\/09\/15eme-etape-Tour-dEspagne-2025-Mads-Pedersen-leve-enfin-les-bras-a-Monforte-de-Lemos.png","type":"image\/png"}],"author":"S\u00e9bastien Gente","twitter_card":"summary_large_image","twitter_creator":"@https:\/\/twitter.com\/globulo24","twitter_site":"@dicodusport","schema":{"@context":"https:\/\/schema.org","@graph":[{"@type":"NewsArticle","@id":"https:\/\/dicodusport.fr\/blog\/15eme-etape-tour-despagne-2025-mads-pedersen-leve-enfin-les-bras-a-monforte-de-lemos\/#article","isPartOf":{"@id":"https:\/\/dicodusport.fr\/blog\/15eme-etape-tour-despagne-2025-mads-pedersen-leve-enfin-les-bras-a-monforte-de-lemos\/"},"author":{"name":"S\u00e9bastien Gente","@id":"https:\/\/dicodusport.fr\/blog\/#\/schema\/person\/627966a6cde45dbd8c5e36ac85d783da"},"headline":"15\u00e8me \u00e9tape Tour d&rsquo;Espagne 2025 : Mads Pedersen l\u00e8ve enfin les bras \u00e0 Monforte de Lemos","datePublished":"2025-09-07T15:14:31+00:00","dateModified":"2025-09-07T15:20:49+00:00","mainEntityOfPage":{"@id":"https:\/\/dicodusport.fr\/blog\/15eme-etape-tour-despagne-2025-mads-pedersen-leve-enfin-les-bras-a-monforte-de-lemos\/"},"wordCount":571,"commentCount":0,"publisher":{"@id":"https:\/\/dicodusport.fr\/blog\/#organization"},"image":{"@id":"https:\/\/dicodusport.fr\/blog\/15eme-etape-tour-despagne-2025-mads-pedersen-leve-enfin-les-bras-a-monforte-de-lemos\/#primaryimage"},"thumbnailUrl":"https:\/\/dicodusport.fr\/blog\/wp-content\/uploads\/2025\/09\/15eme-etape-Tour-dEspagne-2025-Mads-Pedersen-leve-enfin-les-bras-a-Monforte-de-Lemos.png","keywords":["br\u00e8ve","Cyclisme","Cyclisme sur route","Tour d'Espagne","Vuelta"],"articleSection":["Tour d'Espagne"],"inLanguage":"fr-FR","potentialAction":[{"@type":"CommentAction","name":"Comment","target":["https:\/\/dicodusport.fr\/blog\/15eme-etape-tour-despagne-2025-mads-pedersen-leve-enfin-les-bras-a-monforte-de-lemos\/#respond"]}],"copyrightYear":"2025","copyrightHolder":{"@id":"https:\/\/dicodusport.fr\/blog\/#organization"}},{"@type":"WebPage","@id":"https:\/\/dicodusport.fr\/blog\/15eme-etape-tour-despagne-2025-mads-pedersen-leve-enfin-les-bras-a-monforte-de-lemos\/","url":"https:\/\/dicodusport.fr\/blog\/15eme-etape-tour-despagne-2025-mads-pedersen-leve-enfin-les-bras-a-monforte-de-lemos\/","name":"15\u00e8me \u00e9tape Tour d'Espagne 2025 : Mads Pedersen l\u00e8ve enfin les bras \u00e0 Monforte de Lemos","isPartOf":{"@id":"https:\/\/dicodusport.fr\/blog\/#website"},"primaryImageOfPage":{"@id":"https:\/\/dicodusport.fr\/blog\/15eme-etape-tour-despagne-2025-mads-pedersen-leve-enfin-les-bras-a-monforte-de-lemos\/#primaryimage"},"image":{"@id":"https:\/\/dicodusport.fr\/blog\/15eme-etape-tour-despagne-2025-mads-pedersen-leve-enfin-les-bras-a-monforte-de-lemos\/#primaryimage"},"thumbnailUrl":"https:\/\/dicodusport.fr\/blog\/wp-content\/uploads\/2025\/09\/15eme-etape-Tour-dEspagne-2025-Mads-Pedersen-leve-enfin-les-bras-a-Monforte-de-Lemos.png","datePublished":"2025-09-07T15:14:31+00:00","dateModified":"2025-09-07T15:20:49+00:00","description":"TOUR D'ESPAGNE 2025 - Souvent \u00e0 l'avant, Mads Pedersen a enfin lev\u00e9 les bras sur cette Vuelta, contr\u00f4lant l'\u00e9chapp\u00e9e avant de finir le travail au sprint.","breadcrumb":{"@id":"https:\/\/dicodusport.fr\/blog\/15eme-etape-tour-despagne-2025-mads-pedersen-leve-enfin-les-bras-a-monforte-de-lemos\/#breadcrumb"},"inLanguage":"fr-FR","potentialAction":[{"@type":"ReadAction","target":["https:\/\/dicodusport.fr\/blog\/15eme-etape-tour-despagne-2025-mads-pedersen-leve-enfin-les-bras-a-monforte-de-lemos\/"]}]},{"@type":"ImageObject","inLanguage":"fr-FR","@id":"https:\/\/dicodusport.fr\/blog\/15eme-etape-tour-despagne-2025-mads-pedersen-leve-enfin-les-bras-a-monforte-de-lemos\/#primaryimage","url":"https:\/\/dicodusport.fr\/blog\/wp-content\/uploads\/2025\/09\/15eme-etape-Tour-dEspagne-2025-Mads-Pedersen-leve-enfin-les-bras-a-Monforte-de-Lemos.png","contentUrl":"https:\/\/dicodusport.fr\/blog\/wp-content\/uploads\/2025\/09\/15eme-etape-Tour-dEspagne-2025-Mads-Pedersen-leve-enfin-les-bras-a-Monforte-de-Lemos.png","width":1200,"height":674,"caption":"15\u00e8me \u00e9tape Tour d'Espagne 2025 Mads Pedersen l\u00e8ve enfin les bras \u00e0 Monforte de Lemos"},{"@type":"BreadcrumbList","@id":"https:\/\/dicodusport.fr\/blog\/15eme-etape-tour-despagne-2025-mads-pedersen-leve-enfin-les-bras-a-monforte-de-lemos\/#breadcrumb","itemListElement":[{"@type":"ListItem","position":1,"name":"Accueil","item":"https:\/\/dicodusport.fr\/blog\/"},{"@type":"ListItem","position":2,"name":"15\u00e8me \u00e9tape Tour d&rsquo;Espagne 2025 : Mads Pedersen l\u00e8ve enfin les bras \u00e0 Monforte de Lemos"}]},{"@type":"WebSite","@id":"https:\/\/dicodusport.fr\/blog\/#website","url":"https:\/\/dicodusport.fr\/blog\/","name":"Dicodusport","description":"L&#039;encyclop\u00e9die de l&#039;actualit\u00e9 sportive","publisher":{"@id":"https:\/\/dicodusport.fr\/blog\/#organization"},"potentialAction":[{"@type":"SearchAction","target":{"@type":"EntryPoint","urlTemplate":"https:\/\/dicodusport.fr\/blog\/?s={search_term_string}"},"query-input":{"@type":"PropertyValueSpecification","valueRequired":true,"valueName":"search_term_string"}}],"inLanguage":"fr-FR"},{"@type":"NewsMediaOrganization","@id":"https:\/\/dicodusport.fr\/blog\/#organization","name":"Dicodusport","url":"https:\/\/dicodusport.fr\/blog\/","logo":{"@type":"ImageObject","inLanguage":"fr-FR","@id":"https:\/\/dicodusport.fr\/blog\/#\/schema\/logo\/image\/","url":"https:\/\/dicodusport.fr\/blog\/wp-content\/uploads\/2020\/06\/cropped-LOGO-DICODUSPORT-2020-SANS-FOND-SANS-TEXTE.png","contentUrl":"https:\/\/dicodusport.fr\/blog\/wp-content\/uploads\/2020\/06\/cropped-LOGO-DICODUSPORT-2020-SANS-FOND-SANS-TEXTE.png","width":512,"height":512,"caption":"Dicodusport"},"image":{"@id":"https:\/\/dicodusport.fr\/blog\/#\/schema\/logo\/image\/"},"sameAs":["https:\/\/www.facebook.com\/dicodusport","https:\/\/x.com\/dicodusport","https:\/\/www.instagram.com\/dicodusport\/","https:\/\/www.youtube.com\/channel\/UC7V2KZ5sd3htJivAbA4ZG3w"],"description":"Dicodusport est l'encyclop\u00e9die de l'actualit\u00e9 sportive.","email":"bonjour@dicodusport.fr","legalName":"DICODUSPORT","foundingDate":"2018-01-14","vatID":"FR71834470973","taxID":"83447097300043","numberOfEmployees":{"@type":"QuantitativeValue","minValue":"1","maxValue":"10"}},{"@type":"Person","@id":"https:\/\/dicodusport.fr\/blog\/#\/schema\/person\/627966a6cde45dbd8c5e36ac85d783da","name":"S\u00e9bastien Gente","image":{"@type":"ImageObject","inLanguage":"fr-FR","@id":"https:\/\/dicodusport.fr\/blog\/#\/schema\/person\/image\/","url":"https:\/\/dicodusport.fr\/blog\/wp-content\/uploads\/2021\/09\/1510990_10205810251400683_4124423575079401707_n-150x150.jpg","contentUrl":"https:\/\/dicodusport.fr\/blog\/wp-content\/uploads\/2021\/09\/1510990_10205810251400683_4124423575079401707_n-150x150.jpg","caption":"S\u00e9bastien Gente"},"description":"John Stockton, Gianni Bugno, Zinedine Zidane, Steffi Graf, Frode Andresen, St\u00e9phane Stoecklin, Davis Kamoga, Primoz Peterka, Werner Schlager et Aur\u00e9lien Rougerie. Point commun entre ces sportifs? Ils m'ont fait r\u00eaver et ont berc\u00e9 mon adolescence. Je suis un fondu de sports et j'essaie de retranscrire ma passion \u00e0 travers mes articles. Originaire du P\u00e9rigord, ma passion pour les Girondins, les Jaunards et les Jazzmen transpire dans mes \u00e9crits. \u00c0 Dicodusport depuis 2021, je d\u00e9niche les sports m\u00e9connus dans lesquels la France brille, et il y en a !","sameAs":["https:\/\/www.facebook.com\/sebastien.gente\/","https:\/\/www.instagram.com\/sebgente\/","https:\/\/www.linkedin.com\/in\/sbastien-gente-a29583169\/","https:\/\/x.com\/https:\/\/twitter.com\/globulo24","SebastienGente"],"worksFor":"S\u00e9bastien GENTE","url":"https:\/\/dicodusport.fr\/blog\/author\/sebastiengente\/"}]}},"_links":{"self":[{"href":"https:\/\/dicodusport.fr\/blog\/wp-json\/wp\/v2\/posts\/609155","targetHints":{"allow":["GET"]}}],"collection":[{"href":"https:\/\/dicodusport.fr\/blog\/wp-json\/wp\/v2\/posts"}],"about":[{"href":"https:\/\/dicodusport.fr\/blog\/wp-json\/wp\/v2\/types\/post"}],"author":[{"embeddable":true,"href":"https:\/\/dicodusport.fr\/blog\/wp-json\/wp\/v2\/users\/59"}],"replies":[{"embeddable":true,"href":"https:\/\/dicodusport.fr\/blog\/wp-json\/wp\/v2\/comments?post=609155"}],"version-history":[{"count":2,"href":"https:\/\/dicodusport.fr\/blog\/wp-json\/wp\/v2\/posts\/609155\/revisions"}],"predecessor-version":[{"id":609309,"href":"https:\/\/dicodusport.fr\/blog\/wp-json\/wp\/v2\/posts\/609155\/revisions\/609309"}],"wp:featuredmedia":[{"embeddable":true,"href":"https:\/\/dicodusport.fr\/blog\/wp-json\/wp\/v2\/media\/609301"}],"wp:attachment":[{"href":"https:\/\/dicodusport.fr\/blog\/wp-json\/wp\/v2\/media?parent=609155"}],"wp:term":[{"taxonomy":"category","embeddable":true,"href":"https:\/\/dicodusport.fr\/blog\/wp-json\/wp\/v2\/categories?post=609155"},{"taxonomy":"post_tag","embeddable":true,"href":"https:\/\/dicodusport.fr\/blog\/wp-json\/wp\/v2\/tags?post=609155"}],"curies":[{"name":"wp","href":"https:\/\/api.w.org\/{rel}","templated":true}]}}