{"id":609383,"date":"2025-09-08T13:00:23","date_gmt":"2025-09-08T11:00:23","guid":{"rendered":"https:\/\/dicodusport.fr\/blog\/?p=609383&#038;preview=true&#038;preview_id=609383"},"modified":"2025-09-08T13:08:22","modified_gmt":"2025-09-08T11:08:22","slug":"canoe-kayak-marathon-mondiaux-2025-myriam-clavreul-et-francois-jonquet-en-or-les-bleus-raflent-six-medailles","status":"publish","type":"post","link":"https:\/\/dicodusport.fr\/blog\/canoe-kayak-marathon-mondiaux-2025-myriam-clavreul-et-francois-jonquet-en-or-les-bleus-raflent-six-medailles\/","title":{"rendered":"Cano\u00eb-kayak marathon Mondiaux 2025 : Myriam Clavreul et Fran\u00e7ois Jonquet en or, les Bleus raflent six m\u00e9dailles"},"content":{"rendered":"<p style=\"text-align: justify;\"><strong><em>CHAMPIONNATS DU MONDE DE CANO\u00cb-KAYAK MARATHON 2025 &#8211; Les Bleus du para ont ramen\u00e9 deux titres de Hongrie, pour six m\u00e9dailles fran\u00e7aises au total.\u00a0<\/em><\/strong><\/p>\n<p style=\"text-align: justify;\">L&rsquo;an dernier, les Bleus du cano\u00eb-kayak marathon avaient rapport\u00e9 six m\u00e9dailles des Mondiaux, dont deux titres. Un bilan au moins \u00e9quivalent \u00e9tait esp\u00e9r\u00e9 pour l&rsquo;\u00e9dition 2025 en Hongrie, et c&rsquo;est exactement ce qu&rsquo;il s&rsquo;est pass\u00e9.<\/p>\n<div class=\"vlp-link-container vlp-layout-article\"><a href=\"https:\/\/dicodusport.fr\/blog\/mondiaux-canoe-kayak-marathon-2024-lequipe-de-france-repart-avec-six-medailles-de-croatie\/\" class=\"vlp-link\" title=\"Mondiaux cano\u00eb-kayak marathon 2024 : L&#039;\u00e9quipe de France repart avec six m\u00e9dailles de Croatie\"><\/a><div class=\"vlp-layout-zone-side\"><div class=\"vlp-block-4 vlp-link-image\"><img loading=\"lazy\" decoding=\"async\" style=\"max-width: 792px;\" width=\"792\" height=\"445\" src=\"https:\/\/dicodusport.fr\/blog\/wp-content\/uploads\/2024\/09\/Mondiaux-canoe-kayak-marathon-2024-Lequipe-de-France-repart-avec-six-medailles-de-Croatie.png\" class=\"attachment-800x445 size-800x445\" alt=\"Mondiaux cano\u00eb-kayak marathon 2024 L&#039;\u00e9quipe de France repart avec six m\u00e9dailles de Croatie\" srcset=\"https:\/\/dicodusport.fr\/blog\/wp-content\/uploads\/2024\/09\/Mondiaux-canoe-kayak-marathon-2024-Lequipe-de-France-repart-avec-six-medailles-de-Croatie.png 1200w, https:\/\/dicodusport.fr\/blog\/wp-content\/uploads\/2024\/09\/Mondiaux-canoe-kayak-marathon-2024-Lequipe-de-France-repart-avec-six-medailles-de-Croatie-300x169.png 300w, https:\/\/dicodusport.fr\/blog\/wp-content\/uploads\/2024\/09\/Mondiaux-canoe-kayak-marathon-2024-Lequipe-de-France-repart-avec-six-medailles-de-Croatie-1024x575.png 1024w, https:\/\/dicodusport.fr\/blog\/wp-content\/uploads\/2024\/09\/Mondiaux-canoe-kayak-marathon-2024-Lequipe-de-France-repart-avec-six-medailles-de-Croatie-768x431.png 768w\" sizes=\"auto, (max-width: 792px) 100vw, 792px\" \/><\/div><\/div><div class=\"vlp-layout-zone-main\"><div class=\"vlp-block-0 vlp-link-title\">Mondiaux cano\u00eb-kayak marathon 2024 : L'\u00e9quipe de France repart avec six m\u00e9dailles de Croatie<\/div><div class=\"vlp-block-1 vlp-link-summary\">CHAMPIONNATS DU MONDE DE CANO\u00cb-KAYAK MARATHON 2024 - Du 16 au 22 septembre, les Bleus avaient rendez-vous en Croatie. Et l\u2019\u00e9quipe de France n\u2019est pas repartie bredouille, loin de l\u00e0, avec six m\u00e9dailles mondiales dont quatre apport\u00e9es par le para cano\u00eb-kayak.<\/div><div class=\"vlp-block-2 vlp-link-button\">Lire l'article<\/div><div class=\"vlp-block-3 vlp-link-url\">dicodusport.fr<\/div><\/div><\/div>\n<h2 style=\"text-align: justify;\">Le para cano\u00eb-kayak en patron<\/h2>\n<p style=\"text-align: justify;\">Et comme l&rsquo;an dernier, c&rsquo;est au para c\u00e9istes fran\u00e7ais que l&rsquo;on doit l&rsquo;or. <strong>Fran\u00e7ois Jonquet<\/strong> et son guide <strong>Nicolas Le Bot<\/strong> d&rsquo;abord, qui ont parfaitement n\u00e9goci\u00e9 le 10 km en cat\u00e9gorie d\u00e9ficient visuel, triomphant au terme de pr\u00e8s d&rsquo;une heure d&rsquo;effort. <strong>Myriam Clavreul<\/strong> ensuite, qui a r\u00e9alis\u00e9 une d\u00e9monstration en cat\u00e9gorie handicap physique, s&rsquo;imposant avec pr\u00e8s de deux minutes d&rsquo;avance sur le 6 km ! Deux titres, encore une fois, et le para cano\u00eb-kayak fran\u00e7ais, quelle que soit la discipline, continue d&rsquo;engranger les m\u00e9dailles avec une r\u00e9gularit\u00e9 surprenante.<\/p>\n<p style=\"text-align: justify;\">Un \u00e9tat de fait valid\u00e9 par le bronze de <strong>Gabin Keirel<\/strong>, qui avait \u00e9t\u00e9 sacr\u00e9 l&rsquo;an dernier, mais aussi celui d&rsquo;<strong>Agn\u00e8s Legroux<\/strong>, et de<strong> Cl\u00e9ment Bodart<\/strong>. La derni\u00e8re m\u00e9daille vient de la rel\u00e8ve, repr\u00e9sent\u00e9e par <strong>Orlan Coattrieux<\/strong>, qui ne s&rsquo;est inclin\u00e9 que de 7 secondes sur la courte distance, et qui doit se contenter du bronze. Mais voil\u00e0 qui \u00e9paissit un bilan de deux titres et six m\u00e9dailles, confirmant la grosse densit\u00e9 du cano\u00eb-kayak fran\u00e7ais sur tous les terrains.<\/p>\n<h2 style=\"text-align: justify;\">Les m\u00e9dailles fran\u00e7aises<\/h2>\n<p style=\"text-align: justify;\">Or : Myriam Clavreul (para cano\u00eb 6 km), Fran\u00e7ois Jonquet et son guide Nicolas Le Bot (para cano\u00eb d\u00e9ficient visuel 10 km)<\/p>\n<p style=\"text-align: justify;\">Argent : &#8211;<\/p>\n<p style=\"text-align: justify;\">Bronze : Cl\u00e9ment Bodart (para cano\u00eb 10 km), Agn\u00e8s Legroux (KL2 s\u00e9niors 6 km), Orlan Coattrieux (K1 juniors courte distance), Gabin Keirel (KL3 s\u00e9niors 10\u00a0 km)<br \/>\n<iframe loading=\"lazy\" style=\"border: none; overflow: hidden;\" src=\"https:\/\/www.facebook.com\/plugins\/post.php?href=https%3A%2F%2Fwww.facebook.com%2FLaTribuFFCK%2Fposts%2Fpfbid0ERRS4gCMBqcCDeYLnQfJX8D8qA98xM5xnb19zptJgSicztntryg8C7gunor2tBozl&amp;show_text=true&amp;width=500\" width=\"500\" height=\"734\" frameborder=\"0\" scrolling=\"no\" allowfullscreen=\"allowfullscreen\"><\/iframe><\/p>\n","protected":false},"excerpt":{"rendered":"<p>CHAMPIONNATS DU MONDE DE CANO\u00cb-KAYAK MARATHON 2025 &#8211; Les Bleus du para ont ramen\u00e9 deux titres de Hongrie, pour six m\u00e9dailles fran\u00e7aises au total.\u00a0<\/p>\n","protected":false},"author":59,"featured_media":609389,"comment_status":"open","ping_status":"closed","sticky":false,"template":"","format":"standard","meta":{"_acf_changed":false,"_daextam_enable_autolinks":"1","footnotes":""},"categories":[10458],"tags":[16878,19433],"class_list":["post-609383","post","type-post","status-publish","format-standard","has-post-thumbnail","hentry","category-canoe-kayak","tag-breve","tag-championnats-du-monde-de-canoe-kayak"],"acf":[],"yoast_head":"<!-- This site is optimized with the Yoast SEO Premium plugin v26.7 (Yoast SEO v26.7) - https:\/\/yoast.com\/wordpress\/plugins\/seo\/ -->\n<title>Cano\u00eb-kayak marathon Mondiaux 2025 : Myriam Clavreul et Fran\u00e7ois Jonquet en or, les Bleus raflent six m\u00e9dailles<\/title>\n<meta name=\"description\" content=\"CHAMPIONNATS DU MONDE DE CANO\u00cb-KAYAK MARATHON 2025 - Les Bleus du para ont ramen\u00e9 deux titres de Hongrie, pour six m\u00e9dailles fran\u00e7aises au total.\u00a0\" \/>\n<meta name=\"robots\" content=\"index, follow, max-snippet:-1, max-image-preview:large, max-video-preview:-1\" \/>\n<link rel=\"canonical\" href=\"https:\/\/dicodusport.fr\/blog\/canoe-kayak-marathon-mondiaux-2025-myriam-clavreul-et-francois-jonquet-en-or-les-bleus-raflent-six-medailles\/\" \/>\n<meta property=\"og:locale\" content=\"fr_FR\" \/>\n<meta property=\"og:type\" content=\"article\" \/>\n<meta property=\"og:title\" content=\"Cano\u00eb-kayak marathon Mondiaux 2025 : Myriam Clavreul et Fran\u00e7ois Jonquet en or, les Bleus raflent six m\u00e9dailles\" \/>\n<meta property=\"og:description\" content=\"CHAMPIONNATS DU MONDE DE CANO\u00cb-KAYAK MARATHON 2025 - Les Bleus du para ont ramen\u00e9 deux titres de Hongrie, pour six m\u00e9dailles fran\u00e7aises au total.\u00a0\" \/>\n<meta property=\"og:url\" content=\"https:\/\/dicodusport.fr\/blog\/canoe-kayak-marathon-mondiaux-2025-myriam-clavreul-et-francois-jonquet-en-or-les-bleus-raflent-six-medailles\/\" \/>\n<meta property=\"og:site_name\" content=\"Dicodusport\" \/>\n<meta property=\"article:publisher\" content=\"https:\/\/www.facebook.com\/dicodusport\" \/>\n<meta property=\"article:author\" content=\"https:\/\/www.facebook.com\/sebastien.gente\/\" \/>\n<meta property=\"article:published_time\" content=\"2025-09-08T11:00:23+00:00\" \/>\n<meta property=\"article:modified_time\" content=\"2025-09-08T11:08:22+00:00\" \/>\n<meta property=\"og:image\" content=\"https:\/\/dicodusport.fr\/blog\/wp-content\/uploads\/2025\/09\/Canoe-kayak-marathon-Mondiaux-2025-Myriam-Clavreul-et-Francois-Jonquet-en-or-les-Bleus-raflent-six-medailles.png\" \/>\n\t<meta property=\"og:image:width\" content=\"1200\" \/>\n\t<meta property=\"og:image:height\" content=\"674\" \/>\n\t<meta property=\"og:image:type\" content=\"image\/png\" \/>\n<meta name=\"author\" content=\"S\u00e9bastien Gente\" \/>\n<meta name=\"twitter:card\" content=\"summary_large_image\" \/>\n<meta name=\"twitter:title\" content=\"Cano\u00eb-kayak marathon Mondiaux 2025 : Myriam Clavreul et Fran\u00e7ois Jonquet en or, les Bleus raflent six m\u00e9dailles\" \/>\n<meta name=\"twitter:creator\" content=\"@https:\/\/twitter.com\/globulo24\" \/>\n<meta name=\"twitter:site\" content=\"@dicodusport\" \/>\n<script type=\"application\/ld+json\" class=\"yoast-schema-graph\">{\"@context\":\"https:\/\/schema.org\",\"@graph\":[{\"@type\":\"NewsArticle\",\"@id\":\"https:\/\/dicodusport.fr\/blog\/canoe-kayak-marathon-mondiaux-2025-myriam-clavreul-et-francois-jonquet-en-or-les-bleus-raflent-six-medailles\/#article\",\"isPartOf\":{\"@id\":\"https:\/\/dicodusport.fr\/blog\/canoe-kayak-marathon-mondiaux-2025-myriam-clavreul-et-francois-jonquet-en-or-les-bleus-raflent-six-medailles\/\"},\"author\":{\"name\":\"S\u00e9bastien Gente\",\"@id\":\"https:\/\/dicodusport.fr\/blog\/#\/schema\/person\/627966a6cde45dbd8c5e36ac85d783da\"},\"headline\":\"Cano\u00eb-kayak marathon Mondiaux 2025 : Myriam Clavreul et Fran\u00e7ois Jonquet en or, les Bleus raflent six m\u00e9dailles\",\"datePublished\":\"2025-09-08T11:00:23+00:00\",\"dateModified\":\"2025-09-08T11:08:22+00:00\",\"mainEntityOfPage\":{\"@id\":\"https:\/\/dicodusport.fr\/blog\/canoe-kayak-marathon-mondiaux-2025-myriam-clavreul-et-francois-jonquet-en-or-les-bleus-raflent-six-medailles\/\"},\"wordCount\":443,\"commentCount\":0,\"publisher\":{\"@id\":\"https:\/\/dicodusport.fr\/blog\/#organization\"},\"image\":{\"@id\":\"https:\/\/dicodusport.fr\/blog\/canoe-kayak-marathon-mondiaux-2025-myriam-clavreul-et-francois-jonquet-en-or-les-bleus-raflent-six-medailles\/#primaryimage\"},\"thumbnailUrl\":\"https:\/\/dicodusport.fr\/blog\/wp-content\/uploads\/2025\/09\/Canoe-kayak-marathon-Mondiaux-2025-Myriam-Clavreul-et-Francois-Jonquet-en-or-les-Bleus-raflent-six-medailles.png\",\"keywords\":[\"br\u00e8ve\",\"Championnats du monde de cano\u00eb-kayak\"],\"articleSection\":[\"Cano\u00eb-Kayak\"],\"inLanguage\":\"fr-FR\",\"potentialAction\":[{\"@type\":\"CommentAction\",\"name\":\"Comment\",\"target\":[\"https:\/\/dicodusport.fr\/blog\/canoe-kayak-marathon-mondiaux-2025-myriam-clavreul-et-francois-jonquet-en-or-les-bleus-raflent-six-medailles\/#respond\"]}],\"copyrightYear\":\"2025\",\"copyrightHolder\":{\"@id\":\"https:\/\/dicodusport.fr\/blog\/#organization\"}},{\"@type\":\"WebPage\",\"@id\":\"https:\/\/dicodusport.fr\/blog\/canoe-kayak-marathon-mondiaux-2025-myriam-clavreul-et-francois-jonquet-en-or-les-bleus-raflent-six-medailles\/\",\"url\":\"https:\/\/dicodusport.fr\/blog\/canoe-kayak-marathon-mondiaux-2025-myriam-clavreul-et-francois-jonquet-en-or-les-bleus-raflent-six-medailles\/\",\"name\":\"Cano\u00eb-kayak marathon Mondiaux 2025 : Myriam Clavreul et Fran\u00e7ois Jonquet en or, les Bleus raflent six m\u00e9dailles\",\"isPartOf\":{\"@id\":\"https:\/\/dicodusport.fr\/blog\/#website\"},\"primaryImageOfPage\":{\"@id\":\"https:\/\/dicodusport.fr\/blog\/canoe-kayak-marathon-mondiaux-2025-myriam-clavreul-et-francois-jonquet-en-or-les-bleus-raflent-six-medailles\/#primaryimage\"},\"image\":{\"@id\":\"https:\/\/dicodusport.fr\/blog\/canoe-kayak-marathon-mondiaux-2025-myriam-clavreul-et-francois-jonquet-en-or-les-bleus-raflent-six-medailles\/#primaryimage\"},\"thumbnailUrl\":\"https:\/\/dicodusport.fr\/blog\/wp-content\/uploads\/2025\/09\/Canoe-kayak-marathon-Mondiaux-2025-Myriam-Clavreul-et-Francois-Jonquet-en-or-les-Bleus-raflent-six-medailles.png\",\"datePublished\":\"2025-09-08T11:00:23+00:00\",\"dateModified\":\"2025-09-08T11:08:22+00:00\",\"description\":\"CHAMPIONNATS DU MONDE DE CANO\u00cb-KAYAK MARATHON 2025 - Les Bleus du para ont ramen\u00e9 deux titres de Hongrie, pour six m\u00e9dailles fran\u00e7aises au total.\u00a0\",\"breadcrumb\":{\"@id\":\"https:\/\/dicodusport.fr\/blog\/canoe-kayak-marathon-mondiaux-2025-myriam-clavreul-et-francois-jonquet-en-or-les-bleus-raflent-six-medailles\/#breadcrumb\"},\"inLanguage\":\"fr-FR\",\"potentialAction\":[{\"@type\":\"ReadAction\",\"target\":[\"https:\/\/dicodusport.fr\/blog\/canoe-kayak-marathon-mondiaux-2025-myriam-clavreul-et-francois-jonquet-en-or-les-bleus-raflent-six-medailles\/\"]}]},{\"@type\":\"ImageObject\",\"inLanguage\":\"fr-FR\",\"@id\":\"https:\/\/dicodusport.fr\/blog\/canoe-kayak-marathon-mondiaux-2025-myriam-clavreul-et-francois-jonquet-en-or-les-bleus-raflent-six-medailles\/#primaryimage\",\"url\":\"https:\/\/dicodusport.fr\/blog\/wp-content\/uploads\/2025\/09\/Canoe-kayak-marathon-Mondiaux-2025-Myriam-Clavreul-et-Francois-Jonquet-en-or-les-Bleus-raflent-six-medailles.png\",\"contentUrl\":\"https:\/\/dicodusport.fr\/blog\/wp-content\/uploads\/2025\/09\/Canoe-kayak-marathon-Mondiaux-2025-Myriam-Clavreul-et-Francois-Jonquet-en-or-les-Bleus-raflent-six-medailles.png\",\"width\":1200,\"height\":674,\"caption\":\"Cano\u00eb-kayak marathon Mondiaux 2025 Myriam Clavreul et Fran\u00e7ois Jonquet en or, les Bleus raflent six m\u00e9dailles\"},{\"@type\":\"BreadcrumbList\",\"@id\":\"https:\/\/dicodusport.fr\/blog\/canoe-kayak-marathon-mondiaux-2025-myriam-clavreul-et-francois-jonquet-en-or-les-bleus-raflent-six-medailles\/#breadcrumb\",\"itemListElement\":[{\"@type\":\"ListItem\",\"position\":1,\"name\":\"Accueil\",\"item\":\"https:\/\/dicodusport.fr\/blog\/\"},{\"@type\":\"ListItem\",\"position\":2,\"name\":\"Cano\u00eb-kayak marathon Mondiaux 2025 : Myriam Clavreul et Fran\u00e7ois Jonquet en or, les Bleus raflent six m\u00e9dailles\"}]},{\"@type\":\"WebSite\",\"@id\":\"https:\/\/dicodusport.fr\/blog\/#website\",\"url\":\"https:\/\/dicodusport.fr\/blog\/\",\"name\":\"Dicodusport\",\"description\":\"L&#039;encyclop\u00e9die de l&#039;actualit\u00e9 sportive\",\"publisher\":{\"@id\":\"https:\/\/dicodusport.fr\/blog\/#organization\"},\"potentialAction\":[{\"@type\":\"SearchAction\",\"target\":{\"@type\":\"EntryPoint\",\"urlTemplate\":\"https:\/\/dicodusport.fr\/blog\/?s={search_term_string}\"},\"query-input\":{\"@type\":\"PropertyValueSpecification\",\"valueRequired\":true,\"valueName\":\"search_term_string\"}}],\"inLanguage\":\"fr-FR\"},{\"@type\":\"NewsMediaOrganization\",\"@id\":\"https:\/\/dicodusport.fr\/blog\/#organization\",\"name\":\"Dicodusport\",\"url\":\"https:\/\/dicodusport.fr\/blog\/\",\"logo\":{\"@type\":\"ImageObject\",\"inLanguage\":\"fr-FR\",\"@id\":\"https:\/\/dicodusport.fr\/blog\/#\/schema\/logo\/image\/\",\"url\":\"https:\/\/dicodusport.fr\/blog\/wp-content\/uploads\/2020\/06\/cropped-LOGO-DICODUSPORT-2020-SANS-FOND-SANS-TEXTE.png\",\"contentUrl\":\"https:\/\/dicodusport.fr\/blog\/wp-content\/uploads\/2020\/06\/cropped-LOGO-DICODUSPORT-2020-SANS-FOND-SANS-TEXTE.png\",\"width\":512,\"height\":512,\"caption\":\"Dicodusport\"},\"image\":{\"@id\":\"https:\/\/dicodusport.fr\/blog\/#\/schema\/logo\/image\/\"},\"sameAs\":[\"https:\/\/www.facebook.com\/dicodusport\",\"https:\/\/x.com\/dicodusport\",\"https:\/\/www.instagram.com\/dicodusport\/\",\"https:\/\/www.youtube.com\/channel\/UC7V2KZ5sd3htJivAbA4ZG3w\"],\"description\":\"Dicodusport est l'encyclop\u00e9die de l'actualit\u00e9 sportive.\",\"email\":\"bonjour@dicodusport.fr\",\"legalName\":\"DICODUSPORT\",\"foundingDate\":\"2018-01-14\",\"vatID\":\"FR71834470973\",\"taxID\":\"83447097300043\",\"numberOfEmployees\":{\"@type\":\"QuantitativeValue\",\"minValue\":\"1\",\"maxValue\":\"10\"}},{\"@type\":\"Person\",\"@id\":\"https:\/\/dicodusport.fr\/blog\/#\/schema\/person\/627966a6cde45dbd8c5e36ac85d783da\",\"name\":\"S\u00e9bastien Gente\",\"image\":{\"@type\":\"ImageObject\",\"inLanguage\":\"fr-FR\",\"@id\":\"https:\/\/dicodusport.fr\/blog\/#\/schema\/person\/image\/\",\"url\":\"https:\/\/dicodusport.fr\/blog\/wp-content\/uploads\/2021\/09\/1510990_10205810251400683_4124423575079401707_n-150x150.jpg\",\"contentUrl\":\"https:\/\/dicodusport.fr\/blog\/wp-content\/uploads\/2021\/09\/1510990_10205810251400683_4124423575079401707_n-150x150.jpg\",\"caption\":\"S\u00e9bastien Gente\"},\"description\":\"John Stockton, Gianni Bugno, Zinedine Zidane, Steffi Graf, Frode Andresen, St\u00e9phane Stoecklin, Davis Kamoga, Primoz Peterka, Werner Schlager et Aur\u00e9lien Rougerie. Point commun entre ces sportifs? Ils m'ont fait r\u00eaver et ont berc\u00e9 mon adolescence. Je suis un fondu de sports et j'essaie de retranscrire ma passion \u00e0 travers mes articles. Originaire du P\u00e9rigord, ma passion pour les Girondins, les Jaunards et les Jazzmen transpire dans mes \u00e9crits. \u00c0 Dicodusport depuis 2021, je d\u00e9niche les sports m\u00e9connus dans lesquels la France brille, et il y en a !\",\"sameAs\":[\"https:\/\/www.facebook.com\/sebastien.gente\/\",\"https:\/\/www.instagram.com\/sebgente\/\",\"https:\/\/www.linkedin.com\/in\/sbastien-gente-a29583169\/\",\"https:\/\/x.com\/https:\/\/twitter.com\/globulo24\",\"SebastienGente\"],\"worksFor\":\"S\u00e9bastien GENTE\",\"url\":\"https:\/\/dicodusport.fr\/blog\/author\/sebastiengente\/\"}]}<\/script>\n<!-- \/ Yoast SEO Premium plugin. -->","yoast_head_json":{"title":"Cano\u00eb-kayak marathon Mondiaux 2025 : Myriam Clavreul et Fran\u00e7ois Jonquet en or, les Bleus raflent six m\u00e9dailles","description":"CHAMPIONNATS DU MONDE DE CANO\u00cb-KAYAK MARATHON 2025 - Les Bleus du para ont ramen\u00e9 deux titres de Hongrie, pour six m\u00e9dailles fran\u00e7aises au total.\u00a0","robots":{"index":"index","follow":"follow","max-snippet":"max-snippet:-1","max-image-preview":"max-image-preview:large","max-video-preview":"max-video-preview:-1"},"canonical":"https:\/\/dicodusport.fr\/blog\/canoe-kayak-marathon-mondiaux-2025-myriam-clavreul-et-francois-jonquet-en-or-les-bleus-raflent-six-medailles\/","og_locale":"fr_FR","og_type":"article","og_title":"Cano\u00eb-kayak marathon Mondiaux 2025 : Myriam Clavreul et Fran\u00e7ois Jonquet en or, les Bleus raflent six m\u00e9dailles","og_description":"CHAMPIONNATS DU MONDE DE CANO\u00cb-KAYAK MARATHON 2025 - Les Bleus du para ont ramen\u00e9 deux titres de Hongrie, pour six m\u00e9dailles fran\u00e7aises au total.\u00a0","og_url":"https:\/\/dicodusport.fr\/blog\/canoe-kayak-marathon-mondiaux-2025-myriam-clavreul-et-francois-jonquet-en-or-les-bleus-raflent-six-medailles\/","og_site_name":"Dicodusport","article_publisher":"https:\/\/www.facebook.com\/dicodusport","article_author":"https:\/\/www.facebook.com\/sebastien.gente\/","article_published_time":"2025-09-08T11:00:23+00:00","article_modified_time":"2025-09-08T11:08:22+00:00","og_image":[{"width":1200,"height":674,"url":"https:\/\/dicodusport.fr\/blog\/wp-content\/uploads\/2025\/09\/Canoe-kayak-marathon-Mondiaux-2025-Myriam-Clavreul-et-Francois-Jonquet-en-or-les-Bleus-raflent-six-medailles.png","type":"image\/png"}],"author":"S\u00e9bastien Gente","twitter_card":"summary_large_image","twitter_title":"Cano\u00eb-kayak marathon Mondiaux 2025 : Myriam Clavreul et Fran\u00e7ois Jonquet en or, les Bleus raflent six m\u00e9dailles","twitter_creator":"@https:\/\/twitter.com\/globulo24","twitter_site":"@dicodusport","schema":{"@context":"https:\/\/schema.org","@graph":[{"@type":"NewsArticle","@id":"https:\/\/dicodusport.fr\/blog\/canoe-kayak-marathon-mondiaux-2025-myriam-clavreul-et-francois-jonquet-en-or-les-bleus-raflent-six-medailles\/#article","isPartOf":{"@id":"https:\/\/dicodusport.fr\/blog\/canoe-kayak-marathon-mondiaux-2025-myriam-clavreul-et-francois-jonquet-en-or-les-bleus-raflent-six-medailles\/"},"author":{"name":"S\u00e9bastien Gente","@id":"https:\/\/dicodusport.fr\/blog\/#\/schema\/person\/627966a6cde45dbd8c5e36ac85d783da"},"headline":"Cano\u00eb-kayak marathon Mondiaux 2025 : Myriam Clavreul et Fran\u00e7ois Jonquet en or, les Bleus raflent six m\u00e9dailles","datePublished":"2025-09-08T11:00:23+00:00","dateModified":"2025-09-08T11:08:22+00:00","mainEntityOfPage":{"@id":"https:\/\/dicodusport.fr\/blog\/canoe-kayak-marathon-mondiaux-2025-myriam-clavreul-et-francois-jonquet-en-or-les-bleus-raflent-six-medailles\/"},"wordCount":443,"commentCount":0,"publisher":{"@id":"https:\/\/dicodusport.fr\/blog\/#organization"},"image":{"@id":"https:\/\/dicodusport.fr\/blog\/canoe-kayak-marathon-mondiaux-2025-myriam-clavreul-et-francois-jonquet-en-or-les-bleus-raflent-six-medailles\/#primaryimage"},"thumbnailUrl":"https:\/\/dicodusport.fr\/blog\/wp-content\/uploads\/2025\/09\/Canoe-kayak-marathon-Mondiaux-2025-Myriam-Clavreul-et-Francois-Jonquet-en-or-les-Bleus-raflent-six-medailles.png","keywords":["br\u00e8ve","Championnats du monde de cano\u00eb-kayak"],"articleSection":["Cano\u00eb-Kayak"],"inLanguage":"fr-FR","potentialAction":[{"@type":"CommentAction","name":"Comment","target":["https:\/\/dicodusport.fr\/blog\/canoe-kayak-marathon-mondiaux-2025-myriam-clavreul-et-francois-jonquet-en-or-les-bleus-raflent-six-medailles\/#respond"]}],"copyrightYear":"2025","copyrightHolder":{"@id":"https:\/\/dicodusport.fr\/blog\/#organization"}},{"@type":"WebPage","@id":"https:\/\/dicodusport.fr\/blog\/canoe-kayak-marathon-mondiaux-2025-myriam-clavreul-et-francois-jonquet-en-or-les-bleus-raflent-six-medailles\/","url":"https:\/\/dicodusport.fr\/blog\/canoe-kayak-marathon-mondiaux-2025-myriam-clavreul-et-francois-jonquet-en-or-les-bleus-raflent-six-medailles\/","name":"Cano\u00eb-kayak marathon Mondiaux 2025 : Myriam Clavreul et Fran\u00e7ois Jonquet en or, les Bleus raflent six m\u00e9dailles","isPartOf":{"@id":"https:\/\/dicodusport.fr\/blog\/#website"},"primaryImageOfPage":{"@id":"https:\/\/dicodusport.fr\/blog\/canoe-kayak-marathon-mondiaux-2025-myriam-clavreul-et-francois-jonquet-en-or-les-bleus-raflent-six-medailles\/#primaryimage"},"image":{"@id":"https:\/\/dicodusport.fr\/blog\/canoe-kayak-marathon-mondiaux-2025-myriam-clavreul-et-francois-jonquet-en-or-les-bleus-raflent-six-medailles\/#primaryimage"},"thumbnailUrl":"https:\/\/dicodusport.fr\/blog\/wp-content\/uploads\/2025\/09\/Canoe-kayak-marathon-Mondiaux-2025-Myriam-Clavreul-et-Francois-Jonquet-en-or-les-Bleus-raflent-six-medailles.png","datePublished":"2025-09-08T11:00:23+00:00","dateModified":"2025-09-08T11:08:22+00:00","description":"CHAMPIONNATS DU MONDE DE CANO\u00cb-KAYAK MARATHON 2025 - Les Bleus du para ont ramen\u00e9 deux titres de Hongrie, pour six m\u00e9dailles fran\u00e7aises au total.\u00a0","breadcrumb":{"@id":"https:\/\/dicodusport.fr\/blog\/canoe-kayak-marathon-mondiaux-2025-myriam-clavreul-et-francois-jonquet-en-or-les-bleus-raflent-six-medailles\/#breadcrumb"},"inLanguage":"fr-FR","potentialAction":[{"@type":"ReadAction","target":["https:\/\/dicodusport.fr\/blog\/canoe-kayak-marathon-mondiaux-2025-myriam-clavreul-et-francois-jonquet-en-or-les-bleus-raflent-six-medailles\/"]}]},{"@type":"ImageObject","inLanguage":"fr-FR","@id":"https:\/\/dicodusport.fr\/blog\/canoe-kayak-marathon-mondiaux-2025-myriam-clavreul-et-francois-jonquet-en-or-les-bleus-raflent-six-medailles\/#primaryimage","url":"https:\/\/dicodusport.fr\/blog\/wp-content\/uploads\/2025\/09\/Canoe-kayak-marathon-Mondiaux-2025-Myriam-Clavreul-et-Francois-Jonquet-en-or-les-Bleus-raflent-six-medailles.png","contentUrl":"https:\/\/dicodusport.fr\/blog\/wp-content\/uploads\/2025\/09\/Canoe-kayak-marathon-Mondiaux-2025-Myriam-Clavreul-et-Francois-Jonquet-en-or-les-Bleus-raflent-six-medailles.png","width":1200,"height":674,"caption":"Cano\u00eb-kayak marathon Mondiaux 2025 Myriam Clavreul et Fran\u00e7ois Jonquet en or, les Bleus raflent six m\u00e9dailles"},{"@type":"BreadcrumbList","@id":"https:\/\/dicodusport.fr\/blog\/canoe-kayak-marathon-mondiaux-2025-myriam-clavreul-et-francois-jonquet-en-or-les-bleus-raflent-six-medailles\/#breadcrumb","itemListElement":[{"@type":"ListItem","position":1,"name":"Accueil","item":"https:\/\/dicodusport.fr\/blog\/"},{"@type":"ListItem","position":2,"name":"Cano\u00eb-kayak marathon Mondiaux 2025 : Myriam Clavreul et Fran\u00e7ois Jonquet en or, les Bleus raflent six m\u00e9dailles"}]},{"@type":"WebSite","@id":"https:\/\/dicodusport.fr\/blog\/#website","url":"https:\/\/dicodusport.fr\/blog\/","name":"Dicodusport","description":"L&#039;encyclop\u00e9die de l&#039;actualit\u00e9 sportive","publisher":{"@id":"https:\/\/dicodusport.fr\/blog\/#organization"},"potentialAction":[{"@type":"SearchAction","target":{"@type":"EntryPoint","urlTemplate":"https:\/\/dicodusport.fr\/blog\/?s={search_term_string}"},"query-input":{"@type":"PropertyValueSpecification","valueRequired":true,"valueName":"search_term_string"}}],"inLanguage":"fr-FR"},{"@type":"NewsMediaOrganization","@id":"https:\/\/dicodusport.fr\/blog\/#organization","name":"Dicodusport","url":"https:\/\/dicodusport.fr\/blog\/","logo":{"@type":"ImageObject","inLanguage":"fr-FR","@id":"https:\/\/dicodusport.fr\/blog\/#\/schema\/logo\/image\/","url":"https:\/\/dicodusport.fr\/blog\/wp-content\/uploads\/2020\/06\/cropped-LOGO-DICODUSPORT-2020-SANS-FOND-SANS-TEXTE.png","contentUrl":"https:\/\/dicodusport.fr\/blog\/wp-content\/uploads\/2020\/06\/cropped-LOGO-DICODUSPORT-2020-SANS-FOND-SANS-TEXTE.png","width":512,"height":512,"caption":"Dicodusport"},"image":{"@id":"https:\/\/dicodusport.fr\/blog\/#\/schema\/logo\/image\/"},"sameAs":["https:\/\/www.facebook.com\/dicodusport","https:\/\/x.com\/dicodusport","https:\/\/www.instagram.com\/dicodusport\/","https:\/\/www.youtube.com\/channel\/UC7V2KZ5sd3htJivAbA4ZG3w"],"description":"Dicodusport est l'encyclop\u00e9die de l'actualit\u00e9 sportive.","email":"bonjour@dicodusport.fr","legalName":"DICODUSPORT","foundingDate":"2018-01-14","vatID":"FR71834470973","taxID":"83447097300043","numberOfEmployees":{"@type":"QuantitativeValue","minValue":"1","maxValue":"10"}},{"@type":"Person","@id":"https:\/\/dicodusport.fr\/blog\/#\/schema\/person\/627966a6cde45dbd8c5e36ac85d783da","name":"S\u00e9bastien Gente","image":{"@type":"ImageObject","inLanguage":"fr-FR","@id":"https:\/\/dicodusport.fr\/blog\/#\/schema\/person\/image\/","url":"https:\/\/dicodusport.fr\/blog\/wp-content\/uploads\/2021\/09\/1510990_10205810251400683_4124423575079401707_n-150x150.jpg","contentUrl":"https:\/\/dicodusport.fr\/blog\/wp-content\/uploads\/2021\/09\/1510990_10205810251400683_4124423575079401707_n-150x150.jpg","caption":"S\u00e9bastien Gente"},"description":"John Stockton, Gianni Bugno, Zinedine Zidane, Steffi Graf, Frode Andresen, St\u00e9phane Stoecklin, Davis Kamoga, Primoz Peterka, Werner Schlager et Aur\u00e9lien Rougerie. Point commun entre ces sportifs? Ils m'ont fait r\u00eaver et ont berc\u00e9 mon adolescence. Je suis un fondu de sports et j'essaie de retranscrire ma passion \u00e0 travers mes articles. Originaire du P\u00e9rigord, ma passion pour les Girondins, les Jaunards et les Jazzmen transpire dans mes \u00e9crits. \u00c0 Dicodusport depuis 2021, je d\u00e9niche les sports m\u00e9connus dans lesquels la France brille, et il y en a !","sameAs":["https:\/\/www.facebook.com\/sebastien.gente\/","https:\/\/www.instagram.com\/sebgente\/","https:\/\/www.linkedin.com\/in\/sbastien-gente-a29583169\/","https:\/\/x.com\/https:\/\/twitter.com\/globulo24","SebastienGente"],"worksFor":"S\u00e9bastien GENTE","url":"https:\/\/dicodusport.fr\/blog\/author\/sebastiengente\/"}]}},"_links":{"self":[{"href":"https:\/\/dicodusport.fr\/blog\/wp-json\/wp\/v2\/posts\/609383","targetHints":{"allow":["GET"]}}],"collection":[{"href":"https:\/\/dicodusport.fr\/blog\/wp-json\/wp\/v2\/posts"}],"about":[{"href":"https:\/\/dicodusport.fr\/blog\/wp-json\/wp\/v2\/types\/post"}],"author":[{"embeddable":true,"href":"https:\/\/dicodusport.fr\/blog\/wp-json\/wp\/v2\/users\/59"}],"replies":[{"embeddable":true,"href":"https:\/\/dicodusport.fr\/blog\/wp-json\/wp\/v2\/comments?post=609383"}],"version-history":[{"count":2,"href":"https:\/\/dicodusport.fr\/blog\/wp-json\/wp\/v2\/posts\/609383\/revisions"}],"predecessor-version":[{"id":609448,"href":"https:\/\/dicodusport.fr\/blog\/wp-json\/wp\/v2\/posts\/609383\/revisions\/609448"}],"wp:featuredmedia":[{"embeddable":true,"href":"https:\/\/dicodusport.fr\/blog\/wp-json\/wp\/v2\/media\/609389"}],"wp:attachment":[{"href":"https:\/\/dicodusport.fr\/blog\/wp-json\/wp\/v2\/media?parent=609383"}],"wp:term":[{"taxonomy":"category","embeddable":true,"href":"https:\/\/dicodusport.fr\/blog\/wp-json\/wp\/v2\/categories?post=609383"},{"taxonomy":"post_tag","embeddable":true,"href":"https:\/\/dicodusport.fr\/blog\/wp-json\/wp\/v2\/tags?post=609383"}],"curies":[{"name":"wp","href":"https:\/\/api.w.org\/{rel}","templated":true}]}}