{"id":609593,"date":"2025-09-10T11:00:16","date_gmt":"2025-09-10T09:00:16","guid":{"rendered":"https:\/\/dicodusport.fr\/blog\/?p=609593&#038;preview=true&#038;preview_id=609593"},"modified":"2025-09-09T20:22:20","modified_gmt":"2025-09-09T18:22:20","slug":"nina-dury-jda-dijon-revivre-les-memes-emotions-que-la-saison-passee","status":"publish","type":"post","link":"https:\/\/dicodusport.fr\/blog\/nina-dury-jda-dijon-revivre-les-memes-emotions-que-la-saison-passee\/","title":{"rendered":"Nina Dury (JDA Dijon) : \u00ab\u00a0Revivre les m\u00eames \u00e9motions que la saison pass\u00e9e\u00a0\u00bb"},"content":{"rendered":"<p style=\"text-align: justify;\"><strong><em>HANDBALL &#8211; Entretien avec Nina Dury, aili\u00e8re gauche de la JDA Dijon et n\u00e9o-internationale fran\u00e7aise depuis le d\u00e9but de l&rsquo;ann\u00e9e 2025. Elle revient sur la formidable saison 2024-2025 avec les Dijonnaises et cette 3\u00e8me place en Ligue Europ\u00e9enne et en championnat. <\/em><\/strong><\/p>\n<p style=\"text-align: justify;\">La Dijonnaise \u00e9voque ses objectifs, son arriv\u00e9e en \u00e9quipe de France, alors qu&rsquo;elle est de nouveau convoqu\u00e9e par <strong>S\u00e9bastien Gardillou<\/strong>, \u00e0 la fin du mois de septembre. <strong>Nina Dury<\/strong> parle \u00e9galement de son double cursus, elle qui est \u00e9tudiance en Science-Po. Interview r\u00e9alis\u00e9e avant la premi\u00e8re journ\u00e9e de championnat, le mercredi 3 septembre.<\/p>\n<h2 style=\"text-align: justify;\">Nina Dury : \u00ab\u00a0C&rsquo;est la belle saison collective qui a amen\u00e9 ma belle saison individuelle\u00a0\u00bb<\/h2>\n<h3 style=\"text-align: justify;\">Dijon sort d&rsquo;une saison historique, tant en championnat qu&rsquo;en coupe d&rsquo;Europe. La performance en Ligue Europ\u00e9enne a-t-elle permis de franchir un cap individuel et collectif ?<\/h3>\n<p style=\"text-align: justify;\"><strong>Nina Dury :<\/strong> Oui, clairement. Collectivement, on a franchi un gros cap la saison derni\u00e8re. Pour nous, ce qui va \u00eatre le plus compliqu\u00e9, c&rsquo;est de confirmer cela. Si on arrive \u00e0 le confirmer, en faisant de belles performances, on pourra dire que ce cap franchi sera confirm\u00e9. On a mis un pied dans ce qu&rsquo;on voulait faire et \u00eatre. Mais on veut d\u00e9sormais avoir les deux pieds.<\/p>\n<h3 style=\"text-align: justify;\">Il y a une certaine pression, \u00e0 l&rsquo;aube du championnat ?<\/h3>\n<p style=\"text-align: justify;\">Oui il y en a et c&rsquo;est tant mieux. Cela veut dire qu&rsquo;on est plus attendues qu&rsquo;avant. Dijon prend un peu d&rsquo;importance dans la carte du handball fran\u00e7ais et c&rsquo;est cool. Alors oui, il y a plus d&rsquo;attentes et les \u00e9quipes vont nous travailler encore plus s\u00e9rieusement. Mais, ce qui est s\u00fbr, c&rsquo;est que l&rsquo;on veut continuer d&rsquo;avancer et rester l\u00e0 o\u00f9 on est, le plus longtemps possible et se stabiliser \u00e0 ce niveau.<\/p>\n<h3 style=\"text-align: justify;\">Individuellement, ta saison a \u00e9t\u00e9 bonne. Tu penses que tes progr\u00e8s ont \u00e9t\u00e9 effectu\u00e9s o\u00f9 ?<\/h3>\n<p style=\"text-align: justify;\">Je crois avoir de bonnes stats. Mais je suis aili\u00e8re, donc j&rsquo;ai de bonnes stats, car le collectif joue bien. Et que quand l&rsquo;\u00e9quipe fait un bon match et arrive \u00e0 me mettre dans de bonnes conditions. Je ne peux pas me cr\u00e9er seule mes espaces. C&rsquo;est la belle saison collective qui a amen\u00e9 ma belle saison individuelle. Parce qu&rsquo;\u00e0 l&rsquo;aile, on d\u00e9pend uniquement des autres. Nous, on doit finir le travail. C&rsquo;\u00e9tait une saison charni\u00e8re et importante pour moi. Ma deuxi\u00e8me saison vraiment avec les pros. O\u00f9 je prenais de l&rsquo;importance. C&rsquo;\u00e9tait important de confirmer. C&rsquo;est aussi la premi\u00e8re saison o\u00f9 je n&rsquo;\u00e9tais plus en junior (NDLR : Avec les Bleues) et possiblement avec les A. Les circonstances ont fait que j&rsquo;ai pu \u00eatre appel\u00e9e en \u00e9quipe de France.<\/p>\n<blockquote class=\"instagram-media\" style=\"background: #FFF; border: 0; border-radius: 3px; box-shadow: 0 0 1px 0 rgba(0,0,0,0.5),0 1px 10px 0 rgba(0,0,0,0.15); margin: 1px; max-width: 540px; min-width: 326px; padding: 0; width: calc(100% - 2px);\" data-instgrm-captioned=\"\" data-instgrm-permalink=\"https:\/\/www.instagram.com\/p\/DJw8oTdo4LN\/?utm_source=ig_embed&amp;utm_campaign=loading\" data-instgrm-version=\"14\">\n<div style=\"padding: 16px;\">\n<p>&nbsp;<\/p>\n<div style=\"display: flex; flex-direction: row; align-items: center;\">\n<div style=\"background-color: #f4f4f4; border-radius: 50%; flex-grow: 0; height: 40px; margin-right: 14px; width: 40px;\"><\/div>\n<div style=\"display: flex; flex-direction: column; flex-grow: 1; justify-content: center;\">\n<div style=\"background-color: #f4f4f4; border-radius: 4px; flex-grow: 0; height: 14px; margin-bottom: 6px; width: 100px;\"><\/div>\n<div style=\"background-color: #f4f4f4; border-radius: 4px; flex-grow: 0; height: 14px; width: 60px;\"><\/div>\n<\/div>\n<\/div>\n<div style=\"padding: 19% 0;\"><\/div>\n<div style=\"display: block; height: 50px; margin: 0 auto 12px; width: 50px;\"><\/div>\n<div style=\"padding-top: 8px;\">\n<div style=\"color: #3897f0; font-family: Arial,sans-serif; font-size: 14px; font-style: normal; font-weight: 550; line-height: 18px;\">Voir cette publication sur Instagram<\/div>\n<\/div>\n<div style=\"padding: 12.5% 0;\"><\/div>\n<div style=\"display: flex; flex-direction: row; margin-bottom: 14px; align-items: center;\">\n<div>\n<div style=\"background-color: #f4f4f4; border-radius: 50%; height: 12.5px; width: 12.5px; transform: translateX(0px) translateY(7px);\"><\/div>\n<div style=\"background-color: #f4f4f4; height: 12.5px; transform: rotate(-45deg) translateX(3px) translateY(1px); width: 12.5px; flex-grow: 0; margin-right: 14px; margin-left: 2px;\"><\/div>\n<div style=\"background-color: #f4f4f4; border-radius: 50%; height: 12.5px; width: 12.5px; transform: translateX(9px) translateY(-18px);\"><\/div>\n<\/div>\n<div style=\"margin-left: 8px;\">\n<div style=\"background-color: #f4f4f4; border-radius: 50%; flex-grow: 0; height: 20px; width: 20px;\"><\/div>\n<div style=\"width: 0; height: 0; border-top: 2px solid transparent; border-left: 6px solid #f4f4f4; border-bottom: 2px solid transparent; transform: translateX(16px) translateY(-4px) rotate(30deg);\"><\/div>\n<\/div>\n<div style=\"margin-left: auto;\">\n<div style=\"width: 0px; border-top: 8px solid #F4F4F4; border-right: 8px solid transparent; transform: translateY(16px);\"><\/div>\n<div style=\"background-color: #f4f4f4; flex-grow: 0; height: 12px; width: 16px; transform: translateY(-4px);\"><\/div>\n<div style=\"width: 0; height: 0; border-top: 8px solid #F4F4F4; border-left: 8px solid transparent; transform: translateY(-4px) translateX(8px);\"><\/div>\n<\/div>\n<\/div>\n<div style=\"display: flex; flex-direction: column; flex-grow: 1; justify-content: center; margin-bottom: 24px;\">\n<div style=\"background-color: #f4f4f4; border-radius: 4px; flex-grow: 0; height: 14px; margin-bottom: 6px; width: 224px;\"><\/div>\n<div style=\"background-color: #f4f4f4; border-radius: 4px; flex-grow: 0; height: 14px; width: 144px;\"><\/div>\n<\/div>\n<p>&nbsp;<\/p>\n<p style=\"color: #c9c8cd; font-family: Arial,sans-serif; font-size: 14px; line-height: 17px; margin-bottom: 0; margin-top: 8px; overflow: hidden; padding: 8px 0 7px; text-align: center; text-overflow: ellipsis; white-space: nowrap;\"><a style=\"color: #c9c8cd; font-family: Arial,sans-serif; font-size: 14px; font-style: normal; font-weight: normal; line-height: 17px; text-decoration: none;\" href=\"https:\/\/www.instagram.com\/p\/DJw8oTdo4LN\/?utm_source=ig_embed&amp;utm_campaign=loading\" target=\"_blank\" rel=\"noopener\">Une publication partag\u00e9e par JDA HANDBALL (@jdadijonhand)<\/a><\/p>\n<\/div>\n<\/blockquote>\n<p><script async src=\"\/\/www.instagram.com\/embed.js\"><\/script><\/p>\n<h2 style=\"text-align: justify;\">Nina Dury : \u00ab\u00a0On veut revivre les m\u00eames \u00e9motions que l&rsquo;an pass\u00e9\u00a0\u00bb<\/h2>\n<h3 style=\"text-align: justify;\">Dijon a annonc\u00e9 vouloir faire au moins aussi bien que la saison pass\u00e9e. De votre c\u00f4t\u00e9, est-ce que vous vous \u00eates fix\u00e9es un objectif, entre joueuses.<\/h3>\n<p style=\"text-align: justify;\">Nos objectifs sont clairs. Revivre les m\u00eames \u00e9motions que la saison derni\u00e8re, qu&rsquo;on a toutes ador\u00e9es vivre. Il faut faire au moins aussi bien, un beau parcours en coupe d&rsquo;Europe. On commence par Bera Bera (Espagne) en barrage, ce sera sans doute plus difficile que la saison pass\u00e9e. Et on aura s\u00fbrement un tour principal plus compliqu\u00e9, si on arrive \u00e0 se qualifier. On est toutes pr\u00eates, comme en championnat de France, avec de gros duels, que ce soit contre Chambray, Besan\u00e7on, Paris, Plan-de-Cuques. Et m\u00eame Metz et Brest, qu&rsquo;on aimerait pouvoir titiller. On a des objectifs d&rsquo;exp\u00e9rience \u00e0 revivre, plus que de performance \u00e0 faire. La performance est fix\u00e9e par le club et notre staff, avec lesquels on est en accord.<\/p>\n<h3 style=\"text-align: justify;\">Tu \u00e9voques Metz et Brest, sans doute le duel annonc\u00e9 cette saison. Qu&rsquo;est-ce qui peut manquer \u00e0 un Dijon ou d&rsquo;autres, pour bousculer la hi\u00e9rarchie ?<\/h3>\n<p style=\"text-align: justify;\">Il manque encore des ann\u00e9es de travail. On voit que ces deux \u00e9quipes, ont mis longtemps \u00e0 monter et s&rsquo;installer dans le haut de tableau. Quand je signe pro, il y a trois ans, on est 8\u00e8mes. L\u00e0, on a termin\u00e9 3\u00e8mes. Il faut d&rsquo;abord se stabiliser, avant de penser \u00e0 vouloir titiller les gros et penser \u00e0 la Champions League. L&rsquo;id\u00e9e est de se cr\u00e9er une identit\u00e9 propre, comme ont su le faire les deux \u00e9quipes. Continuer de trouver des moyens. On voit qu&rsquo;en Ligue Butagaz Energie, cela peut \u00eatre complexe. On veut se stabiliser, attirer et progresser petit \u00e0 petit. Ces deux clubs ont aussi la particularit\u00e9 de tenir dans le rang. Et pour cela, il faut une base solide.<\/p>\n<h2 style=\"text-align: justify;\">Nina Dury : \u00ab\u00a0J&rsquo;ai \u00e9t\u00e9 tr\u00e8s bien accueillie en Bleue\u00a0\u00bb<\/h2>\n<h3 style=\"text-align: justify;\">Tu es de nouveau s\u00e9lectionn\u00e9e en Bleue en septembre, avoir d\u00e9couvert l&rsquo;\u00e9quipe en d\u00e9but d&rsquo;ann\u00e9e. C&rsquo;est un sacr\u00e9 gage de confiance du s\u00e9lectionneur.<\/h3>\n<p style=\"text-align: justify;\">Oui, j&rsquo;ai \u00e9t\u00e9 tr\u00e8s heureuse de voir mon nom sur la liste. \u00c0 moi de faire ce qu&rsquo;il faut, pour y \u00eatre en octobre, en novembre et d\u00e9cembre. Cela passe par de bonnes performances en club.<\/p>\n<h3 style=\"text-align: justify;\">Les mondiaux arrivent \u00e0 la fin d&rsquo;ann\u00e9e. Il y a des places \u00e0 prendre sur son poste. C&rsquo;est dans un coin de ta t\u00eate ?<\/h3>\n<p style=\"text-align: justify;\">Oui. Mais je sais que je suis jeune et que c&rsquo;est peut-\u00eatre le prochain mondial qui est dans un coin de ma t\u00eate. Mais je ferai tout pour avoir ma place. Et si ce n&rsquo;est pas le cas, je repartirai au travail, pour esp\u00e9rer vivre un jour une exp\u00e9rience comme celle-ci.<\/p>\n<h3 style=\"text-align: justify;\">Qu&rsquo;est-ce que tu as ressentie, la premi\u00e8re fois que tu as port\u00e9 le maillot des Bleues ?<\/h3>\n<p style=\"text-align: justify;\">Beaucoup de fiert\u00e9 et d&rsquo;\u00e9motions. Du stress \u00e9galement, car c&rsquo;est des moments tr\u00e8s importants, qu&rsquo;on ne revivra pas. J&rsquo;ai aussi \u00e9t\u00e9 bien accompagn\u00e9e et soutenue par mes co\u00e9quipi\u00e8res. Ce \u00e0 quoi je ne m&rsquo;attendais pas forc\u00e9ment en arrivant dans une grande \u00e9quipe comme cela. J&rsquo;esp\u00e8re l&rsquo;avoir rendu comme il le fallait. J&rsquo;ai essay\u00e9 de m&rsquo;engager au maximum, car sur les premi\u00e8res, c&rsquo;est souvent l&rsquo;engagement qui compte avant tout. La performance arrivera avec.<\/p>\n<div class=\"vlp-link-container vlp-layout-article\"><a href=\"https:\/\/dicodusport.fr\/blog\/handball-les-21-bleues-pour-la-double-confrontation-avec-la-roumanie\/\" class=\"vlp-link\" title=\"Handball : Les 21 Bleues pour la double confrontation avec la Roumanie\"><\/a><div class=\"vlp-layout-zone-side\"><div class=\"vlp-block-4 vlp-link-image\"><img loading=\"lazy\" decoding=\"async\" style=\"max-width: 792px;\" width=\"792\" height=\"445\" src=\"https:\/\/dicodusport.fr\/blog\/wp-content\/uploads\/2025\/08\/Handball-Les-21-Bleues-pour-la-double-confrontation-avec-la-Roumanie.png\" class=\"attachment-800x445 size-800x445\" alt=\"Handball : Les 21 Bleues pour la double confrontation avec la Roumanie\" srcset=\"https:\/\/dicodusport.fr\/blog\/wp-content\/uploads\/2025\/08\/Handball-Les-21-Bleues-pour-la-double-confrontation-avec-la-Roumanie.png 1200w, https:\/\/dicodusport.fr\/blog\/wp-content\/uploads\/2025\/08\/Handball-Les-21-Bleues-pour-la-double-confrontation-avec-la-Roumanie-300x169.png 300w, https:\/\/dicodusport.fr\/blog\/wp-content\/uploads\/2025\/08\/Handball-Les-21-Bleues-pour-la-double-confrontation-avec-la-Roumanie-1024x575.png 1024w, https:\/\/dicodusport.fr\/blog\/wp-content\/uploads\/2025\/08\/Handball-Les-21-Bleues-pour-la-double-confrontation-avec-la-Roumanie-768x431.png 768w\" sizes=\"auto, (max-width: 792px) 100vw, 792px\" \/><\/div><\/div><div class=\"vlp-layout-zone-main\"><div class=\"vlp-block-0 vlp-link-title\">Handball : Les 21 Bleues pour la double confrontation avec la Roumanie<\/div><div class=\"vlp-block-1 vlp-link-summary\">\u00c9QUIPE DE FRANCE DE HANDBALL - S\u00e9bastien Gardillou a donn\u00e9 la liste des 21 joueuses qui vont affronter deux fois la Roumanie (18 et 20 septembre).<\/div><div class=\"vlp-block-2 vlp-link-button\">Lire l'article<\/div><div class=\"vlp-block-3 vlp-link-url\">dicodusport.fr<\/div><\/div><\/div>\n<h2 style=\"text-align: justify;\">Nina Dury : \u00ab\u00a0Une grande intensit\u00e9 dans les entra\u00eenements avec les Bleues\u00a0\u00bb<\/h2>\n<h3 style=\"text-align: justify;\">Tu n&rsquo;es pas la premi\u00e8re \u00e0 dire que le processus d&rsquo;int\u00e9gration en Bleue se passe tr\u00e8s bien. Un signe qui fait que cette \u00e9quipe dure depuis de nombreuses ann\u00e9es.<\/h3>\n<p style=\"text-align: justify;\">Oui, clairement, il y a un r\u00f4le. De mon c\u00f4t\u00e9, je suis arriv\u00e9e en Bleue, avec de mes co\u00e9quipi\u00e8res en juniors, ce qui est plus \u00e9vident. Je pense que la transmission, le partage sont assez ancr\u00e9s dans cette \u00e9quipe de France, avec les jeunes qui font leur premi\u00e8re. Et qui peuvent \u00eatre stress\u00e9es.<\/p>\n<h3 style=\"text-align: justify;\">Certaines joueuses, ayant fait leur premi\u00e8re en Bleue, ont \u00e9galement confi\u00e9 l&rsquo;intensit\u00e9 des entra\u00eenements. C&rsquo;est quelque chose que tu as aussi ressenti ?<\/h3>\n<p style=\"text-align: justify;\">Oui. Et c&rsquo;est dans la logique de l&rsquo;\u00e9quipe. Cela va bien plus vite, cela tape plus fort et il faut \u00eatre concentr\u00e9 et engag\u00e9 pleinement. Mais cela m&rsquo;a plu. C&rsquo;est hyper cool de pouvoir s&rsquo;entra\u00eener dans ces conditions-l\u00e0 et avec de telles joueuses.<\/p>\n<h3 style=\"text-align: justify;\">Il y a un gros gap avec ce que tu as vu en Ligue Europ\u00e9enne ?<\/h3>\n<p style=\"text-align: justify;\">(Elle r\u00e9fl\u00e9chit) C&rsquo;est compliqu\u00e9 de r\u00e9pondre \u00e0 cette question, parce que les matchs, dans l&rsquo;engagement, c&rsquo;est la m\u00eame intensit\u00e9 qu&rsquo;\u00e0 l&rsquo;entra\u00eenement avec l&rsquo;\u00e9quipe de France. Mais ce qui est \u00e9tonnant avec cette \u00e9quipe de France, c&rsquo;est cet engagement plein, sur toutes les s\u00e9ances d&rsquo;entra\u00eenement. C&rsquo;est la m\u00eame qualit\u00e9, la m\u00eame vitesse de jeu et le m\u00eame engagement, du lundi au vendredi. Ce qui est peut \u00eatre plus compliqu\u00e9 \u00e0 Dijon, quand on doit encha\u00eener un match le mercredi et le vendredi.<\/p>\n<h2 style=\"text-align: justify;\">Nina Dury : \u00ab\u00a0Dijon est un club qui a su me faire confiance\u00a0\u00bb<\/h2>\n<h3 style=\"text-align: justify;\">Tu d\u00e9butes avec l&rsquo;\u00e9quipe premi\u00e8re de Dijon \u00e0 17 ans, tout va tr\u00e8s vite pour toi.<\/h3>\n<p style=\"text-align: justify;\">Oui, cela va vite et bien surtout. \u00c0 notre poste, \u00e0 l&rsquo;aile, on a un peu moins de responsabilit\u00e9s et c&rsquo;est peut-\u00eatre un peu plus facile, pour nous, d&rsquo;\u00eatre lanc\u00e9es par des entra\u00eeneurs. C&rsquo;est aussi ce que je cherchais, en signant un contrat centre de formation puis pro \u00e0 Dijon. Je voulais \u00e9voluer vite, mais dans un environnement qui cherchait \u00e0 me donner des responsabilit\u00e9s assez rapidement. Le fait que Dijon soit mont\u00e9 petit \u00e0 petit au niveau du classement, m&rsquo;a permis de me d\u00e9velopper et d&rsquo;avoir ces responsabilit\u00e9s.<\/p>\n<p style=\"text-align: justify;\">Dans un club qui fait avec ses moyens et qui a su me faire confiance et ne pas aller chercher quelqu&rsquo;un d&rsquo;autre. Je me suis bien trouv\u00e9 \u00e0 Dijon et c&rsquo;\u00e9tait donnant donnant avec le club. Cela va vite, mais je travaille pour que cela aille vite et je vais faire en sorte que cela continue d&rsquo;aller de plus en plus haut.<\/p>\n<h3 style=\"text-align: justify;\">Tu es n\u00e9e \u00e0 Dijon. C&rsquo;est beau de commencer sa carri\u00e8re professionnelle, dans la ville o\u00f9 tu as grandi.<\/h3>\n<p style=\"text-align: justify;\">J&rsquo;ai eu beaucoup de chance l\u00e0-dessus. C&rsquo;est une ville que j&rsquo;appr\u00e9cie, que je connais, o\u00f9 socialement tout se passe tr\u00e8s bien. Je suis bien entour\u00e9e, j&rsquo;ai ma famille. Cela compte beaucoup dans ma performance. Cela fait qu&rsquo;\u00e0 18 ans, quand on me dit que je vais prendre des responsabilit\u00e9s chez les pros, j&rsquo;ai dit : \u00ab\u00a0Ok\u00a0\u00bb. Je connais la salle, y ayant jou\u00e9 depuis un bout de temps, les personnes qui viennent me voir sont les m\u00eames. Je n&rsquo;ai pas de pression ou d&rsquo;attente particuli\u00e8res sur mes \u00e9paules. Pas de poids trop lourd. Dijon m&rsquo;a donn\u00e9 de la confiance. Une confiance que j&rsquo;ai essay\u00e9e de rendre du mieux possible. Je les remercie vraiment, car je vois bien qu&rsquo;il y a des parcours diff\u00e9rents du mien. Si j&rsquo;avais vu mon futur \u00e0 Dijon comme cela, j&rsquo;aurais sign\u00e9 tout de suite. C&rsquo;est le bon choix.<\/p>\n<h2 style=\"text-align: justify;\">Nina Dury : \u00ab\u00a0Science-Po me permet de garder un \u00e9quilibre\u00a0\u00bb<\/h2>\n<h3 style=\"text-align: justify;\">Tu as actuellement en Science-Po, tu te vois travailler dans un domaine pr\u00e9cis apr\u00e8s ta carri\u00e8re ?<\/h3>\n<p style=\"text-align: justify;\">Je pense que dans 10 ans, j&rsquo;aurai des attentes diff\u00e9rentes de celles d&rsquo;aujourd&rsquo;hui, au niveau du m\u00e9tier. Pour le moment, j&rsquo;essaie, par curiosit\u00e9, de me cultiver, voir plein de choses. Science-Po m&rsquo;aide et me nourr\u00eet parfaitement. J&rsquo;aime les sciences politiques, les relations internationales, mais aussi le journalisme. Mais sans savoir dans quel domaine je vais me r\u00e9orienter. Car j&rsquo;esp\u00e8re me r\u00e9orienter d&rsquo;ici \u00e0 10-15 ans. D&rsquo;ici l\u00e0, j&rsquo;ai le temps de changer d&rsquo;avis.<\/p>\n<h3 style=\"text-align: justify;\">C&rsquo;\u00e9tait important de garder un \u00e9quilibre ?<\/h3>\n<p style=\"text-align: justify;\">Oui, j&rsquo;en ai besoin. Cela me permet de prendre du recul. \u00c0 Science-Po, on voit beaucoup de choses sur ce qu&rsquo;il se passe dans le monde. Par rapport \u00e0 notre sport et la pression qu&rsquo;on peut avoir, cela permet de prendre du recul. Pour sortir de tout cela. Cela me fait du bien d&rsquo;avoir cet \u00e0 c\u00f4t\u00e9. Ce n&rsquo;est pas \u00e9vident \u00e0 g\u00e9rer et il n&rsquo;y a pas beaucoup d&rsquo;\u00e9coles qui sont ouvertes \u00e0 cela. Pour le coup, la fili\u00e8re dans laquelle je suis est parfaite pour cela. J&rsquo;en suis tr\u00e8s contente.<\/p>\n<h3 style=\"text-align: justify;\">Tu as pu b\u00e9n\u00e9ficier d&rsquo;un am\u00e9nagement horaire ?<\/h3>\n<p style=\"text-align: justify;\">Je suis dans une classe avec uniquement des sportifs de haut-niveau, de 18 \u00e0 pr\u00e8s de 40 ans, en reconversion. Cette classe est tr\u00e8s bien pour nous. Parfaitement pens\u00e9e pour nous. La suite, en Master, sera peut-\u00eatre plus compliqu\u00e9e. Mais pour le moment, je suis vraiment tr\u00e8s contente.<\/p>\n<h3 style=\"text-align: justify;\">Tu peux \u00e9changer avec des sportifs sur leur v\u00e9cu et leur sport.<\/h3>\n<p style=\"text-align: justify;\">C&rsquo;est \u00e7a. C&rsquo;est aussi ce qui est sympa. M\u00eame si cela reste du sport de haut-niveau, cela fait sortir du handball. On voit les couacs dans d&rsquo;autres sports, les similitudes sur tous les sportifs et nos vies respectives. Il y a beaucoup plus de sportifs de sports individuels, parce que c&rsquo;est plus simple d&rsquo;associer les deux. Mais j&rsquo;esp\u00e8re qu&rsquo;on verra de plus en plus de sports collectifs.<\/p>\n<h2 style=\"text-align: justify;\">Ligue Butagaz Energie : Le programme de la 2\u00e8me journ\u00e9e<\/h2>\n<p style=\"text-align: justify;\"><strong>Mercredi 10 septembre \u00e0 20h<\/strong><\/p>\n<p style=\"text-align: justify;\">Besan\u00e7on (12) &#8211; Strasbourg (6)<\/p>\n<p style=\"text-align: justify;\">Dijon (10) &#8211; Chambray (14)<\/p>\n<p style=\"text-align: justify;\">Metz (1) &#8211; Le Havre (11)<\/p>\n<p style=\"text-align: justify;\">Nice (4) &#8211; Plan-de-Cuques (3)<\/p>\n<p style=\"text-align: justify;\">Paris 92 (8) &#8211; Brest (2)<\/p>\n<p style=\"text-align: justify;\">Sambre Avesnois (9) &#8211; Saint-Maur (7)<\/p>\n<p style=\"text-align: justify;\">Toulon (13) &#8211; Saint-Amand (5)<\/p>\n<ul>\n<li style=\"text-align: justify;\"><strong>\u00c0 ce sujet &#8211; <a href=\"https:\/\/dicodusport.fr\/blog\/classement-handball-ligue-butagaz-energie-2025-2026\/\">Classement Handball Ligue Butagaz Energie 2025-2026<\/a><\/strong><\/li>\n<\/ul>\n<p style=\"text-align: justify;\">\n","protected":false},"excerpt":{"rendered":"<p>Entretien avec Nina Dury, aili\u00e8re gauche de la JDA Dijon et n\u00e9o-internationale fran\u00e7aise depuis le d\u00e9but de l&rsquo;ann\u00e9e 2025.<\/p>\n","protected":false},"author":83,"featured_media":609634,"comment_status":"open","ping_status":"closed","sticky":false,"template":"","format":"standard","meta":{"_acf_changed":false,"_daextam_enable_autolinks":"1","footnotes":""},"categories":[2304],"tags":[16878,405,24],"class_list":["post-609593","post","type-post","status-publish","format-standard","has-post-thumbnail","hentry","category-handball","tag-breve","tag-handball","tag-sport"],"acf":[],"yoast_head":"<!-- This site is optimized with the Yoast SEO Premium plugin v26.7 (Yoast SEO v26.7) - https:\/\/yoast.com\/wordpress\/plugins\/seo\/ -->\n<title>Nina Dury (JDA Dijon) : &quot;Revivre les m\u00eames \u00e9motions que la saison pass\u00e9e&quot;<\/title>\n<meta name=\"description\" content=\"HANDBALL - Entretien avec Nina Dury, aili\u00e8re gauche de la JDA Dijon et n\u00e9o-internationale fran\u00e7aise depuis le d\u00e9but de l&#039;ann\u00e9e 2025.\" \/>\n<meta name=\"robots\" content=\"index, follow, max-snippet:-1, max-image-preview:large, max-video-preview:-1\" \/>\n<link rel=\"canonical\" href=\"https:\/\/dicodusport.fr\/blog\/nina-dury-jda-dijon-revivre-les-memes-emotions-que-la-saison-passee\/\" \/>\n<meta property=\"og:locale\" content=\"fr_FR\" \/>\n<meta property=\"og:type\" content=\"article\" \/>\n<meta property=\"og:title\" content=\"Nina Dury (JDA Dijon) : &quot;Revivre les m\u00eames \u00e9motions que la saison pass\u00e9e&quot;\" \/>\n<meta property=\"og:description\" content=\"HANDBALL - Entretien avec Nina Dury, aili\u00e8re gauche de la JDA Dijon et n\u00e9o-internationale fran\u00e7aise depuis le d\u00e9but de l&#039;ann\u00e9e 2025.\" \/>\n<meta property=\"og:url\" content=\"https:\/\/dicodusport.fr\/blog\/nina-dury-jda-dijon-revivre-les-memes-emotions-que-la-saison-passee\/\" \/>\n<meta property=\"og:site_name\" content=\"Dicodusport\" \/>\n<meta property=\"article:publisher\" content=\"https:\/\/www.facebook.com\/dicodusport\" \/>\n<meta property=\"article:published_time\" content=\"2025-09-10T09:00:16+00:00\" \/>\n<meta property=\"og:image\" content=\"https:\/\/dicodusport.fr\/blog\/wp-content\/uploads\/2025\/09\/Nina-Dury-JDA-Dijon-Revivre-les-memes-emotions-que-la-saison-passee.png\" \/>\n\t<meta property=\"og:image:width\" content=\"1200\" \/>\n\t<meta property=\"og:image:height\" content=\"674\" \/>\n\t<meta property=\"og:image:type\" content=\"image\/png\" \/>\n<meta name=\"author\" content=\"Etienne Goursaud\" \/>\n<meta name=\"twitter:card\" content=\"summary_large_image\" \/>\n<meta name=\"twitter:title\" content=\"Nina Dury (JDA Dijon) : &quot;Revivre les m\u00eames \u00e9motions que la saison pass\u00e9e&quot;\" \/>\n<meta name=\"twitter:creator\" content=\"@dicodusport\" \/>\n<meta name=\"twitter:site\" content=\"@dicodusport\" \/>\n<script type=\"application\/ld+json\" class=\"yoast-schema-graph\">{\"@context\":\"https:\/\/schema.org\",\"@graph\":[{\"@type\":\"NewsArticle\",\"@id\":\"https:\/\/dicodusport.fr\/blog\/nina-dury-jda-dijon-revivre-les-memes-emotions-que-la-saison-passee\/#article\",\"isPartOf\":{\"@id\":\"https:\/\/dicodusport.fr\/blog\/nina-dury-jda-dijon-revivre-les-memes-emotions-que-la-saison-passee\/\"},\"author\":{\"name\":\"Etienne Goursaud\",\"@id\":\"https:\/\/dicodusport.fr\/blog\/#\/schema\/person\/d603dd7da31fb2b46c82b9835a77ec13\"},\"headline\":\"Nina Dury (JDA Dijon) : \u00ab\u00a0Revivre les m\u00eames \u00e9motions que la saison pass\u00e9e\u00a0\u00bb\",\"datePublished\":\"2025-09-10T09:00:16+00:00\",\"mainEntityOfPage\":{\"@id\":\"https:\/\/dicodusport.fr\/blog\/nina-dury-jda-dijon-revivre-les-memes-emotions-que-la-saison-passee\/\"},\"wordCount\":2267,\"commentCount\":0,\"publisher\":{\"@id\":\"https:\/\/dicodusport.fr\/blog\/#organization\"},\"image\":{\"@id\":\"https:\/\/dicodusport.fr\/blog\/nina-dury-jda-dijon-revivre-les-memes-emotions-que-la-saison-passee\/#primaryimage\"},\"thumbnailUrl\":\"https:\/\/dicodusport.fr\/blog\/wp-content\/uploads\/2025\/09\/Nina-Dury-JDA-Dijon-Revivre-les-memes-emotions-que-la-saison-passee.png\",\"keywords\":[\"br\u00e8ve\",\"Handball\",\"sport\"],\"articleSection\":[\"Handball\"],\"inLanguage\":\"fr-FR\",\"potentialAction\":[{\"@type\":\"CommentAction\",\"name\":\"Comment\",\"target\":[\"https:\/\/dicodusport.fr\/blog\/nina-dury-jda-dijon-revivre-les-memes-emotions-que-la-saison-passee\/#respond\"]}],\"copyrightYear\":\"2025\",\"copyrightHolder\":{\"@id\":\"https:\/\/dicodusport.fr\/blog\/#organization\"}},{\"@type\":\"WebPage\",\"@id\":\"https:\/\/dicodusport.fr\/blog\/nina-dury-jda-dijon-revivre-les-memes-emotions-que-la-saison-passee\/\",\"url\":\"https:\/\/dicodusport.fr\/blog\/nina-dury-jda-dijon-revivre-les-memes-emotions-que-la-saison-passee\/\",\"name\":\"Nina Dury (JDA Dijon) : \\\"Revivre les m\u00eames \u00e9motions que la saison pass\u00e9e\\\"\",\"isPartOf\":{\"@id\":\"https:\/\/dicodusport.fr\/blog\/#website\"},\"primaryImageOfPage\":{\"@id\":\"https:\/\/dicodusport.fr\/blog\/nina-dury-jda-dijon-revivre-les-memes-emotions-que-la-saison-passee\/#primaryimage\"},\"image\":{\"@id\":\"https:\/\/dicodusport.fr\/blog\/nina-dury-jda-dijon-revivre-les-memes-emotions-que-la-saison-passee\/#primaryimage\"},\"thumbnailUrl\":\"https:\/\/dicodusport.fr\/blog\/wp-content\/uploads\/2025\/09\/Nina-Dury-JDA-Dijon-Revivre-les-memes-emotions-que-la-saison-passee.png\",\"datePublished\":\"2025-09-10T09:00:16+00:00\",\"description\":\"HANDBALL - Entretien avec Nina Dury, aili\u00e8re gauche de la JDA Dijon et n\u00e9o-internationale fran\u00e7aise depuis le d\u00e9but de l'ann\u00e9e 2025.\",\"breadcrumb\":{\"@id\":\"https:\/\/dicodusport.fr\/blog\/nina-dury-jda-dijon-revivre-les-memes-emotions-que-la-saison-passee\/#breadcrumb\"},\"inLanguage\":\"fr-FR\",\"potentialAction\":[{\"@type\":\"ReadAction\",\"target\":[\"https:\/\/dicodusport.fr\/blog\/nina-dury-jda-dijon-revivre-les-memes-emotions-que-la-saison-passee\/\"]}]},{\"@type\":\"ImageObject\",\"inLanguage\":\"fr-FR\",\"@id\":\"https:\/\/dicodusport.fr\/blog\/nina-dury-jda-dijon-revivre-les-memes-emotions-que-la-saison-passee\/#primaryimage\",\"url\":\"https:\/\/dicodusport.fr\/blog\/wp-content\/uploads\/2025\/09\/Nina-Dury-JDA-Dijon-Revivre-les-memes-emotions-que-la-saison-passee.png\",\"contentUrl\":\"https:\/\/dicodusport.fr\/blog\/wp-content\/uploads\/2025\/09\/Nina-Dury-JDA-Dijon-Revivre-les-memes-emotions-que-la-saison-passee.png\",\"width\":1200,\"height\":674,\"caption\":\"Nina Dury (JDA Dijon) : \\\"Revivre les m\u00eames \u00e9motions que la saison pass\u00e9e\\\"\"},{\"@type\":\"BreadcrumbList\",\"@id\":\"https:\/\/dicodusport.fr\/blog\/nina-dury-jda-dijon-revivre-les-memes-emotions-que-la-saison-passee\/#breadcrumb\",\"itemListElement\":[{\"@type\":\"ListItem\",\"position\":1,\"name\":\"Accueil\",\"item\":\"https:\/\/dicodusport.fr\/blog\/\"},{\"@type\":\"ListItem\",\"position\":2,\"name\":\"Nina Dury (JDA Dijon) : \u00ab\u00a0Revivre les m\u00eames \u00e9motions que la saison pass\u00e9e\u00a0\u00bb\"}]},{\"@type\":\"WebSite\",\"@id\":\"https:\/\/dicodusport.fr\/blog\/#website\",\"url\":\"https:\/\/dicodusport.fr\/blog\/\",\"name\":\"Dicodusport\",\"description\":\"L&#039;encyclop\u00e9die de l&#039;actualit\u00e9 sportive\",\"publisher\":{\"@id\":\"https:\/\/dicodusport.fr\/blog\/#organization\"},\"potentialAction\":[{\"@type\":\"SearchAction\",\"target\":{\"@type\":\"EntryPoint\",\"urlTemplate\":\"https:\/\/dicodusport.fr\/blog\/?s={search_term_string}\"},\"query-input\":{\"@type\":\"PropertyValueSpecification\",\"valueRequired\":true,\"valueName\":\"search_term_string\"}}],\"inLanguage\":\"fr-FR\"},{\"@type\":\"NewsMediaOrganization\",\"@id\":\"https:\/\/dicodusport.fr\/blog\/#organization\",\"name\":\"Dicodusport\",\"url\":\"https:\/\/dicodusport.fr\/blog\/\",\"logo\":{\"@type\":\"ImageObject\",\"inLanguage\":\"fr-FR\",\"@id\":\"https:\/\/dicodusport.fr\/blog\/#\/schema\/logo\/image\/\",\"url\":\"https:\/\/dicodusport.fr\/blog\/wp-content\/uploads\/2020\/06\/cropped-LOGO-DICODUSPORT-2020-SANS-FOND-SANS-TEXTE.png\",\"contentUrl\":\"https:\/\/dicodusport.fr\/blog\/wp-content\/uploads\/2020\/06\/cropped-LOGO-DICODUSPORT-2020-SANS-FOND-SANS-TEXTE.png\",\"width\":512,\"height\":512,\"caption\":\"Dicodusport\"},\"image\":{\"@id\":\"https:\/\/dicodusport.fr\/blog\/#\/schema\/logo\/image\/\"},\"sameAs\":[\"https:\/\/www.facebook.com\/dicodusport\",\"https:\/\/x.com\/dicodusport\",\"https:\/\/www.instagram.com\/dicodusport\/\",\"https:\/\/www.youtube.com\/channel\/UC7V2KZ5sd3htJivAbA4ZG3w\"],\"description\":\"Dicodusport est l'encyclop\u00e9die de l'actualit\u00e9 sportive.\",\"email\":\"bonjour@dicodusport.fr\",\"legalName\":\"DICODUSPORT\",\"foundingDate\":\"2018-01-14\",\"vatID\":\"FR71834470973\",\"taxID\":\"83447097300043\",\"numberOfEmployees\":{\"@type\":\"QuantitativeValue\",\"minValue\":\"1\",\"maxValue\":\"10\"}},{\"@type\":\"Person\",\"@id\":\"https:\/\/dicodusport.fr\/blog\/#\/schema\/person\/d603dd7da31fb2b46c82b9835a77ec13\",\"name\":\"Etienne Goursaud\",\"image\":{\"@type\":\"ImageObject\",\"inLanguage\":\"fr-FR\",\"@id\":\"https:\/\/dicodusport.fr\/blog\/#\/schema\/person\/image\/\",\"url\":\"https:\/\/dicodusport.fr\/blog\/wp-content\/uploads\/2023\/12\/410122264_10231602061736049_5565839791558026645_n-150x150.jpg\",\"contentUrl\":\"https:\/\/dicodusport.fr\/blog\/wp-content\/uploads\/2023\/12\/410122264_10231602061736049_5565839791558026645_n-150x150.jpg\",\"caption\":\"Etienne Goursaud\"},\"description\":\"Journaliste et amoureux de sport. Ancien footballeur reconverti athl\u00e8te quand ses muscles le laissent tranquille. \u00c9lev\u00e9 \u00e0 la sauce des exploits de Thomas Voeckler en 2004, du dernier essai de l\u00e9gende de Eunice Barber \u00e0 la longueur lors des championnats du monde d'athl\u00e9tisme de 2003 mais aussi Zidane, Omeyer et Titou Lamaison.\",\"url\":\"https:\/\/dicodusport.fr\/blog\/author\/etienne-goursaud\/\"}]}<\/script>\n<!-- \/ Yoast SEO Premium plugin. -->","yoast_head_json":{"title":"Nina Dury (JDA Dijon) : \"Revivre les m\u00eames \u00e9motions que la saison pass\u00e9e\"","description":"HANDBALL - Entretien avec Nina Dury, aili\u00e8re gauche de la JDA Dijon et n\u00e9o-internationale fran\u00e7aise depuis le d\u00e9but de l'ann\u00e9e 2025.","robots":{"index":"index","follow":"follow","max-snippet":"max-snippet:-1","max-image-preview":"max-image-preview:large","max-video-preview":"max-video-preview:-1"},"canonical":"https:\/\/dicodusport.fr\/blog\/nina-dury-jda-dijon-revivre-les-memes-emotions-que-la-saison-passee\/","og_locale":"fr_FR","og_type":"article","og_title":"Nina Dury (JDA Dijon) : \"Revivre les m\u00eames \u00e9motions que la saison pass\u00e9e\"","og_description":"HANDBALL - Entretien avec Nina Dury, aili\u00e8re gauche de la JDA Dijon et n\u00e9o-internationale fran\u00e7aise depuis le d\u00e9but de l'ann\u00e9e 2025.","og_url":"https:\/\/dicodusport.fr\/blog\/nina-dury-jda-dijon-revivre-les-memes-emotions-que-la-saison-passee\/","og_site_name":"Dicodusport","article_publisher":"https:\/\/www.facebook.com\/dicodusport","article_published_time":"2025-09-10T09:00:16+00:00","og_image":[{"width":1200,"height":674,"url":"https:\/\/dicodusport.fr\/blog\/wp-content\/uploads\/2025\/09\/Nina-Dury-JDA-Dijon-Revivre-les-memes-emotions-que-la-saison-passee.png","type":"image\/png"}],"author":"Etienne Goursaud","twitter_card":"summary_large_image","twitter_title":"Nina Dury (JDA Dijon) : \"Revivre les m\u00eames \u00e9motions que la saison pass\u00e9e\"","twitter_creator":"@dicodusport","twitter_site":"@dicodusport","schema":{"@context":"https:\/\/schema.org","@graph":[{"@type":"NewsArticle","@id":"https:\/\/dicodusport.fr\/blog\/nina-dury-jda-dijon-revivre-les-memes-emotions-que-la-saison-passee\/#article","isPartOf":{"@id":"https:\/\/dicodusport.fr\/blog\/nina-dury-jda-dijon-revivre-les-memes-emotions-que-la-saison-passee\/"},"author":{"name":"Etienne Goursaud","@id":"https:\/\/dicodusport.fr\/blog\/#\/schema\/person\/d603dd7da31fb2b46c82b9835a77ec13"},"headline":"Nina Dury (JDA Dijon) : \u00ab\u00a0Revivre les m\u00eames \u00e9motions que la saison pass\u00e9e\u00a0\u00bb","datePublished":"2025-09-10T09:00:16+00:00","mainEntityOfPage":{"@id":"https:\/\/dicodusport.fr\/blog\/nina-dury-jda-dijon-revivre-les-memes-emotions-que-la-saison-passee\/"},"wordCount":2267,"commentCount":0,"publisher":{"@id":"https:\/\/dicodusport.fr\/blog\/#organization"},"image":{"@id":"https:\/\/dicodusport.fr\/blog\/nina-dury-jda-dijon-revivre-les-memes-emotions-que-la-saison-passee\/#primaryimage"},"thumbnailUrl":"https:\/\/dicodusport.fr\/blog\/wp-content\/uploads\/2025\/09\/Nina-Dury-JDA-Dijon-Revivre-les-memes-emotions-que-la-saison-passee.png","keywords":["br\u00e8ve","Handball","sport"],"articleSection":["Handball"],"inLanguage":"fr-FR","potentialAction":[{"@type":"CommentAction","name":"Comment","target":["https:\/\/dicodusport.fr\/blog\/nina-dury-jda-dijon-revivre-les-memes-emotions-que-la-saison-passee\/#respond"]}],"copyrightYear":"2025","copyrightHolder":{"@id":"https:\/\/dicodusport.fr\/blog\/#organization"}},{"@type":"WebPage","@id":"https:\/\/dicodusport.fr\/blog\/nina-dury-jda-dijon-revivre-les-memes-emotions-que-la-saison-passee\/","url":"https:\/\/dicodusport.fr\/blog\/nina-dury-jda-dijon-revivre-les-memes-emotions-que-la-saison-passee\/","name":"Nina Dury (JDA Dijon) : \"Revivre les m\u00eames \u00e9motions que la saison pass\u00e9e\"","isPartOf":{"@id":"https:\/\/dicodusport.fr\/blog\/#website"},"primaryImageOfPage":{"@id":"https:\/\/dicodusport.fr\/blog\/nina-dury-jda-dijon-revivre-les-memes-emotions-que-la-saison-passee\/#primaryimage"},"image":{"@id":"https:\/\/dicodusport.fr\/blog\/nina-dury-jda-dijon-revivre-les-memes-emotions-que-la-saison-passee\/#primaryimage"},"thumbnailUrl":"https:\/\/dicodusport.fr\/blog\/wp-content\/uploads\/2025\/09\/Nina-Dury-JDA-Dijon-Revivre-les-memes-emotions-que-la-saison-passee.png","datePublished":"2025-09-10T09:00:16+00:00","description":"HANDBALL - Entretien avec Nina Dury, aili\u00e8re gauche de la JDA Dijon et n\u00e9o-internationale fran\u00e7aise depuis le d\u00e9but de l'ann\u00e9e 2025.","breadcrumb":{"@id":"https:\/\/dicodusport.fr\/blog\/nina-dury-jda-dijon-revivre-les-memes-emotions-que-la-saison-passee\/#breadcrumb"},"inLanguage":"fr-FR","potentialAction":[{"@type":"ReadAction","target":["https:\/\/dicodusport.fr\/blog\/nina-dury-jda-dijon-revivre-les-memes-emotions-que-la-saison-passee\/"]}]},{"@type":"ImageObject","inLanguage":"fr-FR","@id":"https:\/\/dicodusport.fr\/blog\/nina-dury-jda-dijon-revivre-les-memes-emotions-que-la-saison-passee\/#primaryimage","url":"https:\/\/dicodusport.fr\/blog\/wp-content\/uploads\/2025\/09\/Nina-Dury-JDA-Dijon-Revivre-les-memes-emotions-que-la-saison-passee.png","contentUrl":"https:\/\/dicodusport.fr\/blog\/wp-content\/uploads\/2025\/09\/Nina-Dury-JDA-Dijon-Revivre-les-memes-emotions-que-la-saison-passee.png","width":1200,"height":674,"caption":"Nina Dury (JDA Dijon) : \"Revivre les m\u00eames \u00e9motions que la saison pass\u00e9e\""},{"@type":"BreadcrumbList","@id":"https:\/\/dicodusport.fr\/blog\/nina-dury-jda-dijon-revivre-les-memes-emotions-que-la-saison-passee\/#breadcrumb","itemListElement":[{"@type":"ListItem","position":1,"name":"Accueil","item":"https:\/\/dicodusport.fr\/blog\/"},{"@type":"ListItem","position":2,"name":"Nina Dury (JDA Dijon) : \u00ab\u00a0Revivre les m\u00eames \u00e9motions que la saison pass\u00e9e\u00a0\u00bb"}]},{"@type":"WebSite","@id":"https:\/\/dicodusport.fr\/blog\/#website","url":"https:\/\/dicodusport.fr\/blog\/","name":"Dicodusport","description":"L&#039;encyclop\u00e9die de l&#039;actualit\u00e9 sportive","publisher":{"@id":"https:\/\/dicodusport.fr\/blog\/#organization"},"potentialAction":[{"@type":"SearchAction","target":{"@type":"EntryPoint","urlTemplate":"https:\/\/dicodusport.fr\/blog\/?s={search_term_string}"},"query-input":{"@type":"PropertyValueSpecification","valueRequired":true,"valueName":"search_term_string"}}],"inLanguage":"fr-FR"},{"@type":"NewsMediaOrganization","@id":"https:\/\/dicodusport.fr\/blog\/#organization","name":"Dicodusport","url":"https:\/\/dicodusport.fr\/blog\/","logo":{"@type":"ImageObject","inLanguage":"fr-FR","@id":"https:\/\/dicodusport.fr\/blog\/#\/schema\/logo\/image\/","url":"https:\/\/dicodusport.fr\/blog\/wp-content\/uploads\/2020\/06\/cropped-LOGO-DICODUSPORT-2020-SANS-FOND-SANS-TEXTE.png","contentUrl":"https:\/\/dicodusport.fr\/blog\/wp-content\/uploads\/2020\/06\/cropped-LOGO-DICODUSPORT-2020-SANS-FOND-SANS-TEXTE.png","width":512,"height":512,"caption":"Dicodusport"},"image":{"@id":"https:\/\/dicodusport.fr\/blog\/#\/schema\/logo\/image\/"},"sameAs":["https:\/\/www.facebook.com\/dicodusport","https:\/\/x.com\/dicodusport","https:\/\/www.instagram.com\/dicodusport\/","https:\/\/www.youtube.com\/channel\/UC7V2KZ5sd3htJivAbA4ZG3w"],"description":"Dicodusport est l'encyclop\u00e9die de l'actualit\u00e9 sportive.","email":"bonjour@dicodusport.fr","legalName":"DICODUSPORT","foundingDate":"2018-01-14","vatID":"FR71834470973","taxID":"83447097300043","numberOfEmployees":{"@type":"QuantitativeValue","minValue":"1","maxValue":"10"}},{"@type":"Person","@id":"https:\/\/dicodusport.fr\/blog\/#\/schema\/person\/d603dd7da31fb2b46c82b9835a77ec13","name":"Etienne Goursaud","image":{"@type":"ImageObject","inLanguage":"fr-FR","@id":"https:\/\/dicodusport.fr\/blog\/#\/schema\/person\/image\/","url":"https:\/\/dicodusport.fr\/blog\/wp-content\/uploads\/2023\/12\/410122264_10231602061736049_5565839791558026645_n-150x150.jpg","contentUrl":"https:\/\/dicodusport.fr\/blog\/wp-content\/uploads\/2023\/12\/410122264_10231602061736049_5565839791558026645_n-150x150.jpg","caption":"Etienne Goursaud"},"description":"Journaliste et amoureux de sport. Ancien footballeur reconverti athl\u00e8te quand ses muscles le laissent tranquille. \u00c9lev\u00e9 \u00e0 la sauce des exploits de Thomas Voeckler en 2004, du dernier essai de l\u00e9gende de Eunice Barber \u00e0 la longueur lors des championnats du monde d'athl\u00e9tisme de 2003 mais aussi Zidane, Omeyer et Titou Lamaison.","url":"https:\/\/dicodusport.fr\/blog\/author\/etienne-goursaud\/"}]}},"_links":{"self":[{"href":"https:\/\/dicodusport.fr\/blog\/wp-json\/wp\/v2\/posts\/609593","targetHints":{"allow":["GET"]}}],"collection":[{"href":"https:\/\/dicodusport.fr\/blog\/wp-json\/wp\/v2\/posts"}],"about":[{"href":"https:\/\/dicodusport.fr\/blog\/wp-json\/wp\/v2\/types\/post"}],"author":[{"embeddable":true,"href":"https:\/\/dicodusport.fr\/blog\/wp-json\/wp\/v2\/users\/83"}],"replies":[{"embeddable":true,"href":"https:\/\/dicodusport.fr\/blog\/wp-json\/wp\/v2\/comments?post=609593"}],"version-history":[{"count":3,"href":"https:\/\/dicodusport.fr\/blog\/wp-json\/wp\/v2\/posts\/609593\/revisions"}],"predecessor-version":[{"id":609678,"href":"https:\/\/dicodusport.fr\/blog\/wp-json\/wp\/v2\/posts\/609593\/revisions\/609678"}],"wp:featuredmedia":[{"embeddable":true,"href":"https:\/\/dicodusport.fr\/blog\/wp-json\/wp\/v2\/media\/609634"}],"wp:attachment":[{"href":"https:\/\/dicodusport.fr\/blog\/wp-json\/wp\/v2\/media?parent=609593"}],"wp:term":[{"taxonomy":"category","embeddable":true,"href":"https:\/\/dicodusport.fr\/blog\/wp-json\/wp\/v2\/categories?post=609593"},{"taxonomy":"post_tag","embeddable":true,"href":"https:\/\/dicodusport.fr\/blog\/wp-json\/wp\/v2\/tags?post=609593"}],"curies":[{"name":"wp","href":"https:\/\/api.w.org\/{rel}","templated":true}]}}