{"id":609867,"date":"2025-09-14T19:28:31","date_gmt":"2025-09-14T17:28:31","guid":{"rendered":"https:\/\/dicodusport.fr\/blog\/?p=609867&#038;preview=true&#038;preview_id=609867"},"modified":"2025-09-14T19:31:04","modified_gmt":"2025-09-14T17:31:04","slug":"rallye-du-chili-2025-programme-chaine-tv-et-resultats-des-speciales","status":"publish","type":"post","link":"https:\/\/dicodusport.fr\/blog\/rallye-du-chili-2025-programme-chaine-tv-et-resultats-des-speciales\/","title":{"rendered":"Rallye du Chili 2025 : Les r\u00e9sultats complets"},"content":{"rendered":"<p style=\"text-align: justify;\"><strong><em>D\u00e9couvrez le programme TV complet, les horaires et les r\u00e9sultats en direct des sp\u00e9ciales du Rallye du Chili, 11\u00e8me manche du championnat des rallyes 2025, qui a lieu du jeudi 11 au dimanche 14 septembre 2025.<\/em><\/strong><\/p>\n<ul>\n<li style=\"text-align: justify;\"><strong>\u00c0 ce sujet &#8211; <a href=\"https:\/\/dicodusport.fr\/blog\/rallye-wrc-2025-le-calendrier-complet\/\">Rallye WRC 2025 \u2013 Le calendrier complet<\/a><\/strong><\/li>\n<\/ul>\n<p style=\"text-align: justify;\">Le <strong>Rallye du Chili 2025<\/strong>, onzi\u00e8me manche du championnat du monde WRC, se tiendra du <strong>11 au 14 septembre<\/strong> autour de C<strong>oncepci\u00f3n<\/strong>, dans la r\u00e9gion du <strong>Biob\u00edo<\/strong>. Disput\u00e9e sur <strong>16 sp\u00e9ciales<\/strong> totalisant <strong>306,7 km chronom\u00e9tr\u00e9s<\/strong>, cette \u00e9preuve de gravier est r\u00e9put\u00e9e pour ses routes rapides et sinueuses, bord\u00e9es de for\u00eats denses et souvent recouvertes de brouillard.<\/p>\n<p style=\"text-align: justify;\">Avec pr\u00e8s de <strong>1 240 km parcourus au total<\/strong>, le rallye exige une grande pr\u00e9cision de pilotage et une parfaite lecture des notes, tant les conditions peuvent \u00eatre changeantes : pluie, brouillard ou terrain pi\u00e9geux hors trajectoire. Ces particularit\u00e9s en font une manche redout\u00e9e du calendrier, o\u00f9 seuls les plus r\u00e9guliers et les plus confiants dans leur rythme peuvent esp\u00e9rer briller.<\/p>\n<p style=\"text-align: justify;\">Le trac\u00e9 reprend en grande partie celui de l\u2019\u00e9dition pr\u00e9c\u00e9dente, avec quelques ajustements mineurs sur le programme du vendredi. Fid\u00e8le \u00e0 sa r\u00e9putation, le <strong>Rallye du Chili 2025<\/strong> s\u2019annonce donc comme un rendez-vous strat\u00e9gique et spectaculaire, capable de jouer un r\u00f4le d\u00e9cisif dans la course au titre mondial.<\/p>\n<h2 style=\"text-align: justify;\">Rallye du Chili 2025 &#8211; Programme des sp\u00e9ciales, horaires et r\u00e9sultats<\/h2>\n<p style=\"text-align: justify;\"><span style=\"font-size: 14px;\"><em><strong>La plupart des sp\u00e9ciales sont retransmises sur Canal+ Sport et Canal+ Sport 360.<\/strong><\/em><\/span><\/p>\n<table style=\"width: 1171.48px; border-collapse: collapse;\">\n<tbody>\n<tr>\n<td style=\"background-color: #fc4c02; width: 1171.48px; text-align: center; vertical-align: middle;\" colspan=\"5\"><span style=\"color: #ffffff;\"><strong>JEUDI 11 SEPTEMBRE 2025<\/strong><\/span><span style=\"color: #ffffff;\"><strong><br \/>\n<\/strong><\/span><\/td>\n<\/tr>\n<tr>\n<td style=\"text-align: center; vertical-align: middle; width: 84px; background-color: #000000;\"><span style=\"color: #ffffff; font-size: 0.9em;\"><strong>Horaire<\/strong><\/span><\/td>\n<td style=\"text-align: center; vertical-align: middle; width: 583.484px; background-color: #000000;\" colspan=\"2\"><span style=\"color: #ffffff;\"><span style=\"font-size: 0.9em;\"><b>Sp\u00e9ciale<\/b><\/span><\/span><\/td>\n<td style=\"text-align: center; vertical-align: middle; width: 252px; background-color: #000000;\"><span style=\"color: #ffffff; font-size: 0.9em;\"><strong>Vainqueurs<\/strong><\/span><\/td>\n<td style=\"text-align: center; vertical-align: middle; width: 252px; background-color: #000000;\"><span style=\"color: #ffffff; font-size: 0.9em;\"><strong>Leaders<\/strong><\/span><\/td>\n<\/tr>\n<tr>\n<td style=\"text-align: center; vertical-align: middle; width: 84px; font-size: 0.9em;\"><strong>D\u00e8s 14h01<\/strong><\/td>\n<td style=\"text-align: center; vertical-align: middle; width: 583.484px; font-size: 0.9em;\" colspan=\"2\"><strong>Shakedown \u2013 6,79 km<br \/>\n<a href=\"https:\/\/www.wrc.com\/en\/events\/wrc-rally-chile-bio-bio-2025\/wrc-rally-chile-bio-b%C3%ADo-results-2025?page=results&amp;tab=stage-times\"><span style=\"font-size: 0.9em;\"><span style=\"font-size: 10.368px;\"><i>Classement<\/i><\/span><\/span><\/a><br \/>\n<\/strong><\/td>\n<td style=\"text-align: center; vertical-align: middle; width: 252px;\"><span style=\"font-size: 0.9em;\"><strong>\ud83c\uddea\ud83c\uddea Ott T\u00c4NAK \/ \ud83c\uddea\ud83c\uddea Martin J\u00c4RVEOJA<\/strong><br \/>\n<span style=\"font-size: 0.8em;\">HYUNDAI<\/span><\/span><\/td>\n<td style=\"text-align: center; vertical-align: middle; width: 252px;\">&#8211;<\/td>\n<\/tr>\n<tr>\n<td style=\"background-color: #fc4c02; width: 1171.48px; text-align: center; vertical-align: middle;\" colspan=\"5\"><span style=\"color: #ffffff;\"><strong>VENDREDI 12 SEPTEMBRE 2025<\/strong><\/span><span style=\"color: #ffffff;\"><strong><br \/>\n<\/strong><\/span><\/td>\n<\/tr>\n<tr>\n<td style=\"text-align: center; vertical-align: middle; width: 84px; background-color: #000000;\"><span style=\"color: #ffffff; font-size: 0.9em;\"><strong>Horaire<\/strong><\/span><\/td>\n<td style=\"text-align: center; vertical-align: middle; width: 583.484px; background-color: #000000;\" colspan=\"2\"><span style=\"color: #ffffff;\"><span style=\"font-size: 0.9em;\"><b>Sp\u00e9ciale<\/b><\/span><\/span><\/td>\n<td style=\"text-align: center; vertical-align: middle; width: 252px; background-color: #000000;\"><span style=\"color: #ffffff; font-size: 0.9em;\"><strong>Vainqueurs<\/strong><\/span><\/td>\n<td style=\"text-align: center; vertical-align: middle; width: 252px; background-color: #000000;\"><span style=\"color: #ffffff; font-size: 0.9em;\"><strong>Leaders<\/strong><\/span><\/td>\n<\/tr>\n<tr>\n<td style=\"text-align: center; vertical-align: middle; width: 84px; font-size: 0.9em;\"><strong>13h15<\/strong><\/td>\n<td style=\"text-align: center; vertical-align: middle; width: 583.484px;\" colspan=\"2\"><strong><span style=\"font-size: 0.9em;\">ES1 :\u00a0Pulperia 1 \u2013 19,72 km<br \/>\n<\/span><a href=\"https:\/\/www.wrc.com\/en\/events\/wrc-rally-chile-bio-bio-2025\/wrc-rally-chile-bio-b%C3%ADo-results-2025?page=results&amp;tab=stage-times\/#es1\"><span style=\"font-size: 0.9em;\"><span style=\"font-size: 10.368px;\"><i>Classement<\/i><\/span><\/span><\/a><br \/>\n<\/strong><\/td>\n<td style=\"text-align: center; vertical-align: middle; width: 252px;\"><span style=\"font-size: 0.9em;\"><strong>\ud83c\uddeb\ud83c\uddee Kalle ROVANPER\u00c4 \/ \ud83c\uddeb\ud83c\uddee Jonne HALTTUNEN<\/strong><br \/>\n<span style=\"font-size: 0.8em;\">TOYOTA<\/span><\/span><\/td>\n<td style=\"text-align: center; vertical-align: middle; width: 252px;\"><span style=\"font-size: 0.9em;\"><strong>\ud83c\uddeb\ud83c\uddee Kalle ROVANPER\u00c4 \/ \ud83c\uddeb\ud83c\uddee Jonne HALTTUNEN<\/strong><br \/>\n<span style=\"font-size: 0.8em;\">TOYOTA<\/span><\/span><\/td>\n<\/tr>\n<tr>\n<td style=\"text-align: center; vertical-align: middle; width: 84px; font-size: 0.9em;\"><strong>14h10<\/strong><\/td>\n<td style=\"text-align: center; vertical-align: middle; width: 583.484px; font-size: 0.9em;\" colspan=\"2\"><strong>ES2 :\u00a0Rere 1 \u2013 13,34 km<br \/>\n<a href=\"https:\/\/www.wrc.com\/en\/events\/wrc-rally-chile-bio-bio-2025\/wrc-rally-chile-bio-b%C3%ADo-results-2025?page=results&amp;tab=stage-times\/#es2\"><span style=\"font-size: 0.9em;\"><span style=\"font-size: 10.368px;\"><i>Classement<\/i><\/span><\/span><\/a><br \/>\n<\/strong><\/td>\n<td style=\"text-align: center; vertical-align: middle; width: 252px;\"><span style=\"font-size: 0.9em;\"><strong>\ud83c\uddeb\ud83c\uddee Kalle ROVANPER\u00c4 \/ \ud83c\uddeb\ud83c\uddee Jonne HALTTUNEN<\/strong><br \/>\n<span style=\"font-size: 0.8em;\">TOYOTA<\/span><\/span><\/td>\n<td style=\"text-align: center; vertical-align: middle; width: 252px;\"><span style=\"font-size: 0.9em;\"><strong>\ud83c\uddeb\ud83c\uddee Kalle ROVANPER\u00c4 \/ \ud83c\uddeb\ud83c\uddee Jonne HALTTUNEN<\/strong><br \/>\n<span style=\"font-size: 0.8em;\">TOYOTA<\/span><\/span><\/td>\n<\/tr>\n<tr>\n<td style=\"text-align: center; vertical-align: middle; width: 84px; font-size: 0.9em;\"><strong>15h01<\/strong><\/td>\n<td style=\"text-align: center; vertical-align: middle; width: 583.484px; font-size: 0.9em;\" colspan=\"2\"><strong>ES3 : Rio Claro 1 \u2013 23,32 km<br \/>\n<a href=\"https:\/\/www.wrc.com\/en\/events\/wrc-rally-chile-bio-bio-2025\/wrc-rally-chile-bio-b%C3%ADo-results-2025?page=results&amp;tab=stage-times\/#es3\"><span style=\"font-size: 0.9em;\"><span style=\"font-size: 10.368px;\"><i>Classement<\/i><\/span><\/span><\/a><br \/>\n<\/strong><\/td>\n<td style=\"text-align: center; vertical-align: middle; width: 252px;\"><span style=\"font-size: 0.9em;\"><strong>\ud83c\uddec\ud83c\udde7 Elfyn EVANS \/ \ud83c\uddec\ud83c\udde7 Scott MARTIN<br \/>\n<\/strong><span style=\"font-size: 0.8em;\">TOYOTA<\/span><\/span><\/td>\n<td style=\"text-align: center; vertical-align: middle; width: 252px;\"><span style=\"font-size: 0.9em;\"><strong>\ud83c\uddec\ud83c\udde7 Elfyn EVANS \/ \ud83c\uddec\ud83c\udde7 Scott MARTIN<br \/>\n<\/strong><span style=\"font-size: 0.8em;\">TOYOTA<\/span><\/span><\/td>\n<\/tr>\n<tr>\n<td style=\"text-align: center; vertical-align: middle; width: 84px; font-size: 0.9em;\"><strong>19h41<\/strong><\/td>\n<td style=\"text-align: center; vertical-align: middle; width: 583.484px; font-size: 0.9em;\" colspan=\"2\"><strong>ES4\u00a0: Pulperia 2 \u2013 19,72 km<br \/>\n<a href=\"https:\/\/www.wrc.com\/en\/events\/wrc-rally-chile-bio-bio-2025\/wrc-rally-chile-bio-b%C3%ADo-results-2025?page=results&amp;tab=stage-times\/#es4\"><span style=\"font-size: 0.9em;\"><span style=\"font-size: 10.368px;\"><i>Classement<\/i><\/span><\/span><\/a><br \/>\n<\/strong><\/td>\n<td style=\"text-align: center; vertical-align: middle; width: 252px;\"><span style=\"font-size: 0.9em;\"><strong>\ud83c\uddeb\ud83c\uddee Sami PAJARI \/ \ud83c\uddeb\ud83c\uddee Enni M\u00c4LK\u00d6NEN<\/strong><br \/>\n<span style=\"font-size: 0.8em;\">TOYOTA<\/span><\/span><\/td>\n<td style=\"text-align: center; vertical-align: middle; width: 252px;\"><span style=\"font-size: 0.9em;\"><strong>\ud83c\uddea\ud83c\uddea Ott T\u00c4NAK \/ \ud83c\uddea\ud83c\uddea Martin J\u00c4RVEOJA<\/strong><br \/>\n<span style=\"font-size: 0.8em;\">HYUNDAI<\/span><\/span><\/td>\n<\/tr>\n<tr>\n<td style=\"text-align: center; vertical-align: middle; width: 84px; font-size: 0.9em;\"><strong>20h36<\/strong><\/td>\n<td style=\"text-align: center; vertical-align: middle; width: 583.484px; font-size: 0.9em;\" colspan=\"2\"><strong>ES5 :\u00a0Rere 2 \u2013 13,34 km<br \/>\n<a href=\"https:\/\/www.wrc.com\/en\/events\/wrc-rally-chile-bio-bio-2025\/wrc-rally-chile-bio-b%C3%ADo-results-2025?page=results&amp;tab=stage-times\/#es5\"><span style=\"font-size: 0.9em;\"><span style=\"font-size: 10.368px;\"><i>Classement<\/i><\/span><\/span><\/a><br \/>\n<\/strong><\/td>\n<td style=\"text-align: center; vertical-align: middle; width: 252px;\"><span style=\"font-size: 0.9em;\"><strong>\ud83c\uddea\ud83c\uddea Ott T\u00c4NAK \/ \ud83c\uddea\ud83c\uddea Martin J\u00c4RVEOJA<\/strong><br \/>\n<span style=\"font-size: 0.8em;\">HYUNDAI<\/span><\/span><\/td>\n<td style=\"text-align: center; vertical-align: middle; width: 252px;\"><span style=\"font-size: 0.9em;\"><strong>\ud83c\uddea\ud83c\uddea Ott T\u00c4NAK \/ \ud83c\uddea\ud83c\uddea Martin J\u00c4RVEOJA<\/strong><br \/>\n<span style=\"font-size: 0.8em;\">HYUNDAI<\/span><\/span><\/td>\n<\/tr>\n<tr>\n<td style=\"text-align: center; vertical-align: middle; width: 84px; font-size: 0.9em;\"><strong>21h27<\/strong><\/td>\n<td style=\"text-align: center; vertical-align: middle; width: 583.484px; font-size: 0.9em;\" colspan=\"2\"><strong>ES6 :\u00a0Rio Claro 2 \u2013 23,32 km<br \/>\n<a href=\"https:\/\/www.wrc.com\/en\/events\/wrc-rally-chile-bio-bio-2025\/wrc-rally-chile-bio-b%C3%ADo-results-2025?page=results&amp;tab=stage-times\/#es6\"><span style=\"font-size: 0.9em;\"><span style=\"font-size: 10.368px;\"><i>Classement<\/i><\/span><\/span><\/a><br \/>\n<\/strong><\/td>\n<td style=\"text-align: center; vertical-align: middle; width: 252px;\"><span style=\"font-size: 0.9em;\"><strong>\ud83c\uddeb\ud83c\uddf7 S\u00e9bastien OGIER \/ \ud83c\uddeb\ud83c\uddf7 Vincent LANDAIS<\/strong><br \/>\n<span style=\"font-size: 0.8em;\">TOYOTA<\/span><\/span><\/td>\n<td style=\"text-align: center; vertical-align: middle; width: 252px;\"><span style=\"font-size: 0.9em;\"><strong>\ud83c\uddeb\ud83c\uddf7 Adrien FOURMAUX \/ \ud83c\uddeb\ud83c\uddf7 Alexandre CORIA<\/strong><br \/>\n<span style=\"font-size: 0.8em;\">HYUNDAI<\/span><\/span><\/td>\n<\/tr>\n<tr>\n<td style=\"background-color: #fc4c02; width: 1171.48px; text-align: center; vertical-align: middle;\" colspan=\"5\"><span style=\"color: #ffffff;\"><strong>SAMEDI 13 SEPTEMBRE 2025<\/strong><\/span><\/td>\n<\/tr>\n<tr>\n<td style=\"text-align: center; vertical-align: middle; width: 84px; background-color: #000000;\"><span style=\"color: #ffffff; font-size: 0.9em;\"><strong>Horaire<\/strong><\/span><\/td>\n<td style=\"text-align: center; vertical-align: middle; width: 583.484px; background-color: #000000;\" colspan=\"2\"><span style=\"color: #ffffff;\"><span style=\"font-size: 0.9em;\"><b>Sp\u00e9ciale<\/b><\/span><\/span><\/td>\n<td style=\"text-align: center; vertical-align: middle; width: 252px; background-color: #000000;\"><span style=\"color: #ffffff; font-size: 0.9em;\"><strong>Vainqueurs<\/strong><\/span><\/td>\n<td style=\"text-align: center; vertical-align: middle; width: 252px; background-color: #000000;\"><span style=\"color: #ffffff; font-size: 0.9em;\"><strong>Leaders<\/strong><\/span><\/td>\n<\/tr>\n<tr>\n<td style=\"text-align: center; vertical-align: middle; width: 84px; font-size: 0.9em;\"><strong>14h07<\/strong><\/td>\n<td style=\"text-align: center; vertical-align: middle; width: 583.484px; font-size: 0.9em;\" colspan=\"2\"><strong>ES7 : Pelun 1 \u2013 15,65 km<br \/>\n<a href=\"https:\/\/www.wrc.com\/en\/events\/wrc-rally-chile-bio-bio-2025\/wrc-rally-chile-bio-b%C3%ADo-results-2025?page=results&amp;tab=stage-times\/#es7\"><span style=\"font-size: 0.9em;\"><span style=\"font-size: 10.368px;\"><i>Classement<\/i><\/span><\/span><\/a><br \/>\n<\/strong><\/td>\n<td style=\"text-align: center; vertical-align: middle; width: 252px;\"><span style=\"font-size: 0.9em;\"><strong>\ud83c\uddea\ud83c\uddea Ott T\u00c4NAK \/ \ud83c\uddea\ud83c\uddea Martin J\u00c4RVEOJA<\/strong><br \/>\n<span style=\"font-size: 0.8em;\">HYUNDAI<\/span><\/span><\/td>\n<td style=\"text-align: center; vertical-align: middle; width: 252px;\"><span style=\"font-size: 0.9em;\"><strong>\ud83c\uddeb\ud83c\uddf7 Adrien FOURMAUX \/ \ud83c\uddeb\ud83c\uddf7 Alexandre CORIA<\/strong><br \/>\n<span style=\"font-size: 0.8em;\">HYUNDAI<\/span><\/span><\/td>\n<\/tr>\n<tr>\n<td style=\"text-align: center; vertical-align: middle; width: 84px; font-size: 0.9em;\"><strong>15h01<\/strong><\/td>\n<td style=\"text-align: center; vertical-align: middle; width: 583.484px; font-size: 0.9em;\" colspan=\"2\"><strong>ES8 :\u00a0Lota 1 \u2013 25,64 km<br \/>\n<a href=\"https:\/\/www.wrc.com\/en\/events\/wrc-rally-chile-bio-bio-2025\/wrc-rally-chile-bio-b%C3%ADo-results-2025?page=results&amp;tab=stage-times\/#es8\"><span style=\"font-size: 0.9em;\"><span style=\"font-size: 10.368px;\"><i>Classement<\/i><\/span><\/span><\/a><br \/>\n<\/strong><\/td>\n<td style=\"text-align: center; vertical-align: middle; width: 252px;\"><span style=\"font-size: 0.9em;\"><strong>\ud83c\uddea\ud83c\uddea Ott T\u00c4NAK \/ \ud83c\uddea\ud83c\uddea Martin J\u00c4RVEOJA<\/strong><br \/>\n<span style=\"font-size: 0.8em;\">HYUNDAI<\/span><\/span><\/td>\n<td style=\"text-align: center; vertical-align: middle; width: 252px;\"><span style=\"font-size: 0.9em;\"><strong>\ud83c\uddeb\ud83c\uddf7 Adrien FOURMAUX \/ \ud83c\uddeb\ud83c\uddf7 Alexandre CORIA<\/strong><br \/>\n<span style=\"font-size: 0.8em;\">HYUNDAI<\/span><\/span><\/td>\n<\/tr>\n<tr>\n<td style=\"text-align: center; vertical-align: middle; width: 84px; font-size: 0.9em;\"><strong>16h05<\/strong><\/td>\n<td style=\"text-align: center; vertical-align: middle; width: 583.484px; font-size: 0.9em;\" colspan=\"2\"><strong>ES9 :\u00a0Maria de las Cruces 1 \u2013 28,31 km<br \/>\n<a href=\"https:\/\/www.wrc.com\/en\/events\/wrc-rally-chile-bio-bio-2025\/wrc-rally-chile-bio-b%C3%ADo-results-2025?page=results&amp;tab=stage-times\/#es9\"><span style=\"font-size: 0.9em;\"><span style=\"font-size: 10.368px;\"><i>Classement<\/i><\/span><\/span><\/a><br \/>\n<\/strong><\/td>\n<td style=\"text-align: center; vertical-align: middle; width: 252px;\"><span style=\"font-size: 0.9em;\"><strong>\ud83c\uddeb\ud83c\uddee Kalle ROVANPER\u00c4 \/ \ud83c\uddeb\ud83c\uddee Jonne HALTTUNEN<\/strong><br \/>\n<span style=\"font-size: 0.8em;\">TOYOTA<\/span><\/span><\/td>\n<td style=\"text-align: center; vertical-align: middle; width: 252px;\"><span style=\"font-size: 0.9em;\"><strong>\ud83c\uddec\ud83c\udde7 Elfyn EVANS \/ \ud83c\uddec\ud83c\udde7 Scott MARTIN<br \/>\n<\/strong><span style=\"font-size: 0.8em;\">TOYOTA<\/span><\/span><\/td>\n<\/tr>\n<tr>\n<td style=\"text-align: center; vertical-align: middle; width: 84px; font-size: 0.9em;\"><strong>20h07<\/strong><\/td>\n<td style=\"text-align: center; vertical-align: middle; width: 583.484px; font-size: 0.9em;\" colspan=\"2\"><strong>ES10 :\u00a0Chivilingo 2 \u2013 15,65 km<br \/>\n<a href=\"https:\/\/www.wrc.com\/en\/events\/wrc-rally-chile-bio-bio-2025\/wrc-rally-chile-bio-b%C3%ADo-results-2025?page=results&amp;tab=stage-times\/#es10\"><span style=\"font-size: 0.9em;\"><span style=\"font-size: 10.368px;\"><i>Classement<\/i><\/span><\/span><\/a><br \/>\n<\/strong><\/td>\n<td style=\"text-align: center; vertical-align: middle; width: 252px;\"><span style=\"font-size: 0.9em;\"><strong>\ud83c\uddeb\ud83c\uddf7 S\u00e9bastien OGIER \/ \ud83c\uddeb\ud83c\uddf7 Vincent LANDAIS<\/strong><br \/>\n<span style=\"font-size: 0.8em;\">TOYOTA<\/span><\/span><\/td>\n<td style=\"text-align: center; vertical-align: middle; width: 252px;\"><span style=\"font-size: 0.9em;\"><strong>\ud83c\uddec\ud83c\udde7 Elfyn EVANS \/ \ud83c\uddec\ud83c\udde7 Scott MARTIN<br \/>\n<\/strong><span style=\"font-size: 0.8em;\">TOYOTA<\/span><\/span><\/td>\n<\/tr>\n<tr>\n<td style=\"text-align: center; vertical-align: middle; width: 84px; font-size: 0.9em;\"><strong>21h01<\/strong><\/td>\n<td style=\"text-align: center; vertical-align: middle; width: 583.484px; font-size: 0.9em;\" colspan=\"2\"><strong>ES11 :\u00a0Rio Lia 2 \u2013 25,64 km<br \/>\n<a href=\"https:\/\/www.wrc.com\/en\/events\/wrc-rally-chile-bio-bio-2025\/wrc-rally-chile-bio-b%C3%ADo-results-2025?page=results&amp;tab=stage-times\/#es11\"><span style=\"font-size: 0.9em;\"><span style=\"font-size: 10.368px;\"><i>Classement<\/i><\/span><\/span><\/a><br \/>\n<\/strong><\/td>\n<td style=\"text-align: center; vertical-align: middle; width: 252px;\"><span style=\"font-size: 0.9em;\"><strong>\ud83c\uddeb\ud83c\uddf7 S\u00e9bastien OGIER \/ \ud83c\uddeb\ud83c\uddf7 Vincent LANDAIS<\/strong><br \/>\n<span style=\"font-size: 0.8em;\">TOYOTA<\/span><\/span><\/td>\n<td style=\"text-align: center; vertical-align: middle; width: 252px;\"><span style=\"font-size: 0.9em;\"><strong>\ud83c\uddeb\ud83c\uddf7 S\u00e9bastien OGIER \/ \ud83c\uddeb\ud83c\uddf7 Vincent LANDAIS<\/strong><br \/>\n<span style=\"font-size: 0.8em;\">TOYOTA<\/span><\/span><\/td>\n<\/tr>\n<tr>\n<td style=\"text-align: center; vertical-align: middle; width: 84px; font-size: 0.9em;\"><strong>22h05<\/strong><\/td>\n<td style=\"text-align: center; vertical-align: middle; width: 583.484px; font-size: 0.9em;\" colspan=\"2\"><strong> ES12 :\u00a0Maria de las Cruces 2 \u2013 28,31 km<br \/>\n<a href=\"https:\/\/www.wrc.com\/en\/events\/wrc-rally-chile-bio-bio-2025\/wrc-rally-chile-bio-b%C3%ADo-results-2025?page=results&amp;tab=stage-times\/#es12\"><span style=\"font-size: 0.9em;\"><span style=\"font-size: 10.368px;\"><i>Classement<\/i><\/span><\/span><\/a><br \/>\n<\/strong><\/td>\n<td style=\"text-align: center; vertical-align: middle; width: 252px;\"><span style=\"font-size: 0.9em;\"><strong>\ud83c\uddeb\ud83c\uddf7 S\u00e9bastien OGIER \/ \ud83c\uddeb\ud83c\uddf7 Vincent LANDAIS<\/strong><br \/>\n<span style=\"font-size: 0.8em;\">TOYOTA<\/span><\/span><\/td>\n<td style=\"text-align: center; vertical-align: middle; width: 252px;\"><span style=\"font-size: 0.9em;\"><strong>\ud83c\uddeb\ud83c\uddf7 S\u00e9bastien OGIER \/ \ud83c\uddeb\ud83c\uddf7 Vincent LANDAIS<\/strong><br \/>\n<span style=\"font-size: 0.8em;\">TOYOTA<\/span><\/span><\/td>\n<\/tr>\n<tr>\n<td style=\"background-color: #fc4c02; width: 1171.48px; text-align: center; vertical-align: middle;\" colspan=\"5\"><span style=\"color: #ffffff;\"><strong>DIMANCHE 14 SEPTEMBRE 2025<\/strong><\/span><\/td>\n<\/tr>\n<tr>\n<td style=\"text-align: center; vertical-align: middle; width: 84px; background-color: #000000;\"><span style=\"color: #ffffff; font-size: 0.9em;\"><strong>Horaire<\/strong><\/span><\/td>\n<td style=\"text-align: center; vertical-align: middle; width: 583.484px; background-color: #000000;\" colspan=\"2\"><span style=\"color: #ffffff;\"><span style=\"font-size: 0.9em;\"><b>Sp\u00e9ciale<\/b><\/span><\/span><\/td>\n<td style=\"text-align: center; vertical-align: middle; width: 252px; background-color: #000000;\"><span style=\"color: #ffffff; font-size: 0.9em;\"><strong>Vainqueurs<\/strong><\/span><\/td>\n<td style=\"text-align: center; vertical-align: middle; width: 252px; background-color: #000000;\"><span style=\"color: #ffffff; font-size: 0.9em;\"><strong>Leaders<\/strong><\/span><\/td>\n<\/tr>\n<tr>\n<td style=\"text-align: center; vertical-align: middle; width: 84px; font-size: 0.9em;\"><strong>13h23<\/strong><\/td>\n<td style=\"text-align: center; vertical-align: middle; width: 583.484px; font-size: 0.9em;\" colspan=\"2\"><strong>ES13 :\u00a0Laraquete 1 \u2013 18,62 km<br \/>\n<a href=\"https:\/\/www.wrc.com\/en\/events\/wrc-rally-chile-bio-bio-2025\/wrc-rally-chile-bio-b%C3%ADo-results-2025?page=results&amp;tab=stage-times\/#es13\"><span style=\"font-size: 0.9em;\"><span style=\"font-size: 10.368px;\"><i>Classement<\/i><\/span><\/span><\/a><br \/>\n<\/strong><\/td>\n<td style=\"text-align: center; vertical-align: middle; width: 252px;\"><span style=\"font-size: 0.9em;\"><strong>\ud83c\uddeb\ud83c\uddf7 S\u00e9bastien OGIER \/ \ud83c\uddeb\ud83c\uddf7 Vincent LANDAIS<\/strong><br \/>\n<span style=\"font-size: 0.8em;\">TOYOTA<\/span><\/span><\/td>\n<td style=\"text-align: center; vertical-align: middle; width: 252px;\"><span style=\"font-size: 0.9em;\"><strong>\ud83c\uddeb\ud83c\uddf7 S\u00e9bastien OGIER \/ \ud83c\uddeb\ud83c\uddf7 Vincent LANDAIS<\/strong><br \/>\n<span style=\"font-size: 0.8em;\">TOYOTA<\/span><\/span><\/td>\n<\/tr>\n<tr>\n<td style=\"text-align: center; vertical-align: middle; width: 84px; font-size: 0.9em;\"><strong>14h35<\/strong><\/td>\n<td style=\"text-align: center; vertical-align: middle; width: 583.484px; font-size: 0.9em;\" colspan=\"2\"><strong>ES14 :\u00a0Bio Bio 1 \u2013 8,78 km<br \/>\n<a href=\"https:\/\/www.wrc.com\/en\/events\/wrc-rally-chile-bio-bio-2025\/wrc-rally-chile-bio-b%C3%ADo-results-2025?page=results&amp;tab=stage-times\/#es14\"><span style=\"font-size: 0.9em;\"><span style=\"font-size: 10.368px;\"><i>Classement<\/i><\/span><\/span><\/a><br \/>\n<\/strong><\/td>\n<td style=\"text-align: center; vertical-align: middle; width: 252px;\"><span style=\"font-size: 0.9em;\"><strong>\ud83c\uddec\ud83c\udde7 Elfyn EVANS \/ \ud83c\uddec\ud83c\udde7 Scott MARTIN<br \/>\n<\/strong><span style=\"font-size: 0.8em;\">TOYOTA<\/span><\/span><\/td>\n<td style=\"text-align: center; vertical-align: middle; width: 252px;\"><span style=\"font-size: 0.9em;\"><strong>\ud83c\uddeb\ud83c\uddf7 S\u00e9bastien OGIER \/ \ud83c\uddeb\ud83c\uddf7 Vincent LANDAIS<\/strong><br \/>\n<span style=\"font-size: 0.8em;\">TOYOTA<\/span><\/span><\/td>\n<\/tr>\n<tr>\n<td style=\"text-align: center; vertical-align: middle; width: 84px; font-size: 0.9em;\"><strong>15h35<\/strong><\/td>\n<td style=\"text-align: center; vertical-align: middle; font-size: 0.9em;\" colspan=\"2\"><strong>ES15 :\u00a0Laraquete 2 \u2013 18,62 km<br \/>\n<a href=\"https:\/\/www.wrc.com\/en\/events\/wrc-rally-chile-bio-bio-2025\/wrc-rally-chile-bio-b%C3%ADo-results-2025?page=results&amp;tab=stage-times\/#es15\"><span style=\"font-size: 0.9em;\"><span style=\"font-size: 10.368px;\"><i>Classement<\/i><\/span><\/span><\/a><br \/>\n<\/strong><\/td>\n<td style=\"text-align: center; vertical-align: middle; width: 252px;\"><span style=\"font-size: 0.9em;\"><strong>\ud83c\uddeb\ud83c\uddf7 S\u00e9bastien OGIER \/ \ud83c\uddeb\ud83c\uddf7 Vincent LANDAIS<\/strong><br \/>\n<span style=\"font-size: 0.8em;\">TOYOTA<\/span><\/span><\/td>\n<td style=\"text-align: center; vertical-align: middle; width: 252px;\"><span style=\"font-size: 0.9em;\"><strong>\ud83c\uddeb\ud83c\uddf7 S\u00e9bastien OGIER \/ \ud83c\uddeb\ud83c\uddf7 Vincent LANDAIS<\/strong><br \/>\n<span style=\"font-size: 0.8em;\">TOYOTA<\/span><\/span><\/td>\n<\/tr>\n<tr>\n<td style=\"text-align: center; vertical-align: middle; width: 84px; font-size: 0.9em;\"><strong>18h15<\/strong><\/td>\n<td style=\"text-align: center; vertical-align: middle; font-size: 0.9em; width: 583.484px;\" colspan=\"2\"><strong>ES16 &#8211; Power Stage :\u00a0Bio Bio 2 \u2013 8,78 km<br \/>\n<a href=\"https:\/\/www.wrc.com\/en\/events\/wrc-rally-chile-bio-bio-2025\/wrc-rally-chile-bio-b%C3%ADo-results-2025?page=results&amp;tab=stage-times\/#es16\"><span style=\"font-size: 0.9em;\"><span style=\"font-size: 10.368px;\"><i>Classement<\/i><\/span><\/span><\/a><br \/>\n<\/strong><\/td>\n<td style=\"text-align: center; vertical-align: middle; width: 252px;\"><span style=\"font-size: 0.9em;\"><strong>\ud83c\uddeb\ud83c\uddf7 S\u00e9bastien OGIER \/ \ud83c\uddeb\ud83c\uddf7 Vincent LANDAIS<\/strong><br \/>\n<span style=\"font-size: 0.8em;\">TOYOTA<\/span><\/span><\/td>\n<td style=\"text-align: center; vertical-align: middle; width: 252px;\"><span style=\"font-size: 0.9em;\"><strong>\ud83c\uddeb\ud83c\uddf7 S\u00e9bastien OGIER \/ \ud83c\uddeb\ud83c\uddf7 Vincent LANDAIS<\/strong><br \/>\n<span style=\"font-size: 0.8em;\">TOYOTA<\/span><\/span><\/td>\n<\/tr>\n<\/tbody>\n<\/table>\n<h2 style=\"text-align: justify;\">Le classement g\u00e9n\u00e9ral du Rallye du Chili 2025<\/h2>\n<div class=\"vlp-link-container vlp-layout-article\"><a href=\"https:\/\/dicodusport.fr\/blog\/rallye-du-chili-2025-classement-general-en-direct\/\" class=\"vlp-link\" title=\"Rallye du Chili 2025 - Classement g\u00e9n\u00e9ral en direct\"><\/a><div class=\"vlp-layout-zone-side\"><div class=\"vlp-block-4 vlp-link-image\"><img loading=\"lazy\" decoding=\"async\" style=\"max-width: 792px;\" width=\"792\" height=\"445\" src=\"https:\/\/dicodusport.fr\/blog\/wp-content\/uploads\/2025\/09\/Rallye-du-Chili-2025-Classement-general-en-direct.png\" class=\"attachment-800x445 size-800x445\" alt=\"Rallye du Chili 2025 - Classement g\u00e9n\u00e9ral en direct\" srcset=\"https:\/\/dicodusport.fr\/blog\/wp-content\/uploads\/2025\/09\/Rallye-du-Chili-2025-Classement-general-en-direct.png 1200w, https:\/\/dicodusport.fr\/blog\/wp-content\/uploads\/2025\/09\/Rallye-du-Chili-2025-Classement-general-en-direct-300x169.png 300w, https:\/\/dicodusport.fr\/blog\/wp-content\/uploads\/2025\/09\/Rallye-du-Chili-2025-Classement-general-en-direct-1024x575.png 1024w, https:\/\/dicodusport.fr\/blog\/wp-content\/uploads\/2025\/09\/Rallye-du-Chili-2025-Classement-general-en-direct-768x431.png 768w\" sizes=\"auto, (max-width: 792px) 100vw, 792px\" \/><\/div><\/div><div class=\"vlp-layout-zone-main\"><div class=\"vlp-block-0 vlp-link-title\">Rallye du Chili 2025 - Classement g\u00e9n\u00e9ral en direct<\/div><div class=\"vlp-block-1 vlp-link-summary\">D\u00e9couvrez le classement g\u00e9n\u00e9ral et les r\u00e9sultats complets (top 10) du Rallye du Chili 2025, 11\u00e8me manche du championnat du monde des rallyes WRC 2025, qui se tient du jeudi 11 au dimanche 14 septembre 2025.<\/div><div class=\"vlp-block-2 vlp-link-button\">Lire l'article<\/div><div class=\"vlp-block-3 vlp-link-url\">dicodusport.fr<\/div><\/div><\/div>\n<ul>\n<li><strong>\u00c0 ce sujet &#8211; <a href=\"https:\/\/dicodusport.fr\/blog\/rallyes-wrc-2025-classement-general-des-pilotes\/\">Rallyes WRC 2025 \u2013 Classement g\u00e9n\u00e9ral des pilotes<\/a><\/strong><\/li>\n<\/ul>\n<h2 style=\"text-align: justify;\">Le palmar\u00e8s de la saison 2025<\/h2>\n<p style=\"text-align: justify;\"><strong>Rallye Monte Carlo : <\/strong>S\u00e9bastien Ogier (Toyota) \u2013 <a href=\"https:\/\/dicodusport.fr\/blog\/rallye-monte-carlo-2025-le-classement-general-en-direct\/\"><em>Classement final<\/em><\/a><strong><br \/>\nRallye de Su\u00e8de :<\/strong> Elfyn Evans (Toyota) \u2013 <a href=\"https:\/\/dicodusport.fr\/blog\/rallye-de-suede-2025-le-classement-general-en-direct\/\"><em>Classement final<\/em><\/a><br \/>\n<strong>Rallye du Kenya :<\/strong> Elfyn Evans (Toyota) \u2013 <a href=\"https:\/\/dicodusport.fr\/blog\/rallye-du-kenya-2025-le-classement-general-en-direct\/\"><em>Classement final<\/em><\/a><br \/>\n<strong>Rallye des Iles Canaries :<\/strong> Kalle Rovanper\u00e4 (Toyota) \u2013 <a href=\"https:\/\/dicodusport.fr\/blog\/rallye-des-iles-canaries-2025-le-classement-general-en-direct\/\"><em>Classement final<\/em><\/a><br \/>\n<strong>Rallye du Portugal :<\/strong> S\u00e9bastien Ogier (Toyota) \u2013 <a href=\"https:\/\/dicodusport.fr\/blog\/rallye-du-portugal-2025-classement-general-en-direct\/\"><em>Classement final<\/em><\/a><br \/>\n<strong>Rallye de Sardaigne :<\/strong> S\u00e9bastien Ogier (Toyota) \u2013 <a href=\"https:\/\/dicodusport.fr\/blog\/rallye-de-sardaigne-2025-classement-general-en-direct\/\"><em>Classement final<\/em><\/a><br \/>\n<strong>Rallye de l&rsquo;Acropole :<\/strong> Ott T\u00e4nak (Hyundai) \u2013 <a href=\"https:\/\/dicodusport.fr\/blog\/rallye-acropole-2025-classement-general-en-direct\/\"><em>Classement final<\/em><\/a><br \/>\n<strong>Rallye d&rsquo;Estonie :<\/strong> Oliver Solberg (Toyota) \u2013 <a href=\"https:\/\/dicodusport.fr\/blog\/rallye-destonie-2025-classement-general-en-direct\/\"><em>Classement final<\/em><\/a><br \/>\n<strong>Rallye de Finlande :<\/strong> Kalle Rovanper\u00e4 (Toyota) \u2013 <a href=\"https:\/\/dicodusport.fr\/blog\/rallye-de-finlande-2025-classement-general-en-direct\/\"><em>Classement final<\/em><\/a><br \/>\n<strong>Rallye du Paraguay :<\/strong> S\u00e9bastien Ogier (Toyota) \u2013 <a href=\"https:\/\/dicodusport.fr\/blog\/rallye-du-paraguay-2025-classement-general-en-direct\/\"><em>Classement final<\/em><\/a><\/p>\n","protected":false},"excerpt":{"rendered":"<p>D\u00e9couvrez le programme TV complet, les horaires et les r\u00e9sultats en direct des sp\u00e9ciales du Rallye du Chili 2025.<\/p>\n","protected":false},"author":4,"featured_media":611078,"comment_status":"open","ping_status":"closed","sticky":false,"template":"","format":"standard","meta":{"_acf_changed":false,"_daextam_enable_autolinks":"1","footnotes":""},"categories":[47088],"tags":[16878,3861,2235],"class_list":["post-609867","post","type-post","status-publish","format-standard","has-post-thumbnail","hentry","category-rallye-wrc","tag-breve","tag-rallye-wrc","tag-wrc"],"acf":[],"yoast_head":"<!-- This site is optimized with the Yoast SEO Premium plugin v26.7 (Yoast SEO v26.7) - https:\/\/yoast.com\/wordpress\/plugins\/seo\/ -->\n<title>Rallye du Chili 2025 : Les r\u00e9sultats complets<\/title>\n<meta name=\"description\" content=\"D\u00e9couvrez le programme TV complet, les horaires et les r\u00e9sultats en direct des sp\u00e9ciales du Rallye du Chili 2025.\" \/>\n<meta name=\"robots\" content=\"index, follow, max-snippet:-1, max-image-preview:large, max-video-preview:-1\" \/>\n<link rel=\"canonical\" href=\"https:\/\/dicodusport.fr\/blog\/rallye-du-chili-2025-programme-chaine-tv-et-resultats-des-speciales\/\" \/>\n<meta property=\"og:locale\" content=\"fr_FR\" \/>\n<meta property=\"og:type\" content=\"article\" \/>\n<meta property=\"og:title\" content=\"Rallye du Chili 2025 : Les r\u00e9sultats complets\" \/>\n<meta property=\"og:description\" content=\"D\u00e9couvrez le programme TV complet, les horaires et les r\u00e9sultats en direct des sp\u00e9ciales du Rallye du Chili 2025.\" \/>\n<meta property=\"og:url\" content=\"https:\/\/dicodusport.fr\/blog\/rallye-du-chili-2025-programme-chaine-tv-et-resultats-des-speciales\/\" \/>\n<meta property=\"og:site_name\" content=\"Dicodusport\" \/>\n<meta property=\"article:publisher\" content=\"https:\/\/www.facebook.com\/dicodusport\" \/>\n<meta property=\"article:author\" content=\"https:\/\/www.facebook.com\/florent.ostermann\" \/>\n<meta property=\"article:published_time\" content=\"2025-09-14T17:28:31+00:00\" \/>\n<meta property=\"article:modified_time\" content=\"2025-09-14T17:31:04+00:00\" \/>\n<meta property=\"og:image\" content=\"https:\/\/dicodusport.fr\/blog\/wp-content\/uploads\/2025\/09\/Rallye-du-Chili-2025-Les-resultats-complets.png\" \/>\n\t<meta property=\"og:image:width\" content=\"1200\" \/>\n\t<meta property=\"og:image:height\" content=\"674\" \/>\n\t<meta property=\"og:image:type\" content=\"image\/png\" \/>\n<meta name=\"author\" content=\"Flo Ostermann\" \/>\n<meta name=\"twitter:card\" content=\"summary_large_image\" \/>\n<meta name=\"twitter:title\" content=\"Rallye du Chili 2025 : Les r\u00e9sultats complets\" \/>\n<meta name=\"twitter:creator\" content=\"@https:\/\/twitter.com\/FlOstermann\" \/>\n<meta name=\"twitter:site\" content=\"@dicodusport\" \/>\n<script type=\"application\/ld+json\" class=\"yoast-schema-graph\">{\"@context\":\"https:\/\/schema.org\",\"@graph\":[{\"@type\":\"NewsArticle\",\"@id\":\"https:\/\/dicodusport.fr\/blog\/rallye-du-chili-2025-programme-chaine-tv-et-resultats-des-speciales\/#article\",\"isPartOf\":{\"@id\":\"https:\/\/dicodusport.fr\/blog\/rallye-du-chili-2025-programme-chaine-tv-et-resultats-des-speciales\/\"},\"author\":{\"name\":\"Flo Ostermann\",\"@id\":\"https:\/\/dicodusport.fr\/blog\/#\/schema\/person\/cb02af4c173ce4a653b55e9baf388d4a\"},\"headline\":\"Rallye du Chili 2025 : Les r\u00e9sultats complets\",\"datePublished\":\"2025-09-14T17:28:31+00:00\",\"dateModified\":\"2025-09-14T17:31:04+00:00\",\"mainEntityOfPage\":{\"@id\":\"https:\/\/dicodusport.fr\/blog\/rallye-du-chili-2025-programme-chaine-tv-et-resultats-des-speciales\/\"},\"wordCount\":781,\"commentCount\":1,\"publisher\":{\"@id\":\"https:\/\/dicodusport.fr\/blog\/#organization\"},\"image\":{\"@id\":\"https:\/\/dicodusport.fr\/blog\/rallye-du-chili-2025-programme-chaine-tv-et-resultats-des-speciales\/#primaryimage\"},\"thumbnailUrl\":\"https:\/\/dicodusport.fr\/blog\/wp-content\/uploads\/2025\/09\/Rallye-du-Chili-2025-Les-resultats-complets.png\",\"keywords\":[\"br\u00e8ve\",\"Rallye WRC\",\"WRC\"],\"articleSection\":[\"Rallye WRC\"],\"inLanguage\":\"fr-FR\",\"potentialAction\":[{\"@type\":\"CommentAction\",\"name\":\"Comment\",\"target\":[\"https:\/\/dicodusport.fr\/blog\/rallye-du-chili-2025-programme-chaine-tv-et-resultats-des-speciales\/#respond\"]}],\"copyrightYear\":\"2025\",\"copyrightHolder\":{\"@id\":\"https:\/\/dicodusport.fr\/blog\/#organization\"}},{\"@type\":\"WebPage\",\"@id\":\"https:\/\/dicodusport.fr\/blog\/rallye-du-chili-2025-programme-chaine-tv-et-resultats-des-speciales\/\",\"url\":\"https:\/\/dicodusport.fr\/blog\/rallye-du-chili-2025-programme-chaine-tv-et-resultats-des-speciales\/\",\"name\":\"Rallye du Chili 2025 : Les r\u00e9sultats complets\",\"isPartOf\":{\"@id\":\"https:\/\/dicodusport.fr\/blog\/#website\"},\"primaryImageOfPage\":{\"@id\":\"https:\/\/dicodusport.fr\/blog\/rallye-du-chili-2025-programme-chaine-tv-et-resultats-des-speciales\/#primaryimage\"},\"image\":{\"@id\":\"https:\/\/dicodusport.fr\/blog\/rallye-du-chili-2025-programme-chaine-tv-et-resultats-des-speciales\/#primaryimage\"},\"thumbnailUrl\":\"https:\/\/dicodusport.fr\/blog\/wp-content\/uploads\/2025\/09\/Rallye-du-Chili-2025-Les-resultats-complets.png\",\"datePublished\":\"2025-09-14T17:28:31+00:00\",\"dateModified\":\"2025-09-14T17:31:04+00:00\",\"description\":\"D\u00e9couvrez le programme TV complet, les horaires et les r\u00e9sultats en direct des sp\u00e9ciales du Rallye du Chili 2025.\",\"breadcrumb\":{\"@id\":\"https:\/\/dicodusport.fr\/blog\/rallye-du-chili-2025-programme-chaine-tv-et-resultats-des-speciales\/#breadcrumb\"},\"inLanguage\":\"fr-FR\",\"potentialAction\":[{\"@type\":\"ReadAction\",\"target\":[\"https:\/\/dicodusport.fr\/blog\/rallye-du-chili-2025-programme-chaine-tv-et-resultats-des-speciales\/\"]}]},{\"@type\":\"ImageObject\",\"inLanguage\":\"fr-FR\",\"@id\":\"https:\/\/dicodusport.fr\/blog\/rallye-du-chili-2025-programme-chaine-tv-et-resultats-des-speciales\/#primaryimage\",\"url\":\"https:\/\/dicodusport.fr\/blog\/wp-content\/uploads\/2025\/09\/Rallye-du-Chili-2025-Les-resultats-complets.png\",\"contentUrl\":\"https:\/\/dicodusport.fr\/blog\/wp-content\/uploads\/2025\/09\/Rallye-du-Chili-2025-Les-resultats-complets.png\",\"width\":1200,\"height\":674,\"caption\":\"Rallye du Chili 2025 Les r\u00e9sultats complets\"},{\"@type\":\"BreadcrumbList\",\"@id\":\"https:\/\/dicodusport.fr\/blog\/rallye-du-chili-2025-programme-chaine-tv-et-resultats-des-speciales\/#breadcrumb\",\"itemListElement\":[{\"@type\":\"ListItem\",\"position\":1,\"name\":\"Accueil\",\"item\":\"https:\/\/dicodusport.fr\/blog\/\"},{\"@type\":\"ListItem\",\"position\":2,\"name\":\"Rallye du Chili 2025 : Les r\u00e9sultats complets\"}]},{\"@type\":\"WebSite\",\"@id\":\"https:\/\/dicodusport.fr\/blog\/#website\",\"url\":\"https:\/\/dicodusport.fr\/blog\/\",\"name\":\"Dicodusport\",\"description\":\"L&#039;encyclop\u00e9die de l&#039;actualit\u00e9 sportive\",\"publisher\":{\"@id\":\"https:\/\/dicodusport.fr\/blog\/#organization\"},\"potentialAction\":[{\"@type\":\"SearchAction\",\"target\":{\"@type\":\"EntryPoint\",\"urlTemplate\":\"https:\/\/dicodusport.fr\/blog\/?s={search_term_string}\"},\"query-input\":{\"@type\":\"PropertyValueSpecification\",\"valueRequired\":true,\"valueName\":\"search_term_string\"}}],\"inLanguage\":\"fr-FR\"},{\"@type\":\"NewsMediaOrganization\",\"@id\":\"https:\/\/dicodusport.fr\/blog\/#organization\",\"name\":\"Dicodusport\",\"url\":\"https:\/\/dicodusport.fr\/blog\/\",\"logo\":{\"@type\":\"ImageObject\",\"inLanguage\":\"fr-FR\",\"@id\":\"https:\/\/dicodusport.fr\/blog\/#\/schema\/logo\/image\/\",\"url\":\"https:\/\/dicodusport.fr\/blog\/wp-content\/uploads\/2020\/06\/cropped-LOGO-DICODUSPORT-2020-SANS-FOND-SANS-TEXTE.png\",\"contentUrl\":\"https:\/\/dicodusport.fr\/blog\/wp-content\/uploads\/2020\/06\/cropped-LOGO-DICODUSPORT-2020-SANS-FOND-SANS-TEXTE.png\",\"width\":512,\"height\":512,\"caption\":\"Dicodusport\"},\"image\":{\"@id\":\"https:\/\/dicodusport.fr\/blog\/#\/schema\/logo\/image\/\"},\"sameAs\":[\"https:\/\/www.facebook.com\/dicodusport\",\"https:\/\/x.com\/dicodusport\",\"https:\/\/www.instagram.com\/dicodusport\/\",\"https:\/\/www.youtube.com\/channel\/UC7V2KZ5sd3htJivAbA4ZG3w\"],\"description\":\"Dicodusport est l'encyclop\u00e9die de l'actualit\u00e9 sportive.\",\"email\":\"bonjour@dicodusport.fr\",\"legalName\":\"DICODUSPORT\",\"foundingDate\":\"2018-01-14\",\"vatID\":\"FR71834470973\",\"taxID\":\"83447097300043\",\"numberOfEmployees\":{\"@type\":\"QuantitativeValue\",\"minValue\":\"1\",\"maxValue\":\"10\"}},{\"@type\":\"Person\",\"@id\":\"https:\/\/dicodusport.fr\/blog\/#\/schema\/person\/cb02af4c173ce4a653b55e9baf388d4a\",\"name\":\"Flo Ostermann\",\"image\":{\"@type\":\"ImageObject\",\"inLanguage\":\"fr-FR\",\"@id\":\"https:\/\/dicodusport.fr\/blog\/#\/schema\/person\/image\/\",\"url\":\"https:\/\/dicodusport.fr\/blog\/wp-content\/uploads\/2021\/05\/Flo-Ostermann-150x150.jpg\",\"contentUrl\":\"https:\/\/dicodusport.fr\/blog\/wp-content\/uploads\/2021\/05\/Flo-Ostermann-150x150.jpg\",\"caption\":\"Flo Ostermann\"},\"description\":\"Journaliste\/R\u00e9dacteur depuis septembre 2015 - Mes premiers souvenirs dans le sport ? Les envol\u00e9es du Stade Toulousain et les duels Villeneuve-Schumacher et H\u00e4kkinen-Schumacher \u00e0 la fin des ann\u00e9es 90, la Coupe du monde de football en 1998, l\u2019exploit du XV de France face aux All Blacks en 1999, mais aussi Richard C\u0153ur de Lion qui vole sur les montagnes du Tour de France. Bien parti pour devenir professeur d\u2019EPS, les \u00e9v\u00e9nements de la vie (et la flemme d\u2019animer des s\u00e9ances de 3x500 m\u00e8tres toute ma vie) m\u2019ont conduit \u00e0 revoir mes plans. Me voil\u00e0 depuis fin 2017 sur Dicodusport, m\u00e9dia gr\u00e2ce (et pour) lequel je partage ma passion : le sport dans tous ses \u00e9tats. Le tout accompagn\u00e9 par les fous furieux et folles furieuses cit\u00e9s sur cette page !\",\"sameAs\":[\"https:\/\/www.facebook.com\/florent.ostermann\",\"https:\/\/x.com\/https:\/\/twitter.com\/FlOstermann\",\"admin\"],\"url\":\"https:\/\/dicodusport.fr\/blog\/author\/flo\/\"}]}<\/script>\n<!-- \/ Yoast SEO Premium plugin. -->","yoast_head_json":{"title":"Rallye du Chili 2025 : Les r\u00e9sultats complets","description":"D\u00e9couvrez le programme TV complet, les horaires et les r\u00e9sultats en direct des sp\u00e9ciales du Rallye du Chili 2025.","robots":{"index":"index","follow":"follow","max-snippet":"max-snippet:-1","max-image-preview":"max-image-preview:large","max-video-preview":"max-video-preview:-1"},"canonical":"https:\/\/dicodusport.fr\/blog\/rallye-du-chili-2025-programme-chaine-tv-et-resultats-des-speciales\/","og_locale":"fr_FR","og_type":"article","og_title":"Rallye du Chili 2025 : Les r\u00e9sultats complets","og_description":"D\u00e9couvrez le programme TV complet, les horaires et les r\u00e9sultats en direct des sp\u00e9ciales du Rallye du Chili 2025.","og_url":"https:\/\/dicodusport.fr\/blog\/rallye-du-chili-2025-programme-chaine-tv-et-resultats-des-speciales\/","og_site_name":"Dicodusport","article_publisher":"https:\/\/www.facebook.com\/dicodusport","article_author":"https:\/\/www.facebook.com\/florent.ostermann","article_published_time":"2025-09-14T17:28:31+00:00","article_modified_time":"2025-09-14T17:31:04+00:00","og_image":[{"width":1200,"height":674,"url":"https:\/\/dicodusport.fr\/blog\/wp-content\/uploads\/2025\/09\/Rallye-du-Chili-2025-Les-resultats-complets.png","type":"image\/png"}],"author":"Flo Ostermann","twitter_card":"summary_large_image","twitter_title":"Rallye du Chili 2025 : Les r\u00e9sultats complets","twitter_creator":"@https:\/\/twitter.com\/FlOstermann","twitter_site":"@dicodusport","schema":{"@context":"https:\/\/schema.org","@graph":[{"@type":"NewsArticle","@id":"https:\/\/dicodusport.fr\/blog\/rallye-du-chili-2025-programme-chaine-tv-et-resultats-des-speciales\/#article","isPartOf":{"@id":"https:\/\/dicodusport.fr\/blog\/rallye-du-chili-2025-programme-chaine-tv-et-resultats-des-speciales\/"},"author":{"name":"Flo Ostermann","@id":"https:\/\/dicodusport.fr\/blog\/#\/schema\/person\/cb02af4c173ce4a653b55e9baf388d4a"},"headline":"Rallye du Chili 2025 : Les r\u00e9sultats complets","datePublished":"2025-09-14T17:28:31+00:00","dateModified":"2025-09-14T17:31:04+00:00","mainEntityOfPage":{"@id":"https:\/\/dicodusport.fr\/blog\/rallye-du-chili-2025-programme-chaine-tv-et-resultats-des-speciales\/"},"wordCount":781,"commentCount":1,"publisher":{"@id":"https:\/\/dicodusport.fr\/blog\/#organization"},"image":{"@id":"https:\/\/dicodusport.fr\/blog\/rallye-du-chili-2025-programme-chaine-tv-et-resultats-des-speciales\/#primaryimage"},"thumbnailUrl":"https:\/\/dicodusport.fr\/blog\/wp-content\/uploads\/2025\/09\/Rallye-du-Chili-2025-Les-resultats-complets.png","keywords":["br\u00e8ve","Rallye WRC","WRC"],"articleSection":["Rallye WRC"],"inLanguage":"fr-FR","potentialAction":[{"@type":"CommentAction","name":"Comment","target":["https:\/\/dicodusport.fr\/blog\/rallye-du-chili-2025-programme-chaine-tv-et-resultats-des-speciales\/#respond"]}],"copyrightYear":"2025","copyrightHolder":{"@id":"https:\/\/dicodusport.fr\/blog\/#organization"}},{"@type":"WebPage","@id":"https:\/\/dicodusport.fr\/blog\/rallye-du-chili-2025-programme-chaine-tv-et-resultats-des-speciales\/","url":"https:\/\/dicodusport.fr\/blog\/rallye-du-chili-2025-programme-chaine-tv-et-resultats-des-speciales\/","name":"Rallye du Chili 2025 : Les r\u00e9sultats complets","isPartOf":{"@id":"https:\/\/dicodusport.fr\/blog\/#website"},"primaryImageOfPage":{"@id":"https:\/\/dicodusport.fr\/blog\/rallye-du-chili-2025-programme-chaine-tv-et-resultats-des-speciales\/#primaryimage"},"image":{"@id":"https:\/\/dicodusport.fr\/blog\/rallye-du-chili-2025-programme-chaine-tv-et-resultats-des-speciales\/#primaryimage"},"thumbnailUrl":"https:\/\/dicodusport.fr\/blog\/wp-content\/uploads\/2025\/09\/Rallye-du-Chili-2025-Les-resultats-complets.png","datePublished":"2025-09-14T17:28:31+00:00","dateModified":"2025-09-14T17:31:04+00:00","description":"D\u00e9couvrez le programme TV complet, les horaires et les r\u00e9sultats en direct des sp\u00e9ciales du Rallye du Chili 2025.","breadcrumb":{"@id":"https:\/\/dicodusport.fr\/blog\/rallye-du-chili-2025-programme-chaine-tv-et-resultats-des-speciales\/#breadcrumb"},"inLanguage":"fr-FR","potentialAction":[{"@type":"ReadAction","target":["https:\/\/dicodusport.fr\/blog\/rallye-du-chili-2025-programme-chaine-tv-et-resultats-des-speciales\/"]}]},{"@type":"ImageObject","inLanguage":"fr-FR","@id":"https:\/\/dicodusport.fr\/blog\/rallye-du-chili-2025-programme-chaine-tv-et-resultats-des-speciales\/#primaryimage","url":"https:\/\/dicodusport.fr\/blog\/wp-content\/uploads\/2025\/09\/Rallye-du-Chili-2025-Les-resultats-complets.png","contentUrl":"https:\/\/dicodusport.fr\/blog\/wp-content\/uploads\/2025\/09\/Rallye-du-Chili-2025-Les-resultats-complets.png","width":1200,"height":674,"caption":"Rallye du Chili 2025 Les r\u00e9sultats complets"},{"@type":"BreadcrumbList","@id":"https:\/\/dicodusport.fr\/blog\/rallye-du-chili-2025-programme-chaine-tv-et-resultats-des-speciales\/#breadcrumb","itemListElement":[{"@type":"ListItem","position":1,"name":"Accueil","item":"https:\/\/dicodusport.fr\/blog\/"},{"@type":"ListItem","position":2,"name":"Rallye du Chili 2025 : Les r\u00e9sultats complets"}]},{"@type":"WebSite","@id":"https:\/\/dicodusport.fr\/blog\/#website","url":"https:\/\/dicodusport.fr\/blog\/","name":"Dicodusport","description":"L&#039;encyclop\u00e9die de l&#039;actualit\u00e9 sportive","publisher":{"@id":"https:\/\/dicodusport.fr\/blog\/#organization"},"potentialAction":[{"@type":"SearchAction","target":{"@type":"EntryPoint","urlTemplate":"https:\/\/dicodusport.fr\/blog\/?s={search_term_string}"},"query-input":{"@type":"PropertyValueSpecification","valueRequired":true,"valueName":"search_term_string"}}],"inLanguage":"fr-FR"},{"@type":"NewsMediaOrganization","@id":"https:\/\/dicodusport.fr\/blog\/#organization","name":"Dicodusport","url":"https:\/\/dicodusport.fr\/blog\/","logo":{"@type":"ImageObject","inLanguage":"fr-FR","@id":"https:\/\/dicodusport.fr\/blog\/#\/schema\/logo\/image\/","url":"https:\/\/dicodusport.fr\/blog\/wp-content\/uploads\/2020\/06\/cropped-LOGO-DICODUSPORT-2020-SANS-FOND-SANS-TEXTE.png","contentUrl":"https:\/\/dicodusport.fr\/blog\/wp-content\/uploads\/2020\/06\/cropped-LOGO-DICODUSPORT-2020-SANS-FOND-SANS-TEXTE.png","width":512,"height":512,"caption":"Dicodusport"},"image":{"@id":"https:\/\/dicodusport.fr\/blog\/#\/schema\/logo\/image\/"},"sameAs":["https:\/\/www.facebook.com\/dicodusport","https:\/\/x.com\/dicodusport","https:\/\/www.instagram.com\/dicodusport\/","https:\/\/www.youtube.com\/channel\/UC7V2KZ5sd3htJivAbA4ZG3w"],"description":"Dicodusport est l'encyclop\u00e9die de l'actualit\u00e9 sportive.","email":"bonjour@dicodusport.fr","legalName":"DICODUSPORT","foundingDate":"2018-01-14","vatID":"FR71834470973","taxID":"83447097300043","numberOfEmployees":{"@type":"QuantitativeValue","minValue":"1","maxValue":"10"}},{"@type":"Person","@id":"https:\/\/dicodusport.fr\/blog\/#\/schema\/person\/cb02af4c173ce4a653b55e9baf388d4a","name":"Flo Ostermann","image":{"@type":"ImageObject","inLanguage":"fr-FR","@id":"https:\/\/dicodusport.fr\/blog\/#\/schema\/person\/image\/","url":"https:\/\/dicodusport.fr\/blog\/wp-content\/uploads\/2021\/05\/Flo-Ostermann-150x150.jpg","contentUrl":"https:\/\/dicodusport.fr\/blog\/wp-content\/uploads\/2021\/05\/Flo-Ostermann-150x150.jpg","caption":"Flo Ostermann"},"description":"Journaliste\/R\u00e9dacteur depuis septembre 2015 - Mes premiers souvenirs dans le sport ? Les envol\u00e9es du Stade Toulousain et les duels Villeneuve-Schumacher et H\u00e4kkinen-Schumacher \u00e0 la fin des ann\u00e9es 90, la Coupe du monde de football en 1998, l\u2019exploit du XV de France face aux All Blacks en 1999, mais aussi Richard C\u0153ur de Lion qui vole sur les montagnes du Tour de France. Bien parti pour devenir professeur d\u2019EPS, les \u00e9v\u00e9nements de la vie (et la flemme d\u2019animer des s\u00e9ances de 3x500 m\u00e8tres toute ma vie) m\u2019ont conduit \u00e0 revoir mes plans. Me voil\u00e0 depuis fin 2017 sur Dicodusport, m\u00e9dia gr\u00e2ce (et pour) lequel je partage ma passion : le sport dans tous ses \u00e9tats. Le tout accompagn\u00e9 par les fous furieux et folles furieuses cit\u00e9s sur cette page !","sameAs":["https:\/\/www.facebook.com\/florent.ostermann","https:\/\/x.com\/https:\/\/twitter.com\/FlOstermann","admin"],"url":"https:\/\/dicodusport.fr\/blog\/author\/flo\/"}]}},"_links":{"self":[{"href":"https:\/\/dicodusport.fr\/blog\/wp-json\/wp\/v2\/posts\/609867","targetHints":{"allow":["GET"]}}],"collection":[{"href":"https:\/\/dicodusport.fr\/blog\/wp-json\/wp\/v2\/posts"}],"about":[{"href":"https:\/\/dicodusport.fr\/blog\/wp-json\/wp\/v2\/types\/post"}],"author":[{"embeddable":true,"href":"https:\/\/dicodusport.fr\/blog\/wp-json\/wp\/v2\/users\/4"}],"replies":[{"embeddable":true,"href":"https:\/\/dicodusport.fr\/blog\/wp-json\/wp\/v2\/comments?post=609867"}],"version-history":[{"count":6,"href":"https:\/\/dicodusport.fr\/blog\/wp-json\/wp\/v2\/posts\/609867\/revisions"}],"predecessor-version":[{"id":611080,"href":"https:\/\/dicodusport.fr\/blog\/wp-json\/wp\/v2\/posts\/609867\/revisions\/611080"}],"wp:featuredmedia":[{"embeddable":true,"href":"https:\/\/dicodusport.fr\/blog\/wp-json\/wp\/v2\/media\/611078"}],"wp:attachment":[{"href":"https:\/\/dicodusport.fr\/blog\/wp-json\/wp\/v2\/media?parent=609867"}],"wp:term":[{"taxonomy":"category","embeddable":true,"href":"https:\/\/dicodusport.fr\/blog\/wp-json\/wp\/v2\/categories?post=609867"},{"taxonomy":"post_tag","embeddable":true,"href":"https:\/\/dicodusport.fr\/blog\/wp-json\/wp\/v2\/tags?post=609867"}],"curies":[{"name":"wp","href":"https:\/\/api.w.org\/{rel}","templated":true}]}}