{"id":609871,"date":"2025-09-10T19:16:07","date_gmt":"2025-09-10T17:16:07","guid":{"rendered":"https:\/\/dicodusport.fr\/blog\/?p=609871&#038;preview=true&#038;preview_id=609871"},"modified":"2025-09-10T19:16:07","modified_gmt":"2025-09-10T17:16:07","slug":"ligue-1-steve-mandanda-annonce-sa-retraite","status":"publish","type":"post","link":"https:\/\/dicodusport.fr\/blog\/ligue-1-steve-mandanda-annonce-sa-retraite\/","title":{"rendered":"Ligue 1 : Steve Mandanda annonce sa retraite"},"content":{"rendered":"<p style=\"text-align: justify;\"><strong><em>LIGUE 1 &#8211; \u00c0 40 ans, Steve Mandanda a d\u00e9cid\u00e9 de mettre un terme \u00e0 sa carri\u00e8re. Le portier international (35 s\u00e9lections) \u00e9tait libre depuis le 1er juillet et la fin de son contrat avec le Stade Rennais.<\/em><\/strong><\/p>\n<p style=\"text-align: justify;\">Il aura marqu\u00e9 \u00e0 jamais l&rsquo;histoire de l&rsquo;Olympique de Marseille. Avec 613 matchs sous le maillot phoc\u00e9en, <a href=\"https:\/\/dicodusport.fr\/blog\/steve-mandanda-reviendra-a-lom-en-2024\/\"><strong>Steve Mandanda<\/strong><\/a> est le recordman du nombre de matchs disput\u00e9s avec l&rsquo;OM. Mais ce 10 septembre, \u00e0 40 ans, Steve Mandanda a d\u00e9cid\u00e9 de prendre sa retraite, selon les informations de <a href=\"https:\/\/www.lequipe.fr\/Football\/Actualites\/A-40-ans-et-apres-vingt-ans-au-plus-haut-niveau-steve-mandanda-met-fin-a-sa-carriere\/1592103\"><em>L&rsquo;\u00c9quipe<\/em><\/a>.<\/p>\n<h2 style=\"text-align: justify;\">\u00ab\u00a0Ce n&rsquo;est pas simple, mais oui, j&rsquo;arr\u00eate\u00a0\u00bb<\/h2>\n<p style=\"text-align: justify;\">Le gardien de but a donc d\u00e9cid\u00e9 de mettre un terme \u00e0 sa carri\u00e8re professionnelle, alors qu&rsquo;il \u00e9tait libre depuis le 1er juillet dernier et la fin de son contrat avec Rennes.<\/p>\n<blockquote>\n<p style=\"text-align: justify;\">J&rsquo;ai eu besoin de prendre mon temps pour l&rsquo;accepter, d\u00e9j\u00e0, parce que ce n&rsquo;est pas simple, mais oui, j&rsquo;arr\u00eate. (&#8230;) J&rsquo;ai eu une grande p\u00e9riode de r\u00e9flexion parce que j&rsquo;ai eu beaucoup d&rsquo;appels (Le Havre, Lorient, Guingamp, Brest, Montpellier) mais j&rsquo;ai dit non \u00e0 chaque fois.<\/p>\n<\/blockquote>\n<p style=\"text-align: justify;\">Form\u00e9 au Havre, il avait int\u00e9gr\u00e9 le groupe professionnel d\u00e8s 2004. Il dispute son premier match en Ligue 2 en ao\u00fbt 2005, face \u00e0 Valenciennes. Sa carri\u00e8re est alors lanc\u00e9e. Pr\u00eat\u00e9 en 2007 \u00e0 l&rsquo;<strong>Olympique de Marseille<\/strong>, il y restera jusqu&rsquo;en 2016. En 2010, il en devient capitaine. Mais 6 ans plus tard, il rejoint <strong>Crystal Palace<\/strong>, en Premier League. Il ne joue que 10 matchs avant de quitter l&rsquo;Angleterre apr\u00e8s un an. Il revient alors \u00e0 Marseille. Mais en juillet 2022, apr\u00e8s une saison compliqu\u00e9e, <strong>Mandanda<\/strong> et l&rsquo;OM se s\u00e9parent d&rsquo;un commun accord. <a href=\"https:\/\/dicodusport.fr\/blog\/om-steve-mandanda-se-rapproche-du-stade-rennais\/\">Il s&rsquo;engage alors avec le Stade Rennais<\/a>, qui sera son dernier club professionnel.<\/p>\n<p style=\"text-align: justify;\">En \u00c9quipe de France, <strong>Steve Mandanda<\/strong> aura \u00e9t\u00e9 barr\u00e9 par <a href=\"https:\/\/dicodusport.fr\/blog\/hugo-lloris-8-dates-qui-ont-marque-sa-carriere-en-equipe-de-france\/\"><strong>Hugo Lloris<\/strong><\/a> quasiment toute sa carri\u00e8re. Pendant 14 ans sous les couleurs tricolores, <strong>Mandanda<\/strong> aura cumul\u00e9 35 s\u00e9lections. Bien loin des 145 du mythique capitaine de l&rsquo;EDF.<\/p>\n<div class=\"vlp-link-container vlp-layout-article\"><a href=\"https:\/\/dicodusport.fr\/blog\/equipe-de-france-steve-mandanda-doublure-capitale\/\" class=\"vlp-link\" title=\"\u00c9quipe de France : Steve Mandanda, doublure capitale\"><\/a><div class=\"vlp-layout-zone-side\"><div class=\"vlp-block-4 vlp-link-image\"><img loading=\"lazy\" decoding=\"async\" style=\"max-width: 800px;\" width=\"800\" height=\"445\" src=\"https:\/\/dicodusport.fr\/blog\/wp-content\/uploads\/2020\/11\/\u00c9quipe-de-France-Steve-Mandanda-doublure-capitale.png\" class=\"attachment-800x445 size-800x445\" alt=\"\" srcset=\"https:\/\/dicodusport.fr\/blog\/wp-content\/uploads\/2020\/11\/\u00c9quipe-de-France-Steve-Mandanda-doublure-capitale.png 800w, https:\/\/dicodusport.fr\/blog\/wp-content\/uploads\/2020\/11\/\u00c9quipe-de-France-Steve-Mandanda-doublure-capitale-300x167.png 300w, https:\/\/dicodusport.fr\/blog\/wp-content\/uploads\/2020\/11\/\u00c9quipe-de-France-Steve-Mandanda-doublure-capitale-768x427.png 768w\" sizes=\"auto, (max-width: 800px) 100vw, 800px\" \/><\/div><\/div><div class=\"vlp-layout-zone-main\"><div class=\"vlp-block-0 vlp-link-title\">\u00c9quipe de France : Steve Mandanda, doublure capitale<\/div><div class=\"vlp-block-1 vlp-link-summary\">Titulaire ce soir face \u00e0 la Finlande en match amical (21h10), Steve Mandanda honorera sa 34\u00e8me s\u00e9lection en Bleus.<\/div><div class=\"vlp-block-2 vlp-link-button\">Lire l'article<\/div><div class=\"vlp-block-3 vlp-link-url\">dicodusport.fr<\/div><\/div><\/div>\n","protected":false},"excerpt":{"rendered":"<p>LIGUE 1 &#8211; \u00c0 40 ans, Steve Mandanda a d\u00e9cid\u00e9 de mettre un terme \u00e0 sa carri\u00e8re. Le portier international (35 s\u00e9lections) \u00e9tait libre depuis le 1er juillet et la fin de son contrat avec le Stade Rennais.<\/p>\n","protected":false},"author":88,"featured_media":609878,"comment_status":"open","ping_status":"closed","sticky":false,"template":"","format":"standard","meta":{"_acf_changed":false,"_daextam_enable_autolinks":"1","footnotes":""},"categories":[47045],"tags":[16878,1554,2924,8992],"class_list":["post-609871","post","type-post","status-publish","format-standard","has-post-thumbnail","hentry","category-ligue-1","tag-breve","tag-ligue-1","tag-olympique-de-marseille","tag-steve-mandanda"],"acf":[],"yoast_head":"<!-- This site is optimized with the Yoast SEO Premium plugin v26.7 (Yoast SEO v26.7) - https:\/\/yoast.com\/wordpress\/plugins\/seo\/ -->\n<title>Ligue 1 : Steve Mandanda annonce sa retraite<\/title>\n<meta name=\"description\" content=\"LIGUE 1 - \u00c0 40 ans, Steve Mandanda a d\u00e9cid\u00e9 de mettre un terme \u00e0 sa carri\u00e8re. Le portier international (35 s\u00e9lections) \u00e9tait libre depuis le 1er juillet.\" \/>\n<meta name=\"robots\" content=\"index, follow, max-snippet:-1, max-image-preview:large, max-video-preview:-1\" \/>\n<link rel=\"canonical\" href=\"https:\/\/dicodusport.fr\/blog\/ligue-1-steve-mandanda-annonce-sa-retraite\/\" \/>\n<meta property=\"og:locale\" content=\"fr_FR\" \/>\n<meta property=\"og:type\" content=\"article\" \/>\n<meta property=\"og:title\" content=\"Ligue 1 : Steve Mandanda annonce sa retraite\" \/>\n<meta property=\"og:description\" content=\"LIGUE 1 - \u00c0 40 ans, Steve Mandanda a d\u00e9cid\u00e9 de mettre un terme \u00e0 sa carri\u00e8re. Le portier international (35 s\u00e9lections) \u00e9tait libre depuis le 1er juillet.\" \/>\n<meta property=\"og:url\" content=\"https:\/\/dicodusport.fr\/blog\/ligue-1-steve-mandanda-annonce-sa-retraite\/\" \/>\n<meta property=\"og:site_name\" content=\"Dicodusport\" \/>\n<meta property=\"article:publisher\" content=\"https:\/\/www.facebook.com\/dicodusport\" \/>\n<meta property=\"article:published_time\" content=\"2025-09-10T17:16:07+00:00\" \/>\n<meta property=\"og:image\" content=\"https:\/\/dicodusport.fr\/blog\/wp-content\/uploads\/2025\/09\/Ligue-1-Steve-Mandanda-annonce-sa-retraite.png\" \/>\n\t<meta property=\"og:image:width\" content=\"1200\" \/>\n\t<meta property=\"og:image:height\" content=\"674\" \/>\n\t<meta property=\"og:image:type\" content=\"image\/png\" \/>\n<meta name=\"author\" content=\"Paul Lalevee\" \/>\n<meta name=\"twitter:card\" content=\"summary_large_image\" \/>\n<meta name=\"twitter:title\" content=\"Ligue 1 : Steve Mandanda annonce sa retraite\" \/>\n<meta name=\"twitter:creator\" content=\"@dicodusport\" \/>\n<meta name=\"twitter:site\" content=\"@dicodusport\" \/>\n<script type=\"application\/ld+json\" class=\"yoast-schema-graph\">{\"@context\":\"https:\/\/schema.org\",\"@graph\":[{\"@type\":\"NewsArticle\",\"@id\":\"https:\/\/dicodusport.fr\/blog\/ligue-1-steve-mandanda-annonce-sa-retraite\/#article\",\"isPartOf\":{\"@id\":\"https:\/\/dicodusport.fr\/blog\/ligue-1-steve-mandanda-annonce-sa-retraite\/\"},\"author\":{\"name\":\"Paul Lalevee\",\"@id\":\"https:\/\/dicodusport.fr\/blog\/#\/schema\/person\/1eaa63dfac40b5e5c47f03a71920c1cd\"},\"headline\":\"Ligue 1 : Steve Mandanda annonce sa retraite\",\"datePublished\":\"2025-09-10T17:16:07+00:00\",\"mainEntityOfPage\":{\"@id\":\"https:\/\/dicodusport.fr\/blog\/ligue-1-steve-mandanda-annonce-sa-retraite\/\"},\"wordCount\":403,\"commentCount\":0,\"publisher\":{\"@id\":\"https:\/\/dicodusport.fr\/blog\/#organization\"},\"image\":{\"@id\":\"https:\/\/dicodusport.fr\/blog\/ligue-1-steve-mandanda-annonce-sa-retraite\/#primaryimage\"},\"thumbnailUrl\":\"https:\/\/dicodusport.fr\/blog\/wp-content\/uploads\/2025\/09\/Ligue-1-Steve-Mandanda-annonce-sa-retraite.png\",\"keywords\":[\"br\u00e8ve\",\"Ligue 1\",\"Olympique de Marseille\",\"Steve Mandanda\"],\"articleSection\":[\"Ligue 1\"],\"inLanguage\":\"fr-FR\",\"potentialAction\":[{\"@type\":\"CommentAction\",\"name\":\"Comment\",\"target\":[\"https:\/\/dicodusport.fr\/blog\/ligue-1-steve-mandanda-annonce-sa-retraite\/#respond\"]}],\"copyrightYear\":\"2025\",\"copyrightHolder\":{\"@id\":\"https:\/\/dicodusport.fr\/blog\/#organization\"}},{\"@type\":\"WebPage\",\"@id\":\"https:\/\/dicodusport.fr\/blog\/ligue-1-steve-mandanda-annonce-sa-retraite\/\",\"url\":\"https:\/\/dicodusport.fr\/blog\/ligue-1-steve-mandanda-annonce-sa-retraite\/\",\"name\":\"Ligue 1 : Steve Mandanda annonce sa retraite\",\"isPartOf\":{\"@id\":\"https:\/\/dicodusport.fr\/blog\/#website\"},\"primaryImageOfPage\":{\"@id\":\"https:\/\/dicodusport.fr\/blog\/ligue-1-steve-mandanda-annonce-sa-retraite\/#primaryimage\"},\"image\":{\"@id\":\"https:\/\/dicodusport.fr\/blog\/ligue-1-steve-mandanda-annonce-sa-retraite\/#primaryimage\"},\"thumbnailUrl\":\"https:\/\/dicodusport.fr\/blog\/wp-content\/uploads\/2025\/09\/Ligue-1-Steve-Mandanda-annonce-sa-retraite.png\",\"datePublished\":\"2025-09-10T17:16:07+00:00\",\"description\":\"LIGUE 1 - \u00c0 40 ans, Steve Mandanda a d\u00e9cid\u00e9 de mettre un terme \u00e0 sa carri\u00e8re. Le portier international (35 s\u00e9lections) \u00e9tait libre depuis le 1er juillet.\",\"breadcrumb\":{\"@id\":\"https:\/\/dicodusport.fr\/blog\/ligue-1-steve-mandanda-annonce-sa-retraite\/#breadcrumb\"},\"inLanguage\":\"fr-FR\",\"potentialAction\":[{\"@type\":\"ReadAction\",\"target\":[\"https:\/\/dicodusport.fr\/blog\/ligue-1-steve-mandanda-annonce-sa-retraite\/\"]}]},{\"@type\":\"ImageObject\",\"inLanguage\":\"fr-FR\",\"@id\":\"https:\/\/dicodusport.fr\/blog\/ligue-1-steve-mandanda-annonce-sa-retraite\/#primaryimage\",\"url\":\"https:\/\/dicodusport.fr\/blog\/wp-content\/uploads\/2025\/09\/Ligue-1-Steve-Mandanda-annonce-sa-retraite.png\",\"contentUrl\":\"https:\/\/dicodusport.fr\/blog\/wp-content\/uploads\/2025\/09\/Ligue-1-Steve-Mandanda-annonce-sa-retraite.png\",\"width\":1200,\"height\":674,\"caption\":\"Ligue 1 Steve Mandanda annonce sa retraite\"},{\"@type\":\"BreadcrumbList\",\"@id\":\"https:\/\/dicodusport.fr\/blog\/ligue-1-steve-mandanda-annonce-sa-retraite\/#breadcrumb\",\"itemListElement\":[{\"@type\":\"ListItem\",\"position\":1,\"name\":\"Accueil\",\"item\":\"https:\/\/dicodusport.fr\/blog\/\"},{\"@type\":\"ListItem\",\"position\":2,\"name\":\"Ligue 1 : Steve Mandanda annonce sa retraite\"}]},{\"@type\":\"WebSite\",\"@id\":\"https:\/\/dicodusport.fr\/blog\/#website\",\"url\":\"https:\/\/dicodusport.fr\/blog\/\",\"name\":\"Dicodusport\",\"description\":\"L&#039;encyclop\u00e9die de l&#039;actualit\u00e9 sportive\",\"publisher\":{\"@id\":\"https:\/\/dicodusport.fr\/blog\/#organization\"},\"potentialAction\":[{\"@type\":\"SearchAction\",\"target\":{\"@type\":\"EntryPoint\",\"urlTemplate\":\"https:\/\/dicodusport.fr\/blog\/?s={search_term_string}\"},\"query-input\":{\"@type\":\"PropertyValueSpecification\",\"valueRequired\":true,\"valueName\":\"search_term_string\"}}],\"inLanguage\":\"fr-FR\"},{\"@type\":\"NewsMediaOrganization\",\"@id\":\"https:\/\/dicodusport.fr\/blog\/#organization\",\"name\":\"Dicodusport\",\"url\":\"https:\/\/dicodusport.fr\/blog\/\",\"logo\":{\"@type\":\"ImageObject\",\"inLanguage\":\"fr-FR\",\"@id\":\"https:\/\/dicodusport.fr\/blog\/#\/schema\/logo\/image\/\",\"url\":\"https:\/\/dicodusport.fr\/blog\/wp-content\/uploads\/2020\/06\/cropped-LOGO-DICODUSPORT-2020-SANS-FOND-SANS-TEXTE.png\",\"contentUrl\":\"https:\/\/dicodusport.fr\/blog\/wp-content\/uploads\/2020\/06\/cropped-LOGO-DICODUSPORT-2020-SANS-FOND-SANS-TEXTE.png\",\"width\":512,\"height\":512,\"caption\":\"Dicodusport\"},\"image\":{\"@id\":\"https:\/\/dicodusport.fr\/blog\/#\/schema\/logo\/image\/\"},\"sameAs\":[\"https:\/\/www.facebook.com\/dicodusport\",\"https:\/\/x.com\/dicodusport\",\"https:\/\/www.instagram.com\/dicodusport\/\",\"https:\/\/www.youtube.com\/channel\/UC7V2KZ5sd3htJivAbA4ZG3w\"],\"description\":\"Dicodusport est l'encyclop\u00e9die de l'actualit\u00e9 sportive.\",\"email\":\"bonjour@dicodusport.fr\",\"legalName\":\"DICODUSPORT\",\"foundingDate\":\"2018-01-14\",\"vatID\":\"FR71834470973\",\"taxID\":\"83447097300043\",\"numberOfEmployees\":{\"@type\":\"QuantitativeValue\",\"minValue\":\"1\",\"maxValue\":\"10\"}},{\"@type\":\"Person\",\"@id\":\"https:\/\/dicodusport.fr\/blog\/#\/schema\/person\/1eaa63dfac40b5e5c47f03a71920c1cd\",\"name\":\"Paul Lalevee\",\"image\":{\"@type\":\"ImageObject\",\"inLanguage\":\"fr-FR\",\"@id\":\"https:\/\/dicodusport.fr\/blog\/#\/schema\/person\/image\/\",\"url\":\"https:\/\/dicodusport.fr\/blog\/wp-content\/uploads\/2023\/10\/291154246_1690604071293245_3118259335115946499_n-150x150.jpg\",\"contentUrl\":\"https:\/\/dicodusport.fr\/blog\/wp-content\/uploads\/2023\/10\/291154246_1690604071293245_3118259335115946499_n-150x150.jpg\",\"caption\":\"Paul Lalevee\"},\"description\":\"La bulle Disney pendant le Covid, le Tour 2019, la Coupe du monde 2018. Ces trois \u00e9v\u00e9nements majeurs sont ancr\u00e9s dans ma t\u00eate de fan de sport, n\u00e9gativement ou positivement. Passionn\u00e9 de sport depuis l'enfance, j'ai d\u00e9cid\u00e9 de mettre ma passion de l'\u00e9criture au service de cette premi\u00e8re passion.\",\"url\":\"https:\/\/dicodusport.fr\/blog\/author\/paul-lalevee\/\"}]}<\/script>\n<!-- \/ Yoast SEO Premium plugin. -->","yoast_head_json":{"title":"Ligue 1 : Steve Mandanda annonce sa retraite","description":"LIGUE 1 - \u00c0 40 ans, Steve Mandanda a d\u00e9cid\u00e9 de mettre un terme \u00e0 sa carri\u00e8re. Le portier international (35 s\u00e9lections) \u00e9tait libre depuis le 1er juillet.","robots":{"index":"index","follow":"follow","max-snippet":"max-snippet:-1","max-image-preview":"max-image-preview:large","max-video-preview":"max-video-preview:-1"},"canonical":"https:\/\/dicodusport.fr\/blog\/ligue-1-steve-mandanda-annonce-sa-retraite\/","og_locale":"fr_FR","og_type":"article","og_title":"Ligue 1 : Steve Mandanda annonce sa retraite","og_description":"LIGUE 1 - \u00c0 40 ans, Steve Mandanda a d\u00e9cid\u00e9 de mettre un terme \u00e0 sa carri\u00e8re. Le portier international (35 s\u00e9lections) \u00e9tait libre depuis le 1er juillet.","og_url":"https:\/\/dicodusport.fr\/blog\/ligue-1-steve-mandanda-annonce-sa-retraite\/","og_site_name":"Dicodusport","article_publisher":"https:\/\/www.facebook.com\/dicodusport","article_published_time":"2025-09-10T17:16:07+00:00","og_image":[{"width":1200,"height":674,"url":"https:\/\/dicodusport.fr\/blog\/wp-content\/uploads\/2025\/09\/Ligue-1-Steve-Mandanda-annonce-sa-retraite.png","type":"image\/png"}],"author":"Paul Lalevee","twitter_card":"summary_large_image","twitter_title":"Ligue 1 : Steve Mandanda annonce sa retraite","twitter_creator":"@dicodusport","twitter_site":"@dicodusport","schema":{"@context":"https:\/\/schema.org","@graph":[{"@type":"NewsArticle","@id":"https:\/\/dicodusport.fr\/blog\/ligue-1-steve-mandanda-annonce-sa-retraite\/#article","isPartOf":{"@id":"https:\/\/dicodusport.fr\/blog\/ligue-1-steve-mandanda-annonce-sa-retraite\/"},"author":{"name":"Paul Lalevee","@id":"https:\/\/dicodusport.fr\/blog\/#\/schema\/person\/1eaa63dfac40b5e5c47f03a71920c1cd"},"headline":"Ligue 1 : Steve Mandanda annonce sa retraite","datePublished":"2025-09-10T17:16:07+00:00","mainEntityOfPage":{"@id":"https:\/\/dicodusport.fr\/blog\/ligue-1-steve-mandanda-annonce-sa-retraite\/"},"wordCount":403,"commentCount":0,"publisher":{"@id":"https:\/\/dicodusport.fr\/blog\/#organization"},"image":{"@id":"https:\/\/dicodusport.fr\/blog\/ligue-1-steve-mandanda-annonce-sa-retraite\/#primaryimage"},"thumbnailUrl":"https:\/\/dicodusport.fr\/blog\/wp-content\/uploads\/2025\/09\/Ligue-1-Steve-Mandanda-annonce-sa-retraite.png","keywords":["br\u00e8ve","Ligue 1","Olympique de Marseille","Steve Mandanda"],"articleSection":["Ligue 1"],"inLanguage":"fr-FR","potentialAction":[{"@type":"CommentAction","name":"Comment","target":["https:\/\/dicodusport.fr\/blog\/ligue-1-steve-mandanda-annonce-sa-retraite\/#respond"]}],"copyrightYear":"2025","copyrightHolder":{"@id":"https:\/\/dicodusport.fr\/blog\/#organization"}},{"@type":"WebPage","@id":"https:\/\/dicodusport.fr\/blog\/ligue-1-steve-mandanda-annonce-sa-retraite\/","url":"https:\/\/dicodusport.fr\/blog\/ligue-1-steve-mandanda-annonce-sa-retraite\/","name":"Ligue 1 : Steve Mandanda annonce sa retraite","isPartOf":{"@id":"https:\/\/dicodusport.fr\/blog\/#website"},"primaryImageOfPage":{"@id":"https:\/\/dicodusport.fr\/blog\/ligue-1-steve-mandanda-annonce-sa-retraite\/#primaryimage"},"image":{"@id":"https:\/\/dicodusport.fr\/blog\/ligue-1-steve-mandanda-annonce-sa-retraite\/#primaryimage"},"thumbnailUrl":"https:\/\/dicodusport.fr\/blog\/wp-content\/uploads\/2025\/09\/Ligue-1-Steve-Mandanda-annonce-sa-retraite.png","datePublished":"2025-09-10T17:16:07+00:00","description":"LIGUE 1 - \u00c0 40 ans, Steve Mandanda a d\u00e9cid\u00e9 de mettre un terme \u00e0 sa carri\u00e8re. Le portier international (35 s\u00e9lections) \u00e9tait libre depuis le 1er juillet.","breadcrumb":{"@id":"https:\/\/dicodusport.fr\/blog\/ligue-1-steve-mandanda-annonce-sa-retraite\/#breadcrumb"},"inLanguage":"fr-FR","potentialAction":[{"@type":"ReadAction","target":["https:\/\/dicodusport.fr\/blog\/ligue-1-steve-mandanda-annonce-sa-retraite\/"]}]},{"@type":"ImageObject","inLanguage":"fr-FR","@id":"https:\/\/dicodusport.fr\/blog\/ligue-1-steve-mandanda-annonce-sa-retraite\/#primaryimage","url":"https:\/\/dicodusport.fr\/blog\/wp-content\/uploads\/2025\/09\/Ligue-1-Steve-Mandanda-annonce-sa-retraite.png","contentUrl":"https:\/\/dicodusport.fr\/blog\/wp-content\/uploads\/2025\/09\/Ligue-1-Steve-Mandanda-annonce-sa-retraite.png","width":1200,"height":674,"caption":"Ligue 1 Steve Mandanda annonce sa retraite"},{"@type":"BreadcrumbList","@id":"https:\/\/dicodusport.fr\/blog\/ligue-1-steve-mandanda-annonce-sa-retraite\/#breadcrumb","itemListElement":[{"@type":"ListItem","position":1,"name":"Accueil","item":"https:\/\/dicodusport.fr\/blog\/"},{"@type":"ListItem","position":2,"name":"Ligue 1 : Steve Mandanda annonce sa retraite"}]},{"@type":"WebSite","@id":"https:\/\/dicodusport.fr\/blog\/#website","url":"https:\/\/dicodusport.fr\/blog\/","name":"Dicodusport","description":"L&#039;encyclop\u00e9die de l&#039;actualit\u00e9 sportive","publisher":{"@id":"https:\/\/dicodusport.fr\/blog\/#organization"},"potentialAction":[{"@type":"SearchAction","target":{"@type":"EntryPoint","urlTemplate":"https:\/\/dicodusport.fr\/blog\/?s={search_term_string}"},"query-input":{"@type":"PropertyValueSpecification","valueRequired":true,"valueName":"search_term_string"}}],"inLanguage":"fr-FR"},{"@type":"NewsMediaOrganization","@id":"https:\/\/dicodusport.fr\/blog\/#organization","name":"Dicodusport","url":"https:\/\/dicodusport.fr\/blog\/","logo":{"@type":"ImageObject","inLanguage":"fr-FR","@id":"https:\/\/dicodusport.fr\/blog\/#\/schema\/logo\/image\/","url":"https:\/\/dicodusport.fr\/blog\/wp-content\/uploads\/2020\/06\/cropped-LOGO-DICODUSPORT-2020-SANS-FOND-SANS-TEXTE.png","contentUrl":"https:\/\/dicodusport.fr\/blog\/wp-content\/uploads\/2020\/06\/cropped-LOGO-DICODUSPORT-2020-SANS-FOND-SANS-TEXTE.png","width":512,"height":512,"caption":"Dicodusport"},"image":{"@id":"https:\/\/dicodusport.fr\/blog\/#\/schema\/logo\/image\/"},"sameAs":["https:\/\/www.facebook.com\/dicodusport","https:\/\/x.com\/dicodusport","https:\/\/www.instagram.com\/dicodusport\/","https:\/\/www.youtube.com\/channel\/UC7V2KZ5sd3htJivAbA4ZG3w"],"description":"Dicodusport est l'encyclop\u00e9die de l'actualit\u00e9 sportive.","email":"bonjour@dicodusport.fr","legalName":"DICODUSPORT","foundingDate":"2018-01-14","vatID":"FR71834470973","taxID":"83447097300043","numberOfEmployees":{"@type":"QuantitativeValue","minValue":"1","maxValue":"10"}},{"@type":"Person","@id":"https:\/\/dicodusport.fr\/blog\/#\/schema\/person\/1eaa63dfac40b5e5c47f03a71920c1cd","name":"Paul Lalevee","image":{"@type":"ImageObject","inLanguage":"fr-FR","@id":"https:\/\/dicodusport.fr\/blog\/#\/schema\/person\/image\/","url":"https:\/\/dicodusport.fr\/blog\/wp-content\/uploads\/2023\/10\/291154246_1690604071293245_3118259335115946499_n-150x150.jpg","contentUrl":"https:\/\/dicodusport.fr\/blog\/wp-content\/uploads\/2023\/10\/291154246_1690604071293245_3118259335115946499_n-150x150.jpg","caption":"Paul Lalevee"},"description":"La bulle Disney pendant le Covid, le Tour 2019, la Coupe du monde 2018. Ces trois \u00e9v\u00e9nements majeurs sont ancr\u00e9s dans ma t\u00eate de fan de sport, n\u00e9gativement ou positivement. Passionn\u00e9 de sport depuis l'enfance, j'ai d\u00e9cid\u00e9 de mettre ma passion de l'\u00e9criture au service de cette premi\u00e8re passion.","url":"https:\/\/dicodusport.fr\/blog\/author\/paul-lalevee\/"}]}},"_links":{"self":[{"href":"https:\/\/dicodusport.fr\/blog\/wp-json\/wp\/v2\/posts\/609871","targetHints":{"allow":["GET"]}}],"collection":[{"href":"https:\/\/dicodusport.fr\/blog\/wp-json\/wp\/v2\/posts"}],"about":[{"href":"https:\/\/dicodusport.fr\/blog\/wp-json\/wp\/v2\/types\/post"}],"author":[{"embeddable":true,"href":"https:\/\/dicodusport.fr\/blog\/wp-json\/wp\/v2\/users\/88"}],"replies":[{"embeddable":true,"href":"https:\/\/dicodusport.fr\/blog\/wp-json\/wp\/v2\/comments?post=609871"}],"version-history":[{"count":2,"href":"https:\/\/dicodusport.fr\/blog\/wp-json\/wp\/v2\/posts\/609871\/revisions"}],"predecessor-version":[{"id":609880,"href":"https:\/\/dicodusport.fr\/blog\/wp-json\/wp\/v2\/posts\/609871\/revisions\/609880"}],"wp:featuredmedia":[{"embeddable":true,"href":"https:\/\/dicodusport.fr\/blog\/wp-json\/wp\/v2\/media\/609878"}],"wp:attachment":[{"href":"https:\/\/dicodusport.fr\/blog\/wp-json\/wp\/v2\/media?parent=609871"}],"wp:term":[{"taxonomy":"category","embeddable":true,"href":"https:\/\/dicodusport.fr\/blog\/wp-json\/wp\/v2\/categories?post=609871"},{"taxonomy":"post_tag","embeddable":true,"href":"https:\/\/dicodusport.fr\/blog\/wp-json\/wp\/v2\/tags?post=609871"}],"curies":[{"name":"wp","href":"https:\/\/api.w.org\/{rel}","templated":true}]}}