{"id":609924,"date":"2025-09-14T15:09:49","date_gmt":"2025-09-14T13:09:49","guid":{"rendered":"https:\/\/dicodusport.fr\/blog\/?p=609924&#038;preview=true&#038;preview_id=609924"},"modified":"2025-09-14T15:09:30","modified_gmt":"2025-09-14T13:09:30","slug":"motogp-saint-marin-2025-horaires-programme-tv-et-resultats","status":"publish","type":"post","link":"https:\/\/dicodusport.fr\/blog\/motogp-saint-marin-2025-horaires-programme-tv-et-resultats\/","title":{"rendered":"MotoGP Saint-Marin 2025 : Les r\u00e9sultats complets"},"content":{"rendered":"<p style=\"text-align: justify;\"><strong><em>Retrouvez ici le programme TV complet, les horaires des essais, qualifications et course, ainsi que les r\u00e9sultats en temps r\u00e9el du Grand Prix de Saint-Marin 2025 de MotoGP.\u00a0<\/em><\/strong><\/p>\n<p style=\"text-align: justify;\">Le <strong>Grand Prix de Saint-Marin 2025 de MotoGP<\/strong> se d\u00e9roule du <strong>vendredi 12 au dimanche 14 septembre<\/strong>, sur le circuit de Barcelone. Soyez incollables avant la 16<sup>\u00e8me<\/sup> manche du <a href=\"https:\/\/dicodusport.fr\/blog\/actualites\/sports-mecaniques\/moto\/motogp-2025\/\"><strong>Championnat du monde de MotoGP 2025<\/strong><\/a>. Ne manquez rien du <strong>Grand Prix de Saint-Marin <\/strong>:\u00a0performances des pilotes, analyses et classements actualis\u00e9s. Tout ce qu\u2019il faut savoir pour suivre le <strong>GP de Saint-Marin <\/strong>en direct !<\/p>\n<ul style=\"text-align: justify;\">\n<li style=\"text-align: justify;\"><strong>\u00c0 ce sujet &#8211; <a href=\"https:\/\/dicodusport.fr\/blog\/motogp-2025-le-calendrier-complet\/\" rel=\"\">Calendrier MotoGP 2025 : Dates et horaires des Grands Prix<\/a><\/strong><\/li>\n<\/ul>\n<h2 style=\"text-align: justify;\">L&rsquo;histoire du Grand Prix de Saint-Marin de MotoGP<\/h2>\n<p style=\"text-align: justify;\">Le\u00a0<strong>Grand Prix Saint-Marin<\/strong>\u00a0est une \u00e9tape du\u00a0<strong>championnat du monde de MotoGP<\/strong>, qui a \u00e9t\u00e9 inscrite au calendrier entre 1981 et 1987. Il a ensuite fait une pause avant de r\u00e9appara\u00eetre en 1991 et 1993 puis de s\u2019interrompre \u00e0 nouveau. Enfin, il est revenu en 2007 pour ne plus jamais dispara\u00eetre jusqu\u2019\u00e0 pr\u00e9sent.<\/p>\n<p style=\"text-align: justify;\">Fait rare, cette manche a \u00e9t\u00e9 remport\u00e9e par l\u2019Australien\u00a0<strong>Casey Stoner<\/strong>\u00a0en 2007 pour sa r\u00e9apparition et depuis, n\u2019a \u00e9t\u00e9 gagn\u00e9 que par des Espagnols ou Italiens en MotoGP. Parmi les pilotes vainqueurs, on retrouve les l\u00e9gendes\u00a0<strong>Valentino Rossi<\/strong>\u00a0avec sa Yamaha (2008, 2009 et 2014) et\u00a0<strong>Marc M\u00e1rquez<\/strong> (Honda Repsol Team) qui l\u2019a gagn\u00e9 4 fois (2015, 2017 et 2019 et 2024). L\u2019Espagnol <strong>Jorge Lorenzo<\/strong>\u00a0les \u00e9gale avec \u00e9galement trois victoires sur sa Yamaha (2011, 2012, 2013). Enfin,\u00a0<b>Dani Pedrosa\u00a0<\/b>compte deux victoires sur ce circuit avec sa Honda (2010 et 2016). Les Italiens\u00a0<strong>Andrea Dovizioso<\/strong>\u00a0et\u00a0<strong>Franco Morbidelli<\/strong>\u00a0ont respectivement gagn\u00e9 les manches de 2018 et <a href=\"https:\/\/dicodusport.fr\/blog\/grand-prix-de-saint-marin-franco-morbidelli-impose-pour-la-premiere-fois-en-moto-gp\/\"><strong>2020<\/strong><\/a>. Leur compatriote\u00a0<strong>Francesco Bagnaia<\/strong> a remport\u00e9 les \u00e9ditions de <a href=\"https:\/\/dicodusport.fr\/blog\/grand-prix-de-saint-marin-nouvelle-victoire-de-francesco-bagnaia-devant-fabio-quartararo\/\"><strong>2021<\/strong><\/a> et <a href=\"https:\/\/dicodusport.fr\/blog\/motogp-saint-marin-2022-nouvelle-victoire-de-francesco-bagnaia\/\"><strong>2022<\/strong><\/a>. Enfin, la course de <a href=\"https:\/\/dicodusport.fr\/blog\/motogp-saint-marin-2023-jorge-martin-conclut-son-weekend-parfait-en-triomphant-sur-le-grand-prix\/\"><strong>2023<\/strong><\/a> a \u00e9t\u00e9 remport\u00e9e par l\u2019Espagnol <strong>Jorge Martin<\/strong>.<\/p>\n<div class=\"vlp-link-container vlp-layout-article\"><a href=\"https:\/\/dicodusport.fr\/blog\/motogp-saint-marin-2024-marc-marquez-gagne-a-nouveau-devant-bagnaia-martin-rate-son-coup\/\" class=\"vlp-link\" title=\"MotoGP Saint-Marin 2024 : Marc Marquez gagne \u00e0 nouveau devant Bagnaia, Martin rate son coup\"><\/a><div class=\"vlp-layout-zone-side\"><div class=\"vlp-block-4 vlp-link-image\"><img loading=\"lazy\" decoding=\"async\" style=\"max-width: 792px;\" width=\"792\" height=\"445\" src=\"https:\/\/dicodusport.fr\/blog\/wp-content\/uploads\/2024\/09\/MotoGP-Saint-Marin-2024-Marc-Marquez-gagne-a-nouveau-devant-Bagnaia-Martin-rate-son-coup-1.png\" class=\"attachment-800x445 size-800x445\" alt=\"MotoGP Saint-Marin 2024 Marc Marquez gagne \u00e0 nouveau devant Bagnaia, Martin rate son coup\" srcset=\"https:\/\/dicodusport.fr\/blog\/wp-content\/uploads\/2024\/09\/MotoGP-Saint-Marin-2024-Marc-Marquez-gagne-a-nouveau-devant-Bagnaia-Martin-rate-son-coup-1.png 1200w, https:\/\/dicodusport.fr\/blog\/wp-content\/uploads\/2024\/09\/MotoGP-Saint-Marin-2024-Marc-Marquez-gagne-a-nouveau-devant-Bagnaia-Martin-rate-son-coup-1-300x169.png 300w, https:\/\/dicodusport.fr\/blog\/wp-content\/uploads\/2024\/09\/MotoGP-Saint-Marin-2024-Marc-Marquez-gagne-a-nouveau-devant-Bagnaia-Martin-rate-son-coup-1-1024x575.png 1024w, https:\/\/dicodusport.fr\/blog\/wp-content\/uploads\/2024\/09\/MotoGP-Saint-Marin-2024-Marc-Marquez-gagne-a-nouveau-devant-Bagnaia-Martin-rate-son-coup-1-768x431.png 768w\" sizes=\"auto, (max-width: 792px) 100vw, 792px\" \/><\/div><\/div><div class=\"vlp-layout-zone-main\"><div class=\"vlp-block-0 vlp-link-title\">MotoGP Saint-Marin 2024 : Marc Marquez gagne \u00e0 nouveau devant Bagnaia, Martin rate son coup<\/div><div class=\"vlp-block-1 vlp-link-summary\">MOTOGP \u2013 GRAND PRIX DE SAINT-MARIN 2024 \u2013 Jorge Martin a fait un pari qui s'est av\u00e9r\u00e9 perdant, et Marc Marquez en a profit\u00e9 pour aller chercher la victoire devant Francesco Bagnaia, provoquant un resserrement au Championnat du monde.<\/div><div class=\"vlp-block-2 vlp-link-button\">Lire l'article<\/div><div class=\"vlp-block-3 vlp-link-url\">dicodusport.fr<\/div><\/div><\/div>\n<h2 style=\"text-align: justify;\">Les sp\u00e9cificit\u00e9s du circuit de Misano<\/h2>\n<p style=\"text-align: justify;\">Un tour de ce circuit, c\u2019est 4,2 km ! Le circuit\u00a0<strong>Misano World Circuit Marco Simoncelli<\/strong>\u00a0comporte 16 virages, 6 \u00e0 gauche et 10 \u00e0 droite. Il est consid\u00e9r\u00e9 comme un circuit moderne des sports m\u00e9caniques, et c\u2019est aussi l\u2019un des plus diversifi\u00e9s. La course se d\u00e9roulera sur 27 tours, soit environ 114 km. La plus longue ligne droite mesure 530 m, o\u00f9 les pilotes atteignent g\u00e9n\u00e9ralement les 300 km\/h.<\/p>\n<div id=\"attachment_257743\" style=\"width: 1119px\" class=\"wp-caption aligncenter\"><img loading=\"lazy\" decoding=\"async\" aria-describedby=\"caption-attachment-257743\" class=\"wp-image-257743 size-full\" src=\"https:\/\/dicodusport.fr\/blog\/wp-content\/uploads\/2022\/08\/MotoGP-Circuit-de-Misano-Grand-Prix-de-Saint-Marin.png\" alt=\"MotoGP - Circuit de Misano - Grand Prix de Saint-Marin\" width=\"1109\" height=\"661\" srcset=\"https:\/\/dicodusport.fr\/blog\/wp-content\/uploads\/2022\/08\/MotoGP-Circuit-de-Misano-Grand-Prix-de-Saint-Marin.png 1109w, https:\/\/dicodusport.fr\/blog\/wp-content\/uploads\/2022\/08\/MotoGP-Circuit-de-Misano-Grand-Prix-de-Saint-Marin-300x179.png 300w, https:\/\/dicodusport.fr\/blog\/wp-content\/uploads\/2022\/08\/MotoGP-Circuit-de-Misano-Grand-Prix-de-Saint-Marin-1024x610.png 1024w, https:\/\/dicodusport.fr\/blog\/wp-content\/uploads\/2022\/08\/MotoGP-Circuit-de-Misano-Grand-Prix-de-Saint-Marin-768x458.png 768w\" sizes=\"auto, (max-width: 1109px) 100vw, 1109px\" \/><p id=\"caption-attachment-257743\" class=\"wp-caption-text\">MotoGP &#8211; Circuit de Misano &#8211; Grand Prix de Saint-Marin<\/p><\/div>\n<p style=\"text-align: justify;\">Du c\u00f4t\u00e9 de la m\u00e9t\u00e9o, un temps cl\u00e9ment est attendu tout le week-end. Les trois jours alterneront entre soleil et nuages, mais devraient rester au sec. Aussi, les temp\u00e9ratures oscilleront entre 23 et 27 degr\u00e9s durant les trois jours.<\/p>\n<ul style=\"text-align: justify;\">\n<li style=\"text-align: justify;\"><strong>\u00c0 ce sujet &#8211; <a href=\"https:\/\/dicodusport.fr\/blog\/top-10-des-pilotes-de-motogp-avec-le-plus-de-victoires-en-grand-prix\/\">Top 10 des pilotes de MotoGP avec le plus de victoires en Grand Prix<\/a>\u00a0<\/strong><\/li>\n<\/ul>\n<h2 style=\"text-align: justify;\">MotoGP Grand Prix de Saint-Marin 2025 &#8211; Programme TV et horaires<\/h2>\n<table style=\"width: 100%; border-collapse: collapse;\">\n<tbody>\n<tr>\n<td style=\"background-color: #c80502; width: 840px; text-align: center; vertical-align: middle;\" colspan=\"6\"><span style=\"color: #ffffff;\"><strong>VENDREDI 12 SEPTEMBRE 2025<\/strong><\/span><\/td>\n<\/tr>\n<tr>\n<td style=\"text-align: center; vertical-align: middle; width: 20%; background-color: #000000;\"><span style=\"color: #ffffff; font-size: 0.9em;\"><strong>Horaire<\/strong><\/span><\/td>\n<td style=\"text-align: center; vertical-align: middle; width: 20%; background-color: #000000;\" colspan=\"2\"><span style=\"color: #ffffff;\"><span style=\"font-size: 0.9em;\"><b>\u00c9preuve<\/b><\/span><\/span><\/td>\n<td style=\"text-align: center; vertical-align: middle; width: 20%; background-color: #000000;\"><span style=\"color: #ffffff; font-size: 0.9em;\"><strong>Premier<\/strong><\/span><\/td>\n<td style=\"text-align: center; vertical-align: middle; width: 20%; background-color: #000000;\"><span style=\"color: #ffffff; font-size: 0.9em;\"><strong>Deuxi\u00e8me<\/strong><\/span><\/td>\n<td style=\"text-align: center; vertical-align: middle; width: 20%; background-color: #000000;\"><span style=\"color: #ffffff; font-size: 0.9em;\"><strong>Troisi\u00e8me<\/strong><\/span><\/td>\n<\/tr>\n<tr>\n<td style=\"text-align: center; vertical-align: middle; width: 20%;\"><strong>10h45 &#8211; 11h30\u00a0<\/strong><\/td>\n<td style=\"text-align: center; vertical-align: middle;\" colspan=\"2\"><strong>Essais libres 1<br \/>\n<a href=\"https:\/\/www.motogp.com\/fr\/gp-results\/2025\/rsm\/motogp\/fp1\/classification\"><span style=\"font-size: 11.52px;\"><i>Classement<\/i><\/span><\/a><br \/>\n<\/strong><\/td>\n<td style=\"text-align: center; vertical-align: middle; width: 20%;\"><span style=\"font-size: 0.9em;\"><strong><img loading=\"lazy\" decoding=\"async\" class=\"alignnone wp-image-559862\" src=\"https:\/\/dicodusport.fr\/blog\/wp-content\/uploads\/2024\/01\/Pertamina-Enduro-VR46-Racing-Team-2025.webp\" alt=\"\" width=\"45\" height=\"30\" \/><br \/>\n\ud83c\uddee\ud83c\uddf9 FRANCO MORBIDELLI<br \/>\n<\/strong><span style=\"font-size: 0.8em;\">PERTAMINA ENDURO VR46 RACING TEAM<br \/>\n<strong><em>1:31.342<\/em><\/strong><\/span><\/span><\/td>\n<td style=\"text-align: center; vertical-align: middle; width: 20%;\"><span style=\"font-size: 0.9em;\"><strong><img loading=\"lazy\" decoding=\"async\" class=\"alignnone wp-image-559865\" src=\"https:\/\/dicodusport.fr\/blog\/wp-content\/uploads\/2024\/01\/Monster-Energy-Yamaha-2025.webp\" alt=\"\" width=\"45\" height=\"30\" \/><br \/>\n\ud83c\uddeb\ud83c\uddf7 FABIO QUARTARARO<strong style=\"font-size: 14.4px;\"><br style=\"font-size: 14.4px;\" \/><\/strong><\/strong><span style=\"font-size: 0.8em;\">MONSTER ENERGY YAMAHA<br \/>\n<strong><em>+0.249<\/em><\/strong><br \/>\n<\/span><\/span><\/td>\n<td style=\"text-align: center; vertical-align: middle; width: 20%;\"><span style=\"font-size: 0.9em;\"><strong><img loading=\"lazy\" decoding=\"async\" class=\"alignnone wp-image-559862\" src=\"https:\/\/dicodusport.fr\/blog\/wp-content\/uploads\/2024\/01\/Pertamina-Enduro-VR46-Racing-Team-2025.webp\" alt=\"\" width=\"45\" height=\"30\" \/><br \/>\n\ud83c\uddee\ud83c\uddf9 FABIO DI GIANNANTONIO<br \/>\n<\/strong><span style=\"font-size: 0.8em;\">PERTAMINA ENDURO VR46 RACING TEAM<br \/>\n<strong><em>+0.254<\/em><\/strong><br \/>\n<\/span><\/span><\/td>\n<\/tr>\n<tr>\n<td style=\"text-align: center; vertical-align: middle; width: 20%;\"><strong>15H00 &#8211; 16H00<\/strong><\/td>\n<td style=\"text-align: center; vertical-align: middle;\" colspan=\"2\"><strong>Essais libres 2<br \/>\n<a href=\"https:\/\/www.motogp.com\/fr\/gp-results\/2025\/rsm\/motogp\/pr\/classification\"><span style=\"font-size: 11.52px;\"><i>Classement<\/i><\/span><\/a><br \/>\n<\/strong><\/td>\n<td style=\"text-align: center; vertical-align: middle; width: 20%;\"><span style=\"font-size: 0.9em;\"><strong><img loading=\"lazy\" decoding=\"async\" class=\"alignnone wp-image-559856\" src=\"https:\/\/dicodusport.fr\/blog\/wp-content\/uploads\/2024\/01\/Ducati-Lenovo-Team-2025.webp\" alt=\"\" width=\"45\" height=\"30\" \/><br \/>\n\ud83c\uddea\ud83c\uddf8 MARC MARQUEZ<br \/>\n<\/strong><span style=\"font-size: 0.8em;\">DUCATI LENOVO TEAM<br \/>\n<strong><em>1:30.480<\/em><\/strong><\/span><\/span><\/td>\n<td style=\"text-align: center; vertical-align: middle; width: 20%;\"><span style=\"font-size: 0.9em;\"><strong><img loading=\"lazy\" decoding=\"async\" class=\"alignnone wp-image-559855\" src=\"https:\/\/dicodusport.fr\/blog\/wp-content\/uploads\/2024\/01\/Aprilia-Racing-2025.webp\" alt=\"\" width=\"45\" height=\"30\" \/><br \/>\n\ud83c\uddee\ud83c\uddf9 MARCO BEZZECCHI<br \/>\n<\/strong><span style=\"font-size: 0.8em;\">APRILIA RACING<br \/>\n<strong><em>+0.147<\/em><\/strong><\/span><\/span><\/td>\n<td style=\"text-align: center; vertical-align: middle; width: 20%;\"><span style=\"font-size: 0.9em;\"><strong><img loading=\"lazy\" decoding=\"async\" class=\"alignnone wp-image-559862\" src=\"https:\/\/dicodusport.fr\/blog\/wp-content\/uploads\/2024\/01\/Pertamina-Enduro-VR46-Racing-Team-2025.webp\" alt=\"\" width=\"45\" height=\"30\" \/><br \/>\n\ud83c\uddee\ud83c\uddf9 FRANCO MORBIDELLI<br \/>\n<\/strong><span style=\"font-size: 0.8em;\">PERTAMINA ENDURO VR46 RACING TEAM<br \/>\n<strong><em>+0.193<\/em><\/strong><br \/>\n<\/span><\/span><\/td>\n<\/tr>\n<tr>\n<td style=\"background-color: #c80502; width: 800px; text-align: center; vertical-align: middle;\" colspan=\"6\"><span style=\"color: #ffffff;\"><strong>SAMEDI 13 SEPTEMBRE 2025<\/strong><\/span><\/td>\n<\/tr>\n<tr>\n<td style=\"text-align: center; vertical-align: middle; width: 20%; background-color: #000000;\"><span style=\"color: #ffffff; font-size: 0.9em;\"><strong>Horaire<\/strong><\/span><\/td>\n<td style=\"text-align: center; vertical-align: middle; width: 20%; background-color: #000000;\" colspan=\"2\"><span style=\"color: #ffffff;\"><span style=\"font-size: 0.9em;\"><b>\u00c9preuve<\/b><\/span><\/span><\/td>\n<td style=\"text-align: center; vertical-align: middle; width: 20%; background-color: #000000;\"><span style=\"color: #ffffff; font-size: 0.9em;\"><strong>Premier<\/strong><\/span><\/td>\n<td style=\"text-align: center; vertical-align: middle; width: 20%; background-color: #000000;\"><span style=\"color: #ffffff; font-size: 0.9em;\"><strong>Deuxi\u00e8me<\/strong><\/span><\/td>\n<td style=\"text-align: center; vertical-align: middle; width: 20%; background-color: #000000;\"><span style=\"color: #ffffff; font-size: 0.9em;\"><strong>Troisi\u00e8me<\/strong><\/span><\/td>\n<\/tr>\n<tr>\n<td style=\"text-align: center; vertical-align: middle; width: 20%;\"><strong>10H10 &#8211; 10H40<\/strong><\/td>\n<td style=\"text-align: center; vertical-align: middle; width: 20%;\" colspan=\"2\"><strong>Essais libres 3<br \/>\n<a href=\"https:\/\/www.motogp.com\/fr\/gp-results\/2025\/rsm\/motogp\/fp2\/classification\"><span style=\"font-size: 11.52px;\"><i>Classement<\/i><\/span><\/a><br \/>\n<\/strong><\/td>\n<td style=\"text-align: center; vertical-align: middle; width: 20%;\"><span style=\"font-size: 0.9em;\"><strong><img loading=\"lazy\" decoding=\"async\" class=\"alignnone wp-image-559855\" src=\"https:\/\/dicodusport.fr\/blog\/wp-content\/uploads\/2024\/01\/Aprilia-Racing-2025.webp\" alt=\"\" width=\"45\" height=\"30\" \/><br \/>\n\ud83c\uddee\ud83c\uddf9 MARCO BEZZECCHI<br \/>\n<\/strong><span style=\"font-size: 0.8em;\">APRILIA RACING<br \/>\n<strong><em>1:30.624<\/em><\/strong><br \/>\n<\/span><\/span><\/td>\n<td style=\"text-align: center; vertical-align: middle; width: 20%;\"><span style=\"font-size: 0.9em;\"><strong><img loading=\"lazy\" decoding=\"async\" class=\"alignnone wp-image-559862\" src=\"https:\/\/dicodusport.fr\/blog\/wp-content\/uploads\/2024\/01\/Pertamina-Enduro-VR46-Racing-Team-2025.webp\" alt=\"\" width=\"45\" height=\"30\" \/><br \/>\n\ud83c\uddee\ud83c\uddf9 FRANCO MORBIDELLI<br \/>\n<\/strong><span style=\"font-size: 0.8em;\">PERTAMINA ENDURO VR46 RACING TEAM<br \/>\n<strong><em>+0.290<\/em><\/strong><br \/>\n<\/span><\/span><\/td>\n<td style=\"text-align: center; vertical-align: middle; width: 20%;\"><span style=\"font-size: 0.9em;\"><strong><img loading=\"lazy\" decoding=\"async\" class=\"alignnone wp-image-559858\" src=\"https:\/\/dicodusport.fr\/blog\/wp-content\/uploads\/2024\/01\/Honda-HRC-Castrol-2025.webp\" alt=\"\" width=\"45\" height=\"30\" \/><br \/>\n\ud83c\uddee\ud83c\uddf9 LUCA MARINI<br \/>\n<\/strong><span style=\"font-size: 0.8em;\">REPSOL HONDA TEAM<br \/>\n<strong><em>+0.570<\/em><\/strong><\/span><br \/>\n<\/span><\/td>\n<\/tr>\n<tr>\n<td style=\"text-align: center; vertical-align: middle; width: 20%;\"><strong>10H50 &#8211; 11<\/strong><strong>H05<\/strong><\/td>\n<td style=\"text-align: center; vertical-align: middle;\" colspan=\"2\"><strong>Qualifications 1<br \/>\n<a href=\"https:\/\/www.motogp.com\/fr\/gp-results\/2025\/rsm\/motogp\/q1\/classification\"><span style=\"font-size: 11.52px;\"><i>Classement<\/i><\/span><\/a><br \/>\n<\/strong><\/td>\n<td style=\"text-align: center; vertical-align: middle; width: 20%;\"><span style=\"font-size: 0.9em;\"><strong><img loading=\"lazy\" decoding=\"async\" class=\"alignnone wp-image-559865\" src=\"https:\/\/dicodusport.fr\/blog\/wp-content\/uploads\/2024\/01\/Monster-Energy-Yamaha-2025.webp\" alt=\"\" width=\"45\" height=\"30\" \/><br \/>\n\ud83c\uddeb\ud83c\uddf7 FABIO QUARTARARO<strong style=\"font-size: 14.4px;\"><br style=\"font-size: 14.4px;\" \/><\/strong><\/strong><span style=\"font-size: 0.8em;\">MONSTER ENERGY YAMAHA<br \/>\n<strong><em>1:30.842<\/em><\/strong><br \/>\n<\/span><\/span><\/td>\n<td style=\"text-align: center; vertical-align: middle; width: 20%;\"><span style=\"font-size: 0.9em;\"><strong><img loading=\"lazy\" decoding=\"async\" class=\"alignnone wp-image-559857\" src=\"https:\/\/dicodusport.fr\/blog\/wp-content\/uploads\/2024\/01\/BK8-Gresini-Racing-2025.webp\" alt=\"\" width=\"45\" height=\"30\" \/><br \/>\n\ud83c\uddea\ud83c\uddf8 FERMIN ALDEGUER<br \/>\n<\/strong><span style=\"font-size: 0.8em;\">BK8 GRESINI RACING<br \/>\n<strong><em>+0.371<\/em><\/strong><br \/>\n<\/span><\/span><\/td>\n<td style=\"text-align: center; vertical-align: middle; width: 20%;\"><span style=\"font-size: 0.9em;\"><strong><img loading=\"lazy\" decoding=\"async\" class=\"alignnone wp-image-559859\" src=\"https:\/\/dicodusport.fr\/blog\/wp-content\/uploads\/2024\/01\/Prima-Pramac-Yamaha-2025.webp\" alt=\"\" width=\"45\" height=\"30\" \/><br \/>\n\ud83c\uddf5\ud83c\uddf9 MIGUEL OLIVEIRA<br \/>\n<\/strong><span style=\"font-size: 0.8em;\">PRIMA PRAMAC RACING<br \/>\n<strong><em>+0.463<\/em><\/strong><\/span><\/span><\/td>\n<\/tr>\n<tr>\n<td style=\"text-align: center; vertical-align: middle; width: 20%;\"><strong>11H15 &#8211; 11H30<\/strong><\/td>\n<td style=\"text-align: center; vertical-align: middle;\" colspan=\"2\"><strong>Qualifications 2<br \/>\n<span style=\"font-size: 11.52px;\"><i><a href=\"https:\/\/dicodusport.fr\/blog\/motogp-saint-marin-2025-marco-bezzecchi-en-pole-a-misano-fabio-quartararo-en-premiere-ligne\/\">R\u00e9sum\u00e9<\/a> &#8211; <a href=\"https:\/\/www.motogp.com\/fr\/gp-results\/2025\/rsm\/motogp\/q2\/classification\">Classement<\/a><\/i><\/span><br \/>\n<\/strong><\/td>\n<td style=\"text-align: center; vertical-align: middle; width: 20%;\"><span style=\"font-size: 0.9em;\"><strong><img loading=\"lazy\" decoding=\"async\" class=\"alignnone wp-image-559855\" src=\"https:\/\/dicodusport.fr\/blog\/wp-content\/uploads\/2024\/01\/Aprilia-Racing-2025.webp\" alt=\"\" width=\"45\" height=\"30\" \/><br \/>\n\ud83c\uddee\ud83c\uddf9 MARCO BEZZECCHI<br \/>\n<\/strong><span style=\"font-size: 0.8em;\">APRILIA RACING<br \/>\n<strong><em>1:30.134<\/em><\/strong><\/span><\/span><\/td>\n<td style=\"text-align: center; vertical-align: middle; width: 20%;\"><span style=\"font-size: 0.9em;\"><strong><img loading=\"lazy\" decoding=\"async\" class=\"alignnone wp-image-559857\" src=\"https:\/\/dicodusport.fr\/blog\/wp-content\/uploads\/2024\/01\/BK8-Gresini-Racing-2025.webp\" alt=\"\" width=\"45\" height=\"30\" \/><br \/>\n\ud83c\uddea\ud83c\uddf8 ALEX MARQUEZ<br \/>\n<\/strong><span style=\"font-size: 0.8em;\">BK8 GRESINI RACING<br \/>\n<strong><em>+0.088<\/em><\/strong><\/span><\/span><\/td>\n<td style=\"text-align: center; vertical-align: middle; width: 20%;\"><span style=\"font-size: 0.9em;\"><strong><img loading=\"lazy\" decoding=\"async\" class=\"alignnone wp-image-559865\" src=\"https:\/\/dicodusport.fr\/blog\/wp-content\/uploads\/2024\/01\/Monster-Energy-Yamaha-2025.webp\" alt=\"\" width=\"45\" height=\"30\" \/><br \/>\n\ud83c\uddeb\ud83c\uddf7 FABIO QUARTARARO<strong style=\"font-size: 14.4px;\"><br style=\"font-size: 14.4px;\" \/><\/strong><\/strong><span style=\"font-size: 0.8em;\">MONSTER ENERGY YAMAHA<br \/>\n<strong><em>+0.094<\/em><\/strong><\/span><\/span><\/td>\n<\/tr>\n<tr>\n<td style=\"text-align: center; vertical-align: middle; width: 20%;\"><strong>15H00<\/strong><\/td>\n<td style=\"text-align: center; vertical-align: middle; width: 20%;\" colspan=\"2\"><strong>Course Sprint<br \/>\n<span style=\"font-size: 11.52px;\"><i><a title=\"MotoGP Saint-Marin 2025 : Marco Bezzecchi profite d\u2019une chute de Marc Marquez pour remporter le sprint\" href=\"https:\/\/dicodusport.fr\/blog\/motogp-saint-marin-2025-marco-bezzecchi-profite-dune-chute-de-marc-marquez-pour-remporter-le-sprint\/\" rel=\"\">R\u00e9sum\u00e9<\/a> &#8211; <a title=\"MotoGP Saint-Marin 2025 \u2013 Classement Course sprint\" href=\"https:\/\/dicodusport.fr\/blog\/motogp-saint-marin-2025-classement-course-sprint\/\" rel=\"\">Classement<\/a><\/i><\/span><br \/>\n<\/strong><\/td>\n<td style=\"text-align: center; vertical-align: middle; width: 20%;\"><span style=\"font-size: 0.9em;\"><strong><img loading=\"lazy\" decoding=\"async\" class=\"alignnone wp-image-559855\" src=\"https:\/\/dicodusport.fr\/blog\/wp-content\/uploads\/2024\/01\/Aprilia-Racing-2025.webp\" alt=\"\" width=\"45\" height=\"30\" \/><br \/>\n\ud83c\uddee\ud83c\uddf9 MARCO BEZZECCHI<br \/>\n<\/strong><span style=\"font-size: 0.8em;\">APRILIA RACING<br \/>\n<strong><em>19:52.966<\/em><\/strong><\/span><\/span><\/td>\n<td style=\"text-align: center; vertical-align: middle; width: 20%;\"><span style=\"font-size: 0.9em;\"><strong><img loading=\"lazy\" decoding=\"async\" class=\"alignnone wp-image-559857\" src=\"https:\/\/dicodusport.fr\/blog\/wp-content\/uploads\/2024\/01\/BK8-Gresini-Racing-2025.webp\" alt=\"\" width=\"45\" height=\"30\" \/><br \/>\n\ud83c\uddea\ud83c\uddf8 ALEX MARQUEZ<br \/>\n<\/strong><span style=\"font-size: 0.8em;\">BK8 GRESINI RACING<br \/>\n<strong><em>+1.000<\/em><\/strong><\/span><\/span><\/td>\n<td style=\"text-align: center; vertical-align: middle; width: 20%;\"><span style=\"font-size: 0.9em;\"><strong><img loading=\"lazy\" decoding=\"async\" class=\"alignnone wp-image-559862\" src=\"https:\/\/dicodusport.fr\/blog\/wp-content\/uploads\/2024\/01\/Pertamina-Enduro-VR46-Racing-Team-2025.webp\" alt=\"\" width=\"45\" height=\"30\" \/><br \/>\n\ud83c\uddee\ud83c\uddf9 FABIO DI GIANNANTONIO<br \/>\n<\/strong><span style=\"font-size: 0.8em;\">PERTAMINA ENDURO VR46 RACING TEAM<br \/>\n<strong><em>+2.551<\/em><\/strong><\/span><\/span><\/td>\n<\/tr>\n<tr>\n<td style=\"background-color: #c80502; width: 800px; text-align: center; vertical-align: middle;\" colspan=\"6\"><span style=\"color: #ffffff;\"><strong>DIMANCHE 14 SEPTEMBRE 2025<\/strong><\/span><\/td>\n<\/tr>\n<tr>\n<td style=\"text-align: center; vertical-align: middle; width: 20%; background-color: #000000;\"><span style=\"color: #ffffff; font-size: 0.9em;\"><strong>Horaire<\/strong><\/span><\/td>\n<td style=\"text-align: center; vertical-align: middle; width: 20%; background-color: #000000;\" colspan=\"2\"><span style=\"color: #ffffff;\"><span style=\"font-size: 0.9em;\"><b>\u00c9preuve<\/b><\/span><\/span><\/td>\n<td style=\"text-align: center; vertical-align: middle; width: 20%; background-color: #000000;\"><span style=\"color: #ffffff; font-size: 0.9em;\"><strong>Premier<\/strong><\/span><\/td>\n<td style=\"text-align: center; vertical-align: middle; width: 20%; background-color: #000000;\"><span style=\"color: #ffffff; font-size: 0.9em;\"><strong>Deuxi\u00e8me<\/strong><\/span><\/td>\n<td style=\"text-align: center; vertical-align: middle; width: 20%; background-color: #000000;\"><span style=\"color: #ffffff; font-size: 0.9em;\"><strong>Troisi\u00e8me<\/strong><\/span><\/td>\n<\/tr>\n<tr>\n<td style=\"text-align: center; vertical-align: middle; width: 20%;\"><strong>9H40 &#8211; 9H50<\/strong><\/td>\n<td style=\"text-align: center; vertical-align: middle;\" colspan=\"2\"><strong>Warm-up<br \/>\n<a href=\"https:\/\/www.motogp.com\/fr\/gp-results\/2025\/rsm\/motogp\/wup\/classification\"><span style=\"font-size: 11.52px;\"><i>Classement<\/i><\/span><\/a><br \/>\n<\/strong><\/td>\n<td style=\"text-align: center; vertical-align: middle; width: 20%;\"><span style=\"font-size: 0.9em;\"><strong><img loading=\"lazy\" decoding=\"async\" class=\"alignnone wp-image-559856\" src=\"https:\/\/dicodusport.fr\/blog\/wp-content\/uploads\/2024\/01\/Ducati-Lenovo-Team-2025.webp\" alt=\"\" width=\"45\" height=\"30\" \/><br \/>\n\ud83c\uddea\ud83c\uddf8 MARC MARQUEZ<br \/>\n<\/strong><span style=\"font-size: 0.8em;\">DUCATI LENOVO TEAM<br \/>\n<strong><em>1:31.386<\/em><\/strong><\/span><\/span><\/td>\n<td style=\"text-align: center; vertical-align: middle; width: 20%;\"><span style=\"font-size: 0.9em;\"><strong><img loading=\"lazy\" decoding=\"async\" class=\"alignnone wp-image-559855\" src=\"https:\/\/dicodusport.fr\/blog\/wp-content\/uploads\/2024\/01\/Aprilia-Racing-2025.webp\" alt=\"\" width=\"45\" height=\"30\" \/><br \/>\n\ud83c\uddee\ud83c\uddf9 MARCO BEZZECCHI<br \/>\n<\/strong><span style=\"font-size: 0.8em;\">APRILIA RACING<br \/>\n<strong><em>+0.038<\/em><\/strong><\/span><\/span><\/td>\n<td style=\"text-align: center; vertical-align: middle; width: 20%;\"><span style=\"font-size: 0.9em;\"><strong><img loading=\"lazy\" decoding=\"async\" class=\"alignnone wp-image-559857\" src=\"https:\/\/dicodusport.fr\/blog\/wp-content\/uploads\/2024\/01\/BK8-Gresini-Racing-2025.webp\" alt=\"\" width=\"45\" height=\"30\" \/><br \/>\n\ud83c\uddea\ud83c\uddf8 ALEX MARQUEZ<br \/>\n<\/strong><span style=\"font-size: 0.8em;\">BK8 GRESINI RACING<br \/>\n<strong><em>+0.074<\/em><\/strong><\/span><\/span><\/td>\n<\/tr>\n<tr>\n<td style=\"text-align: center; vertical-align: middle; width: 20%;\"><strong>14H00<\/strong><\/td>\n<td style=\"text-align: center; vertical-align: middle; width: 20%;\" colspan=\"2\"><strong>Grand Prix<br \/>\n<span style=\"font-size: 11.52px;\"><i><a href=\"https:\/\/dicodusport.fr\/blog\/motogp-saint-marin-2025-marc-marquez-resiste-a-marco-bezzecchi-et-simpose-a-misano\/\">R\u00e9sum\u00e9<\/a> &#8211; <a href=\"https:\/\/dicodusport.fr\/blog\/motogp-misano-classement-et-resultats-du-grand-prix-de-saint-marin-2025\/\">Classement<\/a><\/i><\/span><br \/>\n<\/strong><\/td>\n<td style=\"text-align: center; vertical-align: middle; width: 20%;\"><span style=\"font-size: 0.9em;\"><strong><img loading=\"lazy\" decoding=\"async\" class=\"alignnone wp-image-559856\" src=\"https:\/\/dicodusport.fr\/blog\/wp-content\/uploads\/2024\/01\/Ducati-Lenovo-Team-2025.webp\" alt=\"\" width=\"45\" height=\"30\" \/><br \/>\n\ud83c\uddea\ud83c\uddf8 MARC MARQUEZ<br \/>\n<\/strong><span style=\"font-size: 0.8em;\">DUCATI LENOVO TEAM<br \/>\n<strong><em>41:20.898<\/em><\/strong><\/span><\/span><\/td>\n<td style=\"text-align: center; vertical-align: middle; width: 20%;\"><span style=\"font-size: 0.9em;\"><strong><img loading=\"lazy\" decoding=\"async\" class=\"alignnone wp-image-559855\" src=\"https:\/\/dicodusport.fr\/blog\/wp-content\/uploads\/2024\/01\/Aprilia-Racing-2025.webp\" alt=\"\" width=\"45\" height=\"30\" \/><br \/>\n\ud83c\uddee\ud83c\uddf9 MARCO BEZZECCHI<br \/>\n<\/strong><span style=\"font-size: 0.8em;\">APRILIA RACING<br \/>\n<strong><em>+0.568<\/em><\/strong><\/span><\/span><\/td>\n<td style=\"text-align: center; vertical-align: middle; width: 20%;\"><span style=\"font-size: 0.9em;\"><strong><img loading=\"lazy\" decoding=\"async\" class=\"alignnone wp-image-559857\" src=\"https:\/\/dicodusport.fr\/blog\/wp-content\/uploads\/2024\/01\/BK8-Gresini-Racing-2025.webp\" alt=\"\" width=\"45\" height=\"30\" \/><br \/>\n\ud83c\uddea\ud83c\uddf8 ALEX MARQUEZ<br \/>\n<\/strong><span style=\"font-size: 0.8em;\">BK8 GRESINI RACING<br \/>\n<strong><em>+7.734<\/em><\/strong><\/span><\/span><\/td>\n<\/tr>\n<\/tbody>\n<\/table>\n<h2 style=\"text-align: justify;\">Les enjeux du Grand Prix de Saint-Marin de MotoGP<\/h2>\n<p style=\"text-align: justify;\">Cette manche est la seizi\u00e8me du championnat de monde de MotoGP 2025. Apr\u00e8s quinze courses et la tr\u00eave estivale pass\u00e9e, plusieurs questions ont re\u00e7u des r\u00e9ponses, et notamment concernant l&rsquo;arriv\u00e9e de <strong>Marc M\u00e1rquez<\/strong>\u00a0chez Ducati aux c\u00f4t\u00e9s de <strong>Francesco Bagnaia.<\/strong> Il a remport\u00e9 toutes les courses (sprint + GP) depuis le d\u00e9but de l&rsquo;ann\u00e9e, sauf 5. Le champion du monde en titre, <strong>Jorge Mart\u00edn<\/strong><strong>, <\/strong>est lui parti de chez Pramac Ducati pour Aprilia et a fait sa rentr\u00e9e au Grand Prix de R\u00e9publique Tch\u00e8que apr\u00e8s une longue p\u00e9riode de blessures. Il performe de plus en plus.<\/p>\n<p style=\"text-align: justify;\">De son c\u00f4t\u00e9, <strong>Francesco Bagnaia<\/strong> a donc repris son ancien num\u00e9ro, le 63, et n&rsquo;arrive pas \u00e0 briller comme avant : son co\u00e9quipier lui m\u00e8ne la vie dure. Un autre outsider a \u00e9merg\u00e9 cette saison :<strong> \u00c1lex M\u00e1rquez\u00a0<\/strong>(Gresini). Le fr\u00e8re de l&rsquo;octuple champion du monde a conquis sa premi\u00e8re victoire en Espagne. Il compte 305 points au classement pilote, soit 182 de moins que son fr\u00e8re qui m\u00e8ne largement le championnat. Trois rookies ont d\u00e9but\u00e9 dans la cat\u00e9gorie, dont deux pilotes asiatiques. Le Tha\u00eflandais <strong>Somkiat Chantra<\/strong> est pilote chez LCR Honda, l&rsquo;Espagnol <strong>Ferm\u00edn Aldeguer<\/strong> chez Gresini Racing, qui continue d&rsquo;impressionner, et enfin le Japonais <strong>Ai Ogura<\/strong> chez Trackhouse MotoGP Team.<\/p>\n<p style=\"text-align: justify;\">Enfin, deux pilotes fran\u00e7ais sont encore pr\u00e9sents cette ann\u00e9e. <strong>Fabio Quartararo<\/strong>, champion du monde 2021, est toujours dans l&rsquo;\u00e9quipe officielle Yamaha. Apr\u00e8s trois ans difficiles, la moto semble avoir fait des progr\u00e8s d&rsquo;apr\u00e8s les r\u00e9sultats de la premi\u00e8re moiti\u00e9 de saison. Il a d&rsquo;ailleurs termin\u00e9 deuxi\u00e8me de la course sprint en Espagne apr\u00e8s plus de deux ans sans podium. Il a \u00e9galement r\u00e9alis\u00e9 quatre pole positions cette saison. Une autre \u00e9curie d&rsquo;usine a rejoint Yamaha, il s&rsquo;agit de <strong>Pramac<\/strong>. L&rsquo;ancienne \u00e9curie motoris\u00e9e par Ducati s&rsquo;est alli\u00e9e au constructeur japonais et emploie deux pilotes exp\u00e9riment\u00e9s : <strong>Jack Miller<\/strong> et <strong>Miguel Oliveira<\/strong>.<\/p>\n<div class=\"vlp-link-container vlp-layout-article\"><a href=\"https:\/\/dicodusport.fr\/blog\/motogp-catalogne-2025-marc-marquez-vainqueur-de-la-course-sprint-devant-fabio-quartararo\/\" class=\"vlp-link\" title=\"MotoGP Catalogne 2025 : Marc Marquez vainqueur de la course sprint devant Fabio Quartararo\"><\/a><div class=\"vlp-layout-zone-side\"><div class=\"vlp-block-4 vlp-link-image\"><img loading=\"lazy\" decoding=\"async\" style=\"max-width: 792px;\" width=\"792\" height=\"445\" src=\"https:\/\/dicodusport.fr\/blog\/wp-content\/uploads\/2025\/09\/MotoGP-Catalogne-2025-Marc-Marquez-vainqueur-de-la-course-sprint-devant-Fabio-Quartararo.png\" class=\"attachment-800x445 size-800x445\" alt=\"MotoGP Catalogne 2025 Marc Marquez vainqueur de la course sprint devant Fabio Quartararo\" srcset=\"https:\/\/dicodusport.fr\/blog\/wp-content\/uploads\/2025\/09\/MotoGP-Catalogne-2025-Marc-Marquez-vainqueur-de-la-course-sprint-devant-Fabio-Quartararo.png 1200w, https:\/\/dicodusport.fr\/blog\/wp-content\/uploads\/2025\/09\/MotoGP-Catalogne-2025-Marc-Marquez-vainqueur-de-la-course-sprint-devant-Fabio-Quartararo-300x169.png 300w, https:\/\/dicodusport.fr\/blog\/wp-content\/uploads\/2025\/09\/MotoGP-Catalogne-2025-Marc-Marquez-vainqueur-de-la-course-sprint-devant-Fabio-Quartararo-1024x575.png 1024w, https:\/\/dicodusport.fr\/blog\/wp-content\/uploads\/2025\/09\/MotoGP-Catalogne-2025-Marc-Marquez-vainqueur-de-la-course-sprint-devant-Fabio-Quartararo-768x431.png 768w\" sizes=\"auto, (max-width: 792px) 100vw, 792px\" \/><\/div><\/div><div class=\"vlp-layout-zone-main\"><div class=\"vlp-block-0 vlp-link-title\">MotoGP Catalogne 2025 : Marc Marquez vainqueur de la course sprint devant Fabio Quartararo<\/div><div class=\"vlp-block-1 vlp-link-summary\">MOTO GP - GRAND PRIX DE CATALOGNE 2025 - Alors qu'Alex Marquez (Gresini) a domin\u00e9 jusqu'\u00e0 trois tours de l'arriv\u00e9e, c'est Marc Marquez qui a de nouveau remport\u00e9 la course sprint \u00e0 Barcelone. <\/div><div class=\"vlp-block-2 vlp-link-button\">Lire l'article<\/div><div class=\"vlp-block-3 vlp-link-url\">dicodusport.fr<\/div><\/div><\/div>\n<p style=\"text-align: justify;\">L\u2019autre Fran\u00e7ais, <strong>Johann Zarco<\/strong>, entame sa deuxi\u00e8me ann\u00e9e chez LCR Honda et continue de vouloir faire revenir la marque au meilleur niveau. <a href=\"https:\/\/dicodusport.fr\/blog\/motogp-france-2025-johann-zarco-cree-lexploit-et-remporte-le-grand-prix-au-mans\/\">Il a m\u00eame remport\u00e9 le Grand Prix de France<\/a> il y a plus de trois mois, historique ! Sa prolongation de contrat avec son \u00e9quipe a d&rsquo;ailleurs \u00e9t\u00e9 annonc\u00e9e cette semaine. Enfin, <strong>Joan Mir<\/strong> et <strong>Luca Marini<\/strong> sont eux chez Honda HRC Castrol.<\/p>\n<ul>\n<li style=\"text-align: justify;\"><strong>\u00c0 lire aussi &#8211; <a href=\"https:\/\/dicodusport.fr\/blog\/classement-motogp-2025-le-point-sur-le-championnat-du-monde-des-pilotes\/\">MotoGP 2025 : Le classement du championnat du monde des pilotes<\/a><\/strong><\/li>\n<\/ul>\n","protected":false},"excerpt":{"rendered":"<p>Retrouvez ici le programme TV complet, les horaires des essais, qualifications et course, ainsi que les r\u00e9sultats en temps r\u00e9el du Grand Prix de Catalogne 2025 de MotoGP.\u00a0<\/p>\n","protected":false},"author":54,"featured_media":610368,"comment_status":"open","ping_status":"closed","sticky":false,"template":"","format":"standard","meta":{"_acf_changed":false,"_daextam_enable_autolinks":"1","footnotes":""},"categories":[44295,47087],"tags":[16878,11646,19340,10938],"class_list":["post-609924","post","type-post","status-publish","format-standard","has-post-thumbnail","hentry","category-chaine-tv","category-motogp","tag-breve","tag-grand-prix-de-saint-marin","tag-grand-prix-de-saint-marin-motogp","tag-motogp"],"acf":[],"yoast_head":"<!-- This site is optimized with the Yoast SEO Premium plugin v26.7 (Yoast SEO v26.7) - https:\/\/yoast.com\/wordpress\/plugins\/seo\/ -->\n<title>MotoGP Saint-Marin 2025 : Les r\u00e9sultats complets<\/title>\n<meta name=\"description\" content=\"Retrouvez ici le programme TV complet, les horaires ainsi que les r\u00e9sultats du Grand Prix de Saint-Marin 2025 de MotoGP.\u00a0\u00a0\" \/>\n<meta name=\"robots\" content=\"index, follow, max-snippet:-1, max-image-preview:large, max-video-preview:-1\" \/>\n<link rel=\"canonical\" href=\"https:\/\/dicodusport.fr\/blog\/motogp-saint-marin-2025-horaires-programme-tv-et-resultats\/\" \/>\n<meta property=\"og:locale\" content=\"fr_FR\" \/>\n<meta property=\"og:type\" content=\"article\" \/>\n<meta property=\"og:title\" content=\"MotoGP Saint-Marin 2025 : Les r\u00e9sultats complets\" \/>\n<meta property=\"og:description\" content=\"Retrouvez ici le programme TV complet, les horaires ainsi que les r\u00e9sultats du Grand Prix de Saint-Marin 2025 de MotoGP.\u00a0\u00a0\" \/>\n<meta property=\"og:url\" content=\"https:\/\/dicodusport.fr\/blog\/motogp-saint-marin-2025-horaires-programme-tv-et-resultats\/\" \/>\n<meta property=\"og:site_name\" content=\"Dicodusport\" \/>\n<meta property=\"article:publisher\" content=\"https:\/\/www.facebook.com\/dicodusport\" \/>\n<meta property=\"article:author\" content=\"https:\/\/www.facebook.com\/roxane.lecacher\" \/>\n<meta property=\"article:published_time\" content=\"2025-09-14T13:09:49+00:00\" \/>\n<meta property=\"og:image\" content=\"https:\/\/dicodusport.fr\/blog\/wp-content\/uploads\/2025\/09\/MotoGP-Misano-La-grille-de-depart-du-Grand-Prix-de-Saint-Marin-2025.png\" \/>\n\t<meta property=\"og:image:width\" content=\"1200\" \/>\n\t<meta property=\"og:image:height\" content=\"674\" \/>\n\t<meta property=\"og:image:type\" content=\"image\/png\" \/>\n<meta name=\"author\" content=\"Roxane Lecacher\" \/>\n<meta name=\"twitter:card\" content=\"summary_large_image\" \/>\n<meta name=\"twitter:creator\" content=\"@dicodusport\" \/>\n<meta name=\"twitter:site\" content=\"@dicodusport\" \/>\n<script type=\"application\/ld+json\" class=\"yoast-schema-graph\">{\"@context\":\"https:\/\/schema.org\",\"@graph\":[{\"@type\":\"NewsArticle\",\"@id\":\"https:\/\/dicodusport.fr\/blog\/motogp-saint-marin-2025-horaires-programme-tv-et-resultats\/#article\",\"isPartOf\":{\"@id\":\"https:\/\/dicodusport.fr\/blog\/motogp-saint-marin-2025-horaires-programme-tv-et-resultats\/\"},\"author\":{\"name\":\"Roxane Lecacher\",\"@id\":\"https:\/\/dicodusport.fr\/blog\/#\/schema\/person\/819fb2545dd2715bd7c0580d6d4b411a\"},\"headline\":\"MotoGP Saint-Marin 2025 : Les r\u00e9sultats complets\",\"datePublished\":\"2025-09-14T13:09:49+00:00\",\"mainEntityOfPage\":{\"@id\":\"https:\/\/dicodusport.fr\/blog\/motogp-saint-marin-2025-horaires-programme-tv-et-resultats\/\"},\"wordCount\":1317,\"commentCount\":0,\"publisher\":{\"@id\":\"https:\/\/dicodusport.fr\/blog\/#organization\"},\"image\":{\"@id\":\"https:\/\/dicodusport.fr\/blog\/motogp-saint-marin-2025-horaires-programme-tv-et-resultats\/#primaryimage\"},\"thumbnailUrl\":\"https:\/\/dicodusport.fr\/blog\/wp-content\/uploads\/2025\/09\/MotoGP-Misano-La-grille-de-depart-du-Grand-Prix-de-Saint-Marin-2025.png\",\"keywords\":[\"br\u00e8ve\",\"Grand Prix de Saint-Marin\",\"Grand Prix de Saint-Marin MotoGP\",\"MotoGP\"],\"articleSection\":[\"Cha\u00eene TV\",\"MotoGP\"],\"inLanguage\":\"fr-FR\",\"potentialAction\":[{\"@type\":\"CommentAction\",\"name\":\"Comment\",\"target\":[\"https:\/\/dicodusport.fr\/blog\/motogp-saint-marin-2025-horaires-programme-tv-et-resultats\/#respond\"]}],\"copyrightYear\":\"2025\",\"copyrightHolder\":{\"@id\":\"https:\/\/dicodusport.fr\/blog\/#organization\"}},{\"@type\":\"WebPage\",\"@id\":\"https:\/\/dicodusport.fr\/blog\/motogp-saint-marin-2025-horaires-programme-tv-et-resultats\/\",\"url\":\"https:\/\/dicodusport.fr\/blog\/motogp-saint-marin-2025-horaires-programme-tv-et-resultats\/\",\"name\":\"MotoGP Saint-Marin 2025 : Les r\u00e9sultats complets\",\"isPartOf\":{\"@id\":\"https:\/\/dicodusport.fr\/blog\/#website\"},\"primaryImageOfPage\":{\"@id\":\"https:\/\/dicodusport.fr\/blog\/motogp-saint-marin-2025-horaires-programme-tv-et-resultats\/#primaryimage\"},\"image\":{\"@id\":\"https:\/\/dicodusport.fr\/blog\/motogp-saint-marin-2025-horaires-programme-tv-et-resultats\/#primaryimage\"},\"thumbnailUrl\":\"https:\/\/dicodusport.fr\/blog\/wp-content\/uploads\/2025\/09\/MotoGP-Misano-La-grille-de-depart-du-Grand-Prix-de-Saint-Marin-2025.png\",\"datePublished\":\"2025-09-14T13:09:49+00:00\",\"description\":\"Retrouvez ici le programme TV complet, les horaires ainsi que les r\u00e9sultats du Grand Prix de Saint-Marin 2025 de MotoGP.\u00a0\u00a0\",\"breadcrumb\":{\"@id\":\"https:\/\/dicodusport.fr\/blog\/motogp-saint-marin-2025-horaires-programme-tv-et-resultats\/#breadcrumb\"},\"inLanguage\":\"fr-FR\",\"potentialAction\":[{\"@type\":\"ReadAction\",\"target\":[\"https:\/\/dicodusport.fr\/blog\/motogp-saint-marin-2025-horaires-programme-tv-et-resultats\/\"]}]},{\"@type\":\"ImageObject\",\"inLanguage\":\"fr-FR\",\"@id\":\"https:\/\/dicodusport.fr\/blog\/motogp-saint-marin-2025-horaires-programme-tv-et-resultats\/#primaryimage\",\"url\":\"https:\/\/dicodusport.fr\/blog\/wp-content\/uploads\/2025\/09\/MotoGP-Misano-La-grille-de-depart-du-Grand-Prix-de-Saint-Marin-2025.png\",\"contentUrl\":\"https:\/\/dicodusport.fr\/blog\/wp-content\/uploads\/2025\/09\/MotoGP-Misano-La-grille-de-depart-du-Grand-Prix-de-Saint-Marin-2025.png\",\"width\":1200,\"height\":674,\"caption\":\"MotoGP Misano - La grille de d\u00e9part du Grand Prix de Saint-Marin 2025\"},{\"@type\":\"BreadcrumbList\",\"@id\":\"https:\/\/dicodusport.fr\/blog\/motogp-saint-marin-2025-horaires-programme-tv-et-resultats\/#breadcrumb\",\"itemListElement\":[{\"@type\":\"ListItem\",\"position\":1,\"name\":\"Accueil\",\"item\":\"https:\/\/dicodusport.fr\/blog\/\"},{\"@type\":\"ListItem\",\"position\":2,\"name\":\"MotoGP Saint-Marin 2025 : Les r\u00e9sultats complets\"}]},{\"@type\":\"WebSite\",\"@id\":\"https:\/\/dicodusport.fr\/blog\/#website\",\"url\":\"https:\/\/dicodusport.fr\/blog\/\",\"name\":\"Dicodusport\",\"description\":\"L&#039;encyclop\u00e9die de l&#039;actualit\u00e9 sportive\",\"publisher\":{\"@id\":\"https:\/\/dicodusport.fr\/blog\/#organization\"},\"potentialAction\":[{\"@type\":\"SearchAction\",\"target\":{\"@type\":\"EntryPoint\",\"urlTemplate\":\"https:\/\/dicodusport.fr\/blog\/?s={search_term_string}\"},\"query-input\":{\"@type\":\"PropertyValueSpecification\",\"valueRequired\":true,\"valueName\":\"search_term_string\"}}],\"inLanguage\":\"fr-FR\"},{\"@type\":\"NewsMediaOrganization\",\"@id\":\"https:\/\/dicodusport.fr\/blog\/#organization\",\"name\":\"Dicodusport\",\"url\":\"https:\/\/dicodusport.fr\/blog\/\",\"logo\":{\"@type\":\"ImageObject\",\"inLanguage\":\"fr-FR\",\"@id\":\"https:\/\/dicodusport.fr\/blog\/#\/schema\/logo\/image\/\",\"url\":\"https:\/\/dicodusport.fr\/blog\/wp-content\/uploads\/2020\/06\/cropped-LOGO-DICODUSPORT-2020-SANS-FOND-SANS-TEXTE.png\",\"contentUrl\":\"https:\/\/dicodusport.fr\/blog\/wp-content\/uploads\/2020\/06\/cropped-LOGO-DICODUSPORT-2020-SANS-FOND-SANS-TEXTE.png\",\"width\":512,\"height\":512,\"caption\":\"Dicodusport\"},\"image\":{\"@id\":\"https:\/\/dicodusport.fr\/blog\/#\/schema\/logo\/image\/\"},\"sameAs\":[\"https:\/\/www.facebook.com\/dicodusport\",\"https:\/\/x.com\/dicodusport\",\"https:\/\/www.instagram.com\/dicodusport\/\",\"https:\/\/www.youtube.com\/channel\/UC7V2KZ5sd3htJivAbA4ZG3w\"],\"description\":\"Dicodusport est l'encyclop\u00e9die de l'actualit\u00e9 sportive.\",\"email\":\"bonjour@dicodusport.fr\",\"legalName\":\"DICODUSPORT\",\"foundingDate\":\"2018-01-14\",\"vatID\":\"FR71834470973\",\"taxID\":\"83447097300043\",\"numberOfEmployees\":{\"@type\":\"QuantitativeValue\",\"minValue\":\"1\",\"maxValue\":\"10\"}},{\"@type\":\"Person\",\"@id\":\"https:\/\/dicodusport.fr\/blog\/#\/schema\/person\/819fb2545dd2715bd7c0580d6d4b411a\",\"name\":\"Roxane Lecacher\",\"image\":{\"@type\":\"ImageObject\",\"inLanguage\":\"fr-FR\",\"@id\":\"https:\/\/dicodusport.fr\/blog\/#\/schema\/person\/image\/\",\"url\":\"https:\/\/dicodusport.fr\/blog\/wp-content\/uploads\/2021\/05\/Roxane-Lecacher-150x150.jpg\",\"contentUrl\":\"https:\/\/dicodusport.fr\/blog\/wp-content\/uploads\/2021\/05\/Roxane-Lecacher-150x150.jpg\",\"caption\":\"Roxane Lecacher\"},\"description\":\"Journaliste\/r\u00e9dactrice depuis janvier 2021 - N\u00e9e quelques jours avant la premi\u00e8re \u00e9toile des Bleus, je baigne dans une famille tr\u00e8s sportive. Je n\u2019ai eu d\u2019autres choix que de me passionner pour le sujet. Pratiquante de l\u2019athl\u00e9tisme depuis toute petite, j\u2019ai aussi un attrait tout particulier pour la Formule 1, le biathlon et le foot. Pendant les grands \u00e9v\u00e9nements, il est impossible de d\u00e9crocher de ma t\u00e9l\u00e9. C\u2019est \u00e0 travers Dicodusport que j\u2019aime d\u00e9sormais vous transmettre mes \u00e9motions et ma passion.\",\"sameAs\":[\"https:\/\/www.facebook.com\/roxane.lecacher\",\"https:\/\/fr.linkedin.com\/in\/roxane-lecacher-23368313b\"],\"url\":\"https:\/\/dicodusport.fr\/blog\/author\/roxanel\/\"}]}<\/script>\n<!-- \/ Yoast SEO Premium plugin. -->","yoast_head_json":{"title":"MotoGP Saint-Marin 2025 : Les r\u00e9sultats complets","description":"Retrouvez ici le programme TV complet, les horaires ainsi que les r\u00e9sultats du Grand Prix de Saint-Marin 2025 de MotoGP.\u00a0\u00a0","robots":{"index":"index","follow":"follow","max-snippet":"max-snippet:-1","max-image-preview":"max-image-preview:large","max-video-preview":"max-video-preview:-1"},"canonical":"https:\/\/dicodusport.fr\/blog\/motogp-saint-marin-2025-horaires-programme-tv-et-resultats\/","og_locale":"fr_FR","og_type":"article","og_title":"MotoGP Saint-Marin 2025 : Les r\u00e9sultats complets","og_description":"Retrouvez ici le programme TV complet, les horaires ainsi que les r\u00e9sultats du Grand Prix de Saint-Marin 2025 de MotoGP.\u00a0\u00a0","og_url":"https:\/\/dicodusport.fr\/blog\/motogp-saint-marin-2025-horaires-programme-tv-et-resultats\/","og_site_name":"Dicodusport","article_publisher":"https:\/\/www.facebook.com\/dicodusport","article_author":"https:\/\/www.facebook.com\/roxane.lecacher","article_published_time":"2025-09-14T13:09:49+00:00","og_image":[{"width":1200,"height":674,"url":"https:\/\/dicodusport.fr\/blog\/wp-content\/uploads\/2025\/09\/MotoGP-Misano-La-grille-de-depart-du-Grand-Prix-de-Saint-Marin-2025.png","type":"image\/png"}],"author":"Roxane Lecacher","twitter_card":"summary_large_image","twitter_creator":"@dicodusport","twitter_site":"@dicodusport","schema":{"@context":"https:\/\/schema.org","@graph":[{"@type":"NewsArticle","@id":"https:\/\/dicodusport.fr\/blog\/motogp-saint-marin-2025-horaires-programme-tv-et-resultats\/#article","isPartOf":{"@id":"https:\/\/dicodusport.fr\/blog\/motogp-saint-marin-2025-horaires-programme-tv-et-resultats\/"},"author":{"name":"Roxane Lecacher","@id":"https:\/\/dicodusport.fr\/blog\/#\/schema\/person\/819fb2545dd2715bd7c0580d6d4b411a"},"headline":"MotoGP Saint-Marin 2025 : Les r\u00e9sultats complets","datePublished":"2025-09-14T13:09:49+00:00","mainEntityOfPage":{"@id":"https:\/\/dicodusport.fr\/blog\/motogp-saint-marin-2025-horaires-programme-tv-et-resultats\/"},"wordCount":1317,"commentCount":0,"publisher":{"@id":"https:\/\/dicodusport.fr\/blog\/#organization"},"image":{"@id":"https:\/\/dicodusport.fr\/blog\/motogp-saint-marin-2025-horaires-programme-tv-et-resultats\/#primaryimage"},"thumbnailUrl":"https:\/\/dicodusport.fr\/blog\/wp-content\/uploads\/2025\/09\/MotoGP-Misano-La-grille-de-depart-du-Grand-Prix-de-Saint-Marin-2025.png","keywords":["br\u00e8ve","Grand Prix de Saint-Marin","Grand Prix de Saint-Marin MotoGP","MotoGP"],"articleSection":["Cha\u00eene TV","MotoGP"],"inLanguage":"fr-FR","potentialAction":[{"@type":"CommentAction","name":"Comment","target":["https:\/\/dicodusport.fr\/blog\/motogp-saint-marin-2025-horaires-programme-tv-et-resultats\/#respond"]}],"copyrightYear":"2025","copyrightHolder":{"@id":"https:\/\/dicodusport.fr\/blog\/#organization"}},{"@type":"WebPage","@id":"https:\/\/dicodusport.fr\/blog\/motogp-saint-marin-2025-horaires-programme-tv-et-resultats\/","url":"https:\/\/dicodusport.fr\/blog\/motogp-saint-marin-2025-horaires-programme-tv-et-resultats\/","name":"MotoGP Saint-Marin 2025 : Les r\u00e9sultats complets","isPartOf":{"@id":"https:\/\/dicodusport.fr\/blog\/#website"},"primaryImageOfPage":{"@id":"https:\/\/dicodusport.fr\/blog\/motogp-saint-marin-2025-horaires-programme-tv-et-resultats\/#primaryimage"},"image":{"@id":"https:\/\/dicodusport.fr\/blog\/motogp-saint-marin-2025-horaires-programme-tv-et-resultats\/#primaryimage"},"thumbnailUrl":"https:\/\/dicodusport.fr\/blog\/wp-content\/uploads\/2025\/09\/MotoGP-Misano-La-grille-de-depart-du-Grand-Prix-de-Saint-Marin-2025.png","datePublished":"2025-09-14T13:09:49+00:00","description":"Retrouvez ici le programme TV complet, les horaires ainsi que les r\u00e9sultats du Grand Prix de Saint-Marin 2025 de MotoGP.\u00a0\u00a0","breadcrumb":{"@id":"https:\/\/dicodusport.fr\/blog\/motogp-saint-marin-2025-horaires-programme-tv-et-resultats\/#breadcrumb"},"inLanguage":"fr-FR","potentialAction":[{"@type":"ReadAction","target":["https:\/\/dicodusport.fr\/blog\/motogp-saint-marin-2025-horaires-programme-tv-et-resultats\/"]}]},{"@type":"ImageObject","inLanguage":"fr-FR","@id":"https:\/\/dicodusport.fr\/blog\/motogp-saint-marin-2025-horaires-programme-tv-et-resultats\/#primaryimage","url":"https:\/\/dicodusport.fr\/blog\/wp-content\/uploads\/2025\/09\/MotoGP-Misano-La-grille-de-depart-du-Grand-Prix-de-Saint-Marin-2025.png","contentUrl":"https:\/\/dicodusport.fr\/blog\/wp-content\/uploads\/2025\/09\/MotoGP-Misano-La-grille-de-depart-du-Grand-Prix-de-Saint-Marin-2025.png","width":1200,"height":674,"caption":"MotoGP Misano - La grille de d\u00e9part du Grand Prix de Saint-Marin 2025"},{"@type":"BreadcrumbList","@id":"https:\/\/dicodusport.fr\/blog\/motogp-saint-marin-2025-horaires-programme-tv-et-resultats\/#breadcrumb","itemListElement":[{"@type":"ListItem","position":1,"name":"Accueil","item":"https:\/\/dicodusport.fr\/blog\/"},{"@type":"ListItem","position":2,"name":"MotoGP Saint-Marin 2025 : Les r\u00e9sultats complets"}]},{"@type":"WebSite","@id":"https:\/\/dicodusport.fr\/blog\/#website","url":"https:\/\/dicodusport.fr\/blog\/","name":"Dicodusport","description":"L&#039;encyclop\u00e9die de l&#039;actualit\u00e9 sportive","publisher":{"@id":"https:\/\/dicodusport.fr\/blog\/#organization"},"potentialAction":[{"@type":"SearchAction","target":{"@type":"EntryPoint","urlTemplate":"https:\/\/dicodusport.fr\/blog\/?s={search_term_string}"},"query-input":{"@type":"PropertyValueSpecification","valueRequired":true,"valueName":"search_term_string"}}],"inLanguage":"fr-FR"},{"@type":"NewsMediaOrganization","@id":"https:\/\/dicodusport.fr\/blog\/#organization","name":"Dicodusport","url":"https:\/\/dicodusport.fr\/blog\/","logo":{"@type":"ImageObject","inLanguage":"fr-FR","@id":"https:\/\/dicodusport.fr\/blog\/#\/schema\/logo\/image\/","url":"https:\/\/dicodusport.fr\/blog\/wp-content\/uploads\/2020\/06\/cropped-LOGO-DICODUSPORT-2020-SANS-FOND-SANS-TEXTE.png","contentUrl":"https:\/\/dicodusport.fr\/blog\/wp-content\/uploads\/2020\/06\/cropped-LOGO-DICODUSPORT-2020-SANS-FOND-SANS-TEXTE.png","width":512,"height":512,"caption":"Dicodusport"},"image":{"@id":"https:\/\/dicodusport.fr\/blog\/#\/schema\/logo\/image\/"},"sameAs":["https:\/\/www.facebook.com\/dicodusport","https:\/\/x.com\/dicodusport","https:\/\/www.instagram.com\/dicodusport\/","https:\/\/www.youtube.com\/channel\/UC7V2KZ5sd3htJivAbA4ZG3w"],"description":"Dicodusport est l'encyclop\u00e9die de l'actualit\u00e9 sportive.","email":"bonjour@dicodusport.fr","legalName":"DICODUSPORT","foundingDate":"2018-01-14","vatID":"FR71834470973","taxID":"83447097300043","numberOfEmployees":{"@type":"QuantitativeValue","minValue":"1","maxValue":"10"}},{"@type":"Person","@id":"https:\/\/dicodusport.fr\/blog\/#\/schema\/person\/819fb2545dd2715bd7c0580d6d4b411a","name":"Roxane Lecacher","image":{"@type":"ImageObject","inLanguage":"fr-FR","@id":"https:\/\/dicodusport.fr\/blog\/#\/schema\/person\/image\/","url":"https:\/\/dicodusport.fr\/blog\/wp-content\/uploads\/2021\/05\/Roxane-Lecacher-150x150.jpg","contentUrl":"https:\/\/dicodusport.fr\/blog\/wp-content\/uploads\/2021\/05\/Roxane-Lecacher-150x150.jpg","caption":"Roxane Lecacher"},"description":"Journaliste\/r\u00e9dactrice depuis janvier 2021 - N\u00e9e quelques jours avant la premi\u00e8re \u00e9toile des Bleus, je baigne dans une famille tr\u00e8s sportive. Je n\u2019ai eu d\u2019autres choix que de me passionner pour le sujet. Pratiquante de l\u2019athl\u00e9tisme depuis toute petite, j\u2019ai aussi un attrait tout particulier pour la Formule 1, le biathlon et le foot. Pendant les grands \u00e9v\u00e9nements, il est impossible de d\u00e9crocher de ma t\u00e9l\u00e9. C\u2019est \u00e0 travers Dicodusport que j\u2019aime d\u00e9sormais vous transmettre mes \u00e9motions et ma passion.","sameAs":["https:\/\/www.facebook.com\/roxane.lecacher","https:\/\/fr.linkedin.com\/in\/roxane-lecacher-23368313b"],"url":"https:\/\/dicodusport.fr\/blog\/author\/roxanel\/"}]}},"_links":{"self":[{"href":"https:\/\/dicodusport.fr\/blog\/wp-json\/wp\/v2\/posts\/609924","targetHints":{"allow":["GET"]}}],"collection":[{"href":"https:\/\/dicodusport.fr\/blog\/wp-json\/wp\/v2\/posts"}],"about":[{"href":"https:\/\/dicodusport.fr\/blog\/wp-json\/wp\/v2\/types\/post"}],"author":[{"embeddable":true,"href":"https:\/\/dicodusport.fr\/blog\/wp-json\/wp\/v2\/users\/54"}],"replies":[{"embeddable":true,"href":"https:\/\/dicodusport.fr\/blog\/wp-json\/wp\/v2\/comments?post=609924"}],"version-history":[{"count":7,"href":"https:\/\/dicodusport.fr\/blog\/wp-json\/wp\/v2\/posts\/609924\/revisions"}],"predecessor-version":[{"id":610935,"href":"https:\/\/dicodusport.fr\/blog\/wp-json\/wp\/v2\/posts\/609924\/revisions\/610935"}],"wp:featuredmedia":[{"embeddable":true,"href":"https:\/\/dicodusport.fr\/blog\/wp-json\/wp\/v2\/media\/610368"}],"wp:attachment":[{"href":"https:\/\/dicodusport.fr\/blog\/wp-json\/wp\/v2\/media?parent=609924"}],"wp:term":[{"taxonomy":"category","embeddable":true,"href":"https:\/\/dicodusport.fr\/blog\/wp-json\/wp\/v2\/categories?post=609924"},{"taxonomy":"post_tag","embeddable":true,"href":"https:\/\/dicodusport.fr\/blog\/wp-json\/wp\/v2\/tags?post=609924"}],"curies":[{"name":"wp","href":"https:\/\/api.w.org\/{rel}","templated":true}]}}