{"id":609949,"date":"2025-09-11T12:40:36","date_gmt":"2025-09-11T10:40:36","guid":{"rendered":"https:\/\/dicodusport.fr\/blog\/?p=609949&#038;preview=true&#038;preview_id=609949"},"modified":"2025-09-11T13:57:19","modified_gmt":"2025-09-11T11:57:19","slug":"coupe-davis-2025-croatie-france-affiches-chaine-tv-date-et-heure","status":"publish","type":"post","link":"https:\/\/dicodusport.fr\/blog\/coupe-davis-2025-croatie-france-affiches-chaine-tv-date-et-heure\/","title":{"rendered":"Coupe Davis, Croatie-France : Affiches, Cha\u00eene TV, Date et Heure"},"content":{"rendered":"<p style=\"text-align: justify;\"><em><strong>COUPE DAVIS 2025 &#8211; Vendredi et samedi, l&rsquo;\u00e9quipe de France hommes de tennis dispute le deuxi\u00e8me tour de la Coupe Davis en Croatie. D\u00e9couvrez les affiches et le programme TV.<\/strong><\/em><\/p>\n<p style=\"text-align: justify;\">Le match entre la <strong>Croatie<\/strong> et la <strong>France<\/strong>, comptant pour le deuxi\u00e8me tour de la Coupe Davis 2025, aura lieu vendredi 12 et samedi 13 septembre 2025, \u00e0 la Dvorana Gradski Vrt d&rsquo;Osijek. Les rencontres se d\u00e9rouleront en indoor, sur terre battue.<\/p>\n<ul style=\"text-align: justify;\">\n<li><strong>\u00c0 ce sujet &#8211; <a href=\"https:\/\/dicodusport.fr\/blog\/programme-et-resultats-deuxieme-tour-coupe-davis-2025\/\">Deuxi\u00e8me tour Coupe Davis 2025 : Programme et r\u00e9sultats mis \u00e0 jour<\/a><\/strong><\/li>\n<\/ul>\n<h2 style=\"text-align: justify;\">De douloureux souvenirs<\/h2>\n<p style=\"text-align: justify;\">La Croatie, cela parle forc\u00e9ment aux suiveurs de la Coupe Davis. En 2018, pour la derni\u00e8re \u00e9dition avec le format dit traditionnel, c&rsquo;est cette \u00e9quipe qui \u00e9tait venue l&#8217;emporter en France en finale, au Stade Pierre-Mauroy de Lille, transform\u00e9 comme souvent en ar\u00e8ne pour la comp\u00e9tition. Un <strong>Marin \u010cili\u0107<\/strong> intenable avait remport\u00e9 ses deux simples et assur\u00e9 <a href=\"https:\/\/dicodusport.fr\/blog\/coupe-davis-finale-pas-de-miracle-pour-pouille-la-croatie-triomphe\/\">le succ\u00e8s 3-1 de sa s\u00e9lection<\/a>. Un douloureux souvenir pour l&rsquo;\u00e9quipe de France.<\/p>\n<blockquote class=\"twitter-tweet\">\n<p dir=\"ltr\" lang=\"en\">Croatia wins a second <a href=\"https:\/\/twitter.com\/hashtag\/DavisCup?src=hash&amp;ref_src=twsrc%5Etfw\">#DavisCup<\/a> title!<a href=\"https:\/\/twitter.com\/cilic_marin?ref_src=twsrc%5Etfw\">@cilic_marin<\/a> defeats Lucas Pouille 76(3) 63 63 to clinch a 3-1 victory over France<\/p>\n<p>\ud83c\uddeb\ud83c\uddf71\ufe0f\u20e3\ud83c\udd9a3\ufe0f\u20e3\ud83c\udded\ud83c\uddf7 <a href=\"https:\/\/twitter.com\/hashtag\/DavisCupFinal?src=hash&amp;ref_src=twsrc%5Etfw\">#DavisCupFinal<\/a> <a href=\"https:\/\/t.co\/QSjgi6pZyc\">pic.twitter.com\/QSjgi6pZyc<\/a><\/p>\n<p>\u2014 Davis Cup (@DavisCup) <a href=\"https:\/\/twitter.com\/DavisCup\/status\/1066701462846300160?ref_src=twsrc%5Etfw\">November 25, 2018<\/a><\/p><\/blockquote>\n<p style=\"text-align: justify;\"><script async src=\"https:\/\/platform.twitter.com\/widgets.js\" charset=\"utf-8\"><\/script><br \/>\nSept ans plus tard, <strong>\u010cili\u0107<\/strong> est toujours l\u00e0 pour emmener son \u00e9quipe. La France n&rsquo;a de son c\u00f4t\u00e9 pas sp\u00e9cialement eu de succ\u00e8s avec la nouvelle formule, et tentera de se qualifier pour la phase finale pour la premi\u00e8re fois depuis 2021. Mais il manque les deux meilleurs joueurs du moment, <strong>Arthur Fils<\/strong> et <strong>Ugo Humbert<\/strong>, tous les deux forfaits pour cette rencontre sur blessure. La mission s&rsquo;annonce donc tr\u00e8s compliqu\u00e9e sur la terre battue croate pour confirmer le net succ\u00e8s sur le Br\u00e9sil au premier tour.<\/p>\n<div class=\"vlp-link-container vlp-layout-article\"><a href=\"https:\/\/dicodusport.fr\/blog\/coupe-davis-2025-la-france-termine-le-travail-contre-le-bresil\/\" class=\"vlp-link\" title=\"Coupe Davis 2025 : La France termine le travail contre le Br\u00e9sil\"><\/a><div class=\"vlp-layout-zone-side\"><div class=\"vlp-block-4 vlp-link-image\"><img loading=\"lazy\" decoding=\"async\" style=\"max-width: 792px;\" width=\"792\" height=\"445\" src=\"https:\/\/dicodusport.fr\/blog\/wp-content\/uploads\/2025\/02\/Coupe-Davis-2025-La-France-termine-le-travail-contre-le-Bresil.png\" class=\"attachment-800x445 size-800x445\" alt=\"Coupe Davis 2025 La France termine le travail contre le Br\u00e9sil\" srcset=\"https:\/\/dicodusport.fr\/blog\/wp-content\/uploads\/2025\/02\/Coupe-Davis-2025-La-France-termine-le-travail-contre-le-Bresil.png 1200w, https:\/\/dicodusport.fr\/blog\/wp-content\/uploads\/2025\/02\/Coupe-Davis-2025-La-France-termine-le-travail-contre-le-Bresil-300x169.png 300w, https:\/\/dicodusport.fr\/blog\/wp-content\/uploads\/2025\/02\/Coupe-Davis-2025-La-France-termine-le-travail-contre-le-Bresil-1024x575.png 1024w, https:\/\/dicodusport.fr\/blog\/wp-content\/uploads\/2025\/02\/Coupe-Davis-2025-La-France-termine-le-travail-contre-le-Bresil-768x431.png 768w\" sizes=\"auto, (max-width: 792px) 100vw, 792px\" \/><\/div><\/div><div class=\"vlp-layout-zone-main\"><div class=\"vlp-block-0 vlp-link-title\">Coupe Davis 2025 : La France termine le travail contre le Br\u00e9sil<\/div><div class=\"vlp-block-1 vlp-link-summary\">COUPE DAVIS 2025 - D\u00e8s le double, l'\u00e9quipe de France a conclu son affrontement avec le Br\u00e9sil, et franchit le premier tour de la comp\u00e9tition.<\/div><div class=\"vlp-block-2 vlp-link-button\">Lire l'article<\/div><div class=\"vlp-block-3 vlp-link-url\">dicodusport.fr<\/div><\/div><\/div>\n<p style=\"text-align: justify;\">M\u00eame si<strong> Giovanni Mpetshi Perricard<\/strong> a remport\u00e9 <a href=\"https:\/\/dicodusport.fr\/blog\/atp-lyon-giovanni-mpetshi-perricard-remporte-son-premier-tournoi-atp-a-20-ans\/\">son premier titre ATP sur terre battue<\/a> l&rsquo;an dernier, et si <strong>Corentin Moutet<\/strong> a d\u00e9j\u00e0 brill\u00e9 sur cette surface, ce n&rsquo;est pas ce qui convient le mieux aux Bleus. D&rsquo;autant qu&rsquo;en face, outre <strong>\u010cili\u0107<\/strong>, dont le palmar\u00e8s n&rsquo;est plus \u00e0 pr\u00e9senter, les Croates auront ce qui se fait de mieux en double avec la paire <strong>Mate Pavi\u0107 &#8211; Nikola Mekti\u0107<\/strong>, d\u00e9j\u00e0 laur\u00e9ate en Grand Chelem.<\/p>\n<h2 style=\"text-align: justify;\">Coupe Davis : la composition des \u00e9quipes<\/h2>\n<p style=\"text-align: justify;\"><strong>Croatie :<\/strong> Marin \u010cili\u0107 &#8211; Dino Pri\u017emi\u0107 &#8211; Matej Dodig &#8211; Mate Pavi\u0107 &#8211; Nikola Mekti\u0107 \/ capitaine : Ivan Dodig<\/p>\n<p style=\"text-align: justify;\"><strong>France :<\/strong> Giovanni Mpetshi Perricard &#8211; Corentin Moutet &#8211; Benjamin Bonzi &#8211; Arthur Rinderknech &#8211; Pierre-Hugues Herbert \/ capitaine : Paul-Henri Mathieu<\/p>\n<h2 style=\"text-align: justify;\">Coupe Davis : les affiches de Croatie &#8211; France<\/h2>\n<p style=\"text-align: justify;\"><strong>Vendredi 12 septembre<\/strong><\/p>\n<p style=\"text-align: justify;\">Simple n\u00b01 : Corentin Moutet &#8211; Dino Pri\u017emi\u0107<\/p>\n<p style=\"text-align: justify;\">Simple n\u00b02 : Arthur Rinderknech &#8211; Marin \u010cili\u0107<\/p>\n<p style=\"text-align: justify;\"><strong>Samedi 13 septembre<\/strong><\/p>\n<p style=\"text-align: justify;\">Double : Benjamin Bonzi + Pierre-Hugues Herbert &#8211; Mate Pavi\u0107 &#8211; Nikola Mekti\u0107<\/p>\n<p style=\"text-align: justify;\">Simple n\u00b03 : Corentin Moutet &#8211; Marin \u010cili\u0107<\/p>\n<p style=\"text-align: justify;\">Simple n\u00b04 : Arthur Rinderknech &#8211; Dino Pri\u017emi\u0107<\/p>\n<h2 style=\"text-align: justify;\">Le Programme TV de Croatie &#8211; France<\/h2>\n<h3 style=\"text-align: justify;\">Vendredi 12 septembre<\/h3>\n<p style=\"text-align: justify;\"><b>beIN SPORTS 3<\/b> : les deux simples \u00e0 partir de 16h00.<\/p>\n<h3 style=\"text-align: justify;\">Samedi 13 septembre<\/h3>\n<p style=\"text-align: justify;\"><b>beIN SPORTS 3<\/b> : le double et les deux simples \u00e0 partir de 13h00.<\/p>\n<h2 style=\"text-align: justify;\">Les cotes de Croatie &#8211; France<\/h2>\n<table style=\"width: 840px;\">\n<tbody>\n<tr style=\"height: 16px;\">\n<td style=\"background-color: #404040; border-color: #ededed; width: 840px; text-align: left;\" colspan=\"2\"><strong><span style=\"font-size: 12px; color: #ffffff;\">Vendredi 12 et samedi 13 septembre<\/span><\/strong><\/td>\n<\/tr>\n<tr style=\"height: 24px;\">\n<td style=\"background-color: #ffffff; border-color: #ededed; vertical-align: middle; text-align: center; width: 400px;\"><span style=\"font-size: 10px;\"><span style=\"font-size: 14px;\"><strong>Croatie<\/strong><\/span><br \/>\n<a href=\"https:\/\/www.winamax.fr\/paris-sportifs\/match\/63586999?banid=33423\" class=\"su-button su-button-style-flat su-button-wide\" style=\"color:#fff;background-color:#013369;border-color:#012954;border-radius:5px\" target=\"_blank\" rel=\"noopener noreferrer\"><span style=\"color:#fff;padding:0px 20px;font-size:16px;line-height:32px;border-color:#4e7196;border-radius:5px;text-shadow:none\"> 1.80<\/span><\/a><\/span><\/td>\n<td style=\"background-color: #ffffff; border-color: #ededed; vertical-align: middle; text-align: center; width: 400px;\"><span style=\"font-size: 10px;\"><span style=\"font-size: 14px;\"><strong>France<\/strong><\/span><br \/>\n<a href=\"https:\/\/www.winamax.fr\/paris-sportifs\/match\/63586999?banid=33423\" class=\"su-button su-button-style-flat su-button-wide\" style=\"color:#fff;background-color:#013369;border-color:#012954;border-radius:5px\" target=\"_blank\" rel=\"noopener noreferrer\"><span style=\"color:#fff;padding:0px 20px;font-size:16px;line-height:32px;border-color:#4e7196;border-radius:5px;text-shadow:none\"> 1.78<\/span><\/a><\/span><\/td>\n<\/tr>\n<\/tbody>\n<\/table>\n<p style=\"text-align: justify;\">Tentez votre chance en profitant de votre <a href=\"https:\/\/www.winamax.fr\/registration\/landing\/affiliation_Bonus100?banid=33423\">1er d\u00e9p\u00f4t doubl\u00e9 jusqu&rsquo;\u00e0 100 \u20ac<\/a> direct en paris gratuits sur Winamax !<\/p>\n","protected":false},"excerpt":{"rendered":"<p>COUPE DAVIS 2025 &#8211; Vendredi et samedi, l&rsquo;\u00e9quipe de France hommes de tennis dispute le deuxi\u00e8me tour de la Coupe Davis en Croatie. D\u00e9couvrez les affiches et le programme TV.<\/p>\n","protected":false},"author":59,"featured_media":609957,"comment_status":"open","ping_status":"closed","sticky":false,"template":"","format":"standard","meta":{"_acf_changed":false,"_daextam_enable_autolinks":"1","footnotes":""},"categories":[44295,2302],"tags":[16878,44284,2540,30,8799,136],"class_list":["post-609949","post","type-post","status-publish","format-standard","has-post-thumbnail","hentry","category-chaine-tv","category-tennis","tag-breve","tag-chaine-tv","tag-coupe-davis","tag-france","tag-programme-tv","tag-tennis"],"acf":[],"yoast_head":"<!-- This site is optimized with the Yoast SEO Premium plugin v26.7 (Yoast SEO v26.7) - https:\/\/yoast.com\/wordpress\/plugins\/seo\/ -->\n<title>Coupe Davis, Croatie-France : Affiches, Cha\u00eene TV, Date et Heure<\/title>\n<meta name=\"description\" content=\"COUPE DAVIS 2025 - Vendredi et samedi, l&#039;\u00e9quipe de France hommes de tennis dispute le deuxi\u00e8me tour de la Coupe Davis en Croatie. D\u00e9couvrez les affiches et le programme TV.\" \/>\n<meta name=\"robots\" content=\"index, follow, max-snippet:-1, max-image-preview:large, max-video-preview:-1\" \/>\n<link rel=\"canonical\" href=\"https:\/\/dicodusport.fr\/blog\/coupe-davis-2025-croatie-france-affiches-chaine-tv-date-et-heure\/\" \/>\n<meta property=\"og:locale\" content=\"fr_FR\" \/>\n<meta property=\"og:type\" content=\"article\" \/>\n<meta property=\"og:title\" content=\"Coupe Davis, Croatie-France : Affiches, Cha\u00eene TV, Date et Heure\" \/>\n<meta property=\"og:description\" content=\"COUPE DAVIS 2025 - Vendredi et samedi, l&#039;\u00e9quipe de France hommes de tennis dispute le deuxi\u00e8me tour de la Coupe Davis en Croatie. D\u00e9couvrez les affiches et le programme TV.\" \/>\n<meta property=\"og:url\" content=\"https:\/\/dicodusport.fr\/blog\/coupe-davis-2025-croatie-france-affiches-chaine-tv-date-et-heure\/\" \/>\n<meta property=\"og:site_name\" content=\"Dicodusport\" \/>\n<meta property=\"article:publisher\" content=\"https:\/\/www.facebook.com\/dicodusport\" \/>\n<meta property=\"article:author\" content=\"https:\/\/www.facebook.com\/sebastien.gente\/\" \/>\n<meta property=\"article:published_time\" content=\"2025-09-11T10:40:36+00:00\" \/>\n<meta property=\"article:modified_time\" content=\"2025-09-11T11:57:19+00:00\" \/>\n<meta property=\"og:image\" content=\"https:\/\/dicodusport.fr\/blog\/wp-content\/uploads\/2025\/09\/Coupe-Davis-Croatie-France-Affiches-Chaine-TV-Date-et-Heure.png\" \/>\n\t<meta property=\"og:image:width\" content=\"1200\" \/>\n\t<meta property=\"og:image:height\" content=\"674\" \/>\n\t<meta property=\"og:image:type\" content=\"image\/png\" \/>\n<meta name=\"author\" content=\"S\u00e9bastien Gente\" \/>\n<meta name=\"twitter:card\" content=\"summary_large_image\" \/>\n<meta name=\"twitter:title\" content=\"Coupe Davis, Croatie-France : Affiches, Cha\u00eene TV, Date et Heure\" \/>\n<meta name=\"twitter:creator\" content=\"@https:\/\/twitter.com\/globulo24\" \/>\n<meta name=\"twitter:site\" content=\"@dicodusport\" \/>\n<script type=\"application\/ld+json\" class=\"yoast-schema-graph\">{\"@context\":\"https:\/\/schema.org\",\"@graph\":[{\"@type\":\"NewsArticle\",\"@id\":\"https:\/\/dicodusport.fr\/blog\/coupe-davis-2025-croatie-france-affiches-chaine-tv-date-et-heure\/#article\",\"isPartOf\":{\"@id\":\"https:\/\/dicodusport.fr\/blog\/coupe-davis-2025-croatie-france-affiches-chaine-tv-date-et-heure\/\"},\"author\":{\"name\":\"S\u00e9bastien Gente\",\"@id\":\"https:\/\/dicodusport.fr\/blog\/#\/schema\/person\/627966a6cde45dbd8c5e36ac85d783da\"},\"headline\":\"Coupe Davis, Croatie-France : Affiches, Cha\u00eene TV, Date et Heure\",\"datePublished\":\"2025-09-11T10:40:36+00:00\",\"dateModified\":\"2025-09-11T11:57:19+00:00\",\"mainEntityOfPage\":{\"@id\":\"https:\/\/dicodusport.fr\/blog\/coupe-davis-2025-croatie-france-affiches-chaine-tv-date-et-heure\/\"},\"wordCount\":654,\"commentCount\":0,\"publisher\":{\"@id\":\"https:\/\/dicodusport.fr\/blog\/#organization\"},\"image\":{\"@id\":\"https:\/\/dicodusport.fr\/blog\/coupe-davis-2025-croatie-france-affiches-chaine-tv-date-et-heure\/#primaryimage\"},\"thumbnailUrl\":\"https:\/\/dicodusport.fr\/blog\/wp-content\/uploads\/2025\/09\/Coupe-Davis-Croatie-France-Affiches-Chaine-TV-Date-et-Heure.png\",\"keywords\":[\"br\u00e8ve\",\"Cha\u00eene TV\",\"Coupe Davis\",\"France\",\"Programme TV\",\"Tennis\"],\"articleSection\":[\"Cha\u00eene TV\",\"Tennis\"],\"inLanguage\":\"fr-FR\",\"potentialAction\":[{\"@type\":\"CommentAction\",\"name\":\"Comment\",\"target\":[\"https:\/\/dicodusport.fr\/blog\/coupe-davis-2025-croatie-france-affiches-chaine-tv-date-et-heure\/#respond\"]}],\"copyrightYear\":\"2025\",\"copyrightHolder\":{\"@id\":\"https:\/\/dicodusport.fr\/blog\/#organization\"}},{\"@type\":\"WebPage\",\"@id\":\"https:\/\/dicodusport.fr\/blog\/coupe-davis-2025-croatie-france-affiches-chaine-tv-date-et-heure\/\",\"url\":\"https:\/\/dicodusport.fr\/blog\/coupe-davis-2025-croatie-france-affiches-chaine-tv-date-et-heure\/\",\"name\":\"Coupe Davis, Croatie-France : Affiches, Cha\u00eene TV, Date et Heure\",\"isPartOf\":{\"@id\":\"https:\/\/dicodusport.fr\/blog\/#website\"},\"primaryImageOfPage\":{\"@id\":\"https:\/\/dicodusport.fr\/blog\/coupe-davis-2025-croatie-france-affiches-chaine-tv-date-et-heure\/#primaryimage\"},\"image\":{\"@id\":\"https:\/\/dicodusport.fr\/blog\/coupe-davis-2025-croatie-france-affiches-chaine-tv-date-et-heure\/#primaryimage\"},\"thumbnailUrl\":\"https:\/\/dicodusport.fr\/blog\/wp-content\/uploads\/2025\/09\/Coupe-Davis-Croatie-France-Affiches-Chaine-TV-Date-et-Heure.png\",\"datePublished\":\"2025-09-11T10:40:36+00:00\",\"dateModified\":\"2025-09-11T11:57:19+00:00\",\"description\":\"COUPE DAVIS 2025 - Vendredi et samedi, l'\u00e9quipe de France hommes de tennis dispute le deuxi\u00e8me tour de la Coupe Davis en Croatie. D\u00e9couvrez les affiches et le programme TV.\",\"breadcrumb\":{\"@id\":\"https:\/\/dicodusport.fr\/blog\/coupe-davis-2025-croatie-france-affiches-chaine-tv-date-et-heure\/#breadcrumb\"},\"inLanguage\":\"fr-FR\",\"potentialAction\":[{\"@type\":\"ReadAction\",\"target\":[\"https:\/\/dicodusport.fr\/blog\/coupe-davis-2025-croatie-france-affiches-chaine-tv-date-et-heure\/\"]}]},{\"@type\":\"ImageObject\",\"inLanguage\":\"fr-FR\",\"@id\":\"https:\/\/dicodusport.fr\/blog\/coupe-davis-2025-croatie-france-affiches-chaine-tv-date-et-heure\/#primaryimage\",\"url\":\"https:\/\/dicodusport.fr\/blog\/wp-content\/uploads\/2025\/09\/Coupe-Davis-Croatie-France-Affiches-Chaine-TV-Date-et-Heure.png\",\"contentUrl\":\"https:\/\/dicodusport.fr\/blog\/wp-content\/uploads\/2025\/09\/Coupe-Davis-Croatie-France-Affiches-Chaine-TV-Date-et-Heure.png\",\"width\":1200,\"height\":674,\"caption\":\"Coupe Davis, Croatie-France Affiches, Cha\u00eene TV, Date et Heure\"},{\"@type\":\"BreadcrumbList\",\"@id\":\"https:\/\/dicodusport.fr\/blog\/coupe-davis-2025-croatie-france-affiches-chaine-tv-date-et-heure\/#breadcrumb\",\"itemListElement\":[{\"@type\":\"ListItem\",\"position\":1,\"name\":\"Accueil\",\"item\":\"https:\/\/dicodusport.fr\/blog\/\"},{\"@type\":\"ListItem\",\"position\":2,\"name\":\"Coupe Davis, Croatie-France : Affiches, Cha\u00eene TV, Date et Heure\"}]},{\"@type\":\"WebSite\",\"@id\":\"https:\/\/dicodusport.fr\/blog\/#website\",\"url\":\"https:\/\/dicodusport.fr\/blog\/\",\"name\":\"Dicodusport\",\"description\":\"L&#039;encyclop\u00e9die de l&#039;actualit\u00e9 sportive\",\"publisher\":{\"@id\":\"https:\/\/dicodusport.fr\/blog\/#organization\"},\"potentialAction\":[{\"@type\":\"SearchAction\",\"target\":{\"@type\":\"EntryPoint\",\"urlTemplate\":\"https:\/\/dicodusport.fr\/blog\/?s={search_term_string}\"},\"query-input\":{\"@type\":\"PropertyValueSpecification\",\"valueRequired\":true,\"valueName\":\"search_term_string\"}}],\"inLanguage\":\"fr-FR\"},{\"@type\":\"NewsMediaOrganization\",\"@id\":\"https:\/\/dicodusport.fr\/blog\/#organization\",\"name\":\"Dicodusport\",\"url\":\"https:\/\/dicodusport.fr\/blog\/\",\"logo\":{\"@type\":\"ImageObject\",\"inLanguage\":\"fr-FR\",\"@id\":\"https:\/\/dicodusport.fr\/blog\/#\/schema\/logo\/image\/\",\"url\":\"https:\/\/dicodusport.fr\/blog\/wp-content\/uploads\/2020\/06\/cropped-LOGO-DICODUSPORT-2020-SANS-FOND-SANS-TEXTE.png\",\"contentUrl\":\"https:\/\/dicodusport.fr\/blog\/wp-content\/uploads\/2020\/06\/cropped-LOGO-DICODUSPORT-2020-SANS-FOND-SANS-TEXTE.png\",\"width\":512,\"height\":512,\"caption\":\"Dicodusport\"},\"image\":{\"@id\":\"https:\/\/dicodusport.fr\/blog\/#\/schema\/logo\/image\/\"},\"sameAs\":[\"https:\/\/www.facebook.com\/dicodusport\",\"https:\/\/x.com\/dicodusport\",\"https:\/\/www.instagram.com\/dicodusport\/\",\"https:\/\/www.youtube.com\/channel\/UC7V2KZ5sd3htJivAbA4ZG3w\"],\"description\":\"Dicodusport est l'encyclop\u00e9die de l'actualit\u00e9 sportive.\",\"email\":\"bonjour@dicodusport.fr\",\"legalName\":\"DICODUSPORT\",\"foundingDate\":\"2018-01-14\",\"vatID\":\"FR71834470973\",\"taxID\":\"83447097300043\",\"numberOfEmployees\":{\"@type\":\"QuantitativeValue\",\"minValue\":\"1\",\"maxValue\":\"10\"}},{\"@type\":\"Person\",\"@id\":\"https:\/\/dicodusport.fr\/blog\/#\/schema\/person\/627966a6cde45dbd8c5e36ac85d783da\",\"name\":\"S\u00e9bastien Gente\",\"image\":{\"@type\":\"ImageObject\",\"inLanguage\":\"fr-FR\",\"@id\":\"https:\/\/dicodusport.fr\/blog\/#\/schema\/person\/image\/\",\"url\":\"https:\/\/dicodusport.fr\/blog\/wp-content\/uploads\/2021\/09\/1510990_10205810251400683_4124423575079401707_n-150x150.jpg\",\"contentUrl\":\"https:\/\/dicodusport.fr\/blog\/wp-content\/uploads\/2021\/09\/1510990_10205810251400683_4124423575079401707_n-150x150.jpg\",\"caption\":\"S\u00e9bastien Gente\"},\"description\":\"John Stockton, Gianni Bugno, Zinedine Zidane, Steffi Graf, Frode Andresen, St\u00e9phane Stoecklin, Davis Kamoga, Primoz Peterka, Werner Schlager et Aur\u00e9lien Rougerie. Point commun entre ces sportifs? Ils m'ont fait r\u00eaver et ont berc\u00e9 mon adolescence. Je suis un fondu de sports et j'essaie de retranscrire ma passion \u00e0 travers mes articles. Originaire du P\u00e9rigord, ma passion pour les Girondins, les Jaunards et les Jazzmen transpire dans mes \u00e9crits. \u00c0 Dicodusport depuis 2021, je d\u00e9niche les sports m\u00e9connus dans lesquels la France brille, et il y en a !\",\"sameAs\":[\"https:\/\/www.facebook.com\/sebastien.gente\/\",\"https:\/\/www.instagram.com\/sebgente\/\",\"https:\/\/www.linkedin.com\/in\/sbastien-gente-a29583169\/\",\"https:\/\/x.com\/https:\/\/twitter.com\/globulo24\",\"SebastienGente\"],\"worksFor\":\"S\u00e9bastien GENTE\",\"url\":\"https:\/\/dicodusport.fr\/blog\/author\/sebastiengente\/\"}]}<\/script>\n<!-- \/ Yoast SEO Premium plugin. -->","yoast_head_json":{"title":"Coupe Davis, Croatie-France : Affiches, Cha\u00eene TV, Date et Heure","description":"COUPE DAVIS 2025 - Vendredi et samedi, l'\u00e9quipe de France hommes de tennis dispute le deuxi\u00e8me tour de la Coupe Davis en Croatie. D\u00e9couvrez les affiches et le programme TV.","robots":{"index":"index","follow":"follow","max-snippet":"max-snippet:-1","max-image-preview":"max-image-preview:large","max-video-preview":"max-video-preview:-1"},"canonical":"https:\/\/dicodusport.fr\/blog\/coupe-davis-2025-croatie-france-affiches-chaine-tv-date-et-heure\/","og_locale":"fr_FR","og_type":"article","og_title":"Coupe Davis, Croatie-France : Affiches, Cha\u00eene TV, Date et Heure","og_description":"COUPE DAVIS 2025 - Vendredi et samedi, l'\u00e9quipe de France hommes de tennis dispute le deuxi\u00e8me tour de la Coupe Davis en Croatie. D\u00e9couvrez les affiches et le programme TV.","og_url":"https:\/\/dicodusport.fr\/blog\/coupe-davis-2025-croatie-france-affiches-chaine-tv-date-et-heure\/","og_site_name":"Dicodusport","article_publisher":"https:\/\/www.facebook.com\/dicodusport","article_author":"https:\/\/www.facebook.com\/sebastien.gente\/","article_published_time":"2025-09-11T10:40:36+00:00","article_modified_time":"2025-09-11T11:57:19+00:00","og_image":[{"width":1200,"height":674,"url":"https:\/\/dicodusport.fr\/blog\/wp-content\/uploads\/2025\/09\/Coupe-Davis-Croatie-France-Affiches-Chaine-TV-Date-et-Heure.png","type":"image\/png"}],"author":"S\u00e9bastien Gente","twitter_card":"summary_large_image","twitter_title":"Coupe Davis, Croatie-France : Affiches, Cha\u00eene TV, Date et Heure","twitter_creator":"@https:\/\/twitter.com\/globulo24","twitter_site":"@dicodusport","schema":{"@context":"https:\/\/schema.org","@graph":[{"@type":"NewsArticle","@id":"https:\/\/dicodusport.fr\/blog\/coupe-davis-2025-croatie-france-affiches-chaine-tv-date-et-heure\/#article","isPartOf":{"@id":"https:\/\/dicodusport.fr\/blog\/coupe-davis-2025-croatie-france-affiches-chaine-tv-date-et-heure\/"},"author":{"name":"S\u00e9bastien Gente","@id":"https:\/\/dicodusport.fr\/blog\/#\/schema\/person\/627966a6cde45dbd8c5e36ac85d783da"},"headline":"Coupe Davis, Croatie-France : Affiches, Cha\u00eene TV, Date et Heure","datePublished":"2025-09-11T10:40:36+00:00","dateModified":"2025-09-11T11:57:19+00:00","mainEntityOfPage":{"@id":"https:\/\/dicodusport.fr\/blog\/coupe-davis-2025-croatie-france-affiches-chaine-tv-date-et-heure\/"},"wordCount":654,"commentCount":0,"publisher":{"@id":"https:\/\/dicodusport.fr\/blog\/#organization"},"image":{"@id":"https:\/\/dicodusport.fr\/blog\/coupe-davis-2025-croatie-france-affiches-chaine-tv-date-et-heure\/#primaryimage"},"thumbnailUrl":"https:\/\/dicodusport.fr\/blog\/wp-content\/uploads\/2025\/09\/Coupe-Davis-Croatie-France-Affiches-Chaine-TV-Date-et-Heure.png","keywords":["br\u00e8ve","Cha\u00eene TV","Coupe Davis","France","Programme TV","Tennis"],"articleSection":["Cha\u00eene TV","Tennis"],"inLanguage":"fr-FR","potentialAction":[{"@type":"CommentAction","name":"Comment","target":["https:\/\/dicodusport.fr\/blog\/coupe-davis-2025-croatie-france-affiches-chaine-tv-date-et-heure\/#respond"]}],"copyrightYear":"2025","copyrightHolder":{"@id":"https:\/\/dicodusport.fr\/blog\/#organization"}},{"@type":"WebPage","@id":"https:\/\/dicodusport.fr\/blog\/coupe-davis-2025-croatie-france-affiches-chaine-tv-date-et-heure\/","url":"https:\/\/dicodusport.fr\/blog\/coupe-davis-2025-croatie-france-affiches-chaine-tv-date-et-heure\/","name":"Coupe Davis, Croatie-France : Affiches, Cha\u00eene TV, Date et Heure","isPartOf":{"@id":"https:\/\/dicodusport.fr\/blog\/#website"},"primaryImageOfPage":{"@id":"https:\/\/dicodusport.fr\/blog\/coupe-davis-2025-croatie-france-affiches-chaine-tv-date-et-heure\/#primaryimage"},"image":{"@id":"https:\/\/dicodusport.fr\/blog\/coupe-davis-2025-croatie-france-affiches-chaine-tv-date-et-heure\/#primaryimage"},"thumbnailUrl":"https:\/\/dicodusport.fr\/blog\/wp-content\/uploads\/2025\/09\/Coupe-Davis-Croatie-France-Affiches-Chaine-TV-Date-et-Heure.png","datePublished":"2025-09-11T10:40:36+00:00","dateModified":"2025-09-11T11:57:19+00:00","description":"COUPE DAVIS 2025 - Vendredi et samedi, l'\u00e9quipe de France hommes de tennis dispute le deuxi\u00e8me tour de la Coupe Davis en Croatie. D\u00e9couvrez les affiches et le programme TV.","breadcrumb":{"@id":"https:\/\/dicodusport.fr\/blog\/coupe-davis-2025-croatie-france-affiches-chaine-tv-date-et-heure\/#breadcrumb"},"inLanguage":"fr-FR","potentialAction":[{"@type":"ReadAction","target":["https:\/\/dicodusport.fr\/blog\/coupe-davis-2025-croatie-france-affiches-chaine-tv-date-et-heure\/"]}]},{"@type":"ImageObject","inLanguage":"fr-FR","@id":"https:\/\/dicodusport.fr\/blog\/coupe-davis-2025-croatie-france-affiches-chaine-tv-date-et-heure\/#primaryimage","url":"https:\/\/dicodusport.fr\/blog\/wp-content\/uploads\/2025\/09\/Coupe-Davis-Croatie-France-Affiches-Chaine-TV-Date-et-Heure.png","contentUrl":"https:\/\/dicodusport.fr\/blog\/wp-content\/uploads\/2025\/09\/Coupe-Davis-Croatie-France-Affiches-Chaine-TV-Date-et-Heure.png","width":1200,"height":674,"caption":"Coupe Davis, Croatie-France Affiches, Cha\u00eene TV, Date et Heure"},{"@type":"BreadcrumbList","@id":"https:\/\/dicodusport.fr\/blog\/coupe-davis-2025-croatie-france-affiches-chaine-tv-date-et-heure\/#breadcrumb","itemListElement":[{"@type":"ListItem","position":1,"name":"Accueil","item":"https:\/\/dicodusport.fr\/blog\/"},{"@type":"ListItem","position":2,"name":"Coupe Davis, Croatie-France : Affiches, Cha\u00eene TV, Date et Heure"}]},{"@type":"WebSite","@id":"https:\/\/dicodusport.fr\/blog\/#website","url":"https:\/\/dicodusport.fr\/blog\/","name":"Dicodusport","description":"L&#039;encyclop\u00e9die de l&#039;actualit\u00e9 sportive","publisher":{"@id":"https:\/\/dicodusport.fr\/blog\/#organization"},"potentialAction":[{"@type":"SearchAction","target":{"@type":"EntryPoint","urlTemplate":"https:\/\/dicodusport.fr\/blog\/?s={search_term_string}"},"query-input":{"@type":"PropertyValueSpecification","valueRequired":true,"valueName":"search_term_string"}}],"inLanguage":"fr-FR"},{"@type":"NewsMediaOrganization","@id":"https:\/\/dicodusport.fr\/blog\/#organization","name":"Dicodusport","url":"https:\/\/dicodusport.fr\/blog\/","logo":{"@type":"ImageObject","inLanguage":"fr-FR","@id":"https:\/\/dicodusport.fr\/blog\/#\/schema\/logo\/image\/","url":"https:\/\/dicodusport.fr\/blog\/wp-content\/uploads\/2020\/06\/cropped-LOGO-DICODUSPORT-2020-SANS-FOND-SANS-TEXTE.png","contentUrl":"https:\/\/dicodusport.fr\/blog\/wp-content\/uploads\/2020\/06\/cropped-LOGO-DICODUSPORT-2020-SANS-FOND-SANS-TEXTE.png","width":512,"height":512,"caption":"Dicodusport"},"image":{"@id":"https:\/\/dicodusport.fr\/blog\/#\/schema\/logo\/image\/"},"sameAs":["https:\/\/www.facebook.com\/dicodusport","https:\/\/x.com\/dicodusport","https:\/\/www.instagram.com\/dicodusport\/","https:\/\/www.youtube.com\/channel\/UC7V2KZ5sd3htJivAbA4ZG3w"],"description":"Dicodusport est l'encyclop\u00e9die de l'actualit\u00e9 sportive.","email":"bonjour@dicodusport.fr","legalName":"DICODUSPORT","foundingDate":"2018-01-14","vatID":"FR71834470973","taxID":"83447097300043","numberOfEmployees":{"@type":"QuantitativeValue","minValue":"1","maxValue":"10"}},{"@type":"Person","@id":"https:\/\/dicodusport.fr\/blog\/#\/schema\/person\/627966a6cde45dbd8c5e36ac85d783da","name":"S\u00e9bastien Gente","image":{"@type":"ImageObject","inLanguage":"fr-FR","@id":"https:\/\/dicodusport.fr\/blog\/#\/schema\/person\/image\/","url":"https:\/\/dicodusport.fr\/blog\/wp-content\/uploads\/2021\/09\/1510990_10205810251400683_4124423575079401707_n-150x150.jpg","contentUrl":"https:\/\/dicodusport.fr\/blog\/wp-content\/uploads\/2021\/09\/1510990_10205810251400683_4124423575079401707_n-150x150.jpg","caption":"S\u00e9bastien Gente"},"description":"John Stockton, Gianni Bugno, Zinedine Zidane, Steffi Graf, Frode Andresen, St\u00e9phane Stoecklin, Davis Kamoga, Primoz Peterka, Werner Schlager et Aur\u00e9lien Rougerie. Point commun entre ces sportifs? Ils m'ont fait r\u00eaver et ont berc\u00e9 mon adolescence. Je suis un fondu de sports et j'essaie de retranscrire ma passion \u00e0 travers mes articles. Originaire du P\u00e9rigord, ma passion pour les Girondins, les Jaunards et les Jazzmen transpire dans mes \u00e9crits. \u00c0 Dicodusport depuis 2021, je d\u00e9niche les sports m\u00e9connus dans lesquels la France brille, et il y en a !","sameAs":["https:\/\/www.facebook.com\/sebastien.gente\/","https:\/\/www.instagram.com\/sebgente\/","https:\/\/www.linkedin.com\/in\/sbastien-gente-a29583169\/","https:\/\/x.com\/https:\/\/twitter.com\/globulo24","SebastienGente"],"worksFor":"S\u00e9bastien GENTE","url":"https:\/\/dicodusport.fr\/blog\/author\/sebastiengente\/"}]}},"_links":{"self":[{"href":"https:\/\/dicodusport.fr\/blog\/wp-json\/wp\/v2\/posts\/609949","targetHints":{"allow":["GET"]}}],"collection":[{"href":"https:\/\/dicodusport.fr\/blog\/wp-json\/wp\/v2\/posts"}],"about":[{"href":"https:\/\/dicodusport.fr\/blog\/wp-json\/wp\/v2\/types\/post"}],"author":[{"embeddable":true,"href":"https:\/\/dicodusport.fr\/blog\/wp-json\/wp\/v2\/users\/59"}],"replies":[{"embeddable":true,"href":"https:\/\/dicodusport.fr\/blog\/wp-json\/wp\/v2\/comments?post=609949"}],"version-history":[{"count":3,"href":"https:\/\/dicodusport.fr\/blog\/wp-json\/wp\/v2\/posts\/609949\/revisions"}],"predecessor-version":[{"id":609979,"href":"https:\/\/dicodusport.fr\/blog\/wp-json\/wp\/v2\/posts\/609949\/revisions\/609979"}],"wp:featuredmedia":[{"embeddable":true,"href":"https:\/\/dicodusport.fr\/blog\/wp-json\/wp\/v2\/media\/609957"}],"wp:attachment":[{"href":"https:\/\/dicodusport.fr\/blog\/wp-json\/wp\/v2\/media?parent=609949"}],"wp:term":[{"taxonomy":"category","embeddable":true,"href":"https:\/\/dicodusport.fr\/blog\/wp-json\/wp\/v2\/categories?post=609949"},{"taxonomy":"post_tag","embeddable":true,"href":"https:\/\/dicodusport.fr\/blog\/wp-json\/wp\/v2\/tags?post=609949"}],"curies":[{"name":"wp","href":"https:\/\/api.w.org\/{rel}","templated":true}]}}