{"id":610229,"date":"2025-09-12T21:35:26","date_gmt":"2025-09-12T19:35:26","guid":{"rendered":"https:\/\/dicodusport.fr\/blog\/?p=610229&#038;preview=true&#038;preview_id=610229"},"modified":"2025-09-12T21:35:26","modified_gmt":"2025-09-12T19:35:26","slug":"coupe-davis-2025-la-france-mene-0-2-en-croatie-et-entrevoit-la-phase-finale","status":"publish","type":"post","link":"https:\/\/dicodusport.fr\/blog\/coupe-davis-2025-la-france-mene-0-2-en-croatie-et-entrevoit-la-phase-finale\/","title":{"rendered":"Coupe Davis 2025 : La France m\u00e8ne 0-2 en Croatie et entrevoit la phase finale"},"content":{"rendered":"<p style=\"text-align: justify;\"><strong><em>COUPE DAVIS 2025 &#8211; Corentin Moutet a tout donn\u00e9, mais lanc\u00e9 de la bonne mani\u00e8re les Bleus, Arthur Rinderknech a enfonc\u00e9 le clou : la France m\u00e8ne 0-2 en Croatie et n&rsquo;a plus qu&rsquo;un match \u00e0 gagner pour retrouver la phase finale.\u00a0<\/em><\/strong><\/p>\n<ul style=\"text-align: justify;\">\n<li><strong>\u00c0 ce sujet \u2013\u00a0<a href=\"https:\/\/dicodusport.fr\/blog\/programme-et-resultats-deuxieme-tour-coupe-davis-2025\/\">Deuxi\u00e8me tour Coupe Davis 2025 : Programme et r\u00e9sultats mis \u00e0 jour<\/a><\/strong><\/li>\n<\/ul>\n<p style=\"text-align: justify;\">Voil\u00e0 quatre ans que <strong>l&rsquo;\u00e9quipe de France hommes de tennis<\/strong> n&rsquo;avait plus atteint la phase finale de la Coupe Davis. Avec un nouveau changement de formule, il n&rsquo;y avait que deux matchs \u00e0 gagner pour cela. Le premier avait \u00e9t\u00e9 survol\u00e9 contre le Br\u00e9sil en f\u00e9vrier, ne restait plus qu&rsquo;\u00e0 vaincre la Croatie sur son sol, et sur terre battue. Plus facile \u00e0 dire qu&rsquo;\u00e0 faire&#8230;<\/p>\n<div class=\"vlp-link-container vlp-layout-article\"><a href=\"https:\/\/dicodusport.fr\/blog\/coupe-davis-2025-la-france-termine-le-travail-contre-le-bresil\/\" class=\"vlp-link\" title=\"Coupe Davis 2025 : La France termine le travail contre le Br\u00e9sil\"><\/a><div class=\"vlp-layout-zone-side\"><div class=\"vlp-block-4 vlp-link-image\"><img loading=\"lazy\" decoding=\"async\" style=\"max-width: 792px;\" width=\"792\" height=\"445\" src=\"https:\/\/dicodusport.fr\/blog\/wp-content\/uploads\/2025\/02\/Coupe-Davis-2025-La-France-termine-le-travail-contre-le-Bresil.png\" class=\"attachment-800x445 size-800x445\" alt=\"Coupe Davis 2025 La France termine le travail contre le Br\u00e9sil\" srcset=\"https:\/\/dicodusport.fr\/blog\/wp-content\/uploads\/2025\/02\/Coupe-Davis-2025-La-France-termine-le-travail-contre-le-Bresil.png 1200w, https:\/\/dicodusport.fr\/blog\/wp-content\/uploads\/2025\/02\/Coupe-Davis-2025-La-France-termine-le-travail-contre-le-Bresil-300x169.png 300w, https:\/\/dicodusport.fr\/blog\/wp-content\/uploads\/2025\/02\/Coupe-Davis-2025-La-France-termine-le-travail-contre-le-Bresil-1024x575.png 1024w, https:\/\/dicodusport.fr\/blog\/wp-content\/uploads\/2025\/02\/Coupe-Davis-2025-La-France-termine-le-travail-contre-le-Bresil-768x431.png 768w\" sizes=\"auto, (max-width: 792px) 100vw, 792px\" \/><\/div><\/div><div class=\"vlp-layout-zone-main\"><div class=\"vlp-block-0 vlp-link-title\">Coupe Davis 2025 : La France termine le travail contre le Br\u00e9sil<\/div><div class=\"vlp-block-1 vlp-link-summary\">COUPE DAVIS 2025 - D\u00e8s le double, l'\u00e9quipe de France a conclu son affrontement avec le Br\u00e9sil, et franchit le premier tour de la comp\u00e9tition.<\/div><div class=\"vlp-block-2 vlp-link-button\">Lire l'article<\/div><div class=\"vlp-block-3 vlp-link-url\">dicodusport.fr<\/div><\/div><\/div>\n<h2 style=\"text-align: justify;\">Moutet a d\u00fb cravacher<\/h2>\n<p style=\"text-align: justify;\"><strong>Corentin Moutet<\/strong> ouvrait le bal pour sa toute premi\u00e8re s\u00e9lection, et affrontait le grand espoir croate <strong>Dino Pri\u017emi\u0107<\/strong>. Un joueur plus puissant, mais aussi bien plus inexp\u00e9riment\u00e9. De quoi donner au Tricolore l&rsquo;occasion d&rsquo;un cours de cuisine, lui qui n&rsquo;a que faire d&rsquo;une ambiance hostile. Totalement imp\u00e9rial sur son service, il \u00e9tait mena\u00e7ant sur chacune des mises en jeu croates, jusqu&rsquo;\u00e0 faire le break enfin \u00e0 <strong>4-4<\/strong>. Une mise en jeu bien serr\u00e9e plus tard, il virait en t\u00eate.<\/p>\n<blockquote class=\"twitter-tweet\">\n<p dir=\"ltr\" lang=\"fr\">Magnificent Moutet \ud83d\ude0d<a href=\"https:\/\/twitter.com\/hashtag\/DavisCup?src=hash&amp;ref_src=twsrc%5Etfw\">#DavisCup<\/a> <a href=\"https:\/\/t.co\/zCSyr7HPAi\">pic.twitter.com\/zCSyr7HPAi<\/a><\/p>\n<p>\u2014 Davis Cup (@DavisCup) <a href=\"https:\/\/twitter.com\/DavisCup\/status\/1966518347492630895?ref_src=twsrc%5Etfw\">September 12, 2025<\/a><\/p><\/blockquote>\n<p style=\"text-align: justify;\"><script async src=\"https:\/\/platform.twitter.com\/widgets.js\" charset=\"utf-8\"><\/script><br \/>\nMalheureusement, la deuxi\u00e8me manche allait \u00eatre celle des occasions manqu\u00e9es. Pas moins de sept balles de break g\u00e2ch\u00e9es par le Fran\u00e7ais, dont quatre \u00e0 <strong>5-5<\/strong>, ce qui lui aurait permis de servir pour le match. La cuirasse du Fran\u00e7ais commen\u00e7ait \u00e0 se fissurer, et lui qui n&rsquo;avait l\u00e2ch\u00e9 aucune balle de break durant tout le match en conc\u00e9dait huit lors des deux occasions o\u00f9 il servait pour rester dans la manche. Malheureusement, la huiti\u00e8me allait lui \u00eatre fatale.<\/p>\n<p style=\"text-align: justify;\">De quoi craquer ? Pour d&rsquo;autres peut-\u00eatre, pour <strong>Moutet<\/strong>, juste une occasion de rebondir. Pertinent dans ses choix, il allait breaker d&rsquo;entr\u00e9e, et cela allait totalement faire tourner le match, pour de bon cette fois. Plus capable de tenir l&rsquo;\u00e9change, cuisin\u00e9 dans les grandes largeurs par son rival, <strong>Pri\u017emi\u0107\u00a0<\/strong>finissait par rendre les armes, <strong>6-4, 5-7, 6-1<\/strong>. Une belle victoire pour une belle premi\u00e8re, <strong>Moutet<\/strong> a parfaitement lanc\u00e9 les Bleus, apr\u00e8s 3 heures 17 de bagarre.<\/p>\n<h2 style=\"text-align: justify;\">Rinderknech en patron<\/h2>\n<p style=\"text-align: justify;\">Restait \u00e0 <strong>Arthur Rinderknech<\/strong> \u00e0 confirmer ce bon d\u00e9part contre <strong>Marin \u010cili\u0107<\/strong>. Le Fran\u00e7ais venait d&rsquo;atteindre les 8\u00e8mes de finale en Grand Chelem pour la premi\u00e8re fois de sa carri\u00e8re lors du dernier US Open, mais son rival avait remport\u00e9 ce m\u00eame tournoi par le pass\u00e9. N\u00e9anmoins, l&rsquo;usure du temps a fait son \u0153uvre, et le match a \u00e9t\u00e9 \u00e0 sens unique ou presque.<\/p>\n<ul style=\"text-align: justify;\">\n<li><strong>\u00c0 lire aussi &#8211; <a href=\"https:\/\/dicodusport.fr\/blog\/us-open-2025-pas-dexploit-pour-arthur-rinderknech-en-8eme-face-a-carlos-alcaraz\/\">US Open 2025: Pas d\u2019exploit pour Arthur Rinderknech en 8\u00e8me face \u00e0 Carlos Alcaraz<\/a><\/strong><\/li>\n<\/ul>\n<p style=\"text-align: justify;\">Deux sets secs, une belle domination \u00e0 l&rsquo;\u00e9change, aucune balle de break conc\u00e9d\u00e9e, un service puissant et efficace : le Fran\u00e7ais a parfaitement n\u00e9goci\u00e9 sa rencontre, profitant de la confiance emmagasin\u00e9e du c\u00f4t\u00e9 de New York. <strong>6-2, 6-4<\/strong> : victoire imp\u00e9riale d&rsquo;<strong>Arthur Rinderknech<\/strong>, qui permet \u00e0 la France de mener deux manches \u00e0 rien. Demain, il y aura trois chances de conclure et d&rsquo;enfin retrouver la phase finale.<\/p>\n","protected":false},"excerpt":{"rendered":"<p>COUPE DAVIS 2025 &#8211; Corentin Moutet a tout donn\u00e9, mais lanc\u00e9 de la bonne mani\u00e8re les Bleus, Arthur Rinderknech a enfonc\u00e9 le clou : la France m\u00e8ne 0-2 en Croatie et n&rsquo;a plus qu&rsquo;un match \u00e0 gagner pour retrouver la phase finale.\u00a0<\/p>\n","protected":false},"author":59,"featured_media":610303,"comment_status":"open","ping_status":"closed","sticky":false,"template":"","format":"standard","meta":{"_acf_changed":false,"_daextam_enable_autolinks":"1","footnotes":""},"categories":[2302],"tags":[16878,2540],"class_list":["post-610229","post","type-post","status-publish","format-standard","has-post-thumbnail","hentry","category-tennis","tag-breve","tag-coupe-davis"],"acf":[],"yoast_head":"<!-- This site is optimized with the Yoast SEO Premium plugin v26.7 (Yoast SEO v26.7) - https:\/\/yoast.com\/wordpress\/plugins\/seo\/ -->\n<title>Coupe Davis 2025 : La France m\u00e8ne 0-2 en Croatie et entrevoit la phase finale<\/title>\n<meta name=\"description\" content=\"COUPE DAVIS 2025 - : la France m\u00e8ne 0-2 en Croatie et n&#039;a plus qu&#039;un match \u00e0 gagner pour retrouver la phase finale.\u00a0\" \/>\n<meta name=\"robots\" content=\"index, follow, max-snippet:-1, max-image-preview:large, max-video-preview:-1\" \/>\n<link rel=\"canonical\" href=\"https:\/\/dicodusport.fr\/blog\/coupe-davis-2025-la-france-mene-0-2-en-croatie-et-entrevoit-la-phase-finale\/\" \/>\n<meta property=\"og:locale\" content=\"fr_FR\" \/>\n<meta property=\"og:type\" content=\"article\" \/>\n<meta property=\"og:title\" content=\"Coupe Davis 2025 : La France m\u00e8ne 0-2 en Croatie et entrevoit la phase finale\" \/>\n<meta property=\"og:description\" content=\"COUPE DAVIS 2025 - : la France m\u00e8ne 0-2 en Croatie et n&#039;a plus qu&#039;un match \u00e0 gagner pour retrouver la phase finale.\u00a0\" \/>\n<meta property=\"og:url\" content=\"https:\/\/dicodusport.fr\/blog\/coupe-davis-2025-la-france-mene-0-2-en-croatie-et-entrevoit-la-phase-finale\/\" \/>\n<meta property=\"og:site_name\" content=\"Dicodusport\" \/>\n<meta property=\"article:publisher\" content=\"https:\/\/www.facebook.com\/dicodusport\" \/>\n<meta property=\"article:author\" content=\"https:\/\/www.facebook.com\/sebastien.gente\/\" \/>\n<meta property=\"article:published_time\" content=\"2025-09-12T19:35:26+00:00\" \/>\n<meta property=\"og:image\" content=\"https:\/\/dicodusport.fr\/blog\/wp-content\/uploads\/2025\/09\/Coupe-Davis-2025-La-France-mene-0-2-en-Croatie-et-entrevoit-la-phase-finale.png\" \/>\n\t<meta property=\"og:image:width\" content=\"1200\" \/>\n\t<meta property=\"og:image:height\" content=\"674\" \/>\n\t<meta property=\"og:image:type\" content=\"image\/png\" \/>\n<meta name=\"author\" content=\"S\u00e9bastien Gente\" \/>\n<meta name=\"twitter:card\" content=\"summary_large_image\" \/>\n<meta name=\"twitter:title\" content=\"Coupe Davis 2025 : La France m\u00e8ne 0-2 en Croatie et entrevoit la phase finale\" \/>\n<meta name=\"twitter:creator\" content=\"@https:\/\/twitter.com\/globulo24\" \/>\n<meta name=\"twitter:site\" content=\"@dicodusport\" \/>\n<script type=\"application\/ld+json\" class=\"yoast-schema-graph\">{\"@context\":\"https:\/\/schema.org\",\"@graph\":[{\"@type\":\"NewsArticle\",\"@id\":\"https:\/\/dicodusport.fr\/blog\/coupe-davis-2025-la-france-mene-0-2-en-croatie-et-entrevoit-la-phase-finale\/#article\",\"isPartOf\":{\"@id\":\"https:\/\/dicodusport.fr\/blog\/coupe-davis-2025-la-france-mene-0-2-en-croatie-et-entrevoit-la-phase-finale\/\"},\"author\":{\"name\":\"S\u00e9bastien Gente\",\"@id\":\"https:\/\/dicodusport.fr\/blog\/#\/schema\/person\/627966a6cde45dbd8c5e36ac85d783da\"},\"headline\":\"Coupe Davis 2025 : La France m\u00e8ne 0-2 en Croatie et entrevoit la phase finale\",\"datePublished\":\"2025-09-12T19:35:26+00:00\",\"mainEntityOfPage\":{\"@id\":\"https:\/\/dicodusport.fr\/blog\/coupe-davis-2025-la-france-mene-0-2-en-croatie-et-entrevoit-la-phase-finale\/\"},\"wordCount\":641,\"commentCount\":0,\"publisher\":{\"@id\":\"https:\/\/dicodusport.fr\/blog\/#organization\"},\"image\":{\"@id\":\"https:\/\/dicodusport.fr\/blog\/coupe-davis-2025-la-france-mene-0-2-en-croatie-et-entrevoit-la-phase-finale\/#primaryimage\"},\"thumbnailUrl\":\"https:\/\/dicodusport.fr\/blog\/wp-content\/uploads\/2025\/09\/Coupe-Davis-2025-La-France-mene-0-2-en-Croatie-et-entrevoit-la-phase-finale.png\",\"keywords\":[\"br\u00e8ve\",\"Coupe Davis\"],\"articleSection\":[\"Tennis\"],\"inLanguage\":\"fr-FR\",\"potentialAction\":[{\"@type\":\"CommentAction\",\"name\":\"Comment\",\"target\":[\"https:\/\/dicodusport.fr\/blog\/coupe-davis-2025-la-france-mene-0-2-en-croatie-et-entrevoit-la-phase-finale\/#respond\"]}],\"copyrightYear\":\"2025\",\"copyrightHolder\":{\"@id\":\"https:\/\/dicodusport.fr\/blog\/#organization\"}},{\"@type\":\"WebPage\",\"@id\":\"https:\/\/dicodusport.fr\/blog\/coupe-davis-2025-la-france-mene-0-2-en-croatie-et-entrevoit-la-phase-finale\/\",\"url\":\"https:\/\/dicodusport.fr\/blog\/coupe-davis-2025-la-france-mene-0-2-en-croatie-et-entrevoit-la-phase-finale\/\",\"name\":\"Coupe Davis 2025 : La France m\u00e8ne 0-2 en Croatie et entrevoit la phase finale\",\"isPartOf\":{\"@id\":\"https:\/\/dicodusport.fr\/blog\/#website\"},\"primaryImageOfPage\":{\"@id\":\"https:\/\/dicodusport.fr\/blog\/coupe-davis-2025-la-france-mene-0-2-en-croatie-et-entrevoit-la-phase-finale\/#primaryimage\"},\"image\":{\"@id\":\"https:\/\/dicodusport.fr\/blog\/coupe-davis-2025-la-france-mene-0-2-en-croatie-et-entrevoit-la-phase-finale\/#primaryimage\"},\"thumbnailUrl\":\"https:\/\/dicodusport.fr\/blog\/wp-content\/uploads\/2025\/09\/Coupe-Davis-2025-La-France-mene-0-2-en-Croatie-et-entrevoit-la-phase-finale.png\",\"datePublished\":\"2025-09-12T19:35:26+00:00\",\"description\":\"COUPE DAVIS 2025 - : la France m\u00e8ne 0-2 en Croatie et n'a plus qu'un match \u00e0 gagner pour retrouver la phase finale.\u00a0\",\"breadcrumb\":{\"@id\":\"https:\/\/dicodusport.fr\/blog\/coupe-davis-2025-la-france-mene-0-2-en-croatie-et-entrevoit-la-phase-finale\/#breadcrumb\"},\"inLanguage\":\"fr-FR\",\"potentialAction\":[{\"@type\":\"ReadAction\",\"target\":[\"https:\/\/dicodusport.fr\/blog\/coupe-davis-2025-la-france-mene-0-2-en-croatie-et-entrevoit-la-phase-finale\/\"]}]},{\"@type\":\"ImageObject\",\"inLanguage\":\"fr-FR\",\"@id\":\"https:\/\/dicodusport.fr\/blog\/coupe-davis-2025-la-france-mene-0-2-en-croatie-et-entrevoit-la-phase-finale\/#primaryimage\",\"url\":\"https:\/\/dicodusport.fr\/blog\/wp-content\/uploads\/2025\/09\/Coupe-Davis-2025-La-France-mene-0-2-en-Croatie-et-entrevoit-la-phase-finale.png\",\"contentUrl\":\"https:\/\/dicodusport.fr\/blog\/wp-content\/uploads\/2025\/09\/Coupe-Davis-2025-La-France-mene-0-2-en-Croatie-et-entrevoit-la-phase-finale.png\",\"width\":1200,\"height\":674,\"caption\":\"Coupe Davis 2025 La France m\u00e8ne 0-2 en Croatie et entrevoit la phase finale\"},{\"@type\":\"BreadcrumbList\",\"@id\":\"https:\/\/dicodusport.fr\/blog\/coupe-davis-2025-la-france-mene-0-2-en-croatie-et-entrevoit-la-phase-finale\/#breadcrumb\",\"itemListElement\":[{\"@type\":\"ListItem\",\"position\":1,\"name\":\"Accueil\",\"item\":\"https:\/\/dicodusport.fr\/blog\/\"},{\"@type\":\"ListItem\",\"position\":2,\"name\":\"Coupe Davis 2025 : La France m\u00e8ne 0-2 en Croatie et entrevoit la phase finale\"}]},{\"@type\":\"WebSite\",\"@id\":\"https:\/\/dicodusport.fr\/blog\/#website\",\"url\":\"https:\/\/dicodusport.fr\/blog\/\",\"name\":\"Dicodusport\",\"description\":\"L&#039;encyclop\u00e9die de l&#039;actualit\u00e9 sportive\",\"publisher\":{\"@id\":\"https:\/\/dicodusport.fr\/blog\/#organization\"},\"potentialAction\":[{\"@type\":\"SearchAction\",\"target\":{\"@type\":\"EntryPoint\",\"urlTemplate\":\"https:\/\/dicodusport.fr\/blog\/?s={search_term_string}\"},\"query-input\":{\"@type\":\"PropertyValueSpecification\",\"valueRequired\":true,\"valueName\":\"search_term_string\"}}],\"inLanguage\":\"fr-FR\"},{\"@type\":\"NewsMediaOrganization\",\"@id\":\"https:\/\/dicodusport.fr\/blog\/#organization\",\"name\":\"Dicodusport\",\"url\":\"https:\/\/dicodusport.fr\/blog\/\",\"logo\":{\"@type\":\"ImageObject\",\"inLanguage\":\"fr-FR\",\"@id\":\"https:\/\/dicodusport.fr\/blog\/#\/schema\/logo\/image\/\",\"url\":\"https:\/\/dicodusport.fr\/blog\/wp-content\/uploads\/2020\/06\/cropped-LOGO-DICODUSPORT-2020-SANS-FOND-SANS-TEXTE.png\",\"contentUrl\":\"https:\/\/dicodusport.fr\/blog\/wp-content\/uploads\/2020\/06\/cropped-LOGO-DICODUSPORT-2020-SANS-FOND-SANS-TEXTE.png\",\"width\":512,\"height\":512,\"caption\":\"Dicodusport\"},\"image\":{\"@id\":\"https:\/\/dicodusport.fr\/blog\/#\/schema\/logo\/image\/\"},\"sameAs\":[\"https:\/\/www.facebook.com\/dicodusport\",\"https:\/\/x.com\/dicodusport\",\"https:\/\/www.instagram.com\/dicodusport\/\",\"https:\/\/www.youtube.com\/channel\/UC7V2KZ5sd3htJivAbA4ZG3w\"],\"description\":\"Dicodusport est l'encyclop\u00e9die de l'actualit\u00e9 sportive.\",\"email\":\"bonjour@dicodusport.fr\",\"legalName\":\"DICODUSPORT\",\"foundingDate\":\"2018-01-14\",\"vatID\":\"FR71834470973\",\"taxID\":\"83447097300043\",\"numberOfEmployees\":{\"@type\":\"QuantitativeValue\",\"minValue\":\"1\",\"maxValue\":\"10\"}},{\"@type\":\"Person\",\"@id\":\"https:\/\/dicodusport.fr\/blog\/#\/schema\/person\/627966a6cde45dbd8c5e36ac85d783da\",\"name\":\"S\u00e9bastien Gente\",\"image\":{\"@type\":\"ImageObject\",\"inLanguage\":\"fr-FR\",\"@id\":\"https:\/\/dicodusport.fr\/blog\/#\/schema\/person\/image\/\",\"url\":\"https:\/\/dicodusport.fr\/blog\/wp-content\/uploads\/2021\/09\/1510990_10205810251400683_4124423575079401707_n-150x150.jpg\",\"contentUrl\":\"https:\/\/dicodusport.fr\/blog\/wp-content\/uploads\/2021\/09\/1510990_10205810251400683_4124423575079401707_n-150x150.jpg\",\"caption\":\"S\u00e9bastien Gente\"},\"description\":\"John Stockton, Gianni Bugno, Zinedine Zidane, Steffi Graf, Frode Andresen, St\u00e9phane Stoecklin, Davis Kamoga, Primoz Peterka, Werner Schlager et Aur\u00e9lien Rougerie. Point commun entre ces sportifs? Ils m'ont fait r\u00eaver et ont berc\u00e9 mon adolescence. Je suis un fondu de sports et j'essaie de retranscrire ma passion \u00e0 travers mes articles. Originaire du P\u00e9rigord, ma passion pour les Girondins, les Jaunards et les Jazzmen transpire dans mes \u00e9crits. \u00c0 Dicodusport depuis 2021, je d\u00e9niche les sports m\u00e9connus dans lesquels la France brille, et il y en a !\",\"sameAs\":[\"https:\/\/www.facebook.com\/sebastien.gente\/\",\"https:\/\/www.instagram.com\/sebgente\/\",\"https:\/\/www.linkedin.com\/in\/sbastien-gente-a29583169\/\",\"https:\/\/x.com\/https:\/\/twitter.com\/globulo24\",\"SebastienGente\"],\"worksFor\":\"S\u00e9bastien GENTE\",\"url\":\"https:\/\/dicodusport.fr\/blog\/author\/sebastiengente\/\"}]}<\/script>\n<!-- \/ Yoast SEO Premium plugin. -->","yoast_head_json":{"title":"Coupe Davis 2025 : La France m\u00e8ne 0-2 en Croatie et entrevoit la phase finale","description":"COUPE DAVIS 2025 - : la France m\u00e8ne 0-2 en Croatie et n'a plus qu'un match \u00e0 gagner pour retrouver la phase finale.\u00a0","robots":{"index":"index","follow":"follow","max-snippet":"max-snippet:-1","max-image-preview":"max-image-preview:large","max-video-preview":"max-video-preview:-1"},"canonical":"https:\/\/dicodusport.fr\/blog\/coupe-davis-2025-la-france-mene-0-2-en-croatie-et-entrevoit-la-phase-finale\/","og_locale":"fr_FR","og_type":"article","og_title":"Coupe Davis 2025 : La France m\u00e8ne 0-2 en Croatie et entrevoit la phase finale","og_description":"COUPE DAVIS 2025 - : la France m\u00e8ne 0-2 en Croatie et n'a plus qu'un match \u00e0 gagner pour retrouver la phase finale.\u00a0","og_url":"https:\/\/dicodusport.fr\/blog\/coupe-davis-2025-la-france-mene-0-2-en-croatie-et-entrevoit-la-phase-finale\/","og_site_name":"Dicodusport","article_publisher":"https:\/\/www.facebook.com\/dicodusport","article_author":"https:\/\/www.facebook.com\/sebastien.gente\/","article_published_time":"2025-09-12T19:35:26+00:00","og_image":[{"width":1200,"height":674,"url":"https:\/\/dicodusport.fr\/blog\/wp-content\/uploads\/2025\/09\/Coupe-Davis-2025-La-France-mene-0-2-en-Croatie-et-entrevoit-la-phase-finale.png","type":"image\/png"}],"author":"S\u00e9bastien Gente","twitter_card":"summary_large_image","twitter_title":"Coupe Davis 2025 : La France m\u00e8ne 0-2 en Croatie et entrevoit la phase finale","twitter_creator":"@https:\/\/twitter.com\/globulo24","twitter_site":"@dicodusport","schema":{"@context":"https:\/\/schema.org","@graph":[{"@type":"NewsArticle","@id":"https:\/\/dicodusport.fr\/blog\/coupe-davis-2025-la-france-mene-0-2-en-croatie-et-entrevoit-la-phase-finale\/#article","isPartOf":{"@id":"https:\/\/dicodusport.fr\/blog\/coupe-davis-2025-la-france-mene-0-2-en-croatie-et-entrevoit-la-phase-finale\/"},"author":{"name":"S\u00e9bastien Gente","@id":"https:\/\/dicodusport.fr\/blog\/#\/schema\/person\/627966a6cde45dbd8c5e36ac85d783da"},"headline":"Coupe Davis 2025 : La France m\u00e8ne 0-2 en Croatie et entrevoit la phase finale","datePublished":"2025-09-12T19:35:26+00:00","mainEntityOfPage":{"@id":"https:\/\/dicodusport.fr\/blog\/coupe-davis-2025-la-france-mene-0-2-en-croatie-et-entrevoit-la-phase-finale\/"},"wordCount":641,"commentCount":0,"publisher":{"@id":"https:\/\/dicodusport.fr\/blog\/#organization"},"image":{"@id":"https:\/\/dicodusport.fr\/blog\/coupe-davis-2025-la-france-mene-0-2-en-croatie-et-entrevoit-la-phase-finale\/#primaryimage"},"thumbnailUrl":"https:\/\/dicodusport.fr\/blog\/wp-content\/uploads\/2025\/09\/Coupe-Davis-2025-La-France-mene-0-2-en-Croatie-et-entrevoit-la-phase-finale.png","keywords":["br\u00e8ve","Coupe Davis"],"articleSection":["Tennis"],"inLanguage":"fr-FR","potentialAction":[{"@type":"CommentAction","name":"Comment","target":["https:\/\/dicodusport.fr\/blog\/coupe-davis-2025-la-france-mene-0-2-en-croatie-et-entrevoit-la-phase-finale\/#respond"]}],"copyrightYear":"2025","copyrightHolder":{"@id":"https:\/\/dicodusport.fr\/blog\/#organization"}},{"@type":"WebPage","@id":"https:\/\/dicodusport.fr\/blog\/coupe-davis-2025-la-france-mene-0-2-en-croatie-et-entrevoit-la-phase-finale\/","url":"https:\/\/dicodusport.fr\/blog\/coupe-davis-2025-la-france-mene-0-2-en-croatie-et-entrevoit-la-phase-finale\/","name":"Coupe Davis 2025 : La France m\u00e8ne 0-2 en Croatie et entrevoit la phase finale","isPartOf":{"@id":"https:\/\/dicodusport.fr\/blog\/#website"},"primaryImageOfPage":{"@id":"https:\/\/dicodusport.fr\/blog\/coupe-davis-2025-la-france-mene-0-2-en-croatie-et-entrevoit-la-phase-finale\/#primaryimage"},"image":{"@id":"https:\/\/dicodusport.fr\/blog\/coupe-davis-2025-la-france-mene-0-2-en-croatie-et-entrevoit-la-phase-finale\/#primaryimage"},"thumbnailUrl":"https:\/\/dicodusport.fr\/blog\/wp-content\/uploads\/2025\/09\/Coupe-Davis-2025-La-France-mene-0-2-en-Croatie-et-entrevoit-la-phase-finale.png","datePublished":"2025-09-12T19:35:26+00:00","description":"COUPE DAVIS 2025 - : la France m\u00e8ne 0-2 en Croatie et n'a plus qu'un match \u00e0 gagner pour retrouver la phase finale.\u00a0","breadcrumb":{"@id":"https:\/\/dicodusport.fr\/blog\/coupe-davis-2025-la-france-mene-0-2-en-croatie-et-entrevoit-la-phase-finale\/#breadcrumb"},"inLanguage":"fr-FR","potentialAction":[{"@type":"ReadAction","target":["https:\/\/dicodusport.fr\/blog\/coupe-davis-2025-la-france-mene-0-2-en-croatie-et-entrevoit-la-phase-finale\/"]}]},{"@type":"ImageObject","inLanguage":"fr-FR","@id":"https:\/\/dicodusport.fr\/blog\/coupe-davis-2025-la-france-mene-0-2-en-croatie-et-entrevoit-la-phase-finale\/#primaryimage","url":"https:\/\/dicodusport.fr\/blog\/wp-content\/uploads\/2025\/09\/Coupe-Davis-2025-La-France-mene-0-2-en-Croatie-et-entrevoit-la-phase-finale.png","contentUrl":"https:\/\/dicodusport.fr\/blog\/wp-content\/uploads\/2025\/09\/Coupe-Davis-2025-La-France-mene-0-2-en-Croatie-et-entrevoit-la-phase-finale.png","width":1200,"height":674,"caption":"Coupe Davis 2025 La France m\u00e8ne 0-2 en Croatie et entrevoit la phase finale"},{"@type":"BreadcrumbList","@id":"https:\/\/dicodusport.fr\/blog\/coupe-davis-2025-la-france-mene-0-2-en-croatie-et-entrevoit-la-phase-finale\/#breadcrumb","itemListElement":[{"@type":"ListItem","position":1,"name":"Accueil","item":"https:\/\/dicodusport.fr\/blog\/"},{"@type":"ListItem","position":2,"name":"Coupe Davis 2025 : La France m\u00e8ne 0-2 en Croatie et entrevoit la phase finale"}]},{"@type":"WebSite","@id":"https:\/\/dicodusport.fr\/blog\/#website","url":"https:\/\/dicodusport.fr\/blog\/","name":"Dicodusport","description":"L&#039;encyclop\u00e9die de l&#039;actualit\u00e9 sportive","publisher":{"@id":"https:\/\/dicodusport.fr\/blog\/#organization"},"potentialAction":[{"@type":"SearchAction","target":{"@type":"EntryPoint","urlTemplate":"https:\/\/dicodusport.fr\/blog\/?s={search_term_string}"},"query-input":{"@type":"PropertyValueSpecification","valueRequired":true,"valueName":"search_term_string"}}],"inLanguage":"fr-FR"},{"@type":"NewsMediaOrganization","@id":"https:\/\/dicodusport.fr\/blog\/#organization","name":"Dicodusport","url":"https:\/\/dicodusport.fr\/blog\/","logo":{"@type":"ImageObject","inLanguage":"fr-FR","@id":"https:\/\/dicodusport.fr\/blog\/#\/schema\/logo\/image\/","url":"https:\/\/dicodusport.fr\/blog\/wp-content\/uploads\/2020\/06\/cropped-LOGO-DICODUSPORT-2020-SANS-FOND-SANS-TEXTE.png","contentUrl":"https:\/\/dicodusport.fr\/blog\/wp-content\/uploads\/2020\/06\/cropped-LOGO-DICODUSPORT-2020-SANS-FOND-SANS-TEXTE.png","width":512,"height":512,"caption":"Dicodusport"},"image":{"@id":"https:\/\/dicodusport.fr\/blog\/#\/schema\/logo\/image\/"},"sameAs":["https:\/\/www.facebook.com\/dicodusport","https:\/\/x.com\/dicodusport","https:\/\/www.instagram.com\/dicodusport\/","https:\/\/www.youtube.com\/channel\/UC7V2KZ5sd3htJivAbA4ZG3w"],"description":"Dicodusport est l'encyclop\u00e9die de l'actualit\u00e9 sportive.","email":"bonjour@dicodusport.fr","legalName":"DICODUSPORT","foundingDate":"2018-01-14","vatID":"FR71834470973","taxID":"83447097300043","numberOfEmployees":{"@type":"QuantitativeValue","minValue":"1","maxValue":"10"}},{"@type":"Person","@id":"https:\/\/dicodusport.fr\/blog\/#\/schema\/person\/627966a6cde45dbd8c5e36ac85d783da","name":"S\u00e9bastien Gente","image":{"@type":"ImageObject","inLanguage":"fr-FR","@id":"https:\/\/dicodusport.fr\/blog\/#\/schema\/person\/image\/","url":"https:\/\/dicodusport.fr\/blog\/wp-content\/uploads\/2021\/09\/1510990_10205810251400683_4124423575079401707_n-150x150.jpg","contentUrl":"https:\/\/dicodusport.fr\/blog\/wp-content\/uploads\/2021\/09\/1510990_10205810251400683_4124423575079401707_n-150x150.jpg","caption":"S\u00e9bastien Gente"},"description":"John Stockton, Gianni Bugno, Zinedine Zidane, Steffi Graf, Frode Andresen, St\u00e9phane Stoecklin, Davis Kamoga, Primoz Peterka, Werner Schlager et Aur\u00e9lien Rougerie. Point commun entre ces sportifs? Ils m'ont fait r\u00eaver et ont berc\u00e9 mon adolescence. Je suis un fondu de sports et j'essaie de retranscrire ma passion \u00e0 travers mes articles. Originaire du P\u00e9rigord, ma passion pour les Girondins, les Jaunards et les Jazzmen transpire dans mes \u00e9crits. \u00c0 Dicodusport depuis 2021, je d\u00e9niche les sports m\u00e9connus dans lesquels la France brille, et il y en a !","sameAs":["https:\/\/www.facebook.com\/sebastien.gente\/","https:\/\/www.instagram.com\/sebgente\/","https:\/\/www.linkedin.com\/in\/sbastien-gente-a29583169\/","https:\/\/x.com\/https:\/\/twitter.com\/globulo24","SebastienGente"],"worksFor":"S\u00e9bastien GENTE","url":"https:\/\/dicodusport.fr\/blog\/author\/sebastiengente\/"}]}},"_links":{"self":[{"href":"https:\/\/dicodusport.fr\/blog\/wp-json\/wp\/v2\/posts\/610229","targetHints":{"allow":["GET"]}}],"collection":[{"href":"https:\/\/dicodusport.fr\/blog\/wp-json\/wp\/v2\/posts"}],"about":[{"href":"https:\/\/dicodusport.fr\/blog\/wp-json\/wp\/v2\/types\/post"}],"author":[{"embeddable":true,"href":"https:\/\/dicodusport.fr\/blog\/wp-json\/wp\/v2\/users\/59"}],"replies":[{"embeddable":true,"href":"https:\/\/dicodusport.fr\/blog\/wp-json\/wp\/v2\/comments?post=610229"}],"version-history":[{"count":1,"href":"https:\/\/dicodusport.fr\/blog\/wp-json\/wp\/v2\/posts\/610229\/revisions"}],"predecessor-version":[{"id":610307,"href":"https:\/\/dicodusport.fr\/blog\/wp-json\/wp\/v2\/posts\/610229\/revisions\/610307"}],"wp:featuredmedia":[{"embeddable":true,"href":"https:\/\/dicodusport.fr\/blog\/wp-json\/wp\/v2\/media\/610303"}],"wp:attachment":[{"href":"https:\/\/dicodusport.fr\/blog\/wp-json\/wp\/v2\/media?parent=610229"}],"wp:term":[{"taxonomy":"category","embeddable":true,"href":"https:\/\/dicodusport.fr\/blog\/wp-json\/wp\/v2\/categories?post=610229"},{"taxonomy":"post_tag","embeddable":true,"href":"https:\/\/dicodusport.fr\/blog\/wp-json\/wp\/v2\/tags?post=610229"}],"curies":[{"name":"wp","href":"https:\/\/api.w.org\/{rel}","templated":true}]}}