{"id":610247,"date":"2025-09-12T18:38:31","date_gmt":"2025-09-12T16:38:31","guid":{"rendered":"https:\/\/dicodusport.fr\/blog\/?p=610247&#038;preview=true&#038;preview_id=610247"},"modified":"2025-09-12T23:47:00","modified_gmt":"2025-09-12T21:47:00","slug":"vtt-championnats-du-monde-2025-lucas-teste-sacre-sur-le-xco-juniors-masculin","status":"publish","type":"post","link":"https:\/\/dicodusport.fr\/blog\/vtt-championnats-du-monde-2025-lucas-teste-sacre-sur-le-xco-juniors-masculin\/","title":{"rendered":"VTT Championnats du monde 2025 : Lucas Teste sacr\u00e9 sur le XCO juniors masculin !"},"content":{"rendered":"<p style=\"text-align: justify;\"><strong><em>VTT CHAMPIONNATS DU MONDE 2025 &#8211; Cocorico ! Le Fran\u00e7ais Lucas Teste est devenu ce vendredi sacr\u00e9 champion du monde XCO, dans la cat\u00e9gorie juniors ! Il a battu, apr\u00e8s un duel \u00e9pique, le Namibien Roger Suren. C&rsquo;est le neuvi\u00e8me titre mondial pour la France dans ces championnats du monde de VTT Mountain Bike en Suisse.<\/em><\/strong><\/p>\n<ul style=\"text-align: justify;\">\n<li><strong>\u00c0 ce sujet &#8211; <a href=\"https:\/\/dicodusport.fr\/blog\/mondiaux-de-vtt-2025-programme-horaires-et-resultats\/\">VTT Championnats du monde 2025 : Programme, Horaires et R\u00e9sultats<\/a><\/strong><\/li>\n<\/ul>\n<p style=\"text-align: justify;\"><strong>Adrien Boichis<\/strong> a un successeur chez les juniors ! Sacr\u00e9 champion du monde dans la cat\u00e9gorie en 2021, le tout r\u00e9cent champion du monde XCC chez les espoirs a vu, ce vendredi, <strong>Lucas Teste<\/strong> lui succ\u00e9der au sommet du XCO juniors. Annonc\u00e9 parmi les favoris du jour, et \u00e0 raison au regard de son ann\u00e9e 2025 de haute vol\u00e9e, que ce soit sur la sc\u00e8ne nationale ou internationale, le Tricolore de 18 ans a assum\u00e9 son statut. <a href=\"https:\/\/dicodusport.fr\/blog\/vtt-championnats-du-monde-2025-la-france-rafle-le-titre-sur-le-relais-mixte\/\">D\u00e9j\u00e0 sacr\u00e9 la veille sur le relais mixte<\/a>, il parach\u00e8ve des Mondiaux de r\u00eave \u00e0 titre personnel.<\/p>\n<blockquote class=\"twitter-tweet\">\n<p dir=\"ltr\" lang=\"en\">\ud83c\udf08\ud83c\uddeb\ud83c\uddf7 LUCAS TESTE \ud83c\uddeb\ud83c\uddf7\ud83c\udf08<\/p>\n<p>What a fight to win the 2025 UCI Men Junior XCO World Championship in <a href=\"https:\/\/twitter.com\/hashtag\/CransMontana?src=hash&amp;ref_src=twsrc%5Etfw\">#CransMontana<\/a>. \ud83d\udd25<a href=\"https:\/\/twitter.com\/hashtag\/Valais2025?src=hash&amp;ref_src=twsrc%5Etfw\">#Valais2025<\/a> <a href=\"https:\/\/t.co\/Qwq7G5Afyh\">pic.twitter.com\/Qwq7G5Afyh<\/a><\/p>\n<p>\u2014 UCI MTB (@UCI_MTB) <a href=\"https:\/\/twitter.com\/UCI_MTB\/status\/1966537585066463542?ref_src=twsrc%5Etfw\">September 12, 2025<\/a><\/p><\/blockquote>\n<p><script async src=\"https:\/\/platform.twitter.com\/widgets.js\" charset=\"utf-8\"><\/script><\/p>\n<h2 style=\"text-align: justify;\">Teste en patron<\/h2>\n<p style=\"text-align: justify;\"><strong>Teste<\/strong>, efficace dans les mont\u00e9es du circuit de <strong>Crans-Montana<\/strong>, dans le Valais suisse, a couru \u00e0 la perfection tout au long des sept tours du trac\u00e9 helv\u00e8te. Il n&rsquo;a pas paniqu\u00e9 quand, \u00e0 l&rsquo;entame de la derni\u00e8re boucle, le Namibien <strong>Roger Suren<\/strong>, parmi les principaux adversaires du Fran\u00e7ais, comptait une dizaine de secondes d&rsquo;avance. Avec patience, il est revenu et a d\u00e9pos\u00e9 ce dernier, pour l&#8217;emporter en solitaire, <strong>Suren<\/strong> prenant l&rsquo;argent, \u00e0 11 secondes du nouveau champion du monde juniors. Le podium est compl\u00e9t\u00e9 par le Suisse <strong>Lewin Iten<\/strong> (+0:31).<\/p>\n<p style=\"text-align: justify;\">Champion de France juniors, <strong>Lucas Teste<\/strong> devient le septi\u00e8me v\u00e9t\u00e9tiste fran\u00e7ais \u00e0 rafler le titre mondial dans la cat\u00e9gorie, apr\u00e8s <strong>Miguel Martinez<\/strong> (1994), <strong>Julien Absalon<\/strong> (1998), <strong>Nicolas Filippi<\/strong> (1999), <strong>Victor Koretzky<\/strong> (2011), <strong>Thomas Bonnet<\/strong> (2016) et donc <strong>Adrien Boichis<\/strong> (2021).<\/p>\n","protected":false},"excerpt":{"rendered":"<p>Cocorico ! Le Fran\u00e7ais Lucas Teste est devenu ce vendredi sacr\u00e9 champion du monde XCO, dans la cat\u00e9gorie juniors ! Il a battu, apr\u00e8s un duel \u00e9pique, le Namibien Roger Suren. C&rsquo;est le neuvi\u00e8me titre mondial pour la France dans ces championnats du monde de VTT Mountain Bike en Suisse.<\/p>\n","protected":false},"author":4,"featured_media":610381,"comment_status":"open","ping_status":"closed","sticky":false,"template":"","format":"standard","meta":{"_acf_changed":false,"_daextam_enable_autolinks":"1","footnotes":""},"categories":[10279],"tags":[16878,18758,24,692],"class_list":["post-610247","post","type-post","status-publish","format-standard","has-post-thumbnail","hentry","category-vtt","tag-breve","tag-championnats-du-monde-de-vtt","tag-sport","tag-vtt"],"acf":[],"yoast_head":"<!-- This site is optimized with the Yoast SEO Premium plugin v26.7 (Yoast SEO v26.7) - https:\/\/yoast.com\/wordpress\/plugins\/seo\/ -->\n<title>VTT Championnats du monde 2025 : Lucas Teste sacr\u00e9 sur le XCO juniors masculin !<\/title>\n<meta name=\"description\" content=\"Cocorico ! Le Fran\u00e7ais Lucas Teste est devenu ce vendredi sacr\u00e9 champion du monde XCO, dans la cat\u00e9gorie juniors ! Il a battu, apr\u00e8s un duel \u00e9pique, le Namibien Roger Suren. C&#039;est le neuvi\u00e8me titre mondial pour la France dans ces championnats du monde de VTT Mountain Bike en Suisse.\" \/>\n<meta name=\"robots\" content=\"index, follow, max-snippet:-1, max-image-preview:large, max-video-preview:-1\" \/>\n<link rel=\"canonical\" href=\"https:\/\/dicodusport.fr\/blog\/vtt-championnats-du-monde-2025-lucas-teste-sacre-sur-le-xco-juniors-masculin\/\" \/>\n<meta property=\"og:locale\" content=\"fr_FR\" \/>\n<meta property=\"og:type\" content=\"article\" \/>\n<meta property=\"og:title\" content=\"VTT Championnats du monde 2025 : Lucas Teste sacr\u00e9 sur le XCO juniors masculin !\" \/>\n<meta property=\"og:description\" content=\"Cocorico ! Le Fran\u00e7ais Lucas Teste est devenu ce vendredi sacr\u00e9 champion du monde XCO, dans la cat\u00e9gorie juniors ! Il a battu, apr\u00e8s un duel \u00e9pique, le Namibien Roger Suren. C&#039;est le neuvi\u00e8me titre mondial pour la France dans ces championnats du monde de VTT Mountain Bike en Suisse.\" \/>\n<meta property=\"og:url\" content=\"https:\/\/dicodusport.fr\/blog\/vtt-championnats-du-monde-2025-lucas-teste-sacre-sur-le-xco-juniors-masculin\/\" \/>\n<meta property=\"og:site_name\" content=\"Dicodusport\" \/>\n<meta property=\"article:publisher\" content=\"https:\/\/www.facebook.com\/dicodusport\" \/>\n<meta property=\"article:author\" content=\"https:\/\/www.facebook.com\/florent.ostermann\" \/>\n<meta property=\"article:published_time\" content=\"2025-09-12T16:38:31+00:00\" \/>\n<meta property=\"article:modified_time\" content=\"2025-09-12T21:47:00+00:00\" \/>\n<meta property=\"og:image\" content=\"https:\/\/dicodusport.fr\/blog\/wp-content\/uploads\/2025\/09\/VTT-Championnats-du-monde-2025-Lucas-Teste-sacre-sur-le-XCO-juniors-masculin-1-1.png\" \/>\n\t<meta property=\"og:image:width\" content=\"1200\" \/>\n\t<meta property=\"og:image:height\" content=\"674\" \/>\n\t<meta property=\"og:image:type\" content=\"image\/png\" \/>\n<meta name=\"author\" content=\"Flo Ostermann\" \/>\n<meta name=\"twitter:card\" content=\"summary_large_image\" \/>\n<meta name=\"twitter:title\" content=\"VTT Championnats du monde 2025 : Lucas Teste sacr\u00e9 sur le XCO juniors masculin !\" \/>\n<meta name=\"twitter:creator\" content=\"@https:\/\/twitter.com\/FlOstermann\" \/>\n<meta name=\"twitter:site\" content=\"@dicodusport\" \/>\n<script type=\"application\/ld+json\" class=\"yoast-schema-graph\">{\"@context\":\"https:\/\/schema.org\",\"@graph\":[{\"@type\":\"NewsArticle\",\"@id\":\"https:\/\/dicodusport.fr\/blog\/vtt-championnats-du-monde-2025-lucas-teste-sacre-sur-le-xco-juniors-masculin\/#article\",\"isPartOf\":{\"@id\":\"https:\/\/dicodusport.fr\/blog\/vtt-championnats-du-monde-2025-lucas-teste-sacre-sur-le-xco-juniors-masculin\/\"},\"author\":{\"name\":\"Flo Ostermann\",\"@id\":\"https:\/\/dicodusport.fr\/blog\/#\/schema\/person\/cb02af4c173ce4a653b55e9baf388d4a\"},\"headline\":\"VTT Championnats du monde 2025 : Lucas Teste sacr\u00e9 sur le XCO juniors masculin !\",\"datePublished\":\"2025-09-12T16:38:31+00:00\",\"dateModified\":\"2025-09-12T21:47:00+00:00\",\"mainEntityOfPage\":{\"@id\":\"https:\/\/dicodusport.fr\/blog\/vtt-championnats-du-monde-2025-lucas-teste-sacre-sur-le-xco-juniors-masculin\/\"},\"wordCount\":345,\"commentCount\":0,\"publisher\":{\"@id\":\"https:\/\/dicodusport.fr\/blog\/#organization\"},\"image\":{\"@id\":\"https:\/\/dicodusport.fr\/blog\/vtt-championnats-du-monde-2025-lucas-teste-sacre-sur-le-xco-juniors-masculin\/#primaryimage\"},\"thumbnailUrl\":\"https:\/\/dicodusport.fr\/blog\/wp-content\/uploads\/2025\/09\/VTT-Championnats-du-monde-2025-Lucas-Teste-sacre-sur-le-XCO-juniors-masculin-1-1.png\",\"keywords\":[\"br\u00e8ve\",\"Championnats du monde de VTT\",\"sport\",\"VTT\"],\"articleSection\":[\"VTT\"],\"inLanguage\":\"fr-FR\",\"potentialAction\":[{\"@type\":\"CommentAction\",\"name\":\"Comment\",\"target\":[\"https:\/\/dicodusport.fr\/blog\/vtt-championnats-du-monde-2025-lucas-teste-sacre-sur-le-xco-juniors-masculin\/#respond\"]}],\"copyrightYear\":\"2025\",\"copyrightHolder\":{\"@id\":\"https:\/\/dicodusport.fr\/blog\/#organization\"}},{\"@type\":\"WebPage\",\"@id\":\"https:\/\/dicodusport.fr\/blog\/vtt-championnats-du-monde-2025-lucas-teste-sacre-sur-le-xco-juniors-masculin\/\",\"url\":\"https:\/\/dicodusport.fr\/blog\/vtt-championnats-du-monde-2025-lucas-teste-sacre-sur-le-xco-juniors-masculin\/\",\"name\":\"VTT Championnats du monde 2025 : Lucas Teste sacr\u00e9 sur le XCO juniors masculin !\",\"isPartOf\":{\"@id\":\"https:\/\/dicodusport.fr\/blog\/#website\"},\"primaryImageOfPage\":{\"@id\":\"https:\/\/dicodusport.fr\/blog\/vtt-championnats-du-monde-2025-lucas-teste-sacre-sur-le-xco-juniors-masculin\/#primaryimage\"},\"image\":{\"@id\":\"https:\/\/dicodusport.fr\/blog\/vtt-championnats-du-monde-2025-lucas-teste-sacre-sur-le-xco-juniors-masculin\/#primaryimage\"},\"thumbnailUrl\":\"https:\/\/dicodusport.fr\/blog\/wp-content\/uploads\/2025\/09\/VTT-Championnats-du-monde-2025-Lucas-Teste-sacre-sur-le-XCO-juniors-masculin-1-1.png\",\"datePublished\":\"2025-09-12T16:38:31+00:00\",\"dateModified\":\"2025-09-12T21:47:00+00:00\",\"description\":\"Cocorico ! Le Fran\u00e7ais Lucas Teste est devenu ce vendredi sacr\u00e9 champion du monde XCO, dans la cat\u00e9gorie juniors ! Il a battu, apr\u00e8s un duel \u00e9pique, le Namibien Roger Suren. C'est le neuvi\u00e8me titre mondial pour la France dans ces championnats du monde de VTT Mountain Bike en Suisse.\",\"breadcrumb\":{\"@id\":\"https:\/\/dicodusport.fr\/blog\/vtt-championnats-du-monde-2025-lucas-teste-sacre-sur-le-xco-juniors-masculin\/#breadcrumb\"},\"inLanguage\":\"fr-FR\",\"potentialAction\":[{\"@type\":\"ReadAction\",\"target\":[\"https:\/\/dicodusport.fr\/blog\/vtt-championnats-du-monde-2025-lucas-teste-sacre-sur-le-xco-juniors-masculin\/\"]}]},{\"@type\":\"ImageObject\",\"inLanguage\":\"fr-FR\",\"@id\":\"https:\/\/dicodusport.fr\/blog\/vtt-championnats-du-monde-2025-lucas-teste-sacre-sur-le-xco-juniors-masculin\/#primaryimage\",\"url\":\"https:\/\/dicodusport.fr\/blog\/wp-content\/uploads\/2025\/09\/VTT-Championnats-du-monde-2025-Lucas-Teste-sacre-sur-le-XCO-juniors-masculin-1-1.png\",\"contentUrl\":\"https:\/\/dicodusport.fr\/blog\/wp-content\/uploads\/2025\/09\/VTT-Championnats-du-monde-2025-Lucas-Teste-sacre-sur-le-XCO-juniors-masculin-1-1.png\",\"width\":1200,\"height\":674,\"caption\":\"VTT Championnats du monde 2025 Lucas Teste sacr\u00e9 sur le XCO juniors masculin !\"},{\"@type\":\"BreadcrumbList\",\"@id\":\"https:\/\/dicodusport.fr\/blog\/vtt-championnats-du-monde-2025-lucas-teste-sacre-sur-le-xco-juniors-masculin\/#breadcrumb\",\"itemListElement\":[{\"@type\":\"ListItem\",\"position\":1,\"name\":\"Accueil\",\"item\":\"https:\/\/dicodusport.fr\/blog\/\"},{\"@type\":\"ListItem\",\"position\":2,\"name\":\"VTT Championnats du monde 2025 : Lucas Teste sacr\u00e9 sur le XCO juniors masculin !\"}]},{\"@type\":\"WebSite\",\"@id\":\"https:\/\/dicodusport.fr\/blog\/#website\",\"url\":\"https:\/\/dicodusport.fr\/blog\/\",\"name\":\"Dicodusport\",\"description\":\"L&#039;encyclop\u00e9die de l&#039;actualit\u00e9 sportive\",\"publisher\":{\"@id\":\"https:\/\/dicodusport.fr\/blog\/#organization\"},\"potentialAction\":[{\"@type\":\"SearchAction\",\"target\":{\"@type\":\"EntryPoint\",\"urlTemplate\":\"https:\/\/dicodusport.fr\/blog\/?s={search_term_string}\"},\"query-input\":{\"@type\":\"PropertyValueSpecification\",\"valueRequired\":true,\"valueName\":\"search_term_string\"}}],\"inLanguage\":\"fr-FR\"},{\"@type\":\"NewsMediaOrganization\",\"@id\":\"https:\/\/dicodusport.fr\/blog\/#organization\",\"name\":\"Dicodusport\",\"url\":\"https:\/\/dicodusport.fr\/blog\/\",\"logo\":{\"@type\":\"ImageObject\",\"inLanguage\":\"fr-FR\",\"@id\":\"https:\/\/dicodusport.fr\/blog\/#\/schema\/logo\/image\/\",\"url\":\"https:\/\/dicodusport.fr\/blog\/wp-content\/uploads\/2020\/06\/cropped-LOGO-DICODUSPORT-2020-SANS-FOND-SANS-TEXTE.png\",\"contentUrl\":\"https:\/\/dicodusport.fr\/blog\/wp-content\/uploads\/2020\/06\/cropped-LOGO-DICODUSPORT-2020-SANS-FOND-SANS-TEXTE.png\",\"width\":512,\"height\":512,\"caption\":\"Dicodusport\"},\"image\":{\"@id\":\"https:\/\/dicodusport.fr\/blog\/#\/schema\/logo\/image\/\"},\"sameAs\":[\"https:\/\/www.facebook.com\/dicodusport\",\"https:\/\/x.com\/dicodusport\",\"https:\/\/www.instagram.com\/dicodusport\/\",\"https:\/\/www.youtube.com\/channel\/UC7V2KZ5sd3htJivAbA4ZG3w\"],\"description\":\"Dicodusport est l'encyclop\u00e9die de l'actualit\u00e9 sportive.\",\"email\":\"bonjour@dicodusport.fr\",\"legalName\":\"DICODUSPORT\",\"foundingDate\":\"2018-01-14\",\"vatID\":\"FR71834470973\",\"taxID\":\"83447097300043\",\"numberOfEmployees\":{\"@type\":\"QuantitativeValue\",\"minValue\":\"1\",\"maxValue\":\"10\"}},{\"@type\":\"Person\",\"@id\":\"https:\/\/dicodusport.fr\/blog\/#\/schema\/person\/cb02af4c173ce4a653b55e9baf388d4a\",\"name\":\"Flo Ostermann\",\"image\":{\"@type\":\"ImageObject\",\"inLanguage\":\"fr-FR\",\"@id\":\"https:\/\/dicodusport.fr\/blog\/#\/schema\/person\/image\/\",\"url\":\"https:\/\/dicodusport.fr\/blog\/wp-content\/uploads\/2021\/05\/Flo-Ostermann-150x150.jpg\",\"contentUrl\":\"https:\/\/dicodusport.fr\/blog\/wp-content\/uploads\/2021\/05\/Flo-Ostermann-150x150.jpg\",\"caption\":\"Flo Ostermann\"},\"description\":\"Journaliste\/R\u00e9dacteur depuis septembre 2015 - Mes premiers souvenirs dans le sport ? Les envol\u00e9es du Stade Toulousain et les duels Villeneuve-Schumacher et H\u00e4kkinen-Schumacher \u00e0 la fin des ann\u00e9es 90, la Coupe du monde de football en 1998, l\u2019exploit du XV de France face aux All Blacks en 1999, mais aussi Richard C\u0153ur de Lion qui vole sur les montagnes du Tour de France. Bien parti pour devenir professeur d\u2019EPS, les \u00e9v\u00e9nements de la vie (et la flemme d\u2019animer des s\u00e9ances de 3x500 m\u00e8tres toute ma vie) m\u2019ont conduit \u00e0 revoir mes plans. Me voil\u00e0 depuis fin 2017 sur Dicodusport, m\u00e9dia gr\u00e2ce (et pour) lequel je partage ma passion : le sport dans tous ses \u00e9tats. Le tout accompagn\u00e9 par les fous furieux et folles furieuses cit\u00e9s sur cette page !\",\"sameAs\":[\"https:\/\/www.facebook.com\/florent.ostermann\",\"https:\/\/x.com\/https:\/\/twitter.com\/FlOstermann\",\"admin\"],\"url\":\"https:\/\/dicodusport.fr\/blog\/author\/flo\/\"}]}<\/script>\n<!-- \/ Yoast SEO Premium plugin. -->","yoast_head_json":{"title":"VTT Championnats du monde 2025 : Lucas Teste sacr\u00e9 sur le XCO juniors masculin !","description":"Cocorico ! Le Fran\u00e7ais Lucas Teste est devenu ce vendredi sacr\u00e9 champion du monde XCO, dans la cat\u00e9gorie juniors ! Il a battu, apr\u00e8s un duel \u00e9pique, le Namibien Roger Suren. C'est le neuvi\u00e8me titre mondial pour la France dans ces championnats du monde de VTT Mountain Bike en Suisse.","robots":{"index":"index","follow":"follow","max-snippet":"max-snippet:-1","max-image-preview":"max-image-preview:large","max-video-preview":"max-video-preview:-1"},"canonical":"https:\/\/dicodusport.fr\/blog\/vtt-championnats-du-monde-2025-lucas-teste-sacre-sur-le-xco-juniors-masculin\/","og_locale":"fr_FR","og_type":"article","og_title":"VTT Championnats du monde 2025 : Lucas Teste sacr\u00e9 sur le XCO juniors masculin !","og_description":"Cocorico ! Le Fran\u00e7ais Lucas Teste est devenu ce vendredi sacr\u00e9 champion du monde XCO, dans la cat\u00e9gorie juniors ! Il a battu, apr\u00e8s un duel \u00e9pique, le Namibien Roger Suren. C'est le neuvi\u00e8me titre mondial pour la France dans ces championnats du monde de VTT Mountain Bike en Suisse.","og_url":"https:\/\/dicodusport.fr\/blog\/vtt-championnats-du-monde-2025-lucas-teste-sacre-sur-le-xco-juniors-masculin\/","og_site_name":"Dicodusport","article_publisher":"https:\/\/www.facebook.com\/dicodusport","article_author":"https:\/\/www.facebook.com\/florent.ostermann","article_published_time":"2025-09-12T16:38:31+00:00","article_modified_time":"2025-09-12T21:47:00+00:00","og_image":[{"width":1200,"height":674,"url":"https:\/\/dicodusport.fr\/blog\/wp-content\/uploads\/2025\/09\/VTT-Championnats-du-monde-2025-Lucas-Teste-sacre-sur-le-XCO-juniors-masculin-1-1.png","type":"image\/png"}],"author":"Flo Ostermann","twitter_card":"summary_large_image","twitter_title":"VTT Championnats du monde 2025 : Lucas Teste sacr\u00e9 sur le XCO juniors masculin !","twitter_creator":"@https:\/\/twitter.com\/FlOstermann","twitter_site":"@dicodusport","schema":{"@context":"https:\/\/schema.org","@graph":[{"@type":"NewsArticle","@id":"https:\/\/dicodusport.fr\/blog\/vtt-championnats-du-monde-2025-lucas-teste-sacre-sur-le-xco-juniors-masculin\/#article","isPartOf":{"@id":"https:\/\/dicodusport.fr\/blog\/vtt-championnats-du-monde-2025-lucas-teste-sacre-sur-le-xco-juniors-masculin\/"},"author":{"name":"Flo Ostermann","@id":"https:\/\/dicodusport.fr\/blog\/#\/schema\/person\/cb02af4c173ce4a653b55e9baf388d4a"},"headline":"VTT Championnats du monde 2025 : Lucas Teste sacr\u00e9 sur le XCO juniors masculin !","datePublished":"2025-09-12T16:38:31+00:00","dateModified":"2025-09-12T21:47:00+00:00","mainEntityOfPage":{"@id":"https:\/\/dicodusport.fr\/blog\/vtt-championnats-du-monde-2025-lucas-teste-sacre-sur-le-xco-juniors-masculin\/"},"wordCount":345,"commentCount":0,"publisher":{"@id":"https:\/\/dicodusport.fr\/blog\/#organization"},"image":{"@id":"https:\/\/dicodusport.fr\/blog\/vtt-championnats-du-monde-2025-lucas-teste-sacre-sur-le-xco-juniors-masculin\/#primaryimage"},"thumbnailUrl":"https:\/\/dicodusport.fr\/blog\/wp-content\/uploads\/2025\/09\/VTT-Championnats-du-monde-2025-Lucas-Teste-sacre-sur-le-XCO-juniors-masculin-1-1.png","keywords":["br\u00e8ve","Championnats du monde de VTT","sport","VTT"],"articleSection":["VTT"],"inLanguage":"fr-FR","potentialAction":[{"@type":"CommentAction","name":"Comment","target":["https:\/\/dicodusport.fr\/blog\/vtt-championnats-du-monde-2025-lucas-teste-sacre-sur-le-xco-juniors-masculin\/#respond"]}],"copyrightYear":"2025","copyrightHolder":{"@id":"https:\/\/dicodusport.fr\/blog\/#organization"}},{"@type":"WebPage","@id":"https:\/\/dicodusport.fr\/blog\/vtt-championnats-du-monde-2025-lucas-teste-sacre-sur-le-xco-juniors-masculin\/","url":"https:\/\/dicodusport.fr\/blog\/vtt-championnats-du-monde-2025-lucas-teste-sacre-sur-le-xco-juniors-masculin\/","name":"VTT Championnats du monde 2025 : Lucas Teste sacr\u00e9 sur le XCO juniors masculin !","isPartOf":{"@id":"https:\/\/dicodusport.fr\/blog\/#website"},"primaryImageOfPage":{"@id":"https:\/\/dicodusport.fr\/blog\/vtt-championnats-du-monde-2025-lucas-teste-sacre-sur-le-xco-juniors-masculin\/#primaryimage"},"image":{"@id":"https:\/\/dicodusport.fr\/blog\/vtt-championnats-du-monde-2025-lucas-teste-sacre-sur-le-xco-juniors-masculin\/#primaryimage"},"thumbnailUrl":"https:\/\/dicodusport.fr\/blog\/wp-content\/uploads\/2025\/09\/VTT-Championnats-du-monde-2025-Lucas-Teste-sacre-sur-le-XCO-juniors-masculin-1-1.png","datePublished":"2025-09-12T16:38:31+00:00","dateModified":"2025-09-12T21:47:00+00:00","description":"Cocorico ! Le Fran\u00e7ais Lucas Teste est devenu ce vendredi sacr\u00e9 champion du monde XCO, dans la cat\u00e9gorie juniors ! Il a battu, apr\u00e8s un duel \u00e9pique, le Namibien Roger Suren. C'est le neuvi\u00e8me titre mondial pour la France dans ces championnats du monde de VTT Mountain Bike en Suisse.","breadcrumb":{"@id":"https:\/\/dicodusport.fr\/blog\/vtt-championnats-du-monde-2025-lucas-teste-sacre-sur-le-xco-juniors-masculin\/#breadcrumb"},"inLanguage":"fr-FR","potentialAction":[{"@type":"ReadAction","target":["https:\/\/dicodusport.fr\/blog\/vtt-championnats-du-monde-2025-lucas-teste-sacre-sur-le-xco-juniors-masculin\/"]}]},{"@type":"ImageObject","inLanguage":"fr-FR","@id":"https:\/\/dicodusport.fr\/blog\/vtt-championnats-du-monde-2025-lucas-teste-sacre-sur-le-xco-juniors-masculin\/#primaryimage","url":"https:\/\/dicodusport.fr\/blog\/wp-content\/uploads\/2025\/09\/VTT-Championnats-du-monde-2025-Lucas-Teste-sacre-sur-le-XCO-juniors-masculin-1-1.png","contentUrl":"https:\/\/dicodusport.fr\/blog\/wp-content\/uploads\/2025\/09\/VTT-Championnats-du-monde-2025-Lucas-Teste-sacre-sur-le-XCO-juniors-masculin-1-1.png","width":1200,"height":674,"caption":"VTT Championnats du monde 2025 Lucas Teste sacr\u00e9 sur le XCO juniors masculin !"},{"@type":"BreadcrumbList","@id":"https:\/\/dicodusport.fr\/blog\/vtt-championnats-du-monde-2025-lucas-teste-sacre-sur-le-xco-juniors-masculin\/#breadcrumb","itemListElement":[{"@type":"ListItem","position":1,"name":"Accueil","item":"https:\/\/dicodusport.fr\/blog\/"},{"@type":"ListItem","position":2,"name":"VTT Championnats du monde 2025 : Lucas Teste sacr\u00e9 sur le XCO juniors masculin !"}]},{"@type":"WebSite","@id":"https:\/\/dicodusport.fr\/blog\/#website","url":"https:\/\/dicodusport.fr\/blog\/","name":"Dicodusport","description":"L&#039;encyclop\u00e9die de l&#039;actualit\u00e9 sportive","publisher":{"@id":"https:\/\/dicodusport.fr\/blog\/#organization"},"potentialAction":[{"@type":"SearchAction","target":{"@type":"EntryPoint","urlTemplate":"https:\/\/dicodusport.fr\/blog\/?s={search_term_string}"},"query-input":{"@type":"PropertyValueSpecification","valueRequired":true,"valueName":"search_term_string"}}],"inLanguage":"fr-FR"},{"@type":"NewsMediaOrganization","@id":"https:\/\/dicodusport.fr\/blog\/#organization","name":"Dicodusport","url":"https:\/\/dicodusport.fr\/blog\/","logo":{"@type":"ImageObject","inLanguage":"fr-FR","@id":"https:\/\/dicodusport.fr\/blog\/#\/schema\/logo\/image\/","url":"https:\/\/dicodusport.fr\/blog\/wp-content\/uploads\/2020\/06\/cropped-LOGO-DICODUSPORT-2020-SANS-FOND-SANS-TEXTE.png","contentUrl":"https:\/\/dicodusport.fr\/blog\/wp-content\/uploads\/2020\/06\/cropped-LOGO-DICODUSPORT-2020-SANS-FOND-SANS-TEXTE.png","width":512,"height":512,"caption":"Dicodusport"},"image":{"@id":"https:\/\/dicodusport.fr\/blog\/#\/schema\/logo\/image\/"},"sameAs":["https:\/\/www.facebook.com\/dicodusport","https:\/\/x.com\/dicodusport","https:\/\/www.instagram.com\/dicodusport\/","https:\/\/www.youtube.com\/channel\/UC7V2KZ5sd3htJivAbA4ZG3w"],"description":"Dicodusport est l'encyclop\u00e9die de l'actualit\u00e9 sportive.","email":"bonjour@dicodusport.fr","legalName":"DICODUSPORT","foundingDate":"2018-01-14","vatID":"FR71834470973","taxID":"83447097300043","numberOfEmployees":{"@type":"QuantitativeValue","minValue":"1","maxValue":"10"}},{"@type":"Person","@id":"https:\/\/dicodusport.fr\/blog\/#\/schema\/person\/cb02af4c173ce4a653b55e9baf388d4a","name":"Flo Ostermann","image":{"@type":"ImageObject","inLanguage":"fr-FR","@id":"https:\/\/dicodusport.fr\/blog\/#\/schema\/person\/image\/","url":"https:\/\/dicodusport.fr\/blog\/wp-content\/uploads\/2021\/05\/Flo-Ostermann-150x150.jpg","contentUrl":"https:\/\/dicodusport.fr\/blog\/wp-content\/uploads\/2021\/05\/Flo-Ostermann-150x150.jpg","caption":"Flo Ostermann"},"description":"Journaliste\/R\u00e9dacteur depuis septembre 2015 - Mes premiers souvenirs dans le sport ? Les envol\u00e9es du Stade Toulousain et les duels Villeneuve-Schumacher et H\u00e4kkinen-Schumacher \u00e0 la fin des ann\u00e9es 90, la Coupe du monde de football en 1998, l\u2019exploit du XV de France face aux All Blacks en 1999, mais aussi Richard C\u0153ur de Lion qui vole sur les montagnes du Tour de France. Bien parti pour devenir professeur d\u2019EPS, les \u00e9v\u00e9nements de la vie (et la flemme d\u2019animer des s\u00e9ances de 3x500 m\u00e8tres toute ma vie) m\u2019ont conduit \u00e0 revoir mes plans. Me voil\u00e0 depuis fin 2017 sur Dicodusport, m\u00e9dia gr\u00e2ce (et pour) lequel je partage ma passion : le sport dans tous ses \u00e9tats. Le tout accompagn\u00e9 par les fous furieux et folles furieuses cit\u00e9s sur cette page !","sameAs":["https:\/\/www.facebook.com\/florent.ostermann","https:\/\/x.com\/https:\/\/twitter.com\/FlOstermann","admin"],"url":"https:\/\/dicodusport.fr\/blog\/author\/flo\/"}]}},"_links":{"self":[{"href":"https:\/\/dicodusport.fr\/blog\/wp-json\/wp\/v2\/posts\/610247","targetHints":{"allow":["GET"]}}],"collection":[{"href":"https:\/\/dicodusport.fr\/blog\/wp-json\/wp\/v2\/posts"}],"about":[{"href":"https:\/\/dicodusport.fr\/blog\/wp-json\/wp\/v2\/types\/post"}],"author":[{"embeddable":true,"href":"https:\/\/dicodusport.fr\/blog\/wp-json\/wp\/v2\/users\/4"}],"replies":[{"embeddable":true,"href":"https:\/\/dicodusport.fr\/blog\/wp-json\/wp\/v2\/comments?post=610247"}],"version-history":[{"count":4,"href":"https:\/\/dicodusport.fr\/blog\/wp-json\/wp\/v2\/posts\/610247\/revisions"}],"predecessor-version":[{"id":610282,"href":"https:\/\/dicodusport.fr\/blog\/wp-json\/wp\/v2\/posts\/610247\/revisions\/610282"}],"wp:featuredmedia":[{"embeddable":true,"href":"https:\/\/dicodusport.fr\/blog\/wp-json\/wp\/v2\/media\/610381"}],"wp:attachment":[{"href":"https:\/\/dicodusport.fr\/blog\/wp-json\/wp\/v2\/media?parent=610247"}],"wp:term":[{"taxonomy":"category","embeddable":true,"href":"https:\/\/dicodusport.fr\/blog\/wp-json\/wp\/v2\/categories?post=610247"},{"taxonomy":"post_tag","embeddable":true,"href":"https:\/\/dicodusport.fr\/blog\/wp-json\/wp\/v2\/tags?post=610247"}],"curies":[{"name":"wp","href":"https:\/\/api.w.org\/{rel}","templated":true}]}}