{"id":610454,"date":"2025-09-13T11:39:56","date_gmt":"2025-09-13T09:39:56","guid":{"rendered":"https:\/\/dicodusport.fr\/blog\/?p=610454&#038;preview=true&#038;preview_id=610454"},"modified":"2025-09-13T11:53:31","modified_gmt":"2025-09-13T09:53:31","slug":"motogp-saint-marin-2025-marco-bezzecchi-en-pole-a-misano-fabio-quartararo-en-premiere-ligne","status":"publish","type":"post","link":"https:\/\/dicodusport.fr\/blog\/motogp-saint-marin-2025-marco-bezzecchi-en-pole-a-misano-fabio-quartararo-en-premiere-ligne\/","title":{"rendered":"MotoGP Saint-Marin 2025 : Marco Bezzecchi en pole \u00e0 Misano, Fabio Quartararo en premi\u00e8re ligne"},"content":{"rendered":"<p style=\"text-align: justify;\"><strong><em>MOTOGP &#8211; GRAND PRIX DE SAINT-MARIN 2025 &#8211; Dans une s\u00e9ance de qualifications compl\u00e9tement folle, o\u00f9 les outsiders ont renvers\u00e9 les favoris, Marco Bezzecchi a r\u00e9alis\u00e9 la pole position devant Alex Marquez et Fabio Quartararo. Dans une qu\u00eate du titre au Japon, au prochain Grand Prix, Marc Marquez ne partira que 4\u00e8me tandis que son co\u00e9quipier, Francesco Bagnaia s&rsquo;\u00e9lan\u00e7era 7\u00e8me.<\/em><\/strong><\/p>\n<ul style=\"text-align: justify;\">\n<li><strong>\u00c0 ce sujet \u2013\u00a0<a href=\"https:\/\/dicodusport.fr\/blog\/motogp-saint-marin-2025-horaires-programme-tv-et-resultats\/\">MotoGP Saint-Marin 2025 : Horaires, Programme TV et R\u00e9sultats en direct<\/a><\/strong><\/li>\n<\/ul>\n<p style=\"text-align: justify;\">Pour le 16\u00e8me weekend de la saison, les pilotes avaient rendez-vous sur le mythique circuit de <strong>Misano <\/strong>\u00e0 <strong>Saint-Marin<\/strong>. Apr\u00e8s une premi\u00e8re s\u00e9ance d\u2019essais libres int\u00e9ressante et un deuxi\u00e8me temps, la seconde a \u00e9t\u00e9 moins glorieuse pour <strong>Fabio<\/strong> <strong>Quartararo<\/strong>, contraint de passer par la Q1.<\/p>\n<p style=\"text-align: justify;\">M\u00eame chose pour <strong>Johann Zarco<\/strong>, avec deux s\u00e9ances d\u2019essais tr\u00e8s compliqu\u00e9es pour le pilote <strong>Honda LCR<\/strong>. Une premi\u00e8re s\u00e9ance de qualifications dont <strong>Fabio Quartararo<\/strong> et <strong>Fermin Aldeguer<\/strong> se sont qualifi\u00e9s pour la Q2. Grosse d\u00e9ception pour les <strong>KTM Tech 3<\/strong>, <strong>Vi\u00f1ales<\/strong> et <strong>Bastianini<\/strong> partiront 17\u00e8me et 20\u00e8me. <strong>Johann Zarco<\/strong> \u00e9galement \u00e9limin\u00e9 avec le 9\u00e8me temps de la Q1.<\/p>\n<blockquote class=\"twitter-tweet\">\n<p dir=\"ltr\" lang=\"fr\">\u00c7a passe pour Fabio Quartararo ! \ud83d\ude08\ud83c\uddeb\ud83c\uddf7<\/p>\n<p>Meilleur temps de la Q1 avec pr\u00e8s de 4 dixi\u00e8mes d&rsquo;avance \ud83d\udd25<\/p>\n<p>Pas de Q2 pour Johann Zarco qui termine avec le 9e chrono&#8230;<\/p>\n<p>\u27a1\ufe0f Suivez la Q2 d\u00e8s maintenant sur CANAL+ SPORT 360 \ud83d\udcfa<a href=\"https:\/\/twitter.com\/hashtag\/SanMarinoGP?src=hash&amp;ref_src=twsrc%5Etfw\">#SanMarinoGP<\/a> | <a href=\"https:\/\/twitter.com\/hashtag\/MotoGP?src=hash&amp;ref_src=twsrc%5Etfw\">#MotoGP<\/a> <a href=\"https:\/\/t.co\/cWFiaU3lPy\">pic.twitter.com\/cWFiaU3lPy<\/a><\/p>\n<p>\u2014 CANAL+ MotoGP\u2122 (@CanalplusMotoGP) <a href=\"https:\/\/twitter.com\/CanalplusMotoGP\/status\/1966792483867631976?ref_src=twsrc%5Etfw\">September 13, 2025<\/a><\/p><\/blockquote>\n<p style=\"text-align: justify;\"><script async src=\"https:\/\/platform.twitter.com\/widgets.js\" charset=\"utf-8\"><\/script><\/p>\n<h2 style=\"text-align: justify;\">Bezzecchi poleman surprise<\/h2>\n<p style=\"text-align: justify;\">Au premier tour de la Q2, <strong>Alex Marquez<\/strong> a donn\u00e9 le ton en prenant le meilleur temps alors que le tour a \u00e9t\u00e9 plus compliqu\u00e9 pour son fr\u00e8re <strong>Marc<\/strong>, 7\u00e8me. Mais alors qu\u2019on \u00e9tait dans les derniers tours lanc\u00e9s, le rythme a \u00e9t\u00e9 difficile \u00e0 trouver pour <strong>Alex Marquez<\/strong> tandis que <strong>Marc Marquez<\/strong> et <strong>Pedro Acosta<\/strong> r\u00e9alisaient de tr\u00e8s bons temps.<\/p>\n<ul style=\"text-align: justify;\">\n<li><strong>\u00c0 ce sujet \u2013 <a href=\"https:\/\/dicodusport.fr\/blog\/motogp-misano-la-grille-de-depart-du-grand-prix-de-saint-marin-2025\/\">MotoGP Misano \u2013 La grille de d\u00e9part du Grand Prix de Saint-Marin 2025<\/a><\/strong><\/li>\n<\/ul>\n<p style=\"text-align: justify;\">Un chrono qui place <strong>Marc Marquez<\/strong> seulement 4\u00e8me alors que <strong>Pedro Acosta<\/strong>, pressenti pour la premi\u00e8re ligne a chut\u00e9 sur ce tour rapide et a r\u00e9alis\u00e9 le 8\u00e8me temps des qualifications. Et finalement, c\u2019est <strong>Marco<\/strong> <strong>Bezzecchi<\/strong> (<strong>Aprilia<\/strong>) qui a cr\u00e9\u00e9 la surprise en prenant la pole position devant <strong>Alex Marquez<\/strong> (<strong>Gresini<\/strong>). Derri\u00e8re eux, c\u2019est <strong>Fabio Quartararo<\/strong>, alors qu\u2019il ne s\u2019attendait \u00e0 rien de ces qualifications, qui s\u2019\u00e9lancera \u00e9galement de la premi\u00e8re ligne. Le pilote <strong>Yamaha<\/strong> a r\u00e9alis\u00e9 une tr\u00e8s grosse performance lui permettant de s\u2019\u00e9lancer devant <strong>Marc Marquez<\/strong>.<\/p>\n<blockquote class=\"twitter-tweet\">\n<p dir=\"ltr\" lang=\"fr\">FABIO QUARTARARO EN PREMI\u00c8RE LIGNE \u00c0 MISANO \ud83e\udd2f\ud83c\uddeb\ud83c\uddf7<\/p>\n<p>Le Fran\u00e7ais sera 3e sur la grille de d\u00e9part lors des deux courses du week-end, derri\u00e8re Bezzecchi (1er) et \u00c1lex M\u00e1rquez (2e) ! \ud83d\udd25<a href=\"https:\/\/twitter.com\/hashtag\/SanMarinoGP?src=hash&amp;ref_src=twsrc%5Etfw\">#SanMarinoGP<\/a> | <a href=\"https:\/\/twitter.com\/hashtag\/MotoGP?src=hash&amp;ref_src=twsrc%5Etfw\">#MotoGP<\/a> <a href=\"https:\/\/t.co\/UOoD5KMQNk\">pic.twitter.com\/UOoD5KMQNk<\/a><\/p>\n<p>\u2014 CANAL+ (@canalplus) <a href=\"https:\/\/twitter.com\/canalplus\/status\/1966799149384286509?ref_src=twsrc%5Etfw\">September 13, 2025<\/a><\/p><\/blockquote>\n<p style=\"text-align: justify;\"><script async src=\"https:\/\/platform.twitter.com\/widgets.js\" charset=\"utf-8\"><\/script><\/p>\n<h2 style=\"text-align: justify;\">\u00c0 lire aussi<\/h2>\n<ul>\n<li style=\"text-align: justify;\"><strong><a href=\"https:\/\/dicodusport.fr\/blog\/motogp-2025-le-calendrier-complet\/\" rel=\"\">Calendrier MotoGP 2025 : Dates et horaires des Grands Prix<\/a><\/strong><\/li>\n<li style=\"text-align: justify;\"><strong><a href=\"https:\/\/dicodusport.fr\/blog\/classement-motogp-2025-le-point-sur-le-championnat-du-monde-des-pilotes\/\">MotoGP 2025 : Le classement du championnat du monde des pilotes<\/a><\/strong><\/li>\n<\/ul>\n","protected":false},"excerpt":{"rendered":"<p>MOTOGP &#8211; GRAND PRIX DE SAINT-MARIN 2025 &#8211; Dans une s\u00e9ance de qualifications compl\u00e9tement folle, o\u00f9 les outsiders ont renvers\u00e9 les favoris, Marco Bezzecchi a r\u00e9alis\u00e9 la pole position devant Alex Marquez et Fabio Quartararo. Dans une qu\u00eate du titre au Japon, au prochain Grand Prix, Marc Marquez ne partira que 4\u00e8me tandis que son co\u00e9quipier, Francesco Bagnaia s&rsquo;\u00e9lan\u00e7era 7\u00e8me.<\/p>\n","protected":false},"author":110,"featured_media":610486,"comment_status":"open","ping_status":"closed","sticky":false,"template":"","format":"standard","meta":{"_acf_changed":false,"_daextam_enable_autolinks":"1","footnotes":""},"categories":[47087],"tags":[32415,16878,19340],"class_list":["post-610454","post","type-post","status-publish","format-standard","has-post-thumbnail","hentry","category-motogp","tag-actu","tag-breve","tag-grand-prix-de-saint-marin-motogp"],"acf":[],"yoast_head":"<!-- This site is optimized with the Yoast SEO Premium plugin v26.7 (Yoast SEO v26.7) - https:\/\/yoast.com\/wordpress\/plugins\/seo\/ -->\n<title>MotoGP Saint-Marin 2025 : Marco Bezzecchi en pole \u00e0 Misano, Fabio Quartararo en premi\u00e8re ligne<\/title>\n<meta name=\"description\" content=\"MOTOGP SAINT-MARIN 2025 - Dans une s\u00e9ance de qualifications folle, Marco Bezzecchi a r\u00e9alis\u00e9 la pole devant Alex Marquez et Fabio Quartararo.\" \/>\n<meta name=\"robots\" content=\"index, follow, max-snippet:-1, max-image-preview:large, max-video-preview:-1\" \/>\n<link rel=\"canonical\" href=\"https:\/\/dicodusport.fr\/blog\/motogp-saint-marin-2025-marco-bezzecchi-en-pole-a-misano-fabio-quartararo-en-premiere-ligne\/\" \/>\n<meta property=\"og:locale\" content=\"fr_FR\" \/>\n<meta property=\"og:type\" content=\"article\" \/>\n<meta property=\"og:title\" content=\"MotoGP Saint-Marin 2025 : Marco Bezzecchi en pole \u00e0 Misano, Fabio Quartararo en premi\u00e8re ligne\" \/>\n<meta property=\"og:description\" content=\"MOTOGP SAINT-MARIN 2025 - Dans une s\u00e9ance de qualifications folle, Marco Bezzecchi a r\u00e9alis\u00e9 la pole devant Alex Marquez et Fabio Quartararo.\" \/>\n<meta property=\"og:url\" content=\"https:\/\/dicodusport.fr\/blog\/motogp-saint-marin-2025-marco-bezzecchi-en-pole-a-misano-fabio-quartararo-en-premiere-ligne\/\" \/>\n<meta property=\"og:site_name\" content=\"Dicodusport\" \/>\n<meta property=\"article:publisher\" content=\"https:\/\/www.facebook.com\/dicodusport\" \/>\n<meta property=\"article:published_time\" content=\"2025-09-13T09:39:56+00:00\" \/>\n<meta property=\"article:modified_time\" content=\"2025-09-13T09:53:31+00:00\" \/>\n<meta property=\"og:image\" content=\"https:\/\/dicodusport.fr\/blog\/wp-content\/uploads\/2025\/09\/MotoGP-Saint-Marin-2025-Marco-Bezzecchi-en-pole-a-Misano-Fabio-Quartararo-en-premiere-ligne.png\" \/>\n\t<meta property=\"og:image:width\" content=\"1200\" \/>\n\t<meta property=\"og:image:height\" content=\"674\" \/>\n\t<meta property=\"og:image:type\" content=\"image\/png\" \/>\n<meta name=\"author\" content=\"Malo Clement\" \/>\n<meta name=\"twitter:card\" content=\"summary_large_image\" \/>\n<meta name=\"twitter:title\" content=\"MotoGP Saint-Marin 2025 : Marco Bezzecchi en pole \u00e0 Misano, Fabio Quartararo en premi\u00e8re ligne\" \/>\n<meta name=\"twitter:creator\" content=\"@dicodusport\" \/>\n<meta name=\"twitter:site\" content=\"@dicodusport\" \/>\n<script type=\"application\/ld+json\" class=\"yoast-schema-graph\">{\"@context\":\"https:\/\/schema.org\",\"@graph\":[{\"@type\":\"NewsArticle\",\"@id\":\"https:\/\/dicodusport.fr\/blog\/motogp-saint-marin-2025-marco-bezzecchi-en-pole-a-misano-fabio-quartararo-en-premiere-ligne\/#article\",\"isPartOf\":{\"@id\":\"https:\/\/dicodusport.fr\/blog\/motogp-saint-marin-2025-marco-bezzecchi-en-pole-a-misano-fabio-quartararo-en-premiere-ligne\/\"},\"author\":{\"name\":\"Malo Clement\",\"@id\":\"https:\/\/dicodusport.fr\/blog\/#\/schema\/person\/c28883329a45cc92814310316945b3ce\"},\"headline\":\"MotoGP Saint-Marin 2025 : Marco Bezzecchi en pole \u00e0 Misano, Fabio Quartararo en premi\u00e8re ligne\",\"datePublished\":\"2025-09-13T09:39:56+00:00\",\"dateModified\":\"2025-09-13T09:53:31+00:00\",\"mainEntityOfPage\":{\"@id\":\"https:\/\/dicodusport.fr\/blog\/motogp-saint-marin-2025-marco-bezzecchi-en-pole-a-misano-fabio-quartararo-en-premiere-ligne\/\"},\"wordCount\":501,\"commentCount\":0,\"publisher\":{\"@id\":\"https:\/\/dicodusport.fr\/blog\/#organization\"},\"image\":{\"@id\":\"https:\/\/dicodusport.fr\/blog\/motogp-saint-marin-2025-marco-bezzecchi-en-pole-a-misano-fabio-quartararo-en-premiere-ligne\/#primaryimage\"},\"thumbnailUrl\":\"https:\/\/dicodusport.fr\/blog\/wp-content\/uploads\/2025\/09\/MotoGP-Saint-Marin-2025-Marco-Bezzecchi-en-pole-a-Misano-Fabio-Quartararo-en-premiere-ligne.png\",\"keywords\":[\"actu\",\"br\u00e8ve\",\"Grand Prix de Saint-Marin MotoGP\"],\"articleSection\":[\"MotoGP\"],\"inLanguage\":\"fr-FR\",\"potentialAction\":[{\"@type\":\"CommentAction\",\"name\":\"Comment\",\"target\":[\"https:\/\/dicodusport.fr\/blog\/motogp-saint-marin-2025-marco-bezzecchi-en-pole-a-misano-fabio-quartararo-en-premiere-ligne\/#respond\"]}],\"copyrightYear\":\"2025\",\"copyrightHolder\":{\"@id\":\"https:\/\/dicodusport.fr\/blog\/#organization\"}},{\"@type\":\"WebPage\",\"@id\":\"https:\/\/dicodusport.fr\/blog\/motogp-saint-marin-2025-marco-bezzecchi-en-pole-a-misano-fabio-quartararo-en-premiere-ligne\/\",\"url\":\"https:\/\/dicodusport.fr\/blog\/motogp-saint-marin-2025-marco-bezzecchi-en-pole-a-misano-fabio-quartararo-en-premiere-ligne\/\",\"name\":\"MotoGP Saint-Marin 2025 : Marco Bezzecchi en pole \u00e0 Misano, Fabio Quartararo en premi\u00e8re ligne\",\"isPartOf\":{\"@id\":\"https:\/\/dicodusport.fr\/blog\/#website\"},\"primaryImageOfPage\":{\"@id\":\"https:\/\/dicodusport.fr\/blog\/motogp-saint-marin-2025-marco-bezzecchi-en-pole-a-misano-fabio-quartararo-en-premiere-ligne\/#primaryimage\"},\"image\":{\"@id\":\"https:\/\/dicodusport.fr\/blog\/motogp-saint-marin-2025-marco-bezzecchi-en-pole-a-misano-fabio-quartararo-en-premiere-ligne\/#primaryimage\"},\"thumbnailUrl\":\"https:\/\/dicodusport.fr\/blog\/wp-content\/uploads\/2025\/09\/MotoGP-Saint-Marin-2025-Marco-Bezzecchi-en-pole-a-Misano-Fabio-Quartararo-en-premiere-ligne.png\",\"datePublished\":\"2025-09-13T09:39:56+00:00\",\"dateModified\":\"2025-09-13T09:53:31+00:00\",\"description\":\"MOTOGP SAINT-MARIN 2025 - Dans une s\u00e9ance de qualifications folle, Marco Bezzecchi a r\u00e9alis\u00e9 la pole devant Alex Marquez et Fabio Quartararo.\",\"breadcrumb\":{\"@id\":\"https:\/\/dicodusport.fr\/blog\/motogp-saint-marin-2025-marco-bezzecchi-en-pole-a-misano-fabio-quartararo-en-premiere-ligne\/#breadcrumb\"},\"inLanguage\":\"fr-FR\",\"potentialAction\":[{\"@type\":\"ReadAction\",\"target\":[\"https:\/\/dicodusport.fr\/blog\/motogp-saint-marin-2025-marco-bezzecchi-en-pole-a-misano-fabio-quartararo-en-premiere-ligne\/\"]}]},{\"@type\":\"ImageObject\",\"inLanguage\":\"fr-FR\",\"@id\":\"https:\/\/dicodusport.fr\/blog\/motogp-saint-marin-2025-marco-bezzecchi-en-pole-a-misano-fabio-quartararo-en-premiere-ligne\/#primaryimage\",\"url\":\"https:\/\/dicodusport.fr\/blog\/wp-content\/uploads\/2025\/09\/MotoGP-Saint-Marin-2025-Marco-Bezzecchi-en-pole-a-Misano-Fabio-Quartararo-en-premiere-ligne.png\",\"contentUrl\":\"https:\/\/dicodusport.fr\/blog\/wp-content\/uploads\/2025\/09\/MotoGP-Saint-Marin-2025-Marco-Bezzecchi-en-pole-a-Misano-Fabio-Quartararo-en-premiere-ligne.png\",\"width\":1200,\"height\":674,\"caption\":\"MotoGP Saint-Marin 2025 Marco Bezzecchi en pole \u00e0 Misano, Fabio Quartararo en premi\u00e8re ligne\"},{\"@type\":\"BreadcrumbList\",\"@id\":\"https:\/\/dicodusport.fr\/blog\/motogp-saint-marin-2025-marco-bezzecchi-en-pole-a-misano-fabio-quartararo-en-premiere-ligne\/#breadcrumb\",\"itemListElement\":[{\"@type\":\"ListItem\",\"position\":1,\"name\":\"Accueil\",\"item\":\"https:\/\/dicodusport.fr\/blog\/\"},{\"@type\":\"ListItem\",\"position\":2,\"name\":\"MotoGP Saint-Marin 2025 : Marco Bezzecchi en pole \u00e0 Misano, Fabio Quartararo en premi\u00e8re ligne\"}]},{\"@type\":\"WebSite\",\"@id\":\"https:\/\/dicodusport.fr\/blog\/#website\",\"url\":\"https:\/\/dicodusport.fr\/blog\/\",\"name\":\"Dicodusport\",\"description\":\"L&#039;encyclop\u00e9die de l&#039;actualit\u00e9 sportive\",\"publisher\":{\"@id\":\"https:\/\/dicodusport.fr\/blog\/#organization\"},\"potentialAction\":[{\"@type\":\"SearchAction\",\"target\":{\"@type\":\"EntryPoint\",\"urlTemplate\":\"https:\/\/dicodusport.fr\/blog\/?s={search_term_string}\"},\"query-input\":{\"@type\":\"PropertyValueSpecification\",\"valueRequired\":true,\"valueName\":\"search_term_string\"}}],\"inLanguage\":\"fr-FR\"},{\"@type\":\"NewsMediaOrganization\",\"@id\":\"https:\/\/dicodusport.fr\/blog\/#organization\",\"name\":\"Dicodusport\",\"url\":\"https:\/\/dicodusport.fr\/blog\/\",\"logo\":{\"@type\":\"ImageObject\",\"inLanguage\":\"fr-FR\",\"@id\":\"https:\/\/dicodusport.fr\/blog\/#\/schema\/logo\/image\/\",\"url\":\"https:\/\/dicodusport.fr\/blog\/wp-content\/uploads\/2020\/06\/cropped-LOGO-DICODUSPORT-2020-SANS-FOND-SANS-TEXTE.png\",\"contentUrl\":\"https:\/\/dicodusport.fr\/blog\/wp-content\/uploads\/2020\/06\/cropped-LOGO-DICODUSPORT-2020-SANS-FOND-SANS-TEXTE.png\",\"width\":512,\"height\":512,\"caption\":\"Dicodusport\"},\"image\":{\"@id\":\"https:\/\/dicodusport.fr\/blog\/#\/schema\/logo\/image\/\"},\"sameAs\":[\"https:\/\/www.facebook.com\/dicodusport\",\"https:\/\/x.com\/dicodusport\",\"https:\/\/www.instagram.com\/dicodusport\/\",\"https:\/\/www.youtube.com\/channel\/UC7V2KZ5sd3htJivAbA4ZG3w\"],\"description\":\"Dicodusport est l'encyclop\u00e9die de l'actualit\u00e9 sportive.\",\"email\":\"bonjour@dicodusport.fr\",\"legalName\":\"DICODUSPORT\",\"foundingDate\":\"2018-01-14\",\"vatID\":\"FR71834470973\",\"taxID\":\"83447097300043\",\"numberOfEmployees\":{\"@type\":\"QuantitativeValue\",\"minValue\":\"1\",\"maxValue\":\"10\"}},{\"@type\":\"Person\",\"@id\":\"https:\/\/dicodusport.fr\/blog\/#\/schema\/person\/c28883329a45cc92814310316945b3ce\",\"name\":\"Malo Clement\",\"image\":{\"@type\":\"ImageObject\",\"inLanguage\":\"fr-FR\",\"@id\":\"https:\/\/dicodusport.fr\/blog\/#\/schema\/person\/image\/\",\"url\":\"https:\/\/dicodusport.fr\/blog\/wp-content\/uploads\/2025\/02\/Maillot-Dicodusport-Malo-150x150.png\",\"contentUrl\":\"https:\/\/dicodusport.fr\/blog\/wp-content\/uploads\/2025\/02\/Maillot-Dicodusport-Malo-150x150.png\",\"caption\":\"Malo Clement\"},\"description\":\"Fan de sport depuis mes 10 ans, mes premiers souvenirs de stade sont le Racing M\u00e9tro 92 \u00e0 Yves du Manoir, le XV de France et le PSG de Nen\u00ea. Celui d\u2019Ibra, Lucas, Cavani et Verratti m\u2019ont d\u00e9finitivement emport\u00e9 dans le football, au d\u00e9sarroi de ma famille. Entre les finales perdues de Champions Cup et les m\u00e9saventures en Ligue des Champions, j\u2019ai eu le nez fin. Au-del\u00e0 de mes clubs franciliens, je m\u2019int\u00e9resse au sport en g\u00e9n\u00e9ral et principalement \u00e0 la d\u00e9couverte de jeunes sportifs. Cela a commenc\u00e9 par Football Manager et j'ai repris \u00e7a avec les sports automobiles. Depuis 2020, mes dimanches apr\u00e8s-midi sont occup\u00e9s par Julien F\u00e9breau et la Formule 1. L\u2019endurance, la F2, la F3 et les autres championnats compl\u00e8tent mes week-ends. J\u2019ai rejoint Dicodusport en novembre 2024 et je suis ravi d\u2019\u00eatre le cadet de la r\u00e9daction.\",\"url\":\"https:\/\/dicodusport.fr\/blog\/author\/clement-malo\/\"}]}<\/script>\n<!-- \/ Yoast SEO Premium plugin. -->","yoast_head_json":{"title":"MotoGP Saint-Marin 2025 : Marco Bezzecchi en pole \u00e0 Misano, Fabio Quartararo en premi\u00e8re ligne","description":"MOTOGP SAINT-MARIN 2025 - Dans une s\u00e9ance de qualifications folle, Marco Bezzecchi a r\u00e9alis\u00e9 la pole devant Alex Marquez et Fabio Quartararo.","robots":{"index":"index","follow":"follow","max-snippet":"max-snippet:-1","max-image-preview":"max-image-preview:large","max-video-preview":"max-video-preview:-1"},"canonical":"https:\/\/dicodusport.fr\/blog\/motogp-saint-marin-2025-marco-bezzecchi-en-pole-a-misano-fabio-quartararo-en-premiere-ligne\/","og_locale":"fr_FR","og_type":"article","og_title":"MotoGP Saint-Marin 2025 : Marco Bezzecchi en pole \u00e0 Misano, Fabio Quartararo en premi\u00e8re ligne","og_description":"MOTOGP SAINT-MARIN 2025 - Dans une s\u00e9ance de qualifications folle, Marco Bezzecchi a r\u00e9alis\u00e9 la pole devant Alex Marquez et Fabio Quartararo.","og_url":"https:\/\/dicodusport.fr\/blog\/motogp-saint-marin-2025-marco-bezzecchi-en-pole-a-misano-fabio-quartararo-en-premiere-ligne\/","og_site_name":"Dicodusport","article_publisher":"https:\/\/www.facebook.com\/dicodusport","article_published_time":"2025-09-13T09:39:56+00:00","article_modified_time":"2025-09-13T09:53:31+00:00","og_image":[{"width":1200,"height":674,"url":"https:\/\/dicodusport.fr\/blog\/wp-content\/uploads\/2025\/09\/MotoGP-Saint-Marin-2025-Marco-Bezzecchi-en-pole-a-Misano-Fabio-Quartararo-en-premiere-ligne.png","type":"image\/png"}],"author":"Malo Clement","twitter_card":"summary_large_image","twitter_title":"MotoGP Saint-Marin 2025 : Marco Bezzecchi en pole \u00e0 Misano, Fabio Quartararo en premi\u00e8re ligne","twitter_creator":"@dicodusport","twitter_site":"@dicodusport","schema":{"@context":"https:\/\/schema.org","@graph":[{"@type":"NewsArticle","@id":"https:\/\/dicodusport.fr\/blog\/motogp-saint-marin-2025-marco-bezzecchi-en-pole-a-misano-fabio-quartararo-en-premiere-ligne\/#article","isPartOf":{"@id":"https:\/\/dicodusport.fr\/blog\/motogp-saint-marin-2025-marco-bezzecchi-en-pole-a-misano-fabio-quartararo-en-premiere-ligne\/"},"author":{"name":"Malo Clement","@id":"https:\/\/dicodusport.fr\/blog\/#\/schema\/person\/c28883329a45cc92814310316945b3ce"},"headline":"MotoGP Saint-Marin 2025 : Marco Bezzecchi en pole \u00e0 Misano, Fabio Quartararo en premi\u00e8re ligne","datePublished":"2025-09-13T09:39:56+00:00","dateModified":"2025-09-13T09:53:31+00:00","mainEntityOfPage":{"@id":"https:\/\/dicodusport.fr\/blog\/motogp-saint-marin-2025-marco-bezzecchi-en-pole-a-misano-fabio-quartararo-en-premiere-ligne\/"},"wordCount":501,"commentCount":0,"publisher":{"@id":"https:\/\/dicodusport.fr\/blog\/#organization"},"image":{"@id":"https:\/\/dicodusport.fr\/blog\/motogp-saint-marin-2025-marco-bezzecchi-en-pole-a-misano-fabio-quartararo-en-premiere-ligne\/#primaryimage"},"thumbnailUrl":"https:\/\/dicodusport.fr\/blog\/wp-content\/uploads\/2025\/09\/MotoGP-Saint-Marin-2025-Marco-Bezzecchi-en-pole-a-Misano-Fabio-Quartararo-en-premiere-ligne.png","keywords":["actu","br\u00e8ve","Grand Prix de Saint-Marin MotoGP"],"articleSection":["MotoGP"],"inLanguage":"fr-FR","potentialAction":[{"@type":"CommentAction","name":"Comment","target":["https:\/\/dicodusport.fr\/blog\/motogp-saint-marin-2025-marco-bezzecchi-en-pole-a-misano-fabio-quartararo-en-premiere-ligne\/#respond"]}],"copyrightYear":"2025","copyrightHolder":{"@id":"https:\/\/dicodusport.fr\/blog\/#organization"}},{"@type":"WebPage","@id":"https:\/\/dicodusport.fr\/blog\/motogp-saint-marin-2025-marco-bezzecchi-en-pole-a-misano-fabio-quartararo-en-premiere-ligne\/","url":"https:\/\/dicodusport.fr\/blog\/motogp-saint-marin-2025-marco-bezzecchi-en-pole-a-misano-fabio-quartararo-en-premiere-ligne\/","name":"MotoGP Saint-Marin 2025 : Marco Bezzecchi en pole \u00e0 Misano, Fabio Quartararo en premi\u00e8re ligne","isPartOf":{"@id":"https:\/\/dicodusport.fr\/blog\/#website"},"primaryImageOfPage":{"@id":"https:\/\/dicodusport.fr\/blog\/motogp-saint-marin-2025-marco-bezzecchi-en-pole-a-misano-fabio-quartararo-en-premiere-ligne\/#primaryimage"},"image":{"@id":"https:\/\/dicodusport.fr\/blog\/motogp-saint-marin-2025-marco-bezzecchi-en-pole-a-misano-fabio-quartararo-en-premiere-ligne\/#primaryimage"},"thumbnailUrl":"https:\/\/dicodusport.fr\/blog\/wp-content\/uploads\/2025\/09\/MotoGP-Saint-Marin-2025-Marco-Bezzecchi-en-pole-a-Misano-Fabio-Quartararo-en-premiere-ligne.png","datePublished":"2025-09-13T09:39:56+00:00","dateModified":"2025-09-13T09:53:31+00:00","description":"MOTOGP SAINT-MARIN 2025 - Dans une s\u00e9ance de qualifications folle, Marco Bezzecchi a r\u00e9alis\u00e9 la pole devant Alex Marquez et Fabio Quartararo.","breadcrumb":{"@id":"https:\/\/dicodusport.fr\/blog\/motogp-saint-marin-2025-marco-bezzecchi-en-pole-a-misano-fabio-quartararo-en-premiere-ligne\/#breadcrumb"},"inLanguage":"fr-FR","potentialAction":[{"@type":"ReadAction","target":["https:\/\/dicodusport.fr\/blog\/motogp-saint-marin-2025-marco-bezzecchi-en-pole-a-misano-fabio-quartararo-en-premiere-ligne\/"]}]},{"@type":"ImageObject","inLanguage":"fr-FR","@id":"https:\/\/dicodusport.fr\/blog\/motogp-saint-marin-2025-marco-bezzecchi-en-pole-a-misano-fabio-quartararo-en-premiere-ligne\/#primaryimage","url":"https:\/\/dicodusport.fr\/blog\/wp-content\/uploads\/2025\/09\/MotoGP-Saint-Marin-2025-Marco-Bezzecchi-en-pole-a-Misano-Fabio-Quartararo-en-premiere-ligne.png","contentUrl":"https:\/\/dicodusport.fr\/blog\/wp-content\/uploads\/2025\/09\/MotoGP-Saint-Marin-2025-Marco-Bezzecchi-en-pole-a-Misano-Fabio-Quartararo-en-premiere-ligne.png","width":1200,"height":674,"caption":"MotoGP Saint-Marin 2025 Marco Bezzecchi en pole \u00e0 Misano, Fabio Quartararo en premi\u00e8re ligne"},{"@type":"BreadcrumbList","@id":"https:\/\/dicodusport.fr\/blog\/motogp-saint-marin-2025-marco-bezzecchi-en-pole-a-misano-fabio-quartararo-en-premiere-ligne\/#breadcrumb","itemListElement":[{"@type":"ListItem","position":1,"name":"Accueil","item":"https:\/\/dicodusport.fr\/blog\/"},{"@type":"ListItem","position":2,"name":"MotoGP Saint-Marin 2025 : Marco Bezzecchi en pole \u00e0 Misano, Fabio Quartararo en premi\u00e8re ligne"}]},{"@type":"WebSite","@id":"https:\/\/dicodusport.fr\/blog\/#website","url":"https:\/\/dicodusport.fr\/blog\/","name":"Dicodusport","description":"L&#039;encyclop\u00e9die de l&#039;actualit\u00e9 sportive","publisher":{"@id":"https:\/\/dicodusport.fr\/blog\/#organization"},"potentialAction":[{"@type":"SearchAction","target":{"@type":"EntryPoint","urlTemplate":"https:\/\/dicodusport.fr\/blog\/?s={search_term_string}"},"query-input":{"@type":"PropertyValueSpecification","valueRequired":true,"valueName":"search_term_string"}}],"inLanguage":"fr-FR"},{"@type":"NewsMediaOrganization","@id":"https:\/\/dicodusport.fr\/blog\/#organization","name":"Dicodusport","url":"https:\/\/dicodusport.fr\/blog\/","logo":{"@type":"ImageObject","inLanguage":"fr-FR","@id":"https:\/\/dicodusport.fr\/blog\/#\/schema\/logo\/image\/","url":"https:\/\/dicodusport.fr\/blog\/wp-content\/uploads\/2020\/06\/cropped-LOGO-DICODUSPORT-2020-SANS-FOND-SANS-TEXTE.png","contentUrl":"https:\/\/dicodusport.fr\/blog\/wp-content\/uploads\/2020\/06\/cropped-LOGO-DICODUSPORT-2020-SANS-FOND-SANS-TEXTE.png","width":512,"height":512,"caption":"Dicodusport"},"image":{"@id":"https:\/\/dicodusport.fr\/blog\/#\/schema\/logo\/image\/"},"sameAs":["https:\/\/www.facebook.com\/dicodusport","https:\/\/x.com\/dicodusport","https:\/\/www.instagram.com\/dicodusport\/","https:\/\/www.youtube.com\/channel\/UC7V2KZ5sd3htJivAbA4ZG3w"],"description":"Dicodusport est l'encyclop\u00e9die de l'actualit\u00e9 sportive.","email":"bonjour@dicodusport.fr","legalName":"DICODUSPORT","foundingDate":"2018-01-14","vatID":"FR71834470973","taxID":"83447097300043","numberOfEmployees":{"@type":"QuantitativeValue","minValue":"1","maxValue":"10"}},{"@type":"Person","@id":"https:\/\/dicodusport.fr\/blog\/#\/schema\/person\/c28883329a45cc92814310316945b3ce","name":"Malo Clement","image":{"@type":"ImageObject","inLanguage":"fr-FR","@id":"https:\/\/dicodusport.fr\/blog\/#\/schema\/person\/image\/","url":"https:\/\/dicodusport.fr\/blog\/wp-content\/uploads\/2025\/02\/Maillot-Dicodusport-Malo-150x150.png","contentUrl":"https:\/\/dicodusport.fr\/blog\/wp-content\/uploads\/2025\/02\/Maillot-Dicodusport-Malo-150x150.png","caption":"Malo Clement"},"description":"Fan de sport depuis mes 10 ans, mes premiers souvenirs de stade sont le Racing M\u00e9tro 92 \u00e0 Yves du Manoir, le XV de France et le PSG de Nen\u00ea. Celui d\u2019Ibra, Lucas, Cavani et Verratti m\u2019ont d\u00e9finitivement emport\u00e9 dans le football, au d\u00e9sarroi de ma famille. Entre les finales perdues de Champions Cup et les m\u00e9saventures en Ligue des Champions, j\u2019ai eu le nez fin. Au-del\u00e0 de mes clubs franciliens, je m\u2019int\u00e9resse au sport en g\u00e9n\u00e9ral et principalement \u00e0 la d\u00e9couverte de jeunes sportifs. Cela a commenc\u00e9 par Football Manager et j'ai repris \u00e7a avec les sports automobiles. Depuis 2020, mes dimanches apr\u00e8s-midi sont occup\u00e9s par Julien F\u00e9breau et la Formule 1. L\u2019endurance, la F2, la F3 et les autres championnats compl\u00e8tent mes week-ends. J\u2019ai rejoint Dicodusport en novembre 2024 et je suis ravi d\u2019\u00eatre le cadet de la r\u00e9daction.","url":"https:\/\/dicodusport.fr\/blog\/author\/clement-malo\/"}]}},"_links":{"self":[{"href":"https:\/\/dicodusport.fr\/blog\/wp-json\/wp\/v2\/posts\/610454","targetHints":{"allow":["GET"]}}],"collection":[{"href":"https:\/\/dicodusport.fr\/blog\/wp-json\/wp\/v2\/posts"}],"about":[{"href":"https:\/\/dicodusport.fr\/blog\/wp-json\/wp\/v2\/types\/post"}],"author":[{"embeddable":true,"href":"https:\/\/dicodusport.fr\/blog\/wp-json\/wp\/v2\/users\/110"}],"replies":[{"embeddable":true,"href":"https:\/\/dicodusport.fr\/blog\/wp-json\/wp\/v2\/comments?post=610454"}],"version-history":[{"count":5,"href":"https:\/\/dicodusport.fr\/blog\/wp-json\/wp\/v2\/posts\/610454\/revisions"}],"predecessor-version":[{"id":610492,"href":"https:\/\/dicodusport.fr\/blog\/wp-json\/wp\/v2\/posts\/610454\/revisions\/610492"}],"wp:featuredmedia":[{"embeddable":true,"href":"https:\/\/dicodusport.fr\/blog\/wp-json\/wp\/v2\/media\/610486"}],"wp:attachment":[{"href":"https:\/\/dicodusport.fr\/blog\/wp-json\/wp\/v2\/media?parent=610454"}],"wp:term":[{"taxonomy":"category","embeddable":true,"href":"https:\/\/dicodusport.fr\/blog\/wp-json\/wp\/v2\/categories?post=610454"},{"taxonomy":"post_tag","embeddable":true,"href":"https:\/\/dicodusport.fr\/blog\/wp-json\/wp\/v2\/tags?post=610454"}],"curies":[{"name":"wp","href":"https:\/\/api.w.org\/{rel}","templated":true}]}}