{"id":610456,"date":"2025-09-13T12:23:28","date_gmt":"2025-09-13T10:23:28","guid":{"rendered":"https:\/\/dicodusport.fr\/blog\/?p=610456&#038;preview=true&#038;preview_id=610456"},"modified":"2025-09-13T13:27:30","modified_gmt":"2025-09-13T11:27:30","slug":"vtt-championnats-du-monde-2025-finn-treudler-sacre-a-domicile-sur-le-xco-u23-adrien-boichis-hors-du-podium","status":"publish","type":"post","link":"https:\/\/dicodusport.fr\/blog\/vtt-championnats-du-monde-2025-finn-treudler-sacre-a-domicile-sur-le-xco-u23-adrien-boichis-hors-du-podium\/","title":{"rendered":"VTT Championnats du monde 2025 : Finn Treudler sacr\u00e9 \u00e0 domicile sur le XCO U23, Adrien Boichis hors du podium"},"content":{"rendered":"<p style=\"text-align: justify;\"><strong><em>CHAMPIONNATS DU MONDE DE VTT 2025 &#8211; Le Suisse Finn Treudler a largement domin\u00e9 le format olympique U23 et s&rsquo;offre un premier titre mondial. Cole Punchard et Gustav Pedersen montent sur le podium.<\/em><\/strong><\/p>\n<ul>\n<li><strong>\u00c0 ce sujet \u2013\u00a0<a href=\"https:\/\/dicodusport.fr\/blog\/mondiaux-de-vtt-2025-programme-horaires-et-resultats\/\">VTT Championnats du monde 2025 : Programme, Horaires et R\u00e9sultats<\/a><\/strong><\/li>\n<\/ul>\n<p style=\"text-align: justify;\"><span style=\"font-weight: 400;\">Apr\u00e8s Zermatt et son short-track, les v\u00e9t\u00e9tistes restaient en altitude et retrouvaient Crans-Montana pour le format olympique. C&rsquo;\u00e9tait au tour des U23 masculins d&rsquo;ouvrir le bal ce samedi. Un an apr\u00e8s <\/span><b>Luca Martin<\/b><span style=\"font-weight: 400;\">, la France rend son titre. L&rsquo;intouchable <\/span><b>Finn Treudler <\/b><span style=\"font-weight: 400;\">s&rsquo;est impos\u00e9, chez lui, avec une marge extr\u00eamement importante sur la concurrence. Le Suisse a devanc\u00e9 le Canadien <\/span><b>Cole Punchard <\/b><span style=\"font-weight: 400;\">de 54 secondes et le Danois <\/span><b>Gustav Pedersen <\/b><span style=\"font-weight: 400;\">de 2 minutes et 14 secondes. Bien parti, <\/span><b>Adrien Boichis <\/b><span style=\"font-weight: 400;\">se contente d&rsquo;un top 10 (8e), <\/span><b>Nathanael Rouffiac<\/b><span style=\"font-weight: 400;\"> aussi (9e)<\/span><\/p>\n<blockquote class=\"twitter-tweet\">\n<p dir=\"ltr\" lang=\"en\">Finn Treudler \ud83c\udde8\ud83c\udded is flying in the Men Under-23 XCO!<\/p>\n<p>Lap 6\ufe0f\u20e3\/8\ufe0f\u20e3 and he has +0:52 on a chasing Cole Punchard \ud83c\udde8\ud83c\udde6, who is unable to do anything to close the gap.<\/p>\n<p>Gustav Pedersen \ud83c\udde9\ud83c\uddf0 +1:21 back in third. <a href=\"https:\/\/twitter.com\/hashtag\/Valais2025?src=hash&amp;ref_src=twsrc%5Etfw\">#Valais2025<\/a> <a href=\"https:\/\/twitter.com\/hashtag\/CransMontana?src=hash&amp;ref_src=twsrc%5Etfw\">#CransMontana<\/a> <a href=\"https:\/\/t.co\/vkBuPgBpsi\">pic.twitter.com\/vkBuPgBpsi<\/a><\/p>\n<p>\u2014 UCI MTB (@UCI_MTB) <a href=\"https:\/\/twitter.com\/UCI_MTB\/status\/1966803564375761345?ref_src=twsrc%5Etfw\">September 13, 2025<\/a><\/p><\/blockquote>\n<p style=\"text-align: justify;\"><script async src=\"https:\/\/platform.twitter.com\/widgets.js\" charset=\"utf-8\"><\/script><\/p>\n<h2 style=\"text-align: justify;\">Finn Treudler, taille patron<\/h2>\n<p style=\"text-align: justify;\"><span style=\"font-weight: 400;\">Ce d\u00e9part en mont\u00e9e n&rsquo;a pas g\u00ean\u00e9 les favoris. L&rsquo;armada s&rsquo;est positionn\u00e9e en t\u00eate, devant son public, avec trois hommes. Seul <\/span><b>Adrien Boichis<\/b><span style=\"font-weight: 400;\">, titr\u00e9 sur le XCC, s&rsquo;\u00e9tait intercal\u00e9 entre les maillots blanc et rouge. Le jeune tricolore s&rsquo;est rapidement esseul\u00e9 avec <\/span><b>Finn Treudler<\/b><span style=\"font-weight: 400;\"> car trop rapide pour le reste des engag\u00e9s. 17 secondes avec un petit peloton, seul le Danois <\/span><b>Gustav Pedersen <\/b><span style=\"font-weight: 400;\">a fait l&rsquo;effort pour recoller le duo de leaders. <\/span><b>Cole Punchard <\/b><span style=\"font-weight: 400;\">ne s&rsquo;est pas avou\u00e9 vaincu et a retrouv\u00e9 les roues de t\u00eate durant le 3e des 8 tours. Impressionnant en \u00e9lites, notamment lors de l&rsquo;\u00e9tape des Gets, le Canadien de 21 ans a sembl\u00e9 en grande forme sur cette premi\u00e8re partie de course.\u00a0<\/span><\/p>\n<p style=\"text-align: justify;\"><span style=\"font-weight: 400;\">Avant m\u00eame la mi-parcours, <\/span><b>Finn Treudler <\/b><span style=\"font-weight: 400;\">a dynamit\u00e9 ce format olympique. <\/span><b>Adrien Boichis <\/b><span style=\"font-weight: 400;\">a perdu pied en l\u00e2chant une minute en un rien de temps, seul <\/span><b>Punchard <\/b><span style=\"font-weight: 400;\">est rest\u00e9 \u00e0 distance respectable. 20 secondes perdues tout de m\u00eame, avant d&rsquo;en laisser bien plus. Le Suisse \u00e9tait bien trop fort sur son circuit maison. Extr\u00eamement dominateur sur la Coupe du monde U23, il a confirm\u00e9 le jour J pour s&rsquo;offrir un titre mondial plus que m\u00e9rit\u00e9. En attendant d&rsquo;aller chercher le classement g\u00e9n\u00e9ral dans les prochaines semaines. Les \u00e9lites vont d\u00e9sormais entrer en piste avec les femmes en lice d\u00e8s 14 heures sur cette m\u00eame piste de Crans-Montana.\u00a0<\/span><\/p>\n<blockquote class=\"twitter-tweet\">\n<p dir=\"ltr\" lang=\"en\">\ud83c\udde8\ud83c\udded\ud83c\udf08 FINN TREUDLER \ud83c\udde8\ud83c\udded\ud83c\udf08<\/p>\n<p>Unmatchable pace from the Swiss to win the 2025 UCI Men U23 XCO World Champion title on home soil. \ud83e\udd29<a href=\"https:\/\/twitter.com\/hashtag\/Valais2025?src=hash&amp;ref_src=twsrc%5Etfw\">#Valais2025<\/a> <a href=\"https:\/\/twitter.com\/hashtag\/CransMontana?src=hash&amp;ref_src=twsrc%5Etfw\">#CransMontana<\/a> <a href=\"https:\/\/t.co\/nozncJ3ay1\">pic.twitter.com\/nozncJ3ay1<\/a><\/p>\n<p>\u2014 UCI MTB (@UCI_MTB) <a href=\"https:\/\/twitter.com\/UCI_MTB\/status\/1966811182674620736?ref_src=twsrc%5Etfw\">September 13, 2025<\/a><\/p><\/blockquote>\n<p><script async src=\"https:\/\/platform.twitter.com\/widgets.js\" charset=\"utf-8\"><\/script><\/p>\n","protected":false},"excerpt":{"rendered":"<p>CHAMPIONNATS DU MONDE DE VTT 2025 &#8211; Le Suisse Finn Treudler a largement domin\u00e9 le format olympique U23 et s&rsquo;offre un premier titre mondial. Cole Punchard et Gustav Pedersen montent sur le podium.<\/p>\n","protected":false},"author":61,"featured_media":610522,"comment_status":"open","ping_status":"closed","sticky":false,"template":"","format":"standard","meta":{"_acf_changed":false,"_daextam_enable_autolinks":"1","footnotes":""},"categories":[10279],"tags":[16878,18758,692],"class_list":["post-610456","post","type-post","status-publish","format-standard","has-post-thumbnail","hentry","category-vtt","tag-breve","tag-championnats-du-monde-de-vtt","tag-vtt"],"acf":[],"yoast_head":"<!-- This site is optimized with the Yoast SEO Premium plugin v26.7 (Yoast SEO v26.7) - https:\/\/yoast.com\/wordpress\/plugins\/seo\/ -->\n<title>VTT Championnats du monde 2025 : Finn Treudler sacr\u00e9 \u00e0 domicile sur le XCO U23, Adrien Boichis hors du podium<\/title>\n<meta name=\"description\" content=\"Le Suisse Finn Treudler a largement domin\u00e9 le format olympique U23 et s&#039;offre un premier titre mondial.\" \/>\n<meta name=\"robots\" content=\"index, follow, max-snippet:-1, max-image-preview:large, max-video-preview:-1\" \/>\n<link rel=\"canonical\" href=\"https:\/\/dicodusport.fr\/blog\/vtt-championnats-du-monde-2025-finn-treudler-sacre-a-domicile-sur-le-xco-u23-adrien-boichis-hors-du-podium\/\" \/>\n<meta property=\"og:locale\" content=\"fr_FR\" \/>\n<meta property=\"og:type\" content=\"article\" \/>\n<meta property=\"og:title\" content=\"VTT Championnats du monde 2025 : Finn Treudler sacr\u00e9 \u00e0 domicile sur le XCO U23, Adrien Boichis hors du podium\" \/>\n<meta property=\"og:description\" content=\"Le Suisse Finn Treudler a largement domin\u00e9 le format olympique U23 et s&#039;offre un premier titre mondial.\" \/>\n<meta property=\"og:url\" content=\"https:\/\/dicodusport.fr\/blog\/vtt-championnats-du-monde-2025-finn-treudler-sacre-a-domicile-sur-le-xco-u23-adrien-boichis-hors-du-podium\/\" \/>\n<meta property=\"og:site_name\" content=\"Dicodusport\" \/>\n<meta property=\"article:publisher\" content=\"https:\/\/www.facebook.com\/dicodusport\" \/>\n<meta property=\"article:published_time\" content=\"2025-09-13T10:23:28+00:00\" \/>\n<meta property=\"article:modified_time\" content=\"2025-09-13T11:27:30+00:00\" \/>\n<meta property=\"og:image\" content=\"https:\/\/dicodusport.fr\/blog\/wp-content\/uploads\/2025\/09\/VTT-Championnats-du-monde-2025-Finn-Treudler-sacre-a-domicile-sur-le-XCO-U23-Adrien-Boichis-hors-du-podium-1.png\" \/>\n\t<meta property=\"og:image:width\" content=\"1200\" \/>\n\t<meta property=\"og:image:height\" content=\"674\" \/>\n\t<meta property=\"og:image:type\" content=\"image\/png\" \/>\n<meta name=\"author\" content=\"Pierre Gorce\" \/>\n<meta name=\"twitter:card\" content=\"summary_large_image\" \/>\n<meta name=\"twitter:title\" content=\"VTT Championnats du monde 2025 : Finn Treudler sacr\u00e9 \u00e0 domicile sur le XCO U23, Adrien Boichis hors du podium\" \/>\n<meta name=\"twitter:creator\" content=\"@https:\/\/twitter.com\/pierregorce12\" \/>\n<meta name=\"twitter:site\" content=\"@dicodusport\" \/>\n<script type=\"application\/ld+json\" class=\"yoast-schema-graph\">{\"@context\":\"https:\/\/schema.org\",\"@graph\":[{\"@type\":\"NewsArticle\",\"@id\":\"https:\/\/dicodusport.fr\/blog\/vtt-championnats-du-monde-2025-finn-treudler-sacre-a-domicile-sur-le-xco-u23-adrien-boichis-hors-du-podium\/#article\",\"isPartOf\":{\"@id\":\"https:\/\/dicodusport.fr\/blog\/vtt-championnats-du-monde-2025-finn-treudler-sacre-a-domicile-sur-le-xco-u23-adrien-boichis-hors-du-podium\/\"},\"author\":{\"name\":\"Pierre Gorce\",\"@id\":\"https:\/\/dicodusport.fr\/blog\/#\/schema\/person\/0eaf70b33d703a1a66b1155ac1bda018\"},\"headline\":\"VTT Championnats du monde 2025 : Finn Treudler sacr\u00e9 \u00e0 domicile sur le XCO U23, Adrien Boichis hors du podium\",\"datePublished\":\"2025-09-13T10:23:28+00:00\",\"dateModified\":\"2025-09-13T11:27:30+00:00\",\"mainEntityOfPage\":{\"@id\":\"https:\/\/dicodusport.fr\/blog\/vtt-championnats-du-monde-2025-finn-treudler-sacre-a-domicile-sur-le-xco-u23-adrien-boichis-hors-du-podium\/\"},\"wordCount\":483,\"commentCount\":0,\"publisher\":{\"@id\":\"https:\/\/dicodusport.fr\/blog\/#organization\"},\"image\":{\"@id\":\"https:\/\/dicodusport.fr\/blog\/vtt-championnats-du-monde-2025-finn-treudler-sacre-a-domicile-sur-le-xco-u23-adrien-boichis-hors-du-podium\/#primaryimage\"},\"thumbnailUrl\":\"https:\/\/dicodusport.fr\/blog\/wp-content\/uploads\/2025\/09\/VTT-Championnats-du-monde-2025-Finn-Treudler-sacre-a-domicile-sur-le-XCO-U23-Adrien-Boichis-hors-du-podium-1.png\",\"keywords\":[\"br\u00e8ve\",\"Championnats du monde de VTT\",\"VTT\"],\"articleSection\":[\"VTT\"],\"inLanguage\":\"fr-FR\",\"potentialAction\":[{\"@type\":\"CommentAction\",\"name\":\"Comment\",\"target\":[\"https:\/\/dicodusport.fr\/blog\/vtt-championnats-du-monde-2025-finn-treudler-sacre-a-domicile-sur-le-xco-u23-adrien-boichis-hors-du-podium\/#respond\"]}],\"copyrightYear\":\"2025\",\"copyrightHolder\":{\"@id\":\"https:\/\/dicodusport.fr\/blog\/#organization\"}},{\"@type\":\"WebPage\",\"@id\":\"https:\/\/dicodusport.fr\/blog\/vtt-championnats-du-monde-2025-finn-treudler-sacre-a-domicile-sur-le-xco-u23-adrien-boichis-hors-du-podium\/\",\"url\":\"https:\/\/dicodusport.fr\/blog\/vtt-championnats-du-monde-2025-finn-treudler-sacre-a-domicile-sur-le-xco-u23-adrien-boichis-hors-du-podium\/\",\"name\":\"VTT Championnats du monde 2025 : Finn Treudler sacr\u00e9 \u00e0 domicile sur le XCO U23, Adrien Boichis hors du podium\",\"isPartOf\":{\"@id\":\"https:\/\/dicodusport.fr\/blog\/#website\"},\"primaryImageOfPage\":{\"@id\":\"https:\/\/dicodusport.fr\/blog\/vtt-championnats-du-monde-2025-finn-treudler-sacre-a-domicile-sur-le-xco-u23-adrien-boichis-hors-du-podium\/#primaryimage\"},\"image\":{\"@id\":\"https:\/\/dicodusport.fr\/blog\/vtt-championnats-du-monde-2025-finn-treudler-sacre-a-domicile-sur-le-xco-u23-adrien-boichis-hors-du-podium\/#primaryimage\"},\"thumbnailUrl\":\"https:\/\/dicodusport.fr\/blog\/wp-content\/uploads\/2025\/09\/VTT-Championnats-du-monde-2025-Finn-Treudler-sacre-a-domicile-sur-le-XCO-U23-Adrien-Boichis-hors-du-podium-1.png\",\"datePublished\":\"2025-09-13T10:23:28+00:00\",\"dateModified\":\"2025-09-13T11:27:30+00:00\",\"description\":\"Le Suisse Finn Treudler a largement domin\u00e9 le format olympique U23 et s'offre un premier titre mondial.\",\"breadcrumb\":{\"@id\":\"https:\/\/dicodusport.fr\/blog\/vtt-championnats-du-monde-2025-finn-treudler-sacre-a-domicile-sur-le-xco-u23-adrien-boichis-hors-du-podium\/#breadcrumb\"},\"inLanguage\":\"fr-FR\",\"potentialAction\":[{\"@type\":\"ReadAction\",\"target\":[\"https:\/\/dicodusport.fr\/blog\/vtt-championnats-du-monde-2025-finn-treudler-sacre-a-domicile-sur-le-xco-u23-adrien-boichis-hors-du-podium\/\"]}]},{\"@type\":\"ImageObject\",\"inLanguage\":\"fr-FR\",\"@id\":\"https:\/\/dicodusport.fr\/blog\/vtt-championnats-du-monde-2025-finn-treudler-sacre-a-domicile-sur-le-xco-u23-adrien-boichis-hors-du-podium\/#primaryimage\",\"url\":\"https:\/\/dicodusport.fr\/blog\/wp-content\/uploads\/2025\/09\/VTT-Championnats-du-monde-2025-Finn-Treudler-sacre-a-domicile-sur-le-XCO-U23-Adrien-Boichis-hors-du-podium-1.png\",\"contentUrl\":\"https:\/\/dicodusport.fr\/blog\/wp-content\/uploads\/2025\/09\/VTT-Championnats-du-monde-2025-Finn-Treudler-sacre-a-domicile-sur-le-XCO-U23-Adrien-Boichis-hors-du-podium-1.png\",\"width\":1200,\"height\":674,\"caption\":\"VTT Championnats du monde 2025 Finn Treudler sacr\u00e9 \u00e0 domicile sur le XCO U23, Adrien Boichis hors du podium\"},{\"@type\":\"BreadcrumbList\",\"@id\":\"https:\/\/dicodusport.fr\/blog\/vtt-championnats-du-monde-2025-finn-treudler-sacre-a-domicile-sur-le-xco-u23-adrien-boichis-hors-du-podium\/#breadcrumb\",\"itemListElement\":[{\"@type\":\"ListItem\",\"position\":1,\"name\":\"Accueil\",\"item\":\"https:\/\/dicodusport.fr\/blog\/\"},{\"@type\":\"ListItem\",\"position\":2,\"name\":\"VTT Championnats du monde 2025 : Finn Treudler sacr\u00e9 \u00e0 domicile sur le XCO U23, Adrien Boichis hors du podium\"}]},{\"@type\":\"WebSite\",\"@id\":\"https:\/\/dicodusport.fr\/blog\/#website\",\"url\":\"https:\/\/dicodusport.fr\/blog\/\",\"name\":\"Dicodusport\",\"description\":\"L&#039;encyclop\u00e9die de l&#039;actualit\u00e9 sportive\",\"publisher\":{\"@id\":\"https:\/\/dicodusport.fr\/blog\/#organization\"},\"potentialAction\":[{\"@type\":\"SearchAction\",\"target\":{\"@type\":\"EntryPoint\",\"urlTemplate\":\"https:\/\/dicodusport.fr\/blog\/?s={search_term_string}\"},\"query-input\":{\"@type\":\"PropertyValueSpecification\",\"valueRequired\":true,\"valueName\":\"search_term_string\"}}],\"inLanguage\":\"fr-FR\"},{\"@type\":\"NewsMediaOrganization\",\"@id\":\"https:\/\/dicodusport.fr\/blog\/#organization\",\"name\":\"Dicodusport\",\"url\":\"https:\/\/dicodusport.fr\/blog\/\",\"logo\":{\"@type\":\"ImageObject\",\"inLanguage\":\"fr-FR\",\"@id\":\"https:\/\/dicodusport.fr\/blog\/#\/schema\/logo\/image\/\",\"url\":\"https:\/\/dicodusport.fr\/blog\/wp-content\/uploads\/2020\/06\/cropped-LOGO-DICODUSPORT-2020-SANS-FOND-SANS-TEXTE.png\",\"contentUrl\":\"https:\/\/dicodusport.fr\/blog\/wp-content\/uploads\/2020\/06\/cropped-LOGO-DICODUSPORT-2020-SANS-FOND-SANS-TEXTE.png\",\"width\":512,\"height\":512,\"caption\":\"Dicodusport\"},\"image\":{\"@id\":\"https:\/\/dicodusport.fr\/blog\/#\/schema\/logo\/image\/\"},\"sameAs\":[\"https:\/\/www.facebook.com\/dicodusport\",\"https:\/\/x.com\/dicodusport\",\"https:\/\/www.instagram.com\/dicodusport\/\",\"https:\/\/www.youtube.com\/channel\/UC7V2KZ5sd3htJivAbA4ZG3w\"],\"description\":\"Dicodusport est l'encyclop\u00e9die de l'actualit\u00e9 sportive.\",\"email\":\"bonjour@dicodusport.fr\",\"legalName\":\"DICODUSPORT\",\"foundingDate\":\"2018-01-14\",\"vatID\":\"FR71834470973\",\"taxID\":\"83447097300043\",\"numberOfEmployees\":{\"@type\":\"QuantitativeValue\",\"minValue\":\"1\",\"maxValue\":\"10\"}},{\"@type\":\"Person\",\"@id\":\"https:\/\/dicodusport.fr\/blog\/#\/schema\/person\/0eaf70b33d703a1a66b1155ac1bda018\",\"name\":\"Pierre Gorce\",\"image\":{\"@type\":\"ImageObject\",\"inLanguage\":\"fr-FR\",\"@id\":\"https:\/\/dicodusport.fr\/blog\/#\/schema\/person\/image\/\",\"url\":\"https:\/\/dicodusport.fr\/blog\/wp-content\/uploads\/2022\/03\/IMG_20211214_233053_722-150x150.jpg\",\"contentUrl\":\"https:\/\/dicodusport.fr\/blog\/wp-content\/uploads\/2022\/03\/IMG_20211214_233053_722-150x150.jpg\",\"caption\":\"Pierre Gorce\"},\"description\":\"Couteau suisse venant tout droit de Haute-Savoie. Habitu\u00e9 \u00e0 regarder du sport depuis petit, j'en ai maintenant fait mon m\u00e9tier. Des sports d'hiver au surf, en passant par le tennis, la F1, le handball et l'athl\u00e9tisme, j'essaie d'avoir mes yeux sur l'enti\u00e8ret\u00e9 de l'actualit\u00e9. Jeune homme berc\u00e9 par les exploits de Jean-Baptiste Grange, Sebastian Vettel et des Experts. Membre de la g\u00e9n\u00e9ration 1999 comme Luka Doncic, Sydney McLaughlin, Lando Norris et Loana Lecomte, mais avec beaucoup moins de talent qu'eux.\",\"sameAs\":[\"https:\/\/x.com\/https:\/\/twitter.com\/pierregorce12\"],\"birthDate\":\"1999-08-29\",\"url\":\"https:\/\/dicodusport.fr\/blog\/author\/pierreg\/\"}]}<\/script>\n<!-- \/ Yoast SEO Premium plugin. -->","yoast_head_json":{"title":"VTT Championnats du monde 2025 : Finn Treudler sacr\u00e9 \u00e0 domicile sur le XCO U23, Adrien Boichis hors du podium","description":"Le Suisse Finn Treudler a largement domin\u00e9 le format olympique U23 et s'offre un premier titre mondial.","robots":{"index":"index","follow":"follow","max-snippet":"max-snippet:-1","max-image-preview":"max-image-preview:large","max-video-preview":"max-video-preview:-1"},"canonical":"https:\/\/dicodusport.fr\/blog\/vtt-championnats-du-monde-2025-finn-treudler-sacre-a-domicile-sur-le-xco-u23-adrien-boichis-hors-du-podium\/","og_locale":"fr_FR","og_type":"article","og_title":"VTT Championnats du monde 2025 : Finn Treudler sacr\u00e9 \u00e0 domicile sur le XCO U23, Adrien Boichis hors du podium","og_description":"Le Suisse Finn Treudler a largement domin\u00e9 le format olympique U23 et s'offre un premier titre mondial.","og_url":"https:\/\/dicodusport.fr\/blog\/vtt-championnats-du-monde-2025-finn-treudler-sacre-a-domicile-sur-le-xco-u23-adrien-boichis-hors-du-podium\/","og_site_name":"Dicodusport","article_publisher":"https:\/\/www.facebook.com\/dicodusport","article_published_time":"2025-09-13T10:23:28+00:00","article_modified_time":"2025-09-13T11:27:30+00:00","og_image":[{"width":1200,"height":674,"url":"https:\/\/dicodusport.fr\/blog\/wp-content\/uploads\/2025\/09\/VTT-Championnats-du-monde-2025-Finn-Treudler-sacre-a-domicile-sur-le-XCO-U23-Adrien-Boichis-hors-du-podium-1.png","type":"image\/png"}],"author":"Pierre Gorce","twitter_card":"summary_large_image","twitter_title":"VTT Championnats du monde 2025 : Finn Treudler sacr\u00e9 \u00e0 domicile sur le XCO U23, Adrien Boichis hors du podium","twitter_creator":"@https:\/\/twitter.com\/pierregorce12","twitter_site":"@dicodusport","schema":{"@context":"https:\/\/schema.org","@graph":[{"@type":"NewsArticle","@id":"https:\/\/dicodusport.fr\/blog\/vtt-championnats-du-monde-2025-finn-treudler-sacre-a-domicile-sur-le-xco-u23-adrien-boichis-hors-du-podium\/#article","isPartOf":{"@id":"https:\/\/dicodusport.fr\/blog\/vtt-championnats-du-monde-2025-finn-treudler-sacre-a-domicile-sur-le-xco-u23-adrien-boichis-hors-du-podium\/"},"author":{"name":"Pierre Gorce","@id":"https:\/\/dicodusport.fr\/blog\/#\/schema\/person\/0eaf70b33d703a1a66b1155ac1bda018"},"headline":"VTT Championnats du monde 2025 : Finn Treudler sacr\u00e9 \u00e0 domicile sur le XCO U23, Adrien Boichis hors du podium","datePublished":"2025-09-13T10:23:28+00:00","dateModified":"2025-09-13T11:27:30+00:00","mainEntityOfPage":{"@id":"https:\/\/dicodusport.fr\/blog\/vtt-championnats-du-monde-2025-finn-treudler-sacre-a-domicile-sur-le-xco-u23-adrien-boichis-hors-du-podium\/"},"wordCount":483,"commentCount":0,"publisher":{"@id":"https:\/\/dicodusport.fr\/blog\/#organization"},"image":{"@id":"https:\/\/dicodusport.fr\/blog\/vtt-championnats-du-monde-2025-finn-treudler-sacre-a-domicile-sur-le-xco-u23-adrien-boichis-hors-du-podium\/#primaryimage"},"thumbnailUrl":"https:\/\/dicodusport.fr\/blog\/wp-content\/uploads\/2025\/09\/VTT-Championnats-du-monde-2025-Finn-Treudler-sacre-a-domicile-sur-le-XCO-U23-Adrien-Boichis-hors-du-podium-1.png","keywords":["br\u00e8ve","Championnats du monde de VTT","VTT"],"articleSection":["VTT"],"inLanguage":"fr-FR","potentialAction":[{"@type":"CommentAction","name":"Comment","target":["https:\/\/dicodusport.fr\/blog\/vtt-championnats-du-monde-2025-finn-treudler-sacre-a-domicile-sur-le-xco-u23-adrien-boichis-hors-du-podium\/#respond"]}],"copyrightYear":"2025","copyrightHolder":{"@id":"https:\/\/dicodusport.fr\/blog\/#organization"}},{"@type":"WebPage","@id":"https:\/\/dicodusport.fr\/blog\/vtt-championnats-du-monde-2025-finn-treudler-sacre-a-domicile-sur-le-xco-u23-adrien-boichis-hors-du-podium\/","url":"https:\/\/dicodusport.fr\/blog\/vtt-championnats-du-monde-2025-finn-treudler-sacre-a-domicile-sur-le-xco-u23-adrien-boichis-hors-du-podium\/","name":"VTT Championnats du monde 2025 : Finn Treudler sacr\u00e9 \u00e0 domicile sur le XCO U23, Adrien Boichis hors du podium","isPartOf":{"@id":"https:\/\/dicodusport.fr\/blog\/#website"},"primaryImageOfPage":{"@id":"https:\/\/dicodusport.fr\/blog\/vtt-championnats-du-monde-2025-finn-treudler-sacre-a-domicile-sur-le-xco-u23-adrien-boichis-hors-du-podium\/#primaryimage"},"image":{"@id":"https:\/\/dicodusport.fr\/blog\/vtt-championnats-du-monde-2025-finn-treudler-sacre-a-domicile-sur-le-xco-u23-adrien-boichis-hors-du-podium\/#primaryimage"},"thumbnailUrl":"https:\/\/dicodusport.fr\/blog\/wp-content\/uploads\/2025\/09\/VTT-Championnats-du-monde-2025-Finn-Treudler-sacre-a-domicile-sur-le-XCO-U23-Adrien-Boichis-hors-du-podium-1.png","datePublished":"2025-09-13T10:23:28+00:00","dateModified":"2025-09-13T11:27:30+00:00","description":"Le Suisse Finn Treudler a largement domin\u00e9 le format olympique U23 et s'offre un premier titre mondial.","breadcrumb":{"@id":"https:\/\/dicodusport.fr\/blog\/vtt-championnats-du-monde-2025-finn-treudler-sacre-a-domicile-sur-le-xco-u23-adrien-boichis-hors-du-podium\/#breadcrumb"},"inLanguage":"fr-FR","potentialAction":[{"@type":"ReadAction","target":["https:\/\/dicodusport.fr\/blog\/vtt-championnats-du-monde-2025-finn-treudler-sacre-a-domicile-sur-le-xco-u23-adrien-boichis-hors-du-podium\/"]}]},{"@type":"ImageObject","inLanguage":"fr-FR","@id":"https:\/\/dicodusport.fr\/blog\/vtt-championnats-du-monde-2025-finn-treudler-sacre-a-domicile-sur-le-xco-u23-adrien-boichis-hors-du-podium\/#primaryimage","url":"https:\/\/dicodusport.fr\/blog\/wp-content\/uploads\/2025\/09\/VTT-Championnats-du-monde-2025-Finn-Treudler-sacre-a-domicile-sur-le-XCO-U23-Adrien-Boichis-hors-du-podium-1.png","contentUrl":"https:\/\/dicodusport.fr\/blog\/wp-content\/uploads\/2025\/09\/VTT-Championnats-du-monde-2025-Finn-Treudler-sacre-a-domicile-sur-le-XCO-U23-Adrien-Boichis-hors-du-podium-1.png","width":1200,"height":674,"caption":"VTT Championnats du monde 2025 Finn Treudler sacr\u00e9 \u00e0 domicile sur le XCO U23, Adrien Boichis hors du podium"},{"@type":"BreadcrumbList","@id":"https:\/\/dicodusport.fr\/blog\/vtt-championnats-du-monde-2025-finn-treudler-sacre-a-domicile-sur-le-xco-u23-adrien-boichis-hors-du-podium\/#breadcrumb","itemListElement":[{"@type":"ListItem","position":1,"name":"Accueil","item":"https:\/\/dicodusport.fr\/blog\/"},{"@type":"ListItem","position":2,"name":"VTT Championnats du monde 2025 : Finn Treudler sacr\u00e9 \u00e0 domicile sur le XCO U23, Adrien Boichis hors du podium"}]},{"@type":"WebSite","@id":"https:\/\/dicodusport.fr\/blog\/#website","url":"https:\/\/dicodusport.fr\/blog\/","name":"Dicodusport","description":"L&#039;encyclop\u00e9die de l&#039;actualit\u00e9 sportive","publisher":{"@id":"https:\/\/dicodusport.fr\/blog\/#organization"},"potentialAction":[{"@type":"SearchAction","target":{"@type":"EntryPoint","urlTemplate":"https:\/\/dicodusport.fr\/blog\/?s={search_term_string}"},"query-input":{"@type":"PropertyValueSpecification","valueRequired":true,"valueName":"search_term_string"}}],"inLanguage":"fr-FR"},{"@type":"NewsMediaOrganization","@id":"https:\/\/dicodusport.fr\/blog\/#organization","name":"Dicodusport","url":"https:\/\/dicodusport.fr\/blog\/","logo":{"@type":"ImageObject","inLanguage":"fr-FR","@id":"https:\/\/dicodusport.fr\/blog\/#\/schema\/logo\/image\/","url":"https:\/\/dicodusport.fr\/blog\/wp-content\/uploads\/2020\/06\/cropped-LOGO-DICODUSPORT-2020-SANS-FOND-SANS-TEXTE.png","contentUrl":"https:\/\/dicodusport.fr\/blog\/wp-content\/uploads\/2020\/06\/cropped-LOGO-DICODUSPORT-2020-SANS-FOND-SANS-TEXTE.png","width":512,"height":512,"caption":"Dicodusport"},"image":{"@id":"https:\/\/dicodusport.fr\/blog\/#\/schema\/logo\/image\/"},"sameAs":["https:\/\/www.facebook.com\/dicodusport","https:\/\/x.com\/dicodusport","https:\/\/www.instagram.com\/dicodusport\/","https:\/\/www.youtube.com\/channel\/UC7V2KZ5sd3htJivAbA4ZG3w"],"description":"Dicodusport est l'encyclop\u00e9die de l'actualit\u00e9 sportive.","email":"bonjour@dicodusport.fr","legalName":"DICODUSPORT","foundingDate":"2018-01-14","vatID":"FR71834470973","taxID":"83447097300043","numberOfEmployees":{"@type":"QuantitativeValue","minValue":"1","maxValue":"10"}},{"@type":"Person","@id":"https:\/\/dicodusport.fr\/blog\/#\/schema\/person\/0eaf70b33d703a1a66b1155ac1bda018","name":"Pierre Gorce","image":{"@type":"ImageObject","inLanguage":"fr-FR","@id":"https:\/\/dicodusport.fr\/blog\/#\/schema\/person\/image\/","url":"https:\/\/dicodusport.fr\/blog\/wp-content\/uploads\/2022\/03\/IMG_20211214_233053_722-150x150.jpg","contentUrl":"https:\/\/dicodusport.fr\/blog\/wp-content\/uploads\/2022\/03\/IMG_20211214_233053_722-150x150.jpg","caption":"Pierre Gorce"},"description":"Couteau suisse venant tout droit de Haute-Savoie. Habitu\u00e9 \u00e0 regarder du sport depuis petit, j'en ai maintenant fait mon m\u00e9tier. Des sports d'hiver au surf, en passant par le tennis, la F1, le handball et l'athl\u00e9tisme, j'essaie d'avoir mes yeux sur l'enti\u00e8ret\u00e9 de l'actualit\u00e9. Jeune homme berc\u00e9 par les exploits de Jean-Baptiste Grange, Sebastian Vettel et des Experts. Membre de la g\u00e9n\u00e9ration 1999 comme Luka Doncic, Sydney McLaughlin, Lando Norris et Loana Lecomte, mais avec beaucoup moins de talent qu'eux.","sameAs":["https:\/\/x.com\/https:\/\/twitter.com\/pierregorce12"],"birthDate":"1999-08-29","url":"https:\/\/dicodusport.fr\/blog\/author\/pierreg\/"}]}},"_links":{"self":[{"href":"https:\/\/dicodusport.fr\/blog\/wp-json\/wp\/v2\/posts\/610456","targetHints":{"allow":["GET"]}}],"collection":[{"href":"https:\/\/dicodusport.fr\/blog\/wp-json\/wp\/v2\/posts"}],"about":[{"href":"https:\/\/dicodusport.fr\/blog\/wp-json\/wp\/v2\/types\/post"}],"author":[{"embeddable":true,"href":"https:\/\/dicodusport.fr\/blog\/wp-json\/wp\/v2\/users\/61"}],"replies":[{"embeddable":true,"href":"https:\/\/dicodusport.fr\/blog\/wp-json\/wp\/v2\/comments?post=610456"}],"version-history":[{"count":5,"href":"https:\/\/dicodusport.fr\/blog\/wp-json\/wp\/v2\/posts\/610456\/revisions"}],"predecessor-version":[{"id":610523,"href":"https:\/\/dicodusport.fr\/blog\/wp-json\/wp\/v2\/posts\/610456\/revisions\/610523"}],"wp:featuredmedia":[{"embeddable":true,"href":"https:\/\/dicodusport.fr\/blog\/wp-json\/wp\/v2\/media\/610522"}],"wp:attachment":[{"href":"https:\/\/dicodusport.fr\/blog\/wp-json\/wp\/v2\/media?parent=610456"}],"wp:term":[{"taxonomy":"category","embeddable":true,"href":"https:\/\/dicodusport.fr\/blog\/wp-json\/wp\/v2\/categories?post=610456"},{"taxonomy":"post_tag","embeddable":true,"href":"https:\/\/dicodusport.fr\/blog\/wp-json\/wp\/v2\/tags?post=610456"}],"curies":[{"name":"wp","href":"https:\/\/api.w.org\/{rel}","templated":true}]}}