{"id":610510,"date":"2025-09-13T15:51:53","date_gmt":"2025-09-13T13:51:53","guid":{"rendered":"https:\/\/dicodusport.fr\/blog\/?p=610510&#038;preview=true&#038;preview_id=610510"},"modified":"2025-09-13T15:55:18","modified_gmt":"2025-09-13T13:55:18","slug":"a-travers-les-hauts-de-france-2025-lara-gillespie-lemporte-au-sprint","status":"publish","type":"post","link":"https:\/\/dicodusport.fr\/blog\/a-travers-les-hauts-de-france-2025-lara-gillespie-lemporte-au-sprint\/","title":{"rendered":"\u00c0 Travers les Hauts-de-France 2025 : Lara Gillespie l&#8217;emporte au sprint"},"content":{"rendered":"<p style=\"text-align: justify;\"><strong><em>\u00c0 TRAVERS LES HAUTS-DE-FRANCE 2025 &#8211; Lara Gillespie (UAE Team ADQ) remporte la course nordiste au terme d&rsquo;un sprint d\u00e9cousu. Avec des bordures tout au long de la journ\u00e9e.\u00a0<\/em><\/strong><\/p>\n<div class=\"QpPSMb\">\n<div class=\"DoxwDb\">\n<div class=\"PZPZlf ssJ7i B5dxMb\" style=\"text-align: justify;\" role=\"heading\" aria-level=\"2\" data-attrid=\"title\">La course s&rsquo;est emball\u00e9e tr\u00e8s t\u00f4t dans le nord de la France. \u00c0 l&rsquo;initiative de <strong>Loes Adegeest<\/strong> (FDJ-Suez), qui a \u00e9t\u00e9 la premi\u00e8re \u00e0 d\u00e9clencher les hostilit\u00e9s. La N\u00e9erlandaise, qui quittera la formation fran\u00e7aise \u00e0 la fin de la saison, a pris du champ \u00e0 plus de 110 km de l&rsquo;arriv\u00e9e. Seule et d&rsquo;abord sans jamais vraiment creuser un \u00e9cart (30 secondes pendant pr\u00e8s de 20 kilom\u00e8tres) sur un peloton rapidement coup\u00e9 en plusieurs morceaux, avec un rythme d\u00e9j\u00e0 infernal. Ce sera le fil rouge de la course, avec des acc\u00e9l\u00e9rations, des ralentissements et le vent qui a jou\u00e9 un vrai r\u00f4le, sur des routes d\u00e9gag\u00e9es. La N\u00e9erlandaise a pu prendre pr\u00e8s de deux minutes d&rsquo;avance, avant que la course ne s&#8217;emballe de nouveau. Elle ne sera reprise que par un peloton de 70 coureuses, \u00e0 66 kilom\u00e8tres du but.<\/div>\n<\/div>\n<\/div>\n<h2 role=\"heading\" aria-level=\"2\" data-attrid=\"title\">Duel entre anglophones pour la victoire<\/h2>\n<p style=\"text-align: justify;\">La course aura \u00e9t\u00e9 marqu\u00e9e par des temps forts, des acc\u00e9l\u00e9rations brutales en t\u00eate de peloton. Puis des moments plus calmes, dans lequel les coureuses occupaient toute la largeur de la route. Des acc\u00e9l\u00e9rations ont encore \u00e9maill\u00e9 le final. Des coureuses qui voulaient anticiper le final et pi\u00e9ger les sprinteuses. Parmi les attaquantes, <strong>Victoire Berteau<\/strong> (Cofidis) s&rsquo;est montr\u00e9e entreprenante pour tenter d&rsquo;avoir un coup d&rsquo;avance. La FDJ-Suez, qui compte pourtant <strong>Ally Wollaston<\/strong> dans ses rangs, a \u00e9t\u00e9 entreprenante. Mais personne ne parviendra \u00e0 pi\u00e9ger les sprinteuses. Du moins celles qui ont surv\u00e9cu aux bordures, qui auront anim\u00e9 la course.<\/p>\n<p style=\"text-align: justify;\">Avec la pluie qui s&rsquo;est invit\u00e9e. Il fallait sortir en t\u00eate au virage \u00e0 200 m de l&rsquo;arriv\u00e9e. Chose faite et bien faite par <strong>Lara Gillespie<\/strong> (UAE Team-ADQ) et <b>Isobel Carys Lloyd<\/b> (Movistar). La premi\u00e8re cit\u00e9e parvient \u00e0 d\u00e9border la seconde cit\u00e9e dans ce duel entre irlandaise et britannique. Pour la coiffer pour quelques centim\u00e8tres, sur la gauche de la route. Pour remporter sa premi\u00e8re course de la saison. <strong>Eline Jansen<\/strong> (VolkerWessels Women&rsquo;s Pro Cycling Team) compl\u00e8te le podium<\/p>\n<blockquote class=\"twitter-tweet\">\n<p lang=\"en\" dir=\"ltr\">A Travers les Hauts de France was won by Lara Gillespie of <a href=\"https:\/\/twitter.com\/UAETeamADQ?ref_src=twsrc%5Etfw\">@UAETeamADQ<\/a>. <a href=\"https:\/\/t.co\/alAl7M9mAj\">https:\/\/t.co\/alAl7M9mAj<\/a> <a href=\"https:\/\/t.co\/DNte3ZgdsX\">pic.twitter.com\/DNte3ZgdsX<\/a><\/p>\n<p>&mdash; FirstCycling (@FirstCycling) <a href=\"https:\/\/twitter.com\/FirstCycling\/status\/1966861496853688366?ref_src=twsrc%5Etfw\">September 13, 2025<\/a><\/p><\/blockquote>\n<p> <script async src=\"https:\/\/platform.twitter.com\/widgets.js\" charset=\"utf-8\"><\/script><\/p>\n","protected":false},"excerpt":{"rendered":"<p>\u00c0 TRAVERS LES HAUTS-DE-FRANCE 2025 &#8211; Lara Gillespie (UAE Team ADQ) remporte la course nordiste au terme d&rsquo;un sprint d\u00e9cousu. Avec des bordures tout au long de la journ\u00e9e.\u00a0<\/p>\n","protected":false},"author":83,"featured_media":610597,"comment_status":"open","ping_status":"closed","sticky":false,"template":"","format":"standard","meta":{"_acf_changed":false,"_daextam_enable_autolinks":"1","footnotes":""},"categories":[46994],"tags":[16878,574,11197],"class_list":["post-610510","post","type-post","status-publish","format-standard","has-post-thumbnail","hentry","category-cyclisme-sur-route","tag-breve","tag-cyclisme","tag-cyclisme-sur-route"],"acf":[],"yoast_head":"<!-- This site is optimized with the Yoast SEO Premium plugin v26.7 (Yoast SEO v26.7) - https:\/\/yoast.com\/wordpress\/plugins\/seo\/ -->\n<title>\u00c0 Travers les Hauts-de-France 2025 : Lara Gillespie l&#039;emporte au sprint<\/title>\n<meta name=\"description\" content=\"\u00c0 TRAVERS LES HAUTS-DE-FRANCE 2025 - Lara Gillespie (UAE Team ADQ) remporte la course nordiste au terme d&#039;un sprint d\u00e9cousu.\" \/>\n<meta name=\"robots\" content=\"index, follow, max-snippet:-1, max-image-preview:large, max-video-preview:-1\" \/>\n<link rel=\"canonical\" href=\"https:\/\/dicodusport.fr\/blog\/a-travers-les-hauts-de-france-2025-lara-gillespie-lemporte-au-sprint\/\" \/>\n<meta property=\"og:locale\" content=\"fr_FR\" \/>\n<meta property=\"og:type\" content=\"article\" \/>\n<meta property=\"og:title\" content=\"\u00c0 Travers les Hauts-de-France 2025 : Lara Gillespie l&#039;emporte au sprint\" \/>\n<meta property=\"og:description\" content=\"\u00c0 TRAVERS LES HAUTS-DE-FRANCE 2025 - Lara Gillespie (UAE Team ADQ) remporte la course nordiste au terme d&#039;un sprint d\u00e9cousu.\" \/>\n<meta property=\"og:url\" content=\"https:\/\/dicodusport.fr\/blog\/a-travers-les-hauts-de-france-2025-lara-gillespie-lemporte-au-sprint\/\" \/>\n<meta property=\"og:site_name\" content=\"Dicodusport\" \/>\n<meta property=\"article:publisher\" content=\"https:\/\/www.facebook.com\/dicodusport\" \/>\n<meta property=\"article:published_time\" content=\"2025-09-13T13:51:53+00:00\" \/>\n<meta property=\"article:modified_time\" content=\"2025-09-13T13:55:18+00:00\" \/>\n<meta property=\"og:image\" content=\"https:\/\/dicodusport.fr\/blog\/wp-content\/uploads\/2025\/09\/A-Travers-les-Hauts-de-France-2025-Lara-Gillespie-lemporte-au-sprint.png\" \/>\n\t<meta property=\"og:image:width\" content=\"1200\" \/>\n\t<meta property=\"og:image:height\" content=\"674\" \/>\n\t<meta property=\"og:image:type\" content=\"image\/png\" \/>\n<meta name=\"author\" content=\"Etienne Goursaud\" \/>\n<meta name=\"twitter:card\" content=\"summary_large_image\" \/>\n<meta name=\"twitter:title\" content=\"\u00c0 Travers les Hauts-de-France 2025 : Lara Gillespie l&#039;emporte au sprint\" \/>\n<meta name=\"twitter:creator\" content=\"@dicodusport\" \/>\n<meta name=\"twitter:site\" content=\"@dicodusport\" \/>\n<script type=\"application\/ld+json\" class=\"yoast-schema-graph\">{\"@context\":\"https:\/\/schema.org\",\"@graph\":[{\"@type\":\"NewsArticle\",\"@id\":\"https:\/\/dicodusport.fr\/blog\/a-travers-les-hauts-de-france-2025-lara-gillespie-lemporte-au-sprint\/#article\",\"isPartOf\":{\"@id\":\"https:\/\/dicodusport.fr\/blog\/a-travers-les-hauts-de-france-2025-lara-gillespie-lemporte-au-sprint\/\"},\"author\":{\"name\":\"Etienne Goursaud\",\"@id\":\"https:\/\/dicodusport.fr\/blog\/#\/schema\/person\/d603dd7da31fb2b46c82b9835a77ec13\"},\"headline\":\"\u00c0 Travers les Hauts-de-France 2025 : Lara Gillespie l&#8217;emporte au sprint\",\"datePublished\":\"2025-09-13T13:51:53+00:00\",\"dateModified\":\"2025-09-13T13:55:18+00:00\",\"mainEntityOfPage\":{\"@id\":\"https:\/\/dicodusport.fr\/blog\/a-travers-les-hauts-de-france-2025-lara-gillespie-lemporte-au-sprint\/\"},\"wordCount\":429,\"commentCount\":0,\"publisher\":{\"@id\":\"https:\/\/dicodusport.fr\/blog\/#organization\"},\"image\":{\"@id\":\"https:\/\/dicodusport.fr\/blog\/a-travers-les-hauts-de-france-2025-lara-gillespie-lemporte-au-sprint\/#primaryimage\"},\"thumbnailUrl\":\"https:\/\/dicodusport.fr\/blog\/wp-content\/uploads\/2025\/09\/A-Travers-les-Hauts-de-France-2025-Lara-Gillespie-lemporte-au-sprint.png\",\"keywords\":[\"br\u00e8ve\",\"Cyclisme\",\"Cyclisme sur route\"],\"articleSection\":[\"Cyclisme sur route\"],\"inLanguage\":\"fr-FR\",\"potentialAction\":[{\"@type\":\"CommentAction\",\"name\":\"Comment\",\"target\":[\"https:\/\/dicodusport.fr\/blog\/a-travers-les-hauts-de-france-2025-lara-gillespie-lemporte-au-sprint\/#respond\"]}],\"copyrightYear\":\"2025\",\"copyrightHolder\":{\"@id\":\"https:\/\/dicodusport.fr\/blog\/#organization\"}},{\"@type\":\"WebPage\",\"@id\":\"https:\/\/dicodusport.fr\/blog\/a-travers-les-hauts-de-france-2025-lara-gillespie-lemporte-au-sprint\/\",\"url\":\"https:\/\/dicodusport.fr\/blog\/a-travers-les-hauts-de-france-2025-lara-gillespie-lemporte-au-sprint\/\",\"name\":\"\u00c0 Travers les Hauts-de-France 2025 : Lara Gillespie l'emporte au sprint\",\"isPartOf\":{\"@id\":\"https:\/\/dicodusport.fr\/blog\/#website\"},\"primaryImageOfPage\":{\"@id\":\"https:\/\/dicodusport.fr\/blog\/a-travers-les-hauts-de-france-2025-lara-gillespie-lemporte-au-sprint\/#primaryimage\"},\"image\":{\"@id\":\"https:\/\/dicodusport.fr\/blog\/a-travers-les-hauts-de-france-2025-lara-gillespie-lemporte-au-sprint\/#primaryimage\"},\"thumbnailUrl\":\"https:\/\/dicodusport.fr\/blog\/wp-content\/uploads\/2025\/09\/A-Travers-les-Hauts-de-France-2025-Lara-Gillespie-lemporte-au-sprint.png\",\"datePublished\":\"2025-09-13T13:51:53+00:00\",\"dateModified\":\"2025-09-13T13:55:18+00:00\",\"description\":\"\u00c0 TRAVERS LES HAUTS-DE-FRANCE 2025 - Lara Gillespie (UAE Team ADQ) remporte la course nordiste au terme d'un sprint d\u00e9cousu.\",\"breadcrumb\":{\"@id\":\"https:\/\/dicodusport.fr\/blog\/a-travers-les-hauts-de-france-2025-lara-gillespie-lemporte-au-sprint\/#breadcrumb\"},\"inLanguage\":\"fr-FR\",\"potentialAction\":[{\"@type\":\"ReadAction\",\"target\":[\"https:\/\/dicodusport.fr\/blog\/a-travers-les-hauts-de-france-2025-lara-gillespie-lemporte-au-sprint\/\"]}]},{\"@type\":\"ImageObject\",\"inLanguage\":\"fr-FR\",\"@id\":\"https:\/\/dicodusport.fr\/blog\/a-travers-les-hauts-de-france-2025-lara-gillespie-lemporte-au-sprint\/#primaryimage\",\"url\":\"https:\/\/dicodusport.fr\/blog\/wp-content\/uploads\/2025\/09\/A-Travers-les-Hauts-de-France-2025-Lara-Gillespie-lemporte-au-sprint.png\",\"contentUrl\":\"https:\/\/dicodusport.fr\/blog\/wp-content\/uploads\/2025\/09\/A-Travers-les-Hauts-de-France-2025-Lara-Gillespie-lemporte-au-sprint.png\",\"width\":1200,\"height\":674,\"caption\":\"A Travers les Hauts de France 2025 : Lara Gillespie l'emporte au sprint\"},{\"@type\":\"BreadcrumbList\",\"@id\":\"https:\/\/dicodusport.fr\/blog\/a-travers-les-hauts-de-france-2025-lara-gillespie-lemporte-au-sprint\/#breadcrumb\",\"itemListElement\":[{\"@type\":\"ListItem\",\"position\":1,\"name\":\"Accueil\",\"item\":\"https:\/\/dicodusport.fr\/blog\/\"},{\"@type\":\"ListItem\",\"position\":2,\"name\":\"\u00c0 Travers les Hauts-de-France 2025 : Lara Gillespie l&#8217;emporte au sprint\"}]},{\"@type\":\"WebSite\",\"@id\":\"https:\/\/dicodusport.fr\/blog\/#website\",\"url\":\"https:\/\/dicodusport.fr\/blog\/\",\"name\":\"Dicodusport\",\"description\":\"L&#039;encyclop\u00e9die de l&#039;actualit\u00e9 sportive\",\"publisher\":{\"@id\":\"https:\/\/dicodusport.fr\/blog\/#organization\"},\"potentialAction\":[{\"@type\":\"SearchAction\",\"target\":{\"@type\":\"EntryPoint\",\"urlTemplate\":\"https:\/\/dicodusport.fr\/blog\/?s={search_term_string}\"},\"query-input\":{\"@type\":\"PropertyValueSpecification\",\"valueRequired\":true,\"valueName\":\"search_term_string\"}}],\"inLanguage\":\"fr-FR\"},{\"@type\":\"NewsMediaOrganization\",\"@id\":\"https:\/\/dicodusport.fr\/blog\/#organization\",\"name\":\"Dicodusport\",\"url\":\"https:\/\/dicodusport.fr\/blog\/\",\"logo\":{\"@type\":\"ImageObject\",\"inLanguage\":\"fr-FR\",\"@id\":\"https:\/\/dicodusport.fr\/blog\/#\/schema\/logo\/image\/\",\"url\":\"https:\/\/dicodusport.fr\/blog\/wp-content\/uploads\/2020\/06\/cropped-LOGO-DICODUSPORT-2020-SANS-FOND-SANS-TEXTE.png\",\"contentUrl\":\"https:\/\/dicodusport.fr\/blog\/wp-content\/uploads\/2020\/06\/cropped-LOGO-DICODUSPORT-2020-SANS-FOND-SANS-TEXTE.png\",\"width\":512,\"height\":512,\"caption\":\"Dicodusport\"},\"image\":{\"@id\":\"https:\/\/dicodusport.fr\/blog\/#\/schema\/logo\/image\/\"},\"sameAs\":[\"https:\/\/www.facebook.com\/dicodusport\",\"https:\/\/x.com\/dicodusport\",\"https:\/\/www.instagram.com\/dicodusport\/\",\"https:\/\/www.youtube.com\/channel\/UC7V2KZ5sd3htJivAbA4ZG3w\"],\"description\":\"Dicodusport est l'encyclop\u00e9die de l'actualit\u00e9 sportive.\",\"email\":\"bonjour@dicodusport.fr\",\"legalName\":\"DICODUSPORT\",\"foundingDate\":\"2018-01-14\",\"vatID\":\"FR71834470973\",\"taxID\":\"83447097300043\",\"numberOfEmployees\":{\"@type\":\"QuantitativeValue\",\"minValue\":\"1\",\"maxValue\":\"10\"}},{\"@type\":\"Person\",\"@id\":\"https:\/\/dicodusport.fr\/blog\/#\/schema\/person\/d603dd7da31fb2b46c82b9835a77ec13\",\"name\":\"Etienne Goursaud\",\"image\":{\"@type\":\"ImageObject\",\"inLanguage\":\"fr-FR\",\"@id\":\"https:\/\/dicodusport.fr\/blog\/#\/schema\/person\/image\/\",\"url\":\"https:\/\/dicodusport.fr\/blog\/wp-content\/uploads\/2023\/12\/410122264_10231602061736049_5565839791558026645_n-150x150.jpg\",\"contentUrl\":\"https:\/\/dicodusport.fr\/blog\/wp-content\/uploads\/2023\/12\/410122264_10231602061736049_5565839791558026645_n-150x150.jpg\",\"caption\":\"Etienne Goursaud\"},\"description\":\"Journaliste et amoureux de sport. Ancien footballeur reconverti athl\u00e8te quand ses muscles le laissent tranquille. \u00c9lev\u00e9 \u00e0 la sauce des exploits de Thomas Voeckler en 2004, du dernier essai de l\u00e9gende de Eunice Barber \u00e0 la longueur lors des championnats du monde d'athl\u00e9tisme de 2003 mais aussi Zidane, Omeyer et Titou Lamaison.\",\"url\":\"https:\/\/dicodusport.fr\/blog\/author\/etienne-goursaud\/\"}]}<\/script>\n<!-- \/ Yoast SEO Premium plugin. -->","yoast_head_json":{"title":"\u00c0 Travers les Hauts-de-France 2025 : Lara Gillespie l'emporte au sprint","description":"\u00c0 TRAVERS LES HAUTS-DE-FRANCE 2025 - Lara Gillespie (UAE Team ADQ) remporte la course nordiste au terme d'un sprint d\u00e9cousu.","robots":{"index":"index","follow":"follow","max-snippet":"max-snippet:-1","max-image-preview":"max-image-preview:large","max-video-preview":"max-video-preview:-1"},"canonical":"https:\/\/dicodusport.fr\/blog\/a-travers-les-hauts-de-france-2025-lara-gillespie-lemporte-au-sprint\/","og_locale":"fr_FR","og_type":"article","og_title":"\u00c0 Travers les Hauts-de-France 2025 : Lara Gillespie l'emporte au sprint","og_description":"\u00c0 TRAVERS LES HAUTS-DE-FRANCE 2025 - Lara Gillespie (UAE Team ADQ) remporte la course nordiste au terme d'un sprint d\u00e9cousu.","og_url":"https:\/\/dicodusport.fr\/blog\/a-travers-les-hauts-de-france-2025-lara-gillespie-lemporte-au-sprint\/","og_site_name":"Dicodusport","article_publisher":"https:\/\/www.facebook.com\/dicodusport","article_published_time":"2025-09-13T13:51:53+00:00","article_modified_time":"2025-09-13T13:55:18+00:00","og_image":[{"width":1200,"height":674,"url":"https:\/\/dicodusport.fr\/blog\/wp-content\/uploads\/2025\/09\/A-Travers-les-Hauts-de-France-2025-Lara-Gillespie-lemporte-au-sprint.png","type":"image\/png"}],"author":"Etienne Goursaud","twitter_card":"summary_large_image","twitter_title":"\u00c0 Travers les Hauts-de-France 2025 : Lara Gillespie l'emporte au sprint","twitter_creator":"@dicodusport","twitter_site":"@dicodusport","schema":{"@context":"https:\/\/schema.org","@graph":[{"@type":"NewsArticle","@id":"https:\/\/dicodusport.fr\/blog\/a-travers-les-hauts-de-france-2025-lara-gillespie-lemporte-au-sprint\/#article","isPartOf":{"@id":"https:\/\/dicodusport.fr\/blog\/a-travers-les-hauts-de-france-2025-lara-gillespie-lemporte-au-sprint\/"},"author":{"name":"Etienne Goursaud","@id":"https:\/\/dicodusport.fr\/blog\/#\/schema\/person\/d603dd7da31fb2b46c82b9835a77ec13"},"headline":"\u00c0 Travers les Hauts-de-France 2025 : Lara Gillespie l&#8217;emporte au sprint","datePublished":"2025-09-13T13:51:53+00:00","dateModified":"2025-09-13T13:55:18+00:00","mainEntityOfPage":{"@id":"https:\/\/dicodusport.fr\/blog\/a-travers-les-hauts-de-france-2025-lara-gillespie-lemporte-au-sprint\/"},"wordCount":429,"commentCount":0,"publisher":{"@id":"https:\/\/dicodusport.fr\/blog\/#organization"},"image":{"@id":"https:\/\/dicodusport.fr\/blog\/a-travers-les-hauts-de-france-2025-lara-gillespie-lemporte-au-sprint\/#primaryimage"},"thumbnailUrl":"https:\/\/dicodusport.fr\/blog\/wp-content\/uploads\/2025\/09\/A-Travers-les-Hauts-de-France-2025-Lara-Gillespie-lemporte-au-sprint.png","keywords":["br\u00e8ve","Cyclisme","Cyclisme sur route"],"articleSection":["Cyclisme sur route"],"inLanguage":"fr-FR","potentialAction":[{"@type":"CommentAction","name":"Comment","target":["https:\/\/dicodusport.fr\/blog\/a-travers-les-hauts-de-france-2025-lara-gillespie-lemporte-au-sprint\/#respond"]}],"copyrightYear":"2025","copyrightHolder":{"@id":"https:\/\/dicodusport.fr\/blog\/#organization"}},{"@type":"WebPage","@id":"https:\/\/dicodusport.fr\/blog\/a-travers-les-hauts-de-france-2025-lara-gillespie-lemporte-au-sprint\/","url":"https:\/\/dicodusport.fr\/blog\/a-travers-les-hauts-de-france-2025-lara-gillespie-lemporte-au-sprint\/","name":"\u00c0 Travers les Hauts-de-France 2025 : Lara Gillespie l'emporte au sprint","isPartOf":{"@id":"https:\/\/dicodusport.fr\/blog\/#website"},"primaryImageOfPage":{"@id":"https:\/\/dicodusport.fr\/blog\/a-travers-les-hauts-de-france-2025-lara-gillespie-lemporte-au-sprint\/#primaryimage"},"image":{"@id":"https:\/\/dicodusport.fr\/blog\/a-travers-les-hauts-de-france-2025-lara-gillespie-lemporte-au-sprint\/#primaryimage"},"thumbnailUrl":"https:\/\/dicodusport.fr\/blog\/wp-content\/uploads\/2025\/09\/A-Travers-les-Hauts-de-France-2025-Lara-Gillespie-lemporte-au-sprint.png","datePublished":"2025-09-13T13:51:53+00:00","dateModified":"2025-09-13T13:55:18+00:00","description":"\u00c0 TRAVERS LES HAUTS-DE-FRANCE 2025 - Lara Gillespie (UAE Team ADQ) remporte la course nordiste au terme d'un sprint d\u00e9cousu.","breadcrumb":{"@id":"https:\/\/dicodusport.fr\/blog\/a-travers-les-hauts-de-france-2025-lara-gillespie-lemporte-au-sprint\/#breadcrumb"},"inLanguage":"fr-FR","potentialAction":[{"@type":"ReadAction","target":["https:\/\/dicodusport.fr\/blog\/a-travers-les-hauts-de-france-2025-lara-gillespie-lemporte-au-sprint\/"]}]},{"@type":"ImageObject","inLanguage":"fr-FR","@id":"https:\/\/dicodusport.fr\/blog\/a-travers-les-hauts-de-france-2025-lara-gillespie-lemporte-au-sprint\/#primaryimage","url":"https:\/\/dicodusport.fr\/blog\/wp-content\/uploads\/2025\/09\/A-Travers-les-Hauts-de-France-2025-Lara-Gillespie-lemporte-au-sprint.png","contentUrl":"https:\/\/dicodusport.fr\/blog\/wp-content\/uploads\/2025\/09\/A-Travers-les-Hauts-de-France-2025-Lara-Gillespie-lemporte-au-sprint.png","width":1200,"height":674,"caption":"A Travers les Hauts de France 2025 : Lara Gillespie l'emporte au sprint"},{"@type":"BreadcrumbList","@id":"https:\/\/dicodusport.fr\/blog\/a-travers-les-hauts-de-france-2025-lara-gillespie-lemporte-au-sprint\/#breadcrumb","itemListElement":[{"@type":"ListItem","position":1,"name":"Accueil","item":"https:\/\/dicodusport.fr\/blog\/"},{"@type":"ListItem","position":2,"name":"\u00c0 Travers les Hauts-de-France 2025 : Lara Gillespie l&#8217;emporte au sprint"}]},{"@type":"WebSite","@id":"https:\/\/dicodusport.fr\/blog\/#website","url":"https:\/\/dicodusport.fr\/blog\/","name":"Dicodusport","description":"L&#039;encyclop\u00e9die de l&#039;actualit\u00e9 sportive","publisher":{"@id":"https:\/\/dicodusport.fr\/blog\/#organization"},"potentialAction":[{"@type":"SearchAction","target":{"@type":"EntryPoint","urlTemplate":"https:\/\/dicodusport.fr\/blog\/?s={search_term_string}"},"query-input":{"@type":"PropertyValueSpecification","valueRequired":true,"valueName":"search_term_string"}}],"inLanguage":"fr-FR"},{"@type":"NewsMediaOrganization","@id":"https:\/\/dicodusport.fr\/blog\/#organization","name":"Dicodusport","url":"https:\/\/dicodusport.fr\/blog\/","logo":{"@type":"ImageObject","inLanguage":"fr-FR","@id":"https:\/\/dicodusport.fr\/blog\/#\/schema\/logo\/image\/","url":"https:\/\/dicodusport.fr\/blog\/wp-content\/uploads\/2020\/06\/cropped-LOGO-DICODUSPORT-2020-SANS-FOND-SANS-TEXTE.png","contentUrl":"https:\/\/dicodusport.fr\/blog\/wp-content\/uploads\/2020\/06\/cropped-LOGO-DICODUSPORT-2020-SANS-FOND-SANS-TEXTE.png","width":512,"height":512,"caption":"Dicodusport"},"image":{"@id":"https:\/\/dicodusport.fr\/blog\/#\/schema\/logo\/image\/"},"sameAs":["https:\/\/www.facebook.com\/dicodusport","https:\/\/x.com\/dicodusport","https:\/\/www.instagram.com\/dicodusport\/","https:\/\/www.youtube.com\/channel\/UC7V2KZ5sd3htJivAbA4ZG3w"],"description":"Dicodusport est l'encyclop\u00e9die de l'actualit\u00e9 sportive.","email":"bonjour@dicodusport.fr","legalName":"DICODUSPORT","foundingDate":"2018-01-14","vatID":"FR71834470973","taxID":"83447097300043","numberOfEmployees":{"@type":"QuantitativeValue","minValue":"1","maxValue":"10"}},{"@type":"Person","@id":"https:\/\/dicodusport.fr\/blog\/#\/schema\/person\/d603dd7da31fb2b46c82b9835a77ec13","name":"Etienne Goursaud","image":{"@type":"ImageObject","inLanguage":"fr-FR","@id":"https:\/\/dicodusport.fr\/blog\/#\/schema\/person\/image\/","url":"https:\/\/dicodusport.fr\/blog\/wp-content\/uploads\/2023\/12\/410122264_10231602061736049_5565839791558026645_n-150x150.jpg","contentUrl":"https:\/\/dicodusport.fr\/blog\/wp-content\/uploads\/2023\/12\/410122264_10231602061736049_5565839791558026645_n-150x150.jpg","caption":"Etienne Goursaud"},"description":"Journaliste et amoureux de sport. Ancien footballeur reconverti athl\u00e8te quand ses muscles le laissent tranquille. \u00c9lev\u00e9 \u00e0 la sauce des exploits de Thomas Voeckler en 2004, du dernier essai de l\u00e9gende de Eunice Barber \u00e0 la longueur lors des championnats du monde d'athl\u00e9tisme de 2003 mais aussi Zidane, Omeyer et Titou Lamaison.","url":"https:\/\/dicodusport.fr\/blog\/author\/etienne-goursaud\/"}]}},"_links":{"self":[{"href":"https:\/\/dicodusport.fr\/blog\/wp-json\/wp\/v2\/posts\/610510","targetHints":{"allow":["GET"]}}],"collection":[{"href":"https:\/\/dicodusport.fr\/blog\/wp-json\/wp\/v2\/posts"}],"about":[{"href":"https:\/\/dicodusport.fr\/blog\/wp-json\/wp\/v2\/types\/post"}],"author":[{"embeddable":true,"href":"https:\/\/dicodusport.fr\/blog\/wp-json\/wp\/v2\/users\/83"}],"replies":[{"embeddable":true,"href":"https:\/\/dicodusport.fr\/blog\/wp-json\/wp\/v2\/comments?post=610510"}],"version-history":[{"count":3,"href":"https:\/\/dicodusport.fr\/blog\/wp-json\/wp\/v2\/posts\/610510\/revisions"}],"predecessor-version":[{"id":610603,"href":"https:\/\/dicodusport.fr\/blog\/wp-json\/wp\/v2\/posts\/610510\/revisions\/610603"}],"wp:featuredmedia":[{"embeddable":true,"href":"https:\/\/dicodusport.fr\/blog\/wp-json\/wp\/v2\/media\/610597"}],"wp:attachment":[{"href":"https:\/\/dicodusport.fr\/blog\/wp-json\/wp\/v2\/media?parent=610510"}],"wp:term":[{"taxonomy":"category","embeddable":true,"href":"https:\/\/dicodusport.fr\/blog\/wp-json\/wp\/v2\/categories?post=610510"},{"taxonomy":"post_tag","embeddable":true,"href":"https:\/\/dicodusport.fr\/blog\/wp-json\/wp\/v2\/tags?post=610510"}],"curies":[{"name":"wp","href":"https:\/\/api.w.org\/{rel}","templated":true}]}}