{"id":610517,"date":"2025-09-13T15:25:42","date_gmt":"2025-09-13T13:25:42","guid":{"rendered":"https:\/\/dicodusport.fr\/blog\/?p=610517&#038;preview=true&#038;preview_id=610517"},"modified":"2025-09-13T16:45:19","modified_gmt":"2025-09-13T14:45:19","slug":"championnats-du-monde-de-vtt-2025-jenny-rissveds-remporte-le-xco-et-soffre-un-premier-titre-mondial","status":"publish","type":"post","link":"https:\/\/dicodusport.fr\/blog\/championnats-du-monde-de-vtt-2025-jenny-rissveds-remporte-le-xco-et-soffre-un-premier-titre-mondial\/","title":{"rendered":"Championnats du monde de VTT 2025 : Jenny Rissveds remporte le XCO et s&rsquo;offre un premier titre mondial"},"content":{"rendered":"<p style=\"text-align: justify;\"><strong><em>CHAMPIONNATS DU MONDE DE VTT 2025 &#8211; En patronne, Jenny Rissveds est all\u00e9e chercher son premier titre mondial chez les \u00e9lites, \u00e0 Crans-Montana. Samara Maxwell prend l&rsquo;argent, Alessandra Keller le bronze.<\/em><\/strong><\/p>\n<ul style=\"text-align: justify;\">\n<li><strong>\u00c0 ce sujet \u2013\u00a0<a href=\"https:\/\/dicodusport.fr\/blog\/mondiaux-de-vtt-2025-programme-horaires-et-resultats\/\">VTT Championnats du monde 2025 : Programme, Horaires et R\u00e9sultats<\/a>\u00a0<\/strong><\/li>\n<\/ul>\n<p style=\"text-align: justify;\"><span style=\"font-weight: 400;\">C&rsquo;\u00e9tait au tour des \u00e9lites femmes de re-d\u00e9couvrir le trac\u00e9 de Crans-Montana. Un circuit ultra-complet o\u00f9 la polyvalence prime, r\u00e9compensant les meilleures v\u00e9t\u00e9tistes. L&rsquo;an pass\u00e9, lors de l&rsquo;\u00e9tape de Coupe du monde, <\/span><b>Loana Lecomte <\/b><span style=\"font-weight: 400;\">s&rsquo;\u00e9tait impos\u00e9e avec la mani\u00e8re. Cette fois, pas de Fran\u00e7aise aux avant-postes, mais une Su\u00e9doise qui est entr\u00e9e encore un peu plus dans la l\u00e9gende. <\/span><b>Jenny Rissveds <\/b><span style=\"font-weight: 400;\">est d\u00e9sormais championne d&rsquo;Europe, olympique et du monde, avec 11 victoires en prime sur la Coupe du monde. <\/span><b>Samara Maxwell <\/b><span style=\"font-weight: 400;\">n&rsquo;a pas r\u00e9ussi \u00e0 rattraper la t\u00eate dans le dernier tour, mais a apport\u00e9 une m\u00e9daille historique \u00e0 son pays.<\/span><\/p>\n<blockquote class=\"twitter-tweet\">\n<p dir=\"ltr\" lang=\"en\">Remarkable from Rissveds \ud83d\ude4c<\/p>\n<p>The Swedish rider takes \ud83e\udd47\ud83c\udf08 at the 2025 UCI MTB World Championships in <a href=\"https:\/\/twitter.com\/hashtag\/CransMontana?src=hash&amp;ref_src=twsrc%5Etfw\">#CransMontana<\/a> <a href=\"https:\/\/twitter.com\/hashtag\/Valais2025?src=hash&amp;ref_src=twsrc%5Etfw\">#Valais2025<\/a> <a href=\"https:\/\/t.co\/wt8YMZukkx\">pic.twitter.com\/wt8YMZukkx<\/a><\/p>\n<p>\u2014 UCI MTB (@UCI_MTB) <a href=\"https:\/\/twitter.com\/UCI_MTB\/status\/1966855004700242399?ref_src=twsrc%5Etfw\">September 13, 2025<\/a><\/p><\/blockquote>\n<p style=\"text-align: justify;\"><script async src=\"https:\/\/platform.twitter.com\/widgets.js\" charset=\"utf-8\"><\/script><\/p>\n<h2 style=\"text-align: justify;\">Meilleure entame et meilleur finish pour Rissveds<\/h2>\n<p style=\"text-align: justify;\"><b>Jenny Rissveds <\/b><span style=\"font-weight: 400;\">a r\u00e9alis\u00e9 le meilleur d\u00e9part lors de ce XCO. En grande forme cette saison, la Su\u00e9doise a pris quelques m\u00e8tres d&rsquo;avance d\u00e8s les premi\u00e8res pentes. Un groupe de favorites s&rsquo;est lanc\u00e9 \u00e0 sa poursuite avec, entre autres, <\/span><b>Samara Maxwell, Puck Pieterse <\/b><span style=\"font-weight: 400;\">ou encore <\/span><b>Alessandra Keller<\/b><span style=\"font-weight: 400;\">. La championne olympique 2016 a r\u00e9ussi \u00e0 se cr\u00e9er un \u00e9cart de 13 secondes dans la premi\u00e8re des 7 boucles. Un trio s&rsquo;est ensuite form\u00e9 et a pris une option pour la m\u00e9daille. <\/span><b>Rissveds, Keller <\/b><span style=\"font-weight: 400;\">et <\/span><b>Maxwell <\/b><span style=\"font-weight: 400;\">se sont isol\u00e9es avec <\/span><b>Evie Richards <\/b><span style=\"font-weight: 400;\">faisant le yo-yo, durant un temps. \u00c0 mi-parcours, l&rsquo;incertitude \u00e9tait encore grande quant \u00e0 la future porteuse du maillot arc-en-ciel.<\/span><\/p>\n<ul style=\"text-align: justify;\">\n<li><strong>\u00c0 ce sujet \u2013\u00a0<a href=\"https:\/\/dicodusport.fr\/blog\/mondiaux-vtt-2025-classement-xco-femmes\/\">Mondiaux VTT 2025 : Classement XCO femmes<\/a><\/strong><\/li>\n<\/ul>\n<p style=\"text-align: justify;\"><span style=\"font-weight: 400;\">Pendant ce temps-l\u00e0, c&rsquo;est soupe \u00e0 la grimace dans le clan fran\u00e7ais. <\/span><b>Lena Gerault<\/b><span style=\"font-weight: 400;\">, malade toute la nuit, n&rsquo;a pas pris le d\u00e9part de la course. Partie correctement, <\/span><b>Loana Lecomte <\/b><span style=\"font-weight: 400;\">a finalement abandonn\u00e9 dans le 2e tour \u00e0 cause d&rsquo;un manque d&rsquo;\u00e9nergie, d&rsquo;apr\u00e8s le s\u00e9lectionneur historique des Bleus, <\/span><b>Yvan Clolus<\/b><span style=\"font-weight: 400;\">. Aucune tricolore n&rsquo;a donc franchi la ligne d&rsquo;arriv\u00e9e. Le moment cl\u00e9 de la course s&rsquo;est d\u00e9roul\u00e9 dans le 5\u00e8me tour. <\/span><b>Jenny Rissveds <\/b><span style=\"font-weight: 400;\">a port\u00e9 une nouvelle attaque et a l\u00e9g\u00e8rement l\u00e2ch\u00e9 ses deux adversaires. Un \u00e9cart s&rsquo;est construit petit \u00e0 petit, des secondes gratt\u00e9es kilom\u00e8tre par kilom\u00e8tre. Seule <\/span><b>Samara Maxwell <\/b><span style=\"font-weight: 400;\">a \u00e9t\u00e9 en mesure de garder le rythme, <\/span><b>Keller <\/b><span style=\"font-weight: 400;\">perdant du terrain. Les positions se sont donc bien fig\u00e9es dans cette fin de XCO. C&rsquo;est un premier titre pour la Su\u00e8de, une premi\u00e8re m\u00e9daille pour la Nouvelle-Z\u00e9lande et une 2e breloque cette semaine pour <\/span><b>Alessandra Keller<\/b><span style=\"font-weight: 400;\">, titr\u00e9e en XCC. <\/span><b>Evie Richards <\/b><span style=\"font-weight: 400;\">est rest\u00e9e 4\u00e8me.<\/span><\/p>\n","protected":false},"excerpt":{"rendered":"<p>CHAMPIONNATS DU MONDE DE VTT 2025 &#8211; En patronne, Jenny Rissveds est all\u00e9e chercher son premier titre mondial chez les \u00e9lites, \u00e0 Crans-Montana. Samara Maxwell prend l&rsquo;argent, Alessandra Keller le bronze.<\/p>\n","protected":false},"author":61,"featured_media":610629,"comment_status":"open","ping_status":"closed","sticky":false,"template":"","format":"standard","meta":{"_acf_changed":false,"_daextam_enable_autolinks":"1","footnotes":""},"categories":[10279],"tags":[16878,18758,692],"class_list":["post-610517","post","type-post","status-publish","format-standard","has-post-thumbnail","hentry","category-vtt","tag-breve","tag-championnats-du-monde-de-vtt","tag-vtt"],"acf":[],"yoast_head":"<!-- This site is optimized with the Yoast SEO Premium plugin v26.7 (Yoast SEO v26.7) - https:\/\/yoast.com\/wordpress\/plugins\/seo\/ -->\n<title>Championnats du monde de VTT 2025 : Jenny Rissveds remporte le XCO et s&#039;offre un premier titre mondial<\/title>\n<meta name=\"description\" content=\"CHAMPIONNATS DU MONDE DE VTT 2025 - En patronne, Jenny Rissveds est all\u00e9e chercher son premier titre mondial chez les \u00e9lites.\" \/>\n<meta name=\"robots\" content=\"index, follow, max-snippet:-1, max-image-preview:large, max-video-preview:-1\" \/>\n<link rel=\"canonical\" href=\"https:\/\/dicodusport.fr\/blog\/championnats-du-monde-de-vtt-2025-jenny-rissveds-remporte-le-xco-et-soffre-un-premier-titre-mondial\/\" \/>\n<meta property=\"og:locale\" content=\"fr_FR\" \/>\n<meta property=\"og:type\" content=\"article\" \/>\n<meta property=\"og:title\" content=\"Championnats du monde de VTT 2025 : Jenny Rissveds remporte le XCO et s&#039;offre un premier titre mondial\" \/>\n<meta property=\"og:description\" content=\"CHAMPIONNATS DU MONDE DE VTT 2025 - En patronne, Jenny Rissveds est all\u00e9e chercher son premier titre mondial chez les \u00e9lites.\" \/>\n<meta property=\"og:url\" content=\"https:\/\/dicodusport.fr\/blog\/championnats-du-monde-de-vtt-2025-jenny-rissveds-remporte-le-xco-et-soffre-un-premier-titre-mondial\/\" \/>\n<meta property=\"og:site_name\" content=\"Dicodusport\" \/>\n<meta property=\"article:publisher\" content=\"https:\/\/www.facebook.com\/dicodusport\" \/>\n<meta property=\"article:published_time\" content=\"2025-09-13T13:25:42+00:00\" \/>\n<meta property=\"article:modified_time\" content=\"2025-09-13T14:45:19+00:00\" \/>\n<meta property=\"og:image\" content=\"https:\/\/dicodusport.fr\/blog\/wp-content\/uploads\/2025\/09\/Championnats-du-monde-de-VTT-2025-Jenny-Rissveds-remporte-le-XCO-et-soffre-un-premier-titre-mondial-2.png\" \/>\n\t<meta property=\"og:image:width\" content=\"1200\" \/>\n\t<meta property=\"og:image:height\" content=\"674\" \/>\n\t<meta property=\"og:image:type\" content=\"image\/png\" \/>\n<meta name=\"author\" content=\"Pierre Gorce\" \/>\n<meta name=\"twitter:card\" content=\"summary_large_image\" \/>\n<meta name=\"twitter:title\" content=\"Championnats du monde de VTT 2025 : Jenny Rissveds remporte le XCO et s&#039;offre un premier titre mondial\" \/>\n<meta name=\"twitter:creator\" content=\"@https:\/\/twitter.com\/pierregorce12\" \/>\n<meta name=\"twitter:site\" content=\"@dicodusport\" \/>\n<script type=\"application\/ld+json\" class=\"yoast-schema-graph\">{\"@context\":\"https:\/\/schema.org\",\"@graph\":[{\"@type\":\"NewsArticle\",\"@id\":\"https:\/\/dicodusport.fr\/blog\/championnats-du-monde-de-vtt-2025-jenny-rissveds-remporte-le-xco-et-soffre-un-premier-titre-mondial\/#article\",\"isPartOf\":{\"@id\":\"https:\/\/dicodusport.fr\/blog\/championnats-du-monde-de-vtt-2025-jenny-rissveds-remporte-le-xco-et-soffre-un-premier-titre-mondial\/\"},\"author\":{\"name\":\"Pierre Gorce\",\"@id\":\"https:\/\/dicodusport.fr\/blog\/#\/schema\/person\/0eaf70b33d703a1a66b1155ac1bda018\"},\"headline\":\"Championnats du monde de VTT 2025 : Jenny Rissveds remporte le XCO et s&rsquo;offre un premier titre mondial\",\"datePublished\":\"2025-09-13T13:25:42+00:00\",\"dateModified\":\"2025-09-13T14:45:19+00:00\",\"mainEntityOfPage\":{\"@id\":\"https:\/\/dicodusport.fr\/blog\/championnats-du-monde-de-vtt-2025-jenny-rissveds-remporte-le-xco-et-soffre-un-premier-titre-mondial\/\"},\"wordCount\":515,\"commentCount\":0,\"publisher\":{\"@id\":\"https:\/\/dicodusport.fr\/blog\/#organization\"},\"image\":{\"@id\":\"https:\/\/dicodusport.fr\/blog\/championnats-du-monde-de-vtt-2025-jenny-rissveds-remporte-le-xco-et-soffre-un-premier-titre-mondial\/#primaryimage\"},\"thumbnailUrl\":\"https:\/\/dicodusport.fr\/blog\/wp-content\/uploads\/2025\/09\/Championnats-du-monde-de-VTT-2025-Jenny-Rissveds-remporte-le-XCO-et-soffre-un-premier-titre-mondial-2.png\",\"keywords\":[\"br\u00e8ve\",\"Championnats du monde de VTT\",\"VTT\"],\"articleSection\":[\"VTT\"],\"inLanguage\":\"fr-FR\",\"potentialAction\":[{\"@type\":\"CommentAction\",\"name\":\"Comment\",\"target\":[\"https:\/\/dicodusport.fr\/blog\/championnats-du-monde-de-vtt-2025-jenny-rissveds-remporte-le-xco-et-soffre-un-premier-titre-mondial\/#respond\"]}],\"copyrightYear\":\"2025\",\"copyrightHolder\":{\"@id\":\"https:\/\/dicodusport.fr\/blog\/#organization\"}},{\"@type\":\"WebPage\",\"@id\":\"https:\/\/dicodusport.fr\/blog\/championnats-du-monde-de-vtt-2025-jenny-rissveds-remporte-le-xco-et-soffre-un-premier-titre-mondial\/\",\"url\":\"https:\/\/dicodusport.fr\/blog\/championnats-du-monde-de-vtt-2025-jenny-rissveds-remporte-le-xco-et-soffre-un-premier-titre-mondial\/\",\"name\":\"Championnats du monde de VTT 2025 : Jenny Rissveds remporte le XCO et s'offre un premier titre mondial\",\"isPartOf\":{\"@id\":\"https:\/\/dicodusport.fr\/blog\/#website\"},\"primaryImageOfPage\":{\"@id\":\"https:\/\/dicodusport.fr\/blog\/championnats-du-monde-de-vtt-2025-jenny-rissveds-remporte-le-xco-et-soffre-un-premier-titre-mondial\/#primaryimage\"},\"image\":{\"@id\":\"https:\/\/dicodusport.fr\/blog\/championnats-du-monde-de-vtt-2025-jenny-rissveds-remporte-le-xco-et-soffre-un-premier-titre-mondial\/#primaryimage\"},\"thumbnailUrl\":\"https:\/\/dicodusport.fr\/blog\/wp-content\/uploads\/2025\/09\/Championnats-du-monde-de-VTT-2025-Jenny-Rissveds-remporte-le-XCO-et-soffre-un-premier-titre-mondial-2.png\",\"datePublished\":\"2025-09-13T13:25:42+00:00\",\"dateModified\":\"2025-09-13T14:45:19+00:00\",\"description\":\"CHAMPIONNATS DU MONDE DE VTT 2025 - En patronne, Jenny Rissveds est all\u00e9e chercher son premier titre mondial chez les \u00e9lites.\",\"breadcrumb\":{\"@id\":\"https:\/\/dicodusport.fr\/blog\/championnats-du-monde-de-vtt-2025-jenny-rissveds-remporte-le-xco-et-soffre-un-premier-titre-mondial\/#breadcrumb\"},\"inLanguage\":\"fr-FR\",\"potentialAction\":[{\"@type\":\"ReadAction\",\"target\":[\"https:\/\/dicodusport.fr\/blog\/championnats-du-monde-de-vtt-2025-jenny-rissveds-remporte-le-xco-et-soffre-un-premier-titre-mondial\/\"]}]},{\"@type\":\"ImageObject\",\"inLanguage\":\"fr-FR\",\"@id\":\"https:\/\/dicodusport.fr\/blog\/championnats-du-monde-de-vtt-2025-jenny-rissveds-remporte-le-xco-et-soffre-un-premier-titre-mondial\/#primaryimage\",\"url\":\"https:\/\/dicodusport.fr\/blog\/wp-content\/uploads\/2025\/09\/Championnats-du-monde-de-VTT-2025-Jenny-Rissveds-remporte-le-XCO-et-soffre-un-premier-titre-mondial-2.png\",\"contentUrl\":\"https:\/\/dicodusport.fr\/blog\/wp-content\/uploads\/2025\/09\/Championnats-du-monde-de-VTT-2025-Jenny-Rissveds-remporte-le-XCO-et-soffre-un-premier-titre-mondial-2.png\",\"width\":1200,\"height\":674,\"caption\":\"Championnats du monde de VTT 2025 Jenny Rissveds remporte le XCO et s'offre un premier titre mondial\"},{\"@type\":\"BreadcrumbList\",\"@id\":\"https:\/\/dicodusport.fr\/blog\/championnats-du-monde-de-vtt-2025-jenny-rissveds-remporte-le-xco-et-soffre-un-premier-titre-mondial\/#breadcrumb\",\"itemListElement\":[{\"@type\":\"ListItem\",\"position\":1,\"name\":\"Accueil\",\"item\":\"https:\/\/dicodusport.fr\/blog\/\"},{\"@type\":\"ListItem\",\"position\":2,\"name\":\"Championnats du monde de VTT 2025 : Jenny Rissveds remporte le XCO et s&rsquo;offre un premier titre mondial\"}]},{\"@type\":\"WebSite\",\"@id\":\"https:\/\/dicodusport.fr\/blog\/#website\",\"url\":\"https:\/\/dicodusport.fr\/blog\/\",\"name\":\"Dicodusport\",\"description\":\"L&#039;encyclop\u00e9die de l&#039;actualit\u00e9 sportive\",\"publisher\":{\"@id\":\"https:\/\/dicodusport.fr\/blog\/#organization\"},\"potentialAction\":[{\"@type\":\"SearchAction\",\"target\":{\"@type\":\"EntryPoint\",\"urlTemplate\":\"https:\/\/dicodusport.fr\/blog\/?s={search_term_string}\"},\"query-input\":{\"@type\":\"PropertyValueSpecification\",\"valueRequired\":true,\"valueName\":\"search_term_string\"}}],\"inLanguage\":\"fr-FR\"},{\"@type\":\"NewsMediaOrganization\",\"@id\":\"https:\/\/dicodusport.fr\/blog\/#organization\",\"name\":\"Dicodusport\",\"url\":\"https:\/\/dicodusport.fr\/blog\/\",\"logo\":{\"@type\":\"ImageObject\",\"inLanguage\":\"fr-FR\",\"@id\":\"https:\/\/dicodusport.fr\/blog\/#\/schema\/logo\/image\/\",\"url\":\"https:\/\/dicodusport.fr\/blog\/wp-content\/uploads\/2020\/06\/cropped-LOGO-DICODUSPORT-2020-SANS-FOND-SANS-TEXTE.png\",\"contentUrl\":\"https:\/\/dicodusport.fr\/blog\/wp-content\/uploads\/2020\/06\/cropped-LOGO-DICODUSPORT-2020-SANS-FOND-SANS-TEXTE.png\",\"width\":512,\"height\":512,\"caption\":\"Dicodusport\"},\"image\":{\"@id\":\"https:\/\/dicodusport.fr\/blog\/#\/schema\/logo\/image\/\"},\"sameAs\":[\"https:\/\/www.facebook.com\/dicodusport\",\"https:\/\/x.com\/dicodusport\",\"https:\/\/www.instagram.com\/dicodusport\/\",\"https:\/\/www.youtube.com\/channel\/UC7V2KZ5sd3htJivAbA4ZG3w\"],\"description\":\"Dicodusport est l'encyclop\u00e9die de l'actualit\u00e9 sportive.\",\"email\":\"bonjour@dicodusport.fr\",\"legalName\":\"DICODUSPORT\",\"foundingDate\":\"2018-01-14\",\"vatID\":\"FR71834470973\",\"taxID\":\"83447097300043\",\"numberOfEmployees\":{\"@type\":\"QuantitativeValue\",\"minValue\":\"1\",\"maxValue\":\"10\"}},{\"@type\":\"Person\",\"@id\":\"https:\/\/dicodusport.fr\/blog\/#\/schema\/person\/0eaf70b33d703a1a66b1155ac1bda018\",\"name\":\"Pierre Gorce\",\"image\":{\"@type\":\"ImageObject\",\"inLanguage\":\"fr-FR\",\"@id\":\"https:\/\/dicodusport.fr\/blog\/#\/schema\/person\/image\/\",\"url\":\"https:\/\/dicodusport.fr\/blog\/wp-content\/uploads\/2022\/03\/IMG_20211214_233053_722-150x150.jpg\",\"contentUrl\":\"https:\/\/dicodusport.fr\/blog\/wp-content\/uploads\/2022\/03\/IMG_20211214_233053_722-150x150.jpg\",\"caption\":\"Pierre Gorce\"},\"description\":\"Couteau suisse venant tout droit de Haute-Savoie. Habitu\u00e9 \u00e0 regarder du sport depuis petit, j'en ai maintenant fait mon m\u00e9tier. Des sports d'hiver au surf, en passant par le tennis, la F1, le handball et l'athl\u00e9tisme, j'essaie d'avoir mes yeux sur l'enti\u00e8ret\u00e9 de l'actualit\u00e9. Jeune homme berc\u00e9 par les exploits de Jean-Baptiste Grange, Sebastian Vettel et des Experts. Membre de la g\u00e9n\u00e9ration 1999 comme Luka Doncic, Sydney McLaughlin, Lando Norris et Loana Lecomte, mais avec beaucoup moins de talent qu'eux.\",\"sameAs\":[\"https:\/\/x.com\/https:\/\/twitter.com\/pierregorce12\"],\"birthDate\":\"1999-08-29\",\"url\":\"https:\/\/dicodusport.fr\/blog\/author\/pierreg\/\"}]}<\/script>\n<!-- \/ Yoast SEO Premium plugin. -->","yoast_head_json":{"title":"Championnats du monde de VTT 2025 : Jenny Rissveds remporte le XCO et s'offre un premier titre mondial","description":"CHAMPIONNATS DU MONDE DE VTT 2025 - En patronne, Jenny Rissveds est all\u00e9e chercher son premier titre mondial chez les \u00e9lites.","robots":{"index":"index","follow":"follow","max-snippet":"max-snippet:-1","max-image-preview":"max-image-preview:large","max-video-preview":"max-video-preview:-1"},"canonical":"https:\/\/dicodusport.fr\/blog\/championnats-du-monde-de-vtt-2025-jenny-rissveds-remporte-le-xco-et-soffre-un-premier-titre-mondial\/","og_locale":"fr_FR","og_type":"article","og_title":"Championnats du monde de VTT 2025 : Jenny Rissveds remporte le XCO et s'offre un premier titre mondial","og_description":"CHAMPIONNATS DU MONDE DE VTT 2025 - En patronne, Jenny Rissveds est all\u00e9e chercher son premier titre mondial chez les \u00e9lites.","og_url":"https:\/\/dicodusport.fr\/blog\/championnats-du-monde-de-vtt-2025-jenny-rissveds-remporte-le-xco-et-soffre-un-premier-titre-mondial\/","og_site_name":"Dicodusport","article_publisher":"https:\/\/www.facebook.com\/dicodusport","article_published_time":"2025-09-13T13:25:42+00:00","article_modified_time":"2025-09-13T14:45:19+00:00","og_image":[{"width":1200,"height":674,"url":"https:\/\/dicodusport.fr\/blog\/wp-content\/uploads\/2025\/09\/Championnats-du-monde-de-VTT-2025-Jenny-Rissveds-remporte-le-XCO-et-soffre-un-premier-titre-mondial-2.png","type":"image\/png"}],"author":"Pierre Gorce","twitter_card":"summary_large_image","twitter_title":"Championnats du monde de VTT 2025 : Jenny Rissveds remporte le XCO et s'offre un premier titre mondial","twitter_creator":"@https:\/\/twitter.com\/pierregorce12","twitter_site":"@dicodusport","schema":{"@context":"https:\/\/schema.org","@graph":[{"@type":"NewsArticle","@id":"https:\/\/dicodusport.fr\/blog\/championnats-du-monde-de-vtt-2025-jenny-rissveds-remporte-le-xco-et-soffre-un-premier-titre-mondial\/#article","isPartOf":{"@id":"https:\/\/dicodusport.fr\/blog\/championnats-du-monde-de-vtt-2025-jenny-rissveds-remporte-le-xco-et-soffre-un-premier-titre-mondial\/"},"author":{"name":"Pierre Gorce","@id":"https:\/\/dicodusport.fr\/blog\/#\/schema\/person\/0eaf70b33d703a1a66b1155ac1bda018"},"headline":"Championnats du monde de VTT 2025 : Jenny Rissveds remporte le XCO et s&rsquo;offre un premier titre mondial","datePublished":"2025-09-13T13:25:42+00:00","dateModified":"2025-09-13T14:45:19+00:00","mainEntityOfPage":{"@id":"https:\/\/dicodusport.fr\/blog\/championnats-du-monde-de-vtt-2025-jenny-rissveds-remporte-le-xco-et-soffre-un-premier-titre-mondial\/"},"wordCount":515,"commentCount":0,"publisher":{"@id":"https:\/\/dicodusport.fr\/blog\/#organization"},"image":{"@id":"https:\/\/dicodusport.fr\/blog\/championnats-du-monde-de-vtt-2025-jenny-rissveds-remporte-le-xco-et-soffre-un-premier-titre-mondial\/#primaryimage"},"thumbnailUrl":"https:\/\/dicodusport.fr\/blog\/wp-content\/uploads\/2025\/09\/Championnats-du-monde-de-VTT-2025-Jenny-Rissveds-remporte-le-XCO-et-soffre-un-premier-titre-mondial-2.png","keywords":["br\u00e8ve","Championnats du monde de VTT","VTT"],"articleSection":["VTT"],"inLanguage":"fr-FR","potentialAction":[{"@type":"CommentAction","name":"Comment","target":["https:\/\/dicodusport.fr\/blog\/championnats-du-monde-de-vtt-2025-jenny-rissveds-remporte-le-xco-et-soffre-un-premier-titre-mondial\/#respond"]}],"copyrightYear":"2025","copyrightHolder":{"@id":"https:\/\/dicodusport.fr\/blog\/#organization"}},{"@type":"WebPage","@id":"https:\/\/dicodusport.fr\/blog\/championnats-du-monde-de-vtt-2025-jenny-rissveds-remporte-le-xco-et-soffre-un-premier-titre-mondial\/","url":"https:\/\/dicodusport.fr\/blog\/championnats-du-monde-de-vtt-2025-jenny-rissveds-remporte-le-xco-et-soffre-un-premier-titre-mondial\/","name":"Championnats du monde de VTT 2025 : Jenny Rissveds remporte le XCO et s'offre un premier titre mondial","isPartOf":{"@id":"https:\/\/dicodusport.fr\/blog\/#website"},"primaryImageOfPage":{"@id":"https:\/\/dicodusport.fr\/blog\/championnats-du-monde-de-vtt-2025-jenny-rissveds-remporte-le-xco-et-soffre-un-premier-titre-mondial\/#primaryimage"},"image":{"@id":"https:\/\/dicodusport.fr\/blog\/championnats-du-monde-de-vtt-2025-jenny-rissveds-remporte-le-xco-et-soffre-un-premier-titre-mondial\/#primaryimage"},"thumbnailUrl":"https:\/\/dicodusport.fr\/blog\/wp-content\/uploads\/2025\/09\/Championnats-du-monde-de-VTT-2025-Jenny-Rissveds-remporte-le-XCO-et-soffre-un-premier-titre-mondial-2.png","datePublished":"2025-09-13T13:25:42+00:00","dateModified":"2025-09-13T14:45:19+00:00","description":"CHAMPIONNATS DU MONDE DE VTT 2025 - En patronne, Jenny Rissveds est all\u00e9e chercher son premier titre mondial chez les \u00e9lites.","breadcrumb":{"@id":"https:\/\/dicodusport.fr\/blog\/championnats-du-monde-de-vtt-2025-jenny-rissveds-remporte-le-xco-et-soffre-un-premier-titre-mondial\/#breadcrumb"},"inLanguage":"fr-FR","potentialAction":[{"@type":"ReadAction","target":["https:\/\/dicodusport.fr\/blog\/championnats-du-monde-de-vtt-2025-jenny-rissveds-remporte-le-xco-et-soffre-un-premier-titre-mondial\/"]}]},{"@type":"ImageObject","inLanguage":"fr-FR","@id":"https:\/\/dicodusport.fr\/blog\/championnats-du-monde-de-vtt-2025-jenny-rissveds-remporte-le-xco-et-soffre-un-premier-titre-mondial\/#primaryimage","url":"https:\/\/dicodusport.fr\/blog\/wp-content\/uploads\/2025\/09\/Championnats-du-monde-de-VTT-2025-Jenny-Rissveds-remporte-le-XCO-et-soffre-un-premier-titre-mondial-2.png","contentUrl":"https:\/\/dicodusport.fr\/blog\/wp-content\/uploads\/2025\/09\/Championnats-du-monde-de-VTT-2025-Jenny-Rissveds-remporte-le-XCO-et-soffre-un-premier-titre-mondial-2.png","width":1200,"height":674,"caption":"Championnats du monde de VTT 2025 Jenny Rissveds remporte le XCO et s'offre un premier titre mondial"},{"@type":"BreadcrumbList","@id":"https:\/\/dicodusport.fr\/blog\/championnats-du-monde-de-vtt-2025-jenny-rissveds-remporte-le-xco-et-soffre-un-premier-titre-mondial\/#breadcrumb","itemListElement":[{"@type":"ListItem","position":1,"name":"Accueil","item":"https:\/\/dicodusport.fr\/blog\/"},{"@type":"ListItem","position":2,"name":"Championnats du monde de VTT 2025 : Jenny Rissveds remporte le XCO et s&rsquo;offre un premier titre mondial"}]},{"@type":"WebSite","@id":"https:\/\/dicodusport.fr\/blog\/#website","url":"https:\/\/dicodusport.fr\/blog\/","name":"Dicodusport","description":"L&#039;encyclop\u00e9die de l&#039;actualit\u00e9 sportive","publisher":{"@id":"https:\/\/dicodusport.fr\/blog\/#organization"},"potentialAction":[{"@type":"SearchAction","target":{"@type":"EntryPoint","urlTemplate":"https:\/\/dicodusport.fr\/blog\/?s={search_term_string}"},"query-input":{"@type":"PropertyValueSpecification","valueRequired":true,"valueName":"search_term_string"}}],"inLanguage":"fr-FR"},{"@type":"NewsMediaOrganization","@id":"https:\/\/dicodusport.fr\/blog\/#organization","name":"Dicodusport","url":"https:\/\/dicodusport.fr\/blog\/","logo":{"@type":"ImageObject","inLanguage":"fr-FR","@id":"https:\/\/dicodusport.fr\/blog\/#\/schema\/logo\/image\/","url":"https:\/\/dicodusport.fr\/blog\/wp-content\/uploads\/2020\/06\/cropped-LOGO-DICODUSPORT-2020-SANS-FOND-SANS-TEXTE.png","contentUrl":"https:\/\/dicodusport.fr\/blog\/wp-content\/uploads\/2020\/06\/cropped-LOGO-DICODUSPORT-2020-SANS-FOND-SANS-TEXTE.png","width":512,"height":512,"caption":"Dicodusport"},"image":{"@id":"https:\/\/dicodusport.fr\/blog\/#\/schema\/logo\/image\/"},"sameAs":["https:\/\/www.facebook.com\/dicodusport","https:\/\/x.com\/dicodusport","https:\/\/www.instagram.com\/dicodusport\/","https:\/\/www.youtube.com\/channel\/UC7V2KZ5sd3htJivAbA4ZG3w"],"description":"Dicodusport est l'encyclop\u00e9die de l'actualit\u00e9 sportive.","email":"bonjour@dicodusport.fr","legalName":"DICODUSPORT","foundingDate":"2018-01-14","vatID":"FR71834470973","taxID":"83447097300043","numberOfEmployees":{"@type":"QuantitativeValue","minValue":"1","maxValue":"10"}},{"@type":"Person","@id":"https:\/\/dicodusport.fr\/blog\/#\/schema\/person\/0eaf70b33d703a1a66b1155ac1bda018","name":"Pierre Gorce","image":{"@type":"ImageObject","inLanguage":"fr-FR","@id":"https:\/\/dicodusport.fr\/blog\/#\/schema\/person\/image\/","url":"https:\/\/dicodusport.fr\/blog\/wp-content\/uploads\/2022\/03\/IMG_20211214_233053_722-150x150.jpg","contentUrl":"https:\/\/dicodusport.fr\/blog\/wp-content\/uploads\/2022\/03\/IMG_20211214_233053_722-150x150.jpg","caption":"Pierre Gorce"},"description":"Couteau suisse venant tout droit de Haute-Savoie. Habitu\u00e9 \u00e0 regarder du sport depuis petit, j'en ai maintenant fait mon m\u00e9tier. Des sports d'hiver au surf, en passant par le tennis, la F1, le handball et l'athl\u00e9tisme, j'essaie d'avoir mes yeux sur l'enti\u00e8ret\u00e9 de l'actualit\u00e9. Jeune homme berc\u00e9 par les exploits de Jean-Baptiste Grange, Sebastian Vettel et des Experts. Membre de la g\u00e9n\u00e9ration 1999 comme Luka Doncic, Sydney McLaughlin, Lando Norris et Loana Lecomte, mais avec beaucoup moins de talent qu'eux.","sameAs":["https:\/\/x.com\/https:\/\/twitter.com\/pierregorce12"],"birthDate":"1999-08-29","url":"https:\/\/dicodusport.fr\/blog\/author\/pierreg\/"}]}},"_links":{"self":[{"href":"https:\/\/dicodusport.fr\/blog\/wp-json\/wp\/v2\/posts\/610517","targetHints":{"allow":["GET"]}}],"collection":[{"href":"https:\/\/dicodusport.fr\/blog\/wp-json\/wp\/v2\/posts"}],"about":[{"href":"https:\/\/dicodusport.fr\/blog\/wp-json\/wp\/v2\/types\/post"}],"author":[{"embeddable":true,"href":"https:\/\/dicodusport.fr\/blog\/wp-json\/wp\/v2\/users\/61"}],"replies":[{"embeddable":true,"href":"https:\/\/dicodusport.fr\/blog\/wp-json\/wp\/v2\/comments?post=610517"}],"version-history":[{"count":5,"href":"https:\/\/dicodusport.fr\/blog\/wp-json\/wp\/v2\/posts\/610517\/revisions"}],"predecessor-version":[{"id":610631,"href":"https:\/\/dicodusport.fr\/blog\/wp-json\/wp\/v2\/posts\/610517\/revisions\/610631"}],"wp:featuredmedia":[{"embeddable":true,"href":"https:\/\/dicodusport.fr\/blog\/wp-json\/wp\/v2\/media\/610629"}],"wp:attachment":[{"href":"https:\/\/dicodusport.fr\/blog\/wp-json\/wp\/v2\/media?parent=610517"}],"wp:term":[{"taxonomy":"category","embeddable":true,"href":"https:\/\/dicodusport.fr\/blog\/wp-json\/wp\/v2\/categories?post=610517"},{"taxonomy":"post_tag","embeddable":true,"href":"https:\/\/dicodusport.fr\/blog\/wp-json\/wp\/v2\/tags?post=610517"}],"curies":[{"name":"wp","href":"https:\/\/api.w.org\/{rel}","templated":true}]}}