{"id":610871,"date":"2025-09-14T15:06:54","date_gmt":"2025-09-14T13:06:54","guid":{"rendered":"https:\/\/dicodusport.fr\/blog\/?p=610871&#038;preview=true&#038;preview_id=610871"},"modified":"2025-09-14T16:11:54","modified_gmt":"2025-09-14T14:11:54","slug":"vtt-championnats-du-monde-2025-alan-hatherly-intouchable-sur-le-xco-victor-koretzky","status":"publish","type":"post","link":"https:\/\/dicodusport.fr\/blog\/vtt-championnats-du-monde-2025-alan-hatherly-intouchable-sur-le-xco-victor-koretzky\/","title":{"rendered":"VTT Championnats du monde 2025 : Alan Hatherly intouchable sur le XCO, Victor Koretzky arrache le podium"},"content":{"rendered":"<p style=\"text-align: justify;\"><strong><em>VTT CHAMPIONNATS DU MONDE 2025 &#8211; Imp\u00e9rial, Alan Hatherly a conserv\u00e9 sans coup f\u00e9rir son titre sur le XCO, alors que Victor Koretzky est revenu de nulle part pour arracher le bronze.\u00a0<\/em><\/strong><\/p>\n<ul style=\"text-align: justify;\">\n<li><strong>\u00c0 ce sujet &#8211; <a href=\"https:\/\/dicodusport.fr\/blog\/mondiaux-de-vtt-2025-programme-horaires-et-resultats\/\">VTT Championnats du monde 2025 : Programme, Horaires et R\u00e9sultats<\/a><\/strong><\/li>\n<\/ul>\n<p style=\"text-align: justify;\">Les Championnats du monde 2025 de VTT prenaient fin aujourd&rsquo;hui avec l&rsquo;\u00e9preuve reine, le format olympique hommes en cross-country. <a href=\"https:\/\/dicodusport.fr\/blog\/mondiaux-vtt-2024-victor-koretzky-vice-champion-du-monde-xco-alan-hatherly-sacre\/\">Le tenant du titre<\/a>, <strong>Alan Hatherly<\/strong>, \u00e9tait pr\u00e9sent, tout comme un certain<strong> Mathieu van der Poel<\/strong>, et la lutte s&rsquo;annon\u00e7ait exceptionnelle avec le probable futur gagnant de la Coupe du monde<strong> Christopher Blevins<\/strong>, et le d\u00e9sormais double champion du monde du XCC (et deuxi\u00e8me l&rsquo;an pass\u00e9), <strong>Victor Koretzky<\/strong>.<\/p>\n<div class=\"vlp-link-container vlp-layout-article\"><a href=\"https:\/\/dicodusport.fr\/blog\/vtt-championnats-du-monde-2025-victor-koretzky-conserve-son-titre-mondial-sur-le-xcc-mathis-azzaro-en-bronze\/\" class=\"vlp-link\" title=\"VTT Championnats du monde 2025 : Victor Koretzky conserve son titre mondial sur le XCC, Mathis Azzaro en bronze !\"><\/a><div class=\"vlp-layout-zone-side\"><div class=\"vlp-block-4 vlp-link-image\"><img loading=\"lazy\" decoding=\"async\" style=\"max-width: 792px;\" width=\"792\" height=\"445\" src=\"https:\/\/dicodusport.fr\/blog\/wp-content\/uploads\/2025\/09\/VTT-Championnats-du-monde-2025-Victor-Koretzky-conserve-son-titre-mondial-sur-le-XCC-Mathis-Azzaro-en-bronze-1-1.png\" class=\"attachment-800x445 size-800x445\" alt=\"VTT Championnats du monde 2025 Victor Koretzky conserve son titre mondial sur le XCC, Mathis Azzaro en bronze !\" srcset=\"https:\/\/dicodusport.fr\/blog\/wp-content\/uploads\/2025\/09\/VTT-Championnats-du-monde-2025-Victor-Koretzky-conserve-son-titre-mondial-sur-le-XCC-Mathis-Azzaro-en-bronze-1-1.png 1200w, https:\/\/dicodusport.fr\/blog\/wp-content\/uploads\/2025\/09\/VTT-Championnats-du-monde-2025-Victor-Koretzky-conserve-son-titre-mondial-sur-le-XCC-Mathis-Azzaro-en-bronze-1-1-300x169.png 300w, https:\/\/dicodusport.fr\/blog\/wp-content\/uploads\/2025\/09\/VTT-Championnats-du-monde-2025-Victor-Koretzky-conserve-son-titre-mondial-sur-le-XCC-Mathis-Azzaro-en-bronze-1-1-1024x575.png 1024w, https:\/\/dicodusport.fr\/blog\/wp-content\/uploads\/2025\/09\/VTT-Championnats-du-monde-2025-Victor-Koretzky-conserve-son-titre-mondial-sur-le-XCC-Mathis-Azzaro-en-bronze-1-1-768x431.png 768w\" sizes=\"auto, (max-width: 792px) 100vw, 792px\" \/><\/div><\/div><div class=\"vlp-layout-zone-main\"><div class=\"vlp-block-0 vlp-link-title\">VTT Championnats du monde 2025 : Victor Koretzky conserve son titre mondial sur le XCC, Mathis Azzaro en bronze !<\/div><div class=\"vlp-block-1 vlp-link-summary\">VTT CHAMPIONNATS DU MONDE 2025 - Succ\u00e8s total des Bleus sur le XCC, puisque Victor Koretzky a coiff\u00e9 Christopher Blevins au sprint pour conserver son titre, avec en prime le bronze de Mathis Azzaro.<\/div><div class=\"vlp-block-2 vlp-link-button\">Lire l'article<\/div><div class=\"vlp-block-3 vlp-link-url\">dicodusport.fr<\/div><\/div><\/div>\n<h2 style=\"text-align: justify;\">Hatherly impressionne<\/h2>\n<p style=\"text-align: justify;\">Tr\u00e8s vite, <strong>Koretzky<\/strong> s&rsquo;installait aux commandes de la course, imprimant un gros tempo pour cr\u00e9er une premi\u00e8re s\u00e9lection. Contraint de partir de loin, <strong>van der Poel<\/strong> devait remonter \u00e0 la force du jarret, une mission compliqu\u00e9e, pendant que <strong>Mathis Azzaro<\/strong>, bien parti, semblait perdre toutes ses illusions sur crevaison. En fin de premier tour, <strong>Koretzky<\/strong> et <strong>Blevins<\/strong> s&rsquo;\u00e9taient isol\u00e9s en t\u00eate, avec quelques secondes de marge sur un groupe d&rsquo;outsiders avec notamment <strong>Hatherly<\/strong>, <strong>Simon Andreassen<\/strong>, <strong>Mathias Fl\u00fcckiger<\/strong> et donc le N\u00e9erlandais.<\/p>\n<p style=\"text-align: justify;\">Un groupe de 10 se formait alors, et <strong>Alan Hatherly<\/strong> faisait alors le rythme. Le Sud-Africain se d\u00e9tachait irr\u00e9sistiblement, prenant 15 secondes en un tour, et <strong>Koretzky<\/strong> lan\u00e7ait la poursuite avec<strong> Luca Braidot,\u00a0<\/strong>mais emmenait dans son sillage le groupe des poursuivants, dont finissait par s&rsquo;extraire <strong>Mathias Fl\u00fcckiger<\/strong>. Au tiers de la course, le Suisse avait fait le trou pour l&rsquo;argent, et <strong>Koretzky<\/strong> tentait de se d\u00e9barrasser de ses comparses, dont ne faisait alors plus partie VDP.<\/p>\n<h2 style=\"text-align: justify;\">Le Roi Hatherly<\/h2>\n<p style=\"text-align: justify;\">Il semblait clair qu&rsquo;<strong>Alan Hatherly<\/strong>, sauf incident, avait course gagn\u00e9e. Mais la lutte faisait rage pour le podium, car <strong>Fl\u00fcckiger\u00a0<\/strong>se faisait reprendre par un groupe de contre, auquel appartenait <strong>Koretzky<\/strong>. Ils \u00e9taient six pour deux m\u00e9dailles, alors le Fran\u00e7ais tentait sa chance, sans succ\u00e8s. <strong>Fl\u00fcckiger\u00a0<\/strong>repartait dans l&rsquo;avant-dernier tour, poursuivi par<strong> Simone Avondetto <\/strong>et <strong>Luca Schatti<\/strong>, qui semblaient se jouer le podium.<\/p>\n<p style=\"text-align: justify;\"><strong>Alan Hatherly<\/strong> conserve donc son titre mondial, apr\u00e8s une course de patron dans laquelle il n&rsquo;aura eu aucun rival.<strong> Simone Avondetto<\/strong> a pris l&rsquo;argent en sortant dans le dernier tour, devant&#8230;<strong> Victor Koretzky<\/strong>, revenu du diable vauvert et qui venait sauter les Suisses dans la derni\u00e8re ligne droite. Une ultime m\u00e9daille pour cl\u00f4turer des Mondiaux r\u00e9ussis pour la d\u00e9l\u00e9gation fran\u00e7aise, qui termine en t\u00eate au tableau des m\u00e9dailles.<\/p>\n<p style=\"text-align: justify;\">\n","protected":false},"excerpt":{"rendered":"<p>VTT CHAMPIONNATS DU MONDE 2025 &#8211; Imp\u00e9rial, Alan Hatherly a conserv\u00e9 sans coup f\u00e9rir son titre sur le XCO, alors que Victor Koretzky est revenu de nulle part pour arracher le bronze.\u00a0<\/p>\n","protected":false},"author":59,"featured_media":610977,"comment_status":"open","ping_status":"closed","sticky":false,"template":"","format":"standard","meta":{"_acf_changed":false,"_daextam_enable_autolinks":"1","footnotes":""},"categories":[10279],"tags":[16878,18758,692],"class_list":["post-610871","post","type-post","status-publish","format-standard","has-post-thumbnail","hentry","category-vtt","tag-breve","tag-championnats-du-monde-de-vtt","tag-vtt"],"acf":[],"yoast_head":"<!-- This site is optimized with the Yoast SEO Premium plugin v26.7 (Yoast SEO v26.7) - https:\/\/yoast.com\/wordpress\/plugins\/seo\/ -->\n<title>VTT Championnats du monde 2025 : Alan Hatherly intouchable sur le XCO, Victor Koretzky arrache le podium<\/title>\n<meta name=\"description\" content=\"VTT CHAMPIONNATS DU MONDE 2025 - Imp\u00e9rial, Alan Hatherly a conserv\u00e9 sans coup f\u00e9rir son titre sur le XCO, alors que Victor Koretzky est revenu de nulle part pour arracher le bronze.\u00a0\" \/>\n<meta name=\"robots\" content=\"index, follow, max-snippet:-1, max-image-preview:large, max-video-preview:-1\" \/>\n<link rel=\"canonical\" href=\"https:\/\/dicodusport.fr\/blog\/vtt-championnats-du-monde-2025-alan-hatherly-intouchable-sur-le-xco-victor-koretzky\/\" \/>\n<meta property=\"og:locale\" content=\"fr_FR\" \/>\n<meta property=\"og:type\" content=\"article\" \/>\n<meta property=\"og:title\" content=\"VTT Championnats du monde 2025 : Alan Hatherly intouchable sur le XCO, Victor Koretzky arrache le podium\" \/>\n<meta property=\"og:description\" content=\"VTT CHAMPIONNATS DU MONDE 2025 - Imp\u00e9rial, Alan Hatherly a conserv\u00e9 sans coup f\u00e9rir son titre sur le XCO, alors que Victor Koretzky est revenu de nulle part pour arracher le bronze.\u00a0\" \/>\n<meta property=\"og:url\" content=\"https:\/\/dicodusport.fr\/blog\/vtt-championnats-du-monde-2025-alan-hatherly-intouchable-sur-le-xco-victor-koretzky\/\" \/>\n<meta property=\"og:site_name\" content=\"Dicodusport\" \/>\n<meta property=\"article:publisher\" content=\"https:\/\/www.facebook.com\/dicodusport\" \/>\n<meta property=\"article:author\" content=\"https:\/\/www.facebook.com\/sebastien.gente\/\" \/>\n<meta property=\"article:published_time\" content=\"2025-09-14T13:06:54+00:00\" \/>\n<meta property=\"article:modified_time\" content=\"2025-09-14T14:11:54+00:00\" \/>\n<meta property=\"og:image\" content=\"https:\/\/dicodusport.fr\/blog\/wp-content\/uploads\/2025\/09\/VTT-Championnats-du-monde-2025-Alan-Hatherly-intouchable-sur-le-XCO-Victor-Koretzky-arrache-le-podium.png\" \/>\n\t<meta property=\"og:image:width\" content=\"1200\" \/>\n\t<meta property=\"og:image:height\" content=\"674\" \/>\n\t<meta property=\"og:image:type\" content=\"image\/png\" \/>\n<meta name=\"author\" content=\"S\u00e9bastien Gente\" \/>\n<meta name=\"twitter:card\" content=\"summary_large_image\" \/>\n<meta name=\"twitter:title\" content=\"VTT Championnats du monde 2025 : Alan Hatherly intouchable sur le XCO, Victor Koretzky arrache le podium\" \/>\n<meta name=\"twitter:creator\" content=\"@https:\/\/twitter.com\/globulo24\" \/>\n<meta name=\"twitter:site\" content=\"@dicodusport\" \/>\n<script type=\"application\/ld+json\" class=\"yoast-schema-graph\">{\"@context\":\"https:\/\/schema.org\",\"@graph\":[{\"@type\":\"NewsArticle\",\"@id\":\"https:\/\/dicodusport.fr\/blog\/vtt-championnats-du-monde-2025-alan-hatherly-intouchable-sur-le-xco-victor-koretzky\/#article\",\"isPartOf\":{\"@id\":\"https:\/\/dicodusport.fr\/blog\/vtt-championnats-du-monde-2025-alan-hatherly-intouchable-sur-le-xco-victor-koretzky\/\"},\"author\":{\"name\":\"S\u00e9bastien Gente\",\"@id\":\"https:\/\/dicodusport.fr\/blog\/#\/schema\/person\/627966a6cde45dbd8c5e36ac85d783da\"},\"headline\":\"VTT Championnats du monde 2025 : Alan Hatherly intouchable sur le XCO, Victor Koretzky arrache le podium\",\"datePublished\":\"2025-09-14T13:06:54+00:00\",\"dateModified\":\"2025-09-14T14:11:54+00:00\",\"mainEntityOfPage\":{\"@id\":\"https:\/\/dicodusport.fr\/blog\/vtt-championnats-du-monde-2025-alan-hatherly-intouchable-sur-le-xco-victor-koretzky\/\"},\"wordCount\":569,\"commentCount\":0,\"publisher\":{\"@id\":\"https:\/\/dicodusport.fr\/blog\/#organization\"},\"image\":{\"@id\":\"https:\/\/dicodusport.fr\/blog\/vtt-championnats-du-monde-2025-alan-hatherly-intouchable-sur-le-xco-victor-koretzky\/#primaryimage\"},\"thumbnailUrl\":\"https:\/\/dicodusport.fr\/blog\/wp-content\/uploads\/2025\/09\/VTT-Championnats-du-monde-2025-Alan-Hatherly-intouchable-sur-le-XCO-Victor-Koretzky-arrache-le-podium.png\",\"keywords\":[\"br\u00e8ve\",\"Championnats du monde de VTT\",\"VTT\"],\"articleSection\":[\"VTT\"],\"inLanguage\":\"fr-FR\",\"potentialAction\":[{\"@type\":\"CommentAction\",\"name\":\"Comment\",\"target\":[\"https:\/\/dicodusport.fr\/blog\/vtt-championnats-du-monde-2025-alan-hatherly-intouchable-sur-le-xco-victor-koretzky\/#respond\"]}],\"copyrightYear\":\"2025\",\"copyrightHolder\":{\"@id\":\"https:\/\/dicodusport.fr\/blog\/#organization\"}},{\"@type\":\"WebPage\",\"@id\":\"https:\/\/dicodusport.fr\/blog\/vtt-championnats-du-monde-2025-alan-hatherly-intouchable-sur-le-xco-victor-koretzky\/\",\"url\":\"https:\/\/dicodusport.fr\/blog\/vtt-championnats-du-monde-2025-alan-hatherly-intouchable-sur-le-xco-victor-koretzky\/\",\"name\":\"VTT Championnats du monde 2025 : Alan Hatherly intouchable sur le XCO, Victor Koretzky arrache le podium\",\"isPartOf\":{\"@id\":\"https:\/\/dicodusport.fr\/blog\/#website\"},\"primaryImageOfPage\":{\"@id\":\"https:\/\/dicodusport.fr\/blog\/vtt-championnats-du-monde-2025-alan-hatherly-intouchable-sur-le-xco-victor-koretzky\/#primaryimage\"},\"image\":{\"@id\":\"https:\/\/dicodusport.fr\/blog\/vtt-championnats-du-monde-2025-alan-hatherly-intouchable-sur-le-xco-victor-koretzky\/#primaryimage\"},\"thumbnailUrl\":\"https:\/\/dicodusport.fr\/blog\/wp-content\/uploads\/2025\/09\/VTT-Championnats-du-monde-2025-Alan-Hatherly-intouchable-sur-le-XCO-Victor-Koretzky-arrache-le-podium.png\",\"datePublished\":\"2025-09-14T13:06:54+00:00\",\"dateModified\":\"2025-09-14T14:11:54+00:00\",\"description\":\"VTT CHAMPIONNATS DU MONDE 2025 - Imp\u00e9rial, Alan Hatherly a conserv\u00e9 sans coup f\u00e9rir son titre sur le XCO, alors que Victor Koretzky est revenu de nulle part pour arracher le bronze.\u00a0\",\"breadcrumb\":{\"@id\":\"https:\/\/dicodusport.fr\/blog\/vtt-championnats-du-monde-2025-alan-hatherly-intouchable-sur-le-xco-victor-koretzky\/#breadcrumb\"},\"inLanguage\":\"fr-FR\",\"potentialAction\":[{\"@type\":\"ReadAction\",\"target\":[\"https:\/\/dicodusport.fr\/blog\/vtt-championnats-du-monde-2025-alan-hatherly-intouchable-sur-le-xco-victor-koretzky\/\"]}]},{\"@type\":\"ImageObject\",\"inLanguage\":\"fr-FR\",\"@id\":\"https:\/\/dicodusport.fr\/blog\/vtt-championnats-du-monde-2025-alan-hatherly-intouchable-sur-le-xco-victor-koretzky\/#primaryimage\",\"url\":\"https:\/\/dicodusport.fr\/blog\/wp-content\/uploads\/2025\/09\/VTT-Championnats-du-monde-2025-Alan-Hatherly-intouchable-sur-le-XCO-Victor-Koretzky-arrache-le-podium.png\",\"contentUrl\":\"https:\/\/dicodusport.fr\/blog\/wp-content\/uploads\/2025\/09\/VTT-Championnats-du-monde-2025-Alan-Hatherly-intouchable-sur-le-XCO-Victor-Koretzky-arrache-le-podium.png\",\"width\":1200,\"height\":674,\"caption\":\"VTT Championnats du monde 2025 Alan Hatherly intouchable sur le XCO, Victor Koretzky arrache le podium\"},{\"@type\":\"BreadcrumbList\",\"@id\":\"https:\/\/dicodusport.fr\/blog\/vtt-championnats-du-monde-2025-alan-hatherly-intouchable-sur-le-xco-victor-koretzky\/#breadcrumb\",\"itemListElement\":[{\"@type\":\"ListItem\",\"position\":1,\"name\":\"Accueil\",\"item\":\"https:\/\/dicodusport.fr\/blog\/\"},{\"@type\":\"ListItem\",\"position\":2,\"name\":\"VTT Championnats du monde 2025 : Alan Hatherly intouchable sur le XCO, Victor Koretzky arrache le podium\"}]},{\"@type\":\"WebSite\",\"@id\":\"https:\/\/dicodusport.fr\/blog\/#website\",\"url\":\"https:\/\/dicodusport.fr\/blog\/\",\"name\":\"Dicodusport\",\"description\":\"L&#039;encyclop\u00e9die de l&#039;actualit\u00e9 sportive\",\"publisher\":{\"@id\":\"https:\/\/dicodusport.fr\/blog\/#organization\"},\"potentialAction\":[{\"@type\":\"SearchAction\",\"target\":{\"@type\":\"EntryPoint\",\"urlTemplate\":\"https:\/\/dicodusport.fr\/blog\/?s={search_term_string}\"},\"query-input\":{\"@type\":\"PropertyValueSpecification\",\"valueRequired\":true,\"valueName\":\"search_term_string\"}}],\"inLanguage\":\"fr-FR\"},{\"@type\":\"NewsMediaOrganization\",\"@id\":\"https:\/\/dicodusport.fr\/blog\/#organization\",\"name\":\"Dicodusport\",\"url\":\"https:\/\/dicodusport.fr\/blog\/\",\"logo\":{\"@type\":\"ImageObject\",\"inLanguage\":\"fr-FR\",\"@id\":\"https:\/\/dicodusport.fr\/blog\/#\/schema\/logo\/image\/\",\"url\":\"https:\/\/dicodusport.fr\/blog\/wp-content\/uploads\/2020\/06\/cropped-LOGO-DICODUSPORT-2020-SANS-FOND-SANS-TEXTE.png\",\"contentUrl\":\"https:\/\/dicodusport.fr\/blog\/wp-content\/uploads\/2020\/06\/cropped-LOGO-DICODUSPORT-2020-SANS-FOND-SANS-TEXTE.png\",\"width\":512,\"height\":512,\"caption\":\"Dicodusport\"},\"image\":{\"@id\":\"https:\/\/dicodusport.fr\/blog\/#\/schema\/logo\/image\/\"},\"sameAs\":[\"https:\/\/www.facebook.com\/dicodusport\",\"https:\/\/x.com\/dicodusport\",\"https:\/\/www.instagram.com\/dicodusport\/\",\"https:\/\/www.youtube.com\/channel\/UC7V2KZ5sd3htJivAbA4ZG3w\"],\"description\":\"Dicodusport est l'encyclop\u00e9die de l'actualit\u00e9 sportive.\",\"email\":\"bonjour@dicodusport.fr\",\"legalName\":\"DICODUSPORT\",\"foundingDate\":\"2018-01-14\",\"vatID\":\"FR71834470973\",\"taxID\":\"83447097300043\",\"numberOfEmployees\":{\"@type\":\"QuantitativeValue\",\"minValue\":\"1\",\"maxValue\":\"10\"}},{\"@type\":\"Person\",\"@id\":\"https:\/\/dicodusport.fr\/blog\/#\/schema\/person\/627966a6cde45dbd8c5e36ac85d783da\",\"name\":\"S\u00e9bastien Gente\",\"image\":{\"@type\":\"ImageObject\",\"inLanguage\":\"fr-FR\",\"@id\":\"https:\/\/dicodusport.fr\/blog\/#\/schema\/person\/image\/\",\"url\":\"https:\/\/dicodusport.fr\/blog\/wp-content\/uploads\/2021\/09\/1510990_10205810251400683_4124423575079401707_n-150x150.jpg\",\"contentUrl\":\"https:\/\/dicodusport.fr\/blog\/wp-content\/uploads\/2021\/09\/1510990_10205810251400683_4124423575079401707_n-150x150.jpg\",\"caption\":\"S\u00e9bastien Gente\"},\"description\":\"John Stockton, Gianni Bugno, Zinedine Zidane, Steffi Graf, Frode Andresen, St\u00e9phane Stoecklin, Davis Kamoga, Primoz Peterka, Werner Schlager et Aur\u00e9lien Rougerie. Point commun entre ces sportifs? Ils m'ont fait r\u00eaver et ont berc\u00e9 mon adolescence. Je suis un fondu de sports et j'essaie de retranscrire ma passion \u00e0 travers mes articles. Originaire du P\u00e9rigord, ma passion pour les Girondins, les Jaunards et les Jazzmen transpire dans mes \u00e9crits. \u00c0 Dicodusport depuis 2021, je d\u00e9niche les sports m\u00e9connus dans lesquels la France brille, et il y en a !\",\"sameAs\":[\"https:\/\/www.facebook.com\/sebastien.gente\/\",\"https:\/\/www.instagram.com\/sebgente\/\",\"https:\/\/www.linkedin.com\/in\/sbastien-gente-a29583169\/\",\"https:\/\/x.com\/https:\/\/twitter.com\/globulo24\",\"SebastienGente\"],\"worksFor\":\"S\u00e9bastien GENTE\",\"url\":\"https:\/\/dicodusport.fr\/blog\/author\/sebastiengente\/\"}]}<\/script>\n<!-- \/ Yoast SEO Premium plugin. -->","yoast_head_json":{"title":"VTT Championnats du monde 2025 : Alan Hatherly intouchable sur le XCO, Victor Koretzky arrache le podium","description":"VTT CHAMPIONNATS DU MONDE 2025 - Imp\u00e9rial, Alan Hatherly a conserv\u00e9 sans coup f\u00e9rir son titre sur le XCO, alors que Victor Koretzky est revenu de nulle part pour arracher le bronze.\u00a0","robots":{"index":"index","follow":"follow","max-snippet":"max-snippet:-1","max-image-preview":"max-image-preview:large","max-video-preview":"max-video-preview:-1"},"canonical":"https:\/\/dicodusport.fr\/blog\/vtt-championnats-du-monde-2025-alan-hatherly-intouchable-sur-le-xco-victor-koretzky\/","og_locale":"fr_FR","og_type":"article","og_title":"VTT Championnats du monde 2025 : Alan Hatherly intouchable sur le XCO, Victor Koretzky arrache le podium","og_description":"VTT CHAMPIONNATS DU MONDE 2025 - Imp\u00e9rial, Alan Hatherly a conserv\u00e9 sans coup f\u00e9rir son titre sur le XCO, alors que Victor Koretzky est revenu de nulle part pour arracher le bronze.\u00a0","og_url":"https:\/\/dicodusport.fr\/blog\/vtt-championnats-du-monde-2025-alan-hatherly-intouchable-sur-le-xco-victor-koretzky\/","og_site_name":"Dicodusport","article_publisher":"https:\/\/www.facebook.com\/dicodusport","article_author":"https:\/\/www.facebook.com\/sebastien.gente\/","article_published_time":"2025-09-14T13:06:54+00:00","article_modified_time":"2025-09-14T14:11:54+00:00","og_image":[{"width":1200,"height":674,"url":"https:\/\/dicodusport.fr\/blog\/wp-content\/uploads\/2025\/09\/VTT-Championnats-du-monde-2025-Alan-Hatherly-intouchable-sur-le-XCO-Victor-Koretzky-arrache-le-podium.png","type":"image\/png"}],"author":"S\u00e9bastien Gente","twitter_card":"summary_large_image","twitter_title":"VTT Championnats du monde 2025 : Alan Hatherly intouchable sur le XCO, Victor Koretzky arrache le podium","twitter_creator":"@https:\/\/twitter.com\/globulo24","twitter_site":"@dicodusport","schema":{"@context":"https:\/\/schema.org","@graph":[{"@type":"NewsArticle","@id":"https:\/\/dicodusport.fr\/blog\/vtt-championnats-du-monde-2025-alan-hatherly-intouchable-sur-le-xco-victor-koretzky\/#article","isPartOf":{"@id":"https:\/\/dicodusport.fr\/blog\/vtt-championnats-du-monde-2025-alan-hatherly-intouchable-sur-le-xco-victor-koretzky\/"},"author":{"name":"S\u00e9bastien Gente","@id":"https:\/\/dicodusport.fr\/blog\/#\/schema\/person\/627966a6cde45dbd8c5e36ac85d783da"},"headline":"VTT Championnats du monde 2025 : Alan Hatherly intouchable sur le XCO, Victor Koretzky arrache le podium","datePublished":"2025-09-14T13:06:54+00:00","dateModified":"2025-09-14T14:11:54+00:00","mainEntityOfPage":{"@id":"https:\/\/dicodusport.fr\/blog\/vtt-championnats-du-monde-2025-alan-hatherly-intouchable-sur-le-xco-victor-koretzky\/"},"wordCount":569,"commentCount":0,"publisher":{"@id":"https:\/\/dicodusport.fr\/blog\/#organization"},"image":{"@id":"https:\/\/dicodusport.fr\/blog\/vtt-championnats-du-monde-2025-alan-hatherly-intouchable-sur-le-xco-victor-koretzky\/#primaryimage"},"thumbnailUrl":"https:\/\/dicodusport.fr\/blog\/wp-content\/uploads\/2025\/09\/VTT-Championnats-du-monde-2025-Alan-Hatherly-intouchable-sur-le-XCO-Victor-Koretzky-arrache-le-podium.png","keywords":["br\u00e8ve","Championnats du monde de VTT","VTT"],"articleSection":["VTT"],"inLanguage":"fr-FR","potentialAction":[{"@type":"CommentAction","name":"Comment","target":["https:\/\/dicodusport.fr\/blog\/vtt-championnats-du-monde-2025-alan-hatherly-intouchable-sur-le-xco-victor-koretzky\/#respond"]}],"copyrightYear":"2025","copyrightHolder":{"@id":"https:\/\/dicodusport.fr\/blog\/#organization"}},{"@type":"WebPage","@id":"https:\/\/dicodusport.fr\/blog\/vtt-championnats-du-monde-2025-alan-hatherly-intouchable-sur-le-xco-victor-koretzky\/","url":"https:\/\/dicodusport.fr\/blog\/vtt-championnats-du-monde-2025-alan-hatherly-intouchable-sur-le-xco-victor-koretzky\/","name":"VTT Championnats du monde 2025 : Alan Hatherly intouchable sur le XCO, Victor Koretzky arrache le podium","isPartOf":{"@id":"https:\/\/dicodusport.fr\/blog\/#website"},"primaryImageOfPage":{"@id":"https:\/\/dicodusport.fr\/blog\/vtt-championnats-du-monde-2025-alan-hatherly-intouchable-sur-le-xco-victor-koretzky\/#primaryimage"},"image":{"@id":"https:\/\/dicodusport.fr\/blog\/vtt-championnats-du-monde-2025-alan-hatherly-intouchable-sur-le-xco-victor-koretzky\/#primaryimage"},"thumbnailUrl":"https:\/\/dicodusport.fr\/blog\/wp-content\/uploads\/2025\/09\/VTT-Championnats-du-monde-2025-Alan-Hatherly-intouchable-sur-le-XCO-Victor-Koretzky-arrache-le-podium.png","datePublished":"2025-09-14T13:06:54+00:00","dateModified":"2025-09-14T14:11:54+00:00","description":"VTT CHAMPIONNATS DU MONDE 2025 - Imp\u00e9rial, Alan Hatherly a conserv\u00e9 sans coup f\u00e9rir son titre sur le XCO, alors que Victor Koretzky est revenu de nulle part pour arracher le bronze.\u00a0","breadcrumb":{"@id":"https:\/\/dicodusport.fr\/blog\/vtt-championnats-du-monde-2025-alan-hatherly-intouchable-sur-le-xco-victor-koretzky\/#breadcrumb"},"inLanguage":"fr-FR","potentialAction":[{"@type":"ReadAction","target":["https:\/\/dicodusport.fr\/blog\/vtt-championnats-du-monde-2025-alan-hatherly-intouchable-sur-le-xco-victor-koretzky\/"]}]},{"@type":"ImageObject","inLanguage":"fr-FR","@id":"https:\/\/dicodusport.fr\/blog\/vtt-championnats-du-monde-2025-alan-hatherly-intouchable-sur-le-xco-victor-koretzky\/#primaryimage","url":"https:\/\/dicodusport.fr\/blog\/wp-content\/uploads\/2025\/09\/VTT-Championnats-du-monde-2025-Alan-Hatherly-intouchable-sur-le-XCO-Victor-Koretzky-arrache-le-podium.png","contentUrl":"https:\/\/dicodusport.fr\/blog\/wp-content\/uploads\/2025\/09\/VTT-Championnats-du-monde-2025-Alan-Hatherly-intouchable-sur-le-XCO-Victor-Koretzky-arrache-le-podium.png","width":1200,"height":674,"caption":"VTT Championnats du monde 2025 Alan Hatherly intouchable sur le XCO, Victor Koretzky arrache le podium"},{"@type":"BreadcrumbList","@id":"https:\/\/dicodusport.fr\/blog\/vtt-championnats-du-monde-2025-alan-hatherly-intouchable-sur-le-xco-victor-koretzky\/#breadcrumb","itemListElement":[{"@type":"ListItem","position":1,"name":"Accueil","item":"https:\/\/dicodusport.fr\/blog\/"},{"@type":"ListItem","position":2,"name":"VTT Championnats du monde 2025 : Alan Hatherly intouchable sur le XCO, Victor Koretzky arrache le podium"}]},{"@type":"WebSite","@id":"https:\/\/dicodusport.fr\/blog\/#website","url":"https:\/\/dicodusport.fr\/blog\/","name":"Dicodusport","description":"L&#039;encyclop\u00e9die de l&#039;actualit\u00e9 sportive","publisher":{"@id":"https:\/\/dicodusport.fr\/blog\/#organization"},"potentialAction":[{"@type":"SearchAction","target":{"@type":"EntryPoint","urlTemplate":"https:\/\/dicodusport.fr\/blog\/?s={search_term_string}"},"query-input":{"@type":"PropertyValueSpecification","valueRequired":true,"valueName":"search_term_string"}}],"inLanguage":"fr-FR"},{"@type":"NewsMediaOrganization","@id":"https:\/\/dicodusport.fr\/blog\/#organization","name":"Dicodusport","url":"https:\/\/dicodusport.fr\/blog\/","logo":{"@type":"ImageObject","inLanguage":"fr-FR","@id":"https:\/\/dicodusport.fr\/blog\/#\/schema\/logo\/image\/","url":"https:\/\/dicodusport.fr\/blog\/wp-content\/uploads\/2020\/06\/cropped-LOGO-DICODUSPORT-2020-SANS-FOND-SANS-TEXTE.png","contentUrl":"https:\/\/dicodusport.fr\/blog\/wp-content\/uploads\/2020\/06\/cropped-LOGO-DICODUSPORT-2020-SANS-FOND-SANS-TEXTE.png","width":512,"height":512,"caption":"Dicodusport"},"image":{"@id":"https:\/\/dicodusport.fr\/blog\/#\/schema\/logo\/image\/"},"sameAs":["https:\/\/www.facebook.com\/dicodusport","https:\/\/x.com\/dicodusport","https:\/\/www.instagram.com\/dicodusport\/","https:\/\/www.youtube.com\/channel\/UC7V2KZ5sd3htJivAbA4ZG3w"],"description":"Dicodusport est l'encyclop\u00e9die de l'actualit\u00e9 sportive.","email":"bonjour@dicodusport.fr","legalName":"DICODUSPORT","foundingDate":"2018-01-14","vatID":"FR71834470973","taxID":"83447097300043","numberOfEmployees":{"@type":"QuantitativeValue","minValue":"1","maxValue":"10"}},{"@type":"Person","@id":"https:\/\/dicodusport.fr\/blog\/#\/schema\/person\/627966a6cde45dbd8c5e36ac85d783da","name":"S\u00e9bastien Gente","image":{"@type":"ImageObject","inLanguage":"fr-FR","@id":"https:\/\/dicodusport.fr\/blog\/#\/schema\/person\/image\/","url":"https:\/\/dicodusport.fr\/blog\/wp-content\/uploads\/2021\/09\/1510990_10205810251400683_4124423575079401707_n-150x150.jpg","contentUrl":"https:\/\/dicodusport.fr\/blog\/wp-content\/uploads\/2021\/09\/1510990_10205810251400683_4124423575079401707_n-150x150.jpg","caption":"S\u00e9bastien Gente"},"description":"John Stockton, Gianni Bugno, Zinedine Zidane, Steffi Graf, Frode Andresen, St\u00e9phane Stoecklin, Davis Kamoga, Primoz Peterka, Werner Schlager et Aur\u00e9lien Rougerie. Point commun entre ces sportifs? Ils m'ont fait r\u00eaver et ont berc\u00e9 mon adolescence. Je suis un fondu de sports et j'essaie de retranscrire ma passion \u00e0 travers mes articles. Originaire du P\u00e9rigord, ma passion pour les Girondins, les Jaunards et les Jazzmen transpire dans mes \u00e9crits. \u00c0 Dicodusport depuis 2021, je d\u00e9niche les sports m\u00e9connus dans lesquels la France brille, et il y en a !","sameAs":["https:\/\/www.facebook.com\/sebastien.gente\/","https:\/\/www.instagram.com\/sebgente\/","https:\/\/www.linkedin.com\/in\/sbastien-gente-a29583169\/","https:\/\/x.com\/https:\/\/twitter.com\/globulo24","SebastienGente"],"worksFor":"S\u00e9bastien GENTE","url":"https:\/\/dicodusport.fr\/blog\/author\/sebastiengente\/"}]}},"_links":{"self":[{"href":"https:\/\/dicodusport.fr\/blog\/wp-json\/wp\/v2\/posts\/610871","targetHints":{"allow":["GET"]}}],"collection":[{"href":"https:\/\/dicodusport.fr\/blog\/wp-json\/wp\/v2\/posts"}],"about":[{"href":"https:\/\/dicodusport.fr\/blog\/wp-json\/wp\/v2\/types\/post"}],"author":[{"embeddable":true,"href":"https:\/\/dicodusport.fr\/blog\/wp-json\/wp\/v2\/users\/59"}],"replies":[{"embeddable":true,"href":"https:\/\/dicodusport.fr\/blog\/wp-json\/wp\/v2\/comments?post=610871"}],"version-history":[{"count":2,"href":"https:\/\/dicodusport.fr\/blog\/wp-json\/wp\/v2\/posts\/610871\/revisions"}],"predecessor-version":[{"id":610938,"href":"https:\/\/dicodusport.fr\/blog\/wp-json\/wp\/v2\/posts\/610871\/revisions\/610938"}],"wp:featuredmedia":[{"embeddable":true,"href":"https:\/\/dicodusport.fr\/blog\/wp-json\/wp\/v2\/media\/610977"}],"wp:attachment":[{"href":"https:\/\/dicodusport.fr\/blog\/wp-json\/wp\/v2\/media?parent=610871"}],"wp:term":[{"taxonomy":"category","embeddable":true,"href":"https:\/\/dicodusport.fr\/blog\/wp-json\/wp\/v2\/categories?post=610871"},{"taxonomy":"post_tag","embeddable":true,"href":"https:\/\/dicodusport.fr\/blog\/wp-json\/wp\/v2\/tags?post=610871"}],"curies":[{"name":"wp","href":"https:\/\/api.w.org\/{rel}","templated":true}]}}